{"id":349092,"date":"2016-01-28T00:00:00","date_gmt":"2016-01-28T04:00:00","guid":{"rendered":"https:\/\/casadecampoliving.com\/vin-diesel-hace-su-aparicion-en-la-gala-esplendor-magico\/"},"modified":"2022-10-21T18:58:23","modified_gmt":"2022-10-21T22:58:23","slug":"vin-diesel-hace-su-aparicion-en-la-gala-esplendor-magico","status":"publish","type":"post","link":"https:\/\/casadecampoliving.com\/es\/vin-diesel-hace-su-aparicion-en-la-gala-esplendor-magico\/","title":{"rendered":"Vin Diesel hace su aparici\u00f3n en la Gala Esplendor M\u00e1gico"},"content":{"rendered":"<div class=\"wp-block-image\">\n<figure class=\"aligncenter is-resized\"><img loading=\"lazy\" decoding=\"async\" src=\"https:\/\/i0.wp.com\/casadecampoliving.com\/wp-content\/uploads\/2022\/10\/Vin-Diesel-and-Children-at-the-Magical-Splendor-Gala.jpg?resize=650%2C400&amp;ssl=1\" alt=\"Vin Diesel and Children at the Magical Splendor Gala\" class=\"wp-image-116451\" height=\"400\" width=\"650\"\/><\/figure>\n<\/div>\n\n\n<p><\/p>\n\n\n\n<p><span style=\"font-weight: 400;\">Vin Diesel pas\u00f3 a saludarnos&nbsp;en&nbsp;la Gala Esplendor M\u00e1gico. El encantador actor y productor pos\u00f3 para fotos con los ni\u00f1os de la Fundaci\u00f3n MIR, Lyanne Fanjul, e invitados que asistieron a la cena y desfile de moda.<\/span><\/p>\n\n\n\n<!--more-->\n\n\n<div class=\"wp-block-image\">\n<figure class=\"aligncenter is-resized\"><img loading=\"lazy\" decoding=\"async\" src=\"https:\/\/i0.wp.com\/casadecampoliving.com\/wp-content\/uploads\/2022\/10\/Vin-Diesel-and-Lyanne-Azqueta.jpg?resize=650%2C400&amp;ssl=1\" alt=\"Vin Diesel and Lyanne Azqueta\" class=\"wp-image-116447\" height=\"400\" width=\"650\"\/><\/figure>\n<\/div>\n\n<div class=\"wp-block-image\">\n<figure class=\"alignright is-resized\"><img loading=\"lazy\" decoding=\"async\" src=\"https:\/\/i0.wp.com\/casadecampoliving.com\/wp-content\/uploads\/2022\/10\/Vin-Diesel-and-Mariana-Heredia-198x300-2.jpg?resize=232%2C351&amp;ssl=1\" alt=\"Vin Diesel and Mariana Heredia\" class=\"wp-image-116448\" height=\"351\" width=\"232\"\/><\/figure>\n<\/div>\n\n\n<p><span style=\"font-weight: 400;\">Nuestra afortunada fot\u00f3grafa, Mariana Heredia, esta vez decidi\u00f3 ponerse frente al lente para&nbsp;tomarse una foto con el guap\u00edsimo actor.<\/span><\/p>\n\n\n\n<p><span style=\"font-weight: 400;\">Vin Diesel&nbsp;est\u00e1 aqu\u00ed en Casa de Campo realizando un duro entrenamiento para su pr\u00f3ximo papel, Xander Cage. \u00a1Tan s\u00f3lo tienes&nbsp;que ver los cientos de miles de <\/span><i><span style=\"font-weight: 400;\">me gusta<\/span><\/i><span style=\"font-weight: 400;\"> que recibe a diario en Instagram y sabr\u00e1s de lo que estamos hablando!<\/span><\/p>\n\n\n\n<p><span style=\"font-weight: 400;\">A\u00fan a sus&nbsp;49, no hay quien detenga a este&nbsp;<em>R\u00e1pido&nbsp;y Furioso<\/em> actor; la m\u00e1s reciente secuela de la franquicia <em>Fast &amp; Furious<\/em> se anunci\u00f3 a principios de 2015.<\/span><\/p>\n\n\n\n<p>Justo antes de la Gala lo vimos en otros lugares alrededor de Casa y esta no es la primera vez que nos visita. De un vistazo a continuaci\u00f3n a nuestros &nbsp;art\u00edculos anteriores &nbsp;de los distintos viajes de Vin Diesel a nuestro peque\u00f1o pedazo de para\u00edso. \u00a1Esperamos que disfrute de su estancia y regresa pronto Vin !<\/p>\n\n\n\n<blockquote><p style=\"text-align: center;\"><a href=\"https:\/\/casadecampoliving.com\/es\/vin-diesel-entrenando-en-casa\/\"><strong>\u00a1Vin Diesel entrenando para Xander en&nbsp;Casa!<\/strong><\/a><\/p><figure><img decoding=\"async\" loading=\"lazy\" class=\"aligncenter size-full wp-image-116375\" src=\"https:\/\/i0.wp.com\/casadecampoliving.com\/wp-content\/uploads\/2022\/10\/Vin-Diesel-in-Casa-2016.jpg?resize=650%2C400&amp;ssl=1\" alt=\"Vin Diesel in Casa 2016\" width=\"650\" height=\"400\"><\/figure><\/blockquote>\n\n\n\n<blockquote><p style=\"text-align: center;\"><a href=\"https:\/\/casadecampoliving.com\/es\/vin-diesel-luce-musculoso-en-la-playa-en-casa-de-campo\/\"><strong>Vin Diesel luce musculoso en la playa en Casa de Campo<\/strong><\/a><\/p><figure><img decoding=\"async\" loading=\"lazy\" class=\"aligncenter size-full wp-image-116458\" src=\"https:\/\/i0.wp.com\/casadecampoliving.com\/wp-content\/uploads\/2022\/10\/Vin-Diesel-at-Minitas-Beach.jpg?resize=650%2C400&amp;ssl=1\" alt=\"Vin Diesel at Minitas Beach\" width=\"650\" height=\"400\"><\/figure><\/blockquote>\n\n\n\n<blockquote><p style=\"text-align: center;\"><a href=\"https:\/\/casadecampoliving.com\/es\/vin-diesel-casa-de-campo-2\/\"><strong>Vin Diesel disfruta de \u201cLa Temporada\u201d en Casa de Campo<\/strong><\/a><\/p><figure><img decoding=\"async\" loading=\"lazy\" class=\"aligncenter size-full wp-image-116459\" src=\"https:\/\/i0.wp.com\/casadecampoliving.com\/wp-content\/uploads\/2022\/10\/Vin-Diesel-Jet-Skiing-at-Minitas-Beach.jpg?resize=650%2C400&amp;ssl=1\" alt=\"Vin Diesel Jet Skiing at Minitas Beach\" width=\"650\" height=\"400\"><\/figure><\/blockquote>\n\n\n\n<blockquote><p style=\"text-align: center;\"><a href=\"https:\/\/casadecampoliving.com\/es\/celebridades-en-casa-de-campo-vin-diesel-nos-acompano-en-el-joli-day-beach-en-minitas\/\"><strong>\u00a1Vin Diesel nos acompa\u00f1\u00f3 en el Joli-Day Beach en Minitas!<\/strong><\/a><\/p><figure><img decoding=\"async\" loading=\"lazy\" class=\"aligncenter size-full wp-image-116462\" src=\"https:\/\/i0.wp.com\/casadecampoliving.com\/wp-content\/uploads\/2022\/10\/Vin-Diesel-and-Kids-from-Casa.jpg?resize=650%2C400&amp;ssl=1\" alt=\"Vin Diesel and Kids from Casa\" width=\"650\" height=\"400\"><\/figure><\/blockquote>\n","protected":false},"excerpt":{"rendered":"<p>Vin Diesel pas\u00f3 a saludarnos&nbsp;en&nbsp;la Gala Esplendor M\u00e1gico. El encantador actor y productor pos\u00f3 para fotos con los ni\u00f1os de la Fundaci\u00f3n MIR, Lyanne Fanjul, e invitados que asistieron a la cena y desfile de moda.<\/p>\n","protected":false},"author":36681,"featured_media":280603,"comment_status":"closed","ping_status":"closed","sticky":false,"template":"","format":"standard","meta":{"newspack_ads_suppress_ads":false,"newspack_popups_has_disabled_popups":false,"newspack_sponsor_sponsorship_scope":"","newspack_sponsor_native_byline_display":"inherit","newspack_sponsor_native_category_display":"inherit","newspack_sponsor_underwriter_style":"inherit","newspack_sponsor_underwriter_placement":"inherit","_newspack_byline_active":false,"_newspack_byline":"","newspack_hide_updated_date":false,"newspack_show_updated_date":false,"newspack_content_restriction_is_exempt":false,"newspack_featured_image_position":"","newspack_post_subtitle":"","newspack_article_summary_title":"Overview:","newspack_article_summary":"","_jetpack_memberships_contains_paid_content":false,"footnotes":"","jetpack_publicize_message":"","jetpack_publicize_feature_enabled":true,"jetpack_social_post_already_shared":false,"jetpack_social_options":{"image_generator_settings":{"template":"highway","default_image_id":0,"font":"","enabled":false},"version":2},"_wpas_customize_per_network":false},"categories":[26936,26951,2513,2524,14631,2515,2514,14625,2521,26822],"tags":[23815,2624,24715,1289],"newspack_spnsrs_tax":[],"class_list":["post-349092","post","type-post","status-publish","format-standard","has-post-thumbnail","hentry","category-casa-de-campo-living-es","category-ccl-presenta","category-celebridades-es","category-destacados","category-estilo-de-vida","category-fundacion-mir-es","category-fundaciones-es","category-noticias-locales","category-republica-dominicana-2","category-resort-casa-de-campo","tag-casa-de-campo-es-17","tag-celebridades","tag-fundacion-mir-es","tag-vin-diesel","entry"],"yoast_head":"<!-- This site is optimized with the Yoast SEO plugin v27.5 - https:\/\/yoast.com\/product\/yoast-seo-wordpress\/ -->\n<title>Vin Diesel hace su aparici\u00f3n en la Gala Esplendor M\u00e1gico | Casa de Campo Living<\/title>\n<meta name=\"description\" content=\"Vin Diesel pas\u00f3 a saludarnos&nbsp;en&nbsp;la Gala Esplendor M\u00e1gico. El encantador actor y productor pos\u00f3 para fotos con los ni\u00f1os de la Fundaci\u00f3n MIR,\" \/>\n<meta name=\"robots\" content=\"index, follow, max-snippet:-1, max-image-preview:large, max-video-preview:-1\" \/>\n<link rel=\"canonical\" href=\"https:\/\/casadecampoliving.com\/es\/vin-diesel-hace-su-aparicion-en-la-gala-esplendor-magico\/\" \/>\n<meta property=\"og:locale\" content=\"es_ES\" \/>\n<meta property=\"og:type\" content=\"article\" \/>\n<meta property=\"og:title\" content=\"Vin Diesel hace su aparici\u00f3n en la Gala Esplendor M\u00e1gico | Casa de Campo Living\" \/>\n<meta property=\"og:description\" content=\"Vin Diesel pas\u00f3 a saludarnos&nbsp;en&nbsp;la Gala Esplendor M\u00e1gico. El encantador actor y productor pos\u00f3 para fotos con los ni\u00f1os de la Fundaci\u00f3n MIR,\" \/>\n<meta property=\"og:url\" content=\"https:\/\/casadecampoliving.com\/es\/vin-diesel-hace-su-aparicion-en-la-gala-esplendor-magico\/\" \/>\n<meta property=\"og:site_name\" content=\"Casa de Campo Living\" \/>\n<meta property=\"article:publisher\" content=\"https:\/\/www.facebook.com\/casadecampoliving\" \/>\n<meta property=\"article:published_time\" content=\"2016-01-28T04:00:00+00:00\" \/>\n<meta property=\"article:modified_time\" content=\"2022-10-21T22:58:23+00:00\" \/>\n<meta property=\"og:image\" content=\"https:\/\/i0.wp.com\/casadecampoliving.com\/wp-content\/uploads\/2022\/10\/Vin-Diesel-Magical-Splendor-Gala.jpg?fit=650%2C400&ssl=1\" \/>\n\t<meta property=\"og:image:width\" content=\"650\" \/>\n\t<meta property=\"og:image:height\" content=\"400\" \/>\n\t<meta property=\"og:image:type\" content=\"image\/jpeg\" \/>\n<meta name=\"author\" content=\"Heather Lincoln\" \/>\n<meta name=\"twitter:card\" content=\"summary_large_image\" \/>\n<meta name=\"twitter:creator\" content=\"@cdcliving\" \/>\n<meta name=\"twitter:site\" content=\"@cdcliving\" \/>\n<meta name=\"twitter:label1\" content=\"Escrito por\" \/>\n\t<meta name=\"twitter:data1\" content=\"Heather Lincoln\" \/>\n\t<meta name=\"twitter:label2\" content=\"Tiempo de lectura\" \/>\n\t<meta name=\"twitter:data2\" content=\"1 minuto\" \/>\n<script type=\"application\/ld+json\" class=\"yoast-schema-graph\">{\"@context\":\"https:\\\/\\\/schema.org\",\"@graph\":[{\"@type\":\"Article\",\"@id\":\"https:\\\/\\\/casadecampoliving.com\\\/es\\\/vin-diesel-hace-su-aparicion-en-la-gala-esplendor-magico\\\/#article\",\"isPartOf\":{\"@id\":\"https:\\\/\\\/casadecampoliving.com\\\/es\\\/vin-diesel-hace-su-aparicion-en-la-gala-esplendor-magico\\\/\"},\"author\":{\"name\":\"Heather Lincoln\",\"@id\":\"https:\\\/\\\/casadecampoliving.com\\\/es\\\/#\\\/schema\\\/person\\\/e3abfc63c1478fd703266a6f33a3145d\"},\"headline\":\"Vin Diesel hace su aparici\u00f3n en la Gala Esplendor M\u00e1gico\",\"datePublished\":\"2016-01-28T04:00:00+00:00\",\"dateModified\":\"2022-10-21T22:58:23+00:00\",\"mainEntityOfPage\":{\"@id\":\"https:\\\/\\\/casadecampoliving.com\\\/es\\\/vin-diesel-hace-su-aparicion-en-la-gala-esplendor-magico\\\/\"},\"wordCount\":260,\"publisher\":{\"@id\":\"https:\\\/\\\/casadecampoliving.com\\\/es\\\/#organization\"},\"image\":{\"@id\":\"https:\\\/\\\/casadecampoliving.com\\\/es\\\/vin-diesel-hace-su-aparicion-en-la-gala-esplendor-magico\\\/#primaryimage\"},\"thumbnailUrl\":\"https:\\\/\\\/i0.wp.com\\\/casadecampoliving.com\\\/wp-content\\\/uploads\\\/2022\\\/10\\\/Vin-Diesel-Magical-Splendor-Gala.jpg?fit=650%2C400&ssl=1\",\"keywords\":[\"Casa de Campo\",\"celebridades\",\"Fundacion MIR\",\"vin diesel\"],\"articleSection\":[\"Casa de Campo Living @es\",\"CCL presenta\",\"Celebridades\",\"Destacados\",\"Estilo de Vida\",\"Fundaci\u00f3n MIR @es\",\"Fundaciones\",\"Noticias Locales\",\"Rep\u00fablica Dominicana @es\",\"Resort Casa de Campo\"],\"inLanguage\":\"es\"},{\"@type\":\"WebPage\",\"@id\":\"https:\\\/\\\/casadecampoliving.com\\\/es\\\/vin-diesel-hace-su-aparicion-en-la-gala-esplendor-magico\\\/\",\"url\":\"https:\\\/\\\/casadecampoliving.com\\\/es\\\/vin-diesel-hace-su-aparicion-en-la-gala-esplendor-magico\\\/\",\"name\":\"Vin Diesel hace su aparici\u00f3n en la Gala Esplendor M\u00e1gico | Casa de Campo Living\",\"isPartOf\":{\"@id\":\"https:\\\/\\\/casadecampoliving.com\\\/es\\\/#website\"},\"primaryImageOfPage\":{\"@id\":\"https:\\\/\\\/casadecampoliving.com\\\/es\\\/vin-diesel-hace-su-aparicion-en-la-gala-esplendor-magico\\\/#primaryimage\"},\"image\":{\"@id\":\"https:\\\/\\\/casadecampoliving.com\\\/es\\\/vin-diesel-hace-su-aparicion-en-la-gala-esplendor-magico\\\/#primaryimage\"},\"thumbnailUrl\":\"https:\\\/\\\/i0.wp.com\\\/casadecampoliving.com\\\/wp-content\\\/uploads\\\/2022\\\/10\\\/Vin-Diesel-Magical-Splendor-Gala.jpg?fit=650%2C400&ssl=1\",\"datePublished\":\"2016-01-28T04:00:00+00:00\",\"dateModified\":\"2022-10-21T22:58:23+00:00\",\"description\":\"Vin Diesel pas\u00f3 a saludarnos&nbsp;en&nbsp;la Gala Esplendor M\u00e1gico. El encantador actor y productor pos\u00f3 para fotos con los ni\u00f1os de la Fundaci\u00f3n MIR,\",\"breadcrumb\":{\"@id\":\"https:\\\/\\\/casadecampoliving.com\\\/es\\\/vin-diesel-hace-su-aparicion-en-la-gala-esplendor-magico\\\/#breadcrumb\"},\"inLanguage\":\"es\",\"potentialAction\":[{\"@type\":\"ReadAction\",\"target\":[\"https:\\\/\\\/casadecampoliving.com\\\/es\\\/vin-diesel-hace-su-aparicion-en-la-gala-esplendor-magico\\\/\"]}]},{\"@type\":\"ImageObject\",\"inLanguage\":\"es\",\"@id\":\"https:\\\/\\\/casadecampoliving.com\\\/es\\\/vin-diesel-hace-su-aparicion-en-la-gala-esplendor-magico\\\/#primaryimage\",\"url\":\"https:\\\/\\\/i0.wp.com\\\/casadecampoliving.com\\\/wp-content\\\/uploads\\\/2022\\\/10\\\/Vin-Diesel-Magical-Splendor-Gala.jpg?fit=650%2C400&ssl=1\",\"contentUrl\":\"https:\\\/\\\/i0.wp.com\\\/casadecampoliving.com\\\/wp-content\\\/uploads\\\/2022\\\/10\\\/Vin-Diesel-Magical-Splendor-Gala.jpg?fit=650%2C400&ssl=1\",\"width\":650,\"height\":400},{\"@type\":\"BreadcrumbList\",\"@id\":\"https:\\\/\\\/casadecampoliving.com\\\/es\\\/vin-diesel-hace-su-aparicion-en-la-gala-esplendor-magico\\\/#breadcrumb\",\"itemListElement\":[{\"@type\":\"ListItem\",\"position\":1,\"name\":\"Home\",\"item\":\"https:\\\/\\\/casadecampoliving.com\\\/es\\\/\"},{\"@type\":\"ListItem\",\"position\":2,\"name\":\"Vin Diesel hace su aparici\u00f3n en la Gala Esplendor M\u00e1gico\"}]},{\"@type\":\"WebSite\",\"@id\":\"https:\\\/\\\/casadecampoliving.com\\\/es\\\/#website\",\"url\":\"https:\\\/\\\/casadecampoliving.com\\\/es\\\/\",\"name\":\"Casa de Campo Living\",\"description\":\"Resort community news and resources.\",\"publisher\":{\"@id\":\"https:\\\/\\\/casadecampoliving.com\\\/es\\\/#organization\"},\"potentialAction\":[{\"@type\":\"SearchAction\",\"target\":{\"@type\":\"EntryPoint\",\"urlTemplate\":\"https:\\\/\\\/casadecampoliving.com\\\/es\\\/?s={search_term_string}\"},\"query-input\":{\"@type\":\"PropertyValueSpecification\",\"valueRequired\":true,\"valueName\":\"search_term_string\"}}],\"inLanguage\":\"es\"},{\"@type\":\"Organization\",\"@id\":\"https:\\\/\\\/casadecampoliving.com\\\/es\\\/#organization\",\"name\":\"Casa de Campo Living\",\"url\":\"https:\\\/\\\/casadecampoliving.com\\\/es\\\/\",\"logo\":{\"@type\":\"ImageObject\",\"inLanguage\":\"es\",\"@id\":\"https:\\\/\\\/casadecampoliving.com\\\/es\\\/#\\\/schema\\\/logo\\\/image\\\/\",\"url\":\"https:\\\/\\\/i0.wp.com\\\/casadecampoliving.com\\\/wp-content\\\/uploads\\\/2022\\\/07\\\/CDCLivingLogo_V1-white-sized.png?fit=800%2C214&ssl=1\",\"contentUrl\":\"https:\\\/\\\/i0.wp.com\\\/casadecampoliving.com\\\/wp-content\\\/uploads\\\/2022\\\/07\\\/CDCLivingLogo_V1-white-sized.png?fit=800%2C214&ssl=1\",\"width\":800,\"height\":214,\"caption\":\"Casa de Campo Living\"},\"image\":{\"@id\":\"https:\\\/\\\/casadecampoliving.com\\\/es\\\/#\\\/schema\\\/logo\\\/image\\\/\"},\"sameAs\":[\"https:\\\/\\\/www.facebook.com\\\/casadecampoliving\",\"https:\\\/\\\/x.com\\\/cdcliving\"]},{\"@type\":\"Person\",\"@id\":\"https:\\\/\\\/casadecampoliving.com\\\/es\\\/#\\\/schema\\\/person\\\/e3abfc63c1478fd703266a6f33a3145d\",\"name\":\"Heather Lincoln\",\"image\":{\"@type\":\"ImageObject\",\"inLanguage\":\"es\",\"@id\":\"https:\\\/\\\/secure.gravatar.com\\\/avatar\\\/e8fc1ce4ad50385675908137b0d8d66be281d034bf072b4700460237638ea6d0?s=96&d=mm&r=g\",\"url\":\"https:\\\/\\\/secure.gravatar.com\\\/avatar\\\/e8fc1ce4ad50385675908137b0d8d66be281d034bf072b4700460237638ea6d0?s=96&d=mm&r=g\",\"contentUrl\":\"https:\\\/\\\/secure.gravatar.com\\\/avatar\\\/e8fc1ce4ad50385675908137b0d8d66be281d034bf072b4700460237638ea6d0?s=96&d=mm&r=g\",\"caption\":\"Heather Lincoln\"},\"url\":\"https:\\\/\\\/casadecampoliving.com\\\/es\\\/author\\\/hcastillo\\\/\"}]}<\/script>\n<!-- \/ Yoast SEO plugin. -->","yoast_head_json":{"title":"Vin Diesel hace su aparici\u00f3n en la Gala Esplendor M\u00e1gico | Casa de Campo Living","description":"Vin Diesel pas\u00f3 a saludarnos&nbsp;en&nbsp;la Gala Esplendor M\u00e1gico. El encantador actor y productor pos\u00f3 para fotos con los ni\u00f1os de la Fundaci\u00f3n MIR,","robots":{"index":"index","follow":"follow","max-snippet":"max-snippet:-1","max-image-preview":"max-image-preview:large","max-video-preview":"max-video-preview:-1"},"canonical":"https:\/\/casadecampoliving.com\/es\/vin-diesel-hace-su-aparicion-en-la-gala-esplendor-magico\/","og_locale":"es_ES","og_type":"article","og_title":"Vin Diesel hace su aparici\u00f3n en la Gala Esplendor M\u00e1gico | Casa de Campo Living","og_description":"Vin Diesel pas\u00f3 a saludarnos&nbsp;en&nbsp;la Gala Esplendor M\u00e1gico. El encantador actor y productor pos\u00f3 para fotos con los ni\u00f1os de la Fundaci\u00f3n MIR,","og_url":"https:\/\/casadecampoliving.com\/es\/vin-diesel-hace-su-aparicion-en-la-gala-esplendor-magico\/","og_site_name":"Casa de Campo Living","article_publisher":"https:\/\/www.facebook.com\/casadecampoliving","article_published_time":"2016-01-28T04:00:00+00:00","article_modified_time":"2022-10-21T22:58:23+00:00","og_image":[{"width":650,"height":400,"url":"https:\/\/i0.wp.com\/casadecampoliving.com\/wp-content\/uploads\/2022\/10\/Vin-Diesel-Magical-Splendor-Gala.jpg?fit=650%2C400&ssl=1","type":"image\/jpeg"}],"author":"Heather Lincoln","twitter_card":"summary_large_image","twitter_creator":"@cdcliving","twitter_site":"@cdcliving","twitter_misc":{"Escrito por":"Heather Lincoln","Tiempo de lectura":"1 minuto"},"schema":{"@context":"https:\/\/schema.org","@graph":[{"@type":"Article","@id":"https:\/\/casadecampoliving.com\/es\/vin-diesel-hace-su-aparicion-en-la-gala-esplendor-magico\/#article","isPartOf":{"@id":"https:\/\/casadecampoliving.com\/es\/vin-diesel-hace-su-aparicion-en-la-gala-esplendor-magico\/"},"author":{"name":"Heather Lincoln","@id":"https:\/\/casadecampoliving.com\/es\/#\/schema\/person\/e3abfc63c1478fd703266a6f33a3145d"},"headline":"Vin Diesel hace su aparici\u00f3n en la Gala Esplendor M\u00e1gico","datePublished":"2016-01-28T04:00:00+00:00","dateModified":"2022-10-21T22:58:23+00:00","mainEntityOfPage":{"@id":"https:\/\/casadecampoliving.com\/es\/vin-diesel-hace-su-aparicion-en-la-gala-esplendor-magico\/"},"wordCount":260,"publisher":{"@id":"https:\/\/casadecampoliving.com\/es\/#organization"},"image":{"@id":"https:\/\/casadecampoliving.com\/es\/vin-diesel-hace-su-aparicion-en-la-gala-esplendor-magico\/#primaryimage"},"thumbnailUrl":"https:\/\/i0.wp.com\/casadecampoliving.com\/wp-content\/uploads\/2022\/10\/Vin-Diesel-Magical-Splendor-Gala.jpg?fit=650%2C400&ssl=1","keywords":["Casa de Campo","celebridades","Fundacion MIR","vin diesel"],"articleSection":["Casa de Campo Living @es","CCL presenta","Celebridades","Destacados","Estilo de Vida","Fundaci\u00f3n MIR @es","Fundaciones","Noticias Locales","Rep\u00fablica Dominicana @es","Resort Casa de Campo"],"inLanguage":"es"},{"@type":"WebPage","@id":"https:\/\/casadecampoliving.com\/es\/vin-diesel-hace-su-aparicion-en-la-gala-esplendor-magico\/","url":"https:\/\/casadecampoliving.com\/es\/vin-diesel-hace-su-aparicion-en-la-gala-esplendor-magico\/","name":"Vin Diesel hace su aparici\u00f3n en la Gala Esplendor M\u00e1gico | Casa de Campo Living","isPartOf":{"@id":"https:\/\/casadecampoliving.com\/es\/#website"},"primaryImageOfPage":{"@id":"https:\/\/casadecampoliving.com\/es\/vin-diesel-hace-su-aparicion-en-la-gala-esplendor-magico\/#primaryimage"},"image":{"@id":"https:\/\/casadecampoliving.com\/es\/vin-diesel-hace-su-aparicion-en-la-gala-esplendor-magico\/#primaryimage"},"thumbnailUrl":"https:\/\/i0.wp.com\/casadecampoliving.com\/wp-content\/uploads\/2022\/10\/Vin-Diesel-Magical-Splendor-Gala.jpg?fit=650%2C400&ssl=1","datePublished":"2016-01-28T04:00:00+00:00","dateModified":"2022-10-21T22:58:23+00:00","description":"Vin Diesel pas\u00f3 a saludarnos&nbsp;en&nbsp;la Gala Esplendor M\u00e1gico. El encantador actor y productor pos\u00f3 para fotos con los ni\u00f1os de la Fundaci\u00f3n MIR,","breadcrumb":{"@id":"https:\/\/casadecampoliving.com\/es\/vin-diesel-hace-su-aparicion-en-la-gala-esplendor-magico\/#breadcrumb"},"inLanguage":"es","potentialAction":[{"@type":"ReadAction","target":["https:\/\/casadecampoliving.com\/es\/vin-diesel-hace-su-aparicion-en-la-gala-esplendor-magico\/"]}]},{"@type":"ImageObject","inLanguage":"es","@id":"https:\/\/casadecampoliving.com\/es\/vin-diesel-hace-su-aparicion-en-la-gala-esplendor-magico\/#primaryimage","url":"https:\/\/i0.wp.com\/casadecampoliving.com\/wp-content\/uploads\/2022\/10\/Vin-Diesel-Magical-Splendor-Gala.jpg?fit=650%2C400&ssl=1","contentUrl":"https:\/\/i0.wp.com\/casadecampoliving.com\/wp-content\/uploads\/2022\/10\/Vin-Diesel-Magical-Splendor-Gala.jpg?fit=650%2C400&ssl=1","width":650,"height":400},{"@type":"BreadcrumbList","@id":"https:\/\/casadecampoliving.com\/es\/vin-diesel-hace-su-aparicion-en-la-gala-esplendor-magico\/#breadcrumb","itemListElement":[{"@type":"ListItem","position":1,"name":"Home","item":"https:\/\/casadecampoliving.com\/es\/"},{"@type":"ListItem","position":2,"name":"Vin Diesel hace su aparici\u00f3n en la Gala Esplendor M\u00e1gico"}]},{"@type":"WebSite","@id":"https:\/\/casadecampoliving.com\/es\/#website","url":"https:\/\/casadecampoliving.com\/es\/","name":"Casa de Campo Living","description":"Resort community news and resources.","publisher":{"@id":"https:\/\/casadecampoliving.com\/es\/#organization"},"potentialAction":[{"@type":"SearchAction","target":{"@type":"EntryPoint","urlTemplate":"https:\/\/casadecampoliving.com\/es\/?s={search_term_string}"},"query-input":{"@type":"PropertyValueSpecification","valueRequired":true,"valueName":"search_term_string"}}],"inLanguage":"es"},{"@type":"Organization","@id":"https:\/\/casadecampoliving.com\/es\/#organization","name":"Casa de Campo Living","url":"https:\/\/casadecampoliving.com\/es\/","logo":{"@type":"ImageObject","inLanguage":"es","@id":"https:\/\/casadecampoliving.com\/es\/#\/schema\/logo\/image\/","url":"https:\/\/i0.wp.com\/casadecampoliving.com\/wp-content\/uploads\/2022\/07\/CDCLivingLogo_V1-white-sized.png?fit=800%2C214&ssl=1","contentUrl":"https:\/\/i0.wp.com\/casadecampoliving.com\/wp-content\/uploads\/2022\/07\/CDCLivingLogo_V1-white-sized.png?fit=800%2C214&ssl=1","width":800,"height":214,"caption":"Casa de Campo Living"},"image":{"@id":"https:\/\/casadecampoliving.com\/es\/#\/schema\/logo\/image\/"},"sameAs":["https:\/\/www.facebook.com\/casadecampoliving","https:\/\/x.com\/cdcliving"]},{"@type":"Person","@id":"https:\/\/casadecampoliving.com\/es\/#\/schema\/person\/e3abfc63c1478fd703266a6f33a3145d","name":"Heather Lincoln","image":{"@type":"ImageObject","inLanguage":"es","@id":"https:\/\/secure.gravatar.com\/avatar\/e8fc1ce4ad50385675908137b0d8d66be281d034bf072b4700460237638ea6d0?s=96&d=mm&r=g","url":"https:\/\/secure.gravatar.com\/avatar\/e8fc1ce4ad50385675908137b0d8d66be281d034bf072b4700460237638ea6d0?s=96&d=mm&r=g","contentUrl":"https:\/\/secure.gravatar.com\/avatar\/e8fc1ce4ad50385675908137b0d8d66be281d034bf072b4700460237638ea6d0?s=96&d=mm&r=g","caption":"Heather Lincoln"},"url":"https:\/\/casadecampoliving.com\/es\/author\/hcastillo\/"}]}},"parsely":{"version":"1.1.0","canonical_url":"https:\/\/casadecampoliving.com\/es\/vin-diesel-hace-su-aparicion-en-la-gala-esplendor-magico\/","smart_links":{"inbound":0,"outbound":0},"traffic_boost_suggestions_count":0,"meta":{"@context":"https:\/\/schema.org","@type":"NewsArticle","headline":"Vin Diesel hace su aparici\u00f3n en la Gala Esplendor M\u00e1gico","url":"http:\/\/casadecampoliving.com\/es\/vin-diesel-hace-su-aparicion-en-la-gala-esplendor-magico\/","mainEntityOfPage":{"@type":"WebPage","@id":"http:\/\/casadecampoliving.com\/es\/vin-diesel-hace-su-aparicion-en-la-gala-esplendor-magico\/"},"thumbnailUrl":"https:\/\/i0.wp.com\/casadecampoliving.com\/wp-content\/uploads\/2022\/10\/Vin-Diesel-Magical-Splendor-Gala.jpg?resize=150%2C150&ssl=1","image":{"@type":"ImageObject","url":"https:\/\/i0.wp.com\/casadecampoliving.com\/wp-content\/uploads\/2022\/10\/Vin-Diesel-Magical-Splendor-Gala.jpg?fit=650%2C400&ssl=1"},"articleSection":"CCL presenta","author":[{"@type":"Person","name":"Heather Lincoln"}],"creator":["Heather Lincoln"],"publisher":{"@type":"Organization","name":"Casa de Campo Living","logo":"https:\/\/casadecampoliving.com\/wp-content\/uploads\/2022\/07\/CDCLivingLogo_V1-white-sized.png"},"keywords":["casa de campo","celebridades","fundacion mir","vin diesel"],"dateCreated":"2016-01-28T04:00:00Z","datePublished":"2016-01-28T04:00:00Z","dateModified":"2022-10-21T22:58:23Z"},"rendered":"<script type=\"application\/ld+json\" class=\"wp-parsely-metadata\">{\"@context\":\"https:\\\/\\\/schema.org\",\"@type\":\"NewsArticle\",\"headline\":\"Vin Diesel hace su aparici\\u00f3n en la Gala Esplendor M\\u00e1gico\",\"url\":\"http:\\\/\\\/casadecampoliving.com\\\/es\\\/vin-diesel-hace-su-aparicion-en-la-gala-esplendor-magico\\\/\",\"mainEntityOfPage\":{\"@type\":\"WebPage\",\"@id\":\"http:\\\/\\\/casadecampoliving.com\\\/es\\\/vin-diesel-hace-su-aparicion-en-la-gala-esplendor-magico\\\/\"},\"thumbnailUrl\":\"https:\\\/\\\/i0.wp.com\\\/casadecampoliving.com\\\/wp-content\\\/uploads\\\/2022\\\/10\\\/Vin-Diesel-Magical-Splendor-Gala.jpg?resize=150%2C150&ssl=1\",\"image\":{\"@type\":\"ImageObject\",\"url\":\"https:\\\/\\\/i0.wp.com\\\/casadecampoliving.com\\\/wp-content\\\/uploads\\\/2022\\\/10\\\/Vin-Diesel-Magical-Splendor-Gala.jpg?fit=650%2C400&ssl=1\"},\"articleSection\":\"CCL presenta\",\"author\":[{\"@type\":\"Person\",\"name\":\"Heather Lincoln\"}],\"creator\":[\"Heather Lincoln\"],\"publisher\":{\"@type\":\"Organization\",\"name\":\"Casa de Campo Living\",\"logo\":\"https:\\\/\\\/casadecampoliving.com\\\/wp-content\\\/uploads\\\/2022\\\/07\\\/CDCLivingLogo_V1-white-sized.png\"},\"keywords\":[\"casa de campo\",\"celebridades\",\"fundacion mir\",\"vin diesel\"],\"dateCreated\":\"2016-01-28T04:00:00Z\",\"datePublished\":\"2016-01-28T04:00:00Z\",\"dateModified\":\"2022-10-21T22:58:23Z\"}<\/script>","tracker_url":"https:\/\/cdn.parsely.com\/keys\/casadecampoliving.com\/p.js"},"jetpack_publicize_connections":[],"jetpack_featured_media_url":"https:\/\/i0.wp.com\/casadecampoliving.com\/wp-content\/uploads\/2022\/10\/Vin-Diesel-Magical-Splendor-Gala.jpg?fit=650%2C400&ssl=1","jetpack-related-posts":[{"id":349063,"url":"https:\/\/casadecampoliving.com\/es\/vin-diesel-entrenando-en-casa\/","url_meta":{"origin":349092,"position":0},"title":"Vin Diesel entrenando para Xander en Casa","author":"Heather Lincoln","date":"26 Ene, 2016","format":false,"excerpt":"\u00a1Una de nuestras celebridades favoritas est\u00e9 de vuelta en Casa de Campo! Por lo que pudimos ver en su cuenta de Instagram, el actor de R\u00e1pido y Furioso est\u00e1 entrenado arduamente para \u201cxXx: The Return of Xanger Cage\u201d, la cual est\u00e1 actualmente en etapa de pre-producci\u00f3n. \u00bfSer\u00e1 que Vin Diesel\u2026","rel":"","context":"En \u00abCasa de Campo Living @es\u00bb","block_context":{"text":"Casa de Campo Living @es","link":"https:\/\/casadecampoliving.com\/category\/casa-de-campo-living-es\/"},"img":{"alt_text":"Vin Diesel in Casa 2016","src":"https:\/\/i0.wp.com\/casadecampoliving.com\/wp-content\/uploads\/2022\/10\/Vin-Diesel-in-Casa-2016-1.jpg?fit=650%2C400&ssl=1&resize=350%2C200","width":350,"height":200,"srcset":"https:\/\/i0.wp.com\/casadecampoliving.com\/wp-content\/uploads\/2022\/10\/Vin-Diesel-in-Casa-2016-1.jpg?fit=650%2C400&ssl=1&resize=350%2C200 1x, https:\/\/i0.wp.com\/casadecampoliving.com\/wp-content\/uploads\/2022\/10\/Vin-Diesel-in-Casa-2016-1.jpg?fit=650%2C400&ssl=1&resize=525%2C300 1.5x"},"classes":[]},{"id":326982,"url":"https:\/\/casadecampoliving.com\/vin-diesel-at-magical-splendor-gala\/","url_meta":{"origin":349092,"position":1},"title":"Vin Diesel makes an appearance at Magical Splendor Gala","author":"Heather Lincoln","date":"28 Ene, 2016","format":false,"excerpt":"Vin Diesel says \u201cHI!\u201d at MIR Magical Splendor Gala. The lovable actor and producer stood to take photos with the children of Fundaci\u00f3n MIR, Lyanne Fanjul, and guests who attended the dinner and fashion show. Our lucky photographer, Mariana Heredia (on the left), was able to step out\u00a0from behind her\u2026","rel":"","context":"En \u00abCasa de Campo Living\u00bb","block_context":{"text":"Casa de Campo Living","link":"https:\/\/casadecampoliving.com\/category\/casa-de-campo-living\/"},"img":{"alt_text":"Vin Diesel Magical Splendor Gala","src":"https:\/\/i0.wp.com\/casadecampoliving.com\/wp-content\/uploads\/2022\/10\/Vin-Diesel-Magical-Splendor-Gala.jpg?fit=650%2C400&ssl=1&resize=350%2C200","width":350,"height":200,"srcset":"https:\/\/i0.wp.com\/casadecampoliving.com\/wp-content\/uploads\/2022\/10\/Vin-Diesel-Magical-Splendor-Gala.jpg?fit=650%2C400&ssl=1&resize=350%2C200 1x, https:\/\/i0.wp.com\/casadecampoliving.com\/wp-content\/uploads\/2022\/10\/Vin-Diesel-Magical-Splendor-Gala.jpg?fit=650%2C400&ssl=1&resize=525%2C300 1.5x"},"classes":[]},{"id":354317,"url":"https:\/\/casadecampoliving.com\/es\/este-sabado-fundacion-mir-gala-esplendor-magico-por-la-vida-2022-con-naeem-khan\/","url_meta":{"origin":349092,"position":2},"title":"\u00a1Este s\u00e1bado! Fundaci\u00f3n MIR Gala Esplendor M\u00e1gico por la Vida 2022 con Naeem Khan","author":"Casa de Campo Living","date":"21 Mar, 2022","format":false,"excerpt":"\u00a1Ya casi es hora del evento anual de recaudaci\u00f3n de fondos de la Fundaci\u00f3n MIR, la \u201cGala Esplendor M\u00e1gico para la Vida\u201d! Este a\u00f1o el glamuroso evento que recauda fondos para la organizaci\u00f3n ben\u00e9fica MIR se llevar\u00e1 a cabo este s\u00e1bado 26 de marzo en Casa Grande y La Romana\u2026","rel":"","context":"En \u00abCasa de Campo Living @es\u00bb","block_context":{"text":"Casa de Campo Living @es","link":"https:\/\/casadecampoliving.com\/category\/casa-de-campo-living-es\/"},"img":{"alt_text":"","src":"https:\/\/i0.wp.com\/casadecampoliving.com\/wp-content\/uploads\/2022\/10\/BDC_3814-scaled-e1647869387374-1.jpg?fit=1000%2C667&ssl=1&resize=350%2C200","width":350,"height":200,"srcset":"https:\/\/i0.wp.com\/casadecampoliving.com\/wp-content\/uploads\/2022\/10\/BDC_3814-scaled-e1647869387374-1.jpg?fit=1000%2C667&ssl=1&resize=350%2C200 1x, https:\/\/i0.wp.com\/casadecampoliving.com\/wp-content\/uploads\/2022\/10\/BDC_3814-scaled-e1647869387374-1.jpg?fit=1000%2C667&ssl=1&resize=525%2C300 1.5x, https:\/\/i0.wp.com\/casadecampoliving.com\/wp-content\/uploads\/2022\/10\/BDC_3814-scaled-e1647869387374-1.jpg?fit=1000%2C667&ssl=1&resize=700%2C400 2x"},"classes":[]},{"id":350808,"url":"https:\/\/casadecampoliving.com\/es\/gala-esplendor-magico-de-la-fundacion-mir-en-enero\/","url_meta":{"origin":349092,"position":3},"title":"\u00a1Marquen la fecha en su calendario para la Gala Esplendor M\u00e1gico de la Fundaci\u00f3n MIR en enero!","author":"Heather Lincoln","date":"14 Nov, 2016","format":false,"excerpt":"El evento anual de recaudaci\u00f3n de fondos Gala Esplendor M\u00e1gico por la Vida, organizado por Alfy y Raysa Fanjul, atrae a un sin n\u00famero de personas de la comunidad y de las areas cercanas al\u00a0resort de Casa de Campo. Entre las actividades de ese d\u00eda, est\u00e1n\u00a0un torneo de golf que\u2026","rel":"","context":"En \u00abArte y cultura\u00bb","block_context":{"text":"Arte y cultura","link":"https:\/\/casadecampoliving.com\/category\/arte-y-cultura\/"},"img":{"alt_text":"Magical Splendor for Life Gala 2016","src":"https:\/\/i0.wp.com\/casadecampoliving.com\/wp-content\/uploads\/2022\/10\/Raysa_Alfy_Lian_Fanjul-e1479155290644.jpg?fit=1000%2C666&ssl=1&resize=350%2C200","width":350,"height":200,"srcset":"https:\/\/i0.wp.com\/casadecampoliving.com\/wp-content\/uploads\/2022\/10\/Raysa_Alfy_Lian_Fanjul-e1479155290644.jpg?fit=1000%2C666&ssl=1&resize=350%2C200 1x, https:\/\/i0.wp.com\/casadecampoliving.com\/wp-content\/uploads\/2022\/10\/Raysa_Alfy_Lian_Fanjul-e1479155290644.jpg?fit=1000%2C666&ssl=1&resize=525%2C300 1.5x, https:\/\/i0.wp.com\/casadecampoliving.com\/wp-content\/uploads\/2022\/10\/Raysa_Alfy_Lian_Fanjul-e1479155290644.jpg?fit=1000%2C666&ssl=1&resize=700%2C400 2x"},"classes":[]},{"id":348297,"url":"https:\/\/casadecampoliving.com\/es\/reserve-la-fecha-gala-esplendor-magico-fundacion-mir\/","url_meta":{"origin":349092,"position":4},"title":"Reserve la Fecha: Gala Esplendor M\u00e1gico Fundaci\u00f3n MIR","author":"Perkin Agramonte","date":"22 Sep, 2015","format":false,"excerpt":"Reserve la fecha! La\u00a026\u00ba edici\u00f3n del\u00a0Esplendor M\u00e1gico Fundaci\u00f3n MIR est\u00e1 pautado para el s\u00e1bado 23 de enero de 2016. Este a\u00f1o, el Esplendor M\u00e1gico Fundaci\u00f3n MIR, uno de los eventos sociales y ocasiones ben\u00e9ficas de Casa de Campo m\u00e1s elegantes, ser\u00e1 m\u00e1s glamuroso que nunca \u2013 con el principal evento\u2026","rel":"","context":"En \u00abCasa de Campo Living @es\u00bb","block_context":{"text":"Casa de Campo Living @es","link":"https:\/\/casadecampoliving.com\/category\/casa-de-campo-living-es\/"},"img":{"alt_text":"","src":"https:\/\/i0.wp.com\/casadecampoliving.com\/wp-content\/uploads\/2022\/10\/Magical_Splendor-1.png?fit=650%2C450&ssl=1&resize=350%2C200","width":350,"height":200,"srcset":"https:\/\/i0.wp.com\/casadecampoliving.com\/wp-content\/uploads\/2022\/10\/Magical_Splendor-1.png?fit=650%2C450&ssl=1&resize=350%2C200 1x, https:\/\/i0.wp.com\/casadecampoliving.com\/wp-content\/uploads\/2022\/10\/Magical_Splendor-1.png?fit=650%2C450&ssl=1&resize=525%2C300 1.5x"},"classes":[]},{"id":354184,"url":"https:\/\/casadecampoliving.com\/es\/reserve-la-fecha-31a-gala-esplendor-magico-por-la-vida-de-la-fundacion-mir-en-enero-de-2022\/","url_meta":{"origin":349092,"position":5},"title":"POSPUESTO: 31a Gala Esplendor M\u00e1gico por la Vida de la Fundaci\u00f3n MIR 2022","author":"Casa de Campo Living","date":"28 Oct, 2021","format":false,"excerpt":"ACTUALIZACI\u00d3N: Desafortunadamente, debido a la \u00faltima ola de Covid, la Gala se pospone hasta que el evento pueda llevarse a cabo de manera segura. Le informaremos tan pronto como tengamos una nueva fecha. \u00a1Reserva la fecha! El 31\u00ba Gala Esplendor M\u00e1gico por la Vida de la Fundaci\u00f3n MIR est\u00e1 programado\u2026","rel":"","context":"En \u00abCasa de Campo Living @es\u00bb","block_context":{"text":"Casa de Campo Living @es","link":"https:\/\/casadecampoliving.com\/category\/casa-de-campo-living-es\/"},"img":{"alt_text":"","src":"https:\/\/i0.wp.com\/casadecampoliving.com\/wp-content\/uploads\/2022\/10\/BDC_3686-1.jpg?fit=1000%2C667&ssl=1&resize=350%2C200","width":350,"height":200,"srcset":"https:\/\/i0.wp.com\/casadecampoliving.com\/wp-content\/uploads\/2022\/10\/BDC_3686-1.jpg?fit=1000%2C667&ssl=1&resize=350%2C200 1x, https:\/\/i0.wp.com\/casadecampoliving.com\/wp-content\/uploads\/2022\/10\/BDC_3686-1.jpg?fit=1000%2C667&ssl=1&resize=525%2C300 1.5x, https:\/\/i0.wp.com\/casadecampoliving.com\/wp-content\/uploads\/2022\/10\/BDC_3686-1.jpg?fit=1000%2C667&ssl=1&resize=700%2C400 2x"},"classes":[]}],"jetpack_sharing_enabled":true,"_links":{"self":[{"href":"https:\/\/casadecampoliving.com\/es\/wp-json\/wp\/v2\/posts\/349092","targetHints":{"allow":["GET"]}}],"collection":[{"href":"https:\/\/casadecampoliving.com\/es\/wp-json\/wp\/v2\/posts"}],"about":[{"href":"https:\/\/casadecampoliving.com\/es\/wp-json\/wp\/v2\/types\/post"}],"author":[{"embeddable":true,"href":"https:\/\/casadecampoliving.com\/es\/wp-json\/wp\/v2\/users\/36681"}],"replies":[{"embeddable":true,"href":"https:\/\/casadecampoliving.com\/es\/wp-json\/wp\/v2\/comments?post=349092"}],"version-history":[{"count":1,"href":"https:\/\/casadecampoliving.com\/es\/wp-json\/wp\/v2\/posts\/349092\/revisions"}],"predecessor-version":[{"id":349093,"href":"https:\/\/casadecampoliving.com\/es\/wp-json\/wp\/v2\/posts\/349092\/revisions\/349093"}],"wp:featuredmedia":[{"embeddable":true,"href":"https:\/\/casadecampoliving.com\/es\/wp-json\/wp\/v2\/media\/280603"}],"wp:attachment":[{"href":"https:\/\/casadecampoliving.com\/es\/wp-json\/wp\/v2\/media?parent=349092"}],"wp:term":[{"taxonomy":"category","embeddable":true,"href":"https:\/\/casadecampoliving.com\/es\/wp-json\/wp\/v2\/categories?post=349092"},{"taxonomy":"post_tag","embeddable":true,"href":"https:\/\/casadecampoliving.com\/es\/wp-json\/wp\/v2\/tags?post=349092"},{"taxonomy":"newspack_spnsrs_tax","embeddable":true,"href":"https:\/\/casadecampoliving.com\/es\/wp-json\/wp\/v2\/newspack_spnsrs_tax?post=349092"}],"curies":[{"name":"wp","href":"https:\/\/api.w.org\/{rel}","templated":true}]}}