{"id":349055,"date":"2016-01-23T00:00:00","date_gmt":"2016-01-23T04:00:00","guid":{"rendered":"https:\/\/casadecampoliving.com\/chivas-the-venture-rd-y-america-central\/"},"modified":"2022-10-21T18:56:46","modified_gmt":"2022-10-21T22:56:46","slug":"chivas-the-venture-rd-y-america-central","status":"publish","type":"post","link":"https:\/\/casadecampoliving.com\/es\/chivas-the-venture-rd-y-america-central\/","title":{"rendered":"Chivas, The Venture RD y Am\u00e9rica Central \u00abGanamos de la Forma Correcta\u00bb"},"content":{"rendered":"<div class=\"wp-block-image\">\n<figure class=\"aligncenter is-resized\"><img loading=\"lazy\" decoding=\"async\" src=\"https:\/\/i0.wp.com\/casadecampoliving.com\/wp-content\/uploads\/2022\/10\/Foto-Principal-Chivas-The-Venture.jpg?resize=650%2C400&amp;ssl=1\" alt=\"Foto Principal Chivas The Venture\" class=\"wp-image-116341\" height=\"400\" width=\"650\"\/><\/figure>\n<\/div>\n\n\n<p><span style=\"font-weight: 400;\">El pasado martes 12 de enero, nuestros amigos de Chivas Regal anunciaron las entidades que representar\u00e1n a Am\u00e9rica Central y la Rep\u00fablica Dominicana en el Competencia Global de Chivas, The Venture, donde competir\u00e1n contra otros 25 mercados por parte del fondo de 1 mill\u00f3n de d\u00f3lares para acelerar o hacer crecer su emprendimiento social.<\/span><\/p>\n\n\n\n<!--more-->\n\n\n\n<p><span style=\"font-weight: 400;\">Este evento regional tuvo lugar en el JW Marriott, y estuvieron presentes los representantes y finalistas de Costa Rica , Guatemala, Panam\u00e1, Rep\u00fablica Dominicana, junto con los representantes regionales y mundiales de Chivas Regal y jurados de cada pa\u00eds, los cuales fueron los encargados de seleccionar los ganadores locales y regionales.<\/span><\/p>\n\n\n\n<p><span style=\"font-weight: 400;\">Andrew Bardsley, Marketing Manager Global de Chivas Regal para la regi\u00f3n, tuvo a cargo la introducci\u00f3n del evento se\u00f1alando <em><strong>\u201c<\/strong><\/em><\/span><b><i>Chivas Regal es una marca de generosidad, una marca que une personas que entienden que el fin no justifica los medios, y apoya a aquellos que quieren ganar de la forma correcta, hacer riquezas solucionando un problema real y local. The Venture es la plataforma que hemos creado para distribuir 1 mill\u00f3n de d\u00f3lares entre emprendedores sociales de 27 mercados\u201d<\/i><\/b><i>.<\/i><\/p>\n\n\n\n<p><span style=\"font-weight: 400;\">Esta es la segunda edici\u00f3n de The Venture; el a\u00f1o pasado les trajimos <\/span><a href=\"https:\/\/casadecampoliving.com\/es\/chivas-presento-emprendedor-social-ganador-venture\/\"><span style=\"font-weight: 400;\">la cobertura de la primera competencia<\/span><\/a><span style=\"font-weight: 400;\"> en la que se anunci\u00f3 que Conuco Solar por Ra\u00fal Aguayo fue el start up o idea de negocios elegida para representar a la Rep\u00fablica Dominicana en 2015.<\/span><\/p>\n\n\n\n<p><span style=\"font-weight: 400;\">Se presentaron 200 proyectos este a\u00f1o, y dos ganadores fueron anunciados despu\u00e9s de un riguroso proceso de selecci\u00f3n. Desde la Rep\u00fablica Dominicana, <\/span><b>Eco Mensajer\u00eda<\/b><span style=\"font-weight: 400;\"> representado por Edison Santos, con su lema, \u201cUn mundo mejor en cada entrega\u201d con su servicio de movilidad sostenible, entrega a tiempo sus documentos usando una flotilla el\u00e9ctrica sin emisi\u00f3n de C02.<\/span> <span style=\"font-weight: 400;\">y <\/span><b>Kiej de los Bosques<\/b><span style=\"font-weight: 400;\"> de Guatemala , representado por Mar\u00eda Pacheco, que tiene como objetivo crear oportunidades de generaci\u00f3n de ingresos para las mujeres que viven en la pobreza en Guatemala.<\/span><\/p>\n\n\n<div class=\"wp-block-image\">\n<figure class=\"aligncenter is-resized\"><img loading=\"lazy\" decoding=\"async\" src=\"https:\/\/i0.wp.com\/casadecampoliving.com\/wp-content\/uploads\/2022\/10\/Chivas-The-Venture-winners.jpg?resize=650%2C366&amp;ssl=1\" alt=\"Chivas The Venture winners\" class=\"wp-image-116340\" height=\"366\" width=\"650\"\/><\/figure>\n<\/div>\n\n\n<p><span style=\"font-weight: 400;\">Los ganadores tienen ahora para prepararse para la siguiente fase, la Competencia Global, donde los miembros del jurado servir\u00e1n como mentores, y el p\u00fablico votar\u00e1 por su favorito para determinar c\u00f3mo $250,000 del fondo se distribuye entre los finalistas.<\/span><\/p>\n\n\n\n<p><span style=\"font-weight: 400;\">Al preguntar c\u00f3mo The Venture se relaciona con Chivas Regal Whisky, la marca ofrece la siguiente respuesta inspiradora: <\/span><b><i>\u201cDesde el principio, nuestros fundadores, James y John Chivas, estaban comprometidos a usar su \u00e9xito en los negocios personales para apoyar a su comunidad local en Escocia. Desde entonces Chivas ha apoyado una serie de iniciativas empresariales en varios pa\u00edses alrededor del mundo.<\/i><\/b><\/p>\n\n\n\n<p><b><i>Incluso m\u00e1s hoy en d\u00eda, creemos que al usar un negocio como una fuerza para el bien tendr\u00e1 un impacto positivo en la sociedad. Sabemos que el deseo de hacer una diferencia en las vidas de otros a trav\u00e9s del trabajo es real y significativo a una nueva generaci\u00f3n que creen que el negocio puede ser una fuerza para el bien. Defender la creaci\u00f3n de empresas con un fin social es una oportunidad para nosotros, no s\u00f3lo para demostrar lo que realmente significa Live with Chivalry sino tambi\u00e9n para hacer una contribuci\u00f3n importante a este movimiento\u201d<\/i><\/b><i>.<\/i><\/p>\n","protected":false},"excerpt":{"rendered":"<p>El pasado martes 12 de enero, nuestros amigos de Chivas Regal anunciaron las entidades que representar\u00e1n a Am\u00e9rica Central y la Rep\u00fablica Dominicana en el Competencia Global de Chivas, The Venture, donde competir\u00e1n contra otros 25 mercados por parte del fondo de 1 mill\u00f3n de d\u00f3lares para acelerar o hacer crecer su emprendimiento social.<\/p>\n","protected":false},"author":36682,"featured_media":279753,"comment_status":"closed","ping_status":"closed","sticky":false,"template":"","format":"standard","meta":{"newspack_ads_suppress_ads":false,"newspack_popups_has_disabled_popups":false,"newspack_sponsor_sponsorship_scope":"","newspack_sponsor_native_byline_display":"inherit","newspack_sponsor_native_category_display":"inherit","newspack_sponsor_underwriter_style":"inherit","newspack_sponsor_underwriter_placement":"inherit","_newspack_byline_active":false,"_newspack_byline":"","newspack_hide_updated_date":false,"newspack_show_updated_date":false,"newspack_content_restriction_is_exempt":false,"newspack_featured_image_position":"","newspack_post_subtitle":"","newspack_article_summary_title":"Overview:","newspack_article_summary":"","_jetpack_memberships_contains_paid_content":false,"footnotes":"","jetpack_publicize_message":"","jetpack_publicize_feature_enabled":true,"jetpack_social_post_already_shared":false,"jetpack_social_options":{"image_generator_settings":{"template":"highway","default_image_id":0,"font":"","enabled":false},"version":2},"_wpas_customize_per_network":false},"categories":[26936,26951,14631,2522,2514,2506,14625,14627,2521,2526],"tags":[7769,14777,3763,10928],"newspack_spnsrs_tax":[],"class_list":["post-349055","post","type-post","status-publish","format-standard","has-post-thumbnail","hentry","category-casa-de-campo-living-es","category-ccl-presenta","category-estilo-de-vida","category-eventos-es","category-fundaciones-es","category-mas-alla-de-casa-es","category-noticias-locales","category-proximamente","category-republica-dominicana-2","category-titulares-es","tag-chivas-es","tag-republica-dominicana-es-18","tag-santo-domingo-es","tag-the-venture-es","entry"],"yoast_head":"<!-- This site is optimized with the Yoast SEO plugin v27.5 - https:\/\/yoast.com\/product\/yoast-seo-wordpress\/ -->\n<title>Chivas, The Venture RD y Am\u00e9rica Central &quot;Ganamos de la Forma Correcta&quot; | Casa de Campo Living<\/title>\n<meta name=\"description\" content=\"El pasado martes 12 de enero, nuestros amigos de Chivas Regal anunciaron las entidades que representar\u00e1n a Am\u00e9rica Central y la Rep\u00fablica Dominicana en el\" \/>\n<meta name=\"robots\" content=\"index, follow, max-snippet:-1, max-image-preview:large, max-video-preview:-1\" \/>\n<link rel=\"canonical\" href=\"https:\/\/casadecampoliving.com\/es\/chivas-the-venture-rd-y-america-central\/\" \/>\n<meta property=\"og:locale\" content=\"es_ES\" \/>\n<meta property=\"og:type\" content=\"article\" \/>\n<meta property=\"og:title\" content=\"Chivas, The Venture RD y Am\u00e9rica Central &quot;Ganamos de la Forma Correcta&quot; | Casa de Campo Living\" \/>\n<meta property=\"og:description\" content=\"El pasado martes 12 de enero, nuestros amigos de Chivas Regal anunciaron las entidades que representar\u00e1n a Am\u00e9rica Central y la Rep\u00fablica Dominicana en el\" \/>\n<meta property=\"og:url\" content=\"https:\/\/casadecampoliving.com\/es\/chivas-the-venture-rd-y-america-central\/\" \/>\n<meta property=\"og:site_name\" content=\"Casa de Campo Living\" \/>\n<meta property=\"article:publisher\" content=\"https:\/\/www.facebook.com\/casadecampoliving\" \/>\n<meta property=\"article:published_time\" content=\"2016-01-23T04:00:00+00:00\" \/>\n<meta property=\"article:modified_time\" content=\"2022-10-21T22:56:46+00:00\" \/>\n<meta property=\"og:image\" content=\"https:\/\/i0.wp.com\/casadecampoliving.com\/wp-content\/uploads\/2022\/10\/Foto-Principal-Chivas-The-Venture-1.jpg?fit=650%2C400&ssl=1\" \/>\n\t<meta property=\"og:image:width\" content=\"650\" \/>\n\t<meta property=\"og:image:height\" content=\"400\" \/>\n\t<meta property=\"og:image:type\" content=\"image\/jpeg\" \/>\n<meta name=\"author\" content=\"Marlenys Guzm\u00e1n Casta\u00f1os\" \/>\n<meta name=\"twitter:card\" content=\"summary_large_image\" \/>\n<meta name=\"twitter:creator\" content=\"@cdcliving\" \/>\n<meta name=\"twitter:site\" content=\"@cdcliving\" \/>\n<meta name=\"twitter:label1\" content=\"Escrito por\" \/>\n\t<meta name=\"twitter:data1\" content=\"Marlenys Guzm\u00e1n Casta\u00f1os\" \/>\n\t<meta name=\"twitter:label2\" content=\"Tiempo de lectura\" \/>\n\t<meta name=\"twitter:data2\" content=\"3 minutos\" \/>\n<script type=\"application\/ld+json\" class=\"yoast-schema-graph\">{\"@context\":\"https:\\\/\\\/schema.org\",\"@graph\":[{\"@type\":\"Article\",\"@id\":\"https:\\\/\\\/casadecampoliving.com\\\/es\\\/chivas-the-venture-rd-y-america-central\\\/#article\",\"isPartOf\":{\"@id\":\"https:\\\/\\\/casadecampoliving.com\\\/es\\\/chivas-the-venture-rd-y-america-central\\\/\"},\"author\":{\"name\":\"Marlenys Guzm\u00e1n Casta\u00f1os\",\"@id\":\"https:\\\/\\\/casadecampoliving.com\\\/es\\\/#\\\/schema\\\/person\\\/b6606bd87f9cec8f5903e2141cafda24\"},\"headline\":\"Chivas, The Venture RD y Am\u00e9rica Central \u00abGanamos de la Forma Correcta\u00bb\",\"datePublished\":\"2016-01-23T04:00:00+00:00\",\"dateModified\":\"2022-10-21T22:56:46+00:00\",\"mainEntityOfPage\":{\"@id\":\"https:\\\/\\\/casadecampoliving.com\\\/es\\\/chivas-the-venture-rd-y-america-central\\\/\"},\"wordCount\":557,\"publisher\":{\"@id\":\"https:\\\/\\\/casadecampoliving.com\\\/es\\\/#organization\"},\"image\":{\"@id\":\"https:\\\/\\\/casadecampoliving.com\\\/es\\\/chivas-the-venture-rd-y-america-central\\\/#primaryimage\"},\"thumbnailUrl\":\"https:\\\/\\\/i0.wp.com\\\/casadecampoliving.com\\\/wp-content\\\/uploads\\\/2022\\\/10\\\/Foto-Principal-Chivas-The-Venture-1.jpg?fit=650%2C400&ssl=1\",\"keywords\":[\"chivas @es\",\"Republica Dominicana\",\"santo domingo @es\",\"The Venture @es\"],\"articleSection\":[\"Casa de Campo Living @es\",\"CCL presenta\",\"Estilo de Vida\",\"Eventos\",\"Fundaciones\",\"M\u00e1s all\u00e1 de Casa\",\"Noticias Locales\",\"Proximamente\",\"Rep\u00fablica Dominicana @es\",\"Titulares\"],\"inLanguage\":\"es\"},{\"@type\":\"WebPage\",\"@id\":\"https:\\\/\\\/casadecampoliving.com\\\/es\\\/chivas-the-venture-rd-y-america-central\\\/\",\"url\":\"https:\\\/\\\/casadecampoliving.com\\\/es\\\/chivas-the-venture-rd-y-america-central\\\/\",\"name\":\"Chivas, The Venture RD y Am\u00e9rica Central \\\"Ganamos de la Forma Correcta\\\" | Casa de Campo Living\",\"isPartOf\":{\"@id\":\"https:\\\/\\\/casadecampoliving.com\\\/es\\\/#website\"},\"primaryImageOfPage\":{\"@id\":\"https:\\\/\\\/casadecampoliving.com\\\/es\\\/chivas-the-venture-rd-y-america-central\\\/#primaryimage\"},\"image\":{\"@id\":\"https:\\\/\\\/casadecampoliving.com\\\/es\\\/chivas-the-venture-rd-y-america-central\\\/#primaryimage\"},\"thumbnailUrl\":\"https:\\\/\\\/i0.wp.com\\\/casadecampoliving.com\\\/wp-content\\\/uploads\\\/2022\\\/10\\\/Foto-Principal-Chivas-The-Venture-1.jpg?fit=650%2C400&ssl=1\",\"datePublished\":\"2016-01-23T04:00:00+00:00\",\"dateModified\":\"2022-10-21T22:56:46+00:00\",\"description\":\"El pasado martes 12 de enero, nuestros amigos de Chivas Regal anunciaron las entidades que representar\u00e1n a Am\u00e9rica Central y la Rep\u00fablica Dominicana en el\",\"breadcrumb\":{\"@id\":\"https:\\\/\\\/casadecampoliving.com\\\/es\\\/chivas-the-venture-rd-y-america-central\\\/#breadcrumb\"},\"inLanguage\":\"es\",\"potentialAction\":[{\"@type\":\"ReadAction\",\"target\":[\"https:\\\/\\\/casadecampoliving.com\\\/es\\\/chivas-the-venture-rd-y-america-central\\\/\"]}]},{\"@type\":\"ImageObject\",\"inLanguage\":\"es\",\"@id\":\"https:\\\/\\\/casadecampoliving.com\\\/es\\\/chivas-the-venture-rd-y-america-central\\\/#primaryimage\",\"url\":\"https:\\\/\\\/i0.wp.com\\\/casadecampoliving.com\\\/wp-content\\\/uploads\\\/2022\\\/10\\\/Foto-Principal-Chivas-The-Venture-1.jpg?fit=650%2C400&ssl=1\",\"contentUrl\":\"https:\\\/\\\/i0.wp.com\\\/casadecampoliving.com\\\/wp-content\\\/uploads\\\/2022\\\/10\\\/Foto-Principal-Chivas-The-Venture-1.jpg?fit=650%2C400&ssl=1\",\"width\":650,\"height\":400,\"caption\":\"Foto Principal Chivas The Venture\"},{\"@type\":\"BreadcrumbList\",\"@id\":\"https:\\\/\\\/casadecampoliving.com\\\/es\\\/chivas-the-venture-rd-y-america-central\\\/#breadcrumb\",\"itemListElement\":[{\"@type\":\"ListItem\",\"position\":1,\"name\":\"Home\",\"item\":\"https:\\\/\\\/casadecampoliving.com\\\/es\\\/\"},{\"@type\":\"ListItem\",\"position\":2,\"name\":\"Chivas, The Venture RD y Am\u00e9rica Central &#8220;Ganamos de la Forma Correcta&#8221;\"}]},{\"@type\":\"WebSite\",\"@id\":\"https:\\\/\\\/casadecampoliving.com\\\/es\\\/#website\",\"url\":\"https:\\\/\\\/casadecampoliving.com\\\/es\\\/\",\"name\":\"Casa de Campo Living\",\"description\":\"Resort community news and resources.\",\"publisher\":{\"@id\":\"https:\\\/\\\/casadecampoliving.com\\\/es\\\/#organization\"},\"potentialAction\":[{\"@type\":\"SearchAction\",\"target\":{\"@type\":\"EntryPoint\",\"urlTemplate\":\"https:\\\/\\\/casadecampoliving.com\\\/es\\\/?s={search_term_string}\"},\"query-input\":{\"@type\":\"PropertyValueSpecification\",\"valueRequired\":true,\"valueName\":\"search_term_string\"}}],\"inLanguage\":\"es\"},{\"@type\":\"Organization\",\"@id\":\"https:\\\/\\\/casadecampoliving.com\\\/es\\\/#organization\",\"name\":\"Casa de Campo Living\",\"url\":\"https:\\\/\\\/casadecampoliving.com\\\/es\\\/\",\"logo\":{\"@type\":\"ImageObject\",\"inLanguage\":\"es\",\"@id\":\"https:\\\/\\\/casadecampoliving.com\\\/es\\\/#\\\/schema\\\/logo\\\/image\\\/\",\"url\":\"https:\\\/\\\/i0.wp.com\\\/casadecampoliving.com\\\/wp-content\\\/uploads\\\/2022\\\/07\\\/CDCLivingLogo_V1-white-sized.png?fit=800%2C214&ssl=1\",\"contentUrl\":\"https:\\\/\\\/i0.wp.com\\\/casadecampoliving.com\\\/wp-content\\\/uploads\\\/2022\\\/07\\\/CDCLivingLogo_V1-white-sized.png?fit=800%2C214&ssl=1\",\"width\":800,\"height\":214,\"caption\":\"Casa de Campo Living\"},\"image\":{\"@id\":\"https:\\\/\\\/casadecampoliving.com\\\/es\\\/#\\\/schema\\\/logo\\\/image\\\/\"},\"sameAs\":[\"https:\\\/\\\/www.facebook.com\\\/casadecampoliving\",\"https:\\\/\\\/x.com\\\/cdcliving\"]},{\"@type\":\"Person\",\"@id\":\"https:\\\/\\\/casadecampoliving.com\\\/es\\\/#\\\/schema\\\/person\\\/b6606bd87f9cec8f5903e2141cafda24\",\"name\":\"Marlenys Guzm\u00e1n Casta\u00f1os\",\"image\":{\"@type\":\"ImageObject\",\"inLanguage\":\"es\",\"@id\":\"https:\\\/\\\/secure.gravatar.com\\\/avatar\\\/72f3f86b8e6b3ec744201aeadf11d4a6055e8af194aecd9ad30ffff4437878ee?s=96&d=mm&r=g\",\"url\":\"https:\\\/\\\/secure.gravatar.com\\\/avatar\\\/72f3f86b8e6b3ec744201aeadf11d4a6055e8af194aecd9ad30ffff4437878ee?s=96&d=mm&r=g\",\"contentUrl\":\"https:\\\/\\\/secure.gravatar.com\\\/avatar\\\/72f3f86b8e6b3ec744201aeadf11d4a6055e8af194aecd9ad30ffff4437878ee?s=96&d=mm&r=g\",\"caption\":\"Marlenys Guzm\u00e1n Casta\u00f1os\"},\"url\":\"https:\\\/\\\/casadecampoliving.com\\\/es\\\/author\\\/mguzman\\\/\"}]}<\/script>\n<!-- \/ Yoast SEO plugin. -->","yoast_head_json":{"title":"Chivas, The Venture RD y Am\u00e9rica Central \"Ganamos de la Forma Correcta\" | Casa de Campo Living","description":"El pasado martes 12 de enero, nuestros amigos de Chivas Regal anunciaron las entidades que representar\u00e1n a Am\u00e9rica Central y la Rep\u00fablica Dominicana en el","robots":{"index":"index","follow":"follow","max-snippet":"max-snippet:-1","max-image-preview":"max-image-preview:large","max-video-preview":"max-video-preview:-1"},"canonical":"https:\/\/casadecampoliving.com\/es\/chivas-the-venture-rd-y-america-central\/","og_locale":"es_ES","og_type":"article","og_title":"Chivas, The Venture RD y Am\u00e9rica Central \"Ganamos de la Forma Correcta\" | Casa de Campo Living","og_description":"El pasado martes 12 de enero, nuestros amigos de Chivas Regal anunciaron las entidades que representar\u00e1n a Am\u00e9rica Central y la Rep\u00fablica Dominicana en el","og_url":"https:\/\/casadecampoliving.com\/es\/chivas-the-venture-rd-y-america-central\/","og_site_name":"Casa de Campo Living","article_publisher":"https:\/\/www.facebook.com\/casadecampoliving","article_published_time":"2016-01-23T04:00:00+00:00","article_modified_time":"2022-10-21T22:56:46+00:00","og_image":[{"width":650,"height":400,"url":"https:\/\/i0.wp.com\/casadecampoliving.com\/wp-content\/uploads\/2022\/10\/Foto-Principal-Chivas-The-Venture-1.jpg?fit=650%2C400&ssl=1","type":"image\/jpeg"}],"author":"Marlenys Guzm\u00e1n Casta\u00f1os","twitter_card":"summary_large_image","twitter_creator":"@cdcliving","twitter_site":"@cdcliving","twitter_misc":{"Escrito por":"Marlenys Guzm\u00e1n Casta\u00f1os","Tiempo de lectura":"3 minutos"},"schema":{"@context":"https:\/\/schema.org","@graph":[{"@type":"Article","@id":"https:\/\/casadecampoliving.com\/es\/chivas-the-venture-rd-y-america-central\/#article","isPartOf":{"@id":"https:\/\/casadecampoliving.com\/es\/chivas-the-venture-rd-y-america-central\/"},"author":{"name":"Marlenys Guzm\u00e1n Casta\u00f1os","@id":"https:\/\/casadecampoliving.com\/es\/#\/schema\/person\/b6606bd87f9cec8f5903e2141cafda24"},"headline":"Chivas, The Venture RD y Am\u00e9rica Central \u00abGanamos de la Forma Correcta\u00bb","datePublished":"2016-01-23T04:00:00+00:00","dateModified":"2022-10-21T22:56:46+00:00","mainEntityOfPage":{"@id":"https:\/\/casadecampoliving.com\/es\/chivas-the-venture-rd-y-america-central\/"},"wordCount":557,"publisher":{"@id":"https:\/\/casadecampoliving.com\/es\/#organization"},"image":{"@id":"https:\/\/casadecampoliving.com\/es\/chivas-the-venture-rd-y-america-central\/#primaryimage"},"thumbnailUrl":"https:\/\/i0.wp.com\/casadecampoliving.com\/wp-content\/uploads\/2022\/10\/Foto-Principal-Chivas-The-Venture-1.jpg?fit=650%2C400&ssl=1","keywords":["chivas @es","Republica Dominicana","santo domingo @es","The Venture @es"],"articleSection":["Casa de Campo Living @es","CCL presenta","Estilo de Vida","Eventos","Fundaciones","M\u00e1s all\u00e1 de Casa","Noticias Locales","Proximamente","Rep\u00fablica Dominicana @es","Titulares"],"inLanguage":"es"},{"@type":"WebPage","@id":"https:\/\/casadecampoliving.com\/es\/chivas-the-venture-rd-y-america-central\/","url":"https:\/\/casadecampoliving.com\/es\/chivas-the-venture-rd-y-america-central\/","name":"Chivas, The Venture RD y Am\u00e9rica Central \"Ganamos de la Forma Correcta\" | Casa de Campo Living","isPartOf":{"@id":"https:\/\/casadecampoliving.com\/es\/#website"},"primaryImageOfPage":{"@id":"https:\/\/casadecampoliving.com\/es\/chivas-the-venture-rd-y-america-central\/#primaryimage"},"image":{"@id":"https:\/\/casadecampoliving.com\/es\/chivas-the-venture-rd-y-america-central\/#primaryimage"},"thumbnailUrl":"https:\/\/i0.wp.com\/casadecampoliving.com\/wp-content\/uploads\/2022\/10\/Foto-Principal-Chivas-The-Venture-1.jpg?fit=650%2C400&ssl=1","datePublished":"2016-01-23T04:00:00+00:00","dateModified":"2022-10-21T22:56:46+00:00","description":"El pasado martes 12 de enero, nuestros amigos de Chivas Regal anunciaron las entidades que representar\u00e1n a Am\u00e9rica Central y la Rep\u00fablica Dominicana en el","breadcrumb":{"@id":"https:\/\/casadecampoliving.com\/es\/chivas-the-venture-rd-y-america-central\/#breadcrumb"},"inLanguage":"es","potentialAction":[{"@type":"ReadAction","target":["https:\/\/casadecampoliving.com\/es\/chivas-the-venture-rd-y-america-central\/"]}]},{"@type":"ImageObject","inLanguage":"es","@id":"https:\/\/casadecampoliving.com\/es\/chivas-the-venture-rd-y-america-central\/#primaryimage","url":"https:\/\/i0.wp.com\/casadecampoliving.com\/wp-content\/uploads\/2022\/10\/Foto-Principal-Chivas-The-Venture-1.jpg?fit=650%2C400&ssl=1","contentUrl":"https:\/\/i0.wp.com\/casadecampoliving.com\/wp-content\/uploads\/2022\/10\/Foto-Principal-Chivas-The-Venture-1.jpg?fit=650%2C400&ssl=1","width":650,"height":400,"caption":"Foto Principal Chivas The Venture"},{"@type":"BreadcrumbList","@id":"https:\/\/casadecampoliving.com\/es\/chivas-the-venture-rd-y-america-central\/#breadcrumb","itemListElement":[{"@type":"ListItem","position":1,"name":"Home","item":"https:\/\/casadecampoliving.com\/es\/"},{"@type":"ListItem","position":2,"name":"Chivas, The Venture RD y Am\u00e9rica Central &#8220;Ganamos de la Forma Correcta&#8221;"}]},{"@type":"WebSite","@id":"https:\/\/casadecampoliving.com\/es\/#website","url":"https:\/\/casadecampoliving.com\/es\/","name":"Casa de Campo Living","description":"Resort community news and resources.","publisher":{"@id":"https:\/\/casadecampoliving.com\/es\/#organization"},"potentialAction":[{"@type":"SearchAction","target":{"@type":"EntryPoint","urlTemplate":"https:\/\/casadecampoliving.com\/es\/?s={search_term_string}"},"query-input":{"@type":"PropertyValueSpecification","valueRequired":true,"valueName":"search_term_string"}}],"inLanguage":"es"},{"@type":"Organization","@id":"https:\/\/casadecampoliving.com\/es\/#organization","name":"Casa de Campo Living","url":"https:\/\/casadecampoliving.com\/es\/","logo":{"@type":"ImageObject","inLanguage":"es","@id":"https:\/\/casadecampoliving.com\/es\/#\/schema\/logo\/image\/","url":"https:\/\/i0.wp.com\/casadecampoliving.com\/wp-content\/uploads\/2022\/07\/CDCLivingLogo_V1-white-sized.png?fit=800%2C214&ssl=1","contentUrl":"https:\/\/i0.wp.com\/casadecampoliving.com\/wp-content\/uploads\/2022\/07\/CDCLivingLogo_V1-white-sized.png?fit=800%2C214&ssl=1","width":800,"height":214,"caption":"Casa de Campo Living"},"image":{"@id":"https:\/\/casadecampoliving.com\/es\/#\/schema\/logo\/image\/"},"sameAs":["https:\/\/www.facebook.com\/casadecampoliving","https:\/\/x.com\/cdcliving"]},{"@type":"Person","@id":"https:\/\/casadecampoliving.com\/es\/#\/schema\/person\/b6606bd87f9cec8f5903e2141cafda24","name":"Marlenys Guzm\u00e1n Casta\u00f1os","image":{"@type":"ImageObject","inLanguage":"es","@id":"https:\/\/secure.gravatar.com\/avatar\/72f3f86b8e6b3ec744201aeadf11d4a6055e8af194aecd9ad30ffff4437878ee?s=96&d=mm&r=g","url":"https:\/\/secure.gravatar.com\/avatar\/72f3f86b8e6b3ec744201aeadf11d4a6055e8af194aecd9ad30ffff4437878ee?s=96&d=mm&r=g","contentUrl":"https:\/\/secure.gravatar.com\/avatar\/72f3f86b8e6b3ec744201aeadf11d4a6055e8af194aecd9ad30ffff4437878ee?s=96&d=mm&r=g","caption":"Marlenys Guzm\u00e1n Casta\u00f1os"},"url":"https:\/\/casadecampoliving.com\/es\/author\/mguzman\/"}]}},"parsely":{"version":"1.1.0","canonical_url":"https:\/\/casadecampoliving.com\/es\/chivas-the-venture-rd-y-america-central\/","smart_links":{"inbound":0,"outbound":0},"traffic_boost_suggestions_count":0,"meta":{"@context":"https:\/\/schema.org","@type":"NewsArticle","headline":"Chivas, The Venture RD y Am\u00e9rica Central \u00abGanamos de la Forma Correcta\u00bb","url":"http:\/\/casadecampoliving.com\/es\/chivas-the-venture-rd-y-america-central\/","mainEntityOfPage":{"@type":"WebPage","@id":"http:\/\/casadecampoliving.com\/es\/chivas-the-venture-rd-y-america-central\/"},"thumbnailUrl":"https:\/\/i0.wp.com\/casadecampoliving.com\/wp-content\/uploads\/2022\/10\/Foto-Principal-Chivas-The-Venture-1.jpg?resize=150%2C150&ssl=1","image":{"@type":"ImageObject","url":"https:\/\/i0.wp.com\/casadecampoliving.com\/wp-content\/uploads\/2022\/10\/Foto-Principal-Chivas-The-Venture-1.jpg?fit=650%2C400&ssl=1"},"articleSection":"CCL presenta","author":[{"@type":"Person","name":"Marlenys Guzm\u00e1n Casta\u00f1os"}],"creator":["Marlenys Guzm\u00e1n Casta\u00f1os"],"publisher":{"@type":"Organization","name":"Casa de Campo Living","logo":"https:\/\/casadecampoliving.com\/wp-content\/uploads\/2022\/07\/CDCLivingLogo_V1-white-sized.png"},"keywords":["chivas @es","republica dominicana","santo domingo @es","the venture @es"],"dateCreated":"2016-01-23T04:00:00Z","datePublished":"2016-01-23T04:00:00Z","dateModified":"2022-10-21T22:56:46Z"},"rendered":"<script type=\"application\/ld+json\" class=\"wp-parsely-metadata\">{\"@context\":\"https:\\\/\\\/schema.org\",\"@type\":\"NewsArticle\",\"headline\":\"Chivas, The Venture RD y Am\\u00e9rica Central \\u00abGanamos de la Forma Correcta\\u00bb\",\"url\":\"http:\\\/\\\/casadecampoliving.com\\\/es\\\/chivas-the-venture-rd-y-america-central\\\/\",\"mainEntityOfPage\":{\"@type\":\"WebPage\",\"@id\":\"http:\\\/\\\/casadecampoliving.com\\\/es\\\/chivas-the-venture-rd-y-america-central\\\/\"},\"thumbnailUrl\":\"https:\\\/\\\/i0.wp.com\\\/casadecampoliving.com\\\/wp-content\\\/uploads\\\/2022\\\/10\\\/Foto-Principal-Chivas-The-Venture-1.jpg?resize=150%2C150&ssl=1\",\"image\":{\"@type\":\"ImageObject\",\"url\":\"https:\\\/\\\/i0.wp.com\\\/casadecampoliving.com\\\/wp-content\\\/uploads\\\/2022\\\/10\\\/Foto-Principal-Chivas-The-Venture-1.jpg?fit=650%2C400&ssl=1\"},\"articleSection\":\"CCL presenta\",\"author\":[{\"@type\":\"Person\",\"name\":\"Marlenys Guzm\\u00e1n Casta\\u00f1os\"}],\"creator\":[\"Marlenys Guzm\\u00e1n Casta\\u00f1os\"],\"publisher\":{\"@type\":\"Organization\",\"name\":\"Casa de Campo Living\",\"logo\":\"https:\\\/\\\/casadecampoliving.com\\\/wp-content\\\/uploads\\\/2022\\\/07\\\/CDCLivingLogo_V1-white-sized.png\"},\"keywords\":[\"chivas @es\",\"republica dominicana\",\"santo domingo @es\",\"the venture @es\"],\"dateCreated\":\"2016-01-23T04:00:00Z\",\"datePublished\":\"2016-01-23T04:00:00Z\",\"dateModified\":\"2022-10-21T22:56:46Z\"}<\/script>","tracker_url":"https:\/\/cdn.parsely.com\/keys\/casadecampoliving.com\/p.js"},"jetpack_publicize_connections":[],"jetpack_featured_media_url":"https:\/\/i0.wp.com\/casadecampoliving.com\/wp-content\/uploads\/2022\/10\/Foto-Principal-Chivas-The-Venture-1.jpg?fit=650%2C400&ssl=1","jetpack-related-posts":[{"id":345872,"url":"https:\/\/casadecampoliving.com\/es\/chivas-lanza-venture\/","url_meta":{"origin":349055,"position":0},"title":"Chivas lanza \u00abThe Venture\u00bb","author":"Perkin Agramonte","date":"3 Nov, 2014","format":false,"excerpt":"El mi\u00e9rcoles 29 de octubre, Chivas Regal present\u00f3 su nueva campa\u00f1a internacional llamada \"The Venture (Win the Right Way), donde 20 emprendedores sociales de pa\u00edses distintos, incluyendo Rep\u00fablica Dominicana, recibir\u00e1n parte de 1 mill\u00f3n de d\u00f3lares que usar\u00e1n para poner en marcha su idea o proyecto. \u201cThe Venture\u201d es un\u2026","rel":"","context":"En \u00abM\u00e1s all\u00e1 de Casa\u00bb","block_context":{"text":"M\u00e1s all\u00e1 de Casa","link":"https:\/\/casadecampoliving.com\/es\/category\/mas-alla-de-casa-es\/"},"img":{"alt_text":"","src":"https:\/\/i0.wp.com\/casadecampoliving.com\/wp-content\/uploads\/2022\/10\/Fotografia-Principal-Fernando-Barrero-Steven-Fisher-Juan-Carlos-Gonzalez-y-Orlando-Perez-Richiez-1.jpg?fit=637%2C395&ssl=1&resize=350%2C200","width":350,"height":200,"srcset":"https:\/\/i0.wp.com\/casadecampoliving.com\/wp-content\/uploads\/2022\/10\/Fotografia-Principal-Fernando-Barrero-Steven-Fisher-Juan-Carlos-Gonzalez-y-Orlando-Perez-Richiez-1.jpg?fit=637%2C395&ssl=1&resize=350%2C200 1x, https:\/\/i0.wp.com\/casadecampoliving.com\/wp-content\/uploads\/2022\/10\/Fotografia-Principal-Fernando-Barrero-Steven-Fisher-Juan-Carlos-Gonzalez-y-Orlando-Perez-Richiez-1.jpg?fit=637%2C395&ssl=1&resize=525%2C300 1.5x"},"classes":[]},{"id":349594,"url":"https:\/\/casadecampoliving.com\/es\/votar-finalista-dominicano-chivas-the-venture\/","url_meta":{"origin":349055,"position":1},"title":"\u00a1Prep\u00e1rense para VOTAR por el finalista Dominicano en el Chivas The Venture!","author":"Marlenys Guzm\u00e1n Casta\u00f1os","date":"12 Abr, 2016","format":false,"excerpt":"Hace un par de meses, Chivas Regal anunci\u00f3 las entidades que representar\u00e1n a Am\u00e9rica Central y la Rep\u00fablica Dominicana en la competencia global Chivas El Venture, donde estar\u00e1n compitiendo contra otros 25 mercados por parte del fondo de $1 mill\u00f3n de dolares para potenciar extraordinarias iniciativas y crear un cambio\u2026","rel":"","context":"En \u00abEventos\u00bb","block_context":{"text":"Eventos","link":"https:\/\/casadecampoliving.com\/es\/category\/eventos-es\/"},"img":{"alt_text":"Featured Image The Venture by Chivas","src":"https:\/\/i0.wp.com\/casadecampoliving.com\/wp-content\/uploads\/2022\/10\/Featured-Image-The-Venture-by-Chivas.jpg?fit=1000%2C600&ssl=1&resize=350%2C200","width":350,"height":200,"srcset":"https:\/\/i0.wp.com\/casadecampoliving.com\/wp-content\/uploads\/2022\/10\/Featured-Image-The-Venture-by-Chivas.jpg?fit=1000%2C600&ssl=1&resize=350%2C200 1x, https:\/\/i0.wp.com\/casadecampoliving.com\/wp-content\/uploads\/2022\/10\/Featured-Image-The-Venture-by-Chivas.jpg?fit=1000%2C600&ssl=1&resize=525%2C300 1.5x, https:\/\/i0.wp.com\/casadecampoliving.com\/wp-content\/uploads\/2022\/10\/Featured-Image-The-Venture-by-Chivas.jpg?fit=1000%2C600&ssl=1&resize=700%2C400 2x"},"classes":[]},{"id":346659,"url":"https:\/\/casadecampoliving.com\/es\/chivas-presento-emprendedor-social-ganador-venture\/","url_meta":{"origin":349055,"position":2},"title":"Chivas presenta al ganador de The Venture","author":"Perkin Agramonte","date":"4 Feb, 2015","format":false,"excerpt":"\u00bfRecuerda cuando habl\u00e1bamos de The Venture? Pues el pasado lunes 2 de febrero Chivas Regal anunci\u00f3 en el Hotel JW Marriott Blue Mall, Santo Domingo al ganador de este ambicioso proyecto de emprendimiento social que representar\u00e1 a\u00a0Rep\u00fablica Dominicana en la Competencia Global The Venture que tendr\u00e1 lugar en\u00a0Silicon Valley del\u2026","rel":"","context":"En \u00abM\u00e1s all\u00e1 de Casa\u00bb","block_context":{"text":"M\u00e1s all\u00e1 de Casa","link":"https:\/\/casadecampoliving.com\/es\/category\/mas-alla-de-casa-es\/"},"img":{"alt_text":"Roselyn O'Neil, Alfonso Aguayo, Julio Pou Francisco Garc\u00eda y Juan Carlos Gonz\u00e1lez","src":"https:\/\/i0.wp.com\/casadecampoliving.com\/wp-content\/uploads\/2022\/10\/Roselyn-ONeil-Alfonso-Aguayo-Julio-Pou-Francisco-Garcia-y-Juan-Carlos-Gonzalez1.jpg?fit=650%2C414&ssl=1&resize=350%2C200","width":350,"height":200,"srcset":"https:\/\/i0.wp.com\/casadecampoliving.com\/wp-content\/uploads\/2022\/10\/Roselyn-ONeil-Alfonso-Aguayo-Julio-Pou-Francisco-Garcia-y-Juan-Carlos-Gonzalez1.jpg?fit=650%2C414&ssl=1&resize=350%2C200 1x, https:\/\/i0.wp.com\/casadecampoliving.com\/wp-content\/uploads\/2022\/10\/Roselyn-ONeil-Alfonso-Aguayo-Julio-Pou-Francisco-Garcia-y-Juan-Carlos-Gonzalez1.jpg?fit=650%2C414&ssl=1&resize=525%2C300 1.5x"},"classes":[]},{"id":351297,"url":"https:\/\/casadecampoliving.com\/es\/cuenta-regresiva-las-finales-globales-de-chivas-the-venture-la-votacion-abre-el-1ro-de-mayo\/","url_meta":{"origin":349055,"position":3},"title":"Cuenta regresiva a las finales globales de Chivas The Venture: \u00a1La votaci\u00f3n abre el 1ro de mayo!","author":"Heather Lincoln","date":"27 Mar, 2017","format":false,"excerpt":"En s\u00f3lo 34 d\u00edas, el 1 de mayo de 2017 nuestros votos determinar\u00e1n c\u00f3mo se dividir\u00e1n $250,000 d\u00f3lares entre los finalistas de Chivas The Venture, una competencia mundial en la que las compa\u00f1\u00edas startups prometedoras compiten por $ 1 mill\u00f3n de d\u00f3lares en fondos para sus negocios de emprendimiento social.\u2026","rel":"","context":"En \u00abArte y cultura\u00bb","block_context":{"text":"Arte y cultura","link":"https:\/\/casadecampoliving.com\/category\/arte-y-cultura\/"},"img":{"alt_text":"Chivas The Venture 2017","src":"https:\/\/i0.wp.com\/casadecampoliving.com\/wp-content\/uploads\/2022\/10\/Chivas_The_Venture_2017-e1490382258359.jpg?fit=1000%2C600&ssl=1&resize=350%2C200","width":350,"height":200,"srcset":"https:\/\/i0.wp.com\/casadecampoliving.com\/wp-content\/uploads\/2022\/10\/Chivas_The_Venture_2017-e1490382258359.jpg?fit=1000%2C600&ssl=1&resize=350%2C200 1x, https:\/\/i0.wp.com\/casadecampoliving.com\/wp-content\/uploads\/2022\/10\/Chivas_The_Venture_2017-e1490382258359.jpg?fit=1000%2C600&ssl=1&resize=525%2C300 1.5x, https:\/\/i0.wp.com\/casadecampoliving.com\/wp-content\/uploads\/2022\/10\/Chivas_The_Venture_2017-e1490382258359.jpg?fit=1000%2C600&ssl=1&resize=700%2C400 2x"},"classes":[]},{"id":433460,"url":"https:\/\/casadecampoliving.com\/es\/no-se-pierdan-el-increible-tributo-a-frank-sinatra-para-celebrar-el-40-aniversario-del-anfiteatro-altos-de-chavon\/","url_meta":{"origin":349055,"position":4},"title":"No se pierdan el incre\u00edble tributo a Frank Sinatra para celebrar el 40 aniversario del\u00a0Anfiteatro Altos de Chav\u00f3n","author":"Casa de Campo Living","date":"20 Oct, 2022","format":false,"excerpt":"Siendo uno de los escenarios m\u00e1s emblem\u00e1ticos del pa\u00eds, Casa de Campo Resort\u00ae & Villas celebra las cuatro d\u00e9cadas de aniversario de Altos de Chav\u00f3n con un tributo al gran Frank Sinatra, protagonizado por artistas invitados y una big band tal cual la que acompa\u00f1\u00f3 al artista hace 40 a\u00f1os\u2026","rel":"","context":"En \u00abUncategorized @es\u00bb","block_context":{"text":"Uncategorized @es","link":"https:\/\/casadecampoliving.com\/es\/category\/uncategorized-es\/"},"img":{"alt_text":"","src":"https:\/\/i0.wp.com\/casadecampoliving.com\/wp-content\/uploads\/2022\/10\/Tributo-Frank-Sinatra-Foto-Principal-Amaury-Sanchez-Danilo-Ginebra-Andres-Pichardo-y-Jose-Gabriel-Perez-.jpg?fit=1200%2C873&ssl=1&resize=350%2C200","width":350,"height":200,"srcset":"https:\/\/i0.wp.com\/casadecampoliving.com\/wp-content\/uploads\/2022\/10\/Tributo-Frank-Sinatra-Foto-Principal-Amaury-Sanchez-Danilo-Ginebra-Andres-Pichardo-y-Jose-Gabriel-Perez-.jpg?fit=1200%2C873&ssl=1&resize=350%2C200 1x, https:\/\/i0.wp.com\/casadecampoliving.com\/wp-content\/uploads\/2022\/10\/Tributo-Frank-Sinatra-Foto-Principal-Amaury-Sanchez-Danilo-Ginebra-Andres-Pichardo-y-Jose-Gabriel-Perez-.jpg?fit=1200%2C873&ssl=1&resize=525%2C300 1.5x, https:\/\/i0.wp.com\/casadecampoliving.com\/wp-content\/uploads\/2022\/10\/Tributo-Frank-Sinatra-Foto-Principal-Amaury-Sanchez-Danilo-Ginebra-Andres-Pichardo-y-Jose-Gabriel-Perez-.jpg?fit=1200%2C873&ssl=1&resize=700%2C400 2x, https:\/\/i0.wp.com\/casadecampoliving.com\/wp-content\/uploads\/2022\/10\/Tributo-Frank-Sinatra-Foto-Principal-Amaury-Sanchez-Danilo-Ginebra-Andres-Pichardo-y-Jose-Gabriel-Perez-.jpg?fit=1200%2C873&ssl=1&resize=1050%2C600 3x"},"classes":[]},{"id":349850,"url":"https:\/\/casadecampoliving.com\/es\/eco-mensajeria-5to-lugar\/","url_meta":{"origin":349055,"position":5},"title":"\u00a1Eco Mensajer\u00eda obtuvo el 5to lugar la semana pasada! \u00a1Continuemos votando!","author":"Marlenys Guzm\u00e1n Casta\u00f1os","date":"20 May, 2016","format":false,"excerpt":"\u00bfRecuerda que anunciamos hace un par de semanas que Eco Mensajer\u00eda fue uno de los 27 finalistas en Chivas The Venture, y que la 1era semana de votaci\u00f3n comenzar\u00eda el 9 de mayo? \u00a1Bueno, lo logramos! \u00a1La 1era semana de la votaci\u00f3n result\u00f3 ser muy exitosa para nuestro finalista! La\u2026","rel":"","context":"En \u00abM\u00e1s all\u00e1 de Casa\u00bb","block_context":{"text":"M\u00e1s all\u00e1 de Casa","link":"https:\/\/casadecampoliving.com\/es\/category\/mas-alla-de-casa-es\/"},"img":{"alt_text":"","src":"https:\/\/i0.wp.com\/casadecampoliving.com\/wp-content\/uploads\/2022\/10\/Eco-Mensajeria-Team.jpg?fit=1000%2C600&ssl=1&resize=350%2C200","width":350,"height":200,"srcset":"https:\/\/i0.wp.com\/casadecampoliving.com\/wp-content\/uploads\/2022\/10\/Eco-Mensajeria-Team.jpg?fit=1000%2C600&ssl=1&resize=350%2C200 1x, https:\/\/i0.wp.com\/casadecampoliving.com\/wp-content\/uploads\/2022\/10\/Eco-Mensajeria-Team.jpg?fit=1000%2C600&ssl=1&resize=525%2C300 1.5x, https:\/\/i0.wp.com\/casadecampoliving.com\/wp-content\/uploads\/2022\/10\/Eco-Mensajeria-Team.jpg?fit=1000%2C600&ssl=1&resize=700%2C400 2x"},"classes":[]}],"jetpack_sharing_enabled":true,"_links":{"self":[{"href":"https:\/\/casadecampoliving.com\/es\/wp-json\/wp\/v2\/posts\/349055","targetHints":{"allow":["GET"]}}],"collection":[{"href":"https:\/\/casadecampoliving.com\/es\/wp-json\/wp\/v2\/posts"}],"about":[{"href":"https:\/\/casadecampoliving.com\/es\/wp-json\/wp\/v2\/types\/post"}],"author":[{"embeddable":true,"href":"https:\/\/casadecampoliving.com\/es\/wp-json\/wp\/v2\/users\/36682"}],"replies":[{"embeddable":true,"href":"https:\/\/casadecampoliving.com\/es\/wp-json\/wp\/v2\/comments?post=349055"}],"version-history":[{"count":1,"href":"https:\/\/casadecampoliving.com\/es\/wp-json\/wp\/v2\/posts\/349055\/revisions"}],"predecessor-version":[{"id":349056,"href":"https:\/\/casadecampoliving.com\/es\/wp-json\/wp\/v2\/posts\/349055\/revisions\/349056"}],"wp:featuredmedia":[{"embeddable":true,"href":"https:\/\/casadecampoliving.com\/es\/wp-json\/wp\/v2\/media\/279753"}],"wp:attachment":[{"href":"https:\/\/casadecampoliving.com\/es\/wp-json\/wp\/v2\/media?parent=349055"}],"wp:term":[{"taxonomy":"category","embeddable":true,"href":"https:\/\/casadecampoliving.com\/es\/wp-json\/wp\/v2\/categories?post=349055"},{"taxonomy":"post_tag","embeddable":true,"href":"https:\/\/casadecampoliving.com\/es\/wp-json\/wp\/v2\/tags?post=349055"},{"taxonomy":"newspack_spnsrs_tax","embeddable":true,"href":"https:\/\/casadecampoliving.com\/es\/wp-json\/wp\/v2\/newspack_spnsrs_tax?post=349055"}],"curies":[{"name":"wp","href":"https:\/\/api.w.org\/{rel}","templated":true}]}}