{"id":349045,"date":"2016-01-20T00:00:00","date_gmt":"2016-01-20T04:00:00","guid":{"rendered":"https:\/\/casadecampoliving.com\/dias-festivos-dominicanos-y-un-poco-de-nuestra-historia\/"},"modified":"2022-10-21T18:56:21","modified_gmt":"2022-10-21T22:56:21","slug":"dias-festivos-dominicanos-y-un-poco-de-nuestra-historia","status":"publish","type":"post","link":"https:\/\/casadecampoliving.com\/es\/dias-festivos-dominicanos-y-un-poco-de-nuestra-historia\/","title":{"rendered":"\u00a1D\u00edas Feriados Dominicanos y un poco de nuestra historia!"},"content":{"rendered":"<div class=\"wp-block-image\">\n<figure class=\"aligncenter is-resized\"><img loading=\"lazy\" decoding=\"async\" src=\"https:\/\/i0.wp.com\/casadecampoliving.com\/wp-content\/uploads\/2022\/10\/Dominican-Holidays-2016.jpg?resize=650%2C400&amp;ssl=1\" alt=\"Dominican Holidays 2016\" class=\"wp-image-116299\" height=\"400\" width=\"650\"\/><\/figure>\n<\/div>\n\n\n<p><span style=\"font-weight: 400;\">Al inicio de cada a\u00f1o nuevo sacamos nuestros calendarios para verificar los d\u00edas feriados y muchos de nosotros comenzamos a planear nuestro tiempo alrededor de estas fechas ya sea para salir a visitar familiares, irnos de vacaciones, asistir a misa, o simplemente descansar.<br>\n<\/span><\/p>\n\n\n\n<p><\/p>\n\n\n\n<!--more-->\n\n\n\n<p><span style=\"font-weight: 400;\">Estas fechas son parte de nuestra cultura , reflejan nuestras creencias, y en muchos casos, nuestras luchas como naci\u00f3n y el inmenso progreso que hemos hecho. Nosotros, los dominicanos somos una mezcla de culturas, y por naturaleza manifestamos nuestro esp\u00edritu festivo de diferentes maneras. \u00bfCu\u00e1ntas veces hemos participado en las diversas celebraciones que tienen lugar durante todo el a\u00f1o sin tener una clara comprensi\u00f3n o conocimiento de lo que significan? O la historia de c\u00f3mo llegaron a ser?<\/span><br>\n<span style=\"font-weight: 400;\">A continuaci\u00f3n hemos preparado una lista de estos d\u00edas especiales, y seg\u00fan la Ley 139-97 del 19 de junio de 1997, han de ser trasladado al lunes siguiente si caen en martes, mi\u00e9rcoles, jueves o viernes. Sin embargo, s\u00ed son una fiesta el dia no se cambia.<\/span><\/p>\n\n\n\n<ul class=\"wp-block-list\"><li style=\"font-weight: 400;\"><span style=\"font-weight: 400;\">Virgen de la Altagracia \u2013 Jueves 21 de enero<\/span><\/li><li style=\"font-weight: 400;\"><span style=\"font-weight: 400;\">Juan Pablo Duarte \u2013 Martes 26 de enero (se traslad\u00f3 al lunes 25 de enero)<\/span><\/li><li style=\"font-weight: 400;\"><span style=\"font-weight: 400;\">D\u00eda de la Independencia \u2013 S\u00e1bado 27 de febrero<\/span><\/li><li style=\"font-weight: 400;\"><span style=\"font-weight: 400;\">Pascua \/ Viernes Santo \u2013 Viernes 25 de marzo<\/span><\/li><li style=\"font-weight: 400;\"><span style=\"font-weight: 400;\">D\u00eda del Trabajo \u2013 Domingo 01 de mayo (se traslad\u00f3 al segundo lun mayo)<\/span><\/li><li style=\"font-weight: 400;\"><span style=\"font-weight: 400;\">Corpus Christi \u2013 Jueves, 26 de mayo<\/span><\/li><li style=\"font-weight: 400;\"><span style=\"font-weight: 400;\">D\u00eda de la Madre \u2013 Domingo, 29 de mayo<\/span><\/li><li style=\"font-weight: 400;\"><span style=\"font-weight: 400;\">D\u00eda del Padre \u2013 Domingo, 24 de julio<\/span><\/li><li style=\"font-weight: 400;\"><span style=\"font-weight: 400;\">Restauraci\u00f3n D\u00eda \u2013 Martes, 16 de agosto<\/span><\/li><li style=\"font-weight: 400;\"><span style=\"font-weight: 400;\">D\u00eda Mercedes \u2013 S\u00e1bado, 24 de septiembre<\/span><\/li><li style=\"font-weight: 400;\"><span style=\"font-weight: 400;\">Constituci\u00f3n Day- Domingo, 06 de noviembre<\/span><\/li><li style=\"font-weight: 400;\"><span style=\"font-weight: 400;\">D\u00eda de Navidad \u2013 Domingo, 25 de diciembre<\/span><\/li><\/ul>\n\n\n\n<p><span style=\"font-weight: 400;\">Ahora vamos a profundizar un poco sobre estas fechas:<\/span><\/p>\n\n\n\n<blockquote><h3 style=\"text-align: justify;\"><b>Virgen de Altagracia D\u00eda \u2013 21 de enero<\/b><\/h3><figure><img decoding=\"async\" loading=\"lazy\" class=\"alignright size-thumbnail wp-image-116294\" src=\"https:\/\/i0.wp.com\/casadecampoliving.com\/wp-content\/uploads\/2022\/10\/virgen_de_la_altagracia-2.jpg?resize=150%2C150&amp;ssl=1\" alt=\"virgen_de_la_altagracia\" width=\"150\" height=\"150\"><\/figure><p style=\"text-align: justify;\"><span style=\"font-weight: 400;\">El d\u00eda es un reconocimiento a Mar\u00eda, que es considerado como la \u201cMadre Protectora\u201d de la Rep\u00fablica Dominicana . El d\u00eda de la Virgen de la Altagracia, se celebra anualmente el 21 de enero, y cada a\u00f1o miles de fieles devotos de la Virgen viajan de toda la Rep\u00fablica Dominicana a la Bas\u00edlica de Hig\u00fcey para adorar, orar y pedir por la salud o su protecci\u00f3n milagrosa. \u2013 <a href=\"https:\/\/casadecampoliving.com\/es\/dia-de-nuestra-senora-de-la-altagracia\/\">Leer m\u00e1s de este <\/a><span style=\"font-weight: 400;\"><a href=\"https:\/\/casadecampoliving.com\/es\/dia-de-nuestra-senora-de-la-altagracia\/\">d\u00eda especial<\/a>.<\/span><\/span><\/p><\/blockquote>\n\n\n\n<blockquote><h3><b>Juan Pablo Duarte D\u00eda \u2013 26 de enero<\/b><\/h3><p style=\"text-align: justify;\"><span style=\"font-weight: 400;\">Este d\u00eda se conmemora el cumplea\u00f1os de Juan Pablo Duarte. Fue uno de los padres fundadores de la Rep\u00fablica Dominicana; un pensador visionario y liberal, que junto a Francisco del Rosario S\u00e1nchez y Mat\u00edas Ram\u00f3n Mella, es ampliamente considerado como el arquitecto de la Rep\u00fablica Dominicana y su independencia del dominio de Hait\u00ed en 1844. \u00c9l ayudar\u00eda a crear la organizaci\u00f3n pol\u00edtico-militar de La Trinitaria para luchar contra la ocupaci\u00f3n haitiana, lograr la independencia, y crear una naci\u00f3n bajo los ideales liberales de un gobierno democr\u00e1tico.<\/span><\/p><figure><img decoding=\"async\" loading=\"lazy\" class=\"aligncenter size-full wp-image-116295\" src=\"https:\/\/i0.wp.com\/casadecampoliving.com\/wp-content\/uploads\/2022\/10\/independencia_republica_dominicana-3.jpg?resize=650%2C494&amp;ssl=1\" alt=\"independencia_republica_dominicana\" width=\"650\" height=\"494\"><\/figure><\/blockquote>\n\n\n\n<blockquote><h3><b>D\u00eda de la Independencia \u2013 27 de febrero<\/b><\/h3><p style=\"text-align: justify;\"><span style=\"font-weight: 400;\">La Guerra de la Independencia nos liber\u00f3 del yugo Haitiano el 27 de febrero de 1844. Antes de la guerra, la isla de La Espa\u00f1ola hab\u00eda estado bajo el dominio de Hait\u00ed por un per\u00edodo de 22 a\u00f1os desde 1822. \u00a1Este a\u00f1o, vamos a celebrar 176 a\u00f1os siendo independientes gracias a los esfuerzos de Juan Pablo Duarte, Francisco del Rosario S\u00e1nchez y Mat\u00edas Ram\u00f3n Mella, que pasaron por mucho para lograr esto!<\/span><\/p><figure><img decoding=\"async\" loading=\"lazy\" class=\"aligncenter size-full wp-image-116296\" src=\"https:\/\/i0.wp.com\/casadecampoliving.com\/wp-content\/uploads\/2022\/10\/independencia_republica_dominicana-copy.jpg?resize=650%2C374&amp;ssl=1\" alt=\"independencia_republica_dominicana copy\" width=\"650\" height=\"374\"><\/figure><p style=\"text-align: justify;\"><\/p><\/blockquote>\n\n\n\n<blockquote><h3><b>Pascua \/ Viernes Santo \u2013 25 de marzo<\/b><\/h3><p style=\"text-align: justify;\"><span style=\"font-weight: 400;\">Viernes de Pascua es parte de la Semana Santa, la cual se celebra en la mayor\u00eda de los pa\u00edses. El Viernes Santo es un d\u00eda de fiesta religiosa y nacional en la Rep\u00fablica Dominicana, y se celebra el viernes anterior al Domingo de Pascua. En este d\u00eda, los cristianos conmemoran la crucifixi\u00f3n de Jesucristo. Muchos toman la oportunidad de ir a misa como una manera de honrar a Jes\u00fas, y otros aprovechan el clima caliente, y salen de vacaciones a disfrutar de nuestras hermosas playas y r\u00edos. La mayor\u00eda de nosotros, incluyendome, aprovechamos para comer Habichuelas con Dulce en este d\u00eda, un postre que para muchos puede sonar como una combinaci\u00f3n extra\u00f1a y poco atractivo, \u00a1pero es delicioso! <\/span><a href=\"https:\/\/casadecampoliving.com\/es\/durante-esta-semana-santa-disfrute-del-postre-tipico-de-los-dominicanos-las-habichuelas-con-dulce\/\"><span style=\"font-weight: 400;\">Leer m\u00e1s aqu\u00ed<\/span><\/a><span style=\"font-weight: 400;\"> sobre esta tradici\u00f3n Dominicana.<\/span><\/p><\/blockquote>\n\n\n\n<blockquote><h3><b>D\u00eda del Trabajo \u2013 01 de mayo<\/b><\/h3><p style=\"text-align: justify;\"><span style=\"font-weight: 400;\">Como en la mayor\u00eda de los pa\u00edses, este d\u00eda se conmemora todos los que trabajan todos los d\u00edas para ganarse la vida. Este a\u00f1o, ser\u00e1 el 1 de mayo, un domingo, y se trasladar\u00e1 al lunes para dar a todos un merecido descanso.<\/span><\/p><\/blockquote>\n\n\n\n<blockquote><h3><b>D\u00eda de la Madre \u2013 29 de mayo<\/b><\/h3><p style=\"text-align: justify;\"><span style=\"font-weight: 400;\">El \u00faltimo domingo de mayo est\u00e1 reservado para uno de nuestros miembros de la familia m\u00e1s preciados, \u00a1nuestras madres! Esto se convierte en un d\u00eda de reuniones familiares, donde es tradici\u00f3n que todos los miembros de la familia se re\u00fanan y le brinden una atenci\u00f3n especial a sus madres. Nota interesante, mientras que otros pa\u00edses celebran d\u00eda de las Madres el 8 de mayo existe especulaci\u00f3n en cuanto a por qu\u00e9 en RD no es asi. Corre el rumor de que Trujillo cambi\u00f3 el d\u00eda de fiesta con el fin de coincidir con el cumplea\u00f1os de su madre, y lo mismo es cierto para el d\u00eda del Padre, intentamos verificar la autenticidad de esto pero a pesar de haber buscado por doquier, no pudimos encontrar nada.<\/span><\/p><\/blockquote>\n\n\n\n<blockquote><h3 style=\"text-align: justify;\"><b>Corpus Cristi \u2013 26 de mayo<\/b><\/h3><p style=\"text-align: justify;\"><span style=\"font-weight: 400;\">La celebraci\u00f3n tiene lugar el jueves siguiente al octavo domingo despu\u00e9s de Pascua, o 60 d\u00edas. \u00bfQu\u00e9 sucede en este d\u00eda, te preguntar\u00e1s? \u201d Corpus Cristi \u201c, que significa el Cuerpo de Cristo es la fiesta cat\u00f3lica para conmemorar el sacramento. La mayor\u00eda de los dominicanos catolicos van a la iglesia para esta celebraci\u00f3n.<\/span><\/p><\/blockquote>\n\n\n\n<blockquote><h3><b>D\u00eda del Padre \u2013 24 de julio<\/b><\/h3><p style=\"text-align: justify;\"><span style=\"font-weight: 400;\">Para celebrar nuestros padres, que son tan importantes como las madres. Al igual que el D\u00eda de las Madres, tambi\u00e9n tiene una fecha distinta a los demas paises.<\/span><\/p><\/blockquote>\n\n\n\n<blockquote><h3><b>D\u00eda de la Restauraci\u00f3n \u2013 16 de agosto<\/b><\/h3><figure><img decoding=\"async\" loading=\"lazy\" class=\"alignright size-full wp-image-116297\" src=\"https:\/\/i0.wp.com\/casadecampoliving.com\/wp-content\/uploads\/2022\/10\/restauracion_republica_dominicana-2.jpg?resize=200%2C173&amp;ssl=1\" alt=\"restauracion_republica_dominicana\" width=\"200\" height=\"173\"><\/figure><p style=\"text-align: justify;\"><span style=\"font-weight: 400;\">La Guerra de la Restauraci\u00f3n Dominicana, 1863-1865, fue entre nacionalistas y Espa\u00f1a, que hab\u00edan colonizado el pa\u00eds 17 a\u00f1os despu\u00e9s de su independencia, con la ayuda de Pedro Santana. El 16 de agosto de 1863, un nuevo grupo bajo el liderazgo de Gregorio Luper\u00f3n y Santiago Rodr\u00edguez hizo una audaz incursi\u00f3n hacia la capital del pa\u00eds, y levant\u00f3 la bandera Dominicana en el cerro de Capotillo. Esta acci\u00f3n, conocida como El Grito de Capotillo, fue el comienzo de la guerra. Termin\u00f3 los nacionales como vencedores y la retirada de las fuerzas espa\u00f1olas en el pa\u00eds.<\/span><\/p><\/blockquote>\n\n\n\n<blockquote><h3><b>D\u00eda de Nuestra Se\u00f1ora de las Mercedes \u2013 24 de septiembre<\/b><\/h3><p style=\"text-align: justify;\"><span style=\"font-weight: 400;\">Rep\u00fablica Dominicana celebra el D\u00eda de Nuestra Se\u00f1ora de las Mercedes en honor de Nuestra Se\u00f1ora de la Merced, patrona de Rep\u00fablica Dominicana. Esta fiesta cat\u00f3lica se celebra en todo el pa\u00eds, y como con en el d\u00eda de la Virgen de la Altagracia, una serie de eventos se llevan a cabo para conmemorar la fiesta nacional. Misas se celebran en honor de la patrona, seguida de una procesi\u00f3n a trav\u00e9s de la Zona Colonial. La primera aparici\u00f3n de la patrona se afirma que tuvo lugar en 1495 cuando habl\u00f3 a un grupo de soldados espa\u00f1oles que luchaban los indios ta\u00ednos. Nuestra Se\u00f1ora de las Mercedes luego apareci\u00f3 en varias ocasiones m\u00e1s en el Santo Cerro, donde una iglesia se ha construido en su honor.<\/span><\/p><figure><img decoding=\"async\" loading=\"lazy\" class=\"aligncenter size-full wp-image-116298\" src=\"https:\/\/i0.wp.com\/casadecampoliving.com\/wp-content\/uploads\/2022\/10\/virgen_de_las_mercedes1.jpg?resize=650%2C437&amp;ssl=1\" alt=\"virgen_de_las_mercedes1\" width=\"650\" height=\"437\"><\/figure><p style=\"text-align: justify;\"><\/p><\/blockquote>\n\n\n\n<blockquote><h3><b>D\u00eda de la Constituci\u00f3n \u2013 06 de noviembre<\/b><\/h3><p style=\"text-align: justify;\"><span style=\"font-weight: 400;\">El 6 de noviembre del a\u00f1o 1844, el mismo a\u00f1o en el que la Rep\u00fablica Dominicana se proclam\u00f3 una naci\u00f3n independiente (27 de febrero), la primera Constituci\u00f3n fue firmada en San Crist\u00f3bal, una ciudad cercana a Santo Domingo, la cual tuvo mucha influencia de las leyes espa\u00f1olas, francesas y norteamericanas.<\/span><\/p><\/blockquote>\n\n\n\n<p><span style=\"font-weight: 400;\">Es tan interesante e importante, aprender la historia de cualquier pa\u00eds, sobre todo si es tu pa\u00eds de origen. Uno se llena de orgullo y patriotismo, y hace que las celebraciones y las fiestas del calendario resulten a\u00fan m\u00e1s significativas.<\/span><\/p>\n\n\n\n<p><span style=\"font-weight: 400;\">\u00a1Esperamos que usted est\u00e1 pueda estar presente durante estas fechas para celebrar con nosotros! <\/span><b>MA\u00d1ANA se celebrar\u00e1 una misa cat\u00f3lica en la iglesia de San Estanislao a las 5:00pm para conmemorar la Virgen de la Altagracia. <\/b><span style=\"font-weight: 400;\">\u00a1Espero verlos all\u00ed!<\/span><\/p>\n\n\n\n<blockquote><h3 style=\"text-align: justify;\"><b>Misa cat\u00f3lica en la celebraci\u00f3n de la Virgen de la Altagracia<\/b><\/h3><p style=\"text-align: justify;\"><b>D\u00f3nde : <\/b><span style=\"font-weight: 400;\">Iglesia de San Estanislao, Altos de Chav\u00f3n<\/span><span style=\"font-weight: 400;\"><br>\n<\/span><b><br>\n<\/b><b>Cu\u00e1ndo: <\/b><span style=\"font-weight: 400;\">Jueves 21 de enero, 5pm<\/span><\/p><\/blockquote>\n","protected":false},"excerpt":{"rendered":"<p>Al inicio de cada a\u00f1o nuevo sacamos nuestros calendarios para verificar los d\u00edas feriados y muchos de nosotros comenzamos a planear nuestro tiempo alrededor de estas fechas ya sea para salir a visitar familiares, irnos de vacaciones, asistir a misa, o simplemente descansar.<\/p>\n","protected":false},"author":36682,"featured_media":279332,"comment_status":"closed","ping_status":"closed","sticky":false,"template":"","format":"standard","meta":{"newspack_ads_suppress_ads":false,"newspack_popups_has_disabled_popups":false,"newspack_sponsor_sponsorship_scope":"","newspack_sponsor_native_byline_display":"inherit","newspack_sponsor_native_category_display":"inherit","newspack_sponsor_underwriter_style":"inherit","newspack_sponsor_underwriter_placement":"inherit","_newspack_byline_active":false,"_newspack_byline":"","newspack_hide_updated_date":false,"newspack_show_updated_date":false,"newspack_content_restriction_is_exempt":false,"newspack_featured_image_position":"","newspack_post_subtitle":"","newspack_article_summary_title":"Overview:","newspack_article_summary":"","_jetpack_memberships_contains_paid_content":false,"footnotes":"","jetpack_publicize_message":"","jetpack_publicize_feature_enabled":true,"jetpack_social_post_already_shared":false,"jetpack_social_options":{"image_generator_settings":{"template":"highway","default_image_id":0,"font":"","enabled":false},"version":2},"_wpas_customize_per_network":false},"categories":[26819,26823,26936,26951,2524,14631,2522,2506,14625,14627,2521],"tags":[1569,14062,5021,7165,5867,12296],"newspack_spnsrs_tax":[],"class_list":["post-349045","post","type-post","status-publish","format-standard","has-post-thumbnail","hentry","category-altos-de-chavon-es","category-arte-y-cultura","category-casa-de-campo-living-es","category-ccl-presenta","category-destacados","category-estilo-de-vida","category-eventos-es","category-mas-alla-de-casa-es","category-noticias-locales","category-proximamente","category-republica-dominicana-2","tag-dia-de-la-constitucion","tag-dia-de-la-madre","tag-dia-de-la-restauracion","tag-dia-del-padre","tag-dia-del-trabajo","tag-pascua","entry"],"yoast_head":"<!-- This site is optimized with the Yoast SEO plugin v27.4 - https:\/\/yoast.com\/product\/yoast-seo-wordpress\/ -->\n<title>\u00a1D\u00edas Feriados Dominicanos y un poco de nuestra historia! | Casa de Campo Living<\/title>\n<meta name=\"description\" content=\"Al inicio de cada a\u00f1o nuevo sacamos nuestros calendarios para verificar los d\u00edas feriados y muchos de nosotros comenzamos a planear nuestro tiempo\" \/>\n<meta name=\"robots\" content=\"index, follow, max-snippet:-1, max-image-preview:large, max-video-preview:-1\" \/>\n<link rel=\"canonical\" href=\"https:\/\/casadecampoliving.com\/es\/dias-festivos-dominicanos-y-un-poco-de-nuestra-historia\/\" \/>\n<meta property=\"og:locale\" content=\"es_ES\" \/>\n<meta property=\"og:type\" content=\"article\" \/>\n<meta property=\"og:title\" content=\"\u00a1D\u00edas Feriados Dominicanos y un poco de nuestra historia! | Casa de Campo Living\" \/>\n<meta property=\"og:description\" content=\"Al inicio de cada a\u00f1o nuevo sacamos nuestros calendarios para verificar los d\u00edas feriados y muchos de nosotros comenzamos a planear nuestro tiempo\" \/>\n<meta property=\"og:url\" content=\"https:\/\/casadecampoliving.com\/es\/dias-festivos-dominicanos-y-un-poco-de-nuestra-historia\/\" \/>\n<meta property=\"og:site_name\" content=\"Casa de Campo Living\" \/>\n<meta property=\"article:publisher\" content=\"https:\/\/www.facebook.com\/casadecampoliving\" \/>\n<meta property=\"article:published_time\" content=\"2016-01-20T04:00:00+00:00\" \/>\n<meta property=\"article:modified_time\" content=\"2022-10-21T22:56:21+00:00\" \/>\n<meta property=\"og:image\" content=\"https:\/\/i0.wp.com\/casadecampoliving.com\/wp-content\/uploads\/2022\/10\/Dominican-Holidays-2016-1.jpg?fit=650%2C400&ssl=1\" \/>\n\t<meta property=\"og:image:width\" content=\"650\" \/>\n\t<meta property=\"og:image:height\" content=\"400\" \/>\n\t<meta property=\"og:image:type\" content=\"image\/jpeg\" \/>\n<meta name=\"author\" content=\"Marlenys Guzm\u00e1n Casta\u00f1os\" \/>\n<meta name=\"twitter:card\" content=\"summary_large_image\" \/>\n<meta name=\"twitter:creator\" content=\"@cdcliving\" \/>\n<meta name=\"twitter:site\" content=\"@cdcliving\" \/>\n<meta name=\"twitter:label1\" content=\"Escrito por\" \/>\n\t<meta name=\"twitter:data1\" content=\"Marlenys Guzm\u00e1n Casta\u00f1os\" \/>\n\t<meta name=\"twitter:label2\" content=\"Tiempo de lectura\" \/>\n\t<meta name=\"twitter:data2\" content=\"7 minutos\" \/>\n<script type=\"application\/ld+json\" class=\"yoast-schema-graph\">{\"@context\":\"https:\\\/\\\/schema.org\",\"@graph\":[{\"@type\":\"Article\",\"@id\":\"https:\\\/\\\/casadecampoliving.com\\\/es\\\/dias-festivos-dominicanos-y-un-poco-de-nuestra-historia\\\/#article\",\"isPartOf\":{\"@id\":\"https:\\\/\\\/casadecampoliving.com\\\/es\\\/dias-festivos-dominicanos-y-un-poco-de-nuestra-historia\\\/\"},\"author\":{\"name\":\"Marlenys Guzm\u00e1n Casta\u00f1os\",\"@id\":\"https:\\\/\\\/casadecampoliving.com\\\/es\\\/#\\\/schema\\\/person\\\/b6606bd87f9cec8f5903e2141cafda24\"},\"headline\":\"\u00a1D\u00edas Feriados Dominicanos y un poco de nuestra historia!\",\"datePublished\":\"2016-01-20T04:00:00+00:00\",\"dateModified\":\"2022-10-21T22:56:21+00:00\",\"mainEntityOfPage\":{\"@id\":\"https:\\\/\\\/casadecampoliving.com\\\/es\\\/dias-festivos-dominicanos-y-un-poco-de-nuestra-historia\\\/\"},\"wordCount\":1445,\"publisher\":{\"@id\":\"https:\\\/\\\/casadecampoliving.com\\\/es\\\/#organization\"},\"image\":{\"@id\":\"https:\\\/\\\/casadecampoliving.com\\\/es\\\/dias-festivos-dominicanos-y-un-poco-de-nuestra-historia\\\/#primaryimage\"},\"thumbnailUrl\":\"https:\\\/\\\/i0.wp.com\\\/casadecampoliving.com\\\/wp-content\\\/uploads\\\/2022\\\/10\\\/Dominican-Holidays-2016-1.jpg?fit=650%2C400&ssl=1\",\"keywords\":[\"D\u00eda de la constituci\u00f3n\",\"D\u00eda de la Madre\",\"dia de la restauracion\",\"Dia del Padre\",\"dia del trabajo\",\"Pascua\"],\"articleSection\":[\"Altos de Chavon @es\",\"Arte y cultura\",\"Casa de Campo Living @es\",\"CCL presenta\",\"Destacados\",\"Estilo de Vida\",\"Eventos\",\"M\u00e1s all\u00e1 de Casa\",\"Noticias Locales\",\"Proximamente\",\"Rep\u00fablica Dominicana @es\"],\"inLanguage\":\"es\"},{\"@type\":\"WebPage\",\"@id\":\"https:\\\/\\\/casadecampoliving.com\\\/es\\\/dias-festivos-dominicanos-y-un-poco-de-nuestra-historia\\\/\",\"url\":\"https:\\\/\\\/casadecampoliving.com\\\/es\\\/dias-festivos-dominicanos-y-un-poco-de-nuestra-historia\\\/\",\"name\":\"\u00a1D\u00edas Feriados Dominicanos y un poco de nuestra historia! | Casa de Campo Living\",\"isPartOf\":{\"@id\":\"https:\\\/\\\/casadecampoliving.com\\\/es\\\/#website\"},\"primaryImageOfPage\":{\"@id\":\"https:\\\/\\\/casadecampoliving.com\\\/es\\\/dias-festivos-dominicanos-y-un-poco-de-nuestra-historia\\\/#primaryimage\"},\"image\":{\"@id\":\"https:\\\/\\\/casadecampoliving.com\\\/es\\\/dias-festivos-dominicanos-y-un-poco-de-nuestra-historia\\\/#primaryimage\"},\"thumbnailUrl\":\"https:\\\/\\\/i0.wp.com\\\/casadecampoliving.com\\\/wp-content\\\/uploads\\\/2022\\\/10\\\/Dominican-Holidays-2016-1.jpg?fit=650%2C400&ssl=1\",\"datePublished\":\"2016-01-20T04:00:00+00:00\",\"dateModified\":\"2022-10-21T22:56:21+00:00\",\"description\":\"Al inicio de cada a\u00f1o nuevo sacamos nuestros calendarios para verificar los d\u00edas feriados y muchos de nosotros comenzamos a planear nuestro tiempo\",\"breadcrumb\":{\"@id\":\"https:\\\/\\\/casadecampoliving.com\\\/es\\\/dias-festivos-dominicanos-y-un-poco-de-nuestra-historia\\\/#breadcrumb\"},\"inLanguage\":\"es\",\"potentialAction\":[{\"@type\":\"ReadAction\",\"target\":[\"https:\\\/\\\/casadecampoliving.com\\\/es\\\/dias-festivos-dominicanos-y-un-poco-de-nuestra-historia\\\/\"]}]},{\"@type\":\"ImageObject\",\"inLanguage\":\"es\",\"@id\":\"https:\\\/\\\/casadecampoliving.com\\\/es\\\/dias-festivos-dominicanos-y-un-poco-de-nuestra-historia\\\/#primaryimage\",\"url\":\"https:\\\/\\\/i0.wp.com\\\/casadecampoliving.com\\\/wp-content\\\/uploads\\\/2022\\\/10\\\/Dominican-Holidays-2016-1.jpg?fit=650%2C400&ssl=1\",\"contentUrl\":\"https:\\\/\\\/i0.wp.com\\\/casadecampoliving.com\\\/wp-content\\\/uploads\\\/2022\\\/10\\\/Dominican-Holidays-2016-1.jpg?fit=650%2C400&ssl=1\",\"width\":650,\"height\":400,\"caption\":\"Dominican Holidays 2016\"},{\"@type\":\"BreadcrumbList\",\"@id\":\"https:\\\/\\\/casadecampoliving.com\\\/es\\\/dias-festivos-dominicanos-y-un-poco-de-nuestra-historia\\\/#breadcrumb\",\"itemListElement\":[{\"@type\":\"ListItem\",\"position\":1,\"name\":\"Home\",\"item\":\"https:\\\/\\\/casadecampoliving.com\\\/es\\\/\"},{\"@type\":\"ListItem\",\"position\":2,\"name\":\"\u00a1D\u00edas Feriados Dominicanos y un poco de nuestra historia!\"}]},{\"@type\":\"WebSite\",\"@id\":\"https:\\\/\\\/casadecampoliving.com\\\/es\\\/#website\",\"url\":\"https:\\\/\\\/casadecampoliving.com\\\/es\\\/\",\"name\":\"Casa de Campo Living\",\"description\":\"Resort community news and resources.\",\"publisher\":{\"@id\":\"https:\\\/\\\/casadecampoliving.com\\\/es\\\/#organization\"},\"potentialAction\":[{\"@type\":\"SearchAction\",\"target\":{\"@type\":\"EntryPoint\",\"urlTemplate\":\"https:\\\/\\\/casadecampoliving.com\\\/es\\\/?s={search_term_string}\"},\"query-input\":{\"@type\":\"PropertyValueSpecification\",\"valueRequired\":true,\"valueName\":\"search_term_string\"}}],\"inLanguage\":\"es\"},{\"@type\":\"Organization\",\"@id\":\"https:\\\/\\\/casadecampoliving.com\\\/es\\\/#organization\",\"name\":\"Casa de Campo Living\",\"url\":\"https:\\\/\\\/casadecampoliving.com\\\/es\\\/\",\"logo\":{\"@type\":\"ImageObject\",\"inLanguage\":\"es\",\"@id\":\"https:\\\/\\\/casadecampoliving.com\\\/es\\\/#\\\/schema\\\/logo\\\/image\\\/\",\"url\":\"https:\\\/\\\/i0.wp.com\\\/casadecampoliving.com\\\/wp-content\\\/uploads\\\/2022\\\/07\\\/CDCLivingLogo_V1-white-sized.png?fit=800%2C214&ssl=1\",\"contentUrl\":\"https:\\\/\\\/i0.wp.com\\\/casadecampoliving.com\\\/wp-content\\\/uploads\\\/2022\\\/07\\\/CDCLivingLogo_V1-white-sized.png?fit=800%2C214&ssl=1\",\"width\":800,\"height\":214,\"caption\":\"Casa de Campo Living\"},\"image\":{\"@id\":\"https:\\\/\\\/casadecampoliving.com\\\/es\\\/#\\\/schema\\\/logo\\\/image\\\/\"},\"sameAs\":[\"https:\\\/\\\/www.facebook.com\\\/casadecampoliving\",\"https:\\\/\\\/x.com\\\/cdcliving\"]},{\"@type\":\"Person\",\"@id\":\"https:\\\/\\\/casadecampoliving.com\\\/es\\\/#\\\/schema\\\/person\\\/b6606bd87f9cec8f5903e2141cafda24\",\"name\":\"Marlenys Guzm\u00e1n Casta\u00f1os\",\"image\":{\"@type\":\"ImageObject\",\"inLanguage\":\"es\",\"@id\":\"https:\\\/\\\/secure.gravatar.com\\\/avatar\\\/72f3f86b8e6b3ec744201aeadf11d4a6055e8af194aecd9ad30ffff4437878ee?s=96&d=mm&r=g\",\"url\":\"https:\\\/\\\/secure.gravatar.com\\\/avatar\\\/72f3f86b8e6b3ec744201aeadf11d4a6055e8af194aecd9ad30ffff4437878ee?s=96&d=mm&r=g\",\"contentUrl\":\"https:\\\/\\\/secure.gravatar.com\\\/avatar\\\/72f3f86b8e6b3ec744201aeadf11d4a6055e8af194aecd9ad30ffff4437878ee?s=96&d=mm&r=g\",\"caption\":\"Marlenys Guzm\u00e1n Casta\u00f1os\"},\"url\":\"https:\\\/\\\/casadecampoliving.com\\\/es\\\/author\\\/mguzman\\\/\"}]}<\/script>\n<!-- \/ Yoast SEO plugin. -->","yoast_head_json":{"title":"\u00a1D\u00edas Feriados Dominicanos y un poco de nuestra historia! | Casa de Campo Living","description":"Al inicio de cada a\u00f1o nuevo sacamos nuestros calendarios para verificar los d\u00edas feriados y muchos de nosotros comenzamos a planear nuestro tiempo","robots":{"index":"index","follow":"follow","max-snippet":"max-snippet:-1","max-image-preview":"max-image-preview:large","max-video-preview":"max-video-preview:-1"},"canonical":"https:\/\/casadecampoliving.com\/es\/dias-festivos-dominicanos-y-un-poco-de-nuestra-historia\/","og_locale":"es_ES","og_type":"article","og_title":"\u00a1D\u00edas Feriados Dominicanos y un poco de nuestra historia! | Casa de Campo Living","og_description":"Al inicio de cada a\u00f1o nuevo sacamos nuestros calendarios para verificar los d\u00edas feriados y muchos de nosotros comenzamos a planear nuestro tiempo","og_url":"https:\/\/casadecampoliving.com\/es\/dias-festivos-dominicanos-y-un-poco-de-nuestra-historia\/","og_site_name":"Casa de Campo Living","article_publisher":"https:\/\/www.facebook.com\/casadecampoliving","article_published_time":"2016-01-20T04:00:00+00:00","article_modified_time":"2022-10-21T22:56:21+00:00","og_image":[{"width":650,"height":400,"url":"https:\/\/i0.wp.com\/casadecampoliving.com\/wp-content\/uploads\/2022\/10\/Dominican-Holidays-2016-1.jpg?fit=650%2C400&ssl=1","type":"image\/jpeg"}],"author":"Marlenys Guzm\u00e1n Casta\u00f1os","twitter_card":"summary_large_image","twitter_creator":"@cdcliving","twitter_site":"@cdcliving","twitter_misc":{"Escrito por":"Marlenys Guzm\u00e1n Casta\u00f1os","Tiempo de lectura":"7 minutos"},"schema":{"@context":"https:\/\/schema.org","@graph":[{"@type":"Article","@id":"https:\/\/casadecampoliving.com\/es\/dias-festivos-dominicanos-y-un-poco-de-nuestra-historia\/#article","isPartOf":{"@id":"https:\/\/casadecampoliving.com\/es\/dias-festivos-dominicanos-y-un-poco-de-nuestra-historia\/"},"author":{"name":"Marlenys Guzm\u00e1n Casta\u00f1os","@id":"https:\/\/casadecampoliving.com\/es\/#\/schema\/person\/b6606bd87f9cec8f5903e2141cafda24"},"headline":"\u00a1D\u00edas Feriados Dominicanos y un poco de nuestra historia!","datePublished":"2016-01-20T04:00:00+00:00","dateModified":"2022-10-21T22:56:21+00:00","mainEntityOfPage":{"@id":"https:\/\/casadecampoliving.com\/es\/dias-festivos-dominicanos-y-un-poco-de-nuestra-historia\/"},"wordCount":1445,"publisher":{"@id":"https:\/\/casadecampoliving.com\/es\/#organization"},"image":{"@id":"https:\/\/casadecampoliving.com\/es\/dias-festivos-dominicanos-y-un-poco-de-nuestra-historia\/#primaryimage"},"thumbnailUrl":"https:\/\/i0.wp.com\/casadecampoliving.com\/wp-content\/uploads\/2022\/10\/Dominican-Holidays-2016-1.jpg?fit=650%2C400&ssl=1","keywords":["D\u00eda de la constituci\u00f3n","D\u00eda de la Madre","dia de la restauracion","Dia del Padre","dia del trabajo","Pascua"],"articleSection":["Altos de Chavon @es","Arte y cultura","Casa de Campo Living @es","CCL presenta","Destacados","Estilo de Vida","Eventos","M\u00e1s all\u00e1 de Casa","Noticias Locales","Proximamente","Rep\u00fablica Dominicana @es"],"inLanguage":"es"},{"@type":"WebPage","@id":"https:\/\/casadecampoliving.com\/es\/dias-festivos-dominicanos-y-un-poco-de-nuestra-historia\/","url":"https:\/\/casadecampoliving.com\/es\/dias-festivos-dominicanos-y-un-poco-de-nuestra-historia\/","name":"\u00a1D\u00edas Feriados Dominicanos y un poco de nuestra historia! | Casa de Campo Living","isPartOf":{"@id":"https:\/\/casadecampoliving.com\/es\/#website"},"primaryImageOfPage":{"@id":"https:\/\/casadecampoliving.com\/es\/dias-festivos-dominicanos-y-un-poco-de-nuestra-historia\/#primaryimage"},"image":{"@id":"https:\/\/casadecampoliving.com\/es\/dias-festivos-dominicanos-y-un-poco-de-nuestra-historia\/#primaryimage"},"thumbnailUrl":"https:\/\/i0.wp.com\/casadecampoliving.com\/wp-content\/uploads\/2022\/10\/Dominican-Holidays-2016-1.jpg?fit=650%2C400&ssl=1","datePublished":"2016-01-20T04:00:00+00:00","dateModified":"2022-10-21T22:56:21+00:00","description":"Al inicio de cada a\u00f1o nuevo sacamos nuestros calendarios para verificar los d\u00edas feriados y muchos de nosotros comenzamos a planear nuestro tiempo","breadcrumb":{"@id":"https:\/\/casadecampoliving.com\/es\/dias-festivos-dominicanos-y-un-poco-de-nuestra-historia\/#breadcrumb"},"inLanguage":"es","potentialAction":[{"@type":"ReadAction","target":["https:\/\/casadecampoliving.com\/es\/dias-festivos-dominicanos-y-un-poco-de-nuestra-historia\/"]}]},{"@type":"ImageObject","inLanguage":"es","@id":"https:\/\/casadecampoliving.com\/es\/dias-festivos-dominicanos-y-un-poco-de-nuestra-historia\/#primaryimage","url":"https:\/\/i0.wp.com\/casadecampoliving.com\/wp-content\/uploads\/2022\/10\/Dominican-Holidays-2016-1.jpg?fit=650%2C400&ssl=1","contentUrl":"https:\/\/i0.wp.com\/casadecampoliving.com\/wp-content\/uploads\/2022\/10\/Dominican-Holidays-2016-1.jpg?fit=650%2C400&ssl=1","width":650,"height":400,"caption":"Dominican Holidays 2016"},{"@type":"BreadcrumbList","@id":"https:\/\/casadecampoliving.com\/es\/dias-festivos-dominicanos-y-un-poco-de-nuestra-historia\/#breadcrumb","itemListElement":[{"@type":"ListItem","position":1,"name":"Home","item":"https:\/\/casadecampoliving.com\/es\/"},{"@type":"ListItem","position":2,"name":"\u00a1D\u00edas Feriados Dominicanos y un poco de nuestra historia!"}]},{"@type":"WebSite","@id":"https:\/\/casadecampoliving.com\/es\/#website","url":"https:\/\/casadecampoliving.com\/es\/","name":"Casa de Campo Living","description":"Resort community news and resources.","publisher":{"@id":"https:\/\/casadecampoliving.com\/es\/#organization"},"potentialAction":[{"@type":"SearchAction","target":{"@type":"EntryPoint","urlTemplate":"https:\/\/casadecampoliving.com\/es\/?s={search_term_string}"},"query-input":{"@type":"PropertyValueSpecification","valueRequired":true,"valueName":"search_term_string"}}],"inLanguage":"es"},{"@type":"Organization","@id":"https:\/\/casadecampoliving.com\/es\/#organization","name":"Casa de Campo Living","url":"https:\/\/casadecampoliving.com\/es\/","logo":{"@type":"ImageObject","inLanguage":"es","@id":"https:\/\/casadecampoliving.com\/es\/#\/schema\/logo\/image\/","url":"https:\/\/i0.wp.com\/casadecampoliving.com\/wp-content\/uploads\/2022\/07\/CDCLivingLogo_V1-white-sized.png?fit=800%2C214&ssl=1","contentUrl":"https:\/\/i0.wp.com\/casadecampoliving.com\/wp-content\/uploads\/2022\/07\/CDCLivingLogo_V1-white-sized.png?fit=800%2C214&ssl=1","width":800,"height":214,"caption":"Casa de Campo Living"},"image":{"@id":"https:\/\/casadecampoliving.com\/es\/#\/schema\/logo\/image\/"},"sameAs":["https:\/\/www.facebook.com\/casadecampoliving","https:\/\/x.com\/cdcliving"]},{"@type":"Person","@id":"https:\/\/casadecampoliving.com\/es\/#\/schema\/person\/b6606bd87f9cec8f5903e2141cafda24","name":"Marlenys Guzm\u00e1n Casta\u00f1os","image":{"@type":"ImageObject","inLanguage":"es","@id":"https:\/\/secure.gravatar.com\/avatar\/72f3f86b8e6b3ec744201aeadf11d4a6055e8af194aecd9ad30ffff4437878ee?s=96&d=mm&r=g","url":"https:\/\/secure.gravatar.com\/avatar\/72f3f86b8e6b3ec744201aeadf11d4a6055e8af194aecd9ad30ffff4437878ee?s=96&d=mm&r=g","contentUrl":"https:\/\/secure.gravatar.com\/avatar\/72f3f86b8e6b3ec744201aeadf11d4a6055e8af194aecd9ad30ffff4437878ee?s=96&d=mm&r=g","caption":"Marlenys Guzm\u00e1n Casta\u00f1os"},"url":"https:\/\/casadecampoliving.com\/es\/author\/mguzman\/"}]}},"parsely":{"version":"1.1.0","canonical_url":"https:\/\/casadecampoliving.com\/es\/dias-festivos-dominicanos-y-un-poco-de-nuestra-historia\/","smart_links":{"inbound":0,"outbound":0},"traffic_boost_suggestions_count":0,"meta":{"@context":"https:\/\/schema.org","@type":"NewsArticle","headline":"\u00a1D\u00edas Feriados Dominicanos y un poco de nuestra historia!","url":"http:\/\/casadecampoliving.com\/es\/dias-festivos-dominicanos-y-un-poco-de-nuestra-historia\/","mainEntityOfPage":{"@type":"WebPage","@id":"http:\/\/casadecampoliving.com\/es\/dias-festivos-dominicanos-y-un-poco-de-nuestra-historia\/"},"thumbnailUrl":"https:\/\/i0.wp.com\/casadecampoliving.com\/wp-content\/uploads\/2022\/10\/Dominican-Holidays-2016-1.jpg?resize=150%2C150&ssl=1","image":{"@type":"ImageObject","url":"https:\/\/i0.wp.com\/casadecampoliving.com\/wp-content\/uploads\/2022\/10\/Dominican-Holidays-2016-1.jpg?fit=650%2C400&ssl=1"},"articleSection":"Altos de Chavon @es","author":[{"@type":"Person","name":"Marlenys Guzm\u00e1n Casta\u00f1os"}],"creator":["Marlenys Guzm\u00e1n Casta\u00f1os"],"publisher":{"@type":"Organization","name":"Casa de Campo Living","logo":"https:\/\/casadecampoliving.com\/wp-content\/uploads\/2022\/07\/CDCLivingLogo_V1-white-sized.png"},"keywords":["d\u00eda de la constituci\u00f3n","d\u00eda de la madre","dia de la restauracion","dia del padre","dia del trabajo","pascua"],"dateCreated":"2016-01-20T04:00:00Z","datePublished":"2016-01-20T04:00:00Z","dateModified":"2022-10-21T22:56:21Z"},"rendered":"<script type=\"application\/ld+json\" class=\"wp-parsely-metadata\">{\"@context\":\"https:\\\/\\\/schema.org\",\"@type\":\"NewsArticle\",\"headline\":\"\\u00a1D\\u00edas Feriados Dominicanos y un poco de nuestra historia!\",\"url\":\"http:\\\/\\\/casadecampoliving.com\\\/es\\\/dias-festivos-dominicanos-y-un-poco-de-nuestra-historia\\\/\",\"mainEntityOfPage\":{\"@type\":\"WebPage\",\"@id\":\"http:\\\/\\\/casadecampoliving.com\\\/es\\\/dias-festivos-dominicanos-y-un-poco-de-nuestra-historia\\\/\"},\"thumbnailUrl\":\"https:\\\/\\\/i0.wp.com\\\/casadecampoliving.com\\\/wp-content\\\/uploads\\\/2022\\\/10\\\/Dominican-Holidays-2016-1.jpg?resize=150%2C150&ssl=1\",\"image\":{\"@type\":\"ImageObject\",\"url\":\"https:\\\/\\\/i0.wp.com\\\/casadecampoliving.com\\\/wp-content\\\/uploads\\\/2022\\\/10\\\/Dominican-Holidays-2016-1.jpg?fit=650%2C400&ssl=1\"},\"articleSection\":\"Altos de Chavon @es\",\"author\":[{\"@type\":\"Person\",\"name\":\"Marlenys Guzm\\u00e1n Casta\\u00f1os\"}],\"creator\":[\"Marlenys Guzm\\u00e1n Casta\\u00f1os\"],\"publisher\":{\"@type\":\"Organization\",\"name\":\"Casa de Campo Living\",\"logo\":\"https:\\\/\\\/casadecampoliving.com\\\/wp-content\\\/uploads\\\/2022\\\/07\\\/CDCLivingLogo_V1-white-sized.png\"},\"keywords\":[\"d\\u00eda de la constituci\\u00f3n\",\"d\\u00eda de la madre\",\"dia de la restauracion\",\"dia del padre\",\"dia del trabajo\",\"pascua\"],\"dateCreated\":\"2016-01-20T04:00:00Z\",\"datePublished\":\"2016-01-20T04:00:00Z\",\"dateModified\":\"2022-10-21T22:56:21Z\"}<\/script>","tracker_url":"https:\/\/cdn.parsely.com\/keys\/casadecampoliving.com\/p.js"},"jetpack_publicize_connections":[],"jetpack_featured_media_url":"https:\/\/i0.wp.com\/casadecampoliving.com\/wp-content\/uploads\/2022\/10\/Dominican-Holidays-2016-1.jpg?fit=650%2C400&ssl=1","jetpack-related-posts":[{"id":510456,"url":"https:\/\/casadecampoliving.com\/es\/anuncian-dias-feriados-correspondientes-al-ano-2023-habran-7-fines-de-semana-largos\/","url_meta":{"origin":349045,"position":0},"title":"Anuncian d\u00edas feriados correspondientes al a\u00f1o 2023 &#8211; \u00a1habr\u00e1n 7 fines de semana largos!","author":"Casa de Campo Living","date":"8 Nov, 2022","format":false,"excerpt":"El Ministerio de Trabajo\u00a0anuncia las fechas correspondientes a los d\u00edas feriados durante el a\u00f1o 2023, dando cumplimiento a la\u00a0Ley 139-97, la cual establece el traslado de los d\u00edas feriados.\u00a0 La Ley No. 139-97, de fecha 19 del mes de junio del a\u00f1o 1997, sobre\u00a0traslado para los lunes de los d\u00edas\u2026","rel":"","context":"En \u00abDominican Republic\u00bb","block_context":{"text":"Dominican Republic","link":"https:\/\/casadecampoliving.com\/es\/category\/dominican-republic-2\/"},"img":{"alt_text":"","src":"https:\/\/i0.wp.com\/casadecampoliving.com\/wp-content\/uploads\/2022\/11\/Ministerio-de-trabajo-dias-feriados-2023.jpg?fit=1200%2C675&ssl=1&resize=350%2C200","width":350,"height":200,"srcset":"https:\/\/i0.wp.com\/casadecampoliving.com\/wp-content\/uploads\/2022\/11\/Ministerio-de-trabajo-dias-feriados-2023.jpg?fit=1200%2C675&ssl=1&resize=350%2C200 1x, https:\/\/i0.wp.com\/casadecampoliving.com\/wp-content\/uploads\/2022\/11\/Ministerio-de-trabajo-dias-feriados-2023.jpg?fit=1200%2C675&ssl=1&resize=525%2C300 1.5x, https:\/\/i0.wp.com\/casadecampoliving.com\/wp-content\/uploads\/2022\/11\/Ministerio-de-trabajo-dias-feriados-2023.jpg?fit=1200%2C675&ssl=1&resize=700%2C400 2x, https:\/\/i0.wp.com\/casadecampoliving.com\/wp-content\/uploads\/2022\/11\/Ministerio-de-trabajo-dias-feriados-2023.jpg?fit=1200%2C675&ssl=1&resize=1050%2C600 3x"},"classes":[]},{"id":348582,"url":"https:\/\/casadecampoliving.com\/es\/atardecer-con-sabor-a-musica-marina-casa-de-campo-2\/","url_meta":{"origin":349045,"position":1},"title":"Atardecer con Sabor a M\u00fasica en la Marina Casa de Campo movido al 27 de Noviembre","author":"Felix Guerrero","date":"11 Nov, 2015","format":false,"excerpt":"El d\u00eda de Acci\u00f3n de Gracias es una de nuestras\u00a0fiestas m\u00e1s memorables y favoritas, y no s\u00f3lo en Casa de Campo, sino en todo el mundo. Tenemos la oportunidad de reunirnos con nuestros familiares, especialmente aquellos a quienes tenemos mucho tiempo que no vemos\u00a0y\u00a0deciden venir a visitarnos a\u00a0Casa. Y no\u2026","rel":"","context":"En \u00abCasa de Campo Living @es\u00bb","block_context":{"text":"Casa de Campo Living @es","link":"https:\/\/casadecampoliving.com\/category\/casa-de-campo-living-es\/"},"img":{"alt_text":"Sunset Jazz Night November","src":"https:\/\/i0.wp.com\/casadecampoliving.com\/wp-content\/uploads\/2022\/10\/Sunset_Jazz_Night_1-4.jpg?fit=650%2C400&ssl=1&resize=350%2C200","width":350,"height":200,"srcset":"https:\/\/i0.wp.com\/casadecampoliving.com\/wp-content\/uploads\/2022\/10\/Sunset_Jazz_Night_1-4.jpg?fit=650%2C400&ssl=1&resize=350%2C200 1x, https:\/\/i0.wp.com\/casadecampoliving.com\/wp-content\/uploads\/2022\/10\/Sunset_Jazz_Night_1-4.jpg?fit=650%2C400&ssl=1&resize=525%2C300 1.5x"},"classes":[]},{"id":340508,"url":"https:\/\/casadecampoliving.com\/es\/conozca-los-proximos-dias-feriados-de-la-republica-dominicana-en-este-2013\/","url_meta":{"origin":349045,"position":2},"title":"\u00a1Conozca los pr\u00f3ximos d\u00edas feriados de la Rep\u00fablica Dominicana en este 2013!","author":"","date":"23 Ene, 2013","format":false,"excerpt":"La Rep\u00fablica Dominicana, cada a\u00f1o, a principios de enero, se convierte en una excusa fabulosa para actuar como un calendario y libro extraordinario de fechas de momentos, vivencias, luchas, guerras y protagonistas responsables de guiar nuestro pa\u00eds hacia una naci\u00f3n libre, democr\u00e1tica y soberana. Acomp\u00e1\u00f1enos en este recorrido de la\u2026","rel":"","context":"En \u00abArte y cultura\u00bb","block_context":{"text":"Arte y cultura","link":"https:\/\/casadecampoliving.com\/category\/arte-y-cultura\/"},"img":{"alt_text":"Dominican Holidays","src":"https:\/\/i0.wp.com\/casadecampoliving.com\/wp-content\/uploads\/2022\/10\/dominican_holidays-1.jpg?fit=650%2C452&ssl=1&resize=350%2C200","width":350,"height":200,"srcset":"https:\/\/i0.wp.com\/casadecampoliving.com\/wp-content\/uploads\/2022\/10\/dominican_holidays-1.jpg?fit=650%2C452&ssl=1&resize=350%2C200 1x, https:\/\/i0.wp.com\/casadecampoliving.com\/wp-content\/uploads\/2022\/10\/dominican_holidays-1.jpg?fit=650%2C452&ssl=1&resize=525%2C300 1.5x"},"classes":[]},{"id":347323,"url":"https:\/\/casadecampoliving.com\/es\/razones-por-las-cuales-amamos-trabajar-en-altos-de-chavon\/","url_meta":{"origin":349045,"position":3},"title":"9 razones por las cuales amamos trabajar en Altos de Chav\u00f3n","author":"Perkin Agramonte","date":"4 May, 2015","format":false,"excerpt":"En Rep\u00fablica Dominicana, el \u201cD\u00eda del Trabajador\u201d es celebrado oficialmente el 1\u00ba de mayo, sin embargo este a\u00f1o la celebraci\u00f3n fue movida para el d\u00eda hoy, lunes 4 de mayo para que todos pudi\u00e9semos disfrutar un maravilloso fin de semana largo. El D\u00eda del Trabajador, es un d\u00eda feriado que\u2026","rel":"","context":"En \u00abAltos de Chavon @es\u00bb","block_context":{"text":"Altos de Chavon @es","link":"https:\/\/casadecampoliving.com\/category\/altos-de-chavon-es\/"},"img":{"alt_text":"Altos de Chavon","src":"https:\/\/i0.wp.com\/casadecampoliving.com\/wp-content\/uploads\/2022\/10\/Altos_de_Chavon_1-1.png?fit=635%2C365&ssl=1&resize=350%2C200","width":350,"height":200,"srcset":"https:\/\/i0.wp.com\/casadecampoliving.com\/wp-content\/uploads\/2022\/10\/Altos_de_Chavon_1-1.png?fit=635%2C365&ssl=1&resize=350%2C200 1x, https:\/\/i0.wp.com\/casadecampoliving.com\/wp-content\/uploads\/2022\/10\/Altos_de_Chavon_1-1.png?fit=635%2C365&ssl=1&resize=525%2C300 1.5x"},"classes":[]},{"id":337943,"url":"https:\/\/casadecampoliving.com\/es\/dias-feriados-de-la-republica-dominicana-y-la-fascinante-historia-detras\/","url_meta":{"origin":349045,"position":4},"title":"D\u00edas Feriados de la Rep\u00fablica Dominicana y la fascinante historia detr\u00e1s!","author":"","date":"12 Ene, 2012","format":false,"excerpt":"La Rep\u00fablica Dominicana, cada a\u00f1o, a principios de enero, se convierte en una excusa fabulosa para actuar como un calendario y libro extraordinario de fechas de momentos, vivencias, luchas, guerras y protagonistas responsables de guiar nuestro pa\u00eds hacia una naci\u00f3n\u00a0libre, democr\u00e1tica y soberana. Acomp\u00e1\u00f1enos en este recorrido de la historia\u2026","rel":"","context":"En \u00abArte y cultura\u00bb","block_context":{"text":"Arte y cultura","link":"https:\/\/casadecampoliving.com\/category\/arte-y-cultura\/"},"img":{"alt_text":"independencia republica dominicana","src":"https:\/\/i0.wp.com\/casadecampoliving.com\/wp-content\/uploads\/2022\/10\/independencia_republica_dominicana-1.jpg?fit=650%2C374&ssl=1&resize=350%2C200","width":350,"height":200,"srcset":"https:\/\/i0.wp.com\/casadecampoliving.com\/wp-content\/uploads\/2022\/10\/independencia_republica_dominicana-1.jpg?fit=650%2C374&ssl=1&resize=350%2C200 1x, https:\/\/i0.wp.com\/casadecampoliving.com\/wp-content\/uploads\/2022\/10\/independencia_republica_dominicana-1.jpg?fit=650%2C374&ssl=1&resize=525%2C300 1.5x"},"classes":[]},{"id":353925,"url":"https:\/\/casadecampoliving.com\/es\/deseando-a-todos-un-feliz-dia-de-accion-de-gracias-los-miembros-de-la-comunidad-de-casa-de-campo-comparten-aquello-por-lo-que-estan-agradecidos\/","url_meta":{"origin":349045,"position":5},"title":"\u00a1Deseando a todos un Feliz D\u00eda de Acci\u00f3n de Gracias! Los miembros de la comunidad de Casa de Campo comparten aquello por lo que est\u00e1n agradecidos.","author":"Casa de Campo Living","date":"26 Nov, 2020","format":false,"excerpt":"\u00a1Feliz D\u00eda de Acci\u00f3n de Gracias, comunidad de Casa de Campo! Este a\u00f1o podr\u00eda haber sido un poco dificil, y estamos seguros de que todos hemos tenido nuestros altibajos, pero estamos seguros de que todos tenemos cosas por las que estar agradecidos. Si bien puede que no sea una tradici\u00f3n\u2026","rel":"","context":"En \u00abCasa de Campo Living @es\u00bb","block_context":{"text":"Casa de Campo Living @es","link":"https:\/\/casadecampoliving.com\/category\/casa-de-campo-living-es\/"},"img":{"alt_text":"","src":"https:\/\/i0.wp.com\/casadecampoliving.com\/wp-content\/uploads\/2022\/10\/element5-digital-RPjyNMHDrFY-unsplash-1.jpg?fit=1000%2C662&ssl=1&resize=350%2C200","width":350,"height":200,"srcset":"https:\/\/i0.wp.com\/casadecampoliving.com\/wp-content\/uploads\/2022\/10\/element5-digital-RPjyNMHDrFY-unsplash-1.jpg?fit=1000%2C662&ssl=1&resize=350%2C200 1x, https:\/\/i0.wp.com\/casadecampoliving.com\/wp-content\/uploads\/2022\/10\/element5-digital-RPjyNMHDrFY-unsplash-1.jpg?fit=1000%2C662&ssl=1&resize=525%2C300 1.5x, https:\/\/i0.wp.com\/casadecampoliving.com\/wp-content\/uploads\/2022\/10\/element5-digital-RPjyNMHDrFY-unsplash-1.jpg?fit=1000%2C662&ssl=1&resize=700%2C400 2x"},"classes":[]}],"jetpack_sharing_enabled":true,"_links":{"self":[{"href":"https:\/\/casadecampoliving.com\/es\/wp-json\/wp\/v2\/posts\/349045","targetHints":{"allow":["GET"]}}],"collection":[{"href":"https:\/\/casadecampoliving.com\/es\/wp-json\/wp\/v2\/posts"}],"about":[{"href":"https:\/\/casadecampoliving.com\/es\/wp-json\/wp\/v2\/types\/post"}],"author":[{"embeddable":true,"href":"https:\/\/casadecampoliving.com\/es\/wp-json\/wp\/v2\/users\/36682"}],"replies":[{"embeddable":true,"href":"https:\/\/casadecampoliving.com\/es\/wp-json\/wp\/v2\/comments?post=349045"}],"version-history":[{"count":1,"href":"https:\/\/casadecampoliving.com\/es\/wp-json\/wp\/v2\/posts\/349045\/revisions"}],"predecessor-version":[{"id":349046,"href":"https:\/\/casadecampoliving.com\/es\/wp-json\/wp\/v2\/posts\/349045\/revisions\/349046"}],"wp:featuredmedia":[{"embeddable":true,"href":"https:\/\/casadecampoliving.com\/es\/wp-json\/wp\/v2\/media\/279332"}],"wp:attachment":[{"href":"https:\/\/casadecampoliving.com\/es\/wp-json\/wp\/v2\/media?parent=349045"}],"wp:term":[{"taxonomy":"category","embeddable":true,"href":"https:\/\/casadecampoliving.com\/es\/wp-json\/wp\/v2\/categories?post=349045"},{"taxonomy":"post_tag","embeddable":true,"href":"https:\/\/casadecampoliving.com\/es\/wp-json\/wp\/v2\/tags?post=349045"},{"taxonomy":"newspack_spnsrs_tax","embeddable":true,"href":"https:\/\/casadecampoliving.com\/es\/wp-json\/wp\/v2\/newspack_spnsrs_tax?post=349045"}],"curies":[{"name":"wp","href":"https:\/\/api.w.org\/{rel}","templated":true}]}}