{"id":348955,"date":"2016-01-06T00:00:00","date_gmt":"2016-01-06T04:00:00","guid":{"rendered":"https:\/\/casadecampoliving.com\/inicia-el-ano-con-generosidad-en-el-primer-cafe-de-la-leche\/"},"modified":"2022-10-21T19:02:43","modified_gmt":"2022-10-21T23:02:43","slug":"inicia-el-ano-con-generosidad-en-el-primer-cafe-de-la-leche","status":"publish","type":"post","link":"https:\/\/casadecampoliving.com\/es\/inicia-el-ano-con-generosidad-en-el-primer-cafe-de-la-leche\/","title":{"rendered":"Inicia el a\u00f1o con generosidad en el primer Caf\u00e9 de la Leche"},"content":{"rendered":"<div class=\"wp-block-image\">\n<figure class=\"aligncenter is-resized\"><img loading=\"lazy\" decoding=\"async\" src=\"https:\/\/i0.wp.com\/casadecampoliving.com\/wp-content\/uploads\/2022\/10\/Ana_Maria_Paniagua_Erika_Vilain.jpg?resize=650%2C436&amp;ssl=1\" alt=\"Ana Maria Paniagua, Erika Vilain\" class=\"wp-image-106824\" height=\"436\" width=\"650\"\/><\/figure>\n<\/div>\n\n\n<p>\u00a1El Caf\u00e9 de la Leche nunca se detiene en Casa de Campo! Unas semanas atr\u00e1s celebramos a lo grande el \u00faltimo <a href=\"https:\/\/casadecampoliving.com\/es\/un-feliz-cafe-de-la-leche\/\" target=\"_blank\" rel=\"noopener\">Caf\u00e9 de la Leche del 2015 con Xiomara Menendez<\/a>, pero el primero de este a\u00f1o nuevo ya est\u00e1 pautado para esta semana, el viernes, 8 de enero en Riomar #15, hogar de Alfonso y Annie Paniagua.<\/p>\n\n\n\n<!--more-->\n\n\n\n<p>Este marca el tercer a\u00f1o consecutivo en que Annie Paniagua tiene a cargo&nbsp;alojar el&nbsp;Caf\u00e9 de la Leche del mes de enero, uno que se ha hecho muy popular gracias a la espectacular vista que esta villa maravillosa posee desde la terraza hacia La Marina Casa de Campo, y claro la hospitalidad de&nbsp;Annie,&nbsp;quien siempre recibe a sus invitados con una gran sonrisa.<\/p>\n\n\n\n<p><span style=\"line-height: 1.5;\">Hacemos un llamado a todas las damas generosas de la comunidad Casa de Campo para que contin\u00faen apoyando la buena causa del Hogar del Ni\u00f1o en este 2016, contribuyendo donaciones de leche para la \u201cSala Cuna\u201d de esta instituci\u00f3n sin fines de lucro que atiende m\u00e1s de 200 beb\u00e9s diariamente.<\/span><\/p>\n\n\n\n<p>Otra&nbsp;vez deseamos a todos un feliz, prospero y generoso 2016, \u00a1esperamos verlos en Riomar #15 este VIERNES!<\/p>\n\n\n\n<blockquote><p><strong>Caf\u00e9 de la Leche con Annie Paniagua!<\/strong><\/p><p><strong>Fecha:<\/strong>&nbsp;Viernes, 8 de enero, 5pm \u2013 7pm<\/p><p><strong>Lugar<\/strong>&nbsp;Riomar #15, Altos de Chav\u00f3n<\/p><p><strong>Contribuci\u00f3n<\/strong>: Leche, formula, cereales o RD$1,200<\/p><p><strong>Info:<\/strong>&nbsp;809-523-8901,&nbsp;info@pbo.org.do<\/p><figure><img decoding=\"async\" loading=\"lazy\" class=\"aligncenter size-full wp-image-116033\" src=\"https:\/\/i0.wp.com\/casadecampoliving.com\/wp-content\/uploads\/2022\/10\/77563896396153.nkge6jb8fLb6FjLUCiAB_height640.png?resize=371%2C480&amp;ssl=1\" alt=\"77563896396153.nkge6jb8fLb6FjLUCiAB_height640\" width=\"371\" height=\"480\"><\/figure><\/blockquote>\n","protected":false},"excerpt":{"rendered":"<p>\u00a1El Caf\u00e9 de la Leche nunca se detiene en Casa de Campo! Unas semanas atr\u00e1s celebramos a lo grande el \u00faltimo Caf\u00e9 de la Leche del 2015 con Xiomara Menendez, pero el primero de este a\u00f1o nuevo ya est\u00e1 pautado para esta semana, el viernes, 8 de enero en Riomar #15, hogar de Alfonso y [&hellip;]<\/p>\n","protected":false},"author":1097,"featured_media":275324,"comment_status":"closed","ping_status":"closed","sticky":false,"template":"","format":"standard","meta":{"newspack_ads_suppress_ads":false,"newspack_popups_has_disabled_popups":false,"newspack_sponsor_sponsorship_scope":"","newspack_sponsor_native_byline_display":"inherit","newspack_sponsor_native_category_display":"inherit","newspack_sponsor_underwriter_style":"inherit","newspack_sponsor_underwriter_placement":"inherit","_newspack_byline_active":false,"_newspack_byline":"","newspack_hide_updated_date":false,"newspack_show_updated_date":false,"newspack_content_restriction_is_exempt":false,"newspack_featured_image_position":"","newspack_post_subtitle":"","newspack_article_summary_title":"Overview:","newspack_article_summary":"","_jetpack_memberships_contains_paid_content":false,"footnotes":"","jetpack_publicize_message":"","jetpack_publicize_feature_enabled":true,"jetpack_social_post_already_shared":false,"jetpack_social_options":{"image_generator_settings":{"template":"highway","default_image_id":0,"font":"","enabled":false},"version":2},"_wpas_customize_per_network":false},"categories":[26819,26936,26951,2524,14631,2522,2514,2516,14625,14627,2521,26822],"tags":[11749,5744,3626,8094,24387,6371,14876],"newspack_spnsrs_tax":[],"class_list":["post-348955","post","type-post","status-publish","format-standard","has-post-thumbnail","hentry","category-altos-de-chavon-es","category-casa-de-campo-living-es","category-ccl-presenta","category-destacados","category-estilo-de-vida","category-eventos-es","category-fundaciones-es","category-hogar-del-nino-es","category-noticias-locales","category-proximamente","category-republica-dominicana-2","category-resort-casa-de-campo","tag-annie-paniagua-es","tag-cafe-de-la-leche-es","tag-casa-de-campo-es","tag-casa-de-campo-community-es","tag-casa-de-campo-living-es","tag-casa-de-campo-resort-es","tag-hogar-del-nino-es","entry"],"yoast_head":"<!-- This site is optimized with the Yoast SEO plugin v27.5 - https:\/\/yoast.com\/product\/yoast-seo-wordpress\/ -->\n<title>Inicia el a\u00f1o con generosidad en el primer Caf\u00e9 de la Leche | Casa de Campo Living<\/title>\n<meta name=\"description\" content=\"\u00a1El Caf\u00e9 de la Leche nunca se detiene en Casa de Campo! Unas semanas atr\u00e1s celebramos a lo grande el \u00faltimo Caf\u00e9 de la Leche del 2015 con Xiomara\" \/>\n<meta name=\"robots\" content=\"index, follow, max-snippet:-1, max-image-preview:large, max-video-preview:-1\" \/>\n<link rel=\"canonical\" href=\"https:\/\/casadecampoliving.com\/es\/inicia-el-ano-con-generosidad-en-el-primer-cafe-de-la-leche\/\" \/>\n<meta property=\"og:locale\" content=\"es_ES\" \/>\n<meta property=\"og:type\" content=\"article\" \/>\n<meta property=\"og:title\" content=\"Inicia el a\u00f1o con generosidad en el primer Caf\u00e9 de la Leche | Casa de Campo Living\" \/>\n<meta property=\"og:description\" content=\"\u00a1El Caf\u00e9 de la Leche nunca se detiene en Casa de Campo! Unas semanas atr\u00e1s celebramos a lo grande el \u00faltimo Caf\u00e9 de la Leche del 2015 con Xiomara\" \/>\n<meta property=\"og:url\" content=\"https:\/\/casadecampoliving.com\/es\/inicia-el-ano-con-generosidad-en-el-primer-cafe-de-la-leche\/\" \/>\n<meta property=\"og:site_name\" content=\"Casa de Campo Living\" \/>\n<meta property=\"article:publisher\" content=\"https:\/\/www.facebook.com\/casadecampoliving\" \/>\n<meta property=\"article:published_time\" content=\"2016-01-06T04:00:00+00:00\" \/>\n<meta property=\"article:modified_time\" content=\"2022-10-21T23:02:43+00:00\" \/>\n<meta property=\"og:image\" content=\"https:\/\/i0.wp.com\/casadecampoliving.com\/wp-content\/uploads\/2022\/10\/Ana_Maria_Paniagua_Erika_Vilain-1.jpg?fit=650%2C436&ssl=1\" \/>\n\t<meta property=\"og:image:width\" content=\"650\" \/>\n\t<meta property=\"og:image:height\" content=\"436\" \/>\n\t<meta property=\"og:image:type\" content=\"image\/jpeg\" \/>\n<meta name=\"author\" content=\"Perkin Agramonte\" \/>\n<meta name=\"twitter:card\" content=\"summary_large_image\" \/>\n<meta name=\"twitter:creator\" content=\"@cdcliving\" \/>\n<meta name=\"twitter:site\" content=\"@cdcliving\" \/>\n<meta name=\"twitter:label1\" content=\"Escrito por\" \/>\n\t<meta name=\"twitter:data1\" content=\"Perkin Agramonte\" \/>\n\t<meta name=\"twitter:label2\" content=\"Tiempo de lectura\" \/>\n\t<meta name=\"twitter:data2\" content=\"1 minuto\" \/>\n<script type=\"application\/ld+json\" class=\"yoast-schema-graph\">{\"@context\":\"https:\\\/\\\/schema.org\",\"@graph\":[{\"@type\":\"Article\",\"@id\":\"https:\\\/\\\/casadecampoliving.com\\\/es\\\/inicia-el-ano-con-generosidad-en-el-primer-cafe-de-la-leche\\\/#article\",\"isPartOf\":{\"@id\":\"https:\\\/\\\/casadecampoliving.com\\\/es\\\/inicia-el-ano-con-generosidad-en-el-primer-cafe-de-la-leche\\\/\"},\"author\":{\"name\":\"Perkin Agramonte\",\"@id\":\"https:\\\/\\\/casadecampoliving.com\\\/es\\\/#\\\/schema\\\/person\\\/c8efa6049510554b7d5fea078d728f72\"},\"headline\":\"Inicia el a\u00f1o con generosidad en el primer Caf\u00e9 de la Leche\",\"datePublished\":\"2016-01-06T04:00:00+00:00\",\"dateModified\":\"2022-10-21T23:02:43+00:00\",\"mainEntityOfPage\":{\"@id\":\"https:\\\/\\\/casadecampoliving.com\\\/es\\\/inicia-el-ano-con-generosidad-en-el-primer-cafe-de-la-leche\\\/\"},\"wordCount\":246,\"publisher\":{\"@id\":\"https:\\\/\\\/casadecampoliving.com\\\/es\\\/#organization\"},\"image\":{\"@id\":\"https:\\\/\\\/casadecampoliving.com\\\/es\\\/inicia-el-ano-con-generosidad-en-el-primer-cafe-de-la-leche\\\/#primaryimage\"},\"thumbnailUrl\":\"https:\\\/\\\/i0.wp.com\\\/casadecampoliving.com\\\/wp-content\\\/uploads\\\/2022\\\/10\\\/Ana_Maria_Paniagua_Erika_Vilain-1.jpg?fit=650%2C436&ssl=1\",\"keywords\":[\"annie paniagua @es\",\"cafe de la leche @es\",\"casa de campo @es\",\"Casa de Campo Community @es\",\"Casa de Campo Living\",\"casa de campo resort @es\",\"hogar del nino\"],\"articleSection\":[\"Altos de Chavon @es\",\"Casa de Campo Living @es\",\"CCL presenta\",\"Destacados\",\"Estilo de Vida\",\"Eventos\",\"Fundaciones\",\"Hogar del Ni\u00f1o @es\",\"Noticias Locales\",\"Proximamente\",\"Rep\u00fablica Dominicana @es\",\"Resort Casa de Campo\"],\"inLanguage\":\"es\"},{\"@type\":\"WebPage\",\"@id\":\"https:\\\/\\\/casadecampoliving.com\\\/es\\\/inicia-el-ano-con-generosidad-en-el-primer-cafe-de-la-leche\\\/\",\"url\":\"https:\\\/\\\/casadecampoliving.com\\\/es\\\/inicia-el-ano-con-generosidad-en-el-primer-cafe-de-la-leche\\\/\",\"name\":\"Inicia el a\u00f1o con generosidad en el primer Caf\u00e9 de la Leche | Casa de Campo Living\",\"isPartOf\":{\"@id\":\"https:\\\/\\\/casadecampoliving.com\\\/es\\\/#website\"},\"primaryImageOfPage\":{\"@id\":\"https:\\\/\\\/casadecampoliving.com\\\/es\\\/inicia-el-ano-con-generosidad-en-el-primer-cafe-de-la-leche\\\/#primaryimage\"},\"image\":{\"@id\":\"https:\\\/\\\/casadecampoliving.com\\\/es\\\/inicia-el-ano-con-generosidad-en-el-primer-cafe-de-la-leche\\\/#primaryimage\"},\"thumbnailUrl\":\"https:\\\/\\\/i0.wp.com\\\/casadecampoliving.com\\\/wp-content\\\/uploads\\\/2022\\\/10\\\/Ana_Maria_Paniagua_Erika_Vilain-1.jpg?fit=650%2C436&ssl=1\",\"datePublished\":\"2016-01-06T04:00:00+00:00\",\"dateModified\":\"2022-10-21T23:02:43+00:00\",\"description\":\"\u00a1El Caf\u00e9 de la Leche nunca se detiene en Casa de Campo! Unas semanas atr\u00e1s celebramos a lo grande el \u00faltimo Caf\u00e9 de la Leche del 2015 con Xiomara\",\"breadcrumb\":{\"@id\":\"https:\\\/\\\/casadecampoliving.com\\\/es\\\/inicia-el-ano-con-generosidad-en-el-primer-cafe-de-la-leche\\\/#breadcrumb\"},\"inLanguage\":\"es\",\"potentialAction\":[{\"@type\":\"ReadAction\",\"target\":[\"https:\\\/\\\/casadecampoliving.com\\\/es\\\/inicia-el-ano-con-generosidad-en-el-primer-cafe-de-la-leche\\\/\"]}]},{\"@type\":\"ImageObject\",\"inLanguage\":\"es\",\"@id\":\"https:\\\/\\\/casadecampoliving.com\\\/es\\\/inicia-el-ano-con-generosidad-en-el-primer-cafe-de-la-leche\\\/#primaryimage\",\"url\":\"https:\\\/\\\/i0.wp.com\\\/casadecampoliving.com\\\/wp-content\\\/uploads\\\/2022\\\/10\\\/Ana_Maria_Paniagua_Erika_Vilain-1.jpg?fit=650%2C436&ssl=1\",\"contentUrl\":\"https:\\\/\\\/i0.wp.com\\\/casadecampoliving.com\\\/wp-content\\\/uploads\\\/2022\\\/10\\\/Ana_Maria_Paniagua_Erika_Vilain-1.jpg?fit=650%2C436&ssl=1\",\"width\":650,\"height\":436,\"caption\":\"Ana Maria Paniagua, Erika Vilain\"},{\"@type\":\"BreadcrumbList\",\"@id\":\"https:\\\/\\\/casadecampoliving.com\\\/es\\\/inicia-el-ano-con-generosidad-en-el-primer-cafe-de-la-leche\\\/#breadcrumb\",\"itemListElement\":[{\"@type\":\"ListItem\",\"position\":1,\"name\":\"Home\",\"item\":\"https:\\\/\\\/casadecampoliving.com\\\/es\\\/\"},{\"@type\":\"ListItem\",\"position\":2,\"name\":\"Inicia el a\u00f1o con generosidad en el primer Caf\u00e9 de la Leche\"}]},{\"@type\":\"WebSite\",\"@id\":\"https:\\\/\\\/casadecampoliving.com\\\/es\\\/#website\",\"url\":\"https:\\\/\\\/casadecampoliving.com\\\/es\\\/\",\"name\":\"Casa de Campo Living\",\"description\":\"Resort community news and resources.\",\"publisher\":{\"@id\":\"https:\\\/\\\/casadecampoliving.com\\\/es\\\/#organization\"},\"potentialAction\":[{\"@type\":\"SearchAction\",\"target\":{\"@type\":\"EntryPoint\",\"urlTemplate\":\"https:\\\/\\\/casadecampoliving.com\\\/es\\\/?s={search_term_string}\"},\"query-input\":{\"@type\":\"PropertyValueSpecification\",\"valueRequired\":true,\"valueName\":\"search_term_string\"}}],\"inLanguage\":\"es\"},{\"@type\":\"Organization\",\"@id\":\"https:\\\/\\\/casadecampoliving.com\\\/es\\\/#organization\",\"name\":\"Casa de Campo Living\",\"url\":\"https:\\\/\\\/casadecampoliving.com\\\/es\\\/\",\"logo\":{\"@type\":\"ImageObject\",\"inLanguage\":\"es\",\"@id\":\"https:\\\/\\\/casadecampoliving.com\\\/es\\\/#\\\/schema\\\/logo\\\/image\\\/\",\"url\":\"https:\\\/\\\/i0.wp.com\\\/casadecampoliving.com\\\/wp-content\\\/uploads\\\/2022\\\/07\\\/CDCLivingLogo_V1-white-sized.png?fit=800%2C214&ssl=1\",\"contentUrl\":\"https:\\\/\\\/i0.wp.com\\\/casadecampoliving.com\\\/wp-content\\\/uploads\\\/2022\\\/07\\\/CDCLivingLogo_V1-white-sized.png?fit=800%2C214&ssl=1\",\"width\":800,\"height\":214,\"caption\":\"Casa de Campo Living\"},\"image\":{\"@id\":\"https:\\\/\\\/casadecampoliving.com\\\/es\\\/#\\\/schema\\\/logo\\\/image\\\/\"},\"sameAs\":[\"https:\\\/\\\/www.facebook.com\\\/casadecampoliving\",\"https:\\\/\\\/x.com\\\/cdcliving\"]},{\"@type\":\"Person\",\"@id\":\"https:\\\/\\\/casadecampoliving.com\\\/es\\\/#\\\/schema\\\/person\\\/c8efa6049510554b7d5fea078d728f72\",\"name\":\"Perkin Agramonte\",\"image\":{\"@type\":\"ImageObject\",\"inLanguage\":\"es\",\"@id\":\"https:\\\/\\\/secure.gravatar.com\\\/avatar\\\/57bfdafcae55fb83dbb79a1585a9eab7f269b7720fb0b64cb9a4e0cd2962fa10?s=96&d=mm&r=g\",\"url\":\"https:\\\/\\\/secure.gravatar.com\\\/avatar\\\/57bfdafcae55fb83dbb79a1585a9eab7f269b7720fb0b64cb9a4e0cd2962fa10?s=96&d=mm&r=g\",\"contentUrl\":\"https:\\\/\\\/secure.gravatar.com\\\/avatar\\\/57bfdafcae55fb83dbb79a1585a9eab7f269b7720fb0b64cb9a4e0cd2962fa10?s=96&d=mm&r=g\",\"caption\":\"Perkin Agramonte\"},\"url\":\"https:\\\/\\\/casadecampoliving.com\\\/es\\\/author\\\/cagramonte\\\/\"}]}<\/script>\n<!-- \/ Yoast SEO plugin. -->","yoast_head_json":{"title":"Inicia el a\u00f1o con generosidad en el primer Caf\u00e9 de la Leche | Casa de Campo Living","description":"\u00a1El Caf\u00e9 de la Leche nunca se detiene en Casa de Campo! Unas semanas atr\u00e1s celebramos a lo grande el \u00faltimo Caf\u00e9 de la Leche del 2015 con Xiomara","robots":{"index":"index","follow":"follow","max-snippet":"max-snippet:-1","max-image-preview":"max-image-preview:large","max-video-preview":"max-video-preview:-1"},"canonical":"https:\/\/casadecampoliving.com\/es\/inicia-el-ano-con-generosidad-en-el-primer-cafe-de-la-leche\/","og_locale":"es_ES","og_type":"article","og_title":"Inicia el a\u00f1o con generosidad en el primer Caf\u00e9 de la Leche | Casa de Campo Living","og_description":"\u00a1El Caf\u00e9 de la Leche nunca se detiene en Casa de Campo! Unas semanas atr\u00e1s celebramos a lo grande el \u00faltimo Caf\u00e9 de la Leche del 2015 con Xiomara","og_url":"https:\/\/casadecampoliving.com\/es\/inicia-el-ano-con-generosidad-en-el-primer-cafe-de-la-leche\/","og_site_name":"Casa de Campo Living","article_publisher":"https:\/\/www.facebook.com\/casadecampoliving","article_published_time":"2016-01-06T04:00:00+00:00","article_modified_time":"2022-10-21T23:02:43+00:00","og_image":[{"width":650,"height":436,"url":"https:\/\/i0.wp.com\/casadecampoliving.com\/wp-content\/uploads\/2022\/10\/Ana_Maria_Paniagua_Erika_Vilain-1.jpg?fit=650%2C436&ssl=1","type":"image\/jpeg"}],"author":"Perkin Agramonte","twitter_card":"summary_large_image","twitter_creator":"@cdcliving","twitter_site":"@cdcliving","twitter_misc":{"Escrito por":"Perkin Agramonte","Tiempo de lectura":"1 minuto"},"schema":{"@context":"https:\/\/schema.org","@graph":[{"@type":"Article","@id":"https:\/\/casadecampoliving.com\/es\/inicia-el-ano-con-generosidad-en-el-primer-cafe-de-la-leche\/#article","isPartOf":{"@id":"https:\/\/casadecampoliving.com\/es\/inicia-el-ano-con-generosidad-en-el-primer-cafe-de-la-leche\/"},"author":{"name":"Perkin Agramonte","@id":"https:\/\/casadecampoliving.com\/es\/#\/schema\/person\/c8efa6049510554b7d5fea078d728f72"},"headline":"Inicia el a\u00f1o con generosidad en el primer Caf\u00e9 de la Leche","datePublished":"2016-01-06T04:00:00+00:00","dateModified":"2022-10-21T23:02:43+00:00","mainEntityOfPage":{"@id":"https:\/\/casadecampoliving.com\/es\/inicia-el-ano-con-generosidad-en-el-primer-cafe-de-la-leche\/"},"wordCount":246,"publisher":{"@id":"https:\/\/casadecampoliving.com\/es\/#organization"},"image":{"@id":"https:\/\/casadecampoliving.com\/es\/inicia-el-ano-con-generosidad-en-el-primer-cafe-de-la-leche\/#primaryimage"},"thumbnailUrl":"https:\/\/i0.wp.com\/casadecampoliving.com\/wp-content\/uploads\/2022\/10\/Ana_Maria_Paniagua_Erika_Vilain-1.jpg?fit=650%2C436&ssl=1","keywords":["annie paniagua @es","cafe de la leche @es","casa de campo @es","Casa de Campo Community @es","Casa de Campo Living","casa de campo resort @es","hogar del nino"],"articleSection":["Altos de Chavon @es","Casa de Campo Living @es","CCL presenta","Destacados","Estilo de Vida","Eventos","Fundaciones","Hogar del Ni\u00f1o @es","Noticias Locales","Proximamente","Rep\u00fablica Dominicana @es","Resort Casa de Campo"],"inLanguage":"es"},{"@type":"WebPage","@id":"https:\/\/casadecampoliving.com\/es\/inicia-el-ano-con-generosidad-en-el-primer-cafe-de-la-leche\/","url":"https:\/\/casadecampoliving.com\/es\/inicia-el-ano-con-generosidad-en-el-primer-cafe-de-la-leche\/","name":"Inicia el a\u00f1o con generosidad en el primer Caf\u00e9 de la Leche | Casa de Campo Living","isPartOf":{"@id":"https:\/\/casadecampoliving.com\/es\/#website"},"primaryImageOfPage":{"@id":"https:\/\/casadecampoliving.com\/es\/inicia-el-ano-con-generosidad-en-el-primer-cafe-de-la-leche\/#primaryimage"},"image":{"@id":"https:\/\/casadecampoliving.com\/es\/inicia-el-ano-con-generosidad-en-el-primer-cafe-de-la-leche\/#primaryimage"},"thumbnailUrl":"https:\/\/i0.wp.com\/casadecampoliving.com\/wp-content\/uploads\/2022\/10\/Ana_Maria_Paniagua_Erika_Vilain-1.jpg?fit=650%2C436&ssl=1","datePublished":"2016-01-06T04:00:00+00:00","dateModified":"2022-10-21T23:02:43+00:00","description":"\u00a1El Caf\u00e9 de la Leche nunca se detiene en Casa de Campo! Unas semanas atr\u00e1s celebramos a lo grande el \u00faltimo Caf\u00e9 de la Leche del 2015 con Xiomara","breadcrumb":{"@id":"https:\/\/casadecampoliving.com\/es\/inicia-el-ano-con-generosidad-en-el-primer-cafe-de-la-leche\/#breadcrumb"},"inLanguage":"es","potentialAction":[{"@type":"ReadAction","target":["https:\/\/casadecampoliving.com\/es\/inicia-el-ano-con-generosidad-en-el-primer-cafe-de-la-leche\/"]}]},{"@type":"ImageObject","inLanguage":"es","@id":"https:\/\/casadecampoliving.com\/es\/inicia-el-ano-con-generosidad-en-el-primer-cafe-de-la-leche\/#primaryimage","url":"https:\/\/i0.wp.com\/casadecampoliving.com\/wp-content\/uploads\/2022\/10\/Ana_Maria_Paniagua_Erika_Vilain-1.jpg?fit=650%2C436&ssl=1","contentUrl":"https:\/\/i0.wp.com\/casadecampoliving.com\/wp-content\/uploads\/2022\/10\/Ana_Maria_Paniagua_Erika_Vilain-1.jpg?fit=650%2C436&ssl=1","width":650,"height":436,"caption":"Ana Maria Paniagua, Erika Vilain"},{"@type":"BreadcrumbList","@id":"https:\/\/casadecampoliving.com\/es\/inicia-el-ano-con-generosidad-en-el-primer-cafe-de-la-leche\/#breadcrumb","itemListElement":[{"@type":"ListItem","position":1,"name":"Home","item":"https:\/\/casadecampoliving.com\/es\/"},{"@type":"ListItem","position":2,"name":"Inicia el a\u00f1o con generosidad en el primer Caf\u00e9 de la Leche"}]},{"@type":"WebSite","@id":"https:\/\/casadecampoliving.com\/es\/#website","url":"https:\/\/casadecampoliving.com\/es\/","name":"Casa de Campo Living","description":"Resort community news and resources.","publisher":{"@id":"https:\/\/casadecampoliving.com\/es\/#organization"},"potentialAction":[{"@type":"SearchAction","target":{"@type":"EntryPoint","urlTemplate":"https:\/\/casadecampoliving.com\/es\/?s={search_term_string}"},"query-input":{"@type":"PropertyValueSpecification","valueRequired":true,"valueName":"search_term_string"}}],"inLanguage":"es"},{"@type":"Organization","@id":"https:\/\/casadecampoliving.com\/es\/#organization","name":"Casa de Campo Living","url":"https:\/\/casadecampoliving.com\/es\/","logo":{"@type":"ImageObject","inLanguage":"es","@id":"https:\/\/casadecampoliving.com\/es\/#\/schema\/logo\/image\/","url":"https:\/\/i0.wp.com\/casadecampoliving.com\/wp-content\/uploads\/2022\/07\/CDCLivingLogo_V1-white-sized.png?fit=800%2C214&ssl=1","contentUrl":"https:\/\/i0.wp.com\/casadecampoliving.com\/wp-content\/uploads\/2022\/07\/CDCLivingLogo_V1-white-sized.png?fit=800%2C214&ssl=1","width":800,"height":214,"caption":"Casa de Campo Living"},"image":{"@id":"https:\/\/casadecampoliving.com\/es\/#\/schema\/logo\/image\/"},"sameAs":["https:\/\/www.facebook.com\/casadecampoliving","https:\/\/x.com\/cdcliving"]},{"@type":"Person","@id":"https:\/\/casadecampoliving.com\/es\/#\/schema\/person\/c8efa6049510554b7d5fea078d728f72","name":"Perkin Agramonte","image":{"@type":"ImageObject","inLanguage":"es","@id":"https:\/\/secure.gravatar.com\/avatar\/57bfdafcae55fb83dbb79a1585a9eab7f269b7720fb0b64cb9a4e0cd2962fa10?s=96&d=mm&r=g","url":"https:\/\/secure.gravatar.com\/avatar\/57bfdafcae55fb83dbb79a1585a9eab7f269b7720fb0b64cb9a4e0cd2962fa10?s=96&d=mm&r=g","contentUrl":"https:\/\/secure.gravatar.com\/avatar\/57bfdafcae55fb83dbb79a1585a9eab7f269b7720fb0b64cb9a4e0cd2962fa10?s=96&d=mm&r=g","caption":"Perkin Agramonte"},"url":"https:\/\/casadecampoliving.com\/es\/author\/cagramonte\/"}]}},"parsely":{"version":"1.1.0","canonical_url":"https:\/\/casadecampoliving.com\/es\/inicia-el-ano-con-generosidad-en-el-primer-cafe-de-la-leche\/","smart_links":{"inbound":0,"outbound":0},"traffic_boost_suggestions_count":0,"meta":{"@context":"https:\/\/schema.org","@type":"NewsArticle","headline":"Inicia el a\u00f1o con generosidad en el primer Caf\u00e9 de la Leche","url":"http:\/\/casadecampoliving.com\/es\/inicia-el-ano-con-generosidad-en-el-primer-cafe-de-la-leche\/","mainEntityOfPage":{"@type":"WebPage","@id":"http:\/\/casadecampoliving.com\/es\/inicia-el-ano-con-generosidad-en-el-primer-cafe-de-la-leche\/"},"thumbnailUrl":"https:\/\/i0.wp.com\/casadecampoliving.com\/wp-content\/uploads\/2022\/10\/Ana_Maria_Paniagua_Erika_Vilain-1.jpg?resize=150%2C150&ssl=1","image":{"@type":"ImageObject","url":"https:\/\/i0.wp.com\/casadecampoliving.com\/wp-content\/uploads\/2022\/10\/Ana_Maria_Paniagua_Erika_Vilain-1.jpg?fit=650%2C436&ssl=1"},"articleSection":"Altos de Chavon @es","author":[{"@type":"Person","name":"Perkin Agramonte"}],"creator":["Perkin Agramonte"],"publisher":{"@type":"Organization","name":"Casa de Campo Living","logo":"https:\/\/casadecampoliving.com\/wp-content\/uploads\/2022\/07\/CDCLivingLogo_V1-white-sized.png"},"keywords":["annie paniagua @es","cafe de la leche @es","casa de campo @es","casa de campo community @es","casa de campo living","casa de campo resort @es","hogar del nino"],"dateCreated":"2016-01-06T04:00:00Z","datePublished":"2016-01-06T04:00:00Z","dateModified":"2022-10-21T23:02:43Z"},"rendered":"<script type=\"application\/ld+json\" class=\"wp-parsely-metadata\">{\"@context\":\"https:\\\/\\\/schema.org\",\"@type\":\"NewsArticle\",\"headline\":\"Inicia el a\\u00f1o con generosidad en el primer Caf\\u00e9 de la Leche\",\"url\":\"http:\\\/\\\/casadecampoliving.com\\\/es\\\/inicia-el-ano-con-generosidad-en-el-primer-cafe-de-la-leche\\\/\",\"mainEntityOfPage\":{\"@type\":\"WebPage\",\"@id\":\"http:\\\/\\\/casadecampoliving.com\\\/es\\\/inicia-el-ano-con-generosidad-en-el-primer-cafe-de-la-leche\\\/\"},\"thumbnailUrl\":\"https:\\\/\\\/i0.wp.com\\\/casadecampoliving.com\\\/wp-content\\\/uploads\\\/2022\\\/10\\\/Ana_Maria_Paniagua_Erika_Vilain-1.jpg?resize=150%2C150&ssl=1\",\"image\":{\"@type\":\"ImageObject\",\"url\":\"https:\\\/\\\/i0.wp.com\\\/casadecampoliving.com\\\/wp-content\\\/uploads\\\/2022\\\/10\\\/Ana_Maria_Paniagua_Erika_Vilain-1.jpg?fit=650%2C436&ssl=1\"},\"articleSection\":\"Altos de Chavon @es\",\"author\":[{\"@type\":\"Person\",\"name\":\"Perkin Agramonte\"}],\"creator\":[\"Perkin Agramonte\"],\"publisher\":{\"@type\":\"Organization\",\"name\":\"Casa de Campo Living\",\"logo\":\"https:\\\/\\\/casadecampoliving.com\\\/wp-content\\\/uploads\\\/2022\\\/07\\\/CDCLivingLogo_V1-white-sized.png\"},\"keywords\":[\"annie paniagua @es\",\"cafe de la leche @es\",\"casa de campo @es\",\"casa de campo community @es\",\"casa de campo living\",\"casa de campo resort @es\",\"hogar del nino\"],\"dateCreated\":\"2016-01-06T04:00:00Z\",\"datePublished\":\"2016-01-06T04:00:00Z\",\"dateModified\":\"2022-10-21T23:02:43Z\"}<\/script>","tracker_url":"https:\/\/cdn.parsely.com\/keys\/casadecampoliving.com\/p.js"},"jetpack_publicize_connections":[],"jetpack_featured_media_url":"https:\/\/i0.wp.com\/casadecampoliving.com\/wp-content\/uploads\/2022\/10\/Ana_Maria_Paniagua_Erika_Vilain-1.jpg?fit=650%2C436&ssl=1","jetpack-related-posts":[{"id":346583,"url":"https:\/\/casadecampoliving.com\/es\/cafe-de-la-leche-con-annie-paniagua\/","url_meta":{"origin":348955,"position":0},"title":"Caf\u00e9 de la Leche con Annie Paniagua","author":"Perkin Agramonte","date":"22 Ene, 2015","format":false,"excerpt":"Con el inicio del A\u00f1o Nuevo vienen las esperanzas, sue\u00f1os y resoluciones. Y a\u00f1o tras a\u00f1o, el Caf\u00e9 de la Leche de Annie Paniagua es el evento que da apertura al calendario de actividades filantr\u00f3picas de Casa de Campo. Con una magnifica vista, deliciosos c\u00f3cteles y picaderas, marcando un est\u00e1ndar\u2026","rel":"","context":"En \u00abCasa de Campo Living @es\u00bb","block_context":{"text":"Casa de Campo Living @es","link":"https:\/\/casadecampoliving.com\/category\/casa-de-campo-living-es\/"},"img":{"alt_text":"Ana Maria Paniagua, Erika Vilain","src":"https:\/\/i0.wp.com\/casadecampoliving.com\/wp-content\/uploads\/2022\/10\/Ana_Maria_Paniagua_Erika_Vilain-1.jpg?fit=650%2C436&ssl=1&resize=350%2C200","width":350,"height":200,"srcset":"https:\/\/i0.wp.com\/casadecampoliving.com\/wp-content\/uploads\/2022\/10\/Ana_Maria_Paniagua_Erika_Vilain-1.jpg?fit=650%2C436&ssl=1&resize=350%2C200 1x, https:\/\/i0.wp.com\/casadecampoliving.com\/wp-content\/uploads\/2022\/10\/Ana_Maria_Paniagua_Erika_Vilain-1.jpg?fit=650%2C436&ssl=1&resize=525%2C300 1.5x"},"classes":[]},{"id":350992,"url":"https:\/\/casadecampoliving.com\/es\/la-primera-edicion-del-ano-de-cafe-de-la-leche-sera-con-annie-paniagua\/","url_meta":{"origin":348955,"position":1},"title":"La primera edici\u00f3n del a\u00f1o de Caf\u00e9 de la Leche ser\u00e1 con Annie Paniagua","author":"Heather Lincoln","date":"9 Ene, 2017","format":false,"excerpt":"Aunque las\u00a0fiestas navide\u00f1as podr\u00e1n haber acabado, este nuevo a\u00f1o nos brinda nuevas oportunidad para continuar reuniendonos con amigos y familiares.\u00a0Annie Paniagua le invita la tradicional primera edici\u00f3n de Caf\u00e9 de la Leche del a\u00f1o este jueves en su hermosa casa de Campo villa, donde podr\u00e1 relajarse y disfrutar de la\u2026","rel":"","context":"En \u00abEventos\u00bb","block_context":{"text":"Eventos","link":"https:\/\/casadecampoliving.com\/es\/category\/eventos-es\/"},"img":{"alt_text":"Caf\u00e9 de la Leche - Annie Paniagua","src":"https:\/\/i0.wp.com\/casadecampoliving.com\/wp-content\/uploads\/2022\/10\/BDC_6200-e1483970301823.jpg?fit=1000%2C719&ssl=1&resize=350%2C200","width":350,"height":200,"srcset":"https:\/\/i0.wp.com\/casadecampoliving.com\/wp-content\/uploads\/2022\/10\/BDC_6200-e1483970301823.jpg?fit=1000%2C719&ssl=1&resize=350%2C200 1x, https:\/\/i0.wp.com\/casadecampoliving.com\/wp-content\/uploads\/2022\/10\/BDC_6200-e1483970301823.jpg?fit=1000%2C719&ssl=1&resize=525%2C300 1.5x, https:\/\/i0.wp.com\/casadecampoliving.com\/wp-content\/uploads\/2022\/10\/BDC_6200-e1483970301823.jpg?fit=1000%2C719&ssl=1&resize=700%2C400 2x"},"classes":[]},{"id":346449,"url":"https:\/\/casadecampoliving.com\/es\/annie-paniagua-sera-anfitriona-del-proximo-cafe-de-la-leche\/","url_meta":{"origin":348955,"position":2},"title":"Annie Paniagua ser\u00e1 anfitriona del pr\u00f3ximo Caf\u00e9 de la Leche","author":"Rebecca Hughes","date":"6 Ene, 2015","format":false,"excerpt":"\u00bfEst\u00e1 listo para iniciar todo un nuevo a\u00f1o de celebraciones de Caf\u00e9 de la Leche? Esperamos que s\u00ed, porque el primero se ha planeado y tendr\u00e1 lugar el viernes 16 de enero, con la encantadora Annie Paniagua como la anfitriona. Con Ana Mar\u00eda Paniagua como la elegante anfitriona, esta edici\u00f3n\u2026","rel":"","context":"En \u00abDestacados\u00bb","block_context":{"text":"Destacados","link":"https:\/\/casadecampoliving.com\/es\/category\/destacados\/"},"img":{"alt_text":"ana maria paniagua","src":"https:\/\/i0.wp.com\/casadecampoliving.com\/wp-content\/uploads\/2022\/10\/ana-maria-paniagua.jpg?fit=740%2C405&ssl=1&resize=350%2C200","width":350,"height":200,"srcset":"https:\/\/i0.wp.com\/casadecampoliving.com\/wp-content\/uploads\/2022\/10\/ana-maria-paniagua.jpg?fit=740%2C405&ssl=1&resize=350%2C200 1x, https:\/\/i0.wp.com\/casadecampoliving.com\/wp-content\/uploads\/2022\/10\/ana-maria-paniagua.jpg?fit=740%2C405&ssl=1&resize=525%2C300 1.5x, https:\/\/i0.wp.com\/casadecampoliving.com\/wp-content\/uploads\/2022\/10\/ana-maria-paniagua.jpg?fit=740%2C405&ssl=1&resize=700%2C400 2x"},"classes":[]},{"id":340528,"url":"https:\/\/casadecampoliving.com\/es\/el-proximo-cafe-de-la-leche-sera-celebrado-el-8-de-febrero-por-annie-paniagua\/","url_meta":{"origin":348955,"position":3},"title":"\u00a1El pr\u00f3ximo Caf\u00e9 de la Leche ser\u00e1 celebrado el 8 de febrero por Annie Paniagua!","author":"","date":"27 Ene, 2013","format":false,"excerpt":"Siempre hemos esperado que el primer Caf\u00e9 de la Leche sea organizado por Ana Mar\u00eda Paniagua, y cuando \u00e9ste a\u00f1o la primera se realiz\u00f3 (por todo lo alto) en la tienda Shine en Altos de Chav\u00f3n, un gran n\u00famero de invitados nos quedamos con la duda de cu\u00e1ndo tendr\u00edamos la\u2026","rel":"","context":"En \u00abDestacados\u00bb","block_context":{"text":"Destacados","link":"https:\/\/casadecampoliving.com\/es\/category\/destacados\/"},"img":{"alt_text":"","src":"https:\/\/i0.wp.com\/casadecampoliving.com\/wp-content\/uploads\/2022\/10\/Cafe-Febrero-2013-02-1.jpg?fit=650%2C280&ssl=1&resize=350%2C200","width":350,"height":200,"srcset":"https:\/\/i0.wp.com\/casadecampoliving.com\/wp-content\/uploads\/2022\/10\/Cafe-Febrero-2013-02-1.jpg?fit=650%2C280&ssl=1&resize=350%2C200 1x, https:\/\/i0.wp.com\/casadecampoliving.com\/wp-content\/uploads\/2022\/10\/Cafe-Febrero-2013-02-1.jpg?fit=650%2C280&ssl=1&resize=525%2C300 1.5x"},"classes":[]},{"id":349299,"url":"https:\/\/casadecampoliving.com\/es\/cafe-de-la-leche-edicion-primavera-2016-en-casa\/","url_meta":{"origin":348955,"position":4},"title":"\u00a1Caf\u00e9 de la Leche edici\u00f3n Primavera 2016 en Casa!","author":"Heather Lincoln","date":"28 Feb, 2016","format":false,"excerpt":"\u00a1El PBO ha estado muy ocupado durante el comienzo de 2016! Recientemente finalizaron\u00a0su espl\u00e9ndido Fin de Semana Anual del Hogar del Ni\u00f1o con una serie de eventos sorprendentes, una muy memorable Cena Adopte una Cuna, \u00a1y un viaje especial a Miami para su nuevo Fondo de Educaci\u00f3n de Arte! Ahora\u2026","rel":"","context":"En \u00abCasa de Campo Living @es\u00bb","block_context":{"text":"Casa de Campo Living @es","link":"https:\/\/casadecampoliving.com\/category\/casa-de-campo-living-es\/"},"img":{"alt_text":"","src":"https:\/\/i0.wp.com\/casadecampoliving.com\/wp-content\/uploads\/2022\/10\/i-fTmnN77-L.jpg?fit=800%2C534&ssl=1&resize=350%2C200","width":350,"height":200,"srcset":"https:\/\/i0.wp.com\/casadecampoliving.com\/wp-content\/uploads\/2022\/10\/i-fTmnN77-L.jpg?fit=800%2C534&ssl=1&resize=350%2C200 1x, https:\/\/i0.wp.com\/casadecampoliving.com\/wp-content\/uploads\/2022\/10\/i-fTmnN77-L.jpg?fit=800%2C534&ssl=1&resize=525%2C300 1.5x, https:\/\/i0.wp.com\/casadecampoliving.com\/wp-content\/uploads\/2022\/10\/i-fTmnN77-L.jpg?fit=800%2C534&ssl=1&resize=700%2C400 2x"},"classes":[]},{"id":349034,"url":"https:\/\/casadecampoliving.com\/es\/cafe-de-la-leche-sra-annie-paniagua\/","url_meta":{"origin":348955,"position":5},"title":"Caf\u00e9 de la Leche con la Sra. Annie Paniagua","author":"Marlenys Guzm\u00e1n Casta\u00f1os","date":"20 Ene, 2016","format":false,"excerpt":"Cada mes tenemos dos compromisos muy importantes con el Hogar del Ni\u00f1o: A Night for the Kids y Caf\u00e9 de la Leche. En esta ocasi\u00f3n compartimos con ustedes lo que ocurri\u00f3 durante nuestra primera cita del a\u00f1o en la magn\u00edfica villa de Alfonso y Annie Paniagua, Riomar No.15. La cual\u2026","rel":"","context":"En \u00abEventos\u00bb","block_context":{"text":"Eventos","link":"https:\/\/casadecampoliving.com\/es\/category\/eventos-es\/"},"img":{"alt_text":"Cafe\u0301 de la Leche Enero 2016","src":"https:\/\/i0.wp.com\/casadecampoliving.com\/wp-content\/uploads\/2022\/10\/Cafe%CC%81-de-la-Leche-Enero-2016.jpg?fit=650%2C400&ssl=1&resize=350%2C200","width":350,"height":200,"srcset":"https:\/\/i0.wp.com\/casadecampoliving.com\/wp-content\/uploads\/2022\/10\/Cafe%CC%81-de-la-Leche-Enero-2016.jpg?fit=650%2C400&ssl=1&resize=350%2C200 1x, https:\/\/i0.wp.com\/casadecampoliving.com\/wp-content\/uploads\/2022\/10\/Cafe%CC%81-de-la-Leche-Enero-2016.jpg?fit=650%2C400&ssl=1&resize=525%2C300 1.5x"},"classes":[]}],"jetpack_sharing_enabled":true,"_links":{"self":[{"href":"https:\/\/casadecampoliving.com\/es\/wp-json\/wp\/v2\/posts\/348955","targetHints":{"allow":["GET"]}}],"collection":[{"href":"https:\/\/casadecampoliving.com\/es\/wp-json\/wp\/v2\/posts"}],"about":[{"href":"https:\/\/casadecampoliving.com\/es\/wp-json\/wp\/v2\/types\/post"}],"author":[{"embeddable":true,"href":"https:\/\/casadecampoliving.com\/es\/wp-json\/wp\/v2\/users\/1097"}],"replies":[{"embeddable":true,"href":"https:\/\/casadecampoliving.com\/es\/wp-json\/wp\/v2\/comments?post=348955"}],"version-history":[{"count":1,"href":"https:\/\/casadecampoliving.com\/es\/wp-json\/wp\/v2\/posts\/348955\/revisions"}],"predecessor-version":[{"id":348956,"href":"https:\/\/casadecampoliving.com\/es\/wp-json\/wp\/v2\/posts\/348955\/revisions\/348956"}],"wp:featuredmedia":[{"embeddable":true,"href":"https:\/\/casadecampoliving.com\/es\/wp-json\/wp\/v2\/media\/275324"}],"wp:attachment":[{"href":"https:\/\/casadecampoliving.com\/es\/wp-json\/wp\/v2\/media?parent=348955"}],"wp:term":[{"taxonomy":"category","embeddable":true,"href":"https:\/\/casadecampoliving.com\/es\/wp-json\/wp\/v2\/categories?post=348955"},{"taxonomy":"post_tag","embeddable":true,"href":"https:\/\/casadecampoliving.com\/es\/wp-json\/wp\/v2\/tags?post=348955"},{"taxonomy":"newspack_spnsrs_tax","embeddable":true,"href":"https:\/\/casadecampoliving.com\/es\/wp-json\/wp\/v2\/newspack_spnsrs_tax?post=348955"}],"curies":[{"name":"wp","href":"https:\/\/api.w.org\/{rel}","templated":true}]}}