{"id":348923,"date":"2015-12-29T00:00:00","date_gmt":"2015-12-29T04:00:00","guid":{"rendered":"https:\/\/casadecampoliving.com\/exhibicion-winter-selection-en-el-jenny-polanco-project-en-altos-de-chavon\/"},"modified":"2022-11-10T10:40:59","modified_gmt":"2022-11-10T14:40:59","slug":"exhibicion-winter-selection-en-el-jenny-polanco-project-en-altos-de-chavon","status":"publish","type":"post","link":"https:\/\/casadecampoliving.com\/es\/exhibicion-winter-selection-en-el-jenny-polanco-project-en-altos-de-chavon\/","title":{"rendered":"Exhibici\u00f3n \u00abWinter Selection\u00bb en el Jenny Polanco Project en Altos de Chav\u00f3n"},"content":{"rendered":"<p style=\"text-align: justify;\"><img data-recalc-dims=\"1\" loading=\"lazy\" decoding=\"async\" class=\"aligncenter size-full wp-image-115917\" src=\"https:\/\/i0.wp.com\/casadecampoliving.com\/wp-content\/uploads\/2022\/10\/Jenny-Polanco-Winter-Selection-2.jpg?resize=650%2C400&#038;ssl=1\" alt=\"Jenny Polanco Winter Selection 2\" width=\"650\" height=\"400\" \/>La exhibici\u00f3n m\u00e1s reciente de Casa Quien, Winter Selection (Selecci\u00f3n de Invierno), se encuentra disponible en el Jenny Polanco Project en Altos de Chav\u00f3n.<\/p>\n<p style=\"text-align: justify;\"><!--more--><\/p>\n<p style=\"text-align: justify;\">Las obras que componen la exhibici\u00f3n son de diferentes tipos de arte, desde dibujos y esculturas hasta artwear, de un grupo de artistas entre los cuales figuran Luis Rivas, Luis Molina, Danessa Santana, Michael Robinson, Laura Isabel, Sarah Haddou, Marion Wilson, Jesica Lewit, Gaby D&#8217;Alessandro, Andrea Ottenwalder y Ezequiel Taveras.<\/p>\n<p style=\"text-align: justify;\"><img data-recalc-dims=\"1\" loading=\"lazy\" decoding=\"async\" class=\"aligncenter size-full wp-image-115918\" src=\"https:\/\/i0.wp.com\/casadecampoliving.com\/wp-content\/uploads\/2022\/10\/Jenny-Polanco-Winter-Selection-3.jpg?resize=650%2C400&#038;ssl=1\" alt=\"Jenny Polanco Winter Selection 3\" width=\"650\" height=\"400\" \/><\/p>\n<p style=\"text-align: justify;\">La colaboraci\u00f3n entre Jenny Polanco y Casa Quien es una forma de traer arte nacional joven y contempor\u00e1neo a La Romana. La exhibici\u00f3n estar\u00e1 disponible durante dos meses desde ahora en el Jenny Polanco Project en Altos de Chav\u00f3n, y le recomendamos ir y apreciar las interesantes piezas que la conforman.<\/p>\n<p style=\"text-align: justify;\">Las siguientes fotos fueron tomadas el pasado viernes 19 de diciembre durante el lanzamiento de Winter Selection:<\/p>\n<p style=\"text-align: justify;\"><strong>\n<figure class=\"wp-block-gallery has-nested-images columns-default is-cropped wp-block-gallery-1 is-layout-flex wp-block-gallery-is-layout-flex\">\n<figure class=\"wp-block-image size-large\"><img data-recalc-dims=\"1\" loading=\"lazy\" decoding=\"async\" width=\"640\" height=\"480\" data-id=\"422959\" src=\"https:\/\/i0.wp.com\/casadecampoliving.com\/wp-content\/uploads\/2022\/10\/winterselection_1.jpg?resize=640%2C480&#038;ssl=1\" alt=\"\" class=\"wp-image-422959\" srcset=\"https:\/\/i0.wp.com\/casadecampoliving.com\/wp-content\/uploads\/2022\/10\/winterselection_1.jpg?w=640&amp;ssl=1 640w, https:\/\/i0.wp.com\/casadecampoliving.com\/wp-content\/uploads\/2022\/10\/winterselection_1.jpg?resize=300%2C225&amp;ssl=1 300w, https:\/\/i0.wp.com\/casadecampoliving.com\/wp-content\/uploads\/2022\/10\/winterselection_1.jpg?resize=400%2C300&amp;ssl=1 400w, https:\/\/i0.wp.com\/casadecampoliving.com\/wp-content\/uploads\/2022\/10\/winterselection_1.jpg?resize=200%2C150&amp;ssl=1 200w, https:\/\/i0.wp.com\/casadecampoliving.com\/wp-content\/uploads\/2022\/10\/winterselection_1.jpg?resize=150%2C113&amp;ssl=1 150w, https:\/\/i0.wp.com\/casadecampoliving.com\/wp-content\/uploads\/2022\/10\/winterselection_1.jpg?w=370&amp;ssl=1 370w\" sizes=\"auto, (max-width: 640px) 100vw, 640px\" \/><\/figure>\n\n\n\n<figure class=\"wp-block-image size-large\"><img data-recalc-dims=\"1\" loading=\"lazy\" decoding=\"async\" width=\"640\" height=\"480\" data-id=\"422981\" src=\"https:\/\/i0.wp.com\/casadecampoliving.com\/wp-content\/uploads\/2022\/10\/winterselection_5.jpg?resize=640%2C480&#038;ssl=1\" alt=\"\" class=\"wp-image-422981\" srcset=\"https:\/\/i0.wp.com\/casadecampoliving.com\/wp-content\/uploads\/2022\/10\/winterselection_5.jpg?w=640&amp;ssl=1 640w, https:\/\/i0.wp.com\/casadecampoliving.com\/wp-content\/uploads\/2022\/10\/winterselection_5.jpg?resize=300%2C225&amp;ssl=1 300w, https:\/\/i0.wp.com\/casadecampoliving.com\/wp-content\/uploads\/2022\/10\/winterselection_5.jpg?resize=400%2C300&amp;ssl=1 400w, https:\/\/i0.wp.com\/casadecampoliving.com\/wp-content\/uploads\/2022\/10\/winterselection_5.jpg?resize=200%2C150&amp;ssl=1 200w, https:\/\/i0.wp.com\/casadecampoliving.com\/wp-content\/uploads\/2022\/10\/winterselection_5.jpg?resize=150%2C113&amp;ssl=1 150w, https:\/\/i0.wp.com\/casadecampoliving.com\/wp-content\/uploads\/2022\/10\/winterselection_5.jpg?w=370&amp;ssl=1 370w\" sizes=\"auto, (max-width: 640px) 100vw, 640px\" \/><\/figure>\n\n\n\n<figure class=\"wp-block-image size-large\"><img data-recalc-dims=\"1\" loading=\"lazy\" decoding=\"async\" width=\"640\" height=\"480\" data-id=\"423005\" src=\"https:\/\/i0.wp.com\/casadecampoliving.com\/wp-content\/uploads\/2022\/10\/winterselection_7.jpg?resize=640%2C480&#038;ssl=1\" alt=\"\" class=\"wp-image-423005\" srcset=\"https:\/\/i0.wp.com\/casadecampoliving.com\/wp-content\/uploads\/2022\/10\/winterselection_7.jpg?w=640&amp;ssl=1 640w, https:\/\/i0.wp.com\/casadecampoliving.com\/wp-content\/uploads\/2022\/10\/winterselection_7.jpg?resize=300%2C225&amp;ssl=1 300w, https:\/\/i0.wp.com\/casadecampoliving.com\/wp-content\/uploads\/2022\/10\/winterselection_7.jpg?resize=400%2C300&amp;ssl=1 400w, https:\/\/i0.wp.com\/casadecampoliving.com\/wp-content\/uploads\/2022\/10\/winterselection_7.jpg?resize=200%2C150&amp;ssl=1 200w, https:\/\/i0.wp.com\/casadecampoliving.com\/wp-content\/uploads\/2022\/10\/winterselection_7.jpg?resize=150%2C113&amp;ssl=1 150w, https:\/\/i0.wp.com\/casadecampoliving.com\/wp-content\/uploads\/2022\/10\/winterselection_7.jpg?w=370&amp;ssl=1 370w\" sizes=\"auto, (max-width: 640px) 100vw, 640px\" \/><\/figure>\n\n\n\n<figure class=\"wp-block-image size-large\"><img data-recalc-dims=\"1\" loading=\"lazy\" decoding=\"async\" width=\"640\" height=\"480\" data-id=\"423023\" src=\"https:\/\/i0.wp.com\/casadecampoliving.com\/wp-content\/uploads\/2022\/10\/winterselection_8.jpg?resize=640%2C480&#038;ssl=1\" alt=\"\" class=\"wp-image-423023\" srcset=\"https:\/\/i0.wp.com\/casadecampoliving.com\/wp-content\/uploads\/2022\/10\/winterselection_8.jpg?w=640&amp;ssl=1 640w, https:\/\/i0.wp.com\/casadecampoliving.com\/wp-content\/uploads\/2022\/10\/winterselection_8.jpg?resize=300%2C225&amp;ssl=1 300w, https:\/\/i0.wp.com\/casadecampoliving.com\/wp-content\/uploads\/2022\/10\/winterselection_8.jpg?resize=400%2C300&amp;ssl=1 400w, https:\/\/i0.wp.com\/casadecampoliving.com\/wp-content\/uploads\/2022\/10\/winterselection_8.jpg?resize=200%2C150&amp;ssl=1 200w, https:\/\/i0.wp.com\/casadecampoliving.com\/wp-content\/uploads\/2022\/10\/winterselection_8.jpg?resize=150%2C113&amp;ssl=1 150w, https:\/\/i0.wp.com\/casadecampoliving.com\/wp-content\/uploads\/2022\/10\/winterselection_8.jpg?w=370&amp;ssl=1 370w\" sizes=\"auto, (max-width: 640px) 100vw, 640px\" \/><\/figure>\n\n\n\n<figure class=\"wp-block-image size-large\"><img data-recalc-dims=\"1\" loading=\"lazy\" decoding=\"async\" width=\"640\" height=\"480\" data-id=\"423048\" src=\"https:\/\/i0.wp.com\/casadecampoliving.com\/wp-content\/uploads\/2022\/10\/winterselection.jpg?resize=640%2C480&#038;ssl=1\" alt=\"\" class=\"wp-image-423048\" srcset=\"https:\/\/i0.wp.com\/casadecampoliving.com\/wp-content\/uploads\/2022\/10\/winterselection.jpg?w=640&amp;ssl=1 640w, https:\/\/i0.wp.com\/casadecampoliving.com\/wp-content\/uploads\/2022\/10\/winterselection.jpg?resize=300%2C225&amp;ssl=1 300w, https:\/\/i0.wp.com\/casadecampoliving.com\/wp-content\/uploads\/2022\/10\/winterselection.jpg?resize=400%2C300&amp;ssl=1 400w, https:\/\/i0.wp.com\/casadecampoliving.com\/wp-content\/uploads\/2022\/10\/winterselection.jpg?resize=200%2C150&amp;ssl=1 200w, https:\/\/i0.wp.com\/casadecampoliving.com\/wp-content\/uploads\/2022\/10\/winterselection.jpg?resize=150%2C113&amp;ssl=1 150w, https:\/\/i0.wp.com\/casadecampoliving.com\/wp-content\/uploads\/2022\/10\/winterselection.jpg?w=370&amp;ssl=1 370w\" sizes=\"auto, (max-width: 640px) 100vw, 640px\" \/><\/figure>\n<\/figure>\n<\/strong><\/p>\n\n<blockquote>\n<h3>Exhibici\u00f3n \u00abWinter Seleciton\u00bb en Jenny Polanco Project<\/h3>\n<strong>Fecha: <\/strong>S\u00e1bado, 19 de diciembre, 7pm\n\n<strong>Lugar: <\/strong>Jenny Polanco Project, Altos de Chav\u00f3n<\/blockquote>\n<blockquote>\n<p class=\"p1\" style=\"text-align: justify;\"><a href=\"https:\/\/i0.wp.com\/casadecampoliving-wp.s3-accelerate.amazonaws.com\/2015\/02\/casa_quien_logo.jpg?ssl=1\"><img data-recalc-dims=\"1\" loading=\"lazy\" decoding=\"async\" class=\"alignright wp-image-107808 size-medium\" src=\"https:\/\/i0.wp.com\/casadecampoliving.com\/wp-content\/uploads\/2022\/10\/casa_quien_logo-300x258-2.jpg?resize=300%2C258&#038;ssl=1\" alt=\"casa_quien_logo\" width=\"300\" height=\"258\" \/><\/a>Ubicada en la zona hist\u00f3rica de la ciudad colonial de Santo Domingo, Casa Qui\u00e9n nace en mayo 2014 como una iniciativa de Amy Hussein, que responde a estructuras no tradicionales de las galer\u00edas de arte. Cuenta con un espacio conformado por la Galer\u00eda, el Art Boutique y un Programa de Artistas en Residencia. La Galer\u00eda expondr\u00e1 el trabajo de artistas contempor\u00e1neos emergentes y establecidos, tanto locales como internacionales. El Art Boutique est\u00e1 especializado en arte original, prints, libros, artesan\u00edas, curiosidades, productos one-of-a-kind (\u00fanicos o producidos en cantidades limitadas) entre otros por una variedad de artistas contempor\u00e1neos.<\/p>\n<\/blockquote>\n<p class=\"p1\" style=\"text-align: justify;\">Para m\u00e1s informaci\u00f3n de Casa Quien los artistas y sus piezas en la galer\u00eda y el Art Boutique visita el website<a href=\"http:\/\/www.casaquien.com\/\" target=\"_blank\" rel=\"noopener\"> (click aqu\u00ed)<\/a>\u00a0o su\u00a0<a href=\"https:\/\/www.facebook.com\/profile.php?id=100007694355986&amp;fref=ts\" target=\"_blank\" rel=\"noopener\">FaceBook,<\/a> o sigue a Casa Quien:\u00a0<a href=\"http:\/\/instagram.com\/casaquien\" target=\"_blank\" rel=\"noopener\">@casaquien<\/a>\u00a0en\u00a0Instagram,\u00a0<a href=\"https:\/\/twitter.com\/casa_quien\" target=\"_blank\" rel=\"noopener\">@casaquien<\/a>\u00a0en Twitter, <a href=\"https:\/\/www.pinterest.com\/casaquien\/\" target=\"_blank\" rel=\"noopener\">Casa Quien<\/a>\u00a0en\u00a0Pinterest.<\/p>","protected":false},"excerpt":{"rendered":"<p>La exhibici\u00f3n m\u00e1s reciente de Casa Quien, Winter Selection (Selecci\u00f3n de Invierno), se encuentra disponible en el Jenny Polanco Project en Altos de Chav\u00f3n.<\/p>\n","protected":false},"author":36681,"featured_media":277060,"comment_status":"closed","ping_status":"closed","sticky":false,"template":"","format":"standard","meta":{"newspack_ads_suppress_ads":false,"newspack_popups_has_disabled_popups":false,"newspack_sponsor_sponsorship_scope":"","newspack_sponsor_native_byline_display":"inherit","newspack_sponsor_native_category_display":"inherit","newspack_sponsor_underwriter_style":"inherit","newspack_sponsor_underwriter_placement":"inherit","_newspack_byline_active":false,"_newspack_byline":"","newspack_hide_updated_date":false,"newspack_show_updated_date":false,"newspack_content_restriction_is_exempt":false,"newspack_featured_image_position":"","newspack_post_subtitle":"","newspack_article_summary_title":"Overview:","newspack_article_summary":"","_jetpack_memberships_contains_paid_content":false,"footnotes":"","jetpack_publicize_message":"","jetpack_publicize_feature_enabled":true,"jetpack_social_post_already_shared":false,"jetpack_social_options":{"image_generator_settings":{"template":"highway","default_image_id":0,"font":"","enabled":false},"version":2},"_wpas_customize_per_network":false},"categories":[26819,26823,26936,2522,2524,14625,14627],"tags":[2536,23815,3395,6474,2557,5725,4903,3661],"newspack_spnsrs_tax":[],"class_list":["post-348923","post","type-post","status-publish","format-standard","has-post-thumbnail","hentry","category-altos-de-chavon-es","category-arte-y-cultura","category-casa-de-campo-living-es","category-eventos-es","category-destacados","category-noticias-locales","category-proximamente","tag-arte","tag-casa-de-campo-es-17","tag-dominican-art","tag-exhibicion","tag-exhibicion-de-arte","tag-exposicion-de-arte","tag-jenny-polanco-es","tag-jenny-polanco-project-es","entry"],"yoast_head":"<!-- This site is optimized with the Yoast SEO plugin v27.4 - https:\/\/yoast.com\/product\/yoast-seo-wordpress\/ -->\n<title>Exhibici\u00f3n &quot;Winter Selection&quot; en el Jenny Polanco Project en Altos de Chav\u00f3n | Casa de Campo Living<\/title>\n<meta name=\"description\" content=\"La exhibici\u00f3n m\u00e1s reciente de Casa Quien, Winter Selection (Selecci\u00f3n de Invierno), se encuentra disponible en el Jenny Polanco Project en Altos de\" \/>\n<meta name=\"robots\" content=\"index, follow, max-snippet:-1, max-image-preview:large, max-video-preview:-1\" \/>\n<link rel=\"canonical\" href=\"https:\/\/casadecampoliving.com\/es\/exhibicion-winter-selection-en-el-jenny-polanco-project-en-altos-de-chavon\/\" \/>\n<meta property=\"og:locale\" content=\"es_ES\" \/>\n<meta property=\"og:type\" content=\"article\" \/>\n<meta property=\"og:title\" content=\"Exhibici\u00f3n &quot;Winter Selection&quot; en el Jenny Polanco Project en Altos de Chav\u00f3n | Casa de Campo Living\" \/>\n<meta property=\"og:description\" content=\"La exhibici\u00f3n m\u00e1s reciente de Casa Quien, Winter Selection (Selecci\u00f3n de Invierno), se encuentra disponible en el Jenny Polanco Project en Altos de\" \/>\n<meta property=\"og:url\" content=\"https:\/\/casadecampoliving.com\/es\/exhibicion-winter-selection-en-el-jenny-polanco-project-en-altos-de-chavon\/\" \/>\n<meta property=\"og:site_name\" content=\"Casa de Campo Living\" \/>\n<meta property=\"article:publisher\" content=\"https:\/\/www.facebook.com\/casadecampoliving\" \/>\n<meta property=\"article:published_time\" content=\"2015-12-29T04:00:00+00:00\" \/>\n<meta property=\"article:modified_time\" content=\"2022-11-10T14:40:59+00:00\" \/>\n<meta property=\"og:image\" content=\"https:\/\/i0.wp.com\/casadecampoliving.com\/wp-content\/uploads\/2022\/10\/Jenny-Polanco-Winter-Selection-2-1.jpg?fit=650%2C400&ssl=1\" \/>\n\t<meta property=\"og:image:width\" content=\"650\" \/>\n\t<meta property=\"og:image:height\" content=\"400\" \/>\n\t<meta property=\"og:image:type\" content=\"image\/jpeg\" \/>\n<meta name=\"author\" content=\"Heather Lincoln\" \/>\n<meta name=\"twitter:card\" content=\"summary_large_image\" \/>\n<meta name=\"twitter:creator\" content=\"@cdcliving\" \/>\n<meta name=\"twitter:site\" content=\"@cdcliving\" \/>\n<meta name=\"twitter:label1\" content=\"Escrito por\" \/>\n\t<meta name=\"twitter:data1\" content=\"Heather Lincoln\" \/>\n\t<meta name=\"twitter:label2\" content=\"Tiempo de lectura\" \/>\n\t<meta name=\"twitter:data2\" content=\"2 minutos\" \/>\n<script type=\"application\/ld+json\" class=\"yoast-schema-graph\">{\"@context\":\"https:\\\/\\\/schema.org\",\"@graph\":[{\"@type\":\"Article\",\"@id\":\"https:\\\/\\\/casadecampoliving.com\\\/es\\\/exhibicion-winter-selection-en-el-jenny-polanco-project-en-altos-de-chavon\\\/#article\",\"isPartOf\":{\"@id\":\"https:\\\/\\\/casadecampoliving.com\\\/es\\\/exhibicion-winter-selection-en-el-jenny-polanco-project-en-altos-de-chavon\\\/\"},\"author\":{\"name\":\"Heather Lincoln\",\"@id\":\"https:\\\/\\\/casadecampoliving.com\\\/es\\\/#\\\/schema\\\/person\\\/e3abfc63c1478fd703266a6f33a3145d\"},\"headline\":\"Exhibici\u00f3n \u00abWinter Selection\u00bb en el Jenny Polanco Project en Altos de Chav\u00f3n\",\"datePublished\":\"2015-12-29T04:00:00+00:00\",\"dateModified\":\"2022-11-10T14:40:59+00:00\",\"mainEntityOfPage\":{\"@id\":\"https:\\\/\\\/casadecampoliving.com\\\/es\\\/exhibicion-winter-selection-en-el-jenny-polanco-project-en-altos-de-chavon\\\/\"},\"wordCount\":334,\"publisher\":{\"@id\":\"https:\\\/\\\/casadecampoliving.com\\\/es\\\/#organization\"},\"image\":{\"@id\":\"https:\\\/\\\/casadecampoliving.com\\\/es\\\/exhibicion-winter-selection-en-el-jenny-polanco-project-en-altos-de-chavon\\\/#primaryimage\"},\"thumbnailUrl\":\"https:\\\/\\\/i0.wp.com\\\/casadecampoliving.com\\\/wp-content\\\/uploads\\\/2022\\\/10\\\/Jenny-Polanco-Winter-Selection-2-1.jpg?fit=650%2C400&ssl=1\",\"keywords\":[\"arte\",\"Casa de Campo\",\"dominican art\",\"exhibicion\",\"exhibicion de arte\",\"exposici\u00f3n de arte\",\"jenny polanco @es\",\"jenny polanco project @es\"],\"articleSection\":[\"Altos de Chavon @es\",\"Arte y cultura\",\"Casa de Campo Living @es\",\"Eventos\",\"Destacados\",\"Noticias Locales\",\"Proximamente\"],\"inLanguage\":\"es\"},{\"@type\":\"WebPage\",\"@id\":\"https:\\\/\\\/casadecampoliving.com\\\/es\\\/exhibicion-winter-selection-en-el-jenny-polanco-project-en-altos-de-chavon\\\/\",\"url\":\"https:\\\/\\\/casadecampoliving.com\\\/es\\\/exhibicion-winter-selection-en-el-jenny-polanco-project-en-altos-de-chavon\\\/\",\"name\":\"Exhibici\u00f3n \\\"Winter Selection\\\" en el Jenny Polanco Project en Altos de Chav\u00f3n | Casa de Campo Living\",\"isPartOf\":{\"@id\":\"https:\\\/\\\/casadecampoliving.com\\\/es\\\/#website\"},\"primaryImageOfPage\":{\"@id\":\"https:\\\/\\\/casadecampoliving.com\\\/es\\\/exhibicion-winter-selection-en-el-jenny-polanco-project-en-altos-de-chavon\\\/#primaryimage\"},\"image\":{\"@id\":\"https:\\\/\\\/casadecampoliving.com\\\/es\\\/exhibicion-winter-selection-en-el-jenny-polanco-project-en-altos-de-chavon\\\/#primaryimage\"},\"thumbnailUrl\":\"https:\\\/\\\/i0.wp.com\\\/casadecampoliving.com\\\/wp-content\\\/uploads\\\/2022\\\/10\\\/Jenny-Polanco-Winter-Selection-2-1.jpg?fit=650%2C400&ssl=1\",\"datePublished\":\"2015-12-29T04:00:00+00:00\",\"dateModified\":\"2022-11-10T14:40:59+00:00\",\"description\":\"La exhibici\u00f3n m\u00e1s reciente de Casa Quien, Winter Selection (Selecci\u00f3n de Invierno), se encuentra disponible en el Jenny Polanco Project en Altos de\",\"breadcrumb\":{\"@id\":\"https:\\\/\\\/casadecampoliving.com\\\/es\\\/exhibicion-winter-selection-en-el-jenny-polanco-project-en-altos-de-chavon\\\/#breadcrumb\"},\"inLanguage\":\"es\",\"potentialAction\":[{\"@type\":\"ReadAction\",\"target\":[\"https:\\\/\\\/casadecampoliving.com\\\/es\\\/exhibicion-winter-selection-en-el-jenny-polanco-project-en-altos-de-chavon\\\/\"]}]},{\"@type\":\"ImageObject\",\"inLanguage\":\"es\",\"@id\":\"https:\\\/\\\/casadecampoliving.com\\\/es\\\/exhibicion-winter-selection-en-el-jenny-polanco-project-en-altos-de-chavon\\\/#primaryimage\",\"url\":\"https:\\\/\\\/i0.wp.com\\\/casadecampoliving.com\\\/wp-content\\\/uploads\\\/2022\\\/10\\\/Jenny-Polanco-Winter-Selection-2-1.jpg?fit=650%2C400&ssl=1\",\"contentUrl\":\"https:\\\/\\\/i0.wp.com\\\/casadecampoliving.com\\\/wp-content\\\/uploads\\\/2022\\\/10\\\/Jenny-Polanco-Winter-Selection-2-1.jpg?fit=650%2C400&ssl=1\",\"width\":650,\"height\":400,\"caption\":\"Jenny Polanco Winter Selection 2\"},{\"@type\":\"BreadcrumbList\",\"@id\":\"https:\\\/\\\/casadecampoliving.com\\\/es\\\/exhibicion-winter-selection-en-el-jenny-polanco-project-en-altos-de-chavon\\\/#breadcrumb\",\"itemListElement\":[{\"@type\":\"ListItem\",\"position\":1,\"name\":\"Home\",\"item\":\"https:\\\/\\\/casadecampoliving.com\\\/es\\\/\"},{\"@type\":\"ListItem\",\"position\":2,\"name\":\"Exhibici\u00f3n &#8220;Winter Selection&#8221; en el Jenny Polanco Project en Altos de Chav\u00f3n\"}]},{\"@type\":\"WebSite\",\"@id\":\"https:\\\/\\\/casadecampoliving.com\\\/es\\\/#website\",\"url\":\"https:\\\/\\\/casadecampoliving.com\\\/es\\\/\",\"name\":\"Casa de Campo Living\",\"description\":\"Resort community news and resources.\",\"publisher\":{\"@id\":\"https:\\\/\\\/casadecampoliving.com\\\/es\\\/#organization\"},\"potentialAction\":[{\"@type\":\"SearchAction\",\"target\":{\"@type\":\"EntryPoint\",\"urlTemplate\":\"https:\\\/\\\/casadecampoliving.com\\\/es\\\/?s={search_term_string}\"},\"query-input\":{\"@type\":\"PropertyValueSpecification\",\"valueRequired\":true,\"valueName\":\"search_term_string\"}}],\"inLanguage\":\"es\"},{\"@type\":\"Organization\",\"@id\":\"https:\\\/\\\/casadecampoliving.com\\\/es\\\/#organization\",\"name\":\"Casa de Campo Living\",\"url\":\"https:\\\/\\\/casadecampoliving.com\\\/es\\\/\",\"logo\":{\"@type\":\"ImageObject\",\"inLanguage\":\"es\",\"@id\":\"https:\\\/\\\/casadecampoliving.com\\\/es\\\/#\\\/schema\\\/logo\\\/image\\\/\",\"url\":\"https:\\\/\\\/i0.wp.com\\\/casadecampoliving.com\\\/wp-content\\\/uploads\\\/2022\\\/07\\\/CDCLivingLogo_V1-white-sized.png?fit=800%2C214&ssl=1\",\"contentUrl\":\"https:\\\/\\\/i0.wp.com\\\/casadecampoliving.com\\\/wp-content\\\/uploads\\\/2022\\\/07\\\/CDCLivingLogo_V1-white-sized.png?fit=800%2C214&ssl=1\",\"width\":800,\"height\":214,\"caption\":\"Casa de Campo Living\"},\"image\":{\"@id\":\"https:\\\/\\\/casadecampoliving.com\\\/es\\\/#\\\/schema\\\/logo\\\/image\\\/\"},\"sameAs\":[\"https:\\\/\\\/www.facebook.com\\\/casadecampoliving\",\"https:\\\/\\\/x.com\\\/cdcliving\"]},{\"@type\":\"Person\",\"@id\":\"https:\\\/\\\/casadecampoliving.com\\\/es\\\/#\\\/schema\\\/person\\\/e3abfc63c1478fd703266a6f33a3145d\",\"name\":\"Heather Lincoln\",\"image\":{\"@type\":\"ImageObject\",\"inLanguage\":\"es\",\"@id\":\"https:\\\/\\\/secure.gravatar.com\\\/avatar\\\/e8fc1ce4ad50385675908137b0d8d66be281d034bf072b4700460237638ea6d0?s=96&d=mm&r=g\",\"url\":\"https:\\\/\\\/secure.gravatar.com\\\/avatar\\\/e8fc1ce4ad50385675908137b0d8d66be281d034bf072b4700460237638ea6d0?s=96&d=mm&r=g\",\"contentUrl\":\"https:\\\/\\\/secure.gravatar.com\\\/avatar\\\/e8fc1ce4ad50385675908137b0d8d66be281d034bf072b4700460237638ea6d0?s=96&d=mm&r=g\",\"caption\":\"Heather Lincoln\"},\"url\":\"https:\\\/\\\/casadecampoliving.com\\\/es\\\/author\\\/hcastillo\\\/\"}]}<\/script>\n<!-- \/ Yoast SEO plugin. -->","yoast_head_json":{"title":"Exhibici\u00f3n \"Winter Selection\" en el Jenny Polanco Project en Altos de Chav\u00f3n | Casa de Campo Living","description":"La exhibici\u00f3n m\u00e1s reciente de Casa Quien, Winter Selection (Selecci\u00f3n de Invierno), se encuentra disponible en el Jenny Polanco Project en Altos de","robots":{"index":"index","follow":"follow","max-snippet":"max-snippet:-1","max-image-preview":"max-image-preview:large","max-video-preview":"max-video-preview:-1"},"canonical":"https:\/\/casadecampoliving.com\/es\/exhibicion-winter-selection-en-el-jenny-polanco-project-en-altos-de-chavon\/","og_locale":"es_ES","og_type":"article","og_title":"Exhibici\u00f3n \"Winter Selection\" en el Jenny Polanco Project en Altos de Chav\u00f3n | Casa de Campo Living","og_description":"La exhibici\u00f3n m\u00e1s reciente de Casa Quien, Winter Selection (Selecci\u00f3n de Invierno), se encuentra disponible en el Jenny Polanco Project en Altos de","og_url":"https:\/\/casadecampoliving.com\/es\/exhibicion-winter-selection-en-el-jenny-polanco-project-en-altos-de-chavon\/","og_site_name":"Casa de Campo Living","article_publisher":"https:\/\/www.facebook.com\/casadecampoliving","article_published_time":"2015-12-29T04:00:00+00:00","article_modified_time":"2022-11-10T14:40:59+00:00","og_image":[{"width":650,"height":400,"url":"https:\/\/i0.wp.com\/casadecampoliving.com\/wp-content\/uploads\/2022\/10\/Jenny-Polanco-Winter-Selection-2-1.jpg?fit=650%2C400&ssl=1","type":"image\/jpeg"}],"author":"Heather Lincoln","twitter_card":"summary_large_image","twitter_creator":"@cdcliving","twitter_site":"@cdcliving","twitter_misc":{"Escrito por":"Heather Lincoln","Tiempo de lectura":"2 minutos"},"schema":{"@context":"https:\/\/schema.org","@graph":[{"@type":"Article","@id":"https:\/\/casadecampoliving.com\/es\/exhibicion-winter-selection-en-el-jenny-polanco-project-en-altos-de-chavon\/#article","isPartOf":{"@id":"https:\/\/casadecampoliving.com\/es\/exhibicion-winter-selection-en-el-jenny-polanco-project-en-altos-de-chavon\/"},"author":{"name":"Heather Lincoln","@id":"https:\/\/casadecampoliving.com\/es\/#\/schema\/person\/e3abfc63c1478fd703266a6f33a3145d"},"headline":"Exhibici\u00f3n \u00abWinter Selection\u00bb en el Jenny Polanco Project en Altos de Chav\u00f3n","datePublished":"2015-12-29T04:00:00+00:00","dateModified":"2022-11-10T14:40:59+00:00","mainEntityOfPage":{"@id":"https:\/\/casadecampoliving.com\/es\/exhibicion-winter-selection-en-el-jenny-polanco-project-en-altos-de-chavon\/"},"wordCount":334,"publisher":{"@id":"https:\/\/casadecampoliving.com\/es\/#organization"},"image":{"@id":"https:\/\/casadecampoliving.com\/es\/exhibicion-winter-selection-en-el-jenny-polanco-project-en-altos-de-chavon\/#primaryimage"},"thumbnailUrl":"https:\/\/i0.wp.com\/casadecampoliving.com\/wp-content\/uploads\/2022\/10\/Jenny-Polanco-Winter-Selection-2-1.jpg?fit=650%2C400&ssl=1","keywords":["arte","Casa de Campo","dominican art","exhibicion","exhibicion de arte","exposici\u00f3n de arte","jenny polanco @es","jenny polanco project @es"],"articleSection":["Altos de Chavon @es","Arte y cultura","Casa de Campo Living @es","Eventos","Destacados","Noticias Locales","Proximamente"],"inLanguage":"es"},{"@type":"WebPage","@id":"https:\/\/casadecampoliving.com\/es\/exhibicion-winter-selection-en-el-jenny-polanco-project-en-altos-de-chavon\/","url":"https:\/\/casadecampoliving.com\/es\/exhibicion-winter-selection-en-el-jenny-polanco-project-en-altos-de-chavon\/","name":"Exhibici\u00f3n \"Winter Selection\" en el Jenny Polanco Project en Altos de Chav\u00f3n | Casa de Campo Living","isPartOf":{"@id":"https:\/\/casadecampoliving.com\/es\/#website"},"primaryImageOfPage":{"@id":"https:\/\/casadecampoliving.com\/es\/exhibicion-winter-selection-en-el-jenny-polanco-project-en-altos-de-chavon\/#primaryimage"},"image":{"@id":"https:\/\/casadecampoliving.com\/es\/exhibicion-winter-selection-en-el-jenny-polanco-project-en-altos-de-chavon\/#primaryimage"},"thumbnailUrl":"https:\/\/i0.wp.com\/casadecampoliving.com\/wp-content\/uploads\/2022\/10\/Jenny-Polanco-Winter-Selection-2-1.jpg?fit=650%2C400&ssl=1","datePublished":"2015-12-29T04:00:00+00:00","dateModified":"2022-11-10T14:40:59+00:00","description":"La exhibici\u00f3n m\u00e1s reciente de Casa Quien, Winter Selection (Selecci\u00f3n de Invierno), se encuentra disponible en el Jenny Polanco Project en Altos de","breadcrumb":{"@id":"https:\/\/casadecampoliving.com\/es\/exhibicion-winter-selection-en-el-jenny-polanco-project-en-altos-de-chavon\/#breadcrumb"},"inLanguage":"es","potentialAction":[{"@type":"ReadAction","target":["https:\/\/casadecampoliving.com\/es\/exhibicion-winter-selection-en-el-jenny-polanco-project-en-altos-de-chavon\/"]}]},{"@type":"ImageObject","inLanguage":"es","@id":"https:\/\/casadecampoliving.com\/es\/exhibicion-winter-selection-en-el-jenny-polanco-project-en-altos-de-chavon\/#primaryimage","url":"https:\/\/i0.wp.com\/casadecampoliving.com\/wp-content\/uploads\/2022\/10\/Jenny-Polanco-Winter-Selection-2-1.jpg?fit=650%2C400&ssl=1","contentUrl":"https:\/\/i0.wp.com\/casadecampoliving.com\/wp-content\/uploads\/2022\/10\/Jenny-Polanco-Winter-Selection-2-1.jpg?fit=650%2C400&ssl=1","width":650,"height":400,"caption":"Jenny Polanco Winter Selection 2"},{"@type":"BreadcrumbList","@id":"https:\/\/casadecampoliving.com\/es\/exhibicion-winter-selection-en-el-jenny-polanco-project-en-altos-de-chavon\/#breadcrumb","itemListElement":[{"@type":"ListItem","position":1,"name":"Home","item":"https:\/\/casadecampoliving.com\/es\/"},{"@type":"ListItem","position":2,"name":"Exhibici\u00f3n &#8220;Winter Selection&#8221; en el Jenny Polanco Project en Altos de Chav\u00f3n"}]},{"@type":"WebSite","@id":"https:\/\/casadecampoliving.com\/es\/#website","url":"https:\/\/casadecampoliving.com\/es\/","name":"Casa de Campo Living","description":"Resort community news and resources.","publisher":{"@id":"https:\/\/casadecampoliving.com\/es\/#organization"},"potentialAction":[{"@type":"SearchAction","target":{"@type":"EntryPoint","urlTemplate":"https:\/\/casadecampoliving.com\/es\/?s={search_term_string}"},"query-input":{"@type":"PropertyValueSpecification","valueRequired":true,"valueName":"search_term_string"}}],"inLanguage":"es"},{"@type":"Organization","@id":"https:\/\/casadecampoliving.com\/es\/#organization","name":"Casa de Campo Living","url":"https:\/\/casadecampoliving.com\/es\/","logo":{"@type":"ImageObject","inLanguage":"es","@id":"https:\/\/casadecampoliving.com\/es\/#\/schema\/logo\/image\/","url":"https:\/\/i0.wp.com\/casadecampoliving.com\/wp-content\/uploads\/2022\/07\/CDCLivingLogo_V1-white-sized.png?fit=800%2C214&ssl=1","contentUrl":"https:\/\/i0.wp.com\/casadecampoliving.com\/wp-content\/uploads\/2022\/07\/CDCLivingLogo_V1-white-sized.png?fit=800%2C214&ssl=1","width":800,"height":214,"caption":"Casa de Campo Living"},"image":{"@id":"https:\/\/casadecampoliving.com\/es\/#\/schema\/logo\/image\/"},"sameAs":["https:\/\/www.facebook.com\/casadecampoliving","https:\/\/x.com\/cdcliving"]},{"@type":"Person","@id":"https:\/\/casadecampoliving.com\/es\/#\/schema\/person\/e3abfc63c1478fd703266a6f33a3145d","name":"Heather Lincoln","image":{"@type":"ImageObject","inLanguage":"es","@id":"https:\/\/secure.gravatar.com\/avatar\/e8fc1ce4ad50385675908137b0d8d66be281d034bf072b4700460237638ea6d0?s=96&d=mm&r=g","url":"https:\/\/secure.gravatar.com\/avatar\/e8fc1ce4ad50385675908137b0d8d66be281d034bf072b4700460237638ea6d0?s=96&d=mm&r=g","contentUrl":"https:\/\/secure.gravatar.com\/avatar\/e8fc1ce4ad50385675908137b0d8d66be281d034bf072b4700460237638ea6d0?s=96&d=mm&r=g","caption":"Heather Lincoln"},"url":"https:\/\/casadecampoliving.com\/es\/author\/hcastillo\/"}]}},"parsely":{"version":"1.1.0","canonical_url":"https:\/\/casadecampoliving.com\/es\/exhibicion-winter-selection-en-el-jenny-polanco-project-en-altos-de-chavon\/","smart_links":{"inbound":0,"outbound":0},"traffic_boost_suggestions_count":0,"meta":{"@context":"https:\/\/schema.org","@type":"NewsArticle","headline":"Exhibici\u00f3n \u00abWinter Selection\u00bb en el Jenny Polanco Project en Altos de Chav\u00f3n","url":"http:\/\/casadecampoliving.com\/es\/exhibicion-winter-selection-en-el-jenny-polanco-project-en-altos-de-chavon\/","mainEntityOfPage":{"@type":"WebPage","@id":"http:\/\/casadecampoliving.com\/es\/exhibicion-winter-selection-en-el-jenny-polanco-project-en-altos-de-chavon\/"},"thumbnailUrl":"https:\/\/i0.wp.com\/casadecampoliving.com\/wp-content\/uploads\/2022\/10\/Jenny-Polanco-Winter-Selection-2-1.jpg?resize=150%2C150&ssl=1","image":{"@type":"ImageObject","url":"https:\/\/i0.wp.com\/casadecampoliving.com\/wp-content\/uploads\/2022\/10\/Jenny-Polanco-Winter-Selection-2-1.jpg?fit=650%2C400&ssl=1"},"articleSection":"Altos de Chavon @es","author":[{"@type":"Person","name":"Heather Lincoln"}],"creator":["Heather Lincoln"],"publisher":{"@type":"Organization","name":"Casa de Campo Living","logo":"https:\/\/casadecampoliving.com\/wp-content\/uploads\/2022\/07\/CDCLivingLogo_V1-white-sized.png"},"keywords":["arte","casa de campo","dominican art","exhibicion","exhibicion de arte","exposici\u00f3n de arte","jenny polanco @es","jenny polanco project @es"],"dateCreated":"2015-12-29T04:00:00Z","datePublished":"2015-12-29T04:00:00Z","dateModified":"2022-11-10T14:40:59Z"},"rendered":"<script type=\"application\/ld+json\" class=\"wp-parsely-metadata\">{\"@context\":\"https:\\\/\\\/schema.org\",\"@type\":\"NewsArticle\",\"headline\":\"Exhibici\\u00f3n \\u00abWinter Selection\\u00bb en el Jenny Polanco Project en Altos de Chav\\u00f3n\",\"url\":\"http:\\\/\\\/casadecampoliving.com\\\/es\\\/exhibicion-winter-selection-en-el-jenny-polanco-project-en-altos-de-chavon\\\/\",\"mainEntityOfPage\":{\"@type\":\"WebPage\",\"@id\":\"http:\\\/\\\/casadecampoliving.com\\\/es\\\/exhibicion-winter-selection-en-el-jenny-polanco-project-en-altos-de-chavon\\\/\"},\"thumbnailUrl\":\"https:\\\/\\\/i0.wp.com\\\/casadecampoliving.com\\\/wp-content\\\/uploads\\\/2022\\\/10\\\/Jenny-Polanco-Winter-Selection-2-1.jpg?resize=150%2C150&ssl=1\",\"image\":{\"@type\":\"ImageObject\",\"url\":\"https:\\\/\\\/i0.wp.com\\\/casadecampoliving.com\\\/wp-content\\\/uploads\\\/2022\\\/10\\\/Jenny-Polanco-Winter-Selection-2-1.jpg?fit=650%2C400&ssl=1\"},\"articleSection\":\"Altos de Chavon @es\",\"author\":[{\"@type\":\"Person\",\"name\":\"Heather Lincoln\"}],\"creator\":[\"Heather Lincoln\"],\"publisher\":{\"@type\":\"Organization\",\"name\":\"Casa de Campo Living\",\"logo\":\"https:\\\/\\\/casadecampoliving.com\\\/wp-content\\\/uploads\\\/2022\\\/07\\\/CDCLivingLogo_V1-white-sized.png\"},\"keywords\":[\"arte\",\"casa de campo\",\"dominican art\",\"exhibicion\",\"exhibicion de arte\",\"exposici\\u00f3n de arte\",\"jenny polanco @es\",\"jenny polanco project @es\"],\"dateCreated\":\"2015-12-29T04:00:00Z\",\"datePublished\":\"2015-12-29T04:00:00Z\",\"dateModified\":\"2022-11-10T14:40:59Z\"}<\/script>","tracker_url":"https:\/\/cdn.parsely.com\/keys\/casadecampoliving.com\/p.js"},"jetpack_publicize_connections":[],"jetpack_featured_media_url":"https:\/\/i0.wp.com\/casadecampoliving.com\/wp-content\/uploads\/2022\/10\/Jenny-Polanco-Winter-Selection-2-1.jpg?fit=650%2C400&ssl=1","jetpack-related-posts":[{"id":348016,"url":"https:\/\/casadecampoliving.com\/es\/exhibicion-selection-en-jenny-polanco-project\/","url_meta":{"origin":348923,"position":0},"title":"Exhibici\u00f3n de arte SELECTION en Jenny Polanco Project","author":"Perkin Agramonte","date":"6 Ago, 2015","format":false,"excerpt":"El pr\u00f3ximo s\u00e1bado, 15 de agosto esl Jenny Polanco Project en colaboraci\u00f3n con Casa Quien trae a Altos de Chav\u00f3n una exhibici\u00f3n de arte llamada \u201cSelection\u201d, con obras realizadas por artistas contempor\u00e1neos dominicanos. Casa Quien es un espacio de arte abierto por Amy Hussein (egresada de La Escuela de Dise\u00f1o\u2026","rel":"","context":"En \u00abAltos de Chavon @es\u00bb","block_context":{"text":"Altos de Chavon @es","link":"https:\/\/casadecampoliving.com\/category\/altos-de-chavon-es\/"},"img":{"alt_text":"","src":"https:\/\/i0.wp.com\/casadecampoliving.com\/wp-content\/uploads\/2022\/10\/SELECTION_art_exhibit-1.png?fit=1200%2C694&ssl=1&resize=350%2C200","width":350,"height":200,"srcset":"https:\/\/i0.wp.com\/casadecampoliving.com\/wp-content\/uploads\/2022\/10\/SELECTION_art_exhibit-1.png?fit=1200%2C694&ssl=1&resize=350%2C200 1x, https:\/\/i0.wp.com\/casadecampoliving.com\/wp-content\/uploads\/2022\/10\/SELECTION_art_exhibit-1.png?fit=1200%2C694&ssl=1&resize=525%2C300 1.5x, https:\/\/i0.wp.com\/casadecampoliving.com\/wp-content\/uploads\/2022\/10\/SELECTION_art_exhibit-1.png?fit=1200%2C694&ssl=1&resize=700%2C400 2x, https:\/\/i0.wp.com\/casadecampoliving.com\/wp-content\/uploads\/2022\/10\/SELECTION_art_exhibit-1.png?fit=1200%2C694&ssl=1&resize=1050%2C600 3x"},"classes":[]},{"id":343594,"url":"https:\/\/casadecampoliving.com\/es\/arte-naive-exhibicion-de-arte-y-coctel-en-jenny-polanco-project\/","url_meta":{"origin":348923,"position":1},"title":"\u00abArte Naive\u00bb exhibici\u00f3n de arte y coctel en Jenny Polanco Project","author":"Perkin Agramonte","date":"26 Dic, 2013","format":false,"excerpt":"Casa de Campo Living y SILGON, una moderna compa\u00f1\u00eda de medios estan m\u00e1s que orgullosos de invitarles a una exhibici\u00f3n de arte y coctel este s\u00e1bado 28 de diciembre, organizada por la famosa dise\u00f1adora dominicana, Jenny Polanco. El \u201cArte Naive\u201d una exhibici\u00f3n de arte que contendr\u00e1 obras tradicionales y artesanales,\u2026","rel":"","context":"En \u00abAltos de Chavon @es\u00bb","block_context":{"text":"Altos de Chavon @es","link":"https:\/\/casadecampoliving.com\/category\/altos-de-chavon-es\/"},"img":{"alt_text":"Arte Naive Jenny Polanco","src":"https:\/\/i0.wp.com\/casadecampoliving.com\/wp-content\/uploads\/2022\/10\/arte_naive_jenny_polanco-1.jpg?fit=650%2C464&ssl=1&resize=350%2C200","width":350,"height":200,"srcset":"https:\/\/i0.wp.com\/casadecampoliving.com\/wp-content\/uploads\/2022\/10\/arte_naive_jenny_polanco-1.jpg?fit=650%2C464&ssl=1&resize=350%2C200 1x, https:\/\/i0.wp.com\/casadecampoliving.com\/wp-content\/uploads\/2022\/10\/arte_naive_jenny_polanco-1.jpg?fit=650%2C464&ssl=1&resize=525%2C300 1.5x"},"classes":[]},{"id":348835,"url":"https:\/\/casadecampoliving.com\/es\/selection-edicion-invierno-regresa-al-jenny-polanco-project\/","url_meta":{"origin":348923,"position":2},"title":"\u00abSELECTION Edici\u00f3n Invierno\u00bb regresa al Jenny Polanco Project","author":"Perkin Agramonte","date":"17 Dic, 2015","format":false,"excerpt":"Los artistas dominicanos\u00a0Luis Rivas, Luis Molina, Danessa Santana, Michael Robinson, Laura Isabel, Sarah Haddou, Marion Wilson, Jesica Lewit, Gaby D\u2019Alessandro, Andrea Ottenwalder, Ezequiel \u200bTaveras, M\u00f3nica Lapaz y Alma Peguero estar\u00e1n en Altos de Chav\u00f3n presentando la exhibici\u00f3n de arte \u201cSELECTION Edici\u00f3n Invierno\u201d ESTE S\u00c1BADO, 19 de diciembre en el Jenny\u2026","rel":"","context":"En \u00abAltos de Chavon @es\u00bb","block_context":{"text":"Altos de Chavon @es","link":"https:\/\/casadecampoliving.com\/category\/altos-de-chavon-es\/"},"img":{"alt_text":"","src":"https:\/\/i0.wp.com\/casadecampoliving.com\/wp-content\/uploads\/2022\/10\/Untitled-design-3.jpg?fit=650%2C450&ssl=1&resize=350%2C200","width":350,"height":200,"srcset":"https:\/\/i0.wp.com\/casadecampoliving.com\/wp-content\/uploads\/2022\/10\/Untitled-design-3.jpg?fit=650%2C450&ssl=1&resize=350%2C200 1x, https:\/\/i0.wp.com\/casadecampoliving.com\/wp-content\/uploads\/2022\/10\/Untitled-design-3.jpg?fit=650%2C450&ssl=1&resize=525%2C300 1.5x"},"classes":[]},{"id":343628,"url":"https:\/\/casadecampoliving.com\/es\/jenny-polanco-arte-naive\/","url_meta":{"origin":348923,"position":3},"title":"Jenny Polanco celebra la arte dominicano y haitiano en una exhibici\u00f3n de \u00abArte Naive\u00bb","author":"Rebecca Silvestri","date":"31 Dic, 2013","format":false,"excerpt":"El pasado s\u00e1bado 28 de diciembre, la famosa dise\u00f1adora dominicana Jenny Polanco celebr\u00f3 la nueva exhibici\u00f3n de arte \u201cArte Naive\u201d en el proyecto de Jenny Polanco en Altos de Chav\u00f3n. La apertura de la exhibici\u00f3n fue celebrada con algunos de los miembros de la comunidad de Casa de Campo la\u2026","rel":"","context":"En \u00abAltos de Chavon @es\u00bb","block_context":{"text":"Altos de Chavon @es","link":"https:\/\/casadecampoliving.com\/category\/altos-de-chavon-es\/"},"img":{"alt_text":"Jenny Polanco","src":"https:\/\/i0.wp.com\/casadecampoliving.com\/wp-content\/uploads\/2022\/10\/jenny_polanco-12.jpg?fit=650%2C433&ssl=1&resize=350%2C200","width":350,"height":200,"srcset":"https:\/\/i0.wp.com\/casadecampoliving.com\/wp-content\/uploads\/2022\/10\/jenny_polanco-12.jpg?fit=650%2C433&ssl=1&resize=350%2C200 1x, https:\/\/i0.wp.com\/casadecampoliving.com\/wp-content\/uploads\/2022\/10\/jenny_polanco-12.jpg?fit=650%2C433&ssl=1&resize=525%2C300 1.5x"},"classes":[]},{"id":339407,"url":"https:\/\/casadecampoliving.com\/es\/reserve-la-fecha-coctel-de-apertura-de-la-nueva-exhibicion-de-arte-buscando-escencias-10-de-agosto\/","url_meta":{"origin":348923,"position":4},"title":"Reserve la fecha! C\u00f3ctel de apertura de la nueva exhibici\u00f3n de arte \u00abBuscando Esencias\u00bb &#8211; 10 de agosto!","author":"","date":"20 Jul, 2012","format":false,"excerpt":"Reserve la fecha! El evento perfecto para los amantes de la moda y del arte, se llevar\u00e1 a cabo este viernes 10 de agosto \u2013 con la apertura de la nueva exhibici\u00f3n de arte y fotos \u201cBuscando Esencias\u201d en la galer\u00eda de arte de Altos de Chav\u00f3n en Casa de\u2026","rel":"","context":"En \u00abAltos de Chavon @es\u00bb","block_context":{"text":"Altos de Chavon @es","link":"https:\/\/casadecampoliving.com\/category\/altos-de-chavon-es\/"},"img":{"alt_text":"jenny polanco","src":"https:\/\/i0.wp.com\/casadecampoliving.com\/wp-content\/uploads\/2022\/10\/jenny_polanco9-1.jpg?fit=650%2C372&ssl=1&resize=350%2C200","width":350,"height":200,"srcset":"https:\/\/i0.wp.com\/casadecampoliving.com\/wp-content\/uploads\/2022\/10\/jenny_polanco9-1.jpg?fit=650%2C372&ssl=1&resize=350%2C200 1x, https:\/\/i0.wp.com\/casadecampoliving.com\/wp-content\/uploads\/2022\/10\/jenny_polanco9-1.jpg?fit=650%2C372&ssl=1&resize=525%2C300 1.5x"},"classes":[]},{"id":343880,"url":"https:\/\/casadecampoliving.com\/es\/exhibicion-dominicana-de-mascaras-por-jenny-polanco-este-domingo\/","url_meta":{"origin":348923,"position":5},"title":"Exhibici\u00f3n Dominicana de Mascaras por Jenny Polanco &#8211; este domingo","author":"Genesis Perdomo","date":"15 Feb, 2014","format":false,"excerpt":"Este domingo 16 de febrero, la dise\u00f1adora Dominicana, Jenny Polanco les invita a la exhibici\u00f3n Dominicana de m\u00e1scaras en el Jenny Polanco Project en Altos de Chav\u00f3n. Como una apasionada defensora de la artesan\u00eda Dominicana y Haitiana, Jenny comparti\u00f3 con Casa de Campo Living que la motivaci\u00f3n detr\u00e1s de la\u2026","rel":"","context":"En \u00abAltos de Chavon @es\u00bb","block_context":{"text":"Altos de Chavon @es","link":"https:\/\/casadecampoliving.com\/category\/altos-de-chavon-es\/"},"img":{"alt_text":"Jenny Polanco project","src":"https:\/\/i0.wp.com\/casadecampoliving.com\/wp-content\/uploads\/2022\/10\/jenny_polanco_project-1.jpg?fit=650%2C542&ssl=1&resize=350%2C200","width":350,"height":200,"srcset":"https:\/\/i0.wp.com\/casadecampoliving.com\/wp-content\/uploads\/2022\/10\/jenny_polanco_project-1.jpg?fit=650%2C542&ssl=1&resize=350%2C200 1x, https:\/\/i0.wp.com\/casadecampoliving.com\/wp-content\/uploads\/2022\/10\/jenny_polanco_project-1.jpg?fit=650%2C542&ssl=1&resize=525%2C300 1.5x"},"classes":[]}],"jetpack_sharing_enabled":true,"_links":{"self":[{"href":"https:\/\/casadecampoliving.com\/es\/wp-json\/wp\/v2\/posts\/348923","targetHints":{"allow":["GET"]}}],"collection":[{"href":"https:\/\/casadecampoliving.com\/es\/wp-json\/wp\/v2\/posts"}],"about":[{"href":"https:\/\/casadecampoliving.com\/es\/wp-json\/wp\/v2\/types\/post"}],"author":[{"embeddable":true,"href":"https:\/\/casadecampoliving.com\/es\/wp-json\/wp\/v2\/users\/36681"}],"replies":[{"embeddable":true,"href":"https:\/\/casadecampoliving.com\/es\/wp-json\/wp\/v2\/comments?post=348923"}],"version-history":[{"count":2,"href":"https:\/\/casadecampoliving.com\/es\/wp-json\/wp\/v2\/posts\/348923\/revisions"}],"predecessor-version":[{"id":509017,"href":"https:\/\/casadecampoliving.com\/es\/wp-json\/wp\/v2\/posts\/348923\/revisions\/509017"}],"wp:featuredmedia":[{"embeddable":true,"href":"https:\/\/casadecampoliving.com\/es\/wp-json\/wp\/v2\/media\/277060"}],"wp:attachment":[{"href":"https:\/\/casadecampoliving.com\/es\/wp-json\/wp\/v2\/media?parent=348923"}],"wp:term":[{"taxonomy":"category","embeddable":true,"href":"https:\/\/casadecampoliving.com\/es\/wp-json\/wp\/v2\/categories?post=348923"},{"taxonomy":"post_tag","embeddable":true,"href":"https:\/\/casadecampoliving.com\/es\/wp-json\/wp\/v2\/tags?post=348923"},{"taxonomy":"newspack_spnsrs_tax","embeddable":true,"href":"https:\/\/casadecampoliving.com\/es\/wp-json\/wp\/v2\/newspack_spnsrs_tax?post=348923"}],"curies":[{"name":"wp","href":"https:\/\/api.w.org\/{rel}","templated":true}]}}