{"id":348853,"date":"2015-12-21T00:00:00","date_gmt":"2015-12-21T04:00:00","guid":{"rendered":"https:\/\/casadecampoliving.com\/los-alumnos-de-mir-siguen-la-estrella-en-una-presentacion-navidena\/"},"modified":"2022-11-10T10:41:28","modified_gmt":"2022-11-10T14:41:28","slug":"los-alumnos-de-mir-siguen-la-estrella-en-una-presentacion-navidena","status":"publish","type":"post","link":"https:\/\/casadecampoliving.com\/es\/los-alumnos-de-mir-siguen-la-estrella-en-una-presentacion-navidena\/","title":{"rendered":"Los alumnos de MIR \u00abSiguen la Estrella\u00bb en una presentaci\u00f3n navide\u00f1a"},"content":{"rendered":"<img data-recalc-dims=\"1\" loading=\"lazy\" decoding=\"async\" class=\"aligncenter size-full wp-image-115733\" src=\"https:\/\/i0.wp.com\/casadecampoliving.com\/wp-content\/uploads\/2022\/10\/Fundacion-MIR-Follow-a-Star.jpg?resize=650%2C400&#038;ssl=1\" alt=\"Fundaci\u00f3n MIR Follow a Star\" width=\"650\" height=\"400\" \/>Los alumnos de kinder a tercer grado de la Escuela Primaria MIR Esperanza celebr\u00f3 la Navidad el pasado viernes 11 de diciembre con un hermoso acto cultural llamado \u00abSiguiendo Una Estrella\u00bb.\n\n<!--more-->\n\n<img data-recalc-dims=\"1\" loading=\"lazy\" decoding=\"async\" class=\"alignright wp-image-115676\" src=\"https:\/\/i0.wp.com\/casadecampoliving.com\/wp-content\/uploads\/2022\/10\/Fundacion_MIR_2-e1450380503151-678x1024-2-rotated.jpg?resize=300%2C453&#038;ssl=1\" alt=\"\" width=\"300\" height=\"453\" \/>Esta actividad familiar escenificada por los peque\u00f1itos, se llev\u00f3 a cabo en el sal\u00f3n multiusos de la Escuela MIR Esperanza con el objetivo de llevar un mensaje de amor y paz a los padres y dem\u00e1s personas que estuvieron presentes.\n\nLos talentosos y multifaceticos alumnos bailaron, cantaron y declamaron haciendo un marco al evento principal que fue el Nacimiento Viviente, adem\u00e1s los ni\u00f1os tomaron una parte del acto para hacer honor a los villancicos y las tradiciones navide\u00f1as dominicanas.\n\nEl orgullo y admiraci\u00f3n era muy notable en las caras de los padres al ver a sus peque\u00f1itos desarrollar este acto con tanta naturalidad y felicidad.\n\n<img data-recalc-dims=\"1\" loading=\"lazy\" decoding=\"async\" class=\"aligncenter wp-image-115677\" src=\"https:\/\/i0.wp.com\/casadecampoliving.com\/wp-content\/uploads\/2022\/10\/Fundacion_MIR-1024x683-1.jpg?resize=650%2C433&#038;ssl=1\" alt=\"Fundaci\u00f3n_MIR\" width=\"650\" height=\"433\" \/>\n\nLas siguientes fotos fueron tomadas durante el acto cultural llamado \u00abSiguiendo Una Estrella\u00bb desarrollado por los alumnos de la Primaria MIR Esperanza, el viernes 11 de diciembre:\n\nThe following photos were taken during the cultural event, \u00abFollowing A Star\u00bb by the students of MIR Esperanza Primary School, Friday, December 11th:\u00a0<strong>\n<figure class=\"wp-block-gallery has-nested-images columns-default is-cropped wp-block-gallery-1 is-layout-flex wp-block-gallery-is-layout-flex\">\n<figure class=\"wp-block-image size-large\"><img data-recalc-dims=\"1\" loading=\"lazy\" decoding=\"async\" width=\"800\" height=\"533\" data-id=\"416283\" src=\"https:\/\/i0.wp.com\/casadecampoliving.com\/wp-content\/uploads\/2022\/10\/dsc_0281-4.jpg?resize=800%2C533&#038;ssl=1\" alt=\"\" class=\"wp-image-416283\" srcset=\"https:\/\/i0.wp.com\/casadecampoliving.com\/wp-content\/uploads\/2022\/10\/dsc_0281-4.jpg?w=800&amp;ssl=1 800w, https:\/\/i0.wp.com\/casadecampoliving.com\/wp-content\/uploads\/2022\/10\/dsc_0281-4.jpg?resize=300%2C200&amp;ssl=1 300w, https:\/\/i0.wp.com\/casadecampoliving.com\/wp-content\/uploads\/2022\/10\/dsc_0281-4.jpg?resize=768%2C512&amp;ssl=1 768w, https:\/\/i0.wp.com\/casadecampoliving.com\/wp-content\/uploads\/2022\/10\/dsc_0281-4.jpg?resize=400%2C267&amp;ssl=1 400w, https:\/\/i0.wp.com\/casadecampoliving.com\/wp-content\/uploads\/2022\/10\/dsc_0281-4.jpg?resize=706%2C470&amp;ssl=1 706w, https:\/\/i0.wp.com\/casadecampoliving.com\/wp-content\/uploads\/2022\/10\/dsc_0281-4.jpg?resize=150%2C100&amp;ssl=1 150w, https:\/\/i0.wp.com\/casadecampoliving.com\/wp-content\/uploads\/2022\/10\/dsc_0281-4.jpg?w=370&amp;ssl=1 370w\" sizes=\"auto, (max-width: 800px) 100vw, 800px\" \/><\/figure>\n\n\n\n<figure class=\"wp-block-image size-large\"><img data-recalc-dims=\"1\" loading=\"lazy\" decoding=\"async\" width=\"800\" height=\"533\" data-id=\"416306\" src=\"https:\/\/i0.wp.com\/casadecampoliving.com\/wp-content\/uploads\/2022\/10\/dsc_0320-2.jpg?resize=800%2C533&#038;ssl=1\" alt=\"\" class=\"wp-image-416306\" srcset=\"https:\/\/i0.wp.com\/casadecampoliving.com\/wp-content\/uploads\/2022\/10\/dsc_0320-2.jpg?w=800&amp;ssl=1 800w, https:\/\/i0.wp.com\/casadecampoliving.com\/wp-content\/uploads\/2022\/10\/dsc_0320-2.jpg?resize=300%2C200&amp;ssl=1 300w, https:\/\/i0.wp.com\/casadecampoliving.com\/wp-content\/uploads\/2022\/10\/dsc_0320-2.jpg?resize=768%2C512&amp;ssl=1 768w, https:\/\/i0.wp.com\/casadecampoliving.com\/wp-content\/uploads\/2022\/10\/dsc_0320-2.jpg?resize=400%2C267&amp;ssl=1 400w, https:\/\/i0.wp.com\/casadecampoliving.com\/wp-content\/uploads\/2022\/10\/dsc_0320-2.jpg?resize=706%2C470&amp;ssl=1 706w, https:\/\/i0.wp.com\/casadecampoliving.com\/wp-content\/uploads\/2022\/10\/dsc_0320-2.jpg?resize=150%2C100&amp;ssl=1 150w, https:\/\/i0.wp.com\/casadecampoliving.com\/wp-content\/uploads\/2022\/10\/dsc_0320-2.jpg?w=370&amp;ssl=1 370w\" sizes=\"auto, (max-width: 800px) 100vw, 800px\" \/><\/figure>\n\n\n\n<figure class=\"wp-block-image size-large\"><img data-recalc-dims=\"1\" loading=\"lazy\" decoding=\"async\" width=\"800\" height=\"533\" data-id=\"416331\" src=\"https:\/\/i0.wp.com\/casadecampoliving.com\/wp-content\/uploads\/2022\/10\/dsc_0330-2.jpg?resize=800%2C533&#038;ssl=1\" alt=\"\" class=\"wp-image-416331\" srcset=\"https:\/\/i0.wp.com\/casadecampoliving.com\/wp-content\/uploads\/2022\/10\/dsc_0330-2.jpg?w=800&amp;ssl=1 800w, https:\/\/i0.wp.com\/casadecampoliving.com\/wp-content\/uploads\/2022\/10\/dsc_0330-2.jpg?resize=300%2C200&amp;ssl=1 300w, https:\/\/i0.wp.com\/casadecampoliving.com\/wp-content\/uploads\/2022\/10\/dsc_0330-2.jpg?resize=768%2C512&amp;ssl=1 768w, https:\/\/i0.wp.com\/casadecampoliving.com\/wp-content\/uploads\/2022\/10\/dsc_0330-2.jpg?resize=400%2C267&amp;ssl=1 400w, https:\/\/i0.wp.com\/casadecampoliving.com\/wp-content\/uploads\/2022\/10\/dsc_0330-2.jpg?resize=706%2C470&amp;ssl=1 706w, https:\/\/i0.wp.com\/casadecampoliving.com\/wp-content\/uploads\/2022\/10\/dsc_0330-2.jpg?resize=150%2C100&amp;ssl=1 150w, https:\/\/i0.wp.com\/casadecampoliving.com\/wp-content\/uploads\/2022\/10\/dsc_0330-2.jpg?w=370&amp;ssl=1 370w\" sizes=\"auto, (max-width: 800px) 100vw, 800px\" \/><\/figure>\n\n\n\n<figure class=\"wp-block-image size-large\"><img data-recalc-dims=\"1\" loading=\"lazy\" decoding=\"async\" width=\"533\" height=\"800\" data-id=\"416357\" src=\"https:\/\/i0.wp.com\/casadecampoliving.com\/wp-content\/uploads\/2022\/10\/dsc_0341-4.jpg?resize=533%2C800&#038;ssl=1\" alt=\"\" class=\"wp-image-416357\" srcset=\"https:\/\/i0.wp.com\/casadecampoliving.com\/wp-content\/uploads\/2022\/10\/dsc_0341-4.jpg?w=533&amp;ssl=1 533w, https:\/\/i0.wp.com\/casadecampoliving.com\/wp-content\/uploads\/2022\/10\/dsc_0341-4.jpg?resize=200%2C300&amp;ssl=1 200w, https:\/\/i0.wp.com\/casadecampoliving.com\/wp-content\/uploads\/2022\/10\/dsc_0341-4.jpg?resize=400%2C600&amp;ssl=1 400w, https:\/\/i0.wp.com\/casadecampoliving.com\/wp-content\/uploads\/2022\/10\/dsc_0341-4.jpg?resize=150%2C225&amp;ssl=1 150w, https:\/\/i0.wp.com\/casadecampoliving.com\/wp-content\/uploads\/2022\/10\/dsc_0341-4.jpg?w=370&amp;ssl=1 370w\" sizes=\"auto, (max-width: 533px) 100vw, 533px\" \/><\/figure>\n\n\n\n<figure class=\"wp-block-image size-large\"><img data-recalc-dims=\"1\" loading=\"lazy\" decoding=\"async\" width=\"800\" height=\"533\" data-id=\"416376\" src=\"https:\/\/i0.wp.com\/casadecampoliving.com\/wp-content\/uploads\/2022\/10\/dsc_0360-2.jpg?resize=800%2C533&#038;ssl=1\" alt=\"\" class=\"wp-image-416376\" srcset=\"https:\/\/i0.wp.com\/casadecampoliving.com\/wp-content\/uploads\/2022\/10\/dsc_0360-2.jpg?w=800&amp;ssl=1 800w, https:\/\/i0.wp.com\/casadecampoliving.com\/wp-content\/uploads\/2022\/10\/dsc_0360-2.jpg?resize=300%2C200&amp;ssl=1 300w, https:\/\/i0.wp.com\/casadecampoliving.com\/wp-content\/uploads\/2022\/10\/dsc_0360-2.jpg?resize=768%2C512&amp;ssl=1 768w, https:\/\/i0.wp.com\/casadecampoliving.com\/wp-content\/uploads\/2022\/10\/dsc_0360-2.jpg?resize=400%2C267&amp;ssl=1 400w, https:\/\/i0.wp.com\/casadecampoliving.com\/wp-content\/uploads\/2022\/10\/dsc_0360-2.jpg?resize=706%2C470&amp;ssl=1 706w, https:\/\/i0.wp.com\/casadecampoliving.com\/wp-content\/uploads\/2022\/10\/dsc_0360-2.jpg?resize=150%2C100&amp;ssl=1 150w, https:\/\/i0.wp.com\/casadecampoliving.com\/wp-content\/uploads\/2022\/10\/dsc_0360-2.jpg?w=370&amp;ssl=1 370w\" sizes=\"auto, (max-width: 800px) 100vw, 800px\" \/><\/figure>\n\n\n\n<figure class=\"wp-block-image size-large\"><img data-recalc-dims=\"1\" loading=\"lazy\" decoding=\"async\" width=\"800\" height=\"533\" data-id=\"416397\" src=\"https:\/\/i0.wp.com\/casadecampoliving.com\/wp-content\/uploads\/2022\/10\/dsc_0393-1.jpg?resize=800%2C533&#038;ssl=1\" alt=\"\" class=\"wp-image-416397\" srcset=\"https:\/\/i0.wp.com\/casadecampoliving.com\/wp-content\/uploads\/2022\/10\/dsc_0393-1.jpg?w=800&amp;ssl=1 800w, https:\/\/i0.wp.com\/casadecampoliving.com\/wp-content\/uploads\/2022\/10\/dsc_0393-1.jpg?resize=300%2C200&amp;ssl=1 300w, https:\/\/i0.wp.com\/casadecampoliving.com\/wp-content\/uploads\/2022\/10\/dsc_0393-1.jpg?resize=768%2C512&amp;ssl=1 768w, https:\/\/i0.wp.com\/casadecampoliving.com\/wp-content\/uploads\/2022\/10\/dsc_0393-1.jpg?resize=400%2C267&amp;ssl=1 400w, https:\/\/i0.wp.com\/casadecampoliving.com\/wp-content\/uploads\/2022\/10\/dsc_0393-1.jpg?resize=706%2C470&amp;ssl=1 706w, https:\/\/i0.wp.com\/casadecampoliving.com\/wp-content\/uploads\/2022\/10\/dsc_0393-1.jpg?resize=150%2C100&amp;ssl=1 150w, https:\/\/i0.wp.com\/casadecampoliving.com\/wp-content\/uploads\/2022\/10\/dsc_0393-1.jpg?w=370&amp;ssl=1 370w\" sizes=\"auto, (max-width: 800px) 100vw, 800px\" \/><\/figure>\n\n\n\n<figure class=\"wp-block-image size-large\"><img data-recalc-dims=\"1\" loading=\"lazy\" decoding=\"async\" width=\"533\" height=\"800\" data-id=\"416424\" src=\"https:\/\/i0.wp.com\/casadecampoliving.com\/wp-content\/uploads\/2022\/10\/dsc_0433.jpg?resize=533%2C800&#038;ssl=1\" alt=\"\" class=\"wp-image-416424\" srcset=\"https:\/\/i0.wp.com\/casadecampoliving.com\/wp-content\/uploads\/2022\/10\/dsc_0433.jpg?w=533&amp;ssl=1 533w, https:\/\/i0.wp.com\/casadecampoliving.com\/wp-content\/uploads\/2022\/10\/dsc_0433.jpg?resize=200%2C300&amp;ssl=1 200w, https:\/\/i0.wp.com\/casadecampoliving.com\/wp-content\/uploads\/2022\/10\/dsc_0433.jpg?resize=400%2C600&amp;ssl=1 400w, https:\/\/i0.wp.com\/casadecampoliving.com\/wp-content\/uploads\/2022\/10\/dsc_0433.jpg?resize=150%2C225&amp;ssl=1 150w, https:\/\/i0.wp.com\/casadecampoliving.com\/wp-content\/uploads\/2022\/10\/dsc_0433.jpg?w=370&amp;ssl=1 370w\" sizes=\"auto, (max-width: 533px) 100vw, 533px\" \/><\/figure>\n\n\n\n<figure class=\"wp-block-image size-large\"><img data-recalc-dims=\"1\" loading=\"lazy\" decoding=\"async\" width=\"533\" height=\"800\" data-id=\"416445\" src=\"https:\/\/i0.wp.com\/casadecampoliving.com\/wp-content\/uploads\/2022\/10\/dsc_0440-1.jpg?resize=533%2C800&#038;ssl=1\" alt=\"\" class=\"wp-image-416445\" srcset=\"https:\/\/i0.wp.com\/casadecampoliving.com\/wp-content\/uploads\/2022\/10\/dsc_0440-1.jpg?w=533&amp;ssl=1 533w, https:\/\/i0.wp.com\/casadecampoliving.com\/wp-content\/uploads\/2022\/10\/dsc_0440-1.jpg?resize=200%2C300&amp;ssl=1 200w, https:\/\/i0.wp.com\/casadecampoliving.com\/wp-content\/uploads\/2022\/10\/dsc_0440-1.jpg?resize=400%2C600&amp;ssl=1 400w, https:\/\/i0.wp.com\/casadecampoliving.com\/wp-content\/uploads\/2022\/10\/dsc_0440-1.jpg?resize=150%2C225&amp;ssl=1 150w, https:\/\/i0.wp.com\/casadecampoliving.com\/wp-content\/uploads\/2022\/10\/dsc_0440-1.jpg?w=370&amp;ssl=1 370w\" sizes=\"auto, (max-width: 533px) 100vw, 533px\" \/><\/figure>\n\n\n\n<figure class=\"wp-block-image size-large\"><img data-recalc-dims=\"1\" loading=\"lazy\" decoding=\"async\" width=\"800\" height=\"533\" data-id=\"416477\" src=\"https:\/\/i0.wp.com\/casadecampoliving.com\/wp-content\/uploads\/2022\/10\/dsc_0453.jpg?resize=800%2C533&#038;ssl=1\" alt=\"\" class=\"wp-image-416477\" srcset=\"https:\/\/i0.wp.com\/casadecampoliving.com\/wp-content\/uploads\/2022\/10\/dsc_0453.jpg?w=800&amp;ssl=1 800w, https:\/\/i0.wp.com\/casadecampoliving.com\/wp-content\/uploads\/2022\/10\/dsc_0453.jpg?resize=300%2C200&amp;ssl=1 300w, https:\/\/i0.wp.com\/casadecampoliving.com\/wp-content\/uploads\/2022\/10\/dsc_0453.jpg?resize=768%2C512&amp;ssl=1 768w, https:\/\/i0.wp.com\/casadecampoliving.com\/wp-content\/uploads\/2022\/10\/dsc_0453.jpg?resize=400%2C267&amp;ssl=1 400w, https:\/\/i0.wp.com\/casadecampoliving.com\/wp-content\/uploads\/2022\/10\/dsc_0453.jpg?resize=706%2C470&amp;ssl=1 706w, https:\/\/i0.wp.com\/casadecampoliving.com\/wp-content\/uploads\/2022\/10\/dsc_0453.jpg?resize=150%2C100&amp;ssl=1 150w, https:\/\/i0.wp.com\/casadecampoliving.com\/wp-content\/uploads\/2022\/10\/dsc_0453.jpg?w=370&amp;ssl=1 370w\" sizes=\"auto, (max-width: 800px) 100vw, 800px\" \/><\/figure>\n\n\n\n<figure class=\"wp-block-image size-large\"><img data-recalc-dims=\"1\" loading=\"lazy\" decoding=\"async\" width=\"533\" height=\"800\" data-id=\"416494\" src=\"https:\/\/i0.wp.com\/casadecampoliving.com\/wp-content\/uploads\/2022\/10\/dsc_0470-1.jpg?resize=533%2C800&#038;ssl=1\" alt=\"\" class=\"wp-image-416494\" srcset=\"https:\/\/i0.wp.com\/casadecampoliving.com\/wp-content\/uploads\/2022\/10\/dsc_0470-1.jpg?w=533&amp;ssl=1 533w, https:\/\/i0.wp.com\/casadecampoliving.com\/wp-content\/uploads\/2022\/10\/dsc_0470-1.jpg?resize=200%2C300&amp;ssl=1 200w, https:\/\/i0.wp.com\/casadecampoliving.com\/wp-content\/uploads\/2022\/10\/dsc_0470-1.jpg?resize=400%2C600&amp;ssl=1 400w, https:\/\/i0.wp.com\/casadecampoliving.com\/wp-content\/uploads\/2022\/10\/dsc_0470-1.jpg?resize=150%2C225&amp;ssl=1 150w, https:\/\/i0.wp.com\/casadecampoliving.com\/wp-content\/uploads\/2022\/10\/dsc_0470-1.jpg?w=370&amp;ssl=1 370w\" sizes=\"auto, (max-width: 533px) 100vw, 533px\" \/><\/figure>\n<\/figure>\n<\/strong>","protected":false},"excerpt":{"rendered":"<p>Los alumnos de kinder a tercer grado de la Escuela Primaria MIR Esperanza celebr\u00f3 la Navidad el pasado viernes 11 de diciembre con un hermoso acto cultural llamado \u00abSiguiendo Una Estrella\u00bb.<\/p>\n","protected":false},"author":1097,"featured_media":307761,"comment_status":"closed","ping_status":"closed","sticky":false,"template":"","format":"standard","meta":{"newspack_ads_suppress_ads":false,"newspack_popups_has_disabled_popups":false,"newspack_sponsor_sponsorship_scope":"","newspack_sponsor_native_byline_display":"inherit","newspack_sponsor_native_category_display":"inherit","newspack_sponsor_underwriter_style":"inherit","newspack_sponsor_underwriter_placement":"inherit","_newspack_byline_active":false,"_newspack_byline":"","newspack_hide_updated_date":false,"newspack_show_updated_date":false,"newspack_content_restriction_is_exempt":false,"newspack_featured_image_position":"","newspack_post_subtitle":"","newspack_article_summary_title":"Overview:","newspack_article_summary":"","_jetpack_memberships_contains_paid_content":false,"footnotes":"","jetpack_publicize_message":"","jetpack_publicize_feature_enabled":true,"jetpack_social_post_already_shared":false,"jetpack_social_options":{"image_generator_settings":{"template":"highway","default_image_id":0,"font":"","enabled":false},"version":2},"_wpas_customize_per_network":false},"categories":[2506,26936,26951,2521,2522,2507,2524,2515,14631,14625,2514,26822,14627],"tags":[3626,24387,3577,24715,3881],"newspack_spnsrs_tax":[],"class_list":["post-348853","post","type-post","status-publish","format-standard","has-post-thumbnail","hentry","category-mas-alla-de-casa-es","category-casa-de-campo-living-es","category-ccl-presenta","category-republica-dominicana-2","category-eventos-es","category-la-romana-es","category-destacados","category-fundacion-mir-es","category-estilo-de-vida","category-noticias-locales","category-fundaciones-es","category-resort-casa-de-campo","category-proximamente","tag-casa-de-campo-es","tag-casa-de-campo-living-es","tag-fundacion-mir-es-2","tag-fundacion-mir-es","tag-mir-esperanza-es","entry"],"yoast_head":"<!-- This site is optimized with the Yoast SEO plugin v27.4 - https:\/\/yoast.com\/product\/yoast-seo-wordpress\/ -->\n<title>Los alumnos de MIR &quot;Siguen la Estrella&quot; en una presentaci\u00f3n navide\u00f1a | Casa de Campo Living<\/title>\n<meta name=\"description\" content=\"Los alumnos de kinder a tercer grado de la Escuela Primaria MIR Esperanza celebr\u00f3 la Navidad el pasado viernes 11 de diciembre con un hermoso acto\" \/>\n<meta name=\"robots\" content=\"index, follow, max-snippet:-1, max-image-preview:large, max-video-preview:-1\" \/>\n<link rel=\"canonical\" href=\"https:\/\/casadecampoliving.com\/es\/los-alumnos-de-mir-siguen-la-estrella-en-una-presentacion-navidena\/\" \/>\n<meta property=\"og:locale\" content=\"es_ES\" \/>\n<meta property=\"og:type\" content=\"article\" \/>\n<meta property=\"og:title\" content=\"Los alumnos de MIR &quot;Siguen la Estrella&quot; en una presentaci\u00f3n navide\u00f1a | Casa de Campo Living\" \/>\n<meta property=\"og:description\" content=\"Los alumnos de kinder a tercer grado de la Escuela Primaria MIR Esperanza celebr\u00f3 la Navidad el pasado viernes 11 de diciembre con un hermoso acto\" \/>\n<meta property=\"og:url\" content=\"https:\/\/casadecampoliving.com\/es\/los-alumnos-de-mir-siguen-la-estrella-en-una-presentacion-navidena\/\" \/>\n<meta property=\"og:site_name\" content=\"Casa de Campo Living\" \/>\n<meta property=\"article:publisher\" content=\"https:\/\/www.facebook.com\/casadecampoliving\" \/>\n<meta property=\"article:published_time\" content=\"2015-12-21T04:00:00+00:00\" \/>\n<meta property=\"article:modified_time\" content=\"2022-11-10T14:41:28+00:00\" \/>\n<meta property=\"og:image\" content=\"https:\/\/i0.wp.com\/casadecampoliving.com\/wp-content\/uploads\/2022\/10\/Fundacion-MIR-Follow-a-Star-1.jpg?fit=650%2C400&ssl=1\" \/>\n\t<meta property=\"og:image:width\" content=\"650\" \/>\n\t<meta property=\"og:image:height\" content=\"400\" \/>\n\t<meta property=\"og:image:type\" content=\"image\/jpeg\" \/>\n<meta name=\"author\" content=\"Perkin Agramonte\" \/>\n<meta name=\"twitter:card\" content=\"summary_large_image\" \/>\n<meta name=\"twitter:creator\" content=\"@cdcliving\" \/>\n<meta name=\"twitter:site\" content=\"@cdcliving\" \/>\n<meta name=\"twitter:label1\" content=\"Escrito por\" \/>\n\t<meta name=\"twitter:data1\" content=\"Perkin Agramonte\" \/>\n\t<meta name=\"twitter:label2\" content=\"Tiempo de lectura\" \/>\n\t<meta name=\"twitter:data2\" content=\"1 minuto\" \/>\n<script type=\"application\/ld+json\" class=\"yoast-schema-graph\">{\"@context\":\"https:\\\/\\\/schema.org\",\"@graph\":[{\"@type\":\"Article\",\"@id\":\"https:\\\/\\\/casadecampoliving.com\\\/es\\\/los-alumnos-de-mir-siguen-la-estrella-en-una-presentacion-navidena\\\/#article\",\"isPartOf\":{\"@id\":\"https:\\\/\\\/casadecampoliving.com\\\/es\\\/los-alumnos-de-mir-siguen-la-estrella-en-una-presentacion-navidena\\\/\"},\"author\":{\"name\":\"Perkin Agramonte\",\"@id\":\"https:\\\/\\\/casadecampoliving.com\\\/es\\\/#\\\/schema\\\/person\\\/c8efa6049510554b7d5fea078d728f72\"},\"headline\":\"Los alumnos de MIR \u00abSiguen la Estrella\u00bb en una presentaci\u00f3n navide\u00f1a\",\"datePublished\":\"2015-12-21T04:00:00+00:00\",\"dateModified\":\"2022-11-10T14:41:28+00:00\",\"mainEntityOfPage\":{\"@id\":\"https:\\\/\\\/casadecampoliving.com\\\/es\\\/los-alumnos-de-mir-siguen-la-estrella-en-una-presentacion-navidena\\\/\"},\"wordCount\":205,\"publisher\":{\"@id\":\"https:\\\/\\\/casadecampoliving.com\\\/es\\\/#organization\"},\"image\":{\"@id\":\"https:\\\/\\\/casadecampoliving.com\\\/es\\\/los-alumnos-de-mir-siguen-la-estrella-en-una-presentacion-navidena\\\/#primaryimage\"},\"thumbnailUrl\":\"https:\\\/\\\/i0.wp.com\\\/casadecampoliving.com\\\/wp-content\\\/uploads\\\/2022\\\/10\\\/Fundacion-MIR-Follow-a-Star-1.jpg?fit=650%2C400&ssl=1\",\"keywords\":[\"casa de campo @es\",\"Casa de Campo Living\",\"Fundacion MIR @es\",\"Fundacion MIR\",\"mir esperanza @es\"],\"articleSection\":[\"M\u00e1s all\u00e1 de Casa\",\"Casa de Campo Living @es\",\"CCL presenta\",\"Rep\u00fablica Dominicana @es\",\"Eventos\",\"La Romana @es\",\"Destacados\",\"Fundaci\u00f3n MIR @es\",\"Estilo de Vida\",\"Noticias Locales\",\"Fundaciones\",\"Resort Casa de Campo\",\"Proximamente\"],\"inLanguage\":\"es\"},{\"@type\":\"WebPage\",\"@id\":\"https:\\\/\\\/casadecampoliving.com\\\/es\\\/los-alumnos-de-mir-siguen-la-estrella-en-una-presentacion-navidena\\\/\",\"url\":\"https:\\\/\\\/casadecampoliving.com\\\/es\\\/los-alumnos-de-mir-siguen-la-estrella-en-una-presentacion-navidena\\\/\",\"name\":\"Los alumnos de MIR \\\"Siguen la Estrella\\\" en una presentaci\u00f3n navide\u00f1a | Casa de Campo Living\",\"isPartOf\":{\"@id\":\"https:\\\/\\\/casadecampoliving.com\\\/es\\\/#website\"},\"primaryImageOfPage\":{\"@id\":\"https:\\\/\\\/casadecampoliving.com\\\/es\\\/los-alumnos-de-mir-siguen-la-estrella-en-una-presentacion-navidena\\\/#primaryimage\"},\"image\":{\"@id\":\"https:\\\/\\\/casadecampoliving.com\\\/es\\\/los-alumnos-de-mir-siguen-la-estrella-en-una-presentacion-navidena\\\/#primaryimage\"},\"thumbnailUrl\":\"https:\\\/\\\/i0.wp.com\\\/casadecampoliving.com\\\/wp-content\\\/uploads\\\/2022\\\/10\\\/Fundacion-MIR-Follow-a-Star-1.jpg?fit=650%2C400&ssl=1\",\"datePublished\":\"2015-12-21T04:00:00+00:00\",\"dateModified\":\"2022-11-10T14:41:28+00:00\",\"description\":\"Los alumnos de kinder a tercer grado de la Escuela Primaria MIR Esperanza celebr\u00f3 la Navidad el pasado viernes 11 de diciembre con un hermoso acto\",\"breadcrumb\":{\"@id\":\"https:\\\/\\\/casadecampoliving.com\\\/es\\\/los-alumnos-de-mir-siguen-la-estrella-en-una-presentacion-navidena\\\/#breadcrumb\"},\"inLanguage\":\"es\",\"potentialAction\":[{\"@type\":\"ReadAction\",\"target\":[\"https:\\\/\\\/casadecampoliving.com\\\/es\\\/los-alumnos-de-mir-siguen-la-estrella-en-una-presentacion-navidena\\\/\"]}]},{\"@type\":\"ImageObject\",\"inLanguage\":\"es\",\"@id\":\"https:\\\/\\\/casadecampoliving.com\\\/es\\\/los-alumnos-de-mir-siguen-la-estrella-en-una-presentacion-navidena\\\/#primaryimage\",\"url\":\"https:\\\/\\\/i0.wp.com\\\/casadecampoliving.com\\\/wp-content\\\/uploads\\\/2022\\\/10\\\/Fundacion-MIR-Follow-a-Star-1.jpg?fit=650%2C400&ssl=1\",\"contentUrl\":\"https:\\\/\\\/i0.wp.com\\\/casadecampoliving.com\\\/wp-content\\\/uploads\\\/2022\\\/10\\\/Fundacion-MIR-Follow-a-Star-1.jpg?fit=650%2C400&ssl=1\",\"width\":650,\"height\":400,\"caption\":\"Fundaci\u00f3n MIR Follow a Star\"},{\"@type\":\"BreadcrumbList\",\"@id\":\"https:\\\/\\\/casadecampoliving.com\\\/es\\\/los-alumnos-de-mir-siguen-la-estrella-en-una-presentacion-navidena\\\/#breadcrumb\",\"itemListElement\":[{\"@type\":\"ListItem\",\"position\":1,\"name\":\"Home\",\"item\":\"https:\\\/\\\/casadecampoliving.com\\\/es\\\/\"},{\"@type\":\"ListItem\",\"position\":2,\"name\":\"Los alumnos de MIR &#8220;Siguen la Estrella&#8221; en una presentaci\u00f3n navide\u00f1a\"}]},{\"@type\":\"WebSite\",\"@id\":\"https:\\\/\\\/casadecampoliving.com\\\/es\\\/#website\",\"url\":\"https:\\\/\\\/casadecampoliving.com\\\/es\\\/\",\"name\":\"Casa de Campo Living\",\"description\":\"Resort community news and resources.\",\"publisher\":{\"@id\":\"https:\\\/\\\/casadecampoliving.com\\\/es\\\/#organization\"},\"potentialAction\":[{\"@type\":\"SearchAction\",\"target\":{\"@type\":\"EntryPoint\",\"urlTemplate\":\"https:\\\/\\\/casadecampoliving.com\\\/es\\\/?s={search_term_string}\"},\"query-input\":{\"@type\":\"PropertyValueSpecification\",\"valueRequired\":true,\"valueName\":\"search_term_string\"}}],\"inLanguage\":\"es\"},{\"@type\":\"Organization\",\"@id\":\"https:\\\/\\\/casadecampoliving.com\\\/es\\\/#organization\",\"name\":\"Casa de Campo Living\",\"url\":\"https:\\\/\\\/casadecampoliving.com\\\/es\\\/\",\"logo\":{\"@type\":\"ImageObject\",\"inLanguage\":\"es\",\"@id\":\"https:\\\/\\\/casadecampoliving.com\\\/es\\\/#\\\/schema\\\/logo\\\/image\\\/\",\"url\":\"https:\\\/\\\/i0.wp.com\\\/casadecampoliving.com\\\/wp-content\\\/uploads\\\/2022\\\/07\\\/CDCLivingLogo_V1-white-sized.png?fit=800%2C214&ssl=1\",\"contentUrl\":\"https:\\\/\\\/i0.wp.com\\\/casadecampoliving.com\\\/wp-content\\\/uploads\\\/2022\\\/07\\\/CDCLivingLogo_V1-white-sized.png?fit=800%2C214&ssl=1\",\"width\":800,\"height\":214,\"caption\":\"Casa de Campo Living\"},\"image\":{\"@id\":\"https:\\\/\\\/casadecampoliving.com\\\/es\\\/#\\\/schema\\\/logo\\\/image\\\/\"},\"sameAs\":[\"https:\\\/\\\/www.facebook.com\\\/casadecampoliving\",\"https:\\\/\\\/x.com\\\/cdcliving\"]},{\"@type\":\"Person\",\"@id\":\"https:\\\/\\\/casadecampoliving.com\\\/es\\\/#\\\/schema\\\/person\\\/c8efa6049510554b7d5fea078d728f72\",\"name\":\"Perkin Agramonte\",\"image\":{\"@type\":\"ImageObject\",\"inLanguage\":\"es\",\"@id\":\"https:\\\/\\\/secure.gravatar.com\\\/avatar\\\/57bfdafcae55fb83dbb79a1585a9eab7f269b7720fb0b64cb9a4e0cd2962fa10?s=96&d=mm&r=g\",\"url\":\"https:\\\/\\\/secure.gravatar.com\\\/avatar\\\/57bfdafcae55fb83dbb79a1585a9eab7f269b7720fb0b64cb9a4e0cd2962fa10?s=96&d=mm&r=g\",\"contentUrl\":\"https:\\\/\\\/secure.gravatar.com\\\/avatar\\\/57bfdafcae55fb83dbb79a1585a9eab7f269b7720fb0b64cb9a4e0cd2962fa10?s=96&d=mm&r=g\",\"caption\":\"Perkin Agramonte\"},\"url\":\"https:\\\/\\\/casadecampoliving.com\\\/es\\\/author\\\/cagramonte\\\/\"}]}<\/script>\n<!-- \/ Yoast SEO plugin. -->","yoast_head_json":{"title":"Los alumnos de MIR \"Siguen la Estrella\" en una presentaci\u00f3n navide\u00f1a | Casa de Campo Living","description":"Los alumnos de kinder a tercer grado de la Escuela Primaria MIR Esperanza celebr\u00f3 la Navidad el pasado viernes 11 de diciembre con un hermoso acto","robots":{"index":"index","follow":"follow","max-snippet":"max-snippet:-1","max-image-preview":"max-image-preview:large","max-video-preview":"max-video-preview:-1"},"canonical":"https:\/\/casadecampoliving.com\/es\/los-alumnos-de-mir-siguen-la-estrella-en-una-presentacion-navidena\/","og_locale":"es_ES","og_type":"article","og_title":"Los alumnos de MIR \"Siguen la Estrella\" en una presentaci\u00f3n navide\u00f1a | Casa de Campo Living","og_description":"Los alumnos de kinder a tercer grado de la Escuela Primaria MIR Esperanza celebr\u00f3 la Navidad el pasado viernes 11 de diciembre con un hermoso acto","og_url":"https:\/\/casadecampoliving.com\/es\/los-alumnos-de-mir-siguen-la-estrella-en-una-presentacion-navidena\/","og_site_name":"Casa de Campo Living","article_publisher":"https:\/\/www.facebook.com\/casadecampoliving","article_published_time":"2015-12-21T04:00:00+00:00","article_modified_time":"2022-11-10T14:41:28+00:00","og_image":[{"width":650,"height":400,"url":"https:\/\/i0.wp.com\/casadecampoliving.com\/wp-content\/uploads\/2022\/10\/Fundacion-MIR-Follow-a-Star-1.jpg?fit=650%2C400&ssl=1","type":"image\/jpeg"}],"author":"Perkin Agramonte","twitter_card":"summary_large_image","twitter_creator":"@cdcliving","twitter_site":"@cdcliving","twitter_misc":{"Escrito por":"Perkin Agramonte","Tiempo de lectura":"1 minuto"},"schema":{"@context":"https:\/\/schema.org","@graph":[{"@type":"Article","@id":"https:\/\/casadecampoliving.com\/es\/los-alumnos-de-mir-siguen-la-estrella-en-una-presentacion-navidena\/#article","isPartOf":{"@id":"https:\/\/casadecampoliving.com\/es\/los-alumnos-de-mir-siguen-la-estrella-en-una-presentacion-navidena\/"},"author":{"name":"Perkin Agramonte","@id":"https:\/\/casadecampoliving.com\/es\/#\/schema\/person\/c8efa6049510554b7d5fea078d728f72"},"headline":"Los alumnos de MIR \u00abSiguen la Estrella\u00bb en una presentaci\u00f3n navide\u00f1a","datePublished":"2015-12-21T04:00:00+00:00","dateModified":"2022-11-10T14:41:28+00:00","mainEntityOfPage":{"@id":"https:\/\/casadecampoliving.com\/es\/los-alumnos-de-mir-siguen-la-estrella-en-una-presentacion-navidena\/"},"wordCount":205,"publisher":{"@id":"https:\/\/casadecampoliving.com\/es\/#organization"},"image":{"@id":"https:\/\/casadecampoliving.com\/es\/los-alumnos-de-mir-siguen-la-estrella-en-una-presentacion-navidena\/#primaryimage"},"thumbnailUrl":"https:\/\/i0.wp.com\/casadecampoliving.com\/wp-content\/uploads\/2022\/10\/Fundacion-MIR-Follow-a-Star-1.jpg?fit=650%2C400&ssl=1","keywords":["casa de campo @es","Casa de Campo Living","Fundacion MIR @es","Fundacion MIR","mir esperanza @es"],"articleSection":["M\u00e1s all\u00e1 de Casa","Casa de Campo Living @es","CCL presenta","Rep\u00fablica Dominicana @es","Eventos","La Romana @es","Destacados","Fundaci\u00f3n MIR @es","Estilo de Vida","Noticias Locales","Fundaciones","Resort Casa de Campo","Proximamente"],"inLanguage":"es"},{"@type":"WebPage","@id":"https:\/\/casadecampoliving.com\/es\/los-alumnos-de-mir-siguen-la-estrella-en-una-presentacion-navidena\/","url":"https:\/\/casadecampoliving.com\/es\/los-alumnos-de-mir-siguen-la-estrella-en-una-presentacion-navidena\/","name":"Los alumnos de MIR \"Siguen la Estrella\" en una presentaci\u00f3n navide\u00f1a | Casa de Campo Living","isPartOf":{"@id":"https:\/\/casadecampoliving.com\/es\/#website"},"primaryImageOfPage":{"@id":"https:\/\/casadecampoliving.com\/es\/los-alumnos-de-mir-siguen-la-estrella-en-una-presentacion-navidena\/#primaryimage"},"image":{"@id":"https:\/\/casadecampoliving.com\/es\/los-alumnos-de-mir-siguen-la-estrella-en-una-presentacion-navidena\/#primaryimage"},"thumbnailUrl":"https:\/\/i0.wp.com\/casadecampoliving.com\/wp-content\/uploads\/2022\/10\/Fundacion-MIR-Follow-a-Star-1.jpg?fit=650%2C400&ssl=1","datePublished":"2015-12-21T04:00:00+00:00","dateModified":"2022-11-10T14:41:28+00:00","description":"Los alumnos de kinder a tercer grado de la Escuela Primaria MIR Esperanza celebr\u00f3 la Navidad el pasado viernes 11 de diciembre con un hermoso acto","breadcrumb":{"@id":"https:\/\/casadecampoliving.com\/es\/los-alumnos-de-mir-siguen-la-estrella-en-una-presentacion-navidena\/#breadcrumb"},"inLanguage":"es","potentialAction":[{"@type":"ReadAction","target":["https:\/\/casadecampoliving.com\/es\/los-alumnos-de-mir-siguen-la-estrella-en-una-presentacion-navidena\/"]}]},{"@type":"ImageObject","inLanguage":"es","@id":"https:\/\/casadecampoliving.com\/es\/los-alumnos-de-mir-siguen-la-estrella-en-una-presentacion-navidena\/#primaryimage","url":"https:\/\/i0.wp.com\/casadecampoliving.com\/wp-content\/uploads\/2022\/10\/Fundacion-MIR-Follow-a-Star-1.jpg?fit=650%2C400&ssl=1","contentUrl":"https:\/\/i0.wp.com\/casadecampoliving.com\/wp-content\/uploads\/2022\/10\/Fundacion-MIR-Follow-a-Star-1.jpg?fit=650%2C400&ssl=1","width":650,"height":400,"caption":"Fundaci\u00f3n MIR Follow a Star"},{"@type":"BreadcrumbList","@id":"https:\/\/casadecampoliving.com\/es\/los-alumnos-de-mir-siguen-la-estrella-en-una-presentacion-navidena\/#breadcrumb","itemListElement":[{"@type":"ListItem","position":1,"name":"Home","item":"https:\/\/casadecampoliving.com\/es\/"},{"@type":"ListItem","position":2,"name":"Los alumnos de MIR &#8220;Siguen la Estrella&#8221; en una presentaci\u00f3n navide\u00f1a"}]},{"@type":"WebSite","@id":"https:\/\/casadecampoliving.com\/es\/#website","url":"https:\/\/casadecampoliving.com\/es\/","name":"Casa de Campo Living","description":"Resort community news and resources.","publisher":{"@id":"https:\/\/casadecampoliving.com\/es\/#organization"},"potentialAction":[{"@type":"SearchAction","target":{"@type":"EntryPoint","urlTemplate":"https:\/\/casadecampoliving.com\/es\/?s={search_term_string}"},"query-input":{"@type":"PropertyValueSpecification","valueRequired":true,"valueName":"search_term_string"}}],"inLanguage":"es"},{"@type":"Organization","@id":"https:\/\/casadecampoliving.com\/es\/#organization","name":"Casa de Campo Living","url":"https:\/\/casadecampoliving.com\/es\/","logo":{"@type":"ImageObject","inLanguage":"es","@id":"https:\/\/casadecampoliving.com\/es\/#\/schema\/logo\/image\/","url":"https:\/\/i0.wp.com\/casadecampoliving.com\/wp-content\/uploads\/2022\/07\/CDCLivingLogo_V1-white-sized.png?fit=800%2C214&ssl=1","contentUrl":"https:\/\/i0.wp.com\/casadecampoliving.com\/wp-content\/uploads\/2022\/07\/CDCLivingLogo_V1-white-sized.png?fit=800%2C214&ssl=1","width":800,"height":214,"caption":"Casa de Campo Living"},"image":{"@id":"https:\/\/casadecampoliving.com\/es\/#\/schema\/logo\/image\/"},"sameAs":["https:\/\/www.facebook.com\/casadecampoliving","https:\/\/x.com\/cdcliving"]},{"@type":"Person","@id":"https:\/\/casadecampoliving.com\/es\/#\/schema\/person\/c8efa6049510554b7d5fea078d728f72","name":"Perkin Agramonte","image":{"@type":"ImageObject","inLanguage":"es","@id":"https:\/\/secure.gravatar.com\/avatar\/57bfdafcae55fb83dbb79a1585a9eab7f269b7720fb0b64cb9a4e0cd2962fa10?s=96&d=mm&r=g","url":"https:\/\/secure.gravatar.com\/avatar\/57bfdafcae55fb83dbb79a1585a9eab7f269b7720fb0b64cb9a4e0cd2962fa10?s=96&d=mm&r=g","contentUrl":"https:\/\/secure.gravatar.com\/avatar\/57bfdafcae55fb83dbb79a1585a9eab7f269b7720fb0b64cb9a4e0cd2962fa10?s=96&d=mm&r=g","caption":"Perkin Agramonte"},"url":"https:\/\/casadecampoliving.com\/es\/author\/cagramonte\/"}]}},"parsely":{"version":"1.1.0","canonical_url":"https:\/\/casadecampoliving.com\/es\/los-alumnos-de-mir-siguen-la-estrella-en-una-presentacion-navidena\/","smart_links":{"inbound":0,"outbound":0},"traffic_boost_suggestions_count":0,"meta":{"@context":"https:\/\/schema.org","@type":"NewsArticle","headline":"Los alumnos de MIR \u00abSiguen la Estrella\u00bb en una presentaci\u00f3n navide\u00f1a","url":"http:\/\/casadecampoliving.com\/es\/los-alumnos-de-mir-siguen-la-estrella-en-una-presentacion-navidena\/","mainEntityOfPage":{"@type":"WebPage","@id":"http:\/\/casadecampoliving.com\/es\/los-alumnos-de-mir-siguen-la-estrella-en-una-presentacion-navidena\/"},"thumbnailUrl":"https:\/\/i0.wp.com\/casadecampoliving.com\/wp-content\/uploads\/2022\/10\/Fundacion-MIR-Follow-a-Star-1.jpg?resize=150%2C150&ssl=1","image":{"@type":"ImageObject","url":"https:\/\/i0.wp.com\/casadecampoliving.com\/wp-content\/uploads\/2022\/10\/Fundacion-MIR-Follow-a-Star-1.jpg?fit=650%2C400&ssl=1"},"articleSection":"CCL presenta","author":[{"@type":"Person","name":"Perkin Agramonte"}],"creator":["Perkin Agramonte"],"publisher":{"@type":"Organization","name":"Casa de Campo Living","logo":"https:\/\/casadecampoliving.com\/wp-content\/uploads\/2022\/07\/CDCLivingLogo_V1-white-sized.png"},"keywords":["casa de campo @es","casa de campo living","fundacion mir","fundacion mir @es","mir esperanza @es"],"dateCreated":"2015-12-21T04:00:00Z","datePublished":"2015-12-21T04:00:00Z","dateModified":"2022-11-10T14:41:28Z"},"rendered":"<script type=\"application\/ld+json\" class=\"wp-parsely-metadata\">{\"@context\":\"https:\\\/\\\/schema.org\",\"@type\":\"NewsArticle\",\"headline\":\"Los alumnos de MIR \\u00abSiguen la Estrella\\u00bb en una presentaci\\u00f3n navide\\u00f1a\",\"url\":\"http:\\\/\\\/casadecampoliving.com\\\/es\\\/los-alumnos-de-mir-siguen-la-estrella-en-una-presentacion-navidena\\\/\",\"mainEntityOfPage\":{\"@type\":\"WebPage\",\"@id\":\"http:\\\/\\\/casadecampoliving.com\\\/es\\\/los-alumnos-de-mir-siguen-la-estrella-en-una-presentacion-navidena\\\/\"},\"thumbnailUrl\":\"https:\\\/\\\/i0.wp.com\\\/casadecampoliving.com\\\/wp-content\\\/uploads\\\/2022\\\/10\\\/Fundacion-MIR-Follow-a-Star-1.jpg?resize=150%2C150&ssl=1\",\"image\":{\"@type\":\"ImageObject\",\"url\":\"https:\\\/\\\/i0.wp.com\\\/casadecampoliving.com\\\/wp-content\\\/uploads\\\/2022\\\/10\\\/Fundacion-MIR-Follow-a-Star-1.jpg?fit=650%2C400&ssl=1\"},\"articleSection\":\"CCL presenta\",\"author\":[{\"@type\":\"Person\",\"name\":\"Perkin Agramonte\"}],\"creator\":[\"Perkin Agramonte\"],\"publisher\":{\"@type\":\"Organization\",\"name\":\"Casa de Campo Living\",\"logo\":\"https:\\\/\\\/casadecampoliving.com\\\/wp-content\\\/uploads\\\/2022\\\/07\\\/CDCLivingLogo_V1-white-sized.png\"},\"keywords\":[\"casa de campo @es\",\"casa de campo living\",\"fundacion mir\",\"fundacion mir @es\",\"mir esperanza @es\"],\"dateCreated\":\"2015-12-21T04:00:00Z\",\"datePublished\":\"2015-12-21T04:00:00Z\",\"dateModified\":\"2022-11-10T14:41:28Z\"}<\/script>","tracker_url":"https:\/\/cdn.parsely.com\/keys\/casadecampoliving.com\/p.js"},"jetpack_publicize_connections":[],"jetpack_featured_media_url":"https:\/\/i0.wp.com\/casadecampoliving.com\/wp-content\/uploads\/2022\/10\/Fundacion-MIR-Follow-a-Star-1.jpg?fit=650%2C400&ssl=1","jetpack-related-posts":[{"id":352969,"url":"https:\/\/casadecampoliving.com\/es\/los-toros-del-este-visita-a-los-alumnos-de-la-escuela-campo-nueva-esperanza-fundacion-mir\/","url_meta":{"origin":348853,"position":0},"title":"Los Toros del Este visita a los alumnos de la Escuela Campo Nueva Esperanza Fundaci\u00f3n MIR","author":"Casa de Campo Living","date":"29 Oct, 2018","format":false,"excerpt":"\u00bfEres un fan\u00e1tico del b\u00e9isbol? Bueno, si eres dominicano, estamos bastante seguros de que lo eres ... \u00a1y si no es bastante dif\u00edcil estar en la Rep\u00fablica Dominicana en esta \u00e9poca del a\u00f1o y no dejarte llevar por la emoci\u00f3n del b\u00e9isbol! El lunes 22 de octubre, una representaci\u00f3n del\u2026","rel":"","context":"En \u00abM\u00e1s all\u00e1 de Casa\u00bb","block_context":{"text":"M\u00e1s all\u00e1 de Casa","link":"https:\/\/casadecampoliving.com\/es\/category\/mas-alla-de-casa-es\/"},"img":{"alt_text":"IMG_8793","src":"https:\/\/i0.wp.com\/casadecampoliving.com\/wp-content\/uploads\/2022\/10\/IMG_8793.jpg?resize=350%2C200","width":350,"height":200,"srcset":"https:\/\/i0.wp.com\/casadecampoliving.com\/wp-content\/uploads\/2022\/10\/IMG_8793.jpg?resize=350%2C200 1x, https:\/\/i0.wp.com\/casadecampoliving.com\/wp-content\/uploads\/2022\/10\/IMG_8793.jpg?resize=525%2C300 1.5x, https:\/\/i0.wp.com\/casadecampoliving.com\/wp-content\/uploads\/2022\/10\/IMG_8793.jpg?resize=700%2C400 2x"},"classes":[]},{"id":353649,"url":"https:\/\/casadecampoliving.com\/es\/la-historia-del-nacimiento-de-jesus-natividad-en-vivo-por-los-alumnos-de-la-fundacion-mir\/","url_meta":{"origin":348853,"position":1},"title":"La historia del nacimiento de Jes\u00fas &#8211; Natividad en vivo por los alumnos de la Fundaci\u00f3n MIR","author":"Casa de Campo Living","date":"23 Dic, 2019","format":false,"excerpt":"Las presentaci\u00f3n de la natividad en vivo brindan una experiencia inolvidable al compartir la celebraci\u00f3n del nacimiento de Jesucristo. Cada temporada de fiestas, los talentosos ni\u00f1os de la Fundaci\u00f3n MIR preparan una hermosa interpretaci\u00f3n de la historia de Navidad que presentan en Altos de Chav\u00f3n como parte del calendario de\u2026","rel":"","context":"En \u00abAltos de Chavon @es\u00bb","block_context":{"text":"Altos de Chavon @es","link":"https:\/\/casadecampoliving.com\/category\/altos-de-chavon-es\/"},"img":{"alt_text":"","src":"https:\/\/i0.wp.com\/casadecampoliving.com\/wp-content\/uploads\/2022\/10\/IMG_4442.jpg?fit=1000%2C667&ssl=1&resize=350%2C200","width":350,"height":200,"srcset":"https:\/\/i0.wp.com\/casadecampoliving.com\/wp-content\/uploads\/2022\/10\/IMG_4442.jpg?fit=1000%2C667&ssl=1&resize=350%2C200 1x, https:\/\/i0.wp.com\/casadecampoliving.com\/wp-content\/uploads\/2022\/10\/IMG_4442.jpg?fit=1000%2C667&ssl=1&resize=525%2C300 1.5x, https:\/\/i0.wp.com\/casadecampoliving.com\/wp-content\/uploads\/2022\/10\/IMG_4442.jpg?fit=1000%2C667&ssl=1&resize=700%2C400 2x"},"classes":[]},{"id":347998,"url":"https:\/\/casadecampoliving.com\/es\/fundacion-mir-graduo-142-alumnos\/","url_meta":{"origin":348853,"position":2},"title":"La Fundaci\u00f3n MIR gradu\u00f3 142 alumnos de sus escuelas","author":"Felix Guerrero","date":"6 Ago, 2015","format":false,"excerpt":"La Fundaci\u00f3n MIR celebr\u00f3 la graduaci\u00f3n de 142 alumnos de sus escuelas Polit\u00e9cnico MIR y Polit\u00e9cnico MIR Esperanza, durante una ceremonia en la cual participaron cientos de familiares y amigos de los graduandos. El acto estuvo encabezado por Lian Fanjul de Azqueta, Fundadora y Presidenta de MIR, junto a su\u2026","rel":"","context":"En \u00abM\u00e1s all\u00e1 de Casa\u00bb","block_context":{"text":"M\u00e1s all\u00e1 de Casa","link":"https:\/\/casadecampoliving.com\/es\/category\/mas-alla-de-casa-es\/"},"img":{"alt_text":"Fundaci\u00f3n MIR Graduation","src":"https:\/\/i0.wp.com\/casadecampoliving.com\/wp-content\/uploads\/2022\/10\/Fundacion-MIR-Graduation-1.jpg?fit=650%2C400&ssl=1&resize=350%2C200","width":350,"height":200,"srcset":"https:\/\/i0.wp.com\/casadecampoliving.com\/wp-content\/uploads\/2022\/10\/Fundacion-MIR-Graduation-1.jpg?fit=650%2C400&ssl=1&resize=350%2C200 1x, https:\/\/i0.wp.com\/casadecampoliving.com\/wp-content\/uploads\/2022\/10\/Fundacion-MIR-Graduation-1.jpg?fit=650%2C400&ssl=1&resize=525%2C300 1.5x"},"classes":[]},{"id":348705,"url":"https:\/\/casadecampoliving.com\/es\/toros-del-este-visitan-la-escuela-fundacion-mir\/","url_meta":{"origin":348853,"position":3},"title":"Toros del Este visitan la escuela Fundaci\u00f3n MIR","author":"Perkin Agramonte","date":"29 Nov, 2015","format":false,"excerpt":"El viernes, 20 de Noviembre, una representaci\u00f3n del equipo local de b\u00e9isbol invernal, Los Toros del Este, visitaron las escuelas Fundaci\u00f3n MIR para compartir sus experiencias de vida con los estudiantes. Un grupo de jugadores\u00a0compuesto por Fernando Abad, Hector Borg, Alen Hanson, Edward Cabrera y Jose Rafael D\u00edaz, quienes pudieron\u2026","rel":"","context":"En \u00abM\u00e1s all\u00e1 de Casa\u00bb","block_context":{"text":"M\u00e1s all\u00e1 de Casa","link":"https:\/\/casadecampoliving.com\/es\/category\/mas-alla-de-casa-es\/"},"img":{"alt_text":"","src":"https:\/\/i0.wp.com\/casadecampoliving.com\/wp-content\/uploads\/2022\/10\/Los_Toros_del_Este-1.jpg?fit=639%2C435&ssl=1&resize=350%2C200","width":350,"height":200,"srcset":"https:\/\/i0.wp.com\/casadecampoliving.com\/wp-content\/uploads\/2022\/10\/Los_Toros_del_Este-1.jpg?fit=639%2C435&ssl=1&resize=350%2C200 1x, https:\/\/i0.wp.com\/casadecampoliving.com\/wp-content\/uploads\/2022\/10\/Los_Toros_del_Este-1.jpg?fit=639%2C435&ssl=1&resize=525%2C300 1.5x"},"classes":[]},{"id":353522,"url":"https:\/\/casadecampoliving.com\/es\/fundacion-mir-celebra-una-hermosa-ceremonia-de-graduacion-para-estudiantes-103\/","url_meta":{"origin":348853,"position":4},"title":"\u00a1Fundaci\u00f3n MIR celebra una hermosa ceremonia de graduaci\u00f3n para 103 estudiantes!","author":"Casa de Campo Living","date":"19 Ago, 2019","format":false,"excerpt":"La Fundaci\u00f3n MIR, una organizaci\u00f3n sin fines de lucro con escuelas vocacionales para ni\u00f1os y ni\u00f1as en La Romana, celebr\u00f3 recientemente su decimocuarta graduaci\u00f3n de alumnos de sus escuelas para ni\u00f1os y ni\u00f1as. La graduaci\u00f3n se realiz\u00f3 el 16 de agosto en el \u201cSal\u00f3n Multiusos\u201d de la Fundaci\u00f3n MIR, ubicado\u2026","rel":"","context":"En \u00abM\u00e1s all\u00e1 de Casa\u00bb","block_context":{"text":"M\u00e1s all\u00e1 de Casa","link":"https:\/\/casadecampoliving.com\/es\/category\/mas-alla-de-casa-es\/"},"img":{"alt_text":"","src":"https:\/\/i0.wp.com\/casadecampoliving.com\/wp-content\/uploads\/2022\/10\/EJ4B3838.jpg?fit=1000%2C667&ssl=1&resize=350%2C200","width":350,"height":200,"srcset":"https:\/\/i0.wp.com\/casadecampoliving.com\/wp-content\/uploads\/2022\/10\/EJ4B3838.jpg?fit=1000%2C667&ssl=1&resize=350%2C200 1x, https:\/\/i0.wp.com\/casadecampoliving.com\/wp-content\/uploads\/2022\/10\/EJ4B3838.jpg?fit=1000%2C667&ssl=1&resize=525%2C300 1.5x, https:\/\/i0.wp.com\/casadecampoliving.com\/wp-content\/uploads\/2022\/10\/EJ4B3838.jpg?fit=1000%2C667&ssl=1&resize=700%2C400 2x"},"classes":[]},{"id":349100,"url":"https:\/\/casadecampoliving.com\/es\/reyes-magos-visitan-ninos-fundacion-mir-esperanza\/","url_meta":{"origin":348853,"position":5},"title":"\u00a1Los 3 Reyes Magos visitan los ni\u00f1os de Fundaci\u00f3n MIR Esperanza!","author":"Marlenys Guzm\u00e1n Casta\u00f1os","date":"30 Ene, 2016","format":false,"excerpt":"El viernes 15 de enero, los alumnos de inicial y de primaria (4-8 a\u00f1os) recibieron una visita impresionante... Los 3 Reyes: Melchor, Gaspar y Baltasar! Los ni\u00f1os impecablemente vestidos con sus uniformes de la Fundaci\u00f3n MIR, estuvieron sentados esperando pacientemente a que el evento comenzar\u00e1. El escenario estaba lleno de\u2026","rel":"","context":"En \u00abM\u00e1s all\u00e1 de Casa\u00bb","block_context":{"text":"M\u00e1s all\u00e1 de Casa","link":"https:\/\/casadecampoliving.com\/es\/category\/mas-alla-de-casa-es\/"},"img":{"alt_text":"Di\u0301a de Reyes MIR Boys","src":"https:\/\/i0.wp.com\/casadecampoliving.com\/wp-content\/uploads\/2022\/10\/Di%CC%81a-de-Reyes-MIR-Boys-1.jpg?fit=650%2C400&ssl=1&resize=350%2C200","width":350,"height":200,"srcset":"https:\/\/i0.wp.com\/casadecampoliving.com\/wp-content\/uploads\/2022\/10\/Di%CC%81a-de-Reyes-MIR-Boys-1.jpg?fit=650%2C400&ssl=1&resize=350%2C200 1x, https:\/\/i0.wp.com\/casadecampoliving.com\/wp-content\/uploads\/2022\/10\/Di%CC%81a-de-Reyes-MIR-Boys-1.jpg?fit=650%2C400&ssl=1&resize=525%2C300 1.5x"},"classes":[]}],"jetpack_sharing_enabled":true,"_links":{"self":[{"href":"https:\/\/casadecampoliving.com\/es\/wp-json\/wp\/v2\/posts\/348853","targetHints":{"allow":["GET"]}}],"collection":[{"href":"https:\/\/casadecampoliving.com\/es\/wp-json\/wp\/v2\/posts"}],"about":[{"href":"https:\/\/casadecampoliving.com\/es\/wp-json\/wp\/v2\/types\/post"}],"author":[{"embeddable":true,"href":"https:\/\/casadecampoliving.com\/es\/wp-json\/wp\/v2\/users\/1097"}],"replies":[{"embeddable":true,"href":"https:\/\/casadecampoliving.com\/es\/wp-json\/wp\/v2\/comments?post=348853"}],"version-history":[{"count":2,"href":"https:\/\/casadecampoliving.com\/es\/wp-json\/wp\/v2\/posts\/348853\/revisions"}],"predecessor-version":[{"id":509117,"href":"https:\/\/casadecampoliving.com\/es\/wp-json\/wp\/v2\/posts\/348853\/revisions\/509117"}],"wp:featuredmedia":[{"embeddable":true,"href":"https:\/\/casadecampoliving.com\/es\/wp-json\/wp\/v2\/media\/307761"}],"wp:attachment":[{"href":"https:\/\/casadecampoliving.com\/es\/wp-json\/wp\/v2\/media?parent=348853"}],"wp:term":[{"taxonomy":"category","embeddable":true,"href":"https:\/\/casadecampoliving.com\/es\/wp-json\/wp\/v2\/categories?post=348853"},{"taxonomy":"post_tag","embeddable":true,"href":"https:\/\/casadecampoliving.com\/es\/wp-json\/wp\/v2\/tags?post=348853"},{"taxonomy":"newspack_spnsrs_tax","embeddable":true,"href":"https:\/\/casadecampoliving.com\/es\/wp-json\/wp\/v2\/newspack_spnsrs_tax?post=348853"}],"curies":[{"name":"wp","href":"https:\/\/api.w.org\/{rel}","templated":true}]}}