{"id":348849,"date":"2015-12-18T00:00:00","date_gmt":"2015-12-18T04:00:00","guid":{"rendered":"https:\/\/casadecampoliving.com\/una-mirada-a-los-suenos-del-artista-monchi-herrera\/"},"modified":"2022-10-21T18:58:30","modified_gmt":"2022-10-21T22:58:30","slug":"una-mirada-a-los-suenos-del-artista-monchi-herrera","status":"publish","type":"post","link":"https:\/\/casadecampoliving.com\/es\/una-mirada-a-los-suenos-del-artista-monchi-herrera\/","title":{"rendered":"Una Mirada a los Sue\u00f1os del artista Monchi Herrera"},"content":{"rendered":"<div class=\"wp-block-image\">\n<figure class=\"aligncenter is-resized\"><img loading=\"lazy\" decoding=\"async\" src=\"https:\/\/i0.wp.com\/casadecampoliving.com\/wp-content\/uploads\/2022\/10\/11183456_10206624543276245_7984632559460173889_n.jpg?resize=650%2C433&amp;ssl=1\" alt=\"11183456_10206624543276245_7984632559460173889_n\" class=\"wp-image-115693\" height=\"433\" width=\"650\"\/><\/figure>\n<\/div>\n\n\n<p>El fot\u00f3grafo, guionista, actor y director de cine Monchi Herrera presenta su 15\u00ba exposici\u00f3n individual titulada \u201cDreams on Canvas \u2013 Identidad\u201d este domingo, 20 de diciembre en la Aldea Cultural Santa Rosa de Lima.<\/p>\n\n\n\n<!--more-->\n\n\n\n<p>Monchi Herrera, graduado de&nbsp;producci\u00f3n cinematogr\u00e1fica y fotograf\u00eda en la Escuela de Dise\u00f1o de Altos de Chav\u00f3n, lleva a la Aldea Cultural Santa Rosa de Lima su exposici\u00f3n \u201cDreams on Canvas \u2013 Identidad\u201d, donde presenta una serie de obras realizadas en una&nbsp;t\u00e9cnica mixta que incluye fotograf\u00edas y arte digital, NETART. El NETART&nbsp;es una de las formas de arte interactivo habilitadas por los soportes digitales, y las pr\u00e1cticas comunicativas generadas por ellos. La denominaci\u00f3n net.art designa las pr\u00e1cticas art\u00edsticas que apuntan a una experiencia est\u00e9tica espec\u00edfica de internet como soporte de la obra.<\/p>\n\n\n<div class=\"wp-block-image\">\n<figure class=\"aligncenter is-resized\"><img loading=\"lazy\" decoding=\"async\" src=\"https:\/\/i0.wp.com\/casadecampoliving.com\/wp-content\/uploads\/2022\/10\/11179960_10206623533971013_2520752881622483922_n.jpg?resize=650%2C366&amp;ssl=1\" alt=\"11179960_10206623533971013_2520752881622483922_n\" class=\"wp-image-115694\" height=\"366\" width=\"650\"\/><\/figure>\n<\/div>\n\n\n<p>Como todo un multifacetico, Monchi Herrera&nbsp;trabaj\u00f3 recientemente en&nbsp;la promoci\u00f3n de su cortometraje \u201cLa Flor Del Este\u201d que propusiera al Ministerio de Cultura, un proyecto dedicado a documentar la cultura y la belleza de La Romana. Con todo este talento, esperamos con entusiasmo ver sus fotograf\u00edas y la presentaci\u00f3n de su arte digital este fin de semana.<\/p>\n\n\n\n<p><span style=\"line-height: 1.5;\">La apertura de esta exposici\u00f3n ser\u00e1 ESTE DOMINGO, 20 de diciembre a partir de las 6pm, y estar\u00e1 en exposici\u00f3n hasta el 24 de enero. Es su oportunidad de visitar la Aldea Cultural Santa Rosa de Lima para admirar las piezas de un talentoso artista oriundo de La Romana.<\/span><\/p>\n\n\n<div class=\"wp-block-image\">\n<figure class=\"aligncenter is-resized\"><img loading=\"lazy\" decoding=\"async\" src=\"https:\/\/i0.wp.com\/casadecampoliving.com\/wp-content\/uploads\/2022\/10\/Monchi_Herrera_1-1024x683-2.jpg?resize=650%2C434&amp;ssl=1\" alt=\"Monchi_Herrera_1\" class=\"wp-image-115666\" height=\"434\" width=\"650\"\/><\/figure>\n<\/div>\n\n\n<blockquote><h3>Exhibici\u00f3n \u201cDreams on Canvas\u201d<\/h3><p><strong>Fecha: <\/strong>Domingo, 20 de diciembre&nbsp;\u2013&nbsp;Domingo, 24 de enero<\/p><p><strong>Lugar:<\/strong> Aldea Cultural Santa Rosa de Lima<\/p><p>La Aldea Cultural Santa Rosa de Lima esta a la derecha inmediatamente como si cruzar\u00e1s el puente sobre el r\u00edo Salao entrando a La Romana. Es una construcci\u00f3n blanca que se asemeja un poco a una fortaleza (con un nombre \u2013 La Fortaleza).Tienes que estar en el lado de la carretera que conduce desde La Romana con direcci\u00f3n a Casa de Campo, antes de cruzar el puente, gire a la derecha y cruce la v\u00eda f\u00e9rrea.<\/p><p><strong>Costo<\/strong>: \u00a1GRATIS!<\/p><\/blockquote>\n","protected":false},"excerpt":{"rendered":"<p>El fot\u00f3grafo, guionista, actor y director de cine Monchi Herrera presenta su 15\u00ba exposici\u00f3n individual titulada \u201cDreams on Canvas \u2013 Identidad\u201d este domingo, 20 de diciembre en la Aldea Cultural Santa Rosa de Lima.<\/p>\n","protected":false},"author":1097,"featured_media":307719,"comment_status":"closed","ping_status":"closed","sticky":false,"template":"","format":"standard","meta":{"newspack_ads_suppress_ads":false,"newspack_popups_has_disabled_popups":false,"newspack_sponsor_sponsorship_scope":"","newspack_sponsor_native_byline_display":"inherit","newspack_sponsor_native_category_display":"inherit","newspack_sponsor_underwriter_style":"inherit","newspack_sponsor_underwriter_placement":"inherit","_newspack_byline_active":false,"_newspack_byline":"","newspack_hide_updated_date":false,"newspack_show_updated_date":false,"newspack_content_restriction_is_exempt":false,"newspack_featured_image_position":"","newspack_post_subtitle":"","newspack_article_summary_title":"Overview:","newspack_article_summary":"","_jetpack_memberships_contains_paid_content":false,"footnotes":"","jetpack_publicize_message":"","jetpack_publicize_feature_enabled":true,"jetpack_social_post_already_shared":false,"jetpack_social_options":{"image_generator_settings":{"template":"highway","default_image_id":0,"font":"","enabled":false},"version":2},"_wpas_customize_per_network":false},"categories":[26819,26823,26936,26951,2524,14631,2522,2507,2506,14625,14627,2521,26822],"tags":[9952,14542],"newspack_spnsrs_tax":[],"class_list":["post-348849","post","type-post","status-publish","format-standard","has-post-thumbnail","hentry","category-altos-de-chavon-es","category-arte-y-cultura","category-casa-de-campo-living-es","category-ccl-presenta","category-destacados","category-estilo-de-vida","category-eventos-es","category-la-romana-es","category-mas-alla-de-casa-es","category-noticias-locales","category-proximamente","category-republica-dominicana-2","category-resort-casa-de-campo","tag-aldea-cultural-santa-rosa-de-lima-es","tag-la-romana-es","entry"],"yoast_head":"<!-- This site is optimized with the Yoast SEO plugin v27.5 - https:\/\/yoast.com\/product\/yoast-seo-wordpress\/ -->\n<title>Una Mirada a los Sue\u00f1os del artista Monchi Herrera | Casa de Campo Living<\/title>\n<meta name=\"description\" content=\"El fot\u00f3grafo, guionista, actor y director de cine Monchi Herrera presenta su 15\u00ba exposici\u00f3n individual titulada \u201cDreams on Canvas \u2013 Identidad\u201d este\" \/>\n<meta name=\"robots\" content=\"index, follow, max-snippet:-1, max-image-preview:large, max-video-preview:-1\" \/>\n<link rel=\"canonical\" href=\"https:\/\/casadecampoliving.com\/es\/una-mirada-a-los-suenos-del-artista-monchi-herrera\/\" \/>\n<meta property=\"og:locale\" content=\"es_ES\" \/>\n<meta property=\"og:type\" content=\"article\" \/>\n<meta property=\"og:title\" content=\"Una Mirada a los Sue\u00f1os del artista Monchi Herrera | Casa de Campo Living\" \/>\n<meta property=\"og:description\" content=\"El fot\u00f3grafo, guionista, actor y director de cine Monchi Herrera presenta su 15\u00ba exposici\u00f3n individual titulada \u201cDreams on Canvas \u2013 Identidad\u201d este\" \/>\n<meta property=\"og:url\" content=\"https:\/\/casadecampoliving.com\/es\/una-mirada-a-los-suenos-del-artista-monchi-herrera\/\" \/>\n<meta property=\"og:site_name\" content=\"Casa de Campo Living\" \/>\n<meta property=\"article:publisher\" content=\"https:\/\/www.facebook.com\/casadecampoliving\" \/>\n<meta property=\"article:published_time\" content=\"2015-12-18T04:00:00+00:00\" \/>\n<meta property=\"article:modified_time\" content=\"2022-10-21T22:58:30+00:00\" \/>\n<meta property=\"og:image\" content=\"https:\/\/i0.wp.com\/casadecampoliving.com\/wp-content\/uploads\/2022\/10\/11183456_10206624543276245_7984632559460173889_n-1.jpg?fit=720%2C480&ssl=1\" \/>\n\t<meta property=\"og:image:width\" content=\"720\" \/>\n\t<meta property=\"og:image:height\" content=\"480\" \/>\n\t<meta property=\"og:image:type\" content=\"image\/jpeg\" \/>\n<meta name=\"author\" content=\"Perkin Agramonte\" \/>\n<meta name=\"twitter:card\" content=\"summary_large_image\" \/>\n<meta name=\"twitter:creator\" content=\"@cdcliving\" \/>\n<meta name=\"twitter:site\" content=\"@cdcliving\" \/>\n<meta name=\"twitter:label1\" content=\"Escrito por\" \/>\n\t<meta name=\"twitter:data1\" content=\"Perkin Agramonte\" \/>\n\t<meta name=\"twitter:label2\" content=\"Tiempo de lectura\" \/>\n\t<meta name=\"twitter:data2\" content=\"2 minutos\" \/>\n<script type=\"application\/ld+json\" class=\"yoast-schema-graph\">{\"@context\":\"https:\\\/\\\/schema.org\",\"@graph\":[{\"@type\":\"Article\",\"@id\":\"https:\\\/\\\/casadecampoliving.com\\\/es\\\/una-mirada-a-los-suenos-del-artista-monchi-herrera\\\/#article\",\"isPartOf\":{\"@id\":\"https:\\\/\\\/casadecampoliving.com\\\/es\\\/una-mirada-a-los-suenos-del-artista-monchi-herrera\\\/\"},\"author\":{\"name\":\"Perkin Agramonte\",\"@id\":\"https:\\\/\\\/casadecampoliving.com\\\/es\\\/#\\\/schema\\\/person\\\/c8efa6049510554b7d5fea078d728f72\"},\"headline\":\"Una Mirada a los Sue\u00f1os del artista Monchi Herrera\",\"datePublished\":\"2015-12-18T04:00:00+00:00\",\"dateModified\":\"2022-10-21T22:58:30+00:00\",\"mainEntityOfPage\":{\"@id\":\"https:\\\/\\\/casadecampoliving.com\\\/es\\\/una-mirada-a-los-suenos-del-artista-monchi-herrera\\\/\"},\"wordCount\":371,\"publisher\":{\"@id\":\"https:\\\/\\\/casadecampoliving.com\\\/es\\\/#organization\"},\"image\":{\"@id\":\"https:\\\/\\\/casadecampoliving.com\\\/es\\\/una-mirada-a-los-suenos-del-artista-monchi-herrera\\\/#primaryimage\"},\"thumbnailUrl\":\"https:\\\/\\\/i0.wp.com\\\/casadecampoliving.com\\\/wp-content\\\/uploads\\\/2022\\\/10\\\/11183456_10206624543276245_7984632559460173889_n-1.jpg?fit=720%2C480&ssl=1\",\"keywords\":[\"Aldea Cultural Santa Rosa de Lima @es\",\"La Romana @es\"],\"articleSection\":[\"Altos de Chavon @es\",\"Arte y cultura\",\"Casa de Campo Living @es\",\"CCL presenta\",\"Destacados\",\"Estilo de Vida\",\"Eventos\",\"La Romana @es\",\"M\u00e1s all\u00e1 de Casa\",\"Noticias Locales\",\"Proximamente\",\"Rep\u00fablica Dominicana @es\",\"Resort Casa de Campo\"],\"inLanguage\":\"es\"},{\"@type\":\"WebPage\",\"@id\":\"https:\\\/\\\/casadecampoliving.com\\\/es\\\/una-mirada-a-los-suenos-del-artista-monchi-herrera\\\/\",\"url\":\"https:\\\/\\\/casadecampoliving.com\\\/es\\\/una-mirada-a-los-suenos-del-artista-monchi-herrera\\\/\",\"name\":\"Una Mirada a los Sue\u00f1os del artista Monchi Herrera | Casa de Campo Living\",\"isPartOf\":{\"@id\":\"https:\\\/\\\/casadecampoliving.com\\\/es\\\/#website\"},\"primaryImageOfPage\":{\"@id\":\"https:\\\/\\\/casadecampoliving.com\\\/es\\\/una-mirada-a-los-suenos-del-artista-monchi-herrera\\\/#primaryimage\"},\"image\":{\"@id\":\"https:\\\/\\\/casadecampoliving.com\\\/es\\\/una-mirada-a-los-suenos-del-artista-monchi-herrera\\\/#primaryimage\"},\"thumbnailUrl\":\"https:\\\/\\\/i0.wp.com\\\/casadecampoliving.com\\\/wp-content\\\/uploads\\\/2022\\\/10\\\/11183456_10206624543276245_7984632559460173889_n-1.jpg?fit=720%2C480&ssl=1\",\"datePublished\":\"2015-12-18T04:00:00+00:00\",\"dateModified\":\"2022-10-21T22:58:30+00:00\",\"description\":\"El fot\u00f3grafo, guionista, actor y director de cine Monchi Herrera presenta su 15\u00ba exposici\u00f3n individual titulada \u201cDreams on Canvas \u2013 Identidad\u201d este\",\"breadcrumb\":{\"@id\":\"https:\\\/\\\/casadecampoliving.com\\\/es\\\/una-mirada-a-los-suenos-del-artista-monchi-herrera\\\/#breadcrumb\"},\"inLanguage\":\"es\",\"potentialAction\":[{\"@type\":\"ReadAction\",\"target\":[\"https:\\\/\\\/casadecampoliving.com\\\/es\\\/una-mirada-a-los-suenos-del-artista-monchi-herrera\\\/\"]}]},{\"@type\":\"ImageObject\",\"inLanguage\":\"es\",\"@id\":\"https:\\\/\\\/casadecampoliving.com\\\/es\\\/una-mirada-a-los-suenos-del-artista-monchi-herrera\\\/#primaryimage\",\"url\":\"https:\\\/\\\/i0.wp.com\\\/casadecampoliving.com\\\/wp-content\\\/uploads\\\/2022\\\/10\\\/11183456_10206624543276245_7984632559460173889_n-1.jpg?fit=720%2C480&ssl=1\",\"contentUrl\":\"https:\\\/\\\/i0.wp.com\\\/casadecampoliving.com\\\/wp-content\\\/uploads\\\/2022\\\/10\\\/11183456_10206624543276245_7984632559460173889_n-1.jpg?fit=720%2C480&ssl=1\",\"width\":720,\"height\":480},{\"@type\":\"BreadcrumbList\",\"@id\":\"https:\\\/\\\/casadecampoliving.com\\\/es\\\/una-mirada-a-los-suenos-del-artista-monchi-herrera\\\/#breadcrumb\",\"itemListElement\":[{\"@type\":\"ListItem\",\"position\":1,\"name\":\"Home\",\"item\":\"https:\\\/\\\/casadecampoliving.com\\\/es\\\/\"},{\"@type\":\"ListItem\",\"position\":2,\"name\":\"Una Mirada a los Sue\u00f1os del artista Monchi Herrera\"}]},{\"@type\":\"WebSite\",\"@id\":\"https:\\\/\\\/casadecampoliving.com\\\/es\\\/#website\",\"url\":\"https:\\\/\\\/casadecampoliving.com\\\/es\\\/\",\"name\":\"Casa de Campo Living\",\"description\":\"Resort community news and resources.\",\"publisher\":{\"@id\":\"https:\\\/\\\/casadecampoliving.com\\\/es\\\/#organization\"},\"potentialAction\":[{\"@type\":\"SearchAction\",\"target\":{\"@type\":\"EntryPoint\",\"urlTemplate\":\"https:\\\/\\\/casadecampoliving.com\\\/es\\\/?s={search_term_string}\"},\"query-input\":{\"@type\":\"PropertyValueSpecification\",\"valueRequired\":true,\"valueName\":\"search_term_string\"}}],\"inLanguage\":\"es\"},{\"@type\":\"Organization\",\"@id\":\"https:\\\/\\\/casadecampoliving.com\\\/es\\\/#organization\",\"name\":\"Casa de Campo Living\",\"url\":\"https:\\\/\\\/casadecampoliving.com\\\/es\\\/\",\"logo\":{\"@type\":\"ImageObject\",\"inLanguage\":\"es\",\"@id\":\"https:\\\/\\\/casadecampoliving.com\\\/es\\\/#\\\/schema\\\/logo\\\/image\\\/\",\"url\":\"https:\\\/\\\/i0.wp.com\\\/casadecampoliving.com\\\/wp-content\\\/uploads\\\/2022\\\/07\\\/CDCLivingLogo_V1-white-sized.png?fit=800%2C214&ssl=1\",\"contentUrl\":\"https:\\\/\\\/i0.wp.com\\\/casadecampoliving.com\\\/wp-content\\\/uploads\\\/2022\\\/07\\\/CDCLivingLogo_V1-white-sized.png?fit=800%2C214&ssl=1\",\"width\":800,\"height\":214,\"caption\":\"Casa de Campo Living\"},\"image\":{\"@id\":\"https:\\\/\\\/casadecampoliving.com\\\/es\\\/#\\\/schema\\\/logo\\\/image\\\/\"},\"sameAs\":[\"https:\\\/\\\/www.facebook.com\\\/casadecampoliving\",\"https:\\\/\\\/x.com\\\/cdcliving\"]},{\"@type\":\"Person\",\"@id\":\"https:\\\/\\\/casadecampoliving.com\\\/es\\\/#\\\/schema\\\/person\\\/c8efa6049510554b7d5fea078d728f72\",\"name\":\"Perkin Agramonte\",\"image\":{\"@type\":\"ImageObject\",\"inLanguage\":\"es\",\"@id\":\"https:\\\/\\\/secure.gravatar.com\\\/avatar\\\/57bfdafcae55fb83dbb79a1585a9eab7f269b7720fb0b64cb9a4e0cd2962fa10?s=96&d=mm&r=g\",\"url\":\"https:\\\/\\\/secure.gravatar.com\\\/avatar\\\/57bfdafcae55fb83dbb79a1585a9eab7f269b7720fb0b64cb9a4e0cd2962fa10?s=96&d=mm&r=g\",\"contentUrl\":\"https:\\\/\\\/secure.gravatar.com\\\/avatar\\\/57bfdafcae55fb83dbb79a1585a9eab7f269b7720fb0b64cb9a4e0cd2962fa10?s=96&d=mm&r=g\",\"caption\":\"Perkin Agramonte\"},\"url\":\"https:\\\/\\\/casadecampoliving.com\\\/es\\\/author\\\/cagramonte\\\/\"}]}<\/script>\n<!-- \/ Yoast SEO plugin. -->","yoast_head_json":{"title":"Una Mirada a los Sue\u00f1os del artista Monchi Herrera | Casa de Campo Living","description":"El fot\u00f3grafo, guionista, actor y director de cine Monchi Herrera presenta su 15\u00ba exposici\u00f3n individual titulada \u201cDreams on Canvas \u2013 Identidad\u201d este","robots":{"index":"index","follow":"follow","max-snippet":"max-snippet:-1","max-image-preview":"max-image-preview:large","max-video-preview":"max-video-preview:-1"},"canonical":"https:\/\/casadecampoliving.com\/es\/una-mirada-a-los-suenos-del-artista-monchi-herrera\/","og_locale":"es_ES","og_type":"article","og_title":"Una Mirada a los Sue\u00f1os del artista Monchi Herrera | Casa de Campo Living","og_description":"El fot\u00f3grafo, guionista, actor y director de cine Monchi Herrera presenta su 15\u00ba exposici\u00f3n individual titulada \u201cDreams on Canvas \u2013 Identidad\u201d este","og_url":"https:\/\/casadecampoliving.com\/es\/una-mirada-a-los-suenos-del-artista-monchi-herrera\/","og_site_name":"Casa de Campo Living","article_publisher":"https:\/\/www.facebook.com\/casadecampoliving","article_published_time":"2015-12-18T04:00:00+00:00","article_modified_time":"2022-10-21T22:58:30+00:00","og_image":[{"width":720,"height":480,"url":"https:\/\/i0.wp.com\/casadecampoliving.com\/wp-content\/uploads\/2022\/10\/11183456_10206624543276245_7984632559460173889_n-1.jpg?fit=720%2C480&ssl=1","type":"image\/jpeg"}],"author":"Perkin Agramonte","twitter_card":"summary_large_image","twitter_creator":"@cdcliving","twitter_site":"@cdcliving","twitter_misc":{"Escrito por":"Perkin Agramonte","Tiempo de lectura":"2 minutos"},"schema":{"@context":"https:\/\/schema.org","@graph":[{"@type":"Article","@id":"https:\/\/casadecampoliving.com\/es\/una-mirada-a-los-suenos-del-artista-monchi-herrera\/#article","isPartOf":{"@id":"https:\/\/casadecampoliving.com\/es\/una-mirada-a-los-suenos-del-artista-monchi-herrera\/"},"author":{"name":"Perkin Agramonte","@id":"https:\/\/casadecampoliving.com\/es\/#\/schema\/person\/c8efa6049510554b7d5fea078d728f72"},"headline":"Una Mirada a los Sue\u00f1os del artista Monchi Herrera","datePublished":"2015-12-18T04:00:00+00:00","dateModified":"2022-10-21T22:58:30+00:00","mainEntityOfPage":{"@id":"https:\/\/casadecampoliving.com\/es\/una-mirada-a-los-suenos-del-artista-monchi-herrera\/"},"wordCount":371,"publisher":{"@id":"https:\/\/casadecampoliving.com\/es\/#organization"},"image":{"@id":"https:\/\/casadecampoliving.com\/es\/una-mirada-a-los-suenos-del-artista-monchi-herrera\/#primaryimage"},"thumbnailUrl":"https:\/\/i0.wp.com\/casadecampoliving.com\/wp-content\/uploads\/2022\/10\/11183456_10206624543276245_7984632559460173889_n-1.jpg?fit=720%2C480&ssl=1","keywords":["Aldea Cultural Santa Rosa de Lima @es","La Romana @es"],"articleSection":["Altos de Chavon @es","Arte y cultura","Casa de Campo Living @es","CCL presenta","Destacados","Estilo de Vida","Eventos","La Romana @es","M\u00e1s all\u00e1 de Casa","Noticias Locales","Proximamente","Rep\u00fablica Dominicana @es","Resort Casa de Campo"],"inLanguage":"es"},{"@type":"WebPage","@id":"https:\/\/casadecampoliving.com\/es\/una-mirada-a-los-suenos-del-artista-monchi-herrera\/","url":"https:\/\/casadecampoliving.com\/es\/una-mirada-a-los-suenos-del-artista-monchi-herrera\/","name":"Una Mirada a los Sue\u00f1os del artista Monchi Herrera | Casa de Campo Living","isPartOf":{"@id":"https:\/\/casadecampoliving.com\/es\/#website"},"primaryImageOfPage":{"@id":"https:\/\/casadecampoliving.com\/es\/una-mirada-a-los-suenos-del-artista-monchi-herrera\/#primaryimage"},"image":{"@id":"https:\/\/casadecampoliving.com\/es\/una-mirada-a-los-suenos-del-artista-monchi-herrera\/#primaryimage"},"thumbnailUrl":"https:\/\/i0.wp.com\/casadecampoliving.com\/wp-content\/uploads\/2022\/10\/11183456_10206624543276245_7984632559460173889_n-1.jpg?fit=720%2C480&ssl=1","datePublished":"2015-12-18T04:00:00+00:00","dateModified":"2022-10-21T22:58:30+00:00","description":"El fot\u00f3grafo, guionista, actor y director de cine Monchi Herrera presenta su 15\u00ba exposici\u00f3n individual titulada \u201cDreams on Canvas \u2013 Identidad\u201d este","breadcrumb":{"@id":"https:\/\/casadecampoliving.com\/es\/una-mirada-a-los-suenos-del-artista-monchi-herrera\/#breadcrumb"},"inLanguage":"es","potentialAction":[{"@type":"ReadAction","target":["https:\/\/casadecampoliving.com\/es\/una-mirada-a-los-suenos-del-artista-monchi-herrera\/"]}]},{"@type":"ImageObject","inLanguage":"es","@id":"https:\/\/casadecampoliving.com\/es\/una-mirada-a-los-suenos-del-artista-monchi-herrera\/#primaryimage","url":"https:\/\/i0.wp.com\/casadecampoliving.com\/wp-content\/uploads\/2022\/10\/11183456_10206624543276245_7984632559460173889_n-1.jpg?fit=720%2C480&ssl=1","contentUrl":"https:\/\/i0.wp.com\/casadecampoliving.com\/wp-content\/uploads\/2022\/10\/11183456_10206624543276245_7984632559460173889_n-1.jpg?fit=720%2C480&ssl=1","width":720,"height":480},{"@type":"BreadcrumbList","@id":"https:\/\/casadecampoliving.com\/es\/una-mirada-a-los-suenos-del-artista-monchi-herrera\/#breadcrumb","itemListElement":[{"@type":"ListItem","position":1,"name":"Home","item":"https:\/\/casadecampoliving.com\/es\/"},{"@type":"ListItem","position":2,"name":"Una Mirada a los Sue\u00f1os del artista Monchi Herrera"}]},{"@type":"WebSite","@id":"https:\/\/casadecampoliving.com\/es\/#website","url":"https:\/\/casadecampoliving.com\/es\/","name":"Casa de Campo Living","description":"Resort community news and resources.","publisher":{"@id":"https:\/\/casadecampoliving.com\/es\/#organization"},"potentialAction":[{"@type":"SearchAction","target":{"@type":"EntryPoint","urlTemplate":"https:\/\/casadecampoliving.com\/es\/?s={search_term_string}"},"query-input":{"@type":"PropertyValueSpecification","valueRequired":true,"valueName":"search_term_string"}}],"inLanguage":"es"},{"@type":"Organization","@id":"https:\/\/casadecampoliving.com\/es\/#organization","name":"Casa de Campo Living","url":"https:\/\/casadecampoliving.com\/es\/","logo":{"@type":"ImageObject","inLanguage":"es","@id":"https:\/\/casadecampoliving.com\/es\/#\/schema\/logo\/image\/","url":"https:\/\/i0.wp.com\/casadecampoliving.com\/wp-content\/uploads\/2022\/07\/CDCLivingLogo_V1-white-sized.png?fit=800%2C214&ssl=1","contentUrl":"https:\/\/i0.wp.com\/casadecampoliving.com\/wp-content\/uploads\/2022\/07\/CDCLivingLogo_V1-white-sized.png?fit=800%2C214&ssl=1","width":800,"height":214,"caption":"Casa de Campo Living"},"image":{"@id":"https:\/\/casadecampoliving.com\/es\/#\/schema\/logo\/image\/"},"sameAs":["https:\/\/www.facebook.com\/casadecampoliving","https:\/\/x.com\/cdcliving"]},{"@type":"Person","@id":"https:\/\/casadecampoliving.com\/es\/#\/schema\/person\/c8efa6049510554b7d5fea078d728f72","name":"Perkin Agramonte","image":{"@type":"ImageObject","inLanguage":"es","@id":"https:\/\/secure.gravatar.com\/avatar\/57bfdafcae55fb83dbb79a1585a9eab7f269b7720fb0b64cb9a4e0cd2962fa10?s=96&d=mm&r=g","url":"https:\/\/secure.gravatar.com\/avatar\/57bfdafcae55fb83dbb79a1585a9eab7f269b7720fb0b64cb9a4e0cd2962fa10?s=96&d=mm&r=g","contentUrl":"https:\/\/secure.gravatar.com\/avatar\/57bfdafcae55fb83dbb79a1585a9eab7f269b7720fb0b64cb9a4e0cd2962fa10?s=96&d=mm&r=g","caption":"Perkin Agramonte"},"url":"https:\/\/casadecampoliving.com\/es\/author\/cagramonte\/"}]}},"parsely":{"version":"1.1.0","canonical_url":"https:\/\/casadecampoliving.com\/es\/una-mirada-a-los-suenos-del-artista-monchi-herrera\/","smart_links":{"inbound":0,"outbound":0},"traffic_boost_suggestions_count":0,"meta":{"@context":"https:\/\/schema.org","@type":"NewsArticle","headline":"Una Mirada a los Sue\u00f1os del artista Monchi Herrera","url":"http:\/\/casadecampoliving.com\/es\/una-mirada-a-los-suenos-del-artista-monchi-herrera\/","mainEntityOfPage":{"@type":"WebPage","@id":"http:\/\/casadecampoliving.com\/es\/una-mirada-a-los-suenos-del-artista-monchi-herrera\/"},"thumbnailUrl":"https:\/\/i0.wp.com\/casadecampoliving.com\/wp-content\/uploads\/2022\/10\/11183456_10206624543276245_7984632559460173889_n-1.jpg?resize=150%2C150&ssl=1","image":{"@type":"ImageObject","url":"https:\/\/i0.wp.com\/casadecampoliving.com\/wp-content\/uploads\/2022\/10\/11183456_10206624543276245_7984632559460173889_n-1.jpg?fit=720%2C480&ssl=1"},"articleSection":"Altos de Chavon @es","author":[{"@type":"Person","name":"Perkin Agramonte"}],"creator":["Perkin Agramonte"],"publisher":{"@type":"Organization","name":"Casa de Campo Living","logo":"https:\/\/casadecampoliving.com\/wp-content\/uploads\/2022\/07\/CDCLivingLogo_V1-white-sized.png"},"keywords":["aldea cultural santa rosa de lima @es","la romana @es"],"dateCreated":"2015-12-18T04:00:00Z","datePublished":"2015-12-18T04:00:00Z","dateModified":"2022-10-21T22:58:30Z"},"rendered":"<script type=\"application\/ld+json\" class=\"wp-parsely-metadata\">{\"@context\":\"https:\\\/\\\/schema.org\",\"@type\":\"NewsArticle\",\"headline\":\"Una Mirada a los Sue\\u00f1os del artista Monchi Herrera\",\"url\":\"http:\\\/\\\/casadecampoliving.com\\\/es\\\/una-mirada-a-los-suenos-del-artista-monchi-herrera\\\/\",\"mainEntityOfPage\":{\"@type\":\"WebPage\",\"@id\":\"http:\\\/\\\/casadecampoliving.com\\\/es\\\/una-mirada-a-los-suenos-del-artista-monchi-herrera\\\/\"},\"thumbnailUrl\":\"https:\\\/\\\/i0.wp.com\\\/casadecampoliving.com\\\/wp-content\\\/uploads\\\/2022\\\/10\\\/11183456_10206624543276245_7984632559460173889_n-1.jpg?resize=150%2C150&ssl=1\",\"image\":{\"@type\":\"ImageObject\",\"url\":\"https:\\\/\\\/i0.wp.com\\\/casadecampoliving.com\\\/wp-content\\\/uploads\\\/2022\\\/10\\\/11183456_10206624543276245_7984632559460173889_n-1.jpg?fit=720%2C480&ssl=1\"},\"articleSection\":\"Altos de Chavon @es\",\"author\":[{\"@type\":\"Person\",\"name\":\"Perkin Agramonte\"}],\"creator\":[\"Perkin Agramonte\"],\"publisher\":{\"@type\":\"Organization\",\"name\":\"Casa de Campo Living\",\"logo\":\"https:\\\/\\\/casadecampoliving.com\\\/wp-content\\\/uploads\\\/2022\\\/07\\\/CDCLivingLogo_V1-white-sized.png\"},\"keywords\":[\"aldea cultural santa rosa de lima @es\",\"la romana @es\"],\"dateCreated\":\"2015-12-18T04:00:00Z\",\"datePublished\":\"2015-12-18T04:00:00Z\",\"dateModified\":\"2022-10-21T22:58:30Z\"}<\/script>","tracker_url":"https:\/\/cdn.parsely.com\/keys\/casadecampoliving.com\/p.js"},"jetpack_publicize_connections":[],"jetpack_featured_media_url":"https:\/\/i0.wp.com\/casadecampoliving.com\/wp-content\/uploads\/2022\/10\/11183456_10206624543276245_7984632559460173889_n-1.jpg?fit=720%2C480&ssl=1","jetpack-related-posts":[{"id":348894,"url":"https:\/\/casadecampoliving.com\/es\/sonando-con-monchi-herrera\/","url_meta":{"origin":348849,"position":0},"title":"So\u00f1ando con Monchi Herrera","author":"Perkin Agramonte","date":"25 Dic, 2015","format":false,"excerpt":"El pasado domingo, 20 de diciembre, un buen grupo de amantes al arte local se dieron cita en la Aldea Cultural Santa Rosa de Lima para la apertura de la exhibici\u00f3n \"Dreams on Canvas\" por el cineasta y guionista de La Romana, Monchi Herrera. En un sal\u00f3n repleto de obras\u2026","rel":"","context":"En \u00abM\u00e1s all\u00e1 de Casa\u00bb","block_context":{"text":"M\u00e1s all\u00e1 de Casa","link":"https:\/\/casadecampoliving.com\/es\/category\/mas-alla-de-casa-es\/"},"img":{"alt_text":"Monchi Herrera","src":"https:\/\/i0.wp.com\/casadecampoliving.com\/wp-content\/uploads\/2022\/10\/image4-e1450909806602-1.jpg?fit=650%2C423&ssl=1&resize=350%2C200","width":350,"height":200,"srcset":"https:\/\/i0.wp.com\/casadecampoliving.com\/wp-content\/uploads\/2022\/10\/image4-e1450909806602-1.jpg?fit=650%2C423&ssl=1&resize=350%2C200 1x, https:\/\/i0.wp.com\/casadecampoliving.com\/wp-content\/uploads\/2022\/10\/image4-e1450909806602-1.jpg?fit=650%2C423&ssl=1&resize=525%2C300 1.5x"},"classes":[]},{"id":326824,"url":"https:\/\/casadecampoliving.com\/a-look-into-the-dreams-of-artist-monchi-herrera\/","url_meta":{"origin":348849,"position":1},"title":"A Look into the Dreams of Artist Monchi Herrera","author":"Perkin Agramonte","date":"18 Dic, 2015","format":false,"excerpt":"The photographer, scriptwriter, actor and filmmaker, Monchi Herrera, presents his 15th solo exhibition entitled \u201cDreams on Canvas \u2013 Identity\u201d this Sunday, December 20th in the Aldea Cultural Santa Rosa de Lima. Monchi Herrera, who graduated from the Altos de Chav\u00f3n School of Design in photography and film production, presents a\u2026","rel":"","context":"En \u00abAltos de Chavon\u00bb","block_context":{"text":"Altos de Chavon","link":"https:\/\/casadecampoliving.com\/category\/altos-de-chavon\/"},"img":{"alt_text":"","src":"https:\/\/i0.wp.com\/casadecampoliving.com\/wp-content\/uploads\/2022\/10\/11183456_10206624543276245_7984632559460173889_n-1.jpg?fit=720%2C480&ssl=1&resize=350%2C200","width":350,"height":200,"srcset":"https:\/\/i0.wp.com\/casadecampoliving.com\/wp-content\/uploads\/2022\/10\/11183456_10206624543276245_7984632559460173889_n-1.jpg?fit=720%2C480&ssl=1&resize=350%2C200 1x, https:\/\/i0.wp.com\/casadecampoliving.com\/wp-content\/uploads\/2022\/10\/11183456_10206624543276245_7984632559460173889_n-1.jpg?fit=720%2C480&ssl=1&resize=525%2C300 1.5x, https:\/\/i0.wp.com\/casadecampoliving.com\/wp-content\/uploads\/2022\/10\/11183456_10206624543276245_7984632559460173889_n-1.jpg?fit=720%2C480&ssl=1&resize=700%2C400 2x"},"classes":[]},{"id":326861,"url":"https:\/\/casadecampoliving.com\/dreaming-with-monchi-herrera\/","url_meta":{"origin":348849,"position":2},"title":"Dreaming with Monchi Herrera","author":"Perkin Agramonte","date":"25 Dic, 2015","format":false,"excerpt":"On Sunday, December 20th, a large group of local art enthusiasts gathered at the Santa Rosa de Lima Cultural Village for the opening of the exhibition, \"Dreams on Canvas\" by the filmmaker and scriptwriter from La Romana, Monchi Herrera. In a room\u00a0full of artwork\u00a0by\u00a0Monchi in his peculiar mixed technique style\u2026","rel":"","context":"En \u00abArt and Culture\u00bb","block_context":{"text":"Art and Culture","link":"https:\/\/casadecampoliving.com\/category\/art-and-culture\/"},"img":{"alt_text":"Monchi Herrera","src":"https:\/\/i0.wp.com\/casadecampoliving.com\/wp-content\/uploads\/2022\/10\/image4-e1450909806602-1.jpg?fit=650%2C423&ssl=1&resize=350%2C200","width":350,"height":200,"srcset":"https:\/\/i0.wp.com\/casadecampoliving.com\/wp-content\/uploads\/2022\/10\/image4-e1450909806602-1.jpg?fit=650%2C423&ssl=1&resize=350%2C200 1x, https:\/\/i0.wp.com\/casadecampoliving.com\/wp-content\/uploads\/2022\/10\/image4-e1450909806602-1.jpg?fit=650%2C423&ssl=1&resize=525%2C300 1.5x"},"classes":[]},{"id":348343,"url":"https:\/\/casadecampoliving.com\/es\/una-otra-romana-aldea-cultural-santa-rosa-de-lima-2\/","url_meta":{"origin":348849,"position":3},"title":"\u00abUna Otra Romana\u00bb por Gianfraco Fini en la Aldea Cultural Santa Rosa de Lima","author":"Felix Guerrero","date":"2 Oct, 2015","format":false,"excerpt":"La semana pasada compartimos el m\u00e1s reciente trabajo del Arquitecto Gianfranco Fini en\u00a0la Casa de Campo Marina, la renovaci\u00f3n del Supermercado Nacional. Dado\u00a0que su arte va m\u00e1s all\u00e1 de la arquitectura, le invitamos cordialmente a conocer un poco de su trabajo fotogr\u00e1fico. Jenny Polanco, principal promotora de la\u00a0Aldea Cultural Santa\u2026","rel":"","context":"En \u00abArte y cultura\u00bb","block_context":{"text":"Arte y cultura","link":"https:\/\/casadecampoliving.com\/category\/arte-y-cultura\/"},"img":{"alt_text":"Una Otra Romana","src":"https:\/\/i0.wp.com\/casadecampoliving.com\/wp-content\/uploads\/2022\/10\/Una-Otra-Romana-1.jpg?fit=650%2C400&ssl=1&resize=350%2C200","width":350,"height":200,"srcset":"https:\/\/i0.wp.com\/casadecampoliving.com\/wp-content\/uploads\/2022\/10\/Una-Otra-Romana-1.jpg?fit=650%2C400&ssl=1&resize=350%2C200 1x, https:\/\/i0.wp.com\/casadecampoliving.com\/wp-content\/uploads\/2022\/10\/Una-Otra-Romana-1.jpg?fit=650%2C400&ssl=1&resize=525%2C300 1.5x"},"classes":[]},{"id":346607,"url":"https:\/\/casadecampoliving.com\/es\/cultural-celebration-la-aldea-cultural-santa-rosa-de-lima\/","url_meta":{"origin":348849,"position":4},"title":"Celebraci\u00f3n cultural en \u00abLa Aldea Cultural Santa Rosa de Lima\u00bb","author":"Perkin Agramonte","date":"23 Ene, 2015","format":false,"excerpt":"Ma\u00f1ana s\u00e1bado 24 de enero, el Ministerio de Cultura de la Rep\u00fablica Dominicana invita cordialmente a disfrutar del verdadero sabor de la cultura dominicana en la Aldea Cultural Santa Rosa de Lima. La Aldea Cultural Santa Rosa de Lima en colaboraci\u00f3n con El Museo Altagraciano, se une a la Celebraci\u00f3n\u2026","rel":"","context":"En \u00abArte y cultura\u00bb","block_context":{"text":"Arte y cultura","link":"https:\/\/casadecampoliving.com\/category\/arte-y-cultura\/"},"img":{"alt_text":"","src":"https:\/\/i0.wp.com\/casadecampoliving.com\/wp-content\/uploads\/2022\/10\/Frank-Luna-1.png?fit=650%2C450&ssl=1&resize=350%2C200","width":350,"height":200,"srcset":"https:\/\/i0.wp.com\/casadecampoliving.com\/wp-content\/uploads\/2022\/10\/Frank-Luna-1.png?fit=650%2C450&ssl=1&resize=350%2C200 1x, https:\/\/i0.wp.com\/casadecampoliving.com\/wp-content\/uploads\/2022\/10\/Frank-Luna-1.png?fit=650%2C450&ssl=1&resize=525%2C300 1.5x"},"classes":[]},{"id":345344,"url":"https:\/\/casadecampoliving.com\/es\/fotos-de-la-apertura-de-la-aldea-cultural-santa-rosa-de-lima\/","url_meta":{"origin":348849,"position":5},"title":"\u00a1FOTOS de la apertura de la Aldea Cultural Santa Rosa de Lima!","author":"Daniela Medina","date":"17 Sep, 2014","format":false,"excerpt":"\u00bfSab\u00eda que la Aldea Cultural Santa Rosa de Lima ya abri\u00f3 sus puertas? \u00a1Pues, aqu\u00ed le tenemos m\u00e1s fotos de la apertura de la Aldea Cultural Santa Rosa de Lima! El d\u00eda 30 de julio, a la ciudad de La Romana se le dio un nuevo s\u00edmbolo de esperanza. La\u2026","rel":"","context":"En \u00abArte y cultura\u00bb","block_context":{"text":"Arte y cultura","link":"https:\/\/casadecampoliving.com\/category\/arte-y-cultura\/"},"img":{"alt_text":"","src":"https:\/\/i0.wp.com\/casadecampoliving.com\/wp-content\/uploads\/2022\/10\/horizontal-1.jpg?fit=726%2C404&ssl=1&resize=350%2C200","width":350,"height":200,"srcset":"https:\/\/i0.wp.com\/casadecampoliving.com\/wp-content\/uploads\/2022\/10\/horizontal-1.jpg?fit=726%2C404&ssl=1&resize=350%2C200 1x, https:\/\/i0.wp.com\/casadecampoliving.com\/wp-content\/uploads\/2022\/10\/horizontal-1.jpg?fit=726%2C404&ssl=1&resize=525%2C300 1.5x, https:\/\/i0.wp.com\/casadecampoliving.com\/wp-content\/uploads\/2022\/10\/horizontal-1.jpg?fit=726%2C404&ssl=1&resize=700%2C400 2x"},"classes":[]}],"jetpack_sharing_enabled":true,"_links":{"self":[{"href":"https:\/\/casadecampoliving.com\/es\/wp-json\/wp\/v2\/posts\/348849","targetHints":{"allow":["GET"]}}],"collection":[{"href":"https:\/\/casadecampoliving.com\/es\/wp-json\/wp\/v2\/posts"}],"about":[{"href":"https:\/\/casadecampoliving.com\/es\/wp-json\/wp\/v2\/types\/post"}],"author":[{"embeddable":true,"href":"https:\/\/casadecampoliving.com\/es\/wp-json\/wp\/v2\/users\/1097"}],"replies":[{"embeddable":true,"href":"https:\/\/casadecampoliving.com\/es\/wp-json\/wp\/v2\/comments?post=348849"}],"version-history":[{"count":1,"href":"https:\/\/casadecampoliving.com\/es\/wp-json\/wp\/v2\/posts\/348849\/revisions"}],"predecessor-version":[{"id":348852,"href":"https:\/\/casadecampoliving.com\/es\/wp-json\/wp\/v2\/posts\/348849\/revisions\/348852"}],"wp:featuredmedia":[{"embeddable":true,"href":"https:\/\/casadecampoliving.com\/es\/wp-json\/wp\/v2\/media\/307719"}],"wp:attachment":[{"href":"https:\/\/casadecampoliving.com\/es\/wp-json\/wp\/v2\/media?parent=348849"}],"wp:term":[{"taxonomy":"category","embeddable":true,"href":"https:\/\/casadecampoliving.com\/es\/wp-json\/wp\/v2\/categories?post=348849"},{"taxonomy":"post_tag","embeddable":true,"href":"https:\/\/casadecampoliving.com\/es\/wp-json\/wp\/v2\/tags?post=348849"},{"taxonomy":"newspack_spnsrs_tax","embeddable":true,"href":"https:\/\/casadecampoliving.com\/es\/wp-json\/wp\/v2\/newspack_spnsrs_tax?post=348849"}],"curies":[{"name":"wp","href":"https:\/\/api.w.org\/{rel}","templated":true}]}}