{"id":348825,"date":"2015-12-17T00:00:00","date_gmt":"2015-12-17T04:00:00","guid":{"rendered":"https:\/\/casadecampoliving.com\/collares-largos\/"},"modified":"2022-10-21T18:57:44","modified_gmt":"2022-10-21T22:57:44","slug":"collares-largos","status":"publish","type":"post","link":"https:\/\/casadecampoliving.com\/es\/collares-largos\/","title":{"rendered":"Collares Largos y Llamativos"},"content":{"rendered":"<div class=\"wp-block-image\">\n<figure class=\"aligncenter is-resized\"><img loading=\"lazy\" decoding=\"async\" src=\"https:\/\/i0.wp.com\/casadecampoliving.com\/wp-content\/uploads\/2022\/10\/Long-Necklace.jpg?resize=650%2C400&amp;ssl=1\" alt=\"Long Necklace\" class=\"wp-image-115617\" height=\"400\" width=\"650\"\/><\/figure>\n<\/div>\n\n\n<p>Me gustar\u00eda hablar de una tendencia que no ha pasado desapercibida esta temporada: los <strong>collares largos<\/strong>. Hemos notado que muchos dise\u00f1adores y grandes marcas han optado por crear este tipo de collar, que va de&nbsp;los 60 hasta los 95cm de longitud en los modelos m\u00e1s&nbsp;extravagantes.<\/p>\n\n\n\n<p><\/p>\n\n\n\n<!--more-->\n\n\n<div class=\"wp-block-image\">\n<figure class=\"alignright is-resized\"><img loading=\"lazy\" decoding=\"async\" src=\"https:\/\/i0.wp.com\/casadecampoliving.com\/wp-content\/uploads\/2022\/10\/Long-Necklace-Vertical-199x300-2.jpg?resize=199%2C300&amp;ssl=1\" alt=\"Long Necklace Vertical\" class=\"wp-image-115615\" height=\"300\" width=\"199\"\/><\/figure>\n<\/div>\n\n\n<p>Podemos considerar este tipo de pieza como una de inversi\u00f3n, ya que podemos&nbsp;llevarla tanto en invierno como durante las dem\u00e1s estaciones del a\u00f1o. Se ve&nbsp;fascinante con franelas sencillas en colores claros, ya que le da un toque <em>\u201crelax\u201d<\/em> a nuestro look. Pero si optamos por algo m\u00e1s&nbsp;llamativo o festivo para esta temporada, podemos escoger collares&nbsp;con cristales Swarovski o diamantes. Las borlas, que tambi\u00e9n est\u00e1n de moda, combinan muy bien con los collares largos.<\/p>\n\n\n\n<p>La mejor parte de esta tendencia es que puedes mostrar tu estilo y personalidad dependiendo&nbsp;del collar&nbsp;que escojas y si quieres una opci\u00f3n mas en voga opta por un collar&nbsp;con piedras&nbsp;naturales. Si escoges piedras de buena calidad estar\u00e1s haciendo una buena inversi\u00f3n.<\/p>\n\n\n<div class=\"wp-block-image\">\n<figure class=\"aligncenter is-resized\"><img loading=\"lazy\" decoding=\"async\" src=\"https:\/\/i0.wp.com\/casadecampoliving.com\/wp-content\/uploads\/2022\/10\/Long-Necklaces-2.jpg?resize=650%2C325&amp;ssl=1\" alt=\"Long Necklaces 2\" class=\"wp-image-115618\" height=\"325\" width=\"650\"\/><\/figure>\n<\/div>\n\n\n<p><\/p>\n\n\n\n<p>Dicho todo esto, no podemos pensar que los collares de longitud tradicional (43 cm)&nbsp;pasar\u00e1n de moda, ya que los collares&nbsp;largos son piezas muy llamativas y las utilizamos para&nbsp;darle un poco de diversi\u00f3n a nuestro look.<\/p>\n\n\n\n<blockquote><h3>Clarlin Rivera \u2013 Joyer\u00eda Contempor\u00e1nea<\/h3><p style=\"text-align: justify;\"><b>Ubicaci\u00f3n:&nbsp;<\/b>Gol Plaza \u2013 local #6B, Calle Altagracia No.13, La Romana, Rep\u00fablica Dominicana.<\/p><p style=\"text-align: justify;\"><b>Horarios: <\/b>Lunes a s\u00e1bado, de 9am \u2013 2pm y 3pm \u2013 6pm<\/p><p style=\"text-align: justify;\"><strong><b>Contacto:<\/b>&nbsp;<\/strong>(829) 345-0228 \u2013&nbsp;clarlinrivera@hotmail.com<\/p><\/blockquote>\n\n\n\n<blockquote><h3>Sobre&nbsp;Clarlin Rivera<\/h3><figure><img decoding=\"async\" loading=\"lazy\" class=\"alignright size-thumbnail wp-image-111709\" src=\"https:\/\/i0.wp.com\/casadecampoliving.com\/wp-content\/uploads\/2022\/10\/Clarlin-Rivera-Joyeria-Contemporanea_1-150x150-1.jpg?resize=150%2C150&amp;ssl=1\" alt=\"Clarlin Rivera - Joyer\u00eda Contemporanea_1\" width=\"150\" height=\"150\"><\/figure><p style=\"text-align: justify;\">Clarlin Rivera,&nbsp;nacida&nbsp;en la ciudad de La Romana, Rep\u00fablica Dominicana. Es&nbsp;graduada de orfebre, dise\u00f1adora de joyas, y asesora de color y estilo en Syntra&nbsp;Brussels&nbsp;en B\u00e9lgica. Es miembro&nbsp;de La plataforma de orfebres latinoamericanos,&nbsp;<em>Andes Joya<\/em>.&nbsp;En su trayectoria, Rivera ha realizado exposiciones colectivas denominadas \u201cSan Juan Beauty Show\u201d en Puerto Rico en sus inicios hacia el 2007. En el 2011, una exposici\u00f3n colectiva titulada \u201cEindwerk\u201d en Syntra Brussels, B\u00e9lgica y, finalmente, en el 2013 con \u201cRotaBazaar\u201d en la provincia de La Romana.<\/p><\/blockquote>\n","protected":false},"excerpt":{"rendered":"<p>Me gustar\u00eda hablar de una tendencia que no ha pasado desapercibida esta temporada: los collares largos. Hemos notado que muchos dise\u00f1adores y grandes marcas han optado por crear este tipo de collar, que va de&nbsp;los 60 hasta los 95cm de longitud en los modelos m\u00e1s&nbsp;extravagantes.<\/p>\n","protected":false},"author":36673,"featured_media":307567,"comment_status":"closed","ping_status":"closed","sticky":false,"template":"","format":"standard","meta":{"newspack_ads_suppress_ads":false,"newspack_popups_has_disabled_popups":false,"newspack_sponsor_sponsorship_scope":"","newspack_sponsor_native_byline_display":"inherit","newspack_sponsor_native_category_display":"inherit","newspack_sponsor_underwriter_style":"inherit","newspack_sponsor_underwriter_placement":"inherit","_newspack_byline_active":false,"_newspack_byline":"","newspack_hide_updated_date":false,"newspack_show_updated_date":false,"newspack_content_restriction_is_exempt":false,"newspack_featured_image_position":"","newspack_post_subtitle":"","newspack_article_summary_title":"Overview:","newspack_article_summary":"","_jetpack_memberships_contains_paid_content":false,"footnotes":"","jetpack_publicize_message":"","jetpack_publicize_feature_enabled":true,"jetpack_social_post_already_shared":false,"jetpack_social_options":{"image_generator_settings":{"template":"highway","default_image_id":0,"font":"","enabled":false},"version":2},"_wpas_customize_per_network":false},"categories":[26823,26936,26951,14631,2523,14625],"tags":[13014,12625,3229,12609],"newspack_spnsrs_tax":[],"class_list":["post-348825","post","type-post","status-publish","format-standard","has-post-thumbnail","hentry","category-arte-y-cultura","category-casa-de-campo-living-es","category-ccl-presenta","category-estilo-de-vida","category-moda-es","category-noticias-locales","tag-clarlin-es","tag-clarlin-rivera-es","tag-moda","tag-tips-es","entry"],"yoast_head":"<!-- This site is optimized with the Yoast SEO plugin v27.5 - https:\/\/yoast.com\/product\/yoast-seo-wordpress\/ -->\n<title>Collares Largos y Llamativos | Casa de Campo Living<\/title>\n<meta name=\"description\" content=\"Me gustar\u00eda hablar de una tendencia que no ha pasado desapercibida esta temporada: los collares largos. Hemos notado que muchos dise\u00f1adores y grandes\" \/>\n<meta name=\"robots\" content=\"index, follow, max-snippet:-1, max-image-preview:large, max-video-preview:-1\" \/>\n<link rel=\"canonical\" href=\"https:\/\/casadecampoliving.com\/es\/collares-largos\/\" \/>\n<meta property=\"og:locale\" content=\"es_ES\" \/>\n<meta property=\"og:type\" content=\"article\" \/>\n<meta property=\"og:title\" content=\"Collares Largos y Llamativos | Casa de Campo Living\" \/>\n<meta property=\"og:description\" content=\"Me gustar\u00eda hablar de una tendencia que no ha pasado desapercibida esta temporada: los collares largos. Hemos notado que muchos dise\u00f1adores y grandes\" \/>\n<meta property=\"og:url\" content=\"https:\/\/casadecampoliving.com\/es\/collares-largos\/\" \/>\n<meta property=\"og:site_name\" content=\"Casa de Campo Living\" \/>\n<meta property=\"article:publisher\" content=\"https:\/\/www.facebook.com\/casadecampoliving\" \/>\n<meta property=\"article:published_time\" content=\"2015-12-17T04:00:00+00:00\" \/>\n<meta property=\"article:modified_time\" content=\"2022-10-21T22:57:44+00:00\" \/>\n<meta property=\"og:image\" content=\"https:\/\/i0.wp.com\/casadecampoliving.com\/wp-content\/uploads\/2022\/10\/Long-Necklaces-2-1.jpg?fit=650%2C325&ssl=1\" \/>\n\t<meta property=\"og:image:width\" content=\"650\" \/>\n\t<meta property=\"og:image:height\" content=\"325\" \/>\n\t<meta property=\"og:image:type\" content=\"image\/jpeg\" \/>\n<meta name=\"author\" content=\"Clarlin Rivera\" \/>\n<meta name=\"twitter:card\" content=\"summary_large_image\" \/>\n<meta name=\"twitter:creator\" content=\"@cdcliving\" \/>\n<meta name=\"twitter:site\" content=\"@cdcliving\" \/>\n<meta name=\"twitter:label1\" content=\"Escrito por\" \/>\n\t<meta name=\"twitter:data1\" content=\"Clarlin Rivera\" \/>\n\t<meta name=\"twitter:label2\" content=\"Tiempo de lectura\" \/>\n\t<meta name=\"twitter:data2\" content=\"2 minutos\" \/>\n<script type=\"application\/ld+json\" class=\"yoast-schema-graph\">{\"@context\":\"https:\\\/\\\/schema.org\",\"@graph\":[{\"@type\":\"Article\",\"@id\":\"https:\\\/\\\/casadecampoliving.com\\\/es\\\/collares-largos\\\/#article\",\"isPartOf\":{\"@id\":\"https:\\\/\\\/casadecampoliving.com\\\/es\\\/collares-largos\\\/\"},\"author\":{\"name\":\"Clarlin Rivera\",\"@id\":\"https:\\\/\\\/casadecampoliving.com\\\/es\\\/#\\\/schema\\\/person\\\/b2c408160eaae5dac291601eb5c5f273\"},\"headline\":\"Collares Largos y Llamativos\",\"datePublished\":\"2015-12-17T04:00:00+00:00\",\"dateModified\":\"2022-10-21T22:57:44+00:00\",\"mainEntityOfPage\":{\"@id\":\"https:\\\/\\\/casadecampoliving.com\\\/es\\\/collares-largos\\\/\"},\"wordCount\":375,\"publisher\":{\"@id\":\"https:\\\/\\\/casadecampoliving.com\\\/es\\\/#organization\"},\"image\":{\"@id\":\"https:\\\/\\\/casadecampoliving.com\\\/es\\\/collares-largos\\\/#primaryimage\"},\"thumbnailUrl\":\"https:\\\/\\\/i0.wp.com\\\/casadecampoliving.com\\\/wp-content\\\/uploads\\\/2022\\\/10\\\/Long-Necklaces-2-1.jpg?fit=650%2C325&ssl=1\",\"keywords\":[\"Clarlin @es\",\"Clarlin Rivera @es\",\"moda\",\"Tips @es\"],\"articleSection\":[\"Arte y cultura\",\"Casa de Campo Living @es\",\"CCL presenta\",\"Estilo de Vida\",\"Moda\",\"Noticias Locales\"],\"inLanguage\":\"es\"},{\"@type\":\"WebPage\",\"@id\":\"https:\\\/\\\/casadecampoliving.com\\\/es\\\/collares-largos\\\/\",\"url\":\"https:\\\/\\\/casadecampoliving.com\\\/es\\\/collares-largos\\\/\",\"name\":\"Collares Largos y Llamativos | Casa de Campo Living\",\"isPartOf\":{\"@id\":\"https:\\\/\\\/casadecampoliving.com\\\/es\\\/#website\"},\"primaryImageOfPage\":{\"@id\":\"https:\\\/\\\/casadecampoliving.com\\\/es\\\/collares-largos\\\/#primaryimage\"},\"image\":{\"@id\":\"https:\\\/\\\/casadecampoliving.com\\\/es\\\/collares-largos\\\/#primaryimage\"},\"thumbnailUrl\":\"https:\\\/\\\/i0.wp.com\\\/casadecampoliving.com\\\/wp-content\\\/uploads\\\/2022\\\/10\\\/Long-Necklaces-2-1.jpg?fit=650%2C325&ssl=1\",\"datePublished\":\"2015-12-17T04:00:00+00:00\",\"dateModified\":\"2022-10-21T22:57:44+00:00\",\"description\":\"Me gustar\u00eda hablar de una tendencia que no ha pasado desapercibida esta temporada: los collares largos. Hemos notado que muchos dise\u00f1adores y grandes\",\"breadcrumb\":{\"@id\":\"https:\\\/\\\/casadecampoliving.com\\\/es\\\/collares-largos\\\/#breadcrumb\"},\"inLanguage\":\"es\",\"potentialAction\":[{\"@type\":\"ReadAction\",\"target\":[\"https:\\\/\\\/casadecampoliving.com\\\/es\\\/collares-largos\\\/\"]}]},{\"@type\":\"ImageObject\",\"inLanguage\":\"es\",\"@id\":\"https:\\\/\\\/casadecampoliving.com\\\/es\\\/collares-largos\\\/#primaryimage\",\"url\":\"https:\\\/\\\/i0.wp.com\\\/casadecampoliving.com\\\/wp-content\\\/uploads\\\/2022\\\/10\\\/Long-Necklaces-2-1.jpg?fit=650%2C325&ssl=1\",\"contentUrl\":\"https:\\\/\\\/i0.wp.com\\\/casadecampoliving.com\\\/wp-content\\\/uploads\\\/2022\\\/10\\\/Long-Necklaces-2-1.jpg?fit=650%2C325&ssl=1\",\"width\":650,\"height\":325},{\"@type\":\"BreadcrumbList\",\"@id\":\"https:\\\/\\\/casadecampoliving.com\\\/es\\\/collares-largos\\\/#breadcrumb\",\"itemListElement\":[{\"@type\":\"ListItem\",\"position\":1,\"name\":\"Home\",\"item\":\"https:\\\/\\\/casadecampoliving.com\\\/es\\\/\"},{\"@type\":\"ListItem\",\"position\":2,\"name\":\"Collares Largos y Llamativos\"}]},{\"@type\":\"WebSite\",\"@id\":\"https:\\\/\\\/casadecampoliving.com\\\/es\\\/#website\",\"url\":\"https:\\\/\\\/casadecampoliving.com\\\/es\\\/\",\"name\":\"Casa de Campo Living\",\"description\":\"Resort community news and resources.\",\"publisher\":{\"@id\":\"https:\\\/\\\/casadecampoliving.com\\\/es\\\/#organization\"},\"potentialAction\":[{\"@type\":\"SearchAction\",\"target\":{\"@type\":\"EntryPoint\",\"urlTemplate\":\"https:\\\/\\\/casadecampoliving.com\\\/es\\\/?s={search_term_string}\"},\"query-input\":{\"@type\":\"PropertyValueSpecification\",\"valueRequired\":true,\"valueName\":\"search_term_string\"}}],\"inLanguage\":\"es\"},{\"@type\":\"Organization\",\"@id\":\"https:\\\/\\\/casadecampoliving.com\\\/es\\\/#organization\",\"name\":\"Casa de Campo Living\",\"url\":\"https:\\\/\\\/casadecampoliving.com\\\/es\\\/\",\"logo\":{\"@type\":\"ImageObject\",\"inLanguage\":\"es\",\"@id\":\"https:\\\/\\\/casadecampoliving.com\\\/es\\\/#\\\/schema\\\/logo\\\/image\\\/\",\"url\":\"https:\\\/\\\/i0.wp.com\\\/casadecampoliving.com\\\/wp-content\\\/uploads\\\/2022\\\/07\\\/CDCLivingLogo_V1-white-sized.png?fit=800%2C214&ssl=1\",\"contentUrl\":\"https:\\\/\\\/i0.wp.com\\\/casadecampoliving.com\\\/wp-content\\\/uploads\\\/2022\\\/07\\\/CDCLivingLogo_V1-white-sized.png?fit=800%2C214&ssl=1\",\"width\":800,\"height\":214,\"caption\":\"Casa de Campo Living\"},\"image\":{\"@id\":\"https:\\\/\\\/casadecampoliving.com\\\/es\\\/#\\\/schema\\\/logo\\\/image\\\/\"},\"sameAs\":[\"https:\\\/\\\/www.facebook.com\\\/casadecampoliving\",\"https:\\\/\\\/x.com\\\/cdcliving\"]},{\"@type\":\"Person\",\"@id\":\"https:\\\/\\\/casadecampoliving.com\\\/es\\\/#\\\/schema\\\/person\\\/b2c408160eaae5dac291601eb5c5f273\",\"name\":\"Clarlin Rivera\",\"image\":{\"@type\":\"ImageObject\",\"inLanguage\":\"es\",\"@id\":\"https:\\\/\\\/secure.gravatar.com\\\/avatar\\\/11c1b06d7bf7104ce068545435c8e13b20dedf501e0b47c7afbb0a75dba51cb7?s=96&d=mm&r=g\",\"url\":\"https:\\\/\\\/secure.gravatar.com\\\/avatar\\\/11c1b06d7bf7104ce068545435c8e13b20dedf501e0b47c7afbb0a75dba51cb7?s=96&d=mm&r=g\",\"contentUrl\":\"https:\\\/\\\/secure.gravatar.com\\\/avatar\\\/11c1b06d7bf7104ce068545435c8e13b20dedf501e0b47c7afbb0a75dba51cb7?s=96&d=mm&r=g\",\"caption\":\"Clarlin Rivera\"},\"url\":\"https:\\\/\\\/casadecampoliving.com\\\/es\\\/author\\\/c-rivera\\\/\"}]}<\/script>\n<!-- \/ Yoast SEO plugin. -->","yoast_head_json":{"title":"Collares Largos y Llamativos | Casa de Campo Living","description":"Me gustar\u00eda hablar de una tendencia que no ha pasado desapercibida esta temporada: los collares largos. Hemos notado que muchos dise\u00f1adores y grandes","robots":{"index":"index","follow":"follow","max-snippet":"max-snippet:-1","max-image-preview":"max-image-preview:large","max-video-preview":"max-video-preview:-1"},"canonical":"https:\/\/casadecampoliving.com\/es\/collares-largos\/","og_locale":"es_ES","og_type":"article","og_title":"Collares Largos y Llamativos | Casa de Campo Living","og_description":"Me gustar\u00eda hablar de una tendencia que no ha pasado desapercibida esta temporada: los collares largos. Hemos notado que muchos dise\u00f1adores y grandes","og_url":"https:\/\/casadecampoliving.com\/es\/collares-largos\/","og_site_name":"Casa de Campo Living","article_publisher":"https:\/\/www.facebook.com\/casadecampoliving","article_published_time":"2015-12-17T04:00:00+00:00","article_modified_time":"2022-10-21T22:57:44+00:00","og_image":[{"width":650,"height":325,"url":"https:\/\/i0.wp.com\/casadecampoliving.com\/wp-content\/uploads\/2022\/10\/Long-Necklaces-2-1.jpg?fit=650%2C325&ssl=1","type":"image\/jpeg"}],"author":"Clarlin Rivera","twitter_card":"summary_large_image","twitter_creator":"@cdcliving","twitter_site":"@cdcliving","twitter_misc":{"Escrito por":"Clarlin Rivera","Tiempo de lectura":"2 minutos"},"schema":{"@context":"https:\/\/schema.org","@graph":[{"@type":"Article","@id":"https:\/\/casadecampoliving.com\/es\/collares-largos\/#article","isPartOf":{"@id":"https:\/\/casadecampoliving.com\/es\/collares-largos\/"},"author":{"name":"Clarlin Rivera","@id":"https:\/\/casadecampoliving.com\/es\/#\/schema\/person\/b2c408160eaae5dac291601eb5c5f273"},"headline":"Collares Largos y Llamativos","datePublished":"2015-12-17T04:00:00+00:00","dateModified":"2022-10-21T22:57:44+00:00","mainEntityOfPage":{"@id":"https:\/\/casadecampoliving.com\/es\/collares-largos\/"},"wordCount":375,"publisher":{"@id":"https:\/\/casadecampoliving.com\/es\/#organization"},"image":{"@id":"https:\/\/casadecampoliving.com\/es\/collares-largos\/#primaryimage"},"thumbnailUrl":"https:\/\/i0.wp.com\/casadecampoliving.com\/wp-content\/uploads\/2022\/10\/Long-Necklaces-2-1.jpg?fit=650%2C325&ssl=1","keywords":["Clarlin @es","Clarlin Rivera @es","moda","Tips @es"],"articleSection":["Arte y cultura","Casa de Campo Living @es","CCL presenta","Estilo de Vida","Moda","Noticias Locales"],"inLanguage":"es"},{"@type":"WebPage","@id":"https:\/\/casadecampoliving.com\/es\/collares-largos\/","url":"https:\/\/casadecampoliving.com\/es\/collares-largos\/","name":"Collares Largos y Llamativos | Casa de Campo Living","isPartOf":{"@id":"https:\/\/casadecampoliving.com\/es\/#website"},"primaryImageOfPage":{"@id":"https:\/\/casadecampoliving.com\/es\/collares-largos\/#primaryimage"},"image":{"@id":"https:\/\/casadecampoliving.com\/es\/collares-largos\/#primaryimage"},"thumbnailUrl":"https:\/\/i0.wp.com\/casadecampoliving.com\/wp-content\/uploads\/2022\/10\/Long-Necklaces-2-1.jpg?fit=650%2C325&ssl=1","datePublished":"2015-12-17T04:00:00+00:00","dateModified":"2022-10-21T22:57:44+00:00","description":"Me gustar\u00eda hablar de una tendencia que no ha pasado desapercibida esta temporada: los collares largos. Hemos notado que muchos dise\u00f1adores y grandes","breadcrumb":{"@id":"https:\/\/casadecampoliving.com\/es\/collares-largos\/#breadcrumb"},"inLanguage":"es","potentialAction":[{"@type":"ReadAction","target":["https:\/\/casadecampoliving.com\/es\/collares-largos\/"]}]},{"@type":"ImageObject","inLanguage":"es","@id":"https:\/\/casadecampoliving.com\/es\/collares-largos\/#primaryimage","url":"https:\/\/i0.wp.com\/casadecampoliving.com\/wp-content\/uploads\/2022\/10\/Long-Necklaces-2-1.jpg?fit=650%2C325&ssl=1","contentUrl":"https:\/\/i0.wp.com\/casadecampoliving.com\/wp-content\/uploads\/2022\/10\/Long-Necklaces-2-1.jpg?fit=650%2C325&ssl=1","width":650,"height":325},{"@type":"BreadcrumbList","@id":"https:\/\/casadecampoliving.com\/es\/collares-largos\/#breadcrumb","itemListElement":[{"@type":"ListItem","position":1,"name":"Home","item":"https:\/\/casadecampoliving.com\/es\/"},{"@type":"ListItem","position":2,"name":"Collares Largos y Llamativos"}]},{"@type":"WebSite","@id":"https:\/\/casadecampoliving.com\/es\/#website","url":"https:\/\/casadecampoliving.com\/es\/","name":"Casa de Campo Living","description":"Resort community news and resources.","publisher":{"@id":"https:\/\/casadecampoliving.com\/es\/#organization"},"potentialAction":[{"@type":"SearchAction","target":{"@type":"EntryPoint","urlTemplate":"https:\/\/casadecampoliving.com\/es\/?s={search_term_string}"},"query-input":{"@type":"PropertyValueSpecification","valueRequired":true,"valueName":"search_term_string"}}],"inLanguage":"es"},{"@type":"Organization","@id":"https:\/\/casadecampoliving.com\/es\/#organization","name":"Casa de Campo Living","url":"https:\/\/casadecampoliving.com\/es\/","logo":{"@type":"ImageObject","inLanguage":"es","@id":"https:\/\/casadecampoliving.com\/es\/#\/schema\/logo\/image\/","url":"https:\/\/i0.wp.com\/casadecampoliving.com\/wp-content\/uploads\/2022\/07\/CDCLivingLogo_V1-white-sized.png?fit=800%2C214&ssl=1","contentUrl":"https:\/\/i0.wp.com\/casadecampoliving.com\/wp-content\/uploads\/2022\/07\/CDCLivingLogo_V1-white-sized.png?fit=800%2C214&ssl=1","width":800,"height":214,"caption":"Casa de Campo Living"},"image":{"@id":"https:\/\/casadecampoliving.com\/es\/#\/schema\/logo\/image\/"},"sameAs":["https:\/\/www.facebook.com\/casadecampoliving","https:\/\/x.com\/cdcliving"]},{"@type":"Person","@id":"https:\/\/casadecampoliving.com\/es\/#\/schema\/person\/b2c408160eaae5dac291601eb5c5f273","name":"Clarlin Rivera","image":{"@type":"ImageObject","inLanguage":"es","@id":"https:\/\/secure.gravatar.com\/avatar\/11c1b06d7bf7104ce068545435c8e13b20dedf501e0b47c7afbb0a75dba51cb7?s=96&d=mm&r=g","url":"https:\/\/secure.gravatar.com\/avatar\/11c1b06d7bf7104ce068545435c8e13b20dedf501e0b47c7afbb0a75dba51cb7?s=96&d=mm&r=g","contentUrl":"https:\/\/secure.gravatar.com\/avatar\/11c1b06d7bf7104ce068545435c8e13b20dedf501e0b47c7afbb0a75dba51cb7?s=96&d=mm&r=g","caption":"Clarlin Rivera"},"url":"https:\/\/casadecampoliving.com\/es\/author\/c-rivera\/"}]}},"parsely":{"version":"1.1.0","canonical_url":"https:\/\/casadecampoliving.com\/es\/collares-largos\/","smart_links":{"inbound":0,"outbound":0},"traffic_boost_suggestions_count":0,"meta":{"@context":"https:\/\/schema.org","@type":"NewsArticle","headline":"Collares Largos y Llamativos","url":"http:\/\/casadecampoliving.com\/es\/collares-largos\/","mainEntityOfPage":{"@type":"WebPage","@id":"http:\/\/casadecampoliving.com\/es\/collares-largos\/"},"thumbnailUrl":"https:\/\/i0.wp.com\/casadecampoliving.com\/wp-content\/uploads\/2022\/10\/Long-Necklaces-2-1.jpg?resize=150%2C150&ssl=1","image":{"@type":"ImageObject","url":"https:\/\/i0.wp.com\/casadecampoliving.com\/wp-content\/uploads\/2022\/10\/Long-Necklaces-2-1.jpg?fit=650%2C325&ssl=1"},"articleSection":"Arte y cultura","author":[{"@type":"Person","name":"Clarlin Rivera"}],"creator":["Clarlin Rivera"],"publisher":{"@type":"Organization","name":"Casa de Campo Living","logo":"https:\/\/casadecampoliving.com\/wp-content\/uploads\/2022\/07\/CDCLivingLogo_V1-white-sized.png"},"keywords":["clarlin @es","clarlin rivera @es","moda","tips @es"],"dateCreated":"2015-12-17T04:00:00Z","datePublished":"2015-12-17T04:00:00Z","dateModified":"2022-10-21T22:57:44Z"},"rendered":"<script type=\"application\/ld+json\" class=\"wp-parsely-metadata\">{\"@context\":\"https:\\\/\\\/schema.org\",\"@type\":\"NewsArticle\",\"headline\":\"Collares Largos y Llamativos\",\"url\":\"http:\\\/\\\/casadecampoliving.com\\\/es\\\/collares-largos\\\/\",\"mainEntityOfPage\":{\"@type\":\"WebPage\",\"@id\":\"http:\\\/\\\/casadecampoliving.com\\\/es\\\/collares-largos\\\/\"},\"thumbnailUrl\":\"https:\\\/\\\/i0.wp.com\\\/casadecampoliving.com\\\/wp-content\\\/uploads\\\/2022\\\/10\\\/Long-Necklaces-2-1.jpg?resize=150%2C150&ssl=1\",\"image\":{\"@type\":\"ImageObject\",\"url\":\"https:\\\/\\\/i0.wp.com\\\/casadecampoliving.com\\\/wp-content\\\/uploads\\\/2022\\\/10\\\/Long-Necklaces-2-1.jpg?fit=650%2C325&ssl=1\"},\"articleSection\":\"Arte y cultura\",\"author\":[{\"@type\":\"Person\",\"name\":\"Clarlin Rivera\"}],\"creator\":[\"Clarlin Rivera\"],\"publisher\":{\"@type\":\"Organization\",\"name\":\"Casa de Campo Living\",\"logo\":\"https:\\\/\\\/casadecampoliving.com\\\/wp-content\\\/uploads\\\/2022\\\/07\\\/CDCLivingLogo_V1-white-sized.png\"},\"keywords\":[\"clarlin @es\",\"clarlin rivera @es\",\"moda\",\"tips @es\"],\"dateCreated\":\"2015-12-17T04:00:00Z\",\"datePublished\":\"2015-12-17T04:00:00Z\",\"dateModified\":\"2022-10-21T22:57:44Z\"}<\/script>","tracker_url":"https:\/\/cdn.parsely.com\/keys\/casadecampoliving.com\/p.js"},"jetpack_publicize_connections":[],"jetpack_featured_media_url":"https:\/\/i0.wp.com\/casadecampoliving.com\/wp-content\/uploads\/2022\/10\/Long-Necklaces-2-1.jpg?fit=650%2C325&ssl=1","jetpack-related-posts":[{"id":347656,"url":"https:\/\/casadecampoliving.com\/es\/collar-perfecto\/","url_meta":{"origin":348825,"position":0},"title":"Consejos Brillantes para las Damas de Casa: El collar perfecto","author":"Clarlin Rivera","date":"1 Jul, 2015","format":false,"excerpt":"A todas nos encantan los collares. Tenemos de todos tama\u00f1os y colores y nunca tenemos suficiente.\u00a0Sabemos que con un collar complementamos o completamos un look, pero como saber cual collar es el\u00a0adecuado para tu cuerpo? Para simplificarte la tarea a la hora de escoger o comprar un collar que tenga\u2026","rel":"","context":"En \u00abArte y cultura\u00bb","block_context":{"text":"Arte y cultura","link":"https:\/\/casadecampoliving.com\/category\/arte-y-cultura\/"},"img":{"alt_text":"","src":"https:\/\/i0.wp.com\/casadecampoliving.com\/wp-content\/uploads\/2022\/10\/Sparkling-Tips-The-Perfect-Necklace-1-scaled.jpg?fit=1200%2C699&ssl=1&resize=350%2C200","width":350,"height":200,"srcset":"https:\/\/i0.wp.com\/casadecampoliving.com\/wp-content\/uploads\/2022\/10\/Sparkling-Tips-The-Perfect-Necklace-1-scaled.jpg?fit=1200%2C699&ssl=1&resize=350%2C200 1x, https:\/\/i0.wp.com\/casadecampoliving.com\/wp-content\/uploads\/2022\/10\/Sparkling-Tips-The-Perfect-Necklace-1-scaled.jpg?fit=1200%2C699&ssl=1&resize=525%2C300 1.5x, https:\/\/i0.wp.com\/casadecampoliving.com\/wp-content\/uploads\/2022\/10\/Sparkling-Tips-The-Perfect-Necklace-1-scaled.jpg?fit=1200%2C699&ssl=1&resize=700%2C400 2x, https:\/\/i0.wp.com\/casadecampoliving.com\/wp-content\/uploads\/2022\/10\/Sparkling-Tips-The-Perfect-Necklace-1-scaled.jpg?fit=1200%2C699&ssl=1&resize=1050%2C600 3x"},"classes":[]},{"id":348659,"url":"https:\/\/casadecampoliving.com\/es\/tendencias-joyeria-2016\/","url_meta":{"origin":348825,"position":1},"title":"A la Vista: Tendencias de Joyer\u00eda para 2016","author":"Clarlin Rivera","date":"25 Nov, 2015","format":false,"excerpt":"En el Consejo Brillante anterior les mostr\u00e9 las tendencias y colores en joyer\u00eda para este\u00a0invierno 2015, y en esta ocasi\u00f3n les presentar\u00e9 los collares que ser\u00e1n tendencia para el 2016.\u00a0S\u00ed, quiz\u00e1s me est\u00e9 adelanto a los hechos, pero mis Damas de Casa tienen que lucir siempre\u00a0espectaculares, y eso s\u00f3lo\u00a0se logra\u2026","rel":"","context":"En \u00abArte y cultura\u00bb","block_context":{"text":"Arte y cultura","link":"https:\/\/casadecampoliving.com\/category\/arte-y-cultura\/"},"img":{"alt_text":"Necklaces for 2016","src":"https:\/\/i0.wp.com\/casadecampoliving.com\/wp-content\/uploads\/2022\/10\/Necklaces-for-2016-1.jpg?fit=650%2C400&ssl=1&resize=350%2C200","width":350,"height":200,"srcset":"https:\/\/i0.wp.com\/casadecampoliving.com\/wp-content\/uploads\/2022\/10\/Necklaces-for-2016-1.jpg?fit=650%2C400&ssl=1&resize=350%2C200 1x, https:\/\/i0.wp.com\/casadecampoliving.com\/wp-content\/uploads\/2022\/10\/Necklaces-for-2016-1.jpg?fit=650%2C400&ssl=1&resize=525%2C300 1.5x"},"classes":[]},{"id":347728,"url":"https:\/\/casadecampoliving.com\/es\/consejque-collar-usar-con-cada-escote\/","url_meta":{"origin":348825,"position":2},"title":"Consejos Brillantes para las Damas de Casa: \u00bfQu\u00e9 collar usar con cada escote?","author":"Felix Guerrero","date":"8 Jul, 2015","format":false,"excerpt":"Continuando con el tip de la semana pasada, en el que habl\u00e9 sobre los diferentes tipos y longitudes de collares y sobre c\u00f3mo\u00a0elegir\u00a0El Collar Perfecto\u00a0(el cual deber\u00eda leer antes que este),\u00a0esta semana les ense\u00f1ar\u00e9 a\u00a0elegir un collar de acuerdo a su escote. Estoy segura de que a menudo se preguntan\u00a0(cr\u00e9anme,\u2026","rel":"","context":"En \u00abArte y cultura\u00bb","block_context":{"text":"Arte y cultura","link":"https:\/\/casadecampoliving.com\/category\/arte-y-cultura\/"},"img":{"alt_text":"","src":"https:\/\/i0.wp.com\/casadecampoliving.com\/wp-content\/uploads\/2022\/10\/Different-Necklines1-1.jpg?fit=650%2C379&ssl=1&resize=350%2C200","width":350,"height":200,"srcset":"https:\/\/i0.wp.com\/casadecampoliving.com\/wp-content\/uploads\/2022\/10\/Different-Necklines1-1.jpg?fit=650%2C379&ssl=1&resize=350%2C200 1x, https:\/\/i0.wp.com\/casadecampoliving.com\/wp-content\/uploads\/2022\/10\/Different-Necklines1-1.jpg?fit=650%2C379&ssl=1&resize=525%2C300 1.5x"},"classes":[]},{"id":348793,"url":"https:\/\/casadecampoliving.com\/es\/tendencias-accesorios-2016\/","url_meta":{"origin":348825,"position":3},"title":"Los mejores Accesorios para 2016","author":"Clarlin Rivera","date":"11 Dic, 2015","format":false,"excerpt":"En el\u00a0tip\u00a0anterior me enfoqu\u00e9 especialmente en los\u00a0collares que ser\u00e1n tendencia en el\u00a02016. Pero esta semana haremos un recuento de todas las tendencias de\u00a0accesorios para el a\u00f1o pr\u00f3ximo seg\u00fan lo que he\u00a0podido apreciar\u00a0en las diferentes pasarelas durante todo el a\u00f1o. Diademas Las diademas hicieron su entrada en las pasarelas en\u00a0varias formas,\u2026","rel":"","context":"En \u00abArte y cultura\u00bb","block_context":{"text":"Arte y cultura","link":"https:\/\/casadecampoliving.com\/category\/arte-y-cultura\/"},"img":{"alt_text":"Accessory Trends for 2016","src":"https:\/\/i0.wp.com\/casadecampoliving.com\/wp-content\/uploads\/2022\/10\/Accessory-Trends-for-2016-1.jpg?fit=650%2C400&ssl=1&resize=350%2C200","width":350,"height":200,"srcset":"https:\/\/i0.wp.com\/casadecampoliving.com\/wp-content\/uploads\/2022\/10\/Accessory-Trends-for-2016-1.jpg?fit=650%2C400&ssl=1&resize=350%2C200 1x, https:\/\/i0.wp.com\/casadecampoliving.com\/wp-content\/uploads\/2022\/10\/Accessory-Trends-for-2016-1.jpg?fit=650%2C400&ssl=1&resize=525%2C300 1.5x"},"classes":[]},{"id":348540,"url":"https:\/\/casadecampoliving.com\/es\/joyas-oro-y-plata\/","url_meta":{"origin":348825,"position":4},"title":"Combinar joyas de Oro y Plata","author":"Clarlin Rivera","date":"4 Nov, 2015","format":false,"excerpt":"Llevar joyas de oro y plata al mismo tiempo era una regla que a\u00f1os atr\u00e1s nunca\u00a0hubi\u00e9ramos roto. Pero gracias a la forma en que ha evolucionado el mundo de la moda, llevar\u00a0joyas de\u00a0ambos metales se ha vuelto parte de nuestro diario vivir. Pero, damas, aunque\u00a0rompamos las reglas tenemos \u201creglas\u201d para\u2026","rel":"","context":"En \u00abArte y cultura\u00bb","block_context":{"text":"Arte y cultura","link":"https:\/\/casadecampoliving.com\/category\/arte-y-cultura\/"},"img":{"alt_text":"Gold and Silver Jewelry","src":"https:\/\/i0.wp.com\/casadecampoliving.com\/wp-content\/uploads\/2022\/10\/Gold-and-Silver-Jewelry-1.jpg?fit=650%2C400&ssl=1&resize=350%2C200","width":350,"height":200,"srcset":"https:\/\/i0.wp.com\/casadecampoliving.com\/wp-content\/uploads\/2022\/10\/Gold-and-Silver-Jewelry-1.jpg?fit=650%2C400&ssl=1&resize=350%2C200 1x, https:\/\/i0.wp.com\/casadecampoliving.com\/wp-content\/uploads\/2022\/10\/Gold-and-Silver-Jewelry-1.jpg?fit=650%2C400&ssl=1&resize=525%2C300 1.5x"},"classes":[]},{"id":348370,"url":"https:\/\/casadecampoliving.com\/es\/consejos-brillantes-perlas\/","url_meta":{"origin":348825,"position":5},"title":"Consejos Brillantes para las Damas de Casa: Perlas","author":"Clarlin Rivera","date":"7 Oct, 2015","format":false,"excerpt":"Es un hecho que los diamantes son los mejores amigos de las mujeres (\u00a1y quien diga lo contrario debe ser de otro planeta!), pero si hablamos de las\u00a0perlas es una historia totalmente diferente. Las perlas o \u201cl\u00e1grimas del mar\u201d, como\u00a0son llamadas nost\u00e1lgicamente, son cl\u00e1sicas, atemporales, y tienen una capacidad incre\u00edble\u2026","rel":"","context":"En \u00abArte y cultura\u00bb","block_context":{"text":"Arte y cultura","link":"https:\/\/casadecampoliving.com\/category\/arte-y-cultura\/"},"img":{"alt_text":"Sparkling Tips Pearls","src":"https:\/\/i0.wp.com\/casadecampoliving.com\/wp-content\/uploads\/2022\/10\/Sparkling-Tips-Pearls-1.jpg?fit=650%2C400&ssl=1&resize=350%2C200","width":350,"height":200,"srcset":"https:\/\/i0.wp.com\/casadecampoliving.com\/wp-content\/uploads\/2022\/10\/Sparkling-Tips-Pearls-1.jpg?fit=650%2C400&ssl=1&resize=350%2C200 1x, https:\/\/i0.wp.com\/casadecampoliving.com\/wp-content\/uploads\/2022\/10\/Sparkling-Tips-Pearls-1.jpg?fit=650%2C400&ssl=1&resize=525%2C300 1.5x"},"classes":[]}],"jetpack_sharing_enabled":true,"_links":{"self":[{"href":"https:\/\/casadecampoliving.com\/es\/wp-json\/wp\/v2\/posts\/348825","targetHints":{"allow":["GET"]}}],"collection":[{"href":"https:\/\/casadecampoliving.com\/es\/wp-json\/wp\/v2\/posts"}],"about":[{"href":"https:\/\/casadecampoliving.com\/es\/wp-json\/wp\/v2\/types\/post"}],"author":[{"embeddable":true,"href":"https:\/\/casadecampoliving.com\/es\/wp-json\/wp\/v2\/users\/36673"}],"replies":[{"embeddable":true,"href":"https:\/\/casadecampoliving.com\/es\/wp-json\/wp\/v2\/comments?post=348825"}],"version-history":[{"count":1,"href":"https:\/\/casadecampoliving.com\/es\/wp-json\/wp\/v2\/posts\/348825\/revisions"}],"predecessor-version":[{"id":348826,"href":"https:\/\/casadecampoliving.com\/es\/wp-json\/wp\/v2\/posts\/348825\/revisions\/348826"}],"wp:featuredmedia":[{"embeddable":true,"href":"https:\/\/casadecampoliving.com\/es\/wp-json\/wp\/v2\/media\/307567"}],"wp:attachment":[{"href":"https:\/\/casadecampoliving.com\/es\/wp-json\/wp\/v2\/media?parent=348825"}],"wp:term":[{"taxonomy":"category","embeddable":true,"href":"https:\/\/casadecampoliving.com\/es\/wp-json\/wp\/v2\/categories?post=348825"},{"taxonomy":"post_tag","embeddable":true,"href":"https:\/\/casadecampoliving.com\/es\/wp-json\/wp\/v2\/tags?post=348825"},{"taxonomy":"newspack_spnsrs_tax","embeddable":true,"href":"https:\/\/casadecampoliving.com\/es\/wp-json\/wp\/v2\/newspack_spnsrs_tax?post=348825"}],"curies":[{"name":"wp","href":"https:\/\/api.w.org\/{rel}","templated":true}]}}