{"id":348807,"date":"2015-12-12T00:00:00","date_gmt":"2015-12-12T04:00:00","guid":{"rendered":"https:\/\/casadecampoliving.com\/exposicion-artistica-y-cientifica-por-el-dia-mundial-del-sida\/"},"modified":"2022-10-21T18:57:03","modified_gmt":"2022-10-21T22:57:03","slug":"exposicion-artistica-y-cientifica-por-el-dia-mundial-del-sida","status":"publish","type":"post","link":"https:\/\/casadecampoliving.com\/es\/exposicion-artistica-y-cientifica-por-el-dia-mundial-del-sida\/","title":{"rendered":"Exposici\u00f3n Art\u00edstica y Cient\u00edfica por el D\u00eda Mundial del SIDA"},"content":{"rendered":"<div class=\"wp-block-image\">\n<figure class=\"aligncenter is-resized\"><img loading=\"lazy\" decoding=\"async\" src=\"https:\/\/i0.wp.com\/casadecampoliving.com\/wp-content\/uploads\/2022\/10\/Hogar-del-Nino-Dia-Mundial-del-SIDA.jpg?resize=650%2C400&amp;ssl=1\" alt=\"Hogar del Ni\u00f1o D\u00eda Mundial del SIDA\" class=\"wp-image-115541\" height=\"400\" width=\"650\"\/><\/figure>\n<\/div>\n\n\n<p id=\"E72\"><span id=\"E83\">El pasado <\/span><span id=\"E84\">martes<\/span><span id=\"E85\">, <\/span><span id=\"E86\">1ro<\/span><span id=\"E87\">&nbsp;de <\/span><span id=\"E88\">dici<\/span><span id=\"E89\">embre<\/span><span id=\"E90\">, con motivo del D\u00eda Mundial <\/span><span id=\"E91\">d<\/span><span id=\"E92\">el SIDA, <\/span><span id=\"E93\">l<\/span><span id=\"E94\">a Cl\u00ednica de Familia La Romana junto con el M<\/span><span id=\"E95\">\u00f3<\/span><span id=\"E96\">dulo Anexo Materno Infantil (MAMI)<\/span><span id=\"E97\"> organizaron<\/span><span id=\"E98\"> <\/span><span id=\"E99\">por tercer a\u00f1o consecutivo su tradicional<\/span><span id=\"E100\">&nbsp;Muestra <\/span><span id=\"E101\">Cient\u00edfica<\/span><span id=\"E102\"> <\/span><span id=\"E103\">y Art\u00edstica&nbsp;<\/span><span id=\"E110\">en el Sal\u00f3n Parroquial de la Iglesia Sagrado Coraz<\/span><span id=\"E111\">\u00f3n de Jes\u00fas<\/span><span id=\"E112\"> <\/span><span id=\"E113\">en<\/span><span id=\"E114\"> <\/span><span id=\"E115\">La Romana<\/span><span id=\"E116\"> y cont\u00f3<\/span><span id=\"E117\">&nbsp;<\/span><span id=\"E118\">con la colaboraci\u00f3n de la <\/span><span id=\"E119\">Direcci\u00f3n Provincial de Salud de La Romana<\/span><span id=\"E120\"> y el Ministerio de Educaci\u00f3n<\/span><span id=\"E121\">.<\/span><\/p>\n\n\n\n<p><\/p>\n\n\n\n<!--more-->\n\n\n\n<p><span id=\"E125\">Con el prop\u00f3<\/span><span id=\"E126\">sito <\/span><span id=\"E127\">de <\/span><span id=\"E128\">educar e involucrar a la juventud en el conocimiento y prevenci\u00f3n del VIH<\/span><span id=\"E129\"> y del SIDA<\/span><span id=\"E130\">,<\/span><span id=\"E131\"> los organizadores de <\/span><span id=\"E132\">esta hermosa actividad<\/span><span id=\"E133\"> <\/span><span id=\"E134\">enfocaron <\/span><span id=\"E135\">la participaci\u00f3n <\/span><span id=\"E136\">en<\/span><span id=\"E137\"> <\/span><span id=\"E138\">los j\u00f3venes del nivel medio de<\/span><span id=\"E139\"> <\/span><span id=\"E140\">los centros educativos de<\/span><span id=\"E141\"> <\/span><span id=\"E142\">La Romana<\/span><span id=\"E143\">.<\/span><span id=\"E144\"> <\/span><\/p>\n\n\n<div class=\"wp-block-image\">\n<figure class=\"aligncenter is-resized\"><img loading=\"lazy\" decoding=\"async\" src=\"https:\/\/i0.wp.com\/casadecampoliving.com\/wp-content\/uploads\/2022\/10\/Dia-Mundal-del-SIDA.jpg?resize=650%2C400&amp;ssl=1\" alt=\"D\u00eda Mundal del SIDA\" class=\"wp-image-115543\" height=\"400\" width=\"650\"\/><\/figure>\n<\/div>\n\n\n<p id=\"E146\"><span id=\"E147\">El evento comenz\u00f3 en la ma\u00f1ana, con una <\/span><span id=\"E148\">Muestra Cient\u00edfica <\/span><span id=\"E149\">y<\/span><span id=\"E150\">&nbsp;varias&nbsp;<\/span><span id=\"E151\">e<\/span><span id=\"E152\">xposic<\/span><span id=\"E153\">iones<\/span><span id=\"E154\"> <\/span><span id=\"E155\">sobre <\/span><span id=\"E156\">el <\/span><span id=\"E157\">VIH y <\/span><span id=\"E158\">el <\/span><span id=\"E159\">SIDA<\/span><span id=\"E160\">,<\/span><span id=\"E161\"> <\/span><span id=\"E162\">por parte de<\/span><span id=\"E163\"> <\/span><span id=\"E164\">los estudiantes del<\/span><span id=\"E165\">&nbsp;Hogar del Ni\u00f1o, Colegio <\/span><span id=\"E166\">B\u00edblico<\/span><span id=\"E167\"> Cristiano, Eugenio <\/span><span id=\"E168\">Mar\u00eda<\/span><span id=\"E169\"> de Host<\/span><span id=\"E170\">os, Colegio Mi Hogar Cristiano y el Colegio <\/span><span id=\"E171\">Evang\u00e9lico<\/span><span id=\"E172\"> Shalom<\/span><span id=\"E173\">.<\/span><span id=\"E174\"> <\/span><span id=\"E175\">Luego<\/span><span id=\"E182\">,<\/span><span id=\"E183\"> la<\/span><span id=\"E184\"> Dra<\/span><span id=\"E185\">.<\/span><span id=\"E186\"> Rosanna Matic, de la Cl<\/span><span id=\"E187\">\u00ed<\/span><span id=\"E188\">nica de Familia<\/span><span id=\"E189\">,<\/span><span id=\"E190\"> moder\u00f3<\/span><span id=\"E191\"> <\/span><span id=\"E192\">un conversatorio&nbsp;<\/span><span id=\"E195\">con apoyo visual de v\u00eddeos y fotograf\u00edas<\/span><span id=\"E196\">,<\/span><span id=\"E197\"> <\/span><span id=\"E198\">complement<\/span><span id=\"E199\">ando as\u00ed<\/span><span id=\"E200\"> los temas ya expuestos <\/span><span id=\"E201\">y<\/span><span id=\"E202\"> <\/span><span id=\"E203\">aclarando las <\/span><span id=\"E204\">dudas<\/span><span id=\"E205\"> de los estudiantes<\/span><span id=\"E206\">.<\/span><\/p>\n\n\n\n<p><span id=\"E206\">La muestra culmin\u00f3 con<\/span><span id=\"E207\"> <\/span><span id=\"E208\">la participaci\u00f3n de los j\u00f3venes multiplicadores<\/span><span id=\"E209\"> del MAMI<\/span><span id=\"E210\"> del Batey Guerrero<\/span><span id=\"E211\">,<\/span><span id=\"E212\"> quienes hicieron<\/span><span id=\"E213\"> uso <\/span><span id=\"E214\">de la t\u00e9cnica <\/span><span id=\"E215\">del<\/span><span id=\"E216\"> teatro foro, <\/span><span id=\"E217\">para<\/span><span id=\"E218\"> <\/span><span id=\"E219\">concientizar a los estudiantes y <\/span><span id=\"E220\">eliminar la discriminaci\u00f3n en contra de personas con VIH<\/span><span id=\"E221\">. <\/span><\/p>\n\n\n\n<p id=\"E223\"><span id=\"E224\">Se conform\u00f3 un jurado<\/span><span id=\"E225\">, <\/span><span id=\"E226\">compuesto por la Dra. Jael Silfa, Directora del Hospital Dr. Francisco A. Gonzalvo, Dr. Mart\u00edn Polanco, M\u00e9dico Internista y el Dr. Leonel Lerebours, Director de Investigaciones, ambos representantes de la Cl\u00ednica de Familia La Romana y la Lic. Luz Messina Hidalgo, Directora del MAMI,<\/span><span id=\"E230\">&nbsp;<\/span><span id=\"E231\">para escuchar<\/span><span id=\"E232\"> las diferentes exposiciones de la muestra cient\u00edfica <\/span><span id=\"E233\">y<\/span><span id=\"E234\"> premiar a las tres<\/span><span id=\"E235\">&nbsp;mejores escuelas. L<\/span><span id=\"E236\">as galardonadas con trofeos<\/span><span id=\"E237\"> y medallas<\/span><span id=\"E238\"> <\/span><span id=\"E239\">en la categor\u00eda cient\u00edfica <\/span><span id=\"E240\">fueron: Colegio Evang\u00e9lico Shalom (1er lugar), Colegio B\u00edblico Cristiano (2ndo lugar) y Escuela Hogar del Ni\u00f1o (3er lugar).<\/span><\/p>\n\n\n\n<p id=\"E244\"><span id=\"E245\">En la tarde<\/span><span id=\"E246\">,<\/span><span id=\"E247\"> <\/span><span id=\"E248\">Mina Halpern<\/span><span id=\"E249\"> Lozada<\/span><span id=\"E250\">, Directora Ejecutiva de la Cl\u00ednica de Familia La Romana, di<\/span><span id=\"E251\">o<\/span><span id=\"E252\"> paso a<\/span><span id=\"E253\"> la <\/span><span id=\"E254\">Muestra Art\u00edstica con unas palabras de bienvenida<\/span><span id=\"E255\"> y agradecimiento<\/span><span id=\"E256\">,<\/span><span id=\"E257\"> a la vez que resalt\u00f3<\/span><span id=\"E258\"> el excelente trabajo que realizaron <\/span><span id=\"E259\">los j\u00f3venes de las escuelas participantes.<\/span><span id=\"E260\"> Acto seguido,<\/span><span id=\"E261\"> <\/span><span id=\"E262\">los<\/span><span id=\"E263\">&nbsp;maestros de ceremonia&nbsp;<\/span><span id=\"E273\">d<\/span><span id=\"E274\">ieron<\/span><span id=\"E275\"> inicio a las <\/span><span id=\"E276\">dramatizaciones por parte de los colegios<\/span><span id=\"E277\">.<\/span><span id=\"E278\"> <\/span><span id=\"E279\">E<\/span><span id=\"E280\">n esta <\/span><span id=\"E281\">categor\u00eda<\/span><span id=\"E282\"> participaron estudiantes de la Escuela Milagros N\u00fa\u00f1ez, Colegio Evang\u00e9lico Shalom, Liceo Heriberto Payan y el Colegio Eugenio Mar\u00eda de Hostos<\/span><span id=\"E283\">. <\/span><\/p>\n\n\n<div class=\"wp-block-image\">\n<figure class=\"aligncenter is-resized\"><img loading=\"lazy\" decoding=\"async\" src=\"https:\/\/i0.wp.com\/casadecampoliving.com\/wp-content\/uploads\/2022\/10\/Ninos-exposicion-Dia-Mundial-del-SIDA.jpg?resize=650%2C400&amp;ssl=1\" alt=\"Ni\u00f1os exposici\u00f3n D\u00eda Mundial del SIDA\" class=\"wp-image-115544\" height=\"400\" width=\"650\"\/><\/figure>\n<\/div>\n\n\n<p id=\"E285\"><span id=\"E286\">El<\/span><span id=\"E287\"> jurado<\/span><span id=\"E288\"> de la tarde estuvo <\/span><span id=\"E289\">compuesto por Luz Messina y Honey Mej\u00eda del<\/span><span id=\"E290\"> <\/span><span id=\"E291\">MAMI<\/span><span id=\"E292\"> <\/span><span id=\"E293\">y el Sr. Ricardo Bello,<\/span><span id=\"E294\"> <\/span><span id=\"E295\">principal<\/span><span id=\"E296\"> <\/span><span id=\"E297\">propulsor <\/span><span id=\"E298\">del proyecto \u201cR<\/span><span id=\"E299\">\u00ed<\/span><span id=\"E300\">o Salao, Misi<\/span><span id=\"E301\">\u00f3<\/span><span id=\"E302\">n Posible\u201d<\/span><span id=\"E304\">. Las escuelas <\/span><span id=\"E305\">premiadas fueron<\/span><span id=\"E306\">: Escuela Eugenio <\/span><span id=\"E307\">Mar\u00eda<\/span><span id=\"E308\"> de Hostos (1er lugar), Escuela Heriberto Payan (2ndo lugar) y el Colegio Ev<\/span><span id=\"E309\">ang\u00e9lico Shalom (3er lugar). <\/span><span id=\"E310\">Todos <\/span><span id=\"E311\">los centros educativos, tanto de la Muestra Cient\u00edfica como de la Muestra A<\/span><span id=\"E312\">rt\u00edstica, recibieron su certificado de participaci\u00f3n. <\/span><\/p>\n\n\n\n<p id=\"E315\"><span id=\"E316\">El \u00e9xito de la Tercera Muestra <\/span><span id=\"E317\">Cient\u00edfica y Art\u00ed<\/span><span id=\"E318\">stica<\/span><span id=\"E319\"> fue posible<\/span><span id=\"E322\">&nbsp;gracias <\/span><span id=\"E323\">a la participaci\u00f3n<\/span><span id=\"E324\"> de las escuelas y colegios que<\/span><span id=\"E325\"> <\/span><span id=\"E326\">estuvieron presentes<\/span><span id=\"E327\">&nbsp;y<\/span><span id=\"E329\">&nbsp;<\/span><span id=\"E330\">a<\/span><span id=\"E331\">l incondicional <\/span><span id=\"E332\">apoyo<\/span><span id=\"E333\"> de instituciones como la Direcci\u00f3n Provincial de&nbsp;<\/span>Salud, <span id=\"E335\">Agua El Ed\u00e9n&nbsp;<\/span><span id=\"E336\">y <\/span><span id=\"E337\">Almacenes Iberia<\/span><span id=\"E340\">.<\/span><span id=\"E341\"><\/span><\/p>\n","protected":false},"excerpt":{"rendered":"<p>El pasado martes, 1ro&nbsp;de diciembre, con motivo del D\u00eda Mundial del SIDA, la Cl\u00ednica de Familia La Romana junto con el M\u00f3dulo Anexo Materno Infantil (MAMI) organizaron por tercer a\u00f1o consecutivo su tradicional&nbsp;Muestra Cient\u00edfica y Art\u00edstica&nbsp;en el Sal\u00f3n Parroquial de la Iglesia Sagrado Coraz\u00f3n de Jes\u00fas en La Romana y cont\u00f3&nbsp;con la colaboraci\u00f3n de la [&hellip;]<\/p>\n","protected":false},"author":34707,"featured_media":307035,"comment_status":"closed","ping_status":"closed","sticky":false,"template":"","format":"standard","meta":{"newspack_ads_suppress_ads":false,"newspack_popups_has_disabled_popups":false,"newspack_sponsor_sponsorship_scope":"","newspack_sponsor_native_byline_display":"inherit","newspack_sponsor_native_category_display":"inherit","newspack_sponsor_underwriter_style":"inherit","newspack_sponsor_underwriter_placement":"inherit","_newspack_byline_active":false,"_newspack_byline":"","newspack_hide_updated_date":false,"newspack_show_updated_date":false,"newspack_content_restriction_is_exempt":false,"newspack_featured_image_position":"","newspack_post_subtitle":"","newspack_article_summary_title":"Overview:","newspack_article_summary":"","_jetpack_memberships_contains_paid_content":false,"footnotes":"","jetpack_publicize_message":"","jetpack_publicize_feature_enabled":true,"jetpack_social_post_already_shared":false,"jetpack_social_options":{"image_generator_settings":{"template":"highway","default_image_id":0,"font":"","enabled":false},"version":2},"_wpas_customize_per_network":false},"categories":[26823,2524,14631,2514,2516,2507,2506,14625,2521],"tags":[5886,14876,14542,6706,5887],"newspack_spnsrs_tax":[],"class_list":["post-348807","post","type-post","status-publish","format-standard","has-post-thumbnail","hentry","category-arte-y-cultura","category-destacados","category-estilo-de-vida","category-fundaciones-es","category-hogar-del-nino-es","category-la-romana-es","category-mas-alla-de-casa-es","category-noticias-locales","category-republica-dominicana-2","tag-dia-mundial-del-sida","tag-hogar-del-nino-es","tag-la-romana-es","tag-mami","tag-sida","entry"],"yoast_head":"<!-- This site is optimized with the Yoast SEO plugin v27.5 - https:\/\/yoast.com\/product\/yoast-seo-wordpress\/ -->\n<title>Exposici\u00f3n Art\u00edstica y Cient\u00edfica por el D\u00eda Mundial del SIDA | Casa de Campo Living<\/title>\n<meta name=\"description\" content=\"El pasado martes, 1ro&nbsp;de diciembre, con motivo del D\u00eda Mundial del SIDA, la Cl\u00ednica de Familia La Romana junto con el M\u00f3dulo Anexo Materno Infantil\" \/>\n<meta name=\"robots\" content=\"index, follow, max-snippet:-1, max-image-preview:large, max-video-preview:-1\" \/>\n<link rel=\"canonical\" href=\"https:\/\/casadecampoliving.com\/es\/exposicion-artistica-y-cientifica-por-el-dia-mundial-del-sida\/\" \/>\n<meta property=\"og:locale\" content=\"es_ES\" \/>\n<meta property=\"og:type\" content=\"article\" \/>\n<meta property=\"og:title\" content=\"Exposici\u00f3n Art\u00edstica y Cient\u00edfica por el D\u00eda Mundial del SIDA | Casa de Campo Living\" \/>\n<meta property=\"og:description\" content=\"El pasado martes, 1ro&nbsp;de diciembre, con motivo del D\u00eda Mundial del SIDA, la Cl\u00ednica de Familia La Romana junto con el M\u00f3dulo Anexo Materno Infantil\" \/>\n<meta property=\"og:url\" content=\"https:\/\/casadecampoliving.com\/es\/exposicion-artistica-y-cientifica-por-el-dia-mundial-del-sida\/\" \/>\n<meta property=\"og:site_name\" content=\"Casa de Campo Living\" \/>\n<meta property=\"article:publisher\" content=\"https:\/\/www.facebook.com\/casadecampoliving\" \/>\n<meta property=\"article:published_time\" content=\"2015-12-12T04:00:00+00:00\" \/>\n<meta property=\"article:modified_time\" content=\"2022-10-21T22:57:03+00:00\" \/>\n<meta property=\"og:image\" content=\"https:\/\/i0.wp.com\/casadecampoliving.com\/wp-content\/uploads\/2022\/10\/Hogar-del-Nino-Dia-Mundial-del-SIDA-1.jpg?fit=650%2C400&ssl=1\" \/>\n\t<meta property=\"og:image:width\" content=\"650\" \/>\n\t<meta property=\"og:image:height\" content=\"400\" \/>\n\t<meta property=\"og:image:type\" content=\"image\/jpeg\" \/>\n<meta name=\"author\" content=\"Felix Guerrero\" \/>\n<meta name=\"twitter:card\" content=\"summary_large_image\" \/>\n<meta name=\"twitter:creator\" content=\"@cdcliving\" \/>\n<meta name=\"twitter:site\" content=\"@cdcliving\" \/>\n<meta name=\"twitter:label1\" content=\"Escrito por\" \/>\n\t<meta name=\"twitter:data1\" content=\"Felix Guerrero\" \/>\n\t<meta name=\"twitter:label2\" content=\"Tiempo de lectura\" \/>\n\t<meta name=\"twitter:data2\" content=\"3 minutos\" \/>\n<script type=\"application\/ld+json\" class=\"yoast-schema-graph\">{\"@context\":\"https:\\\/\\\/schema.org\",\"@graph\":[{\"@type\":\"Article\",\"@id\":\"https:\\\/\\\/casadecampoliving.com\\\/es\\\/exposicion-artistica-y-cientifica-por-el-dia-mundial-del-sida\\\/#article\",\"isPartOf\":{\"@id\":\"https:\\\/\\\/casadecampoliving.com\\\/es\\\/exposicion-artistica-y-cientifica-por-el-dia-mundial-del-sida\\\/\"},\"author\":{\"name\":\"Felix Guerrero\",\"@id\":\"https:\\\/\\\/casadecampoliving.com\\\/es\\\/#\\\/schema\\\/person\\\/0d45cfc6e376a2f15ac9a92421bd4451\"},\"headline\":\"Exposici\u00f3n Art\u00edstica y Cient\u00edfica por el D\u00eda Mundial del SIDA\",\"datePublished\":\"2015-12-12T04:00:00+00:00\",\"dateModified\":\"2022-10-21T22:57:03+00:00\",\"mainEntityOfPage\":{\"@id\":\"https:\\\/\\\/casadecampoliving.com\\\/es\\\/exposicion-artistica-y-cientifica-por-el-dia-mundial-del-sida\\\/\"},\"wordCount\":618,\"publisher\":{\"@id\":\"https:\\\/\\\/casadecampoliving.com\\\/es\\\/#organization\"},\"image\":{\"@id\":\"https:\\\/\\\/casadecampoliving.com\\\/es\\\/exposicion-artistica-y-cientifica-por-el-dia-mundial-del-sida\\\/#primaryimage\"},\"thumbnailUrl\":\"https:\\\/\\\/i0.wp.com\\\/casadecampoliving.com\\\/wp-content\\\/uploads\\\/2022\\\/10\\\/Hogar-del-Nino-Dia-Mundial-del-SIDA-1.jpg?fit=650%2C400&ssl=1\",\"keywords\":[\"dia mundial del sida\",\"hogar del nino\",\"La Romana @es\",\"MAMI\",\"sida\"],\"articleSection\":[\"Arte y cultura\",\"Destacados\",\"Estilo de Vida\",\"Fundaciones\",\"Hogar del Ni\u00f1o @es\",\"La Romana @es\",\"M\u00e1s all\u00e1 de Casa\",\"Noticias Locales\",\"Rep\u00fablica Dominicana @es\"],\"inLanguage\":\"es\"},{\"@type\":\"WebPage\",\"@id\":\"https:\\\/\\\/casadecampoliving.com\\\/es\\\/exposicion-artistica-y-cientifica-por-el-dia-mundial-del-sida\\\/\",\"url\":\"https:\\\/\\\/casadecampoliving.com\\\/es\\\/exposicion-artistica-y-cientifica-por-el-dia-mundial-del-sida\\\/\",\"name\":\"Exposici\u00f3n Art\u00edstica y Cient\u00edfica por el D\u00eda Mundial del SIDA | Casa de Campo Living\",\"isPartOf\":{\"@id\":\"https:\\\/\\\/casadecampoliving.com\\\/es\\\/#website\"},\"primaryImageOfPage\":{\"@id\":\"https:\\\/\\\/casadecampoliving.com\\\/es\\\/exposicion-artistica-y-cientifica-por-el-dia-mundial-del-sida\\\/#primaryimage\"},\"image\":{\"@id\":\"https:\\\/\\\/casadecampoliving.com\\\/es\\\/exposicion-artistica-y-cientifica-por-el-dia-mundial-del-sida\\\/#primaryimage\"},\"thumbnailUrl\":\"https:\\\/\\\/i0.wp.com\\\/casadecampoliving.com\\\/wp-content\\\/uploads\\\/2022\\\/10\\\/Hogar-del-Nino-Dia-Mundial-del-SIDA-1.jpg?fit=650%2C400&ssl=1\",\"datePublished\":\"2015-12-12T04:00:00+00:00\",\"dateModified\":\"2022-10-21T22:57:03+00:00\",\"description\":\"El pasado martes, 1ro&nbsp;de diciembre, con motivo del D\u00eda Mundial del SIDA, la Cl\u00ednica de Familia La Romana junto con el M\u00f3dulo Anexo Materno Infantil\",\"breadcrumb\":{\"@id\":\"https:\\\/\\\/casadecampoliving.com\\\/es\\\/exposicion-artistica-y-cientifica-por-el-dia-mundial-del-sida\\\/#breadcrumb\"},\"inLanguage\":\"es\",\"potentialAction\":[{\"@type\":\"ReadAction\",\"target\":[\"https:\\\/\\\/casadecampoliving.com\\\/es\\\/exposicion-artistica-y-cientifica-por-el-dia-mundial-del-sida\\\/\"]}]},{\"@type\":\"ImageObject\",\"inLanguage\":\"es\",\"@id\":\"https:\\\/\\\/casadecampoliving.com\\\/es\\\/exposicion-artistica-y-cientifica-por-el-dia-mundial-del-sida\\\/#primaryimage\",\"url\":\"https:\\\/\\\/i0.wp.com\\\/casadecampoliving.com\\\/wp-content\\\/uploads\\\/2022\\\/10\\\/Hogar-del-Nino-Dia-Mundial-del-SIDA-1.jpg?fit=650%2C400&ssl=1\",\"contentUrl\":\"https:\\\/\\\/i0.wp.com\\\/casadecampoliving.com\\\/wp-content\\\/uploads\\\/2022\\\/10\\\/Hogar-del-Nino-Dia-Mundial-del-SIDA-1.jpg?fit=650%2C400&ssl=1\",\"width\":650,\"height\":400,\"caption\":\"Hogar del Ni\u00f1o D\u00eda Mundial del SIDA\"},{\"@type\":\"BreadcrumbList\",\"@id\":\"https:\\\/\\\/casadecampoliving.com\\\/es\\\/exposicion-artistica-y-cientifica-por-el-dia-mundial-del-sida\\\/#breadcrumb\",\"itemListElement\":[{\"@type\":\"ListItem\",\"position\":1,\"name\":\"Home\",\"item\":\"https:\\\/\\\/casadecampoliving.com\\\/es\\\/\"},{\"@type\":\"ListItem\",\"position\":2,\"name\":\"Exposici\u00f3n Art\u00edstica y Cient\u00edfica por el D\u00eda Mundial del SIDA\"}]},{\"@type\":\"WebSite\",\"@id\":\"https:\\\/\\\/casadecampoliving.com\\\/es\\\/#website\",\"url\":\"https:\\\/\\\/casadecampoliving.com\\\/es\\\/\",\"name\":\"Casa de Campo Living\",\"description\":\"Resort community news and resources.\",\"publisher\":{\"@id\":\"https:\\\/\\\/casadecampoliving.com\\\/es\\\/#organization\"},\"potentialAction\":[{\"@type\":\"SearchAction\",\"target\":{\"@type\":\"EntryPoint\",\"urlTemplate\":\"https:\\\/\\\/casadecampoliving.com\\\/es\\\/?s={search_term_string}\"},\"query-input\":{\"@type\":\"PropertyValueSpecification\",\"valueRequired\":true,\"valueName\":\"search_term_string\"}}],\"inLanguage\":\"es\"},{\"@type\":\"Organization\",\"@id\":\"https:\\\/\\\/casadecampoliving.com\\\/es\\\/#organization\",\"name\":\"Casa de Campo Living\",\"url\":\"https:\\\/\\\/casadecampoliving.com\\\/es\\\/\",\"logo\":{\"@type\":\"ImageObject\",\"inLanguage\":\"es\",\"@id\":\"https:\\\/\\\/casadecampoliving.com\\\/es\\\/#\\\/schema\\\/logo\\\/image\\\/\",\"url\":\"https:\\\/\\\/i0.wp.com\\\/casadecampoliving.com\\\/wp-content\\\/uploads\\\/2022\\\/07\\\/CDCLivingLogo_V1-white-sized.png?fit=800%2C214&ssl=1\",\"contentUrl\":\"https:\\\/\\\/i0.wp.com\\\/casadecampoliving.com\\\/wp-content\\\/uploads\\\/2022\\\/07\\\/CDCLivingLogo_V1-white-sized.png?fit=800%2C214&ssl=1\",\"width\":800,\"height\":214,\"caption\":\"Casa de Campo Living\"},\"image\":{\"@id\":\"https:\\\/\\\/casadecampoliving.com\\\/es\\\/#\\\/schema\\\/logo\\\/image\\\/\"},\"sameAs\":[\"https:\\\/\\\/www.facebook.com\\\/casadecampoliving\",\"https:\\\/\\\/x.com\\\/cdcliving\"]},{\"@type\":\"Person\",\"@id\":\"https:\\\/\\\/casadecampoliving.com\\\/es\\\/#\\\/schema\\\/person\\\/0d45cfc6e376a2f15ac9a92421bd4451\",\"name\":\"Felix Guerrero\",\"image\":{\"@type\":\"ImageObject\",\"inLanguage\":\"es\",\"@id\":\"https:\\\/\\\/secure.gravatar.com\\\/avatar\\\/14a8050b9491854cab6ae2240dcb42ad0fad787b7fa453ad0991fd1262157df3?s=96&d=mm&r=g\",\"url\":\"https:\\\/\\\/secure.gravatar.com\\\/avatar\\\/14a8050b9491854cab6ae2240dcb42ad0fad787b7fa453ad0991fd1262157df3?s=96&d=mm&r=g\",\"contentUrl\":\"https:\\\/\\\/secure.gravatar.com\\\/avatar\\\/14a8050b9491854cab6ae2240dcb42ad0fad787b7fa453ad0991fd1262157df3?s=96&d=mm&r=g\",\"caption\":\"Felix Guerrero\"},\"url\":\"https:\\\/\\\/casadecampoliving.com\\\/es\\\/author\\\/fguerrero\\\/\"}]}<\/script>\n<!-- \/ Yoast SEO plugin. -->","yoast_head_json":{"title":"Exposici\u00f3n Art\u00edstica y Cient\u00edfica por el D\u00eda Mundial del SIDA | Casa de Campo Living","description":"El pasado martes, 1ro&nbsp;de diciembre, con motivo del D\u00eda Mundial del SIDA, la Cl\u00ednica de Familia La Romana junto con el M\u00f3dulo Anexo Materno Infantil","robots":{"index":"index","follow":"follow","max-snippet":"max-snippet:-1","max-image-preview":"max-image-preview:large","max-video-preview":"max-video-preview:-1"},"canonical":"https:\/\/casadecampoliving.com\/es\/exposicion-artistica-y-cientifica-por-el-dia-mundial-del-sida\/","og_locale":"es_ES","og_type":"article","og_title":"Exposici\u00f3n Art\u00edstica y Cient\u00edfica por el D\u00eda Mundial del SIDA | Casa de Campo Living","og_description":"El pasado martes, 1ro&nbsp;de diciembre, con motivo del D\u00eda Mundial del SIDA, la Cl\u00ednica de Familia La Romana junto con el M\u00f3dulo Anexo Materno Infantil","og_url":"https:\/\/casadecampoliving.com\/es\/exposicion-artistica-y-cientifica-por-el-dia-mundial-del-sida\/","og_site_name":"Casa de Campo Living","article_publisher":"https:\/\/www.facebook.com\/casadecampoliving","article_published_time":"2015-12-12T04:00:00+00:00","article_modified_time":"2022-10-21T22:57:03+00:00","og_image":[{"width":650,"height":400,"url":"https:\/\/i0.wp.com\/casadecampoliving.com\/wp-content\/uploads\/2022\/10\/Hogar-del-Nino-Dia-Mundial-del-SIDA-1.jpg?fit=650%2C400&ssl=1","type":"image\/jpeg"}],"author":"Felix Guerrero","twitter_card":"summary_large_image","twitter_creator":"@cdcliving","twitter_site":"@cdcliving","twitter_misc":{"Escrito por":"Felix Guerrero","Tiempo de lectura":"3 minutos"},"schema":{"@context":"https:\/\/schema.org","@graph":[{"@type":"Article","@id":"https:\/\/casadecampoliving.com\/es\/exposicion-artistica-y-cientifica-por-el-dia-mundial-del-sida\/#article","isPartOf":{"@id":"https:\/\/casadecampoliving.com\/es\/exposicion-artistica-y-cientifica-por-el-dia-mundial-del-sida\/"},"author":{"name":"Felix Guerrero","@id":"https:\/\/casadecampoliving.com\/es\/#\/schema\/person\/0d45cfc6e376a2f15ac9a92421bd4451"},"headline":"Exposici\u00f3n Art\u00edstica y Cient\u00edfica por el D\u00eda Mundial del SIDA","datePublished":"2015-12-12T04:00:00+00:00","dateModified":"2022-10-21T22:57:03+00:00","mainEntityOfPage":{"@id":"https:\/\/casadecampoliving.com\/es\/exposicion-artistica-y-cientifica-por-el-dia-mundial-del-sida\/"},"wordCount":618,"publisher":{"@id":"https:\/\/casadecampoliving.com\/es\/#organization"},"image":{"@id":"https:\/\/casadecampoliving.com\/es\/exposicion-artistica-y-cientifica-por-el-dia-mundial-del-sida\/#primaryimage"},"thumbnailUrl":"https:\/\/i0.wp.com\/casadecampoliving.com\/wp-content\/uploads\/2022\/10\/Hogar-del-Nino-Dia-Mundial-del-SIDA-1.jpg?fit=650%2C400&ssl=1","keywords":["dia mundial del sida","hogar del nino","La Romana @es","MAMI","sida"],"articleSection":["Arte y cultura","Destacados","Estilo de Vida","Fundaciones","Hogar del Ni\u00f1o @es","La Romana @es","M\u00e1s all\u00e1 de Casa","Noticias Locales","Rep\u00fablica Dominicana @es"],"inLanguage":"es"},{"@type":"WebPage","@id":"https:\/\/casadecampoliving.com\/es\/exposicion-artistica-y-cientifica-por-el-dia-mundial-del-sida\/","url":"https:\/\/casadecampoliving.com\/es\/exposicion-artistica-y-cientifica-por-el-dia-mundial-del-sida\/","name":"Exposici\u00f3n Art\u00edstica y Cient\u00edfica por el D\u00eda Mundial del SIDA | Casa de Campo Living","isPartOf":{"@id":"https:\/\/casadecampoliving.com\/es\/#website"},"primaryImageOfPage":{"@id":"https:\/\/casadecampoliving.com\/es\/exposicion-artistica-y-cientifica-por-el-dia-mundial-del-sida\/#primaryimage"},"image":{"@id":"https:\/\/casadecampoliving.com\/es\/exposicion-artistica-y-cientifica-por-el-dia-mundial-del-sida\/#primaryimage"},"thumbnailUrl":"https:\/\/i0.wp.com\/casadecampoliving.com\/wp-content\/uploads\/2022\/10\/Hogar-del-Nino-Dia-Mundial-del-SIDA-1.jpg?fit=650%2C400&ssl=1","datePublished":"2015-12-12T04:00:00+00:00","dateModified":"2022-10-21T22:57:03+00:00","description":"El pasado martes, 1ro&nbsp;de diciembre, con motivo del D\u00eda Mundial del SIDA, la Cl\u00ednica de Familia La Romana junto con el M\u00f3dulo Anexo Materno Infantil","breadcrumb":{"@id":"https:\/\/casadecampoliving.com\/es\/exposicion-artistica-y-cientifica-por-el-dia-mundial-del-sida\/#breadcrumb"},"inLanguage":"es","potentialAction":[{"@type":"ReadAction","target":["https:\/\/casadecampoliving.com\/es\/exposicion-artistica-y-cientifica-por-el-dia-mundial-del-sida\/"]}]},{"@type":"ImageObject","inLanguage":"es","@id":"https:\/\/casadecampoliving.com\/es\/exposicion-artistica-y-cientifica-por-el-dia-mundial-del-sida\/#primaryimage","url":"https:\/\/i0.wp.com\/casadecampoliving.com\/wp-content\/uploads\/2022\/10\/Hogar-del-Nino-Dia-Mundial-del-SIDA-1.jpg?fit=650%2C400&ssl=1","contentUrl":"https:\/\/i0.wp.com\/casadecampoliving.com\/wp-content\/uploads\/2022\/10\/Hogar-del-Nino-Dia-Mundial-del-SIDA-1.jpg?fit=650%2C400&ssl=1","width":650,"height":400,"caption":"Hogar del Ni\u00f1o D\u00eda Mundial del SIDA"},{"@type":"BreadcrumbList","@id":"https:\/\/casadecampoliving.com\/es\/exposicion-artistica-y-cientifica-por-el-dia-mundial-del-sida\/#breadcrumb","itemListElement":[{"@type":"ListItem","position":1,"name":"Home","item":"https:\/\/casadecampoliving.com\/es\/"},{"@type":"ListItem","position":2,"name":"Exposici\u00f3n Art\u00edstica y Cient\u00edfica por el D\u00eda Mundial del SIDA"}]},{"@type":"WebSite","@id":"https:\/\/casadecampoliving.com\/es\/#website","url":"https:\/\/casadecampoliving.com\/es\/","name":"Casa de Campo Living","description":"Resort community news and resources.","publisher":{"@id":"https:\/\/casadecampoliving.com\/es\/#organization"},"potentialAction":[{"@type":"SearchAction","target":{"@type":"EntryPoint","urlTemplate":"https:\/\/casadecampoliving.com\/es\/?s={search_term_string}"},"query-input":{"@type":"PropertyValueSpecification","valueRequired":true,"valueName":"search_term_string"}}],"inLanguage":"es"},{"@type":"Organization","@id":"https:\/\/casadecampoliving.com\/es\/#organization","name":"Casa de Campo Living","url":"https:\/\/casadecampoliving.com\/es\/","logo":{"@type":"ImageObject","inLanguage":"es","@id":"https:\/\/casadecampoliving.com\/es\/#\/schema\/logo\/image\/","url":"https:\/\/i0.wp.com\/casadecampoliving.com\/wp-content\/uploads\/2022\/07\/CDCLivingLogo_V1-white-sized.png?fit=800%2C214&ssl=1","contentUrl":"https:\/\/i0.wp.com\/casadecampoliving.com\/wp-content\/uploads\/2022\/07\/CDCLivingLogo_V1-white-sized.png?fit=800%2C214&ssl=1","width":800,"height":214,"caption":"Casa de Campo Living"},"image":{"@id":"https:\/\/casadecampoliving.com\/es\/#\/schema\/logo\/image\/"},"sameAs":["https:\/\/www.facebook.com\/casadecampoliving","https:\/\/x.com\/cdcliving"]},{"@type":"Person","@id":"https:\/\/casadecampoliving.com\/es\/#\/schema\/person\/0d45cfc6e376a2f15ac9a92421bd4451","name":"Felix Guerrero","image":{"@type":"ImageObject","inLanguage":"es","@id":"https:\/\/secure.gravatar.com\/avatar\/14a8050b9491854cab6ae2240dcb42ad0fad787b7fa453ad0991fd1262157df3?s=96&d=mm&r=g","url":"https:\/\/secure.gravatar.com\/avatar\/14a8050b9491854cab6ae2240dcb42ad0fad787b7fa453ad0991fd1262157df3?s=96&d=mm&r=g","contentUrl":"https:\/\/secure.gravatar.com\/avatar\/14a8050b9491854cab6ae2240dcb42ad0fad787b7fa453ad0991fd1262157df3?s=96&d=mm&r=g","caption":"Felix Guerrero"},"url":"https:\/\/casadecampoliving.com\/es\/author\/fguerrero\/"}]}},"parsely":{"version":"1.1.0","canonical_url":"https:\/\/casadecampoliving.com\/es\/exposicion-artistica-y-cientifica-por-el-dia-mundial-del-sida\/","smart_links":{"inbound":0,"outbound":0},"traffic_boost_suggestions_count":0,"meta":{"@context":"https:\/\/schema.org","@type":"NewsArticle","headline":"Exposici\u00f3n Art\u00edstica y Cient\u00edfica por el D\u00eda Mundial del SIDA","url":"http:\/\/casadecampoliving.com\/es\/exposicion-artistica-y-cientifica-por-el-dia-mundial-del-sida\/","mainEntityOfPage":{"@type":"WebPage","@id":"http:\/\/casadecampoliving.com\/es\/exposicion-artistica-y-cientifica-por-el-dia-mundial-del-sida\/"},"thumbnailUrl":"https:\/\/i0.wp.com\/casadecampoliving.com\/wp-content\/uploads\/2022\/10\/Hogar-del-Nino-Dia-Mundial-del-SIDA-1.jpg?resize=150%2C150&ssl=1","image":{"@type":"ImageObject","url":"https:\/\/i0.wp.com\/casadecampoliving.com\/wp-content\/uploads\/2022\/10\/Hogar-del-Nino-Dia-Mundial-del-SIDA-1.jpg?fit=650%2C400&ssl=1"},"articleSection":"Arte y cultura","author":[{"@type":"Person","name":"Felix Guerrero"}],"creator":["Felix Guerrero"],"publisher":{"@type":"Organization","name":"Casa de Campo Living","logo":"https:\/\/casadecampoliving.com\/wp-content\/uploads\/2022\/07\/CDCLivingLogo_V1-white-sized.png"},"keywords":["dia mundial del sida","hogar del nino","la romana @es","mami","sida"],"dateCreated":"2015-12-12T04:00:00Z","datePublished":"2015-12-12T04:00:00Z","dateModified":"2022-10-21T22:57:03Z"},"rendered":"<script type=\"application\/ld+json\" class=\"wp-parsely-metadata\">{\"@context\":\"https:\\\/\\\/schema.org\",\"@type\":\"NewsArticle\",\"headline\":\"Exposici\\u00f3n Art\\u00edstica y Cient\\u00edfica por el D\\u00eda Mundial del SIDA\",\"url\":\"http:\\\/\\\/casadecampoliving.com\\\/es\\\/exposicion-artistica-y-cientifica-por-el-dia-mundial-del-sida\\\/\",\"mainEntityOfPage\":{\"@type\":\"WebPage\",\"@id\":\"http:\\\/\\\/casadecampoliving.com\\\/es\\\/exposicion-artistica-y-cientifica-por-el-dia-mundial-del-sida\\\/\"},\"thumbnailUrl\":\"https:\\\/\\\/i0.wp.com\\\/casadecampoliving.com\\\/wp-content\\\/uploads\\\/2022\\\/10\\\/Hogar-del-Nino-Dia-Mundial-del-SIDA-1.jpg?resize=150%2C150&ssl=1\",\"image\":{\"@type\":\"ImageObject\",\"url\":\"https:\\\/\\\/i0.wp.com\\\/casadecampoliving.com\\\/wp-content\\\/uploads\\\/2022\\\/10\\\/Hogar-del-Nino-Dia-Mundial-del-SIDA-1.jpg?fit=650%2C400&ssl=1\"},\"articleSection\":\"Arte y cultura\",\"author\":[{\"@type\":\"Person\",\"name\":\"Felix Guerrero\"}],\"creator\":[\"Felix Guerrero\"],\"publisher\":{\"@type\":\"Organization\",\"name\":\"Casa de Campo Living\",\"logo\":\"https:\\\/\\\/casadecampoliving.com\\\/wp-content\\\/uploads\\\/2022\\\/07\\\/CDCLivingLogo_V1-white-sized.png\"},\"keywords\":[\"dia mundial del sida\",\"hogar del nino\",\"la romana @es\",\"mami\",\"sida\"],\"dateCreated\":\"2015-12-12T04:00:00Z\",\"datePublished\":\"2015-12-12T04:00:00Z\",\"dateModified\":\"2022-10-21T22:57:03Z\"}<\/script>","tracker_url":"https:\/\/cdn.parsely.com\/keys\/casadecampoliving.com\/p.js"},"jetpack_publicize_connections":[],"jetpack_featured_media_url":"https:\/\/i0.wp.com\/casadecampoliving.com\/wp-content\/uploads\/2022\/10\/Hogar-del-Nino-Dia-Mundial-del-SIDA-1.jpg?fit=650%2C400&ssl=1","jetpack-related-posts":[{"id":353051,"url":"https:\/\/casadecampoliving.com\/es\/charla-de-multiplicadores-de-la-escuela-hogar-del-nino-en-conmemoracion-del-dia-mundial-del-sida\/","url_meta":{"origin":348807,"position":0},"title":"Charla de Multiplicadores de la Escuela Hogar del Ni\u00f1o en Conmemoraci\u00f3n del D\u00eda Mundial del SIDA","author":"Casa de Campo Living","date":"12 Dic, 2018","format":false,"excerpt":"El M\u00f3dulo Anexo Materno Infantil (MAMI) realiza durante el a\u00f1o escolar charlas sobre educaci\u00f3n sexual y reproductiva en escuelas y liceos de La Romana, as\u00ed como bateyes cercanos, las cuales abarcan temas sobre prevenci\u00f3n de embarazos en adolescentes, planificaci\u00f3n familiar, prevenci\u00f3n de infecciones de transmisi\u00f3n sexual, entre otras, con el\u2026","rel":"","context":"En \u00abLa Romana @es\u00bb","block_context":{"text":"La Romana @es","link":"https:\/\/casadecampoliving.com\/es\/category\/mas-alla-de-casa-es\/la-romana-es\/"},"img":{"alt_text":"","src":"https:\/\/i0.wp.com\/casadecampoliving.com\/wp-content\/uploads\/2018\/12\/DSC_0311-2-2.jpg?resize=350%2C200&ssl=1","width":350,"height":200,"srcset":"https:\/\/i0.wp.com\/casadecampoliving.com\/wp-content\/uploads\/2018\/12\/DSC_0311-2-2.jpg?resize=350%2C200&ssl=1 1x, https:\/\/i0.wp.com\/casadecampoliving.com\/wp-content\/uploads\/2018\/12\/DSC_0311-2-2.jpg?resize=525%2C300&ssl=1 1.5x, https:\/\/i0.wp.com\/casadecampoliving.com\/wp-content\/uploads\/2018\/12\/DSC_0311-2-2.jpg?resize=700%2C400&ssl=1 2x"},"classes":[]},{"id":346174,"url":"https:\/\/casadecampoliving.com\/es\/muestra-cientifica-y-artistica-dia-mundial-del-sida-en-la-aldea-cultural-santa-rosa-de-lima\/","url_meta":{"origin":348807,"position":1},"title":"Muestra Cientifica y Art\u00edstica D\u00eda Mundial del SIDA en la Aldea Cultural Santa Rosa de Lima","author":"Daniela Medina","date":"13 Dic, 2014","format":false,"excerpt":"Para iniciar el mes con eventos que promueven la solidaridad en nuestra comunidad, el pasado lunes 1 de diciembre con motivo del D\u00eda Mundial de SIDA, se realiz\u00f3 la primera Muestra Cient\u00edfica y Art\u00edstica. Dicha actividad tuvo lugar en la Aldea Cultural Santa Rosa de Lima, antigua Fortaleza Santa Rosa\u2026","rel":"","context":"En \u00abEstilo de Vida\u00bb","block_context":{"text":"Estilo de Vida","link":"https:\/\/casadecampoliving.com\/es\/category\/estilo-de-vida\/"},"img":{"alt_text":"","src":"https:\/\/i0.wp.com\/casadecampoliving.com\/wp-content\/uploads\/2022\/10\/DSC_0355-1-scaled.jpg?fit=1200%2C797&ssl=1&resize=350%2C200","width":350,"height":200,"srcset":"https:\/\/i0.wp.com\/casadecampoliving.com\/wp-content\/uploads\/2022\/10\/DSC_0355-1-scaled.jpg?fit=1200%2C797&ssl=1&resize=350%2C200 1x, https:\/\/i0.wp.com\/casadecampoliving.com\/wp-content\/uploads\/2022\/10\/DSC_0355-1-scaled.jpg?fit=1200%2C797&ssl=1&resize=525%2C300 1.5x, https:\/\/i0.wp.com\/casadecampoliving.com\/wp-content\/uploads\/2022\/10\/DSC_0355-1-scaled.jpg?fit=1200%2C797&ssl=1&resize=700%2C400 2x, https:\/\/i0.wp.com\/casadecampoliving.com\/wp-content\/uploads\/2022\/10\/DSC_0355-1-scaled.jpg?fit=1200%2C797&ssl=1&resize=1050%2C600 3x"},"classes":[]},{"id":326803,"url":"https:\/\/casadecampoliving.com\/scientific-and-artistic-exhibitions-for-world-aids-day\/","url_meta":{"origin":348807,"position":2},"title":"Scientific and Artistic Exhibitions for World AIDS Day","author":"Felix Guerrero","date":"12 Dic, 2015","format":false,"excerpt":"Last Tuesday, December 1st, on the occasion of World AIDS Day, the Cl\u00ednica de Familia La Romana along with the M\u00f3dulo Anexo Materno Infantil (Annex Module Mother and Child) (MAMI) celebrated for its 3rd consecutive year the organization\u2019s traditional scientific and artistic exhibition. It was held in the Parish Hall\u2026","rel":"","context":"En \u00abArt and Culture\u00bb","block_context":{"text":"Art and Culture","link":"https:\/\/casadecampoliving.com\/category\/art-and-culture\/"},"img":{"alt_text":"Hogar del Ni\u00f1o D\u00eda Mundial del SIDA","src":"https:\/\/i0.wp.com\/casadecampoliving.com\/wp-content\/uploads\/2022\/10\/Hogar-del-Nino-Dia-Mundial-del-SIDA-1.jpg?fit=650%2C400&ssl=1&resize=350%2C200","width":350,"height":200,"srcset":"https:\/\/i0.wp.com\/casadecampoliving.com\/wp-content\/uploads\/2022\/10\/Hogar-del-Nino-Dia-Mundial-del-SIDA-1.jpg?fit=650%2C400&ssl=1&resize=350%2C200 1x, https:\/\/i0.wp.com\/casadecampoliving.com\/wp-content\/uploads\/2022\/10\/Hogar-del-Nino-Dia-Mundial-del-SIDA-1.jpg?fit=650%2C400&ssl=1&resize=525%2C300 1.5x"},"classes":[]},{"id":352324,"url":"https:\/\/casadecampoliving.com\/es\/quinta-muestra-cientifica-dia-mundial-del-sida-por-clinica-de-familia\/","url_meta":{"origin":348807,"position":3},"title":"Quinta Muestra Cient\u00edfica D\u00eda Mundial del SIDA organizado por Cl\u00ednica de Familia","author":"Casa de Campo Living","date":"26 Dic, 2017","format":false,"excerpt":"El 30 de noviembre, se realiz\u00f3 nuestra tradicional quinta Muestra Cient\u00edfica con motivo del D\u00eda Mundial de la Lucha contra el SIDA. La misma tuvo lugar en el Sal\u00f3n Multiuso de Polit\u00e9cnico Calasanz San Eduardo, con la participaci\u00f3n de nueve grupos expositores y m\u00e1s de 200 estudiantes de este polit\u00e9cnico.\u2026","rel":"","context":"En \u00abLa Romana @es\u00bb","block_context":{"text":"La Romana @es","link":"https:\/\/casadecampoliving.com\/es\/category\/mas-alla-de-casa-es\/la-romana-es\/"},"img":{"alt_text":"","src":"https:\/\/i0.wp.com\/casadecampoliving.com\/wp-content\/uploads\/2022\/10\/IMGP0205.jpg?fit=1000%2C667&ssl=1&resize=350%2C200","width":350,"height":200,"srcset":"https:\/\/i0.wp.com\/casadecampoliving.com\/wp-content\/uploads\/2022\/10\/IMGP0205.jpg?fit=1000%2C667&ssl=1&resize=350%2C200 1x, https:\/\/i0.wp.com\/casadecampoliving.com\/wp-content\/uploads\/2022\/10\/IMGP0205.jpg?fit=1000%2C667&ssl=1&resize=525%2C300 1.5x, https:\/\/i0.wp.com\/casadecampoliving.com\/wp-content\/uploads\/2022\/10\/IMGP0205.jpg?fit=1000%2C667&ssl=1&resize=700%2C400 2x"},"classes":[]},{"id":340532,"url":"https:\/\/casadecampoliving.com\/es\/dia-mundial-del-sida-que-depara-el-futuro-por-jorien-breur\/","url_meta":{"origin":348807,"position":4},"title":"Dia Mundial del SIDA: \u00bfQu\u00e9 depara el futuro? por Jorien Breur","author":"","date":"28 Ene, 2013","format":false,"excerpt":"El primero de diciembre de 2012, Jorien Breur, una estudiante de cuarto a\u00f1o de Medicina de la universidad Albert Einstein College en el Bronx, NY, y quien en la actualidad se encuentra laborando en la Cl\u00ednica de Familia en La Romana, particip\u00f3 en un evento de concienciaci\u00f3n como parte de\u2026","rel":"","context":"En \u00abEstilo de Vida\u00bb","block_context":{"text":"Estilo de Vida","link":"https:\/\/casadecampoliving.com\/es\/category\/estilo-de-vida\/"},"img":{"alt_text":"world aids day","src":"https:\/\/i0.wp.com\/casadecampoliving.com\/wp-content\/uploads\/2022\/10\/world_aids_day-1.jpg?fit=650%2C427&ssl=1&resize=350%2C200","width":350,"height":200,"srcset":"https:\/\/i0.wp.com\/casadecampoliving.com\/wp-content\/uploads\/2022\/10\/world_aids_day-1.jpg?fit=650%2C427&ssl=1&resize=350%2C200 1x, https:\/\/i0.wp.com\/casadecampoliving.com\/wp-content\/uploads\/2022\/10\/world_aids_day-1.jpg?fit=650%2C427&ssl=1&resize=525%2C300 1.5x"},"classes":[]},{"id":433460,"url":"https:\/\/casadecampoliving.com\/es\/no-se-pierdan-el-increible-tributo-a-frank-sinatra-para-celebrar-el-40-aniversario-del-anfiteatro-altos-de-chavon\/","url_meta":{"origin":348807,"position":5},"title":"No se pierdan el incre\u00edble tributo a Frank Sinatra para celebrar el 40 aniversario del\u00a0Anfiteatro Altos de Chav\u00f3n","author":"Casa de Campo Living","date":"20 Oct, 2022","format":false,"excerpt":"Siendo uno de los escenarios m\u00e1s emblem\u00e1ticos del pa\u00eds, Casa de Campo Resort\u00ae & Villas celebra las cuatro d\u00e9cadas de aniversario de Altos de Chav\u00f3n con un tributo al gran Frank Sinatra, protagonizado por artistas invitados y una big band tal cual la que acompa\u00f1\u00f3 al artista hace 40 a\u00f1os\u2026","rel":"","context":"En \u00abUncategorized @es\u00bb","block_context":{"text":"Uncategorized @es","link":"https:\/\/casadecampoliving.com\/es\/category\/uncategorized-es\/"},"img":{"alt_text":"","src":"https:\/\/i0.wp.com\/casadecampoliving.com\/wp-content\/uploads\/2022\/10\/Tributo-Frank-Sinatra-Foto-Principal-Amaury-Sanchez-Danilo-Ginebra-Andres-Pichardo-y-Jose-Gabriel-Perez-.jpg?fit=1200%2C873&ssl=1&resize=350%2C200","width":350,"height":200,"srcset":"https:\/\/i0.wp.com\/casadecampoliving.com\/wp-content\/uploads\/2022\/10\/Tributo-Frank-Sinatra-Foto-Principal-Amaury-Sanchez-Danilo-Ginebra-Andres-Pichardo-y-Jose-Gabriel-Perez-.jpg?fit=1200%2C873&ssl=1&resize=350%2C200 1x, https:\/\/i0.wp.com\/casadecampoliving.com\/wp-content\/uploads\/2022\/10\/Tributo-Frank-Sinatra-Foto-Principal-Amaury-Sanchez-Danilo-Ginebra-Andres-Pichardo-y-Jose-Gabriel-Perez-.jpg?fit=1200%2C873&ssl=1&resize=525%2C300 1.5x, https:\/\/i0.wp.com\/casadecampoliving.com\/wp-content\/uploads\/2022\/10\/Tributo-Frank-Sinatra-Foto-Principal-Amaury-Sanchez-Danilo-Ginebra-Andres-Pichardo-y-Jose-Gabriel-Perez-.jpg?fit=1200%2C873&ssl=1&resize=700%2C400 2x, https:\/\/i0.wp.com\/casadecampoliving.com\/wp-content\/uploads\/2022\/10\/Tributo-Frank-Sinatra-Foto-Principal-Amaury-Sanchez-Danilo-Ginebra-Andres-Pichardo-y-Jose-Gabriel-Perez-.jpg?fit=1200%2C873&ssl=1&resize=1050%2C600 3x"},"classes":[]}],"jetpack_sharing_enabled":true,"_links":{"self":[{"href":"https:\/\/casadecampoliving.com\/es\/wp-json\/wp\/v2\/posts\/348807","targetHints":{"allow":["GET"]}}],"collection":[{"href":"https:\/\/casadecampoliving.com\/es\/wp-json\/wp\/v2\/posts"}],"about":[{"href":"https:\/\/casadecampoliving.com\/es\/wp-json\/wp\/v2\/types\/post"}],"author":[{"embeddable":true,"href":"https:\/\/casadecampoliving.com\/es\/wp-json\/wp\/v2\/users\/34707"}],"replies":[{"embeddable":true,"href":"https:\/\/casadecampoliving.com\/es\/wp-json\/wp\/v2\/comments?post=348807"}],"version-history":[{"count":1,"href":"https:\/\/casadecampoliving.com\/es\/wp-json\/wp\/v2\/posts\/348807\/revisions"}],"predecessor-version":[{"id":348808,"href":"https:\/\/casadecampoliving.com\/es\/wp-json\/wp\/v2\/posts\/348807\/revisions\/348808"}],"wp:featuredmedia":[{"embeddable":true,"href":"https:\/\/casadecampoliving.com\/es\/wp-json\/wp\/v2\/media\/307035"}],"wp:attachment":[{"href":"https:\/\/casadecampoliving.com\/es\/wp-json\/wp\/v2\/media?parent=348807"}],"wp:term":[{"taxonomy":"category","embeddable":true,"href":"https:\/\/casadecampoliving.com\/es\/wp-json\/wp\/v2\/categories?post=348807"},{"taxonomy":"post_tag","embeddable":true,"href":"https:\/\/casadecampoliving.com\/es\/wp-json\/wp\/v2\/tags?post=348807"},{"taxonomy":"newspack_spnsrs_tax","embeddable":true,"href":"https:\/\/casadecampoliving.com\/es\/wp-json\/wp\/v2\/newspack_spnsrs_tax?post=348807"}],"curies":[{"name":"wp","href":"https:\/\/api.w.org\/{rel}","templated":true}]}}