{"id":348803,"date":"2015-12-13T00:00:00","date_gmt":"2015-12-13T04:00:00","guid":{"rendered":"https:\/\/casadecampoliving.com\/el-cascanueces-por-la-escuela-nacional-de-danza\/"},"modified":"2022-11-10T10:41:42","modified_gmt":"2022-11-10T14:41:42","slug":"el-cascanueces-por-la-escuela-nacional-de-danza","status":"publish","type":"post","link":"https:\/\/casadecampoliving.com\/es\/el-cascanueces-por-la-escuela-nacional-de-danza\/","title":{"rendered":"El Cascanueces por la Escuela Nacional de Danza"},"content":{"rendered":"<span style=\"font-weight: 400;\"><img data-recalc-dims=\"1\" loading=\"lazy\" decoding=\"async\" class=\"aligncenter wp-image-115542\" src=\"https:\/\/i0.wp.com\/casadecampoliving.com\/wp-content\/uploads\/2022\/10\/2015-12-11-3-1024x616-2.jpg?resize=650%2C391&#038;ssl=1\" alt=\"2015-12-11 (3)\" width=\"650\" height=\"391\" \/>Muy pronto disfrutaremos de una noche encantadora con \u00abENDANZA\u00bb, la Escuela Nacional de Danza Dominicana. Venga este 18 de diciembre a las 8pm al Anfiteatro Altos de Chav\u00f3n, el equipo de ballet nos deleitar\u00e1 con una escena de El Cascanueces, junto con la danza contempor\u00e1nea y folkl\u00f3rica.<\/span>\n\n<!--more-->\n\nLa historia del Cascanueces es una llena de fiestas, peleas, maravillas y sue\u00f1os, as\u00ed como amor y a\u00f1oranza en una temporada navide\u00f1a. Estamos ansiosos de\u00a0ver si ENDANZA estar\u00e1 peleando contra el feroz rey rat\u00f3n, o bailando con el Hada de Az\u00facar en la Tierra de los dulces. En cualquiera de los casos, estamos encantados de ser testigos de su talento impecable y variedad de danza cl\u00e1sica, contempor\u00e1nea y folkl\u00f3rica. La presentaci\u00f3n es patrocinado por el Ministerio de Turismo de Rep\u00fablica Dominicana.\n\nEntre las presentaciones\u00a0art\u00edstica\u00a0esta temporada navide\u00f1a, Casa de Campo tambi\u00e9n tendr\u00e1 villancicos por el Coro de Madrigalistas el 24 de diciembre de 9pm-10pm antes de comenzar la misa cat\u00f3lica en la Iglesia St. Stanislaus. Con sus hermosas voces, sentiremos la magia de la v\u00edspera de Navidad.\n\nSi los villancicos son su inter\u00e9s, ya que son siempre divertidos para reunirse con amigos y familiares y cantar juntos, venga al anfiteatro el 16 de diciembre a las 6:30pm y\u00a0\u00fanase\u00a0a la comunidad de Casa de\u00a0Campo, en un ambiente festivo de Navidad Latina, en una noche en que los miembros visitan a sus vecinos de Altos de Chav\u00f3n y comparten la alegr\u00eda del a\u00f1o. Esperamos verlos a todos en estos espl\u00e9ndidos eventos.\n\n<img data-recalc-dims=\"1\" loading=\"lazy\" decoding=\"async\" class=\"aligncenter wp-image-115545\" src=\"https:\/\/i0.wp.com\/casadecampoliving.com\/wp-content\/uploads\/2022\/10\/i-ntRmxDx-L.jpg?resize=650%2C434&#038;ssl=1\" alt=\"i-ntRmxDx-L\" width=\"650\" height=\"434\" \/>Haga clic aqu\u00ed para echar un vistazo al 30 aniversario de celebraciones en el anfiteatro de Altos de Chav\u00f3n, donde la <a href=\"https:\/\/casadecampoliving.com\/es\/una-celebracion-cultural-la-ceremonia-del-alumbrado-del-arbol-de-navidad-y-cascanueces-en-el-anfiteatro-altos-de-chavon\/\" target=\"_blank\" rel=\"noopener\">Escuela Nacional de Danza Dominicana present\u00f3 Cascanueces en 2011.<\/a>\n\nVea aqu\u00ed los eventos navide\u00f1os\u00a0de Casa de Campo:\u00a0<strong>\n<figure class=\"wp-block-gallery has-nested-images columns-default is-cropped wp-block-gallery-1 is-layout-flex wp-block-gallery-is-layout-flex\">\n<figure class=\"wp-block-image size-large\"><img data-recalc-dims=\"1\" loading=\"lazy\" decoding=\"async\" width=\"937\" height=\"1687\" data-id=\"414519\" src=\"https:\/\/i0.wp.com\/casadecampoliving.com\/wp-content\/uploads\/2022\/10\/2015-12-11-1.jpg?resize=937%2C1687&#038;ssl=1\" alt=\"\" class=\"wp-image-414519\" srcset=\"https:\/\/i0.wp.com\/casadecampoliving.com\/wp-content\/uploads\/2022\/10\/2015-12-11-1.jpg?w=937&amp;ssl=1 937w, https:\/\/i0.wp.com\/casadecampoliving.com\/wp-content\/uploads\/2022\/10\/2015-12-11-1.jpg?resize=167%2C300&amp;ssl=1 167w, https:\/\/i0.wp.com\/casadecampoliving.com\/wp-content\/uploads\/2022\/10\/2015-12-11-1.jpg?resize=569%2C1024&amp;ssl=1 569w, https:\/\/i0.wp.com\/casadecampoliving.com\/wp-content\/uploads\/2022\/10\/2015-12-11-1.jpg?resize=768%2C1383&amp;ssl=1 768w, https:\/\/i0.wp.com\/casadecampoliving.com\/wp-content\/uploads\/2022\/10\/2015-12-11-1.jpg?resize=853%2C1536&amp;ssl=1 853w, https:\/\/i0.wp.com\/casadecampoliving.com\/wp-content\/uploads\/2022\/10\/2015-12-11-1.jpg?resize=400%2C720&amp;ssl=1 400w, https:\/\/i0.wp.com\/casadecampoliving.com\/wp-content\/uploads\/2022\/10\/2015-12-11-1.jpg?resize=706%2C1271&amp;ssl=1 706w, https:\/\/i0.wp.com\/casadecampoliving.com\/wp-content\/uploads\/2022\/10\/2015-12-11-1.jpg?resize=150%2C270&amp;ssl=1 150w, https:\/\/i0.wp.com\/casadecampoliving.com\/wp-content\/uploads\/2022\/10\/2015-12-11-1.jpg?w=370&amp;ssl=1 370w\" sizes=\"auto, (max-width: 937px) 100vw, 937px\" \/><\/figure>\n\n\n\n<figure class=\"wp-block-image size-large\"><img data-recalc-dims=\"1\" loading=\"lazy\" decoding=\"async\" width=\"937\" height=\"1687\" data-id=\"414551\" src=\"https:\/\/i0.wp.com\/casadecampoliving.com\/wp-content\/uploads\/2022\/10\/2015-12-11-2.jpg?resize=937%2C1687&#038;ssl=1\" alt=\"\" class=\"wp-image-414551\" srcset=\"https:\/\/i0.wp.com\/casadecampoliving.com\/wp-content\/uploads\/2022\/10\/2015-12-11-2.jpg?w=937&amp;ssl=1 937w, https:\/\/i0.wp.com\/casadecampoliving.com\/wp-content\/uploads\/2022\/10\/2015-12-11-2.jpg?resize=167%2C300&amp;ssl=1 167w, https:\/\/i0.wp.com\/casadecampoliving.com\/wp-content\/uploads\/2022\/10\/2015-12-11-2.jpg?resize=569%2C1024&amp;ssl=1 569w, https:\/\/i0.wp.com\/casadecampoliving.com\/wp-content\/uploads\/2022\/10\/2015-12-11-2.jpg?resize=768%2C1383&amp;ssl=1 768w, https:\/\/i0.wp.com\/casadecampoliving.com\/wp-content\/uploads\/2022\/10\/2015-12-11-2.jpg?resize=853%2C1536&amp;ssl=1 853w, https:\/\/i0.wp.com\/casadecampoliving.com\/wp-content\/uploads\/2022\/10\/2015-12-11-2.jpg?resize=400%2C720&amp;ssl=1 400w, https:\/\/i0.wp.com\/casadecampoliving.com\/wp-content\/uploads\/2022\/10\/2015-12-11-2.jpg?resize=706%2C1271&amp;ssl=1 706w, https:\/\/i0.wp.com\/casadecampoliving.com\/wp-content\/uploads\/2022\/10\/2015-12-11-2.jpg?resize=150%2C270&amp;ssl=1 150w, https:\/\/i0.wp.com\/casadecampoliving.com\/wp-content\/uploads\/2022\/10\/2015-12-11-2.jpg?w=370&amp;ssl=1 370w\" sizes=\"auto, (max-width: 937px) 100vw, 937px\" \/><\/figure>\n\n\n\n<figure class=\"wp-block-image size-large\"><img data-recalc-dims=\"1\" loading=\"lazy\" decoding=\"async\" width=\"937\" height=\"1687\" data-id=\"414580\" src=\"https:\/\/i0.wp.com\/casadecampoliving.com\/wp-content\/uploads\/2022\/10\/2015-12-11.jpg?resize=937%2C1687&#038;ssl=1\" alt=\"\" class=\"wp-image-414580\" srcset=\"https:\/\/i0.wp.com\/casadecampoliving.com\/wp-content\/uploads\/2022\/10\/2015-12-11.jpg?w=937&amp;ssl=1 937w, https:\/\/i0.wp.com\/casadecampoliving.com\/wp-content\/uploads\/2022\/10\/2015-12-11.jpg?resize=167%2C300&amp;ssl=1 167w, https:\/\/i0.wp.com\/casadecampoliving.com\/wp-content\/uploads\/2022\/10\/2015-12-11.jpg?resize=569%2C1024&amp;ssl=1 569w, https:\/\/i0.wp.com\/casadecampoliving.com\/wp-content\/uploads\/2022\/10\/2015-12-11.jpg?resize=768%2C1383&amp;ssl=1 768w, https:\/\/i0.wp.com\/casadecampoliving.com\/wp-content\/uploads\/2022\/10\/2015-12-11.jpg?resize=853%2C1536&amp;ssl=1 853w, https:\/\/i0.wp.com\/casadecampoliving.com\/wp-content\/uploads\/2022\/10\/2015-12-11.jpg?resize=400%2C720&amp;ssl=1 400w, https:\/\/i0.wp.com\/casadecampoliving.com\/wp-content\/uploads\/2022\/10\/2015-12-11.jpg?resize=706%2C1271&amp;ssl=1 706w, https:\/\/i0.wp.com\/casadecampoliving.com\/wp-content\/uploads\/2022\/10\/2015-12-11.jpg?resize=150%2C270&amp;ssl=1 150w, https:\/\/i0.wp.com\/casadecampoliving.com\/wp-content\/uploads\/2022\/10\/2015-12-11.jpg?w=370&amp;ssl=1 370w\" sizes=\"auto, (max-width: 937px) 100vw, 937px\" \/><\/figure>\n<\/figure>\n<\/strong>","protected":false},"excerpt":{"rendered":"<p>Muy pronto disfrutaremos de una noche encantadora con \u00abENDANZA\u00bb, la Escuela Nacional de Danza Dominicana. Venga este 18 de diciembre a las 8pm al Anfiteatro Altos de Chav\u00f3n, el equipo de ballet nos deleitar\u00e1 con una escena de El Cascanueces, junto con la danza contempor\u00e1nea y folkl\u00f3rica.<\/p>\n","protected":false},"author":1097,"featured_media":307076,"comment_status":"closed","ping_status":"closed","sticky":false,"template":"","format":"standard","meta":{"newspack_ads_suppress_ads":false,"newspack_popups_has_disabled_popups":false,"newspack_sponsor_sponsorship_scope":"","newspack_sponsor_native_byline_display":"inherit","newspack_sponsor_native_category_display":"inherit","newspack_sponsor_underwriter_style":"inherit","newspack_sponsor_underwriter_placement":"inherit","_newspack_byline_active":false,"_newspack_byline":"","newspack_hide_updated_date":false,"newspack_show_updated_date":false,"newspack_content_restriction_is_exempt":false,"newspack_featured_image_position":"","newspack_post_subtitle":"","newspack_article_summary_title":"Overview:","newspack_article_summary":"","_jetpack_memberships_contains_paid_content":false,"footnotes":"","jetpack_publicize_message":"","jetpack_publicize_feature_enabled":true,"jetpack_social_post_already_shared":false,"jetpack_social_options":{"image_generator_settings":{"template":"highway","default_image_id":0,"font":"","enabled":false},"version":2},"_wpas_customize_per_network":false},"categories":[26936,26951,2521,2522,2526,14631,14625,26822,2498,14627],"tags":[23815,24387,6371,13746,13747],"newspack_spnsrs_tax":[],"class_list":["post-348803","post","type-post","status-publish","format-standard","has-post-thumbnail","hentry","category-casa-de-campo-living-es","category-ccl-presenta","category-republica-dominicana-2","category-eventos-es","category-titulares-es","category-estilo-de-vida","category-noticias-locales","category-resort-casa-de-campo","category-uncategorized-es","category-proximamente","tag-casa-de-campo-es-17","tag-casa-de-campo-living-es","tag-casa-de-campo-resort-es","tag-el-cascanueces","tag-villancicos","entry"],"yoast_head":"<!-- This site is optimized with the Yoast SEO plugin v27.5 - https:\/\/yoast.com\/product\/yoast-seo-wordpress\/ -->\n<title>El Cascanueces por la Escuela Nacional de Danza | Casa de Campo Living<\/title>\n<meta name=\"description\" content=\"Muy pronto disfrutaremos de una noche encantadora con &quot;ENDANZA&quot;, la Escuela Nacional de Danza Dominicana. Venga este 18 de diciembre a las 8pm al\" \/>\n<meta name=\"robots\" content=\"index, follow, max-snippet:-1, max-image-preview:large, max-video-preview:-1\" \/>\n<link rel=\"canonical\" href=\"https:\/\/casadecampoliving.com\/es\/el-cascanueces-por-la-escuela-nacional-de-danza\/\" \/>\n<meta property=\"og:locale\" content=\"es_ES\" \/>\n<meta property=\"og:type\" content=\"article\" \/>\n<meta property=\"og:title\" content=\"El Cascanueces por la Escuela Nacional de Danza | Casa de Campo Living\" \/>\n<meta property=\"og:description\" content=\"Muy pronto disfrutaremos de una noche encantadora con &quot;ENDANZA&quot;, la Escuela Nacional de Danza Dominicana. Venga este 18 de diciembre a las 8pm al\" \/>\n<meta property=\"og:url\" content=\"https:\/\/casadecampoliving.com\/es\/el-cascanueces-por-la-escuela-nacional-de-danza\/\" \/>\n<meta property=\"og:site_name\" content=\"Casa de Campo Living\" \/>\n<meta property=\"article:publisher\" content=\"https:\/\/www.facebook.com\/casadecampoliving\" \/>\n<meta property=\"article:published_time\" content=\"2015-12-13T04:00:00+00:00\" \/>\n<meta property=\"article:modified_time\" content=\"2022-11-10T14:41:42+00:00\" \/>\n<meta property=\"og:image\" content=\"https:\/\/i0.wp.com\/casadecampoliving.com\/wp-content\/uploads\/2022\/10\/2015-12-11-3-1-scaled.jpg?fit=2560%2C1540&ssl=1\" \/>\n\t<meta property=\"og:image:width\" content=\"2560\" \/>\n\t<meta property=\"og:image:height\" content=\"1540\" \/>\n\t<meta property=\"og:image:type\" content=\"image\/jpeg\" \/>\n<meta name=\"author\" content=\"Perkin Agramonte\" \/>\n<meta name=\"twitter:card\" content=\"summary_large_image\" \/>\n<meta name=\"twitter:creator\" content=\"@cdcliving\" \/>\n<meta name=\"twitter:site\" content=\"@cdcliving\" \/>\n<meta name=\"twitter:label1\" content=\"Escrito por\" \/>\n\t<meta name=\"twitter:data1\" content=\"Perkin Agramonte\" \/>\n\t<meta name=\"twitter:label2\" content=\"Tiempo de lectura\" \/>\n\t<meta name=\"twitter:data2\" content=\"2 minutos\" \/>\n<script type=\"application\/ld+json\" class=\"yoast-schema-graph\">{\"@context\":\"https:\\\/\\\/schema.org\",\"@graph\":[{\"@type\":\"Article\",\"@id\":\"https:\\\/\\\/casadecampoliving.com\\\/es\\\/el-cascanueces-por-la-escuela-nacional-de-danza\\\/#article\",\"isPartOf\":{\"@id\":\"https:\\\/\\\/casadecampoliving.com\\\/es\\\/el-cascanueces-por-la-escuela-nacional-de-danza\\\/\"},\"author\":{\"name\":\"Perkin Agramonte\",\"@id\":\"https:\\\/\\\/casadecampoliving.com\\\/es\\\/#\\\/schema\\\/person\\\/c8efa6049510554b7d5fea078d728f72\"},\"headline\":\"El Cascanueces por la Escuela Nacional de Danza\",\"datePublished\":\"2015-12-13T04:00:00+00:00\",\"dateModified\":\"2022-11-10T14:41:42+00:00\",\"mainEntityOfPage\":{\"@id\":\"https:\\\/\\\/casadecampoliving.com\\\/es\\\/el-cascanueces-por-la-escuela-nacional-de-danza\\\/\"},\"wordCount\":319,\"publisher\":{\"@id\":\"https:\\\/\\\/casadecampoliving.com\\\/es\\\/#organization\"},\"image\":{\"@id\":\"https:\\\/\\\/casadecampoliving.com\\\/es\\\/el-cascanueces-por-la-escuela-nacional-de-danza\\\/#primaryimage\"},\"thumbnailUrl\":\"https:\\\/\\\/i0.wp.com\\\/casadecampoliving.com\\\/wp-content\\\/uploads\\\/2022\\\/10\\\/2015-12-11-3-1-scaled.jpg?fit=2560%2C1540&ssl=1\",\"keywords\":[\"Casa de Campo\",\"Casa de Campo Living\",\"casa de campo resort @es\",\"El Cascanueces\",\"Villancicos\"],\"articleSection\":[\"Casa de Campo Living @es\",\"CCL presenta\",\"Rep\u00fablica Dominicana @es\",\"Eventos\",\"Titulares\",\"Estilo de Vida\",\"Noticias Locales\",\"Resort Casa de Campo\",\"Uncategorized @es\",\"Proximamente\"],\"inLanguage\":\"es\"},{\"@type\":\"WebPage\",\"@id\":\"https:\\\/\\\/casadecampoliving.com\\\/es\\\/el-cascanueces-por-la-escuela-nacional-de-danza\\\/\",\"url\":\"https:\\\/\\\/casadecampoliving.com\\\/es\\\/el-cascanueces-por-la-escuela-nacional-de-danza\\\/\",\"name\":\"El Cascanueces por la Escuela Nacional de Danza | Casa de Campo Living\",\"isPartOf\":{\"@id\":\"https:\\\/\\\/casadecampoliving.com\\\/es\\\/#website\"},\"primaryImageOfPage\":{\"@id\":\"https:\\\/\\\/casadecampoliving.com\\\/es\\\/el-cascanueces-por-la-escuela-nacional-de-danza\\\/#primaryimage\"},\"image\":{\"@id\":\"https:\\\/\\\/casadecampoliving.com\\\/es\\\/el-cascanueces-por-la-escuela-nacional-de-danza\\\/#primaryimage\"},\"thumbnailUrl\":\"https:\\\/\\\/i0.wp.com\\\/casadecampoliving.com\\\/wp-content\\\/uploads\\\/2022\\\/10\\\/2015-12-11-3-1-scaled.jpg?fit=2560%2C1540&ssl=1\",\"datePublished\":\"2015-12-13T04:00:00+00:00\",\"dateModified\":\"2022-11-10T14:41:42+00:00\",\"description\":\"Muy pronto disfrutaremos de una noche encantadora con \\\"ENDANZA\\\", la Escuela Nacional de Danza Dominicana. Venga este 18 de diciembre a las 8pm al\",\"breadcrumb\":{\"@id\":\"https:\\\/\\\/casadecampoliving.com\\\/es\\\/el-cascanueces-por-la-escuela-nacional-de-danza\\\/#breadcrumb\"},\"inLanguage\":\"es\",\"potentialAction\":[{\"@type\":\"ReadAction\",\"target\":[\"https:\\\/\\\/casadecampoliving.com\\\/es\\\/el-cascanueces-por-la-escuela-nacional-de-danza\\\/\"]}]},{\"@type\":\"ImageObject\",\"inLanguage\":\"es\",\"@id\":\"https:\\\/\\\/casadecampoliving.com\\\/es\\\/el-cascanueces-por-la-escuela-nacional-de-danza\\\/#primaryimage\",\"url\":\"https:\\\/\\\/i0.wp.com\\\/casadecampoliving.com\\\/wp-content\\\/uploads\\\/2022\\\/10\\\/2015-12-11-3-1-scaled.jpg?fit=2560%2C1540&ssl=1\",\"contentUrl\":\"https:\\\/\\\/i0.wp.com\\\/casadecampoliving.com\\\/wp-content\\\/uploads\\\/2022\\\/10\\\/2015-12-11-3-1-scaled.jpg?fit=2560%2C1540&ssl=1\",\"width\":2560,\"height\":1540},{\"@type\":\"BreadcrumbList\",\"@id\":\"https:\\\/\\\/casadecampoliving.com\\\/es\\\/el-cascanueces-por-la-escuela-nacional-de-danza\\\/#breadcrumb\",\"itemListElement\":[{\"@type\":\"ListItem\",\"position\":1,\"name\":\"Home\",\"item\":\"https:\\\/\\\/casadecampoliving.com\\\/es\\\/\"},{\"@type\":\"ListItem\",\"position\":2,\"name\":\"El Cascanueces por la Escuela Nacional de Danza\"}]},{\"@type\":\"WebSite\",\"@id\":\"https:\\\/\\\/casadecampoliving.com\\\/es\\\/#website\",\"url\":\"https:\\\/\\\/casadecampoliving.com\\\/es\\\/\",\"name\":\"Casa de Campo Living\",\"description\":\"Resort community news and resources.\",\"publisher\":{\"@id\":\"https:\\\/\\\/casadecampoliving.com\\\/es\\\/#organization\"},\"potentialAction\":[{\"@type\":\"SearchAction\",\"target\":{\"@type\":\"EntryPoint\",\"urlTemplate\":\"https:\\\/\\\/casadecampoliving.com\\\/es\\\/?s={search_term_string}\"},\"query-input\":{\"@type\":\"PropertyValueSpecification\",\"valueRequired\":true,\"valueName\":\"search_term_string\"}}],\"inLanguage\":\"es\"},{\"@type\":\"Organization\",\"@id\":\"https:\\\/\\\/casadecampoliving.com\\\/es\\\/#organization\",\"name\":\"Casa de Campo Living\",\"url\":\"https:\\\/\\\/casadecampoliving.com\\\/es\\\/\",\"logo\":{\"@type\":\"ImageObject\",\"inLanguage\":\"es\",\"@id\":\"https:\\\/\\\/casadecampoliving.com\\\/es\\\/#\\\/schema\\\/logo\\\/image\\\/\",\"url\":\"https:\\\/\\\/i0.wp.com\\\/casadecampoliving.com\\\/wp-content\\\/uploads\\\/2022\\\/07\\\/CDCLivingLogo_V1-white-sized.png?fit=800%2C214&ssl=1\",\"contentUrl\":\"https:\\\/\\\/i0.wp.com\\\/casadecampoliving.com\\\/wp-content\\\/uploads\\\/2022\\\/07\\\/CDCLivingLogo_V1-white-sized.png?fit=800%2C214&ssl=1\",\"width\":800,\"height\":214,\"caption\":\"Casa de Campo Living\"},\"image\":{\"@id\":\"https:\\\/\\\/casadecampoliving.com\\\/es\\\/#\\\/schema\\\/logo\\\/image\\\/\"},\"sameAs\":[\"https:\\\/\\\/www.facebook.com\\\/casadecampoliving\",\"https:\\\/\\\/x.com\\\/cdcliving\"]},{\"@type\":\"Person\",\"@id\":\"https:\\\/\\\/casadecampoliving.com\\\/es\\\/#\\\/schema\\\/person\\\/c8efa6049510554b7d5fea078d728f72\",\"name\":\"Perkin Agramonte\",\"image\":{\"@type\":\"ImageObject\",\"inLanguage\":\"es\",\"@id\":\"https:\\\/\\\/secure.gravatar.com\\\/avatar\\\/57bfdafcae55fb83dbb79a1585a9eab7f269b7720fb0b64cb9a4e0cd2962fa10?s=96&d=mm&r=g\",\"url\":\"https:\\\/\\\/secure.gravatar.com\\\/avatar\\\/57bfdafcae55fb83dbb79a1585a9eab7f269b7720fb0b64cb9a4e0cd2962fa10?s=96&d=mm&r=g\",\"contentUrl\":\"https:\\\/\\\/secure.gravatar.com\\\/avatar\\\/57bfdafcae55fb83dbb79a1585a9eab7f269b7720fb0b64cb9a4e0cd2962fa10?s=96&d=mm&r=g\",\"caption\":\"Perkin Agramonte\"},\"url\":\"https:\\\/\\\/casadecampoliving.com\\\/es\\\/author\\\/cagramonte\\\/\"}]}<\/script>\n<!-- \/ Yoast SEO plugin. -->","yoast_head_json":{"title":"El Cascanueces por la Escuela Nacional de Danza | Casa de Campo Living","description":"Muy pronto disfrutaremos de una noche encantadora con \"ENDANZA\", la Escuela Nacional de Danza Dominicana. Venga este 18 de diciembre a las 8pm al","robots":{"index":"index","follow":"follow","max-snippet":"max-snippet:-1","max-image-preview":"max-image-preview:large","max-video-preview":"max-video-preview:-1"},"canonical":"https:\/\/casadecampoliving.com\/es\/el-cascanueces-por-la-escuela-nacional-de-danza\/","og_locale":"es_ES","og_type":"article","og_title":"El Cascanueces por la Escuela Nacional de Danza | Casa de Campo Living","og_description":"Muy pronto disfrutaremos de una noche encantadora con \"ENDANZA\", la Escuela Nacional de Danza Dominicana. Venga este 18 de diciembre a las 8pm al","og_url":"https:\/\/casadecampoliving.com\/es\/el-cascanueces-por-la-escuela-nacional-de-danza\/","og_site_name":"Casa de Campo Living","article_publisher":"https:\/\/www.facebook.com\/casadecampoliving","article_published_time":"2015-12-13T04:00:00+00:00","article_modified_time":"2022-11-10T14:41:42+00:00","og_image":[{"width":2560,"height":1540,"url":"https:\/\/i0.wp.com\/casadecampoliving.com\/wp-content\/uploads\/2022\/10\/2015-12-11-3-1-scaled.jpg?fit=2560%2C1540&ssl=1","type":"image\/jpeg"}],"author":"Perkin Agramonte","twitter_card":"summary_large_image","twitter_creator":"@cdcliving","twitter_site":"@cdcliving","twitter_misc":{"Escrito por":"Perkin Agramonte","Tiempo de lectura":"2 minutos"},"schema":{"@context":"https:\/\/schema.org","@graph":[{"@type":"Article","@id":"https:\/\/casadecampoliving.com\/es\/el-cascanueces-por-la-escuela-nacional-de-danza\/#article","isPartOf":{"@id":"https:\/\/casadecampoliving.com\/es\/el-cascanueces-por-la-escuela-nacional-de-danza\/"},"author":{"name":"Perkin Agramonte","@id":"https:\/\/casadecampoliving.com\/es\/#\/schema\/person\/c8efa6049510554b7d5fea078d728f72"},"headline":"El Cascanueces por la Escuela Nacional de Danza","datePublished":"2015-12-13T04:00:00+00:00","dateModified":"2022-11-10T14:41:42+00:00","mainEntityOfPage":{"@id":"https:\/\/casadecampoliving.com\/es\/el-cascanueces-por-la-escuela-nacional-de-danza\/"},"wordCount":319,"publisher":{"@id":"https:\/\/casadecampoliving.com\/es\/#organization"},"image":{"@id":"https:\/\/casadecampoliving.com\/es\/el-cascanueces-por-la-escuela-nacional-de-danza\/#primaryimage"},"thumbnailUrl":"https:\/\/i0.wp.com\/casadecampoliving.com\/wp-content\/uploads\/2022\/10\/2015-12-11-3-1-scaled.jpg?fit=2560%2C1540&ssl=1","keywords":["Casa de Campo","Casa de Campo Living","casa de campo resort @es","El Cascanueces","Villancicos"],"articleSection":["Casa de Campo Living @es","CCL presenta","Rep\u00fablica Dominicana @es","Eventos","Titulares","Estilo de Vida","Noticias Locales","Resort Casa de Campo","Uncategorized @es","Proximamente"],"inLanguage":"es"},{"@type":"WebPage","@id":"https:\/\/casadecampoliving.com\/es\/el-cascanueces-por-la-escuela-nacional-de-danza\/","url":"https:\/\/casadecampoliving.com\/es\/el-cascanueces-por-la-escuela-nacional-de-danza\/","name":"El Cascanueces por la Escuela Nacional de Danza | Casa de Campo Living","isPartOf":{"@id":"https:\/\/casadecampoliving.com\/es\/#website"},"primaryImageOfPage":{"@id":"https:\/\/casadecampoliving.com\/es\/el-cascanueces-por-la-escuela-nacional-de-danza\/#primaryimage"},"image":{"@id":"https:\/\/casadecampoliving.com\/es\/el-cascanueces-por-la-escuela-nacional-de-danza\/#primaryimage"},"thumbnailUrl":"https:\/\/i0.wp.com\/casadecampoliving.com\/wp-content\/uploads\/2022\/10\/2015-12-11-3-1-scaled.jpg?fit=2560%2C1540&ssl=1","datePublished":"2015-12-13T04:00:00+00:00","dateModified":"2022-11-10T14:41:42+00:00","description":"Muy pronto disfrutaremos de una noche encantadora con \"ENDANZA\", la Escuela Nacional de Danza Dominicana. Venga este 18 de diciembre a las 8pm al","breadcrumb":{"@id":"https:\/\/casadecampoliving.com\/es\/el-cascanueces-por-la-escuela-nacional-de-danza\/#breadcrumb"},"inLanguage":"es","potentialAction":[{"@type":"ReadAction","target":["https:\/\/casadecampoliving.com\/es\/el-cascanueces-por-la-escuela-nacional-de-danza\/"]}]},{"@type":"ImageObject","inLanguage":"es","@id":"https:\/\/casadecampoliving.com\/es\/el-cascanueces-por-la-escuela-nacional-de-danza\/#primaryimage","url":"https:\/\/i0.wp.com\/casadecampoliving.com\/wp-content\/uploads\/2022\/10\/2015-12-11-3-1-scaled.jpg?fit=2560%2C1540&ssl=1","contentUrl":"https:\/\/i0.wp.com\/casadecampoliving.com\/wp-content\/uploads\/2022\/10\/2015-12-11-3-1-scaled.jpg?fit=2560%2C1540&ssl=1","width":2560,"height":1540},{"@type":"BreadcrumbList","@id":"https:\/\/casadecampoliving.com\/es\/el-cascanueces-por-la-escuela-nacional-de-danza\/#breadcrumb","itemListElement":[{"@type":"ListItem","position":1,"name":"Home","item":"https:\/\/casadecampoliving.com\/es\/"},{"@type":"ListItem","position":2,"name":"El Cascanueces por la Escuela Nacional de Danza"}]},{"@type":"WebSite","@id":"https:\/\/casadecampoliving.com\/es\/#website","url":"https:\/\/casadecampoliving.com\/es\/","name":"Casa de Campo Living","description":"Resort community news and resources.","publisher":{"@id":"https:\/\/casadecampoliving.com\/es\/#organization"},"potentialAction":[{"@type":"SearchAction","target":{"@type":"EntryPoint","urlTemplate":"https:\/\/casadecampoliving.com\/es\/?s={search_term_string}"},"query-input":{"@type":"PropertyValueSpecification","valueRequired":true,"valueName":"search_term_string"}}],"inLanguage":"es"},{"@type":"Organization","@id":"https:\/\/casadecampoliving.com\/es\/#organization","name":"Casa de Campo Living","url":"https:\/\/casadecampoliving.com\/es\/","logo":{"@type":"ImageObject","inLanguage":"es","@id":"https:\/\/casadecampoliving.com\/es\/#\/schema\/logo\/image\/","url":"https:\/\/i0.wp.com\/casadecampoliving.com\/wp-content\/uploads\/2022\/07\/CDCLivingLogo_V1-white-sized.png?fit=800%2C214&ssl=1","contentUrl":"https:\/\/i0.wp.com\/casadecampoliving.com\/wp-content\/uploads\/2022\/07\/CDCLivingLogo_V1-white-sized.png?fit=800%2C214&ssl=1","width":800,"height":214,"caption":"Casa de Campo Living"},"image":{"@id":"https:\/\/casadecampoliving.com\/es\/#\/schema\/logo\/image\/"},"sameAs":["https:\/\/www.facebook.com\/casadecampoliving","https:\/\/x.com\/cdcliving"]},{"@type":"Person","@id":"https:\/\/casadecampoliving.com\/es\/#\/schema\/person\/c8efa6049510554b7d5fea078d728f72","name":"Perkin Agramonte","image":{"@type":"ImageObject","inLanguage":"es","@id":"https:\/\/secure.gravatar.com\/avatar\/57bfdafcae55fb83dbb79a1585a9eab7f269b7720fb0b64cb9a4e0cd2962fa10?s=96&d=mm&r=g","url":"https:\/\/secure.gravatar.com\/avatar\/57bfdafcae55fb83dbb79a1585a9eab7f269b7720fb0b64cb9a4e0cd2962fa10?s=96&d=mm&r=g","contentUrl":"https:\/\/secure.gravatar.com\/avatar\/57bfdafcae55fb83dbb79a1585a9eab7f269b7720fb0b64cb9a4e0cd2962fa10?s=96&d=mm&r=g","caption":"Perkin Agramonte"},"url":"https:\/\/casadecampoliving.com\/es\/author\/cagramonte\/"}]}},"parsely":{"version":"1.1.0","canonical_url":"https:\/\/casadecampoliving.com\/es\/el-cascanueces-por-la-escuela-nacional-de-danza\/","smart_links":{"inbound":0,"outbound":0},"traffic_boost_suggestions_count":0,"meta":{"@context":"https:\/\/schema.org","@type":"NewsArticle","headline":"El Cascanueces por la Escuela Nacional de Danza","url":"http:\/\/casadecampoliving.com\/es\/el-cascanueces-por-la-escuela-nacional-de-danza\/","mainEntityOfPage":{"@type":"WebPage","@id":"http:\/\/casadecampoliving.com\/es\/el-cascanueces-por-la-escuela-nacional-de-danza\/"},"thumbnailUrl":"https:\/\/i0.wp.com\/casadecampoliving.com\/wp-content\/uploads\/2022\/10\/2015-12-11-3-1-scaled.jpg?resize=150%2C150&ssl=1","image":{"@type":"ImageObject","url":"https:\/\/i0.wp.com\/casadecampoliving.com\/wp-content\/uploads\/2022\/10\/2015-12-11-3-1-scaled.jpg?fit=2560%2C1540&ssl=1"},"articleSection":"CCL presenta","author":[{"@type":"Person","name":"Perkin Agramonte"}],"creator":["Perkin Agramonte"],"publisher":{"@type":"Organization","name":"Casa de Campo Living","logo":"https:\/\/casadecampoliving.com\/wp-content\/uploads\/2022\/07\/CDCLivingLogo_V1-white-sized.png"},"keywords":["casa de campo","casa de campo living","casa de campo resort @es","el cascanueces","villancicos"],"dateCreated":"2015-12-13T04:00:00Z","datePublished":"2015-12-13T04:00:00Z","dateModified":"2022-11-10T14:41:42Z"},"rendered":"<script type=\"application\/ld+json\" class=\"wp-parsely-metadata\">{\"@context\":\"https:\\\/\\\/schema.org\",\"@type\":\"NewsArticle\",\"headline\":\"El Cascanueces por la Escuela Nacional de Danza\",\"url\":\"http:\\\/\\\/casadecampoliving.com\\\/es\\\/el-cascanueces-por-la-escuela-nacional-de-danza\\\/\",\"mainEntityOfPage\":{\"@type\":\"WebPage\",\"@id\":\"http:\\\/\\\/casadecampoliving.com\\\/es\\\/el-cascanueces-por-la-escuela-nacional-de-danza\\\/\"},\"thumbnailUrl\":\"https:\\\/\\\/i0.wp.com\\\/casadecampoliving.com\\\/wp-content\\\/uploads\\\/2022\\\/10\\\/2015-12-11-3-1-scaled.jpg?resize=150%2C150&ssl=1\",\"image\":{\"@type\":\"ImageObject\",\"url\":\"https:\\\/\\\/i0.wp.com\\\/casadecampoliving.com\\\/wp-content\\\/uploads\\\/2022\\\/10\\\/2015-12-11-3-1-scaled.jpg?fit=2560%2C1540&ssl=1\"},\"articleSection\":\"CCL presenta\",\"author\":[{\"@type\":\"Person\",\"name\":\"Perkin Agramonte\"}],\"creator\":[\"Perkin Agramonte\"],\"publisher\":{\"@type\":\"Organization\",\"name\":\"Casa de Campo Living\",\"logo\":\"https:\\\/\\\/casadecampoliving.com\\\/wp-content\\\/uploads\\\/2022\\\/07\\\/CDCLivingLogo_V1-white-sized.png\"},\"keywords\":[\"casa de campo\",\"casa de campo living\",\"casa de campo resort @es\",\"el cascanueces\",\"villancicos\"],\"dateCreated\":\"2015-12-13T04:00:00Z\",\"datePublished\":\"2015-12-13T04:00:00Z\",\"dateModified\":\"2022-11-10T14:41:42Z\"}<\/script>","tracker_url":"https:\/\/cdn.parsely.com\/keys\/casadecampoliving.com\/p.js"},"jetpack_publicize_connections":[],"jetpack_featured_media_url":"https:\/\/i0.wp.com\/casadecampoliving.com\/wp-content\/uploads\/2022\/10\/2015-12-11-3-1-scaled.jpg?fit=2560%2C1540&ssl=1","jetpack-related-posts":[{"id":348892,"url":"https:\/\/casadecampoliving.com\/es\/el-cascanueces-endanza\/","url_meta":{"origin":348803,"position":0},"title":"Producci\u00f3n de \u00abEl Cascanueces\u00bb por ENDANZA","author":"Felix Guerrero","date":"27 Dic, 2015","format":false,"excerpt":"La interpretaci\u00f3n de Endanza, la Escuela Nacional de Danza, de\u00a0El Cascanueces, uno de los ballets navide\u00f1os favoritos de todos los tiempos, fue en pocas palabras\u00a0m\u00e1gica y especial. Altos de Chav\u00f3n, con sus piedras y m\u00e1gico ambiente, le otorgaron a la obra el elemento de autenticidad que el p\u00fablico no hab\u00eda\u2026","rel":"","context":"En \u00abAltos de Chavon @es\u00bb","block_context":{"text":"Altos de Chavon @es","link":"https:\/\/casadecampoliving.com\/category\/altos-de-chavon-es\/"},"img":{"alt_text":"The Nutcracker","src":"https:\/\/i0.wp.com\/casadecampoliving.com\/wp-content\/uploads\/2022\/10\/DSC_0543-e1450857751420-1.jpg?fit=650%2C397&ssl=1&resize=350%2C200","width":350,"height":200,"srcset":"https:\/\/i0.wp.com\/casadecampoliving.com\/wp-content\/uploads\/2022\/10\/DSC_0543-e1450857751420-1.jpg?fit=650%2C397&ssl=1&resize=350%2C200 1x, https:\/\/i0.wp.com\/casadecampoliving.com\/wp-content\/uploads\/2022\/10\/DSC_0543-e1450857751420-1.jpg?fit=650%2C397&ssl=1&resize=525%2C300 1.5x"},"classes":[]},{"id":433460,"url":"https:\/\/casadecampoliving.com\/es\/no-se-pierdan-el-increible-tributo-a-frank-sinatra-para-celebrar-el-40-aniversario-del-anfiteatro-altos-de-chavon\/","url_meta":{"origin":348803,"position":1},"title":"No se pierdan el incre\u00edble tributo a Frank Sinatra para celebrar el 40 aniversario del\u00a0Anfiteatro Altos de Chav\u00f3n","author":"Casa de Campo Living","date":"20 Oct, 2022","format":false,"excerpt":"Siendo uno de los escenarios m\u00e1s emblem\u00e1ticos del pa\u00eds, Casa de Campo Resort\u00ae & Villas celebra las cuatro d\u00e9cadas de aniversario de Altos de Chav\u00f3n con un tributo al gran Frank Sinatra, protagonizado por artistas invitados y una big band tal cual la que acompa\u00f1\u00f3 al artista hace 40 a\u00f1os\u2026","rel":"","context":"En \u00abUncategorized @es\u00bb","block_context":{"text":"Uncategorized @es","link":"https:\/\/casadecampoliving.com\/es\/category\/uncategorized-es\/"},"img":{"alt_text":"","src":"https:\/\/i0.wp.com\/casadecampoliving.com\/wp-content\/uploads\/2022\/10\/Tributo-Frank-Sinatra-Foto-Principal-Amaury-Sanchez-Danilo-Ginebra-Andres-Pichardo-y-Jose-Gabriel-Perez-.jpg?fit=1200%2C873&ssl=1&resize=350%2C200","width":350,"height":200,"srcset":"https:\/\/i0.wp.com\/casadecampoliving.com\/wp-content\/uploads\/2022\/10\/Tributo-Frank-Sinatra-Foto-Principal-Amaury-Sanchez-Danilo-Ginebra-Andres-Pichardo-y-Jose-Gabriel-Perez-.jpg?fit=1200%2C873&ssl=1&resize=350%2C200 1x, https:\/\/i0.wp.com\/casadecampoliving.com\/wp-content\/uploads\/2022\/10\/Tributo-Frank-Sinatra-Foto-Principal-Amaury-Sanchez-Danilo-Ginebra-Andres-Pichardo-y-Jose-Gabriel-Perez-.jpg?fit=1200%2C873&ssl=1&resize=525%2C300 1.5x, https:\/\/i0.wp.com\/casadecampoliving.com\/wp-content\/uploads\/2022\/10\/Tributo-Frank-Sinatra-Foto-Principal-Amaury-Sanchez-Danilo-Ginebra-Andres-Pichardo-y-Jose-Gabriel-Perez-.jpg?fit=1200%2C873&ssl=1&resize=700%2C400 2x, https:\/\/i0.wp.com\/casadecampoliving.com\/wp-content\/uploads\/2022\/10\/Tributo-Frank-Sinatra-Foto-Principal-Amaury-Sanchez-Danilo-Ginebra-Andres-Pichardo-y-Jose-Gabriel-Perez-.jpg?fit=1200%2C873&ssl=1&resize=1050%2C600 3x"},"classes":[]},{"id":337810,"url":"https:\/\/casadecampoliving.com\/es\/es-tiempo-de-navidad-que-magnifico-fin-de-semana\/","url_meta":{"origin":348803,"position":2},"title":"Es tiempo de NAVIDAD! Qu\u00e9 magn\u00edfico fin de semana!","author":"","date":"19 Dic, 2011","format":false,"excerpt":"Este pasado fin de semana del 15 al 18 de diciembre, celebramos la oficial inauguraci\u00f3n de la Navidad en Casa de Campo, con m\u00e1s eventos y actividades festivos que en a\u00f1os anteriores; 3 presentaciones de ballet, el Bazaar Navide\u00f1o (parte 2), la ceremonia del Alumbrado del\u00a0\u00c1rbol\u00a0de Navidad, fuegos artificiales, un\u2026","rel":"","context":"En \u00abUncategorized @es\u00bb","block_context":{"text":"Uncategorized @es","link":"https:\/\/casadecampoliving.com\/es\/category\/uncategorized-es\/"},"img":{"alt_text":"christmas altos de chavon","src":"https:\/\/i0.wp.com\/casadecampoliving.com\/wp-content\/uploads\/2022\/10\/christmas_altos_de_chavon9-1.jpg?fit=650%2C430&ssl=1&resize=350%2C200","width":350,"height":200,"srcset":"https:\/\/i0.wp.com\/casadecampoliving.com\/wp-content\/uploads\/2022\/10\/christmas_altos_de_chavon9-1.jpg?fit=650%2C430&ssl=1&resize=350%2C200 1x, https:\/\/i0.wp.com\/casadecampoliving.com\/wp-content\/uploads\/2022\/10\/christmas_altos_de_chavon9-1.jpg?fit=650%2C430&ssl=1&resize=525%2C300 1.5x"},"classes":[]},{"id":337828,"url":"https:\/\/casadecampoliving.com\/es\/hermosa-presentacion-de-ballet-por-endanza-en-la-plaza-principal-de-altos-de-chavon\/","url_meta":{"origin":348803,"position":3},"title":"Hermosa presentaci\u00f3n de Ballet por ENDANZA, en la Plaza Principal de Altos de Chav\u00f3n","author":"","date":"21 Dic, 2011","format":false,"excerpt":"El pasado jueves 15 de diciembre, la primera de tres presentaciones de ballet se realiz\u00f3,teniendo como fondo la Iglesia San Estanislao, en la plaza principal de Altos de Chav\u00f3n. La presentaci\u00f3n de \"ENDANZA\" en Altos de Chav\u00f3n A\u00fan cuando fue presentado ante un p\u00fablico m\u00e1s modesto y en una locaci\u00f3n\u2026","rel":"","context":"En \u00abAltos de Chavon @es\u00bb","block_context":{"text":"Altos de Chavon @es","link":"https:\/\/casadecampoliving.com\/category\/altos-de-chavon-es\/"},"img":{"alt_text":"ballet altos de chavon","src":"https:\/\/i0.wp.com\/casadecampoliving.com\/wp-content\/uploads\/2022\/10\/endanza_ballet_altos_de_chavon-3.jpg?fit=650%2C458&ssl=1&resize=350%2C200","width":350,"height":200,"srcset":"https:\/\/i0.wp.com\/casadecampoliving.com\/wp-content\/uploads\/2022\/10\/endanza_ballet_altos_de_chavon-3.jpg?fit=650%2C458&ssl=1&resize=350%2C200 1x, https:\/\/i0.wp.com\/casadecampoliving.com\/wp-content\/uploads\/2022\/10\/endanza_ballet_altos_de_chavon-3.jpg?fit=650%2C458&ssl=1&resize=525%2C300 1.5x"},"classes":[]},{"id":337847,"url":"https:\/\/casadecampoliving.com\/es\/una-celebracion-cultural-la-ceremonia-del-alumbrado-del-arbol-de-navidad-y-cascanueces-en-el-anfiteatro-altos-de-chavon\/","url_meta":{"origin":348803,"position":4},"title":"Una celebraci\u00f3n cultural: La ceremonia del Alumbrado del \u00c1rbol de Navidad y Cascanueces en el anfiteatro Altos de Chav\u00f3n!","author":"","date":"24 Dic, 2011","format":false,"excerpt":"El pasado viernes 16 de noviembre, la temporada navide\u00f1a en Casa de Campo fue inaugurada con la ceremonia del Alumbrado del\u00a0\u00c1rbol\u00a0de Navidad y la presentaci\u00f3n de la Suite de Cascanueces en el anfiteatro de Altos de Chav\u00f3n. El entretenimiento de la noche comenz\u00f3 en la plaza principal de Altos de\u2026","rel":"","context":"En \u00abAltos de Chavon @es\u00bb","block_context":{"text":"Altos de Chavon @es","link":"https:\/\/casadecampoliving.com\/category\/altos-de-chavon-es\/"},"img":{"alt_text":"nutcracker ballet altos de chavon","src":"https:\/\/i0.wp.com\/casadecampoliving.com\/wp-content\/uploads\/2022\/10\/nutcracker_ballet_altos_de_chavon1-1.jpg?fit=650%2C373&ssl=1&resize=350%2C200","width":350,"height":200,"srcset":"https:\/\/i0.wp.com\/casadecampoliving.com\/wp-content\/uploads\/2022\/10\/nutcracker_ballet_altos_de_chavon1-1.jpg?fit=650%2C373&ssl=1&resize=350%2C200 1x, https:\/\/i0.wp.com\/casadecampoliving.com\/wp-content\/uploads\/2022\/10\/nutcracker_ballet_altos_de_chavon1-1.jpg?fit=650%2C373&ssl=1&resize=525%2C300 1.5x"},"classes":[]},{"id":341521,"url":"https:\/\/casadecampoliving.com\/es\/espectaculo-tiempos-de-endanza-este-sabado-25-de-mayo-en-el-anfiteatro-de-altos-de-chavon\/","url_meta":{"origin":348803,"position":5},"title":"Espect\u00e1culo \u00abTiempos de ENDANZA\u00bb este s\u00e1bado 25 de mayo en el Anfiteatro de Altos de Chav\u00f3n","author":"Mairobi Herrera","date":"22 May, 2013","format":false,"excerpt":"El grupo de baile de la Escuela Nacional de Baile (ENDANZA) vuelve a brillar \u00a0en de Casa de Campo, esta vez nos deleitar\u00e1, como parte de las actividades del Festival de Primavera, con su espect\u00e1culo \u201cTiempo de ENDANZA\u201d, que se realizar\u00e1 el pr\u00f3ximo s\u00e1bado 25 de mayo en el Anfiteatro\u2026","rel":"","context":"En \u00abAltos de Chavon @es\u00bb","block_context":{"text":"Altos de Chavon @es","link":"https:\/\/casadecampoliving.com\/category\/altos-de-chavon-es\/"},"img":{"alt_text":"endanza ballet anfiteatro","src":"https:\/\/i0.wp.com\/casadecampoliving.com\/wp-content\/uploads\/2022\/10\/ENDANZA_ballet_anfiteatro-1.jpg?fit=640%2C427&ssl=1&resize=350%2C200","width":350,"height":200,"srcset":"https:\/\/i0.wp.com\/casadecampoliving.com\/wp-content\/uploads\/2022\/10\/ENDANZA_ballet_anfiteatro-1.jpg?fit=640%2C427&ssl=1&resize=350%2C200 1x, https:\/\/i0.wp.com\/casadecampoliving.com\/wp-content\/uploads\/2022\/10\/ENDANZA_ballet_anfiteatro-1.jpg?fit=640%2C427&ssl=1&resize=525%2C300 1.5x"},"classes":[]}],"jetpack_sharing_enabled":true,"_links":{"self":[{"href":"https:\/\/casadecampoliving.com\/es\/wp-json\/wp\/v2\/posts\/348803","targetHints":{"allow":["GET"]}}],"collection":[{"href":"https:\/\/casadecampoliving.com\/es\/wp-json\/wp\/v2\/posts"}],"about":[{"href":"https:\/\/casadecampoliving.com\/es\/wp-json\/wp\/v2\/types\/post"}],"author":[{"embeddable":true,"href":"https:\/\/casadecampoliving.com\/es\/wp-json\/wp\/v2\/users\/1097"}],"replies":[{"embeddable":true,"href":"https:\/\/casadecampoliving.com\/es\/wp-json\/wp\/v2\/comments?post=348803"}],"version-history":[{"count":2,"href":"https:\/\/casadecampoliving.com\/es\/wp-json\/wp\/v2\/posts\/348803\/revisions"}],"predecessor-version":[{"id":509168,"href":"https:\/\/casadecampoliving.com\/es\/wp-json\/wp\/v2\/posts\/348803\/revisions\/509168"}],"wp:featuredmedia":[{"embeddable":true,"href":"https:\/\/casadecampoliving.com\/es\/wp-json\/wp\/v2\/media\/307076"}],"wp:attachment":[{"href":"https:\/\/casadecampoliving.com\/es\/wp-json\/wp\/v2\/media?parent=348803"}],"wp:term":[{"taxonomy":"category","embeddable":true,"href":"https:\/\/casadecampoliving.com\/es\/wp-json\/wp\/v2\/categories?post=348803"},{"taxonomy":"post_tag","embeddable":true,"href":"https:\/\/casadecampoliving.com\/es\/wp-json\/wp\/v2\/tags?post=348803"},{"taxonomy":"newspack_spnsrs_tax","embeddable":true,"href":"https:\/\/casadecampoliving.com\/es\/wp-json\/wp\/v2\/newspack_spnsrs_tax?post=348803"}],"curies":[{"name":"wp","href":"https:\/\/api.w.org\/{rel}","templated":true}]}}