{"id":348709,"date":"2015-11-30T00:00:00","date_gmt":"2015-11-30T04:00:00","guid":{"rendered":"https:\/\/casadecampoliving.com\/casa-de-campo-corre-en-las-redes-sociales\/"},"modified":"2022-10-21T19:03:32","modified_gmt":"2022-10-21T23:03:32","slug":"casa-de-campo-corre-en-las-redes-sociales","status":"publish","type":"post","link":"https:\/\/casadecampoliving.com\/es\/casa-de-campo-corre-en-las-redes-sociales\/","title":{"rendered":"Casa de Campo Corre por el Hogar del Ni\u00f1o: La mejor selecci\u00f3n de redes sociales"},"content":{"rendered":"<div class=\"wp-block-image\">\n<figure class=\"aligncenter is-resized\"><img loading=\"lazy\" decoding=\"async\" src=\"https:\/\/i0.wp.com\/casadecampoliving.com\/wp-content\/uploads\/2022\/10\/Casa-de-Campo-Corre-2.png?resize=650%2C480&amp;ssl=1\" alt=\"Casa de Campo Corre\" class=\"wp-image-115216\" height=\"480\" width=\"650\"\/><\/figure>\n<\/div>\n\n\n<p>Es un nuevo d\u00eda, una nueva semana, y todav\u00eda estamos acelerados de la emoci\u00f3n de la segunda edici\u00f3n del Casa de Campo Corre por el Hogar del Ni\u00f1o en el d\u00eda de&nbsp;ayer. Aqu\u00ed un vistazo a la cobertura cortes\u00eda de los propios participantes en&nbsp;redes sociales\u2026<\/p>\n\n\n\n<p>Algunos ligeros aguaceros&nbsp;no fueron obstaculo para el \u00e9xito del marat\u00f3n Casa de Campo Corre por el Hogar del Ni\u00f1o. Cientos de corredores de todo el pa\u00eds se trasladaron a Casa de Campo para participar en este evento deportivo que sin duda super\u00f3 lo logrado el a\u00f1o pasado.<\/p>\n\n\n\n<!--more-->\n\n\n\n<p>Lo que veran a continuaci\u00f3n es un recuento de lo ocurrido durante el marat\u00f3n desde el lente de los propios participantes:<\/p>\n\n\n\n<h3 class=\"wp-block-heading\"><strong>Empezamos el d\u00eda con el&nbsp;buen sentido del humor del&nbsp;comediante Carlos S\u00e1nchez<\/strong><\/h3>\n\n\n\n<blockquote class=\"instagram-media\" style=\"background: #FFF; border: 0; border-radius: 3px; box-shadow: 0 0 1px 0 rgba(0,0,0,0.5),0 1px 10px 0 rgba(0,0,0,0.15); margin: 1px; max-width: 658px; padding: 0; width: calc(100% - 2px);\" data-instgrm-version=\"6\"><div style=\"padding: 8px;\">\n<div style=\"background: #F8F8F8; line-height: 0; margin-top: 40px; padding: 37.5% 0; text-align: center; width: 100%;\"><\/div>\n<p style=\"color: #c9c8cd; font-family: Arial,sans-serif; font-size: 14px; line-height: 17px; margin-bottom: 0; margin-top: 8px; overflow: hidden; padding: 8px 0 7px; text-align: center; text-overflow: ellipsis; white-space: nowrap;\"><a style=\"color: #c9c8cd; font-family: Arial,sans-serif; font-size: 14px; font-style: normal; font-weight: normal; line-height: 17px; text-decoration: none;\" href=\"https:\/\/www.instagram.com\/p\/-q1oNhrgOz\/\" target=\"_blank\" rel=\"noopener\">A photo posted by Carlos S\u00e1nchez (@carloscomic)<\/a> on <time style=\"font-family: Arial,sans-serif; font-size: 14px; line-height: 17px;\" datetime=\"2015-11-29T12:50:10+00:00\">Nov 29, 2015 at 4:50am PST<\/time><\/p>\n<\/div><\/blockquote>\n\n\n\n<p>Image by <a href=\"https:\/\/www.instagram.com\/carloscomic\/\" target=\"_blank\" rel=\"noopener\">@carloscomic<\/a><\/p>\n\n\n\n<h3 class=\"wp-block-heading\">Mientras que el calentamiento dirigido&nbsp;por&nbsp;Club Body Shop nos prepar\u00f3 para la gran carrera:<\/h3>\n\n\n\n<blockquote class=\"instagram-media\" style=\"background: #FFF; border: 0; border-radius: 3px; box-shadow: 0 0 1px 0 rgba(0,0,0,0.5),0 1px 10px 0 rgba(0,0,0,0.15); margin: 1px; max-width: 658px; padding: 0; width: calc(100% - 2px);\" data-instgrm-version=\"6\"><div style=\"padding: 8px;\">\n<div style=\"background: #F8F8F8; line-height: 0; margin-top: 40px; padding: 50.0% 0; text-align: center; width: 100%;\"><\/div>\n<p style=\"color: #c9c8cd; font-family: Arial,sans-serif; font-size: 14px; line-height: 17px; margin-bottom: 0; margin-top: 8px; overflow: hidden; padding: 8px 0 7px; text-align: center; text-overflow: ellipsis; white-space: nowrap;\"><a style=\"color: #c9c8cd; font-family: Arial,sans-serif; font-size: 14px; font-style: normal; font-weight: normal; line-height: 17px; text-decoration: none;\" href=\"https:\/\/www.instagram.com\/p\/-rKRJesKP5\/\" target=\"_blank\" rel=\"noopener\">A photo posted by Body Shop Athletic Club (@clubbodyshoprd)<\/a> on <time style=\"font-family: Arial,sans-serif; font-size: 14px; line-height: 17px;\" datetime=\"2015-11-29T15:50:31+00:00\">Nov 29, 2015 at 7:50am PST<\/time><\/p>\n<\/div><\/blockquote>\n\n\n\n<p>Image by <a href=\"https:\/\/www.instagram.com\/clubbodyshoprd\/\" target=\"_blank\" rel=\"noopener\">@clubbodyshoprd<\/a><\/p>\n\n\n\n<h3 class=\"wp-block-heading\">Llegada de la triatlonista y promotora oficial del evento, &nbsp;Natasha Mendez con estilo en un helicoptero:<\/h3>\n\n\n\n<blockquote class=\"instagram-media\" style=\"background: #FFF; border: 0; border-radius: 3px; box-shadow: 0 0 1px 0 rgba(0,0,0,0.5),0 1px 10px 0 rgba(0,0,0,0.15); margin: 1px; max-width: 658px; padding: 0; width: calc(100% - 2px);\" data-instgrm-version=\"6\"><div style=\"padding: 8px;\">\n<div style=\"background: #F8F8F8; line-height: 0; margin-top: 40px; padding: 62.5% 0; text-align: center; width: 100%;\"><\/div>\n<p style=\"color: #c9c8cd; font-family: Arial,sans-serif; font-size: 14px; line-height: 17px; margin-bottom: 0; margin-top: 8px; overflow: hidden; padding: 8px 0 7px; text-align: center; text-overflow: ellipsis; white-space: nowrap;\"><a style=\"color: #c9c8cd; font-family: Arial,sans-serif; font-size: 14px; font-style: normal; font-weight: normal; line-height: 17px; text-decoration: none;\" href=\"https:\/\/www.instagram.com\/p\/-qq54MK8xG\/\" target=\"_blank\" rel=\"noopener\">A photo posted by Natasha M\u00e9ndez (@natashamendezb)<\/a> on <time style=\"font-family: Arial,sans-serif; font-size: 14px; line-height: 17px;\" datetime=\"2015-11-29T11:16:28+00:00\">Nov 29, 2015 at 3:16am PST<\/time><\/p>\n<\/div><\/blockquote>\n\n\n\n<p>Image by <a href=\"https:\/\/www.instagram.com\/natashamendezb\/\" target=\"_blank\" rel=\"noopener\">@natashamendezb<\/a><\/p>\n\n\n\n<h3 class=\"wp-block-heading\">Las fotos de&nbsp;familias y amigos participando juntos previo al marat\u00f3n fueron&nbsp;abundantes:<\/h3>\n\n\n\n<blockquote class=\"instagram-media\" style=\"background: #FFF; border: 0; border-radius: 3px; box-shadow: 0 0 1px 0 rgba(0,0,0,0.5),0 1px 10px 0 rgba(0,0,0,0.15); margin: 1px; max-width: 658px; padding: 0; width: calc(100% - 2px);\" data-instgrm-version=\"6\"><div style=\"padding: 8px;\">\n<div style=\"background: #F8F8F8; line-height: 0; margin-top: 40px; padding: 50.0% 0; text-align: center; width: 100%;\"><\/div>\n<p style=\"color: #c9c8cd; font-family: Arial,sans-serif; font-size: 14px; line-height: 17px; margin-bottom: 0; margin-top: 8px; overflow: hidden; padding: 8px 0 7px; text-align: center; text-overflow: ellipsis; white-space: nowrap;\"><a style=\"color: #c9c8cd; font-family: Arial,sans-serif; font-size: 14px; font-style: normal; font-weight: normal; line-height: 17px; text-decoration: none;\" href=\"https:\/\/www.instagram.com\/p\/-pLCEyThjW\/\" target=\"_blank\" rel=\"noopener\">A photo posted by Luis Mendez (@luistomendez)<\/a> on <time style=\"font-family: Arial,sans-serif; font-size: 14px; line-height: 17px;\" datetime=\"2015-11-28T21:18:43+00:00\">Nov 28, 2015 at 1:18pm PST<\/time><\/p>\n<\/div><\/blockquote>\n\n\n\n<p>Image by <a href=\"https:\/\/www.instagram.com\/luistomendez\/\" target=\"_blank\" rel=\"noopener\">@luistomendez<\/a><\/p>\n\n\n<div class=\"wp-block-image\">\n<figure class=\"aligncenter is-resized\"><img loading=\"lazy\" decoding=\"async\" src=\"https:\/\/i0.wp.com\/casadecampoliving.com\/wp-content\/uploads\/2022\/10\/CDC_Corre_ameliapereyrab.jpg?resize=650%2C650&amp;ssl=1\" alt=\"CDC_Corre_ameliapereyrab\" class=\"wp-image-115214\" height=\"650\" width=\"650\"\/><\/figure>\n<\/div>\n\n<div class=\"wp-block-image\">\n<figure class=\"aligncenter is-resized\"><img loading=\"lazy\" decoding=\"async\" src=\"https:\/\/i0.wp.com\/casadecampoliving.com\/wp-content\/uploads\/2022\/10\/CDC_Corre_MassimoCaretta.jpg?resize=650%2C648&amp;ssl=1\" alt=\"CDC_Corre_MassimoCaretta\" class=\"wp-image-115213\" height=\"648\" width=\"650\"\/><\/figure>\n<\/div>\n\n<div class=\"wp-block-image\">\n<figure class=\"aligncenter is-resized\"><img loading=\"lazy\" decoding=\"async\" src=\"https:\/\/i0.wp.com\/casadecampoliving.com\/wp-content\/uploads\/2022\/10\/CDC_Corre_Mirtha.jpg?resize=650%2C488&amp;ssl=1\" alt=\"CDC_Corre_Mirtha\" class=\"wp-image-115211\" height=\"488\" width=\"650\"\/><\/figure>\n<\/div>\n\n<div class=\"wp-block-image\">\n<figure class=\"aligncenter is-resized\"><img loading=\"lazy\" decoding=\"async\" src=\"https:\/\/i0.wp.com\/casadecampoliving.com\/wp-content\/uploads\/2022\/10\/2015-11-30.jpg?resize=650%2C650&amp;ssl=1\" alt=\"2015-11-30\" class=\"wp-image-115215\" height=\"650\" width=\"650\"\/><\/figure>\n<\/div>\n\n\n<p> Image by Amelia Pereyra  Image by Denisse Ulerio  Image by Mirtha Eugenia De Marchena  Image by @gabyvicentini<\/p>\n\n\n\n<h3 class=\"wp-block-heading\">Y aqu\u00ed vemos la impresionante zancada de Natasha en acci\u00f3n:<\/h3>\n\n\n\n<blockquote class=\"instagram-media\" style=\"background: #FFF; border: 0; border-radius: 3px; box-shadow: 0 0 1px 0 rgba(0,0,0,0.5),0 1px 10px 0 rgba(0,0,0,0.15); margin: 1px; max-width: 658px; padding: 0; width: calc(100% - 2px);\" data-instgrm-version=\"6\"><div style=\"padding: 8px;\">\n<div style=\"background: #F8F8F8; line-height: 0; margin-top: 40px; padding: 52.0852641335% 0; text-align: center; width: 100%;\"><\/div>\n<p><a style=\"color: #c9c8cd; font-family: Arial,sans-serif; font-size: 14px; font-style: normal; font-weight: normal; line-height: 17px; text-decoration: none;\" href=\"https:\/\/www.instagram.com\/p\/-rZLwVq89L\/\" target=\"_blank\" rel=\"noopener\">A photo posted by Natasha M\u00e9ndez (@natashamendezb)<\/a> on <time style=\"font-family: Arial,sans-serif; font-size: 14px; line-height: 17px;\" datetime=\"2015-11-29T18:00:51+00:00\">Nov 29, 2015 at 10:00am PST<\/time><\/p>\n<\/div><\/blockquote>\n\n\n\n<p>Image by <a href=\"https:\/\/www.instagram.com\/natashamendezb\/\" target=\"_blank\" rel=\"noopener\">@natashamendezb<\/a><\/p>\n\n\n\n<h3 class=\"wp-block-heading\">Honor a quien lo merece en agradecimiento a Umberto Pitzalis por su gran apoyo en la organizaci\u00f3n del marat\u00f3n:<\/h3>\n\n\n\n<blockquote class=\"instagram-media\" style=\"background: #FFF; border: 0; border-radius: 3px; box-shadow: 0 0 1px 0 rgba(0,0,0,0.5),0 1px 10px 0 rgba(0,0,0,0.15); margin: 1px; max-width: 658px; padding: 0; width: calc(100% - 2px);\" data-instgrm-version=\"6\"><div style=\"padding: 8px;\">\n<div style=\"background: #F8F8F8; line-height: 0; margin-top: 40px; padding: 50.0% 0; text-align: center; width: 100%;\"><\/div>\n<p><a style=\"color: #c9c8cd; font-family: Arial,sans-serif; font-size: 14px; font-style: normal; font-weight: normal; line-height: 17px; text-decoration: none;\" href=\"https:\/\/www.instagram.com\/p\/-rvYMRmgZ4\/\" target=\"_blank\" rel=\"noopener\">A photo posted by Erika Vilain (@erikavilain)<\/a> on <time style=\"font-family: Arial,sans-serif; font-size: 14px; line-height: 17px;\" datetime=\"2015-11-29T21:14:48+00:00\">Nov 29, 2015 at 1:14pm PST<\/time><\/p>\n<\/div><\/blockquote>\n\n\n\n<p><script src=\"\/\/platform.instagram.com\/en_US\/embeds.js\" async=\"\" defer=\"defer\"><\/script>Image by <a href=\"https:\/\/www.instagram.com\/erikavilain\/\" target=\"_blank\" rel=\"noopener\">@erikavilain<\/a><\/p>\n\n\n\n<h3 class=\"wp-block-heading\">Estos son los felices ganadores de las modalidades 10k, 21k y 42k:<\/h3>\n\n\n\n<blockquote class=\"instagram-media\" style=\"background: #FFF; border: 0; border-radius: 3px; box-shadow: 0 0 1px 0 rgba(0,0,0,0.5),0 1px 10px 0 rgba(0,0,0,0.15); margin: 1px; max-width: 658px; padding: 0; width: calc(100% - 2px);\" data-instgrm-version=\"6\"><div style=\"padding: 8px;\">\n<div style=\"background: #F8F8F8; line-height: 0; margin-top: 40px; padding: 50.0% 0; text-align: center; width: 100%;\"><\/div>\n<p><a style=\"color: #c9c8cd; font-family: Arial,sans-serif; font-size: 14px; font-style: normal; font-weight: normal; line-height: 17px; text-decoration: none;\" href=\"https:\/\/www.instagram.com\/p\/-rmp5FkPnW\/\" target=\"_blank\" rel=\"noopener\">A photo posted by Patronato Ben\u00e9fico Oriental (@soypbo)<\/a> on <time style=\"font-family: Arial,sans-serif; font-size: 14px; line-height: 17px;\" datetime=\"2015-11-29T19:58:34+00:00\">Nov 29, 2015 at 11:58am PST<\/time>\n<\/p><\/div><\/blockquote>\n\n\n\n<p>Image by <a href=\"https:\/\/www.instagram.com\/soypbo\/\" target=\"_blank\" rel=\"noopener\">@soypbo<\/a><\/p>\n\n\n\n<h3 class=\"wp-block-heading\">Y luego de tanto correr\u2026 nada mejor que un cremoso&nbsp;y refrescante Cinco Gelato:<\/h3>\n\n\n\n<blockquote class=\"instagram-media\" style=\"background: #FFF; border: 0; border-radius: 3px; box-shadow: 0 0 1px 0 rgba(0,0,0,0.5),0 1px 10px 0 rgba(0,0,0,0.15); margin: 1px; max-width: 658px; padding: 0; width: calc(100% - 2px);\" data-instgrm-version=\"6\"><div style=\"padding: 8px;\">\n<div style=\"background: #F8F8F8; line-height: 0; margin-top: 40px; padding: 50.0% 0; text-align: center; width: 100%;\"><\/div>\n<p><a style=\"color: #c9c8cd; font-family: Arial,sans-serif; font-size: 14px; font-style: normal; font-weight: normal; line-height: 17px; text-decoration: none;\" href=\"https:\/\/www.instagram.com\/p\/-sEPFSLb2m\/\" target=\"_blank\" rel=\"noopener\">A photo posted by Cinco Gelato (@cincogelato)<\/a> on <time style=\"font-family: Arial,sans-serif; font-size: 14px; line-height: 17px;\" datetime=\"2015-11-30T00:17:03+00:00\">Nov 29, 2015 at 4:17pm PST<\/time>\n<\/p><\/div><\/blockquote>\n\n\n\n<p><script src=\"\/\/platform.instagram.com\/en_US\/embeds.js\" async=\"\" defer=\"defer\"><\/script><\/p>\n\n\n\n<p>Image by <a href=\"https:\/\/www.instagram.com\/cincogelato\/\" target=\"_blank\" rel=\"noopener\">@cincogelato<\/a><\/p>\n\n\n\n<p>\u00a1Felicitaciones a todos los corredores y colaboradores! Una&nbsp;haza\u00f1a deportiva incre\u00edble, una excelente manera de pasar la tarde compartiendo&nbsp;con la comunidad, y sobre todo, una donaci\u00f3n de tiempo y buena voluntad a los ni\u00f1os de Hogar del Ni\u00f1o. Est\u00e9n atentos para m\u00e1s fotos\u2026<\/p>\n\n\n\n<p>Foto pricipal por&nbsp;<a href=\"https:\/\/www.instagram.com\/erikavilain\/\" target=\"_blank\" rel=\"noopener\">@erikavilain<\/a><\/p>\n","protected":false},"excerpt":{"rendered":"<p>Es un nuevo d\u00eda, una nueva semana, y todav\u00eda estamos acelerados de la emoci\u00f3n de la segunda edici\u00f3n del Casa de Campo Corre por el Hogar del Ni\u00f1o en el d\u00eda de&nbsp;ayer. Aqu\u00ed un vistazo a la cobertura cortes\u00eda de los propios participantes en&nbsp;redes sociales\u2026 Algunos ligeros aguaceros&nbsp;no fueron obstaculo para el \u00e9xito del marat\u00f3n [&hellip;]<\/p>\n","protected":false},"author":1097,"featured_media":305244,"comment_status":"closed","ping_status":"closed","sticky":false,"template":"","format":"standard","meta":{"newspack_ads_suppress_ads":false,"newspack_popups_has_disabled_popups":false,"newspack_sponsor_sponsorship_scope":"","newspack_sponsor_native_byline_display":"inherit","newspack_sponsor_native_category_display":"inherit","newspack_sponsor_underwriter_style":"inherit","newspack_sponsor_underwriter_placement":"inherit","_newspack_byline_active":false,"_newspack_byline":"","newspack_hide_updated_date":false,"newspack_show_updated_date":false,"newspack_content_restriction_is_exempt":false,"newspack_featured_image_position":"","newspack_post_subtitle":"","newspack_article_summary_title":"Overview:","newspack_article_summary":"","_jetpack_memberships_contains_paid_content":false,"footnotes":"","jetpack_publicize_message":"","jetpack_publicize_feature_enabled":true,"jetpack_social_post_already_shared":false,"jetpack_social_options":{"image_generator_settings":{"template":"highway","default_image_id":0,"font":"","enabled":false},"version":2},"_wpas_customize_per_network":false},"categories":[26936,26951,2525,14631,2522,2514,2516,14625,14627,2521,26822,2526],"tags":[8094,9026,24387,6371,14876],"newspack_spnsrs_tax":[],"class_list":["post-348709","post","type-post","status-publish","format-standard","has-post-thumbnail","hentry","category-casa-de-campo-living-es","category-ccl-presenta","category-golf-deportes-es","category-estilo-de-vida","category-eventos-es","category-fundaciones-es","category-hogar-del-nino-es","category-noticias-locales","category-proximamente","category-republica-dominicana-2","category-resort-casa-de-campo","category-titulares-es","tag-casa-de-campo-community-es","tag-casa-de-campo-corre-es","tag-casa-de-campo-living-es","tag-casa-de-campo-resort-es","tag-hogar-del-nino-es","entry"],"yoast_head":"<!-- This site is optimized with the Yoast SEO plugin v27.5 - https:\/\/yoast.com\/product\/yoast-seo-wordpress\/ -->\n<title>Casa de Campo Corre por el Hogar del Ni\u00f1o: La mejor selecci\u00f3n de redes sociales | Casa de Campo Living<\/title>\n<meta name=\"description\" content=\"Es un nuevo d\u00eda, una nueva semana, y todav\u00eda estamos acelerados de la emoci\u00f3n de la segunda edici\u00f3n del Casa de Campo Corre por el Hogar del Ni\u00f1o en el\" \/>\n<meta name=\"robots\" content=\"index, follow, max-snippet:-1, max-image-preview:large, max-video-preview:-1\" \/>\n<link rel=\"canonical\" href=\"https:\/\/casadecampoliving.com\/es\/casa-de-campo-corre-en-las-redes-sociales\/\" \/>\n<meta property=\"og:locale\" content=\"es_ES\" \/>\n<meta property=\"og:type\" content=\"article\" \/>\n<meta property=\"og:title\" content=\"Casa de Campo Corre por el Hogar del Ni\u00f1o: La mejor selecci\u00f3n de redes sociales | Casa de Campo Living\" \/>\n<meta property=\"og:description\" content=\"Es un nuevo d\u00eda, una nueva semana, y todav\u00eda estamos acelerados de la emoci\u00f3n de la segunda edici\u00f3n del Casa de Campo Corre por el Hogar del Ni\u00f1o en el\" \/>\n<meta property=\"og:url\" content=\"https:\/\/casadecampoliving.com\/es\/casa-de-campo-corre-en-las-redes-sociales\/\" \/>\n<meta property=\"og:site_name\" content=\"Casa de Campo Living\" \/>\n<meta property=\"article:publisher\" content=\"https:\/\/www.facebook.com\/casadecampoliving\" \/>\n<meta property=\"article:published_time\" content=\"2015-11-30T04:00:00+00:00\" \/>\n<meta property=\"article:modified_time\" content=\"2022-10-21T23:03:32+00:00\" \/>\n<meta property=\"og:image\" content=\"https:\/\/i0.wp.com\/casadecampoliving.com\/wp-content\/uploads\/2022\/10\/Casa-de-Campo-Corre-3.png?fit=595%2C439&ssl=1\" \/>\n\t<meta property=\"og:image:width\" content=\"595\" \/>\n\t<meta property=\"og:image:height\" content=\"439\" \/>\n\t<meta property=\"og:image:type\" content=\"image\/png\" \/>\n<meta name=\"author\" content=\"Perkin Agramonte\" \/>\n<meta name=\"twitter:card\" content=\"summary_large_image\" \/>\n<meta name=\"twitter:creator\" content=\"@cdcliving\" \/>\n<meta name=\"twitter:site\" content=\"@cdcliving\" \/>\n<meta name=\"twitter:label1\" content=\"Escrito por\" \/>\n\t<meta name=\"twitter:data1\" content=\"Perkin Agramonte\" \/>\n\t<meta name=\"twitter:label2\" content=\"Tiempo de lectura\" \/>\n\t<meta name=\"twitter:data2\" content=\"2 minutos\" \/>\n<script type=\"application\/ld+json\" class=\"yoast-schema-graph\">{\"@context\":\"https:\\\/\\\/schema.org\",\"@graph\":[{\"@type\":\"Article\",\"@id\":\"https:\\\/\\\/casadecampoliving.com\\\/es\\\/casa-de-campo-corre-en-las-redes-sociales\\\/#article\",\"isPartOf\":{\"@id\":\"https:\\\/\\\/casadecampoliving.com\\\/es\\\/casa-de-campo-corre-en-las-redes-sociales\\\/\"},\"author\":{\"name\":\"Perkin Agramonte\",\"@id\":\"https:\\\/\\\/casadecampoliving.com\\\/es\\\/#\\\/schema\\\/person\\\/c8efa6049510554b7d5fea078d728f72\"},\"headline\":\"Casa de Campo Corre por el Hogar del Ni\u00f1o: La mejor selecci\u00f3n de redes sociales\",\"datePublished\":\"2015-11-30T04:00:00+00:00\",\"dateModified\":\"2022-10-21T23:03:32+00:00\",\"mainEntityOfPage\":{\"@id\":\"https:\\\/\\\/casadecampoliving.com\\\/es\\\/casa-de-campo-corre-en-las-redes-sociales\\\/\"},\"wordCount\":477,\"publisher\":{\"@id\":\"https:\\\/\\\/casadecampoliving.com\\\/es\\\/#organization\"},\"image\":{\"@id\":\"https:\\\/\\\/casadecampoliving.com\\\/es\\\/casa-de-campo-corre-en-las-redes-sociales\\\/#primaryimage\"},\"thumbnailUrl\":\"https:\\\/\\\/i0.wp.com\\\/casadecampoliving.com\\\/wp-content\\\/uploads\\\/2022\\\/10\\\/Casa-de-Campo-Corre-3.png?fit=595%2C439&ssl=1\",\"keywords\":[\"Casa de Campo Community @es\",\"Casa de Campo Corre @es\",\"Casa de Campo Living\",\"casa de campo resort @es\",\"hogar del nino\"],\"articleSection\":[\"Casa de Campo Living @es\",\"CCL presenta\",\"Deportes\",\"Estilo de Vida\",\"Eventos\",\"Fundaciones\",\"Hogar del Ni\u00f1o @es\",\"Noticias Locales\",\"Proximamente\",\"Rep\u00fablica Dominicana @es\",\"Resort Casa de Campo\",\"Titulares\"],\"inLanguage\":\"es\"},{\"@type\":\"WebPage\",\"@id\":\"https:\\\/\\\/casadecampoliving.com\\\/es\\\/casa-de-campo-corre-en-las-redes-sociales\\\/\",\"url\":\"https:\\\/\\\/casadecampoliving.com\\\/es\\\/casa-de-campo-corre-en-las-redes-sociales\\\/\",\"name\":\"Casa de Campo Corre por el Hogar del Ni\u00f1o: La mejor selecci\u00f3n de redes sociales | Casa de Campo Living\",\"isPartOf\":{\"@id\":\"https:\\\/\\\/casadecampoliving.com\\\/es\\\/#website\"},\"primaryImageOfPage\":{\"@id\":\"https:\\\/\\\/casadecampoliving.com\\\/es\\\/casa-de-campo-corre-en-las-redes-sociales\\\/#primaryimage\"},\"image\":{\"@id\":\"https:\\\/\\\/casadecampoliving.com\\\/es\\\/casa-de-campo-corre-en-las-redes-sociales\\\/#primaryimage\"},\"thumbnailUrl\":\"https:\\\/\\\/i0.wp.com\\\/casadecampoliving.com\\\/wp-content\\\/uploads\\\/2022\\\/10\\\/Casa-de-Campo-Corre-3.png?fit=595%2C439&ssl=1\",\"datePublished\":\"2015-11-30T04:00:00+00:00\",\"dateModified\":\"2022-10-21T23:03:32+00:00\",\"description\":\"Es un nuevo d\u00eda, una nueva semana, y todav\u00eda estamos acelerados de la emoci\u00f3n de la segunda edici\u00f3n del Casa de Campo Corre por el Hogar del Ni\u00f1o en el\",\"breadcrumb\":{\"@id\":\"https:\\\/\\\/casadecampoliving.com\\\/es\\\/casa-de-campo-corre-en-las-redes-sociales\\\/#breadcrumb\"},\"inLanguage\":\"es\",\"potentialAction\":[{\"@type\":\"ReadAction\",\"target\":[\"https:\\\/\\\/casadecampoliving.com\\\/es\\\/casa-de-campo-corre-en-las-redes-sociales\\\/\"]}]},{\"@type\":\"ImageObject\",\"inLanguage\":\"es\",\"@id\":\"https:\\\/\\\/casadecampoliving.com\\\/es\\\/casa-de-campo-corre-en-las-redes-sociales\\\/#primaryimage\",\"url\":\"https:\\\/\\\/i0.wp.com\\\/casadecampoliving.com\\\/wp-content\\\/uploads\\\/2022\\\/10\\\/Casa-de-Campo-Corre-3.png?fit=595%2C439&ssl=1\",\"contentUrl\":\"https:\\\/\\\/i0.wp.com\\\/casadecampoliving.com\\\/wp-content\\\/uploads\\\/2022\\\/10\\\/Casa-de-Campo-Corre-3.png?fit=595%2C439&ssl=1\",\"width\":595,\"height\":439},{\"@type\":\"BreadcrumbList\",\"@id\":\"https:\\\/\\\/casadecampoliving.com\\\/es\\\/casa-de-campo-corre-en-las-redes-sociales\\\/#breadcrumb\",\"itemListElement\":[{\"@type\":\"ListItem\",\"position\":1,\"name\":\"Home\",\"item\":\"https:\\\/\\\/casadecampoliving.com\\\/es\\\/\"},{\"@type\":\"ListItem\",\"position\":2,\"name\":\"Casa de Campo Corre por el Hogar del Ni\u00f1o: La mejor selecci\u00f3n de redes sociales\"}]},{\"@type\":\"WebSite\",\"@id\":\"https:\\\/\\\/casadecampoliving.com\\\/es\\\/#website\",\"url\":\"https:\\\/\\\/casadecampoliving.com\\\/es\\\/\",\"name\":\"Casa de Campo Living\",\"description\":\"Resort community news and resources.\",\"publisher\":{\"@id\":\"https:\\\/\\\/casadecampoliving.com\\\/es\\\/#organization\"},\"potentialAction\":[{\"@type\":\"SearchAction\",\"target\":{\"@type\":\"EntryPoint\",\"urlTemplate\":\"https:\\\/\\\/casadecampoliving.com\\\/es\\\/?s={search_term_string}\"},\"query-input\":{\"@type\":\"PropertyValueSpecification\",\"valueRequired\":true,\"valueName\":\"search_term_string\"}}],\"inLanguage\":\"es\"},{\"@type\":\"Organization\",\"@id\":\"https:\\\/\\\/casadecampoliving.com\\\/es\\\/#organization\",\"name\":\"Casa de Campo Living\",\"url\":\"https:\\\/\\\/casadecampoliving.com\\\/es\\\/\",\"logo\":{\"@type\":\"ImageObject\",\"inLanguage\":\"es\",\"@id\":\"https:\\\/\\\/casadecampoliving.com\\\/es\\\/#\\\/schema\\\/logo\\\/image\\\/\",\"url\":\"https:\\\/\\\/i0.wp.com\\\/casadecampoliving.com\\\/wp-content\\\/uploads\\\/2022\\\/07\\\/CDCLivingLogo_V1-white-sized.png?fit=800%2C214&ssl=1\",\"contentUrl\":\"https:\\\/\\\/i0.wp.com\\\/casadecampoliving.com\\\/wp-content\\\/uploads\\\/2022\\\/07\\\/CDCLivingLogo_V1-white-sized.png?fit=800%2C214&ssl=1\",\"width\":800,\"height\":214,\"caption\":\"Casa de Campo Living\"},\"image\":{\"@id\":\"https:\\\/\\\/casadecampoliving.com\\\/es\\\/#\\\/schema\\\/logo\\\/image\\\/\"},\"sameAs\":[\"https:\\\/\\\/www.facebook.com\\\/casadecampoliving\",\"https:\\\/\\\/x.com\\\/cdcliving\"]},{\"@type\":\"Person\",\"@id\":\"https:\\\/\\\/casadecampoliving.com\\\/es\\\/#\\\/schema\\\/person\\\/c8efa6049510554b7d5fea078d728f72\",\"name\":\"Perkin Agramonte\",\"image\":{\"@type\":\"ImageObject\",\"inLanguage\":\"es\",\"@id\":\"https:\\\/\\\/secure.gravatar.com\\\/avatar\\\/57bfdafcae55fb83dbb79a1585a9eab7f269b7720fb0b64cb9a4e0cd2962fa10?s=96&d=mm&r=g\",\"url\":\"https:\\\/\\\/secure.gravatar.com\\\/avatar\\\/57bfdafcae55fb83dbb79a1585a9eab7f269b7720fb0b64cb9a4e0cd2962fa10?s=96&d=mm&r=g\",\"contentUrl\":\"https:\\\/\\\/secure.gravatar.com\\\/avatar\\\/57bfdafcae55fb83dbb79a1585a9eab7f269b7720fb0b64cb9a4e0cd2962fa10?s=96&d=mm&r=g\",\"caption\":\"Perkin Agramonte\"},\"url\":\"https:\\\/\\\/casadecampoliving.com\\\/es\\\/author\\\/cagramonte\\\/\"}]}<\/script>\n<!-- \/ Yoast SEO plugin. -->","yoast_head_json":{"title":"Casa de Campo Corre por el Hogar del Ni\u00f1o: La mejor selecci\u00f3n de redes sociales | Casa de Campo Living","description":"Es un nuevo d\u00eda, una nueva semana, y todav\u00eda estamos acelerados de la emoci\u00f3n de la segunda edici\u00f3n del Casa de Campo Corre por el Hogar del Ni\u00f1o en el","robots":{"index":"index","follow":"follow","max-snippet":"max-snippet:-1","max-image-preview":"max-image-preview:large","max-video-preview":"max-video-preview:-1"},"canonical":"https:\/\/casadecampoliving.com\/es\/casa-de-campo-corre-en-las-redes-sociales\/","og_locale":"es_ES","og_type":"article","og_title":"Casa de Campo Corre por el Hogar del Ni\u00f1o: La mejor selecci\u00f3n de redes sociales | Casa de Campo Living","og_description":"Es un nuevo d\u00eda, una nueva semana, y todav\u00eda estamos acelerados de la emoci\u00f3n de la segunda edici\u00f3n del Casa de Campo Corre por el Hogar del Ni\u00f1o en el","og_url":"https:\/\/casadecampoliving.com\/es\/casa-de-campo-corre-en-las-redes-sociales\/","og_site_name":"Casa de Campo Living","article_publisher":"https:\/\/www.facebook.com\/casadecampoliving","article_published_time":"2015-11-30T04:00:00+00:00","article_modified_time":"2022-10-21T23:03:32+00:00","og_image":[{"width":595,"height":439,"url":"https:\/\/i0.wp.com\/casadecampoliving.com\/wp-content\/uploads\/2022\/10\/Casa-de-Campo-Corre-3.png?fit=595%2C439&ssl=1","type":"image\/png"}],"author":"Perkin Agramonte","twitter_card":"summary_large_image","twitter_creator":"@cdcliving","twitter_site":"@cdcliving","twitter_misc":{"Escrito por":"Perkin Agramonte","Tiempo de lectura":"2 minutos"},"schema":{"@context":"https:\/\/schema.org","@graph":[{"@type":"Article","@id":"https:\/\/casadecampoliving.com\/es\/casa-de-campo-corre-en-las-redes-sociales\/#article","isPartOf":{"@id":"https:\/\/casadecampoliving.com\/es\/casa-de-campo-corre-en-las-redes-sociales\/"},"author":{"name":"Perkin Agramonte","@id":"https:\/\/casadecampoliving.com\/es\/#\/schema\/person\/c8efa6049510554b7d5fea078d728f72"},"headline":"Casa de Campo Corre por el Hogar del Ni\u00f1o: La mejor selecci\u00f3n de redes sociales","datePublished":"2015-11-30T04:00:00+00:00","dateModified":"2022-10-21T23:03:32+00:00","mainEntityOfPage":{"@id":"https:\/\/casadecampoliving.com\/es\/casa-de-campo-corre-en-las-redes-sociales\/"},"wordCount":477,"publisher":{"@id":"https:\/\/casadecampoliving.com\/es\/#organization"},"image":{"@id":"https:\/\/casadecampoliving.com\/es\/casa-de-campo-corre-en-las-redes-sociales\/#primaryimage"},"thumbnailUrl":"https:\/\/i0.wp.com\/casadecampoliving.com\/wp-content\/uploads\/2022\/10\/Casa-de-Campo-Corre-3.png?fit=595%2C439&ssl=1","keywords":["Casa de Campo Community @es","Casa de Campo Corre @es","Casa de Campo Living","casa de campo resort @es","hogar del nino"],"articleSection":["Casa de Campo Living @es","CCL presenta","Deportes","Estilo de Vida","Eventos","Fundaciones","Hogar del Ni\u00f1o @es","Noticias Locales","Proximamente","Rep\u00fablica Dominicana @es","Resort Casa de Campo","Titulares"],"inLanguage":"es"},{"@type":"WebPage","@id":"https:\/\/casadecampoliving.com\/es\/casa-de-campo-corre-en-las-redes-sociales\/","url":"https:\/\/casadecampoliving.com\/es\/casa-de-campo-corre-en-las-redes-sociales\/","name":"Casa de Campo Corre por el Hogar del Ni\u00f1o: La mejor selecci\u00f3n de redes sociales | Casa de Campo Living","isPartOf":{"@id":"https:\/\/casadecampoliving.com\/es\/#website"},"primaryImageOfPage":{"@id":"https:\/\/casadecampoliving.com\/es\/casa-de-campo-corre-en-las-redes-sociales\/#primaryimage"},"image":{"@id":"https:\/\/casadecampoliving.com\/es\/casa-de-campo-corre-en-las-redes-sociales\/#primaryimage"},"thumbnailUrl":"https:\/\/i0.wp.com\/casadecampoliving.com\/wp-content\/uploads\/2022\/10\/Casa-de-Campo-Corre-3.png?fit=595%2C439&ssl=1","datePublished":"2015-11-30T04:00:00+00:00","dateModified":"2022-10-21T23:03:32+00:00","description":"Es un nuevo d\u00eda, una nueva semana, y todav\u00eda estamos acelerados de la emoci\u00f3n de la segunda edici\u00f3n del Casa de Campo Corre por el Hogar del Ni\u00f1o en el","breadcrumb":{"@id":"https:\/\/casadecampoliving.com\/es\/casa-de-campo-corre-en-las-redes-sociales\/#breadcrumb"},"inLanguage":"es","potentialAction":[{"@type":"ReadAction","target":["https:\/\/casadecampoliving.com\/es\/casa-de-campo-corre-en-las-redes-sociales\/"]}]},{"@type":"ImageObject","inLanguage":"es","@id":"https:\/\/casadecampoliving.com\/es\/casa-de-campo-corre-en-las-redes-sociales\/#primaryimage","url":"https:\/\/i0.wp.com\/casadecampoliving.com\/wp-content\/uploads\/2022\/10\/Casa-de-Campo-Corre-3.png?fit=595%2C439&ssl=1","contentUrl":"https:\/\/i0.wp.com\/casadecampoliving.com\/wp-content\/uploads\/2022\/10\/Casa-de-Campo-Corre-3.png?fit=595%2C439&ssl=1","width":595,"height":439},{"@type":"BreadcrumbList","@id":"https:\/\/casadecampoliving.com\/es\/casa-de-campo-corre-en-las-redes-sociales\/#breadcrumb","itemListElement":[{"@type":"ListItem","position":1,"name":"Home","item":"https:\/\/casadecampoliving.com\/es\/"},{"@type":"ListItem","position":2,"name":"Casa de Campo Corre por el Hogar del Ni\u00f1o: La mejor selecci\u00f3n de redes sociales"}]},{"@type":"WebSite","@id":"https:\/\/casadecampoliving.com\/es\/#website","url":"https:\/\/casadecampoliving.com\/es\/","name":"Casa de Campo Living","description":"Resort community news and resources.","publisher":{"@id":"https:\/\/casadecampoliving.com\/es\/#organization"},"potentialAction":[{"@type":"SearchAction","target":{"@type":"EntryPoint","urlTemplate":"https:\/\/casadecampoliving.com\/es\/?s={search_term_string}"},"query-input":{"@type":"PropertyValueSpecification","valueRequired":true,"valueName":"search_term_string"}}],"inLanguage":"es"},{"@type":"Organization","@id":"https:\/\/casadecampoliving.com\/es\/#organization","name":"Casa de Campo Living","url":"https:\/\/casadecampoliving.com\/es\/","logo":{"@type":"ImageObject","inLanguage":"es","@id":"https:\/\/casadecampoliving.com\/es\/#\/schema\/logo\/image\/","url":"https:\/\/i0.wp.com\/casadecampoliving.com\/wp-content\/uploads\/2022\/07\/CDCLivingLogo_V1-white-sized.png?fit=800%2C214&ssl=1","contentUrl":"https:\/\/i0.wp.com\/casadecampoliving.com\/wp-content\/uploads\/2022\/07\/CDCLivingLogo_V1-white-sized.png?fit=800%2C214&ssl=1","width":800,"height":214,"caption":"Casa de Campo Living"},"image":{"@id":"https:\/\/casadecampoliving.com\/es\/#\/schema\/logo\/image\/"},"sameAs":["https:\/\/www.facebook.com\/casadecampoliving","https:\/\/x.com\/cdcliving"]},{"@type":"Person","@id":"https:\/\/casadecampoliving.com\/es\/#\/schema\/person\/c8efa6049510554b7d5fea078d728f72","name":"Perkin Agramonte","image":{"@type":"ImageObject","inLanguage":"es","@id":"https:\/\/secure.gravatar.com\/avatar\/57bfdafcae55fb83dbb79a1585a9eab7f269b7720fb0b64cb9a4e0cd2962fa10?s=96&d=mm&r=g","url":"https:\/\/secure.gravatar.com\/avatar\/57bfdafcae55fb83dbb79a1585a9eab7f269b7720fb0b64cb9a4e0cd2962fa10?s=96&d=mm&r=g","contentUrl":"https:\/\/secure.gravatar.com\/avatar\/57bfdafcae55fb83dbb79a1585a9eab7f269b7720fb0b64cb9a4e0cd2962fa10?s=96&d=mm&r=g","caption":"Perkin Agramonte"},"url":"https:\/\/casadecampoliving.com\/es\/author\/cagramonte\/"}]}},"parsely":{"version":"1.1.0","canonical_url":"https:\/\/casadecampoliving.com\/es\/casa-de-campo-corre-en-las-redes-sociales\/","smart_links":{"inbound":0,"outbound":0},"traffic_boost_suggestions_count":0,"meta":{"@context":"https:\/\/schema.org","@type":"NewsArticle","headline":"Casa de Campo Corre por el Hogar del Ni\u00f1o: La mejor selecci\u00f3n de redes sociales","url":"http:\/\/casadecampoliving.com\/es\/casa-de-campo-corre-en-las-redes-sociales\/","mainEntityOfPage":{"@type":"WebPage","@id":"http:\/\/casadecampoliving.com\/es\/casa-de-campo-corre-en-las-redes-sociales\/"},"thumbnailUrl":"https:\/\/i0.wp.com\/casadecampoliving.com\/wp-content\/uploads\/2022\/10\/Casa-de-Campo-Corre-3.png?resize=150%2C150&ssl=1","image":{"@type":"ImageObject","url":"https:\/\/i0.wp.com\/casadecampoliving.com\/wp-content\/uploads\/2022\/10\/Casa-de-Campo-Corre-3.png?fit=595%2C439&ssl=1"},"articleSection":"CCL presenta","author":[{"@type":"Person","name":"Perkin Agramonte"}],"creator":["Perkin Agramonte"],"publisher":{"@type":"Organization","name":"Casa de Campo Living","logo":"https:\/\/casadecampoliving.com\/wp-content\/uploads\/2022\/07\/CDCLivingLogo_V1-white-sized.png"},"keywords":["casa de campo community @es","casa de campo corre @es","casa de campo living","casa de campo resort @es","hogar del nino"],"dateCreated":"2015-11-30T04:00:00Z","datePublished":"2015-11-30T04:00:00Z","dateModified":"2022-10-21T23:03:32Z"},"rendered":"<script type=\"application\/ld+json\" class=\"wp-parsely-metadata\">{\"@context\":\"https:\\\/\\\/schema.org\",\"@type\":\"NewsArticle\",\"headline\":\"Casa de Campo Corre por el Hogar del Ni\\u00f1o: La mejor selecci\\u00f3n de redes sociales\",\"url\":\"http:\\\/\\\/casadecampoliving.com\\\/es\\\/casa-de-campo-corre-en-las-redes-sociales\\\/\",\"mainEntityOfPage\":{\"@type\":\"WebPage\",\"@id\":\"http:\\\/\\\/casadecampoliving.com\\\/es\\\/casa-de-campo-corre-en-las-redes-sociales\\\/\"},\"thumbnailUrl\":\"https:\\\/\\\/i0.wp.com\\\/casadecampoliving.com\\\/wp-content\\\/uploads\\\/2022\\\/10\\\/Casa-de-Campo-Corre-3.png?resize=150%2C150&ssl=1\",\"image\":{\"@type\":\"ImageObject\",\"url\":\"https:\\\/\\\/i0.wp.com\\\/casadecampoliving.com\\\/wp-content\\\/uploads\\\/2022\\\/10\\\/Casa-de-Campo-Corre-3.png?fit=595%2C439&ssl=1\"},\"articleSection\":\"CCL presenta\",\"author\":[{\"@type\":\"Person\",\"name\":\"Perkin Agramonte\"}],\"creator\":[\"Perkin Agramonte\"],\"publisher\":{\"@type\":\"Organization\",\"name\":\"Casa de Campo Living\",\"logo\":\"https:\\\/\\\/casadecampoliving.com\\\/wp-content\\\/uploads\\\/2022\\\/07\\\/CDCLivingLogo_V1-white-sized.png\"},\"keywords\":[\"casa de campo community @es\",\"casa de campo corre @es\",\"casa de campo living\",\"casa de campo resort @es\",\"hogar del nino\"],\"dateCreated\":\"2015-11-30T04:00:00Z\",\"datePublished\":\"2015-11-30T04:00:00Z\",\"dateModified\":\"2022-10-21T23:03:32Z\"}<\/script>","tracker_url":"https:\/\/cdn.parsely.com\/keys\/casadecampoliving.com\/p.js"},"jetpack_publicize_connections":[],"jetpack_featured_media_url":"https:\/\/i0.wp.com\/casadecampoliving.com\/wp-content\/uploads\/2022\/10\/Casa-de-Campo-Corre-3.png?fit=595%2C439&ssl=1","jetpack-related-posts":[{"id":344267,"url":"https:\/\/casadecampoliving.com\/es\/el-hogar-del-nino-anuncia-casa-de-campo-corre\/","url_meta":{"origin":348709,"position":0},"title":"El Hogar del Ni\u00f1o anuncia \u00abCasa de Campo Corre\u00bb","author":"Perkin Agramonte","date":"25 Abr, 2014","format":false,"excerpt":"Buenas noticias para los que les gusta correr y que adem\u00e1s forman parte del grupo de personas generosas de Casa de Campo. El Hogar del Ni\u00f1o acaba de anunciar que est\u00e1 planeando su primera \u201ccarrera divertida\u201d \u2013 \u201cCasa de Campo Corre\u201d, programada para el s\u00e1bado 6 de diciembre. Esta es\u2026","rel":"","context":"En \u00abCasa de Campo Living @es\u00bb","block_context":{"text":"Casa de Campo Living @es","link":"https:\/\/casadecampoliving.com\/category\/casa-de-campo-living-es\/"},"img":{"alt_text":"Casa de Campo corre Hogar del Nino","src":"https:\/\/i0.wp.com\/casadecampoliving.com\/wp-content\/uploads\/2022\/10\/Casa-de-Campo-corre_hogar_del_nino-1.jpg?fit=650%2C464&ssl=1&resize=350%2C200","width":350,"height":200,"srcset":"https:\/\/i0.wp.com\/casadecampoliving.com\/wp-content\/uploads\/2022\/10\/Casa-de-Campo-corre_hogar_del_nino-1.jpg?fit=650%2C464&ssl=1&resize=350%2C200 1x, https:\/\/i0.wp.com\/casadecampoliving.com\/wp-content\/uploads\/2022\/10\/Casa-de-Campo-corre_hogar_del_nino-1.jpg?fit=650%2C464&ssl=1&resize=525%2C300 1.5x"},"classes":[]},{"id":348626,"url":"https:\/\/casadecampoliving.com\/es\/recordatorio-del-maraton-hogar-del-nino\/","url_meta":{"origin":348709,"position":1},"title":"Recordatorio del Marat\u00f3n Hogar del Ni\u00f1o","author":"Perkin Agramonte","date":"18 Nov, 2015","format":false,"excerpt":"\u00a1Solo faltan 11 d\u00edas! Amigos de la comunidad de Casa de Campo no queremos alarmalos pero si aun no tiene sus zapatillas deportivas listas y no se ha registrado para el Marat\u00f3n Casa de Campo Corre, su momento es ahora. El 2do Casa de Campo Corre por el Hogar del\u2026","rel":"","context":"En \u00abCasa de Campo Living @es\u00bb","block_context":{"text":"Casa de Campo Living @es","link":"https:\/\/casadecampoliving.com\/category\/casa-de-campo-living-es\/"},"img":{"alt_text":"","src":"https:\/\/i0.wp.com\/casadecampoliving.com\/wp-content\/uploads\/2022\/10\/Casa_de_Campo_Corre-1.png?fit=595%2C438&ssl=1&resize=350%2C200","width":350,"height":200,"srcset":"https:\/\/i0.wp.com\/casadecampoliving.com\/wp-content\/uploads\/2022\/10\/Casa_de_Campo_Corre-1.png?fit=595%2C438&ssl=1&resize=350%2C200 1x, https:\/\/i0.wp.com\/casadecampoliving.com\/wp-content\/uploads\/2022\/10\/Casa_de_Campo_Corre-1.png?fit=595%2C438&ssl=1&resize=525%2C300 1.5x"},"classes":[]},{"id":347888,"url":"https:\/\/casadecampoliving.com\/es\/2do-casa-de-campo-corre-incluira-maraton-completo\/","url_meta":{"origin":348709,"position":2},"title":"2do Casa de Campo Corre &#8211; incluir\u00e1 marat\u00f3n COMPLETO","author":"Rebecca Silvestri","date":"26 Jul, 2015","format":false,"excerpt":"\u00a1Reserve la fecha! Debido al gran \u00e9xito\u00a0del 1er Marat\u00f3n Casa de Campo Corre anual, el Hogarl del Ni\u00f1o est\u00e1 organizando su\u00a0segunda edici\u00f3n \u2013 \u00a1y este a\u00f1o incluir\u00e1n una ruta de marat\u00f3n COMPLETA! El 2do Casa de Campo Corre anual por el Hogar del Ni\u00f1o se llevar\u00e1 a cabo el s\u00e1bado\u2026","rel":"","context":"En \u00abCasa de Campo Living @es\u00bb","block_context":{"text":"Casa de Campo Living @es","link":"https:\/\/casadecampoliving.com\/category\/casa-de-campo-living-es\/"},"img":{"alt_text":"Casa de Campo Corre","src":"https:\/\/i0.wp.com\/casadecampoliving.com\/wp-content\/uploads\/2022\/10\/Casa_de_Campo_Corre1-1.jpg?fit=650%2C488&ssl=1&resize=350%2C200","width":350,"height":200,"srcset":"https:\/\/i0.wp.com\/casadecampoliving.com\/wp-content\/uploads\/2022\/10\/Casa_de_Campo_Corre1-1.jpg?fit=650%2C488&ssl=1&resize=350%2C200 1x, https:\/\/i0.wp.com\/casadecampoliving.com\/wp-content\/uploads\/2022\/10\/Casa_de_Campo_Corre1-1.jpg?fit=650%2C488&ssl=1&resize=525%2C300 1.5x"},"classes":[]},{"id":348366,"url":"https:\/\/casadecampoliving.com\/es\/recordatorio-casa-de-campo-corre-por-el-hogar-del-nino\/","url_meta":{"origin":348709,"position":3},"title":"Recordatorio: Casa de Campo Corre por el Hogar del Ni\u00f1o","author":"Felix Guerrero","date":"6 Oct, 2015","format":false,"excerpt":"\u00a1Los eventos deportivos m\u00e1s recientes tanto fuera como dentro de Casa han sido realmente divertidos! El Torneo de Tenis Casa de Campo\u00a0y la carrera Bayahibe 10k\u00a0demostraron ser incre\u00edbles eventos. Aqu\u00ed en Casa de Campo Living, estamos orgullosos de patrocinar el Casa de Campo Corre por el Hogar del Ni\u00f1o, lo\u2026","rel":"","context":"En \u00abCasa de Campo Living @es\u00bb","block_context":{"text":"Casa de Campo Living @es","link":"https:\/\/casadecampoliving.com\/category\/casa-de-campo-living-es\/"},"img":{"alt_text":"CDC Corre Header","src":"https:\/\/i0.wp.com\/casadecampoliving.com\/wp-content\/uploads\/2022\/10\/CDC-Corre-Header-1.jpg?fit=650%2C488&ssl=1&resize=350%2C200","width":350,"height":200,"srcset":"https:\/\/i0.wp.com\/casadecampoliving.com\/wp-content\/uploads\/2022\/10\/CDC-Corre-Header-1.jpg?fit=650%2C488&ssl=1&resize=350%2C200 1x, https:\/\/i0.wp.com\/casadecampoliving.com\/wp-content\/uploads\/2022\/10\/CDC-Corre-Header-1.jpg?fit=650%2C488&ssl=1&resize=525%2C300 1.5x"},"classes":[]},{"id":345882,"url":"https:\/\/casadecampoliving.com\/es\/participantes-del-casa-de-campo-corre-reciben-un-30-de-descuento-en-el-gym\/","url_meta":{"origin":348709,"position":4},"title":"\u00a1Participantes del Casa de Campo Corre reciben un 30% de descuento en el gym!","author":"Daniela Medina","date":"4 Nov, 2014","format":false,"excerpt":"\u00bfYa se inscribi\u00f3 para el marat\u00f3n \u201cCasa de Campo Corre por el Hogar del Ni\u00f1o\u201d el 6 de diciembre? Bueno, pues corra a inscribirse, porque el gimnasio Casa de Campo est\u00e1 dispuesto a \u00a1AYUDARLE A ENTRENAR! El gimnasio de Casa de Campo no s\u00f3lo est\u00e1 listo y esperando para ayudarle\u2026","rel":"","context":"En \u00abCasa de Campo Living @es\u00bb","block_context":{"text":"Casa de Campo Living @es","link":"https:\/\/casadecampoliving.com\/category\/casa-de-campo-living-es\/"},"img":{"alt_text":"","src":"https:\/\/i0.wp.com\/casadecampoliving.com\/wp-content\/uploads\/2022\/10\/gym-1.jpg?fit=800%2C536&ssl=1&resize=350%2C200","width":350,"height":200,"srcset":"https:\/\/i0.wp.com\/casadecampoliving.com\/wp-content\/uploads\/2022\/10\/gym-1.jpg?fit=800%2C536&ssl=1&resize=350%2C200 1x, https:\/\/i0.wp.com\/casadecampoliving.com\/wp-content\/uploads\/2022\/10\/gym-1.jpg?fit=800%2C536&ssl=1&resize=525%2C300 1.5x, https:\/\/i0.wp.com\/casadecampoliving.com\/wp-content\/uploads\/2022\/10\/gym-1.jpg?fit=800%2C536&ssl=1&resize=700%2C400 2x"},"classes":[]},{"id":345396,"url":"https:\/\/casadecampoliving.com\/es\/tarifa-de-us76-para-el-maraton-hogar-del-nino\/","url_meta":{"origin":348709,"position":5},"title":"Tarifa de US$76 para el marat\u00f3n Hogar del Ni\u00f1o","author":"Maria Isabel B\u00e1ez","date":"19 Sep, 2014","format":false,"excerpt":"Casa de Campo ha hecho un gran anuncio \u2013 que todos los que planean participar en el Casa de Campo Corre por Hogar del Ni\u00f1o, \u00a1puede hospedarse en el hotel Casa de Campo por solo\u00a0US$76! \u00a1Esta increible tarifa de US$76 por persona incluye desayuno y carrito de golf! Las distancias\u2026","rel":"","context":"En \u00abCasa de Campo Living @es\u00bb","block_context":{"text":"Casa de Campo Living @es","link":"https:\/\/casadecampoliving.com\/category\/casa-de-campo-living-es\/"},"img":{"alt_text":"","src":"https:\/\/i0.wp.com\/casadecampoliving.com\/wp-content\/uploads\/2022\/10\/Room-1.jpg?fit=1024%2C628&ssl=1&resize=350%2C200","width":350,"height":200,"srcset":"https:\/\/i0.wp.com\/casadecampoliving.com\/wp-content\/uploads\/2022\/10\/Room-1.jpg?fit=1024%2C628&ssl=1&resize=350%2C200 1x, https:\/\/i0.wp.com\/casadecampoliving.com\/wp-content\/uploads\/2022\/10\/Room-1.jpg?fit=1024%2C628&ssl=1&resize=525%2C300 1.5x, https:\/\/i0.wp.com\/casadecampoliving.com\/wp-content\/uploads\/2022\/10\/Room-1.jpg?fit=1024%2C628&ssl=1&resize=700%2C400 2x"},"classes":[]}],"jetpack_sharing_enabled":true,"_links":{"self":[{"href":"https:\/\/casadecampoliving.com\/es\/wp-json\/wp\/v2\/posts\/348709","targetHints":{"allow":["GET"]}}],"collection":[{"href":"https:\/\/casadecampoliving.com\/es\/wp-json\/wp\/v2\/posts"}],"about":[{"href":"https:\/\/casadecampoliving.com\/es\/wp-json\/wp\/v2\/types\/post"}],"author":[{"embeddable":true,"href":"https:\/\/casadecampoliving.com\/es\/wp-json\/wp\/v2\/users\/1097"}],"replies":[{"embeddable":true,"href":"https:\/\/casadecampoliving.com\/es\/wp-json\/wp\/v2\/comments?post=348709"}],"version-history":[{"count":1,"href":"https:\/\/casadecampoliving.com\/es\/wp-json\/wp\/v2\/posts\/348709\/revisions"}],"predecessor-version":[{"id":348710,"href":"https:\/\/casadecampoliving.com\/es\/wp-json\/wp\/v2\/posts\/348709\/revisions\/348710"}],"wp:featuredmedia":[{"embeddable":true,"href":"https:\/\/casadecampoliving.com\/es\/wp-json\/wp\/v2\/media\/305244"}],"wp:attachment":[{"href":"https:\/\/casadecampoliving.com\/es\/wp-json\/wp\/v2\/media?parent=348709"}],"wp:term":[{"taxonomy":"category","embeddable":true,"href":"https:\/\/casadecampoliving.com\/es\/wp-json\/wp\/v2\/categories?post=348709"},{"taxonomy":"post_tag","embeddable":true,"href":"https:\/\/casadecampoliving.com\/es\/wp-json\/wp\/v2\/tags?post=348709"},{"taxonomy":"newspack_spnsrs_tax","embeddable":true,"href":"https:\/\/casadecampoliving.com\/es\/wp-json\/wp\/v2\/newspack_spnsrs_tax?post=348709"}],"curies":[{"name":"wp","href":"https:\/\/api.w.org\/{rel}","templated":true}]}}