{"id":348707,"date":"2015-11-29T00:00:00","date_gmt":"2015-11-29T04:00:00","guid":{"rendered":"https:\/\/casadecampoliving.com\/fiesta-despedida-de-ano-en-playa-minitas\/"},"modified":"2022-10-21T19:03:25","modified_gmt":"2022-10-21T23:03:25","slug":"fiesta-despedida-de-ano-en-playa-minitas","status":"publish","type":"post","link":"https:\/\/casadecampoliving.com\/es\/fiesta-despedida-de-ano-en-playa-minitas\/","title":{"rendered":"\u00a1Fiesta de Despedida de A\u00f1o en Playa Minitas anunciada!"},"content":{"rendered":"<div class=\"wp-block-image\">\n<figure class=\"aligncenter is-resized\"><img loading=\"lazy\" decoding=\"async\" src=\"https:\/\/i0.wp.com\/casadecampoliving.com\/wp-content\/uploads\/2022\/10\/NYE_party_Praia-e14486529113062.jpg?resize=650%2C523&amp;ssl=1\" alt=\"NYE_party_Praia-e1448652911306\" class=\"wp-image-115200\" height=\"523\" width=\"650\"\/><\/figure>\n<\/div>\n\n\n<p>Ya casi es hora de ponerse ese traje con canutillos, tacones altos y accesorios de brillo&nbsp;con champagne en mano, ya que la fiesta de despedida de a\u00f1o en Playa Minitas promete ser inolvidable.<\/p>\n\n\n\n<!--more-->\n\n\n\n<p>PRAIA continuar\u00e1 siendo&nbsp;due\u00f1o y se\u00f1or de las fiestas de Despedida de A\u00f1o y este a\u00f1o promete ser mejor que nunca antes. \u00bfDe que manera? Los efectos de luces ser\u00e1n espectaculares con pantallas LED importadas tecnolog\u00eda&nbsp;de mapeo 3D expresamente importadas para la fiesta. Los fuegos artificiales iluminar\u00e1n el cielo y los artistas incluyen a Julian Ingress, DJ Hardey, DJ Lazz y Andres ACV2.<\/p>\n\n\n\n<p>\u00a1Busquen sus taquillas o reserven sus mesas hoy pues la tradicional fiesta de Despedida de A\u00f1o en Playa Minitas ser\u00e1 donde querr\u00e1n estar cuando el reloj marque las 12:00am y le demos la bienvenida al 2016!<\/p>\n\n\n\n<blockquote><h3>Fiesta de Despedida de A\u00f1o 2015\/2016<\/h3><p><strong>Cuando<\/strong>: 31 de diciembre, Puertas abren a las&nbsp;11:00pm<\/p><p><strong>Donde<\/strong>: Playa Minitas<\/p><p><strong>Actuaciones<\/strong>: Julian Ingrosso, DJ Hardey, DJ Lazz, Andres ACV2<\/p><p><strong>Precio<\/strong>: USD$150 por&nbsp;persona (Efectivo solamente). Incluye&nbsp;Barra Abierta (<em>Open Bar<\/em>). Tickets disponibles en&nbsp;Restaurant Peperoni Marina<\/p><p><strong>Contacto<\/strong>: 809-705-5555, jp@praia.com.do. Llame o envie un email para reservaciones de mesa.<\/p><\/blockquote>\n\n\n\n<figure class=\"wp-block-image is-resized\"><img loading=\"lazy\" decoding=\"async\" src=\"https:\/\/i0.wp.com\/casadecampoliving.com\/wp-content\/uploads\/2022\/10\/NYE_party_Praia-e1448652911306.jpg?resize=650%2C1005&amp;ssl=1\" alt=\"NYE Praia Party\" class=\"wp-image-115189\" height=\"1005\" width=\"650\"\/><\/figure>\n","protected":false},"excerpt":{"rendered":"<p>Ya casi es hora de ponerse ese traje con canutillos, tacones altos y accesorios de brillo&nbsp;con champagne en mano, ya que la fiesta de despedida de a\u00f1o en Playa Minitas promete ser inolvidable.<\/p>\n","protected":false},"author":36681,"featured_media":304836,"comment_status":"closed","ping_status":"closed","sticky":false,"template":"","format":"standard","meta":{"newspack_ads_suppress_ads":false,"newspack_popups_has_disabled_popups":false,"newspack_sponsor_sponsorship_scope":"","newspack_sponsor_native_byline_display":"inherit","newspack_sponsor_native_category_display":"inherit","newspack_sponsor_underwriter_style":"inherit","newspack_sponsor_underwriter_placement":"inherit","_newspack_byline_active":false,"_newspack_byline":"","newspack_content_restriction_is_exempt":false,"newspack_featured_image_position":"","newspack_post_subtitle":"","newspack_article_summary_title":"Overview:","newspack_article_summary":"","newspack_hide_updated_date":false,"newspack_show_updated_date":false,"_jetpack_memberships_contains_paid_content":false,"footnotes":"","jetpack_publicize_message":"","jetpack_publicize_feature_enabled":true,"jetpack_social_post_already_shared":false,"jetpack_social_options":{"image_generator_settings":{"template":"highway","default_image_id":0,"font":"","enabled":false},"version":2},"_wpas_customize_per_network":false},"categories":[14629,2524,14631,2522,14625,14627,2521,26822,2501],"tags":[7690],"newspack_spnsrs_tax":[],"class_list":["post-348707","post","type-post","status-publish","format-standard","has-post-thumbnail","hentry","category-comidas-bebidas","category-destacados","category-estilo-de-vida","category-eventos-es","category-noticias-locales","category-proximamente","category-republica-dominicana-2","category-resort-casa-de-campo","category-vida-nocturna-es","tag-praia-es","entry"],"yoast_head":"<!-- This site is optimized with the Yoast SEO plugin v27.3 - https:\/\/yoast.com\/product\/yoast-seo-wordpress\/ -->\n<title>\u00a1Fiesta de Despedida de A\u00f1o en Playa Minitas anunciada! | Casa de Campo Living<\/title>\n<meta name=\"description\" content=\"Ya casi es hora de ponerse ese traje con canutillos, tacones altos y accesorios de brillo&nbsp;con champagne en mano, ya que la fiesta de despedida de a\u00f1o\" \/>\n<meta name=\"robots\" content=\"index, follow, max-snippet:-1, max-image-preview:large, max-video-preview:-1\" \/>\n<link rel=\"canonical\" href=\"https:\/\/casadecampoliving.com\/es\/fiesta-despedida-de-ano-en-playa-minitas\/\" \/>\n<meta property=\"og:locale\" content=\"es_ES\" \/>\n<meta property=\"og:type\" content=\"article\" \/>\n<meta property=\"og:title\" content=\"\u00a1Fiesta de Despedida de A\u00f1o en Playa Minitas anunciada! | Casa de Campo Living\" \/>\n<meta property=\"og:description\" content=\"Ya casi es hora de ponerse ese traje con canutillos, tacones altos y accesorios de brillo&nbsp;con champagne en mano, ya que la fiesta de despedida de a\u00f1o\" \/>\n<meta property=\"og:url\" content=\"https:\/\/casadecampoliving.com\/es\/fiesta-despedida-de-ano-en-playa-minitas\/\" \/>\n<meta property=\"og:site_name\" content=\"Casa de Campo Living\" \/>\n<meta property=\"article:publisher\" content=\"https:\/\/www.facebook.com\/casadecampoliving\" \/>\n<meta property=\"article:published_time\" content=\"2015-11-29T04:00:00+00:00\" \/>\n<meta property=\"article:modified_time\" content=\"2022-10-21T23:03:25+00:00\" \/>\n<meta property=\"og:image\" content=\"https:\/\/i0.wp.com\/casadecampoliving.com\/wp-content\/uploads\/2022\/10\/NYE_party_Praia-e14486529113062-1.jpg?fit=645%2C519&ssl=1\" \/>\n\t<meta property=\"og:image:width\" content=\"645\" \/>\n\t<meta property=\"og:image:height\" content=\"519\" \/>\n\t<meta property=\"og:image:type\" content=\"image\/jpeg\" \/>\n<meta name=\"author\" content=\"Heather Lincoln\" \/>\n<meta name=\"twitter:card\" content=\"summary_large_image\" \/>\n<meta name=\"twitter:creator\" content=\"@cdcliving\" \/>\n<meta name=\"twitter:site\" content=\"@cdcliving\" \/>\n<meta name=\"twitter:label1\" content=\"Escrito por\" \/>\n\t<meta name=\"twitter:data1\" content=\"Heather Lincoln\" \/>\n\t<meta name=\"twitter:label2\" content=\"Tiempo de lectura\" \/>\n\t<meta name=\"twitter:data2\" content=\"1 minuto\" \/>\n<script type=\"application\/ld+json\" class=\"yoast-schema-graph\">{\"@context\":\"https:\\\/\\\/schema.org\",\"@graph\":[{\"@type\":\"Article\",\"@id\":\"https:\\\/\\\/casadecampoliving.com\\\/es\\\/fiesta-despedida-de-ano-en-playa-minitas\\\/#article\",\"isPartOf\":{\"@id\":\"https:\\\/\\\/casadecampoliving.com\\\/es\\\/fiesta-despedida-de-ano-en-playa-minitas\\\/\"},\"author\":{\"name\":\"Heather Lincoln\",\"@id\":\"https:\\\/\\\/casadecampoliving.com\\\/es\\\/#\\\/schema\\\/person\\\/e3abfc63c1478fd703266a6f33a3145d\"},\"headline\":\"\u00a1Fiesta de Despedida de A\u00f1o en Playa Minitas anunciada!\",\"datePublished\":\"2015-11-29T04:00:00+00:00\",\"dateModified\":\"2022-10-21T23:03:25+00:00\",\"mainEntityOfPage\":{\"@id\":\"https:\\\/\\\/casadecampoliving.com\\\/es\\\/fiesta-despedida-de-ano-en-playa-minitas\\\/\"},\"wordCount\":219,\"publisher\":{\"@id\":\"https:\\\/\\\/casadecampoliving.com\\\/es\\\/#organization\"},\"image\":{\"@id\":\"https:\\\/\\\/casadecampoliving.com\\\/es\\\/fiesta-despedida-de-ano-en-playa-minitas\\\/#primaryimage\"},\"thumbnailUrl\":\"https:\\\/\\\/i0.wp.com\\\/casadecampoliving.com\\\/wp-content\\\/uploads\\\/2022\\\/10\\\/NYE_party_Praia-e14486529113062-1.jpg?fit=645%2C519&ssl=1\",\"keywords\":[\"praia @es\"],\"articleSection\":[\"Comidas &amp; Bebidas\",\"Destacados\",\"Estilo de Vida\",\"Eventos\",\"Noticias Locales\",\"Proximamente\",\"Rep\u00fablica Dominicana @es\",\"Resort Casa de Campo\",\"Vida Nocturna\"],\"inLanguage\":\"es\"},{\"@type\":\"WebPage\",\"@id\":\"https:\\\/\\\/casadecampoliving.com\\\/es\\\/fiesta-despedida-de-ano-en-playa-minitas\\\/\",\"url\":\"https:\\\/\\\/casadecampoliving.com\\\/es\\\/fiesta-despedida-de-ano-en-playa-minitas\\\/\",\"name\":\"\u00a1Fiesta de Despedida de A\u00f1o en Playa Minitas anunciada! | Casa de Campo Living\",\"isPartOf\":{\"@id\":\"https:\\\/\\\/casadecampoliving.com\\\/es\\\/#website\"},\"primaryImageOfPage\":{\"@id\":\"https:\\\/\\\/casadecampoliving.com\\\/es\\\/fiesta-despedida-de-ano-en-playa-minitas\\\/#primaryimage\"},\"image\":{\"@id\":\"https:\\\/\\\/casadecampoliving.com\\\/es\\\/fiesta-despedida-de-ano-en-playa-minitas\\\/#primaryimage\"},\"thumbnailUrl\":\"https:\\\/\\\/i0.wp.com\\\/casadecampoliving.com\\\/wp-content\\\/uploads\\\/2022\\\/10\\\/NYE_party_Praia-e14486529113062-1.jpg?fit=645%2C519&ssl=1\",\"datePublished\":\"2015-11-29T04:00:00+00:00\",\"dateModified\":\"2022-10-21T23:03:25+00:00\",\"description\":\"Ya casi es hora de ponerse ese traje con canutillos, tacones altos y accesorios de brillo&nbsp;con champagne en mano, ya que la fiesta de despedida de a\u00f1o\",\"breadcrumb\":{\"@id\":\"https:\\\/\\\/casadecampoliving.com\\\/es\\\/fiesta-despedida-de-ano-en-playa-minitas\\\/#breadcrumb\"},\"inLanguage\":\"es\",\"potentialAction\":[{\"@type\":\"ReadAction\",\"target\":[\"https:\\\/\\\/casadecampoliving.com\\\/es\\\/fiesta-despedida-de-ano-en-playa-minitas\\\/\"]}]},{\"@type\":\"ImageObject\",\"inLanguage\":\"es\",\"@id\":\"https:\\\/\\\/casadecampoliving.com\\\/es\\\/fiesta-despedida-de-ano-en-playa-minitas\\\/#primaryimage\",\"url\":\"https:\\\/\\\/i0.wp.com\\\/casadecampoliving.com\\\/wp-content\\\/uploads\\\/2022\\\/10\\\/NYE_party_Praia-e14486529113062-1.jpg?fit=645%2C519&ssl=1\",\"contentUrl\":\"https:\\\/\\\/i0.wp.com\\\/casadecampoliving.com\\\/wp-content\\\/uploads\\\/2022\\\/10\\\/NYE_party_Praia-e14486529113062-1.jpg?fit=645%2C519&ssl=1\",\"width\":645,\"height\":519},{\"@type\":\"BreadcrumbList\",\"@id\":\"https:\\\/\\\/casadecampoliving.com\\\/es\\\/fiesta-despedida-de-ano-en-playa-minitas\\\/#breadcrumb\",\"itemListElement\":[{\"@type\":\"ListItem\",\"position\":1,\"name\":\"Home\",\"item\":\"https:\\\/\\\/casadecampoliving.com\\\/es\\\/\"},{\"@type\":\"ListItem\",\"position\":2,\"name\":\"\u00a1Fiesta de Despedida de A\u00f1o en Playa Minitas anunciada!\"}]},{\"@type\":\"WebSite\",\"@id\":\"https:\\\/\\\/casadecampoliving.com\\\/es\\\/#website\",\"url\":\"https:\\\/\\\/casadecampoliving.com\\\/es\\\/\",\"name\":\"Casa de Campo Living\",\"description\":\"Resort community news and resources.\",\"publisher\":{\"@id\":\"https:\\\/\\\/casadecampoliving.com\\\/es\\\/#organization\"},\"potentialAction\":[{\"@type\":\"SearchAction\",\"target\":{\"@type\":\"EntryPoint\",\"urlTemplate\":\"https:\\\/\\\/casadecampoliving.com\\\/es\\\/?s={search_term_string}\"},\"query-input\":{\"@type\":\"PropertyValueSpecification\",\"valueRequired\":true,\"valueName\":\"search_term_string\"}}],\"inLanguage\":\"es\"},{\"@type\":\"Organization\",\"@id\":\"https:\\\/\\\/casadecampoliving.com\\\/es\\\/#organization\",\"name\":\"Casa de Campo Living\",\"url\":\"https:\\\/\\\/casadecampoliving.com\\\/es\\\/\",\"logo\":{\"@type\":\"ImageObject\",\"inLanguage\":\"es\",\"@id\":\"https:\\\/\\\/casadecampoliving.com\\\/es\\\/#\\\/schema\\\/logo\\\/image\\\/\",\"url\":\"https:\\\/\\\/i0.wp.com\\\/casadecampoliving.com\\\/wp-content\\\/uploads\\\/2022\\\/07\\\/CDCLivingLogo_V1-white-sized.png?fit=800%2C214&ssl=1\",\"contentUrl\":\"https:\\\/\\\/i0.wp.com\\\/casadecampoliving.com\\\/wp-content\\\/uploads\\\/2022\\\/07\\\/CDCLivingLogo_V1-white-sized.png?fit=800%2C214&ssl=1\",\"width\":800,\"height\":214,\"caption\":\"Casa de Campo Living\"},\"image\":{\"@id\":\"https:\\\/\\\/casadecampoliving.com\\\/es\\\/#\\\/schema\\\/logo\\\/image\\\/\"},\"sameAs\":[\"https:\\\/\\\/www.facebook.com\\\/casadecampoliving\",\"https:\\\/\\\/x.com\\\/cdcliving\"]},{\"@type\":\"Person\",\"@id\":\"https:\\\/\\\/casadecampoliving.com\\\/es\\\/#\\\/schema\\\/person\\\/e3abfc63c1478fd703266a6f33a3145d\",\"name\":\"Heather Lincoln\",\"image\":{\"@type\":\"ImageObject\",\"inLanguage\":\"es\",\"@id\":\"https:\\\/\\\/secure.gravatar.com\\\/avatar\\\/e8fc1ce4ad50385675908137b0d8d66be281d034bf072b4700460237638ea6d0?s=96&d=mm&r=g\",\"url\":\"https:\\\/\\\/secure.gravatar.com\\\/avatar\\\/e8fc1ce4ad50385675908137b0d8d66be281d034bf072b4700460237638ea6d0?s=96&d=mm&r=g\",\"contentUrl\":\"https:\\\/\\\/secure.gravatar.com\\\/avatar\\\/e8fc1ce4ad50385675908137b0d8d66be281d034bf072b4700460237638ea6d0?s=96&d=mm&r=g\",\"caption\":\"Heather Lincoln\"},\"url\":\"https:\\\/\\\/casadecampoliving.com\\\/es\\\/author\\\/hcastillo\\\/\"}]}<\/script>\n<!-- \/ Yoast SEO plugin. -->","yoast_head_json":{"title":"\u00a1Fiesta de Despedida de A\u00f1o en Playa Minitas anunciada! | Casa de Campo Living","description":"Ya casi es hora de ponerse ese traje con canutillos, tacones altos y accesorios de brillo&nbsp;con champagne en mano, ya que la fiesta de despedida de a\u00f1o","robots":{"index":"index","follow":"follow","max-snippet":"max-snippet:-1","max-image-preview":"max-image-preview:large","max-video-preview":"max-video-preview:-1"},"canonical":"https:\/\/casadecampoliving.com\/es\/fiesta-despedida-de-ano-en-playa-minitas\/","og_locale":"es_ES","og_type":"article","og_title":"\u00a1Fiesta de Despedida de A\u00f1o en Playa Minitas anunciada! | Casa de Campo Living","og_description":"Ya casi es hora de ponerse ese traje con canutillos, tacones altos y accesorios de brillo&nbsp;con champagne en mano, ya que la fiesta de despedida de a\u00f1o","og_url":"https:\/\/casadecampoliving.com\/es\/fiesta-despedida-de-ano-en-playa-minitas\/","og_site_name":"Casa de Campo Living","article_publisher":"https:\/\/www.facebook.com\/casadecampoliving","article_published_time":"2015-11-29T04:00:00+00:00","article_modified_time":"2022-10-21T23:03:25+00:00","og_image":[{"width":645,"height":519,"url":"https:\/\/i0.wp.com\/casadecampoliving.com\/wp-content\/uploads\/2022\/10\/NYE_party_Praia-e14486529113062-1.jpg?fit=645%2C519&ssl=1","type":"image\/jpeg"}],"author":"Heather Lincoln","twitter_card":"summary_large_image","twitter_creator":"@cdcliving","twitter_site":"@cdcliving","twitter_misc":{"Escrito por":"Heather Lincoln","Tiempo de lectura":"1 minuto"},"schema":{"@context":"https:\/\/schema.org","@graph":[{"@type":"Article","@id":"https:\/\/casadecampoliving.com\/es\/fiesta-despedida-de-ano-en-playa-minitas\/#article","isPartOf":{"@id":"https:\/\/casadecampoliving.com\/es\/fiesta-despedida-de-ano-en-playa-minitas\/"},"author":{"name":"Heather Lincoln","@id":"https:\/\/casadecampoliving.com\/es\/#\/schema\/person\/e3abfc63c1478fd703266a6f33a3145d"},"headline":"\u00a1Fiesta de Despedida de A\u00f1o en Playa Minitas anunciada!","datePublished":"2015-11-29T04:00:00+00:00","dateModified":"2022-10-21T23:03:25+00:00","mainEntityOfPage":{"@id":"https:\/\/casadecampoliving.com\/es\/fiesta-despedida-de-ano-en-playa-minitas\/"},"wordCount":219,"publisher":{"@id":"https:\/\/casadecampoliving.com\/es\/#organization"},"image":{"@id":"https:\/\/casadecampoliving.com\/es\/fiesta-despedida-de-ano-en-playa-minitas\/#primaryimage"},"thumbnailUrl":"https:\/\/i0.wp.com\/casadecampoliving.com\/wp-content\/uploads\/2022\/10\/NYE_party_Praia-e14486529113062-1.jpg?fit=645%2C519&ssl=1","keywords":["praia @es"],"articleSection":["Comidas &amp; Bebidas","Destacados","Estilo de Vida","Eventos","Noticias Locales","Proximamente","Rep\u00fablica Dominicana @es","Resort Casa de Campo","Vida Nocturna"],"inLanguage":"es"},{"@type":"WebPage","@id":"https:\/\/casadecampoliving.com\/es\/fiesta-despedida-de-ano-en-playa-minitas\/","url":"https:\/\/casadecampoliving.com\/es\/fiesta-despedida-de-ano-en-playa-minitas\/","name":"\u00a1Fiesta de Despedida de A\u00f1o en Playa Minitas anunciada! | Casa de Campo Living","isPartOf":{"@id":"https:\/\/casadecampoliving.com\/es\/#website"},"primaryImageOfPage":{"@id":"https:\/\/casadecampoliving.com\/es\/fiesta-despedida-de-ano-en-playa-minitas\/#primaryimage"},"image":{"@id":"https:\/\/casadecampoliving.com\/es\/fiesta-despedida-de-ano-en-playa-minitas\/#primaryimage"},"thumbnailUrl":"https:\/\/i0.wp.com\/casadecampoliving.com\/wp-content\/uploads\/2022\/10\/NYE_party_Praia-e14486529113062-1.jpg?fit=645%2C519&ssl=1","datePublished":"2015-11-29T04:00:00+00:00","dateModified":"2022-10-21T23:03:25+00:00","description":"Ya casi es hora de ponerse ese traje con canutillos, tacones altos y accesorios de brillo&nbsp;con champagne en mano, ya que la fiesta de despedida de a\u00f1o","breadcrumb":{"@id":"https:\/\/casadecampoliving.com\/es\/fiesta-despedida-de-ano-en-playa-minitas\/#breadcrumb"},"inLanguage":"es","potentialAction":[{"@type":"ReadAction","target":["https:\/\/casadecampoliving.com\/es\/fiesta-despedida-de-ano-en-playa-minitas\/"]}]},{"@type":"ImageObject","inLanguage":"es","@id":"https:\/\/casadecampoliving.com\/es\/fiesta-despedida-de-ano-en-playa-minitas\/#primaryimage","url":"https:\/\/i0.wp.com\/casadecampoliving.com\/wp-content\/uploads\/2022\/10\/NYE_party_Praia-e14486529113062-1.jpg?fit=645%2C519&ssl=1","contentUrl":"https:\/\/i0.wp.com\/casadecampoliving.com\/wp-content\/uploads\/2022\/10\/NYE_party_Praia-e14486529113062-1.jpg?fit=645%2C519&ssl=1","width":645,"height":519},{"@type":"BreadcrumbList","@id":"https:\/\/casadecampoliving.com\/es\/fiesta-despedida-de-ano-en-playa-minitas\/#breadcrumb","itemListElement":[{"@type":"ListItem","position":1,"name":"Home","item":"https:\/\/casadecampoliving.com\/es\/"},{"@type":"ListItem","position":2,"name":"\u00a1Fiesta de Despedida de A\u00f1o en Playa Minitas anunciada!"}]},{"@type":"WebSite","@id":"https:\/\/casadecampoliving.com\/es\/#website","url":"https:\/\/casadecampoliving.com\/es\/","name":"Casa de Campo Living","description":"Resort community news and resources.","publisher":{"@id":"https:\/\/casadecampoliving.com\/es\/#organization"},"potentialAction":[{"@type":"SearchAction","target":{"@type":"EntryPoint","urlTemplate":"https:\/\/casadecampoliving.com\/es\/?s={search_term_string}"},"query-input":{"@type":"PropertyValueSpecification","valueRequired":true,"valueName":"search_term_string"}}],"inLanguage":"es"},{"@type":"Organization","@id":"https:\/\/casadecampoliving.com\/es\/#organization","name":"Casa de Campo Living","url":"https:\/\/casadecampoliving.com\/es\/","logo":{"@type":"ImageObject","inLanguage":"es","@id":"https:\/\/casadecampoliving.com\/es\/#\/schema\/logo\/image\/","url":"https:\/\/i0.wp.com\/casadecampoliving.com\/wp-content\/uploads\/2022\/07\/CDCLivingLogo_V1-white-sized.png?fit=800%2C214&ssl=1","contentUrl":"https:\/\/i0.wp.com\/casadecampoliving.com\/wp-content\/uploads\/2022\/07\/CDCLivingLogo_V1-white-sized.png?fit=800%2C214&ssl=1","width":800,"height":214,"caption":"Casa de Campo Living"},"image":{"@id":"https:\/\/casadecampoliving.com\/es\/#\/schema\/logo\/image\/"},"sameAs":["https:\/\/www.facebook.com\/casadecampoliving","https:\/\/x.com\/cdcliving"]},{"@type":"Person","@id":"https:\/\/casadecampoliving.com\/es\/#\/schema\/person\/e3abfc63c1478fd703266a6f33a3145d","name":"Heather Lincoln","image":{"@type":"ImageObject","inLanguage":"es","@id":"https:\/\/secure.gravatar.com\/avatar\/e8fc1ce4ad50385675908137b0d8d66be281d034bf072b4700460237638ea6d0?s=96&d=mm&r=g","url":"https:\/\/secure.gravatar.com\/avatar\/e8fc1ce4ad50385675908137b0d8d66be281d034bf072b4700460237638ea6d0?s=96&d=mm&r=g","contentUrl":"https:\/\/secure.gravatar.com\/avatar\/e8fc1ce4ad50385675908137b0d8d66be281d034bf072b4700460237638ea6d0?s=96&d=mm&r=g","caption":"Heather Lincoln"},"url":"https:\/\/casadecampoliving.com\/es\/author\/hcastillo\/"}]}},"parsely":{"version":"1.1.0","canonical_url":"https:\/\/casadecampoliving.com\/es\/fiesta-despedida-de-ano-en-playa-minitas\/","smart_links":{"inbound":0,"outbound":0},"traffic_boost_suggestions_count":0,"meta":{"@context":"https:\/\/schema.org","@type":"NewsArticle","headline":"\u00a1Fiesta de Despedida de A\u00f1o en Playa Minitas anunciada!","url":"http:\/\/casadecampoliving.com\/es\/fiesta-despedida-de-ano-en-playa-minitas\/","mainEntityOfPage":{"@type":"WebPage","@id":"http:\/\/casadecampoliving.com\/es\/fiesta-despedida-de-ano-en-playa-minitas\/"},"thumbnailUrl":"https:\/\/i0.wp.com\/casadecampoliving.com\/wp-content\/uploads\/2022\/10\/NYE_party_Praia-e14486529113062-1.jpg?resize=150%2C150&ssl=1","image":{"@type":"ImageObject","url":"https:\/\/i0.wp.com\/casadecampoliving.com\/wp-content\/uploads\/2022\/10\/NYE_party_Praia-e14486529113062-1.jpg?fit=645%2C519&ssl=1"},"articleSection":"Comidas &amp; Bebidas","author":[{"@type":"Person","name":"Heather Lincoln"}],"creator":["Heather Lincoln"],"publisher":{"@type":"Organization","name":"Casa de Campo Living","logo":"https:\/\/casadecampoliving.com\/wp-content\/uploads\/2022\/07\/CDCLivingLogo_V1-white-sized.png"},"keywords":["praia @es"],"dateCreated":"2015-11-29T04:00:00Z","datePublished":"2015-11-29T04:00:00Z","dateModified":"2022-10-21T23:03:25Z"},"rendered":"<script type=\"application\/ld+json\" class=\"wp-parsely-metadata\">{\"@context\":\"https:\\\/\\\/schema.org\",\"@type\":\"NewsArticle\",\"headline\":\"\\u00a1Fiesta de Despedida de A\\u00f1o en Playa Minitas anunciada!\",\"url\":\"http:\\\/\\\/casadecampoliving.com\\\/es\\\/fiesta-despedida-de-ano-en-playa-minitas\\\/\",\"mainEntityOfPage\":{\"@type\":\"WebPage\",\"@id\":\"http:\\\/\\\/casadecampoliving.com\\\/es\\\/fiesta-despedida-de-ano-en-playa-minitas\\\/\"},\"thumbnailUrl\":\"https:\\\/\\\/i0.wp.com\\\/casadecampoliving.com\\\/wp-content\\\/uploads\\\/2022\\\/10\\\/NYE_party_Praia-e14486529113062-1.jpg?resize=150%2C150&ssl=1\",\"image\":{\"@type\":\"ImageObject\",\"url\":\"https:\\\/\\\/i0.wp.com\\\/casadecampoliving.com\\\/wp-content\\\/uploads\\\/2022\\\/10\\\/NYE_party_Praia-e14486529113062-1.jpg?fit=645%2C519&ssl=1\"},\"articleSection\":\"Comidas &amp; Bebidas\",\"author\":[{\"@type\":\"Person\",\"name\":\"Heather Lincoln\"}],\"creator\":[\"Heather Lincoln\"],\"publisher\":{\"@type\":\"Organization\",\"name\":\"Casa de Campo Living\",\"logo\":\"https:\\\/\\\/casadecampoliving.com\\\/wp-content\\\/uploads\\\/2022\\\/07\\\/CDCLivingLogo_V1-white-sized.png\"},\"keywords\":[\"praia @es\"],\"dateCreated\":\"2015-11-29T04:00:00Z\",\"datePublished\":\"2015-11-29T04:00:00Z\",\"dateModified\":\"2022-10-21T23:03:25Z\"}<\/script>","tracker_url":"https:\/\/cdn.parsely.com\/keys\/casadecampoliving.com\/p.js"},"jetpack_publicize_connections":[],"jetpack_featured_media_url":"https:\/\/i0.wp.com\/casadecampoliving.com\/wp-content\/uploads\/2022\/10\/NYE_party_Praia-e14486529113062-1.jpg?fit=645%2C519&ssl=1","jetpack-related-posts":[{"id":337905,"url":"https:\/\/casadecampoliving.com\/es\/la-fiesta-de-ano-nuevo-de-praia-en-playa-minitas\/","url_meta":{"origin":348707,"position":0},"title":"La fiesta de A\u00f1o Nuevo de Praia en Playa Minitas!","author":"","date":"25 Dic, 2011","format":false,"excerpt":"Como cada a\u00f1o, Praia organiza la fiesta del a\u00f1o, la FIESTA DE FIN DE A\u00d1O de Casa de Campo, la cual ser\u00e1 realizada por tercer a\u00f1o consecutivo en la Playa Minitas! Este a\u00f1o, la legendaria fiesta de a\u00f1o nuevo incluir\u00e1 una presentaci\u00f3n en vivo de \u201cMaluk\u201d, al igual que DJ\u2026","rel":"","context":"En \u00abComidas &amp; Bebidas\u00bb","block_context":{"text":"Comidas &amp; Bebidas","link":"https:\/\/casadecampoliving.com\/es\/category\/comidas-bebidas\/"},"img":{"alt_text":"new years eve casa de campo","src":"https:\/\/i0.wp.com\/casadecampoliving.com\/wp-content\/uploads\/2022\/10\/new_years_eve_casa_de_campo-3.jpg?fit=650%2C316&ssl=1&resize=350%2C200","width":350,"height":200,"srcset":"https:\/\/i0.wp.com\/casadecampoliving.com\/wp-content\/uploads\/2022\/10\/new_years_eve_casa_de_campo-3.jpg?fit=650%2C316&ssl=1&resize=350%2C200 1x, https:\/\/i0.wp.com\/casadecampoliving.com\/wp-content\/uploads\/2022\/10\/new_years_eve_casa_de_campo-3.jpg?fit=650%2C316&ssl=1&resize=525%2C300 1.5x"},"classes":[]},{"id":343339,"url":"https:\/\/casadecampoliving.com\/es\/fiesta-de-fin-de-ano-praia-en-playa-minitas-nuevamente\/","url_meta":{"origin":348707,"position":1},"title":"Anuncian a Max Vengeli para la fiesta de fin de a\u00f1o en Playa Minitas","author":"Genesis Perdomo","date":"25 Nov, 2013","format":false,"excerpt":"\u00bfEstas listo para celebrar otro exitoso fin de a\u00f1o? Casa de Campo acaba de anunciar la popular fiesta de fin de a\u00f1o por Praia que ser\u00e1 una vez m\u00e1s en Playa Minitas. Este a\u00f1o marcar\u00e1 el la 4ta vez en la que se celebra esta importante y popular ocasi\u00f3n en\u2026","rel":"","context":"En \u00abComidas &amp; Bebidas\u00bb","block_context":{"text":"Comidas &amp; Bebidas","link":"https:\/\/casadecampoliving.com\/es\/category\/comidas-bebidas\/"},"img":{"alt_text":"New Years Eve Minitas Beach Casa de Campo","src":"https:\/\/i0.wp.com\/casadecampoliving.com\/wp-content\/uploads\/2022\/10\/New_years_eve_minitas_beach_casa_de_campo.jpg?fit=650%2C501&ssl=1&resize=350%2C200","width":350,"height":200,"srcset":"https:\/\/i0.wp.com\/casadecampoliving.com\/wp-content\/uploads\/2022\/10\/New_years_eve_minitas_beach_casa_de_campo.jpg?fit=650%2C501&ssl=1&resize=350%2C200 1x, https:\/\/i0.wp.com\/casadecampoliving.com\/wp-content\/uploads\/2022\/10\/New_years_eve_minitas_beach_casa_de_campo.jpg?fit=650%2C501&ssl=1&resize=525%2C300 1.5x"},"classes":[]},{"id":337983,"url":"https:\/\/casadecampoliving.com\/es\/el-beach-club-by-le-cirque-ofrecera-un-salcocho-dominicano-para-las-hambrientas-almas-fiesteras\/","url_meta":{"origin":348707,"position":2},"title":"El Beach Club by Le Cirque, ofrecer\u00e1 un Salcocho dominicano para las hambrientas almas fiesteras!","author":"","date":"30 Dic, 2011","format":false,"excerpt":"Este s\u00e1bado, d\u00eda de a\u00f1o nuevo en Casa de Campo ser\u00e1 sensacional! Primero tenemos el PALMILLASO, el viaje en barco hacia Palmilla, luego la cena de a\u00f1o nuevo y finalmente la fiesta playera de fin de a\u00f1o de Praia, y este a\u00f1o el restaurante\u00a0Beach Club by Le Cirque estar\u00e1 sirviendo\u2026","rel":"","context":"En \u00abComidas &amp; Bebidas\u00bb","block_context":{"text":"Comidas &amp; Bebidas","link":"https:\/\/casadecampoliving.com\/es\/category\/comidas-bebidas\/"},"img":{"alt_text":"salcocho dominicana","src":"https:\/\/i0.wp.com\/casadecampoliving.com\/wp-content\/uploads\/2022\/10\/salocho_dominicana-1.jpg?fit=648%2C636&ssl=1&resize=350%2C200","width":350,"height":200,"srcset":"https:\/\/i0.wp.com\/casadecampoliving.com\/wp-content\/uploads\/2022\/10\/salocho_dominicana-1.jpg?fit=648%2C636&ssl=1&resize=350%2C200 1x, https:\/\/i0.wp.com\/casadecampoliving.com\/wp-content\/uploads\/2022\/10\/salocho_dominicana-1.jpg?fit=648%2C636&ssl=1&resize=525%2C300 1.5x"},"classes":[]},{"id":337971,"url":"https:\/\/casadecampoliving.com\/es\/41630\/","url_meta":{"origin":348707,"position":3},"title":"Fiesta de Fin de A\u00f1o 2010: Fiesta en la Playa Minitas","author":"","date":"7 Ene, 2011","format":false,"excerpt":"La fiesta de fin de a\u00f1o 2010 fue GENIAL desde los botes hasta la playa, y aqu\u00ed las fotos que lo demuestran... Disfrute de las fotos de la escena: A continuaci\u00f3n las fotos tomadas por Rebecca Hughes durante la Fiesta de Fin de A\u00f1o 2010 de Praia: [nggallery id=651]","rel":"","context":"En \u00abVida Nocturna\u00bb","block_context":{"text":"Vida Nocturna","link":"https:\/\/casadecampoliving.com\/es\/category\/vida-nocturna-es\/"},"img":{"alt_text":"","src":"https:\/\/i0.wp.com\/casadecampoliving.com\/wp-content\/uploads\/2022\/10\/praia_beach_party_playa_minitas_casadecampo_new_years_eve-1.jpg?fit=565%2C248&ssl=1&resize=350%2C200","width":350,"height":200,"srcset":"https:\/\/i0.wp.com\/casadecampoliving.com\/wp-content\/uploads\/2022\/10\/praia_beach_party_playa_minitas_casadecampo_new_years_eve-1.jpg?fit=565%2C248&ssl=1&resize=350%2C200 1x, https:\/\/i0.wp.com\/casadecampoliving.com\/wp-content\/uploads\/2022\/10\/praia_beach_party_playa_minitas_casadecampo_new_years_eve-1.jpg?fit=565%2C248&ssl=1&resize=525%2C300 1.5x"},"classes":[]},{"id":343568,"url":"https:\/\/casadecampoliving.com\/es\/alerta-famoso-jugador-de-futball-soccer-probablemente-festeje-el-ano-nuevo-en-casa-de-campo\/","url_meta":{"origin":348707,"position":4},"title":"Alerta de rumor: famoso jugador de football soccer probablemente festeje el A\u00f1o Nuevo en Casa de Campo","author":"Perkin Agramonte","date":"24 Dic, 2013","format":false,"excerpt":"En esta \u00e9poca del a\u00f1o Casa de Campo se repleta de visitantes de alrededor del mundo y entre todos estos siempre estamos ansiosos de recibir muchas caras famosas. Recientemente hemos dado la bienvenida a nuestro peque\u00f1o para\u00edso a celebridades como Rihanna, Drake y los Kardashians, quienes se han hospedado en\u2026","rel":"","context":"En \u00abCelebridades\u00bb","block_context":{"text":"Celebridades","link":"https:\/\/casadecampoliving.com\/es\/category\/celebridades-es\/"},"img":{"alt_text":"Praia Beach Party New Year's Eve","src":"https:\/\/i0.wp.com\/casadecampoliving.com\/wp-content\/uploads\/2022\/10\/praia_beach_party_playa_minitas_casadecampo_new_years_eve-5.jpg?fit=650%2C354&ssl=1&resize=350%2C200","width":350,"height":200,"srcset":"https:\/\/i0.wp.com\/casadecampoliving.com\/wp-content\/uploads\/2022\/10\/praia_beach_party_playa_minitas_casadecampo_new_years_eve-5.jpg?fit=650%2C354&ssl=1&resize=350%2C200 1x, https:\/\/i0.wp.com\/casadecampoliving.com\/wp-content\/uploads\/2022\/10\/praia_beach_party_playa_minitas_casadecampo_new_years_eve-5.jpg?fit=650%2C354&ssl=1&resize=525%2C300 1.5x"},"classes":[]},{"id":337967,"url":"https:\/\/casadecampoliving.com\/es\/fiesta-de-fin-de-ano-2011-nuestra-guia-hacia-la-mejor-fiesta-de-casa-de-campo\/","url_meta":{"origin":348707,"position":5},"title":"Fiesta de Fin de A\u00f1o 2011: Nuestra gu\u00eda hacia la mejor fiesta de Casa de Campo!","author":"","date":"29 Dic, 2011","format":false,"excerpt":"Es el momento m\u00e1s esperado y especial del a\u00f1o! A\u00f1o Nuevo en Casa de Campo es FENOMENAL!!\u00a0Usted realmente no ha disfrutado de una fiesta real si no ha recibido el a\u00f1o con varios brindis de champ\u00e1n, mientras se dirige en un bote hacia Palmilla y luego, al ritmo de m\u00fasica,\u2026","rel":"","context":"En \u00abCasa de Campo Living @es\u00bb","block_context":{"text":"Casa de Campo Living @es","link":"https:\/\/casadecampoliving.com\/category\/casa-de-campo-living-es\/"},"img":{"alt_text":"","src":"https:\/\/i0.wp.com\/casadecampoliving.com\/wp-content\/uploads\/2022\/10\/palmilla_new_years_eve_casadecampo-1.jpg?fit=565%2C296&ssl=1&resize=350%2C200","width":350,"height":200,"srcset":"https:\/\/i0.wp.com\/casadecampoliving.com\/wp-content\/uploads\/2022\/10\/palmilla_new_years_eve_casadecampo-1.jpg?fit=565%2C296&ssl=1&resize=350%2C200 1x, https:\/\/i0.wp.com\/casadecampoliving.com\/wp-content\/uploads\/2022\/10\/palmilla_new_years_eve_casadecampo-1.jpg?fit=565%2C296&ssl=1&resize=525%2C300 1.5x"},"classes":[]}],"jetpack_sharing_enabled":true,"_links":{"self":[{"href":"https:\/\/casadecampoliving.com\/es\/wp-json\/wp\/v2\/posts\/348707","targetHints":{"allow":["GET"]}}],"collection":[{"href":"https:\/\/casadecampoliving.com\/es\/wp-json\/wp\/v2\/posts"}],"about":[{"href":"https:\/\/casadecampoliving.com\/es\/wp-json\/wp\/v2\/types\/post"}],"author":[{"embeddable":true,"href":"https:\/\/casadecampoliving.com\/es\/wp-json\/wp\/v2\/users\/36681"}],"replies":[{"embeddable":true,"href":"https:\/\/casadecampoliving.com\/es\/wp-json\/wp\/v2\/comments?post=348707"}],"version-history":[{"count":1,"href":"https:\/\/casadecampoliving.com\/es\/wp-json\/wp\/v2\/posts\/348707\/revisions"}],"predecessor-version":[{"id":348708,"href":"https:\/\/casadecampoliving.com\/es\/wp-json\/wp\/v2\/posts\/348707\/revisions\/348708"}],"wp:featuredmedia":[{"embeddable":true,"href":"https:\/\/casadecampoliving.com\/es\/wp-json\/wp\/v2\/media\/304836"}],"wp:attachment":[{"href":"https:\/\/casadecampoliving.com\/es\/wp-json\/wp\/v2\/media?parent=348707"}],"wp:term":[{"taxonomy":"category","embeddable":true,"href":"https:\/\/casadecampoliving.com\/es\/wp-json\/wp\/v2\/categories?post=348707"},{"taxonomy":"post_tag","embeddable":true,"href":"https:\/\/casadecampoliving.com\/es\/wp-json\/wp\/v2\/tags?post=348707"},{"taxonomy":"newspack_spnsrs_tax","embeddable":true,"href":"https:\/\/casadecampoliving.com\/es\/wp-json\/wp\/v2\/newspack_spnsrs_tax?post=348707"}],"curies":[{"name":"wp","href":"https:\/\/api.w.org\/{rel}","templated":true}]}}