{"id":348562,"date":"2015-11-17T00:00:00","date_gmt":"2015-11-17T04:00:00","guid":{"rendered":"https:\/\/casadecampoliving.com\/exposicion-artistas-en-residencia-altos-de-chavon-otono-2015\/"},"modified":"2022-10-21T18:57:52","modified_gmt":"2022-10-21T22:57:52","slug":"exposicion-artistas-en-residencia-altos-de-chavon-otono-2015","status":"publish","type":"post","link":"https:\/\/casadecampoliving.com\/es\/exposicion-artistas-en-residencia-altos-de-chavon-otono-2015\/","title":{"rendered":"Exposici\u00f3n de Artistas en Residencia en La Galer\u00eda de Altos de Chav\u00f3n este jueves"},"content":{"rendered":"<div class=\"wp-block-image\">\n<figure class=\"aligncenter is-resized\"><img loading=\"lazy\" decoding=\"async\" src=\"https:\/\/i0.wp.com\/casadecampoliving.com\/wp-content\/uploads\/2022\/10\/AIR-Header.jpg?resize=650%2C400&amp;ssl=1\" alt=\"AIR Header\" class=\"wp-image-114937\" height=\"400\" width=\"650\"\/><\/figure>\n<\/div>\n\n\n<p>La Galer\u00eda Principal de Altos de Chav\u00f3n anuncia la exposici\u00f3n del&nbsp;programa&nbsp;\u201cArtistas en Residencia, Oto\u00f1o 2015\u201d, bajo la Fundaci\u00f3n Centro Cultural Altos de Chav\u00f3n, la cual ser\u00e1 oficialmente inaugurada con un coctel de apertura en La Galer\u00eda este jueves, 19 de noviembre, a las 6pm, con los artistas Alma Peguero, Tom\u00e1s Pichardo y Luis Valverde, egresados de La Escuela.<\/p>\n\n\n\n<!--more-->\n\n\n\n<h3 class=\"wp-block-heading\">Alma Peguero<\/h3>\n\n\n\n<p>En 2009 se grad\u00faa del Parsons School of&nbsp;Design, donde obtuvo una beca gracias a su trabajo en Bellas Artes e ilustraci\u00f3n en la Escuela de Dise\u00f1o Altos de Chav\u00f3n. Ese mismo a\u00f1o completa sus estudios en la ciencia del yoga, y desde entonces se dedica apasionadamente a la docencia de arte y de yoga, adem\u00e1s, de crear una obra que busca transmitir uni\u00f3n y, de alguna manera, elevar la conciencia humana.<\/p>\n\n\n\n<h3 class=\"wp-block-heading\">Tom\u00e1s Pichardo<\/h3>\n\n\n\n<p>Egresado en 2008 de Dise\u00f1o Digital y del 2007 de Bellas Artes\/Ilustraci\u00f3n fue aceptado en el centro de investigaciones en comunicaciones Fabrica, ubicado en Treviso, Italia, el cual posee un programa de estudio y trabajo altamente competitivo y fundado por Benetton en 1994. Fue publicado en el Festival de Animaci\u00f3n Pictoplasma en Alemania, el cual expuso 250 ilustraciones entre m\u00e1s de 2,500 enviadas. Su animaci\u00f3n de Sud\u00e1n del Sur fue publicada en La Stampa y La Repubblica en Italia.<\/p>\n\n\n\n<h3 class=\"wp-block-heading\">Luis Valverde<\/h3>\n\n\n\n<p>Egresado de La Escuela de Dise\u00f1o Altos de Chav\u00f3n de la carrera t\u00e9cnica de Dise\u00f1o de Comunicaciones, complet\u00f3 sus estudios en Argentina en: Stop Motion, Motion Graphics y Manipulaci\u00f3n de v\u00eddeos en tiempo real o vjing. Actualmente es&nbsp;socio en la Pixeleria donde funge como Director de Arte. Desde el 2014 es Co-Director del departamento de Comunicaci\u00f3n<\/p>\n\n\n\n<h3 class=\"wp-block-heading\">Visual de La Escuela de Dise\u00f1o Altos de Chav\u00f3n<\/h3>\n\n\n\n<p>El programa de \u201cArtistas en Residencia\u201d tiene como objetivo propiciar un intercambio educativo y cultural entre artistas dominicanos y extranjeros, quienes viven y trabajan en Altos de Chav\u00f3n por tres meses. Durante este tiempo interact\u00faan con sus contrapartes dominicanas, intercambiando experiencias e ideas en las distintas disciplinas. Este intercambio din\u00e1mico ha logrado introducir cambios en la forma tradicional de trabajar los materiales o de aplicar las t\u00e9cnicas en las distintas formas de arte. Los artistas trabajan sus proyectos en un espacio propio, y al final de su estad\u00eda participan en una exposici\u00f3n colectiva en La Galer\u00eda. La exposici\u00f3n permanecer\u00e1 abierta al p\u00fablico desde&nbsp;el jueves 19 de noviembre hasta el s\u00e1bado 12 de diciembre.<\/p>\n\n\n\n<blockquote><h3>Coctel de Apertura \u2013 Oto\u00f1o 2015 de Artistas en Residencia<\/h3><p><strong>Ubicaci\u00f3n:<\/strong>&nbsp;La Galer\u00eda, Altos de Chav\u00f3n<\/p><p><strong>Fecha:<\/strong> Thursday, November 19th, 6pm<\/p><h3>Exposici\u00f3n de Artistas en Residencia Oto\u00f1o 2015<\/h3><p><strong>Ubicaci\u00f3n:<\/strong> La Galer\u00eda, Altos de Chav\u00f3n<\/p><p><strong>Fecha:<\/strong>&nbsp;Jueves, 19 de Noviembre, \u2013 Domingo, 12 de Diciembre, 9am \u2013 6pm<\/p><\/blockquote>\n","protected":false},"excerpt":{"rendered":"<p>La Galer\u00eda Principal de Altos de Chav\u00f3n anuncia la exposici\u00f3n del&nbsp;programa&nbsp;\u201cArtistas en Residencia, Oto\u00f1o 2015\u201d, bajo la Fundaci\u00f3n Centro Cultural Altos de Chav\u00f3n, la cual ser\u00e1 oficialmente inaugurada con un coctel de apertura en La Galer\u00eda este jueves, 19 de noviembre, a las 6pm, con los artistas Alma Peguero, Tom\u00e1s Pichardo y Luis Valverde, egresados [&hellip;]<\/p>\n","protected":false},"author":34707,"featured_media":301138,"comment_status":"closed","ping_status":"closed","sticky":false,"template":"","format":"standard","meta":{"newspack_ads_suppress_ads":false,"newspack_popups_has_disabled_popups":false,"newspack_sponsor_sponsorship_scope":"","newspack_sponsor_native_byline_display":"inherit","newspack_sponsor_native_category_display":"inherit","newspack_sponsor_underwriter_style":"inherit","newspack_sponsor_underwriter_placement":"inherit","_newspack_byline_active":false,"_newspack_byline":"","newspack_hide_updated_date":false,"newspack_show_updated_date":false,"newspack_content_restriction_is_exempt":false,"newspack_featured_image_position":"","newspack_post_subtitle":"","newspack_article_summary_title":"Overview:","newspack_article_summary":"","_jetpack_memberships_contains_paid_content":false,"footnotes":"","jetpack_publicize_message":"","jetpack_publicize_feature_enabled":true,"jetpack_social_post_already_shared":false,"jetpack_social_options":{"image_generator_settings":{"template":"highway","default_image_id":0,"font":"","enabled":false},"version":2},"_wpas_customize_per_network":false},"categories":[26819,26823,26936,2524,2522,14625,14627,26822],"tags":[15387,2536,1929,3626,5724,2534,5725,6127,10547],"newspack_spnsrs_tax":[],"class_list":["post-348562","post","type-post","status-publish","format-standard","has-post-thumbnail","hentry","category-altos-de-chavon-es","category-arte-y-cultura","category-casa-de-campo-living-es","category-destacados","category-eventos-es","category-noticias-locales","category-proximamente","category-resort-casa-de-campo","tag-altos-de-chavon-es","tag-arte","tag-artistas-en-residencia","tag-casa-de-campo-es","tag-escuela-de-altos-de-chavon","tag-escuela-de-diseno-de-altos-de-chavon","tag-exposicion-de-arte","tag-la-galeria","tag-otono","entry"],"yoast_head":"<!-- This site is optimized with the Yoast SEO plugin v27.4 - https:\/\/yoast.com\/product\/yoast-seo-wordpress\/ -->\n<title>Exposici\u00f3n de Artistas en Residencia en La Galer\u00eda de Altos de Chav\u00f3n este jueves | Casa de Campo Living<\/title>\n<meta name=\"description\" content=\"La Galer\u00eda Principal de Altos de Chav\u00f3n anuncia la exposici\u00f3n del&nbsp;programa&nbsp;\u201cArtistas en Residencia, Oto\u00f1o 2015\u201d, bajo la Fundaci\u00f3n Centro\" \/>\n<meta name=\"robots\" content=\"index, follow, max-snippet:-1, max-image-preview:large, max-video-preview:-1\" \/>\n<link rel=\"canonical\" href=\"https:\/\/casadecampoliving.com\/es\/exposicion-artistas-en-residencia-altos-de-chavon-otono-2015\/\" \/>\n<meta property=\"og:locale\" content=\"es_ES\" \/>\n<meta property=\"og:type\" content=\"article\" \/>\n<meta property=\"og:title\" content=\"Exposici\u00f3n de Artistas en Residencia en La Galer\u00eda de Altos de Chav\u00f3n este jueves | Casa de Campo Living\" \/>\n<meta property=\"og:description\" content=\"La Galer\u00eda Principal de Altos de Chav\u00f3n anuncia la exposici\u00f3n del&nbsp;programa&nbsp;\u201cArtistas en Residencia, Oto\u00f1o 2015\u201d, bajo la Fundaci\u00f3n Centro\" \/>\n<meta property=\"og:url\" content=\"https:\/\/casadecampoliving.com\/es\/exposicion-artistas-en-residencia-altos-de-chavon-otono-2015\/\" \/>\n<meta property=\"og:site_name\" content=\"Casa de Campo Living\" \/>\n<meta property=\"article:publisher\" content=\"https:\/\/www.facebook.com\/casadecampoliving\" \/>\n<meta property=\"article:published_time\" content=\"2015-11-17T04:00:00+00:00\" \/>\n<meta property=\"article:modified_time\" content=\"2022-10-21T22:57:52+00:00\" \/>\n<meta property=\"og:image\" content=\"https:\/\/i0.wp.com\/casadecampoliving.com\/wp-content\/uploads\/2022\/10\/AIR-Header-1.jpg?fit=650%2C400&ssl=1\" \/>\n\t<meta property=\"og:image:width\" content=\"650\" \/>\n\t<meta property=\"og:image:height\" content=\"400\" \/>\n\t<meta property=\"og:image:type\" content=\"image\/jpeg\" \/>\n<meta name=\"author\" content=\"Felix Guerrero\" \/>\n<meta name=\"twitter:card\" content=\"summary_large_image\" \/>\n<meta name=\"twitter:creator\" content=\"@cdcliving\" \/>\n<meta name=\"twitter:site\" content=\"@cdcliving\" \/>\n<meta name=\"twitter:label1\" content=\"Escrito por\" \/>\n\t<meta name=\"twitter:data1\" content=\"Felix Guerrero\" \/>\n\t<meta name=\"twitter:label2\" content=\"Tiempo de lectura\" \/>\n\t<meta name=\"twitter:data2\" content=\"2 minutos\" \/>\n<script type=\"application\/ld+json\" class=\"yoast-schema-graph\">{\"@context\":\"https:\\\/\\\/schema.org\",\"@graph\":[{\"@type\":\"Article\",\"@id\":\"https:\\\/\\\/casadecampoliving.com\\\/es\\\/exposicion-artistas-en-residencia-altos-de-chavon-otono-2015\\\/#article\",\"isPartOf\":{\"@id\":\"https:\\\/\\\/casadecampoliving.com\\\/es\\\/exposicion-artistas-en-residencia-altos-de-chavon-otono-2015\\\/\"},\"author\":{\"name\":\"Felix Guerrero\",\"@id\":\"https:\\\/\\\/casadecampoliving.com\\\/es\\\/#\\\/schema\\\/person\\\/0d45cfc6e376a2f15ac9a92421bd4451\"},\"headline\":\"Exposici\u00f3n de Artistas en Residencia en La Galer\u00eda de Altos de Chav\u00f3n este jueves\",\"datePublished\":\"2015-11-17T04:00:00+00:00\",\"dateModified\":\"2022-10-21T22:57:52+00:00\",\"mainEntityOfPage\":{\"@id\":\"https:\\\/\\\/casadecampoliving.com\\\/es\\\/exposicion-artistas-en-residencia-altos-de-chavon-otono-2015\\\/\"},\"wordCount\":501,\"publisher\":{\"@id\":\"https:\\\/\\\/casadecampoliving.com\\\/es\\\/#organization\"},\"image\":{\"@id\":\"https:\\\/\\\/casadecampoliving.com\\\/es\\\/exposicion-artistas-en-residencia-altos-de-chavon-otono-2015\\\/#primaryimage\"},\"thumbnailUrl\":\"https:\\\/\\\/i0.wp.com\\\/casadecampoliving.com\\\/wp-content\\\/uploads\\\/2022\\\/10\\\/AIR-Header-1.jpg?fit=650%2C400&ssl=1\",\"keywords\":[\"Altos de Chavon\",\"arte\",\"artistas en residencia\",\"casa de campo @es\",\"Escuela de Altos de Chav\u00f3n\",\"Escuela de Dise\u00f1o de Altos de Chav\u00f3n\",\"exposici\u00f3n de arte\",\"la galeria\",\"oto\u00f1o\"],\"articleSection\":[\"Altos de Chavon @es\",\"Arte y cultura\",\"Casa de Campo Living @es\",\"Destacados\",\"Eventos\",\"Noticias Locales\",\"Proximamente\",\"Resort Casa de Campo\"],\"inLanguage\":\"es\"},{\"@type\":\"WebPage\",\"@id\":\"https:\\\/\\\/casadecampoliving.com\\\/es\\\/exposicion-artistas-en-residencia-altos-de-chavon-otono-2015\\\/\",\"url\":\"https:\\\/\\\/casadecampoliving.com\\\/es\\\/exposicion-artistas-en-residencia-altos-de-chavon-otono-2015\\\/\",\"name\":\"Exposici\u00f3n de Artistas en Residencia en La Galer\u00eda de Altos de Chav\u00f3n este jueves | Casa de Campo Living\",\"isPartOf\":{\"@id\":\"https:\\\/\\\/casadecampoliving.com\\\/es\\\/#website\"},\"primaryImageOfPage\":{\"@id\":\"https:\\\/\\\/casadecampoliving.com\\\/es\\\/exposicion-artistas-en-residencia-altos-de-chavon-otono-2015\\\/#primaryimage\"},\"image\":{\"@id\":\"https:\\\/\\\/casadecampoliving.com\\\/es\\\/exposicion-artistas-en-residencia-altos-de-chavon-otono-2015\\\/#primaryimage\"},\"thumbnailUrl\":\"https:\\\/\\\/i0.wp.com\\\/casadecampoliving.com\\\/wp-content\\\/uploads\\\/2022\\\/10\\\/AIR-Header-1.jpg?fit=650%2C400&ssl=1\",\"datePublished\":\"2015-11-17T04:00:00+00:00\",\"dateModified\":\"2022-10-21T22:57:52+00:00\",\"description\":\"La Galer\u00eda Principal de Altos de Chav\u00f3n anuncia la exposici\u00f3n del&nbsp;programa&nbsp;\u201cArtistas en Residencia, Oto\u00f1o 2015\u201d, bajo la Fundaci\u00f3n Centro\",\"breadcrumb\":{\"@id\":\"https:\\\/\\\/casadecampoliving.com\\\/es\\\/exposicion-artistas-en-residencia-altos-de-chavon-otono-2015\\\/#breadcrumb\"},\"inLanguage\":\"es\",\"potentialAction\":[{\"@type\":\"ReadAction\",\"target\":[\"https:\\\/\\\/casadecampoliving.com\\\/es\\\/exposicion-artistas-en-residencia-altos-de-chavon-otono-2015\\\/\"]}]},{\"@type\":\"ImageObject\",\"inLanguage\":\"es\",\"@id\":\"https:\\\/\\\/casadecampoliving.com\\\/es\\\/exposicion-artistas-en-residencia-altos-de-chavon-otono-2015\\\/#primaryimage\",\"url\":\"https:\\\/\\\/i0.wp.com\\\/casadecampoliving.com\\\/wp-content\\\/uploads\\\/2022\\\/10\\\/AIR-Header-1.jpg?fit=650%2C400&ssl=1\",\"contentUrl\":\"https:\\\/\\\/i0.wp.com\\\/casadecampoliving.com\\\/wp-content\\\/uploads\\\/2022\\\/10\\\/AIR-Header-1.jpg?fit=650%2C400&ssl=1\",\"width\":650,\"height\":400,\"caption\":\"AIR Header\"},{\"@type\":\"BreadcrumbList\",\"@id\":\"https:\\\/\\\/casadecampoliving.com\\\/es\\\/exposicion-artistas-en-residencia-altos-de-chavon-otono-2015\\\/#breadcrumb\",\"itemListElement\":[{\"@type\":\"ListItem\",\"position\":1,\"name\":\"Home\",\"item\":\"https:\\\/\\\/casadecampoliving.com\\\/es\\\/\"},{\"@type\":\"ListItem\",\"position\":2,\"name\":\"Exposici\u00f3n de Artistas en Residencia en La Galer\u00eda de Altos de Chav\u00f3n este jueves\"}]},{\"@type\":\"WebSite\",\"@id\":\"https:\\\/\\\/casadecampoliving.com\\\/es\\\/#website\",\"url\":\"https:\\\/\\\/casadecampoliving.com\\\/es\\\/\",\"name\":\"Casa de Campo Living\",\"description\":\"Resort community news and resources.\",\"publisher\":{\"@id\":\"https:\\\/\\\/casadecampoliving.com\\\/es\\\/#organization\"},\"potentialAction\":[{\"@type\":\"SearchAction\",\"target\":{\"@type\":\"EntryPoint\",\"urlTemplate\":\"https:\\\/\\\/casadecampoliving.com\\\/es\\\/?s={search_term_string}\"},\"query-input\":{\"@type\":\"PropertyValueSpecification\",\"valueRequired\":true,\"valueName\":\"search_term_string\"}}],\"inLanguage\":\"es\"},{\"@type\":\"Organization\",\"@id\":\"https:\\\/\\\/casadecampoliving.com\\\/es\\\/#organization\",\"name\":\"Casa de Campo Living\",\"url\":\"https:\\\/\\\/casadecampoliving.com\\\/es\\\/\",\"logo\":{\"@type\":\"ImageObject\",\"inLanguage\":\"es\",\"@id\":\"https:\\\/\\\/casadecampoliving.com\\\/es\\\/#\\\/schema\\\/logo\\\/image\\\/\",\"url\":\"https:\\\/\\\/i0.wp.com\\\/casadecampoliving.com\\\/wp-content\\\/uploads\\\/2022\\\/07\\\/CDCLivingLogo_V1-white-sized.png?fit=800%2C214&ssl=1\",\"contentUrl\":\"https:\\\/\\\/i0.wp.com\\\/casadecampoliving.com\\\/wp-content\\\/uploads\\\/2022\\\/07\\\/CDCLivingLogo_V1-white-sized.png?fit=800%2C214&ssl=1\",\"width\":800,\"height\":214,\"caption\":\"Casa de Campo Living\"},\"image\":{\"@id\":\"https:\\\/\\\/casadecampoliving.com\\\/es\\\/#\\\/schema\\\/logo\\\/image\\\/\"},\"sameAs\":[\"https:\\\/\\\/www.facebook.com\\\/casadecampoliving\",\"https:\\\/\\\/x.com\\\/cdcliving\"]},{\"@type\":\"Person\",\"@id\":\"https:\\\/\\\/casadecampoliving.com\\\/es\\\/#\\\/schema\\\/person\\\/0d45cfc6e376a2f15ac9a92421bd4451\",\"name\":\"Felix Guerrero\",\"image\":{\"@type\":\"ImageObject\",\"inLanguage\":\"es\",\"@id\":\"https:\\\/\\\/secure.gravatar.com\\\/avatar\\\/14a8050b9491854cab6ae2240dcb42ad0fad787b7fa453ad0991fd1262157df3?s=96&d=mm&r=g\",\"url\":\"https:\\\/\\\/secure.gravatar.com\\\/avatar\\\/14a8050b9491854cab6ae2240dcb42ad0fad787b7fa453ad0991fd1262157df3?s=96&d=mm&r=g\",\"contentUrl\":\"https:\\\/\\\/secure.gravatar.com\\\/avatar\\\/14a8050b9491854cab6ae2240dcb42ad0fad787b7fa453ad0991fd1262157df3?s=96&d=mm&r=g\",\"caption\":\"Felix Guerrero\"},\"url\":\"https:\\\/\\\/casadecampoliving.com\\\/es\\\/author\\\/fguerrero\\\/\"}]}<\/script>\n<!-- \/ Yoast SEO plugin. -->","yoast_head_json":{"title":"Exposici\u00f3n de Artistas en Residencia en La Galer\u00eda de Altos de Chav\u00f3n este jueves | Casa de Campo Living","description":"La Galer\u00eda Principal de Altos de Chav\u00f3n anuncia la exposici\u00f3n del&nbsp;programa&nbsp;\u201cArtistas en Residencia, Oto\u00f1o 2015\u201d, bajo la Fundaci\u00f3n Centro","robots":{"index":"index","follow":"follow","max-snippet":"max-snippet:-1","max-image-preview":"max-image-preview:large","max-video-preview":"max-video-preview:-1"},"canonical":"https:\/\/casadecampoliving.com\/es\/exposicion-artistas-en-residencia-altos-de-chavon-otono-2015\/","og_locale":"es_ES","og_type":"article","og_title":"Exposici\u00f3n de Artistas en Residencia en La Galer\u00eda de Altos de Chav\u00f3n este jueves | Casa de Campo Living","og_description":"La Galer\u00eda Principal de Altos de Chav\u00f3n anuncia la exposici\u00f3n del&nbsp;programa&nbsp;\u201cArtistas en Residencia, Oto\u00f1o 2015\u201d, bajo la Fundaci\u00f3n Centro","og_url":"https:\/\/casadecampoliving.com\/es\/exposicion-artistas-en-residencia-altos-de-chavon-otono-2015\/","og_site_name":"Casa de Campo Living","article_publisher":"https:\/\/www.facebook.com\/casadecampoliving","article_published_time":"2015-11-17T04:00:00+00:00","article_modified_time":"2022-10-21T22:57:52+00:00","og_image":[{"width":650,"height":400,"url":"https:\/\/i0.wp.com\/casadecampoliving.com\/wp-content\/uploads\/2022\/10\/AIR-Header-1.jpg?fit=650%2C400&ssl=1","type":"image\/jpeg"}],"author":"Felix Guerrero","twitter_card":"summary_large_image","twitter_creator":"@cdcliving","twitter_site":"@cdcliving","twitter_misc":{"Escrito por":"Felix Guerrero","Tiempo de lectura":"2 minutos"},"schema":{"@context":"https:\/\/schema.org","@graph":[{"@type":"Article","@id":"https:\/\/casadecampoliving.com\/es\/exposicion-artistas-en-residencia-altos-de-chavon-otono-2015\/#article","isPartOf":{"@id":"https:\/\/casadecampoliving.com\/es\/exposicion-artistas-en-residencia-altos-de-chavon-otono-2015\/"},"author":{"name":"Felix Guerrero","@id":"https:\/\/casadecampoliving.com\/es\/#\/schema\/person\/0d45cfc6e376a2f15ac9a92421bd4451"},"headline":"Exposici\u00f3n de Artistas en Residencia en La Galer\u00eda de Altos de Chav\u00f3n este jueves","datePublished":"2015-11-17T04:00:00+00:00","dateModified":"2022-10-21T22:57:52+00:00","mainEntityOfPage":{"@id":"https:\/\/casadecampoliving.com\/es\/exposicion-artistas-en-residencia-altos-de-chavon-otono-2015\/"},"wordCount":501,"publisher":{"@id":"https:\/\/casadecampoliving.com\/es\/#organization"},"image":{"@id":"https:\/\/casadecampoliving.com\/es\/exposicion-artistas-en-residencia-altos-de-chavon-otono-2015\/#primaryimage"},"thumbnailUrl":"https:\/\/i0.wp.com\/casadecampoliving.com\/wp-content\/uploads\/2022\/10\/AIR-Header-1.jpg?fit=650%2C400&ssl=1","keywords":["Altos de Chavon","arte","artistas en residencia","casa de campo @es","Escuela de Altos de Chav\u00f3n","Escuela de Dise\u00f1o de Altos de Chav\u00f3n","exposici\u00f3n de arte","la galeria","oto\u00f1o"],"articleSection":["Altos de Chavon @es","Arte y cultura","Casa de Campo Living @es","Destacados","Eventos","Noticias Locales","Proximamente","Resort Casa de Campo"],"inLanguage":"es"},{"@type":"WebPage","@id":"https:\/\/casadecampoliving.com\/es\/exposicion-artistas-en-residencia-altos-de-chavon-otono-2015\/","url":"https:\/\/casadecampoliving.com\/es\/exposicion-artistas-en-residencia-altos-de-chavon-otono-2015\/","name":"Exposici\u00f3n de Artistas en Residencia en La Galer\u00eda de Altos de Chav\u00f3n este jueves | Casa de Campo Living","isPartOf":{"@id":"https:\/\/casadecampoliving.com\/es\/#website"},"primaryImageOfPage":{"@id":"https:\/\/casadecampoliving.com\/es\/exposicion-artistas-en-residencia-altos-de-chavon-otono-2015\/#primaryimage"},"image":{"@id":"https:\/\/casadecampoliving.com\/es\/exposicion-artistas-en-residencia-altos-de-chavon-otono-2015\/#primaryimage"},"thumbnailUrl":"https:\/\/i0.wp.com\/casadecampoliving.com\/wp-content\/uploads\/2022\/10\/AIR-Header-1.jpg?fit=650%2C400&ssl=1","datePublished":"2015-11-17T04:00:00+00:00","dateModified":"2022-10-21T22:57:52+00:00","description":"La Galer\u00eda Principal de Altos de Chav\u00f3n anuncia la exposici\u00f3n del&nbsp;programa&nbsp;\u201cArtistas en Residencia, Oto\u00f1o 2015\u201d, bajo la Fundaci\u00f3n Centro","breadcrumb":{"@id":"https:\/\/casadecampoliving.com\/es\/exposicion-artistas-en-residencia-altos-de-chavon-otono-2015\/#breadcrumb"},"inLanguage":"es","potentialAction":[{"@type":"ReadAction","target":["https:\/\/casadecampoliving.com\/es\/exposicion-artistas-en-residencia-altos-de-chavon-otono-2015\/"]}]},{"@type":"ImageObject","inLanguage":"es","@id":"https:\/\/casadecampoliving.com\/es\/exposicion-artistas-en-residencia-altos-de-chavon-otono-2015\/#primaryimage","url":"https:\/\/i0.wp.com\/casadecampoliving.com\/wp-content\/uploads\/2022\/10\/AIR-Header-1.jpg?fit=650%2C400&ssl=1","contentUrl":"https:\/\/i0.wp.com\/casadecampoliving.com\/wp-content\/uploads\/2022\/10\/AIR-Header-1.jpg?fit=650%2C400&ssl=1","width":650,"height":400,"caption":"AIR Header"},{"@type":"BreadcrumbList","@id":"https:\/\/casadecampoliving.com\/es\/exposicion-artistas-en-residencia-altos-de-chavon-otono-2015\/#breadcrumb","itemListElement":[{"@type":"ListItem","position":1,"name":"Home","item":"https:\/\/casadecampoliving.com\/es\/"},{"@type":"ListItem","position":2,"name":"Exposici\u00f3n de Artistas en Residencia en La Galer\u00eda de Altos de Chav\u00f3n este jueves"}]},{"@type":"WebSite","@id":"https:\/\/casadecampoliving.com\/es\/#website","url":"https:\/\/casadecampoliving.com\/es\/","name":"Casa de Campo Living","description":"Resort community news and resources.","publisher":{"@id":"https:\/\/casadecampoliving.com\/es\/#organization"},"potentialAction":[{"@type":"SearchAction","target":{"@type":"EntryPoint","urlTemplate":"https:\/\/casadecampoliving.com\/es\/?s={search_term_string}"},"query-input":{"@type":"PropertyValueSpecification","valueRequired":true,"valueName":"search_term_string"}}],"inLanguage":"es"},{"@type":"Organization","@id":"https:\/\/casadecampoliving.com\/es\/#organization","name":"Casa de Campo Living","url":"https:\/\/casadecampoliving.com\/es\/","logo":{"@type":"ImageObject","inLanguage":"es","@id":"https:\/\/casadecampoliving.com\/es\/#\/schema\/logo\/image\/","url":"https:\/\/i0.wp.com\/casadecampoliving.com\/wp-content\/uploads\/2022\/07\/CDCLivingLogo_V1-white-sized.png?fit=800%2C214&ssl=1","contentUrl":"https:\/\/i0.wp.com\/casadecampoliving.com\/wp-content\/uploads\/2022\/07\/CDCLivingLogo_V1-white-sized.png?fit=800%2C214&ssl=1","width":800,"height":214,"caption":"Casa de Campo Living"},"image":{"@id":"https:\/\/casadecampoliving.com\/es\/#\/schema\/logo\/image\/"},"sameAs":["https:\/\/www.facebook.com\/casadecampoliving","https:\/\/x.com\/cdcliving"]},{"@type":"Person","@id":"https:\/\/casadecampoliving.com\/es\/#\/schema\/person\/0d45cfc6e376a2f15ac9a92421bd4451","name":"Felix Guerrero","image":{"@type":"ImageObject","inLanguage":"es","@id":"https:\/\/secure.gravatar.com\/avatar\/14a8050b9491854cab6ae2240dcb42ad0fad787b7fa453ad0991fd1262157df3?s=96&d=mm&r=g","url":"https:\/\/secure.gravatar.com\/avatar\/14a8050b9491854cab6ae2240dcb42ad0fad787b7fa453ad0991fd1262157df3?s=96&d=mm&r=g","contentUrl":"https:\/\/secure.gravatar.com\/avatar\/14a8050b9491854cab6ae2240dcb42ad0fad787b7fa453ad0991fd1262157df3?s=96&d=mm&r=g","caption":"Felix Guerrero"},"url":"https:\/\/casadecampoliving.com\/es\/author\/fguerrero\/"}]}},"parsely":{"version":"1.1.0","canonical_url":"https:\/\/casadecampoliving.com\/es\/exposicion-artistas-en-residencia-altos-de-chavon-otono-2015\/","smart_links":{"inbound":0,"outbound":0},"traffic_boost_suggestions_count":0,"meta":{"@context":"https:\/\/schema.org","@type":"NewsArticle","headline":"Exposici\u00f3n de Artistas en Residencia en La Galer\u00eda de Altos de Chav\u00f3n este jueves","url":"http:\/\/casadecampoliving.com\/es\/exposicion-artistas-en-residencia-altos-de-chavon-otono-2015\/","mainEntityOfPage":{"@type":"WebPage","@id":"http:\/\/casadecampoliving.com\/es\/exposicion-artistas-en-residencia-altos-de-chavon-otono-2015\/"},"thumbnailUrl":"https:\/\/i0.wp.com\/casadecampoliving.com\/wp-content\/uploads\/2022\/10\/AIR-Header-1.jpg?resize=150%2C150&ssl=1","image":{"@type":"ImageObject","url":"https:\/\/i0.wp.com\/casadecampoliving.com\/wp-content\/uploads\/2022\/10\/AIR-Header-1.jpg?fit=650%2C400&ssl=1"},"articleSection":"Altos de Chavon @es","author":[{"@type":"Person","name":"Felix Guerrero"}],"creator":["Felix Guerrero"],"publisher":{"@type":"Organization","name":"Casa de Campo Living","logo":"https:\/\/casadecampoliving.com\/wp-content\/uploads\/2022\/07\/CDCLivingLogo_V1-white-sized.png"},"keywords":["altos de chavon","arte","artistas en residencia","casa de campo @es","escuela de altos de chav\u00f3n","escuela de dise\u00f1o de altos de chav\u00f3n","exposici\u00f3n de arte","la galeria","oto\u00f1o"],"dateCreated":"2015-11-17T04:00:00Z","datePublished":"2015-11-17T04:00:00Z","dateModified":"2022-10-21T22:57:52Z"},"rendered":"<script type=\"application\/ld+json\" class=\"wp-parsely-metadata\">{\"@context\":\"https:\\\/\\\/schema.org\",\"@type\":\"NewsArticle\",\"headline\":\"Exposici\\u00f3n de Artistas en Residencia en La Galer\\u00eda de Altos de Chav\\u00f3n este jueves\",\"url\":\"http:\\\/\\\/casadecampoliving.com\\\/es\\\/exposicion-artistas-en-residencia-altos-de-chavon-otono-2015\\\/\",\"mainEntityOfPage\":{\"@type\":\"WebPage\",\"@id\":\"http:\\\/\\\/casadecampoliving.com\\\/es\\\/exposicion-artistas-en-residencia-altos-de-chavon-otono-2015\\\/\"},\"thumbnailUrl\":\"https:\\\/\\\/i0.wp.com\\\/casadecampoliving.com\\\/wp-content\\\/uploads\\\/2022\\\/10\\\/AIR-Header-1.jpg?resize=150%2C150&ssl=1\",\"image\":{\"@type\":\"ImageObject\",\"url\":\"https:\\\/\\\/i0.wp.com\\\/casadecampoliving.com\\\/wp-content\\\/uploads\\\/2022\\\/10\\\/AIR-Header-1.jpg?fit=650%2C400&ssl=1\"},\"articleSection\":\"Altos de Chavon @es\",\"author\":[{\"@type\":\"Person\",\"name\":\"Felix Guerrero\"}],\"creator\":[\"Felix Guerrero\"],\"publisher\":{\"@type\":\"Organization\",\"name\":\"Casa de Campo Living\",\"logo\":\"https:\\\/\\\/casadecampoliving.com\\\/wp-content\\\/uploads\\\/2022\\\/07\\\/CDCLivingLogo_V1-white-sized.png\"},\"keywords\":[\"altos de chavon\",\"arte\",\"artistas en residencia\",\"casa de campo @es\",\"escuela de altos de chav\\u00f3n\",\"escuela de dise\\u00f1o de altos de chav\\u00f3n\",\"exposici\\u00f3n de arte\",\"la galeria\",\"oto\\u00f1o\"],\"dateCreated\":\"2015-11-17T04:00:00Z\",\"datePublished\":\"2015-11-17T04:00:00Z\",\"dateModified\":\"2022-10-21T22:57:52Z\"}<\/script>","tracker_url":"https:\/\/cdn.parsely.com\/keys\/casadecampoliving.com\/p.js"},"jetpack_publicize_connections":[],"jetpack_featured_media_url":"https:\/\/i0.wp.com\/casadecampoliving.com\/wp-content\/uploads\/2022\/10\/AIR-Header-1.jpg?fit=650%2C400&ssl=1","jetpack-related-posts":[{"id":345818,"url":"https:\/\/casadecampoliving.com\/es\/artistas-en-residencia-2014-proximamente-abierto-en-altos-de-chavon\/","url_meta":{"origin":348562,"position":0},"title":"Artistas en Residencia 2014 pr\u00f3ximamente en Altos de Chav\u00f3n","author":"Daniela Medina","date":"30 Oct, 2014","format":false,"excerpt":"El jueves 13 de noviembre, la Galer\u00eda de Arte Principal de Altos de Chav\u00f3n ser\u00e1 la sede de la apertura de una nueva exhibici\u00f3n \"Artistas en Residencia, Oto\u00f1o 2014\" , que presentan los artistas en residencia: Hugh Wilson, Hannah Parr, Julio Marcano y Alma Peguero. El programa \"Artista en Residencia\"\u2026","rel":"","context":"En \u00abAltos de Chavon @es\u00bb","block_context":{"text":"Altos de Chavon @es","link":"https:\/\/casadecampoliving.com\/category\/altos-de-chavon-es\/"},"img":{"alt_text":"","src":"https:\/\/i0.wp.com\/casadecampoliving.com\/wp-content\/uploads\/2022\/10\/The_argyle-1.jpg?fit=1170%2C1143&ssl=1&resize=350%2C200","width":350,"height":200,"srcset":"https:\/\/i0.wp.com\/casadecampoliving.com\/wp-content\/uploads\/2022\/10\/The_argyle-1.jpg?fit=1170%2C1143&ssl=1&resize=350%2C200 1x, https:\/\/i0.wp.com\/casadecampoliving.com\/wp-content\/uploads\/2022\/10\/The_argyle-1.jpg?fit=1170%2C1143&ssl=1&resize=525%2C300 1.5x, https:\/\/i0.wp.com\/casadecampoliving.com\/wp-content\/uploads\/2022\/10\/The_argyle-1.jpg?fit=1170%2C1143&ssl=1&resize=700%2C400 2x, https:\/\/i0.wp.com\/casadecampoliving.com\/wp-content\/uploads\/2022\/10\/The_argyle-1.jpg?fit=1170%2C1143&ssl=1&resize=1050%2C600 3x"},"classes":[]},{"id":346241,"url":"https:\/\/casadecampoliving.com\/es\/un-coctel-artistico-con-claudia-bonetti-hugh-wilson\/","url_meta":{"origin":348562,"position":1},"title":"Un c\u00f3ctel art\u00edstico con Claudia Bonetti &#038; Hugh Wilson","author":"Daniela Medina","date":"12 Dic, 2014","format":false,"excerpt":"Este a\u00f1o, la exposici\u00f3n de Artistas en Residencia de oto\u00f1o ha sido excepcional en todos los sentidos. El s\u00e1bado 6 de diciembre, Claudina Bonetti organiz\u00f3 un elegante c\u00f3ctel de recepci\u00f3n que uni\u00f3 a la comunidad de Casa de Campo, en su amor por el arte. Con su esposo, Hugh Wilson,\u2026","rel":"","context":"En \u00abAltos de Chavon @es\u00bb","block_context":{"text":"Altos de Chavon @es","link":"https:\/\/casadecampoliving.com\/category\/altos-de-chavon-es\/"},"img":{"alt_text":"Hugh Wilson, Claudina Bonetti","src":"https:\/\/i0.wp.com\/casadecampoliving.com\/wp-content\/uploads\/2022\/10\/Hugh_Wilson_Claudina_Bonetti-1.jpg?fit=650%2C521&ssl=1&resize=350%2C200","width":350,"height":200,"srcset":"https:\/\/i0.wp.com\/casadecampoliving.com\/wp-content\/uploads\/2022\/10\/Hugh_Wilson_Claudina_Bonetti-1.jpg?fit=650%2C521&ssl=1&resize=350%2C200 1x, https:\/\/i0.wp.com\/casadecampoliving.com\/wp-content\/uploads\/2022\/10\/Hugh_Wilson_Claudina_Bonetti-1.jpg?fit=650%2C521&ssl=1&resize=525%2C300 1.5x"},"classes":[]},{"id":348572,"url":"https:\/\/casadecampoliving.com\/es\/exhibicion-de-arte-artistas-en-residencia\/","url_meta":{"origin":348562,"position":2},"title":"Exhibici\u00f3n de arte Artistas en Residencia","author":"Perkin Agramonte","date":"10 Nov, 2015","format":false,"excerpt":"La \u00a0Galer\u00eda Principal de Altos de Chav\u00f3n anuncia la apertura, el 19 de noviembre, de la exposici\u00f3n \u2018\u2019Artista en Residencia, Oto\u00f1o 2015\u2019\u2019, programa bajo la Fundaci\u00f3n Centro Cultural Altos de Chav\u00f3n, con los artistas Alma Peguero, Tom\u00e1s Pichardo y Luis Valverde, egresados de La Escuela. Alma Peguero, En 2009 se\u2026","rel":"","context":"En \u00abAltos de Chavon @es\u00bb","block_context":{"text":"Altos de Chavon @es","link":"https:\/\/casadecampoliving.com\/category\/altos-de-chavon-es\/"},"img":{"alt_text":"","src":"https:\/\/i0.wp.com\/casadecampoliving.com\/wp-content\/uploads\/2022\/10\/imagen-producto-portada19a-e1447168521791-1.jpg?fit=595%2C390&ssl=1&resize=350%2C200","width":350,"height":200,"srcset":"https:\/\/i0.wp.com\/casadecampoliving.com\/wp-content\/uploads\/2022\/10\/imagen-producto-portada19a-e1447168521791-1.jpg?fit=595%2C390&ssl=1&resize=350%2C200 1x, https:\/\/i0.wp.com\/casadecampoliving.com\/wp-content\/uploads\/2022\/10\/imagen-producto-portada19a-e1447168521791-1.jpg?fit=595%2C390&ssl=1&resize=525%2C300 1.5x"},"classes":[]},{"id":433460,"url":"https:\/\/casadecampoliving.com\/es\/no-se-pierdan-el-increible-tributo-a-frank-sinatra-para-celebrar-el-40-aniversario-del-anfiteatro-altos-de-chavon\/","url_meta":{"origin":348562,"position":3},"title":"No se pierdan el incre\u00edble tributo a Frank Sinatra para celebrar el 40 aniversario del\u00a0Anfiteatro Altos de Chav\u00f3n","author":"Casa de Campo Living","date":"20 Oct, 2022","format":false,"excerpt":"Siendo uno de los escenarios m\u00e1s emblem\u00e1ticos del pa\u00eds, Casa de Campo Resort\u00ae & Villas celebra las cuatro d\u00e9cadas de aniversario de Altos de Chav\u00f3n con un tributo al gran Frank Sinatra, protagonizado por artistas invitados y una big band tal cual la que acompa\u00f1\u00f3 al artista hace 40 a\u00f1os\u2026","rel":"","context":"En \u00abUncategorized @es\u00bb","block_context":{"text":"Uncategorized @es","link":"https:\/\/casadecampoliving.com\/es\/category\/uncategorized-es\/"},"img":{"alt_text":"","src":"https:\/\/i0.wp.com\/casadecampoliving.com\/wp-content\/uploads\/2022\/10\/Tributo-Frank-Sinatra-Foto-Principal-Amaury-Sanchez-Danilo-Ginebra-Andres-Pichardo-y-Jose-Gabriel-Perez-.jpg?fit=1200%2C873&ssl=1&resize=350%2C200","width":350,"height":200,"srcset":"https:\/\/i0.wp.com\/casadecampoliving.com\/wp-content\/uploads\/2022\/10\/Tributo-Frank-Sinatra-Foto-Principal-Amaury-Sanchez-Danilo-Ginebra-Andres-Pichardo-y-Jose-Gabriel-Perez-.jpg?fit=1200%2C873&ssl=1&resize=350%2C200 1x, https:\/\/i0.wp.com\/casadecampoliving.com\/wp-content\/uploads\/2022\/10\/Tributo-Frank-Sinatra-Foto-Principal-Amaury-Sanchez-Danilo-Ginebra-Andres-Pichardo-y-Jose-Gabriel-Perez-.jpg?fit=1200%2C873&ssl=1&resize=525%2C300 1.5x, https:\/\/i0.wp.com\/casadecampoliving.com\/wp-content\/uploads\/2022\/10\/Tributo-Frank-Sinatra-Foto-Principal-Amaury-Sanchez-Danilo-Ginebra-Andres-Pichardo-y-Jose-Gabriel-Perez-.jpg?fit=1200%2C873&ssl=1&resize=700%2C400 2x, https:\/\/i0.wp.com\/casadecampoliving.com\/wp-content\/uploads\/2022\/10\/Tributo-Frank-Sinatra-Foto-Principal-Amaury-Sanchez-Danilo-Ginebra-Andres-Pichardo-y-Jose-Gabriel-Perez-.jpg?fit=1200%2C873&ssl=1&resize=1050%2C600 3x"},"classes":[]},{"id":350799,"url":"https:\/\/casadecampoliving.com\/es\/artista-en-residencia-otono-2016-la-galeria-altos-de-chavon\/","url_meta":{"origin":348562,"position":4},"title":"\u00a1Nueva exhibici\u00f3n \u00abArtista en Residencia, Oto\u00f1o 2016\u00bb en La Galer\u00eda Altos de Chav\u00f3n el pr\u00f3ximo jueves!","author":"Marlenys Guzm\u00e1n Casta\u00f1os","date":"11 Nov, 2016","format":false,"excerpt":"La\u00a0Galer\u00eda Principal de Altos de Chav\u00f3n anuncia la apertura, el jueves 17 de noviembre, de la exposici\u00f3n \u201cArtista en Residencia, Oto\u00f1o 2016\u201d, programa bajo la Fundaci\u00f3n Centro Cultural Altos de Chav\u00f3n, con los artistas Luis Valverde y Gustavo Ferm\u00edn.\u00a0El programa de\u00a0\u201cArtistas en Residencia\u201d tiene como objetivo propiciar un intercambio educativo\u2026","rel":"","context":"En \u00abAltos de Chavon @es\u00bb","block_context":{"text":"Altos de Chavon @es","link":"https:\/\/casadecampoliving.com\/category\/altos-de-chavon-es\/"},"img":{"alt_text":"The Gallery Artist in Residence","src":"https:\/\/i0.wp.com\/casadecampoliving.com\/wp-content\/uploads\/2022\/10\/AR_OTON17DO_20161-e1478882198736.jpg?fit=1000%2C600&ssl=1&resize=350%2C200","width":350,"height":200,"srcset":"https:\/\/i0.wp.com\/casadecampoliving.com\/wp-content\/uploads\/2022\/10\/AR_OTON17DO_20161-e1478882198736.jpg?fit=1000%2C600&ssl=1&resize=350%2C200 1x, https:\/\/i0.wp.com\/casadecampoliving.com\/wp-content\/uploads\/2022\/10\/AR_OTON17DO_20161-e1478882198736.jpg?fit=1000%2C600&ssl=1&resize=525%2C300 1.5x, https:\/\/i0.wp.com\/casadecampoliving.com\/wp-content\/uploads\/2022\/10\/AR_OTON17DO_20161-e1478882198736.jpg?fit=1000%2C600&ssl=1&resize=700%2C400 2x"},"classes":[]},{"id":350832,"url":"https:\/\/casadecampoliving.com\/es\/artistas-en-residencia-otono-2016-la-galeria-altos-de-chavon\/","url_meta":{"origin":348562,"position":5},"title":"La apertura de la exhibici\u00f3n \u201cArtistas en Residencia Oto\u00f1o 2016\u201d atrajo a los amantes del arte de la comunidad","author":"Marlenys Guzm\u00e1n Casta\u00f1os","date":"22 Nov, 2016","format":false,"excerpt":"El pasado jueves 17 de noviembre, el talentoso d\u00fao Luis Valverde y Gustavo Ferm\u00edn presentaron\u00a0su exposici\u00f3n de arte \"Artistas en Residencia Oto\u00f1o\u00a02016\" con un c\u00f3ctel en la Galer\u00eda de Altos de Chav\u00f3n. Las impresionantes creaciones de estos artistas, estuvieron dispersadas por todas las paredes \u00e9 incluso el piso de la\u2026","rel":"","context":"En \u00abAltos de Chavon @es\u00bb","block_context":{"text":"Altos de Chavon @es","link":"https:\/\/casadecampoliving.com\/category\/altos-de-chavon-es\/"},"img":{"alt_text":"","src":"https:\/\/i0.wp.com\/casadecampoliving.com\/wp-content\/uploads\/2022\/10\/Artists-in-Residence.jpeg?fit=1000%2C601&ssl=1&resize=350%2C200","width":350,"height":200,"srcset":"https:\/\/i0.wp.com\/casadecampoliving.com\/wp-content\/uploads\/2022\/10\/Artists-in-Residence.jpeg?fit=1000%2C601&ssl=1&resize=350%2C200 1x, https:\/\/i0.wp.com\/casadecampoliving.com\/wp-content\/uploads\/2022\/10\/Artists-in-Residence.jpeg?fit=1000%2C601&ssl=1&resize=525%2C300 1.5x, https:\/\/i0.wp.com\/casadecampoliving.com\/wp-content\/uploads\/2022\/10\/Artists-in-Residence.jpeg?fit=1000%2C601&ssl=1&resize=700%2C400 2x"},"classes":[]}],"jetpack_sharing_enabled":true,"_links":{"self":[{"href":"https:\/\/casadecampoliving.com\/es\/wp-json\/wp\/v2\/posts\/348562","targetHints":{"allow":["GET"]}}],"collection":[{"href":"https:\/\/casadecampoliving.com\/es\/wp-json\/wp\/v2\/posts"}],"about":[{"href":"https:\/\/casadecampoliving.com\/es\/wp-json\/wp\/v2\/types\/post"}],"author":[{"embeddable":true,"href":"https:\/\/casadecampoliving.com\/es\/wp-json\/wp\/v2\/users\/34707"}],"replies":[{"embeddable":true,"href":"https:\/\/casadecampoliving.com\/es\/wp-json\/wp\/v2\/comments?post=348562"}],"version-history":[{"count":1,"href":"https:\/\/casadecampoliving.com\/es\/wp-json\/wp\/v2\/posts\/348562\/revisions"}],"predecessor-version":[{"id":348563,"href":"https:\/\/casadecampoliving.com\/es\/wp-json\/wp\/v2\/posts\/348562\/revisions\/348563"}],"wp:featuredmedia":[{"embeddable":true,"href":"https:\/\/casadecampoliving.com\/es\/wp-json\/wp\/v2\/media\/301138"}],"wp:attachment":[{"href":"https:\/\/casadecampoliving.com\/es\/wp-json\/wp\/v2\/media?parent=348562"}],"wp:term":[{"taxonomy":"category","embeddable":true,"href":"https:\/\/casadecampoliving.com\/es\/wp-json\/wp\/v2\/categories?post=348562"},{"taxonomy":"post_tag","embeddable":true,"href":"https:\/\/casadecampoliving.com\/es\/wp-json\/wp\/v2\/tags?post=348562"},{"taxonomy":"newspack_spnsrs_tax","embeddable":true,"href":"https:\/\/casadecampoliving.com\/es\/wp-json\/wp\/v2\/newspack_spnsrs_tax?post=348562"}],"curies":[{"name":"wp","href":"https:\/\/api.w.org\/{rel}","templated":true}]}}