{"id":348503,"date":"2015-10-29T00:00:00","date_gmt":"2015-10-29T04:00:00","guid":{"rendered":"https:\/\/casadecampoliving.com\/retiro-holistico-en-casa-de-campo\/"},"modified":"2022-10-21T19:04:47","modified_gmt":"2022-10-21T23:04:47","slug":"retiro-holistico-en-casa-de-campo","status":"publish","type":"post","link":"https:\/\/casadecampoliving.com\/es\/retiro-holistico-en-casa-de-campo\/","title":{"rendered":"Retiro Hol\u00edstico en Casa de Campo"},"content":{"rendered":"<div class=\"wp-block-image\">\n<figure class=\"aligncenter is-resized\"><img loading=\"lazy\" decoding=\"async\" src=\"https:\/\/i0.wp.com\/casadecampoliving.com\/wp-content\/uploads\/2022\/10\/Holistic-Bikini-Bootcamp-Retreat.jpg?resize=650%2C400&amp;ssl=1\" alt=\"Holistic Bikini Bootcamp Retreat\" class=\"wp-image-114522\" height=\"400\" width=\"650\"\/><\/figure>\n<\/div>\n\n\n<p>La propia campeona de salud y bienestar de Casa de Campo , Kyra Montagu, quien tambi\u00e9n dirige el Spa Casa de Campo, recientemente comparti\u00f3 con nosotros lo que han elaborado&nbsp;Ki-Ra Holistic y el Spa; \u00a1\u00a1un Retiro Hol\u00edstico&nbsp;pautado para el 2&nbsp;al 6&nbsp;de diciembre de este a\u00f1o!! Si te est\u00e1s preguntando qu\u00e9 es un \u201cRetiro Hol\u00edstico\u201d, imag\u00ednate un intenso programa de 5 d\u00edas dise\u00f1ado para que seas&nbsp;feliz, est\u00e9s saludable y en forma mientras disfrutas de todo lo que Casa de Campo tiene para ofrecer.<\/p>\n\n\n\n<!--more-->\n\n\n<div class=\"wp-block-image\">\n<figure class=\"aligncenter is-resized\"><img loading=\"lazy\" decoding=\"async\" src=\"https:\/\/i0.wp.com\/casadecampoliving.com\/wp-content\/uploads\/2022\/10\/Holistic-Bikini-Bootcamp-Retreat-Couple.jpg?resize=650%2C400&amp;ssl=1\" alt=\"Holistic Bikini Bootcamp Retreat - Couple\" class=\"wp-image-114523\" height=\"400\" width=\"650\"\/><\/figure>\n<\/div>\n\n\n<p>\u00a1Prep\u00e1rate para 5 d\u00edas de descubrimiento, diversi\u00f3n y bienestar mientras disfrutas las puestas de sol del Caribe, nuevas amistades e impresionantes c\u00f3cteles org\u00e1nicos&nbsp;antes de bailar todo lo que puedas&nbsp;bajo las estrellas. Es la escapada saludable definitiva para el alma activa.<\/p>\n\n\n\n<p>El programa del retiro (debajo) es tan amplio (de ah\u00ed que sea&nbsp;hol\u00edstico) como es posible. Se trata de las vacaciones productivas definitivas para ti mismo. Si participaste en el&nbsp;<a href=\"http:\/\/wp.me\/p1kvEy-tCd\">Detox Comunitario<\/a>, el Reteiro Hol\u00edstico ser\u00eda el equivalente a subirle&nbsp;un nivel m\u00e1s, ya que el \u00fanico tiempo libre que tendr\u00e1s&nbsp;durante estos 5 d\u00edas ser\u00e1 dedicado a mimarte y divertirte.<\/p>\n\n\n<div class=\"wp-block-image\">\n<figure class=\"aligncenter is-resized\"><img loading=\"lazy\" decoding=\"async\" src=\"https:\/\/i0.wp.com\/casadecampoliving.com\/wp-content\/uploads\/2022\/10\/Holistic-Bikini-Bootcamp-Retreat-Single.jpg?resize=650%2C400&amp;ssl=1\" alt=\"Holistic Bikini Bootcamp Retreat - Single\" class=\"wp-image-114525\" height=\"400\" width=\"650\"\/><\/figure>\n<\/div>\n\n\n<p>Si necesitas desesperadamente un \u201creinicio\u201d o descanso de la rutina, este es el programa para usted.<\/p>\n\n\n\n<p>Ki-Ra Holistic Living&nbsp;y&nbsp;el Spa Casa de Campo est\u00e1n planeando preparar m\u00e1s de estos retiros para el a\u00f1o pr\u00f3ximo, pero esperamos que se una&nbsp;a&nbsp;\u00e9ste&nbsp;ahora, justo a tiempo para el inicio de las fiestas,&nbsp;vacaciones y para empezar el a\u00f1o nuevo en el camino correcto hacia uan vida m\u00e1s sana y feliz.<\/p>\n\n\n\n<blockquote><h3>Itinerario del Retiro:<\/h3><p><strong>D\u00eda&nbsp;1<\/strong><\/p><ul>\n<li>6pm:&nbsp;Introducci\u00f3n<\/li>\n<li>7pm: Cena<\/li>\n<li>9pm: Pr\u00e1ctica de Relajaci\u00f3n<\/li>\n<\/ul><p><strong>D\u00eda&nbsp;2<\/strong><\/p><ul>\n<li>7:30am: Yoga<\/li>\n<li>9am:&nbsp;Desayuno<\/li>\n<li>10am: Paseo en Bicicleta<\/li>\n<li>11am: Jugo de Desintoxicaci\u00f3n<\/li>\n<li>11am \u2013 1pm: Tiempo libre<\/li>\n<li>1pm: Almuerzo<\/li>\n<li>2pm \u2013 4pm: Tiempo Libre<\/li>\n<li>4pm \u2013 5pm: Zumba<\/li>\n<li>5pm \u2013 7:30pm Hidroterapia\/Masaje<\/li>\n<li>8pm: Coctel y Cena<\/li>\n<li>9pm: Baile de Salsa<\/li>\n<\/ul><p><strong>D\u00eda&nbsp;3<\/strong><\/p><ul>\n<li>7:30am: Yoga<\/li>\n<li>9am:&nbsp;Desayuno<\/li>\n<li>10am: Paseo en Bicileta<\/li>\n<li>11am: Jugo de Desintoxicaci\u00f3n<\/li>\n<li>11am \u2013 1pm: Tiempo Libre<\/li>\n<li>1pm:&nbsp;Almuerzo<\/li>\n<li>2pm \u2013 4pm:&nbsp;Tiempo libre<\/li>\n<li>4pm \u2013 5pm: Sesi\u00f3n de Aero Power<\/li>\n<li>5pm \u2013 6pm: Limpieza con Barro<\/li>\n<li>6:30pm: Masaje<\/li>\n<li>8pm: Coctel y Cena<\/li>\n<li>9pm: Baile de Salsa y&nbsp;Merengue<\/li>\n<\/ul><p><strong>D\u00eda&nbsp;4<\/strong><\/p><ul>\n<li>7:30am: Yoga<\/li>\n<li>9am:&nbsp;Desayuno<\/li>\n<li>10am: Clases de Taekwondo<\/li>\n<li>11am: Jugo de Desintoxicaci\u00f3n<\/li>\n<li>11am \u2013 1pm: Hidroterapia\/Masaje<\/li>\n<li>1pm:&nbsp;Almuerzo<\/li>\n<li>2pm \u2013 4pm: Tiempo libre<\/li>\n<li>4:30pm: Cruce del R\u00edo<\/li>\n<li>5pm: Caminata Costera<\/li>\n<li>8pm: Cena a la Hoguera<\/li>\n<\/ul><p><strong>D\u00eda&nbsp;5<\/strong><\/p><ul>\n<li>7:30am: Yoga<\/li>\n<li>9am:&nbsp;Desayuno<\/li>\n<li>10am: Paseo en Bicicleta<\/li>\n<li>11am: Jugo de Desintoxicaci\u00f3n<\/li>\n<li>11am \u2013 1pm: Hidroterapia\/Masaje<\/li>\n<li>1pm:&nbsp;Almuerzo<\/li>\n<\/ul><p><strong>Tratamientos Opcionales\/Actividades:<\/strong><\/p><p>**Vea el men\u00fa del&nbsp;Spa&nbsp;para consultas\/tratamientos<\/p><ul>\n<li>Equitaci\u00f3n<\/li>\n<li>Tenis<\/li>\n<li>Golf<\/li>\n<li>Deportes Acu\u00e1ticos<\/li>\n<\/ul><\/blockquote>\n\n\n\n<blockquote><h3>Retiro Hol\u00edstico<\/h3><p><strong>Fecha:<\/strong>&nbsp;2 \u2013 6 de diciembre, 2015<\/p><p><strong>Lugar:<\/strong>&nbsp;Casa de Campo<\/p><p><strong>Precio:&nbsp;<\/strong><\/p><ul>\n<li>USD$1,200<\/li>\n<li>USD$2,000 (con estad\u00eda incluida)<\/li>\n<\/ul><p><strong>Organizado por:<\/strong>&nbsp;Casa de Campo Wellness Spa &amp; Ki-Ra Holistic Living<\/p><p><strong>Contacto:<\/strong>&nbsp;Casa de Campo Wellness Spa (809) 523-8529,&nbsp;<a href=\"mailto:spa@ccampo.com.do\" target=\"_blank\" rel=\"noreferrer noopener\">spa@ccampo.com.do<\/a><\/p><p><strong>El RETIRO INCLUYE:<\/strong><\/p><ul>\n<li>&nbsp;4 sesiones de hidroterapia<\/li>\n<li>4&nbsp;jugos de desintoxicaci\u00f3n<\/li>\n<li>4 masajes&nbsp;de desintoxicaci\u00f3n<\/li>\n<li>Desayuno, almuerzo y cena<\/li>\n<li>Sesiones de Yoga<\/li>\n<li>Paseos en bicileta<\/li>\n<li>Salsa<\/li>\n<li>Zumba<\/li>\n<li>Sesiones de Aero Power<\/li>\n<li>Clases de Taekwondo<\/li>\n<li>Sesiones de relajaci\u00f3n<\/li>\n<li>Sesiones de Exfoliaci\u00f3n<\/li>\n<li>Limpieza con Barro<\/li>\n<li>Cena a la hoguera bajo las estrellas<\/li>\n<\/ul><\/blockquote>\n","protected":false},"excerpt":{"rendered":"<p>La propia campeona de salud y bienestar de Casa de Campo , Kyra Montagu, quien tambi\u00e9n dirige el Spa Casa de Campo, recientemente comparti\u00f3 con nosotros lo que han elaborado&nbsp;Ki-Ra Holistic y el Spa; \u00a1\u00a1un Retiro Hol\u00edstico&nbsp;pautado para el 2&nbsp;al 6&nbsp;de diciembre de este a\u00f1o!! Si te est\u00e1s preguntando qu\u00e9 es un \u201cRetiro Hol\u00edstico\u201d, imag\u00ednate [&hellip;]<\/p>\n","protected":false},"author":36672,"featured_media":298594,"comment_status":"closed","ping_status":"closed","sticky":false,"template":"","format":"standard","meta":{"newspack_ads_suppress_ads":false,"newspack_popups_has_disabled_popups":false,"newspack_sponsor_sponsorship_scope":"","newspack_sponsor_native_byline_display":"inherit","newspack_sponsor_native_category_display":"inherit","newspack_sponsor_underwriter_style":"inherit","newspack_sponsor_underwriter_placement":"inherit","_newspack_byline_active":false,"_newspack_byline":"","newspack_hide_updated_date":false,"newspack_show_updated_date":false,"newspack_content_restriction_is_exempt":false,"newspack_featured_image_position":"","newspack_post_subtitle":"","newspack_article_summary_title":"Overview:","newspack_article_summary":"","_jetpack_memberships_contains_paid_content":false,"footnotes":"","jetpack_publicize_message":"","jetpack_publicize_feature_enabled":true,"jetpack_social_post_already_shared":false,"jetpack_social_options":{"image_generator_settings":{"template":"highway","default_image_id":0,"font":"","enabled":false},"version":2},"_wpas_customize_per_network":false},"categories":[2498],"tags":[10696,3626,24387,7406,13459,10780,13227,2561,7523,11175,8782],"newspack_spnsrs_tax":[],"class_list":["post-348503","post","type-post","status-publish","format-standard","has-post-thumbnail","hentry","category-uncategorized-es","tag-campamento","tag-casa-de-campo-es","tag-casa-de-campo-living-es","tag-comunidad-casa-de-campo","tag-holistico","tag-ki-ra-holistic-living-es","tag-kyra-montagu-es","tag-resort-casa-de-campo","tag-retiro","tag-spa-es","tag-spa-casa-de-campo","entry"],"yoast_head":"<!-- This site is optimized with the Yoast SEO plugin v27.4 - https:\/\/yoast.com\/product\/yoast-seo-wordpress\/ -->\n<title>Retiro Hol\u00edstico en Casa de Campo | Casa de Campo Living<\/title>\n<meta name=\"description\" content=\"La propia campeona de salud y bienestar de Casa de Campo , Kyra Montagu, quien tambi\u00e9n dirige el Spa Casa de Campo, recientemente comparti\u00f3 con nosotros\" \/>\n<meta name=\"robots\" content=\"index, follow, max-snippet:-1, max-image-preview:large, max-video-preview:-1\" \/>\n<link rel=\"canonical\" href=\"https:\/\/casadecampoliving.com\/es\/retiro-holistico-en-casa-de-campo\/\" \/>\n<meta property=\"og:locale\" content=\"es_ES\" \/>\n<meta property=\"og:type\" content=\"article\" \/>\n<meta property=\"og:title\" content=\"Retiro Hol\u00edstico en Casa de Campo | Casa de Campo Living\" \/>\n<meta property=\"og:description\" content=\"La propia campeona de salud y bienestar de Casa de Campo , Kyra Montagu, quien tambi\u00e9n dirige el Spa Casa de Campo, recientemente comparti\u00f3 con nosotros\" \/>\n<meta property=\"og:url\" content=\"https:\/\/casadecampoliving.com\/es\/retiro-holistico-en-casa-de-campo\/\" \/>\n<meta property=\"og:site_name\" content=\"Casa de Campo Living\" \/>\n<meta property=\"article:publisher\" content=\"https:\/\/www.facebook.com\/casadecampoliving\" \/>\n<meta property=\"article:published_time\" content=\"2015-10-29T04:00:00+00:00\" \/>\n<meta property=\"article:modified_time\" content=\"2022-10-21T23:04:47+00:00\" \/>\n<meta property=\"og:image\" content=\"https:\/\/i0.wp.com\/casadecampoliving.com\/wp-content\/uploads\/2022\/10\/Holistic-Bikini-Bootcamp-Retreat-1.jpg?fit=650%2C400&ssl=1\" \/>\n\t<meta property=\"og:image:width\" content=\"650\" \/>\n\t<meta property=\"og:image:height\" content=\"400\" \/>\n\t<meta property=\"og:image:type\" content=\"image\/jpeg\" \/>\n<meta name=\"author\" content=\"Carla Campos\" \/>\n<meta name=\"twitter:card\" content=\"summary_large_image\" \/>\n<meta name=\"twitter:creator\" content=\"@cdcliving\" \/>\n<meta name=\"twitter:site\" content=\"@cdcliving\" \/>\n<meta name=\"twitter:label1\" content=\"Escrito por\" \/>\n\t<meta name=\"twitter:data1\" content=\"Carla Campos\" \/>\n\t<meta name=\"twitter:label2\" content=\"Tiempo de lectura\" \/>\n\t<meta name=\"twitter:data2\" content=\"3 minutos\" \/>\n<script type=\"application\/ld+json\" class=\"yoast-schema-graph\">{\"@context\":\"https:\\\/\\\/schema.org\",\"@graph\":[{\"@type\":\"Article\",\"@id\":\"https:\\\/\\\/casadecampoliving.com\\\/es\\\/retiro-holistico-en-casa-de-campo\\\/#article\",\"isPartOf\":{\"@id\":\"https:\\\/\\\/casadecampoliving.com\\\/es\\\/retiro-holistico-en-casa-de-campo\\\/\"},\"author\":{\"name\":\"Carla Campos\",\"@id\":\"https:\\\/\\\/casadecampoliving.com\\\/es\\\/#\\\/schema\\\/person\\\/31e9c79dd1ae5946a5bc1d006945aad1\"},\"headline\":\"Retiro Hol\u00edstico en Casa de Campo\",\"datePublished\":\"2015-10-29T04:00:00+00:00\",\"dateModified\":\"2022-10-21T23:04:47+00:00\",\"mainEntityOfPage\":{\"@id\":\"https:\\\/\\\/casadecampoliving.com\\\/es\\\/retiro-holistico-en-casa-de-campo\\\/\"},\"wordCount\":603,\"publisher\":{\"@id\":\"https:\\\/\\\/casadecampoliving.com\\\/es\\\/#organization\"},\"image\":{\"@id\":\"https:\\\/\\\/casadecampoliving.com\\\/es\\\/retiro-holistico-en-casa-de-campo\\\/#primaryimage\"},\"thumbnailUrl\":\"https:\\\/\\\/i0.wp.com\\\/casadecampoliving.com\\\/wp-content\\\/uploads\\\/2022\\\/10\\\/Holistic-Bikini-Bootcamp-Retreat-1.jpg?fit=650%2C400&ssl=1\",\"keywords\":[\"Campamento\",\"casa de campo @es\",\"Casa de Campo Living\",\"comunidad casa de campo\",\"Hol\u00edstico\",\"KI-RA Holistic Living @es\",\"Kyra Montagu @es\",\"resort casa de campo\",\"Retiro\",\"spa @es\",\"Spa Casa de Campo\"],\"articleSection\":[\"Uncategorized @es\"],\"inLanguage\":\"es\"},{\"@type\":\"WebPage\",\"@id\":\"https:\\\/\\\/casadecampoliving.com\\\/es\\\/retiro-holistico-en-casa-de-campo\\\/\",\"url\":\"https:\\\/\\\/casadecampoliving.com\\\/es\\\/retiro-holistico-en-casa-de-campo\\\/\",\"name\":\"Retiro Hol\u00edstico en Casa de Campo | Casa de Campo Living\",\"isPartOf\":{\"@id\":\"https:\\\/\\\/casadecampoliving.com\\\/es\\\/#website\"},\"primaryImageOfPage\":{\"@id\":\"https:\\\/\\\/casadecampoliving.com\\\/es\\\/retiro-holistico-en-casa-de-campo\\\/#primaryimage\"},\"image\":{\"@id\":\"https:\\\/\\\/casadecampoliving.com\\\/es\\\/retiro-holistico-en-casa-de-campo\\\/#primaryimage\"},\"thumbnailUrl\":\"https:\\\/\\\/i0.wp.com\\\/casadecampoliving.com\\\/wp-content\\\/uploads\\\/2022\\\/10\\\/Holistic-Bikini-Bootcamp-Retreat-1.jpg?fit=650%2C400&ssl=1\",\"datePublished\":\"2015-10-29T04:00:00+00:00\",\"dateModified\":\"2022-10-21T23:04:47+00:00\",\"description\":\"La propia campeona de salud y bienestar de Casa de Campo , Kyra Montagu, quien tambi\u00e9n dirige el Spa Casa de Campo, recientemente comparti\u00f3 con nosotros\",\"breadcrumb\":{\"@id\":\"https:\\\/\\\/casadecampoliving.com\\\/es\\\/retiro-holistico-en-casa-de-campo\\\/#breadcrumb\"},\"inLanguage\":\"es\",\"potentialAction\":[{\"@type\":\"ReadAction\",\"target\":[\"https:\\\/\\\/casadecampoliving.com\\\/es\\\/retiro-holistico-en-casa-de-campo\\\/\"]}]},{\"@type\":\"ImageObject\",\"inLanguage\":\"es\",\"@id\":\"https:\\\/\\\/casadecampoliving.com\\\/es\\\/retiro-holistico-en-casa-de-campo\\\/#primaryimage\",\"url\":\"https:\\\/\\\/i0.wp.com\\\/casadecampoliving.com\\\/wp-content\\\/uploads\\\/2022\\\/10\\\/Holistic-Bikini-Bootcamp-Retreat-1.jpg?fit=650%2C400&ssl=1\",\"contentUrl\":\"https:\\\/\\\/i0.wp.com\\\/casadecampoliving.com\\\/wp-content\\\/uploads\\\/2022\\\/10\\\/Holistic-Bikini-Bootcamp-Retreat-1.jpg?fit=650%2C400&ssl=1\",\"width\":650,\"height\":400,\"caption\":\"Holistic Bikini Bootcamp Retreat\"},{\"@type\":\"BreadcrumbList\",\"@id\":\"https:\\\/\\\/casadecampoliving.com\\\/es\\\/retiro-holistico-en-casa-de-campo\\\/#breadcrumb\",\"itemListElement\":[{\"@type\":\"ListItem\",\"position\":1,\"name\":\"Home\",\"item\":\"https:\\\/\\\/casadecampoliving.com\\\/es\\\/\"},{\"@type\":\"ListItem\",\"position\":2,\"name\":\"Retiro Hol\u00edstico en Casa de Campo\"}]},{\"@type\":\"WebSite\",\"@id\":\"https:\\\/\\\/casadecampoliving.com\\\/es\\\/#website\",\"url\":\"https:\\\/\\\/casadecampoliving.com\\\/es\\\/\",\"name\":\"Casa de Campo Living\",\"description\":\"Resort community news and resources.\",\"publisher\":{\"@id\":\"https:\\\/\\\/casadecampoliving.com\\\/es\\\/#organization\"},\"potentialAction\":[{\"@type\":\"SearchAction\",\"target\":{\"@type\":\"EntryPoint\",\"urlTemplate\":\"https:\\\/\\\/casadecampoliving.com\\\/es\\\/?s={search_term_string}\"},\"query-input\":{\"@type\":\"PropertyValueSpecification\",\"valueRequired\":true,\"valueName\":\"search_term_string\"}}],\"inLanguage\":\"es\"},{\"@type\":\"Organization\",\"@id\":\"https:\\\/\\\/casadecampoliving.com\\\/es\\\/#organization\",\"name\":\"Casa de Campo Living\",\"url\":\"https:\\\/\\\/casadecampoliving.com\\\/es\\\/\",\"logo\":{\"@type\":\"ImageObject\",\"inLanguage\":\"es\",\"@id\":\"https:\\\/\\\/casadecampoliving.com\\\/es\\\/#\\\/schema\\\/logo\\\/image\\\/\",\"url\":\"https:\\\/\\\/i0.wp.com\\\/casadecampoliving.com\\\/wp-content\\\/uploads\\\/2022\\\/07\\\/CDCLivingLogo_V1-white-sized.png?fit=800%2C214&ssl=1\",\"contentUrl\":\"https:\\\/\\\/i0.wp.com\\\/casadecampoliving.com\\\/wp-content\\\/uploads\\\/2022\\\/07\\\/CDCLivingLogo_V1-white-sized.png?fit=800%2C214&ssl=1\",\"width\":800,\"height\":214,\"caption\":\"Casa de Campo Living\"},\"image\":{\"@id\":\"https:\\\/\\\/casadecampoliving.com\\\/es\\\/#\\\/schema\\\/logo\\\/image\\\/\"},\"sameAs\":[\"https:\\\/\\\/www.facebook.com\\\/casadecampoliving\",\"https:\\\/\\\/x.com\\\/cdcliving\"]},{\"@type\":\"Person\",\"@id\":\"https:\\\/\\\/casadecampoliving.com\\\/es\\\/#\\\/schema\\\/person\\\/31e9c79dd1ae5946a5bc1d006945aad1\",\"name\":\"Carla Campos\",\"image\":{\"@type\":\"ImageObject\",\"inLanguage\":\"es\",\"@id\":\"https:\\\/\\\/secure.gravatar.com\\\/avatar\\\/73cf86e3450dfb9b46e1fdb84b1d556861d8ff8c40e6925be3e987154c3b5772?s=96&d=mm&r=g\",\"url\":\"https:\\\/\\\/secure.gravatar.com\\\/avatar\\\/73cf86e3450dfb9b46e1fdb84b1d556861d8ff8c40e6925be3e987154c3b5772?s=96&d=mm&r=g\",\"contentUrl\":\"https:\\\/\\\/secure.gravatar.com\\\/avatar\\\/73cf86e3450dfb9b46e1fdb84b1d556861d8ff8c40e6925be3e987154c3b5772?s=96&d=mm&r=g\",\"caption\":\"Carla Campos\"},\"url\":\"https:\\\/\\\/casadecampoliving.com\\\/es\\\/author\\\/ccampos\\\/\"}]}<\/script>\n<!-- \/ Yoast SEO plugin. -->","yoast_head_json":{"title":"Retiro Hol\u00edstico en Casa de Campo | Casa de Campo Living","description":"La propia campeona de salud y bienestar de Casa de Campo , Kyra Montagu, quien tambi\u00e9n dirige el Spa Casa de Campo, recientemente comparti\u00f3 con nosotros","robots":{"index":"index","follow":"follow","max-snippet":"max-snippet:-1","max-image-preview":"max-image-preview:large","max-video-preview":"max-video-preview:-1"},"canonical":"https:\/\/casadecampoliving.com\/es\/retiro-holistico-en-casa-de-campo\/","og_locale":"es_ES","og_type":"article","og_title":"Retiro Hol\u00edstico en Casa de Campo | Casa de Campo Living","og_description":"La propia campeona de salud y bienestar de Casa de Campo , Kyra Montagu, quien tambi\u00e9n dirige el Spa Casa de Campo, recientemente comparti\u00f3 con nosotros","og_url":"https:\/\/casadecampoliving.com\/es\/retiro-holistico-en-casa-de-campo\/","og_site_name":"Casa de Campo Living","article_publisher":"https:\/\/www.facebook.com\/casadecampoliving","article_published_time":"2015-10-29T04:00:00+00:00","article_modified_time":"2022-10-21T23:04:47+00:00","og_image":[{"width":650,"height":400,"url":"https:\/\/i0.wp.com\/casadecampoliving.com\/wp-content\/uploads\/2022\/10\/Holistic-Bikini-Bootcamp-Retreat-1.jpg?fit=650%2C400&ssl=1","type":"image\/jpeg"}],"author":"Carla Campos","twitter_card":"summary_large_image","twitter_creator":"@cdcliving","twitter_site":"@cdcliving","twitter_misc":{"Escrito por":"Carla Campos","Tiempo de lectura":"3 minutos"},"schema":{"@context":"https:\/\/schema.org","@graph":[{"@type":"Article","@id":"https:\/\/casadecampoliving.com\/es\/retiro-holistico-en-casa-de-campo\/#article","isPartOf":{"@id":"https:\/\/casadecampoliving.com\/es\/retiro-holistico-en-casa-de-campo\/"},"author":{"name":"Carla Campos","@id":"https:\/\/casadecampoliving.com\/es\/#\/schema\/person\/31e9c79dd1ae5946a5bc1d006945aad1"},"headline":"Retiro Hol\u00edstico en Casa de Campo","datePublished":"2015-10-29T04:00:00+00:00","dateModified":"2022-10-21T23:04:47+00:00","mainEntityOfPage":{"@id":"https:\/\/casadecampoliving.com\/es\/retiro-holistico-en-casa-de-campo\/"},"wordCount":603,"publisher":{"@id":"https:\/\/casadecampoliving.com\/es\/#organization"},"image":{"@id":"https:\/\/casadecampoliving.com\/es\/retiro-holistico-en-casa-de-campo\/#primaryimage"},"thumbnailUrl":"https:\/\/i0.wp.com\/casadecampoliving.com\/wp-content\/uploads\/2022\/10\/Holistic-Bikini-Bootcamp-Retreat-1.jpg?fit=650%2C400&ssl=1","keywords":["Campamento","casa de campo @es","Casa de Campo Living","comunidad casa de campo","Hol\u00edstico","KI-RA Holistic Living @es","Kyra Montagu @es","resort casa de campo","Retiro","spa @es","Spa Casa de Campo"],"articleSection":["Uncategorized @es"],"inLanguage":"es"},{"@type":"WebPage","@id":"https:\/\/casadecampoliving.com\/es\/retiro-holistico-en-casa-de-campo\/","url":"https:\/\/casadecampoliving.com\/es\/retiro-holistico-en-casa-de-campo\/","name":"Retiro Hol\u00edstico en Casa de Campo | Casa de Campo Living","isPartOf":{"@id":"https:\/\/casadecampoliving.com\/es\/#website"},"primaryImageOfPage":{"@id":"https:\/\/casadecampoliving.com\/es\/retiro-holistico-en-casa-de-campo\/#primaryimage"},"image":{"@id":"https:\/\/casadecampoliving.com\/es\/retiro-holistico-en-casa-de-campo\/#primaryimage"},"thumbnailUrl":"https:\/\/i0.wp.com\/casadecampoliving.com\/wp-content\/uploads\/2022\/10\/Holistic-Bikini-Bootcamp-Retreat-1.jpg?fit=650%2C400&ssl=1","datePublished":"2015-10-29T04:00:00+00:00","dateModified":"2022-10-21T23:04:47+00:00","description":"La propia campeona de salud y bienestar de Casa de Campo , Kyra Montagu, quien tambi\u00e9n dirige el Spa Casa de Campo, recientemente comparti\u00f3 con nosotros","breadcrumb":{"@id":"https:\/\/casadecampoliving.com\/es\/retiro-holistico-en-casa-de-campo\/#breadcrumb"},"inLanguage":"es","potentialAction":[{"@type":"ReadAction","target":["https:\/\/casadecampoliving.com\/es\/retiro-holistico-en-casa-de-campo\/"]}]},{"@type":"ImageObject","inLanguage":"es","@id":"https:\/\/casadecampoliving.com\/es\/retiro-holistico-en-casa-de-campo\/#primaryimage","url":"https:\/\/i0.wp.com\/casadecampoliving.com\/wp-content\/uploads\/2022\/10\/Holistic-Bikini-Bootcamp-Retreat-1.jpg?fit=650%2C400&ssl=1","contentUrl":"https:\/\/i0.wp.com\/casadecampoliving.com\/wp-content\/uploads\/2022\/10\/Holistic-Bikini-Bootcamp-Retreat-1.jpg?fit=650%2C400&ssl=1","width":650,"height":400,"caption":"Holistic Bikini Bootcamp Retreat"},{"@type":"BreadcrumbList","@id":"https:\/\/casadecampoliving.com\/es\/retiro-holistico-en-casa-de-campo\/#breadcrumb","itemListElement":[{"@type":"ListItem","position":1,"name":"Home","item":"https:\/\/casadecampoliving.com\/es\/"},{"@type":"ListItem","position":2,"name":"Retiro Hol\u00edstico en Casa de Campo"}]},{"@type":"WebSite","@id":"https:\/\/casadecampoliving.com\/es\/#website","url":"https:\/\/casadecampoliving.com\/es\/","name":"Casa de Campo Living","description":"Resort community news and resources.","publisher":{"@id":"https:\/\/casadecampoliving.com\/es\/#organization"},"potentialAction":[{"@type":"SearchAction","target":{"@type":"EntryPoint","urlTemplate":"https:\/\/casadecampoliving.com\/es\/?s={search_term_string}"},"query-input":{"@type":"PropertyValueSpecification","valueRequired":true,"valueName":"search_term_string"}}],"inLanguage":"es"},{"@type":"Organization","@id":"https:\/\/casadecampoliving.com\/es\/#organization","name":"Casa de Campo Living","url":"https:\/\/casadecampoliving.com\/es\/","logo":{"@type":"ImageObject","inLanguage":"es","@id":"https:\/\/casadecampoliving.com\/es\/#\/schema\/logo\/image\/","url":"https:\/\/i0.wp.com\/casadecampoliving.com\/wp-content\/uploads\/2022\/07\/CDCLivingLogo_V1-white-sized.png?fit=800%2C214&ssl=1","contentUrl":"https:\/\/i0.wp.com\/casadecampoliving.com\/wp-content\/uploads\/2022\/07\/CDCLivingLogo_V1-white-sized.png?fit=800%2C214&ssl=1","width":800,"height":214,"caption":"Casa de Campo Living"},"image":{"@id":"https:\/\/casadecampoliving.com\/es\/#\/schema\/logo\/image\/"},"sameAs":["https:\/\/www.facebook.com\/casadecampoliving","https:\/\/x.com\/cdcliving"]},{"@type":"Person","@id":"https:\/\/casadecampoliving.com\/es\/#\/schema\/person\/31e9c79dd1ae5946a5bc1d006945aad1","name":"Carla Campos","image":{"@type":"ImageObject","inLanguage":"es","@id":"https:\/\/secure.gravatar.com\/avatar\/73cf86e3450dfb9b46e1fdb84b1d556861d8ff8c40e6925be3e987154c3b5772?s=96&d=mm&r=g","url":"https:\/\/secure.gravatar.com\/avatar\/73cf86e3450dfb9b46e1fdb84b1d556861d8ff8c40e6925be3e987154c3b5772?s=96&d=mm&r=g","contentUrl":"https:\/\/secure.gravatar.com\/avatar\/73cf86e3450dfb9b46e1fdb84b1d556861d8ff8c40e6925be3e987154c3b5772?s=96&d=mm&r=g","caption":"Carla Campos"},"url":"https:\/\/casadecampoliving.com\/es\/author\/ccampos\/"}]}},"parsely":{"version":"1.1.0","canonical_url":"https:\/\/casadecampoliving.com\/es\/retiro-holistico-en-casa-de-campo\/","smart_links":{"inbound":0,"outbound":0},"traffic_boost_suggestions_count":0,"meta":{"@context":"https:\/\/schema.org","@type":"NewsArticle","headline":"Retiro Hol\u00edstico en Casa de Campo","url":"http:\/\/casadecampoliving.com\/es\/retiro-holistico-en-casa-de-campo\/","mainEntityOfPage":{"@type":"WebPage","@id":"http:\/\/casadecampoliving.com\/es\/retiro-holistico-en-casa-de-campo\/"},"thumbnailUrl":"https:\/\/i0.wp.com\/casadecampoliving.com\/wp-content\/uploads\/2022\/10\/Holistic-Bikini-Bootcamp-Retreat-1.jpg?resize=150%2C150&ssl=1","image":{"@type":"ImageObject","url":"https:\/\/i0.wp.com\/casadecampoliving.com\/wp-content\/uploads\/2022\/10\/Holistic-Bikini-Bootcamp-Retreat-1.jpg?fit=650%2C400&ssl=1"},"articleSection":"Uncategorized @es","author":[{"@type":"Person","name":"Carla Campos"}],"creator":["Carla Campos"],"publisher":{"@type":"Organization","name":"Casa de Campo Living","logo":"https:\/\/casadecampoliving.com\/wp-content\/uploads\/2022\/07\/CDCLivingLogo_V1-white-sized.png"},"keywords":["campamento","casa de campo @es","casa de campo living","comunidad casa de campo","hol\u00edstico","ki-ra holistic living @es","kyra montagu @es","resort casa de campo","retiro","spa @es","spa casa de campo"],"dateCreated":"2015-10-29T04:00:00Z","datePublished":"2015-10-29T04:00:00Z","dateModified":"2022-10-21T23:04:47Z"},"rendered":"<script type=\"application\/ld+json\" class=\"wp-parsely-metadata\">{\"@context\":\"https:\\\/\\\/schema.org\",\"@type\":\"NewsArticle\",\"headline\":\"Retiro Hol\\u00edstico en Casa de Campo\",\"url\":\"http:\\\/\\\/casadecampoliving.com\\\/es\\\/retiro-holistico-en-casa-de-campo\\\/\",\"mainEntityOfPage\":{\"@type\":\"WebPage\",\"@id\":\"http:\\\/\\\/casadecampoliving.com\\\/es\\\/retiro-holistico-en-casa-de-campo\\\/\"},\"thumbnailUrl\":\"https:\\\/\\\/i0.wp.com\\\/casadecampoliving.com\\\/wp-content\\\/uploads\\\/2022\\\/10\\\/Holistic-Bikini-Bootcamp-Retreat-1.jpg?resize=150%2C150&ssl=1\",\"image\":{\"@type\":\"ImageObject\",\"url\":\"https:\\\/\\\/i0.wp.com\\\/casadecampoliving.com\\\/wp-content\\\/uploads\\\/2022\\\/10\\\/Holistic-Bikini-Bootcamp-Retreat-1.jpg?fit=650%2C400&ssl=1\"},\"articleSection\":\"Uncategorized @es\",\"author\":[{\"@type\":\"Person\",\"name\":\"Carla Campos\"}],\"creator\":[\"Carla Campos\"],\"publisher\":{\"@type\":\"Organization\",\"name\":\"Casa de Campo Living\",\"logo\":\"https:\\\/\\\/casadecampoliving.com\\\/wp-content\\\/uploads\\\/2022\\\/07\\\/CDCLivingLogo_V1-white-sized.png\"},\"keywords\":[\"campamento\",\"casa de campo @es\",\"casa de campo living\",\"comunidad casa de campo\",\"hol\\u00edstico\",\"ki-ra holistic living @es\",\"kyra montagu @es\",\"resort casa de campo\",\"retiro\",\"spa @es\",\"spa casa de campo\"],\"dateCreated\":\"2015-10-29T04:00:00Z\",\"datePublished\":\"2015-10-29T04:00:00Z\",\"dateModified\":\"2022-10-21T23:04:47Z\"}<\/script>","tracker_url":"https:\/\/cdn.parsely.com\/keys\/casadecampoliving.com\/p.js"},"jetpack_publicize_connections":[],"jetpack_featured_media_url":"https:\/\/i0.wp.com\/casadecampoliving.com\/wp-content\/uploads\/2022\/10\/Holistic-Bikini-Bootcamp-Retreat-1.jpg?fit=650%2C400&ssl=1","jetpack-related-posts":[{"id":345426,"url":"https:\/\/casadecampoliving.com\/es\/ki-ra-spa-casa-de-campo-nuevo-concepto-holistico-natural\/","url_meta":{"origin":348503,"position":0},"title":"Ki-Ra &#038; Spa Casa de Campo&#8230; nuevo concepto \u00abhol\u00edstico &#038; natural\u00bb","author":"Perkin Agramonte","date":"25 Sep, 2014","format":false,"excerpt":"Kyra Montague, una due\u00f1a de villa en Casa de Campo, quien a su vez es la propietaria de Ki-Ra Holistic Living, se ha hecho cargo de la gesti\u00f3n del Spa Casa de Campo; y tiene unos planes maravillosos para que sea mejor que nunca. \u201cHemos tomado la gesti\u00f3n del spa\u2026","rel":"","context":"En \u00abCasa de Campo Living @es\u00bb","block_context":{"text":"Casa de Campo Living @es","link":"https:\/\/casadecampoliving.com\/category\/casa-de-campo-living-es\/"},"img":{"alt_text":"","src":"https:\/\/i0.wp.com\/casadecampoliving.com\/wp-content\/uploads\/2022\/10\/Casa-de-Campo-Spa-2-1.jpg?fit=800%2C532&ssl=1&resize=350%2C200","width":350,"height":200,"srcset":"https:\/\/i0.wp.com\/casadecampoliving.com\/wp-content\/uploads\/2022\/10\/Casa-de-Campo-Spa-2-1.jpg?fit=800%2C532&ssl=1&resize=350%2C200 1x, https:\/\/i0.wp.com\/casadecampoliving.com\/wp-content\/uploads\/2022\/10\/Casa-de-Campo-Spa-2-1.jpg?fit=800%2C532&ssl=1&resize=525%2C300 1.5x, https:\/\/i0.wp.com\/casadecampoliving.com\/wp-content\/uploads\/2022\/10\/Casa-de-Campo-Spa-2-1.jpg?fit=800%2C532&ssl=1&resize=700%2C400 2x"},"classes":[]},{"id":346769,"url":"https:\/\/casadecampoliving.com\/es\/cafe-de-la-leche-en-el-spa-casa-de-campo\/","url_meta":{"origin":348503,"position":1},"title":"Caf\u00e9 de la Leche en el Spa Casa de Campo","author":"Rebecca Silvestri","date":"25 Feb, 2015","format":false,"excerpt":"\u00a1Buenas noticas, se\u00f1oras! Justo cuando toda la comunidad de Casa de Campo comparte su pasi\u00f3n por todas las cosas saludables y hol\u00edsticas, nos complace anunciar que el pr\u00f3ximo Caf\u00e9 de la Leche ser\u00e1 celebrado en el Spa de Casa de Campo \u2013 y no todo se trata de mimos e\u2026","rel":"","context":"En \u00abDeportes\u00bb","block_context":{"text":"Deportes","link":"https:\/\/casadecampoliving.com\/es\/category\/golf-deportes-es\/"},"img":{"alt_text":"Casa de Campo Spa","src":"https:\/\/i0.wp.com\/casadecampoliving.com\/wp-content\/uploads\/2022\/10\/Casa_de_Campo_Spa.png?fit=640%2C425&ssl=1&resize=350%2C200","width":350,"height":200,"srcset":"https:\/\/i0.wp.com\/casadecampoliving.com\/wp-content\/uploads\/2022\/10\/Casa_de_Campo_Spa.png?fit=640%2C425&ssl=1&resize=350%2C200 1x, https:\/\/i0.wp.com\/casadecampoliving.com\/wp-content\/uploads\/2022\/10\/Casa_de_Campo_Spa.png?fit=640%2C425&ssl=1&resize=525%2C300 1.5x"},"classes":[]},{"id":343428,"url":"https:\/\/casadecampoliving.com\/es\/ki-ra-casa-de-campo-duenos\/","url_meta":{"origin":348503,"position":2},"title":"Ki-Ra anuncia asociaci\u00f3n con Casa de Campo en Due\u00f1os 2013","author":"Genesis Perdomo","date":"8 Dic, 2013","format":false,"excerpt":"Kyra Montagu, una doctora naturop\u00e1tica y socia fundadora de Ki-Ra, ha sido parte de la celebraci\u00f3n anual de Due\u00f1os, como la instructora del yoga por los \u00faltimos par de a\u00f1os. Sin embargo este a\u00f1o, estabamos emocionados de ver a Kyra no solo\u00a0instructora de la clase de yoga en la playa,\u2026","rel":"","context":"En \u00abDeportes\u00bb","block_context":{"text":"Deportes","link":"https:\/\/casadecampoliving.com\/es\/category\/golf-deportes-es\/"},"img":{"alt_text":"yoga Minitas Beach","src":"https:\/\/i0.wp.com\/casadecampoliving.com\/wp-content\/uploads\/2022\/10\/yoga_minitas_beach-1.jpg?fit=650%2C430&ssl=1&resize=350%2C200","width":350,"height":200,"srcset":"https:\/\/i0.wp.com\/casadecampoliving.com\/wp-content\/uploads\/2022\/10\/yoga_minitas_beach-1.jpg?fit=650%2C430&ssl=1&resize=350%2C200 1x, https:\/\/i0.wp.com\/casadecampoliving.com\/wp-content\/uploads\/2022\/10\/yoga_minitas_beach-1.jpg?fit=650%2C430&ssl=1&resize=525%2C300 1.5x"},"classes":[]},{"id":347854,"url":"https:\/\/casadecampoliving.com\/es\/casa-de-campo-se-vuelve-holistico\/","url_meta":{"origin":348503,"position":3},"title":"Casa de Campo se vuelve hol\u00edstico","author":"Victoria Giha","date":"21 Jul, 2015","format":false,"excerpt":"Mientras Casa de Campo contin\u00faa agrandando\u00a0las oportunidades para que nuestra comunidad disfrute a plenitud una forma de vida hol\u00edstica, un equipo completo, en alianza con Ki-Ra Holistic Living, se dedica a curar la mente, cuerpo y alma a trav\u00e9s de los servicios y actividades especiales del spa. Una de estas\u2026","rel":"","context":"En \u00abCasa de Campo Living @es\u00bb","block_context":{"text":"Casa de Campo Living @es","link":"https:\/\/casadecampoliving.com\/category\/casa-de-campo-living-es\/"},"img":{"alt_text":"Yoga class Casa de Campo","src":"https:\/\/i0.wp.com\/casadecampoliving.com\/wp-content\/uploads\/2022\/10\/IMG_4761-1-scaled.jpg?fit=1200%2C712&ssl=1&resize=350%2C200","width":350,"height":200,"srcset":"https:\/\/i0.wp.com\/casadecampoliving.com\/wp-content\/uploads\/2022\/10\/IMG_4761-1-scaled.jpg?fit=1200%2C712&ssl=1&resize=350%2C200 1x, https:\/\/i0.wp.com\/casadecampoliving.com\/wp-content\/uploads\/2022\/10\/IMG_4761-1-scaled.jpg?fit=1200%2C712&ssl=1&resize=525%2C300 1.5x, https:\/\/i0.wp.com\/casadecampoliving.com\/wp-content\/uploads\/2022\/10\/IMG_4761-1-scaled.jpg?fit=1200%2C712&ssl=1&resize=700%2C400 2x, https:\/\/i0.wp.com\/casadecampoliving.com\/wp-content\/uploads\/2022\/10\/IMG_4761-1-scaled.jpg?fit=1200%2C712&ssl=1&resize=1050%2C600 3x"},"classes":[]},{"id":348991,"url":"https:\/\/casadecampoliving.com\/es\/retiro-espiritual-casa-de-campo-chaman-tupaq-songo\/","url_meta":{"origin":348503,"position":4},"title":"Retiro Espiritual en Casa de Campo con el Cham\u00e1n Tupaq Songo","author":"Heather Lincoln","date":"13 Ene, 2016","format":false,"excerpt":"Recientemente, en Casa de Campo tuvimos el placer de participar en\u00a0un Retiro Hol\u00edstico, que\u00a0nos\u00a0ayud\u00f3 a ser felices, sanos, y estar en mejor forma de la mano de Kyra Montagu, Directora del Spa Casa de Campo. Ahora, dentro de\u00a0un mes, recibiremos al Cham\u00e1n Tupaq Songo, el cual har\u00e1 que nuestra comunidad\u2026","rel":"","context":"En \u00abArte y cultura\u00bb","block_context":{"text":"Arte y cultura","link":"https:\/\/casadecampoliving.com\/category\/arte-y-cultura\/"},"img":{"alt_text":"Shaman Retreat at Casa de Campo featured","src":"https:\/\/i0.wp.com\/casadecampoliving.com\/wp-content\/uploads\/2022\/10\/Shaman-Retreat-at-Casa-de-Campo-featured.jpg?fit=650%2C400&ssl=1&resize=350%2C200","width":350,"height":200,"srcset":"https:\/\/i0.wp.com\/casadecampoliving.com\/wp-content\/uploads\/2022\/10\/Shaman-Retreat-at-Casa-de-Campo-featured.jpg?fit=650%2C400&ssl=1&resize=350%2C200 1x, https:\/\/i0.wp.com\/casadecampoliving.com\/wp-content\/uploads\/2022\/10\/Shaman-Retreat-at-Casa-de-Campo-featured.jpg?fit=650%2C400&ssl=1&resize=525%2C300 1.5x"},"classes":[]},{"id":349822,"url":"https:\/\/casadecampoliving.com\/es\/ki-ra-campamento-verano-divertido-ninos\/","url_meta":{"origin":348503,"position":5},"title":"\u00a1Campamento de verano Ki-Ra, una experiencia divertida y muy enriquecedor para sus hijos!","author":"Anna Pavilsova","date":"17 May, 2016","format":false,"excerpt":"El verano ya est\u00e1 aqu\u00ed y es cuando muchos padres piensan acerca de las actividades que pueden realizar sus peque\u00f1os. Este verano promete ser divertido con una serie de campamentos de verano como el American Sports Academy\u00a0por supuesto Casa de Campo Campo tambi\u00e9n tendr\u00e1 muchas actividades, pero si usted est\u00e1\u2026","rel":"","context":"En \u00abEventos\u00bb","block_context":{"text":"Eventos","link":"https:\/\/casadecampoliving.com\/es\/category\/eventos-es\/"},"img":{"alt_text":"","src":"https:\/\/i0.wp.com\/casadecampoliving.com\/wp-content\/uploads\/2022\/10\/shutterstock_212954773-1.jpg?fit=1000%2C667&ssl=1&resize=350%2C200","width":350,"height":200,"srcset":"https:\/\/i0.wp.com\/casadecampoliving.com\/wp-content\/uploads\/2022\/10\/shutterstock_212954773-1.jpg?fit=1000%2C667&ssl=1&resize=350%2C200 1x, https:\/\/i0.wp.com\/casadecampoliving.com\/wp-content\/uploads\/2022\/10\/shutterstock_212954773-1.jpg?fit=1000%2C667&ssl=1&resize=525%2C300 1.5x, https:\/\/i0.wp.com\/casadecampoliving.com\/wp-content\/uploads\/2022\/10\/shutterstock_212954773-1.jpg?fit=1000%2C667&ssl=1&resize=700%2C400 2x"},"classes":[]}],"jetpack_sharing_enabled":true,"_links":{"self":[{"href":"https:\/\/casadecampoliving.com\/es\/wp-json\/wp\/v2\/posts\/348503","targetHints":{"allow":["GET"]}}],"collection":[{"href":"https:\/\/casadecampoliving.com\/es\/wp-json\/wp\/v2\/posts"}],"about":[{"href":"https:\/\/casadecampoliving.com\/es\/wp-json\/wp\/v2\/types\/post"}],"author":[{"embeddable":true,"href":"https:\/\/casadecampoliving.com\/es\/wp-json\/wp\/v2\/users\/36672"}],"replies":[{"embeddable":true,"href":"https:\/\/casadecampoliving.com\/es\/wp-json\/wp\/v2\/comments?post=348503"}],"version-history":[{"count":1,"href":"https:\/\/casadecampoliving.com\/es\/wp-json\/wp\/v2\/posts\/348503\/revisions"}],"predecessor-version":[{"id":348504,"href":"https:\/\/casadecampoliving.com\/es\/wp-json\/wp\/v2\/posts\/348503\/revisions\/348504"}],"wp:featuredmedia":[{"embeddable":true,"href":"https:\/\/casadecampoliving.com\/es\/wp-json\/wp\/v2\/media\/298594"}],"wp:attachment":[{"href":"https:\/\/casadecampoliving.com\/es\/wp-json\/wp\/v2\/media?parent=348503"}],"wp:term":[{"taxonomy":"category","embeddable":true,"href":"https:\/\/casadecampoliving.com\/es\/wp-json\/wp\/v2\/categories?post=348503"},{"taxonomy":"post_tag","embeddable":true,"href":"https:\/\/casadecampoliving.com\/es\/wp-json\/wp\/v2\/tags?post=348503"},{"taxonomy":"newspack_spnsrs_tax","embeddable":true,"href":"https:\/\/casadecampoliving.com\/es\/wp-json\/wp\/v2\/newspack_spnsrs_tax?post=348503"}],"curies":[{"name":"wp","href":"https:\/\/api.w.org\/{rel}","templated":true}]}}