{"id":348483,"date":"2015-10-27T00:00:00","date_gmt":"2015-10-27T04:00:00","guid":{"rendered":"https:\/\/casadecampoliving.com\/yoga-luz-vela-tratamientos-spa-casa-de-campo-duenos\/"},"modified":"2022-10-21T19:03:48","modified_gmt":"2022-10-21T23:03:48","slug":"yoga-luz-vela-tratamientos-spa-casa-de-campo-duenos","status":"publish","type":"post","link":"https:\/\/casadecampoliving.com\/es\/yoga-luz-vela-tratamientos-spa-casa-de-campo-duenos\/","title":{"rendered":"\u00a1Yoga a luz de vela y tratamientos de 30 minutos en el Spa Casa de Campo para Due\u00f1os!"},"content":{"rendered":"<div class=\"wp-block-image\">\n<figure class=\"aligncenter is-resized\"><img loading=\"lazy\" decoding=\"async\" src=\"https:\/\/i0.wp.com\/casadecampoliving.com\/wp-content\/uploads\/2022\/10\/Casa-de-Campo-Spa-Labyrinth-Group.jpg?resize=650%2C400&amp;ssl=1\" alt=\"Casa de Campo Spa Labyrinth Group\" class=\"wp-image-114460\" height=\"400\" width=\"650\"\/><\/figure>\n<\/div>\n\n\n<blockquote class=\"wp-block-quote is-layout-flow wp-block-quote-is-layout-flow\"><p><strong>UPDATE:<\/strong>&nbsp;El SPA es donde querr\u00e1 estar la noche del viernes, 30 de octubre! CasaLife&nbsp;y Ki-Ra Holistic Living est\u00e1n&nbsp;patrocinando una noche divertida&nbsp;para los entusiastas de la Salud y Bienestar de Casa de Campo en el Santuario de Agua. Habr\u00e1 champagne y fresas para todos a las 7:00pm, justo despu\u00e9s de la clase de yoga a la luz de las velas. \u00a1Cuidarse tambi\u00e9n significa divertirse un poco!<\/p><\/blockquote>\n\n\n\n<p>Estamos muy emocionados por algunos de los eventos tradicionales del fin de semana Due\u00f1os, \u00a1pero este a\u00f1o estoy especialmente entusiasmada por el hecho de que el Spa&nbsp;Casa de Campo est\u00e1 incluido entre las tantas actividades gratuitas&nbsp;que ofrece el resort a los due\u00f1os de villa!<\/p>\n\n\n\n<!--more-->\n\n\n\n<p>Adem\u00e1s de ofrecer tratamientos gratuitos de 25 minutos (\u00a1s\u00ed, ley\u00f3 bien! \u00a1GRA-TUI-TOS!), la sesi\u00f3n de yoga de este a\u00f1o se llevar\u00e1 a cabo en el Laberinto del Spa, y lo que me encanta de esto&nbsp;es que se ser\u00e1&nbsp;por la tarde, al ponerse el sol, \u00a1rodeada por la luz de las velas! Como nueva <em>yogui<\/em> que soy, no puedo siquiera pensar en nada m\u00e1s emocionante que eso.<\/p>\n\n\n<div class=\"wp-block-image\">\n<figure class=\"aligncenter is-resized\"><img loading=\"lazy\" decoding=\"async\" src=\"https:\/\/i0.wp.com\/casadecampoliving.com\/wp-content\/uploads\/2022\/10\/Casa-de-Campo-Spa-Labyrinth-Single.jpg?resize=650%2C400&amp;ssl=1\" alt=\"Casa de Campo Spa Labyrinth Single\" class=\"wp-image-114461\" height=\"400\" width=\"650\"\/><\/figure>\n<\/div>\n\n\n<p>As\u00ed que si igual que&nbsp;yo quiere registrarse&nbsp;para el yoga a la luz de las velas y los tratamientos gratuitos, llame al Spa Casa de Campo de inmediato, \u00a1ya que los cupos se est\u00e1n agotando rapid\u00edsimo!<\/p>\n\n\n\n<blockquote><h3>Due\u00f1os 2015<\/h3><p><strong>Sesi\u00f3n de Yoga a la Luz de las Velas en el Laberinto<\/strong><br>\n<strong>Fecha:<\/strong>&nbsp;Viernes, 30 de octubre&nbsp;\u2013 6pm<br>\n<strong>Ubicaci\u00f3n:<\/strong>&nbsp;Spa Casa de Campo<br>\n<strong>Registro:<\/strong> Ext. 8529, spa@ccampo.com.do<\/p><p><strong>Tratamiento Nocturno, Gratuito de 25 minutos en el Spa<\/strong><br>\n<strong>Fecha:<\/strong>&nbsp;Viernes, 30 de octubre \u2013 7pm \u2013 9pm<br>\n<strong>Lugar:<\/strong> Spa Casa de Campo<br>\n<strong>Registro:<\/strong> Ext. 8529, spa@ccampo.com.do<\/p><\/blockquote>\n","protected":false},"excerpt":{"rendered":"<p>UPDATE:&nbsp;El SPA es donde querr\u00e1 estar la noche del viernes, 30 de octubre! CasaLife&nbsp;y Ki-Ra Holistic Living est\u00e1n&nbsp;patrocinando una noche divertida&nbsp;para los entusiastas de la Salud y Bienestar de Casa de Campo en el Santuario de Agua. Habr\u00e1 champagne y fresas para todos a las 7:00pm, justo despu\u00e9s de la clase de yoga a la [&hellip;]<\/p>\n","protected":false},"author":36672,"featured_media":297590,"comment_status":"closed","ping_status":"closed","sticky":false,"template":"","format":"standard","meta":{"newspack_ads_suppress_ads":false,"newspack_popups_has_disabled_popups":false,"newspack_sponsor_sponsorship_scope":"","newspack_sponsor_native_byline_display":"inherit","newspack_sponsor_native_category_display":"inherit","newspack_sponsor_underwriter_style":"inherit","newspack_sponsor_underwriter_placement":"inherit","_newspack_byline_active":false,"_newspack_byline":"","newspack_hide_updated_date":false,"newspack_show_updated_date":false,"newspack_content_restriction_is_exempt":false,"newspack_featured_image_position":"","newspack_post_subtitle":"","newspack_article_summary_title":"Overview:","newspack_article_summary":"","_jetpack_memberships_contains_paid_content":false,"footnotes":"","jetpack_publicize_message":"","jetpack_publicize_feature_enabled":true,"jetpack_social_post_already_shared":false,"jetpack_social_options":{"image_generator_settings":{"template":"highway","default_image_id":0,"font":"","enabled":false},"version":2},"_wpas_customize_per_network":false},"categories":[26936,26951,2525,2524,2522,14625,14627,26822,2527],"tags":[3626,24387,2575,13272,2561,11175,8782,12837],"newspack_spnsrs_tax":[],"class_list":["post-348483","post","type-post","status-publish","format-standard","has-post-thumbnail","hentry","category-casa-de-campo-living-es","category-ccl-presenta","category-golf-deportes-es","category-destacados","category-eventos-es","category-noticias-locales","category-proximamente","category-resort-casa-de-campo","category-salud","tag-casa-de-campo-es","tag-casa-de-campo-living-es","tag-comunidad-de-casa-de-campo","tag-duenos-2015-es","tag-resort-casa-de-campo","tag-spa-es","tag-spa-casa-de-campo","tag-yoga-es","entry"],"yoast_head":"<!-- This site is optimized with the Yoast SEO plugin v27.5 - https:\/\/yoast.com\/product\/yoast-seo-wordpress\/ -->\n<title>\u00a1Yoga a luz de vela y tratamientos de 30 minutos en el Spa Casa de Campo para Due\u00f1os! | Casa de Campo Living<\/title>\n<meta name=\"description\" content=\"UPDATE:&nbsp;El SPA es donde querr\u00e1 estar la noche del viernes, 30 de octubre! CasaLife&nbsp;y Ki-Ra Holistic Living est\u00e1n&nbsp;patrocinando una noche\" \/>\n<meta name=\"robots\" content=\"index, follow, max-snippet:-1, max-image-preview:large, max-video-preview:-1\" \/>\n<link rel=\"canonical\" href=\"https:\/\/casadecampoliving.com\/es\/yoga-luz-vela-tratamientos-spa-casa-de-campo-duenos\/\" \/>\n<meta property=\"og:locale\" content=\"es_ES\" \/>\n<meta property=\"og:type\" content=\"article\" \/>\n<meta property=\"og:title\" content=\"\u00a1Yoga a luz de vela y tratamientos de 30 minutos en el Spa Casa de Campo para Due\u00f1os! | Casa de Campo Living\" \/>\n<meta property=\"og:description\" content=\"UPDATE:&nbsp;El SPA es donde querr\u00e1 estar la noche del viernes, 30 de octubre! CasaLife&nbsp;y Ki-Ra Holistic Living est\u00e1n&nbsp;patrocinando una noche\" \/>\n<meta property=\"og:url\" content=\"https:\/\/casadecampoliving.com\/es\/yoga-luz-vela-tratamientos-spa-casa-de-campo-duenos\/\" \/>\n<meta property=\"og:site_name\" content=\"Casa de Campo Living\" \/>\n<meta property=\"article:publisher\" content=\"https:\/\/www.facebook.com\/casadecampoliving\" \/>\n<meta property=\"article:published_time\" content=\"2015-10-27T04:00:00+00:00\" \/>\n<meta property=\"article:modified_time\" content=\"2022-10-21T23:03:48+00:00\" \/>\n<meta property=\"og:image\" content=\"https:\/\/i0.wp.com\/casadecampoliving.com\/wp-content\/uploads\/2022\/10\/Casa-de-Campo-Spa-Labyrinth-Group-1.jpg?fit=650%2C400&ssl=1\" \/>\n\t<meta property=\"og:image:width\" content=\"650\" \/>\n\t<meta property=\"og:image:height\" content=\"400\" \/>\n\t<meta property=\"og:image:type\" content=\"image\/jpeg\" \/>\n<meta name=\"author\" content=\"Carla Campos\" \/>\n<meta name=\"twitter:card\" content=\"summary_large_image\" \/>\n<meta name=\"twitter:creator\" content=\"@cdcliving\" \/>\n<meta name=\"twitter:site\" content=\"@cdcliving\" \/>\n<meta name=\"twitter:label1\" content=\"Escrito por\" \/>\n\t<meta name=\"twitter:data1\" content=\"Carla Campos\" \/>\n\t<meta name=\"twitter:label2\" content=\"Tiempo de lectura\" \/>\n\t<meta name=\"twitter:data2\" content=\"2 minutos\" \/>\n<script type=\"application\/ld+json\" class=\"yoast-schema-graph\">{\"@context\":\"https:\\\/\\\/schema.org\",\"@graph\":[{\"@type\":\"Article\",\"@id\":\"https:\\\/\\\/casadecampoliving.com\\\/es\\\/yoga-luz-vela-tratamientos-spa-casa-de-campo-duenos\\\/#article\",\"isPartOf\":{\"@id\":\"https:\\\/\\\/casadecampoliving.com\\\/es\\\/yoga-luz-vela-tratamientos-spa-casa-de-campo-duenos\\\/\"},\"author\":{\"name\":\"Carla Campos\",\"@id\":\"https:\\\/\\\/casadecampoliving.com\\\/es\\\/#\\\/schema\\\/person\\\/31e9c79dd1ae5946a5bc1d006945aad1\"},\"headline\":\"\u00a1Yoga a luz de vela y tratamientos de 30 minutos en el Spa Casa de Campo para Due\u00f1os!\",\"datePublished\":\"2015-10-27T04:00:00+00:00\",\"dateModified\":\"2022-10-21T23:03:48+00:00\",\"mainEntityOfPage\":{\"@id\":\"https:\\\/\\\/casadecampoliving.com\\\/es\\\/yoga-luz-vela-tratamientos-spa-casa-de-campo-duenos\\\/\"},\"wordCount\":319,\"publisher\":{\"@id\":\"https:\\\/\\\/casadecampoliving.com\\\/es\\\/#organization\"},\"image\":{\"@id\":\"https:\\\/\\\/casadecampoliving.com\\\/es\\\/yoga-luz-vela-tratamientos-spa-casa-de-campo-duenos\\\/#primaryimage\"},\"thumbnailUrl\":\"https:\\\/\\\/i0.wp.com\\\/casadecampoliving.com\\\/wp-content\\\/uploads\\\/2022\\\/10\\\/Casa-de-Campo-Spa-Labyrinth-Group-1.jpg?fit=650%2C400&ssl=1\",\"keywords\":[\"casa de campo @es\",\"Casa de Campo Living\",\"comunidad de casa de campo\",\"Due\u00f1os 2015 @es\",\"resort casa de campo\",\"spa @es\",\"Spa Casa de Campo\",\"Yoga @es\"],\"articleSection\":[\"Casa de Campo Living @es\",\"CCL presenta\",\"Deportes\",\"Destacados\",\"Eventos\",\"Noticias Locales\",\"Proximamente\",\"Resort Casa de Campo\",\"Salud\"],\"inLanguage\":\"es\"},{\"@type\":\"WebPage\",\"@id\":\"https:\\\/\\\/casadecampoliving.com\\\/es\\\/yoga-luz-vela-tratamientos-spa-casa-de-campo-duenos\\\/\",\"url\":\"https:\\\/\\\/casadecampoliving.com\\\/es\\\/yoga-luz-vela-tratamientos-spa-casa-de-campo-duenos\\\/\",\"name\":\"\u00a1Yoga a luz de vela y tratamientos de 30 minutos en el Spa Casa de Campo para Due\u00f1os! | Casa de Campo Living\",\"isPartOf\":{\"@id\":\"https:\\\/\\\/casadecampoliving.com\\\/es\\\/#website\"},\"primaryImageOfPage\":{\"@id\":\"https:\\\/\\\/casadecampoliving.com\\\/es\\\/yoga-luz-vela-tratamientos-spa-casa-de-campo-duenos\\\/#primaryimage\"},\"image\":{\"@id\":\"https:\\\/\\\/casadecampoliving.com\\\/es\\\/yoga-luz-vela-tratamientos-spa-casa-de-campo-duenos\\\/#primaryimage\"},\"thumbnailUrl\":\"https:\\\/\\\/i0.wp.com\\\/casadecampoliving.com\\\/wp-content\\\/uploads\\\/2022\\\/10\\\/Casa-de-Campo-Spa-Labyrinth-Group-1.jpg?fit=650%2C400&ssl=1\",\"datePublished\":\"2015-10-27T04:00:00+00:00\",\"dateModified\":\"2022-10-21T23:03:48+00:00\",\"description\":\"UPDATE:&nbsp;El SPA es donde querr\u00e1 estar la noche del viernes, 30 de octubre! CasaLife&nbsp;y Ki-Ra Holistic Living est\u00e1n&nbsp;patrocinando una noche\",\"breadcrumb\":{\"@id\":\"https:\\\/\\\/casadecampoliving.com\\\/es\\\/yoga-luz-vela-tratamientos-spa-casa-de-campo-duenos\\\/#breadcrumb\"},\"inLanguage\":\"es\",\"potentialAction\":[{\"@type\":\"ReadAction\",\"target\":[\"https:\\\/\\\/casadecampoliving.com\\\/es\\\/yoga-luz-vela-tratamientos-spa-casa-de-campo-duenos\\\/\"]}]},{\"@type\":\"ImageObject\",\"inLanguage\":\"es\",\"@id\":\"https:\\\/\\\/casadecampoliving.com\\\/es\\\/yoga-luz-vela-tratamientos-spa-casa-de-campo-duenos\\\/#primaryimage\",\"url\":\"https:\\\/\\\/i0.wp.com\\\/casadecampoliving.com\\\/wp-content\\\/uploads\\\/2022\\\/10\\\/Casa-de-Campo-Spa-Labyrinth-Group-1.jpg?fit=650%2C400&ssl=1\",\"contentUrl\":\"https:\\\/\\\/i0.wp.com\\\/casadecampoliving.com\\\/wp-content\\\/uploads\\\/2022\\\/10\\\/Casa-de-Campo-Spa-Labyrinth-Group-1.jpg?fit=650%2C400&ssl=1\",\"width\":650,\"height\":400,\"caption\":\"Casa de Campo Spa Labyrinth Group\"},{\"@type\":\"BreadcrumbList\",\"@id\":\"https:\\\/\\\/casadecampoliving.com\\\/es\\\/yoga-luz-vela-tratamientos-spa-casa-de-campo-duenos\\\/#breadcrumb\",\"itemListElement\":[{\"@type\":\"ListItem\",\"position\":1,\"name\":\"Home\",\"item\":\"https:\\\/\\\/casadecampoliving.com\\\/es\\\/\"},{\"@type\":\"ListItem\",\"position\":2,\"name\":\"\u00a1Yoga a luz de vela y tratamientos de 30 minutos en el Spa Casa de Campo para Due\u00f1os!\"}]},{\"@type\":\"WebSite\",\"@id\":\"https:\\\/\\\/casadecampoliving.com\\\/es\\\/#website\",\"url\":\"https:\\\/\\\/casadecampoliving.com\\\/es\\\/\",\"name\":\"Casa de Campo Living\",\"description\":\"Resort community news and resources.\",\"publisher\":{\"@id\":\"https:\\\/\\\/casadecampoliving.com\\\/es\\\/#organization\"},\"potentialAction\":[{\"@type\":\"SearchAction\",\"target\":{\"@type\":\"EntryPoint\",\"urlTemplate\":\"https:\\\/\\\/casadecampoliving.com\\\/es\\\/?s={search_term_string}\"},\"query-input\":{\"@type\":\"PropertyValueSpecification\",\"valueRequired\":true,\"valueName\":\"search_term_string\"}}],\"inLanguage\":\"es\"},{\"@type\":\"Organization\",\"@id\":\"https:\\\/\\\/casadecampoliving.com\\\/es\\\/#organization\",\"name\":\"Casa de Campo Living\",\"url\":\"https:\\\/\\\/casadecampoliving.com\\\/es\\\/\",\"logo\":{\"@type\":\"ImageObject\",\"inLanguage\":\"es\",\"@id\":\"https:\\\/\\\/casadecampoliving.com\\\/es\\\/#\\\/schema\\\/logo\\\/image\\\/\",\"url\":\"https:\\\/\\\/i0.wp.com\\\/casadecampoliving.com\\\/wp-content\\\/uploads\\\/2022\\\/07\\\/CDCLivingLogo_V1-white-sized.png?fit=800%2C214&ssl=1\",\"contentUrl\":\"https:\\\/\\\/i0.wp.com\\\/casadecampoliving.com\\\/wp-content\\\/uploads\\\/2022\\\/07\\\/CDCLivingLogo_V1-white-sized.png?fit=800%2C214&ssl=1\",\"width\":800,\"height\":214,\"caption\":\"Casa de Campo Living\"},\"image\":{\"@id\":\"https:\\\/\\\/casadecampoliving.com\\\/es\\\/#\\\/schema\\\/logo\\\/image\\\/\"},\"sameAs\":[\"https:\\\/\\\/www.facebook.com\\\/casadecampoliving\",\"https:\\\/\\\/x.com\\\/cdcliving\"]},{\"@type\":\"Person\",\"@id\":\"https:\\\/\\\/casadecampoliving.com\\\/es\\\/#\\\/schema\\\/person\\\/31e9c79dd1ae5946a5bc1d006945aad1\",\"name\":\"Carla Campos\",\"image\":{\"@type\":\"ImageObject\",\"inLanguage\":\"es\",\"@id\":\"https:\\\/\\\/secure.gravatar.com\\\/avatar\\\/73cf86e3450dfb9b46e1fdb84b1d556861d8ff8c40e6925be3e987154c3b5772?s=96&d=mm&r=g\",\"url\":\"https:\\\/\\\/secure.gravatar.com\\\/avatar\\\/73cf86e3450dfb9b46e1fdb84b1d556861d8ff8c40e6925be3e987154c3b5772?s=96&d=mm&r=g\",\"contentUrl\":\"https:\\\/\\\/secure.gravatar.com\\\/avatar\\\/73cf86e3450dfb9b46e1fdb84b1d556861d8ff8c40e6925be3e987154c3b5772?s=96&d=mm&r=g\",\"caption\":\"Carla Campos\"},\"url\":\"https:\\\/\\\/casadecampoliving.com\\\/es\\\/author\\\/ccampos\\\/\"}]}<\/script>\n<!-- \/ Yoast SEO plugin. -->","yoast_head_json":{"title":"\u00a1Yoga a luz de vela y tratamientos de 30 minutos en el Spa Casa de Campo para Due\u00f1os! | Casa de Campo Living","description":"UPDATE:&nbsp;El SPA es donde querr\u00e1 estar la noche del viernes, 30 de octubre! CasaLife&nbsp;y Ki-Ra Holistic Living est\u00e1n&nbsp;patrocinando una noche","robots":{"index":"index","follow":"follow","max-snippet":"max-snippet:-1","max-image-preview":"max-image-preview:large","max-video-preview":"max-video-preview:-1"},"canonical":"https:\/\/casadecampoliving.com\/es\/yoga-luz-vela-tratamientos-spa-casa-de-campo-duenos\/","og_locale":"es_ES","og_type":"article","og_title":"\u00a1Yoga a luz de vela y tratamientos de 30 minutos en el Spa Casa de Campo para Due\u00f1os! | Casa de Campo Living","og_description":"UPDATE:&nbsp;El SPA es donde querr\u00e1 estar la noche del viernes, 30 de octubre! CasaLife&nbsp;y Ki-Ra Holistic Living est\u00e1n&nbsp;patrocinando una noche","og_url":"https:\/\/casadecampoliving.com\/es\/yoga-luz-vela-tratamientos-spa-casa-de-campo-duenos\/","og_site_name":"Casa de Campo Living","article_publisher":"https:\/\/www.facebook.com\/casadecampoliving","article_published_time":"2015-10-27T04:00:00+00:00","article_modified_time":"2022-10-21T23:03:48+00:00","og_image":[{"width":650,"height":400,"url":"https:\/\/i0.wp.com\/casadecampoliving.com\/wp-content\/uploads\/2022\/10\/Casa-de-Campo-Spa-Labyrinth-Group-1.jpg?fit=650%2C400&ssl=1","type":"image\/jpeg"}],"author":"Carla Campos","twitter_card":"summary_large_image","twitter_creator":"@cdcliving","twitter_site":"@cdcliving","twitter_misc":{"Escrito por":"Carla Campos","Tiempo de lectura":"2 minutos"},"schema":{"@context":"https:\/\/schema.org","@graph":[{"@type":"Article","@id":"https:\/\/casadecampoliving.com\/es\/yoga-luz-vela-tratamientos-spa-casa-de-campo-duenos\/#article","isPartOf":{"@id":"https:\/\/casadecampoliving.com\/es\/yoga-luz-vela-tratamientos-spa-casa-de-campo-duenos\/"},"author":{"name":"Carla Campos","@id":"https:\/\/casadecampoliving.com\/es\/#\/schema\/person\/31e9c79dd1ae5946a5bc1d006945aad1"},"headline":"\u00a1Yoga a luz de vela y tratamientos de 30 minutos en el Spa Casa de Campo para Due\u00f1os!","datePublished":"2015-10-27T04:00:00+00:00","dateModified":"2022-10-21T23:03:48+00:00","mainEntityOfPage":{"@id":"https:\/\/casadecampoliving.com\/es\/yoga-luz-vela-tratamientos-spa-casa-de-campo-duenos\/"},"wordCount":319,"publisher":{"@id":"https:\/\/casadecampoliving.com\/es\/#organization"},"image":{"@id":"https:\/\/casadecampoliving.com\/es\/yoga-luz-vela-tratamientos-spa-casa-de-campo-duenos\/#primaryimage"},"thumbnailUrl":"https:\/\/i0.wp.com\/casadecampoliving.com\/wp-content\/uploads\/2022\/10\/Casa-de-Campo-Spa-Labyrinth-Group-1.jpg?fit=650%2C400&ssl=1","keywords":["casa de campo @es","Casa de Campo Living","comunidad de casa de campo","Due\u00f1os 2015 @es","resort casa de campo","spa @es","Spa Casa de Campo","Yoga @es"],"articleSection":["Casa de Campo Living @es","CCL presenta","Deportes","Destacados","Eventos","Noticias Locales","Proximamente","Resort Casa de Campo","Salud"],"inLanguage":"es"},{"@type":"WebPage","@id":"https:\/\/casadecampoliving.com\/es\/yoga-luz-vela-tratamientos-spa-casa-de-campo-duenos\/","url":"https:\/\/casadecampoliving.com\/es\/yoga-luz-vela-tratamientos-spa-casa-de-campo-duenos\/","name":"\u00a1Yoga a luz de vela y tratamientos de 30 minutos en el Spa Casa de Campo para Due\u00f1os! | Casa de Campo Living","isPartOf":{"@id":"https:\/\/casadecampoliving.com\/es\/#website"},"primaryImageOfPage":{"@id":"https:\/\/casadecampoliving.com\/es\/yoga-luz-vela-tratamientos-spa-casa-de-campo-duenos\/#primaryimage"},"image":{"@id":"https:\/\/casadecampoliving.com\/es\/yoga-luz-vela-tratamientos-spa-casa-de-campo-duenos\/#primaryimage"},"thumbnailUrl":"https:\/\/i0.wp.com\/casadecampoliving.com\/wp-content\/uploads\/2022\/10\/Casa-de-Campo-Spa-Labyrinth-Group-1.jpg?fit=650%2C400&ssl=1","datePublished":"2015-10-27T04:00:00+00:00","dateModified":"2022-10-21T23:03:48+00:00","description":"UPDATE:&nbsp;El SPA es donde querr\u00e1 estar la noche del viernes, 30 de octubre! CasaLife&nbsp;y Ki-Ra Holistic Living est\u00e1n&nbsp;patrocinando una noche","breadcrumb":{"@id":"https:\/\/casadecampoliving.com\/es\/yoga-luz-vela-tratamientos-spa-casa-de-campo-duenos\/#breadcrumb"},"inLanguage":"es","potentialAction":[{"@type":"ReadAction","target":["https:\/\/casadecampoliving.com\/es\/yoga-luz-vela-tratamientos-spa-casa-de-campo-duenos\/"]}]},{"@type":"ImageObject","inLanguage":"es","@id":"https:\/\/casadecampoliving.com\/es\/yoga-luz-vela-tratamientos-spa-casa-de-campo-duenos\/#primaryimage","url":"https:\/\/i0.wp.com\/casadecampoliving.com\/wp-content\/uploads\/2022\/10\/Casa-de-Campo-Spa-Labyrinth-Group-1.jpg?fit=650%2C400&ssl=1","contentUrl":"https:\/\/i0.wp.com\/casadecampoliving.com\/wp-content\/uploads\/2022\/10\/Casa-de-Campo-Spa-Labyrinth-Group-1.jpg?fit=650%2C400&ssl=1","width":650,"height":400,"caption":"Casa de Campo Spa Labyrinth Group"},{"@type":"BreadcrumbList","@id":"https:\/\/casadecampoliving.com\/es\/yoga-luz-vela-tratamientos-spa-casa-de-campo-duenos\/#breadcrumb","itemListElement":[{"@type":"ListItem","position":1,"name":"Home","item":"https:\/\/casadecampoliving.com\/es\/"},{"@type":"ListItem","position":2,"name":"\u00a1Yoga a luz de vela y tratamientos de 30 minutos en el Spa Casa de Campo para Due\u00f1os!"}]},{"@type":"WebSite","@id":"https:\/\/casadecampoliving.com\/es\/#website","url":"https:\/\/casadecampoliving.com\/es\/","name":"Casa de Campo Living","description":"Resort community news and resources.","publisher":{"@id":"https:\/\/casadecampoliving.com\/es\/#organization"},"potentialAction":[{"@type":"SearchAction","target":{"@type":"EntryPoint","urlTemplate":"https:\/\/casadecampoliving.com\/es\/?s={search_term_string}"},"query-input":{"@type":"PropertyValueSpecification","valueRequired":true,"valueName":"search_term_string"}}],"inLanguage":"es"},{"@type":"Organization","@id":"https:\/\/casadecampoliving.com\/es\/#organization","name":"Casa de Campo Living","url":"https:\/\/casadecampoliving.com\/es\/","logo":{"@type":"ImageObject","inLanguage":"es","@id":"https:\/\/casadecampoliving.com\/es\/#\/schema\/logo\/image\/","url":"https:\/\/i0.wp.com\/casadecampoliving.com\/wp-content\/uploads\/2022\/07\/CDCLivingLogo_V1-white-sized.png?fit=800%2C214&ssl=1","contentUrl":"https:\/\/i0.wp.com\/casadecampoliving.com\/wp-content\/uploads\/2022\/07\/CDCLivingLogo_V1-white-sized.png?fit=800%2C214&ssl=1","width":800,"height":214,"caption":"Casa de Campo Living"},"image":{"@id":"https:\/\/casadecampoliving.com\/es\/#\/schema\/logo\/image\/"},"sameAs":["https:\/\/www.facebook.com\/casadecampoliving","https:\/\/x.com\/cdcliving"]},{"@type":"Person","@id":"https:\/\/casadecampoliving.com\/es\/#\/schema\/person\/31e9c79dd1ae5946a5bc1d006945aad1","name":"Carla Campos","image":{"@type":"ImageObject","inLanguage":"es","@id":"https:\/\/secure.gravatar.com\/avatar\/73cf86e3450dfb9b46e1fdb84b1d556861d8ff8c40e6925be3e987154c3b5772?s=96&d=mm&r=g","url":"https:\/\/secure.gravatar.com\/avatar\/73cf86e3450dfb9b46e1fdb84b1d556861d8ff8c40e6925be3e987154c3b5772?s=96&d=mm&r=g","contentUrl":"https:\/\/secure.gravatar.com\/avatar\/73cf86e3450dfb9b46e1fdb84b1d556861d8ff8c40e6925be3e987154c3b5772?s=96&d=mm&r=g","caption":"Carla Campos"},"url":"https:\/\/casadecampoliving.com\/es\/author\/ccampos\/"}]}},"parsely":{"version":"1.1.0","canonical_url":"https:\/\/casadecampoliving.com\/es\/yoga-luz-vela-tratamientos-spa-casa-de-campo-duenos\/","smart_links":{"inbound":0,"outbound":0},"traffic_boost_suggestions_count":0,"meta":{"@context":"https:\/\/schema.org","@type":"NewsArticle","headline":"\u00a1Yoga a luz de vela y tratamientos de 30 minutos en el Spa Casa de Campo para Due\u00f1os!","url":"http:\/\/casadecampoliving.com\/es\/yoga-luz-vela-tratamientos-spa-casa-de-campo-duenos\/","mainEntityOfPage":{"@type":"WebPage","@id":"http:\/\/casadecampoliving.com\/es\/yoga-luz-vela-tratamientos-spa-casa-de-campo-duenos\/"},"thumbnailUrl":"https:\/\/i0.wp.com\/casadecampoliving.com\/wp-content\/uploads\/2022\/10\/Casa-de-Campo-Spa-Labyrinth-Group-1.jpg?resize=150%2C150&ssl=1","image":{"@type":"ImageObject","url":"https:\/\/i0.wp.com\/casadecampoliving.com\/wp-content\/uploads\/2022\/10\/Casa-de-Campo-Spa-Labyrinth-Group-1.jpg?fit=650%2C400&ssl=1"},"articleSection":"CCL presenta","author":[{"@type":"Person","name":"Carla Campos"}],"creator":["Carla Campos"],"publisher":{"@type":"Organization","name":"Casa de Campo Living","logo":"https:\/\/casadecampoliving.com\/wp-content\/uploads\/2022\/07\/CDCLivingLogo_V1-white-sized.png"},"keywords":["casa de campo @es","casa de campo living","comunidad de casa de campo","due\u00f1os 2015 @es","resort casa de campo","spa @es","spa casa de campo","yoga @es"],"dateCreated":"2015-10-27T04:00:00Z","datePublished":"2015-10-27T04:00:00Z","dateModified":"2022-10-21T23:03:48Z"},"rendered":"<script type=\"application\/ld+json\" class=\"wp-parsely-metadata\">{\"@context\":\"https:\\\/\\\/schema.org\",\"@type\":\"NewsArticle\",\"headline\":\"\\u00a1Yoga a luz de vela y tratamientos de 30 minutos en el Spa Casa de Campo para Due\\u00f1os!\",\"url\":\"http:\\\/\\\/casadecampoliving.com\\\/es\\\/yoga-luz-vela-tratamientos-spa-casa-de-campo-duenos\\\/\",\"mainEntityOfPage\":{\"@type\":\"WebPage\",\"@id\":\"http:\\\/\\\/casadecampoliving.com\\\/es\\\/yoga-luz-vela-tratamientos-spa-casa-de-campo-duenos\\\/\"},\"thumbnailUrl\":\"https:\\\/\\\/i0.wp.com\\\/casadecampoliving.com\\\/wp-content\\\/uploads\\\/2022\\\/10\\\/Casa-de-Campo-Spa-Labyrinth-Group-1.jpg?resize=150%2C150&ssl=1\",\"image\":{\"@type\":\"ImageObject\",\"url\":\"https:\\\/\\\/i0.wp.com\\\/casadecampoliving.com\\\/wp-content\\\/uploads\\\/2022\\\/10\\\/Casa-de-Campo-Spa-Labyrinth-Group-1.jpg?fit=650%2C400&ssl=1\"},\"articleSection\":\"CCL presenta\",\"author\":[{\"@type\":\"Person\",\"name\":\"Carla Campos\"}],\"creator\":[\"Carla Campos\"],\"publisher\":{\"@type\":\"Organization\",\"name\":\"Casa de Campo Living\",\"logo\":\"https:\\\/\\\/casadecampoliving.com\\\/wp-content\\\/uploads\\\/2022\\\/07\\\/CDCLivingLogo_V1-white-sized.png\"},\"keywords\":[\"casa de campo @es\",\"casa de campo living\",\"comunidad de casa de campo\",\"due\\u00f1os 2015 @es\",\"resort casa de campo\",\"spa @es\",\"spa casa de campo\",\"yoga @es\"],\"dateCreated\":\"2015-10-27T04:00:00Z\",\"datePublished\":\"2015-10-27T04:00:00Z\",\"dateModified\":\"2022-10-21T23:03:48Z\"}<\/script>","tracker_url":"https:\/\/cdn.parsely.com\/keys\/casadecampoliving.com\/p.js"},"jetpack_publicize_connections":[],"jetpack_featured_media_url":"https:\/\/i0.wp.com\/casadecampoliving.com\/wp-content\/uploads\/2022\/10\/Casa-de-Campo-Spa-Labyrinth-Group-1.jpg?fit=650%2C400&ssl=1","jetpack-related-posts":[{"id":348533,"url":"https:\/\/casadecampoliving.com\/es\/casa-de-campo-duenos-2015\/","url_meta":{"origin":348483,"position":0},"title":"Casa de Campo Celebra Due\u00f1os 2015","author":"Carla Campos","date":"3 Nov, 2015","format":false,"excerpt":"Due\u00f1os es la fiesta del a\u00f1o de los Due\u00f1os de Villa. Casa de Campo se llena de miembros de la comunidad quienes disfrutan de todo lo que Casa de Campo tiene para ofrecer. \u00a1Due\u00f1os 2015 mostr\u00f3 una vez m\u00e1s\u00a0que la comunidad de Casa de Campo sabe divertirse! Costasur y Casa\u2026","rel":"","context":"En \u00abCasa de Campo Living @es\u00bb","block_context":{"text":"Casa de Campo Living @es","link":"https:\/\/casadecampoliving.com\/category\/casa-de-campo-living-es\/"},"img":{"alt_text":"Entrega de Regalos Due\u00f1os Group","src":"https:\/\/i0.wp.com\/casadecampoliving.com\/wp-content\/uploads\/2022\/10\/Entrega-de-Regalos-Duenos-Group-1.jpg?fit=650%2C400&ssl=1&resize=350%2C200","width":350,"height":200,"srcset":"https:\/\/i0.wp.com\/casadecampoliving.com\/wp-content\/uploads\/2022\/10\/Entrega-de-Regalos-Duenos-Group-1.jpg?fit=650%2C400&ssl=1&resize=350%2C200 1x, https:\/\/i0.wp.com\/casadecampoliving.com\/wp-content\/uploads\/2022\/10\/Entrega-de-Regalos-Duenos-Group-1.jpg?fit=650%2C400&ssl=1&resize=525%2C300 1.5x"},"classes":[]},{"id":433460,"url":"https:\/\/casadecampoliving.com\/es\/no-se-pierdan-el-increible-tributo-a-frank-sinatra-para-celebrar-el-40-aniversario-del-anfiteatro-altos-de-chavon\/","url_meta":{"origin":348483,"position":1},"title":"No se pierdan el incre\u00edble tributo a Frank Sinatra para celebrar el 40 aniversario del\u00a0Anfiteatro Altos de Chav\u00f3n","author":"Casa de Campo Living","date":"20 Oct, 2022","format":false,"excerpt":"Siendo uno de los escenarios m\u00e1s emblem\u00e1ticos del pa\u00eds, Casa de Campo Resort\u00ae & Villas celebra las cuatro d\u00e9cadas de aniversario de Altos de Chav\u00f3n con un tributo al gran Frank Sinatra, protagonizado por artistas invitados y una big band tal cual la que acompa\u00f1\u00f3 al artista hace 40 a\u00f1os\u2026","rel":"","context":"En \u00abUncategorized @es\u00bb","block_context":{"text":"Uncategorized @es","link":"https:\/\/casadecampoliving.com\/es\/category\/uncategorized-es\/"},"img":{"alt_text":"","src":"https:\/\/i0.wp.com\/casadecampoliving.com\/wp-content\/uploads\/2022\/10\/Tributo-Frank-Sinatra-Foto-Principal-Amaury-Sanchez-Danilo-Ginebra-Andres-Pichardo-y-Jose-Gabriel-Perez-.jpg?fit=1200%2C873&ssl=1&resize=350%2C200","width":350,"height":200,"srcset":"https:\/\/i0.wp.com\/casadecampoliving.com\/wp-content\/uploads\/2022\/10\/Tributo-Frank-Sinatra-Foto-Principal-Amaury-Sanchez-Danilo-Ginebra-Andres-Pichardo-y-Jose-Gabriel-Perez-.jpg?fit=1200%2C873&ssl=1&resize=350%2C200 1x, https:\/\/i0.wp.com\/casadecampoliving.com\/wp-content\/uploads\/2022\/10\/Tributo-Frank-Sinatra-Foto-Principal-Amaury-Sanchez-Danilo-Ginebra-Andres-Pichardo-y-Jose-Gabriel-Perez-.jpg?fit=1200%2C873&ssl=1&resize=525%2C300 1.5x, https:\/\/i0.wp.com\/casadecampoliving.com\/wp-content\/uploads\/2022\/10\/Tributo-Frank-Sinatra-Foto-Principal-Amaury-Sanchez-Danilo-Ginebra-Andres-Pichardo-y-Jose-Gabriel-Perez-.jpg?fit=1200%2C873&ssl=1&resize=700%2C400 2x, https:\/\/i0.wp.com\/casadecampoliving.com\/wp-content\/uploads\/2022\/10\/Tributo-Frank-Sinatra-Foto-Principal-Amaury-Sanchez-Danilo-Ginebra-Andres-Pichardo-y-Jose-Gabriel-Perez-.jpg?fit=1200%2C873&ssl=1&resize=1050%2C600 3x"},"classes":[]},{"id":345426,"url":"https:\/\/casadecampoliving.com\/es\/ki-ra-spa-casa-de-campo-nuevo-concepto-holistico-natural\/","url_meta":{"origin":348483,"position":2},"title":"Ki-Ra &#038; Spa Casa de Campo&#8230; nuevo concepto \u00abhol\u00edstico &#038; natural\u00bb","author":"Perkin Agramonte","date":"25 Sep, 2014","format":false,"excerpt":"Kyra Montague, una due\u00f1a de villa en Casa de Campo, quien a su vez es la propietaria de Ki-Ra Holistic Living, se ha hecho cargo de la gesti\u00f3n del Spa Casa de Campo; y tiene unos planes maravillosos para que sea mejor que nunca. \u201cHemos tomado la gesti\u00f3n del spa\u2026","rel":"","context":"En \u00abCasa de Campo Living @es\u00bb","block_context":{"text":"Casa de Campo Living @es","link":"https:\/\/casadecampoliving.com\/category\/casa-de-campo-living-es\/"},"img":{"alt_text":"","src":"https:\/\/i0.wp.com\/casadecampoliving.com\/wp-content\/uploads\/2022\/10\/Casa-de-Campo-Spa-2-1.jpg?fit=800%2C532&ssl=1&resize=350%2C200","width":350,"height":200,"srcset":"https:\/\/i0.wp.com\/casadecampoliving.com\/wp-content\/uploads\/2022\/10\/Casa-de-Campo-Spa-2-1.jpg?fit=800%2C532&ssl=1&resize=350%2C200 1x, https:\/\/i0.wp.com\/casadecampoliving.com\/wp-content\/uploads\/2022\/10\/Casa-de-Campo-Spa-2-1.jpg?fit=800%2C532&ssl=1&resize=525%2C300 1.5x, https:\/\/i0.wp.com\/casadecampoliving.com\/wp-content\/uploads\/2022\/10\/Casa-de-Campo-Spa-2-1.jpg?fit=800%2C532&ssl=1&resize=700%2C400 2x"},"classes":[]},{"id":348468,"url":"https:\/\/casadecampoliving.com\/es\/preparate-duenos-2015\/","url_meta":{"origin":348483,"position":3},"title":"\u00a1Prep\u00e1rate para DUE\u00d1OS 2015 este fin de semana!","author":"Carla Campos","date":"26 Oct, 2015","format":false,"excerpt":"\u00a1Es la fiesta que todos hemos estado esperando! Due\u00f1os 2015, la celebraci\u00f3n anual para los due\u00f1os\u00a0de villa de Casa de Campo es uno de los momentos m\u00e1s esperados del a\u00f1o, \u00a1y estamos a menos de una semana! Due\u00f1os 2015 se celebrar\u00e1 este pr\u00f3ximo fin de semana - desde el viernes,\u2026","rel":"","context":"En \u00abCasa de Campo Living @es\u00bb","block_context":{"text":"Casa de Campo Living @es","link":"https:\/\/casadecampoliving.com\/category\/casa-de-campo-living-es\/"},"img":{"alt_text":"Due\u00f1os","src":"https:\/\/i0.wp.com\/casadecampoliving.com\/wp-content\/uploads\/2022\/10\/Duenos-1-1.jpg?fit=650%2C400&ssl=1&resize=350%2C200","width":350,"height":200,"srcset":"https:\/\/i0.wp.com\/casadecampoliving.com\/wp-content\/uploads\/2022\/10\/Duenos-1-1.jpg?fit=650%2C400&ssl=1&resize=350%2C200 1x, https:\/\/i0.wp.com\/casadecampoliving.com\/wp-content\/uploads\/2022\/10\/Duenos-1-1.jpg?fit=650%2C400&ssl=1&resize=525%2C300 1.5x"},"classes":[]},{"id":343428,"url":"https:\/\/casadecampoliving.com\/es\/ki-ra-casa-de-campo-duenos\/","url_meta":{"origin":348483,"position":4},"title":"Ki-Ra anuncia asociaci\u00f3n con Casa de Campo en Due\u00f1os 2013","author":"Genesis Perdomo","date":"8 Dic, 2013","format":false,"excerpt":"Kyra Montagu, una doctora naturop\u00e1tica y socia fundadora de Ki-Ra, ha sido parte de la celebraci\u00f3n anual de Due\u00f1os, como la instructora del yoga por los \u00faltimos par de a\u00f1os. Sin embargo este a\u00f1o, estabamos emocionados de ver a Kyra no solo\u00a0instructora de la clase de yoga en la playa,\u2026","rel":"","context":"En \u00abDeportes\u00bb","block_context":{"text":"Deportes","link":"https:\/\/casadecampoliving.com\/es\/category\/golf-deportes-es\/"},"img":{"alt_text":"yoga Minitas Beach","src":"https:\/\/i0.wp.com\/casadecampoliving.com\/wp-content\/uploads\/2022\/10\/yoga_minitas_beach-1.jpg?fit=650%2C430&ssl=1&resize=350%2C200","width":350,"height":200,"srcset":"https:\/\/i0.wp.com\/casadecampoliving.com\/wp-content\/uploads\/2022\/10\/yoga_minitas_beach-1.jpg?fit=650%2C430&ssl=1&resize=350%2C200 1x, https:\/\/i0.wp.com\/casadecampoliving.com\/wp-content\/uploads\/2022\/10\/yoga_minitas_beach-1.jpg?fit=650%2C430&ssl=1&resize=525%2C300 1.5x"},"classes":[]},{"id":346275,"url":"https:\/\/casadecampoliving.com\/es\/duenos-2014-muchas-fotos-mas\/","url_meta":{"origin":348483,"position":5},"title":"Due\u00f1os 2014: muchas fotos m\u00e1s!","author":"Rebecca Hughes","date":"21 Dic, 2014","format":false,"excerpt":"La cena bailable de Due\u00f1os es una de las mejores y m\u00e1s grandes celebraciones en el calendario social de Casa de Campo, por lo que no es de extra\u00f1ar que tenemos m\u00e1s fotos para que usted disfrute! Este a\u00f1o Due\u00f1os 2014, la celebraci\u00f3n organizada por Casa de Campo y Costasur\u2026","rel":"","context":"En \u00abCasa de Campo Living @es\u00bb","block_context":{"text":"Casa de Campo Living @es","link":"https:\/\/casadecampoliving.com\/category\/casa-de-campo-living-es\/"},"img":{"alt_text":"Duenos Casa de Campo","src":"https:\/\/i0.wp.com\/casadecampoliving.com\/wp-content\/uploads\/2022\/10\/Duenos_Casa_de_Campo1-1.jpg?fit=650%2C451&ssl=1&resize=350%2C200","width":350,"height":200,"srcset":"https:\/\/i0.wp.com\/casadecampoliving.com\/wp-content\/uploads\/2022\/10\/Duenos_Casa_de_Campo1-1.jpg?fit=650%2C451&ssl=1&resize=350%2C200 1x, https:\/\/i0.wp.com\/casadecampoliving.com\/wp-content\/uploads\/2022\/10\/Duenos_Casa_de_Campo1-1.jpg?fit=650%2C451&ssl=1&resize=525%2C300 1.5x"},"classes":[]}],"jetpack_sharing_enabled":true,"_links":{"self":[{"href":"https:\/\/casadecampoliving.com\/es\/wp-json\/wp\/v2\/posts\/348483","targetHints":{"allow":["GET"]}}],"collection":[{"href":"https:\/\/casadecampoliving.com\/es\/wp-json\/wp\/v2\/posts"}],"about":[{"href":"https:\/\/casadecampoliving.com\/es\/wp-json\/wp\/v2\/types\/post"}],"author":[{"embeddable":true,"href":"https:\/\/casadecampoliving.com\/es\/wp-json\/wp\/v2\/users\/36672"}],"replies":[{"embeddable":true,"href":"https:\/\/casadecampoliving.com\/es\/wp-json\/wp\/v2\/comments?post=348483"}],"version-history":[{"count":1,"href":"https:\/\/casadecampoliving.com\/es\/wp-json\/wp\/v2\/posts\/348483\/revisions"}],"predecessor-version":[{"id":348484,"href":"https:\/\/casadecampoliving.com\/es\/wp-json\/wp\/v2\/posts\/348483\/revisions\/348484"}],"wp:featuredmedia":[{"embeddable":true,"href":"https:\/\/casadecampoliving.com\/es\/wp-json\/wp\/v2\/media\/297590"}],"wp:attachment":[{"href":"https:\/\/casadecampoliving.com\/es\/wp-json\/wp\/v2\/media?parent=348483"}],"wp:term":[{"taxonomy":"category","embeddable":true,"href":"https:\/\/casadecampoliving.com\/es\/wp-json\/wp\/v2\/categories?post=348483"},{"taxonomy":"post_tag","embeddable":true,"href":"https:\/\/casadecampoliving.com\/es\/wp-json\/wp\/v2\/tags?post=348483"},{"taxonomy":"newspack_spnsrs_tax","embeddable":true,"href":"https:\/\/casadecampoliving.com\/es\/wp-json\/wp\/v2\/newspack_spnsrs_tax?post=348483"}],"curies":[{"name":"wp","href":"https:\/\/api.w.org\/{rel}","templated":true}]}}