{"id":348475,"date":"2015-10-26T00:00:00","date_gmt":"2015-10-26T04:00:00","guid":{"rendered":"https:\/\/casadecampoliving.com\/sequia-en-casa-de-campo-mitigar-para-el-futuro\/"},"modified":"2022-10-21T19:03:39","modified_gmt":"2022-10-21T23:03:39","slug":"sequia-en-casa-de-campo-mitigar-para-el-futuro","status":"publish","type":"post","link":"https:\/\/casadecampoliving.com\/es\/sequia-en-casa-de-campo-mitigar-para-el-futuro\/","title":{"rendered":"Sequ\u00eda en Casa de Campo: Prepar\u00e9monos para el Futuro"},"content":{"rendered":"<div class=\"wp-block-image\">\n<figure class=\"aligncenter is-resized\"><img loading=\"lazy\" decoding=\"async\" src=\"https:\/\/i0.wp.com\/casadecampoliving.com\/wp-content\/uploads\/2022\/10\/CCLforthefutureV3-26-10-15-2.jpg?resize=650%2C450&amp;ssl=1\" alt=\"Sequ\u00eda\" class=\"wp-image-114446\" height=\"450\" width=\"650\"\/><\/figure>\n<\/div>\n\n\n<p>En Casa de Campo fuimos muy afortunados de haber tenido un&nbsp;suministro de agua ininterrumpido este verano, considerando la extensa sequ\u00eda que ha prevalecido en el Caribe. Sin embargo, debe llamarnos la atenci\u00f3n que nuestra suerte podr\u00eda no ser eterna, ya que las proyecciones muestran que la Rep\u00fablica Dominicana no saldr\u00e1 ilesa y que la sequ\u00eda podr\u00eda&nbsp;extenderse hasta 2016. <\/p>\n\n\n\n<!--more-->\n\n\n\n<p>Afrontando esta realidad, Costasur ha hecho p\u00fablica la noticia sobre los planes del resort para el uso de este recurso tan valioso en \u00e1reas comunes, y est\u00e1n motivando a los due\u00f1os de villas a crear conciencia de esta grave situaci\u00f3n a fin de tomar medidas personales.<\/p>\n\n\n\n<p>Teniendo esto en cuenta, en Casa de Campo Living en colaboraci\u00f3n con Costasur estaremos publicando informaci\u00f3n, consejos y noticias en espera de que los due\u00f1os de villa creen conciencia de la creciente escasez en el \u00e1rea y de las medidas que se deben tomar en cada residencia. Antes compartir con ustedes dichas&nbsp;medidas a&nbsp;tomar en sus casas y de qu\u00e9 manera puede afectarnos este problema, entremos en&nbsp;contexto:<\/p>\n\n\n\n<h3 class=\"wp-block-heading\"><strong>\u00bfQu\u00e9 est\u00e1 pasando en el Caribe?<\/strong><\/h3>\n\n\n\n<p>El 2015 ha sido testigo de una Sequ\u00eda Caribe\u00f1a que ha afectado las islas desde Cuba hasta Trinidad y Tobago. Ha sido la peor sequ\u00eda en los \u00faltimos cinco a\u00f1os causada por el fen\u00f3meno de El Ni\u00f1o, un calentamiento de las aguas del Pacifico tropical que afecta el clima mundial.<\/p>\n\n\n\n<p>Como resultado, los cultivos se est\u00e1n marchitando, las reservas de agua se est\u00e1n secando y el ganado est\u00e1 muriendo, mientras los meteor\u00f3logos temen que la situaci\u00f3n continu\u00e9 empeorando en los pr\u00f3ximos meses.<\/p>\n\n\n\n<h3 class=\"wp-block-heading\"><strong>\u00bfQu\u00e9 est\u00e1 pasando en la Rep\u00fablica Dominicana?<\/strong><\/h3>\n\n\n\n<p>En la Rep\u00fablica Dominicana, algunas comunidades de Santo Domingo no tuvieron agua en las tuber\u00edas por un par de meses, los agricultores no han podido plantar semillas b\u00e1sicas como: habichuelas negras y las exportaciones de cultivos como el mango han tenido un notable descenso.&nbsp;En el suroeste, los arroyos se han secado, dejando al descubierto rocas afiladas y arena blanca, y no hay agua fluyendo a trav\u00e9s de un canal construido para abastecer a las fincas de mango, por ejemplo.<\/p>\n\n\n\n<h3 class=\"wp-block-heading\"><strong>Proyecciones<\/strong><\/h3>\n\n\n\n<p>Existe al menos un 90% de probabilidades de que El Ni\u00f1o, contin\u00fae afectando la zona durante el invierno y un 80% de que perdure hasta la primavera de 2016, de acuerdo con la Administraci\u00f3n Nacional Oce\u00e1nica y Atmosf\u00e9rica. El cambio clim\u00e1tico es una realidad, y es probable que las sequ\u00edas sean un fen\u00f3meno multi-anual en el&nbsp;futuro pr\u00f3ximo.<\/p>\n\n\n\n<h3 class=\"wp-block-heading\"><strong>\u00bfQu\u00e9 est\u00e1 haciendo Costasur?<\/strong><\/h3>\n\n\n\n<p>Costasur \u2013 Casa de Campo ha empezado a implementar un plan de manejo del agua, el cual incluye importantes inversiones en los campos de golf y en los sistemas de riego automatizados de las \u00e1reas verdes, estableciendo pol\u00edticas y mejores pr\u00e1cticas que buscan reducir el consumo de agua operacional, y un programa de comunicaci\u00f3n orientado a motivar a los miembros de la comunidad y empleados a adoptar pr\u00e1cticas racionales de consumo de agua.<\/p>\n\n\n\n<h3 class=\"wp-block-heading\"><strong>\u00bfQu\u00e9 puede y deber\u00eda hacer en cuanto a esto?<\/strong><\/h3>\n\n\n\n<p>Considerando la situaci\u00f3n de escasez local y regional, debemos admitir que el agua es un recurso muy barato por el momento. Somos propensos a pagar por el agua que consumimos en nuestros hogares, pero esto no implica que debemos ser inconscientes de nuestra responsabilidad de proteger el recurso para nuestro futuro a corto y mediano plazo.&nbsp;Mostremos nuestro mejor inter\u00e9s. (\u00bfSab\u00eda usted que la escasez de agua en nuestra vecina isla de Puerto Rico ha llevado a algunos de los barrios m\u00e1s exclusivos a estar sin agua durante d\u00edas?)<\/p>\n\n\n\n<p>Es nuestra responsabilidad hacer uso sabio y racional del agua. Su disponibilidad y sostenibilidad para nuestras futuras generaciones va a depender del uso responsable que le demos&nbsp;hoy.<\/p>\n\n\n\n<p>Consideremos el uso racional del agua en nuestros hogares siguiendo estos consejos \u00fatiles:<\/p>\n\n\n\n<p>1. Eduque a su familia y equipo en cuanto a la realidad de la situaci\u00f3n. Vamos a crear conciencia sobre el crecimiento de este problema.<\/p>\n\n\n\n<p>2. Evite el uso irracional del sistema de riego del c\u00e9sped. Por favor, no deje el sistema de riego encendido durante horas y horas. Si el riego del jard\u00edn es necesario, trate&nbsp;de hacerlo temprano en la ma\u00f1ana o al atardecer cuando se pone el sol. Regar el c\u00e9sped durante durante el d\u00eda trae como resultado la evaporaci\u00f3n de gran parte del agua rociada.<\/p>\n\n\n\n<p>3. Considere el uso racional del agua para las necesidades del hogar. Pida al personal de su casa que consolide sus cargas de ropa y recuerde cerrar el grifo cuando no est\u00e9 en uso.<\/p>\n\n\n\n<p>Esperamos traer m\u00e1s consejos \u00fatiles sobre qu\u00e9 puede hacer en su casa, y que estos puedan ayudar a crear conciencia. Tambi\u00e9n felicitamos a Costasur \u2013 Casa de Campo por la implementaci\u00f3n de cambios en el uso de este preciado recurso por parte de la corporaci\u00f3n.<\/p>\n\n\n\n<p>La soluci\u00f3n a este problema se encuentra en cada uno de nuestros hogares y en nuestras manos. Unamos fuerzas para abordar este problema muy real que nos afecta a todos.<\/p>\n","protected":false},"excerpt":{"rendered":"<p>En Casa de Campo fuimos muy afortunados de haber tenido un&nbsp;suministro de agua ininterrumpido este verano, considerando la extensa sequ\u00eda que ha prevalecido en el Caribe. Sin embargo, debe llamarnos la atenci\u00f3n que nuestra suerte podr\u00eda no ser eterna, ya que las proyecciones muestran que la Rep\u00fablica Dominicana no saldr\u00e1 ilesa y que la sequ\u00eda [&hellip;]<\/p>\n","protected":false},"author":36672,"featured_media":297426,"comment_status":"closed","ping_status":"closed","sticky":false,"template":"","format":"standard","meta":{"newspack_ads_suppress_ads":false,"newspack_popups_has_disabled_popups":false,"newspack_sponsor_sponsorship_scope":"","newspack_sponsor_native_byline_display":"inherit","newspack_sponsor_native_category_display":"inherit","newspack_sponsor_underwriter_style":"inherit","newspack_sponsor_underwriter_placement":"inherit","_newspack_byline_active":false,"_newspack_byline":"","newspack_hide_updated_date":false,"newspack_show_updated_date":false,"newspack_content_restriction_is_exempt":false,"newspack_featured_image_position":"","newspack_post_subtitle":"","newspack_article_summary_title":"Overview:","newspack_article_summary":"","_jetpack_memberships_contains_paid_content":false,"footnotes":"","jetpack_publicize_message":"","jetpack_publicize_feature_enabled":true,"jetpack_social_post_already_shared":false,"jetpack_social_options":{"image_generator_settings":{"template":"highway","default_image_id":0,"font":"","enabled":false},"version":2},"_wpas_customize_per_network":false},"categories":[26936,26951,7269,2519,2524,14631,14625,2521,26822],"tags":[3626,8094,24387,4487],"newspack_spnsrs_tax":[],"class_list":["post-348475","post","type-post","status-publish","format-standard","has-post-thumbnail","hentry","category-casa-de-campo-living-es","category-ccl-presenta","category-clima-2","category-costasur-dominicana-es","category-destacados","category-estilo-de-vida","category-noticias-locales","category-republica-dominicana-2","category-resort-casa-de-campo","tag-casa-de-campo-es","tag-casa-de-campo-community-es","tag-casa-de-campo-living-es","tag-costasur-es","entry"],"yoast_head":"<!-- This site is optimized with the Yoast SEO plugin v27.5 - https:\/\/yoast.com\/product\/yoast-seo-wordpress\/ -->\n<title>Sequ\u00eda en Casa de Campo: Prepar\u00e9monos para el Futuro | Casa de Campo Living<\/title>\n<meta name=\"description\" content=\"En Casa de Campo fuimos muy afortunados de haber tenido un&nbsp;suministro de agua ininterrumpido este verano, considerando la extensa sequ\u00eda que ha\" \/>\n<meta name=\"robots\" content=\"index, follow, max-snippet:-1, max-image-preview:large, max-video-preview:-1\" \/>\n<link rel=\"canonical\" href=\"https:\/\/casadecampoliving.com\/es\/sequia-en-casa-de-campo-mitigar-para-el-futuro\/\" \/>\n<meta property=\"og:locale\" content=\"es_ES\" \/>\n<meta property=\"og:type\" content=\"article\" \/>\n<meta property=\"og:title\" content=\"Sequ\u00eda en Casa de Campo: Prepar\u00e9monos para el Futuro | Casa de Campo Living\" \/>\n<meta property=\"og:description\" content=\"En Casa de Campo fuimos muy afortunados de haber tenido un&nbsp;suministro de agua ininterrumpido este verano, considerando la extensa sequ\u00eda que ha\" \/>\n<meta property=\"og:url\" content=\"https:\/\/casadecampoliving.com\/es\/sequia-en-casa-de-campo-mitigar-para-el-futuro\/\" \/>\n<meta property=\"og:site_name\" content=\"Casa de Campo Living\" \/>\n<meta property=\"article:publisher\" content=\"https:\/\/www.facebook.com\/casadecampoliving\" \/>\n<meta property=\"article:published_time\" content=\"2015-10-26T04:00:00+00:00\" \/>\n<meta property=\"article:modified_time\" content=\"2022-10-21T23:03:39+00:00\" \/>\n<meta property=\"og:image\" content=\"https:\/\/i0.wp.com\/casadecampoliving.com\/wp-content\/uploads\/2022\/10\/CCLforthefutureV2-26-10-15-1.jpg?fit=650%2C450&ssl=1\" \/>\n\t<meta property=\"og:image:width\" content=\"650\" \/>\n\t<meta property=\"og:image:height\" content=\"450\" \/>\n\t<meta property=\"og:image:type\" content=\"image\/jpeg\" \/>\n<meta name=\"author\" content=\"Carla Campos\" \/>\n<meta name=\"twitter:card\" content=\"summary_large_image\" \/>\n<meta name=\"twitter:creator\" content=\"@cdcliving\" \/>\n<meta name=\"twitter:site\" content=\"@cdcliving\" \/>\n<meta name=\"twitter:label1\" content=\"Escrito por\" \/>\n\t<meta name=\"twitter:data1\" content=\"Carla Campos\" \/>\n\t<meta name=\"twitter:label2\" content=\"Tiempo de lectura\" \/>\n\t<meta name=\"twitter:data2\" content=\"4 minutos\" \/>\n<script type=\"application\/ld+json\" class=\"yoast-schema-graph\">{\"@context\":\"https:\\\/\\\/schema.org\",\"@graph\":[{\"@type\":\"Article\",\"@id\":\"https:\\\/\\\/casadecampoliving.com\\\/es\\\/sequia-en-casa-de-campo-mitigar-para-el-futuro\\\/#article\",\"isPartOf\":{\"@id\":\"https:\\\/\\\/casadecampoliving.com\\\/es\\\/sequia-en-casa-de-campo-mitigar-para-el-futuro\\\/\"},\"author\":{\"name\":\"Carla Campos\",\"@id\":\"https:\\\/\\\/casadecampoliving.com\\\/es\\\/#\\\/schema\\\/person\\\/31e9c79dd1ae5946a5bc1d006945aad1\"},\"headline\":\"Sequ\u00eda en Casa de Campo: Prepar\u00e9monos para el Futuro\",\"datePublished\":\"2015-10-26T04:00:00+00:00\",\"dateModified\":\"2022-10-21T23:03:39+00:00\",\"mainEntityOfPage\":{\"@id\":\"https:\\\/\\\/casadecampoliving.com\\\/es\\\/sequia-en-casa-de-campo-mitigar-para-el-futuro\\\/\"},\"wordCount\":894,\"publisher\":{\"@id\":\"https:\\\/\\\/casadecampoliving.com\\\/es\\\/#organization\"},\"image\":{\"@id\":\"https:\\\/\\\/casadecampoliving.com\\\/es\\\/sequia-en-casa-de-campo-mitigar-para-el-futuro\\\/#primaryimage\"},\"thumbnailUrl\":\"https:\\\/\\\/i0.wp.com\\\/casadecampoliving.com\\\/wp-content\\\/uploads\\\/2022\\\/10\\\/CCLforthefutureV2-26-10-15-1.jpg?fit=650%2C450&ssl=1\",\"keywords\":[\"casa de campo @es\",\"Casa de Campo Community @es\",\"Casa de Campo Living\",\"costasur @es\"],\"articleSection\":[\"Casa de Campo Living @es\",\"CCL presenta\",\"Clima\",\"Costasur Dominicana @es\",\"Destacados\",\"Estilo de Vida\",\"Noticias Locales\",\"Rep\u00fablica Dominicana @es\",\"Resort Casa de Campo\"],\"inLanguage\":\"es\"},{\"@type\":\"WebPage\",\"@id\":\"https:\\\/\\\/casadecampoliving.com\\\/es\\\/sequia-en-casa-de-campo-mitigar-para-el-futuro\\\/\",\"url\":\"https:\\\/\\\/casadecampoliving.com\\\/es\\\/sequia-en-casa-de-campo-mitigar-para-el-futuro\\\/\",\"name\":\"Sequ\u00eda en Casa de Campo: Prepar\u00e9monos para el Futuro | Casa de Campo Living\",\"isPartOf\":{\"@id\":\"https:\\\/\\\/casadecampoliving.com\\\/es\\\/#website\"},\"primaryImageOfPage\":{\"@id\":\"https:\\\/\\\/casadecampoliving.com\\\/es\\\/sequia-en-casa-de-campo-mitigar-para-el-futuro\\\/#primaryimage\"},\"image\":{\"@id\":\"https:\\\/\\\/casadecampoliving.com\\\/es\\\/sequia-en-casa-de-campo-mitigar-para-el-futuro\\\/#primaryimage\"},\"thumbnailUrl\":\"https:\\\/\\\/i0.wp.com\\\/casadecampoliving.com\\\/wp-content\\\/uploads\\\/2022\\\/10\\\/CCLforthefutureV2-26-10-15-1.jpg?fit=650%2C450&ssl=1\",\"datePublished\":\"2015-10-26T04:00:00+00:00\",\"dateModified\":\"2022-10-21T23:03:39+00:00\",\"description\":\"En Casa de Campo fuimos muy afortunados de haber tenido un&nbsp;suministro de agua ininterrumpido este verano, considerando la extensa sequ\u00eda que ha\",\"breadcrumb\":{\"@id\":\"https:\\\/\\\/casadecampoliving.com\\\/es\\\/sequia-en-casa-de-campo-mitigar-para-el-futuro\\\/#breadcrumb\"},\"inLanguage\":\"es\",\"potentialAction\":[{\"@type\":\"ReadAction\",\"target\":[\"https:\\\/\\\/casadecampoliving.com\\\/es\\\/sequia-en-casa-de-campo-mitigar-para-el-futuro\\\/\"]}]},{\"@type\":\"ImageObject\",\"inLanguage\":\"es\",\"@id\":\"https:\\\/\\\/casadecampoliving.com\\\/es\\\/sequia-en-casa-de-campo-mitigar-para-el-futuro\\\/#primaryimage\",\"url\":\"https:\\\/\\\/i0.wp.com\\\/casadecampoliving.com\\\/wp-content\\\/uploads\\\/2022\\\/10\\\/CCLforthefutureV2-26-10-15-1.jpg?fit=650%2C450&ssl=1\",\"contentUrl\":\"https:\\\/\\\/i0.wp.com\\\/casadecampoliving.com\\\/wp-content\\\/uploads\\\/2022\\\/10\\\/CCLforthefutureV2-26-10-15-1.jpg?fit=650%2C450&ssl=1\",\"width\":650,\"height\":450},{\"@type\":\"BreadcrumbList\",\"@id\":\"https:\\\/\\\/casadecampoliving.com\\\/es\\\/sequia-en-casa-de-campo-mitigar-para-el-futuro\\\/#breadcrumb\",\"itemListElement\":[{\"@type\":\"ListItem\",\"position\":1,\"name\":\"Home\",\"item\":\"https:\\\/\\\/casadecampoliving.com\\\/es\\\/\"},{\"@type\":\"ListItem\",\"position\":2,\"name\":\"Sequ\u00eda en Casa de Campo: Prepar\u00e9monos para el Futuro\"}]},{\"@type\":\"WebSite\",\"@id\":\"https:\\\/\\\/casadecampoliving.com\\\/es\\\/#website\",\"url\":\"https:\\\/\\\/casadecampoliving.com\\\/es\\\/\",\"name\":\"Casa de Campo Living\",\"description\":\"Resort community news and resources.\",\"publisher\":{\"@id\":\"https:\\\/\\\/casadecampoliving.com\\\/es\\\/#organization\"},\"potentialAction\":[{\"@type\":\"SearchAction\",\"target\":{\"@type\":\"EntryPoint\",\"urlTemplate\":\"https:\\\/\\\/casadecampoliving.com\\\/es\\\/?s={search_term_string}\"},\"query-input\":{\"@type\":\"PropertyValueSpecification\",\"valueRequired\":true,\"valueName\":\"search_term_string\"}}],\"inLanguage\":\"es\"},{\"@type\":\"Organization\",\"@id\":\"https:\\\/\\\/casadecampoliving.com\\\/es\\\/#organization\",\"name\":\"Casa de Campo Living\",\"url\":\"https:\\\/\\\/casadecampoliving.com\\\/es\\\/\",\"logo\":{\"@type\":\"ImageObject\",\"inLanguage\":\"es\",\"@id\":\"https:\\\/\\\/casadecampoliving.com\\\/es\\\/#\\\/schema\\\/logo\\\/image\\\/\",\"url\":\"https:\\\/\\\/i0.wp.com\\\/casadecampoliving.com\\\/wp-content\\\/uploads\\\/2022\\\/07\\\/CDCLivingLogo_V1-white-sized.png?fit=800%2C214&ssl=1\",\"contentUrl\":\"https:\\\/\\\/i0.wp.com\\\/casadecampoliving.com\\\/wp-content\\\/uploads\\\/2022\\\/07\\\/CDCLivingLogo_V1-white-sized.png?fit=800%2C214&ssl=1\",\"width\":800,\"height\":214,\"caption\":\"Casa de Campo Living\"},\"image\":{\"@id\":\"https:\\\/\\\/casadecampoliving.com\\\/es\\\/#\\\/schema\\\/logo\\\/image\\\/\"},\"sameAs\":[\"https:\\\/\\\/www.facebook.com\\\/casadecampoliving\",\"https:\\\/\\\/x.com\\\/cdcliving\"]},{\"@type\":\"Person\",\"@id\":\"https:\\\/\\\/casadecampoliving.com\\\/es\\\/#\\\/schema\\\/person\\\/31e9c79dd1ae5946a5bc1d006945aad1\",\"name\":\"Carla Campos\",\"image\":{\"@type\":\"ImageObject\",\"inLanguage\":\"es\",\"@id\":\"https:\\\/\\\/secure.gravatar.com\\\/avatar\\\/73cf86e3450dfb9b46e1fdb84b1d556861d8ff8c40e6925be3e987154c3b5772?s=96&d=mm&r=g\",\"url\":\"https:\\\/\\\/secure.gravatar.com\\\/avatar\\\/73cf86e3450dfb9b46e1fdb84b1d556861d8ff8c40e6925be3e987154c3b5772?s=96&d=mm&r=g\",\"contentUrl\":\"https:\\\/\\\/secure.gravatar.com\\\/avatar\\\/73cf86e3450dfb9b46e1fdb84b1d556861d8ff8c40e6925be3e987154c3b5772?s=96&d=mm&r=g\",\"caption\":\"Carla Campos\"},\"url\":\"https:\\\/\\\/casadecampoliving.com\\\/es\\\/author\\\/ccampos\\\/\"}]}<\/script>\n<!-- \/ Yoast SEO plugin. -->","yoast_head_json":{"title":"Sequ\u00eda en Casa de Campo: Prepar\u00e9monos para el Futuro | Casa de Campo Living","description":"En Casa de Campo fuimos muy afortunados de haber tenido un&nbsp;suministro de agua ininterrumpido este verano, considerando la extensa sequ\u00eda que ha","robots":{"index":"index","follow":"follow","max-snippet":"max-snippet:-1","max-image-preview":"max-image-preview:large","max-video-preview":"max-video-preview:-1"},"canonical":"https:\/\/casadecampoliving.com\/es\/sequia-en-casa-de-campo-mitigar-para-el-futuro\/","og_locale":"es_ES","og_type":"article","og_title":"Sequ\u00eda en Casa de Campo: Prepar\u00e9monos para el Futuro | Casa de Campo Living","og_description":"En Casa de Campo fuimos muy afortunados de haber tenido un&nbsp;suministro de agua ininterrumpido este verano, considerando la extensa sequ\u00eda que ha","og_url":"https:\/\/casadecampoliving.com\/es\/sequia-en-casa-de-campo-mitigar-para-el-futuro\/","og_site_name":"Casa de Campo Living","article_publisher":"https:\/\/www.facebook.com\/casadecampoliving","article_published_time":"2015-10-26T04:00:00+00:00","article_modified_time":"2022-10-21T23:03:39+00:00","og_image":[{"width":650,"height":450,"url":"https:\/\/i0.wp.com\/casadecampoliving.com\/wp-content\/uploads\/2022\/10\/CCLforthefutureV2-26-10-15-1.jpg?fit=650%2C450&ssl=1","type":"image\/jpeg"}],"author":"Carla Campos","twitter_card":"summary_large_image","twitter_creator":"@cdcliving","twitter_site":"@cdcliving","twitter_misc":{"Escrito por":"Carla Campos","Tiempo de lectura":"4 minutos"},"schema":{"@context":"https:\/\/schema.org","@graph":[{"@type":"Article","@id":"https:\/\/casadecampoliving.com\/es\/sequia-en-casa-de-campo-mitigar-para-el-futuro\/#article","isPartOf":{"@id":"https:\/\/casadecampoliving.com\/es\/sequia-en-casa-de-campo-mitigar-para-el-futuro\/"},"author":{"name":"Carla Campos","@id":"https:\/\/casadecampoliving.com\/es\/#\/schema\/person\/31e9c79dd1ae5946a5bc1d006945aad1"},"headline":"Sequ\u00eda en Casa de Campo: Prepar\u00e9monos para el Futuro","datePublished":"2015-10-26T04:00:00+00:00","dateModified":"2022-10-21T23:03:39+00:00","mainEntityOfPage":{"@id":"https:\/\/casadecampoliving.com\/es\/sequia-en-casa-de-campo-mitigar-para-el-futuro\/"},"wordCount":894,"publisher":{"@id":"https:\/\/casadecampoliving.com\/es\/#organization"},"image":{"@id":"https:\/\/casadecampoliving.com\/es\/sequia-en-casa-de-campo-mitigar-para-el-futuro\/#primaryimage"},"thumbnailUrl":"https:\/\/i0.wp.com\/casadecampoliving.com\/wp-content\/uploads\/2022\/10\/CCLforthefutureV2-26-10-15-1.jpg?fit=650%2C450&ssl=1","keywords":["casa de campo @es","Casa de Campo Community @es","Casa de Campo Living","costasur @es"],"articleSection":["Casa de Campo Living @es","CCL presenta","Clima","Costasur Dominicana @es","Destacados","Estilo de Vida","Noticias Locales","Rep\u00fablica Dominicana @es","Resort Casa de Campo"],"inLanguage":"es"},{"@type":"WebPage","@id":"https:\/\/casadecampoliving.com\/es\/sequia-en-casa-de-campo-mitigar-para-el-futuro\/","url":"https:\/\/casadecampoliving.com\/es\/sequia-en-casa-de-campo-mitigar-para-el-futuro\/","name":"Sequ\u00eda en Casa de Campo: Prepar\u00e9monos para el Futuro | Casa de Campo Living","isPartOf":{"@id":"https:\/\/casadecampoliving.com\/es\/#website"},"primaryImageOfPage":{"@id":"https:\/\/casadecampoliving.com\/es\/sequia-en-casa-de-campo-mitigar-para-el-futuro\/#primaryimage"},"image":{"@id":"https:\/\/casadecampoliving.com\/es\/sequia-en-casa-de-campo-mitigar-para-el-futuro\/#primaryimage"},"thumbnailUrl":"https:\/\/i0.wp.com\/casadecampoliving.com\/wp-content\/uploads\/2022\/10\/CCLforthefutureV2-26-10-15-1.jpg?fit=650%2C450&ssl=1","datePublished":"2015-10-26T04:00:00+00:00","dateModified":"2022-10-21T23:03:39+00:00","description":"En Casa de Campo fuimos muy afortunados de haber tenido un&nbsp;suministro de agua ininterrumpido este verano, considerando la extensa sequ\u00eda que ha","breadcrumb":{"@id":"https:\/\/casadecampoliving.com\/es\/sequia-en-casa-de-campo-mitigar-para-el-futuro\/#breadcrumb"},"inLanguage":"es","potentialAction":[{"@type":"ReadAction","target":["https:\/\/casadecampoliving.com\/es\/sequia-en-casa-de-campo-mitigar-para-el-futuro\/"]}]},{"@type":"ImageObject","inLanguage":"es","@id":"https:\/\/casadecampoliving.com\/es\/sequia-en-casa-de-campo-mitigar-para-el-futuro\/#primaryimage","url":"https:\/\/i0.wp.com\/casadecampoliving.com\/wp-content\/uploads\/2022\/10\/CCLforthefutureV2-26-10-15-1.jpg?fit=650%2C450&ssl=1","contentUrl":"https:\/\/i0.wp.com\/casadecampoliving.com\/wp-content\/uploads\/2022\/10\/CCLforthefutureV2-26-10-15-1.jpg?fit=650%2C450&ssl=1","width":650,"height":450},{"@type":"BreadcrumbList","@id":"https:\/\/casadecampoliving.com\/es\/sequia-en-casa-de-campo-mitigar-para-el-futuro\/#breadcrumb","itemListElement":[{"@type":"ListItem","position":1,"name":"Home","item":"https:\/\/casadecampoliving.com\/es\/"},{"@type":"ListItem","position":2,"name":"Sequ\u00eda en Casa de Campo: Prepar\u00e9monos para el Futuro"}]},{"@type":"WebSite","@id":"https:\/\/casadecampoliving.com\/es\/#website","url":"https:\/\/casadecampoliving.com\/es\/","name":"Casa de Campo Living","description":"Resort community news and resources.","publisher":{"@id":"https:\/\/casadecampoliving.com\/es\/#organization"},"potentialAction":[{"@type":"SearchAction","target":{"@type":"EntryPoint","urlTemplate":"https:\/\/casadecampoliving.com\/es\/?s={search_term_string}"},"query-input":{"@type":"PropertyValueSpecification","valueRequired":true,"valueName":"search_term_string"}}],"inLanguage":"es"},{"@type":"Organization","@id":"https:\/\/casadecampoliving.com\/es\/#organization","name":"Casa de Campo Living","url":"https:\/\/casadecampoliving.com\/es\/","logo":{"@type":"ImageObject","inLanguage":"es","@id":"https:\/\/casadecampoliving.com\/es\/#\/schema\/logo\/image\/","url":"https:\/\/i0.wp.com\/casadecampoliving.com\/wp-content\/uploads\/2022\/07\/CDCLivingLogo_V1-white-sized.png?fit=800%2C214&ssl=1","contentUrl":"https:\/\/i0.wp.com\/casadecampoliving.com\/wp-content\/uploads\/2022\/07\/CDCLivingLogo_V1-white-sized.png?fit=800%2C214&ssl=1","width":800,"height":214,"caption":"Casa de Campo Living"},"image":{"@id":"https:\/\/casadecampoliving.com\/es\/#\/schema\/logo\/image\/"},"sameAs":["https:\/\/www.facebook.com\/casadecampoliving","https:\/\/x.com\/cdcliving"]},{"@type":"Person","@id":"https:\/\/casadecampoliving.com\/es\/#\/schema\/person\/31e9c79dd1ae5946a5bc1d006945aad1","name":"Carla Campos","image":{"@type":"ImageObject","inLanguage":"es","@id":"https:\/\/secure.gravatar.com\/avatar\/73cf86e3450dfb9b46e1fdb84b1d556861d8ff8c40e6925be3e987154c3b5772?s=96&d=mm&r=g","url":"https:\/\/secure.gravatar.com\/avatar\/73cf86e3450dfb9b46e1fdb84b1d556861d8ff8c40e6925be3e987154c3b5772?s=96&d=mm&r=g","contentUrl":"https:\/\/secure.gravatar.com\/avatar\/73cf86e3450dfb9b46e1fdb84b1d556861d8ff8c40e6925be3e987154c3b5772?s=96&d=mm&r=g","caption":"Carla Campos"},"url":"https:\/\/casadecampoliving.com\/es\/author\/ccampos\/"}]}},"parsely":{"version":"1.1.0","canonical_url":"https:\/\/casadecampoliving.com\/es\/sequia-en-casa-de-campo-mitigar-para-el-futuro\/","smart_links":{"inbound":0,"outbound":0},"traffic_boost_suggestions_count":0,"meta":{"@context":"https:\/\/schema.org","@type":"NewsArticle","headline":"Sequ\u00eda en Casa de Campo: Prepar\u00e9monos para el Futuro","url":"http:\/\/casadecampoliving.com\/es\/sequia-en-casa-de-campo-mitigar-para-el-futuro\/","mainEntityOfPage":{"@type":"WebPage","@id":"http:\/\/casadecampoliving.com\/es\/sequia-en-casa-de-campo-mitigar-para-el-futuro\/"},"thumbnailUrl":"https:\/\/i0.wp.com\/casadecampoliving.com\/wp-content\/uploads\/2022\/10\/CCLforthefutureV2-26-10-15-1.jpg?resize=150%2C150&ssl=1","image":{"@type":"ImageObject","url":"https:\/\/i0.wp.com\/casadecampoliving.com\/wp-content\/uploads\/2022\/10\/CCLforthefutureV2-26-10-15-1.jpg?fit=650%2C450&ssl=1"},"articleSection":"CCL presenta","author":[{"@type":"Person","name":"Carla Campos"}],"creator":["Carla Campos"],"publisher":{"@type":"Organization","name":"Casa de Campo Living","logo":"https:\/\/casadecampoliving.com\/wp-content\/uploads\/2022\/07\/CDCLivingLogo_V1-white-sized.png"},"keywords":["casa de campo @es","casa de campo community @es","casa de campo living","costasur @es"],"dateCreated":"2015-10-26T04:00:00Z","datePublished":"2015-10-26T04:00:00Z","dateModified":"2022-10-21T23:03:39Z"},"rendered":"<script type=\"application\/ld+json\" class=\"wp-parsely-metadata\">{\"@context\":\"https:\\\/\\\/schema.org\",\"@type\":\"NewsArticle\",\"headline\":\"Sequ\\u00eda en Casa de Campo: Prepar\\u00e9monos para el Futuro\",\"url\":\"http:\\\/\\\/casadecampoliving.com\\\/es\\\/sequia-en-casa-de-campo-mitigar-para-el-futuro\\\/\",\"mainEntityOfPage\":{\"@type\":\"WebPage\",\"@id\":\"http:\\\/\\\/casadecampoliving.com\\\/es\\\/sequia-en-casa-de-campo-mitigar-para-el-futuro\\\/\"},\"thumbnailUrl\":\"https:\\\/\\\/i0.wp.com\\\/casadecampoliving.com\\\/wp-content\\\/uploads\\\/2022\\\/10\\\/CCLforthefutureV2-26-10-15-1.jpg?resize=150%2C150&ssl=1\",\"image\":{\"@type\":\"ImageObject\",\"url\":\"https:\\\/\\\/i0.wp.com\\\/casadecampoliving.com\\\/wp-content\\\/uploads\\\/2022\\\/10\\\/CCLforthefutureV2-26-10-15-1.jpg?fit=650%2C450&ssl=1\"},\"articleSection\":\"CCL presenta\",\"author\":[{\"@type\":\"Person\",\"name\":\"Carla Campos\"}],\"creator\":[\"Carla Campos\"],\"publisher\":{\"@type\":\"Organization\",\"name\":\"Casa de Campo Living\",\"logo\":\"https:\\\/\\\/casadecampoliving.com\\\/wp-content\\\/uploads\\\/2022\\\/07\\\/CDCLivingLogo_V1-white-sized.png\"},\"keywords\":[\"casa de campo @es\",\"casa de campo community @es\",\"casa de campo living\",\"costasur @es\"],\"dateCreated\":\"2015-10-26T04:00:00Z\",\"datePublished\":\"2015-10-26T04:00:00Z\",\"dateModified\":\"2022-10-21T23:03:39Z\"}<\/script>","tracker_url":"https:\/\/cdn.parsely.com\/keys\/casadecampoliving.com\/p.js"},"jetpack_publicize_connections":[],"jetpack_featured_media_url":"https:\/\/i0.wp.com\/casadecampoliving.com\/wp-content\/uploads\/2022\/10\/CCLforthefutureV2-26-10-15-1.jpg?fit=650%2C450&ssl=1","jetpack-related-posts":[{"id":433460,"url":"https:\/\/casadecampoliving.com\/es\/no-se-pierdan-el-increible-tributo-a-frank-sinatra-para-celebrar-el-40-aniversario-del-anfiteatro-altos-de-chavon\/","url_meta":{"origin":348475,"position":0},"title":"No se pierdan el incre\u00edble tributo a Frank Sinatra para celebrar el 40 aniversario del\u00a0Anfiteatro Altos de Chav\u00f3n","author":"Casa de Campo Living","date":"20 Oct, 2022","format":false,"excerpt":"Siendo uno de los escenarios m\u00e1s emblem\u00e1ticos del pa\u00eds, Casa de Campo Resort\u00ae & Villas celebra las cuatro d\u00e9cadas de aniversario de Altos de Chav\u00f3n con un tributo al gran Frank Sinatra, protagonizado por artistas invitados y una big band tal cual la que acompa\u00f1\u00f3 al artista hace 40 a\u00f1os\u2026","rel":"","context":"En \u00abUncategorized @es\u00bb","block_context":{"text":"Uncategorized @es","link":"https:\/\/casadecampoliving.com\/es\/category\/uncategorized-es\/"},"img":{"alt_text":"","src":"https:\/\/i0.wp.com\/casadecampoliving.com\/wp-content\/uploads\/2022\/10\/Tributo-Frank-Sinatra-Foto-Principal-Amaury-Sanchez-Danilo-Ginebra-Andres-Pichardo-y-Jose-Gabriel-Perez-.jpg?fit=1200%2C873&ssl=1&resize=350%2C200","width":350,"height":200,"srcset":"https:\/\/i0.wp.com\/casadecampoliving.com\/wp-content\/uploads\/2022\/10\/Tributo-Frank-Sinatra-Foto-Principal-Amaury-Sanchez-Danilo-Ginebra-Andres-Pichardo-y-Jose-Gabriel-Perez-.jpg?fit=1200%2C873&ssl=1&resize=350%2C200 1x, https:\/\/i0.wp.com\/casadecampoliving.com\/wp-content\/uploads\/2022\/10\/Tributo-Frank-Sinatra-Foto-Principal-Amaury-Sanchez-Danilo-Ginebra-Andres-Pichardo-y-Jose-Gabriel-Perez-.jpg?fit=1200%2C873&ssl=1&resize=525%2C300 1.5x, https:\/\/i0.wp.com\/casadecampoliving.com\/wp-content\/uploads\/2022\/10\/Tributo-Frank-Sinatra-Foto-Principal-Amaury-Sanchez-Danilo-Ginebra-Andres-Pichardo-y-Jose-Gabriel-Perez-.jpg?fit=1200%2C873&ssl=1&resize=700%2C400 2x, https:\/\/i0.wp.com\/casadecampoliving.com\/wp-content\/uploads\/2022\/10\/Tributo-Frank-Sinatra-Foto-Principal-Amaury-Sanchez-Danilo-Ginebra-Andres-Pichardo-y-Jose-Gabriel-Perez-.jpg?fit=1200%2C873&ssl=1&resize=1050%2C600 3x"},"classes":[]},{"id":339964,"url":"https:\/\/casadecampoliving.com\/es\/costasur-casa-de-campo-gana-premio-al-mejor-desarrollo-de-lujos-del-ano-en-los-caribbean-world-travel-living-awards-2012\/","url_meta":{"origin":348475,"position":1},"title":"Costasur Casa de Campo gana premio al \u00abMejor desarrollo de lujos del a\u00f1o\u00bb en los \u00abCaribbean World Travel &#038; Living awards 2012\u00bb!","author":"","date":"18 Oct, 2012","format":false,"excerpt":"Felicidades Costasur Casa de Campo \u2013 que acaba de ser reconocido como \u201cBest luxury development of the year\u201d (Mejor desarrollo de lujos del a\u00f1o) en los premios \u201cCaribbean World Travel & Living awards 2012\u201d!\u00a0 Costasur Casa de Campo, con m\u00e1s de 1500 villas y residencias de lujo en el Resort\u2026","rel":"","context":"En \u00abBienes raices Casa de Campo\u00bb","block_context":{"text":"Bienes raices Casa de Campo","link":"https:\/\/casadecampoliving.com\/es\/category\/bienes-raices-casa-de-campo-es\/"},"img":{"alt_text":"","src":"https:\/\/i0.wp.com\/casadecampoliving.com\/wp-content\/uploads\/2022\/10\/costasur_casa_de_campo1-1.jpg?fit=650%2C400&ssl=1&resize=350%2C200","width":350,"height":200,"srcset":"https:\/\/i0.wp.com\/casadecampoliving.com\/wp-content\/uploads\/2022\/10\/costasur_casa_de_campo1-1.jpg?fit=650%2C400&ssl=1&resize=350%2C200 1x, https:\/\/i0.wp.com\/casadecampoliving.com\/wp-content\/uploads\/2022\/10\/costasur_casa_de_campo1-1.jpg?fit=650%2C400&ssl=1&resize=525%2C300 1.5x"},"classes":[]},{"id":354005,"url":"https:\/\/casadecampoliving.com\/es\/evergo-y-costasur-inauguran-estacion-de-carga-en-casa-de-campo\/","url_meta":{"origin":348475,"position":2},"title":"Costasur y Evergo inauguran estaciones de carga para veh\u00edculos el\u00e9ctricos en Casa de Campo Resort and Villas","author":"Casa de Campo Living","date":"26 Mar, 2021","format":false,"excerpt":"Costasur en alianza con Evergo, plataforma tecnol\u00f3gica operada por InterEnergy Systems Dominicana, divisi\u00f3n tecnol\u00f3gica de InterEnergy Group, anuncian la puesta en funcionamiento de dos estaciones de carga nivel 2 y 3 para veh\u00edculos el\u00e9ctricos en Casa de Campo. Esta alianza estrat\u00e9gica forma parte de las acciones y el compromiso del\u2026","rel":"","context":"En \u00abCostasur Dominicana @es\u00bb","block_context":{"text":"Costasur Dominicana @es","link":"https:\/\/casadecampoliving.com\/es\/category\/costasur-dominicana-es\/"},"img":{"alt_text":"Costasur Evergo Unidad de carga","src":"https:\/\/i0.wp.com\/casadecampoliving.com\/wp-content\/uploads\/2022\/10\/3-3.jpg?fit=1000%2C593&ssl=1&resize=350%2C200","width":350,"height":200,"srcset":"https:\/\/i0.wp.com\/casadecampoliving.com\/wp-content\/uploads\/2022\/10\/3-3.jpg?fit=1000%2C593&ssl=1&resize=350%2C200 1x, https:\/\/i0.wp.com\/casadecampoliving.com\/wp-content\/uploads\/2022\/10\/3-3.jpg?fit=1000%2C593&ssl=1&resize=525%2C300 1.5x, https:\/\/i0.wp.com\/casadecampoliving.com\/wp-content\/uploads\/2022\/10\/3-3.jpg?fit=1000%2C593&ssl=1&resize=700%2C400 2x"},"classes":[]},{"id":347434,"url":"https:\/\/casadecampoliving.com\/es\/cambios-en-el-servicio-de-television-por-cable-en-casa-de-campo\/","url_meta":{"origin":348475,"position":3},"title":"Cambios en el servicio de televisi\u00f3n por cable en Casa de Campo","author":"Felix Guerrero","date":"24 May, 2015","format":false,"excerpt":"Estamos en la era digital as\u00ed que es hora de decir adi\u00f3s a la televisi\u00f3n por cable an\u00e1logo. Durante los dos \u00faltimos a\u00f1os, el avance de la tecnolog\u00eda en el pa\u00eds ha hecho posible introducir el sistema de cable digital. Y por reglamentaci\u00f3n del gobierno y las empresas prestadoras de\u2026","rel":"","context":"En \u00abCostasur Dominicana @es\u00bb","block_context":{"text":"Costasur Dominicana @es","link":"https:\/\/casadecampoliving.com\/es\/category\/costasur-dominicana-es\/"},"img":{"alt_text":"Old television","src":"https:\/\/i0.wp.com\/casadecampoliving.com\/wp-content\/uploads\/2022\/10\/Old_television-1.jpg?fit=650%2C501&ssl=1&resize=350%2C200","width":350,"height":200,"srcset":"https:\/\/i0.wp.com\/casadecampoliving.com\/wp-content\/uploads\/2022\/10\/Old_television-1.jpg?fit=650%2C501&ssl=1&resize=350%2C200 1x, https:\/\/i0.wp.com\/casadecampoliving.com\/wp-content\/uploads\/2022\/10\/Old_television-1.jpg?fit=650%2C501&ssl=1&resize=525%2C300 1.5x"},"classes":[]},{"id":342358,"url":"https:\/\/casadecampoliving.com\/es\/costasur-planea-una-segunda-puerta-principal-para-conectar-directamente-con-la-autopista-del-coral\/","url_meta":{"origin":348475,"position":4},"title":"Costasur planea \u00abuna segunda puerta principal\u00bb para conectar directamente con la Autopista del Coral","author":"Mairobi Herrera","date":"11 Jul, 2013","format":false,"excerpt":"Durante los \u00faltimos 30 a\u00f1os, el resort Casa de Campo ha crecido m\u00e1s all\u00e1 de las expectativas de todos \u2013 por lo que es una fabulosa noticia la creaci\u00f3n de una \u201csegunda puerta principal\u201d para conectarnos directamente a la nueva Autopista de Coral! Hasta donde sabemos, la nueva \u201csegunda puerta\u2026","rel":"","context":"En \u00abAltos de Chavon @es\u00bb","block_context":{"text":"Altos de Chavon @es","link":"https:\/\/casadecampoliving.com\/category\/altos-de-chavon-es\/"},"img":{"alt_text":"casa de campo main gate","src":"https:\/\/i0.wp.com\/casadecampoliving.com\/wp-content\/uploads\/2022\/10\/casa_de_campo_main_gate-1.jpg?fit=650%2C322&ssl=1&resize=350%2C200","width":350,"height":200,"srcset":"https:\/\/i0.wp.com\/casadecampoliving.com\/wp-content\/uploads\/2022\/10\/casa_de_campo_main_gate-1.jpg?fit=650%2C322&ssl=1&resize=350%2C200 1x, https:\/\/i0.wp.com\/casadecampoliving.com\/wp-content\/uploads\/2022\/10\/casa_de_campo_main_gate-1.jpg?fit=650%2C322&ssl=1&resize=525%2C300 1.5x"},"classes":[]},{"id":353596,"url":"https:\/\/casadecampoliving.com\/es\/a-bailar-costasur-dominicana-y-casa-de-campo-resort-celebraron-exclusiva-fiesta-anual-para-duenos-de-villas\/","url_meta":{"origin":348475,"position":5},"title":"\u00a1A bailar! Costasur Dominicana y Casa de Campo Resort celebraron exclusiva fiesta anual para due\u00f1os de villas","author":"Casa de Campo Living","date":"1 Nov, 2019","format":false,"excerpt":"Puede que hayamos estado un poco cansados \u200b\u200bdespu\u00e9s de un largo d\u00eda de deportes, actividades y diversi\u00f3n, pero eso no impidi\u00f3 que los due\u00f1os de Casa de Campo celebraran como nunca los hab\u00edamos visto antes en la fiesta de baile-cena Due\u00f1os 2019; \u00a1con la Banda Boba a cargo de mantener\u2026","rel":"","context":"En \u00abCasa de Campo Living @es\u00bb","block_context":{"text":"Casa de Campo Living @es","link":"https:\/\/casadecampoliving.com\/category\/casa-de-campo-living-es\/"},"img":{"alt_text":"","src":"https:\/\/i0.wp.com\/casadecampoliving.com\/wp-content\/uploads\/2022\/10\/IMG_9985.jpg?fit=1000%2C611&ssl=1&resize=350%2C200","width":350,"height":200,"srcset":"https:\/\/i0.wp.com\/casadecampoliving.com\/wp-content\/uploads\/2022\/10\/IMG_9985.jpg?fit=1000%2C611&ssl=1&resize=350%2C200 1x, https:\/\/i0.wp.com\/casadecampoliving.com\/wp-content\/uploads\/2022\/10\/IMG_9985.jpg?fit=1000%2C611&ssl=1&resize=525%2C300 1.5x, https:\/\/i0.wp.com\/casadecampoliving.com\/wp-content\/uploads\/2022\/10\/IMG_9985.jpg?fit=1000%2C611&ssl=1&resize=700%2C400 2x"},"classes":[]}],"jetpack_sharing_enabled":true,"_links":{"self":[{"href":"https:\/\/casadecampoliving.com\/es\/wp-json\/wp\/v2\/posts\/348475","targetHints":{"allow":["GET"]}}],"collection":[{"href":"https:\/\/casadecampoliving.com\/es\/wp-json\/wp\/v2\/posts"}],"about":[{"href":"https:\/\/casadecampoliving.com\/es\/wp-json\/wp\/v2\/types\/post"}],"author":[{"embeddable":true,"href":"https:\/\/casadecampoliving.com\/es\/wp-json\/wp\/v2\/users\/36672"}],"replies":[{"embeddable":true,"href":"https:\/\/casadecampoliving.com\/es\/wp-json\/wp\/v2\/comments?post=348475"}],"version-history":[{"count":1,"href":"https:\/\/casadecampoliving.com\/es\/wp-json\/wp\/v2\/posts\/348475\/revisions"}],"predecessor-version":[{"id":348478,"href":"https:\/\/casadecampoliving.com\/es\/wp-json\/wp\/v2\/posts\/348475\/revisions\/348478"}],"wp:featuredmedia":[{"embeddable":true,"href":"https:\/\/casadecampoliving.com\/es\/wp-json\/wp\/v2\/media\/297426"}],"wp:attachment":[{"href":"https:\/\/casadecampoliving.com\/es\/wp-json\/wp\/v2\/media?parent=348475"}],"wp:term":[{"taxonomy":"category","embeddable":true,"href":"https:\/\/casadecampoliving.com\/es\/wp-json\/wp\/v2\/categories?post=348475"},{"taxonomy":"post_tag","embeddable":true,"href":"https:\/\/casadecampoliving.com\/es\/wp-json\/wp\/v2\/tags?post=348475"},{"taxonomy":"newspack_spnsrs_tax","embeddable":true,"href":"https:\/\/casadecampoliving.com\/es\/wp-json\/wp\/v2\/newspack_spnsrs_tax?post=348475"}],"curies":[{"name":"wp","href":"https:\/\/api.w.org\/{rel}","templated":true}]}}