{"id":348448,"date":"2015-10-21T00:00:00","date_gmt":"2015-10-21T04:00:00","guid":{"rendered":"https:\/\/casadecampoliving.com\/transporte-dominicana-moda-hogar-del-nino\/"},"modified":"2022-10-21T19:02:23","modified_gmt":"2022-10-21T23:02:23","slug":"transporte-dominicana-moda-hogar-del-nino","status":"publish","type":"post","link":"https:\/\/casadecampoliving.com\/es\/transporte-dominicana-moda-hogar-del-nino\/","title":{"rendered":"\u00a1Transporte a Dominicana Moda ma\u00f1ana por el Hogar del Ni\u00f1o!"},"content":{"rendered":"<div class=\"wp-block-image\">\n<figure class=\"aligncenter is-resized\"><img loading=\"lazy\" decoding=\"async\" src=\"https:\/\/i0.wp.com\/casadecampoliving.com\/wp-content\/uploads\/2022\/10\/Dominicana-Moda-2015.jpg?resize=650%2C400&amp;ssl=1\" alt=\"Dominicana Moda 2015\" class=\"wp-image-114360\" height=\"400\" width=\"650\"\/><\/figure>\n<\/div>\n\n\n<p>Les&nbsp;tenemos&nbsp;buenas noticias a los amantes de la moda&nbsp;de nuestra comunidad que ten\u00edan planeado&nbsp;ir a Dominicana Moda y no sab\u00edan c\u00f3mo llegar o simplemente no quieren conducir todo el camino hasta Santo Domingo.<\/p>\n\n\n\n<!--more-->\n\n\n\n<p>\u00a1Nuestros amigos del Hogar del Ni\u00f1o nos han resuelto&nbsp;el&nbsp;problema de&nbsp;c\u00f3mo llegar hasta Santo Domingo para asistir a Dominicana Moda!&nbsp;Han&nbsp;conseguido transporte para que nos vayamos todos juntos (e incluso se har\u00e1 una parada para almorzar en&nbsp;Caf\u00e9 SBG en Blue Mall).<\/p>\n\n\n<div class=\"wp-block-image\">\n<figure class=\"aligncenter is-resized\"><img loading=\"lazy\" decoding=\"async\" src=\"https:\/\/i0.wp.com\/casadecampoliving.com\/wp-content\/uploads\/2022\/10\/Dominicana_Moda_Altos_de_Chavon_03.jpg?resize=650%2C400&amp;ssl=1\" alt=\"Dominicana Moda, Altos de Chav\u00f3n 3\" class=\"wp-image-114367\" height=\"400\" width=\"650\"\/><\/figure>\n<\/div>\n\n\n<p>Saldremos desde el parque del helipuerto de Casa de Campo a las 12:00pm \u2013 12:15pm, \u00a1y por tan s\u00f3lo RD$500 tendremos nuestro viaje de ida y vuelta rumbo hacia Dominicana Moda!<\/p>\n\n\n\n<p><a href=\"http:\/\/wp.me\/p1kvEy-tJc\">La semana pasada&nbsp;dimos la buena nueva de que los estudiantes de la Escuela de Dise\u00f1o de Altos de Chav\u00f3n estar\u00edan participando en Dominicana Moda, el&nbsp;desfile de modas por excelencia del pa\u00eds<\/a>,&nbsp;y nuestra comunidad, que aprecia el buen arte en todas sus formas, ha decidido ir a apoyar su desfile en el cual presentar\u00e1n su colecci\u00f3n titulada \u201cDeconstrucci\u00f3n\u201d,&nbsp;una propuesta inigualable elaborada por egresados de la 31\u00b0 promoci\u00f3n de Dise\u00f1o de Modas, bajo la direcci\u00f3n del dise\u00f1ador egresado Julio Marcano.<\/p>\n\n\n<div class=\"wp-block-image\">\n<figure class=\"aligncenter is-resized\"><img loading=\"lazy\" decoding=\"async\" src=\"https:\/\/i0.wp.com\/casadecampoliving.com\/wp-content\/uploads\/2022\/10\/Dominicana_Moda_Altos_de_Chavon_02.jpg?resize=650%2C400&amp;ssl=1\" alt=\"Dominicana Moda, Altos de Chav\u00f3n 2\" class=\"wp-image-114368\" height=\"400\" width=\"650\"\/><\/figure>\n<\/div>\n\n\n<p>Y no debemos olvidar que al apoyar a los estudiantes de Altos de Chav\u00f3n, tambi\u00e9n estamos apoyando la excelente causa del Hogar del Ni\u00f1o, ya que todos los fondos recaudados de la venta de las taquillas estar\u00e1n destinados a este centro de cuidado infantil en la ciudad de La Romana. Por lo que le instamos a que compre sus taquillas a trav\u00e9s del Hogar del Ni\u00f1o llamando al n\u00famero que dejaremos&nbsp;al pie del art\u00edculo.<\/p>\n\n\n\n<p>\u00a1Le recomiendo que se apure y&nbsp;asegure su lugar en el transporte ya que el cupo es limitado!<\/p>\n\n\n\n<blockquote><h3>Transporte a Dominicana Moda con el Hogar del Ni\u00f1o<\/h3><p><strong>Salida:<\/strong> Jueves, 22 de octubre, 12:00pm \u2013 12:15pm<\/p><p><strong>Punto de partida:<\/strong> Helipuerto de Casa de Campo<\/p><p><strong>Precio:<\/strong> RD$500 p\/p (+ propina para el conductor)<\/p><p><strong>Contacto:<\/strong>&nbsp;(809) 523-8901 \/ (809) 556-3181<\/p><figure><img decoding=\"async\" loading=\"lazy\" class=\"aligncenter size-full wp-image-114362\" src=\"https:\/\/i0.wp.com\/casadecampoliving.com\/wp-content\/uploads\/2022\/10\/Dominicana-Moda-2015-Bottom-flyer.jpg?resize=620%2C584&amp;ssl=1\" alt=\"Dominicana Moda 2015 Bottom flyer\" width=\"620\" height=\"584\"><\/figure><\/blockquote>\n","protected":false},"excerpt":{"rendered":"<p>Les&nbsp;tenemos&nbsp;buenas noticias a los amantes de la moda&nbsp;de nuestra comunidad que ten\u00edan planeado&nbsp;ir a Dominicana Moda y no sab\u00edan c\u00f3mo llegar o simplemente no quieren conducir todo el camino hasta Santo Domingo.<\/p>\n","protected":false},"author":34707,"featured_media":296511,"comment_status":"closed","ping_status":"closed","sticky":false,"template":"","format":"standard","meta":{"newspack_ads_suppress_ads":false,"newspack_popups_has_disabled_popups":false,"newspack_sponsor_sponsorship_scope":"","newspack_sponsor_native_byline_display":"inherit","newspack_sponsor_native_category_display":"inherit","newspack_sponsor_underwriter_style":"inherit","newspack_sponsor_underwriter_placement":"inherit","_newspack_byline_active":false,"_newspack_byline":"","newspack_hide_updated_date":false,"newspack_show_updated_date":false,"newspack_content_restriction_is_exempt":false,"newspack_featured_image_position":"","newspack_post_subtitle":"","newspack_article_summary_title":"Overview:","newspack_article_summary":"","_jetpack_memberships_contains_paid_content":false,"footnotes":"","jetpack_publicize_message":"","jetpack_publicize_feature_enabled":true,"jetpack_social_post_already_shared":false,"jetpack_social_options":{"image_generator_settings":{"template":"highway","default_image_id":0,"font":"","enabled":false},"version":2},"_wpas_customize_per_network":false},"categories":[26819,26823,26936,26951,14631,2522,2514,2516,2506,2523,14625,14627,2521,2526],"tags":[24387,2575,4183,7765,2534,14876,3229,3763],"newspack_spnsrs_tax":[],"class_list":["post-348448","post","type-post","status-publish","format-standard","has-post-thumbnail","hentry","category-altos-de-chavon-es","category-arte-y-cultura","category-casa-de-campo-living-es","category-ccl-presenta","category-estilo-de-vida","category-eventos-es","category-fundaciones-es","category-hogar-del-nino-es","category-mas-alla-de-casa-es","category-moda-es","category-noticias-locales","category-proximamente","category-republica-dominicana-2","category-titulares-es","tag-casa-de-campo-living-es","tag-comunidad-de-casa-de-campo","tag-desfile-de-modas","tag-dominicana-moda-es","tag-escuela-de-diseno-de-altos-de-chavon","tag-hogar-del-nino-es","tag-moda","tag-santo-domingo-es","entry"],"yoast_head":"<!-- This site is optimized with the Yoast SEO plugin v27.4 - https:\/\/yoast.com\/product\/yoast-seo-wordpress\/ -->\n<title>\u00a1Transporte a Dominicana Moda ma\u00f1ana por el Hogar del Ni\u00f1o! | Casa de Campo Living<\/title>\n<meta name=\"description\" content=\"Les&nbsp;tenemos&nbsp;buenas noticias a los amantes de la moda&nbsp;de nuestra comunidad que ten\u00edan planeado&nbsp;ir a Dominicana Moda y no sab\u00edan c\u00f3mo\" \/>\n<meta name=\"robots\" content=\"index, follow, max-snippet:-1, max-image-preview:large, max-video-preview:-1\" \/>\n<link rel=\"canonical\" href=\"https:\/\/casadecampoliving.com\/es\/transporte-dominicana-moda-hogar-del-nino\/\" \/>\n<meta property=\"og:locale\" content=\"es_ES\" \/>\n<meta property=\"og:type\" content=\"article\" \/>\n<meta property=\"og:title\" content=\"\u00a1Transporte a Dominicana Moda ma\u00f1ana por el Hogar del Ni\u00f1o! | Casa de Campo Living\" \/>\n<meta property=\"og:description\" content=\"Les&nbsp;tenemos&nbsp;buenas noticias a los amantes de la moda&nbsp;de nuestra comunidad que ten\u00edan planeado&nbsp;ir a Dominicana Moda y no sab\u00edan c\u00f3mo\" \/>\n<meta property=\"og:url\" content=\"https:\/\/casadecampoliving.com\/es\/transporte-dominicana-moda-hogar-del-nino\/\" \/>\n<meta property=\"og:site_name\" content=\"Casa de Campo Living\" \/>\n<meta property=\"article:publisher\" content=\"https:\/\/www.facebook.com\/casadecampoliving\" \/>\n<meta property=\"article:published_time\" content=\"2015-10-21T04:00:00+00:00\" \/>\n<meta property=\"article:modified_time\" content=\"2022-10-21T23:02:23+00:00\" \/>\n<meta property=\"og:image\" content=\"https:\/\/i0.wp.com\/casadecampoliving.com\/wp-content\/uploads\/2022\/10\/Dominicana-Moda-2015-1.jpg?fit=650%2C400&ssl=1\" \/>\n\t<meta property=\"og:image:width\" content=\"650\" \/>\n\t<meta property=\"og:image:height\" content=\"400\" \/>\n\t<meta property=\"og:image:type\" content=\"image\/jpeg\" \/>\n<meta name=\"author\" content=\"Felix Guerrero\" \/>\n<meta name=\"twitter:card\" content=\"summary_large_image\" \/>\n<meta name=\"twitter:creator\" content=\"@cdcliving\" \/>\n<meta name=\"twitter:site\" content=\"@cdcliving\" \/>\n<meta name=\"twitter:label1\" content=\"Escrito por\" \/>\n\t<meta name=\"twitter:data1\" content=\"Felix Guerrero\" \/>\n\t<meta name=\"twitter:label2\" content=\"Tiempo de lectura\" \/>\n\t<meta name=\"twitter:data2\" content=\"2 minutos\" \/>\n<script type=\"application\/ld+json\" class=\"yoast-schema-graph\">{\"@context\":\"https:\\\/\\\/schema.org\",\"@graph\":[{\"@type\":\"Article\",\"@id\":\"https:\\\/\\\/casadecampoliving.com\\\/es\\\/transporte-dominicana-moda-hogar-del-nino\\\/#article\",\"isPartOf\":{\"@id\":\"https:\\\/\\\/casadecampoliving.com\\\/es\\\/transporte-dominicana-moda-hogar-del-nino\\\/\"},\"author\":{\"name\":\"Felix Guerrero\",\"@id\":\"https:\\\/\\\/casadecampoliving.com\\\/es\\\/#\\\/schema\\\/person\\\/0d45cfc6e376a2f15ac9a92421bd4451\"},\"headline\":\"\u00a1Transporte a Dominicana Moda ma\u00f1ana por el Hogar del Ni\u00f1o!\",\"datePublished\":\"2015-10-21T04:00:00+00:00\",\"dateModified\":\"2022-10-21T23:02:23+00:00\",\"mainEntityOfPage\":{\"@id\":\"https:\\\/\\\/casadecampoliving.com\\\/es\\\/transporte-dominicana-moda-hogar-del-nino\\\/\"},\"wordCount\":374,\"publisher\":{\"@id\":\"https:\\\/\\\/casadecampoliving.com\\\/es\\\/#organization\"},\"image\":{\"@id\":\"https:\\\/\\\/casadecampoliving.com\\\/es\\\/transporte-dominicana-moda-hogar-del-nino\\\/#primaryimage\"},\"thumbnailUrl\":\"https:\\\/\\\/i0.wp.com\\\/casadecampoliving.com\\\/wp-content\\\/uploads\\\/2022\\\/10\\\/Dominicana-Moda-2015-1.jpg?fit=650%2C400&ssl=1\",\"keywords\":[\"Casa de Campo Living\",\"comunidad de casa de campo\",\"desfile de modas\",\"dominicana moda @es\",\"Escuela de Dise\u00f1o de Altos de Chav\u00f3n\",\"hogar del nino\",\"moda\",\"santo domingo @es\"],\"articleSection\":[\"Altos de Chavon @es\",\"Arte y cultura\",\"Casa de Campo Living @es\",\"CCL presenta\",\"Estilo de Vida\",\"Eventos\",\"Fundaciones\",\"Hogar del Ni\u00f1o @es\",\"M\u00e1s all\u00e1 de Casa\",\"Moda\",\"Noticias Locales\",\"Proximamente\",\"Rep\u00fablica Dominicana @es\",\"Titulares\"],\"inLanguage\":\"es\"},{\"@type\":\"WebPage\",\"@id\":\"https:\\\/\\\/casadecampoliving.com\\\/es\\\/transporte-dominicana-moda-hogar-del-nino\\\/\",\"url\":\"https:\\\/\\\/casadecampoliving.com\\\/es\\\/transporte-dominicana-moda-hogar-del-nino\\\/\",\"name\":\"\u00a1Transporte a Dominicana Moda ma\u00f1ana por el Hogar del Ni\u00f1o! | Casa de Campo Living\",\"isPartOf\":{\"@id\":\"https:\\\/\\\/casadecampoliving.com\\\/es\\\/#website\"},\"primaryImageOfPage\":{\"@id\":\"https:\\\/\\\/casadecampoliving.com\\\/es\\\/transporte-dominicana-moda-hogar-del-nino\\\/#primaryimage\"},\"image\":{\"@id\":\"https:\\\/\\\/casadecampoliving.com\\\/es\\\/transporte-dominicana-moda-hogar-del-nino\\\/#primaryimage\"},\"thumbnailUrl\":\"https:\\\/\\\/i0.wp.com\\\/casadecampoliving.com\\\/wp-content\\\/uploads\\\/2022\\\/10\\\/Dominicana-Moda-2015-1.jpg?fit=650%2C400&ssl=1\",\"datePublished\":\"2015-10-21T04:00:00+00:00\",\"dateModified\":\"2022-10-21T23:02:23+00:00\",\"description\":\"Les&nbsp;tenemos&nbsp;buenas noticias a los amantes de la moda&nbsp;de nuestra comunidad que ten\u00edan planeado&nbsp;ir a Dominicana Moda y no sab\u00edan c\u00f3mo\",\"breadcrumb\":{\"@id\":\"https:\\\/\\\/casadecampoliving.com\\\/es\\\/transporte-dominicana-moda-hogar-del-nino\\\/#breadcrumb\"},\"inLanguage\":\"es\",\"potentialAction\":[{\"@type\":\"ReadAction\",\"target\":[\"https:\\\/\\\/casadecampoliving.com\\\/es\\\/transporte-dominicana-moda-hogar-del-nino\\\/\"]}]},{\"@type\":\"ImageObject\",\"inLanguage\":\"es\",\"@id\":\"https:\\\/\\\/casadecampoliving.com\\\/es\\\/transporte-dominicana-moda-hogar-del-nino\\\/#primaryimage\",\"url\":\"https:\\\/\\\/i0.wp.com\\\/casadecampoliving.com\\\/wp-content\\\/uploads\\\/2022\\\/10\\\/Dominicana-Moda-2015-1.jpg?fit=650%2C400&ssl=1\",\"contentUrl\":\"https:\\\/\\\/i0.wp.com\\\/casadecampoliving.com\\\/wp-content\\\/uploads\\\/2022\\\/10\\\/Dominicana-Moda-2015-1.jpg?fit=650%2C400&ssl=1\",\"width\":650,\"height\":400,\"caption\":\"Dominicana Moda 2015\"},{\"@type\":\"BreadcrumbList\",\"@id\":\"https:\\\/\\\/casadecampoliving.com\\\/es\\\/transporte-dominicana-moda-hogar-del-nino\\\/#breadcrumb\",\"itemListElement\":[{\"@type\":\"ListItem\",\"position\":1,\"name\":\"Home\",\"item\":\"https:\\\/\\\/casadecampoliving.com\\\/es\\\/\"},{\"@type\":\"ListItem\",\"position\":2,\"name\":\"\u00a1Transporte a Dominicana Moda ma\u00f1ana por el Hogar del Ni\u00f1o!\"}]},{\"@type\":\"WebSite\",\"@id\":\"https:\\\/\\\/casadecampoliving.com\\\/es\\\/#website\",\"url\":\"https:\\\/\\\/casadecampoliving.com\\\/es\\\/\",\"name\":\"Casa de Campo Living\",\"description\":\"Resort community news and resources.\",\"publisher\":{\"@id\":\"https:\\\/\\\/casadecampoliving.com\\\/es\\\/#organization\"},\"potentialAction\":[{\"@type\":\"SearchAction\",\"target\":{\"@type\":\"EntryPoint\",\"urlTemplate\":\"https:\\\/\\\/casadecampoliving.com\\\/es\\\/?s={search_term_string}\"},\"query-input\":{\"@type\":\"PropertyValueSpecification\",\"valueRequired\":true,\"valueName\":\"search_term_string\"}}],\"inLanguage\":\"es\"},{\"@type\":\"Organization\",\"@id\":\"https:\\\/\\\/casadecampoliving.com\\\/es\\\/#organization\",\"name\":\"Casa de Campo Living\",\"url\":\"https:\\\/\\\/casadecampoliving.com\\\/es\\\/\",\"logo\":{\"@type\":\"ImageObject\",\"inLanguage\":\"es\",\"@id\":\"https:\\\/\\\/casadecampoliving.com\\\/es\\\/#\\\/schema\\\/logo\\\/image\\\/\",\"url\":\"https:\\\/\\\/i0.wp.com\\\/casadecampoliving.com\\\/wp-content\\\/uploads\\\/2022\\\/07\\\/CDCLivingLogo_V1-white-sized.png?fit=800%2C214&ssl=1\",\"contentUrl\":\"https:\\\/\\\/i0.wp.com\\\/casadecampoliving.com\\\/wp-content\\\/uploads\\\/2022\\\/07\\\/CDCLivingLogo_V1-white-sized.png?fit=800%2C214&ssl=1\",\"width\":800,\"height\":214,\"caption\":\"Casa de Campo Living\"},\"image\":{\"@id\":\"https:\\\/\\\/casadecampoliving.com\\\/es\\\/#\\\/schema\\\/logo\\\/image\\\/\"},\"sameAs\":[\"https:\\\/\\\/www.facebook.com\\\/casadecampoliving\",\"https:\\\/\\\/x.com\\\/cdcliving\"]},{\"@type\":\"Person\",\"@id\":\"https:\\\/\\\/casadecampoliving.com\\\/es\\\/#\\\/schema\\\/person\\\/0d45cfc6e376a2f15ac9a92421bd4451\",\"name\":\"Felix Guerrero\",\"image\":{\"@type\":\"ImageObject\",\"inLanguage\":\"es\",\"@id\":\"https:\\\/\\\/secure.gravatar.com\\\/avatar\\\/14a8050b9491854cab6ae2240dcb42ad0fad787b7fa453ad0991fd1262157df3?s=96&d=mm&r=g\",\"url\":\"https:\\\/\\\/secure.gravatar.com\\\/avatar\\\/14a8050b9491854cab6ae2240dcb42ad0fad787b7fa453ad0991fd1262157df3?s=96&d=mm&r=g\",\"contentUrl\":\"https:\\\/\\\/secure.gravatar.com\\\/avatar\\\/14a8050b9491854cab6ae2240dcb42ad0fad787b7fa453ad0991fd1262157df3?s=96&d=mm&r=g\",\"caption\":\"Felix Guerrero\"},\"url\":\"https:\\\/\\\/casadecampoliving.com\\\/es\\\/author\\\/fguerrero\\\/\"}]}<\/script>\n<!-- \/ Yoast SEO plugin. -->","yoast_head_json":{"title":"\u00a1Transporte a Dominicana Moda ma\u00f1ana por el Hogar del Ni\u00f1o! | Casa de Campo Living","description":"Les&nbsp;tenemos&nbsp;buenas noticias a los amantes de la moda&nbsp;de nuestra comunidad que ten\u00edan planeado&nbsp;ir a Dominicana Moda y no sab\u00edan c\u00f3mo","robots":{"index":"index","follow":"follow","max-snippet":"max-snippet:-1","max-image-preview":"max-image-preview:large","max-video-preview":"max-video-preview:-1"},"canonical":"https:\/\/casadecampoliving.com\/es\/transporte-dominicana-moda-hogar-del-nino\/","og_locale":"es_ES","og_type":"article","og_title":"\u00a1Transporte a Dominicana Moda ma\u00f1ana por el Hogar del Ni\u00f1o! | Casa de Campo Living","og_description":"Les&nbsp;tenemos&nbsp;buenas noticias a los amantes de la moda&nbsp;de nuestra comunidad que ten\u00edan planeado&nbsp;ir a Dominicana Moda y no sab\u00edan c\u00f3mo","og_url":"https:\/\/casadecampoliving.com\/es\/transporte-dominicana-moda-hogar-del-nino\/","og_site_name":"Casa de Campo Living","article_publisher":"https:\/\/www.facebook.com\/casadecampoliving","article_published_time":"2015-10-21T04:00:00+00:00","article_modified_time":"2022-10-21T23:02:23+00:00","og_image":[{"width":650,"height":400,"url":"https:\/\/i0.wp.com\/casadecampoliving.com\/wp-content\/uploads\/2022\/10\/Dominicana-Moda-2015-1.jpg?fit=650%2C400&ssl=1","type":"image\/jpeg"}],"author":"Felix Guerrero","twitter_card":"summary_large_image","twitter_creator":"@cdcliving","twitter_site":"@cdcliving","twitter_misc":{"Escrito por":"Felix Guerrero","Tiempo de lectura":"2 minutos"},"schema":{"@context":"https:\/\/schema.org","@graph":[{"@type":"Article","@id":"https:\/\/casadecampoliving.com\/es\/transporte-dominicana-moda-hogar-del-nino\/#article","isPartOf":{"@id":"https:\/\/casadecampoliving.com\/es\/transporte-dominicana-moda-hogar-del-nino\/"},"author":{"name":"Felix Guerrero","@id":"https:\/\/casadecampoliving.com\/es\/#\/schema\/person\/0d45cfc6e376a2f15ac9a92421bd4451"},"headline":"\u00a1Transporte a Dominicana Moda ma\u00f1ana por el Hogar del Ni\u00f1o!","datePublished":"2015-10-21T04:00:00+00:00","dateModified":"2022-10-21T23:02:23+00:00","mainEntityOfPage":{"@id":"https:\/\/casadecampoliving.com\/es\/transporte-dominicana-moda-hogar-del-nino\/"},"wordCount":374,"publisher":{"@id":"https:\/\/casadecampoliving.com\/es\/#organization"},"image":{"@id":"https:\/\/casadecampoliving.com\/es\/transporte-dominicana-moda-hogar-del-nino\/#primaryimage"},"thumbnailUrl":"https:\/\/i0.wp.com\/casadecampoliving.com\/wp-content\/uploads\/2022\/10\/Dominicana-Moda-2015-1.jpg?fit=650%2C400&ssl=1","keywords":["Casa de Campo Living","comunidad de casa de campo","desfile de modas","dominicana moda @es","Escuela de Dise\u00f1o de Altos de Chav\u00f3n","hogar del nino","moda","santo domingo @es"],"articleSection":["Altos de Chavon @es","Arte y cultura","Casa de Campo Living @es","CCL presenta","Estilo de Vida","Eventos","Fundaciones","Hogar del Ni\u00f1o @es","M\u00e1s all\u00e1 de Casa","Moda","Noticias Locales","Proximamente","Rep\u00fablica Dominicana @es","Titulares"],"inLanguage":"es"},{"@type":"WebPage","@id":"https:\/\/casadecampoliving.com\/es\/transporte-dominicana-moda-hogar-del-nino\/","url":"https:\/\/casadecampoliving.com\/es\/transporte-dominicana-moda-hogar-del-nino\/","name":"\u00a1Transporte a Dominicana Moda ma\u00f1ana por el Hogar del Ni\u00f1o! | Casa de Campo Living","isPartOf":{"@id":"https:\/\/casadecampoliving.com\/es\/#website"},"primaryImageOfPage":{"@id":"https:\/\/casadecampoliving.com\/es\/transporte-dominicana-moda-hogar-del-nino\/#primaryimage"},"image":{"@id":"https:\/\/casadecampoliving.com\/es\/transporte-dominicana-moda-hogar-del-nino\/#primaryimage"},"thumbnailUrl":"https:\/\/i0.wp.com\/casadecampoliving.com\/wp-content\/uploads\/2022\/10\/Dominicana-Moda-2015-1.jpg?fit=650%2C400&ssl=1","datePublished":"2015-10-21T04:00:00+00:00","dateModified":"2022-10-21T23:02:23+00:00","description":"Les&nbsp;tenemos&nbsp;buenas noticias a los amantes de la moda&nbsp;de nuestra comunidad que ten\u00edan planeado&nbsp;ir a Dominicana Moda y no sab\u00edan c\u00f3mo","breadcrumb":{"@id":"https:\/\/casadecampoliving.com\/es\/transporte-dominicana-moda-hogar-del-nino\/#breadcrumb"},"inLanguage":"es","potentialAction":[{"@type":"ReadAction","target":["https:\/\/casadecampoliving.com\/es\/transporte-dominicana-moda-hogar-del-nino\/"]}]},{"@type":"ImageObject","inLanguage":"es","@id":"https:\/\/casadecampoliving.com\/es\/transporte-dominicana-moda-hogar-del-nino\/#primaryimage","url":"https:\/\/i0.wp.com\/casadecampoliving.com\/wp-content\/uploads\/2022\/10\/Dominicana-Moda-2015-1.jpg?fit=650%2C400&ssl=1","contentUrl":"https:\/\/i0.wp.com\/casadecampoliving.com\/wp-content\/uploads\/2022\/10\/Dominicana-Moda-2015-1.jpg?fit=650%2C400&ssl=1","width":650,"height":400,"caption":"Dominicana Moda 2015"},{"@type":"BreadcrumbList","@id":"https:\/\/casadecampoliving.com\/es\/transporte-dominicana-moda-hogar-del-nino\/#breadcrumb","itemListElement":[{"@type":"ListItem","position":1,"name":"Home","item":"https:\/\/casadecampoliving.com\/es\/"},{"@type":"ListItem","position":2,"name":"\u00a1Transporte a Dominicana Moda ma\u00f1ana por el Hogar del Ni\u00f1o!"}]},{"@type":"WebSite","@id":"https:\/\/casadecampoliving.com\/es\/#website","url":"https:\/\/casadecampoliving.com\/es\/","name":"Casa de Campo Living","description":"Resort community news and resources.","publisher":{"@id":"https:\/\/casadecampoliving.com\/es\/#organization"},"potentialAction":[{"@type":"SearchAction","target":{"@type":"EntryPoint","urlTemplate":"https:\/\/casadecampoliving.com\/es\/?s={search_term_string}"},"query-input":{"@type":"PropertyValueSpecification","valueRequired":true,"valueName":"search_term_string"}}],"inLanguage":"es"},{"@type":"Organization","@id":"https:\/\/casadecampoliving.com\/es\/#organization","name":"Casa de Campo Living","url":"https:\/\/casadecampoliving.com\/es\/","logo":{"@type":"ImageObject","inLanguage":"es","@id":"https:\/\/casadecampoliving.com\/es\/#\/schema\/logo\/image\/","url":"https:\/\/i0.wp.com\/casadecampoliving.com\/wp-content\/uploads\/2022\/07\/CDCLivingLogo_V1-white-sized.png?fit=800%2C214&ssl=1","contentUrl":"https:\/\/i0.wp.com\/casadecampoliving.com\/wp-content\/uploads\/2022\/07\/CDCLivingLogo_V1-white-sized.png?fit=800%2C214&ssl=1","width":800,"height":214,"caption":"Casa de Campo Living"},"image":{"@id":"https:\/\/casadecampoliving.com\/es\/#\/schema\/logo\/image\/"},"sameAs":["https:\/\/www.facebook.com\/casadecampoliving","https:\/\/x.com\/cdcliving"]},{"@type":"Person","@id":"https:\/\/casadecampoliving.com\/es\/#\/schema\/person\/0d45cfc6e376a2f15ac9a92421bd4451","name":"Felix Guerrero","image":{"@type":"ImageObject","inLanguage":"es","@id":"https:\/\/secure.gravatar.com\/avatar\/14a8050b9491854cab6ae2240dcb42ad0fad787b7fa453ad0991fd1262157df3?s=96&d=mm&r=g","url":"https:\/\/secure.gravatar.com\/avatar\/14a8050b9491854cab6ae2240dcb42ad0fad787b7fa453ad0991fd1262157df3?s=96&d=mm&r=g","contentUrl":"https:\/\/secure.gravatar.com\/avatar\/14a8050b9491854cab6ae2240dcb42ad0fad787b7fa453ad0991fd1262157df3?s=96&d=mm&r=g","caption":"Felix Guerrero"},"url":"https:\/\/casadecampoliving.com\/es\/author\/fguerrero\/"}]}},"parsely":{"version":"1.1.0","canonical_url":"https:\/\/casadecampoliving.com\/es\/transporte-dominicana-moda-hogar-del-nino\/","smart_links":{"inbound":0,"outbound":0},"traffic_boost_suggestions_count":0,"meta":{"@context":"https:\/\/schema.org","@type":"NewsArticle","headline":"\u00a1Transporte a Dominicana Moda ma\u00f1ana por el Hogar del Ni\u00f1o!","url":"http:\/\/casadecampoliving.com\/es\/transporte-dominicana-moda-hogar-del-nino\/","mainEntityOfPage":{"@type":"WebPage","@id":"http:\/\/casadecampoliving.com\/es\/transporte-dominicana-moda-hogar-del-nino\/"},"thumbnailUrl":"https:\/\/i0.wp.com\/casadecampoliving.com\/wp-content\/uploads\/2022\/10\/Dominicana-Moda-2015-1.jpg?resize=150%2C150&ssl=1","image":{"@type":"ImageObject","url":"https:\/\/i0.wp.com\/casadecampoliving.com\/wp-content\/uploads\/2022\/10\/Dominicana-Moda-2015-1.jpg?fit=650%2C400&ssl=1"},"articleSection":"Altos de Chavon @es","author":[{"@type":"Person","name":"Felix Guerrero"}],"creator":["Felix Guerrero"],"publisher":{"@type":"Organization","name":"Casa de Campo Living","logo":"https:\/\/casadecampoliving.com\/wp-content\/uploads\/2022\/07\/CDCLivingLogo_V1-white-sized.png"},"keywords":["casa de campo living","comunidad de casa de campo","desfile de modas","dominicana moda @es","escuela de dise\u00f1o de altos de chav\u00f3n","hogar del nino","moda","santo domingo @es"],"dateCreated":"2015-10-21T04:00:00Z","datePublished":"2015-10-21T04:00:00Z","dateModified":"2022-10-21T23:02:23Z"},"rendered":"<script type=\"application\/ld+json\" class=\"wp-parsely-metadata\">{\"@context\":\"https:\\\/\\\/schema.org\",\"@type\":\"NewsArticle\",\"headline\":\"\\u00a1Transporte a Dominicana Moda ma\\u00f1ana por el Hogar del Ni\\u00f1o!\",\"url\":\"http:\\\/\\\/casadecampoliving.com\\\/es\\\/transporte-dominicana-moda-hogar-del-nino\\\/\",\"mainEntityOfPage\":{\"@type\":\"WebPage\",\"@id\":\"http:\\\/\\\/casadecampoliving.com\\\/es\\\/transporte-dominicana-moda-hogar-del-nino\\\/\"},\"thumbnailUrl\":\"https:\\\/\\\/i0.wp.com\\\/casadecampoliving.com\\\/wp-content\\\/uploads\\\/2022\\\/10\\\/Dominicana-Moda-2015-1.jpg?resize=150%2C150&ssl=1\",\"image\":{\"@type\":\"ImageObject\",\"url\":\"https:\\\/\\\/i0.wp.com\\\/casadecampoliving.com\\\/wp-content\\\/uploads\\\/2022\\\/10\\\/Dominicana-Moda-2015-1.jpg?fit=650%2C400&ssl=1\"},\"articleSection\":\"Altos de Chavon @es\",\"author\":[{\"@type\":\"Person\",\"name\":\"Felix Guerrero\"}],\"creator\":[\"Felix Guerrero\"],\"publisher\":{\"@type\":\"Organization\",\"name\":\"Casa de Campo Living\",\"logo\":\"https:\\\/\\\/casadecampoliving.com\\\/wp-content\\\/uploads\\\/2022\\\/07\\\/CDCLivingLogo_V1-white-sized.png\"},\"keywords\":[\"casa de campo living\",\"comunidad de casa de campo\",\"desfile de modas\",\"dominicana moda @es\",\"escuela de dise\\u00f1o de altos de chav\\u00f3n\",\"hogar del nino\",\"moda\",\"santo domingo @es\"],\"dateCreated\":\"2015-10-21T04:00:00Z\",\"datePublished\":\"2015-10-21T04:00:00Z\",\"dateModified\":\"2022-10-21T23:02:23Z\"}<\/script>","tracker_url":"https:\/\/cdn.parsely.com\/keys\/casadecampoliving.com\/p.js"},"jetpack_publicize_connections":[],"jetpack_featured_media_url":"https:\/\/i0.wp.com\/casadecampoliving.com\/wp-content\/uploads\/2022\/10\/Dominicana-Moda-2015-1.jpg?fit=650%2C400&ssl=1","jetpack-related-posts":[{"id":337164,"url":"https:\/\/casadecampoliving.com\/es\/egresados-de-chavon-presentan-desfile-en-dominicana-moda-a-beneficio-del-hogar-del-nino-2\/","url_meta":{"origin":348448,"position":0},"title":"Egresados de Chav\u00f3n presentan desfile en Dominicana Moda a beneficio del Hogar del Ni\u00f1o","author":"","date":"6 Oct, 2011","format":false,"excerpt":"\u00a0Los egresados de la Escuela de Altos de Chav\u00f3n presentar\u00e1n el desfile de moda \u201cLa Ruta de la Seda\u201d en Dominicana Moda 2011 en Santo Domingo a beneficio del Hogar del Ni\u00f1o\u00a0el 22 de octubre. Las detalles del evento son: \u201cLa Ruta de la Seda\u201d Desfile de Modas de los\u2026","rel":"","context":"En \u00abAltos de Chavon @es\u00bb","block_context":{"text":"Altos de Chavon @es","link":"https:\/\/casadecampoliving.com\/category\/altos-de-chavon-es\/"},"img":{"alt_text":"","src":"https:\/\/i0.wp.com\/casadecampoliving.com\/wp-content\/uploads\/2022\/10\/dominicana_moda_altos_de_chavon-1.jpg?fit=565%2C263&ssl=1&resize=350%2C200","width":350,"height":200,"srcset":"https:\/\/i0.wp.com\/casadecampoliving.com\/wp-content\/uploads\/2022\/10\/dominicana_moda_altos_de_chavon-1.jpg?fit=565%2C263&ssl=1&resize=350%2C200 1x, https:\/\/i0.wp.com\/casadecampoliving.com\/wp-content\/uploads\/2022\/10\/dominicana_moda_altos_de_chavon-1.jpg?fit=565%2C263&ssl=1&resize=525%2C300 1.5x"},"classes":[]},{"id":337529,"url":"https:\/\/casadecampoliving.com\/es\/un-dia-de-moda-y-glamour-viaje-a-dominicana-moda-y-brindis-de-champan-con-louis-vuitton-2\/","url_meta":{"origin":348448,"position":1},"title":"Un D\u00eda de Moda y Glamour: Viaje a Dominicana Moda y Brindis de Champ\u00e1n con Louis Vuitton","author":"Rebecca Silvestri","date":"17 Oct, 2011","format":false,"excerpt":"Este s\u00e1bado 22 de Octubre, el Hogar del Ni\u00f1o les invita a un d\u00eda de \u201cModa y Glamour\u201d \u2013 un viaje a Santo Domingo para disfrutar el desfile de los egresados de la escuela de dise\u00f1o y arte de Altos de Chav\u00f3n \u201cLa Ruta de la Seda\u201d y un brindis\u2026","rel":"","context":"En \u00abArte y cultura\u00bb","block_context":{"text":"Arte y cultura","link":"https:\/\/casadecampoliving.com\/category\/arte-y-cultura\/"},"img":{"alt_text":"","src":"https:\/\/i0.wp.com\/casadecampoliving.com\/wp-content\/uploads\/2010\/10\/hogar_del_ni%C3%B1o_dominicana_moda3.jpg?resize=350%2C200&ssl=1","width":350,"height":200,"srcset":"https:\/\/i0.wp.com\/casadecampoliving.com\/wp-content\/uploads\/2010\/10\/hogar_del_ni%C3%B1o_dominicana_moda3.jpg?resize=350%2C200&ssl=1 1x, https:\/\/i0.wp.com\/casadecampoliving.com\/wp-content\/uploads\/2010\/10\/hogar_del_ni%C3%B1o_dominicana_moda3.jpg?resize=525%2C300&ssl=1 1.5x"},"classes":[]},{"id":326592,"url":"https:\/\/casadecampoliving.com\/transport-dominicana-moda-tomorrow-hogar-del-nino\/","url_meta":{"origin":348448,"position":2},"title":"Transport to Dominicana Moda tomorrow by the Hogar del Ni\u00f1o!","author":"Felix Guerrero","date":"21 Oct, 2015","format":false,"excerpt":"We have good news for fashion lovers from\u00a0our community who had planned to go to Dominicana Moda and didn\u2019t know how to get there or didn\u2019t\u00a0want to drive all the way to Santo Domingo. Our friends from\u00a0the Hogar del Ni\u00f1o have solved us\u00a0the problem of how to get to Santo\u2026","rel":"","context":"En \u00abAltos de Chavon\u00bb","block_context":{"text":"Altos de Chavon","link":"https:\/\/casadecampoliving.com\/category\/altos-de-chavon\/"},"img":{"alt_text":"Dominicana Moda 2015","src":"https:\/\/i0.wp.com\/casadecampoliving.com\/wp-content\/uploads\/2022\/10\/Dominicana-Moda-2015-1.jpg?fit=650%2C400&ssl=1&resize=350%2C200","width":350,"height":200,"srcset":"https:\/\/i0.wp.com\/casadecampoliving.com\/wp-content\/uploads\/2022\/10\/Dominicana-Moda-2015-1.jpg?fit=650%2C400&ssl=1&resize=350%2C200 1x, https:\/\/i0.wp.com\/casadecampoliving.com\/wp-content\/uploads\/2022\/10\/Dominicana-Moda-2015-1.jpg?fit=650%2C400&ssl=1&resize=525%2C300 1.5x"},"classes":[]},{"id":320541,"url":"https:\/\/casadecampoliving.com\/altos-de-chavon-school-presents-the-silk-road-at-dominicana-moda-in-aid-of-the-hogar-del-nino\/","url_meta":{"origin":348448,"position":3},"title":"Altos de Chav\u00f3n School presents \u00abThe Silk Road\u00bb at Dominicana Moda &#8211; in aid of the Hogar del Ni\u00f1o!","author":"Rebecca Silvestri","date":"6 Oct, 2011","format":false,"excerpt":"The Altos de Chav\u00f3n School of Art and Design will later this month be taking part in the annual fashion celebration \u2018Dominicana Moda\u2019 in Santo Domingo, with their end of year fashion show \u201cLa Ruta de la Seda\u201d (the silk road) and money raised with the ticket sales will benefit\u2026","rel":"","context":"En \u00abAltos de Chavon\u00bb","block_context":{"text":"Altos de Chavon","link":"https:\/\/casadecampoliving.com\/category\/altos-de-chavon\/"},"img":{"alt_text":"dominicana moda altos de chavon","src":"https:\/\/i0.wp.com\/casadecampoliving.com\/wp-content\/uploads\/2022\/10\/dominicana_moda_altos_de_chavon-1.jpg?fit=565%2C263&ssl=1&resize=350%2C200","width":350,"height":200,"srcset":"https:\/\/i0.wp.com\/casadecampoliving.com\/wp-content\/uploads\/2022\/10\/dominicana_moda_altos_de_chavon-1.jpg?fit=565%2C263&ssl=1&resize=350%2C200 1x, https:\/\/i0.wp.com\/casadecampoliving.com\/wp-content\/uploads\/2022\/10\/dominicana_moda_altos_de_chavon-1.jpg?fit=565%2C263&ssl=1&resize=525%2C300 1.5x"},"classes":[]},{"id":337158,"url":"https:\/\/casadecampoliving.com\/es\/excelente-debut-de-la-escuela-de-diseno-de-altos-de-chavon-en-dominicana-moda-2\/","url_meta":{"origin":348448,"position":4},"title":"\u00a1Excelente debut de la Escuela de Dise\u00f1o de Altos de Chav\u00f3n en Dominicana Moda!","author":"Rebecca Silvestri","date":"25 Oct, 2011","format":false,"excerpt":"La moda y el esp\u00edritu de creativo e innovador despierta en la Escuela de Arte y Dise\u00f1o de Altos de Chav\u00f3n, que por primera vez, la noche del s\u00e1bado 22 de octubre, jug\u00f3 un papel preponderante en las pasarelas del evento de moda m\u00e1s destacado del pa\u00eds, Dominicana Moda 2011.\u2026","rel":"","context":"En \u00abAltos de Chavon @es\u00bb","block_context":{"text":"Altos de Chavon @es","link":"https:\/\/casadecampoliving.com\/category\/altos-de-chavon-es\/"},"img":{"alt_text":"altos de chavon","src":"https:\/\/i0.wp.com\/casadecampoliving.com\/wp-content\/uploads\/2022\/10\/altos_de_chavon_dominicana_moda-1.jpg?fit=565%2C318&ssl=1&resize=350%2C200","width":350,"height":200,"srcset":"https:\/\/i0.wp.com\/casadecampoliving.com\/wp-content\/uploads\/2022\/10\/altos_de_chavon_dominicana_moda-1.jpg?fit=565%2C318&ssl=1&resize=350%2C200 1x, https:\/\/i0.wp.com\/casadecampoliving.com\/wp-content\/uploads\/2022\/10\/altos_de_chavon_dominicana_moda-1.jpg?fit=565%2C318&ssl=1&resize=525%2C300 1.5x"},"classes":[]},{"id":320589,"url":"https:\/\/casadecampoliving.com\/a-day-of-fashion-and-glamour-trip-to-dominicana-moda-and-champagne-cocktail-with-louis-vuitton\/","url_meta":{"origin":348448,"position":5},"title":"A Day of Fashion and Glamour: Trip to Dominicana Moda and Champagne Cocktail with Louis Vuitton","author":"Rebecca Silvestri","date":"17 Oct, 2011","format":false,"excerpt":"This Saturday the 22nd of October, the Hogar del Ni\u00f1o invites you on a \u201cfashionable and glamourous\u201d day out to Santo Domingo \u2013 to see the Altos de Chav\u00f3n graduating students fashion show \u201cThe Silk Road\u201d at Dominican Moda, followed by a champagne cocktail at the Louis Vuitton store in\u2026","rel":"","context":"En \u00abArt and Culture\u00bb","block_context":{"text":"Art and Culture","link":"https:\/\/casadecampoliving.com\/category\/art-and-culture\/"},"img":{"alt_text":"","src":"https:\/\/i0.wp.com\/casadecampoliving.com\/wp-content\/uploads\/2010\/10\/hogar_del_ni%C3%B1o_dominicana_moda3.jpg?resize=350%2C200&ssl=1","width":350,"height":200,"srcset":"https:\/\/i0.wp.com\/casadecampoliving.com\/wp-content\/uploads\/2010\/10\/hogar_del_ni%C3%B1o_dominicana_moda3.jpg?resize=350%2C200&ssl=1 1x, https:\/\/i0.wp.com\/casadecampoliving.com\/wp-content\/uploads\/2010\/10\/hogar_del_ni%C3%B1o_dominicana_moda3.jpg?resize=525%2C300&ssl=1 1.5x"},"classes":[]}],"jetpack_sharing_enabled":true,"_links":{"self":[{"href":"https:\/\/casadecampoliving.com\/es\/wp-json\/wp\/v2\/posts\/348448","targetHints":{"allow":["GET"]}}],"collection":[{"href":"https:\/\/casadecampoliving.com\/es\/wp-json\/wp\/v2\/posts"}],"about":[{"href":"https:\/\/casadecampoliving.com\/es\/wp-json\/wp\/v2\/types\/post"}],"author":[{"embeddable":true,"href":"https:\/\/casadecampoliving.com\/es\/wp-json\/wp\/v2\/users\/34707"}],"replies":[{"embeddable":true,"href":"https:\/\/casadecampoliving.com\/es\/wp-json\/wp\/v2\/comments?post=348448"}],"version-history":[{"count":1,"href":"https:\/\/casadecampoliving.com\/es\/wp-json\/wp\/v2\/posts\/348448\/revisions"}],"predecessor-version":[{"id":348449,"href":"https:\/\/casadecampoliving.com\/es\/wp-json\/wp\/v2\/posts\/348448\/revisions\/348449"}],"wp:featuredmedia":[{"embeddable":true,"href":"https:\/\/casadecampoliving.com\/es\/wp-json\/wp\/v2\/media\/296511"}],"wp:attachment":[{"href":"https:\/\/casadecampoliving.com\/es\/wp-json\/wp\/v2\/media?parent=348448"}],"wp:term":[{"taxonomy":"category","embeddable":true,"href":"https:\/\/casadecampoliving.com\/es\/wp-json\/wp\/v2\/categories?post=348448"},{"taxonomy":"post_tag","embeddable":true,"href":"https:\/\/casadecampoliving.com\/es\/wp-json\/wp\/v2\/tags?post=348448"},{"taxonomy":"newspack_spnsrs_tax","embeddable":true,"href":"https:\/\/casadecampoliving.com\/es\/wp-json\/wp\/v2\/newspack_spnsrs_tax?post=348448"}],"curies":[{"name":"wp","href":"https:\/\/api.w.org\/{rel}","templated":true}]}}