{"id":348420,"date":"2015-10-15T00:00:00","date_gmt":"2015-10-15T04:00:00","guid":{"rendered":"https:\/\/casadecampoliving.com\/vida-el-polo-casa-de-campo\/"},"modified":"2022-10-21T19:01:16","modified_gmt":"2022-10-21T23:01:16","slug":"vida-el-polo-casa-de-campo","status":"publish","type":"post","link":"https:\/\/casadecampoliving.com\/es\/vida-el-polo-casa-de-campo\/","title":{"rendered":"La vida en El Polo en Casa de Campo"},"content":{"rendered":"<div class=\"wp-block-image\">\n<figure class=\"aligncenter is-resized\"><a href=\"https:\/\/i0.wp.com\/casadecampoliving.com\/wp-content\/uploads\/2022\/10\/El-Polo-Skyview.jpg?ssl=1\"><img loading=\"lazy\" decoding=\"async\" src=\"https:\/\/i0.wp.com\/casadecampoliving.com\/wp-content\/uploads\/2022\/10\/El-Polo-Skyview.jpg?resize=650%2C400&amp;ssl=1\" alt=\"El Polo Skyview\" class=\"wp-image-114264\" height=\"400\" width=\"650\"\/><\/a><\/figure>\n<\/div>\n\n\n<p>Ubicado en el extremo oeste de Casa de Campo, se encuentra&nbsp;el c\u00e1lido y tranquilo&nbsp;barrio de El Polo. Es un lugar muy especial, en espera de ser totalmente descubierto y disfrutado. Cuenta con&nbsp;44 lotes&nbsp;para hogares&nbsp;y todos tienen diferentes puntos de vista de las canchas de polo.<\/p>\n\n\n\n<!--more-->\n\n\n\n<p>Este es mi barrio favorito de Casa, ya que estas&nbsp;grandes extensiones de hierba verde (las canchas de polo) han sido una gran parte de mi vida. Un campo de polo mide 12 acres. El Casa de Campo Polo Club cuenta con 3 campos del mismo tama\u00f1o, adem\u00e1s de un \u00e1rea entre estos donde se pueden practicar los tiros, conocida como el campo \u201cStick\u2019n\u2019Ball\u201d. Los campos est\u00e1n rodeados por una pista donde se puede ver todo tipo de actividades. \u00c9sta tambi\u00e9n a\u00f1ade una buena cantidad de inmueble. En mis c\u00e1lculos no muy exactos, dir\u00eda que el campo abarca aproximadamente 50 acres. \u00a1Una BUENA cantidad de hermoso espacio abierto donde se pueden deleitar todos los sentidos!<\/p>\n\n\n\n<p>Mi pregunta es la siguiente: \u00bfd\u00f3nde se puede encontrar una vista como la&nbsp;de El Polo y vivir una verdadera vida campestre dentro de Casa de Campo? No en&nbsp;muchos lugares.<\/p>\n\n\n<div class=\"wp-block-image\">\n<figure class=\"aligncenter is-resized\"><img loading=\"lazy\" decoding=\"async\" src=\"https:\/\/i0.wp.com\/casadecampoliving.com\/wp-content\/uploads\/2022\/10\/El-Polo-2.jpg?resize=650%2C400&amp;ssl=1\" alt=\"El Polo 2\" class=\"wp-image-114266\" height=\"400\" width=\"650\"\/><\/figure>\n<\/div>\n\n\n<p>En Casa tenemos la suerte de contar&nbsp;con muchos tipos diferentes de vistas. S\u00e9 que para&nbsp;muchos residentes el paisaje se vuelve muy familiar, y uno puede olvidar la belleza que nos rodea.<\/p>\n\n\n\n<p>Cada ma\u00f1ana, al empezar&nbsp;mi d\u00eda, conduzco&nbsp;a alg\u00fan&nbsp;rinc\u00f3n de Casa y descubro algo nuevo. Pero siempre empiezo mi d\u00eda&nbsp;mirando por la ventana hacia los verdes campos. Nunca dejo de sorprenderme con su&nbsp;belleza y la paz que transmiten. A veces est\u00e1n totalmente en blanco, y otras veces hay extensos grupos de gente fuera. La vista puede estar&nbsp;llena de&nbsp;caballos guiados&nbsp;por sus jinetes,&nbsp;quienes salen a ejercitarse&nbsp;por la ma\u00f1ana; o grupos de personas a caballo con sus gu\u00edas. O tambi\u00e9n&nbsp;la vista puede ser de ni\u00f1os montando ponis y se&nbsp;pueden escuchar las risas mientras lo hacen. Otras veces ver\u00e1 gente disfrutando del aire libre, caminando o corriendo por los campos, volando&nbsp;cometas, paseando a sus perros. Incluso puede&nbsp;montar un caballo justo desde su villa hasta&nbsp;los hermosos senderos que rodean la zona. Lo m\u00e1s emocionante es cuando se juegan los partidos de polo se puede apreciar&nbsp;a los caballos y jugadores&nbsp;en acci\u00f3n. Pase lo que pase alrededor de los campos, \u00a1siempre es muy agradable de ver!<\/p>\n\n\n<div class=\"wp-block-image\">\n<figure class=\"aligncenter is-resized\"><img loading=\"lazy\" decoding=\"async\" src=\"https:\/\/i0.wp.com\/casadecampoliving.com\/wp-content\/uploads\/2022\/10\/El-Polo-5.jpg?resize=650%2C400&amp;ssl=1\" alt=\"El Polo 5\" class=\"wp-image-114267\" height=\"400\" width=\"650\"\/><\/figure>\n<\/div>\n\n\n<p>Visitar Casa por primera vez puede ser abrumador. Los due\u00f1os de villa pueden elegir&nbsp;qu\u00e9 vista quieren. Pueden elegir entre el oc\u00e9ano, la bah\u00eda, el r\u00edo, los campos de golf, las canchas de tenis, la marina, los exuberantes jardines, la monta\u00f1a, los lagos\u2026 Muchas posibilidades. \u00a1Esta selecci\u00f3n de vistas no ocurre en casi ning\u00fan otro lugar en el mundo! Recientemente, le d\u00ed un recorrido&nbsp;por el complejo a un visitante que pensaba en comprar una villa, y repet\u00eda una y otra vez c\u00f3mo no pod\u00eda superar la belleza de todo lo que ve\u00eda,&nbsp;\u00a1pero que quer\u00eda volver a El Polo!<\/p>\n\n\n<div class=\"wp-block-image\">\n<figure class=\"aligncenter is-resized\"><img loading=\"lazy\" decoding=\"async\" src=\"https:\/\/i0.wp.com\/casadecampoliving.com\/wp-content\/uploads\/2022\/10\/El-Polo-4.jpg?resize=650%2C400&amp;ssl=1\" alt=\"El Polo 4\" class=\"wp-image-114268\" height=\"400\" width=\"650\"\/><\/figure>\n<\/div>\n\n\n<p>El grupo de Bienes Ra\u00edces de Casa de Campo actualmente dispone de&nbsp;4 villas exclusivas en&nbsp;venta en El Polo, las cuales figuran entre los US$750.000 y US$1.000.000. Las villas ofrecen al menos 500m2 de construcci\u00f3n y los lotes miden 1000m2. O sea, que puede tener una villa bastante amplia con un gran jard\u00edn por un precio fant\u00e1stico. Tambi\u00e9n hay que tener en cuenta la siempre presente brisa. \u00a1A todo eso a\u00f1\u00e1dale&nbsp;los 50 acres de campos de ininterrumpo verde y ver\u00e1 que no tiene precio! El Polo est\u00e1 a 1 minuto de la entrada principal de Casa de Campo y estar\u00e1 a aproximadamente 7 minutos de la nueva entrada.<\/p>\n\n\n\n<p>El estilo de vida que ofrece vivir en El Polo es posiblemente&nbsp;lo m\u00e1s cercano a vivir una vida al verdadero estilo de&nbsp;Casa de Campo. Es, literalmente, \u201cla vida\u201d en el campo en su casa de campo. Su estilo de vida puede ser sofisticado o no. Su imaginaci\u00f3n dictar\u00e1&nbsp;su vida aqu\u00ed. Ll\u00e1menos al CDCRE para poder&nbsp;mostrarle lo que digo.<\/p>\n\n\n\n<p><strong>Art\u00edculo y fotos por&nbsp;Mayli Garc\u00eda-Velez<\/strong><\/p>\n","protected":false},"excerpt":{"rendered":"<p>Ubicado en el extremo oeste de Casa de Campo, se encuentra&nbsp;el c\u00e1lido y tranquilo&nbsp;barrio de El Polo. Es un lugar muy especial, en espera de ser totalmente descubierto y disfrutado. Cuenta con&nbsp;44 lotes&nbsp;para hogares&nbsp;y todos tienen diferentes puntos de vista de las canchas de polo.<\/p>\n","protected":false},"author":36680,"featured_media":295098,"comment_status":"closed","ping_status":"closed","sticky":false,"template":"","format":"standard","meta":{"newspack_ads_suppress_ads":false,"newspack_popups_has_disabled_popups":false,"newspack_sponsor_sponsorship_scope":"","newspack_sponsor_native_byline_display":"inherit","newspack_sponsor_native_category_display":"inherit","newspack_sponsor_underwriter_style":"inherit","newspack_sponsor_underwriter_placement":"inherit","_newspack_byline_active":false,"_newspack_byline":"","newspack_hide_updated_date":false,"newspack_show_updated_date":false,"newspack_content_restriction_is_exempt":false,"newspack_featured_image_position":"","newspack_post_subtitle":"","newspack_article_summary_title":"Overview:","newspack_article_summary":"","_jetpack_memberships_contains_paid_content":false,"footnotes":"","jetpack_publicize_message":"","jetpack_publicize_feature_enabled":true,"jetpack_social_post_already_shared":false,"jetpack_social_options":{"image_generator_settings":{"template":"highway","default_image_id":0,"font":"","enabled":false},"version":2},"_wpas_customize_per_network":false},"categories":[2505,26936,26951,14625,26822,2526],"tags":[11670,3626,24387,7738,2575,3778,2561],"newspack_spnsrs_tax":[],"class_list":["post-348420","post","type-post","status-publish","format-standard","has-post-thumbnail","hentry","category-bienes-raices-casa-de-campo-es","category-casa-de-campo-living-es","category-ccl-presenta","category-noticias-locales","category-resort-casa-de-campo","category-titulares-es","tag-bienes-raices-de-casa-de-campo","tag-casa-de-campo-es","tag-casa-de-campo-living-es","tag-casa-de-campo-real-estate-es","tag-comunidad-de-casa-de-campo","tag-polo-es","tag-resort-casa-de-campo","entry"],"yoast_head":"<!-- This site is optimized with the Yoast SEO plugin v27.5 - https:\/\/yoast.com\/product\/yoast-seo-wordpress\/ -->\n<title>La vida en El Polo en Casa de Campo | Casa de Campo Living<\/title>\n<meta name=\"description\" content=\"Ubicado en el extremo oeste de Casa de Campo, se encuentra&nbsp;el c\u00e1lido y tranquilo&nbsp;barrio de El Polo. Es un lugar muy especial, en espera de ser\" \/>\n<meta name=\"robots\" content=\"index, follow, max-snippet:-1, max-image-preview:large, max-video-preview:-1\" \/>\n<link rel=\"canonical\" href=\"https:\/\/casadecampoliving.com\/es\/vida-el-polo-casa-de-campo\/\" \/>\n<meta property=\"og:locale\" content=\"es_ES\" \/>\n<meta property=\"og:type\" content=\"article\" \/>\n<meta property=\"og:title\" content=\"La vida en El Polo en Casa de Campo | Casa de Campo Living\" \/>\n<meta property=\"og:description\" content=\"Ubicado en el extremo oeste de Casa de Campo, se encuentra&nbsp;el c\u00e1lido y tranquilo&nbsp;barrio de El Polo. Es un lugar muy especial, en espera de ser\" \/>\n<meta property=\"og:url\" content=\"https:\/\/casadecampoliving.com\/es\/vida-el-polo-casa-de-campo\/\" \/>\n<meta property=\"og:site_name\" content=\"Casa de Campo Living\" \/>\n<meta property=\"article:publisher\" content=\"https:\/\/www.facebook.com\/casadecampoliving\" \/>\n<meta property=\"article:published_time\" content=\"2015-10-15T04:00:00+00:00\" \/>\n<meta property=\"article:modified_time\" content=\"2022-10-21T23:01:16+00:00\" \/>\n<meta property=\"og:image\" content=\"https:\/\/i0.wp.com\/casadecampoliving.com\/wp-content\/uploads\/2022\/10\/El-Polo-Skyview-1.jpg?fit=650%2C400&ssl=1\" \/>\n\t<meta property=\"og:image:width\" content=\"650\" \/>\n\t<meta property=\"og:image:height\" content=\"400\" \/>\n\t<meta property=\"og:image:type\" content=\"image\/jpeg\" \/>\n<meta name=\"author\" content=\"Mayli Garcia-Velez\" \/>\n<meta name=\"twitter:card\" content=\"summary_large_image\" \/>\n<meta name=\"twitter:creator\" content=\"@cdcliving\" \/>\n<meta name=\"twitter:site\" content=\"@cdcliving\" \/>\n<meta name=\"twitter:label1\" content=\"Escrito por\" \/>\n\t<meta name=\"twitter:data1\" content=\"Mayli Garcia-Velez\" \/>\n\t<meta name=\"twitter:label2\" content=\"Tiempo de lectura\" \/>\n\t<meta name=\"twitter:data2\" content=\"4 minutos\" \/>\n<script type=\"application\/ld+json\" class=\"yoast-schema-graph\">{\"@context\":\"https:\\\/\\\/schema.org\",\"@graph\":[{\"@type\":\"Article\",\"@id\":\"https:\\\/\\\/casadecampoliving.com\\\/es\\\/vida-el-polo-casa-de-campo\\\/#article\",\"isPartOf\":{\"@id\":\"https:\\\/\\\/casadecampoliving.com\\\/es\\\/vida-el-polo-casa-de-campo\\\/\"},\"author\":{\"name\":\"Mayli Garcia-Velez\",\"@id\":\"https:\\\/\\\/casadecampoliving.com\\\/es\\\/#\\\/schema\\\/person\\\/d93fbbafc92cbd30a59dee4eb67b5257\"},\"headline\":\"La vida en El Polo en Casa de Campo\",\"datePublished\":\"2015-10-15T04:00:00+00:00\",\"dateModified\":\"2022-10-21T23:01:16+00:00\",\"mainEntityOfPage\":{\"@id\":\"https:\\\/\\\/casadecampoliving.com\\\/es\\\/vida-el-polo-casa-de-campo\\\/\"},\"wordCount\":766,\"publisher\":{\"@id\":\"https:\\\/\\\/casadecampoliving.com\\\/es\\\/#organization\"},\"image\":{\"@id\":\"https:\\\/\\\/casadecampoliving.com\\\/es\\\/vida-el-polo-casa-de-campo\\\/#primaryimage\"},\"thumbnailUrl\":\"https:\\\/\\\/i0.wp.com\\\/casadecampoliving.com\\\/wp-content\\\/uploads\\\/2022\\\/10\\\/El-Polo-Skyview-1.jpg?fit=650%2C400&ssl=1\",\"keywords\":[\"bienes ra\u00edces de Casa de Campo\",\"casa de campo @es\",\"Casa de Campo Living\",\"casa de campo real estate @es\",\"comunidad de casa de campo\",\"polo @es\",\"resort casa de campo\"],\"articleSection\":[\"Bienes raices Casa de Campo\",\"Casa de Campo Living @es\",\"CCL presenta\",\"Noticias Locales\",\"Resort Casa de Campo\",\"Titulares\"],\"inLanguage\":\"es\"},{\"@type\":\"WebPage\",\"@id\":\"https:\\\/\\\/casadecampoliving.com\\\/es\\\/vida-el-polo-casa-de-campo\\\/\",\"url\":\"https:\\\/\\\/casadecampoliving.com\\\/es\\\/vida-el-polo-casa-de-campo\\\/\",\"name\":\"La vida en El Polo en Casa de Campo | Casa de Campo Living\",\"isPartOf\":{\"@id\":\"https:\\\/\\\/casadecampoliving.com\\\/es\\\/#website\"},\"primaryImageOfPage\":{\"@id\":\"https:\\\/\\\/casadecampoliving.com\\\/es\\\/vida-el-polo-casa-de-campo\\\/#primaryimage\"},\"image\":{\"@id\":\"https:\\\/\\\/casadecampoliving.com\\\/es\\\/vida-el-polo-casa-de-campo\\\/#primaryimage\"},\"thumbnailUrl\":\"https:\\\/\\\/i0.wp.com\\\/casadecampoliving.com\\\/wp-content\\\/uploads\\\/2022\\\/10\\\/El-Polo-Skyview-1.jpg?fit=650%2C400&ssl=1\",\"datePublished\":\"2015-10-15T04:00:00+00:00\",\"dateModified\":\"2022-10-21T23:01:16+00:00\",\"description\":\"Ubicado en el extremo oeste de Casa de Campo, se encuentra&nbsp;el c\u00e1lido y tranquilo&nbsp;barrio de El Polo. Es un lugar muy especial, en espera de ser\",\"breadcrumb\":{\"@id\":\"https:\\\/\\\/casadecampoliving.com\\\/es\\\/vida-el-polo-casa-de-campo\\\/#breadcrumb\"},\"inLanguage\":\"es\",\"potentialAction\":[{\"@type\":\"ReadAction\",\"target\":[\"https:\\\/\\\/casadecampoliving.com\\\/es\\\/vida-el-polo-casa-de-campo\\\/\"]}]},{\"@type\":\"ImageObject\",\"inLanguage\":\"es\",\"@id\":\"https:\\\/\\\/casadecampoliving.com\\\/es\\\/vida-el-polo-casa-de-campo\\\/#primaryimage\",\"url\":\"https:\\\/\\\/i0.wp.com\\\/casadecampoliving.com\\\/wp-content\\\/uploads\\\/2022\\\/10\\\/El-Polo-Skyview-1.jpg?fit=650%2C400&ssl=1\",\"contentUrl\":\"https:\\\/\\\/i0.wp.com\\\/casadecampoliving.com\\\/wp-content\\\/uploads\\\/2022\\\/10\\\/El-Polo-Skyview-1.jpg?fit=650%2C400&ssl=1\",\"width\":650,\"height\":400,\"caption\":\"El Polo Skyview\"},{\"@type\":\"BreadcrumbList\",\"@id\":\"https:\\\/\\\/casadecampoliving.com\\\/es\\\/vida-el-polo-casa-de-campo\\\/#breadcrumb\",\"itemListElement\":[{\"@type\":\"ListItem\",\"position\":1,\"name\":\"Home\",\"item\":\"https:\\\/\\\/casadecampoliving.com\\\/es\\\/\"},{\"@type\":\"ListItem\",\"position\":2,\"name\":\"La vida en El Polo en Casa de Campo\"}]},{\"@type\":\"WebSite\",\"@id\":\"https:\\\/\\\/casadecampoliving.com\\\/es\\\/#website\",\"url\":\"https:\\\/\\\/casadecampoliving.com\\\/es\\\/\",\"name\":\"Casa de Campo Living\",\"description\":\"Resort community news and resources.\",\"publisher\":{\"@id\":\"https:\\\/\\\/casadecampoliving.com\\\/es\\\/#organization\"},\"potentialAction\":[{\"@type\":\"SearchAction\",\"target\":{\"@type\":\"EntryPoint\",\"urlTemplate\":\"https:\\\/\\\/casadecampoliving.com\\\/es\\\/?s={search_term_string}\"},\"query-input\":{\"@type\":\"PropertyValueSpecification\",\"valueRequired\":true,\"valueName\":\"search_term_string\"}}],\"inLanguage\":\"es\"},{\"@type\":\"Organization\",\"@id\":\"https:\\\/\\\/casadecampoliving.com\\\/es\\\/#organization\",\"name\":\"Casa de Campo Living\",\"url\":\"https:\\\/\\\/casadecampoliving.com\\\/es\\\/\",\"logo\":{\"@type\":\"ImageObject\",\"inLanguage\":\"es\",\"@id\":\"https:\\\/\\\/casadecampoliving.com\\\/es\\\/#\\\/schema\\\/logo\\\/image\\\/\",\"url\":\"https:\\\/\\\/i0.wp.com\\\/casadecampoliving.com\\\/wp-content\\\/uploads\\\/2022\\\/07\\\/CDCLivingLogo_V1-white-sized.png?fit=800%2C214&ssl=1\",\"contentUrl\":\"https:\\\/\\\/i0.wp.com\\\/casadecampoliving.com\\\/wp-content\\\/uploads\\\/2022\\\/07\\\/CDCLivingLogo_V1-white-sized.png?fit=800%2C214&ssl=1\",\"width\":800,\"height\":214,\"caption\":\"Casa de Campo Living\"},\"image\":{\"@id\":\"https:\\\/\\\/casadecampoliving.com\\\/es\\\/#\\\/schema\\\/logo\\\/image\\\/\"},\"sameAs\":[\"https:\\\/\\\/www.facebook.com\\\/casadecampoliving\",\"https:\\\/\\\/x.com\\\/cdcliving\"]},{\"@type\":\"Person\",\"@id\":\"https:\\\/\\\/casadecampoliving.com\\\/es\\\/#\\\/schema\\\/person\\\/d93fbbafc92cbd30a59dee4eb67b5257\",\"name\":\"Mayli Garcia-Velez\",\"image\":{\"@type\":\"ImageObject\",\"inLanguage\":\"es\",\"@id\":\"https:\\\/\\\/secure.gravatar.com\\\/avatar\\\/9d10f97d381d931a87055613f829f59b8b10dc9179940847b90a6151444b050c?s=96&d=mm&r=g\",\"url\":\"https:\\\/\\\/secure.gravatar.com\\\/avatar\\\/9d10f97d381d931a87055613f829f59b8b10dc9179940847b90a6151444b050c?s=96&d=mm&r=g\",\"contentUrl\":\"https:\\\/\\\/secure.gravatar.com\\\/avatar\\\/9d10f97d381d931a87055613f829f59b8b10dc9179940847b90a6151444b050c?s=96&d=mm&r=g\",\"caption\":\"Mayli Garcia-Velez\"},\"url\":\"https:\\\/\\\/casadecampoliving.com\\\/es\\\/author\\\/mayli-garcia-velez\\\/\"}]}<\/script>\n<!-- \/ Yoast SEO plugin. -->","yoast_head_json":{"title":"La vida en El Polo en Casa de Campo | Casa de Campo Living","description":"Ubicado en el extremo oeste de Casa de Campo, se encuentra&nbsp;el c\u00e1lido y tranquilo&nbsp;barrio de El Polo. Es un lugar muy especial, en espera de ser","robots":{"index":"index","follow":"follow","max-snippet":"max-snippet:-1","max-image-preview":"max-image-preview:large","max-video-preview":"max-video-preview:-1"},"canonical":"https:\/\/casadecampoliving.com\/es\/vida-el-polo-casa-de-campo\/","og_locale":"es_ES","og_type":"article","og_title":"La vida en El Polo en Casa de Campo | Casa de Campo Living","og_description":"Ubicado en el extremo oeste de Casa de Campo, se encuentra&nbsp;el c\u00e1lido y tranquilo&nbsp;barrio de El Polo. Es un lugar muy especial, en espera de ser","og_url":"https:\/\/casadecampoliving.com\/es\/vida-el-polo-casa-de-campo\/","og_site_name":"Casa de Campo Living","article_publisher":"https:\/\/www.facebook.com\/casadecampoliving","article_published_time":"2015-10-15T04:00:00+00:00","article_modified_time":"2022-10-21T23:01:16+00:00","og_image":[{"width":650,"height":400,"url":"https:\/\/i0.wp.com\/casadecampoliving.com\/wp-content\/uploads\/2022\/10\/El-Polo-Skyview-1.jpg?fit=650%2C400&ssl=1","type":"image\/jpeg"}],"author":"Mayli Garcia-Velez","twitter_card":"summary_large_image","twitter_creator":"@cdcliving","twitter_site":"@cdcliving","twitter_misc":{"Escrito por":"Mayli Garcia-Velez","Tiempo de lectura":"4 minutos"},"schema":{"@context":"https:\/\/schema.org","@graph":[{"@type":"Article","@id":"https:\/\/casadecampoliving.com\/es\/vida-el-polo-casa-de-campo\/#article","isPartOf":{"@id":"https:\/\/casadecampoliving.com\/es\/vida-el-polo-casa-de-campo\/"},"author":{"name":"Mayli Garcia-Velez","@id":"https:\/\/casadecampoliving.com\/es\/#\/schema\/person\/d93fbbafc92cbd30a59dee4eb67b5257"},"headline":"La vida en El Polo en Casa de Campo","datePublished":"2015-10-15T04:00:00+00:00","dateModified":"2022-10-21T23:01:16+00:00","mainEntityOfPage":{"@id":"https:\/\/casadecampoliving.com\/es\/vida-el-polo-casa-de-campo\/"},"wordCount":766,"publisher":{"@id":"https:\/\/casadecampoliving.com\/es\/#organization"},"image":{"@id":"https:\/\/casadecampoliving.com\/es\/vida-el-polo-casa-de-campo\/#primaryimage"},"thumbnailUrl":"https:\/\/i0.wp.com\/casadecampoliving.com\/wp-content\/uploads\/2022\/10\/El-Polo-Skyview-1.jpg?fit=650%2C400&ssl=1","keywords":["bienes ra\u00edces de Casa de Campo","casa de campo @es","Casa de Campo Living","casa de campo real estate @es","comunidad de casa de campo","polo @es","resort casa de campo"],"articleSection":["Bienes raices Casa de Campo","Casa de Campo Living @es","CCL presenta","Noticias Locales","Resort Casa de Campo","Titulares"],"inLanguage":"es"},{"@type":"WebPage","@id":"https:\/\/casadecampoliving.com\/es\/vida-el-polo-casa-de-campo\/","url":"https:\/\/casadecampoliving.com\/es\/vida-el-polo-casa-de-campo\/","name":"La vida en El Polo en Casa de Campo | Casa de Campo Living","isPartOf":{"@id":"https:\/\/casadecampoliving.com\/es\/#website"},"primaryImageOfPage":{"@id":"https:\/\/casadecampoliving.com\/es\/vida-el-polo-casa-de-campo\/#primaryimage"},"image":{"@id":"https:\/\/casadecampoliving.com\/es\/vida-el-polo-casa-de-campo\/#primaryimage"},"thumbnailUrl":"https:\/\/i0.wp.com\/casadecampoliving.com\/wp-content\/uploads\/2022\/10\/El-Polo-Skyview-1.jpg?fit=650%2C400&ssl=1","datePublished":"2015-10-15T04:00:00+00:00","dateModified":"2022-10-21T23:01:16+00:00","description":"Ubicado en el extremo oeste de Casa de Campo, se encuentra&nbsp;el c\u00e1lido y tranquilo&nbsp;barrio de El Polo. Es un lugar muy especial, en espera de ser","breadcrumb":{"@id":"https:\/\/casadecampoliving.com\/es\/vida-el-polo-casa-de-campo\/#breadcrumb"},"inLanguage":"es","potentialAction":[{"@type":"ReadAction","target":["https:\/\/casadecampoliving.com\/es\/vida-el-polo-casa-de-campo\/"]}]},{"@type":"ImageObject","inLanguage":"es","@id":"https:\/\/casadecampoliving.com\/es\/vida-el-polo-casa-de-campo\/#primaryimage","url":"https:\/\/i0.wp.com\/casadecampoliving.com\/wp-content\/uploads\/2022\/10\/El-Polo-Skyview-1.jpg?fit=650%2C400&ssl=1","contentUrl":"https:\/\/i0.wp.com\/casadecampoliving.com\/wp-content\/uploads\/2022\/10\/El-Polo-Skyview-1.jpg?fit=650%2C400&ssl=1","width":650,"height":400,"caption":"El Polo Skyview"},{"@type":"BreadcrumbList","@id":"https:\/\/casadecampoliving.com\/es\/vida-el-polo-casa-de-campo\/#breadcrumb","itemListElement":[{"@type":"ListItem","position":1,"name":"Home","item":"https:\/\/casadecampoliving.com\/es\/"},{"@type":"ListItem","position":2,"name":"La vida en El Polo en Casa de Campo"}]},{"@type":"WebSite","@id":"https:\/\/casadecampoliving.com\/es\/#website","url":"https:\/\/casadecampoliving.com\/es\/","name":"Casa de Campo Living","description":"Resort community news and resources.","publisher":{"@id":"https:\/\/casadecampoliving.com\/es\/#organization"},"potentialAction":[{"@type":"SearchAction","target":{"@type":"EntryPoint","urlTemplate":"https:\/\/casadecampoliving.com\/es\/?s={search_term_string}"},"query-input":{"@type":"PropertyValueSpecification","valueRequired":true,"valueName":"search_term_string"}}],"inLanguage":"es"},{"@type":"Organization","@id":"https:\/\/casadecampoliving.com\/es\/#organization","name":"Casa de Campo Living","url":"https:\/\/casadecampoliving.com\/es\/","logo":{"@type":"ImageObject","inLanguage":"es","@id":"https:\/\/casadecampoliving.com\/es\/#\/schema\/logo\/image\/","url":"https:\/\/i0.wp.com\/casadecampoliving.com\/wp-content\/uploads\/2022\/07\/CDCLivingLogo_V1-white-sized.png?fit=800%2C214&ssl=1","contentUrl":"https:\/\/i0.wp.com\/casadecampoliving.com\/wp-content\/uploads\/2022\/07\/CDCLivingLogo_V1-white-sized.png?fit=800%2C214&ssl=1","width":800,"height":214,"caption":"Casa de Campo Living"},"image":{"@id":"https:\/\/casadecampoliving.com\/es\/#\/schema\/logo\/image\/"},"sameAs":["https:\/\/www.facebook.com\/casadecampoliving","https:\/\/x.com\/cdcliving"]},{"@type":"Person","@id":"https:\/\/casadecampoliving.com\/es\/#\/schema\/person\/d93fbbafc92cbd30a59dee4eb67b5257","name":"Mayli Garcia-Velez","image":{"@type":"ImageObject","inLanguage":"es","@id":"https:\/\/secure.gravatar.com\/avatar\/9d10f97d381d931a87055613f829f59b8b10dc9179940847b90a6151444b050c?s=96&d=mm&r=g","url":"https:\/\/secure.gravatar.com\/avatar\/9d10f97d381d931a87055613f829f59b8b10dc9179940847b90a6151444b050c?s=96&d=mm&r=g","contentUrl":"https:\/\/secure.gravatar.com\/avatar\/9d10f97d381d931a87055613f829f59b8b10dc9179940847b90a6151444b050c?s=96&d=mm&r=g","caption":"Mayli Garcia-Velez"},"url":"https:\/\/casadecampoliving.com\/es\/author\/mayli-garcia-velez\/"}]}},"parsely":{"version":"1.1.0","canonical_url":"https:\/\/casadecampoliving.com\/es\/vida-el-polo-casa-de-campo\/","smart_links":{"inbound":0,"outbound":0},"traffic_boost_suggestions_count":0,"meta":{"@context":"https:\/\/schema.org","@type":"NewsArticle","headline":"La vida en El Polo en Casa de Campo","url":"http:\/\/casadecampoliving.com\/es\/vida-el-polo-casa-de-campo\/","mainEntityOfPage":{"@type":"WebPage","@id":"http:\/\/casadecampoliving.com\/es\/vida-el-polo-casa-de-campo\/"},"thumbnailUrl":"https:\/\/i0.wp.com\/casadecampoliving.com\/wp-content\/uploads\/2022\/10\/El-Polo-Skyview-1.jpg?resize=150%2C150&ssl=1","image":{"@type":"ImageObject","url":"https:\/\/i0.wp.com\/casadecampoliving.com\/wp-content\/uploads\/2022\/10\/El-Polo-Skyview-1.jpg?fit=650%2C400&ssl=1"},"articleSection":"Bienes raices Casa de Campo","author":[{"@type":"Person","name":"Mayli Garcia-Velez"}],"creator":["Mayli Garcia-Velez"],"publisher":{"@type":"Organization","name":"Casa de Campo Living","logo":"https:\/\/casadecampoliving.com\/wp-content\/uploads\/2022\/07\/CDCLivingLogo_V1-white-sized.png"},"keywords":["bienes ra\u00edces de casa de campo","casa de campo @es","casa de campo living","casa de campo real estate @es","comunidad de casa de campo","polo @es","resort casa de campo"],"dateCreated":"2015-10-15T04:00:00Z","datePublished":"2015-10-15T04:00:00Z","dateModified":"2022-10-21T23:01:16Z"},"rendered":"<script type=\"application\/ld+json\" class=\"wp-parsely-metadata\">{\"@context\":\"https:\\\/\\\/schema.org\",\"@type\":\"NewsArticle\",\"headline\":\"La vida en El Polo en Casa de Campo\",\"url\":\"http:\\\/\\\/casadecampoliving.com\\\/es\\\/vida-el-polo-casa-de-campo\\\/\",\"mainEntityOfPage\":{\"@type\":\"WebPage\",\"@id\":\"http:\\\/\\\/casadecampoliving.com\\\/es\\\/vida-el-polo-casa-de-campo\\\/\"},\"thumbnailUrl\":\"https:\\\/\\\/i0.wp.com\\\/casadecampoliving.com\\\/wp-content\\\/uploads\\\/2022\\\/10\\\/El-Polo-Skyview-1.jpg?resize=150%2C150&ssl=1\",\"image\":{\"@type\":\"ImageObject\",\"url\":\"https:\\\/\\\/i0.wp.com\\\/casadecampoliving.com\\\/wp-content\\\/uploads\\\/2022\\\/10\\\/El-Polo-Skyview-1.jpg?fit=650%2C400&ssl=1\"},\"articleSection\":\"Bienes raices Casa de Campo\",\"author\":[{\"@type\":\"Person\",\"name\":\"Mayli Garcia-Velez\"}],\"creator\":[\"Mayli Garcia-Velez\"],\"publisher\":{\"@type\":\"Organization\",\"name\":\"Casa de Campo Living\",\"logo\":\"https:\\\/\\\/casadecampoliving.com\\\/wp-content\\\/uploads\\\/2022\\\/07\\\/CDCLivingLogo_V1-white-sized.png\"},\"keywords\":[\"bienes ra\\u00edces de casa de campo\",\"casa de campo @es\",\"casa de campo living\",\"casa de campo real estate @es\",\"comunidad de casa de campo\",\"polo @es\",\"resort casa de campo\"],\"dateCreated\":\"2015-10-15T04:00:00Z\",\"datePublished\":\"2015-10-15T04:00:00Z\",\"dateModified\":\"2022-10-21T23:01:16Z\"}<\/script>","tracker_url":"https:\/\/cdn.parsely.com\/keys\/casadecampoliving.com\/p.js"},"jetpack_publicize_connections":[],"jetpack_featured_media_url":"https:\/\/i0.wp.com\/casadecampoliving.com\/wp-content\/uploads\/2022\/10\/El-Polo-Skyview-1.jpg?fit=650%2C400&ssl=1","jetpack-related-posts":[{"id":433460,"url":"https:\/\/casadecampoliving.com\/es\/no-se-pierdan-el-increible-tributo-a-frank-sinatra-para-celebrar-el-40-aniversario-del-anfiteatro-altos-de-chavon\/","url_meta":{"origin":348420,"position":0},"title":"No se pierdan el incre\u00edble tributo a Frank Sinatra para celebrar el 40 aniversario del\u00a0Anfiteatro Altos de Chav\u00f3n","author":"Casa de Campo Living","date":"20 Oct, 2022","format":false,"excerpt":"Siendo uno de los escenarios m\u00e1s emblem\u00e1ticos del pa\u00eds, Casa de Campo Resort\u00ae & Villas celebra las cuatro d\u00e9cadas de aniversario de Altos de Chav\u00f3n con un tributo al gran Frank Sinatra, protagonizado por artistas invitados y una big band tal cual la que acompa\u00f1\u00f3 al artista hace 40 a\u00f1os\u2026","rel":"","context":"En \u00abUncategorized @es\u00bb","block_context":{"text":"Uncategorized @es","link":"https:\/\/casadecampoliving.com\/es\/category\/uncategorized-es\/"},"img":{"alt_text":"","src":"https:\/\/i0.wp.com\/casadecampoliving.com\/wp-content\/uploads\/2022\/10\/Tributo-Frank-Sinatra-Foto-Principal-Amaury-Sanchez-Danilo-Ginebra-Andres-Pichardo-y-Jose-Gabriel-Perez-.jpg?fit=1200%2C873&ssl=1&resize=350%2C200","width":350,"height":200,"srcset":"https:\/\/i0.wp.com\/casadecampoliving.com\/wp-content\/uploads\/2022\/10\/Tributo-Frank-Sinatra-Foto-Principal-Amaury-Sanchez-Danilo-Ginebra-Andres-Pichardo-y-Jose-Gabriel-Perez-.jpg?fit=1200%2C873&ssl=1&resize=350%2C200 1x, https:\/\/i0.wp.com\/casadecampoliving.com\/wp-content\/uploads\/2022\/10\/Tributo-Frank-Sinatra-Foto-Principal-Amaury-Sanchez-Danilo-Ginebra-Andres-Pichardo-y-Jose-Gabriel-Perez-.jpg?fit=1200%2C873&ssl=1&resize=525%2C300 1.5x, https:\/\/i0.wp.com\/casadecampoliving.com\/wp-content\/uploads\/2022\/10\/Tributo-Frank-Sinatra-Foto-Principal-Amaury-Sanchez-Danilo-Ginebra-Andres-Pichardo-y-Jose-Gabriel-Perez-.jpg?fit=1200%2C873&ssl=1&resize=700%2C400 2x, https:\/\/i0.wp.com\/casadecampoliving.com\/wp-content\/uploads\/2022\/10\/Tributo-Frank-Sinatra-Foto-Principal-Amaury-Sanchez-Danilo-Ginebra-Andres-Pichardo-y-Jose-Gabriel-Perez-.jpg?fit=1200%2C873&ssl=1&resize=1050%2C600 3x"},"classes":[]},{"id":350098,"url":"https:\/\/casadecampoliving.com\/es\/2ndo-polo-challenge-rd-del-verano\/","url_meta":{"origin":348420,"position":1},"title":"2ndo Torneo del Polo Challenge RD del Verano","author":"Felix Guerrero","date":"30 Jun, 2016","format":false,"excerpt":"Cuando dijimos que se prepararan para la temporada de polo de verano de Casa de Campo, \u00a1lo dec\u00edamos en serio! A tan s\u00f3lo unas pocas semanas de haberse jugado 3 torneos, desde este s\u00e1bado y durante la semana, se estar\u00e1 jugando otro m\u00e1s. Desde\u00a0este s\u00e1bado 2 de julio hasta el\u2026","rel":"","context":"En \u00abDeportes\u00bb","block_context":{"text":"Deportes","link":"https:\/\/casadecampoliving.com\/es\/category\/golf-deportes-es\/"},"img":{"alt_text":"Featured Polo Summer 2nd Polo Challenge RD Matias Callejo","src":"https:\/\/i0.wp.com\/casadecampoliving.com\/wp-content\/uploads\/2022\/10\/Featured-Polo-Summer-2nd-Polo-Challenge-RD-Matias-Callejo.jpg?fit=1000%2C600&ssl=1&resize=350%2C200","width":350,"height":200,"srcset":"https:\/\/i0.wp.com\/casadecampoliving.com\/wp-content\/uploads\/2022\/10\/Featured-Polo-Summer-2nd-Polo-Challenge-RD-Matias-Callejo.jpg?fit=1000%2C600&ssl=1&resize=350%2C200 1x, https:\/\/i0.wp.com\/casadecampoliving.com\/wp-content\/uploads\/2022\/10\/Featured-Polo-Summer-2nd-Polo-Challenge-RD-Matias-Callejo.jpg?fit=1000%2C600&ssl=1&resize=525%2C300 1.5x, https:\/\/i0.wp.com\/casadecampoliving.com\/wp-content\/uploads\/2022\/10\/Featured-Polo-Summer-2nd-Polo-Challenge-RD-Matias-Callejo.jpg?fit=1000%2C600&ssl=1&resize=700%2C400 2x"},"classes":[]},{"id":352430,"url":"https:\/\/casadecampoliving.com\/es\/concours-delegance-casa-de-campo-esta-de-regreso\/","url_meta":{"origin":348420,"position":2},"title":"La exhibici\u00f3n de autos cl\u00e1sicos de Casa de Campo, Concours D\u2019Elegance est\u00e1 de regreso!","author":"Casa de Campo Resort","date":"3 Feb, 2018","format":false,"excerpt":"Por segundo a\u00f1o consecutivo se presentar\u00e1 en Rep\u00fablica Dominicana el Concours D\u2019Elegance Casa de Campo. Una Excepcional exposici\u00f3n de autom\u00f3viles Cl\u00e1sicos y de Colecci\u00f3n en una exhibici\u00f3n p\u00fablica, que contar\u00e1 con veh\u00edculos estadounidenses y europeos con a\u00f1os de historia, permitiendo a los visitantes apreciar los particulares estilos y las piezas\u2026","rel":"","context":"En \u00abEstilo de Vida\u00bb","block_context":{"text":"Estilo de Vida","link":"https:\/\/casadecampoliving.com\/es\/category\/estilo-de-vida\/"},"img":{"alt_text":"","src":"https:\/\/i0.wp.com\/casadecampoliving.com\/wp-content\/uploads\/2018\/02\/IMG_5096.jpg?resize=350%2C200&ssl=1","width":350,"height":200,"srcset":"https:\/\/i0.wp.com\/casadecampoliving.com\/wp-content\/uploads\/2018\/02\/IMG_5096.jpg?resize=350%2C200&ssl=1 1x, https:\/\/i0.wp.com\/casadecampoliving.com\/wp-content\/uploads\/2018\/02\/IMG_5096.jpg?resize=525%2C300&ssl=1 1.5x, https:\/\/i0.wp.com\/casadecampoliving.com\/wp-content\/uploads\/2018\/02\/IMG_5096.jpg?resize=700%2C400&ssl=1 2x"},"classes":[]},{"id":337348,"url":"https:\/\/casadecampoliving.com\/es\/de-venta-en-casa-de-campo-el-polo-28-2\/","url_meta":{"origin":348420,"position":3},"title":"De Venta en Casa de Campo: El Polo 28","author":"Rebecca Silvestri","date":"10 Sep, 2011","format":false,"excerpt":"Esta villa en Casa de Campo esta localizado en \"El Polo\" y es una de las pocas villas disponible para menos de US$1,000,0000. Muy cerca de la entrada principal de Casa de Campo, \"El Polo\" esta cera de el Hotel Casa de Campo y sus facilidades, menos de 10 minutos\u2026","rel":"","context":"En \u00abCasa de Campo Living @es\u00bb","block_context":{"text":"Casa de Campo Living @es","link":"https:\/\/casadecampoliving.com\/category\/casa-de-campo-living-es\/"},"img":{"alt_text":"","src":"https:\/\/i0.wp.com\/casadecampoliving.com\/wp-content\/uploads\/2022\/10\/casa_de_campo_villa-8.jpg?fit=565%2C376&ssl=1&resize=350%2C200","width":350,"height":200,"srcset":"https:\/\/i0.wp.com\/casadecampoliving.com\/wp-content\/uploads\/2022\/10\/casa_de_campo_villa-8.jpg?fit=565%2C376&ssl=1&resize=350%2C200 1x, https:\/\/i0.wp.com\/casadecampoliving.com\/wp-content\/uploads\/2022\/10\/casa_de_campo_villa-8.jpg?fit=565%2C376&ssl=1&resize=525%2C300 1.5x"},"classes":[]},{"id":351717,"url":"https:\/\/casadecampoliving.com\/es\/casa-de-campo-presenta-su-torneo-de-polo-de-verano-copa-amistad\/","url_meta":{"origin":348420,"position":4},"title":"\u00a1Casa de Campo presenta su torneo de polo de verano Copa Amistad!","author":"Marlenys Guzm\u00e1n Casta\u00f1os","date":"14 Jul, 2017","format":false,"excerpt":"El polo en Casa de Campo es un deporte que re\u00fane a muchos admiradores y seguidores, y con las cl\u00ednicas de polo y equitaci\u00f3n para ni\u00f1os, \u00a1incluso los m\u00e1s peque\u00f1os se est\u00e1n convirtiendo en fans! Casa de Campo anuncia su torneo de polo de verano, la Copa Amistad comenzando desde\u2026","rel":"","context":"En \u00abDeportes\u00bb","block_context":{"text":"Deportes","link":"https:\/\/casadecampoliving.com\/es\/category\/golf-deportes-es\/"},"img":{"alt_text":"Casa de Campo polo","src":"https:\/\/i0.wp.com\/casadecampoliving.com\/wp-content\/uploads\/2022\/10\/IMG_3778-e1500043359529.jpg?fit=1000%2C600&ssl=1&resize=350%2C200","width":350,"height":200,"srcset":"https:\/\/i0.wp.com\/casadecampoliving.com\/wp-content\/uploads\/2022\/10\/IMG_3778-e1500043359529.jpg?fit=1000%2C600&ssl=1&resize=350%2C200 1x, https:\/\/i0.wp.com\/casadecampoliving.com\/wp-content\/uploads\/2022\/10\/IMG_3778-e1500043359529.jpg?fit=1000%2C600&ssl=1&resize=525%2C300 1.5x, https:\/\/i0.wp.com\/casadecampoliving.com\/wp-content\/uploads\/2022\/10\/IMG_3778-e1500043359529.jpg?fit=1000%2C600&ssl=1&resize=700%2C400 2x"},"classes":[]},{"id":513817,"url":"https:\/\/casadecampoliving.com\/es\/el-equipo-casa-de-campo-gana-la-copa-zafiro-del-polo-challenge-al-vencer-7-6-a-la-potranca\/","url_meta":{"origin":348420,"position":5},"title":"El equipo Casa de Campo gana la Copa Zafiro del Polo Challenge al vencer 7-6 a La Potranca","author":"Casa de Campo Living","date":"6 Feb, 2023","format":false,"excerpt":"El Casa de Campo Polo Challenge ha iniciado su octava temporada por todo alto. El pasado fin de semana se llev\u00f3 a cabo la final de la Copa Zafiro, la cual es la primera de las tres copas de este evento que realizar\u00e1 en los campos de polo del popular\u2026","rel":"","context":"En \u00abComunidad\u00bb","block_context":{"text":"Comunidad","link":"https:\/\/casadecampoliving.com\/es\/category\/casa-de-campo-living-es\/comunidad-casa-de-campo-living-es\/"},"img":{"alt_text":"","src":"https:\/\/i0.wp.com\/casadecampoliving.com\/wp-content\/uploads\/2023\/02\/Sapphire-Cup-polo-Final-2023-30.png?fit=1200%2C800&ssl=1&resize=350%2C200","width":350,"height":200,"srcset":"https:\/\/i0.wp.com\/casadecampoliving.com\/wp-content\/uploads\/2023\/02\/Sapphire-Cup-polo-Final-2023-30.png?fit=1200%2C800&ssl=1&resize=350%2C200 1x, https:\/\/i0.wp.com\/casadecampoliving.com\/wp-content\/uploads\/2023\/02\/Sapphire-Cup-polo-Final-2023-30.png?fit=1200%2C800&ssl=1&resize=525%2C300 1.5x, https:\/\/i0.wp.com\/casadecampoliving.com\/wp-content\/uploads\/2023\/02\/Sapphire-Cup-polo-Final-2023-30.png?fit=1200%2C800&ssl=1&resize=700%2C400 2x, https:\/\/i0.wp.com\/casadecampoliving.com\/wp-content\/uploads\/2023\/02\/Sapphire-Cup-polo-Final-2023-30.png?fit=1200%2C800&ssl=1&resize=1050%2C600 3x"},"classes":[]}],"jetpack_sharing_enabled":true,"_links":{"self":[{"href":"https:\/\/casadecampoliving.com\/es\/wp-json\/wp\/v2\/posts\/348420","targetHints":{"allow":["GET"]}}],"collection":[{"href":"https:\/\/casadecampoliving.com\/es\/wp-json\/wp\/v2\/posts"}],"about":[{"href":"https:\/\/casadecampoliving.com\/es\/wp-json\/wp\/v2\/types\/post"}],"author":[{"embeddable":true,"href":"https:\/\/casadecampoliving.com\/es\/wp-json\/wp\/v2\/users\/36680"}],"replies":[{"embeddable":true,"href":"https:\/\/casadecampoliving.com\/es\/wp-json\/wp\/v2\/comments?post=348420"}],"version-history":[{"count":1,"href":"https:\/\/casadecampoliving.com\/es\/wp-json\/wp\/v2\/posts\/348420\/revisions"}],"predecessor-version":[{"id":348421,"href":"https:\/\/casadecampoliving.com\/es\/wp-json\/wp\/v2\/posts\/348420\/revisions\/348421"}],"wp:featuredmedia":[{"embeddable":true,"href":"https:\/\/casadecampoliving.com\/es\/wp-json\/wp\/v2\/media\/295098"}],"wp:attachment":[{"href":"https:\/\/casadecampoliving.com\/es\/wp-json\/wp\/v2\/media?parent=348420"}],"wp:term":[{"taxonomy":"category","embeddable":true,"href":"https:\/\/casadecampoliving.com\/es\/wp-json\/wp\/v2\/categories?post=348420"},{"taxonomy":"post_tag","embeddable":true,"href":"https:\/\/casadecampoliving.com\/es\/wp-json\/wp\/v2\/tags?post=348420"},{"taxonomy":"newspack_spnsrs_tax","embeddable":true,"href":"https:\/\/casadecampoliving.com\/es\/wp-json\/wp\/v2\/newspack_spnsrs_tax?post=348420"}],"curies":[{"name":"wp","href":"https:\/\/api.w.org\/{rel}","templated":true}]}}