{"id":348368,"date":"2015-10-07T00:00:00","date_gmt":"2015-10-07T04:00:00","guid":{"rendered":"https:\/\/casadecampoliving.com\/apertura-una-otra-romana-arq-fini-aldea-cultural\/"},"modified":"2022-11-10T10:43:17","modified_gmt":"2022-11-10T14:43:17","slug":"apertura-una-otra-romana-arq-fini-aldea-cultural","status":"publish","type":"post","link":"https:\/\/casadecampoliving.com\/es\/apertura-una-otra-romana-arq-fini-aldea-cultural\/","title":{"rendered":"Apertura de \u00abUna Otra Romana\u00bb por el Arq. Fini en la Aldea Cultural"},"content":{"rendered":"<img data-recalc-dims=\"1\" loading=\"lazy\" decoding=\"async\" class=\"aligncenter size-full wp-image-114133\" src=\"https:\/\/i0.wp.com\/casadecampoliving.com\/wp-content\/uploads\/2022\/10\/Una-Otra-Romana-Group-Header.jpg?resize=650%2C400&#038;ssl=1\" alt=\"Una Otra Romana Group Header\" width=\"650\" height=\"400\" \/>El pasado s\u00e1bado 3 de octubre a las 6:00 de la\u00a0tarde se\u00a0llev\u00f3 a cabo\u00a0exitosamente la inauguraci\u00f3n de la exposici\u00f3n fotogr\u00e1fica <em>\u00abUna otra Romana\u00bb<\/em>,\u00a0un foto-reportaje compuesto por 47 fotograf\u00edas tomadas por el artista Gianfranco\u00a0Fini, dise\u00f1ador de La Marina de Casa de Campo.\n\n<!--more-->\n\nLas fotograf\u00edas\u00a0evidencian la vida cotidiana de la comunidad de R\u00edo Salado, en La\u00a0Romana,\u00a0enfoc\u00e1ndose en tres aspectos\u00a0fundamentales: el r\u00edo, las coloridas casas y la gente.\n\nLas im\u00e1genes est\u00e1n a la venta, ya que la idea central de la exposici\u00f3n es recaudar fondos para la \u00abR\u00edo Salao: Misi\u00f3n Posible\u00bb,\u00a0la cual busca mejorar los niveles de vida de dicha\u00a0comunidad ubicada\u00a0en la ribera\u00a0del r\u00edo, aport\u00e1ndole una mejor calidad de vida.\n\n<img data-recalc-dims=\"1\" loading=\"lazy\" decoding=\"async\" class=\"aligncenter size-full wp-image-114121\" src=\"https:\/\/i0.wp.com\/casadecampoliving.com\/wp-content\/uploads\/2022\/10\/Una-Otra-Romana-Photos.jpg?resize=650%2C400&#038;ssl=1\" alt=\"Una Otra Romana Photos\" width=\"650\" height=\"400\" \/>\n\nAlgunos de los presentes en la apertura de la exposici\u00f3n tuvieron la oportunidad de ser los primeros en adquirir las fotograf\u00edas de su elecci\u00f3n,\u00a0adem\u00e1s de que pudieron llevarse a casa uno de los fabulosos art\u00edculos de colecci\u00f3n donados para esta gran causa. A\u00fan quedan hermosas fotograf\u00edas disponibles, por lo que le animamos a que visite la exposici\u00f3n, la cual estar\u00e1 disponible hasta el 31 de Octubre, \u00a1y escoja una o las que desee para llev\u00e1rselas a casa! Le recomiendo que se apure, porque por lo que pudimos ver en la inauguraci\u00f3n, \u00a1se est\u00e1n vendiendo R\u00c1PIDO!\n\nR\u00edo Salado es el populoso sector que se aprecia\u00a0desde el puente Charles Bluhdorn en La Romana, justo antes de la entrada de Casa de\u00a0Campo y frente al muelle tur\u00edstico de La Romana. Su vista es muy parecida a la\u00a0de los sectores capitalinos, La Ci\u00e9naga y la Barquita, s\u00f3lo\u00a0que \u00e9ste tiene un\u00a0toque especial de color, gracias a una acci\u00f3n comunitaria que se ha desplegado\u00a0durante estos \u00faltimos a\u00f1os en el barrio, con el fin de cambiar la imagen, as\u00ed como la actitud de cada una de las personas que lo integran.\n\n<img data-recalc-dims=\"1\" loading=\"lazy\" decoding=\"async\" class=\"aligncenter size-full wp-image-114122\" src=\"https:\/\/i0.wp.com\/casadecampoliving.com\/wp-content\/uploads\/2022\/10\/Una-Otra-Romana-kids.jpg?resize=650%2C400&#038;ssl=1\" alt=\"Una Otra Romana kids\" width=\"650\" height=\"400\" \/>\n\nLa apertura cont\u00f3 con la presencia de\u00a0diferentes personalidades de nuestra\u00a0comunidad de Casa de Campo, adem\u00e1s de ni\u00f1os y\u00a0vecinos de R\u00edo\u00a0Salao y varios\u00a0periodistas locales.\n\nPara el Sr.\u00a0Fini, el objetivo de la exposici\u00f3n es <em><strong>\u00abdemostrar la calidad humana que s\u00f3lo\u00a0puede nacer en un sitio donde la dimensi\u00f3n es tan peque\u00f1a, que el contacto\u00a0f\u00edsico de una casa o una ventana con la otra, hace que todo parezca\u00a0como si fuera una \u00fanica familia\u00bb<\/strong><\/em>.\n\nLa exhibici\u00f3n estar\u00e1 abierta durante todo el mes de octubre en la Aldea Cultural Santa Rosa de Lima.\n\nLas siguientes fotos fueron tomadas durante la apertura de la exposici\u00f3n fotogr\u00e1fica \u00abUna Otra Romana\u00bb por el Arquitecto Gianfranco Fini en\u00a0la Aldea Cultural Santa Rosa de Lima, el pasado S\u00e1bado 3 de octubre:\u00a0<strong>\n<figure class=\"wp-block-gallery has-nested-images columns-default is-cropped wp-block-gallery-1 is-layout-flex wp-block-gallery-is-layout-flex\">\n<figure class=\"wp-block-image size-large\"><img data-recalc-dims=\"1\" loading=\"lazy\" decoding=\"async\" width=\"800\" height=\"534\" data-id=\"496527\" src=\"https:\/\/i0.wp.com\/casadecampoliving.com\/wp-content\/uploads\/2022\/10\/una_otra_romana_by_gian_fini_01.jpg?resize=800%2C534&#038;ssl=1\" alt=\"\" class=\"wp-image-496527\" srcset=\"https:\/\/i0.wp.com\/casadecampoliving.com\/wp-content\/uploads\/2022\/10\/una_otra_romana_by_gian_fini_01.jpg?w=800&amp;ssl=1 800w, https:\/\/i0.wp.com\/casadecampoliving.com\/wp-content\/uploads\/2022\/10\/una_otra_romana_by_gian_fini_01.jpg?resize=300%2C200&amp;ssl=1 300w, https:\/\/i0.wp.com\/casadecampoliving.com\/wp-content\/uploads\/2022\/10\/una_otra_romana_by_gian_fini_01.jpg?resize=768%2C513&amp;ssl=1 768w, https:\/\/i0.wp.com\/casadecampoliving.com\/wp-content\/uploads\/2022\/10\/una_otra_romana_by_gian_fini_01.jpg?resize=400%2C267&amp;ssl=1 400w, https:\/\/i0.wp.com\/casadecampoliving.com\/wp-content\/uploads\/2022\/10\/una_otra_romana_by_gian_fini_01.jpg?resize=706%2C471&amp;ssl=1 706w, https:\/\/i0.wp.com\/casadecampoliving.com\/wp-content\/uploads\/2022\/10\/una_otra_romana_by_gian_fini_01.jpg?resize=150%2C100&amp;ssl=1 150w, https:\/\/i0.wp.com\/casadecampoliving.com\/wp-content\/uploads\/2022\/10\/una_otra_romana_by_gian_fini_01.jpg?w=370&amp;ssl=1 370w\" sizes=\"auto, (max-width: 800px) 100vw, 800px\" \/><\/figure>\n\n\n\n<figure class=\"wp-block-image size-large\"><img data-recalc-dims=\"1\" loading=\"lazy\" decoding=\"async\" width=\"800\" height=\"534\" data-id=\"496531\" src=\"https:\/\/i0.wp.com\/casadecampoliving.com\/wp-content\/uploads\/2022\/10\/una_otra_romana_by_gian_fini_02.jpg?resize=800%2C534&#038;ssl=1\" alt=\"\" class=\"wp-image-496531\" srcset=\"https:\/\/i0.wp.com\/casadecampoliving.com\/wp-content\/uploads\/2022\/10\/una_otra_romana_by_gian_fini_02.jpg?w=800&amp;ssl=1 800w, https:\/\/i0.wp.com\/casadecampoliving.com\/wp-content\/uploads\/2022\/10\/una_otra_romana_by_gian_fini_02.jpg?resize=300%2C200&amp;ssl=1 300w, https:\/\/i0.wp.com\/casadecampoliving.com\/wp-content\/uploads\/2022\/10\/una_otra_romana_by_gian_fini_02.jpg?resize=768%2C513&amp;ssl=1 768w, https:\/\/i0.wp.com\/casadecampoliving.com\/wp-content\/uploads\/2022\/10\/una_otra_romana_by_gian_fini_02.jpg?resize=400%2C267&amp;ssl=1 400w, https:\/\/i0.wp.com\/casadecampoliving.com\/wp-content\/uploads\/2022\/10\/una_otra_romana_by_gian_fini_02.jpg?resize=706%2C471&amp;ssl=1 706w, https:\/\/i0.wp.com\/casadecampoliving.com\/wp-content\/uploads\/2022\/10\/una_otra_romana_by_gian_fini_02.jpg?resize=150%2C100&amp;ssl=1 150w, https:\/\/i0.wp.com\/casadecampoliving.com\/wp-content\/uploads\/2022\/10\/una_otra_romana_by_gian_fini_02.jpg?w=370&amp;ssl=1 370w\" sizes=\"auto, (max-width: 800px) 100vw, 800px\" \/><\/figure>\n\n\n\n<figure class=\"wp-block-image size-large\"><img data-recalc-dims=\"1\" loading=\"lazy\" decoding=\"async\" width=\"800\" height=\"534\" data-id=\"496533\" src=\"https:\/\/i0.wp.com\/casadecampoliving.com\/wp-content\/uploads\/2022\/10\/una_otra_romana_by_gian_fini_03.jpg?resize=800%2C534&#038;ssl=1\" alt=\"\" class=\"wp-image-496533\" srcset=\"https:\/\/i0.wp.com\/casadecampoliving.com\/wp-content\/uploads\/2022\/10\/una_otra_romana_by_gian_fini_03.jpg?w=800&amp;ssl=1 800w, https:\/\/i0.wp.com\/casadecampoliving.com\/wp-content\/uploads\/2022\/10\/una_otra_romana_by_gian_fini_03.jpg?resize=300%2C200&amp;ssl=1 300w, https:\/\/i0.wp.com\/casadecampoliving.com\/wp-content\/uploads\/2022\/10\/una_otra_romana_by_gian_fini_03.jpg?resize=768%2C513&amp;ssl=1 768w, https:\/\/i0.wp.com\/casadecampoliving.com\/wp-content\/uploads\/2022\/10\/una_otra_romana_by_gian_fini_03.jpg?resize=400%2C267&amp;ssl=1 400w, https:\/\/i0.wp.com\/casadecampoliving.com\/wp-content\/uploads\/2022\/10\/una_otra_romana_by_gian_fini_03.jpg?resize=706%2C471&amp;ssl=1 706w, https:\/\/i0.wp.com\/casadecampoliving.com\/wp-content\/uploads\/2022\/10\/una_otra_romana_by_gian_fini_03.jpg?resize=150%2C100&amp;ssl=1 150w, https:\/\/i0.wp.com\/casadecampoliving.com\/wp-content\/uploads\/2022\/10\/una_otra_romana_by_gian_fini_03.jpg?w=370&amp;ssl=1 370w\" sizes=\"auto, (max-width: 800px) 100vw, 800px\" \/><\/figure>\n\n\n\n<figure class=\"wp-block-image size-large\"><img data-recalc-dims=\"1\" loading=\"lazy\" decoding=\"async\" width=\"800\" height=\"534\" data-id=\"496537\" src=\"https:\/\/i0.wp.com\/casadecampoliving.com\/wp-content\/uploads\/2022\/10\/una_otra_romana_by_gian_fini_04.jpg?resize=800%2C534&#038;ssl=1\" alt=\"\" class=\"wp-image-496537\" srcset=\"https:\/\/i0.wp.com\/casadecampoliving.com\/wp-content\/uploads\/2022\/10\/una_otra_romana_by_gian_fini_04.jpg?w=800&amp;ssl=1 800w, https:\/\/i0.wp.com\/casadecampoliving.com\/wp-content\/uploads\/2022\/10\/una_otra_romana_by_gian_fini_04.jpg?resize=300%2C200&amp;ssl=1 300w, https:\/\/i0.wp.com\/casadecampoliving.com\/wp-content\/uploads\/2022\/10\/una_otra_romana_by_gian_fini_04.jpg?resize=768%2C513&amp;ssl=1 768w, https:\/\/i0.wp.com\/casadecampoliving.com\/wp-content\/uploads\/2022\/10\/una_otra_romana_by_gian_fini_04.jpg?resize=400%2C267&amp;ssl=1 400w, https:\/\/i0.wp.com\/casadecampoliving.com\/wp-content\/uploads\/2022\/10\/una_otra_romana_by_gian_fini_04.jpg?resize=706%2C471&amp;ssl=1 706w, https:\/\/i0.wp.com\/casadecampoliving.com\/wp-content\/uploads\/2022\/10\/una_otra_romana_by_gian_fini_04.jpg?resize=150%2C100&amp;ssl=1 150w, https:\/\/i0.wp.com\/casadecampoliving.com\/wp-content\/uploads\/2022\/10\/una_otra_romana_by_gian_fini_04.jpg?w=370&amp;ssl=1 370w\" sizes=\"auto, (max-width: 800px) 100vw, 800px\" \/><\/figure>\n\n\n\n<figure class=\"wp-block-image size-large\"><img data-recalc-dims=\"1\" loading=\"lazy\" decoding=\"async\" width=\"800\" height=\"534\" data-id=\"496541\" src=\"https:\/\/i0.wp.com\/casadecampoliving.com\/wp-content\/uploads\/2022\/10\/una_otra_romana_by_gian_fini_05.jpg?resize=800%2C534&#038;ssl=1\" alt=\"\" class=\"wp-image-496541\" srcset=\"https:\/\/i0.wp.com\/casadecampoliving.com\/wp-content\/uploads\/2022\/10\/una_otra_romana_by_gian_fini_05.jpg?w=800&amp;ssl=1 800w, https:\/\/i0.wp.com\/casadecampoliving.com\/wp-content\/uploads\/2022\/10\/una_otra_romana_by_gian_fini_05.jpg?resize=300%2C200&amp;ssl=1 300w, https:\/\/i0.wp.com\/casadecampoliving.com\/wp-content\/uploads\/2022\/10\/una_otra_romana_by_gian_fini_05.jpg?resize=768%2C513&amp;ssl=1 768w, https:\/\/i0.wp.com\/casadecampoliving.com\/wp-content\/uploads\/2022\/10\/una_otra_romana_by_gian_fini_05.jpg?resize=400%2C267&amp;ssl=1 400w, https:\/\/i0.wp.com\/casadecampoliving.com\/wp-content\/uploads\/2022\/10\/una_otra_romana_by_gian_fini_05.jpg?resize=706%2C471&amp;ssl=1 706w, https:\/\/i0.wp.com\/casadecampoliving.com\/wp-content\/uploads\/2022\/10\/una_otra_romana_by_gian_fini_05.jpg?resize=150%2C100&amp;ssl=1 150w, https:\/\/i0.wp.com\/casadecampoliving.com\/wp-content\/uploads\/2022\/10\/una_otra_romana_by_gian_fini_05.jpg?w=370&amp;ssl=1 370w\" sizes=\"auto, (max-width: 800px) 100vw, 800px\" \/><\/figure>\n\n\n\n<figure class=\"wp-block-image size-large\"><img data-recalc-dims=\"1\" loading=\"lazy\" decoding=\"async\" width=\"800\" height=\"534\" data-id=\"496545\" src=\"https:\/\/i0.wp.com\/casadecampoliving.com\/wp-content\/uploads\/2022\/10\/una_otra_romana_by_gian_fini_06.jpg?resize=800%2C534&#038;ssl=1\" alt=\"\" class=\"wp-image-496545\" srcset=\"https:\/\/i0.wp.com\/casadecampoliving.com\/wp-content\/uploads\/2022\/10\/una_otra_romana_by_gian_fini_06.jpg?w=800&amp;ssl=1 800w, https:\/\/i0.wp.com\/casadecampoliving.com\/wp-content\/uploads\/2022\/10\/una_otra_romana_by_gian_fini_06.jpg?resize=300%2C200&amp;ssl=1 300w, https:\/\/i0.wp.com\/casadecampoliving.com\/wp-content\/uploads\/2022\/10\/una_otra_romana_by_gian_fini_06.jpg?resize=768%2C513&amp;ssl=1 768w, https:\/\/i0.wp.com\/casadecampoliving.com\/wp-content\/uploads\/2022\/10\/una_otra_romana_by_gian_fini_06.jpg?resize=400%2C267&amp;ssl=1 400w, https:\/\/i0.wp.com\/casadecampoliving.com\/wp-content\/uploads\/2022\/10\/una_otra_romana_by_gian_fini_06.jpg?resize=706%2C471&amp;ssl=1 706w, https:\/\/i0.wp.com\/casadecampoliving.com\/wp-content\/uploads\/2022\/10\/una_otra_romana_by_gian_fini_06.jpg?resize=150%2C100&amp;ssl=1 150w, https:\/\/i0.wp.com\/casadecampoliving.com\/wp-content\/uploads\/2022\/10\/una_otra_romana_by_gian_fini_06.jpg?w=370&amp;ssl=1 370w\" sizes=\"auto, (max-width: 800px) 100vw, 800px\" \/><\/figure>\n\n\n\n<figure class=\"wp-block-image size-large\"><img data-recalc-dims=\"1\" loading=\"lazy\" decoding=\"async\" width=\"800\" height=\"534\" data-id=\"496549\" src=\"https:\/\/i0.wp.com\/casadecampoliving.com\/wp-content\/uploads\/2022\/10\/una_otra_romana_by_gian_fini_07.jpg?resize=800%2C534&#038;ssl=1\" alt=\"\" class=\"wp-image-496549\" srcset=\"https:\/\/i0.wp.com\/casadecampoliving.com\/wp-content\/uploads\/2022\/10\/una_otra_romana_by_gian_fini_07.jpg?w=800&amp;ssl=1 800w, https:\/\/i0.wp.com\/casadecampoliving.com\/wp-content\/uploads\/2022\/10\/una_otra_romana_by_gian_fini_07.jpg?resize=300%2C200&amp;ssl=1 300w, https:\/\/i0.wp.com\/casadecampoliving.com\/wp-content\/uploads\/2022\/10\/una_otra_romana_by_gian_fini_07.jpg?resize=768%2C513&amp;ssl=1 768w, https:\/\/i0.wp.com\/casadecampoliving.com\/wp-content\/uploads\/2022\/10\/una_otra_romana_by_gian_fini_07.jpg?resize=400%2C267&amp;ssl=1 400w, https:\/\/i0.wp.com\/casadecampoliving.com\/wp-content\/uploads\/2022\/10\/una_otra_romana_by_gian_fini_07.jpg?resize=706%2C471&amp;ssl=1 706w, https:\/\/i0.wp.com\/casadecampoliving.com\/wp-content\/uploads\/2022\/10\/una_otra_romana_by_gian_fini_07.jpg?resize=150%2C100&amp;ssl=1 150w, https:\/\/i0.wp.com\/casadecampoliving.com\/wp-content\/uploads\/2022\/10\/una_otra_romana_by_gian_fini_07.jpg?w=370&amp;ssl=1 370w\" sizes=\"auto, (max-width: 800px) 100vw, 800px\" \/><\/figure>\n\n\n\n<figure class=\"wp-block-image size-large\"><img data-recalc-dims=\"1\" loading=\"lazy\" decoding=\"async\" width=\"800\" height=\"534\" data-id=\"496553\" src=\"https:\/\/i0.wp.com\/casadecampoliving.com\/wp-content\/uploads\/2022\/10\/una_otra_romana_by_gian_fini_08.jpg?resize=800%2C534&#038;ssl=1\" alt=\"\" class=\"wp-image-496553\" srcset=\"https:\/\/i0.wp.com\/casadecampoliving.com\/wp-content\/uploads\/2022\/10\/una_otra_romana_by_gian_fini_08.jpg?w=800&amp;ssl=1 800w, https:\/\/i0.wp.com\/casadecampoliving.com\/wp-content\/uploads\/2022\/10\/una_otra_romana_by_gian_fini_08.jpg?resize=300%2C200&amp;ssl=1 300w, https:\/\/i0.wp.com\/casadecampoliving.com\/wp-content\/uploads\/2022\/10\/una_otra_romana_by_gian_fini_08.jpg?resize=768%2C513&amp;ssl=1 768w, https:\/\/i0.wp.com\/casadecampoliving.com\/wp-content\/uploads\/2022\/10\/una_otra_romana_by_gian_fini_08.jpg?resize=400%2C267&amp;ssl=1 400w, https:\/\/i0.wp.com\/casadecampoliving.com\/wp-content\/uploads\/2022\/10\/una_otra_romana_by_gian_fini_08.jpg?resize=706%2C471&amp;ssl=1 706w, https:\/\/i0.wp.com\/casadecampoliving.com\/wp-content\/uploads\/2022\/10\/una_otra_romana_by_gian_fini_08.jpg?resize=150%2C100&amp;ssl=1 150w, https:\/\/i0.wp.com\/casadecampoliving.com\/wp-content\/uploads\/2022\/10\/una_otra_romana_by_gian_fini_08.jpg?w=370&amp;ssl=1 370w\" sizes=\"auto, (max-width: 800px) 100vw, 800px\" \/><\/figure>\n\n\n\n<figure class=\"wp-block-image size-large\"><img data-recalc-dims=\"1\" loading=\"lazy\" decoding=\"async\" width=\"800\" height=\"534\" data-id=\"496557\" src=\"https:\/\/i0.wp.com\/casadecampoliving.com\/wp-content\/uploads\/2022\/10\/una_otra_romana_by_gian_fini_09.jpg?resize=800%2C534&#038;ssl=1\" alt=\"\" class=\"wp-image-496557\" srcset=\"https:\/\/i0.wp.com\/casadecampoliving.com\/wp-content\/uploads\/2022\/10\/una_otra_romana_by_gian_fini_09.jpg?w=800&amp;ssl=1 800w, https:\/\/i0.wp.com\/casadecampoliving.com\/wp-content\/uploads\/2022\/10\/una_otra_romana_by_gian_fini_09.jpg?resize=300%2C200&amp;ssl=1 300w, https:\/\/i0.wp.com\/casadecampoliving.com\/wp-content\/uploads\/2022\/10\/una_otra_romana_by_gian_fini_09.jpg?resize=768%2C513&amp;ssl=1 768w, https:\/\/i0.wp.com\/casadecampoliving.com\/wp-content\/uploads\/2022\/10\/una_otra_romana_by_gian_fini_09.jpg?resize=400%2C267&amp;ssl=1 400w, https:\/\/i0.wp.com\/casadecampoliving.com\/wp-content\/uploads\/2022\/10\/una_otra_romana_by_gian_fini_09.jpg?resize=706%2C471&amp;ssl=1 706w, https:\/\/i0.wp.com\/casadecampoliving.com\/wp-content\/uploads\/2022\/10\/una_otra_romana_by_gian_fini_09.jpg?resize=150%2C100&amp;ssl=1 150w, https:\/\/i0.wp.com\/casadecampoliving.com\/wp-content\/uploads\/2022\/10\/una_otra_romana_by_gian_fini_09.jpg?w=370&amp;ssl=1 370w\" sizes=\"auto, (max-width: 800px) 100vw, 800px\" \/><\/figure>\n\n\n\n<figure class=\"wp-block-image size-large\"><img data-recalc-dims=\"1\" loading=\"lazy\" decoding=\"async\" width=\"800\" height=\"534\" data-id=\"496561\" src=\"https:\/\/i0.wp.com\/casadecampoliving.com\/wp-content\/uploads\/2022\/10\/una_otra_romana_by_gian_fini_10.jpg?resize=800%2C534&#038;ssl=1\" alt=\"\" class=\"wp-image-496561\" srcset=\"https:\/\/i0.wp.com\/casadecampoliving.com\/wp-content\/uploads\/2022\/10\/una_otra_romana_by_gian_fini_10.jpg?w=800&amp;ssl=1 800w, https:\/\/i0.wp.com\/casadecampoliving.com\/wp-content\/uploads\/2022\/10\/una_otra_romana_by_gian_fini_10.jpg?resize=300%2C200&amp;ssl=1 300w, https:\/\/i0.wp.com\/casadecampoliving.com\/wp-content\/uploads\/2022\/10\/una_otra_romana_by_gian_fini_10.jpg?resize=768%2C513&amp;ssl=1 768w, https:\/\/i0.wp.com\/casadecampoliving.com\/wp-content\/uploads\/2022\/10\/una_otra_romana_by_gian_fini_10.jpg?resize=400%2C267&amp;ssl=1 400w, https:\/\/i0.wp.com\/casadecampoliving.com\/wp-content\/uploads\/2022\/10\/una_otra_romana_by_gian_fini_10.jpg?resize=706%2C471&amp;ssl=1 706w, https:\/\/i0.wp.com\/casadecampoliving.com\/wp-content\/uploads\/2022\/10\/una_otra_romana_by_gian_fini_10.jpg?resize=150%2C100&amp;ssl=1 150w, https:\/\/i0.wp.com\/casadecampoliving.com\/wp-content\/uploads\/2022\/10\/una_otra_romana_by_gian_fini_10.jpg?w=370&amp;ssl=1 370w\" sizes=\"auto, (max-width: 800px) 100vw, 800px\" \/><\/figure>\n\n\n\n<figure class=\"wp-block-image size-large\"><img data-recalc-dims=\"1\" loading=\"lazy\" decoding=\"async\" width=\"800\" height=\"534\" data-id=\"496565\" src=\"https:\/\/i0.wp.com\/casadecampoliving.com\/wp-content\/uploads\/2022\/10\/una_otra_romana_by_gian_fini_11.jpg?resize=800%2C534&#038;ssl=1\" alt=\"\" class=\"wp-image-496565\" srcset=\"https:\/\/i0.wp.com\/casadecampoliving.com\/wp-content\/uploads\/2022\/10\/una_otra_romana_by_gian_fini_11.jpg?w=800&amp;ssl=1 800w, https:\/\/i0.wp.com\/casadecampoliving.com\/wp-content\/uploads\/2022\/10\/una_otra_romana_by_gian_fini_11.jpg?resize=300%2C200&amp;ssl=1 300w, https:\/\/i0.wp.com\/casadecampoliving.com\/wp-content\/uploads\/2022\/10\/una_otra_romana_by_gian_fini_11.jpg?resize=768%2C513&amp;ssl=1 768w, https:\/\/i0.wp.com\/casadecampoliving.com\/wp-content\/uploads\/2022\/10\/una_otra_romana_by_gian_fini_11.jpg?resize=400%2C267&amp;ssl=1 400w, https:\/\/i0.wp.com\/casadecampoliving.com\/wp-content\/uploads\/2022\/10\/una_otra_romana_by_gian_fini_11.jpg?resize=706%2C471&amp;ssl=1 706w, https:\/\/i0.wp.com\/casadecampoliving.com\/wp-content\/uploads\/2022\/10\/una_otra_romana_by_gian_fini_11.jpg?resize=150%2C100&amp;ssl=1 150w, https:\/\/i0.wp.com\/casadecampoliving.com\/wp-content\/uploads\/2022\/10\/una_otra_romana_by_gian_fini_11.jpg?w=370&amp;ssl=1 370w\" sizes=\"auto, (max-width: 800px) 100vw, 800px\" \/><\/figure>\n\n\n\n<figure class=\"wp-block-image size-large\"><img data-recalc-dims=\"1\" loading=\"lazy\" decoding=\"async\" width=\"800\" height=\"534\" data-id=\"496569\" src=\"https:\/\/i0.wp.com\/casadecampoliving.com\/wp-content\/uploads\/2022\/10\/una_otra_romana_by_gian_fini_12.jpg?resize=800%2C534&#038;ssl=1\" alt=\"\" class=\"wp-image-496569\" srcset=\"https:\/\/i0.wp.com\/casadecampoliving.com\/wp-content\/uploads\/2022\/10\/una_otra_romana_by_gian_fini_12.jpg?w=800&amp;ssl=1 800w, https:\/\/i0.wp.com\/casadecampoliving.com\/wp-content\/uploads\/2022\/10\/una_otra_romana_by_gian_fini_12.jpg?resize=300%2C200&amp;ssl=1 300w, https:\/\/i0.wp.com\/casadecampoliving.com\/wp-content\/uploads\/2022\/10\/una_otra_romana_by_gian_fini_12.jpg?resize=768%2C513&amp;ssl=1 768w, https:\/\/i0.wp.com\/casadecampoliving.com\/wp-content\/uploads\/2022\/10\/una_otra_romana_by_gian_fini_12.jpg?resize=400%2C267&amp;ssl=1 400w, https:\/\/i0.wp.com\/casadecampoliving.com\/wp-content\/uploads\/2022\/10\/una_otra_romana_by_gian_fini_12.jpg?resize=706%2C471&amp;ssl=1 706w, https:\/\/i0.wp.com\/casadecampoliving.com\/wp-content\/uploads\/2022\/10\/una_otra_romana_by_gian_fini_12.jpg?resize=150%2C100&amp;ssl=1 150w, https:\/\/i0.wp.com\/casadecampoliving.com\/wp-content\/uploads\/2022\/10\/una_otra_romana_by_gian_fini_12.jpg?w=370&amp;ssl=1 370w\" sizes=\"auto, (max-width: 800px) 100vw, 800px\" \/><\/figure>\n\n\n\n<figure class=\"wp-block-image size-large\"><img data-recalc-dims=\"1\" loading=\"lazy\" decoding=\"async\" width=\"800\" height=\"534\" data-id=\"496573\" src=\"https:\/\/i0.wp.com\/casadecampoliving.com\/wp-content\/uploads\/2022\/10\/una_otra_romana_by_gian_fini_13.jpg?resize=800%2C534&#038;ssl=1\" alt=\"\" class=\"wp-image-496573\" srcset=\"https:\/\/i0.wp.com\/casadecampoliving.com\/wp-content\/uploads\/2022\/10\/una_otra_romana_by_gian_fini_13.jpg?w=800&amp;ssl=1 800w, https:\/\/i0.wp.com\/casadecampoliving.com\/wp-content\/uploads\/2022\/10\/una_otra_romana_by_gian_fini_13.jpg?resize=300%2C200&amp;ssl=1 300w, https:\/\/i0.wp.com\/casadecampoliving.com\/wp-content\/uploads\/2022\/10\/una_otra_romana_by_gian_fini_13.jpg?resize=768%2C513&amp;ssl=1 768w, https:\/\/i0.wp.com\/casadecampoliving.com\/wp-content\/uploads\/2022\/10\/una_otra_romana_by_gian_fini_13.jpg?resize=400%2C267&amp;ssl=1 400w, https:\/\/i0.wp.com\/casadecampoliving.com\/wp-content\/uploads\/2022\/10\/una_otra_romana_by_gian_fini_13.jpg?resize=706%2C471&amp;ssl=1 706w, https:\/\/i0.wp.com\/casadecampoliving.com\/wp-content\/uploads\/2022\/10\/una_otra_romana_by_gian_fini_13.jpg?resize=150%2C100&amp;ssl=1 150w, https:\/\/i0.wp.com\/casadecampoliving.com\/wp-content\/uploads\/2022\/10\/una_otra_romana_by_gian_fini_13.jpg?w=370&amp;ssl=1 370w\" sizes=\"auto, (max-width: 800px) 100vw, 800px\" \/><\/figure>\n\n\n\n<figure class=\"wp-block-image size-large\"><img data-recalc-dims=\"1\" loading=\"lazy\" decoding=\"async\" width=\"800\" height=\"534\" data-id=\"496577\" src=\"https:\/\/i0.wp.com\/casadecampoliving.com\/wp-content\/uploads\/2022\/10\/una_otra_romana_by_gian_fini_14.jpg?resize=800%2C534&#038;ssl=1\" alt=\"\" class=\"wp-image-496577\" srcset=\"https:\/\/i0.wp.com\/casadecampoliving.com\/wp-content\/uploads\/2022\/10\/una_otra_romana_by_gian_fini_14.jpg?w=800&amp;ssl=1 800w, https:\/\/i0.wp.com\/casadecampoliving.com\/wp-content\/uploads\/2022\/10\/una_otra_romana_by_gian_fini_14.jpg?resize=300%2C200&amp;ssl=1 300w, https:\/\/i0.wp.com\/casadecampoliving.com\/wp-content\/uploads\/2022\/10\/una_otra_romana_by_gian_fini_14.jpg?resize=768%2C513&amp;ssl=1 768w, https:\/\/i0.wp.com\/casadecampoliving.com\/wp-content\/uploads\/2022\/10\/una_otra_romana_by_gian_fini_14.jpg?resize=400%2C267&amp;ssl=1 400w, https:\/\/i0.wp.com\/casadecampoliving.com\/wp-content\/uploads\/2022\/10\/una_otra_romana_by_gian_fini_14.jpg?resize=706%2C471&amp;ssl=1 706w, https:\/\/i0.wp.com\/casadecampoliving.com\/wp-content\/uploads\/2022\/10\/una_otra_romana_by_gian_fini_14.jpg?resize=150%2C100&amp;ssl=1 150w, https:\/\/i0.wp.com\/casadecampoliving.com\/wp-content\/uploads\/2022\/10\/una_otra_romana_by_gian_fini_14.jpg?w=370&amp;ssl=1 370w\" sizes=\"auto, (max-width: 800px) 100vw, 800px\" \/><\/figure>\n\n\n\n<figure class=\"wp-block-image size-large\"><img data-recalc-dims=\"1\" loading=\"lazy\" decoding=\"async\" width=\"800\" height=\"600\" data-id=\"496581\" src=\"https:\/\/i0.wp.com\/casadecampoliving.com\/wp-content\/uploads\/2022\/10\/una_otra_romana_by_gian_fini_15.jpg?resize=800%2C600&#038;ssl=1\" alt=\"\" class=\"wp-image-496581\" srcset=\"https:\/\/i0.wp.com\/casadecampoliving.com\/wp-content\/uploads\/2022\/10\/una_otra_romana_by_gian_fini_15.jpg?w=800&amp;ssl=1 800w, https:\/\/i0.wp.com\/casadecampoliving.com\/wp-content\/uploads\/2022\/10\/una_otra_romana_by_gian_fini_15.jpg?resize=300%2C225&amp;ssl=1 300w, https:\/\/i0.wp.com\/casadecampoliving.com\/wp-content\/uploads\/2022\/10\/una_otra_romana_by_gian_fini_15.jpg?resize=768%2C576&amp;ssl=1 768w, https:\/\/i0.wp.com\/casadecampoliving.com\/wp-content\/uploads\/2022\/10\/una_otra_romana_by_gian_fini_15.jpg?resize=400%2C300&amp;ssl=1 400w, https:\/\/i0.wp.com\/casadecampoliving.com\/wp-content\/uploads\/2022\/10\/una_otra_romana_by_gian_fini_15.jpg?resize=200%2C150&amp;ssl=1 200w, https:\/\/i0.wp.com\/casadecampoliving.com\/wp-content\/uploads\/2022\/10\/una_otra_romana_by_gian_fini_15.jpg?resize=706%2C530&amp;ssl=1 706w, https:\/\/i0.wp.com\/casadecampoliving.com\/wp-content\/uploads\/2022\/10\/una_otra_romana_by_gian_fini_15.jpg?resize=150%2C113&amp;ssl=1 150w, https:\/\/i0.wp.com\/casadecampoliving.com\/wp-content\/uploads\/2022\/10\/una_otra_romana_by_gian_fini_15.jpg?w=370&amp;ssl=1 370w\" sizes=\"auto, (max-width: 800px) 100vw, 800px\" \/><\/figure>\n\n\n\n<figure class=\"wp-block-image size-large\"><img data-recalc-dims=\"1\" loading=\"lazy\" decoding=\"async\" width=\"800\" height=\"534\" data-id=\"496585\" src=\"https:\/\/i0.wp.com\/casadecampoliving.com\/wp-content\/uploads\/2022\/10\/una_otra_romana_by_gian_fini_16.jpg?resize=800%2C534&#038;ssl=1\" alt=\"\" class=\"wp-image-496585\" srcset=\"https:\/\/i0.wp.com\/casadecampoliving.com\/wp-content\/uploads\/2022\/10\/una_otra_romana_by_gian_fini_16.jpg?w=800&amp;ssl=1 800w, https:\/\/i0.wp.com\/casadecampoliving.com\/wp-content\/uploads\/2022\/10\/una_otra_romana_by_gian_fini_16.jpg?resize=300%2C200&amp;ssl=1 300w, https:\/\/i0.wp.com\/casadecampoliving.com\/wp-content\/uploads\/2022\/10\/una_otra_romana_by_gian_fini_16.jpg?resize=768%2C513&amp;ssl=1 768w, https:\/\/i0.wp.com\/casadecampoliving.com\/wp-content\/uploads\/2022\/10\/una_otra_romana_by_gian_fini_16.jpg?resize=400%2C267&amp;ssl=1 400w, https:\/\/i0.wp.com\/casadecampoliving.com\/wp-content\/uploads\/2022\/10\/una_otra_romana_by_gian_fini_16.jpg?resize=706%2C471&amp;ssl=1 706w, https:\/\/i0.wp.com\/casadecampoliving.com\/wp-content\/uploads\/2022\/10\/una_otra_romana_by_gian_fini_16.jpg?resize=150%2C100&amp;ssl=1 150w, https:\/\/i0.wp.com\/casadecampoliving.com\/wp-content\/uploads\/2022\/10\/una_otra_romana_by_gian_fini_16.jpg?w=370&amp;ssl=1 370w\" sizes=\"auto, (max-width: 800px) 100vw, 800px\" \/><\/figure>\n\n\n\n<figure class=\"wp-block-image size-large\"><img data-recalc-dims=\"1\" loading=\"lazy\" decoding=\"async\" width=\"800\" height=\"534\" data-id=\"496589\" src=\"https:\/\/i0.wp.com\/casadecampoliving.com\/wp-content\/uploads\/2022\/10\/una_otra_romana_by_gian_fini_17.jpg?resize=800%2C534&#038;ssl=1\" alt=\"\" class=\"wp-image-496589\" srcset=\"https:\/\/i0.wp.com\/casadecampoliving.com\/wp-content\/uploads\/2022\/10\/una_otra_romana_by_gian_fini_17.jpg?w=800&amp;ssl=1 800w, https:\/\/i0.wp.com\/casadecampoliving.com\/wp-content\/uploads\/2022\/10\/una_otra_romana_by_gian_fini_17.jpg?resize=300%2C200&amp;ssl=1 300w, https:\/\/i0.wp.com\/casadecampoliving.com\/wp-content\/uploads\/2022\/10\/una_otra_romana_by_gian_fini_17.jpg?resize=768%2C513&amp;ssl=1 768w, https:\/\/i0.wp.com\/casadecampoliving.com\/wp-content\/uploads\/2022\/10\/una_otra_romana_by_gian_fini_17.jpg?resize=400%2C267&amp;ssl=1 400w, https:\/\/i0.wp.com\/casadecampoliving.com\/wp-content\/uploads\/2022\/10\/una_otra_romana_by_gian_fini_17.jpg?resize=706%2C471&amp;ssl=1 706w, https:\/\/i0.wp.com\/casadecampoliving.com\/wp-content\/uploads\/2022\/10\/una_otra_romana_by_gian_fini_17.jpg?resize=150%2C100&amp;ssl=1 150w, https:\/\/i0.wp.com\/casadecampoliving.com\/wp-content\/uploads\/2022\/10\/una_otra_romana_by_gian_fini_17.jpg?w=370&amp;ssl=1 370w\" sizes=\"auto, (max-width: 800px) 100vw, 800px\" \/><\/figure>\n\n\n\n<figure class=\"wp-block-image size-large\"><img data-recalc-dims=\"1\" loading=\"lazy\" decoding=\"async\" width=\"800\" height=\"534\" data-id=\"496593\" src=\"https:\/\/i0.wp.com\/casadecampoliving.com\/wp-content\/uploads\/2022\/10\/una_otra_romana_by_gian_fini_18.jpg?resize=800%2C534&#038;ssl=1\" alt=\"\" class=\"wp-image-496593\" srcset=\"https:\/\/i0.wp.com\/casadecampoliving.com\/wp-content\/uploads\/2022\/10\/una_otra_romana_by_gian_fini_18.jpg?w=800&amp;ssl=1 800w, https:\/\/i0.wp.com\/casadecampoliving.com\/wp-content\/uploads\/2022\/10\/una_otra_romana_by_gian_fini_18.jpg?resize=300%2C200&amp;ssl=1 300w, https:\/\/i0.wp.com\/casadecampoliving.com\/wp-content\/uploads\/2022\/10\/una_otra_romana_by_gian_fini_18.jpg?resize=768%2C513&amp;ssl=1 768w, https:\/\/i0.wp.com\/casadecampoliving.com\/wp-content\/uploads\/2022\/10\/una_otra_romana_by_gian_fini_18.jpg?resize=400%2C267&amp;ssl=1 400w, https:\/\/i0.wp.com\/casadecampoliving.com\/wp-content\/uploads\/2022\/10\/una_otra_romana_by_gian_fini_18.jpg?resize=706%2C471&amp;ssl=1 706w, https:\/\/i0.wp.com\/casadecampoliving.com\/wp-content\/uploads\/2022\/10\/una_otra_romana_by_gian_fini_18.jpg?resize=150%2C100&amp;ssl=1 150w, https:\/\/i0.wp.com\/casadecampoliving.com\/wp-content\/uploads\/2022\/10\/una_otra_romana_by_gian_fini_18.jpg?w=370&amp;ssl=1 370w\" sizes=\"auto, (max-width: 800px) 100vw, 800px\" \/><\/figure>\n\n\n\n<figure class=\"wp-block-image size-large\"><img data-recalc-dims=\"1\" loading=\"lazy\" decoding=\"async\" width=\"800\" height=\"534\" data-id=\"496597\" src=\"https:\/\/i0.wp.com\/casadecampoliving.com\/wp-content\/uploads\/2022\/10\/una_otra_romana_by_gian_fini_19.jpg?resize=800%2C534&#038;ssl=1\" alt=\"\" class=\"wp-image-496597\" srcset=\"https:\/\/i0.wp.com\/casadecampoliving.com\/wp-content\/uploads\/2022\/10\/una_otra_romana_by_gian_fini_19.jpg?w=800&amp;ssl=1 800w, https:\/\/i0.wp.com\/casadecampoliving.com\/wp-content\/uploads\/2022\/10\/una_otra_romana_by_gian_fini_19.jpg?resize=300%2C200&amp;ssl=1 300w, https:\/\/i0.wp.com\/casadecampoliving.com\/wp-content\/uploads\/2022\/10\/una_otra_romana_by_gian_fini_19.jpg?resize=768%2C513&amp;ssl=1 768w, https:\/\/i0.wp.com\/casadecampoliving.com\/wp-content\/uploads\/2022\/10\/una_otra_romana_by_gian_fini_19.jpg?resize=400%2C267&amp;ssl=1 400w, https:\/\/i0.wp.com\/casadecampoliving.com\/wp-content\/uploads\/2022\/10\/una_otra_romana_by_gian_fini_19.jpg?resize=706%2C471&amp;ssl=1 706w, https:\/\/i0.wp.com\/casadecampoliving.com\/wp-content\/uploads\/2022\/10\/una_otra_romana_by_gian_fini_19.jpg?resize=150%2C100&amp;ssl=1 150w, https:\/\/i0.wp.com\/casadecampoliving.com\/wp-content\/uploads\/2022\/10\/una_otra_romana_by_gian_fini_19.jpg?w=370&amp;ssl=1 370w\" sizes=\"auto, (max-width: 800px) 100vw, 800px\" \/><\/figure>\n\n\n\n<figure class=\"wp-block-image size-large\"><img data-recalc-dims=\"1\" loading=\"lazy\" decoding=\"async\" width=\"800\" height=\"534\" data-id=\"496599\" src=\"https:\/\/i0.wp.com\/casadecampoliving.com\/wp-content\/uploads\/2022\/10\/una_otra_romana_by_gian_fini_20.jpg?resize=800%2C534&#038;ssl=1\" alt=\"\" class=\"wp-image-496599\" srcset=\"https:\/\/i0.wp.com\/casadecampoliving.com\/wp-content\/uploads\/2022\/10\/una_otra_romana_by_gian_fini_20.jpg?w=800&amp;ssl=1 800w, https:\/\/i0.wp.com\/casadecampoliving.com\/wp-content\/uploads\/2022\/10\/una_otra_romana_by_gian_fini_20.jpg?resize=300%2C200&amp;ssl=1 300w, https:\/\/i0.wp.com\/casadecampoliving.com\/wp-content\/uploads\/2022\/10\/una_otra_romana_by_gian_fini_20.jpg?resize=768%2C513&amp;ssl=1 768w, https:\/\/i0.wp.com\/casadecampoliving.com\/wp-content\/uploads\/2022\/10\/una_otra_romana_by_gian_fini_20.jpg?resize=400%2C267&amp;ssl=1 400w, https:\/\/i0.wp.com\/casadecampoliving.com\/wp-content\/uploads\/2022\/10\/una_otra_romana_by_gian_fini_20.jpg?resize=706%2C471&amp;ssl=1 706w, https:\/\/i0.wp.com\/casadecampoliving.com\/wp-content\/uploads\/2022\/10\/una_otra_romana_by_gian_fini_20.jpg?resize=150%2C100&amp;ssl=1 150w, https:\/\/i0.wp.com\/casadecampoliving.com\/wp-content\/uploads\/2022\/10\/una_otra_romana_by_gian_fini_20.jpg?w=370&amp;ssl=1 370w\" sizes=\"auto, (max-width: 800px) 100vw, 800px\" \/><\/figure>\n\n\n\n<figure class=\"wp-block-image size-large\"><img data-recalc-dims=\"1\" loading=\"lazy\" decoding=\"async\" width=\"800\" height=\"534\" data-id=\"496603\" src=\"https:\/\/i0.wp.com\/casadecampoliving.com\/wp-content\/uploads\/2022\/10\/una_otra_romana_by_gian_fini_21.jpg?resize=800%2C534&#038;ssl=1\" alt=\"\" class=\"wp-image-496603\" srcset=\"https:\/\/i0.wp.com\/casadecampoliving.com\/wp-content\/uploads\/2022\/10\/una_otra_romana_by_gian_fini_21.jpg?w=800&amp;ssl=1 800w, https:\/\/i0.wp.com\/casadecampoliving.com\/wp-content\/uploads\/2022\/10\/una_otra_romana_by_gian_fini_21.jpg?resize=300%2C200&amp;ssl=1 300w, https:\/\/i0.wp.com\/casadecampoliving.com\/wp-content\/uploads\/2022\/10\/una_otra_romana_by_gian_fini_21.jpg?resize=768%2C513&amp;ssl=1 768w, https:\/\/i0.wp.com\/casadecampoliving.com\/wp-content\/uploads\/2022\/10\/una_otra_romana_by_gian_fini_21.jpg?resize=400%2C267&amp;ssl=1 400w, https:\/\/i0.wp.com\/casadecampoliving.com\/wp-content\/uploads\/2022\/10\/una_otra_romana_by_gian_fini_21.jpg?resize=706%2C471&amp;ssl=1 706w, https:\/\/i0.wp.com\/casadecampoliving.com\/wp-content\/uploads\/2022\/10\/una_otra_romana_by_gian_fini_21.jpg?resize=150%2C100&amp;ssl=1 150w, https:\/\/i0.wp.com\/casadecampoliving.com\/wp-content\/uploads\/2022\/10\/una_otra_romana_by_gian_fini_21.jpg?w=370&amp;ssl=1 370w\" sizes=\"auto, (max-width: 800px) 100vw, 800px\" \/><\/figure>\n<\/figure>\n<\/strong>","protected":false},"excerpt":{"rendered":"<p>El pasado s\u00e1bado 3 de octubre a las 6:00 de la\u00a0tarde se\u00a0llev\u00f3 a cabo\u00a0exitosamente la inauguraci\u00f3n de la exposici\u00f3n fotogr\u00e1fica \u00abUna otra Romana\u00bb,\u00a0un foto-reportaje compuesto por 47 fotograf\u00edas tomadas por el artista Gianfranco\u00a0Fini, dise\u00f1ador de La Marina de Casa de Campo.<\/p>\n","protected":false},"author":34707,"featured_media":293145,"comment_status":"closed","ping_status":"closed","sticky":false,"template":"","format":"standard","meta":{"newspack_ads_suppress_ads":false,"newspack_popups_has_disabled_popups":false,"newspack_sponsor_sponsorship_scope":"","newspack_sponsor_native_byline_display":"inherit","newspack_sponsor_native_category_display":"inherit","newspack_sponsor_underwriter_style":"inherit","newspack_sponsor_underwriter_placement":"inherit","_newspack_byline_active":false,"_newspack_byline":"","newspack_hide_updated_date":false,"newspack_show_updated_date":false,"newspack_content_restriction_is_exempt":false,"newspack_featured_image_position":"","newspack_post_subtitle":"","newspack_article_summary_title":"Overview:","newspack_article_summary":"","_jetpack_memberships_contains_paid_content":false,"footnotes":"","jetpack_publicize_message":"","jetpack_publicize_feature_enabled":true,"jetpack_social_post_already_shared":false,"jetpack_social_options":{"image_generator_settings":{"template":"highway","default_image_id":0,"font":"","enabled":false},"version":2},"_wpas_customize_per_network":false},"categories":[26823,2506,26936,26951,2521,2522,2507,2526,14631,14625,14627],"tags":[13291,9952,2536,18629,5726,3100,12271,14542,14777],"newspack_spnsrs_tax":[],"class_list":["post-348368","post","type-post","status-publish","format-standard","has-post-thumbnail","hentry","category-arte-y-cultura","category-mas-alla-de-casa-es","category-casa-de-campo-living-es","category-ccl-presenta","category-republica-dominicana-2","category-eventos-es","category-la-romana-es","category-titulares-es","category-estilo-de-vida","category-noticias-locales","category-proximamente","tag-aldea-cultural-es","tag-aldea-cultural-santa-rosa-de-lima-es","tag-arte","tag-dominican-republic-es-5","tag-exposicion","tag-fotografia","tag-gianfranco-fini-es","tag-la-romana-es","tag-republica-dominicana-es-18","entry"],"yoast_head":"<!-- This site is optimized with the Yoast SEO plugin v27.4 - https:\/\/yoast.com\/product\/yoast-seo-wordpress\/ -->\n<title>Apertura de &quot;Una Otra Romana&quot; por el Arq. Fini en la Aldea Cultural | Casa de Campo Living<\/title>\n<meta name=\"description\" content=\"El pasado s\u00e1bado 3 de octubre a las 6:00 de la\u00a0tarde se\u00a0llev\u00f3 a cabo\u00a0exitosamente la inauguraci\u00f3n de la exposici\u00f3n fotogr\u00e1fica &quot;Una otra Romana&quot;,\u00a0un\" \/>\n<meta name=\"robots\" content=\"index, follow, max-snippet:-1, max-image-preview:large, max-video-preview:-1\" \/>\n<link rel=\"canonical\" href=\"https:\/\/casadecampoliving.com\/es\/apertura-una-otra-romana-arq-fini-aldea-cultural\/\" \/>\n<meta property=\"og:locale\" content=\"es_ES\" \/>\n<meta property=\"og:type\" content=\"article\" \/>\n<meta property=\"og:title\" content=\"Apertura de &quot;Una Otra Romana&quot; por el Arq. Fini en la Aldea Cultural | Casa de Campo Living\" \/>\n<meta property=\"og:description\" content=\"El pasado s\u00e1bado 3 de octubre a las 6:00 de la\u00a0tarde se\u00a0llev\u00f3 a cabo\u00a0exitosamente la inauguraci\u00f3n de la exposici\u00f3n fotogr\u00e1fica &quot;Una otra Romana&quot;,\u00a0un\" \/>\n<meta property=\"og:url\" content=\"https:\/\/casadecampoliving.com\/es\/apertura-una-otra-romana-arq-fini-aldea-cultural\/\" \/>\n<meta property=\"og:site_name\" content=\"Casa de Campo Living\" \/>\n<meta property=\"article:publisher\" content=\"https:\/\/www.facebook.com\/casadecampoliving\" \/>\n<meta property=\"article:published_time\" content=\"2015-10-07T04:00:00+00:00\" \/>\n<meta property=\"article:modified_time\" content=\"2022-11-10T14:43:17+00:00\" \/>\n<meta property=\"og:image\" content=\"https:\/\/i0.wp.com\/casadecampoliving.com\/wp-content\/uploads\/2022\/10\/Una-Otra-Romana-Group-Header-1.jpg?fit=650%2C400&ssl=1\" \/>\n\t<meta property=\"og:image:width\" content=\"650\" \/>\n\t<meta property=\"og:image:height\" content=\"400\" \/>\n\t<meta property=\"og:image:type\" content=\"image\/jpeg\" \/>\n<meta name=\"author\" content=\"Felix Guerrero\" \/>\n<meta name=\"twitter:card\" content=\"summary_large_image\" \/>\n<meta name=\"twitter:creator\" content=\"@cdcliving\" \/>\n<meta name=\"twitter:site\" content=\"@cdcliving\" \/>\n<meta name=\"twitter:label1\" content=\"Escrito por\" \/>\n\t<meta name=\"twitter:data1\" content=\"Felix Guerrero\" \/>\n\t<meta name=\"twitter:label2\" content=\"Tiempo de lectura\" \/>\n\t<meta name=\"twitter:data2\" content=\"2 minutos\" \/>\n<script type=\"application\/ld+json\" class=\"yoast-schema-graph\">{\"@context\":\"https:\\\/\\\/schema.org\",\"@graph\":[{\"@type\":\"Article\",\"@id\":\"https:\\\/\\\/casadecampoliving.com\\\/es\\\/apertura-una-otra-romana-arq-fini-aldea-cultural\\\/#article\",\"isPartOf\":{\"@id\":\"https:\\\/\\\/casadecampoliving.com\\\/es\\\/apertura-una-otra-romana-arq-fini-aldea-cultural\\\/\"},\"author\":{\"name\":\"Felix Guerrero\",\"@id\":\"https:\\\/\\\/casadecampoliving.com\\\/es\\\/#\\\/schema\\\/person\\\/0d45cfc6e376a2f15ac9a92421bd4451\"},\"headline\":\"Apertura de \u00abUna Otra Romana\u00bb por el Arq. Fini en la Aldea Cultural\",\"datePublished\":\"2015-10-07T04:00:00+00:00\",\"dateModified\":\"2022-11-10T14:43:17+00:00\",\"mainEntityOfPage\":{\"@id\":\"https:\\\/\\\/casadecampoliving.com\\\/es\\\/apertura-una-otra-romana-arq-fini-aldea-cultural\\\/\"},\"wordCount\":497,\"publisher\":{\"@id\":\"https:\\\/\\\/casadecampoliving.com\\\/es\\\/#organization\"},\"image\":{\"@id\":\"https:\\\/\\\/casadecampoliving.com\\\/es\\\/apertura-una-otra-romana-arq-fini-aldea-cultural\\\/#primaryimage\"},\"thumbnailUrl\":\"https:\\\/\\\/i0.wp.com\\\/casadecampoliving.com\\\/wp-content\\\/uploads\\\/2022\\\/10\\\/Una-Otra-Romana-Group-Header-1.jpg?fit=650%2C400&ssl=1\",\"keywords\":[\"Aldea Cultural @es\",\"Aldea Cultural Santa Rosa de Lima @es\",\"arte\",\"Dominican Republic\",\"exposici\u00f3n\",\"fotografia\",\"Gianfranco Fini @es\",\"La Romana @es\",\"Republica Dominicana\"],\"articleSection\":[\"Arte y cultura\",\"M\u00e1s all\u00e1 de Casa\",\"Casa de Campo Living @es\",\"CCL presenta\",\"Rep\u00fablica Dominicana @es\",\"Eventos\",\"La Romana @es\",\"Titulares\",\"Estilo de Vida\",\"Noticias Locales\",\"Proximamente\"],\"inLanguage\":\"es\"},{\"@type\":\"WebPage\",\"@id\":\"https:\\\/\\\/casadecampoliving.com\\\/es\\\/apertura-una-otra-romana-arq-fini-aldea-cultural\\\/\",\"url\":\"https:\\\/\\\/casadecampoliving.com\\\/es\\\/apertura-una-otra-romana-arq-fini-aldea-cultural\\\/\",\"name\":\"Apertura de \\\"Una Otra Romana\\\" por el Arq. Fini en la Aldea Cultural | Casa de Campo Living\",\"isPartOf\":{\"@id\":\"https:\\\/\\\/casadecampoliving.com\\\/es\\\/#website\"},\"primaryImageOfPage\":{\"@id\":\"https:\\\/\\\/casadecampoliving.com\\\/es\\\/apertura-una-otra-romana-arq-fini-aldea-cultural\\\/#primaryimage\"},\"image\":{\"@id\":\"https:\\\/\\\/casadecampoliving.com\\\/es\\\/apertura-una-otra-romana-arq-fini-aldea-cultural\\\/#primaryimage\"},\"thumbnailUrl\":\"https:\\\/\\\/i0.wp.com\\\/casadecampoliving.com\\\/wp-content\\\/uploads\\\/2022\\\/10\\\/Una-Otra-Romana-Group-Header-1.jpg?fit=650%2C400&ssl=1\",\"datePublished\":\"2015-10-07T04:00:00+00:00\",\"dateModified\":\"2022-11-10T14:43:17+00:00\",\"description\":\"El pasado s\u00e1bado 3 de octubre a las 6:00 de la\u00a0tarde se\u00a0llev\u00f3 a cabo\u00a0exitosamente la inauguraci\u00f3n de la exposici\u00f3n fotogr\u00e1fica \\\"Una otra Romana\\\",\u00a0un\",\"breadcrumb\":{\"@id\":\"https:\\\/\\\/casadecampoliving.com\\\/es\\\/apertura-una-otra-romana-arq-fini-aldea-cultural\\\/#breadcrumb\"},\"inLanguage\":\"es\",\"potentialAction\":[{\"@type\":\"ReadAction\",\"target\":[\"https:\\\/\\\/casadecampoliving.com\\\/es\\\/apertura-una-otra-romana-arq-fini-aldea-cultural\\\/\"]}]},{\"@type\":\"ImageObject\",\"inLanguage\":\"es\",\"@id\":\"https:\\\/\\\/casadecampoliving.com\\\/es\\\/apertura-una-otra-romana-arq-fini-aldea-cultural\\\/#primaryimage\",\"url\":\"https:\\\/\\\/i0.wp.com\\\/casadecampoliving.com\\\/wp-content\\\/uploads\\\/2022\\\/10\\\/Una-Otra-Romana-Group-Header-1.jpg?fit=650%2C400&ssl=1\",\"contentUrl\":\"https:\\\/\\\/i0.wp.com\\\/casadecampoliving.com\\\/wp-content\\\/uploads\\\/2022\\\/10\\\/Una-Otra-Romana-Group-Header-1.jpg?fit=650%2C400&ssl=1\",\"width\":650,\"height\":400,\"caption\":\"Una Otra Romana Group Header\"},{\"@type\":\"BreadcrumbList\",\"@id\":\"https:\\\/\\\/casadecampoliving.com\\\/es\\\/apertura-una-otra-romana-arq-fini-aldea-cultural\\\/#breadcrumb\",\"itemListElement\":[{\"@type\":\"ListItem\",\"position\":1,\"name\":\"Home\",\"item\":\"https:\\\/\\\/casadecampoliving.com\\\/es\\\/\"},{\"@type\":\"ListItem\",\"position\":2,\"name\":\"Apertura de &#8220;Una Otra Romana&#8221; por el Arq. Fini en la Aldea Cultural\"}]},{\"@type\":\"WebSite\",\"@id\":\"https:\\\/\\\/casadecampoliving.com\\\/es\\\/#website\",\"url\":\"https:\\\/\\\/casadecampoliving.com\\\/es\\\/\",\"name\":\"Casa de Campo Living\",\"description\":\"Resort community news and resources.\",\"publisher\":{\"@id\":\"https:\\\/\\\/casadecampoliving.com\\\/es\\\/#organization\"},\"potentialAction\":[{\"@type\":\"SearchAction\",\"target\":{\"@type\":\"EntryPoint\",\"urlTemplate\":\"https:\\\/\\\/casadecampoliving.com\\\/es\\\/?s={search_term_string}\"},\"query-input\":{\"@type\":\"PropertyValueSpecification\",\"valueRequired\":true,\"valueName\":\"search_term_string\"}}],\"inLanguage\":\"es\"},{\"@type\":\"Organization\",\"@id\":\"https:\\\/\\\/casadecampoliving.com\\\/es\\\/#organization\",\"name\":\"Casa de Campo Living\",\"url\":\"https:\\\/\\\/casadecampoliving.com\\\/es\\\/\",\"logo\":{\"@type\":\"ImageObject\",\"inLanguage\":\"es\",\"@id\":\"https:\\\/\\\/casadecampoliving.com\\\/es\\\/#\\\/schema\\\/logo\\\/image\\\/\",\"url\":\"https:\\\/\\\/i0.wp.com\\\/casadecampoliving.com\\\/wp-content\\\/uploads\\\/2022\\\/07\\\/CDCLivingLogo_V1-white-sized.png?fit=800%2C214&ssl=1\",\"contentUrl\":\"https:\\\/\\\/i0.wp.com\\\/casadecampoliving.com\\\/wp-content\\\/uploads\\\/2022\\\/07\\\/CDCLivingLogo_V1-white-sized.png?fit=800%2C214&ssl=1\",\"width\":800,\"height\":214,\"caption\":\"Casa de Campo Living\"},\"image\":{\"@id\":\"https:\\\/\\\/casadecampoliving.com\\\/es\\\/#\\\/schema\\\/logo\\\/image\\\/\"},\"sameAs\":[\"https:\\\/\\\/www.facebook.com\\\/casadecampoliving\",\"https:\\\/\\\/x.com\\\/cdcliving\"]},{\"@type\":\"Person\",\"@id\":\"https:\\\/\\\/casadecampoliving.com\\\/es\\\/#\\\/schema\\\/person\\\/0d45cfc6e376a2f15ac9a92421bd4451\",\"name\":\"Felix Guerrero\",\"image\":{\"@type\":\"ImageObject\",\"inLanguage\":\"es\",\"@id\":\"https:\\\/\\\/secure.gravatar.com\\\/avatar\\\/14a8050b9491854cab6ae2240dcb42ad0fad787b7fa453ad0991fd1262157df3?s=96&d=mm&r=g\",\"url\":\"https:\\\/\\\/secure.gravatar.com\\\/avatar\\\/14a8050b9491854cab6ae2240dcb42ad0fad787b7fa453ad0991fd1262157df3?s=96&d=mm&r=g\",\"contentUrl\":\"https:\\\/\\\/secure.gravatar.com\\\/avatar\\\/14a8050b9491854cab6ae2240dcb42ad0fad787b7fa453ad0991fd1262157df3?s=96&d=mm&r=g\",\"caption\":\"Felix Guerrero\"},\"url\":\"https:\\\/\\\/casadecampoliving.com\\\/es\\\/author\\\/fguerrero\\\/\"}]}<\/script>\n<!-- \/ Yoast SEO plugin. -->","yoast_head_json":{"title":"Apertura de \"Una Otra Romana\" por el Arq. Fini en la Aldea Cultural | Casa de Campo Living","description":"El pasado s\u00e1bado 3 de octubre a las 6:00 de la\u00a0tarde se\u00a0llev\u00f3 a cabo\u00a0exitosamente la inauguraci\u00f3n de la exposici\u00f3n fotogr\u00e1fica \"Una otra Romana\",\u00a0un","robots":{"index":"index","follow":"follow","max-snippet":"max-snippet:-1","max-image-preview":"max-image-preview:large","max-video-preview":"max-video-preview:-1"},"canonical":"https:\/\/casadecampoliving.com\/es\/apertura-una-otra-romana-arq-fini-aldea-cultural\/","og_locale":"es_ES","og_type":"article","og_title":"Apertura de \"Una Otra Romana\" por el Arq. Fini en la Aldea Cultural | Casa de Campo Living","og_description":"El pasado s\u00e1bado 3 de octubre a las 6:00 de la\u00a0tarde se\u00a0llev\u00f3 a cabo\u00a0exitosamente la inauguraci\u00f3n de la exposici\u00f3n fotogr\u00e1fica \"Una otra Romana\",\u00a0un","og_url":"https:\/\/casadecampoliving.com\/es\/apertura-una-otra-romana-arq-fini-aldea-cultural\/","og_site_name":"Casa de Campo Living","article_publisher":"https:\/\/www.facebook.com\/casadecampoliving","article_published_time":"2015-10-07T04:00:00+00:00","article_modified_time":"2022-11-10T14:43:17+00:00","og_image":[{"width":650,"height":400,"url":"https:\/\/i0.wp.com\/casadecampoliving.com\/wp-content\/uploads\/2022\/10\/Una-Otra-Romana-Group-Header-1.jpg?fit=650%2C400&ssl=1","type":"image\/jpeg"}],"author":"Felix Guerrero","twitter_card":"summary_large_image","twitter_creator":"@cdcliving","twitter_site":"@cdcliving","twitter_misc":{"Escrito por":"Felix Guerrero","Tiempo de lectura":"2 minutos"},"schema":{"@context":"https:\/\/schema.org","@graph":[{"@type":"Article","@id":"https:\/\/casadecampoliving.com\/es\/apertura-una-otra-romana-arq-fini-aldea-cultural\/#article","isPartOf":{"@id":"https:\/\/casadecampoliving.com\/es\/apertura-una-otra-romana-arq-fini-aldea-cultural\/"},"author":{"name":"Felix Guerrero","@id":"https:\/\/casadecampoliving.com\/es\/#\/schema\/person\/0d45cfc6e376a2f15ac9a92421bd4451"},"headline":"Apertura de \u00abUna Otra Romana\u00bb por el Arq. Fini en la Aldea Cultural","datePublished":"2015-10-07T04:00:00+00:00","dateModified":"2022-11-10T14:43:17+00:00","mainEntityOfPage":{"@id":"https:\/\/casadecampoliving.com\/es\/apertura-una-otra-romana-arq-fini-aldea-cultural\/"},"wordCount":497,"publisher":{"@id":"https:\/\/casadecampoliving.com\/es\/#organization"},"image":{"@id":"https:\/\/casadecampoliving.com\/es\/apertura-una-otra-romana-arq-fini-aldea-cultural\/#primaryimage"},"thumbnailUrl":"https:\/\/i0.wp.com\/casadecampoliving.com\/wp-content\/uploads\/2022\/10\/Una-Otra-Romana-Group-Header-1.jpg?fit=650%2C400&ssl=1","keywords":["Aldea Cultural @es","Aldea Cultural Santa Rosa de Lima @es","arte","Dominican Republic","exposici\u00f3n","fotografia","Gianfranco Fini @es","La Romana @es","Republica Dominicana"],"articleSection":["Arte y cultura","M\u00e1s all\u00e1 de Casa","Casa de Campo Living @es","CCL presenta","Rep\u00fablica Dominicana @es","Eventos","La Romana @es","Titulares","Estilo de Vida","Noticias Locales","Proximamente"],"inLanguage":"es"},{"@type":"WebPage","@id":"https:\/\/casadecampoliving.com\/es\/apertura-una-otra-romana-arq-fini-aldea-cultural\/","url":"https:\/\/casadecampoliving.com\/es\/apertura-una-otra-romana-arq-fini-aldea-cultural\/","name":"Apertura de \"Una Otra Romana\" por el Arq. Fini en la Aldea Cultural | Casa de Campo Living","isPartOf":{"@id":"https:\/\/casadecampoliving.com\/es\/#website"},"primaryImageOfPage":{"@id":"https:\/\/casadecampoliving.com\/es\/apertura-una-otra-romana-arq-fini-aldea-cultural\/#primaryimage"},"image":{"@id":"https:\/\/casadecampoliving.com\/es\/apertura-una-otra-romana-arq-fini-aldea-cultural\/#primaryimage"},"thumbnailUrl":"https:\/\/i0.wp.com\/casadecampoliving.com\/wp-content\/uploads\/2022\/10\/Una-Otra-Romana-Group-Header-1.jpg?fit=650%2C400&ssl=1","datePublished":"2015-10-07T04:00:00+00:00","dateModified":"2022-11-10T14:43:17+00:00","description":"El pasado s\u00e1bado 3 de octubre a las 6:00 de la\u00a0tarde se\u00a0llev\u00f3 a cabo\u00a0exitosamente la inauguraci\u00f3n de la exposici\u00f3n fotogr\u00e1fica \"Una otra Romana\",\u00a0un","breadcrumb":{"@id":"https:\/\/casadecampoliving.com\/es\/apertura-una-otra-romana-arq-fini-aldea-cultural\/#breadcrumb"},"inLanguage":"es","potentialAction":[{"@type":"ReadAction","target":["https:\/\/casadecampoliving.com\/es\/apertura-una-otra-romana-arq-fini-aldea-cultural\/"]}]},{"@type":"ImageObject","inLanguage":"es","@id":"https:\/\/casadecampoliving.com\/es\/apertura-una-otra-romana-arq-fini-aldea-cultural\/#primaryimage","url":"https:\/\/i0.wp.com\/casadecampoliving.com\/wp-content\/uploads\/2022\/10\/Una-Otra-Romana-Group-Header-1.jpg?fit=650%2C400&ssl=1","contentUrl":"https:\/\/i0.wp.com\/casadecampoliving.com\/wp-content\/uploads\/2022\/10\/Una-Otra-Romana-Group-Header-1.jpg?fit=650%2C400&ssl=1","width":650,"height":400,"caption":"Una Otra Romana Group Header"},{"@type":"BreadcrumbList","@id":"https:\/\/casadecampoliving.com\/es\/apertura-una-otra-romana-arq-fini-aldea-cultural\/#breadcrumb","itemListElement":[{"@type":"ListItem","position":1,"name":"Home","item":"https:\/\/casadecampoliving.com\/es\/"},{"@type":"ListItem","position":2,"name":"Apertura de &#8220;Una Otra Romana&#8221; por el Arq. Fini en la Aldea Cultural"}]},{"@type":"WebSite","@id":"https:\/\/casadecampoliving.com\/es\/#website","url":"https:\/\/casadecampoliving.com\/es\/","name":"Casa de Campo Living","description":"Resort community news and resources.","publisher":{"@id":"https:\/\/casadecampoliving.com\/es\/#organization"},"potentialAction":[{"@type":"SearchAction","target":{"@type":"EntryPoint","urlTemplate":"https:\/\/casadecampoliving.com\/es\/?s={search_term_string}"},"query-input":{"@type":"PropertyValueSpecification","valueRequired":true,"valueName":"search_term_string"}}],"inLanguage":"es"},{"@type":"Organization","@id":"https:\/\/casadecampoliving.com\/es\/#organization","name":"Casa de Campo Living","url":"https:\/\/casadecampoliving.com\/es\/","logo":{"@type":"ImageObject","inLanguage":"es","@id":"https:\/\/casadecampoliving.com\/es\/#\/schema\/logo\/image\/","url":"https:\/\/i0.wp.com\/casadecampoliving.com\/wp-content\/uploads\/2022\/07\/CDCLivingLogo_V1-white-sized.png?fit=800%2C214&ssl=1","contentUrl":"https:\/\/i0.wp.com\/casadecampoliving.com\/wp-content\/uploads\/2022\/07\/CDCLivingLogo_V1-white-sized.png?fit=800%2C214&ssl=1","width":800,"height":214,"caption":"Casa de Campo Living"},"image":{"@id":"https:\/\/casadecampoliving.com\/es\/#\/schema\/logo\/image\/"},"sameAs":["https:\/\/www.facebook.com\/casadecampoliving","https:\/\/x.com\/cdcliving"]},{"@type":"Person","@id":"https:\/\/casadecampoliving.com\/es\/#\/schema\/person\/0d45cfc6e376a2f15ac9a92421bd4451","name":"Felix Guerrero","image":{"@type":"ImageObject","inLanguage":"es","@id":"https:\/\/secure.gravatar.com\/avatar\/14a8050b9491854cab6ae2240dcb42ad0fad787b7fa453ad0991fd1262157df3?s=96&d=mm&r=g","url":"https:\/\/secure.gravatar.com\/avatar\/14a8050b9491854cab6ae2240dcb42ad0fad787b7fa453ad0991fd1262157df3?s=96&d=mm&r=g","contentUrl":"https:\/\/secure.gravatar.com\/avatar\/14a8050b9491854cab6ae2240dcb42ad0fad787b7fa453ad0991fd1262157df3?s=96&d=mm&r=g","caption":"Felix Guerrero"},"url":"https:\/\/casadecampoliving.com\/es\/author\/fguerrero\/"}]}},"parsely":{"version":"1.1.0","canonical_url":"https:\/\/casadecampoliving.com\/es\/apertura-una-otra-romana-arq-fini-aldea-cultural\/","smart_links":{"inbound":0,"outbound":0},"traffic_boost_suggestions_count":0,"meta":{"@context":"https:\/\/schema.org","@type":"NewsArticle","headline":"Apertura de \u00abUna Otra Romana\u00bb por el Arq. Fini en la Aldea Cultural","url":"http:\/\/casadecampoliving.com\/es\/apertura-una-otra-romana-arq-fini-aldea-cultural\/","mainEntityOfPage":{"@type":"WebPage","@id":"http:\/\/casadecampoliving.com\/es\/apertura-una-otra-romana-arq-fini-aldea-cultural\/"},"thumbnailUrl":"https:\/\/i0.wp.com\/casadecampoliving.com\/wp-content\/uploads\/2022\/10\/Una-Otra-Romana-Group-Header-1.jpg?resize=150%2C150&ssl=1","image":{"@type":"ImageObject","url":"https:\/\/i0.wp.com\/casadecampoliving.com\/wp-content\/uploads\/2022\/10\/Una-Otra-Romana-Group-Header-1.jpg?fit=650%2C400&ssl=1"},"articleSection":"Arte y cultura","author":[{"@type":"Person","name":"Felix Guerrero"}],"creator":["Felix Guerrero"],"publisher":{"@type":"Organization","name":"Casa de Campo Living","logo":"https:\/\/casadecampoliving.com\/wp-content\/uploads\/2022\/07\/CDCLivingLogo_V1-white-sized.png"},"keywords":["aldea cultural @es","aldea cultural santa rosa de lima @es","arte","dominican republic","exposici\u00f3n","fotografia","gianfranco fini @es","la romana @es","republica dominicana"],"dateCreated":"2015-10-07T04:00:00Z","datePublished":"2015-10-07T04:00:00Z","dateModified":"2022-11-10T14:43:17Z"},"rendered":"<script type=\"application\/ld+json\" class=\"wp-parsely-metadata\">{\"@context\":\"https:\\\/\\\/schema.org\",\"@type\":\"NewsArticle\",\"headline\":\"Apertura de \\u00abUna Otra Romana\\u00bb por el Arq. Fini en la Aldea Cultural\",\"url\":\"http:\\\/\\\/casadecampoliving.com\\\/es\\\/apertura-una-otra-romana-arq-fini-aldea-cultural\\\/\",\"mainEntityOfPage\":{\"@type\":\"WebPage\",\"@id\":\"http:\\\/\\\/casadecampoliving.com\\\/es\\\/apertura-una-otra-romana-arq-fini-aldea-cultural\\\/\"},\"thumbnailUrl\":\"https:\\\/\\\/i0.wp.com\\\/casadecampoliving.com\\\/wp-content\\\/uploads\\\/2022\\\/10\\\/Una-Otra-Romana-Group-Header-1.jpg?resize=150%2C150&ssl=1\",\"image\":{\"@type\":\"ImageObject\",\"url\":\"https:\\\/\\\/i0.wp.com\\\/casadecampoliving.com\\\/wp-content\\\/uploads\\\/2022\\\/10\\\/Una-Otra-Romana-Group-Header-1.jpg?fit=650%2C400&ssl=1\"},\"articleSection\":\"Arte y cultura\",\"author\":[{\"@type\":\"Person\",\"name\":\"Felix Guerrero\"}],\"creator\":[\"Felix Guerrero\"],\"publisher\":{\"@type\":\"Organization\",\"name\":\"Casa de Campo Living\",\"logo\":\"https:\\\/\\\/casadecampoliving.com\\\/wp-content\\\/uploads\\\/2022\\\/07\\\/CDCLivingLogo_V1-white-sized.png\"},\"keywords\":[\"aldea cultural @es\",\"aldea cultural santa rosa de lima @es\",\"arte\",\"dominican republic\",\"exposici\\u00f3n\",\"fotografia\",\"gianfranco fini @es\",\"la romana @es\",\"republica dominicana\"],\"dateCreated\":\"2015-10-07T04:00:00Z\",\"datePublished\":\"2015-10-07T04:00:00Z\",\"dateModified\":\"2022-11-10T14:43:17Z\"}<\/script>","tracker_url":"https:\/\/cdn.parsely.com\/keys\/casadecampoliving.com\/p.js"},"jetpack_publicize_connections":[],"jetpack_featured_media_url":"https:\/\/i0.wp.com\/casadecampoliving.com\/wp-content\/uploads\/2022\/10\/Una-Otra-Romana-Group-Header-1.jpg?fit=650%2C400&ssl=1","jetpack-related-posts":[{"id":348343,"url":"https:\/\/casadecampoliving.com\/es\/una-otra-romana-aldea-cultural-santa-rosa-de-lima-2\/","url_meta":{"origin":348368,"position":0},"title":"\u00abUna Otra Romana\u00bb por Gianfraco Fini en la Aldea Cultural Santa Rosa de Lima","author":"Felix Guerrero","date":"2 Oct, 2015","format":false,"excerpt":"La semana pasada compartimos el m\u00e1s reciente trabajo del Arquitecto Gianfranco Fini en\u00a0la Casa de Campo Marina, la renovaci\u00f3n del Supermercado Nacional. Dado\u00a0que su arte va m\u00e1s all\u00e1 de la arquitectura, le invitamos cordialmente a conocer un poco de su trabajo fotogr\u00e1fico. Jenny Polanco, principal promotora de la\u00a0Aldea Cultural Santa\u2026","rel":"","context":"En \u00abArte y cultura\u00bb","block_context":{"text":"Arte y cultura","link":"https:\/\/casadecampoliving.com\/category\/arte-y-cultura\/"},"img":{"alt_text":"Una Otra Romana","src":"https:\/\/i0.wp.com\/casadecampoliving.com\/wp-content\/uploads\/2022\/10\/Una-Otra-Romana-1.jpg?fit=650%2C400&ssl=1&resize=350%2C200","width":350,"height":200,"srcset":"https:\/\/i0.wp.com\/casadecampoliving.com\/wp-content\/uploads\/2022\/10\/Una-Otra-Romana-1.jpg?fit=650%2C400&ssl=1&resize=350%2C200 1x, https:\/\/i0.wp.com\/casadecampoliving.com\/wp-content\/uploads\/2022\/10\/Una-Otra-Romana-1.jpg?fit=650%2C400&ssl=1&resize=525%2C300 1.5x"},"classes":[]},{"id":326527,"url":"https:\/\/casadecampoliving.com\/opening-una-otra-romana-fini-aldea-cultural\/","url_meta":{"origin":348368,"position":1},"title":"Opening of \u00abUna Otra Romana\u00bb by Arq. Fini at Aldea Cultural","author":"Felix Guerrero","date":"7 Oct, 2015","format":false,"excerpt":"Last\u00a0Saturday, October 3rd, at 6pm, the the photo exhibition\u00a0\"Una Otra Romana\" (Another Romana),\u00a0a photo-report consisting\u00a0of 47 photographs taken\u00a0by the artist Gianfranco Fini, designer of the Marina Casa de Campo,\u00a0was successfully inaugurated at the Aldea Cultural Santa Rosa de Lima in La Romana. The photos show the everyday life of the\u2026","rel":"","context":"En \u00abArt and Culture\u00bb","block_context":{"text":"Art and Culture","link":"https:\/\/casadecampoliving.com\/category\/art-and-culture\/"},"img":{"alt_text":"Una Otra Romana Group Header","src":"https:\/\/i0.wp.com\/casadecampoliving.com\/wp-content\/uploads\/2022\/10\/Una-Otra-Romana-Group-Header-1.jpg?fit=650%2C400&ssl=1&resize=350%2C200","width":350,"height":200,"srcset":"https:\/\/i0.wp.com\/casadecampoliving.com\/wp-content\/uploads\/2022\/10\/Una-Otra-Romana-Group-Header-1.jpg?fit=650%2C400&ssl=1&resize=350%2C200 1x, https:\/\/i0.wp.com\/casadecampoliving.com\/wp-content\/uploads\/2022\/10\/Una-Otra-Romana-Group-Header-1.jpg?fit=650%2C400&ssl=1&resize=525%2C300 1.5x"},"classes":[]},{"id":326510,"url":"https:\/\/casadecampoliving.com\/una-otra-romana-aldea-cultural-santa-rosa-de-lima\/","url_meta":{"origin":348368,"position":2},"title":"\u00abUna Otra Romana\u00bb by Gianfraco Fini at the Aldea Cultural Santa Rosa de Lima","author":"Felix Guerrero","date":"2 Oct, 2015","format":false,"excerpt":"Last week we shared Architect Gianfranco Fini\u2019s most recent work for the Casa de Campo Marina, the Nacional Supermarket renovation. Given that his artistry goes beyond architecture, we cordially invite you to get to know some of his photographic work.\u00a0Jenny Polanco, \u00a0the Aldea Cultural Santa Rosa de Lima\u2019s leading champion,\u2026","rel":"","context":"En \u00abArt and Culture\u00bb","block_context":{"text":"Art and Culture","link":"https:\/\/casadecampoliving.com\/category\/art-and-culture\/"},"img":{"alt_text":"Una Otra Romana","src":"https:\/\/i0.wp.com\/casadecampoliving.com\/wp-content\/uploads\/2022\/10\/Una-Otra-Romana-1.jpg?fit=650%2C400&ssl=1&resize=350%2C200","width":350,"height":200,"srcset":"https:\/\/i0.wp.com\/casadecampoliving.com\/wp-content\/uploads\/2022\/10\/Una-Otra-Romana-1.jpg?fit=650%2C400&ssl=1&resize=350%2C200 1x, https:\/\/i0.wp.com\/casadecampoliving.com\/wp-content\/uploads\/2022\/10\/Una-Otra-Romana-1.jpg?fit=650%2C400&ssl=1&resize=525%2C300 1.5x"},"classes":[]},{"id":349968,"url":"https:\/\/casadecampoliving.com\/es\/koribe-la-aldea-cultural-santa-rosa-de-lima\/","url_meta":{"origin":348368,"position":3},"title":"El Coro Koribe se presentar\u00e1 ma\u00f1ana en La Aldea Cultural Santa Rosa de Lima, en honor a San Antonio de Padua","author":"Felix Guerrero","date":"10 Jun, 2016","format":false,"excerpt":"Jenny Polanco es una reconocida dise\u00f1adora de moda tanto localmente como en el extranjero por sus dise\u00f1os pr\u00eat \u2013 \u00e0-porter y de alta costura, lo que no saben es que ella tambi\u00e9n promueve todos los eventos culturales en la regi\u00f3n este de la Rep\u00fablica Dominicana, y nos invita a una\u2026","rel":"","context":"En \u00abArte y cultura\u00bb","block_context":{"text":"Arte y cultura","link":"https:\/\/casadecampoliving.com\/category\/arte-y-cultura\/"},"img":{"alt_text":"Featured Image La Aldea","src":"https:\/\/i0.wp.com\/casadecampoliving.com\/wp-content\/uploads\/2022\/10\/Featured-Image-La-Aldea.jpg?fit=1000%2C600&ssl=1&resize=350%2C200","width":350,"height":200,"srcset":"https:\/\/i0.wp.com\/casadecampoliving.com\/wp-content\/uploads\/2022\/10\/Featured-Image-La-Aldea.jpg?fit=1000%2C600&ssl=1&resize=350%2C200 1x, https:\/\/i0.wp.com\/casadecampoliving.com\/wp-content\/uploads\/2022\/10\/Featured-Image-La-Aldea.jpg?fit=1000%2C600&ssl=1&resize=525%2C300 1.5x, https:\/\/i0.wp.com\/casadecampoliving.com\/wp-content\/uploads\/2022\/10\/Featured-Image-La-Aldea.jpg?fit=1000%2C600&ssl=1&resize=700%2C400 2x"},"classes":[]},{"id":327507,"url":"https:\/\/casadecampoliving.com\/koribe-la-aldea-cultural-santa-rosa-de-lima\/","url_meta":{"origin":348368,"position":4},"title":"Koribe Choir will perform tomorrow  at La Aldea Cultural Santa Rosa de Lima in honor of San Antonio de Padua","author":"Marlenys Guzm\u00e1n Casta\u00f1os","date":"10 Jun, 2016","format":false,"excerpt":"Jenny Polanco is a well-known fashion designer locally and abroad for ready-to-wear and couture, what you may not know is that she also promotes all cultural events in the eastern region of the Dominican Republic, and invites us to a presentation by Koribe tomorrow night, June 11th at 7pm in\u2026","rel":"","context":"En \u00abArt and Culture\u00bb","block_context":{"text":"Art and Culture","link":"https:\/\/casadecampoliving.com\/category\/art-and-culture\/"},"img":{"alt_text":"Featured Image La Aldea","src":"https:\/\/i0.wp.com\/casadecampoliving.com\/wp-content\/uploads\/2022\/10\/Featured-Image-La-Aldea.jpg?fit=1000%2C600&ssl=1&resize=350%2C200","width":350,"height":200,"srcset":"https:\/\/i0.wp.com\/casadecampoliving.com\/wp-content\/uploads\/2022\/10\/Featured-Image-La-Aldea.jpg?fit=1000%2C600&ssl=1&resize=350%2C200 1x, https:\/\/i0.wp.com\/casadecampoliving.com\/wp-content\/uploads\/2022\/10\/Featured-Image-La-Aldea.jpg?fit=1000%2C600&ssl=1&resize=525%2C300 1.5x, https:\/\/i0.wp.com\/casadecampoliving.com\/wp-content\/uploads\/2022\/10\/Featured-Image-La-Aldea.jpg?fit=1000%2C600&ssl=1&resize=700%2C400 2x"},"classes":[]},{"id":348849,"url":"https:\/\/casadecampoliving.com\/es\/una-mirada-a-los-suenos-del-artista-monchi-herrera\/","url_meta":{"origin":348368,"position":5},"title":"Una Mirada a los Sue\u00f1os del artista Monchi Herrera","author":"Perkin Agramonte","date":"18 Dic, 2015","format":false,"excerpt":"El fot\u00f3grafo, guionista, actor y director de cine Monchi Herrera presenta su 15\u00ba exposici\u00f3n individual titulada \u201cDreams on Canvas \u2013 Identidad\u201d este domingo, 20 de diciembre en la Aldea Cultural Santa Rosa de Lima. Monchi Herrera, graduado de\u00a0producci\u00f3n cinematogr\u00e1fica y fotograf\u00eda en la Escuela de Dise\u00f1o de Altos de Chav\u00f3n,\u2026","rel":"","context":"En \u00abAltos de Chavon @es\u00bb","block_context":{"text":"Altos de Chavon @es","link":"https:\/\/casadecampoliving.com\/category\/altos-de-chavon-es\/"},"img":{"alt_text":"","src":"https:\/\/i0.wp.com\/casadecampoliving.com\/wp-content\/uploads\/2022\/10\/11183456_10206624543276245_7984632559460173889_n-1.jpg?fit=720%2C480&ssl=1&resize=350%2C200","width":350,"height":200,"srcset":"https:\/\/i0.wp.com\/casadecampoliving.com\/wp-content\/uploads\/2022\/10\/11183456_10206624543276245_7984632559460173889_n-1.jpg?fit=720%2C480&ssl=1&resize=350%2C200 1x, https:\/\/i0.wp.com\/casadecampoliving.com\/wp-content\/uploads\/2022\/10\/11183456_10206624543276245_7984632559460173889_n-1.jpg?fit=720%2C480&ssl=1&resize=525%2C300 1.5x, https:\/\/i0.wp.com\/casadecampoliving.com\/wp-content\/uploads\/2022\/10\/11183456_10206624543276245_7984632559460173889_n-1.jpg?fit=720%2C480&ssl=1&resize=700%2C400 2x"},"classes":[]}],"jetpack_sharing_enabled":true,"_links":{"self":[{"href":"https:\/\/casadecampoliving.com\/es\/wp-json\/wp\/v2\/posts\/348368","targetHints":{"allow":["GET"]}}],"collection":[{"href":"https:\/\/casadecampoliving.com\/es\/wp-json\/wp\/v2\/posts"}],"about":[{"href":"https:\/\/casadecampoliving.com\/es\/wp-json\/wp\/v2\/types\/post"}],"author":[{"embeddable":true,"href":"https:\/\/casadecampoliving.com\/es\/wp-json\/wp\/v2\/users\/34707"}],"replies":[{"embeddable":true,"href":"https:\/\/casadecampoliving.com\/es\/wp-json\/wp\/v2\/comments?post=348368"}],"version-history":[{"count":2,"href":"https:\/\/casadecampoliving.com\/es\/wp-json\/wp\/v2\/posts\/348368\/revisions"}],"predecessor-version":[{"id":509536,"href":"https:\/\/casadecampoliving.com\/es\/wp-json\/wp\/v2\/posts\/348368\/revisions\/509536"}],"wp:featuredmedia":[{"embeddable":true,"href":"https:\/\/casadecampoliving.com\/es\/wp-json\/wp\/v2\/media\/293145"}],"wp:attachment":[{"href":"https:\/\/casadecampoliving.com\/es\/wp-json\/wp\/v2\/media?parent=348368"}],"wp:term":[{"taxonomy":"category","embeddable":true,"href":"https:\/\/casadecampoliving.com\/es\/wp-json\/wp\/v2\/categories?post=348368"},{"taxonomy":"post_tag","embeddable":true,"href":"https:\/\/casadecampoliving.com\/es\/wp-json\/wp\/v2\/tags?post=348368"},{"taxonomy":"newspack_spnsrs_tax","embeddable":true,"href":"https:\/\/casadecampoliving.com\/es\/wp-json\/wp\/v2\/newspack_spnsrs_tax?post=348368"}],"curies":[{"name":"wp","href":"https:\/\/api.w.org\/{rel}","templated":true}]}}