{"id":348359,"date":"2015-10-03T00:00:00","date_gmt":"2015-10-03T04:00:00","guid":{"rendered":"https:\/\/casadecampoliving.com\/ismael-cala-cnn-en-casa\/"},"modified":"2022-10-21T18:58:53","modified_gmt":"2022-10-21T22:58:53","slug":"ismael-cala-cnn-en-casa","status":"publish","type":"post","link":"https:\/\/casadecampoliving.com\/es\/ismael-cala-cnn-en-casa\/","title":{"rendered":"\u00a1Ismael Cala de CNN en Casa de Campo!"},"content":{"rendered":"<div class=\"wp-block-image\">\n<figure class=\"aligncenter is-resized\"><a href=\"https:\/\/i0.wp.com\/casadecampoliving-wp.s3-accelerate.amazonaws.com\/2015\/10\/CQWxw4TW8AAWuV_.jpg-large.jpg?ssl=1\"><img loading=\"lazy\" decoding=\"async\" src=\"https:\/\/i0.wp.com\/casadecampoliving.com\/wp-content\/uploads\/2022\/10\/CQWxw4TW8AAWuV_-large-1024x768-2.jpg?resize=650%2C488&amp;ssl=1\" alt=\"Ismael Cala\" class=\"wp-image-114073\" height=\"488\" width=\"650\"\/><\/a><\/figure>\n<\/div>\n\n\n<p>\u00a1Ismael Cala est\u00e1 en Casa de Campo este fin de semana! El reconocido periodista, escritor, productor y anfitri\u00f3n del programa de entrevistas de <em>CNN en Espa\u00f1ol<\/em>, <em>Cala<\/em>, est\u00e1 en Casa de Campo para filmar un especial de 5 episodios para su programa de CNN, tal com el mismo lo ha confirmado en sus cuentas de Instagram y Twitter.<\/p>\n\n\n\n<p>Aunque ha visitado la Rep\u00fablica Dominicana en repetidas ocasiones, entendemos que esta es la primera vez que Ismael Cala visita Casa de Campo. Conociendo su amor por la cultura dominicana, no nos sorprende que durante su estad\u00eda en Casa de Campo est\u00e9 filmando entrevistas con figuras influyentes de la cultura dominicana. \u00bfD\u00f3nde mejor para la filmaci\u00f3n que en el Anfiteatro Altos de Chav\u00f3n? \u00a1Hemos visto en su cuenta de Twitter que nuestro querido amigo, Don Freddy Ginebra es uno de sus invitados para el programa, por lo que nos entusiasma mucho poder verlo una vez salga al aire!<\/p>\n\n\n\n<p>Previo a su llegada a Casa de Campo, Cala visit\u00f3 algunos monumentos de la Ciudad Colonial de Santo Domingo y uno de nuestros hoteles favoritos, el <a href=\"http:\/\/www.billinihotel.com\/default-en.html\" target=\"_blank\" rel=\"noopener\">Hotel Billini (\u00a1le recomendamos a ciegas hospedarse en este encantador e hist\u00f3rico hotel boutique!)<\/a>. Con tanta inspiraci\u00f3n desde la Ciudad Primada de Am\u00e9rica, estamos seguros que Cala tendr\u00e1 mucho contenido del cual conversar con sus invitados del programa.<\/p>\n\n\n\n<blockquote class=\"instagram-media\" style=\"background: #FFF; border: 0; border-radius: 3px; box-shadow: 0 0 1px 0 rgba(0,0,0,0.5),0 1px 10px 0 rgba(0,0,0,0.15); margin: 1px; max-width: 658px; padding: 0; width: calc(100% - 2px);\" data-instgrm-captioned=\"\" data-instgrm-version=\"5\"><div style=\"padding: 8px;\">\n<div style=\"background: #F8F8F8; line-height: 0; margin-top: 40px; padding: 50.0% 0; text-align: center; width: 100%;\"><\/div>\n<p style=\"margin: 8px 0 0 0; padding: 0 4px;\"><a style=\"color: #000; font-family: Arial,sans-serif; font-size: 14px; font-style: normal; font-weight: normal; line-height: 17px; text-decoration: none; word-wrap: break-word;\" href=\"https:\/\/instagram.com\/p\/8VyoynDC5X\/\" target=\"_blank\" rel=\"noopener\">Feliz Viernes!!! Desde #SantoDomingo ya camino a #CasadeCampo para grabar 5 especiales de #CALAen Dominicana @CNNEE<\/a><\/p>\n<p style=\"color: #c9c8cd; font-family: Arial,sans-serif; font-size: 14px; line-height: 17px; margin-bottom: 0; margin-top: 8px; overflow: hidden; padding: 8px 0 7px; text-align: center; text-overflow: ellipsis; white-space: nowrap;\">A photo posted by Ismael CALA (@ismaelcala) on <time style=\"font-family: Arial,sans-serif; font-size: 14px; line-height: 17px;\" datetime=\"2015-10-02T15:37:12+00:00\">Oct 2, 2015 at 8:37am PDT<\/time><\/p>\n<\/div><\/blockquote>\n\n\n\n<blockquote class=\"instagram-media\" style=\"background: #FFF; border: 0; border-radius: 3px; box-shadow: 0 0 1px 0 rgba(0,0,0,0.5),0 1px 10px 0 rgba(0,0,0,0.15); margin: 1px; max-width: 658px; padding: 0; width: calc(100% - 2px);\" data-instgrm-captioned=\"\" data-instgrm-version=\"5\"><div style=\"padding: 8px;\">\n<div style=\"background: #F8F8F8; line-height: 0; margin-top: 40px; padding: 50.0% 0; text-align: center; width: 100%;\"><\/div>\n<p><a style=\"color: #000; font-family: Arial,sans-serif; font-size: 14px; font-style: normal; font-weight: normal; line-height: 17px; text-decoration: none; word-wrap: break-word;\" href=\"https:\/\/instagram.com\/p\/8TzVcMjC9f\/\" target=\"_blank\" rel=\"noopener\">Un lindo espacio en la zona colonial de #SantoDomingo @billinihotel Ideal para esta estancia en #RD Graciaa @evelynsdtimes por invitar.<\/a><\/p>\n<p>A photo posted by Ismael CALA (@ismaelcala) on <time style=\"font-family: Arial,sans-serif; font-size: 14px; line-height: 17px;\" datetime=\"2015-10-01T21:04:49+00:00\">Oct 1, 2015 at 2:04pm PDT<\/time><\/p>\n<\/div><\/blockquote>\n\n\n\n<p>Habiendo dado un peque\u00f1o vistazo dentro del Anfiteatro en el d\u00eda de hoy, vemos que el montaje est\u00e1 en pie, por lo que anticipamos que el resto de las entrevistas se lleven a cabo&nbsp;en el d\u00eda de hoy.<\/p>\n\n\n\n<p>Les mantendremos informados y les exhortamos a seguir a Ismael Cala en su&nbsp;<a href=\"http:\/\/ismaelcala Verified\" target=\"_blank\" rel=\"noopener\">Instagram (@IsmaelCala)<\/a>&nbsp;y&nbsp;<a href=\"https:\/\/twitter.com\/cala\" target=\"_blank\" rel=\"noopener\">Twitter (@Cala)<\/a>&nbsp;para seguirlo en&nbsp;su visita a Casa de Campo.<\/p>\n","protected":false},"excerpt":{"rendered":"<p>\u00a1Ismael Cala est\u00e1 en Casa de Campo este fin de semana! El reconocido periodista, escritor, productor y anfitri\u00f3n del programa de entrevistas de CNN en Espa\u00f1ol, Cala, est\u00e1 en Casa de Campo para filmar un especial de 5 episodios para su programa de CNN, tal com el mismo lo ha confirmado en sus cuentas de [&hellip;]<\/p>\n","protected":false},"author":36672,"featured_media":292893,"comment_status":"closed","ping_status":"closed","sticky":false,"template":"","format":"standard","meta":{"newspack_ads_suppress_ads":false,"newspack_popups_has_disabled_popups":false,"newspack_sponsor_sponsorship_scope":"","newspack_sponsor_native_byline_display":"inherit","newspack_sponsor_native_category_display":"inherit","newspack_sponsor_underwriter_style":"inherit","newspack_sponsor_underwriter_placement":"inherit","_newspack_byline_active":false,"_newspack_byline":"","newspack_hide_updated_date":false,"newspack_show_updated_date":false,"newspack_content_restriction_is_exempt":false,"newspack_featured_image_position":"","newspack_post_subtitle":"","newspack_article_summary_title":"Overview:","newspack_article_summary":"","_jetpack_memberships_contains_paid_content":false,"footnotes":"","jetpack_publicize_message":"","jetpack_publicize_feature_enabled":true,"jetpack_social_post_already_shared":false,"jetpack_social_options":{"image_generator_settings":{"template":"highway","default_image_id":0,"font":"","enabled":false},"version":2},"_wpas_customize_per_network":false},"categories":[26819,26823,2513,14631,14625,2526],"tags":[15387,352,23815],"newspack_spnsrs_tax":[],"class_list":["post-348359","post","type-post","status-publish","format-standard","has-post-thumbnail","hentry","category-altos-de-chavon-es","category-arte-y-cultura","category-celebridades-es","category-estilo-de-vida","category-noticias-locales","category-titulares-es","tag-altos-de-chavon-es","tag-altos-de-chavon-amphitheater","tag-casa-de-campo-es-17","entry"],"yoast_head":"<!-- This site is optimized with the Yoast SEO plugin v27.4 - https:\/\/yoast.com\/product\/yoast-seo-wordpress\/ -->\n<title>\u00a1Ismael Cala de CNN en Casa de Campo! | Casa de Campo Living<\/title>\n<meta name=\"description\" content=\"\u00a1Ismael Cala est\u00e1 en Casa de Campo este fin de semana! El reconocido periodista, escritor, productor y anfitri\u00f3n del programa de entrevistas de CNN en\" \/>\n<meta name=\"robots\" content=\"index, follow, max-snippet:-1, max-image-preview:large, max-video-preview:-1\" \/>\n<link rel=\"canonical\" href=\"https:\/\/casadecampoliving.com\/es\/ismael-cala-cnn-en-casa\/\" \/>\n<meta property=\"og:locale\" content=\"es_ES\" \/>\n<meta property=\"og:type\" content=\"article\" \/>\n<meta property=\"og:title\" content=\"\u00a1Ismael Cala de CNN en Casa de Campo! | Casa de Campo Living\" \/>\n<meta property=\"og:description\" content=\"\u00a1Ismael Cala est\u00e1 en Casa de Campo este fin de semana! El reconocido periodista, escritor, productor y anfitri\u00f3n del programa de entrevistas de CNN en\" \/>\n<meta property=\"og:url\" content=\"https:\/\/casadecampoliving.com\/es\/ismael-cala-cnn-en-casa\/\" \/>\n<meta property=\"og:site_name\" content=\"Casa de Campo Living\" \/>\n<meta property=\"article:publisher\" content=\"https:\/\/www.facebook.com\/casadecampoliving\" \/>\n<meta property=\"article:published_time\" content=\"2015-10-03T04:00:00+00:00\" \/>\n<meta property=\"article:modified_time\" content=\"2022-10-21T22:58:53+00:00\" \/>\n<meta property=\"og:image\" content=\"https:\/\/i0.wp.com\/casadecampoliving.com\/wp-content\/uploads\/2022\/10\/CQWxw4TW8AAWuV_-large-1.jpg?fit=1024%2C768&ssl=1\" \/>\n\t<meta property=\"og:image:width\" content=\"1024\" \/>\n\t<meta property=\"og:image:height\" content=\"768\" \/>\n\t<meta property=\"og:image:type\" content=\"image\/jpeg\" \/>\n<meta name=\"author\" content=\"Carla Campos\" \/>\n<meta name=\"twitter:card\" content=\"summary_large_image\" \/>\n<meta name=\"twitter:creator\" content=\"@cdcliving\" \/>\n<meta name=\"twitter:site\" content=\"@cdcliving\" \/>\n<meta name=\"twitter:label1\" content=\"Escrito por\" \/>\n\t<meta name=\"twitter:data1\" content=\"Carla Campos\" \/>\n\t<meta name=\"twitter:label2\" content=\"Tiempo de lectura\" \/>\n\t<meta name=\"twitter:data2\" content=\"2 minutos\" \/>\n<script type=\"application\/ld+json\" class=\"yoast-schema-graph\">{\"@context\":\"https:\\\/\\\/schema.org\",\"@graph\":[{\"@type\":\"Article\",\"@id\":\"https:\\\/\\\/casadecampoliving.com\\\/es\\\/ismael-cala-cnn-en-casa\\\/#article\",\"isPartOf\":{\"@id\":\"https:\\\/\\\/casadecampoliving.com\\\/es\\\/ismael-cala-cnn-en-casa\\\/\"},\"author\":{\"name\":\"Carla Campos\",\"@id\":\"https:\\\/\\\/casadecampoliving.com\\\/es\\\/#\\\/schema\\\/person\\\/31e9c79dd1ae5946a5bc1d006945aad1\"},\"headline\":\"\u00a1Ismael Cala de CNN en Casa de Campo!\",\"datePublished\":\"2015-10-03T04:00:00+00:00\",\"dateModified\":\"2022-10-21T22:58:53+00:00\",\"mainEntityOfPage\":{\"@id\":\"https:\\\/\\\/casadecampoliving.com\\\/es\\\/ismael-cala-cnn-en-casa\\\/\"},\"wordCount\":371,\"publisher\":{\"@id\":\"https:\\\/\\\/casadecampoliving.com\\\/es\\\/#organization\"},\"image\":{\"@id\":\"https:\\\/\\\/casadecampoliving.com\\\/es\\\/ismael-cala-cnn-en-casa\\\/#primaryimage\"},\"thumbnailUrl\":\"https:\\\/\\\/i0.wp.com\\\/casadecampoliving.com\\\/wp-content\\\/uploads\\\/2022\\\/10\\\/CQWxw4TW8AAWuV_-large-1.jpg?fit=1024%2C768&ssl=1\",\"keywords\":[\"Altos de Chavon\",\"Altos de Chavon Amphitheater\",\"Casa de Campo\"],\"articleSection\":[\"Altos de Chavon @es\",\"Arte y cultura\",\"Celebridades\",\"Estilo de Vida\",\"Noticias Locales\",\"Titulares\"],\"inLanguage\":\"es\"},{\"@type\":\"WebPage\",\"@id\":\"https:\\\/\\\/casadecampoliving.com\\\/es\\\/ismael-cala-cnn-en-casa\\\/\",\"url\":\"https:\\\/\\\/casadecampoliving.com\\\/es\\\/ismael-cala-cnn-en-casa\\\/\",\"name\":\"\u00a1Ismael Cala de CNN en Casa de Campo! | Casa de Campo Living\",\"isPartOf\":{\"@id\":\"https:\\\/\\\/casadecampoliving.com\\\/es\\\/#website\"},\"primaryImageOfPage\":{\"@id\":\"https:\\\/\\\/casadecampoliving.com\\\/es\\\/ismael-cala-cnn-en-casa\\\/#primaryimage\"},\"image\":{\"@id\":\"https:\\\/\\\/casadecampoliving.com\\\/es\\\/ismael-cala-cnn-en-casa\\\/#primaryimage\"},\"thumbnailUrl\":\"https:\\\/\\\/i0.wp.com\\\/casadecampoliving.com\\\/wp-content\\\/uploads\\\/2022\\\/10\\\/CQWxw4TW8AAWuV_-large-1.jpg?fit=1024%2C768&ssl=1\",\"datePublished\":\"2015-10-03T04:00:00+00:00\",\"dateModified\":\"2022-10-21T22:58:53+00:00\",\"description\":\"\u00a1Ismael Cala est\u00e1 en Casa de Campo este fin de semana! El reconocido periodista, escritor, productor y anfitri\u00f3n del programa de entrevistas de CNN en\",\"breadcrumb\":{\"@id\":\"https:\\\/\\\/casadecampoliving.com\\\/es\\\/ismael-cala-cnn-en-casa\\\/#breadcrumb\"},\"inLanguage\":\"es\",\"potentialAction\":[{\"@type\":\"ReadAction\",\"target\":[\"https:\\\/\\\/casadecampoliving.com\\\/es\\\/ismael-cala-cnn-en-casa\\\/\"]}]},{\"@type\":\"ImageObject\",\"inLanguage\":\"es\",\"@id\":\"https:\\\/\\\/casadecampoliving.com\\\/es\\\/ismael-cala-cnn-en-casa\\\/#primaryimage\",\"url\":\"https:\\\/\\\/i0.wp.com\\\/casadecampoliving.com\\\/wp-content\\\/uploads\\\/2022\\\/10\\\/CQWxw4TW8AAWuV_-large-1.jpg?fit=1024%2C768&ssl=1\",\"contentUrl\":\"https:\\\/\\\/i0.wp.com\\\/casadecampoliving.com\\\/wp-content\\\/uploads\\\/2022\\\/10\\\/CQWxw4TW8AAWuV_-large-1.jpg?fit=1024%2C768&ssl=1\",\"width\":1024,\"height\":768,\"caption\":\"Ismael Cala\"},{\"@type\":\"BreadcrumbList\",\"@id\":\"https:\\\/\\\/casadecampoliving.com\\\/es\\\/ismael-cala-cnn-en-casa\\\/#breadcrumb\",\"itemListElement\":[{\"@type\":\"ListItem\",\"position\":1,\"name\":\"Home\",\"item\":\"https:\\\/\\\/casadecampoliving.com\\\/es\\\/\"},{\"@type\":\"ListItem\",\"position\":2,\"name\":\"\u00a1Ismael Cala de CNN en Casa de Campo!\"}]},{\"@type\":\"WebSite\",\"@id\":\"https:\\\/\\\/casadecampoliving.com\\\/es\\\/#website\",\"url\":\"https:\\\/\\\/casadecampoliving.com\\\/es\\\/\",\"name\":\"Casa de Campo Living\",\"description\":\"Resort community news and resources.\",\"publisher\":{\"@id\":\"https:\\\/\\\/casadecampoliving.com\\\/es\\\/#organization\"},\"potentialAction\":[{\"@type\":\"SearchAction\",\"target\":{\"@type\":\"EntryPoint\",\"urlTemplate\":\"https:\\\/\\\/casadecampoliving.com\\\/es\\\/?s={search_term_string}\"},\"query-input\":{\"@type\":\"PropertyValueSpecification\",\"valueRequired\":true,\"valueName\":\"search_term_string\"}}],\"inLanguage\":\"es\"},{\"@type\":\"Organization\",\"@id\":\"https:\\\/\\\/casadecampoliving.com\\\/es\\\/#organization\",\"name\":\"Casa de Campo Living\",\"url\":\"https:\\\/\\\/casadecampoliving.com\\\/es\\\/\",\"logo\":{\"@type\":\"ImageObject\",\"inLanguage\":\"es\",\"@id\":\"https:\\\/\\\/casadecampoliving.com\\\/es\\\/#\\\/schema\\\/logo\\\/image\\\/\",\"url\":\"https:\\\/\\\/i0.wp.com\\\/casadecampoliving.com\\\/wp-content\\\/uploads\\\/2022\\\/07\\\/CDCLivingLogo_V1-white-sized.png?fit=800%2C214&ssl=1\",\"contentUrl\":\"https:\\\/\\\/i0.wp.com\\\/casadecampoliving.com\\\/wp-content\\\/uploads\\\/2022\\\/07\\\/CDCLivingLogo_V1-white-sized.png?fit=800%2C214&ssl=1\",\"width\":800,\"height\":214,\"caption\":\"Casa de Campo Living\"},\"image\":{\"@id\":\"https:\\\/\\\/casadecampoliving.com\\\/es\\\/#\\\/schema\\\/logo\\\/image\\\/\"},\"sameAs\":[\"https:\\\/\\\/www.facebook.com\\\/casadecampoliving\",\"https:\\\/\\\/x.com\\\/cdcliving\"]},{\"@type\":\"Person\",\"@id\":\"https:\\\/\\\/casadecampoliving.com\\\/es\\\/#\\\/schema\\\/person\\\/31e9c79dd1ae5946a5bc1d006945aad1\",\"name\":\"Carla Campos\",\"image\":{\"@type\":\"ImageObject\",\"inLanguage\":\"es\",\"@id\":\"https:\\\/\\\/secure.gravatar.com\\\/avatar\\\/73cf86e3450dfb9b46e1fdb84b1d556861d8ff8c40e6925be3e987154c3b5772?s=96&d=mm&r=g\",\"url\":\"https:\\\/\\\/secure.gravatar.com\\\/avatar\\\/73cf86e3450dfb9b46e1fdb84b1d556861d8ff8c40e6925be3e987154c3b5772?s=96&d=mm&r=g\",\"contentUrl\":\"https:\\\/\\\/secure.gravatar.com\\\/avatar\\\/73cf86e3450dfb9b46e1fdb84b1d556861d8ff8c40e6925be3e987154c3b5772?s=96&d=mm&r=g\",\"caption\":\"Carla Campos\"},\"url\":\"https:\\\/\\\/casadecampoliving.com\\\/es\\\/author\\\/ccampos\\\/\"}]}<\/script>\n<!-- \/ Yoast SEO plugin. -->","yoast_head_json":{"title":"\u00a1Ismael Cala de CNN en Casa de Campo! | Casa de Campo Living","description":"\u00a1Ismael Cala est\u00e1 en Casa de Campo este fin de semana! El reconocido periodista, escritor, productor y anfitri\u00f3n del programa de entrevistas de CNN en","robots":{"index":"index","follow":"follow","max-snippet":"max-snippet:-1","max-image-preview":"max-image-preview:large","max-video-preview":"max-video-preview:-1"},"canonical":"https:\/\/casadecampoliving.com\/es\/ismael-cala-cnn-en-casa\/","og_locale":"es_ES","og_type":"article","og_title":"\u00a1Ismael Cala de CNN en Casa de Campo! | Casa de Campo Living","og_description":"\u00a1Ismael Cala est\u00e1 en Casa de Campo este fin de semana! El reconocido periodista, escritor, productor y anfitri\u00f3n del programa de entrevistas de CNN en","og_url":"https:\/\/casadecampoliving.com\/es\/ismael-cala-cnn-en-casa\/","og_site_name":"Casa de Campo Living","article_publisher":"https:\/\/www.facebook.com\/casadecampoliving","article_published_time":"2015-10-03T04:00:00+00:00","article_modified_time":"2022-10-21T22:58:53+00:00","og_image":[{"width":1024,"height":768,"url":"https:\/\/i0.wp.com\/casadecampoliving.com\/wp-content\/uploads\/2022\/10\/CQWxw4TW8AAWuV_-large-1.jpg?fit=1024%2C768&ssl=1","type":"image\/jpeg"}],"author":"Carla Campos","twitter_card":"summary_large_image","twitter_creator":"@cdcliving","twitter_site":"@cdcliving","twitter_misc":{"Escrito por":"Carla Campos","Tiempo de lectura":"2 minutos"},"schema":{"@context":"https:\/\/schema.org","@graph":[{"@type":"Article","@id":"https:\/\/casadecampoliving.com\/es\/ismael-cala-cnn-en-casa\/#article","isPartOf":{"@id":"https:\/\/casadecampoliving.com\/es\/ismael-cala-cnn-en-casa\/"},"author":{"name":"Carla Campos","@id":"https:\/\/casadecampoliving.com\/es\/#\/schema\/person\/31e9c79dd1ae5946a5bc1d006945aad1"},"headline":"\u00a1Ismael Cala de CNN en Casa de Campo!","datePublished":"2015-10-03T04:00:00+00:00","dateModified":"2022-10-21T22:58:53+00:00","mainEntityOfPage":{"@id":"https:\/\/casadecampoliving.com\/es\/ismael-cala-cnn-en-casa\/"},"wordCount":371,"publisher":{"@id":"https:\/\/casadecampoliving.com\/es\/#organization"},"image":{"@id":"https:\/\/casadecampoliving.com\/es\/ismael-cala-cnn-en-casa\/#primaryimage"},"thumbnailUrl":"https:\/\/i0.wp.com\/casadecampoliving.com\/wp-content\/uploads\/2022\/10\/CQWxw4TW8AAWuV_-large-1.jpg?fit=1024%2C768&ssl=1","keywords":["Altos de Chavon","Altos de Chavon Amphitheater","Casa de Campo"],"articleSection":["Altos de Chavon @es","Arte y cultura","Celebridades","Estilo de Vida","Noticias Locales","Titulares"],"inLanguage":"es"},{"@type":"WebPage","@id":"https:\/\/casadecampoliving.com\/es\/ismael-cala-cnn-en-casa\/","url":"https:\/\/casadecampoliving.com\/es\/ismael-cala-cnn-en-casa\/","name":"\u00a1Ismael Cala de CNN en Casa de Campo! | Casa de Campo Living","isPartOf":{"@id":"https:\/\/casadecampoliving.com\/es\/#website"},"primaryImageOfPage":{"@id":"https:\/\/casadecampoliving.com\/es\/ismael-cala-cnn-en-casa\/#primaryimage"},"image":{"@id":"https:\/\/casadecampoliving.com\/es\/ismael-cala-cnn-en-casa\/#primaryimage"},"thumbnailUrl":"https:\/\/i0.wp.com\/casadecampoliving.com\/wp-content\/uploads\/2022\/10\/CQWxw4TW8AAWuV_-large-1.jpg?fit=1024%2C768&ssl=1","datePublished":"2015-10-03T04:00:00+00:00","dateModified":"2022-10-21T22:58:53+00:00","description":"\u00a1Ismael Cala est\u00e1 en Casa de Campo este fin de semana! El reconocido periodista, escritor, productor y anfitri\u00f3n del programa de entrevistas de CNN en","breadcrumb":{"@id":"https:\/\/casadecampoliving.com\/es\/ismael-cala-cnn-en-casa\/#breadcrumb"},"inLanguage":"es","potentialAction":[{"@type":"ReadAction","target":["https:\/\/casadecampoliving.com\/es\/ismael-cala-cnn-en-casa\/"]}]},{"@type":"ImageObject","inLanguage":"es","@id":"https:\/\/casadecampoliving.com\/es\/ismael-cala-cnn-en-casa\/#primaryimage","url":"https:\/\/i0.wp.com\/casadecampoliving.com\/wp-content\/uploads\/2022\/10\/CQWxw4TW8AAWuV_-large-1.jpg?fit=1024%2C768&ssl=1","contentUrl":"https:\/\/i0.wp.com\/casadecampoliving.com\/wp-content\/uploads\/2022\/10\/CQWxw4TW8AAWuV_-large-1.jpg?fit=1024%2C768&ssl=1","width":1024,"height":768,"caption":"Ismael Cala"},{"@type":"BreadcrumbList","@id":"https:\/\/casadecampoliving.com\/es\/ismael-cala-cnn-en-casa\/#breadcrumb","itemListElement":[{"@type":"ListItem","position":1,"name":"Home","item":"https:\/\/casadecampoliving.com\/es\/"},{"@type":"ListItem","position":2,"name":"\u00a1Ismael Cala de CNN en Casa de Campo!"}]},{"@type":"WebSite","@id":"https:\/\/casadecampoliving.com\/es\/#website","url":"https:\/\/casadecampoliving.com\/es\/","name":"Casa de Campo Living","description":"Resort community news and resources.","publisher":{"@id":"https:\/\/casadecampoliving.com\/es\/#organization"},"potentialAction":[{"@type":"SearchAction","target":{"@type":"EntryPoint","urlTemplate":"https:\/\/casadecampoliving.com\/es\/?s={search_term_string}"},"query-input":{"@type":"PropertyValueSpecification","valueRequired":true,"valueName":"search_term_string"}}],"inLanguage":"es"},{"@type":"Organization","@id":"https:\/\/casadecampoliving.com\/es\/#organization","name":"Casa de Campo Living","url":"https:\/\/casadecampoliving.com\/es\/","logo":{"@type":"ImageObject","inLanguage":"es","@id":"https:\/\/casadecampoliving.com\/es\/#\/schema\/logo\/image\/","url":"https:\/\/i0.wp.com\/casadecampoliving.com\/wp-content\/uploads\/2022\/07\/CDCLivingLogo_V1-white-sized.png?fit=800%2C214&ssl=1","contentUrl":"https:\/\/i0.wp.com\/casadecampoliving.com\/wp-content\/uploads\/2022\/07\/CDCLivingLogo_V1-white-sized.png?fit=800%2C214&ssl=1","width":800,"height":214,"caption":"Casa de Campo Living"},"image":{"@id":"https:\/\/casadecampoliving.com\/es\/#\/schema\/logo\/image\/"},"sameAs":["https:\/\/www.facebook.com\/casadecampoliving","https:\/\/x.com\/cdcliving"]},{"@type":"Person","@id":"https:\/\/casadecampoliving.com\/es\/#\/schema\/person\/31e9c79dd1ae5946a5bc1d006945aad1","name":"Carla Campos","image":{"@type":"ImageObject","inLanguage":"es","@id":"https:\/\/secure.gravatar.com\/avatar\/73cf86e3450dfb9b46e1fdb84b1d556861d8ff8c40e6925be3e987154c3b5772?s=96&d=mm&r=g","url":"https:\/\/secure.gravatar.com\/avatar\/73cf86e3450dfb9b46e1fdb84b1d556861d8ff8c40e6925be3e987154c3b5772?s=96&d=mm&r=g","contentUrl":"https:\/\/secure.gravatar.com\/avatar\/73cf86e3450dfb9b46e1fdb84b1d556861d8ff8c40e6925be3e987154c3b5772?s=96&d=mm&r=g","caption":"Carla Campos"},"url":"https:\/\/casadecampoliving.com\/es\/author\/ccampos\/"}]}},"parsely":{"version":"1.1.0","canonical_url":"https:\/\/casadecampoliving.com\/es\/ismael-cala-cnn-en-casa\/","smart_links":{"inbound":0,"outbound":0},"traffic_boost_suggestions_count":0,"meta":{"@context":"https:\/\/schema.org","@type":"NewsArticle","headline":"\u00a1Ismael Cala de CNN en Casa de Campo!","url":"http:\/\/casadecampoliving.com\/es\/ismael-cala-cnn-en-casa\/","mainEntityOfPage":{"@type":"WebPage","@id":"http:\/\/casadecampoliving.com\/es\/ismael-cala-cnn-en-casa\/"},"thumbnailUrl":"https:\/\/i0.wp.com\/casadecampoliving.com\/wp-content\/uploads\/2022\/10\/CQWxw4TW8AAWuV_-large-1.jpg?resize=150%2C150&ssl=1","image":{"@type":"ImageObject","url":"https:\/\/i0.wp.com\/casadecampoliving.com\/wp-content\/uploads\/2022\/10\/CQWxw4TW8AAWuV_-large-1.jpg?fit=1024%2C768&ssl=1"},"articleSection":"Altos de Chavon @es","author":[{"@type":"Person","name":"Carla Campos"}],"creator":["Carla Campos"],"publisher":{"@type":"Organization","name":"Casa de Campo Living","logo":"https:\/\/casadecampoliving.com\/wp-content\/uploads\/2022\/07\/CDCLivingLogo_V1-white-sized.png"},"keywords":["altos de chavon","altos de chavon amphitheater","casa de campo"],"dateCreated":"2015-10-03T04:00:00Z","datePublished":"2015-10-03T04:00:00Z","dateModified":"2022-10-21T22:58:53Z"},"rendered":"<script type=\"application\/ld+json\" class=\"wp-parsely-metadata\">{\"@context\":\"https:\\\/\\\/schema.org\",\"@type\":\"NewsArticle\",\"headline\":\"\\u00a1Ismael Cala de CNN en Casa de Campo!\",\"url\":\"http:\\\/\\\/casadecampoliving.com\\\/es\\\/ismael-cala-cnn-en-casa\\\/\",\"mainEntityOfPage\":{\"@type\":\"WebPage\",\"@id\":\"http:\\\/\\\/casadecampoliving.com\\\/es\\\/ismael-cala-cnn-en-casa\\\/\"},\"thumbnailUrl\":\"https:\\\/\\\/i0.wp.com\\\/casadecampoliving.com\\\/wp-content\\\/uploads\\\/2022\\\/10\\\/CQWxw4TW8AAWuV_-large-1.jpg?resize=150%2C150&ssl=1\",\"image\":{\"@type\":\"ImageObject\",\"url\":\"https:\\\/\\\/i0.wp.com\\\/casadecampoliving.com\\\/wp-content\\\/uploads\\\/2022\\\/10\\\/CQWxw4TW8AAWuV_-large-1.jpg?fit=1024%2C768&ssl=1\"},\"articleSection\":\"Altos de Chavon @es\",\"author\":[{\"@type\":\"Person\",\"name\":\"Carla Campos\"}],\"creator\":[\"Carla Campos\"],\"publisher\":{\"@type\":\"Organization\",\"name\":\"Casa de Campo Living\",\"logo\":\"https:\\\/\\\/casadecampoliving.com\\\/wp-content\\\/uploads\\\/2022\\\/07\\\/CDCLivingLogo_V1-white-sized.png\"},\"keywords\":[\"altos de chavon\",\"altos de chavon amphitheater\",\"casa de campo\"],\"dateCreated\":\"2015-10-03T04:00:00Z\",\"datePublished\":\"2015-10-03T04:00:00Z\",\"dateModified\":\"2022-10-21T22:58:53Z\"}<\/script>","tracker_url":"https:\/\/cdn.parsely.com\/keys\/casadecampoliving.com\/p.js"},"jetpack_publicize_connections":[],"jetpack_featured_media_url":"https:\/\/i0.wp.com\/casadecampoliving.com\/wp-content\/uploads\/2022\/10\/CQWxw4TW8AAWuV_-large-1.jpg?fit=1024%2C768&ssl=1","jetpack-related-posts":[{"id":348531,"url":"https:\/\/casadecampoliving.com\/es\/cala-filmado-en-casa-de-campo-saldra-al-aire-hoy-cnn\/","url_meta":{"origin":348359,"position":0},"title":"El programa Cala, filmado en Casa de Campo saldr\u00e1 al aire HOY en CNN","author":"Carla Campos","date":"2 Nov, 2015","format":false,"excerpt":"\u00bfRecuerdan que\u00a0hace unas semanas Ismael Cala, de CNN en Espa\u00f1ol, estuvo en\u00a0Casa de Campo\u00a0filmando\u00a0un especial para su programa, \u201cCala\u201d? Bueno, \u00a1aseg\u00farense de sintonizar CNN En Espa\u00f1ol esta noche a las 9pm\u00a0para ver el primer episodio\u00a0de la serie de shows! A partir de hoy, lunes, 2 de noviembre, Cala sacar\u00e1 al\u2026","rel":"","context":"En \u00abAltos de Chavon @es\u00bb","block_context":{"text":"Altos de Chavon @es","link":"https:\/\/casadecampoliving.com\/category\/altos-de-chavon-es\/"},"img":{"alt_text":"Cala Rep\u00fablica Dominicana","src":"https:\/\/i0.wp.com\/casadecampoliving.com\/wp-content\/uploads\/2022\/10\/Cala-Republica-Dominicana-1.jpg?fit=650%2C277&ssl=1&resize=350%2C200","width":350,"height":200,"srcset":"https:\/\/i0.wp.com\/casadecampoliving.com\/wp-content\/uploads\/2022\/10\/Cala-Republica-Dominicana-1.jpg?fit=650%2C277&ssl=1&resize=350%2C200 1x, https:\/\/i0.wp.com\/casadecampoliving.com\/wp-content\/uploads\/2022\/10\/Cala-Republica-Dominicana-1.jpg?fit=650%2C277&ssl=1&resize=525%2C300 1.5x"},"classes":[]},{"id":326521,"url":"https:\/\/casadecampoliving.com\/cnn-ismael-cala-in-casa\/","url_meta":{"origin":348359,"position":1},"title":"CNN&#8217;s Ismael Cala in Casa this weekend!","author":"Carla Campos","date":"3 Oct, 2015","format":false,"excerpt":"Ismael Cala is in Casa de Campo this weekend! The renowned Cuban journalist, writer, producer and host of the CNN en Espa\u00f1ol interview show, Cala\u00a0is in Casa to film a 5 episode special for his CNN show, as he himself confirmed on his Instagram and Twitter accounts. Although he has\u00a0visited\u2026","rel":"","context":"En \u00abAltos de Chavon\u00bb","block_context":{"text":"Altos de Chavon","link":"https:\/\/casadecampoliving.com\/category\/altos-de-chavon\/"},"img":{"alt_text":"Ismael Cala","src":"https:\/\/i0.wp.com\/casadecampoliving.com\/wp-content\/uploads\/2022\/10\/CQWxw4TW8AAWuV_-large-1.jpg?fit=1024%2C768&ssl=1&resize=350%2C200","width":350,"height":200,"srcset":"https:\/\/i0.wp.com\/casadecampoliving.com\/wp-content\/uploads\/2022\/10\/CQWxw4TW8AAWuV_-large-1.jpg?fit=1024%2C768&ssl=1&resize=350%2C200 1x, https:\/\/i0.wp.com\/casadecampoliving.com\/wp-content\/uploads\/2022\/10\/CQWxw4TW8AAWuV_-large-1.jpg?fit=1024%2C768&ssl=1&resize=525%2C300 1.5x, https:\/\/i0.wp.com\/casadecampoliving.com\/wp-content\/uploads\/2022\/10\/CQWxw4TW8AAWuV_-large-1.jpg?fit=1024%2C768&ssl=1&resize=700%2C400 2x"},"classes":[]},{"id":326644,"url":"https:\/\/casadecampoliving.com\/cala-show-in-casa-de-campo-tonight-on-cnn\/","url_meta":{"origin":348359,"position":2},"title":"Cala show filmed in Casa de Campo will air TONIGHT on CNN\u00a0","author":"Carla Campos","date":"2 Nov, 2015","format":false,"excerpt":"Do you remember a few weeks ago that Ismael Cala, from CNN En Espa\u00f1ol was here in Casa de Campo filming a special for his tv show Cala? Well, make sure to tune in to CNN En Espa\u00f1ol tonight at 9pm to watch the first of the series of shows!\u2026","rel":"","context":"En \u00abAltos de Chavon\u00bb","block_context":{"text":"Altos de Chavon","link":"https:\/\/casadecampoliving.com\/category\/altos-de-chavon\/"},"img":{"alt_text":"Cala Rep\u00fablica Dominicana","src":"https:\/\/i0.wp.com\/casadecampoliving.com\/wp-content\/uploads\/2022\/10\/Cala-Republica-Dominicana-1.jpg?fit=650%2C277&ssl=1&resize=350%2C200","width":350,"height":200,"srcset":"https:\/\/i0.wp.com\/casadecampoliving.com\/wp-content\/uploads\/2022\/10\/Cala-Republica-Dominicana-1.jpg?fit=650%2C277&ssl=1&resize=350%2C200 1x, https:\/\/i0.wp.com\/casadecampoliving.com\/wp-content\/uploads\/2022\/10\/Cala-Republica-Dominicana-1.jpg?fit=650%2C277&ssl=1&resize=525%2C300 1.5x"},"classes":[]},{"id":433460,"url":"https:\/\/casadecampoliving.com\/es\/no-se-pierdan-el-increible-tributo-a-frank-sinatra-para-celebrar-el-40-aniversario-del-anfiteatro-altos-de-chavon\/","url_meta":{"origin":348359,"position":3},"title":"No se pierdan el incre\u00edble tributo a Frank Sinatra para celebrar el 40 aniversario del\u00a0Anfiteatro Altos de Chav\u00f3n","author":"Casa de Campo Living","date":"20 Oct, 2022","format":false,"excerpt":"Siendo uno de los escenarios m\u00e1s emblem\u00e1ticos del pa\u00eds, Casa de Campo Resort\u00ae & Villas celebra las cuatro d\u00e9cadas de aniversario de Altos de Chav\u00f3n con un tributo al gran Frank Sinatra, protagonizado por artistas invitados y una big band tal cual la que acompa\u00f1\u00f3 al artista hace 40 a\u00f1os\u2026","rel":"","context":"En \u00abUncategorized @es\u00bb","block_context":{"text":"Uncategorized @es","link":"https:\/\/casadecampoliving.com\/es\/category\/uncategorized-es\/"},"img":{"alt_text":"","src":"https:\/\/i0.wp.com\/casadecampoliving.com\/wp-content\/uploads\/2022\/10\/Tributo-Frank-Sinatra-Foto-Principal-Amaury-Sanchez-Danilo-Ginebra-Andres-Pichardo-y-Jose-Gabriel-Perez-.jpg?fit=1200%2C873&ssl=1&resize=350%2C200","width":350,"height":200,"srcset":"https:\/\/i0.wp.com\/casadecampoliving.com\/wp-content\/uploads\/2022\/10\/Tributo-Frank-Sinatra-Foto-Principal-Amaury-Sanchez-Danilo-Ginebra-Andres-Pichardo-y-Jose-Gabriel-Perez-.jpg?fit=1200%2C873&ssl=1&resize=350%2C200 1x, https:\/\/i0.wp.com\/casadecampoliving.com\/wp-content\/uploads\/2022\/10\/Tributo-Frank-Sinatra-Foto-Principal-Amaury-Sanchez-Danilo-Ginebra-Andres-Pichardo-y-Jose-Gabriel-Perez-.jpg?fit=1200%2C873&ssl=1&resize=525%2C300 1.5x, https:\/\/i0.wp.com\/casadecampoliving.com\/wp-content\/uploads\/2022\/10\/Tributo-Frank-Sinatra-Foto-Principal-Amaury-Sanchez-Danilo-Ginebra-Andres-Pichardo-y-Jose-Gabriel-Perez-.jpg?fit=1200%2C873&ssl=1&resize=700%2C400 2x, https:\/\/i0.wp.com\/casadecampoliving.com\/wp-content\/uploads\/2022\/10\/Tributo-Frank-Sinatra-Foto-Principal-Amaury-Sanchez-Danilo-Ginebra-Andres-Pichardo-y-Jose-Gabriel-Perez-.jpg?fit=1200%2C873&ssl=1&resize=1050%2C600 3x"},"classes":[]},{"id":318931,"url":"https:\/\/casadecampoliving.com\/es\/cala-de-agua-bazaar-10th-11th-and-12th-of-june\/","url_meta":{"origin":348359,"position":4},"title":"CALA DE AGUA Bazaar: 10th, 11th and 12th of June!","author":"Rebecca Silvestri","date":"8 Jun, 2010","format":false,"excerpt":"This week the creators of the clothing line \u2018Cala de Agua\u2019 are holding a special Cala de Agua Bazaar to showcase their new line! The event will take place on the 10th and 11th of June at Batey #22 and then on the 12th of June the ladies will be\u2026","rel":"","context":"En \u00abAltos de Chavon\u00bb","block_context":{"text":"Altos de Chavon","link":"https:\/\/casadecampoliving.com\/category\/altos-de-chavon\/"},"img":{"alt_text":"","src":"https:\/\/i0.wp.com\/casadecampoliving.com\/wp-content\/uploads\/2022\/10\/Cala-de-agua-casa-de-campo-living-1.jpg?fit=575%2C349&ssl=1&resize=350%2C200","width":350,"height":200,"srcset":"https:\/\/i0.wp.com\/casadecampoliving.com\/wp-content\/uploads\/2022\/10\/Cala-de-agua-casa-de-campo-living-1.jpg?fit=575%2C349&ssl=1&resize=350%2C200 1x, https:\/\/i0.wp.com\/casadecampoliving.com\/wp-content\/uploads\/2022\/10\/Cala-de-agua-casa-de-campo-living-1.jpg?fit=575%2C349&ssl=1&resize=525%2C300 1.5x"},"classes":[]},{"id":347668,"url":"https:\/\/casadecampoliving.com\/es\/casa-de-campo-se-une-a-la-meditacion-global-con-deepak-chopra\/","url_meta":{"origin":348359,"position":5},"title":"Casa de Campo se une a la Meditaci\u00f3n Global con Deepak Chopra","author":"Carla Campos","date":"3 Jul, 2015","format":false,"excerpt":"Imagine ser capaz de cambiar el mundo por uno m\u00e1s compasivo, pacifico, m\u00e1s sano y m\u00e1s feliz, aqu\u00ed mismo desde Casa de Campo\u2026 El pr\u00f3ximo s\u00e1bado, 11 de julio a las 9am, la comunidad Casa de Campo se unir\u00e1 a Deepak Chopra, Gabriellle Bernstein, Ismael Cala y m\u00e1s de 500,000\u2026","rel":"","context":"En \u00abCasa de Campo Living @es\u00bb","block_context":{"text":"Casa de Campo Living @es","link":"https:\/\/casadecampoliving.com\/category\/casa-de-campo-living-es\/"},"img":{"alt_text":"","src":"https:\/\/i0.wp.com\/casadecampoliving.com\/wp-content\/uploads\/2022\/10\/Casa_de_Campo_Spa-3.jpg?fit=1024%2C682&ssl=1&resize=350%2C200","width":350,"height":200,"srcset":"https:\/\/i0.wp.com\/casadecampoliving.com\/wp-content\/uploads\/2022\/10\/Casa_de_Campo_Spa-3.jpg?fit=1024%2C682&ssl=1&resize=350%2C200 1x, https:\/\/i0.wp.com\/casadecampoliving.com\/wp-content\/uploads\/2022\/10\/Casa_de_Campo_Spa-3.jpg?fit=1024%2C682&ssl=1&resize=525%2C300 1.5x, https:\/\/i0.wp.com\/casadecampoliving.com\/wp-content\/uploads\/2022\/10\/Casa_de_Campo_Spa-3.jpg?fit=1024%2C682&ssl=1&resize=700%2C400 2x"},"classes":[]}],"jetpack_sharing_enabled":true,"_links":{"self":[{"href":"https:\/\/casadecampoliving.com\/es\/wp-json\/wp\/v2\/posts\/348359","targetHints":{"allow":["GET"]}}],"collection":[{"href":"https:\/\/casadecampoliving.com\/es\/wp-json\/wp\/v2\/posts"}],"about":[{"href":"https:\/\/casadecampoliving.com\/es\/wp-json\/wp\/v2\/types\/post"}],"author":[{"embeddable":true,"href":"https:\/\/casadecampoliving.com\/es\/wp-json\/wp\/v2\/users\/36672"}],"replies":[{"embeddable":true,"href":"https:\/\/casadecampoliving.com\/es\/wp-json\/wp\/v2\/comments?post=348359"}],"version-history":[{"count":1,"href":"https:\/\/casadecampoliving.com\/es\/wp-json\/wp\/v2\/posts\/348359\/revisions"}],"predecessor-version":[{"id":348360,"href":"https:\/\/casadecampoliving.com\/es\/wp-json\/wp\/v2\/posts\/348359\/revisions\/348360"}],"wp:featuredmedia":[{"embeddable":true,"href":"https:\/\/casadecampoliving.com\/es\/wp-json\/wp\/v2\/media\/292893"}],"wp:attachment":[{"href":"https:\/\/casadecampoliving.com\/es\/wp-json\/wp\/v2\/media?parent=348359"}],"wp:term":[{"taxonomy":"category","embeddable":true,"href":"https:\/\/casadecampoliving.com\/es\/wp-json\/wp\/v2\/categories?post=348359"},{"taxonomy":"post_tag","embeddable":true,"href":"https:\/\/casadecampoliving.com\/es\/wp-json\/wp\/v2\/tags?post=348359"},{"taxonomy":"newspack_spnsrs_tax","embeddable":true,"href":"https:\/\/casadecampoliving.com\/es\/wp-json\/wp\/v2\/newspack_spnsrs_tax?post=348359"}],"curies":[{"name":"wp","href":"https:\/\/api.w.org\/{rel}","templated":true}]}}