{"id":348224,"date":"2015-09-11T00:00:00","date_gmt":"2015-09-11T04:00:00","guid":{"rendered":"https:\/\/casadecampoliving.com\/cena-con-el-legendario-xabier-gutierrez-y-coctel-con-chivas\/"},"modified":"2022-10-21T19:03:06","modified_gmt":"2022-10-21T23:03:06","slug":"cena-con-el-legendario-xabier-gutierrez-y-coctel-con-chivas","status":"publish","type":"post","link":"https:\/\/casadecampoliving.com\/es\/cena-con-el-legendario-xabier-gutierrez-y-coctel-con-chivas\/","title":{"rendered":"Cena con el legendario Xabier Guti\u00e9rrez y c\u00f3ctel con Chivas"},"content":{"rendered":"<div class=\"wp-block-image\">\n<figure class=\"aligncenter is-resized\"><img loading=\"lazy\" decoding=\"async\" src=\"https:\/\/i0.wp.com\/casadecampoliving.com\/wp-content\/uploads\/2022\/10\/Xabier-Guitierrez.jpg?resize=650%2C400&amp;ssl=1\" alt=\"Xabier Guitierrez\" class=\"wp-image-113658\" height=\"400\" width=\"650\"\/><\/figure>\n<\/div>\n\n\n<p>Aunque contamos con una amplia selecci\u00f3n de buenos restaurantes en Casa, donde siempre me gusta ir a cenar, la variedad es siempre bienvenida. Por lo que&nbsp;estaba m\u00e1s que&nbsp;emocionada de saber que el famoso chef Xabier Guti\u00e9rrez iba a estar aqu\u00ed durante el Casa de Campo Food and Wine Festival.<\/p>\n\n\n\n<!--more-->\n\n\n\n<p>Xabier Guti\u00e9rrez viaj\u00f3 todo el camino desde San Sebasti\u00e1n, Espa\u00f1a, donde es Director de Innovaci\u00f3n en&nbsp;Arzak, el cual es el n\u00famero 17 de los 50 mejores restaurantes del mundo.<\/p>\n\n\n\n<p>Emocionada por&nbsp;degustar el men\u00fa especial que Xabier Guti\u00e9rrez hab\u00eda cocinado para nosotros, nos dirigimos a Altos de Chav\u00f3n, el cual luc\u00eda&nbsp;m\u00e1gica durante ese fin de semana, para cenar en La Piazzetta \u2013 que tambi\u00e9n fue transformada para la ocasi\u00f3n especial. Vinos encantadores especialmente seleccionados por El Catador acompa\u00f1aron cena.<\/p>\n\n\n\n<h3 class=\"wp-block-heading\">Aperitivo<\/h3>\n\n\n<div class=\"wp-block-image\">\n<figure class=\"aligncenter is-resized\"><img loading=\"lazy\" decoding=\"async\" src=\"https:\/\/i0.wp.com\/casadecampoliving.com\/wp-content\/uploads\/2022\/10\/Dinner_Xabier_Gutierrez_01.jpg?resize=650%2C400&amp;ssl=1\" alt=\"Dinner Xabier Gutierrez, Melon Ravioli with Foie and Gazpacho\" class=\"wp-image-113662\" height=\"400\" width=\"650\"\/><\/figure>\n<\/div>\n\n\n<p>Xabier inici\u00f3 con mel\u00f3n Ravioli con Foie y gazpacho. Los raviolis rellenos de mel\u00f3n dejaron un sabor chispeante en la lengua, y el gazpacho hizo de&nbsp;este aperitivo uno impecablemente fresco. No pod\u00edamos esperar a probar el&nbsp;siguiente.<\/p>\n\n\n\n<h3 class=\"wp-block-heading\">Plato Fuerte<\/h3>\n\n\n<div class=\"wp-block-image\">\n<figure class=\"aligncenter is-resized\"><img loading=\"lazy\" decoding=\"async\" src=\"https:\/\/i0.wp.com\/casadecampoliving.com\/wp-content\/uploads\/2022\/10\/Dinner_Xabier_Gutierrez_02.jpg?resize=650%2C400&amp;ssl=1\" alt=\"Xabier Gutierrez Dinner, Dominican prawn with pumpkin sauce and citric-sour touch\" class=\"wp-image-113663\" height=\"400\" width=\"650\"\/><\/figure>\n<\/div>\n\n\n<p>Acompa\u00f1ado por el fresco vino blanco Albari\u00f1o de \u201cDon Pedro de Soutomaior\u201d, los pr\u00f3ximos dos platos ten\u00edan mariscos como protagonistas. En primer lugar, nos sirvieron gambas Dominicanas con salsa de calabaza y un toque c\u00edtrico \u00e1cido, seguido de King Crab <em>(Cangrejo Real)<\/em>. \u00c9ste&nbsp;fue servido sobre&nbsp;un plato de sal negro del horno con contrastes de mar, lo que dio al plato una apariencia de&nbsp;\u201cdirectamente salido&nbsp;el oc\u00e9ano\u201d.<\/p>\n\n\n<div class=\"wp-block-image\">\n<figure class=\"aligncenter is-resized\"><img loading=\"lazy\" decoding=\"async\" src=\"https:\/\/i0.wp.com\/casadecampoliving.com\/wp-content\/uploads\/2022\/10\/Dinner_Xabier_Gutierrez_03.jpg?resize=650%2C400&amp;ssl=1\" alt=\"Xabier Gutierrez Dinner, King Crab\" class=\"wp-image-113664\" height=\"400\" width=\"650\"\/><\/figure>\n<\/div>\n\n\n<p>Para continuar con el ambiente marino, disfrutamos de un&nbsp;at\u00fan con mojo japon\u00e9s. El at\u00fan esaba&nbsp;perfectamente tierno, estaba&nbsp;y acompa\u00f1ado de&nbsp;detalles como esp\u00e1rragos y bolas de sand\u00eda. Una perfecta combinaci\u00f3n de sabores.<\/p>\n\n\n<div class=\"wp-block-image\">\n<figure class=\"aligncenter is-resized\"><img loading=\"lazy\" decoding=\"async\" src=\"https:\/\/i0.wp.com\/casadecampoliving.com\/wp-content\/uploads\/2022\/10\/Dinner_Xabier_Gutierrez_04.jpg?resize=650%2C400&amp;ssl=1\" alt=\"Xabier Gutierrez Dinner, Tuna with Japanese Mojo\u00a0with asparagus and watermelon balls\" class=\"wp-image-113666\" height=\"400\" width=\"650\"\/><\/figure>\n<\/div>\n\n\n<h3 class=\"wp-block-heading\">Extra\u2026 \u00a1Sorpresa!<\/h3>\n\n\n<div class=\"wp-block-image\">\n<figure class=\"aligncenter is-resized\"><img loading=\"lazy\" decoding=\"async\" src=\"https:\/\/i0.wp.com\/casadecampoliving.com\/wp-content\/uploads\/2022\/10\/Dinner_Xabier_Gutierrez_05.jpg?resize=650%2C400&amp;ssl=1\" alt=\"Xabier Gutierrez Dinner, veal with a tower of colored potatoes\" class=\"wp-image-113667\" height=\"400\" width=\"650\"\/><\/figure>\n<\/div>\n\n\n<p>Antes de pasar a los postres, Xabier ten\u00eda una sorpresa m\u00e1s para nosotros;&nbsp;ternera perfectamente cocinada con una torre de papas de colores. Un Tempranillo de \u201cCarmelo Rodero Reserva\u201d acompa\u00f1\u00f3 la ternera.<\/p>\n\n\n\n<h3 class=\"wp-block-heading\">Postres<\/h3>\n\n\n<div class=\"wp-block-image\">\n<figure class=\"aligncenter is-resized\"><img loading=\"lazy\" decoding=\"async\" src=\"https:\/\/i0.wp.com\/casadecampoliving.com\/wp-content\/uploads\/2022\/10\/Dinner_Xabier_Gutierrez_06.jpg?resize=650%2C400&amp;ssl=1\" alt=\"Xabier Gutierrez Dinner, frosted apple cupcakes with silver veil\" class=\"wp-image-113668\" height=\"400\" width=\"650\"\/><\/figure>\n<\/div>\n\n\n<p>No s\u00f3lo el chef hab\u00eda preparado pastelitos de manzana congelada con velo de plata y helado de pi\u00f1a para nosotros como postre, sino que tambi\u00e9n prepar\u00f3 personalmente una caja con una dona de chocolate congelado y menta, \u00a1la cual&nbsp;firm\u00f3 \u00e9l mismo! Tal vez la idea de la caja era llev\u00e1rsela a casa, pero se ve\u00eda tan&nbsp;buena que la&nbsp;com\u00ed inmediatamente.<\/p>\n\n\n<div class=\"wp-block-image\">\n<figure class=\"aligncenter is-resized\"><img loading=\"lazy\" decoding=\"async\" src=\"https:\/\/i0.wp.com\/casadecampoliving.com\/wp-content\/uploads\/2022\/10\/Dinner_Xabier_Gutierrez_07.jpg?resize=650%2C400&amp;ssl=1\" alt=\"Xabier Gutierrez Dinner, Frosted chocolate and mint donut\" class=\"wp-image-113669\" height=\"400\" width=\"650\"\/><\/figure>\n<\/div>\n\n\n<h3 class=\"wp-block-heading\">Final<\/h3>\n\n\n\n<p>Despu\u00e9s de esta explosi\u00f3n de sabores que claramente mostr\u00f3 la creatividad de este chef mundialmente famoso, todos est\u00e1bamos esperando poder&nbsp;compartir esta experiencia con las dem\u00e1s&nbsp;personas en el restaurante y escuchar la opini\u00f3n de todos sobre&nbsp;la experiencia. Por suerte para nosotros, Chivas ofreci\u00f3 a todos los invitados una degustaci\u00f3n de sus finos whiskys, en la terraza del restaurante. Y realmente aprend\u00ed que whisky no es s\u00f3lo para beber \u201ca las rocas\u201d, \u00a1sino&nbsp;que pueden hacerse c\u00f3cteles muy creativos con Chivas! Aunque ten\u00edamos la opci\u00f3n de degustar c\u00f3cteles con sabor a palomitas y chocolate, eleg\u00ed uno de canela y lim\u00f3n, el cual fue la bebida perfecta para cerrar esta noche especial bajo la luz de la luna.<\/p>\n","protected":false},"excerpt":{"rendered":"<p>Aunque contamos con una amplia selecci\u00f3n de buenos restaurantes en Casa, donde siempre me gusta ir a cenar, la variedad es siempre bienvenida. Por lo que&nbsp;estaba m\u00e1s que&nbsp;emocionada de saber que el famoso chef Xabier Guti\u00e9rrez iba a estar aqu\u00ed durante el Casa de Campo Food and Wine Festival.<\/p>\n","protected":false},"author":36677,"featured_media":288175,"comment_status":"closed","ping_status":"closed","sticky":false,"template":"","format":"standard","meta":{"newspack_ads_suppress_ads":false,"newspack_popups_has_disabled_popups":false,"newspack_sponsor_sponsorship_scope":"","newspack_sponsor_native_byline_display":"inherit","newspack_sponsor_native_category_display":"inherit","newspack_sponsor_underwriter_style":"inherit","newspack_sponsor_underwriter_placement":"inherit","_newspack_byline_active":false,"_newspack_byline":"","newspack_hide_updated_date":false,"newspack_show_updated_date":false,"newspack_content_restriction_is_exempt":false,"newspack_featured_image_position":"","newspack_post_subtitle":"","newspack_article_summary_title":"Overview:","newspack_article_summary":"","_jetpack_memberships_contains_paid_content":false,"footnotes":"","jetpack_publicize_message":"","jetpack_publicize_feature_enabled":true,"jetpack_social_post_already_shared":false,"jetpack_social_options":{"image_generator_settings":{"template":"highway","default_image_id":0,"font":"","enabled":false},"version":2},"_wpas_customize_per_network":false},"categories":[26819,26936,26951,14629,2524,14625,2520],"tags":[13077,2731,5687,12975,6775],"newspack_spnsrs_tax":[],"class_list":["post-348224","post","type-post","status-publish","format-standard","has-post-thumbnail","hentry","category-altos-de-chavon-es","category-casa-de-campo-living-es","category-ccl-presenta","category-comidas-bebidas","category-destacados","category-noticias-locales","category-restaurantes-es","tag-casa-de-campo-food-and-wine-festival-es","tag-cena","tag-comida","tag-food-and-wine-festival-es","tag-la-piazzetta-es","entry"],"yoast_head":"<!-- This site is optimized with the Yoast SEO plugin v27.4 - https:\/\/yoast.com\/product\/yoast-seo-wordpress\/ -->\n<title>Cena con el legendario Xabier Guti\u00e9rrez y c\u00f3ctel con Chivas | Casa de Campo Living<\/title>\n<meta name=\"description\" content=\"Aunque contamos con una amplia selecci\u00f3n de buenos restaurantes en Casa, donde siempre me gusta ir a cenar, la variedad es siempre bienvenida. Por lo\" \/>\n<meta name=\"robots\" content=\"index, follow, max-snippet:-1, max-image-preview:large, max-video-preview:-1\" \/>\n<link rel=\"canonical\" href=\"https:\/\/casadecampoliving.com\/es\/cena-con-el-legendario-xabier-gutierrez-y-coctel-con-chivas\/\" \/>\n<meta property=\"og:locale\" content=\"es_ES\" \/>\n<meta property=\"og:type\" content=\"article\" \/>\n<meta property=\"og:title\" content=\"Cena con el legendario Xabier Guti\u00e9rrez y c\u00f3ctel con Chivas | Casa de Campo Living\" \/>\n<meta property=\"og:description\" content=\"Aunque contamos con una amplia selecci\u00f3n de buenos restaurantes en Casa, donde siempre me gusta ir a cenar, la variedad es siempre bienvenida. Por lo\" \/>\n<meta property=\"og:url\" content=\"https:\/\/casadecampoliving.com\/es\/cena-con-el-legendario-xabier-gutierrez-y-coctel-con-chivas\/\" \/>\n<meta property=\"og:site_name\" content=\"Casa de Campo Living\" \/>\n<meta property=\"article:publisher\" content=\"https:\/\/www.facebook.com\/casadecampoliving\" \/>\n<meta property=\"article:published_time\" content=\"2015-09-11T04:00:00+00:00\" \/>\n<meta property=\"article:modified_time\" content=\"2022-10-21T23:03:06+00:00\" \/>\n<meta property=\"og:image\" content=\"https:\/\/i0.wp.com\/casadecampoliving.com\/wp-content\/uploads\/2022\/10\/Dinner_Xabier_Gutierrez_04-1.jpg?fit=650%2C400&ssl=1\" \/>\n\t<meta property=\"og:image:width\" content=\"650\" \/>\n\t<meta property=\"og:image:height\" content=\"400\" \/>\n\t<meta property=\"og:image:type\" content=\"image\/jpeg\" \/>\n<meta name=\"author\" content=\"Jorien Van Der Meij\" \/>\n<meta name=\"twitter:card\" content=\"summary_large_image\" \/>\n<meta name=\"twitter:creator\" content=\"@cdcliving\" \/>\n<meta name=\"twitter:site\" content=\"@cdcliving\" \/>\n<meta name=\"twitter:label1\" content=\"Escrito por\" \/>\n\t<meta name=\"twitter:data1\" content=\"Jorien Van Der Meij\" \/>\n\t<meta name=\"twitter:label2\" content=\"Tiempo de lectura\" \/>\n\t<meta name=\"twitter:data2\" content=\"3 minutos\" \/>\n<script type=\"application\/ld+json\" class=\"yoast-schema-graph\">{\"@context\":\"https:\\\/\\\/schema.org\",\"@graph\":[{\"@type\":\"Article\",\"@id\":\"https:\\\/\\\/casadecampoliving.com\\\/es\\\/cena-con-el-legendario-xabier-gutierrez-y-coctel-con-chivas\\\/#article\",\"isPartOf\":{\"@id\":\"https:\\\/\\\/casadecampoliving.com\\\/es\\\/cena-con-el-legendario-xabier-gutierrez-y-coctel-con-chivas\\\/\"},\"author\":{\"name\":\"Jorien Van Der Meij\",\"@id\":\"https:\\\/\\\/casadecampoliving.com\\\/es\\\/#\\\/schema\\\/person\\\/c3cc3b298796ef37f4180e6d73f526e1\"},\"headline\":\"Cena con el legendario Xabier Guti\u00e9rrez y c\u00f3ctel con Chivas\",\"datePublished\":\"2015-09-11T04:00:00+00:00\",\"dateModified\":\"2022-10-21T23:03:06+00:00\",\"mainEntityOfPage\":{\"@id\":\"https:\\\/\\\/casadecampoliving.com\\\/es\\\/cena-con-el-legendario-xabier-gutierrez-y-coctel-con-chivas\\\/\"},\"wordCount\":576,\"publisher\":{\"@id\":\"https:\\\/\\\/casadecampoliving.com\\\/es\\\/#organization\"},\"image\":{\"@id\":\"https:\\\/\\\/casadecampoliving.com\\\/es\\\/cena-con-el-legendario-xabier-gutierrez-y-coctel-con-chivas\\\/#primaryimage\"},\"thumbnailUrl\":\"https:\\\/\\\/i0.wp.com\\\/casadecampoliving.com\\\/wp-content\\\/uploads\\\/2022\\\/10\\\/Dinner_Xabier_Gutierrez_04-1.jpg?fit=650%2C400&ssl=1\",\"keywords\":[\"Casa de Campo Food and Wine Festival @es\",\"cena\",\"comida\",\"Food and Wine Festival @es\",\"la piazzetta @es\"],\"articleSection\":[\"Altos de Chavon @es\",\"Casa de Campo Living @es\",\"CCL presenta\",\"Comidas &amp; Bebidas\",\"Destacados\",\"Noticias Locales\",\"Restaurantes\"],\"inLanguage\":\"es\"},{\"@type\":\"WebPage\",\"@id\":\"https:\\\/\\\/casadecampoliving.com\\\/es\\\/cena-con-el-legendario-xabier-gutierrez-y-coctel-con-chivas\\\/\",\"url\":\"https:\\\/\\\/casadecampoliving.com\\\/es\\\/cena-con-el-legendario-xabier-gutierrez-y-coctel-con-chivas\\\/\",\"name\":\"Cena con el legendario Xabier Guti\u00e9rrez y c\u00f3ctel con Chivas | Casa de Campo Living\",\"isPartOf\":{\"@id\":\"https:\\\/\\\/casadecampoliving.com\\\/es\\\/#website\"},\"primaryImageOfPage\":{\"@id\":\"https:\\\/\\\/casadecampoliving.com\\\/es\\\/cena-con-el-legendario-xabier-gutierrez-y-coctel-con-chivas\\\/#primaryimage\"},\"image\":{\"@id\":\"https:\\\/\\\/casadecampoliving.com\\\/es\\\/cena-con-el-legendario-xabier-gutierrez-y-coctel-con-chivas\\\/#primaryimage\"},\"thumbnailUrl\":\"https:\\\/\\\/i0.wp.com\\\/casadecampoliving.com\\\/wp-content\\\/uploads\\\/2022\\\/10\\\/Dinner_Xabier_Gutierrez_04-1.jpg?fit=650%2C400&ssl=1\",\"datePublished\":\"2015-09-11T04:00:00+00:00\",\"dateModified\":\"2022-10-21T23:03:06+00:00\",\"description\":\"Aunque contamos con una amplia selecci\u00f3n de buenos restaurantes en Casa, donde siempre me gusta ir a cenar, la variedad es siempre bienvenida. Por lo\",\"breadcrumb\":{\"@id\":\"https:\\\/\\\/casadecampoliving.com\\\/es\\\/cena-con-el-legendario-xabier-gutierrez-y-coctel-con-chivas\\\/#breadcrumb\"},\"inLanguage\":\"es\",\"potentialAction\":[{\"@type\":\"ReadAction\",\"target\":[\"https:\\\/\\\/casadecampoliving.com\\\/es\\\/cena-con-el-legendario-xabier-gutierrez-y-coctel-con-chivas\\\/\"]}]},{\"@type\":\"ImageObject\",\"inLanguage\":\"es\",\"@id\":\"https:\\\/\\\/casadecampoliving.com\\\/es\\\/cena-con-el-legendario-xabier-gutierrez-y-coctel-con-chivas\\\/#primaryimage\",\"url\":\"https:\\\/\\\/i0.wp.com\\\/casadecampoliving.com\\\/wp-content\\\/uploads\\\/2022\\\/10\\\/Dinner_Xabier_Gutierrez_04-1.jpg?fit=650%2C400&ssl=1\",\"contentUrl\":\"https:\\\/\\\/i0.wp.com\\\/casadecampoliving.com\\\/wp-content\\\/uploads\\\/2022\\\/10\\\/Dinner_Xabier_Gutierrez_04-1.jpg?fit=650%2C400&ssl=1\",\"width\":650,\"height\":400,\"caption\":\"Xabier Gutierrez Dinner, Tuna with Japanese Mojo\u00a0with asparagus and watermelon balls\"},{\"@type\":\"BreadcrumbList\",\"@id\":\"https:\\\/\\\/casadecampoliving.com\\\/es\\\/cena-con-el-legendario-xabier-gutierrez-y-coctel-con-chivas\\\/#breadcrumb\",\"itemListElement\":[{\"@type\":\"ListItem\",\"position\":1,\"name\":\"Home\",\"item\":\"https:\\\/\\\/casadecampoliving.com\\\/es\\\/\"},{\"@type\":\"ListItem\",\"position\":2,\"name\":\"Cena con el legendario Xabier Guti\u00e9rrez y c\u00f3ctel con Chivas\"}]},{\"@type\":\"WebSite\",\"@id\":\"https:\\\/\\\/casadecampoliving.com\\\/es\\\/#website\",\"url\":\"https:\\\/\\\/casadecampoliving.com\\\/es\\\/\",\"name\":\"Casa de Campo Living\",\"description\":\"Resort community news and resources.\",\"publisher\":{\"@id\":\"https:\\\/\\\/casadecampoliving.com\\\/es\\\/#organization\"},\"potentialAction\":[{\"@type\":\"SearchAction\",\"target\":{\"@type\":\"EntryPoint\",\"urlTemplate\":\"https:\\\/\\\/casadecampoliving.com\\\/es\\\/?s={search_term_string}\"},\"query-input\":{\"@type\":\"PropertyValueSpecification\",\"valueRequired\":true,\"valueName\":\"search_term_string\"}}],\"inLanguage\":\"es\"},{\"@type\":\"Organization\",\"@id\":\"https:\\\/\\\/casadecampoliving.com\\\/es\\\/#organization\",\"name\":\"Casa de Campo Living\",\"url\":\"https:\\\/\\\/casadecampoliving.com\\\/es\\\/\",\"logo\":{\"@type\":\"ImageObject\",\"inLanguage\":\"es\",\"@id\":\"https:\\\/\\\/casadecampoliving.com\\\/es\\\/#\\\/schema\\\/logo\\\/image\\\/\",\"url\":\"https:\\\/\\\/i0.wp.com\\\/casadecampoliving.com\\\/wp-content\\\/uploads\\\/2022\\\/07\\\/CDCLivingLogo_V1-white-sized.png?fit=800%2C214&ssl=1\",\"contentUrl\":\"https:\\\/\\\/i0.wp.com\\\/casadecampoliving.com\\\/wp-content\\\/uploads\\\/2022\\\/07\\\/CDCLivingLogo_V1-white-sized.png?fit=800%2C214&ssl=1\",\"width\":800,\"height\":214,\"caption\":\"Casa de Campo Living\"},\"image\":{\"@id\":\"https:\\\/\\\/casadecampoliving.com\\\/es\\\/#\\\/schema\\\/logo\\\/image\\\/\"},\"sameAs\":[\"https:\\\/\\\/www.facebook.com\\\/casadecampoliving\",\"https:\\\/\\\/x.com\\\/cdcliving\"]},{\"@type\":\"Person\",\"@id\":\"https:\\\/\\\/casadecampoliving.com\\\/es\\\/#\\\/schema\\\/person\\\/c3cc3b298796ef37f4180e6d73f526e1\",\"name\":\"Jorien Van Der Meij\",\"image\":{\"@type\":\"ImageObject\",\"inLanguage\":\"es\",\"@id\":\"https:\\\/\\\/secure.gravatar.com\\\/avatar\\\/6cf599943678a8bc58f4005956634f709d4bd282cd1094ee7558b411d921e48a?s=96&d=mm&r=g\",\"url\":\"https:\\\/\\\/secure.gravatar.com\\\/avatar\\\/6cf599943678a8bc58f4005956634f709d4bd282cd1094ee7558b411d921e48a?s=96&d=mm&r=g\",\"contentUrl\":\"https:\\\/\\\/secure.gravatar.com\\\/avatar\\\/6cf599943678a8bc58f4005956634f709d4bd282cd1094ee7558b411d921e48a?s=96&d=mm&r=g\",\"caption\":\"Jorien Van Der Meij\"},\"url\":\"https:\\\/\\\/casadecampoliving.com\\\/es\\\/author\\\/jorien\\\/\"}]}<\/script>\n<!-- \/ Yoast SEO plugin. -->","yoast_head_json":{"title":"Cena con el legendario Xabier Guti\u00e9rrez y c\u00f3ctel con Chivas | Casa de Campo Living","description":"Aunque contamos con una amplia selecci\u00f3n de buenos restaurantes en Casa, donde siempre me gusta ir a cenar, la variedad es siempre bienvenida. Por lo","robots":{"index":"index","follow":"follow","max-snippet":"max-snippet:-1","max-image-preview":"max-image-preview:large","max-video-preview":"max-video-preview:-1"},"canonical":"https:\/\/casadecampoliving.com\/es\/cena-con-el-legendario-xabier-gutierrez-y-coctel-con-chivas\/","og_locale":"es_ES","og_type":"article","og_title":"Cena con el legendario Xabier Guti\u00e9rrez y c\u00f3ctel con Chivas | Casa de Campo Living","og_description":"Aunque contamos con una amplia selecci\u00f3n de buenos restaurantes en Casa, donde siempre me gusta ir a cenar, la variedad es siempre bienvenida. Por lo","og_url":"https:\/\/casadecampoliving.com\/es\/cena-con-el-legendario-xabier-gutierrez-y-coctel-con-chivas\/","og_site_name":"Casa de Campo Living","article_publisher":"https:\/\/www.facebook.com\/casadecampoliving","article_published_time":"2015-09-11T04:00:00+00:00","article_modified_time":"2022-10-21T23:03:06+00:00","og_image":[{"width":650,"height":400,"url":"https:\/\/i0.wp.com\/casadecampoliving.com\/wp-content\/uploads\/2022\/10\/Dinner_Xabier_Gutierrez_04-1.jpg?fit=650%2C400&ssl=1","type":"image\/jpeg"}],"author":"Jorien Van Der Meij","twitter_card":"summary_large_image","twitter_creator":"@cdcliving","twitter_site":"@cdcliving","twitter_misc":{"Escrito por":"Jorien Van Der Meij","Tiempo de lectura":"3 minutos"},"schema":{"@context":"https:\/\/schema.org","@graph":[{"@type":"Article","@id":"https:\/\/casadecampoliving.com\/es\/cena-con-el-legendario-xabier-gutierrez-y-coctel-con-chivas\/#article","isPartOf":{"@id":"https:\/\/casadecampoliving.com\/es\/cena-con-el-legendario-xabier-gutierrez-y-coctel-con-chivas\/"},"author":{"name":"Jorien Van Der Meij","@id":"https:\/\/casadecampoliving.com\/es\/#\/schema\/person\/c3cc3b298796ef37f4180e6d73f526e1"},"headline":"Cena con el legendario Xabier Guti\u00e9rrez y c\u00f3ctel con Chivas","datePublished":"2015-09-11T04:00:00+00:00","dateModified":"2022-10-21T23:03:06+00:00","mainEntityOfPage":{"@id":"https:\/\/casadecampoliving.com\/es\/cena-con-el-legendario-xabier-gutierrez-y-coctel-con-chivas\/"},"wordCount":576,"publisher":{"@id":"https:\/\/casadecampoliving.com\/es\/#organization"},"image":{"@id":"https:\/\/casadecampoliving.com\/es\/cena-con-el-legendario-xabier-gutierrez-y-coctel-con-chivas\/#primaryimage"},"thumbnailUrl":"https:\/\/i0.wp.com\/casadecampoliving.com\/wp-content\/uploads\/2022\/10\/Dinner_Xabier_Gutierrez_04-1.jpg?fit=650%2C400&ssl=1","keywords":["Casa de Campo Food and Wine Festival @es","cena","comida","Food and Wine Festival @es","la piazzetta @es"],"articleSection":["Altos de Chavon @es","Casa de Campo Living @es","CCL presenta","Comidas &amp; Bebidas","Destacados","Noticias Locales","Restaurantes"],"inLanguage":"es"},{"@type":"WebPage","@id":"https:\/\/casadecampoliving.com\/es\/cena-con-el-legendario-xabier-gutierrez-y-coctel-con-chivas\/","url":"https:\/\/casadecampoliving.com\/es\/cena-con-el-legendario-xabier-gutierrez-y-coctel-con-chivas\/","name":"Cena con el legendario Xabier Guti\u00e9rrez y c\u00f3ctel con Chivas | Casa de Campo Living","isPartOf":{"@id":"https:\/\/casadecampoliving.com\/es\/#website"},"primaryImageOfPage":{"@id":"https:\/\/casadecampoliving.com\/es\/cena-con-el-legendario-xabier-gutierrez-y-coctel-con-chivas\/#primaryimage"},"image":{"@id":"https:\/\/casadecampoliving.com\/es\/cena-con-el-legendario-xabier-gutierrez-y-coctel-con-chivas\/#primaryimage"},"thumbnailUrl":"https:\/\/i0.wp.com\/casadecampoliving.com\/wp-content\/uploads\/2022\/10\/Dinner_Xabier_Gutierrez_04-1.jpg?fit=650%2C400&ssl=1","datePublished":"2015-09-11T04:00:00+00:00","dateModified":"2022-10-21T23:03:06+00:00","description":"Aunque contamos con una amplia selecci\u00f3n de buenos restaurantes en Casa, donde siempre me gusta ir a cenar, la variedad es siempre bienvenida. Por lo","breadcrumb":{"@id":"https:\/\/casadecampoliving.com\/es\/cena-con-el-legendario-xabier-gutierrez-y-coctel-con-chivas\/#breadcrumb"},"inLanguage":"es","potentialAction":[{"@type":"ReadAction","target":["https:\/\/casadecampoliving.com\/es\/cena-con-el-legendario-xabier-gutierrez-y-coctel-con-chivas\/"]}]},{"@type":"ImageObject","inLanguage":"es","@id":"https:\/\/casadecampoliving.com\/es\/cena-con-el-legendario-xabier-gutierrez-y-coctel-con-chivas\/#primaryimage","url":"https:\/\/i0.wp.com\/casadecampoliving.com\/wp-content\/uploads\/2022\/10\/Dinner_Xabier_Gutierrez_04-1.jpg?fit=650%2C400&ssl=1","contentUrl":"https:\/\/i0.wp.com\/casadecampoliving.com\/wp-content\/uploads\/2022\/10\/Dinner_Xabier_Gutierrez_04-1.jpg?fit=650%2C400&ssl=1","width":650,"height":400,"caption":"Xabier Gutierrez Dinner, Tuna with Japanese Mojo\u00a0with asparagus and watermelon balls"},{"@type":"BreadcrumbList","@id":"https:\/\/casadecampoliving.com\/es\/cena-con-el-legendario-xabier-gutierrez-y-coctel-con-chivas\/#breadcrumb","itemListElement":[{"@type":"ListItem","position":1,"name":"Home","item":"https:\/\/casadecampoliving.com\/es\/"},{"@type":"ListItem","position":2,"name":"Cena con el legendario Xabier Guti\u00e9rrez y c\u00f3ctel con Chivas"}]},{"@type":"WebSite","@id":"https:\/\/casadecampoliving.com\/es\/#website","url":"https:\/\/casadecampoliving.com\/es\/","name":"Casa de Campo Living","description":"Resort community news and resources.","publisher":{"@id":"https:\/\/casadecampoliving.com\/es\/#organization"},"potentialAction":[{"@type":"SearchAction","target":{"@type":"EntryPoint","urlTemplate":"https:\/\/casadecampoliving.com\/es\/?s={search_term_string}"},"query-input":{"@type":"PropertyValueSpecification","valueRequired":true,"valueName":"search_term_string"}}],"inLanguage":"es"},{"@type":"Organization","@id":"https:\/\/casadecampoliving.com\/es\/#organization","name":"Casa de Campo Living","url":"https:\/\/casadecampoliving.com\/es\/","logo":{"@type":"ImageObject","inLanguage":"es","@id":"https:\/\/casadecampoliving.com\/es\/#\/schema\/logo\/image\/","url":"https:\/\/i0.wp.com\/casadecampoliving.com\/wp-content\/uploads\/2022\/07\/CDCLivingLogo_V1-white-sized.png?fit=800%2C214&ssl=1","contentUrl":"https:\/\/i0.wp.com\/casadecampoliving.com\/wp-content\/uploads\/2022\/07\/CDCLivingLogo_V1-white-sized.png?fit=800%2C214&ssl=1","width":800,"height":214,"caption":"Casa de Campo Living"},"image":{"@id":"https:\/\/casadecampoliving.com\/es\/#\/schema\/logo\/image\/"},"sameAs":["https:\/\/www.facebook.com\/casadecampoliving","https:\/\/x.com\/cdcliving"]},{"@type":"Person","@id":"https:\/\/casadecampoliving.com\/es\/#\/schema\/person\/c3cc3b298796ef37f4180e6d73f526e1","name":"Jorien Van Der Meij","image":{"@type":"ImageObject","inLanguage":"es","@id":"https:\/\/secure.gravatar.com\/avatar\/6cf599943678a8bc58f4005956634f709d4bd282cd1094ee7558b411d921e48a?s=96&d=mm&r=g","url":"https:\/\/secure.gravatar.com\/avatar\/6cf599943678a8bc58f4005956634f709d4bd282cd1094ee7558b411d921e48a?s=96&d=mm&r=g","contentUrl":"https:\/\/secure.gravatar.com\/avatar\/6cf599943678a8bc58f4005956634f709d4bd282cd1094ee7558b411d921e48a?s=96&d=mm&r=g","caption":"Jorien Van Der Meij"},"url":"https:\/\/casadecampoliving.com\/es\/author\/jorien\/"}]}},"parsely":{"version":"1.1.0","canonical_url":"https:\/\/casadecampoliving.com\/es\/cena-con-el-legendario-xabier-gutierrez-y-coctel-con-chivas\/","smart_links":{"inbound":0,"outbound":0},"traffic_boost_suggestions_count":0,"meta":{"@context":"https:\/\/schema.org","@type":"NewsArticle","headline":"Cena con el legendario Xabier Guti\u00e9rrez y c\u00f3ctel con Chivas","url":"http:\/\/casadecampoliving.com\/es\/cena-con-el-legendario-xabier-gutierrez-y-coctel-con-chivas\/","mainEntityOfPage":{"@type":"WebPage","@id":"http:\/\/casadecampoliving.com\/es\/cena-con-el-legendario-xabier-gutierrez-y-coctel-con-chivas\/"},"thumbnailUrl":"https:\/\/i0.wp.com\/casadecampoliving.com\/wp-content\/uploads\/2022\/10\/Dinner_Xabier_Gutierrez_04-1.jpg?resize=150%2C150&ssl=1","image":{"@type":"ImageObject","url":"https:\/\/i0.wp.com\/casadecampoliving.com\/wp-content\/uploads\/2022\/10\/Dinner_Xabier_Gutierrez_04-1.jpg?fit=650%2C400&ssl=1"},"articleSection":"Altos de Chavon @es","author":[{"@type":"Person","name":"Jorien Van Der Meij"}],"creator":["Jorien Van Der Meij"],"publisher":{"@type":"Organization","name":"Casa de Campo Living","logo":"https:\/\/casadecampoliving.com\/wp-content\/uploads\/2022\/07\/CDCLivingLogo_V1-white-sized.png"},"keywords":["casa de campo food and wine festival @es","cena","comida","food and wine festival @es","la piazzetta @es"],"dateCreated":"2015-09-11T04:00:00Z","datePublished":"2015-09-11T04:00:00Z","dateModified":"2022-10-21T23:03:06Z"},"rendered":"<script type=\"application\/ld+json\" class=\"wp-parsely-metadata\">{\"@context\":\"https:\\\/\\\/schema.org\",\"@type\":\"NewsArticle\",\"headline\":\"Cena con el legendario Xabier Guti\\u00e9rrez y c\\u00f3ctel con Chivas\",\"url\":\"http:\\\/\\\/casadecampoliving.com\\\/es\\\/cena-con-el-legendario-xabier-gutierrez-y-coctel-con-chivas\\\/\",\"mainEntityOfPage\":{\"@type\":\"WebPage\",\"@id\":\"http:\\\/\\\/casadecampoliving.com\\\/es\\\/cena-con-el-legendario-xabier-gutierrez-y-coctel-con-chivas\\\/\"},\"thumbnailUrl\":\"https:\\\/\\\/i0.wp.com\\\/casadecampoliving.com\\\/wp-content\\\/uploads\\\/2022\\\/10\\\/Dinner_Xabier_Gutierrez_04-1.jpg?resize=150%2C150&ssl=1\",\"image\":{\"@type\":\"ImageObject\",\"url\":\"https:\\\/\\\/i0.wp.com\\\/casadecampoliving.com\\\/wp-content\\\/uploads\\\/2022\\\/10\\\/Dinner_Xabier_Gutierrez_04-1.jpg?fit=650%2C400&ssl=1\"},\"articleSection\":\"Altos de Chavon @es\",\"author\":[{\"@type\":\"Person\",\"name\":\"Jorien Van Der Meij\"}],\"creator\":[\"Jorien Van Der Meij\"],\"publisher\":{\"@type\":\"Organization\",\"name\":\"Casa de Campo Living\",\"logo\":\"https:\\\/\\\/casadecampoliving.com\\\/wp-content\\\/uploads\\\/2022\\\/07\\\/CDCLivingLogo_V1-white-sized.png\"},\"keywords\":[\"casa de campo food and wine festival @es\",\"cena\",\"comida\",\"food and wine festival @es\",\"la piazzetta @es\"],\"dateCreated\":\"2015-09-11T04:00:00Z\",\"datePublished\":\"2015-09-11T04:00:00Z\",\"dateModified\":\"2022-10-21T23:03:06Z\"}<\/script>","tracker_url":"https:\/\/cdn.parsely.com\/keys\/casadecampoliving.com\/p.js"},"jetpack_publicize_connections":[],"jetpack_featured_media_url":"https:\/\/i0.wp.com\/casadecampoliving.com\/wp-content\/uploads\/2022\/10\/Dinner_Xabier_Gutierrez_04-1.jpg?fit=650%2C400&ssl=1","jetpack-related-posts":[{"id":347996,"url":"https:\/\/casadecampoliving.com\/es\/casa-de-campo-anuncia-food-wine-festival-agosto\/","url_meta":{"origin":348224,"position":0},"title":"Casa de Campo anuncia su Food &#038; Wine Festival del 21 al 23 de Agosto","author":"Casa de Campo Resort","date":"10 Ago, 2015","format":false,"excerpt":"Casa de Campo, destino tur\u00edstico de lujo en La Romana, Rep\u00fablica Dominicana, anuncia la inauguraci\u00f3n del Casa de Campo Food & Wine Festival, los d\u00edas 21 al 23 agosto 2015, el cual considera experiencias culinarias de clase mundial en un paisaje inolvidable y actividades exclusivas en uno de los lugares\u2026","rel":"","context":"En \u00abCasa de Campo Living @es\u00bb","block_context":{"text":"Casa de Campo Living @es","link":"https:\/\/casadecampoliving.com\/category\/casa-de-campo-living-es\/"},"img":{"alt_text":"Pulpo a la brasa","src":"https:\/\/i0.wp.com\/casadecampoliving.com\/wp-content\/uploads\/2022\/10\/Pulpo-a-la-brasa1-1.jpg?fit=650%2C400&ssl=1&resize=350%2C200","width":350,"height":200,"srcset":"https:\/\/i0.wp.com\/casadecampoliving.com\/wp-content\/uploads\/2022\/10\/Pulpo-a-la-brasa1-1.jpg?fit=650%2C400&ssl=1&resize=350%2C200 1x, https:\/\/i0.wp.com\/casadecampoliving.com\/wp-content\/uploads\/2022\/10\/Pulpo-a-la-brasa1-1.jpg?fit=650%2C400&ssl=1&resize=525%2C300 1.5x"},"classes":[]},{"id":348068,"url":"https:\/\/casadecampoliving.com\/es\/eventos-casa-de-campo-food-wine-festival\/","url_meta":{"origin":348224,"position":1},"title":"Programaci\u00f3n de Eventos: Casa de Campo Food &#038; Wine Festival","author":"Perkin Agramonte","date":"17 Ago, 2015","format":false,"excerpt":"Casa de Campo anuncia su Food & Wine Festival del viernes \u00a021 al domingo 23 de Agosto 2015 Tres d\u00edas llenos de experiencias culinarias de clase mundial con la participaci\u00f3n de prestigiosos chef nacionales e internacional. Destacando la participaci\u00f3n del famoso chef, Xabier Guti\u00e9rrez del Restaurante Arzak en San Sebasti\u00e1n,\u2026","rel":"","context":"En \u00abAltos de Chavon @es\u00bb","block_context":{"text":"Altos de Chavon @es","link":"https:\/\/casadecampoliving.com\/category\/altos-de-chavon-es\/"},"img":{"alt_text":"Casa de Campo Food and Wine Festival 2015","src":"https:\/\/i0.wp.com\/casadecampoliving.com\/wp-content\/uploads\/2022\/10\/Casa_de_Campo_Food_and_Wine_Fsetival_2015-1.jpg?fit=800%2C534&ssl=1&resize=350%2C200","width":350,"height":200,"srcset":"https:\/\/i0.wp.com\/casadecampoliving.com\/wp-content\/uploads\/2022\/10\/Casa_de_Campo_Food_and_Wine_Fsetival_2015-1.jpg?fit=800%2C534&ssl=1&resize=350%2C200 1x, https:\/\/i0.wp.com\/casadecampoliving.com\/wp-content\/uploads\/2022\/10\/Casa_de_Campo_Food_and_Wine_Fsetival_2015-1.jpg?fit=800%2C534&ssl=1&resize=525%2C300 1.5x, https:\/\/i0.wp.com\/casadecampoliving.com\/wp-content\/uploads\/2022\/10\/Casa_de_Campo_Food_and_Wine_Fsetival_2015-1.jpg?fit=800%2C534&ssl=1&resize=700%2C400 2x"},"classes":[]},{"id":348139,"url":"https:\/\/casadecampoliving.com\/es\/resumen-casa-de-campo-food-wine-festival\/","url_meta":{"origin":348224,"position":2},"title":"\u00a1Resumen general! Casa de Campo Food &#038; Wine Festival","author":"Casa de Campo Resort","date":"26 Ago, 2015","format":false,"excerpt":"\u00a1Estamos muy emocionados de compartir con ustedes la primera serie de art\u00edculos sobre el Casa de Campo Food & Wine Festival celebrado el fin de semana pasado! \u00a1Tenemos much\u00edsimas fotos y revisiones de comidas que estaremos compartiendo muy pronto! Por ahora, disfrute un resumen proporcionado por el Resort Casa de\u2026","rel":"","context":"En \u00abAltos de Chavon @es\u00bb","block_context":{"text":"Altos de Chavon @es","link":"https:\/\/casadecampoliving.com\/category\/altos-de-chavon-es\/"},"img":{"alt_text":"Casa de Campo Food and Wine Festival","src":"https:\/\/i0.wp.com\/casadecampoliving.com\/wp-content\/uploads\/2022\/10\/Food_and_Wine_Festival-1.jpg?fit=800%2C534&ssl=1&resize=350%2C200","width":350,"height":200,"srcset":"https:\/\/i0.wp.com\/casadecampoliving.com\/wp-content\/uploads\/2022\/10\/Food_and_Wine_Festival-1.jpg?fit=800%2C534&ssl=1&resize=350%2C200 1x, https:\/\/i0.wp.com\/casadecampoliving.com\/wp-content\/uploads\/2022\/10\/Food_and_Wine_Festival-1.jpg?fit=800%2C534&ssl=1&resize=525%2C300 1.5x, https:\/\/i0.wp.com\/casadecampoliving.com\/wp-content\/uploads\/2022\/10\/Food_and_Wine_Festival-1.jpg?fit=800%2C534&ssl=1&resize=700%2C400 2x"},"classes":[]},{"id":347936,"url":"https:\/\/casadecampoliving.com\/es\/sabores-del-mediterraneo-donde-la-comida-callejera-se-unio-a-la-elegancia\/","url_meta":{"origin":348224,"position":3},"title":"Sabores del Mediterr\u00e1neo: donde la comida informal se uni\u00f3 a la elegancia","author":"Perkin Agramonte","date":"28 Jul, 2015","format":false,"excerpt":"\u00bfQu\u00e9 sucede cuando combinamos el buen ambiente de Altos de Chav\u00f3n con m\u00fasica en vivo, incre\u00edbles c\u00f3cteles, buena compa\u00f1\u00eda y dos de los mejores chefs de la Rep\u00fablica Dominicana? La respuesta es simple, una incre\u00edble recreaci\u00f3n gourmet de la comida casera tradicional de Italia y Espa\u00f1a. El pasado viernes, la\u2026","rel":"","context":"En \u00abAltos de Chavon @es\u00bb","block_context":{"text":"Altos de Chavon @es","link":"https:\/\/casadecampoliving.com\/category\/altos-de-chavon-es\/"},"img":{"alt_text":"","src":"https:\/\/i0.wp.com\/casadecampoliving.com\/wp-content\/uploads\/2022\/10\/Sabores_del_Mediterraneo_Cena-1024x8921-1.jpg?fit=907%2C594&ssl=1&resize=350%2C200","width":350,"height":200,"srcset":"https:\/\/i0.wp.com\/casadecampoliving.com\/wp-content\/uploads\/2022\/10\/Sabores_del_Mediterraneo_Cena-1024x8921-1.jpg?fit=907%2C594&ssl=1&resize=350%2C200 1x, https:\/\/i0.wp.com\/casadecampoliving.com\/wp-content\/uploads\/2022\/10\/Sabores_del_Mediterraneo_Cena-1024x8921-1.jpg?fit=907%2C594&ssl=1&resize=525%2C300 1.5x, https:\/\/i0.wp.com\/casadecampoliving.com\/wp-content\/uploads\/2022\/10\/Sabores_del_Mediterraneo_Cena-1024x8921-1.jpg?fit=907%2C594&ssl=1&resize=700%2C400 2x"},"classes":[]},{"id":326403,"url":"https:\/\/casadecampoliving.com\/dinner-with-legendary-xabier-gutierrez-a-cocktail-with-chivas\/","url_meta":{"origin":348224,"position":4},"title":"Dinner with legendary Xabier Gutierrez &#038; a cocktail with Chivas","author":"Jorien Van Der Meij","date":"11 Sep, 2015","format":false,"excerpt":"Although we have a wide selection of good restaurants in Casa, where I always enjoy going for dinner, variety is always welcomed. Therefore, I was really excited to know that the famous chef Xabier Gutierrez was going to be here\u00a0during the Casa de Campo Food and Wine Festival. Xabier Gutierrez\u2026","rel":"","context":"En \u00abAltos de Chavon\u00bb","block_context":{"text":"Altos de Chavon","link":"https:\/\/casadecampoliving.com\/category\/altos-de-chavon\/"},"img":{"alt_text":"Xabier Gutierrez Dinner, Tuna with Japanese Mojo\u00a0with asparagus and watermelon balls","src":"https:\/\/i0.wp.com\/casadecampoliving.com\/wp-content\/uploads\/2022\/10\/Dinner_Xabier_Gutierrez_04-1.jpg?fit=650%2C400&ssl=1&resize=350%2C200","width":350,"height":200,"srcset":"https:\/\/i0.wp.com\/casadecampoliving.com\/wp-content\/uploads\/2022\/10\/Dinner_Xabier_Gutierrez_04-1.jpg?fit=650%2C400&ssl=1&resize=350%2C200 1x, https:\/\/i0.wp.com\/casadecampoliving.com\/wp-content\/uploads\/2022\/10\/Dinner_Xabier_Gutierrez_04-1.jpg?fit=650%2C400&ssl=1&resize=525%2C300 1.5x"},"classes":[]},{"id":348384,"url":"https:\/\/casadecampoliving.com\/es\/la-edicion-de-otono-de-casalife-ya-esta-aqui\/","url_meta":{"origin":348224,"position":5},"title":"\u00a1La edici\u00f3n de oto\u00f1o de CasaLife ya est\u00e1 aqu\u00ed!","author":"Felix Guerrero","date":"9 Oct, 2015","format":false,"excerpt":"\u00a1La edici\u00f3n m\u00e1s reciente de CasaLife Magazine acaba de llegar! El oto\u00f1o esa aqu\u00ed, \u00a1y ya estamos empezando sentir\u00a0la brisa que trae consigo esta\u00a0temporada de vacaciones que est\u00e1 por venir! Y mientras tenemos la oportunidad de enfriarnos de un verano bastante caluroso, tenemos que tener en cuenta que el oto\u00f1o\u2026","rel":"","context":"En \u00abCasa de Campo Living @es\u00bb","block_context":{"text":"Casa de Campo Living @es","link":"https:\/\/casadecampoliving.com\/category\/casa-de-campo-living-es\/"},"img":{"alt_text":"CasaLife is here","src":"https:\/\/i0.wp.com\/casadecampoliving.com\/wp-content\/uploads\/2022\/10\/CasaLife-is-here-1.jpg?fit=650%2C450&ssl=1&resize=350%2C200","width":350,"height":200,"srcset":"https:\/\/i0.wp.com\/casadecampoliving.com\/wp-content\/uploads\/2022\/10\/CasaLife-is-here-1.jpg?fit=650%2C450&ssl=1&resize=350%2C200 1x, https:\/\/i0.wp.com\/casadecampoliving.com\/wp-content\/uploads\/2022\/10\/CasaLife-is-here-1.jpg?fit=650%2C450&ssl=1&resize=525%2C300 1.5x"},"classes":[]}],"jetpack_sharing_enabled":true,"_links":{"self":[{"href":"https:\/\/casadecampoliving.com\/es\/wp-json\/wp\/v2\/posts\/348224","targetHints":{"allow":["GET"]}}],"collection":[{"href":"https:\/\/casadecampoliving.com\/es\/wp-json\/wp\/v2\/posts"}],"about":[{"href":"https:\/\/casadecampoliving.com\/es\/wp-json\/wp\/v2\/types\/post"}],"author":[{"embeddable":true,"href":"https:\/\/casadecampoliving.com\/es\/wp-json\/wp\/v2\/users\/36677"}],"replies":[{"embeddable":true,"href":"https:\/\/casadecampoliving.com\/es\/wp-json\/wp\/v2\/comments?post=348224"}],"version-history":[{"count":1,"href":"https:\/\/casadecampoliving.com\/es\/wp-json\/wp\/v2\/posts\/348224\/revisions"}],"predecessor-version":[{"id":348225,"href":"https:\/\/casadecampoliving.com\/es\/wp-json\/wp\/v2\/posts\/348224\/revisions\/348225"}],"wp:featuredmedia":[{"embeddable":true,"href":"https:\/\/casadecampoliving.com\/es\/wp-json\/wp\/v2\/media\/288175"}],"wp:attachment":[{"href":"https:\/\/casadecampoliving.com\/es\/wp-json\/wp\/v2\/media?parent=348224"}],"wp:term":[{"taxonomy":"category","embeddable":true,"href":"https:\/\/casadecampoliving.com\/es\/wp-json\/wp\/v2\/categories?post=348224"},{"taxonomy":"post_tag","embeddable":true,"href":"https:\/\/casadecampoliving.com\/es\/wp-json\/wp\/v2\/tags?post=348224"},{"taxonomy":"newspack_spnsrs_tax","embeddable":true,"href":"https:\/\/casadecampoliving.com\/es\/wp-json\/wp\/v2\/newspack_spnsrs_tax?post=348224"}],"curies":[{"name":"wp","href":"https:\/\/api.w.org\/{rel}","templated":true}]}}