{"id":348220,"date":"2015-09-10T00:00:00","date_gmt":"2015-09-10T04:00:00","guid":{"rendered":"https:\/\/casadecampoliving.com\/dia-de-costas-limpias-sept-19\/"},"modified":"2022-10-21T19:02:52","modified_gmt":"2022-10-21T23:02:52","slug":"dia-de-costas-limpias-sept-19","status":"publish","type":"post","link":"https:\/\/casadecampoliving.com\/es\/dia-de-costas-limpias-sept-19\/","title":{"rendered":"Colabore&#8230; D\u00eda de Costas Limpias, Sept. 19"},"content":{"rendered":"<div class=\"wp-block-image\">\n<figure class=\"aligncenter is-resized\"><img loading=\"lazy\" decoding=\"async\" src=\"https:\/\/i0.wp.com\/casadecampoliving.com\/wp-content\/uploads\/2022\/10\/Coastal_Clean_Day-1024x683-2.jpg?resize=650%2C433&amp;ssl=1\" alt=\"Coastal_Clean_Day\" class=\"wp-image-113645\" height=\"433\" width=\"650\"\/><\/figure>\n<\/div>\n\n\n<p>\u00a1Esto es un llamado a toda persona que este interesada en vivir en un mundo mejor! Se estar\u00e1 llevando a cabo La Limpieza Anual de Costas organizada por el Cluster Tur\u00edstico La Romana-Bayahibe en apoyo al D\u00eda Internacional de Limpieza de Costas&nbsp;que ser\u00e1 el s\u00e1bado 19 de septiembre.<\/p>\n\n\n\n<!--more-->\n\n\n\n<p>Esta limpieza de costas cubrir\u00e1 las playas de Bayahibe, Magallanes, Playa Publica Dominicus,&nbsp;el Camino hacia Bayahibe, Playa P\u00fablica al lado de Canoa e Isla Catalina\u2026 y para realizar este arduo e importante necesitamos personas que est\u00e9n dispuestas a colaborar.<\/p>\n\n\n\n<p>El s\u00e1bado 19 de septiembre es el \u201cD\u00eda Internacional de Costas Limpias\u201d, que crea conciencia sobre la importancia de mantener la costa limpia, y al mismo tiempo se dedica este d\u00eda para llevar a cabo operativos de limpieza en las costas de todo el mundo.<\/p>\n\n\n\n<p>Rep\u00fablica Dominicana un para\u00edso que dispone de 1.550 kms de costas y 600 kms de playas de arena fina y brillante, el para\u00edso de los amantes de las playas! Pero el triunfo de la isla \u00fanica radica sobretodo en la diversidad de sus costas, sacudidas por el oc\u00e9ano Atl\u00e1ntico al norte y mecidas por el mar del Caribe en el sur. En realidad, nuestras costas son\u2026 por no encontrar otro adjetivo para calificarla, simplemente maravillosas \u2013 esta es la raz\u00f3n por la cual la queremos conservar limpias.<\/p>\n\n\n\n<p><strong>\u00a1Todos est\u00e1n invitados a participar!<\/strong><\/p>\n\n\n\n<blockquote><h3>\u201cClean Up\u201d La Romana \u2013 Bayahibe<\/h3><p><strong>Cuando:<\/strong> S\u00e1bado 19 de septiembre.&nbsp;8am<\/p><p><strong>Lugar: <\/strong>Bayahibe, Dominicus y Isla Catalina<\/p><p><strong>Contacto:&nbsp;<\/strong><\/p><ul>\n<li>info@explorelaromana.com<\/li>\n<li>(829) 520-7391 \/ (829) 520-9152 \/ (829) 520-9153<\/li>\n<\/ul><\/blockquote>\n\n\n\n<blockquote><h3>El D\u00eda Internacional de Limpieza de las Costas<\/h3><p>El D\u00eda Internacional de Limpieza de las Costas fue instituido por The Ocean Conservancy, surge en el a\u00f1o 1991, a partir de dos programas Internacionales de gran auge a nivel mundial y en el marco de la campa\u00f1a Internacional de Limpieza de Costas, fue una iniciativa estadounidense bajo el nombre \u201cA Limpiar el Mundo\u201d actualmente se celebra en m\u00e1s de 123 pa\u00edses. Durante ese d\u00eda miles de personas se dan cita para recoger desechos s\u00f3lidos de las playas, r\u00edos y humedales e identificar las fuentes de estos residuos; as\u00ed como modificar los comportamientos que causan la contaminaci\u00f3n.<\/p><p>El d\u00eda internacional de limpieza en las costas es una de las manifestaciones voluntarias m\u00e1s grandes del mundo en su clase, en la cual se integran diferentes organismos, una gran cantidad de ciudadanos y figuras p\u00fablicas, para ser parte de esta causa al proteger el ecosistema de las Costas.<\/p><p>Las estad\u00edsticas respecto del d\u00eda Internacional de la limpieza de las costas han revelado la importancia que estas tienen para los organizaciones y personas que de una forma voluntaria se vuelven parte de esta causa.<\/p><\/blockquote>\n","protected":false},"excerpt":{"rendered":"<p>\u00a1Esto es un llamado a toda persona que este interesada en vivir en un mundo mejor! Se estar\u00e1 llevando a cabo La Limpieza Anual de Costas organizada por el Cluster Tur\u00edstico La Romana-Bayahibe en apoyo al D\u00eda Internacional de Limpieza de Costas&nbsp;que ser\u00e1 el s\u00e1bado 19 de septiembre.<\/p>\n","protected":false},"author":1097,"featured_media":287727,"comment_status":"closed","ping_status":"closed","sticky":false,"template":"","format":"standard","meta":{"newspack_ads_suppress_ads":false,"newspack_popups_has_disabled_popups":false,"newspack_sponsor_sponsorship_scope":"","newspack_sponsor_native_byline_display":"inherit","newspack_sponsor_native_category_display":"inherit","newspack_sponsor_underwriter_style":"inherit","newspack_sponsor_underwriter_placement":"inherit","_newspack_byline_active":false,"_newspack_byline":"","newspack_content_restriction_is_exempt":false,"newspack_featured_image_position":"","newspack_post_subtitle":"","newspack_article_summary_title":"Overview:","newspack_article_summary":"","newspack_hide_updated_date":false,"newspack_show_updated_date":false,"_jetpack_memberships_contains_paid_content":false,"footnotes":"","jetpack_publicize_message":"","jetpack_publicize_feature_enabled":true,"jetpack_social_post_already_shared":false,"jetpack_social_options":{"image_generator_settings":{"template":"highway","default_image_id":0,"font":"","enabled":false},"version":2},"_wpas_customize_per_network":false},"categories":[26936,26951,2524,14631,2522,2507,2506,14625,14627,2521,26822],"tags":[3699,3626,8094,24387,6371,14542],"newspack_spnsrs_tax":[],"class_list":["post-348220","post","type-post","status-publish","format-standard","has-post-thumbnail","hentry","category-casa-de-campo-living-es","category-ccl-presenta","category-destacados","category-estilo-de-vida","category-eventos-es","category-la-romana-es","category-mas-alla-de-casa-es","category-noticias-locales","category-proximamente","category-republica-dominicana-2","category-resort-casa-de-campo","tag-bayahibe-es","tag-casa-de-campo-es","tag-casa-de-campo-community-es","tag-casa-de-campo-living-es","tag-casa-de-campo-resort-es","tag-la-romana-es","entry"],"yoast_head":"<!-- This site is optimized with the Yoast SEO plugin v27.2 - https:\/\/yoast.com\/product\/yoast-seo-wordpress\/ -->\n<title>Colabore... D\u00eda de Costas Limpias, Sept. 19 | Casa de Campo Living<\/title>\n<meta name=\"description\" content=\"\u00a1Esto es un llamado a toda persona que este interesada en vivir en un mundo mejor! Se estar\u00e1 llevando a cabo La Limpieza Anual de Costas organizada por el\" \/>\n<meta name=\"robots\" content=\"index, follow, max-snippet:-1, max-image-preview:large, max-video-preview:-1\" \/>\n<link rel=\"canonical\" href=\"https:\/\/casadecampoliving.com\/es\/dia-de-costas-limpias-sept-19\/\" \/>\n<meta property=\"og:locale\" content=\"es_ES\" \/>\n<meta property=\"og:type\" content=\"article\" \/>\n<meta property=\"og:title\" content=\"Colabore... D\u00eda de Costas Limpias, Sept. 19 | Casa de Campo Living\" \/>\n<meta property=\"og:description\" content=\"\u00a1Esto es un llamado a toda persona que este interesada en vivir en un mundo mejor! Se estar\u00e1 llevando a cabo La Limpieza Anual de Costas organizada por el\" \/>\n<meta property=\"og:url\" content=\"https:\/\/casadecampoliving.com\/es\/dia-de-costas-limpias-sept-19\/\" \/>\n<meta property=\"og:site_name\" content=\"Casa de Campo Living\" \/>\n<meta property=\"article:publisher\" content=\"https:\/\/www.facebook.com\/casadecampoliving\" \/>\n<meta property=\"article:published_time\" content=\"2015-09-10T04:00:00+00:00\" \/>\n<meta property=\"article:modified_time\" content=\"2022-10-21T23:02:52+00:00\" \/>\n<meta property=\"og:image\" content=\"https:\/\/i0.wp.com\/casadecampoliving.com\/wp-content\/uploads\/2022\/10\/Coastal_Clean_Day-1-scaled.jpg?fit=2560%2C1707&ssl=1\" \/>\n\t<meta property=\"og:image:width\" content=\"2560\" \/>\n\t<meta property=\"og:image:height\" content=\"1707\" \/>\n\t<meta property=\"og:image:type\" content=\"image\/jpeg\" \/>\n<meta name=\"author\" content=\"Perkin Agramonte\" \/>\n<meta name=\"twitter:card\" content=\"summary_large_image\" \/>\n<meta name=\"twitter:creator\" content=\"@cdcliving\" \/>\n<meta name=\"twitter:site\" content=\"@cdcliving\" \/>\n<meta name=\"twitter:label1\" content=\"Escrito por\" \/>\n\t<meta name=\"twitter:data1\" content=\"Perkin Agramonte\" \/>\n\t<meta name=\"twitter:label2\" content=\"Tiempo de lectura\" \/>\n\t<meta name=\"twitter:data2\" content=\"2 minutos\" \/>\n<script type=\"application\/ld+json\" class=\"yoast-schema-graph\">{\"@context\":\"https:\/\/schema.org\",\"@graph\":[{\"@type\":\"Article\",\"@id\":\"https:\/\/casadecampoliving.com\/es\/dia-de-costas-limpias-sept-19\/#article\",\"isPartOf\":{\"@id\":\"https:\/\/casadecampoliving.com\/es\/dia-de-costas-limpias-sept-19\/\"},\"author\":{\"name\":\"Perkin Agramonte\",\"@id\":\"https:\/\/casadecampoliving.com\/es\/#\/schema\/person\/c8efa6049510554b7d5fea078d728f72\"},\"headline\":\"Colabore&#8230; D\u00eda de Costas Limpias, Sept. 19\",\"datePublished\":\"2015-09-10T04:00:00+00:00\",\"dateModified\":\"2022-10-21T23:02:52+00:00\",\"mainEntityOfPage\":{\"@id\":\"https:\/\/casadecampoliving.com\/es\/dia-de-costas-limpias-sept-19\/\"},\"wordCount\":473,\"publisher\":{\"@id\":\"https:\/\/casadecampoliving.com\/es\/#organization\"},\"image\":{\"@id\":\"https:\/\/casadecampoliving.com\/es\/dia-de-costas-limpias-sept-19\/#primaryimage\"},\"thumbnailUrl\":\"https:\/\/i0.wp.com\/casadecampoliving.com\/wp-content\/uploads\/2022\/10\/Coastal_Clean_Day-1-scaled.jpg?fit=2560%2C1707&ssl=1\",\"keywords\":[\"bayahibe @es\",\"casa de campo @es\",\"Casa de Campo Community @es\",\"Casa de Campo Living\",\"casa de campo resort @es\",\"La Romana @es\"],\"articleSection\":[\"Casa de Campo Living @es\",\"CCL presenta\",\"Destacados\",\"Estilo de Vida\",\"Eventos\",\"La Romana @es\",\"M\u00e1s all\u00e1 de Casa\",\"Noticias Locales\",\"Proximamente\",\"Rep\u00fablica Dominicana @es\",\"Resort Casa de Campo\"],\"inLanguage\":\"es\"},{\"@type\":\"WebPage\",\"@id\":\"https:\/\/casadecampoliving.com\/es\/dia-de-costas-limpias-sept-19\/\",\"url\":\"https:\/\/casadecampoliving.com\/es\/dia-de-costas-limpias-sept-19\/\",\"name\":\"Colabore... D\u00eda de Costas Limpias, Sept. 19 | Casa de Campo Living\",\"isPartOf\":{\"@id\":\"https:\/\/casadecampoliving.com\/es\/#website\"},\"primaryImageOfPage\":{\"@id\":\"https:\/\/casadecampoliving.com\/es\/dia-de-costas-limpias-sept-19\/#primaryimage\"},\"image\":{\"@id\":\"https:\/\/casadecampoliving.com\/es\/dia-de-costas-limpias-sept-19\/#primaryimage\"},\"thumbnailUrl\":\"https:\/\/i0.wp.com\/casadecampoliving.com\/wp-content\/uploads\/2022\/10\/Coastal_Clean_Day-1-scaled.jpg?fit=2560%2C1707&ssl=1\",\"datePublished\":\"2015-09-10T04:00:00+00:00\",\"dateModified\":\"2022-10-21T23:02:52+00:00\",\"description\":\"\u00a1Esto es un llamado a toda persona que este interesada en vivir en un mundo mejor! Se estar\u00e1 llevando a cabo La Limpieza Anual de Costas organizada por el\",\"breadcrumb\":{\"@id\":\"https:\/\/casadecampoliving.com\/es\/dia-de-costas-limpias-sept-19\/#breadcrumb\"},\"inLanguage\":\"es\",\"potentialAction\":[{\"@type\":\"ReadAction\",\"target\":[\"https:\/\/casadecampoliving.com\/es\/dia-de-costas-limpias-sept-19\/\"]}]},{\"@type\":\"ImageObject\",\"inLanguage\":\"es\",\"@id\":\"https:\/\/casadecampoliving.com\/es\/dia-de-costas-limpias-sept-19\/#primaryimage\",\"url\":\"https:\/\/i0.wp.com\/casadecampoliving.com\/wp-content\/uploads\/2022\/10\/Coastal_Clean_Day-1-scaled.jpg?fit=2560%2C1707&ssl=1\",\"contentUrl\":\"https:\/\/i0.wp.com\/casadecampoliving.com\/wp-content\/uploads\/2022\/10\/Coastal_Clean_Day-1-scaled.jpg?fit=2560%2C1707&ssl=1\",\"width\":2560,\"height\":1707},{\"@type\":\"BreadcrumbList\",\"@id\":\"https:\/\/casadecampoliving.com\/es\/dia-de-costas-limpias-sept-19\/#breadcrumb\",\"itemListElement\":[{\"@type\":\"ListItem\",\"position\":1,\"name\":\"Home\",\"item\":\"https:\/\/casadecampoliving.com\/es\/\"},{\"@type\":\"ListItem\",\"position\":2,\"name\":\"Colabore&#8230; D\u00eda de Costas Limpias, Sept. 19\"}]},{\"@type\":\"WebSite\",\"@id\":\"https:\/\/casadecampoliving.com\/es\/#website\",\"url\":\"https:\/\/casadecampoliving.com\/es\/\",\"name\":\"Casa de Campo Living\",\"description\":\"Resort community news and resources.\",\"publisher\":{\"@id\":\"https:\/\/casadecampoliving.com\/es\/#organization\"},\"potentialAction\":[{\"@type\":\"SearchAction\",\"target\":{\"@type\":\"EntryPoint\",\"urlTemplate\":\"https:\/\/casadecampoliving.com\/es\/?s={search_term_string}\"},\"query-input\":{\"@type\":\"PropertyValueSpecification\",\"valueRequired\":true,\"valueName\":\"search_term_string\"}}],\"inLanguage\":\"es\"},{\"@type\":\"Organization\",\"@id\":\"https:\/\/casadecampoliving.com\/es\/#organization\",\"name\":\"Casa de Campo Living\",\"url\":\"https:\/\/casadecampoliving.com\/es\/\",\"logo\":{\"@type\":\"ImageObject\",\"inLanguage\":\"es\",\"@id\":\"https:\/\/casadecampoliving.com\/es\/#\/schema\/logo\/image\/\",\"url\":\"https:\/\/i0.wp.com\/casadecampoliving.com\/wp-content\/uploads\/2022\/07\/CDCLivingLogo_V1-white-sized.png?fit=800%2C214&ssl=1\",\"contentUrl\":\"https:\/\/i0.wp.com\/casadecampoliving.com\/wp-content\/uploads\/2022\/07\/CDCLivingLogo_V1-white-sized.png?fit=800%2C214&ssl=1\",\"width\":800,\"height\":214,\"caption\":\"Casa de Campo Living\"},\"image\":{\"@id\":\"https:\/\/casadecampoliving.com\/es\/#\/schema\/logo\/image\/\"},\"sameAs\":[\"https:\/\/www.facebook.com\/casadecampoliving\",\"https:\/\/x.com\/cdcliving\"]},{\"@type\":\"Person\",\"@id\":\"https:\/\/casadecampoliving.com\/es\/#\/schema\/person\/c8efa6049510554b7d5fea078d728f72\",\"name\":\"Perkin Agramonte\",\"image\":{\"@type\":\"ImageObject\",\"inLanguage\":\"es\",\"@id\":\"https:\/\/secure.gravatar.com\/avatar\/57bfdafcae55fb83dbb79a1585a9eab7f269b7720fb0b64cb9a4e0cd2962fa10?s=96&d=mm&r=g\",\"url\":\"https:\/\/secure.gravatar.com\/avatar\/57bfdafcae55fb83dbb79a1585a9eab7f269b7720fb0b64cb9a4e0cd2962fa10?s=96&d=mm&r=g\",\"contentUrl\":\"https:\/\/secure.gravatar.com\/avatar\/57bfdafcae55fb83dbb79a1585a9eab7f269b7720fb0b64cb9a4e0cd2962fa10?s=96&d=mm&r=g\",\"caption\":\"Perkin Agramonte\"},\"url\":\"https:\/\/casadecampoliving.com\/es\/author\/cagramonte\/\"}]}<\/script>\n<!-- \/ Yoast SEO plugin. -->","yoast_head_json":{"title":"Colabore... D\u00eda de Costas Limpias, Sept. 19 | Casa de Campo Living","description":"\u00a1Esto es un llamado a toda persona que este interesada en vivir en un mundo mejor! Se estar\u00e1 llevando a cabo La Limpieza Anual de Costas organizada por el","robots":{"index":"index","follow":"follow","max-snippet":"max-snippet:-1","max-image-preview":"max-image-preview:large","max-video-preview":"max-video-preview:-1"},"canonical":"https:\/\/casadecampoliving.com\/es\/dia-de-costas-limpias-sept-19\/","og_locale":"es_ES","og_type":"article","og_title":"Colabore... D\u00eda de Costas Limpias, Sept. 19 | Casa de Campo Living","og_description":"\u00a1Esto es un llamado a toda persona que este interesada en vivir en un mundo mejor! Se estar\u00e1 llevando a cabo La Limpieza Anual de Costas organizada por el","og_url":"https:\/\/casadecampoliving.com\/es\/dia-de-costas-limpias-sept-19\/","og_site_name":"Casa de Campo Living","article_publisher":"https:\/\/www.facebook.com\/casadecampoliving","article_published_time":"2015-09-10T04:00:00+00:00","article_modified_time":"2022-10-21T23:02:52+00:00","og_image":[{"width":2560,"height":1707,"url":"https:\/\/i0.wp.com\/casadecampoliving.com\/wp-content\/uploads\/2022\/10\/Coastal_Clean_Day-1-scaled.jpg?fit=2560%2C1707&ssl=1","type":"image\/jpeg"}],"author":"Perkin Agramonte","twitter_card":"summary_large_image","twitter_creator":"@cdcliving","twitter_site":"@cdcliving","twitter_misc":{"Escrito por":"Perkin Agramonte","Tiempo de lectura":"2 minutos"},"schema":{"@context":"https:\/\/schema.org","@graph":[{"@type":"Article","@id":"https:\/\/casadecampoliving.com\/es\/dia-de-costas-limpias-sept-19\/#article","isPartOf":{"@id":"https:\/\/casadecampoliving.com\/es\/dia-de-costas-limpias-sept-19\/"},"author":{"name":"Perkin Agramonte","@id":"https:\/\/casadecampoliving.com\/es\/#\/schema\/person\/c8efa6049510554b7d5fea078d728f72"},"headline":"Colabore&#8230; D\u00eda de Costas Limpias, Sept. 19","datePublished":"2015-09-10T04:00:00+00:00","dateModified":"2022-10-21T23:02:52+00:00","mainEntityOfPage":{"@id":"https:\/\/casadecampoliving.com\/es\/dia-de-costas-limpias-sept-19\/"},"wordCount":473,"publisher":{"@id":"https:\/\/casadecampoliving.com\/es\/#organization"},"image":{"@id":"https:\/\/casadecampoliving.com\/es\/dia-de-costas-limpias-sept-19\/#primaryimage"},"thumbnailUrl":"https:\/\/i0.wp.com\/casadecampoliving.com\/wp-content\/uploads\/2022\/10\/Coastal_Clean_Day-1-scaled.jpg?fit=2560%2C1707&ssl=1","keywords":["bayahibe @es","casa de campo @es","Casa de Campo Community @es","Casa de Campo Living","casa de campo resort @es","La Romana @es"],"articleSection":["Casa de Campo Living @es","CCL presenta","Destacados","Estilo de Vida","Eventos","La Romana @es","M\u00e1s all\u00e1 de Casa","Noticias Locales","Proximamente","Rep\u00fablica Dominicana @es","Resort Casa de Campo"],"inLanguage":"es"},{"@type":"WebPage","@id":"https:\/\/casadecampoliving.com\/es\/dia-de-costas-limpias-sept-19\/","url":"https:\/\/casadecampoliving.com\/es\/dia-de-costas-limpias-sept-19\/","name":"Colabore... D\u00eda de Costas Limpias, Sept. 19 | Casa de Campo Living","isPartOf":{"@id":"https:\/\/casadecampoliving.com\/es\/#website"},"primaryImageOfPage":{"@id":"https:\/\/casadecampoliving.com\/es\/dia-de-costas-limpias-sept-19\/#primaryimage"},"image":{"@id":"https:\/\/casadecampoliving.com\/es\/dia-de-costas-limpias-sept-19\/#primaryimage"},"thumbnailUrl":"https:\/\/i0.wp.com\/casadecampoliving.com\/wp-content\/uploads\/2022\/10\/Coastal_Clean_Day-1-scaled.jpg?fit=2560%2C1707&ssl=1","datePublished":"2015-09-10T04:00:00+00:00","dateModified":"2022-10-21T23:02:52+00:00","description":"\u00a1Esto es un llamado a toda persona que este interesada en vivir en un mundo mejor! Se estar\u00e1 llevando a cabo La Limpieza Anual de Costas organizada por el","breadcrumb":{"@id":"https:\/\/casadecampoliving.com\/es\/dia-de-costas-limpias-sept-19\/#breadcrumb"},"inLanguage":"es","potentialAction":[{"@type":"ReadAction","target":["https:\/\/casadecampoliving.com\/es\/dia-de-costas-limpias-sept-19\/"]}]},{"@type":"ImageObject","inLanguage":"es","@id":"https:\/\/casadecampoliving.com\/es\/dia-de-costas-limpias-sept-19\/#primaryimage","url":"https:\/\/i0.wp.com\/casadecampoliving.com\/wp-content\/uploads\/2022\/10\/Coastal_Clean_Day-1-scaled.jpg?fit=2560%2C1707&ssl=1","contentUrl":"https:\/\/i0.wp.com\/casadecampoliving.com\/wp-content\/uploads\/2022\/10\/Coastal_Clean_Day-1-scaled.jpg?fit=2560%2C1707&ssl=1","width":2560,"height":1707},{"@type":"BreadcrumbList","@id":"https:\/\/casadecampoliving.com\/es\/dia-de-costas-limpias-sept-19\/#breadcrumb","itemListElement":[{"@type":"ListItem","position":1,"name":"Home","item":"https:\/\/casadecampoliving.com\/es\/"},{"@type":"ListItem","position":2,"name":"Colabore&#8230; D\u00eda de Costas Limpias, Sept. 19"}]},{"@type":"WebSite","@id":"https:\/\/casadecampoliving.com\/es\/#website","url":"https:\/\/casadecampoliving.com\/es\/","name":"Casa de Campo Living","description":"Resort community news and resources.","publisher":{"@id":"https:\/\/casadecampoliving.com\/es\/#organization"},"potentialAction":[{"@type":"SearchAction","target":{"@type":"EntryPoint","urlTemplate":"https:\/\/casadecampoliving.com\/es\/?s={search_term_string}"},"query-input":{"@type":"PropertyValueSpecification","valueRequired":true,"valueName":"search_term_string"}}],"inLanguage":"es"},{"@type":"Organization","@id":"https:\/\/casadecampoliving.com\/es\/#organization","name":"Casa de Campo Living","url":"https:\/\/casadecampoliving.com\/es\/","logo":{"@type":"ImageObject","inLanguage":"es","@id":"https:\/\/casadecampoliving.com\/es\/#\/schema\/logo\/image\/","url":"https:\/\/i0.wp.com\/casadecampoliving.com\/wp-content\/uploads\/2022\/07\/CDCLivingLogo_V1-white-sized.png?fit=800%2C214&ssl=1","contentUrl":"https:\/\/i0.wp.com\/casadecampoliving.com\/wp-content\/uploads\/2022\/07\/CDCLivingLogo_V1-white-sized.png?fit=800%2C214&ssl=1","width":800,"height":214,"caption":"Casa de Campo Living"},"image":{"@id":"https:\/\/casadecampoliving.com\/es\/#\/schema\/logo\/image\/"},"sameAs":["https:\/\/www.facebook.com\/casadecampoliving","https:\/\/x.com\/cdcliving"]},{"@type":"Person","@id":"https:\/\/casadecampoliving.com\/es\/#\/schema\/person\/c8efa6049510554b7d5fea078d728f72","name":"Perkin Agramonte","image":{"@type":"ImageObject","inLanguage":"es","@id":"https:\/\/secure.gravatar.com\/avatar\/57bfdafcae55fb83dbb79a1585a9eab7f269b7720fb0b64cb9a4e0cd2962fa10?s=96&d=mm&r=g","url":"https:\/\/secure.gravatar.com\/avatar\/57bfdafcae55fb83dbb79a1585a9eab7f269b7720fb0b64cb9a4e0cd2962fa10?s=96&d=mm&r=g","contentUrl":"https:\/\/secure.gravatar.com\/avatar\/57bfdafcae55fb83dbb79a1585a9eab7f269b7720fb0b64cb9a4e0cd2962fa10?s=96&d=mm&r=g","caption":"Perkin Agramonte"},"url":"https:\/\/casadecampoliving.com\/es\/author\/cagramonte\/"}]}},"parsely":{"version":"1.1.0","canonical_url":"https:\/\/casadecampoliving.com\/es\/dia-de-costas-limpias-sept-19\/","smart_links":{"inbound":0,"outbound":0},"traffic_boost_suggestions_count":0,"meta":{"@context":"https:\/\/schema.org","@type":"NewsArticle","headline":"Colabore&#8230; D\u00eda de Costas Limpias, Sept. 19","url":"http:\/\/casadecampoliving.com\/es\/dia-de-costas-limpias-sept-19\/","mainEntityOfPage":{"@type":"WebPage","@id":"http:\/\/casadecampoliving.com\/es\/dia-de-costas-limpias-sept-19\/"},"thumbnailUrl":"https:\/\/i0.wp.com\/casadecampoliving.com\/wp-content\/uploads\/2022\/10\/Coastal_Clean_Day-1-scaled.jpg?resize=150%2C150&ssl=1","image":{"@type":"ImageObject","url":"https:\/\/i0.wp.com\/casadecampoliving.com\/wp-content\/uploads\/2022\/10\/Coastal_Clean_Day-1-scaled.jpg?fit=2560%2C1707&ssl=1"},"articleSection":"CCL presenta","author":[{"@type":"Person","name":"Perkin Agramonte"}],"creator":["Perkin Agramonte"],"publisher":{"@type":"Organization","name":"Casa de Campo Living","logo":"https:\/\/casadecampoliving.com\/wp-content\/uploads\/2022\/07\/CDCLivingLogo_V1-white-sized.png"},"keywords":["bayahibe @es","casa de campo @es","casa de campo community @es","casa de campo living","casa de campo resort @es","la romana @es"],"dateCreated":"2015-09-10T04:00:00Z","datePublished":"2015-09-10T04:00:00Z","dateModified":"2022-10-21T23:02:52Z"},"rendered":"<script type=\"application\/ld+json\" class=\"wp-parsely-metadata\">{\"@context\":\"https:\\\/\\\/schema.org\",\"@type\":\"NewsArticle\",\"headline\":\"Colabore&#8230; D\\u00eda de Costas Limpias, Sept. 19\",\"url\":\"http:\\\/\\\/casadecampoliving.com\\\/es\\\/dia-de-costas-limpias-sept-19\\\/\",\"mainEntityOfPage\":{\"@type\":\"WebPage\",\"@id\":\"http:\\\/\\\/casadecampoliving.com\\\/es\\\/dia-de-costas-limpias-sept-19\\\/\"},\"thumbnailUrl\":\"https:\\\/\\\/i0.wp.com\\\/casadecampoliving.com\\\/wp-content\\\/uploads\\\/2022\\\/10\\\/Coastal_Clean_Day-1-scaled.jpg?resize=150%2C150&ssl=1\",\"image\":{\"@type\":\"ImageObject\",\"url\":\"https:\\\/\\\/i0.wp.com\\\/casadecampoliving.com\\\/wp-content\\\/uploads\\\/2022\\\/10\\\/Coastal_Clean_Day-1-scaled.jpg?fit=2560%2C1707&ssl=1\"},\"articleSection\":\"CCL presenta\",\"author\":[{\"@type\":\"Person\",\"name\":\"Perkin Agramonte\"}],\"creator\":[\"Perkin Agramonte\"],\"publisher\":{\"@type\":\"Organization\",\"name\":\"Casa de Campo Living\",\"logo\":\"https:\\\/\\\/casadecampoliving.com\\\/wp-content\\\/uploads\\\/2022\\\/07\\\/CDCLivingLogo_V1-white-sized.png\"},\"keywords\":[\"bayahibe @es\",\"casa de campo @es\",\"casa de campo community @es\",\"casa de campo living\",\"casa de campo resort @es\",\"la romana @es\"],\"dateCreated\":\"2015-09-10T04:00:00Z\",\"datePublished\":\"2015-09-10T04:00:00Z\",\"dateModified\":\"2022-10-21T23:02:52Z\"}<\/script>","tracker_url":"https:\/\/cdn.parsely.com\/keys\/casadecampoliving.com\/p.js"},"jetpack_publicize_connections":[],"jetpack_featured_media_url":"https:\/\/i0.wp.com\/casadecampoliving.com\/wp-content\/uploads\/2022\/10\/Coastal_Clean_Day-1-scaled.jpg?fit=2560%2C1707&ssl=1","jetpack-related-posts":[{"id":342855,"url":"https:\/\/casadecampoliving.com\/es\/hazte-parte-y-ayuda-la-romana-bayahibe-en-el-dia-internacional-de-limpieza-de-costas\/","url_meta":{"origin":348220,"position":0},"title":"\u00a1Hazte parte! y ayuda a La Romana-Bayahibe en el d\u00eda internacional de limpieza de costas","author":"Rebecca Silvestri","date":"16 Sep, 2013","format":false,"excerpt":"Rep\u00fablica Dominicana un para\u00edso que dispone de 1.550 kms de costas y 600 kms de playas de arena fina y brillante, el para\u00edso de los amantes de las playas! Pero el triunfo de la isla \u00fanica radica sobretodo en la diversidad de sus costas, sacudidas por el oc\u00e9ano Atl\u00e1ntico al\u2026","rel":"","context":"En \u00abDestacados\u00bb","block_context":{"text":"Destacados","link":"https:\/\/casadecampoliving.com\/es\/category\/destacados\/"},"img":{"alt_text":"D\u00eda Internacional de la Limpieza de Costas","src":"https:\/\/i0.wp.com\/casadecampoliving.com\/wp-content\/uploads\/2022\/10\/dia_internacional_limpieza_costas-1.jpg?fit=650%2C474&ssl=1&resize=350%2C200","width":350,"height":200,"srcset":"https:\/\/i0.wp.com\/casadecampoliving.com\/wp-content\/uploads\/2022\/10\/dia_internacional_limpieza_costas-1.jpg?fit=650%2C474&ssl=1&resize=350%2C200 1x, https:\/\/i0.wp.com\/casadecampoliving.com\/wp-content\/uploads\/2022\/10\/dia_internacional_limpieza_costas-1.jpg?fit=650%2C474&ssl=1&resize=525%2C300 1.5x"},"classes":[]},{"id":343940,"url":"https:\/\/casadecampoliving.com\/es\/gran-jornada-de-limpieza-en-isla-catalina\/","url_meta":{"origin":348220,"position":1},"title":"Gran Jornada de Limpieza en Isla Catalina","author":"Perkin Agramonte","date":"25 Feb, 2014","format":false,"excerpt":"Los negocios y organizaciones del \u00e1rea de La Romana\/Bayahibe van a unirse de nuevo para limpiar la bella Isla Catalina, localizada justo al sur de Casa de Campo y La Romana.\u00a0Gracias al apoyo de los negocios locales y personas que han contribu\u00eddo con botes \u2013 un grupo de voluntarios zarpar\u00e1\u2026","rel":"","context":"En \u00abEstilo de Vida\u00bb","block_context":{"text":"Estilo de Vida","link":"https:\/\/casadecampoliving.com\/es\/category\/estilo-de-vida\/"},"img":{"alt_text":"","src":"https:\/\/i0.wp.com\/casadecampoliving.com\/wp-content\/uploads\/2022\/10\/catalina_island_la_romana_bayahibe_casa_de_campo-1.jpg?fit=565%2C298&ssl=1&resize=350%2C200","width":350,"height":200,"srcset":"https:\/\/i0.wp.com\/casadecampoliving.com\/wp-content\/uploads\/2022\/10\/catalina_island_la_romana_bayahibe_casa_de_campo-1.jpg?fit=565%2C298&ssl=1&resize=350%2C200 1x, https:\/\/i0.wp.com\/casadecampoliving.com\/wp-content\/uploads\/2022\/10\/catalina_island_la_romana_bayahibe_casa_de_campo-1.jpg?fit=565%2C298&ssl=1&resize=525%2C300 1.5x"},"classes":[]},{"id":339073,"url":"https:\/\/casadecampoliving.com\/es\/la-playa-dominicus-celebra-ocho-anos-como-una-playa-eu-blue-flag\/","url_meta":{"origin":348220,"position":2},"title":"La playa Dominicus celebra ocho a\u00f1os como una playa \u00abEU Blue Flag\u00bb","author":"","date":"31 May, 2012","format":false,"excerpt":"Sab\u00eda usted que la popular playa de Dominicus es oficialmente considerada como una playa \u201cEU Blue Flag\u201d? Tras mantener los altos est\u00e1ndares de calidad por los \u00faltimos ocho a\u00f1os, la Asociaci\u00f3n La Romana \u2013 Bayahibe fue reconocida recientemente\u00a0por este logro.\u00a0 Playa Dominicus, conocida oficialmente como \u201cLa Laguna Dominicus\u201d en el\u2026","rel":"","context":"En \u00abEstilo de Vida\u00bb","block_context":{"text":"Estilo de Vida","link":"https:\/\/casadecampoliving.com\/es\/category\/estilo-de-vida\/"},"img":{"alt_text":"","src":"https:\/\/i0.wp.com\/casadecampoliving.com\/wp-content\/uploads\/2022\/10\/Casa-de-Campo-Living-Dominicus-beach-1.jpg?fit=575%2C327&ssl=1&resize=350%2C200","width":350,"height":200,"srcset":"https:\/\/i0.wp.com\/casadecampoliving.com\/wp-content\/uploads\/2022\/10\/Casa-de-Campo-Living-Dominicus-beach-1.jpg?fit=575%2C327&ssl=1&resize=350%2C200 1x, https:\/\/i0.wp.com\/casadecampoliving.com\/wp-content\/uploads\/2022\/10\/Casa-de-Campo-Living-Dominicus-beach-1.jpg?fit=575%2C327&ssl=1&resize=525%2C300 1.5x"},"classes":[]},{"id":345269,"url":"https:\/\/casadecampoliving.com\/es\/jornada-de-limpieza-en-la-isla-catalina-2014\/","url_meta":{"origin":348220,"position":3},"title":"\u00a1Jornada de Limpieza en la Isla Catalina 2014!","author":"Daniela Medina","date":"9 Sep, 2014","format":false,"excerpt":"\u00bfQuiere vivir en un mundo mejor? \u00a1Pues \u00fanase al Cluster Tur\u00edstico La Romana \u2013 Bayahibe en el D\u00eda Internacional de Costas Limpias (20 de Septiembre) a limpiar la Isla Catalina! \u00a1El S\u00e1bado, 20 de Septiembre, D\u00eda Internacional de Costas Limpias, con el apoyo de negocios locales y personas que apoyaran\u2026","rel":"","context":"En \u00abCasa de Campo Living @es\u00bb","block_context":{"text":"Casa de Campo Living @es","link":"https:\/\/casadecampoliving.com\/category\/casa-de-campo-living-es\/"},"img":{"alt_text":"Catalina Island","src":"https:\/\/i0.wp.com\/casadecampoliving.com\/wp-content\/uploads\/2022\/10\/catalina_island-5.jpg?fit=800%2C600&ssl=1&resize=350%2C200","width":350,"height":200,"srcset":"https:\/\/i0.wp.com\/casadecampoliving.com\/wp-content\/uploads\/2022\/10\/catalina_island-5.jpg?fit=800%2C600&ssl=1&resize=350%2C200 1x, https:\/\/i0.wp.com\/casadecampoliving.com\/wp-content\/uploads\/2022\/10\/catalina_island-5.jpg?fit=800%2C600&ssl=1&resize=525%2C300 1.5x, https:\/\/i0.wp.com\/casadecampoliving.com\/wp-content\/uploads\/2022\/10\/catalina_island-5.jpg?fit=800%2C600&ssl=1&resize=700%2C400 2x"},"classes":[]},{"id":340581,"url":"https:\/\/casadecampoliving.com\/es\/los-premios-travellers-choice-de-tripadvisor-colocan-a-bayahibe-y-punta-cana-entre-los-10-mejores-destinos-playeros-del-caribe\/","url_meta":{"origin":348220,"position":4},"title":"\u00a1Los premios \u00abTraveller&#8217;s Choice\u00bb de TripAdvisor colocan a Bayahibe y Punta Cana entre los 10 mejores destinos playeros del Caribe!","author":"Lenny Castillo","date":"11 Feb, 2013","format":false,"excerpt":"\u00a1\u00a1No hay duda!! \u00a1\u00a1La Rep\u00fablica Dominicana es un para\u00edso!! Y con las de Bayahibe y Punta Cana en el rango #7 y #4 respectivamente dentro de los 10 destinos de playas del Caribe, al parecer, el este de la Rep\u00fablica Dominicana es, sin duda, uno de los lugares m\u00e1s bellos\u2026","rel":"","context":"En \u00abEstilo de Vida\u00bb","block_context":{"text":"Estilo de Vida","link":"https:\/\/casadecampoliving.com\/es\/category\/estilo-de-vida\/"},"img":{"alt_text":"bayahibe","src":"https:\/\/i0.wp.com\/casadecampoliving.com\/wp-content\/uploads\/2022\/10\/bayahibe-3.jpg?fit=650%2C428&ssl=1&resize=350%2C200","width":350,"height":200,"srcset":"https:\/\/i0.wp.com\/casadecampoliving.com\/wp-content\/uploads\/2022\/10\/bayahibe-3.jpg?fit=650%2C428&ssl=1&resize=350%2C200 1x, https:\/\/i0.wp.com\/casadecampoliving.com\/wp-content\/uploads\/2022\/10\/bayahibe-3.jpg?fit=650%2C428&ssl=1&resize=525%2C300 1.5x"},"classes":[]},{"id":318817,"url":"https:\/\/casadecampoliving.com\/es\/destino-la-romana-florece-sin-basura-extraordinaria-jornada-de-limpieza-abarca-desde-cumayasa-hasta-yuma\/","url_meta":{"origin":348220,"position":5},"title":"Destino La Romana Florece Sin Basura: Extraordinaria Jornada de Limpieza abarca desde Cumayasa hasta Yuma","author":"Rebecca Silvestri","date":"12 May, 2010","format":false,"excerpt":"La Romana.- Con la participaci\u00f3n record de 1,100 voluntarios que recolectaron m\u00e1s de 5,000 unidades de fundas de 55 galones, la Asociaci\u00f3n de Hoteles La Romana Bayahibe celebr\u00f3 la novena versi\u00f3n de la jornada de limpieza anual que organiza en el marco de las acciones programadas dentro de la Campa\u00f1a\u2026","rel":"","context":"En \u00abM\u00e1s all\u00e1 de Casa\u00bb","block_context":{"text":"M\u00e1s all\u00e1 de Casa","link":"https:\/\/casadecampoliving.com\/es\/category\/mas-alla-de-casa-es\/"},"img":{"alt_text":"","src":"https:\/\/i0.wp.com\/casadecampoliving.com\/wp-content\/uploads\/2022\/10\/La-Romana-Bayahibe-1.jpg?fit=575%2C415&ssl=1&resize=350%2C200","width":350,"height":200,"srcset":"https:\/\/i0.wp.com\/casadecampoliving.com\/wp-content\/uploads\/2022\/10\/La-Romana-Bayahibe-1.jpg?fit=575%2C415&ssl=1&resize=350%2C200 1x, https:\/\/i0.wp.com\/casadecampoliving.com\/wp-content\/uploads\/2022\/10\/La-Romana-Bayahibe-1.jpg?fit=575%2C415&ssl=1&resize=525%2C300 1.5x"},"classes":[]}],"jetpack_sharing_enabled":true,"_links":{"self":[{"href":"https:\/\/casadecampoliving.com\/es\/wp-json\/wp\/v2\/posts\/348220","targetHints":{"allow":["GET"]}}],"collection":[{"href":"https:\/\/casadecampoliving.com\/es\/wp-json\/wp\/v2\/posts"}],"about":[{"href":"https:\/\/casadecampoliving.com\/es\/wp-json\/wp\/v2\/types\/post"}],"author":[{"embeddable":true,"href":"https:\/\/casadecampoliving.com\/es\/wp-json\/wp\/v2\/users\/1097"}],"replies":[{"embeddable":true,"href":"https:\/\/casadecampoliving.com\/es\/wp-json\/wp\/v2\/comments?post=348220"}],"version-history":[{"count":1,"href":"https:\/\/casadecampoliving.com\/es\/wp-json\/wp\/v2\/posts\/348220\/revisions"}],"predecessor-version":[{"id":348221,"href":"https:\/\/casadecampoliving.com\/es\/wp-json\/wp\/v2\/posts\/348220\/revisions\/348221"}],"wp:featuredmedia":[{"embeddable":true,"href":"https:\/\/casadecampoliving.com\/es\/wp-json\/wp\/v2\/media\/287727"}],"wp:attachment":[{"href":"https:\/\/casadecampoliving.com\/es\/wp-json\/wp\/v2\/media?parent=348220"}],"wp:term":[{"taxonomy":"category","embeddable":true,"href":"https:\/\/casadecampoliving.com\/es\/wp-json\/wp\/v2\/categories?post=348220"},{"taxonomy":"post_tag","embeddable":true,"href":"https:\/\/casadecampoliving.com\/es\/wp-json\/wp\/v2\/tags?post=348220"},{"taxonomy":"newspack_spnsrs_tax","embeddable":true,"href":"https:\/\/casadecampoliving.com\/es\/wp-json\/wp\/v2\/newspack_spnsrs_tax?post=348220"}],"curies":[{"name":"wp","href":"https:\/\/api.w.org\/{rel}","templated":true}]}}