{"id":348186,"date":"2015-09-04T00:00:00","date_gmt":"2015-09-04T04:00:00","guid":{"rendered":"https:\/\/casadecampoliving.com\/torneo-internacional-de-tenis-de-casa-de-campo-copa-bdi\/"},"modified":"2022-11-10T10:43:47","modified_gmt":"2022-11-10T14:43:47","slug":"torneo-internacional-de-tenis-de-casa-de-campo-copa-bdi","status":"publish","type":"post","link":"https:\/\/casadecampoliving.com\/es\/torneo-internacional-de-tenis-de-casa-de-campo-copa-bdi\/","title":{"rendered":"\u00a1Torneo Internacional de Tenis de Casa de Campo Copa BDI empez\u00f3 oficialmente!"},"content":{"rendered":"<img data-recalc-dims=\"1\" loading=\"lazy\" decoding=\"async\" class=\"aligncenter wp-image-113569\" src=\"https:\/\/i0.wp.com\/casadecampoliving.com\/wp-content\/uploads\/2022\/10\/Juan-Carlos-Rodriguez-Copello-Maria-Mastrolilli-Emilio-Vasquez-y-Daniel-Hernandez-durante-la-presentacion-de-la-Gran-Cop.jpg?resize=650%2C433&#038;ssl=1\" alt=\"Juan Carlos Rodr\u00edguez Copello, Mar\u00eda Mastrolilli, Emilio V\u00e1squez y Daniel Hern\u00e1ndez, durante la presentaci\u00f3n de la Gran Cop\" width=\"650\" height=\"433\" \/>Ayer, jueves, 3 de septiembre la 38\u00aa edici\u00f3n anual del Torneo Internacional de Tenis \u00abCopa BDI &#8211; Casa de Campo\u00bb fue inaugurado oficialmente en el Club de Tenis La Terraza en Casa de Campo.\n<!--more-->\n\n<img data-recalc-dims=\"1\" loading=\"lazy\" decoding=\"async\" class=\"alignright wp-image-113572\" src=\"https:\/\/i0.wp.com\/casadecampoliving.com\/wp-content\/uploads\/2022\/10\/Casa_de_Campo_Tennis.jpg?resize=300%2C403&#038;ssl=1\" alt=\"Casa_de_Campo_Tennis\" width=\"300\" height=\"403\" \/>Luego de la entonaci\u00f3n del Himno Nacional Dominicano para dar inicio al acto inaugural de este legendario torneo de Casa de Campo,\u00a0Juan Carlos Rodr\u00edguez Copello, Presidente del Banco BDI; Daniel Hern\u00e1ndez, Gerente General del Hotel Casa de Campo y Emilio V\u00e1squez, Director de Tenis\u00a0de Casa de Campo, as\u00ed como Maria Mastrolilli, esposa de don Enzo Mastrolilli presentaron\u00a0la Gran Copa BDI.\n\nLa XXXVIII Torneo Internacional de Tenis de Casa de Campo Copa BDI ha sido dedicada a Don Enzo Mastrolilli, el fundador del torneo, quien falleci\u00f3 en diciembre pasado. En memoria de Don Enzo, cuya pasi\u00f3n y dedicaci\u00f3n convirti\u00f3\u00a0este evento en el torneo de tenis m\u00e1s prestigioso y de mayor duraci\u00f3n de la Rep\u00fablica Dominicana, tanto Mario Emilio Guerrero, maestro de ceremonias, y Mar\u00eda Mastrolilli hablaron sobre Don Enzo, destacando su gran contribuci\u00f3n al tenis dominicano.\n\nDurante la celebraci\u00f3n apertura, Juan Carlos Rodr\u00edguez Copello, Presidente del Banco BDI particip\u00f3 realiz\u00f3 el saque de honor, para dar paso a los partidos en el que m\u00e1s de 125 tenistas nacionales e internacionales competir\u00e1n en diferentes categor\u00edas durante todo el fin de semana.\n\n<span style=\"font-weight: 400;\">Durante el\u00a0partido inaugural del XXXVIII Torneo Internacional de Tenis de Casa de Campo Copa BDI, el dominicano Jos\u00e9 Alberto V\u00e1squez derrot\u00f3 a su compatriota Jos\u00e9 Santana con marcador de 8-6, en la categor\u00eda Open Masculina.\u00a0<\/span><span style=\"font-weight: 400;\">Las rondas del torneo contin\u00faan en el d\u00eda de hoy y se extender\u00e1n hasta el domingo 6 de septiembre por la tarde cuando se llevar\u00e1 a cabo la ceremonia de premiaci\u00f3n.<\/span>\n\n<strong>\n<figure class=\"wp-block-gallery has-nested-images columns-default is-cropped wp-block-gallery-1 is-layout-flex wp-block-gallery-is-layout-flex\">\n<figure class=\"wp-block-image size-large\"><img data-recalc-dims=\"1\" loading=\"lazy\" decoding=\"async\" width=\"800\" height=\"534\" data-id=\"494557\" src=\"https:\/\/i0.wp.com\/casadecampoliving.com\/wp-content\/uploads\/2022\/10\/dsc_0018-l.jpg?resize=800%2C534&#038;ssl=1\" alt=\"\" class=\"wp-image-494557\" srcset=\"https:\/\/i0.wp.com\/casadecampoliving.com\/wp-content\/uploads\/2022\/10\/dsc_0018-l.jpg?w=800&amp;ssl=1 800w, https:\/\/i0.wp.com\/casadecampoliving.com\/wp-content\/uploads\/2022\/10\/dsc_0018-l.jpg?resize=300%2C200&amp;ssl=1 300w, https:\/\/i0.wp.com\/casadecampoliving.com\/wp-content\/uploads\/2022\/10\/dsc_0018-l.jpg?resize=768%2C513&amp;ssl=1 768w, https:\/\/i0.wp.com\/casadecampoliving.com\/wp-content\/uploads\/2022\/10\/dsc_0018-l.jpg?resize=400%2C267&amp;ssl=1 400w, https:\/\/i0.wp.com\/casadecampoliving.com\/wp-content\/uploads\/2022\/10\/dsc_0018-l.jpg?resize=706%2C471&amp;ssl=1 706w, https:\/\/i0.wp.com\/casadecampoliving.com\/wp-content\/uploads\/2022\/10\/dsc_0018-l.jpg?resize=150%2C100&amp;ssl=1 150w, https:\/\/i0.wp.com\/casadecampoliving.com\/wp-content\/uploads\/2022\/10\/dsc_0018-l.jpg?w=370&amp;ssl=1 370w\" sizes=\"auto, (max-width: 800px) 100vw, 800px\" \/><\/figure>\n\n\n\n<figure class=\"wp-block-image size-large\"><img data-recalc-dims=\"1\" loading=\"lazy\" decoding=\"async\" width=\"800\" height=\"534\" data-id=\"494563\" src=\"https:\/\/i0.wp.com\/casadecampoliving.com\/wp-content\/uploads\/2022\/10\/dsc_0030-l-1.jpg?resize=800%2C534&#038;ssl=1\" alt=\"\" class=\"wp-image-494563\" srcset=\"https:\/\/i0.wp.com\/casadecampoliving.com\/wp-content\/uploads\/2022\/10\/dsc_0030-l-1.jpg?w=800&amp;ssl=1 800w, https:\/\/i0.wp.com\/casadecampoliving.com\/wp-content\/uploads\/2022\/10\/dsc_0030-l-1.jpg?resize=300%2C200&amp;ssl=1 300w, https:\/\/i0.wp.com\/casadecampoliving.com\/wp-content\/uploads\/2022\/10\/dsc_0030-l-1.jpg?resize=768%2C513&amp;ssl=1 768w, https:\/\/i0.wp.com\/casadecampoliving.com\/wp-content\/uploads\/2022\/10\/dsc_0030-l-1.jpg?resize=400%2C267&amp;ssl=1 400w, https:\/\/i0.wp.com\/casadecampoliving.com\/wp-content\/uploads\/2022\/10\/dsc_0030-l-1.jpg?resize=706%2C471&amp;ssl=1 706w, https:\/\/i0.wp.com\/casadecampoliving.com\/wp-content\/uploads\/2022\/10\/dsc_0030-l-1.jpg?resize=150%2C100&amp;ssl=1 150w, https:\/\/i0.wp.com\/casadecampoliving.com\/wp-content\/uploads\/2022\/10\/dsc_0030-l-1.jpg?w=370&amp;ssl=1 370w\" sizes=\"auto, (max-width: 800px) 100vw, 800px\" \/><\/figure>\n\n\n\n<figure class=\"wp-block-image size-large\"><img data-recalc-dims=\"1\" loading=\"lazy\" decoding=\"async\" width=\"800\" height=\"534\" data-id=\"494569\" src=\"https:\/\/i0.wp.com\/casadecampoliving.com\/wp-content\/uploads\/2022\/10\/dsc_0031-l-2.jpg?resize=800%2C534&#038;ssl=1\" alt=\"\" class=\"wp-image-494569\" srcset=\"https:\/\/i0.wp.com\/casadecampoliving.com\/wp-content\/uploads\/2022\/10\/dsc_0031-l-2.jpg?w=800&amp;ssl=1 800w, https:\/\/i0.wp.com\/casadecampoliving.com\/wp-content\/uploads\/2022\/10\/dsc_0031-l-2.jpg?resize=300%2C200&amp;ssl=1 300w, https:\/\/i0.wp.com\/casadecampoliving.com\/wp-content\/uploads\/2022\/10\/dsc_0031-l-2.jpg?resize=768%2C513&amp;ssl=1 768w, https:\/\/i0.wp.com\/casadecampoliving.com\/wp-content\/uploads\/2022\/10\/dsc_0031-l-2.jpg?resize=400%2C267&amp;ssl=1 400w, https:\/\/i0.wp.com\/casadecampoliving.com\/wp-content\/uploads\/2022\/10\/dsc_0031-l-2.jpg?resize=706%2C471&amp;ssl=1 706w, https:\/\/i0.wp.com\/casadecampoliving.com\/wp-content\/uploads\/2022\/10\/dsc_0031-l-2.jpg?resize=150%2C100&amp;ssl=1 150w, https:\/\/i0.wp.com\/casadecampoliving.com\/wp-content\/uploads\/2022\/10\/dsc_0031-l-2.jpg?w=370&amp;ssl=1 370w\" sizes=\"auto, (max-width: 800px) 100vw, 800px\" \/><\/figure>\n\n\n\n<figure class=\"wp-block-image size-large\"><img data-recalc-dims=\"1\" loading=\"lazy\" decoding=\"async\" width=\"800\" height=\"534\" data-id=\"494577\" src=\"https:\/\/i0.wp.com\/casadecampoliving.com\/wp-content\/uploads\/2022\/10\/dsc_0035-l-1.jpg?resize=800%2C534&#038;ssl=1\" alt=\"\" class=\"wp-image-494577\" srcset=\"https:\/\/i0.wp.com\/casadecampoliving.com\/wp-content\/uploads\/2022\/10\/dsc_0035-l-1.jpg?w=800&amp;ssl=1 800w, https:\/\/i0.wp.com\/casadecampoliving.com\/wp-content\/uploads\/2022\/10\/dsc_0035-l-1.jpg?resize=300%2C200&amp;ssl=1 300w, https:\/\/i0.wp.com\/casadecampoliving.com\/wp-content\/uploads\/2022\/10\/dsc_0035-l-1.jpg?resize=768%2C513&amp;ssl=1 768w, https:\/\/i0.wp.com\/casadecampoliving.com\/wp-content\/uploads\/2022\/10\/dsc_0035-l-1.jpg?resize=400%2C267&amp;ssl=1 400w, https:\/\/i0.wp.com\/casadecampoliving.com\/wp-content\/uploads\/2022\/10\/dsc_0035-l-1.jpg?resize=706%2C471&amp;ssl=1 706w, https:\/\/i0.wp.com\/casadecampoliving.com\/wp-content\/uploads\/2022\/10\/dsc_0035-l-1.jpg?resize=150%2C100&amp;ssl=1 150w, https:\/\/i0.wp.com\/casadecampoliving.com\/wp-content\/uploads\/2022\/10\/dsc_0035-l-1.jpg?w=370&amp;ssl=1 370w\" sizes=\"auto, (max-width: 800px) 100vw, 800px\" \/><\/figure>\n\n\n\n<figure class=\"wp-block-image size-large\"><img data-recalc-dims=\"1\" loading=\"lazy\" decoding=\"async\" width=\"800\" height=\"534\" data-id=\"494585\" src=\"https:\/\/i0.wp.com\/casadecampoliving.com\/wp-content\/uploads\/2022\/10\/dsc_0038-l-1.jpg?resize=800%2C534&#038;ssl=1\" alt=\"\" class=\"wp-image-494585\" srcset=\"https:\/\/i0.wp.com\/casadecampoliving.com\/wp-content\/uploads\/2022\/10\/dsc_0038-l-1.jpg?w=800&amp;ssl=1 800w, https:\/\/i0.wp.com\/casadecampoliving.com\/wp-content\/uploads\/2022\/10\/dsc_0038-l-1.jpg?resize=300%2C200&amp;ssl=1 300w, https:\/\/i0.wp.com\/casadecampoliving.com\/wp-content\/uploads\/2022\/10\/dsc_0038-l-1.jpg?resize=768%2C513&amp;ssl=1 768w, https:\/\/i0.wp.com\/casadecampoliving.com\/wp-content\/uploads\/2022\/10\/dsc_0038-l-1.jpg?resize=400%2C267&amp;ssl=1 400w, https:\/\/i0.wp.com\/casadecampoliving.com\/wp-content\/uploads\/2022\/10\/dsc_0038-l-1.jpg?resize=706%2C471&amp;ssl=1 706w, https:\/\/i0.wp.com\/casadecampoliving.com\/wp-content\/uploads\/2022\/10\/dsc_0038-l-1.jpg?resize=150%2C100&amp;ssl=1 150w, https:\/\/i0.wp.com\/casadecampoliving.com\/wp-content\/uploads\/2022\/10\/dsc_0038-l-1.jpg?w=370&amp;ssl=1 370w\" sizes=\"auto, (max-width: 800px) 100vw, 800px\" \/><\/figure>\n\n\n\n<figure class=\"wp-block-image size-large\"><img data-recalc-dims=\"1\" loading=\"lazy\" decoding=\"async\" width=\"800\" height=\"534\" data-id=\"494593\" src=\"https:\/\/i0.wp.com\/casadecampoliving.com\/wp-content\/uploads\/2022\/10\/dsc_0044-l.jpg?resize=800%2C534&#038;ssl=1\" alt=\"\" class=\"wp-image-494593\" srcset=\"https:\/\/i0.wp.com\/casadecampoliving.com\/wp-content\/uploads\/2022\/10\/dsc_0044-l.jpg?w=800&amp;ssl=1 800w, https:\/\/i0.wp.com\/casadecampoliving.com\/wp-content\/uploads\/2022\/10\/dsc_0044-l.jpg?resize=300%2C200&amp;ssl=1 300w, https:\/\/i0.wp.com\/casadecampoliving.com\/wp-content\/uploads\/2022\/10\/dsc_0044-l.jpg?resize=768%2C513&amp;ssl=1 768w, https:\/\/i0.wp.com\/casadecampoliving.com\/wp-content\/uploads\/2022\/10\/dsc_0044-l.jpg?resize=400%2C267&amp;ssl=1 400w, https:\/\/i0.wp.com\/casadecampoliving.com\/wp-content\/uploads\/2022\/10\/dsc_0044-l.jpg?resize=706%2C471&amp;ssl=1 706w, https:\/\/i0.wp.com\/casadecampoliving.com\/wp-content\/uploads\/2022\/10\/dsc_0044-l.jpg?resize=150%2C100&amp;ssl=1 150w, https:\/\/i0.wp.com\/casadecampoliving.com\/wp-content\/uploads\/2022\/10\/dsc_0044-l.jpg?w=370&amp;ssl=1 370w\" sizes=\"auto, (max-width: 800px) 100vw, 800px\" \/><\/figure>\n\n\n\n<figure class=\"wp-block-image size-large\"><img data-recalc-dims=\"1\" loading=\"lazy\" decoding=\"async\" width=\"800\" height=\"534\" data-id=\"494601\" src=\"https:\/\/i0.wp.com\/casadecampoliving.com\/wp-content\/uploads\/2022\/10\/dsc_0048-l-1.jpg?resize=800%2C534&#038;ssl=1\" alt=\"\" class=\"wp-image-494601\" srcset=\"https:\/\/i0.wp.com\/casadecampoliving.com\/wp-content\/uploads\/2022\/10\/dsc_0048-l-1.jpg?w=800&amp;ssl=1 800w, https:\/\/i0.wp.com\/casadecampoliving.com\/wp-content\/uploads\/2022\/10\/dsc_0048-l-1.jpg?resize=300%2C200&amp;ssl=1 300w, https:\/\/i0.wp.com\/casadecampoliving.com\/wp-content\/uploads\/2022\/10\/dsc_0048-l-1.jpg?resize=768%2C513&amp;ssl=1 768w, https:\/\/i0.wp.com\/casadecampoliving.com\/wp-content\/uploads\/2022\/10\/dsc_0048-l-1.jpg?resize=400%2C267&amp;ssl=1 400w, https:\/\/i0.wp.com\/casadecampoliving.com\/wp-content\/uploads\/2022\/10\/dsc_0048-l-1.jpg?resize=706%2C471&amp;ssl=1 706w, https:\/\/i0.wp.com\/casadecampoliving.com\/wp-content\/uploads\/2022\/10\/dsc_0048-l-1.jpg?resize=150%2C100&amp;ssl=1 150w, https:\/\/i0.wp.com\/casadecampoliving.com\/wp-content\/uploads\/2022\/10\/dsc_0048-l-1.jpg?w=370&amp;ssl=1 370w\" sizes=\"auto, (max-width: 800px) 100vw, 800px\" \/><\/figure>\n<\/figure>\n<\/strong>","protected":false},"excerpt":{"rendered":"<p>Ayer, jueves, 3 de septiembre la 38\u00aa edici\u00f3n anual del Torneo Internacional de Tenis \u00abCopa BDI &#8211; Casa de Campo\u00bb fue inaugurado oficialmente en el Club de Tenis La Terraza en Casa de Campo.<\/p>\n","protected":false},"author":1097,"featured_media":287027,"comment_status":"closed","ping_status":"closed","sticky":false,"template":"","format":"standard","meta":{"newspack_ads_suppress_ads":false,"newspack_popups_has_disabled_popups":false,"newspack_sponsor_sponsorship_scope":"","newspack_sponsor_native_byline_display":"inherit","newspack_sponsor_native_category_display":"inherit","newspack_sponsor_underwriter_style":"inherit","newspack_sponsor_underwriter_placement":"inherit","_newspack_byline_active":false,"_newspack_byline":"","newspack_hide_updated_date":false,"newspack_show_updated_date":false,"newspack_content_restriction_is_exempt":false,"newspack_featured_image_position":"","newspack_post_subtitle":"","newspack_article_summary_title":"Overview:","newspack_article_summary":"","_jetpack_memberships_contains_paid_content":false,"footnotes":"","jetpack_publicize_message":"","jetpack_publicize_feature_enabled":true,"jetpack_social_post_already_shared":false,"jetpack_social_options":{"image_generator_settings":{"template":"highway","default_image_id":0,"font":"","enabled":false},"version":2},"_wpas_customize_per_network":false},"categories":[26936,26951,2521,2522,2526,14631,14625,26822,2525,14627],"tags":[23815,3626,8094,6384,24387,10907],"newspack_spnsrs_tax":[],"class_list":["post-348186","post","type-post","status-publish","format-standard","has-post-thumbnail","hentry","category-casa-de-campo-living-es","category-ccl-presenta","category-republica-dominicana-2","category-eventos-es","category-titulares-es","category-estilo-de-vida","category-noticias-locales","category-resort-casa-de-campo","category-golf-deportes-es","category-proximamente","tag-casa-de-campo-es-17","tag-casa-de-campo-es","tag-casa-de-campo-community-es","tag-casa-de-campo-international-tennis-tournament","tag-casa-de-campo-living-es","tag-casa-de-campo-tennis-es","entry"],"yoast_head":"<!-- This site is optimized with the Yoast SEO plugin v27.5 - https:\/\/yoast.com\/product\/yoast-seo-wordpress\/ -->\n<title>\u00a1Torneo Internacional de Tenis de Casa de Campo Copa BDI empez\u00f3 oficialmente! | Casa de Campo Living<\/title>\n<meta name=\"description\" content=\"Ayer, jueves, 3 de septiembre la 38\u00aa edici\u00f3n anual del Torneo Internacional de Tenis &quot;Copa BDI - Casa de Campo&quot; fue inaugurado oficialmente en el Club de\" \/>\n<meta name=\"robots\" content=\"index, follow, max-snippet:-1, max-image-preview:large, max-video-preview:-1\" \/>\n<link rel=\"canonical\" href=\"https:\/\/casadecampoliving.com\/es\/torneo-internacional-de-tenis-de-casa-de-campo-copa-bdi\/\" \/>\n<meta property=\"og:locale\" content=\"es_ES\" \/>\n<meta property=\"og:type\" content=\"article\" \/>\n<meta property=\"og:title\" content=\"\u00a1Torneo Internacional de Tenis de Casa de Campo Copa BDI empez\u00f3 oficialmente! | Casa de Campo Living\" \/>\n<meta property=\"og:description\" content=\"Ayer, jueves, 3 de septiembre la 38\u00aa edici\u00f3n anual del Torneo Internacional de Tenis &quot;Copa BDI - Casa de Campo&quot; fue inaugurado oficialmente en el Club de\" \/>\n<meta property=\"og:url\" content=\"https:\/\/casadecampoliving.com\/es\/torneo-internacional-de-tenis-de-casa-de-campo-copa-bdi\/\" \/>\n<meta property=\"og:site_name\" content=\"Casa de Campo Living\" \/>\n<meta property=\"article:publisher\" content=\"https:\/\/www.facebook.com\/casadecampoliving\" \/>\n<meta property=\"article:published_time\" content=\"2015-09-04T04:00:00+00:00\" \/>\n<meta property=\"article:modified_time\" content=\"2022-11-10T14:43:47+00:00\" \/>\n<meta property=\"og:image\" content=\"https:\/\/i0.wp.com\/casadecampoliving.com\/wp-content\/uploads\/2022\/10\/Juan-Carlos-Rodriguez-Copello-Maria-Mastrolilli-Emilio-Vasquez-y-Daniel-Hernandez-durante-la-presentacion-de-la-Gran-Cop-1.jpg?fit=640%2C426&ssl=1\" \/>\n\t<meta property=\"og:image:width\" content=\"640\" \/>\n\t<meta property=\"og:image:height\" content=\"426\" \/>\n\t<meta property=\"og:image:type\" content=\"image\/jpeg\" \/>\n<meta name=\"author\" content=\"Perkin Agramonte\" \/>\n<meta name=\"twitter:card\" content=\"summary_large_image\" \/>\n<meta name=\"twitter:creator\" content=\"@cdcliving\" \/>\n<meta name=\"twitter:site\" content=\"@cdcliving\" \/>\n<meta name=\"twitter:label1\" content=\"Escrito por\" \/>\n\t<meta name=\"twitter:data1\" content=\"Perkin Agramonte\" \/>\n\t<meta name=\"twitter:label2\" content=\"Tiempo de lectura\" \/>\n\t<meta name=\"twitter:data2\" content=\"2 minutos\" \/>\n<script type=\"application\/ld+json\" class=\"yoast-schema-graph\">{\"@context\":\"https:\\\/\\\/schema.org\",\"@graph\":[{\"@type\":\"Article\",\"@id\":\"https:\\\/\\\/casadecampoliving.com\\\/es\\\/torneo-internacional-de-tenis-de-casa-de-campo-copa-bdi\\\/#article\",\"isPartOf\":{\"@id\":\"https:\\\/\\\/casadecampoliving.com\\\/es\\\/torneo-internacional-de-tenis-de-casa-de-campo-copa-bdi\\\/\"},\"author\":{\"name\":\"Perkin Agramonte\",\"@id\":\"https:\\\/\\\/casadecampoliving.com\\\/es\\\/#\\\/schema\\\/person\\\/c8efa6049510554b7d5fea078d728f72\"},\"headline\":\"\u00a1Torneo Internacional de Tenis de Casa de Campo Copa BDI empez\u00f3 oficialmente!\",\"datePublished\":\"2015-09-04T04:00:00+00:00\",\"dateModified\":\"2022-11-10T14:43:47+00:00\",\"mainEntityOfPage\":{\"@id\":\"https:\\\/\\\/casadecampoliving.com\\\/es\\\/torneo-internacional-de-tenis-de-casa-de-campo-copa-bdi\\\/\"},\"wordCount\":315,\"publisher\":{\"@id\":\"https:\\\/\\\/casadecampoliving.com\\\/es\\\/#organization\"},\"image\":{\"@id\":\"https:\\\/\\\/casadecampoliving.com\\\/es\\\/torneo-internacional-de-tenis-de-casa-de-campo-copa-bdi\\\/#primaryimage\"},\"thumbnailUrl\":\"https:\\\/\\\/i0.wp.com\\\/casadecampoliving.com\\\/wp-content\\\/uploads\\\/2022\\\/10\\\/Juan-Carlos-Rodriguez-Copello-Maria-Mastrolilli-Emilio-Vasquez-y-Daniel-Hernandez-durante-la-presentacion-de-la-Gran-Cop-1.jpg?fit=640%2C426&ssl=1\",\"keywords\":[\"Casa de Campo\",\"casa de campo @es\",\"Casa de Campo Community @es\",\"Casa de Campo International Tennis Tournament\",\"Casa de Campo Living\",\"Casa de Campo Tennis @es\"],\"articleSection\":[\"Casa de Campo Living @es\",\"CCL presenta\",\"Rep\u00fablica Dominicana @es\",\"Eventos\",\"Titulares\",\"Estilo de Vida\",\"Noticias Locales\",\"Resort Casa de Campo\",\"Deportes\",\"Proximamente\"],\"inLanguage\":\"es\"},{\"@type\":\"WebPage\",\"@id\":\"https:\\\/\\\/casadecampoliving.com\\\/es\\\/torneo-internacional-de-tenis-de-casa-de-campo-copa-bdi\\\/\",\"url\":\"https:\\\/\\\/casadecampoliving.com\\\/es\\\/torneo-internacional-de-tenis-de-casa-de-campo-copa-bdi\\\/\",\"name\":\"\u00a1Torneo Internacional de Tenis de Casa de Campo Copa BDI empez\u00f3 oficialmente! | Casa de Campo Living\",\"isPartOf\":{\"@id\":\"https:\\\/\\\/casadecampoliving.com\\\/es\\\/#website\"},\"primaryImageOfPage\":{\"@id\":\"https:\\\/\\\/casadecampoliving.com\\\/es\\\/torneo-internacional-de-tenis-de-casa-de-campo-copa-bdi\\\/#primaryimage\"},\"image\":{\"@id\":\"https:\\\/\\\/casadecampoliving.com\\\/es\\\/torneo-internacional-de-tenis-de-casa-de-campo-copa-bdi\\\/#primaryimage\"},\"thumbnailUrl\":\"https:\\\/\\\/i0.wp.com\\\/casadecampoliving.com\\\/wp-content\\\/uploads\\\/2022\\\/10\\\/Juan-Carlos-Rodriguez-Copello-Maria-Mastrolilli-Emilio-Vasquez-y-Daniel-Hernandez-durante-la-presentacion-de-la-Gran-Cop-1.jpg?fit=640%2C426&ssl=1\",\"datePublished\":\"2015-09-04T04:00:00+00:00\",\"dateModified\":\"2022-11-10T14:43:47+00:00\",\"description\":\"Ayer, jueves, 3 de septiembre la 38\u00aa edici\u00f3n anual del Torneo Internacional de Tenis \\\"Copa BDI - Casa de Campo\\\" fue inaugurado oficialmente en el Club de\",\"breadcrumb\":{\"@id\":\"https:\\\/\\\/casadecampoliving.com\\\/es\\\/torneo-internacional-de-tenis-de-casa-de-campo-copa-bdi\\\/#breadcrumb\"},\"inLanguage\":\"es\",\"potentialAction\":[{\"@type\":\"ReadAction\",\"target\":[\"https:\\\/\\\/casadecampoliving.com\\\/es\\\/torneo-internacional-de-tenis-de-casa-de-campo-copa-bdi\\\/\"]}]},{\"@type\":\"ImageObject\",\"inLanguage\":\"es\",\"@id\":\"https:\\\/\\\/casadecampoliving.com\\\/es\\\/torneo-internacional-de-tenis-de-casa-de-campo-copa-bdi\\\/#primaryimage\",\"url\":\"https:\\\/\\\/i0.wp.com\\\/casadecampoliving.com\\\/wp-content\\\/uploads\\\/2022\\\/10\\\/Juan-Carlos-Rodriguez-Copello-Maria-Mastrolilli-Emilio-Vasquez-y-Daniel-Hernandez-durante-la-presentacion-de-la-Gran-Cop-1.jpg?fit=640%2C426&ssl=1\",\"contentUrl\":\"https:\\\/\\\/i0.wp.com\\\/casadecampoliving.com\\\/wp-content\\\/uploads\\\/2022\\\/10\\\/Juan-Carlos-Rodriguez-Copello-Maria-Mastrolilli-Emilio-Vasquez-y-Daniel-Hernandez-durante-la-presentacion-de-la-Gran-Cop-1.jpg?fit=640%2C426&ssl=1\",\"width\":640,\"height\":426},{\"@type\":\"BreadcrumbList\",\"@id\":\"https:\\\/\\\/casadecampoliving.com\\\/es\\\/torneo-internacional-de-tenis-de-casa-de-campo-copa-bdi\\\/#breadcrumb\",\"itemListElement\":[{\"@type\":\"ListItem\",\"position\":1,\"name\":\"Home\",\"item\":\"https:\\\/\\\/casadecampoliving.com\\\/es\\\/\"},{\"@type\":\"ListItem\",\"position\":2,\"name\":\"\u00a1Torneo Internacional de Tenis de Casa de Campo Copa BDI empez\u00f3 oficialmente!\"}]},{\"@type\":\"WebSite\",\"@id\":\"https:\\\/\\\/casadecampoliving.com\\\/es\\\/#website\",\"url\":\"https:\\\/\\\/casadecampoliving.com\\\/es\\\/\",\"name\":\"Casa de Campo Living\",\"description\":\"Resort community news and resources.\",\"publisher\":{\"@id\":\"https:\\\/\\\/casadecampoliving.com\\\/es\\\/#organization\"},\"potentialAction\":[{\"@type\":\"SearchAction\",\"target\":{\"@type\":\"EntryPoint\",\"urlTemplate\":\"https:\\\/\\\/casadecampoliving.com\\\/es\\\/?s={search_term_string}\"},\"query-input\":{\"@type\":\"PropertyValueSpecification\",\"valueRequired\":true,\"valueName\":\"search_term_string\"}}],\"inLanguage\":\"es\"},{\"@type\":\"Organization\",\"@id\":\"https:\\\/\\\/casadecampoliving.com\\\/es\\\/#organization\",\"name\":\"Casa de Campo Living\",\"url\":\"https:\\\/\\\/casadecampoliving.com\\\/es\\\/\",\"logo\":{\"@type\":\"ImageObject\",\"inLanguage\":\"es\",\"@id\":\"https:\\\/\\\/casadecampoliving.com\\\/es\\\/#\\\/schema\\\/logo\\\/image\\\/\",\"url\":\"https:\\\/\\\/i0.wp.com\\\/casadecampoliving.com\\\/wp-content\\\/uploads\\\/2022\\\/07\\\/CDCLivingLogo_V1-white-sized.png?fit=800%2C214&ssl=1\",\"contentUrl\":\"https:\\\/\\\/i0.wp.com\\\/casadecampoliving.com\\\/wp-content\\\/uploads\\\/2022\\\/07\\\/CDCLivingLogo_V1-white-sized.png?fit=800%2C214&ssl=1\",\"width\":800,\"height\":214,\"caption\":\"Casa de Campo Living\"},\"image\":{\"@id\":\"https:\\\/\\\/casadecampoliving.com\\\/es\\\/#\\\/schema\\\/logo\\\/image\\\/\"},\"sameAs\":[\"https:\\\/\\\/www.facebook.com\\\/casadecampoliving\",\"https:\\\/\\\/x.com\\\/cdcliving\"]},{\"@type\":\"Person\",\"@id\":\"https:\\\/\\\/casadecampoliving.com\\\/es\\\/#\\\/schema\\\/person\\\/c8efa6049510554b7d5fea078d728f72\",\"name\":\"Perkin Agramonte\",\"image\":{\"@type\":\"ImageObject\",\"inLanguage\":\"es\",\"@id\":\"https:\\\/\\\/secure.gravatar.com\\\/avatar\\\/57bfdafcae55fb83dbb79a1585a9eab7f269b7720fb0b64cb9a4e0cd2962fa10?s=96&d=mm&r=g\",\"url\":\"https:\\\/\\\/secure.gravatar.com\\\/avatar\\\/57bfdafcae55fb83dbb79a1585a9eab7f269b7720fb0b64cb9a4e0cd2962fa10?s=96&d=mm&r=g\",\"contentUrl\":\"https:\\\/\\\/secure.gravatar.com\\\/avatar\\\/57bfdafcae55fb83dbb79a1585a9eab7f269b7720fb0b64cb9a4e0cd2962fa10?s=96&d=mm&r=g\",\"caption\":\"Perkin Agramonte\"},\"url\":\"https:\\\/\\\/casadecampoliving.com\\\/es\\\/author\\\/cagramonte\\\/\"}]}<\/script>\n<!-- \/ Yoast SEO plugin. -->","yoast_head_json":{"title":"\u00a1Torneo Internacional de Tenis de Casa de Campo Copa BDI empez\u00f3 oficialmente! | Casa de Campo Living","description":"Ayer, jueves, 3 de septiembre la 38\u00aa edici\u00f3n anual del Torneo Internacional de Tenis \"Copa BDI - Casa de Campo\" fue inaugurado oficialmente en el Club de","robots":{"index":"index","follow":"follow","max-snippet":"max-snippet:-1","max-image-preview":"max-image-preview:large","max-video-preview":"max-video-preview:-1"},"canonical":"https:\/\/casadecampoliving.com\/es\/torneo-internacional-de-tenis-de-casa-de-campo-copa-bdi\/","og_locale":"es_ES","og_type":"article","og_title":"\u00a1Torneo Internacional de Tenis de Casa de Campo Copa BDI empez\u00f3 oficialmente! | Casa de Campo Living","og_description":"Ayer, jueves, 3 de septiembre la 38\u00aa edici\u00f3n anual del Torneo Internacional de Tenis \"Copa BDI - Casa de Campo\" fue inaugurado oficialmente en el Club de","og_url":"https:\/\/casadecampoliving.com\/es\/torneo-internacional-de-tenis-de-casa-de-campo-copa-bdi\/","og_site_name":"Casa de Campo Living","article_publisher":"https:\/\/www.facebook.com\/casadecampoliving","article_published_time":"2015-09-04T04:00:00+00:00","article_modified_time":"2022-11-10T14:43:47+00:00","og_image":[{"width":640,"height":426,"url":"https:\/\/i0.wp.com\/casadecampoliving.com\/wp-content\/uploads\/2022\/10\/Juan-Carlos-Rodriguez-Copello-Maria-Mastrolilli-Emilio-Vasquez-y-Daniel-Hernandez-durante-la-presentacion-de-la-Gran-Cop-1.jpg?fit=640%2C426&ssl=1","type":"image\/jpeg"}],"author":"Perkin Agramonte","twitter_card":"summary_large_image","twitter_creator":"@cdcliving","twitter_site":"@cdcliving","twitter_misc":{"Escrito por":"Perkin Agramonte","Tiempo de lectura":"2 minutos"},"schema":{"@context":"https:\/\/schema.org","@graph":[{"@type":"Article","@id":"https:\/\/casadecampoliving.com\/es\/torneo-internacional-de-tenis-de-casa-de-campo-copa-bdi\/#article","isPartOf":{"@id":"https:\/\/casadecampoliving.com\/es\/torneo-internacional-de-tenis-de-casa-de-campo-copa-bdi\/"},"author":{"name":"Perkin Agramonte","@id":"https:\/\/casadecampoliving.com\/es\/#\/schema\/person\/c8efa6049510554b7d5fea078d728f72"},"headline":"\u00a1Torneo Internacional de Tenis de Casa de Campo Copa BDI empez\u00f3 oficialmente!","datePublished":"2015-09-04T04:00:00+00:00","dateModified":"2022-11-10T14:43:47+00:00","mainEntityOfPage":{"@id":"https:\/\/casadecampoliving.com\/es\/torneo-internacional-de-tenis-de-casa-de-campo-copa-bdi\/"},"wordCount":315,"publisher":{"@id":"https:\/\/casadecampoliving.com\/es\/#organization"},"image":{"@id":"https:\/\/casadecampoliving.com\/es\/torneo-internacional-de-tenis-de-casa-de-campo-copa-bdi\/#primaryimage"},"thumbnailUrl":"https:\/\/i0.wp.com\/casadecampoliving.com\/wp-content\/uploads\/2022\/10\/Juan-Carlos-Rodriguez-Copello-Maria-Mastrolilli-Emilio-Vasquez-y-Daniel-Hernandez-durante-la-presentacion-de-la-Gran-Cop-1.jpg?fit=640%2C426&ssl=1","keywords":["Casa de Campo","casa de campo @es","Casa de Campo Community @es","Casa de Campo International Tennis Tournament","Casa de Campo Living","Casa de Campo Tennis @es"],"articleSection":["Casa de Campo Living @es","CCL presenta","Rep\u00fablica Dominicana @es","Eventos","Titulares","Estilo de Vida","Noticias Locales","Resort Casa de Campo","Deportes","Proximamente"],"inLanguage":"es"},{"@type":"WebPage","@id":"https:\/\/casadecampoliving.com\/es\/torneo-internacional-de-tenis-de-casa-de-campo-copa-bdi\/","url":"https:\/\/casadecampoliving.com\/es\/torneo-internacional-de-tenis-de-casa-de-campo-copa-bdi\/","name":"\u00a1Torneo Internacional de Tenis de Casa de Campo Copa BDI empez\u00f3 oficialmente! | Casa de Campo Living","isPartOf":{"@id":"https:\/\/casadecampoliving.com\/es\/#website"},"primaryImageOfPage":{"@id":"https:\/\/casadecampoliving.com\/es\/torneo-internacional-de-tenis-de-casa-de-campo-copa-bdi\/#primaryimage"},"image":{"@id":"https:\/\/casadecampoliving.com\/es\/torneo-internacional-de-tenis-de-casa-de-campo-copa-bdi\/#primaryimage"},"thumbnailUrl":"https:\/\/i0.wp.com\/casadecampoliving.com\/wp-content\/uploads\/2022\/10\/Juan-Carlos-Rodriguez-Copello-Maria-Mastrolilli-Emilio-Vasquez-y-Daniel-Hernandez-durante-la-presentacion-de-la-Gran-Cop-1.jpg?fit=640%2C426&ssl=1","datePublished":"2015-09-04T04:00:00+00:00","dateModified":"2022-11-10T14:43:47+00:00","description":"Ayer, jueves, 3 de septiembre la 38\u00aa edici\u00f3n anual del Torneo Internacional de Tenis \"Copa BDI - Casa de Campo\" fue inaugurado oficialmente en el Club de","breadcrumb":{"@id":"https:\/\/casadecampoliving.com\/es\/torneo-internacional-de-tenis-de-casa-de-campo-copa-bdi\/#breadcrumb"},"inLanguage":"es","potentialAction":[{"@type":"ReadAction","target":["https:\/\/casadecampoliving.com\/es\/torneo-internacional-de-tenis-de-casa-de-campo-copa-bdi\/"]}]},{"@type":"ImageObject","inLanguage":"es","@id":"https:\/\/casadecampoliving.com\/es\/torneo-internacional-de-tenis-de-casa-de-campo-copa-bdi\/#primaryimage","url":"https:\/\/i0.wp.com\/casadecampoliving.com\/wp-content\/uploads\/2022\/10\/Juan-Carlos-Rodriguez-Copello-Maria-Mastrolilli-Emilio-Vasquez-y-Daniel-Hernandez-durante-la-presentacion-de-la-Gran-Cop-1.jpg?fit=640%2C426&ssl=1","contentUrl":"https:\/\/i0.wp.com\/casadecampoliving.com\/wp-content\/uploads\/2022\/10\/Juan-Carlos-Rodriguez-Copello-Maria-Mastrolilli-Emilio-Vasquez-y-Daniel-Hernandez-durante-la-presentacion-de-la-Gran-Cop-1.jpg?fit=640%2C426&ssl=1","width":640,"height":426},{"@type":"BreadcrumbList","@id":"https:\/\/casadecampoliving.com\/es\/torneo-internacional-de-tenis-de-casa-de-campo-copa-bdi\/#breadcrumb","itemListElement":[{"@type":"ListItem","position":1,"name":"Home","item":"https:\/\/casadecampoliving.com\/es\/"},{"@type":"ListItem","position":2,"name":"\u00a1Torneo Internacional de Tenis de Casa de Campo Copa BDI empez\u00f3 oficialmente!"}]},{"@type":"WebSite","@id":"https:\/\/casadecampoliving.com\/es\/#website","url":"https:\/\/casadecampoliving.com\/es\/","name":"Casa de Campo Living","description":"Resort community news and resources.","publisher":{"@id":"https:\/\/casadecampoliving.com\/es\/#organization"},"potentialAction":[{"@type":"SearchAction","target":{"@type":"EntryPoint","urlTemplate":"https:\/\/casadecampoliving.com\/es\/?s={search_term_string}"},"query-input":{"@type":"PropertyValueSpecification","valueRequired":true,"valueName":"search_term_string"}}],"inLanguage":"es"},{"@type":"Organization","@id":"https:\/\/casadecampoliving.com\/es\/#organization","name":"Casa de Campo Living","url":"https:\/\/casadecampoliving.com\/es\/","logo":{"@type":"ImageObject","inLanguage":"es","@id":"https:\/\/casadecampoliving.com\/es\/#\/schema\/logo\/image\/","url":"https:\/\/i0.wp.com\/casadecampoliving.com\/wp-content\/uploads\/2022\/07\/CDCLivingLogo_V1-white-sized.png?fit=800%2C214&ssl=1","contentUrl":"https:\/\/i0.wp.com\/casadecampoliving.com\/wp-content\/uploads\/2022\/07\/CDCLivingLogo_V1-white-sized.png?fit=800%2C214&ssl=1","width":800,"height":214,"caption":"Casa de Campo Living"},"image":{"@id":"https:\/\/casadecampoliving.com\/es\/#\/schema\/logo\/image\/"},"sameAs":["https:\/\/www.facebook.com\/casadecampoliving","https:\/\/x.com\/cdcliving"]},{"@type":"Person","@id":"https:\/\/casadecampoliving.com\/es\/#\/schema\/person\/c8efa6049510554b7d5fea078d728f72","name":"Perkin Agramonte","image":{"@type":"ImageObject","inLanguage":"es","@id":"https:\/\/secure.gravatar.com\/avatar\/57bfdafcae55fb83dbb79a1585a9eab7f269b7720fb0b64cb9a4e0cd2962fa10?s=96&d=mm&r=g","url":"https:\/\/secure.gravatar.com\/avatar\/57bfdafcae55fb83dbb79a1585a9eab7f269b7720fb0b64cb9a4e0cd2962fa10?s=96&d=mm&r=g","contentUrl":"https:\/\/secure.gravatar.com\/avatar\/57bfdafcae55fb83dbb79a1585a9eab7f269b7720fb0b64cb9a4e0cd2962fa10?s=96&d=mm&r=g","caption":"Perkin Agramonte"},"url":"https:\/\/casadecampoliving.com\/es\/author\/cagramonte\/"}]}},"parsely":{"version":"1.1.0","canonical_url":"https:\/\/casadecampoliving.com\/es\/torneo-internacional-de-tenis-de-casa-de-campo-copa-bdi\/","smart_links":{"inbound":0,"outbound":0},"traffic_boost_suggestions_count":0,"meta":{"@context":"https:\/\/schema.org","@type":"NewsArticle","headline":"\u00a1Torneo Internacional de Tenis de Casa de Campo Copa BDI empez\u00f3 oficialmente!","url":"http:\/\/casadecampoliving.com\/es\/torneo-internacional-de-tenis-de-casa-de-campo-copa-bdi\/","mainEntityOfPage":{"@type":"WebPage","@id":"http:\/\/casadecampoliving.com\/es\/torneo-internacional-de-tenis-de-casa-de-campo-copa-bdi\/"},"thumbnailUrl":"https:\/\/i0.wp.com\/casadecampoliving.com\/wp-content\/uploads\/2022\/10\/Juan-Carlos-Rodriguez-Copello-Maria-Mastrolilli-Emilio-Vasquez-y-Daniel-Hernandez-durante-la-presentacion-de-la-Gran-Cop-1.jpg?resize=150%2C150&ssl=1","image":{"@type":"ImageObject","url":"https:\/\/i0.wp.com\/casadecampoliving.com\/wp-content\/uploads\/2022\/10\/Juan-Carlos-Rodriguez-Copello-Maria-Mastrolilli-Emilio-Vasquez-y-Daniel-Hernandez-durante-la-presentacion-de-la-Gran-Cop-1.jpg?fit=640%2C426&ssl=1"},"articleSection":"CCL presenta","author":[{"@type":"Person","name":"Perkin Agramonte"}],"creator":["Perkin Agramonte"],"publisher":{"@type":"Organization","name":"Casa de Campo Living","logo":"https:\/\/casadecampoliving.com\/wp-content\/uploads\/2022\/07\/CDCLivingLogo_V1-white-sized.png"},"keywords":["casa de campo","casa de campo @es","casa de campo community @es","casa de campo international tennis tournament","casa de campo living","casa de campo tennis @es"],"dateCreated":"2015-09-04T04:00:00Z","datePublished":"2015-09-04T04:00:00Z","dateModified":"2022-11-10T14:43:47Z"},"rendered":"<script type=\"application\/ld+json\" class=\"wp-parsely-metadata\">{\"@context\":\"https:\\\/\\\/schema.org\",\"@type\":\"NewsArticle\",\"headline\":\"\\u00a1Torneo Internacional de Tenis de Casa de Campo Copa BDI empez\\u00f3 oficialmente!\",\"url\":\"http:\\\/\\\/casadecampoliving.com\\\/es\\\/torneo-internacional-de-tenis-de-casa-de-campo-copa-bdi\\\/\",\"mainEntityOfPage\":{\"@type\":\"WebPage\",\"@id\":\"http:\\\/\\\/casadecampoliving.com\\\/es\\\/torneo-internacional-de-tenis-de-casa-de-campo-copa-bdi\\\/\"},\"thumbnailUrl\":\"https:\\\/\\\/i0.wp.com\\\/casadecampoliving.com\\\/wp-content\\\/uploads\\\/2022\\\/10\\\/Juan-Carlos-Rodriguez-Copello-Maria-Mastrolilli-Emilio-Vasquez-y-Daniel-Hernandez-durante-la-presentacion-de-la-Gran-Cop-1.jpg?resize=150%2C150&ssl=1\",\"image\":{\"@type\":\"ImageObject\",\"url\":\"https:\\\/\\\/i0.wp.com\\\/casadecampoliving.com\\\/wp-content\\\/uploads\\\/2022\\\/10\\\/Juan-Carlos-Rodriguez-Copello-Maria-Mastrolilli-Emilio-Vasquez-y-Daniel-Hernandez-durante-la-presentacion-de-la-Gran-Cop-1.jpg?fit=640%2C426&ssl=1\"},\"articleSection\":\"CCL presenta\",\"author\":[{\"@type\":\"Person\",\"name\":\"Perkin Agramonte\"}],\"creator\":[\"Perkin Agramonte\"],\"publisher\":{\"@type\":\"Organization\",\"name\":\"Casa de Campo Living\",\"logo\":\"https:\\\/\\\/casadecampoliving.com\\\/wp-content\\\/uploads\\\/2022\\\/07\\\/CDCLivingLogo_V1-white-sized.png\"},\"keywords\":[\"casa de campo\",\"casa de campo @es\",\"casa de campo community @es\",\"casa de campo international tennis tournament\",\"casa de campo living\",\"casa de campo tennis @es\"],\"dateCreated\":\"2015-09-04T04:00:00Z\",\"datePublished\":\"2015-09-04T04:00:00Z\",\"dateModified\":\"2022-11-10T14:43:47Z\"}<\/script>","tracker_url":"https:\/\/cdn.parsely.com\/keys\/casadecampoliving.com\/p.js"},"jetpack_publicize_connections":[],"jetpack_featured_media_url":"https:\/\/i0.wp.com\/casadecampoliving.com\/wp-content\/uploads\/2022\/10\/Juan-Carlos-Rodriguez-Copello-Maria-Mastrolilli-Emilio-Vasquez-y-Daniel-Hernandez-durante-la-presentacion-de-la-Gran-Cop-1.jpg?fit=640%2C426&ssl=1","jetpack-related-posts":[{"id":348116,"url":"https:\/\/casadecampoliving.com\/es\/38vo-torneo-de-tenis-copa-bdi\/","url_meta":{"origin":348186,"position":0},"title":"\u00a1Muy pronto! 38vo Torneo Internacional de Tenis Copa BDI","author":"Perkin Agramonte","date":"23 Ago, 2015","format":false,"excerpt":"El 38vo Torneo Internacional de Tenis \u201cCopa BDI\u201d ser\u00e1 celebrado \u00a0del 3 al 6 de septiembre, en el centro de tenis La Terraza del Hotel Casa de Campo, en La Romana, con una especial dedicatoria a la memoria de don Enzo Mastrolilli, fundador del evento, fallecido en el mes de\u2026","rel":"","context":"En \u00abCasa de Campo Living @es\u00bb","block_context":{"text":"Casa de Campo Living @es","link":"https:\/\/casadecampoliving.com\/category\/casa-de-campo-living-es\/"},"img":{"alt_text":"","src":"https:\/\/i0.wp.com\/casadecampoliving.com\/wp-content\/uploads\/2022\/10\/COPA-BDI-CASA-DE-CAMPO_1-1.jpg?fit=1200%2C797&ssl=1&resize=350%2C200","width":350,"height":200,"srcset":"https:\/\/i0.wp.com\/casadecampoliving.com\/wp-content\/uploads\/2022\/10\/COPA-BDI-CASA-DE-CAMPO_1-1.jpg?fit=1200%2C797&ssl=1&resize=350%2C200 1x, https:\/\/i0.wp.com\/casadecampoliving.com\/wp-content\/uploads\/2022\/10\/COPA-BDI-CASA-DE-CAMPO_1-1.jpg?fit=1200%2C797&ssl=1&resize=525%2C300 1.5x, https:\/\/i0.wp.com\/casadecampoliving.com\/wp-content\/uploads\/2022\/10\/COPA-BDI-CASA-DE-CAMPO_1-1.jpg?fit=1200%2C797&ssl=1&resize=700%2C400 2x, https:\/\/i0.wp.com\/casadecampoliving.com\/wp-content\/uploads\/2022\/10\/COPA-BDI-CASA-DE-CAMPO_1-1.jpg?fit=1200%2C797&ssl=1&resize=1050%2C600 3x"},"classes":[]},{"id":348176,"url":"https:\/\/casadecampoliving.com\/es\/torneo-internacional-de-tenis-casa-de-campo\/","url_meta":{"origin":348186,"position":1},"title":"Torneo Internacional de Tenis Casa de Campo empieza hoy en memoria a Enzo Mastrolilli","author":"Perkin Agramonte","date":"3 Sep, 2015","format":false,"excerpt":"El XXXVIII Torneo Internacional de Tenis de Casa de Campo Copa BDI ser\u00e1\u00a0inaugurado HOY,\u00a0\u00a0jueves, 3 de septiembre a las 5:00 de la tarde, en el centro de tenis La Terraza del Hotel Casa de Campo, de la Romana. \u201cEste a\u00f1o el torneo est\u00e1 dedicado a la memoria de don Enzo\u2026","rel":"","context":"En \u00abCasa de Campo Living @es\u00bb","block_context":{"text":"Casa de Campo Living @es","link":"https:\/\/casadecampoliving.com\/category\/casa-de-campo-living-es\/"},"img":{"alt_text":"","src":"https:\/\/i0.wp.com\/casadecampoliving.com\/wp-content\/uploads\/2022\/10\/tennis_Casa_de_Campo1.jpg?fit=1200%2C800&ssl=1&resize=350%2C200","width":350,"height":200,"srcset":"https:\/\/i0.wp.com\/casadecampoliving.com\/wp-content\/uploads\/2022\/10\/tennis_Casa_de_Campo1.jpg?fit=1200%2C800&ssl=1&resize=350%2C200 1x, https:\/\/i0.wp.com\/casadecampoliving.com\/wp-content\/uploads\/2022\/10\/tennis_Casa_de_Campo1.jpg?fit=1200%2C800&ssl=1&resize=525%2C300 1.5x, https:\/\/i0.wp.com\/casadecampoliving.com\/wp-content\/uploads\/2022\/10\/tennis_Casa_de_Campo1.jpg?fit=1200%2C800&ssl=1&resize=700%2C400 2x, https:\/\/i0.wp.com\/casadecampoliving.com\/wp-content\/uploads\/2022\/10\/tennis_Casa_de_Campo1.jpg?fit=1200%2C800&ssl=1&resize=1050%2C600 3x"},"classes":[]},{"id":348232,"url":"https:\/\/casadecampoliving.com\/es\/fotos-del-torneo-de-tennis-casa-de-campo\/","url_meta":{"origin":348186,"position":2},"title":"FOTOS del Torneo de Tennis Casa de Campo","author":"Perkin Agramonte","date":"13 Sep, 2015","format":false,"excerpt":"El pasado fin de semana se llev\u00f3 a cabo la gran final del XXXVIII Torneo Internacional de Tenis de Casa de Campo Copa BDI y como informamos en un art\u00edculo previo Pedro Nolasco e Idarmis Cucurullo fueron los campeones de este torneo trascendental\u00a0de Casa de Campo (clic aqu\u00ed para conocer\u2026","rel":"","context":"En \u00abCasa de Campo Living @es\u00bb","block_context":{"text":"Casa de Campo Living @es","link":"https:\/\/casadecampoliving.com\/category\/casa-de-campo-living-es\/"},"img":{"alt_text":"","src":"https:\/\/i0.wp.com\/casadecampoliving.com\/wp-content\/uploads\/2022\/10\/Casa_de_Campo_Tennis1-1.jpg?fit=565%2C285&ssl=1&resize=350%2C200","width":350,"height":200,"srcset":"https:\/\/i0.wp.com\/casadecampoliving.com\/wp-content\/uploads\/2022\/10\/Casa_de_Campo_Tennis1-1.jpg?fit=565%2C285&ssl=1&resize=350%2C200 1x, https:\/\/i0.wp.com\/casadecampoliving.com\/wp-content\/uploads\/2022\/10\/Casa_de_Campo_Tennis1-1.jpg?fit=565%2C285&ssl=1&resize=525%2C300 1.5x"},"classes":[]},{"id":348194,"url":"https:\/\/casadecampoliving.com\/es\/pedro-nolasco-e-idarmis-cucurullo-campeones-del-38o-torneo-internacional-de-tenis-de-casa-de-campo-copa-bdi\/","url_meta":{"origin":348186,"position":3},"title":"Pedro Nolasco e Idarmis Cucurullo campeones del 38\u00ba Torneo Internacional de Tenis de Casa de Campo Copa BDI","author":"Perkin Agramonte","date":"7 Sep, 2015","format":false,"excerpt":"Los dominicanos Pedro Nolasco e Idarmis Cucurullo se coronaron campeones de las principales categor\u00edas de sencillos del XXXVIII Torneo Internacional de Tenis de Casa de Campo Copa BDI, evento que concluy\u00f3 este domingo y tuvo como escenario el centro de tenis La Terraza del Hotel Casa de Campo, de la\u2026","rel":"","context":"En \u00abCasa de Campo Living @es\u00bb","block_context":{"text":"Casa de Campo Living @es","link":"https:\/\/casadecampoliving.com\/category\/casa-de-campo-living-es\/"},"img":{"alt_text":"","src":"https:\/\/i0.wp.com\/casadecampoliving.com\/wp-content\/uploads\/2022\/10\/International_Tennis_Tournament_Casa_de_Campo_BDI_Cup-1.jpg?fit=1072%2C712&ssl=1&resize=350%2C200","width":350,"height":200,"srcset":"https:\/\/i0.wp.com\/casadecampoliving.com\/wp-content\/uploads\/2022\/10\/International_Tennis_Tournament_Casa_de_Campo_BDI_Cup-1.jpg?fit=1072%2C712&ssl=1&resize=350%2C200 1x, https:\/\/i0.wp.com\/casadecampoliving.com\/wp-content\/uploads\/2022\/10\/International_Tennis_Tournament_Casa_de_Campo_BDI_Cup-1.jpg?fit=1072%2C712&ssl=1&resize=525%2C300 1.5x, https:\/\/i0.wp.com\/casadecampoliving.com\/wp-content\/uploads\/2022\/10\/International_Tennis_Tournament_Casa_de_Campo_BDI_Cup-1.jpg?fit=1072%2C712&ssl=1&resize=700%2C400 2x, https:\/\/i0.wp.com\/casadecampoliving.com\/wp-content\/uploads\/2022\/10\/International_Tennis_Tournament_Casa_de_Campo_BDI_Cup-1.jpg?fit=1072%2C712&ssl=1&resize=1050%2C600 3x"},"classes":[]},{"id":350296,"url":"https:\/\/casadecampoliving.com\/es\/torneo-internacional-de-tenis-casa-de-campo-dedicado-emilio-vasquez\/","url_meta":{"origin":348186,"position":4},"title":"39no Torneo Internacional de Tenis Casa de Campo ser\u00e1 dedicado a Emilio V\u00e1squez","author":"Heather Lincoln","date":"1 Ago, 2016","format":false,"excerpt":"Casa de Campo estar\u00e1 realizando su 39no Torneo Internacional de Tenis el pr\u00f3ximo mes\u00a0de septiembre y estamos muy contentos al enterarnos\u00a0que estar\u00e1 dedicado a Emilio V\u00e1squez, la leyenda del tenis, que desempe\u00f1o la labor de\u00a0Director de Tenis por m\u00e1s de 35 a\u00f1os, gan\u00e1ndose\u00a0un lugar muy especial en el coraz\u00f3n de\u2026","rel":"","context":"En \u00abDeportes\u00bb","block_context":{"text":"Deportes","link":"https:\/\/casadecampoliving.com\/es\/category\/golf-deportes-es\/"},"img":{"alt_text":"","src":"https:\/\/i0.wp.com\/casadecampoliving.com\/wp-content\/uploads\/2022\/10\/DSC_0210-1.jpg?fit=1000%2C600&ssl=1&resize=350%2C200","width":350,"height":200,"srcset":"https:\/\/i0.wp.com\/casadecampoliving.com\/wp-content\/uploads\/2022\/10\/DSC_0210-1.jpg?fit=1000%2C600&ssl=1&resize=350%2C200 1x, https:\/\/i0.wp.com\/casadecampoliving.com\/wp-content\/uploads\/2022\/10\/DSC_0210-1.jpg?fit=1000%2C600&ssl=1&resize=525%2C300 1.5x, https:\/\/i0.wp.com\/casadecampoliving.com\/wp-content\/uploads\/2022\/10\/DSC_0210-1.jpg?fit=1000%2C600&ssl=1&resize=700%2C400 2x"},"classes":[]},{"id":342112,"url":"https:\/\/casadecampoliving.com\/es\/otra-vez-regresa-el-torneo-de-tennis-internacional-copa-casa-de-campo\/","url_meta":{"origin":348186,"position":5},"title":"Otra vez regresa el torneo de Tennis Internacional Copa Casa de Campo","author":"Mairobi Herrera","date":"29 Jun, 2013","format":false,"excerpt":"\u00a0\u00a1Ya se acerca muy pronto el trig\u00e9simo sexto Torneo de Tenis Internacional Copa Casa de Campo! \u00a0Este evento se celebrar\u00e1 el jueves 29 de agosto hasta el primero de septiembre de 2013 en el \u00a0Club de Tenis La Terraza\u00a0de Casa de Campo. El Torneo de Tenis Internacional Copa Casa de\u2026","rel":"","context":"En \u00abDeportes\u00bb","block_context":{"text":"Deportes","link":"https:\/\/casadecampoliving.com\/es\/category\/golf-deportes-es\/"},"img":{"alt_text":"torneo internacional de tenis casa de campo","src":"https:\/\/i0.wp.com\/casadecampoliving.com\/wp-content\/uploads\/2022\/10\/torneo_internacional_tenis_casa_de_campo-1.jpg?fit=650%2C264&ssl=1&resize=350%2C200","width":350,"height":200,"srcset":"https:\/\/i0.wp.com\/casadecampoliving.com\/wp-content\/uploads\/2022\/10\/torneo_internacional_tenis_casa_de_campo-1.jpg?fit=650%2C264&ssl=1&resize=350%2C200 1x, https:\/\/i0.wp.com\/casadecampoliving.com\/wp-content\/uploads\/2022\/10\/torneo_internacional_tenis_casa_de_campo-1.jpg?fit=650%2C264&ssl=1&resize=525%2C300 1.5x"},"classes":[]}],"jetpack_sharing_enabled":true,"_links":{"self":[{"href":"https:\/\/casadecampoliving.com\/es\/wp-json\/wp\/v2\/posts\/348186","targetHints":{"allow":["GET"]}}],"collection":[{"href":"https:\/\/casadecampoliving.com\/es\/wp-json\/wp\/v2\/posts"}],"about":[{"href":"https:\/\/casadecampoliving.com\/es\/wp-json\/wp\/v2\/types\/post"}],"author":[{"embeddable":true,"href":"https:\/\/casadecampoliving.com\/es\/wp-json\/wp\/v2\/users\/1097"}],"replies":[{"embeddable":true,"href":"https:\/\/casadecampoliving.com\/es\/wp-json\/wp\/v2\/comments?post=348186"}],"version-history":[{"count":2,"href":"https:\/\/casadecampoliving.com\/es\/wp-json\/wp\/v2\/posts\/348186\/revisions"}],"predecessor-version":[{"id":509643,"href":"https:\/\/casadecampoliving.com\/es\/wp-json\/wp\/v2\/posts\/348186\/revisions\/509643"}],"wp:featuredmedia":[{"embeddable":true,"href":"https:\/\/casadecampoliving.com\/es\/wp-json\/wp\/v2\/media\/287027"}],"wp:attachment":[{"href":"https:\/\/casadecampoliving.com\/es\/wp-json\/wp\/v2\/media?parent=348186"}],"wp:term":[{"taxonomy":"category","embeddable":true,"href":"https:\/\/casadecampoliving.com\/es\/wp-json\/wp\/v2\/categories?post=348186"},{"taxonomy":"post_tag","embeddable":true,"href":"https:\/\/casadecampoliving.com\/es\/wp-json\/wp\/v2\/tags?post=348186"},{"taxonomy":"newspack_spnsrs_tax","embeddable":true,"href":"https:\/\/casadecampoliving.com\/es\/wp-json\/wp\/v2\/newspack_spnsrs_tax?post=348186"}],"curies":[{"name":"wp","href":"https:\/\/api.w.org\/{rel}","templated":true}]}}