{"id":348166,"date":"2015-09-06T00:00:00","date_gmt":"2015-09-06T04:00:00","guid":{"rendered":"https:\/\/casadecampoliving.com\/lunch-by-chef-saverio-stassi-cdcfw2015\/"},"modified":"2022-11-10T10:43:45","modified_gmt":"2022-11-10T14:43:45","slug":"lunch-by-chef-saverio-stassi-cdcfw2015","status":"publish","type":"post","link":"https:\/\/casadecampoliving.com\/es\/lunch-by-chef-saverio-stassi-cdcfw2015\/","title":{"rendered":"\u201c\u00bfHelado de chocolate con cafe y humo de puro?\u00bb Almuerzo por Saverio Stassi #CDCFW2015"},"content":{"rendered":"<span style=\"font-weight: 400;\"><img data-recalc-dims=\"1\" loading=\"lazy\" decoding=\"async\" class=\"aligncenter size-full wp-image-113563\" src=\"https:\/\/i0.wp.com\/casadecampoliving.com\/wp-content\/uploads\/2022\/10\/Food_and_Wine_Festival-2.jpg?resize=650%2C450&#038;ssl=1\" alt=\"Food_and_Wine_Festival\" width=\"650\" height=\"450\" \/><\/span>\u00a1Ha pasado m\u00e1s de una semana y todav\u00eda estamos saboreando (y ahora estamos antojados) algunos de los deliciosos platos\u00a0que probamos en el primer Casa de Campo Food and Wine Festival! Y como lo prometido es deuda, estaremos\u00a0compartiendo con ustedes una serie de art\u00edculos individuales sobre\u00a0nuestras partes favoritas de las festividades del fin de semana. Y el almuerzo especial en La Ca\u00f1a con Saverio Stassi fue sin duda uno de nuestros favoritos, \u00a1as\u00ed que prep\u00e1rese para ver algunas fotos apetitosas!\n\n<!--more-->\n\nEl Chef de Pat&#8217;e Palo y Lul\u00fa Tasting Bar, Saverio Stassi, lleg\u00f3 a Casa de Campo el\u00a0fin de semana para darle a los miembros\u00a0de nuestra\u00a0comunidad y a los que asistieron al\u00a0festival un sabor de su cocina. Ahora, para aquellos que no est\u00e1n familiarizados con la cocina del Chef Stassi, deben saber que en este momento es uno de los chefs m\u00e1s talentosos de la Rep\u00fablica Dominicana, m\u00e1s recientemente ganando galardones como el premio 2014 al mejor restaurante de cocina internacional en el pa\u00eds. La mayor\u00eda de los <em>foodies<\/em>\u00a0recurren a\u00a0Lul\u00fa Tasting Bar para disfrutar de sus deliciosos almuerzos los domingos\u00a0o a Pat&#8217;e Palo para deleitarse con sus\u00a0exquisitas cenas con vistas al Alc\u00e1zar de Col\u00f3n, ambos restaurantes\u00a0en la Zona Colonial de Santo Domingo. Cenar en uno de los restaurantes supervisados por\u00a0Saverio nos da\u00a0una experiencia gastron\u00f3mica verdaderamente exquisita.\n\nEquipada\u00a0con el lente de la c\u00e1mara y las incre\u00edbles habilidades para fotografiar\u00a0comida\u00a0de Lauren Llenas, mi libreta y el apetito de mi amiga Mar\u00eda P\u00e9rez, estos tres mosqueteros <em>foodies<\/em> se dirigieron a La Ca\u00f1a para\u00a0probar todo en el men\u00fa&#8230; \u00a1e incluso fuimos capaces de dar\u00a0un vistazo tras bastidores a la producci\u00f3n en la cocina!\n\n<b>Vistazo de la acci\u00f3n en la cocina antes del almuerzo<\/b>\n\n<span style=\"font-weight: 400;\"><strong>\n<figure class=\"wp-block-gallery has-nested-images columns-default is-cropped wp-block-gallery-1 is-layout-flex wp-block-gallery-is-layout-flex\">\n<figure class=\"wp-block-image size-large\"><img data-recalc-dims=\"1\" loading=\"lazy\" decoding=\"async\" width=\"800\" height=\"534\" data-id=\"494243\" src=\"https:\/\/i0.wp.com\/casadecampoliving.com\/wp-content\/uploads\/2022\/10\/cdcfwf_saverio_stassi_lunch_01.jpg?resize=800%2C534&#038;ssl=1\" alt=\"\" class=\"wp-image-494243\" srcset=\"https:\/\/i0.wp.com\/casadecampoliving.com\/wp-content\/uploads\/2022\/10\/cdcfwf_saverio_stassi_lunch_01.jpg?w=800&amp;ssl=1 800w, https:\/\/i0.wp.com\/casadecampoliving.com\/wp-content\/uploads\/2022\/10\/cdcfwf_saverio_stassi_lunch_01.jpg?resize=300%2C200&amp;ssl=1 300w, https:\/\/i0.wp.com\/casadecampoliving.com\/wp-content\/uploads\/2022\/10\/cdcfwf_saverio_stassi_lunch_01.jpg?resize=768%2C513&amp;ssl=1 768w, https:\/\/i0.wp.com\/casadecampoliving.com\/wp-content\/uploads\/2022\/10\/cdcfwf_saverio_stassi_lunch_01.jpg?resize=400%2C267&amp;ssl=1 400w, https:\/\/i0.wp.com\/casadecampoliving.com\/wp-content\/uploads\/2022\/10\/cdcfwf_saverio_stassi_lunch_01.jpg?resize=706%2C471&amp;ssl=1 706w, https:\/\/i0.wp.com\/casadecampoliving.com\/wp-content\/uploads\/2022\/10\/cdcfwf_saverio_stassi_lunch_01.jpg?resize=150%2C100&amp;ssl=1 150w, https:\/\/i0.wp.com\/casadecampoliving.com\/wp-content\/uploads\/2022\/10\/cdcfwf_saverio_stassi_lunch_01.jpg?w=370&amp;ssl=1 370w\" sizes=\"auto, (max-width: 800px) 100vw, 800px\" \/><\/figure>\n\n\n\n<figure class=\"wp-block-image size-large\"><img data-recalc-dims=\"1\" loading=\"lazy\" decoding=\"async\" width=\"800\" height=\"534\" data-id=\"494251\" src=\"https:\/\/i0.wp.com\/casadecampoliving.com\/wp-content\/uploads\/2022\/10\/cdcfwf_saverio_stassi_lunch_02.jpg?resize=800%2C534&#038;ssl=1\" alt=\"\" class=\"wp-image-494251\" srcset=\"https:\/\/i0.wp.com\/casadecampoliving.com\/wp-content\/uploads\/2022\/10\/cdcfwf_saverio_stassi_lunch_02.jpg?w=800&amp;ssl=1 800w, https:\/\/i0.wp.com\/casadecampoliving.com\/wp-content\/uploads\/2022\/10\/cdcfwf_saverio_stassi_lunch_02.jpg?resize=300%2C200&amp;ssl=1 300w, https:\/\/i0.wp.com\/casadecampoliving.com\/wp-content\/uploads\/2022\/10\/cdcfwf_saverio_stassi_lunch_02.jpg?resize=768%2C513&amp;ssl=1 768w, https:\/\/i0.wp.com\/casadecampoliving.com\/wp-content\/uploads\/2022\/10\/cdcfwf_saverio_stassi_lunch_02.jpg?resize=400%2C267&amp;ssl=1 400w, https:\/\/i0.wp.com\/casadecampoliving.com\/wp-content\/uploads\/2022\/10\/cdcfwf_saverio_stassi_lunch_02.jpg?resize=706%2C471&amp;ssl=1 706w, https:\/\/i0.wp.com\/casadecampoliving.com\/wp-content\/uploads\/2022\/10\/cdcfwf_saverio_stassi_lunch_02.jpg?resize=150%2C100&amp;ssl=1 150w, https:\/\/i0.wp.com\/casadecampoliving.com\/wp-content\/uploads\/2022\/10\/cdcfwf_saverio_stassi_lunch_02.jpg?w=370&amp;ssl=1 370w\" sizes=\"auto, (max-width: 800px) 100vw, 800px\" \/><\/figure>\n<\/figure>\n<\/strong><\/span>\n\n<strong>\u00a1Charles Keusters, Director de Alimentos y Bebidas de Casa de Campo,\u00a0echando un vistazo tambi\u00e9n!<\/strong>\n\n<img data-recalc-dims=\"1\" loading=\"lazy\" decoding=\"async\" class=\"aligncenter size-full wp-image-113494\" src=\"https:\/\/i0.wp.com\/casadecampoliving.com\/wp-content\/uploads\/2022\/10\/CDCFWF_Saverio_Stassi_Lunch_03.jpg?resize=650%2C400&#038;ssl=1\" alt=\"CDCFWF15 Saverio Stassi Lunch, Charles Keusters\" width=\"650\" height=\"400\" \/>\n\nTratamos de comor mucho pan para tener espacio para la \u00abcomida de verdad\u00bb, \u00a1pero este pan estaba demasiado delicioso!\n\n<img data-recalc-dims=\"1\" loading=\"lazy\" decoding=\"async\" class=\"aligncenter size-full wp-image-113495\" src=\"https:\/\/i0.wp.com\/casadecampoliving.com\/wp-content\/uploads\/2022\/10\/CDCFWF_Saverio_Stassi_Lunch_04.jpg?resize=650%2C400&#038;ssl=1\" alt=\"CDCFWF15 Saverio Stassi Lunch, Bread\" width=\"650\" height=\"400\" \/>\n\n<b><\/b><strong>El Amuse bouche personalizado del Chef Stassi consist\u00eda en un ceviche de salm\u00f3n y at\u00fan con un aderezo cremoso de c\u00edtricos<\/strong>\n\n<img data-recalc-dims=\"1\" loading=\"lazy\" decoding=\"async\" class=\"aligncenter size-full wp-image-113497\" src=\"https:\/\/i0.wp.com\/casadecampoliving.com\/wp-content\/uploads\/2022\/10\/CDCFWF_Saverio_Stassi_Lunch_05.jpg?resize=650%2C400&#038;ssl=1\" alt=\"CDCFWF15 Saverio Stassi Lunch, Amuse Bouche\" width=\"650\" height=\"400\" \/>\n\n<b>Escuchamos que Saverio tiene una\u00a0reputaci\u00f3n de maestro del Foie Gras&#8230; y es obvio el por qu\u00e9<\/b>\n\n<img data-recalc-dims=\"1\" loading=\"lazy\" decoding=\"async\" class=\"aligncenter size-full wp-image-113498\" src=\"https:\/\/i0.wp.com\/casadecampoliving.com\/wp-content\/uploads\/2022\/10\/CDCFWF_Saverio_Stassi_Lunch_06.jpg?resize=650%2C400&#038;ssl=1\" alt=\"CDCFWF15 Saverio Stassi Lunch, Foie Gras\" width=\"650\" height=\"400\" \/>\n\n<b>At\u00fan ni crudo, ni cocido con especias en una salsa picante de ajo y or\u00e9gano con casta\u00f1as cremosas<\/b>\n\n<img data-recalc-dims=\"1\" loading=\"lazy\" decoding=\"async\" class=\"aligncenter size-full wp-image-113499\" src=\"https:\/\/i0.wp.com\/casadecampoliving.com\/wp-content\/uploads\/2022\/10\/CDCFWF_Saverio_Stassi_Lunch_07.jpg?resize=650%2C400&#038;ssl=1\" alt=\"CDCFWF15 Saverio Stassi Lunch, neither raw nor cooked tuna with spicy in a hot garlic and oregano sauce with creamy chestnut\" width=\"650\" height=\"400\" \/>\n\n<b>Filete de r\u00f3balo cubierto con caviar en una guiso picante\u00a0de frijoles negros<\/b>\n\n<img data-recalc-dims=\"1\" loading=\"lazy\" decoding=\"async\" class=\"aligncenter size-full wp-image-113500\" src=\"https:\/\/i0.wp.com\/casadecampoliving.com\/wp-content\/uploads\/2022\/10\/CDCFWF_Saverio_Stassi_Lunch_08.jpg?resize=650%2C400&#038;ssl=1\" alt=\"CDCFWF15 Saverio Stassi Lunch, Bass fillet topped with caviar on a spicy black bean stew\" width=\"650\" height=\"400\" \/>\n\n<strong>Medallones de ternera con salsa de champi\u00f1ones<\/strong>\n\n<img data-recalc-dims=\"1\" loading=\"lazy\" decoding=\"async\" class=\"aligncenter size-full wp-image-113501\" src=\"https:\/\/i0.wp.com\/casadecampoliving.com\/wp-content\/uploads\/2022\/10\/CDCFWF_Saverio_Stassi_Lunch_09.jpg?resize=650%2C400&#038;ssl=1\" alt=\"CDCFWF15 Saverio Stassi Lunch, Beef Medallions with mushroom sauce\" width=\"650\" height=\"400\" \/>\n\n<b>Pasando a los\u00a0postres (sin duda mi parte favorita de CUALQUIER almuerzo). Majarete con palomitas de caramelo y helado.<\/b>\n\n<img data-recalc-dims=\"1\" loading=\"lazy\" decoding=\"async\" class=\"aligncenter size-full wp-image-113502\" src=\"https:\/\/i0.wp.com\/casadecampoliving.com\/wp-content\/uploads\/2022\/10\/CDCFWF_Saverio_Stassi_Lunch_10.jpg?resize=650%2C400&#038;ssl=1\" alt=\"CDCFWF15 Saverio Stassi Lunch, Majarete with caramel popcorn and ice cream\" width=\"650\" height=\"400\" \/>\n\n<b>Saverio, me antoj\u00e9 desde que dijiste\u00a0\u00abhelado de chocolate infundido con caf\u00e9 y\u00a0HUMO DE CIGARRO\u00bb<\/b>\n\n<b>Era\u00a0HUMO REAL, amigos. Y sab\u00eda insanamente delicioso.<\/b>\n\n<strong>[nggallery id=2329]<\/strong>\n\n\u00a1Ah\u00ed lo tienen! Nuestro\u00a0resumen del almuerzo por el Chef Saverio Stassi en La Ca\u00f1a by\u00a0Il Circo para el Casa de Campo Food and Wine Festival 2015. Si se lo\u00a0perdi\u00f3, tengo la sensaci\u00f3n de que est\u00e1\u00a0deseando haber estado\u00a0all\u00ed ahora mismo! \u00a1\u00bfLe gustar\u00eda un\u00edrsenos en Lul\u00fa\u00a0o Pat&#8217;e Palo pronto?!\n\n<strong>Fotografia por Lauren Llenas.<\/strong>","protected":false},"excerpt":{"rendered":"<p>\u00a1Ha pasado m\u00e1s de una semana y todav\u00eda estamos saboreando (y ahora estamos antojados) algunos de los deliciosos platos\u00a0que probamos en el primer Casa de Campo Food and Wine Festival! Y como lo prometido es deuda, estaremos\u00a0compartiendo con ustedes una serie de art\u00edculos individuales sobre\u00a0nuestras partes favoritas de las festividades del fin de semana. Y [&hellip;]<\/p>\n","protected":false},"author":36672,"featured_media":286490,"comment_status":"closed","ping_status":"closed","sticky":false,"template":"","format":"standard","meta":{"newspack_ads_suppress_ads":false,"newspack_popups_has_disabled_popups":false,"newspack_sponsor_sponsorship_scope":"","newspack_sponsor_native_byline_display":"inherit","newspack_sponsor_native_category_display":"inherit","newspack_sponsor_underwriter_style":"inherit","newspack_sponsor_underwriter_placement":"inherit","_newspack_byline_active":false,"_newspack_byline":"","newspack_hide_updated_date":false,"newspack_show_updated_date":false,"newspack_content_restriction_is_exempt":false,"newspack_featured_image_position":"","newspack_post_subtitle":"","newspack_article_summary_title":"Overview:","newspack_article_summary":"","_jetpack_memberships_contains_paid_content":false,"footnotes":"","jetpack_publicize_message":"","jetpack_publicize_feature_enabled":true,"jetpack_social_post_already_shared":false,"jetpack_social_options":{"image_generator_settings":{"template":"highway","default_image_id":0,"font":"","enabled":false},"version":2},"_wpas_customize_per_network":false},"categories":[26936,26951,2520,2522,14629,2526,14625,26822,14627],"tags":[3085,3626,13077,5687,3905,18930,12975,2561,2772],"newspack_spnsrs_tax":[],"class_list":["post-348166","post","type-post","status-publish","format-standard","has-post-thumbnail","hentry","category-casa-de-campo-living-es","category-ccl-presenta","category-restaurantes-es","category-eventos-es","category-comidas-bebidas","category-titulares-es","category-noticias-locales","category-resort-casa-de-campo","category-proximamente","tag-almuerzo","tag-casa-de-campo-es","tag-casa-de-campo-food-and-wine-festival-es","tag-comida","tag-festival","tag-food-es","tag-food-and-wine-festival-es","tag-resort-casa-de-campo","tag-restaurantes","entry"],"yoast_head":"<!-- This site is optimized with the Yoast SEO plugin v27.4 - https:\/\/yoast.com\/product\/yoast-seo-wordpress\/ -->\n<title>\u201c\u00bfHelado de chocolate con cafe y humo de puro?&quot; Almuerzo por Saverio Stassi #CDCFW2015 | Casa de Campo Living<\/title>\n<meta name=\"description\" content=\"\u00a1Ha pasado m\u00e1s de una semana y todav\u00eda estamos saboreando (y ahora estamos antojados) algunos de los deliciosos platos\u00a0que probamos en el primer Casa de\" \/>\n<meta name=\"robots\" content=\"index, follow, max-snippet:-1, max-image-preview:large, max-video-preview:-1\" \/>\n<link rel=\"canonical\" href=\"https:\/\/casadecampoliving.com\/es\/lunch-by-chef-saverio-stassi-cdcfw2015\/\" \/>\n<meta property=\"og:locale\" content=\"es_ES\" \/>\n<meta property=\"og:type\" content=\"article\" \/>\n<meta property=\"og:title\" content=\"\u201c\u00bfHelado de chocolate con cafe y humo de puro?&quot; Almuerzo por Saverio Stassi #CDCFW2015 | Casa de Campo Living\" \/>\n<meta property=\"og:description\" content=\"\u00a1Ha pasado m\u00e1s de una semana y todav\u00eda estamos saboreando (y ahora estamos antojados) algunos de los deliciosos platos\u00a0que probamos en el primer Casa de\" \/>\n<meta property=\"og:url\" content=\"https:\/\/casadecampoliving.com\/es\/lunch-by-chef-saverio-stassi-cdcfw2015\/\" \/>\n<meta property=\"og:site_name\" content=\"Casa de Campo Living\" \/>\n<meta property=\"article:publisher\" content=\"https:\/\/www.facebook.com\/casadecampoliving\" \/>\n<meta property=\"article:published_time\" content=\"2015-09-06T04:00:00+00:00\" \/>\n<meta property=\"article:modified_time\" content=\"2022-11-10T14:43:45+00:00\" \/>\n<meta property=\"og:image\" content=\"https:\/\/i0.wp.com\/casadecampoliving.com\/wp-content\/uploads\/2022\/10\/Food_and_Wine_Festival-3.jpg?fit=650%2C450&ssl=1\" \/>\n\t<meta property=\"og:image:width\" content=\"650\" \/>\n\t<meta property=\"og:image:height\" content=\"450\" \/>\n\t<meta property=\"og:image:type\" content=\"image\/jpeg\" \/>\n<meta name=\"author\" content=\"Carla Campos\" \/>\n<meta name=\"twitter:card\" content=\"summary_large_image\" \/>\n<meta name=\"twitter:creator\" content=\"@cdcliving\" \/>\n<meta name=\"twitter:site\" content=\"@cdcliving\" \/>\n<meta name=\"twitter:label1\" content=\"Escrito por\" \/>\n\t<meta name=\"twitter:data1\" content=\"Carla Campos\" \/>\n\t<meta name=\"twitter:label2\" content=\"Tiempo de lectura\" \/>\n\t<meta name=\"twitter:data2\" content=\"3 minutos\" \/>\n<script type=\"application\/ld+json\" class=\"yoast-schema-graph\">{\"@context\":\"https:\\\/\\\/schema.org\",\"@graph\":[{\"@type\":\"Article\",\"@id\":\"https:\\\/\\\/casadecampoliving.com\\\/es\\\/lunch-by-chef-saverio-stassi-cdcfw2015\\\/#article\",\"isPartOf\":{\"@id\":\"https:\\\/\\\/casadecampoliving.com\\\/es\\\/lunch-by-chef-saverio-stassi-cdcfw2015\\\/\"},\"author\":{\"name\":\"Carla Campos\",\"@id\":\"https:\\\/\\\/casadecampoliving.com\\\/es\\\/#\\\/schema\\\/person\\\/31e9c79dd1ae5946a5bc1d006945aad1\"},\"headline\":\"\u201c\u00bfHelado de chocolate con cafe y humo de puro?\u00bb Almuerzo por Saverio Stassi #CDCFW2015\",\"datePublished\":\"2015-09-06T04:00:00+00:00\",\"dateModified\":\"2022-11-10T14:43:45+00:00\",\"mainEntityOfPage\":{\"@id\":\"https:\\\/\\\/casadecampoliving.com\\\/es\\\/lunch-by-chef-saverio-stassi-cdcfw2015\\\/\"},\"wordCount\":560,\"publisher\":{\"@id\":\"https:\\\/\\\/casadecampoliving.com\\\/es\\\/#organization\"},\"image\":{\"@id\":\"https:\\\/\\\/casadecampoliving.com\\\/es\\\/lunch-by-chef-saverio-stassi-cdcfw2015\\\/#primaryimage\"},\"thumbnailUrl\":\"https:\\\/\\\/i0.wp.com\\\/casadecampoliving.com\\\/wp-content\\\/uploads\\\/2022\\\/10\\\/Food_and_Wine_Festival-3.jpg?fit=650%2C450&ssl=1\",\"keywords\":[\"almuerzo\",\"casa de campo @es\",\"Casa de Campo Food and Wine Festival @es\",\"comida\",\"festival\",\"food\",\"Food and Wine Festival @es\",\"resort casa de campo\",\"restaurantes\"],\"articleSection\":[\"Casa de Campo Living @es\",\"CCL presenta\",\"Restaurantes\",\"Eventos\",\"Comidas &amp; Bebidas\",\"Titulares\",\"Noticias Locales\",\"Resort Casa de Campo\",\"Proximamente\"],\"inLanguage\":\"es\"},{\"@type\":\"WebPage\",\"@id\":\"https:\\\/\\\/casadecampoliving.com\\\/es\\\/lunch-by-chef-saverio-stassi-cdcfw2015\\\/\",\"url\":\"https:\\\/\\\/casadecampoliving.com\\\/es\\\/lunch-by-chef-saverio-stassi-cdcfw2015\\\/\",\"name\":\"\u201c\u00bfHelado de chocolate con cafe y humo de puro?\\\" Almuerzo por Saverio Stassi #CDCFW2015 | Casa de Campo Living\",\"isPartOf\":{\"@id\":\"https:\\\/\\\/casadecampoliving.com\\\/es\\\/#website\"},\"primaryImageOfPage\":{\"@id\":\"https:\\\/\\\/casadecampoliving.com\\\/es\\\/lunch-by-chef-saverio-stassi-cdcfw2015\\\/#primaryimage\"},\"image\":{\"@id\":\"https:\\\/\\\/casadecampoliving.com\\\/es\\\/lunch-by-chef-saverio-stassi-cdcfw2015\\\/#primaryimage\"},\"thumbnailUrl\":\"https:\\\/\\\/i0.wp.com\\\/casadecampoliving.com\\\/wp-content\\\/uploads\\\/2022\\\/10\\\/Food_and_Wine_Festival-3.jpg?fit=650%2C450&ssl=1\",\"datePublished\":\"2015-09-06T04:00:00+00:00\",\"dateModified\":\"2022-11-10T14:43:45+00:00\",\"description\":\"\u00a1Ha pasado m\u00e1s de una semana y todav\u00eda estamos saboreando (y ahora estamos antojados) algunos de los deliciosos platos\u00a0que probamos en el primer Casa de\",\"breadcrumb\":{\"@id\":\"https:\\\/\\\/casadecampoliving.com\\\/es\\\/lunch-by-chef-saverio-stassi-cdcfw2015\\\/#breadcrumb\"},\"inLanguage\":\"es\",\"potentialAction\":[{\"@type\":\"ReadAction\",\"target\":[\"https:\\\/\\\/casadecampoliving.com\\\/es\\\/lunch-by-chef-saverio-stassi-cdcfw2015\\\/\"]}]},{\"@type\":\"ImageObject\",\"inLanguage\":\"es\",\"@id\":\"https:\\\/\\\/casadecampoliving.com\\\/es\\\/lunch-by-chef-saverio-stassi-cdcfw2015\\\/#primaryimage\",\"url\":\"https:\\\/\\\/i0.wp.com\\\/casadecampoliving.com\\\/wp-content\\\/uploads\\\/2022\\\/10\\\/Food_and_Wine_Festival-3.jpg?fit=650%2C450&ssl=1\",\"contentUrl\":\"https:\\\/\\\/i0.wp.com\\\/casadecampoliving.com\\\/wp-content\\\/uploads\\\/2022\\\/10\\\/Food_and_Wine_Festival-3.jpg?fit=650%2C450&ssl=1\",\"width\":650,\"height\":450},{\"@type\":\"BreadcrumbList\",\"@id\":\"https:\\\/\\\/casadecampoliving.com\\\/es\\\/lunch-by-chef-saverio-stassi-cdcfw2015\\\/#breadcrumb\",\"itemListElement\":[{\"@type\":\"ListItem\",\"position\":1,\"name\":\"Home\",\"item\":\"https:\\\/\\\/casadecampoliving.com\\\/es\\\/\"},{\"@type\":\"ListItem\",\"position\":2,\"name\":\"\u201c\u00bfHelado de chocolate con cafe y humo de puro?&#8221; Almuerzo por Saverio Stassi #CDCFW2015\"}]},{\"@type\":\"WebSite\",\"@id\":\"https:\\\/\\\/casadecampoliving.com\\\/es\\\/#website\",\"url\":\"https:\\\/\\\/casadecampoliving.com\\\/es\\\/\",\"name\":\"Casa de Campo Living\",\"description\":\"Resort community news and resources.\",\"publisher\":{\"@id\":\"https:\\\/\\\/casadecampoliving.com\\\/es\\\/#organization\"},\"potentialAction\":[{\"@type\":\"SearchAction\",\"target\":{\"@type\":\"EntryPoint\",\"urlTemplate\":\"https:\\\/\\\/casadecampoliving.com\\\/es\\\/?s={search_term_string}\"},\"query-input\":{\"@type\":\"PropertyValueSpecification\",\"valueRequired\":true,\"valueName\":\"search_term_string\"}}],\"inLanguage\":\"es\"},{\"@type\":\"Organization\",\"@id\":\"https:\\\/\\\/casadecampoliving.com\\\/es\\\/#organization\",\"name\":\"Casa de Campo Living\",\"url\":\"https:\\\/\\\/casadecampoliving.com\\\/es\\\/\",\"logo\":{\"@type\":\"ImageObject\",\"inLanguage\":\"es\",\"@id\":\"https:\\\/\\\/casadecampoliving.com\\\/es\\\/#\\\/schema\\\/logo\\\/image\\\/\",\"url\":\"https:\\\/\\\/i0.wp.com\\\/casadecampoliving.com\\\/wp-content\\\/uploads\\\/2022\\\/07\\\/CDCLivingLogo_V1-white-sized.png?fit=800%2C214&ssl=1\",\"contentUrl\":\"https:\\\/\\\/i0.wp.com\\\/casadecampoliving.com\\\/wp-content\\\/uploads\\\/2022\\\/07\\\/CDCLivingLogo_V1-white-sized.png?fit=800%2C214&ssl=1\",\"width\":800,\"height\":214,\"caption\":\"Casa de Campo Living\"},\"image\":{\"@id\":\"https:\\\/\\\/casadecampoliving.com\\\/es\\\/#\\\/schema\\\/logo\\\/image\\\/\"},\"sameAs\":[\"https:\\\/\\\/www.facebook.com\\\/casadecampoliving\",\"https:\\\/\\\/x.com\\\/cdcliving\"]},{\"@type\":\"Person\",\"@id\":\"https:\\\/\\\/casadecampoliving.com\\\/es\\\/#\\\/schema\\\/person\\\/31e9c79dd1ae5946a5bc1d006945aad1\",\"name\":\"Carla Campos\",\"image\":{\"@type\":\"ImageObject\",\"inLanguage\":\"es\",\"@id\":\"https:\\\/\\\/secure.gravatar.com\\\/avatar\\\/73cf86e3450dfb9b46e1fdb84b1d556861d8ff8c40e6925be3e987154c3b5772?s=96&d=mm&r=g\",\"url\":\"https:\\\/\\\/secure.gravatar.com\\\/avatar\\\/73cf86e3450dfb9b46e1fdb84b1d556861d8ff8c40e6925be3e987154c3b5772?s=96&d=mm&r=g\",\"contentUrl\":\"https:\\\/\\\/secure.gravatar.com\\\/avatar\\\/73cf86e3450dfb9b46e1fdb84b1d556861d8ff8c40e6925be3e987154c3b5772?s=96&d=mm&r=g\",\"caption\":\"Carla Campos\"},\"url\":\"https:\\\/\\\/casadecampoliving.com\\\/es\\\/author\\\/ccampos\\\/\"}]}<\/script>\n<!-- \/ Yoast SEO plugin. -->","yoast_head_json":{"title":"\u201c\u00bfHelado de chocolate con cafe y humo de puro?\" Almuerzo por Saverio Stassi #CDCFW2015 | Casa de Campo Living","description":"\u00a1Ha pasado m\u00e1s de una semana y todav\u00eda estamos saboreando (y ahora estamos antojados) algunos de los deliciosos platos\u00a0que probamos en el primer Casa de","robots":{"index":"index","follow":"follow","max-snippet":"max-snippet:-1","max-image-preview":"max-image-preview:large","max-video-preview":"max-video-preview:-1"},"canonical":"https:\/\/casadecampoliving.com\/es\/lunch-by-chef-saverio-stassi-cdcfw2015\/","og_locale":"es_ES","og_type":"article","og_title":"\u201c\u00bfHelado de chocolate con cafe y humo de puro?\" Almuerzo por Saverio Stassi #CDCFW2015 | Casa de Campo Living","og_description":"\u00a1Ha pasado m\u00e1s de una semana y todav\u00eda estamos saboreando (y ahora estamos antojados) algunos de los deliciosos platos\u00a0que probamos en el primer Casa de","og_url":"https:\/\/casadecampoliving.com\/es\/lunch-by-chef-saverio-stassi-cdcfw2015\/","og_site_name":"Casa de Campo Living","article_publisher":"https:\/\/www.facebook.com\/casadecampoliving","article_published_time":"2015-09-06T04:00:00+00:00","article_modified_time":"2022-11-10T14:43:45+00:00","og_image":[{"width":650,"height":450,"url":"https:\/\/i0.wp.com\/casadecampoliving.com\/wp-content\/uploads\/2022\/10\/Food_and_Wine_Festival-3.jpg?fit=650%2C450&ssl=1","type":"image\/jpeg"}],"author":"Carla Campos","twitter_card":"summary_large_image","twitter_creator":"@cdcliving","twitter_site":"@cdcliving","twitter_misc":{"Escrito por":"Carla Campos","Tiempo de lectura":"3 minutos"},"schema":{"@context":"https:\/\/schema.org","@graph":[{"@type":"Article","@id":"https:\/\/casadecampoliving.com\/es\/lunch-by-chef-saverio-stassi-cdcfw2015\/#article","isPartOf":{"@id":"https:\/\/casadecampoliving.com\/es\/lunch-by-chef-saverio-stassi-cdcfw2015\/"},"author":{"name":"Carla Campos","@id":"https:\/\/casadecampoliving.com\/es\/#\/schema\/person\/31e9c79dd1ae5946a5bc1d006945aad1"},"headline":"\u201c\u00bfHelado de chocolate con cafe y humo de puro?\u00bb Almuerzo por Saverio Stassi #CDCFW2015","datePublished":"2015-09-06T04:00:00+00:00","dateModified":"2022-11-10T14:43:45+00:00","mainEntityOfPage":{"@id":"https:\/\/casadecampoliving.com\/es\/lunch-by-chef-saverio-stassi-cdcfw2015\/"},"wordCount":560,"publisher":{"@id":"https:\/\/casadecampoliving.com\/es\/#organization"},"image":{"@id":"https:\/\/casadecampoliving.com\/es\/lunch-by-chef-saverio-stassi-cdcfw2015\/#primaryimage"},"thumbnailUrl":"https:\/\/i0.wp.com\/casadecampoliving.com\/wp-content\/uploads\/2022\/10\/Food_and_Wine_Festival-3.jpg?fit=650%2C450&ssl=1","keywords":["almuerzo","casa de campo @es","Casa de Campo Food and Wine Festival @es","comida","festival","food","Food and Wine Festival @es","resort casa de campo","restaurantes"],"articleSection":["Casa de Campo Living @es","CCL presenta","Restaurantes","Eventos","Comidas &amp; Bebidas","Titulares","Noticias Locales","Resort Casa de Campo","Proximamente"],"inLanguage":"es"},{"@type":"WebPage","@id":"https:\/\/casadecampoliving.com\/es\/lunch-by-chef-saverio-stassi-cdcfw2015\/","url":"https:\/\/casadecampoliving.com\/es\/lunch-by-chef-saverio-stassi-cdcfw2015\/","name":"\u201c\u00bfHelado de chocolate con cafe y humo de puro?\" Almuerzo por Saverio Stassi #CDCFW2015 | Casa de Campo Living","isPartOf":{"@id":"https:\/\/casadecampoliving.com\/es\/#website"},"primaryImageOfPage":{"@id":"https:\/\/casadecampoliving.com\/es\/lunch-by-chef-saverio-stassi-cdcfw2015\/#primaryimage"},"image":{"@id":"https:\/\/casadecampoliving.com\/es\/lunch-by-chef-saverio-stassi-cdcfw2015\/#primaryimage"},"thumbnailUrl":"https:\/\/i0.wp.com\/casadecampoliving.com\/wp-content\/uploads\/2022\/10\/Food_and_Wine_Festival-3.jpg?fit=650%2C450&ssl=1","datePublished":"2015-09-06T04:00:00+00:00","dateModified":"2022-11-10T14:43:45+00:00","description":"\u00a1Ha pasado m\u00e1s de una semana y todav\u00eda estamos saboreando (y ahora estamos antojados) algunos de los deliciosos platos\u00a0que probamos en el primer Casa de","breadcrumb":{"@id":"https:\/\/casadecampoliving.com\/es\/lunch-by-chef-saverio-stassi-cdcfw2015\/#breadcrumb"},"inLanguage":"es","potentialAction":[{"@type":"ReadAction","target":["https:\/\/casadecampoliving.com\/es\/lunch-by-chef-saverio-stassi-cdcfw2015\/"]}]},{"@type":"ImageObject","inLanguage":"es","@id":"https:\/\/casadecampoliving.com\/es\/lunch-by-chef-saverio-stassi-cdcfw2015\/#primaryimage","url":"https:\/\/i0.wp.com\/casadecampoliving.com\/wp-content\/uploads\/2022\/10\/Food_and_Wine_Festival-3.jpg?fit=650%2C450&ssl=1","contentUrl":"https:\/\/i0.wp.com\/casadecampoliving.com\/wp-content\/uploads\/2022\/10\/Food_and_Wine_Festival-3.jpg?fit=650%2C450&ssl=1","width":650,"height":450},{"@type":"BreadcrumbList","@id":"https:\/\/casadecampoliving.com\/es\/lunch-by-chef-saverio-stassi-cdcfw2015\/#breadcrumb","itemListElement":[{"@type":"ListItem","position":1,"name":"Home","item":"https:\/\/casadecampoliving.com\/es\/"},{"@type":"ListItem","position":2,"name":"\u201c\u00bfHelado de chocolate con cafe y humo de puro?&#8221; Almuerzo por Saverio Stassi #CDCFW2015"}]},{"@type":"WebSite","@id":"https:\/\/casadecampoliving.com\/es\/#website","url":"https:\/\/casadecampoliving.com\/es\/","name":"Casa de Campo Living","description":"Resort community news and resources.","publisher":{"@id":"https:\/\/casadecampoliving.com\/es\/#organization"},"potentialAction":[{"@type":"SearchAction","target":{"@type":"EntryPoint","urlTemplate":"https:\/\/casadecampoliving.com\/es\/?s={search_term_string}"},"query-input":{"@type":"PropertyValueSpecification","valueRequired":true,"valueName":"search_term_string"}}],"inLanguage":"es"},{"@type":"Organization","@id":"https:\/\/casadecampoliving.com\/es\/#organization","name":"Casa de Campo Living","url":"https:\/\/casadecampoliving.com\/es\/","logo":{"@type":"ImageObject","inLanguage":"es","@id":"https:\/\/casadecampoliving.com\/es\/#\/schema\/logo\/image\/","url":"https:\/\/i0.wp.com\/casadecampoliving.com\/wp-content\/uploads\/2022\/07\/CDCLivingLogo_V1-white-sized.png?fit=800%2C214&ssl=1","contentUrl":"https:\/\/i0.wp.com\/casadecampoliving.com\/wp-content\/uploads\/2022\/07\/CDCLivingLogo_V1-white-sized.png?fit=800%2C214&ssl=1","width":800,"height":214,"caption":"Casa de Campo Living"},"image":{"@id":"https:\/\/casadecampoliving.com\/es\/#\/schema\/logo\/image\/"},"sameAs":["https:\/\/www.facebook.com\/casadecampoliving","https:\/\/x.com\/cdcliving"]},{"@type":"Person","@id":"https:\/\/casadecampoliving.com\/es\/#\/schema\/person\/31e9c79dd1ae5946a5bc1d006945aad1","name":"Carla Campos","image":{"@type":"ImageObject","inLanguage":"es","@id":"https:\/\/secure.gravatar.com\/avatar\/73cf86e3450dfb9b46e1fdb84b1d556861d8ff8c40e6925be3e987154c3b5772?s=96&d=mm&r=g","url":"https:\/\/secure.gravatar.com\/avatar\/73cf86e3450dfb9b46e1fdb84b1d556861d8ff8c40e6925be3e987154c3b5772?s=96&d=mm&r=g","contentUrl":"https:\/\/secure.gravatar.com\/avatar\/73cf86e3450dfb9b46e1fdb84b1d556861d8ff8c40e6925be3e987154c3b5772?s=96&d=mm&r=g","caption":"Carla Campos"},"url":"https:\/\/casadecampoliving.com\/es\/author\/ccampos\/"}]}},"parsely":{"version":"1.1.0","canonical_url":"https:\/\/casadecampoliving.com\/es\/lunch-by-chef-saverio-stassi-cdcfw2015\/","smart_links":{"inbound":0,"outbound":0},"traffic_boost_suggestions_count":0,"meta":{"@context":"https:\/\/schema.org","@type":"NewsArticle","headline":"\u201c\u00bfHelado de chocolate con cafe y humo de puro?\u00bb Almuerzo por Saverio Stassi #CDCFW2015","url":"http:\/\/casadecampoliving.com\/es\/lunch-by-chef-saverio-stassi-cdcfw2015\/","mainEntityOfPage":{"@type":"WebPage","@id":"http:\/\/casadecampoliving.com\/es\/lunch-by-chef-saverio-stassi-cdcfw2015\/"},"thumbnailUrl":"https:\/\/i0.wp.com\/casadecampoliving.com\/wp-content\/uploads\/2022\/10\/Food_and_Wine_Festival-3.jpg?resize=150%2C150&ssl=1","image":{"@type":"ImageObject","url":"https:\/\/i0.wp.com\/casadecampoliving.com\/wp-content\/uploads\/2022\/10\/Food_and_Wine_Festival-3.jpg?fit=650%2C450&ssl=1"},"articleSection":"CCL presenta","author":[{"@type":"Person","name":"Carla Campos"}],"creator":["Carla Campos"],"publisher":{"@type":"Organization","name":"Casa de Campo Living","logo":"https:\/\/casadecampoliving.com\/wp-content\/uploads\/2022\/07\/CDCLivingLogo_V1-white-sized.png"},"keywords":["almuerzo","casa de campo @es","casa de campo food and wine festival @es","comida","festival","food","food and wine festival @es","resort casa de campo","restaurantes"],"dateCreated":"2015-09-06T04:00:00Z","datePublished":"2015-09-06T04:00:00Z","dateModified":"2022-11-10T14:43:45Z"},"rendered":"<script type=\"application\/ld+json\" class=\"wp-parsely-metadata\">{\"@context\":\"https:\\\/\\\/schema.org\",\"@type\":\"NewsArticle\",\"headline\":\"\\u201c\\u00bfHelado de chocolate con cafe y humo de puro?\\u00bb Almuerzo por Saverio Stassi #CDCFW2015\",\"url\":\"http:\\\/\\\/casadecampoliving.com\\\/es\\\/lunch-by-chef-saverio-stassi-cdcfw2015\\\/\",\"mainEntityOfPage\":{\"@type\":\"WebPage\",\"@id\":\"http:\\\/\\\/casadecampoliving.com\\\/es\\\/lunch-by-chef-saverio-stassi-cdcfw2015\\\/\"},\"thumbnailUrl\":\"https:\\\/\\\/i0.wp.com\\\/casadecampoliving.com\\\/wp-content\\\/uploads\\\/2022\\\/10\\\/Food_and_Wine_Festival-3.jpg?resize=150%2C150&ssl=1\",\"image\":{\"@type\":\"ImageObject\",\"url\":\"https:\\\/\\\/i0.wp.com\\\/casadecampoliving.com\\\/wp-content\\\/uploads\\\/2022\\\/10\\\/Food_and_Wine_Festival-3.jpg?fit=650%2C450&ssl=1\"},\"articleSection\":\"CCL presenta\",\"author\":[{\"@type\":\"Person\",\"name\":\"Carla Campos\"}],\"creator\":[\"Carla Campos\"],\"publisher\":{\"@type\":\"Organization\",\"name\":\"Casa de Campo Living\",\"logo\":\"https:\\\/\\\/casadecampoliving.com\\\/wp-content\\\/uploads\\\/2022\\\/07\\\/CDCLivingLogo_V1-white-sized.png\"},\"keywords\":[\"almuerzo\",\"casa de campo @es\",\"casa de campo food and wine festival @es\",\"comida\",\"festival\",\"food\",\"food and wine festival @es\",\"resort casa de campo\",\"restaurantes\"],\"dateCreated\":\"2015-09-06T04:00:00Z\",\"datePublished\":\"2015-09-06T04:00:00Z\",\"dateModified\":\"2022-11-10T14:43:45Z\"}<\/script>","tracker_url":"https:\/\/cdn.parsely.com\/keys\/casadecampoliving.com\/p.js"},"jetpack_publicize_connections":[],"jetpack_featured_media_url":"https:\/\/i0.wp.com\/casadecampoliving.com\/wp-content\/uploads\/2022\/10\/Food_and_Wine_Festival-3.jpg?fit=650%2C450&ssl=1","jetpack-related-posts":[{"id":533564,"url":"https:\/\/casadecampoliving.com\/gala-dinner-under-the-stars-with-chefs-saverio-stassi-joaquin-renovales-and-rodrigo-menendez-at-the-food-and-wine-festival\/","url_meta":{"origin":348166,"position":0},"title":"Gala Dinner Under the Stars with Chefs Saverio Stassi, Joaquin Renovales, and Rodrigo Men\u00e9ndez at the Food and Wine Festival","author":"Mairobi Herrera","date":"1 Oct, 2024","format":false,"excerpt":"Casa de Campo Resort & Villas is proud to announce that chefs Rodrigo Men\u00e9ndez, Saverio Stassi, and Joaqu\u00edn Renovales will join forces for a masterful dinner under the stars at Minitas Beach Club as part of the Food and Wine Festival, taking place October 11-12. Chef Joaqu\u00edn Renovales Araujo. These\u2026","rel":"","context":"En \u00abCasa de Campo Resort &amp; Villas\u00bb","block_context":{"text":"Casa de Campo Resort &amp; Villas","link":"https:\/\/casadecampoliving.com\/category\/casa-de-campo-resort-villas-2\/"},"img":{"alt_text":"","src":"https:\/\/i0.wp.com\/casadecampoliving.com\/wp-content\/uploads\/2024\/10\/joaquin-3.jpg?resize=350%2C200&ssl=1","width":350,"height":200,"srcset":"https:\/\/i0.wp.com\/casadecampoliving.com\/wp-content\/uploads\/2024\/10\/joaquin-3.jpg?resize=350%2C200&ssl=1 1x, https:\/\/i0.wp.com\/casadecampoliving.com\/wp-content\/uploads\/2024\/10\/joaquin-3.jpg?resize=525%2C300&ssl=1 1.5x, https:\/\/i0.wp.com\/casadecampoliving.com\/wp-content\/uploads\/2024\/10\/joaquin-3.jpg?resize=700%2C400&ssl=1 2x, https:\/\/i0.wp.com\/casadecampoliving.com\/wp-content\/uploads\/2024\/10\/joaquin-3.jpg?resize=1050%2C600&ssl=1 3x, https:\/\/i0.wp.com\/casadecampoliving.com\/wp-content\/uploads\/2024\/10\/joaquin-3.jpg?resize=1400%2C800&ssl=1 4x"},"classes":[]},{"id":348218,"url":"https:\/\/casadecampoliving.com\/es\/food-and-wine-festival-coctel-inaugural-la-marina\/","url_meta":{"origin":348166,"position":1},"title":"Food and Wine Festival &#8211; Coctel inaugural en la Marina","author":"Carla Campos","date":"9 Sep, 2015","format":false,"excerpt":"Este pasado fin de semana compartimos nuestro repaso\u00a0del almuerzo de Saverio Stassi en el Casa de Campo\u00a0Food and Wine Festival. Y aunque una buena comida siempre es algo maravilloso, soy fan de las tapas y los aperitivos - Comb\u00ednelos\u00a0con unos\u00a0excelentes c\u00f3cteles, y es mi tipo favorito de fiesta. El coctel\u2026","rel":"","context":"En \u00abCasa de Campo Living @es\u00bb","block_context":{"text":"Casa de Campo Living @es","link":"https:\/\/casadecampoliving.com\/category\/casa-de-campo-living-es\/"},"img":{"alt_text":"CDCFWF, Coctel de Apertura Header","src":"https:\/\/i0.wp.com\/casadecampoliving.com\/wp-content\/uploads\/2022\/10\/CDCFWF_Coctel_Apertura_01-1.jpg?fit=650%2C400&ssl=1&resize=350%2C200","width":350,"height":200,"srcset":"https:\/\/i0.wp.com\/casadecampoliving.com\/wp-content\/uploads\/2022\/10\/CDCFWF_Coctel_Apertura_01-1.jpg?fit=650%2C400&ssl=1&resize=350%2C200 1x, https:\/\/i0.wp.com\/casadecampoliving.com\/wp-content\/uploads\/2022\/10\/CDCFWF_Coctel_Apertura_01-1.jpg?fit=650%2C400&ssl=1&resize=525%2C300 1.5x"},"classes":[]},{"id":533554,"url":"https:\/\/casadecampoliving.com\/es\/cena-de-gala-bajo-las-estrellas-con-los-chefs-saverio-stassi-joaquin-renovales-y-rodrigo-menendez-en-el-food-and-wine-festival\/","url_meta":{"origin":348166,"position":2},"title":"Cena de gala bajo las estrellas con los chefs Saverio Stassi, Joaquin Renovales y Rodrigo Men\u00e9ndez en el Food and Wine Festival","author":"Mairobi Herrera","date":"1 Oct, 2024","format":false,"excerpt":"Casa de Campo Resort & Villas se enorgullece en anunciar que los chefs Rodrigo Men\u00e9ndez, Saverio Stassi y Joaqu\u00edn Renovales se unir\u00e1n para ofrecer una cena magistral bajo las estrellas, en Minitas Beach Club, como parte del Food and Wine Festival, que se llevar\u00e1 a cabo del 11 y 12\u2026","rel":"","context":"En \u00abCasa de Campo Resort &amp; Villas\u00bb","block_context":{"text":"Casa de Campo Resort &amp; Villas","link":"https:\/\/casadecampoliving.com\/es\/category\/casa-de-campo-resort-villas\/"},"img":{"alt_text":"","src":"https:\/\/i0.wp.com\/casadecampoliving.com\/wp-content\/uploads\/2024\/10\/joaquin-3.jpg?resize=350%2C200&ssl=1","width":350,"height":200,"srcset":"https:\/\/i0.wp.com\/casadecampoliving.com\/wp-content\/uploads\/2024\/10\/joaquin-3.jpg?resize=350%2C200&ssl=1 1x, https:\/\/i0.wp.com\/casadecampoliving.com\/wp-content\/uploads\/2024\/10\/joaquin-3.jpg?resize=525%2C300&ssl=1 1.5x, https:\/\/i0.wp.com\/casadecampoliving.com\/wp-content\/uploads\/2024\/10\/joaquin-3.jpg?resize=700%2C400&ssl=1 2x, https:\/\/i0.wp.com\/casadecampoliving.com\/wp-content\/uploads\/2024\/10\/joaquin-3.jpg?resize=1050%2C600&ssl=1 3x, https:\/\/i0.wp.com\/casadecampoliving.com\/wp-content\/uploads\/2024\/10\/joaquin-3.jpg?resize=1400%2C800&ssl=1 4x"},"classes":[]},{"id":348068,"url":"https:\/\/casadecampoliving.com\/es\/eventos-casa-de-campo-food-wine-festival\/","url_meta":{"origin":348166,"position":3},"title":"Programaci\u00f3n de Eventos: Casa de Campo Food &#038; Wine Festival","author":"Perkin Agramonte","date":"17 Ago, 2015","format":false,"excerpt":"Casa de Campo anuncia su Food & Wine Festival del viernes \u00a021 al domingo 23 de Agosto 2015 Tres d\u00edas llenos de experiencias culinarias de clase mundial con la participaci\u00f3n de prestigiosos chef nacionales e internacional. Destacando la participaci\u00f3n del famoso chef, Xabier Guti\u00e9rrez del Restaurante Arzak en San Sebasti\u00e1n,\u2026","rel":"","context":"En \u00abAltos de Chavon @es\u00bb","block_context":{"text":"Altos de Chavon @es","link":"https:\/\/casadecampoliving.com\/category\/altos-de-chavon-es\/"},"img":{"alt_text":"Casa de Campo Food and Wine Festival 2015","src":"https:\/\/i0.wp.com\/casadecampoliving.com\/wp-content\/uploads\/2022\/10\/Casa_de_Campo_Food_and_Wine_Fsetival_2015-1.jpg?fit=800%2C534&ssl=1&resize=350%2C200","width":350,"height":200,"srcset":"https:\/\/i0.wp.com\/casadecampoliving.com\/wp-content\/uploads\/2022\/10\/Casa_de_Campo_Food_and_Wine_Fsetival_2015-1.jpg?fit=800%2C534&ssl=1&resize=350%2C200 1x, https:\/\/i0.wp.com\/casadecampoliving.com\/wp-content\/uploads\/2022\/10\/Casa_de_Campo_Food_and_Wine_Fsetival_2015-1.jpg?fit=800%2C534&ssl=1&resize=525%2C300 1.5x, https:\/\/i0.wp.com\/casadecampoliving.com\/wp-content\/uploads\/2022\/10\/Casa_de_Campo_Food_and_Wine_Fsetival_2015-1.jpg?fit=800%2C534&ssl=1&resize=700%2C400 2x"},"classes":[]},{"id":326352,"url":"https:\/\/casadecampoliving.com\/lunch-by-saverio-stassi-cdcfw2015\/","url_meta":{"origin":348166,"position":4},"title":"\u00abYou had me at Cigar and Coffee infused Chocolate Ice Cream\u00bb &#8211; Lunch by Saverio Stassi #CDCFW2015","author":"Carla Campos","date":"6 Sep, 2015","format":false,"excerpt":"It\u2019s been over a week and we are still savouring (and now craving) some of the delicious things we tried at the Casa de Campo first Food and Wine Festival! As promised, we will be sharing individual articles about our favorite parts of the weekend\u2019s festivities. The special lunch at\u2026","rel":"","context":"En \u00abCasa de Campo Living\u00bb","block_context":{"text":"Casa de Campo Living","link":"https:\/\/casadecampoliving.com\/category\/casa-de-campo-living\/"},"img":{"alt_text":"","src":"https:\/\/i0.wp.com\/casadecampoliving.com\/wp-content\/uploads\/2022\/10\/Food_and_Wine_Festival-3.jpg?fit=650%2C450&ssl=1&resize=350%2C200","width":350,"height":200,"srcset":"https:\/\/i0.wp.com\/casadecampoliving.com\/wp-content\/uploads\/2022\/10\/Food_and_Wine_Festival-3.jpg?fit=650%2C450&ssl=1&resize=350%2C200 1x, https:\/\/i0.wp.com\/casadecampoliving.com\/wp-content\/uploads\/2022\/10\/Food_and_Wine_Festival-3.jpg?fit=650%2C450&ssl=1&resize=525%2C300 1.5x"},"classes":[]},{"id":348139,"url":"https:\/\/casadecampoliving.com\/es\/resumen-casa-de-campo-food-wine-festival\/","url_meta":{"origin":348166,"position":5},"title":"\u00a1Resumen general! Casa de Campo Food &#038; Wine Festival","author":"Casa de Campo Resort","date":"26 Ago, 2015","format":false,"excerpt":"\u00a1Estamos muy emocionados de compartir con ustedes la primera serie de art\u00edculos sobre el Casa de Campo Food & Wine Festival celebrado el fin de semana pasado! \u00a1Tenemos much\u00edsimas fotos y revisiones de comidas que estaremos compartiendo muy pronto! Por ahora, disfrute un resumen proporcionado por el Resort Casa de\u2026","rel":"","context":"En \u00abAltos de Chavon @es\u00bb","block_context":{"text":"Altos de Chavon @es","link":"https:\/\/casadecampoliving.com\/category\/altos-de-chavon-es\/"},"img":{"alt_text":"Casa de Campo Food and Wine Festival","src":"https:\/\/i0.wp.com\/casadecampoliving.com\/wp-content\/uploads\/2022\/10\/Food_and_Wine_Festival-1.jpg?fit=800%2C534&ssl=1&resize=350%2C200","width":350,"height":200,"srcset":"https:\/\/i0.wp.com\/casadecampoliving.com\/wp-content\/uploads\/2022\/10\/Food_and_Wine_Festival-1.jpg?fit=800%2C534&ssl=1&resize=350%2C200 1x, https:\/\/i0.wp.com\/casadecampoliving.com\/wp-content\/uploads\/2022\/10\/Food_and_Wine_Festival-1.jpg?fit=800%2C534&ssl=1&resize=525%2C300 1.5x, https:\/\/i0.wp.com\/casadecampoliving.com\/wp-content\/uploads\/2022\/10\/Food_and_Wine_Festival-1.jpg?fit=800%2C534&ssl=1&resize=700%2C400 2x"},"classes":[]}],"jetpack_sharing_enabled":true,"_links":{"self":[{"href":"https:\/\/casadecampoliving.com\/es\/wp-json\/wp\/v2\/posts\/348166","targetHints":{"allow":["GET"]}}],"collection":[{"href":"https:\/\/casadecampoliving.com\/es\/wp-json\/wp\/v2\/posts"}],"about":[{"href":"https:\/\/casadecampoliving.com\/es\/wp-json\/wp\/v2\/types\/post"}],"author":[{"embeddable":true,"href":"https:\/\/casadecampoliving.com\/es\/wp-json\/wp\/v2\/users\/36672"}],"replies":[{"embeddable":true,"href":"https:\/\/casadecampoliving.com\/es\/wp-json\/wp\/v2\/comments?post=348166"}],"version-history":[{"count":2,"href":"https:\/\/casadecampoliving.com\/es\/wp-json\/wp\/v2\/posts\/348166\/revisions"}],"predecessor-version":[{"id":509637,"href":"https:\/\/casadecampoliving.com\/es\/wp-json\/wp\/v2\/posts\/348166\/revisions\/509637"}],"wp:featuredmedia":[{"embeddable":true,"href":"https:\/\/casadecampoliving.com\/es\/wp-json\/wp\/v2\/media\/286490"}],"wp:attachment":[{"href":"https:\/\/casadecampoliving.com\/es\/wp-json\/wp\/v2\/media?parent=348166"}],"wp:term":[{"taxonomy":"category","embeddable":true,"href":"https:\/\/casadecampoliving.com\/es\/wp-json\/wp\/v2\/categories?post=348166"},{"taxonomy":"post_tag","embeddable":true,"href":"https:\/\/casadecampoliving.com\/es\/wp-json\/wp\/v2\/tags?post=348166"},{"taxonomy":"newspack_spnsrs_tax","embeddable":true,"href":"https:\/\/casadecampoliving.com\/es\/wp-json\/wp\/v2\/newspack_spnsrs_tax?post=348166"}],"curies":[{"name":"wp","href":"https:\/\/api.w.org\/{rel}","templated":true}]}}