{"id":348145,"date":"2015-08-28T00:00:00","date_gmt":"2015-08-28T04:00:00","guid":{"rendered":"https:\/\/casadecampoliving.com\/jenny-polanco-inaugura-nueva-exposicion\/"},"modified":"2022-11-10T10:43:56","modified_gmt":"2022-11-10T14:43:56","slug":"jenny-polanco-inaugura-nueva-exposicion","status":"publish","type":"post","link":"https:\/\/casadecampoliving.com\/es\/jenny-polanco-inaugura-nueva-exposicion\/","title":{"rendered":"Jenny Polanco inaugura exposici\u00f3n:\u00a0\u00abEl Dise\u00f1o como una expresi\u00f3n de Identidad\u00bb"},"content":{"rendered":"<img data-recalc-dims=\"1\" loading=\"lazy\" decoding=\"async\" class=\"aligncenter size-full wp-image-113411\" src=\"https:\/\/i0.wp.com\/casadecampoliving.com\/wp-content\/uploads\/2022\/10\/Jenny_Polanco_Exhibit_Header.jpg?resize=650%2C400&#038;ssl=1\" alt=\"Jenny Polanco Exhibit Header\" width=\"650\" height=\"400\" \/>El pasado s\u00e1bado, 22 de agosto, La Fundaci\u00f3n Centro Cultural Altos de Chav\u00f3n inaugur\u00f3 en su galer\u00eda principal la exposici\u00f3n de la renombrada dise\u00f1adora de modas, Jenny Polanco,\u00a0<em>\u00abEl Dise\u00f1o como una expresi\u00f3n de Identidad\u00bb.<\/em>\n\n<!--more-->\n\nLa exposici\u00f3n revisa la trayectoria creativa de Jenny Polanco y demuestra la multiplicidad del trabajo art\u00edstico de esta creadora.\u00a0Una producci\u00f3n que se mueve entre las artes y el dise\u00f1o con absoluta naturalidad bas\u00e1ndose siempre en lo local, fundamentalmente en el patrimonio cultural dominicano.\u00a0La exposici\u00f3n fue Curada por Sara Herman, con fotograf\u00edas de Tiziano De Stefano e impresiones de F\u00e9lix Sep\u00falveda.\n<p style=\"text-align: center;\"><em><strong>La exposici\u00f3n permanecer\u00e1 abierta hasta el 21 de Septiembre 2015.<\/strong><\/em><\/p>\n<img data-recalc-dims=\"1\" loading=\"lazy\" decoding=\"async\" class=\"aligncenter size-full wp-image-113412\" src=\"https:\/\/i0.wp.com\/casadecampoliving.com\/wp-content\/uploads\/2022\/10\/Jenny_Polanco_August_Exhibit_Top.jpg?resize=650%2C400&#038;ssl=1\" alt=\"Jenny Polanco August Exhibit Top\" width=\"650\" height=\"400\" \/>\n\nEl pasado mes de marzo, Jenny Polanco fue invitada a presentar un segmento de su\u00a0exposici\u00f3n en la cede de la UNESCO en Paris\u00a0para conmemorar el D\u00eda Internacional de La Mujer 2015.\n\n<strong><em>\u00abJenny\u00a0Polanco puede ser considerada como una pionera en nuestro pa\u00eds. Sus creaciones est\u00e1n arraigadas en el patrimonio cultural dominicano y se nutren directamente de la artesan\u00eda tradicional, de la gastronom\u00eda, del clima, de las etnias, de la flora y la fauna, de los ritmos y los sabores de la Rep\u00fablica Dominicana, para generar un producto que combina la identidad, la fabricaci\u00f3n y la sensibilidad del Caribe, con un alto sentido de calidad\u00a0marcando as\u00ed una identidad-pa\u00eds.\u00bb<\/em><\/strong>, coment\u00f3\u00a0La Embajadora Laura Faxas refiri\u00e9ndose a\u00a0la exposici\u00f3n.\n\n<img data-recalc-dims=\"1\" loading=\"lazy\" decoding=\"async\" class=\"aligncenter size-full wp-image-113413\" src=\"https:\/\/i0.wp.com\/casadecampoliving.com\/wp-content\/uploads\/2022\/10\/Jenny_Polanco_August_Exhibit_Bottom.jpg?resize=650%2C400&#038;ssl=1\" alt=\"Jenny Polanco August Exhibit Bottom\" width=\"650\" height=\"400\" \/>\n\nJenny\u00a0Polanco, dise\u00f1adora de modas con mas de 35 a\u00f1os de trayectoria profesional en la Republica Dominicana, Puerto Rico, Bahamas y Nueva York. Sus dise\u00f1os de ropa femenina,\u00a0<em>pret a porter<\/em>, se caracterizan por un estilo de vanguardia cl\u00e1sica y l\u00edneas sofisticadas, fusionadas con detalles artesanales del vern\u00e1culo dominicano: botones en \u00e1mbar, detalles en cuerno, larimar, n\u00e1car, coral, entre otras. Jenny Polanco tambi\u00e9n es\u00a0asesora en producci\u00f3n artesanal y en el desarrollo sostenible y gesti\u00f3n cultural de la Regi\u00f3n del Este del pa\u00eds, designada por el Ministro de Cultura.\n\nLas siguientes fotos fueron tomadas durante el d\u00eda de inauguraci\u00f3n de la\u00a0nueva exposici\u00f3n de Jenny Polanco en La Galer\u00eda de Altos de Chav\u00f3n:\u00a0 <strong>\n<figure class=\"wp-block-gallery has-nested-images columns-default is-cropped wp-block-gallery-1 is-layout-flex wp-block-gallery-is-layout-flex\">\n<figure class=\"wp-block-image size-large\"><img data-recalc-dims=\"1\" loading=\"lazy\" decoding=\"async\" width=\"800\" height=\"534\" data-id=\"493494\" src=\"https:\/\/i0.wp.com\/casadecampoliving.com\/wp-content\/uploads\/2022\/10\/el_diseno_01.jpg?resize=800%2C534&#038;ssl=1\" alt=\"\" class=\"wp-image-493494\" srcset=\"https:\/\/i0.wp.com\/casadecampoliving.com\/wp-content\/uploads\/2022\/10\/el_diseno_01.jpg?w=800&amp;ssl=1 800w, https:\/\/i0.wp.com\/casadecampoliving.com\/wp-content\/uploads\/2022\/10\/el_diseno_01.jpg?resize=300%2C200&amp;ssl=1 300w, https:\/\/i0.wp.com\/casadecampoliving.com\/wp-content\/uploads\/2022\/10\/el_diseno_01.jpg?resize=768%2C513&amp;ssl=1 768w, https:\/\/i0.wp.com\/casadecampoliving.com\/wp-content\/uploads\/2022\/10\/el_diseno_01.jpg?resize=400%2C267&amp;ssl=1 400w, https:\/\/i0.wp.com\/casadecampoliving.com\/wp-content\/uploads\/2022\/10\/el_diseno_01.jpg?resize=706%2C471&amp;ssl=1 706w, https:\/\/i0.wp.com\/casadecampoliving.com\/wp-content\/uploads\/2022\/10\/el_diseno_01.jpg?resize=150%2C100&amp;ssl=1 150w, https:\/\/i0.wp.com\/casadecampoliving.com\/wp-content\/uploads\/2022\/10\/el_diseno_01.jpg?w=370&amp;ssl=1 370w\" sizes=\"auto, (max-width: 800px) 100vw, 800px\" \/><\/figure>\n\n\n\n<figure class=\"wp-block-image size-large\"><img data-recalc-dims=\"1\" loading=\"lazy\" decoding=\"async\" width=\"800\" height=\"534\" data-id=\"493502\" src=\"https:\/\/i0.wp.com\/casadecampoliving.com\/wp-content\/uploads\/2022\/10\/el_diseno_02.jpg?resize=800%2C534&#038;ssl=1\" alt=\"\" class=\"wp-image-493502\" srcset=\"https:\/\/i0.wp.com\/casadecampoliving.com\/wp-content\/uploads\/2022\/10\/el_diseno_02.jpg?w=800&amp;ssl=1 800w, https:\/\/i0.wp.com\/casadecampoliving.com\/wp-content\/uploads\/2022\/10\/el_diseno_02.jpg?resize=300%2C200&amp;ssl=1 300w, https:\/\/i0.wp.com\/casadecampoliving.com\/wp-content\/uploads\/2022\/10\/el_diseno_02.jpg?resize=768%2C513&amp;ssl=1 768w, https:\/\/i0.wp.com\/casadecampoliving.com\/wp-content\/uploads\/2022\/10\/el_diseno_02.jpg?resize=400%2C267&amp;ssl=1 400w, https:\/\/i0.wp.com\/casadecampoliving.com\/wp-content\/uploads\/2022\/10\/el_diseno_02.jpg?resize=706%2C471&amp;ssl=1 706w, https:\/\/i0.wp.com\/casadecampoliving.com\/wp-content\/uploads\/2022\/10\/el_diseno_02.jpg?resize=150%2C100&amp;ssl=1 150w, https:\/\/i0.wp.com\/casadecampoliving.com\/wp-content\/uploads\/2022\/10\/el_diseno_02.jpg?w=370&amp;ssl=1 370w\" sizes=\"auto, (max-width: 800px) 100vw, 800px\" \/><\/figure>\n\n\n\n<figure class=\"wp-block-image size-large\"><img data-recalc-dims=\"1\" loading=\"lazy\" decoding=\"async\" width=\"400\" height=\"600\" data-id=\"493510\" src=\"https:\/\/i0.wp.com\/casadecampoliving.com\/wp-content\/uploads\/2022\/10\/el_diseno_03.jpg?resize=400%2C600&#038;ssl=1\" alt=\"\" class=\"wp-image-493510\" srcset=\"https:\/\/i0.wp.com\/casadecampoliving.com\/wp-content\/uploads\/2022\/10\/el_diseno_03.jpg?w=400&amp;ssl=1 400w, https:\/\/i0.wp.com\/casadecampoliving.com\/wp-content\/uploads\/2022\/10\/el_diseno_03.jpg?resize=200%2C300&amp;ssl=1 200w, https:\/\/i0.wp.com\/casadecampoliving.com\/wp-content\/uploads\/2022\/10\/el_diseno_03.jpg?resize=150%2C225&amp;ssl=1 150w, https:\/\/i0.wp.com\/casadecampoliving.com\/wp-content\/uploads\/2022\/10\/el_diseno_03.jpg?w=370&amp;ssl=1 370w\" sizes=\"auto, (max-width: 400px) 100vw, 400px\" \/><\/figure>\n\n\n\n<figure class=\"wp-block-image size-large\"><img data-recalc-dims=\"1\" loading=\"lazy\" decoding=\"async\" width=\"800\" height=\"534\" data-id=\"493518\" src=\"https:\/\/i0.wp.com\/casadecampoliving.com\/wp-content\/uploads\/2022\/10\/el_diseno_04.jpg?resize=800%2C534&#038;ssl=1\" alt=\"\" class=\"wp-image-493518\" srcset=\"https:\/\/i0.wp.com\/casadecampoliving.com\/wp-content\/uploads\/2022\/10\/el_diseno_04.jpg?w=800&amp;ssl=1 800w, https:\/\/i0.wp.com\/casadecampoliving.com\/wp-content\/uploads\/2022\/10\/el_diseno_04.jpg?resize=300%2C200&amp;ssl=1 300w, https:\/\/i0.wp.com\/casadecampoliving.com\/wp-content\/uploads\/2022\/10\/el_diseno_04.jpg?resize=768%2C513&amp;ssl=1 768w, https:\/\/i0.wp.com\/casadecampoliving.com\/wp-content\/uploads\/2022\/10\/el_diseno_04.jpg?resize=400%2C267&amp;ssl=1 400w, https:\/\/i0.wp.com\/casadecampoliving.com\/wp-content\/uploads\/2022\/10\/el_diseno_04.jpg?resize=706%2C471&amp;ssl=1 706w, https:\/\/i0.wp.com\/casadecampoliving.com\/wp-content\/uploads\/2022\/10\/el_diseno_04.jpg?resize=150%2C100&amp;ssl=1 150w, https:\/\/i0.wp.com\/casadecampoliving.com\/wp-content\/uploads\/2022\/10\/el_diseno_04.jpg?w=370&amp;ssl=1 370w\" sizes=\"auto, (max-width: 800px) 100vw, 800px\" \/><\/figure>\n\n\n\n<figure class=\"wp-block-image size-large\"><img data-recalc-dims=\"1\" loading=\"lazy\" decoding=\"async\" width=\"800\" height=\"534\" data-id=\"493524\" src=\"https:\/\/i0.wp.com\/casadecampoliving.com\/wp-content\/uploads\/2022\/10\/el_diseno_05.jpg?resize=800%2C534&#038;ssl=1\" alt=\"\" class=\"wp-image-493524\" srcset=\"https:\/\/i0.wp.com\/casadecampoliving.com\/wp-content\/uploads\/2022\/10\/el_diseno_05.jpg?w=800&amp;ssl=1 800w, https:\/\/i0.wp.com\/casadecampoliving.com\/wp-content\/uploads\/2022\/10\/el_diseno_05.jpg?resize=300%2C200&amp;ssl=1 300w, https:\/\/i0.wp.com\/casadecampoliving.com\/wp-content\/uploads\/2022\/10\/el_diseno_05.jpg?resize=768%2C513&amp;ssl=1 768w, https:\/\/i0.wp.com\/casadecampoliving.com\/wp-content\/uploads\/2022\/10\/el_diseno_05.jpg?resize=400%2C267&amp;ssl=1 400w, https:\/\/i0.wp.com\/casadecampoliving.com\/wp-content\/uploads\/2022\/10\/el_diseno_05.jpg?resize=706%2C471&amp;ssl=1 706w, https:\/\/i0.wp.com\/casadecampoliving.com\/wp-content\/uploads\/2022\/10\/el_diseno_05.jpg?resize=150%2C100&amp;ssl=1 150w, https:\/\/i0.wp.com\/casadecampoliving.com\/wp-content\/uploads\/2022\/10\/el_diseno_05.jpg?w=370&amp;ssl=1 370w\" sizes=\"auto, (max-width: 800px) 100vw, 800px\" \/><\/figure>\n\n\n\n<figure class=\"wp-block-image size-large\"><img data-recalc-dims=\"1\" loading=\"lazy\" decoding=\"async\" width=\"400\" height=\"600\" data-id=\"493532\" src=\"https:\/\/i0.wp.com\/casadecampoliving.com\/wp-content\/uploads\/2022\/10\/el_diseno_06.jpg?resize=400%2C600&#038;ssl=1\" alt=\"\" class=\"wp-image-493532\" srcset=\"https:\/\/i0.wp.com\/casadecampoliving.com\/wp-content\/uploads\/2022\/10\/el_diseno_06.jpg?w=400&amp;ssl=1 400w, https:\/\/i0.wp.com\/casadecampoliving.com\/wp-content\/uploads\/2022\/10\/el_diseno_06.jpg?resize=200%2C300&amp;ssl=1 200w, https:\/\/i0.wp.com\/casadecampoliving.com\/wp-content\/uploads\/2022\/10\/el_diseno_06.jpg?resize=150%2C225&amp;ssl=1 150w, https:\/\/i0.wp.com\/casadecampoliving.com\/wp-content\/uploads\/2022\/10\/el_diseno_06.jpg?w=370&amp;ssl=1 370w\" sizes=\"auto, (max-width: 400px) 100vw, 400px\" \/><\/figure>\n\n\n\n<figure class=\"wp-block-image size-large\"><img data-recalc-dims=\"1\" loading=\"lazy\" decoding=\"async\" width=\"800\" height=\"534\" data-id=\"493540\" src=\"https:\/\/i0.wp.com\/casadecampoliving.com\/wp-content\/uploads\/2022\/10\/el_diseno_07.jpg?resize=800%2C534&#038;ssl=1\" alt=\"\" class=\"wp-image-493540\" srcset=\"https:\/\/i0.wp.com\/casadecampoliving.com\/wp-content\/uploads\/2022\/10\/el_diseno_07.jpg?w=800&amp;ssl=1 800w, https:\/\/i0.wp.com\/casadecampoliving.com\/wp-content\/uploads\/2022\/10\/el_diseno_07.jpg?resize=300%2C200&amp;ssl=1 300w, https:\/\/i0.wp.com\/casadecampoliving.com\/wp-content\/uploads\/2022\/10\/el_diseno_07.jpg?resize=768%2C513&amp;ssl=1 768w, https:\/\/i0.wp.com\/casadecampoliving.com\/wp-content\/uploads\/2022\/10\/el_diseno_07.jpg?resize=400%2C267&amp;ssl=1 400w, https:\/\/i0.wp.com\/casadecampoliving.com\/wp-content\/uploads\/2022\/10\/el_diseno_07.jpg?resize=706%2C471&amp;ssl=1 706w, https:\/\/i0.wp.com\/casadecampoliving.com\/wp-content\/uploads\/2022\/10\/el_diseno_07.jpg?resize=150%2C100&amp;ssl=1 150w, https:\/\/i0.wp.com\/casadecampoliving.com\/wp-content\/uploads\/2022\/10\/el_diseno_07.jpg?w=370&amp;ssl=1 370w\" sizes=\"auto, (max-width: 800px) 100vw, 800px\" \/><\/figure>\n\n\n\n<figure class=\"wp-block-image size-large\"><img data-recalc-dims=\"1\" loading=\"lazy\" decoding=\"async\" width=\"800\" height=\"534\" data-id=\"493548\" src=\"https:\/\/i0.wp.com\/casadecampoliving.com\/wp-content\/uploads\/2022\/10\/el_diseno_08.jpg?resize=800%2C534&#038;ssl=1\" alt=\"\" class=\"wp-image-493548\" srcset=\"https:\/\/i0.wp.com\/casadecampoliving.com\/wp-content\/uploads\/2022\/10\/el_diseno_08.jpg?w=800&amp;ssl=1 800w, https:\/\/i0.wp.com\/casadecampoliving.com\/wp-content\/uploads\/2022\/10\/el_diseno_08.jpg?resize=300%2C200&amp;ssl=1 300w, https:\/\/i0.wp.com\/casadecampoliving.com\/wp-content\/uploads\/2022\/10\/el_diseno_08.jpg?resize=768%2C513&amp;ssl=1 768w, https:\/\/i0.wp.com\/casadecampoliving.com\/wp-content\/uploads\/2022\/10\/el_diseno_08.jpg?resize=400%2C267&amp;ssl=1 400w, https:\/\/i0.wp.com\/casadecampoliving.com\/wp-content\/uploads\/2022\/10\/el_diseno_08.jpg?resize=706%2C471&amp;ssl=1 706w, https:\/\/i0.wp.com\/casadecampoliving.com\/wp-content\/uploads\/2022\/10\/el_diseno_08.jpg?resize=150%2C100&amp;ssl=1 150w, https:\/\/i0.wp.com\/casadecampoliving.com\/wp-content\/uploads\/2022\/10\/el_diseno_08.jpg?w=370&amp;ssl=1 370w\" sizes=\"auto, (max-width: 800px) 100vw, 800px\" \/><\/figure>\n\n\n\n<figure class=\"wp-block-image size-large\"><img data-recalc-dims=\"1\" loading=\"lazy\" decoding=\"async\" width=\"800\" height=\"534\" data-id=\"493556\" src=\"https:\/\/i0.wp.com\/casadecampoliving.com\/wp-content\/uploads\/2022\/10\/el_diseno_09.jpg?resize=800%2C534&#038;ssl=1\" alt=\"\" class=\"wp-image-493556\" srcset=\"https:\/\/i0.wp.com\/casadecampoliving.com\/wp-content\/uploads\/2022\/10\/el_diseno_09.jpg?w=800&amp;ssl=1 800w, https:\/\/i0.wp.com\/casadecampoliving.com\/wp-content\/uploads\/2022\/10\/el_diseno_09.jpg?resize=300%2C200&amp;ssl=1 300w, https:\/\/i0.wp.com\/casadecampoliving.com\/wp-content\/uploads\/2022\/10\/el_diseno_09.jpg?resize=768%2C513&amp;ssl=1 768w, https:\/\/i0.wp.com\/casadecampoliving.com\/wp-content\/uploads\/2022\/10\/el_diseno_09.jpg?resize=400%2C267&amp;ssl=1 400w, https:\/\/i0.wp.com\/casadecampoliving.com\/wp-content\/uploads\/2022\/10\/el_diseno_09.jpg?resize=706%2C471&amp;ssl=1 706w, https:\/\/i0.wp.com\/casadecampoliving.com\/wp-content\/uploads\/2022\/10\/el_diseno_09.jpg?resize=150%2C100&amp;ssl=1 150w, https:\/\/i0.wp.com\/casadecampoliving.com\/wp-content\/uploads\/2022\/10\/el_diseno_09.jpg?w=370&amp;ssl=1 370w\" sizes=\"auto, (max-width: 800px) 100vw, 800px\" \/><\/figure>\n\n\n\n<figure class=\"wp-block-image size-large\"><img data-recalc-dims=\"1\" loading=\"lazy\" decoding=\"async\" width=\"800\" height=\"534\" data-id=\"493563\" src=\"https:\/\/i0.wp.com\/casadecampoliving.com\/wp-content\/uploads\/2022\/10\/el_diseno_10.jpg?resize=800%2C534&#038;ssl=1\" alt=\"\" class=\"wp-image-493563\" srcset=\"https:\/\/i0.wp.com\/casadecampoliving.com\/wp-content\/uploads\/2022\/10\/el_diseno_10.jpg?w=800&amp;ssl=1 800w, https:\/\/i0.wp.com\/casadecampoliving.com\/wp-content\/uploads\/2022\/10\/el_diseno_10.jpg?resize=300%2C200&amp;ssl=1 300w, https:\/\/i0.wp.com\/casadecampoliving.com\/wp-content\/uploads\/2022\/10\/el_diseno_10.jpg?resize=768%2C513&amp;ssl=1 768w, https:\/\/i0.wp.com\/casadecampoliving.com\/wp-content\/uploads\/2022\/10\/el_diseno_10.jpg?resize=400%2C267&amp;ssl=1 400w, https:\/\/i0.wp.com\/casadecampoliving.com\/wp-content\/uploads\/2022\/10\/el_diseno_10.jpg?resize=706%2C471&amp;ssl=1 706w, https:\/\/i0.wp.com\/casadecampoliving.com\/wp-content\/uploads\/2022\/10\/el_diseno_10.jpg?resize=150%2C100&amp;ssl=1 150w, https:\/\/i0.wp.com\/casadecampoliving.com\/wp-content\/uploads\/2022\/10\/el_diseno_10.jpg?w=370&amp;ssl=1 370w\" sizes=\"auto, (max-width: 800px) 100vw, 800px\" \/><\/figure>\n\n\n\n<figure class=\"wp-block-image size-large\"><img data-recalc-dims=\"1\" loading=\"lazy\" decoding=\"async\" width=\"800\" height=\"534\" data-id=\"493571\" src=\"https:\/\/i0.wp.com\/casadecampoliving.com\/wp-content\/uploads\/2022\/10\/el_diseno_11.jpg?resize=800%2C534&#038;ssl=1\" alt=\"\" class=\"wp-image-493571\" srcset=\"https:\/\/i0.wp.com\/casadecampoliving.com\/wp-content\/uploads\/2022\/10\/el_diseno_11.jpg?w=800&amp;ssl=1 800w, https:\/\/i0.wp.com\/casadecampoliving.com\/wp-content\/uploads\/2022\/10\/el_diseno_11.jpg?resize=300%2C200&amp;ssl=1 300w, https:\/\/i0.wp.com\/casadecampoliving.com\/wp-content\/uploads\/2022\/10\/el_diseno_11.jpg?resize=768%2C513&amp;ssl=1 768w, https:\/\/i0.wp.com\/casadecampoliving.com\/wp-content\/uploads\/2022\/10\/el_diseno_11.jpg?resize=400%2C267&amp;ssl=1 400w, https:\/\/i0.wp.com\/casadecampoliving.com\/wp-content\/uploads\/2022\/10\/el_diseno_11.jpg?resize=706%2C471&amp;ssl=1 706w, https:\/\/i0.wp.com\/casadecampoliving.com\/wp-content\/uploads\/2022\/10\/el_diseno_11.jpg?resize=150%2C100&amp;ssl=1 150w, https:\/\/i0.wp.com\/casadecampoliving.com\/wp-content\/uploads\/2022\/10\/el_diseno_11.jpg?w=370&amp;ssl=1 370w\" sizes=\"auto, (max-width: 800px) 100vw, 800px\" \/><\/figure>\n\n\n\n<figure class=\"wp-block-image size-large\"><img data-recalc-dims=\"1\" loading=\"lazy\" decoding=\"async\" width=\"800\" height=\"534\" data-id=\"493578\" src=\"https:\/\/i0.wp.com\/casadecampoliving.com\/wp-content\/uploads\/2022\/10\/el_diseno_12.jpg?resize=800%2C534&#038;ssl=1\" alt=\"\" class=\"wp-image-493578\" srcset=\"https:\/\/i0.wp.com\/casadecampoliving.com\/wp-content\/uploads\/2022\/10\/el_diseno_12.jpg?w=800&amp;ssl=1 800w, https:\/\/i0.wp.com\/casadecampoliving.com\/wp-content\/uploads\/2022\/10\/el_diseno_12.jpg?resize=300%2C200&amp;ssl=1 300w, https:\/\/i0.wp.com\/casadecampoliving.com\/wp-content\/uploads\/2022\/10\/el_diseno_12.jpg?resize=768%2C513&amp;ssl=1 768w, https:\/\/i0.wp.com\/casadecampoliving.com\/wp-content\/uploads\/2022\/10\/el_diseno_12.jpg?resize=400%2C267&amp;ssl=1 400w, https:\/\/i0.wp.com\/casadecampoliving.com\/wp-content\/uploads\/2022\/10\/el_diseno_12.jpg?resize=706%2C471&amp;ssl=1 706w, https:\/\/i0.wp.com\/casadecampoliving.com\/wp-content\/uploads\/2022\/10\/el_diseno_12.jpg?resize=150%2C100&amp;ssl=1 150w, https:\/\/i0.wp.com\/casadecampoliving.com\/wp-content\/uploads\/2022\/10\/el_diseno_12.jpg?w=370&amp;ssl=1 370w\" sizes=\"auto, (max-width: 800px) 100vw, 800px\" \/><\/figure>\n\n\n\n<figure class=\"wp-block-image size-large\"><img data-recalc-dims=\"1\" loading=\"lazy\" decoding=\"async\" width=\"800\" height=\"534\" data-id=\"493586\" src=\"https:\/\/i0.wp.com\/casadecampoliving.com\/wp-content\/uploads\/2022\/10\/el_diseno_13.jpg?resize=800%2C534&#038;ssl=1\" alt=\"\" class=\"wp-image-493586\" srcset=\"https:\/\/i0.wp.com\/casadecampoliving.com\/wp-content\/uploads\/2022\/10\/el_diseno_13.jpg?w=800&amp;ssl=1 800w, https:\/\/i0.wp.com\/casadecampoliving.com\/wp-content\/uploads\/2022\/10\/el_diseno_13.jpg?resize=300%2C200&amp;ssl=1 300w, https:\/\/i0.wp.com\/casadecampoliving.com\/wp-content\/uploads\/2022\/10\/el_diseno_13.jpg?resize=768%2C513&amp;ssl=1 768w, https:\/\/i0.wp.com\/casadecampoliving.com\/wp-content\/uploads\/2022\/10\/el_diseno_13.jpg?resize=400%2C267&amp;ssl=1 400w, https:\/\/i0.wp.com\/casadecampoliving.com\/wp-content\/uploads\/2022\/10\/el_diseno_13.jpg?resize=706%2C471&amp;ssl=1 706w, https:\/\/i0.wp.com\/casadecampoliving.com\/wp-content\/uploads\/2022\/10\/el_diseno_13.jpg?resize=150%2C100&amp;ssl=1 150w, https:\/\/i0.wp.com\/casadecampoliving.com\/wp-content\/uploads\/2022\/10\/el_diseno_13.jpg?w=370&amp;ssl=1 370w\" sizes=\"auto, (max-width: 800px) 100vw, 800px\" \/><\/figure>\n\n\n\n<figure class=\"wp-block-image size-large\"><img data-recalc-dims=\"1\" loading=\"lazy\" decoding=\"async\" width=\"800\" height=\"534\" data-id=\"493594\" src=\"https:\/\/i0.wp.com\/casadecampoliving.com\/wp-content\/uploads\/2022\/10\/el_diseno_14.jpg?resize=800%2C534&#038;ssl=1\" alt=\"\" class=\"wp-image-493594\" srcset=\"https:\/\/i0.wp.com\/casadecampoliving.com\/wp-content\/uploads\/2022\/10\/el_diseno_14.jpg?w=800&amp;ssl=1 800w, https:\/\/i0.wp.com\/casadecampoliving.com\/wp-content\/uploads\/2022\/10\/el_diseno_14.jpg?resize=300%2C200&amp;ssl=1 300w, https:\/\/i0.wp.com\/casadecampoliving.com\/wp-content\/uploads\/2022\/10\/el_diseno_14.jpg?resize=768%2C513&amp;ssl=1 768w, https:\/\/i0.wp.com\/casadecampoliving.com\/wp-content\/uploads\/2022\/10\/el_diseno_14.jpg?resize=400%2C267&amp;ssl=1 400w, https:\/\/i0.wp.com\/casadecampoliving.com\/wp-content\/uploads\/2022\/10\/el_diseno_14.jpg?resize=706%2C471&amp;ssl=1 706w, https:\/\/i0.wp.com\/casadecampoliving.com\/wp-content\/uploads\/2022\/10\/el_diseno_14.jpg?resize=150%2C100&amp;ssl=1 150w, https:\/\/i0.wp.com\/casadecampoliving.com\/wp-content\/uploads\/2022\/10\/el_diseno_14.jpg?w=370&amp;ssl=1 370w\" sizes=\"auto, (max-width: 800px) 100vw, 800px\" \/><\/figure>\n\n\n\n<figure class=\"wp-block-image size-large\"><img data-recalc-dims=\"1\" loading=\"lazy\" decoding=\"async\" width=\"800\" height=\"534\" data-id=\"493602\" src=\"https:\/\/i0.wp.com\/casadecampoliving.com\/wp-content\/uploads\/2022\/10\/el_diseno_15.jpg?resize=800%2C534&#038;ssl=1\" alt=\"\" class=\"wp-image-493602\" srcset=\"https:\/\/i0.wp.com\/casadecampoliving.com\/wp-content\/uploads\/2022\/10\/el_diseno_15.jpg?w=800&amp;ssl=1 800w, https:\/\/i0.wp.com\/casadecampoliving.com\/wp-content\/uploads\/2022\/10\/el_diseno_15.jpg?resize=300%2C200&amp;ssl=1 300w, https:\/\/i0.wp.com\/casadecampoliving.com\/wp-content\/uploads\/2022\/10\/el_diseno_15.jpg?resize=768%2C513&amp;ssl=1 768w, https:\/\/i0.wp.com\/casadecampoliving.com\/wp-content\/uploads\/2022\/10\/el_diseno_15.jpg?resize=400%2C267&amp;ssl=1 400w, https:\/\/i0.wp.com\/casadecampoliving.com\/wp-content\/uploads\/2022\/10\/el_diseno_15.jpg?resize=706%2C471&amp;ssl=1 706w, https:\/\/i0.wp.com\/casadecampoliving.com\/wp-content\/uploads\/2022\/10\/el_diseno_15.jpg?resize=150%2C100&amp;ssl=1 150w, https:\/\/i0.wp.com\/casadecampoliving.com\/wp-content\/uploads\/2022\/10\/el_diseno_15.jpg?w=370&amp;ssl=1 370w\" sizes=\"auto, (max-width: 800px) 100vw, 800px\" \/><\/figure>\n\n\n\n<figure class=\"wp-block-image size-large\"><img data-recalc-dims=\"1\" loading=\"lazy\" decoding=\"async\" width=\"800\" height=\"534\" data-id=\"493610\" src=\"https:\/\/i0.wp.com\/casadecampoliving.com\/wp-content\/uploads\/2022\/10\/el_diseno_16.jpg?resize=800%2C534&#038;ssl=1\" alt=\"\" class=\"wp-image-493610\" srcset=\"https:\/\/i0.wp.com\/casadecampoliving.com\/wp-content\/uploads\/2022\/10\/el_diseno_16.jpg?w=800&amp;ssl=1 800w, https:\/\/i0.wp.com\/casadecampoliving.com\/wp-content\/uploads\/2022\/10\/el_diseno_16.jpg?resize=300%2C200&amp;ssl=1 300w, https:\/\/i0.wp.com\/casadecampoliving.com\/wp-content\/uploads\/2022\/10\/el_diseno_16.jpg?resize=768%2C513&amp;ssl=1 768w, https:\/\/i0.wp.com\/casadecampoliving.com\/wp-content\/uploads\/2022\/10\/el_diseno_16.jpg?resize=400%2C267&amp;ssl=1 400w, https:\/\/i0.wp.com\/casadecampoliving.com\/wp-content\/uploads\/2022\/10\/el_diseno_16.jpg?resize=706%2C471&amp;ssl=1 706w, https:\/\/i0.wp.com\/casadecampoliving.com\/wp-content\/uploads\/2022\/10\/el_diseno_16.jpg?resize=150%2C100&amp;ssl=1 150w, https:\/\/i0.wp.com\/casadecampoliving.com\/wp-content\/uploads\/2022\/10\/el_diseno_16.jpg?w=370&amp;ssl=1 370w\" sizes=\"auto, (max-width: 800px) 100vw, 800px\" \/><\/figure>\n<\/figure>\n<\/strong>","protected":false},"excerpt":{"rendered":"<p>El pasado s\u00e1bado, 22 de agosto, La Fundaci\u00f3n Centro Cultural Altos de Chav\u00f3n inaugur\u00f3 en su galer\u00eda principal la exposici\u00f3n de la renombrada dise\u00f1adora de modas, Jenny Polanco,\u00a0\u00abEl Dise\u00f1o como una expresi\u00f3n de Identidad\u00bb.<\/p>\n","protected":false},"author":34707,"featured_media":285680,"comment_status":"closed","ping_status":"closed","sticky":false,"template":"","format":"standard","meta":{"newspack_ads_suppress_ads":false,"newspack_popups_has_disabled_popups":false,"newspack_sponsor_sponsorship_scope":"","newspack_sponsor_native_byline_display":"inherit","newspack_sponsor_native_category_display":"inherit","newspack_sponsor_underwriter_style":"inherit","newspack_sponsor_underwriter_placement":"inherit","_newspack_byline_active":false,"_newspack_byline":"","newspack_content_restriction_is_exempt":false,"newspack_featured_image_position":"","newspack_post_subtitle":"","newspack_article_summary_title":"Overview:","newspack_article_summary":"","newspack_hide_updated_date":false,"newspack_show_updated_date":false,"_jetpack_memberships_contains_paid_content":false,"footnotes":"","jetpack_publicize_message":"","jetpack_publicize_feature_enabled":true,"jetpack_social_post_already_shared":false,"jetpack_social_options":{"image_generator_settings":{"template":"highway","default_image_id":0,"font":"","enabled":false},"version":2},"_wpas_customize_per_network":false},"categories":[26819,26823,26936,26951,2526,14625,14627],"tags":[15387,3575,2536,6474,2557,4903,6127],"newspack_spnsrs_tax":[],"class_list":["post-348145","post","type-post","status-publish","format-standard","has-post-thumbnail","hentry","category-altos-de-chavon-es","category-arte-y-cultura","category-casa-de-campo-living-es","category-ccl-presenta","category-titulares-es","category-noticias-locales","category-proximamente","tag-altos-de-chavon-es","tag-altos-de-chavon-es-2","tag-arte","tag-exhibicion","tag-exhibicion-de-arte","tag-jenny-polanco-es","tag-la-galeria","entry"],"yoast_head":"<!-- This site is optimized with the Yoast SEO plugin v27.3 - https:\/\/yoast.com\/product\/yoast-seo-wordpress\/ -->\n<title>Jenny Polanco inaugura exposici\u00f3n:\u00a0&quot;El Dise\u00f1o como una expresi\u00f3n de Identidad&quot; | Casa de Campo Living<\/title>\n<meta name=\"description\" content=\"El pasado s\u00e1bado, 22 de agosto, La Fundaci\u00f3n Centro Cultural Altos de Chav\u00f3n inaugur\u00f3 en su galer\u00eda principal la exposici\u00f3n de la renombrada dise\u00f1adora de\" \/>\n<meta name=\"robots\" content=\"index, follow, max-snippet:-1, max-image-preview:large, max-video-preview:-1\" \/>\n<link rel=\"canonical\" href=\"https:\/\/casadecampoliving.com\/es\/jenny-polanco-inaugura-nueva-exposicion\/\" \/>\n<meta property=\"og:locale\" content=\"es_ES\" \/>\n<meta property=\"og:type\" content=\"article\" \/>\n<meta property=\"og:title\" content=\"Jenny Polanco inaugura exposici\u00f3n:\u00a0&quot;El Dise\u00f1o como una expresi\u00f3n de Identidad&quot; | Casa de Campo Living\" \/>\n<meta property=\"og:description\" content=\"El pasado s\u00e1bado, 22 de agosto, La Fundaci\u00f3n Centro Cultural Altos de Chav\u00f3n inaugur\u00f3 en su galer\u00eda principal la exposici\u00f3n de la renombrada dise\u00f1adora de\" \/>\n<meta property=\"og:url\" content=\"https:\/\/casadecampoliving.com\/es\/jenny-polanco-inaugura-nueva-exposicion\/\" \/>\n<meta property=\"og:site_name\" content=\"Casa de Campo Living\" \/>\n<meta property=\"article:publisher\" content=\"https:\/\/www.facebook.com\/casadecampoliving\" \/>\n<meta property=\"article:published_time\" content=\"2015-08-28T04:00:00+00:00\" \/>\n<meta property=\"article:modified_time\" content=\"2022-11-10T14:43:56+00:00\" \/>\n<meta property=\"og:image\" content=\"https:\/\/i0.wp.com\/casadecampoliving.com\/wp-content\/uploads\/2022\/10\/Jenny_Polanco_Exhibit_Header-1.jpg?fit=650%2C400&ssl=1\" \/>\n\t<meta property=\"og:image:width\" content=\"650\" \/>\n\t<meta property=\"og:image:height\" content=\"400\" \/>\n\t<meta property=\"og:image:type\" content=\"image\/jpeg\" \/>\n<meta name=\"author\" content=\"Felix Guerrero\" \/>\n<meta name=\"twitter:card\" content=\"summary_large_image\" \/>\n<meta name=\"twitter:creator\" content=\"@cdcliving\" \/>\n<meta name=\"twitter:site\" content=\"@cdcliving\" \/>\n<meta name=\"twitter:label1\" content=\"Escrito por\" \/>\n\t<meta name=\"twitter:data1\" content=\"Felix Guerrero\" \/>\n\t<meta name=\"twitter:label2\" content=\"Tiempo de lectura\" \/>\n\t<meta name=\"twitter:data2\" content=\"2 minutos\" \/>\n<script type=\"application\/ld+json\" class=\"yoast-schema-graph\">{\"@context\":\"https:\\\/\\\/schema.org\",\"@graph\":[{\"@type\":\"Article\",\"@id\":\"https:\\\/\\\/casadecampoliving.com\\\/es\\\/jenny-polanco-inaugura-nueva-exposicion\\\/#article\",\"isPartOf\":{\"@id\":\"https:\\\/\\\/casadecampoliving.com\\\/es\\\/jenny-polanco-inaugura-nueva-exposicion\\\/\"},\"author\":{\"name\":\"Felix Guerrero\",\"@id\":\"https:\\\/\\\/casadecampoliving.com\\\/es\\\/#\\\/schema\\\/person\\\/0d45cfc6e376a2f15ac9a92421bd4451\"},\"headline\":\"Jenny Polanco inaugura exposici\u00f3n:\u00a0\u00abEl Dise\u00f1o como una expresi\u00f3n de Identidad\u00bb\",\"datePublished\":\"2015-08-28T04:00:00+00:00\",\"dateModified\":\"2022-11-10T14:43:56+00:00\",\"mainEntityOfPage\":{\"@id\":\"https:\\\/\\\/casadecampoliving.com\\\/es\\\/jenny-polanco-inaugura-nueva-exposicion\\\/\"},\"wordCount\":394,\"publisher\":{\"@id\":\"https:\\\/\\\/casadecampoliving.com\\\/es\\\/#organization\"},\"image\":{\"@id\":\"https:\\\/\\\/casadecampoliving.com\\\/es\\\/jenny-polanco-inaugura-nueva-exposicion\\\/#primaryimage\"},\"thumbnailUrl\":\"https:\\\/\\\/i0.wp.com\\\/casadecampoliving.com\\\/wp-content\\\/uploads\\\/2022\\\/10\\\/Jenny_Polanco_Exhibit_Header-1.jpg?fit=650%2C400&ssl=1\",\"keywords\":[\"Altos de Chavon\",\"Altos de Chavon -es\",\"arte\",\"exhibicion\",\"exhibicion de arte\",\"jenny polanco @es\",\"la galeria\"],\"articleSection\":[\"Altos de Chavon @es\",\"Arte y cultura\",\"Casa de Campo Living @es\",\"CCL presenta\",\"Titulares\",\"Noticias Locales\",\"Proximamente\"],\"inLanguage\":\"es\"},{\"@type\":\"WebPage\",\"@id\":\"https:\\\/\\\/casadecampoliving.com\\\/es\\\/jenny-polanco-inaugura-nueva-exposicion\\\/\",\"url\":\"https:\\\/\\\/casadecampoliving.com\\\/es\\\/jenny-polanco-inaugura-nueva-exposicion\\\/\",\"name\":\"Jenny Polanco inaugura exposici\u00f3n:\u00a0\\\"El Dise\u00f1o como una expresi\u00f3n de Identidad\\\" | Casa de Campo Living\",\"isPartOf\":{\"@id\":\"https:\\\/\\\/casadecampoliving.com\\\/es\\\/#website\"},\"primaryImageOfPage\":{\"@id\":\"https:\\\/\\\/casadecampoliving.com\\\/es\\\/jenny-polanco-inaugura-nueva-exposicion\\\/#primaryimage\"},\"image\":{\"@id\":\"https:\\\/\\\/casadecampoliving.com\\\/es\\\/jenny-polanco-inaugura-nueva-exposicion\\\/#primaryimage\"},\"thumbnailUrl\":\"https:\\\/\\\/i0.wp.com\\\/casadecampoliving.com\\\/wp-content\\\/uploads\\\/2022\\\/10\\\/Jenny_Polanco_Exhibit_Header-1.jpg?fit=650%2C400&ssl=1\",\"datePublished\":\"2015-08-28T04:00:00+00:00\",\"dateModified\":\"2022-11-10T14:43:56+00:00\",\"description\":\"El pasado s\u00e1bado, 22 de agosto, La Fundaci\u00f3n Centro Cultural Altos de Chav\u00f3n inaugur\u00f3 en su galer\u00eda principal la exposici\u00f3n de la renombrada dise\u00f1adora de\",\"breadcrumb\":{\"@id\":\"https:\\\/\\\/casadecampoliving.com\\\/es\\\/jenny-polanco-inaugura-nueva-exposicion\\\/#breadcrumb\"},\"inLanguage\":\"es\",\"potentialAction\":[{\"@type\":\"ReadAction\",\"target\":[\"https:\\\/\\\/casadecampoliving.com\\\/es\\\/jenny-polanco-inaugura-nueva-exposicion\\\/\"]}]},{\"@type\":\"ImageObject\",\"inLanguage\":\"es\",\"@id\":\"https:\\\/\\\/casadecampoliving.com\\\/es\\\/jenny-polanco-inaugura-nueva-exposicion\\\/#primaryimage\",\"url\":\"https:\\\/\\\/i0.wp.com\\\/casadecampoliving.com\\\/wp-content\\\/uploads\\\/2022\\\/10\\\/Jenny_Polanco_Exhibit_Header-1.jpg?fit=650%2C400&ssl=1\",\"contentUrl\":\"https:\\\/\\\/i0.wp.com\\\/casadecampoliving.com\\\/wp-content\\\/uploads\\\/2022\\\/10\\\/Jenny_Polanco_Exhibit_Header-1.jpg?fit=650%2C400&ssl=1\",\"width\":650,\"height\":400,\"caption\":\"Jenny Polanco Exhibit Header\"},{\"@type\":\"BreadcrumbList\",\"@id\":\"https:\\\/\\\/casadecampoliving.com\\\/es\\\/jenny-polanco-inaugura-nueva-exposicion\\\/#breadcrumb\",\"itemListElement\":[{\"@type\":\"ListItem\",\"position\":1,\"name\":\"Home\",\"item\":\"https:\\\/\\\/casadecampoliving.com\\\/es\\\/\"},{\"@type\":\"ListItem\",\"position\":2,\"name\":\"Jenny Polanco inaugura exposici\u00f3n:\u00a0&#8220;El Dise\u00f1o como una expresi\u00f3n de Identidad&#8221;\"}]},{\"@type\":\"WebSite\",\"@id\":\"https:\\\/\\\/casadecampoliving.com\\\/es\\\/#website\",\"url\":\"https:\\\/\\\/casadecampoliving.com\\\/es\\\/\",\"name\":\"Casa de Campo Living\",\"description\":\"Resort community news and resources.\",\"publisher\":{\"@id\":\"https:\\\/\\\/casadecampoliving.com\\\/es\\\/#organization\"},\"potentialAction\":[{\"@type\":\"SearchAction\",\"target\":{\"@type\":\"EntryPoint\",\"urlTemplate\":\"https:\\\/\\\/casadecampoliving.com\\\/es\\\/?s={search_term_string}\"},\"query-input\":{\"@type\":\"PropertyValueSpecification\",\"valueRequired\":true,\"valueName\":\"search_term_string\"}}],\"inLanguage\":\"es\"},{\"@type\":\"Organization\",\"@id\":\"https:\\\/\\\/casadecampoliving.com\\\/es\\\/#organization\",\"name\":\"Casa de Campo Living\",\"url\":\"https:\\\/\\\/casadecampoliving.com\\\/es\\\/\",\"logo\":{\"@type\":\"ImageObject\",\"inLanguage\":\"es\",\"@id\":\"https:\\\/\\\/casadecampoliving.com\\\/es\\\/#\\\/schema\\\/logo\\\/image\\\/\",\"url\":\"https:\\\/\\\/i0.wp.com\\\/casadecampoliving.com\\\/wp-content\\\/uploads\\\/2022\\\/07\\\/CDCLivingLogo_V1-white-sized.png?fit=800%2C214&ssl=1\",\"contentUrl\":\"https:\\\/\\\/i0.wp.com\\\/casadecampoliving.com\\\/wp-content\\\/uploads\\\/2022\\\/07\\\/CDCLivingLogo_V1-white-sized.png?fit=800%2C214&ssl=1\",\"width\":800,\"height\":214,\"caption\":\"Casa de Campo Living\"},\"image\":{\"@id\":\"https:\\\/\\\/casadecampoliving.com\\\/es\\\/#\\\/schema\\\/logo\\\/image\\\/\"},\"sameAs\":[\"https:\\\/\\\/www.facebook.com\\\/casadecampoliving\",\"https:\\\/\\\/x.com\\\/cdcliving\"]},{\"@type\":\"Person\",\"@id\":\"https:\\\/\\\/casadecampoliving.com\\\/es\\\/#\\\/schema\\\/person\\\/0d45cfc6e376a2f15ac9a92421bd4451\",\"name\":\"Felix Guerrero\",\"image\":{\"@type\":\"ImageObject\",\"inLanguage\":\"es\",\"@id\":\"https:\\\/\\\/secure.gravatar.com\\\/avatar\\\/14a8050b9491854cab6ae2240dcb42ad0fad787b7fa453ad0991fd1262157df3?s=96&d=mm&r=g\",\"url\":\"https:\\\/\\\/secure.gravatar.com\\\/avatar\\\/14a8050b9491854cab6ae2240dcb42ad0fad787b7fa453ad0991fd1262157df3?s=96&d=mm&r=g\",\"contentUrl\":\"https:\\\/\\\/secure.gravatar.com\\\/avatar\\\/14a8050b9491854cab6ae2240dcb42ad0fad787b7fa453ad0991fd1262157df3?s=96&d=mm&r=g\",\"caption\":\"Felix Guerrero\"},\"url\":\"https:\\\/\\\/casadecampoliving.com\\\/es\\\/author\\\/fguerrero\\\/\"}]}<\/script>\n<!-- \/ Yoast SEO plugin. -->","yoast_head_json":{"title":"Jenny Polanco inaugura exposici\u00f3n:\u00a0\"El Dise\u00f1o como una expresi\u00f3n de Identidad\" | Casa de Campo Living","description":"El pasado s\u00e1bado, 22 de agosto, La Fundaci\u00f3n Centro Cultural Altos de Chav\u00f3n inaugur\u00f3 en su galer\u00eda principal la exposici\u00f3n de la renombrada dise\u00f1adora de","robots":{"index":"index","follow":"follow","max-snippet":"max-snippet:-1","max-image-preview":"max-image-preview:large","max-video-preview":"max-video-preview:-1"},"canonical":"https:\/\/casadecampoliving.com\/es\/jenny-polanco-inaugura-nueva-exposicion\/","og_locale":"es_ES","og_type":"article","og_title":"Jenny Polanco inaugura exposici\u00f3n:\u00a0\"El Dise\u00f1o como una expresi\u00f3n de Identidad\" | Casa de Campo Living","og_description":"El pasado s\u00e1bado, 22 de agosto, La Fundaci\u00f3n Centro Cultural Altos de Chav\u00f3n inaugur\u00f3 en su galer\u00eda principal la exposici\u00f3n de la renombrada dise\u00f1adora de","og_url":"https:\/\/casadecampoliving.com\/es\/jenny-polanco-inaugura-nueva-exposicion\/","og_site_name":"Casa de Campo Living","article_publisher":"https:\/\/www.facebook.com\/casadecampoliving","article_published_time":"2015-08-28T04:00:00+00:00","article_modified_time":"2022-11-10T14:43:56+00:00","og_image":[{"width":650,"height":400,"url":"https:\/\/i0.wp.com\/casadecampoliving.com\/wp-content\/uploads\/2022\/10\/Jenny_Polanco_Exhibit_Header-1.jpg?fit=650%2C400&ssl=1","type":"image\/jpeg"}],"author":"Felix Guerrero","twitter_card":"summary_large_image","twitter_creator":"@cdcliving","twitter_site":"@cdcliving","twitter_misc":{"Escrito por":"Felix Guerrero","Tiempo de lectura":"2 minutos"},"schema":{"@context":"https:\/\/schema.org","@graph":[{"@type":"Article","@id":"https:\/\/casadecampoliving.com\/es\/jenny-polanco-inaugura-nueva-exposicion\/#article","isPartOf":{"@id":"https:\/\/casadecampoliving.com\/es\/jenny-polanco-inaugura-nueva-exposicion\/"},"author":{"name":"Felix Guerrero","@id":"https:\/\/casadecampoliving.com\/es\/#\/schema\/person\/0d45cfc6e376a2f15ac9a92421bd4451"},"headline":"Jenny Polanco inaugura exposici\u00f3n:\u00a0\u00abEl Dise\u00f1o como una expresi\u00f3n de Identidad\u00bb","datePublished":"2015-08-28T04:00:00+00:00","dateModified":"2022-11-10T14:43:56+00:00","mainEntityOfPage":{"@id":"https:\/\/casadecampoliving.com\/es\/jenny-polanco-inaugura-nueva-exposicion\/"},"wordCount":394,"publisher":{"@id":"https:\/\/casadecampoliving.com\/es\/#organization"},"image":{"@id":"https:\/\/casadecampoliving.com\/es\/jenny-polanco-inaugura-nueva-exposicion\/#primaryimage"},"thumbnailUrl":"https:\/\/i0.wp.com\/casadecampoliving.com\/wp-content\/uploads\/2022\/10\/Jenny_Polanco_Exhibit_Header-1.jpg?fit=650%2C400&ssl=1","keywords":["Altos de Chavon","Altos de Chavon -es","arte","exhibicion","exhibicion de arte","jenny polanco @es","la galeria"],"articleSection":["Altos de Chavon @es","Arte y cultura","Casa de Campo Living @es","CCL presenta","Titulares","Noticias Locales","Proximamente"],"inLanguage":"es"},{"@type":"WebPage","@id":"https:\/\/casadecampoliving.com\/es\/jenny-polanco-inaugura-nueva-exposicion\/","url":"https:\/\/casadecampoliving.com\/es\/jenny-polanco-inaugura-nueva-exposicion\/","name":"Jenny Polanco inaugura exposici\u00f3n:\u00a0\"El Dise\u00f1o como una expresi\u00f3n de Identidad\" | Casa de Campo Living","isPartOf":{"@id":"https:\/\/casadecampoliving.com\/es\/#website"},"primaryImageOfPage":{"@id":"https:\/\/casadecampoliving.com\/es\/jenny-polanco-inaugura-nueva-exposicion\/#primaryimage"},"image":{"@id":"https:\/\/casadecampoliving.com\/es\/jenny-polanco-inaugura-nueva-exposicion\/#primaryimage"},"thumbnailUrl":"https:\/\/i0.wp.com\/casadecampoliving.com\/wp-content\/uploads\/2022\/10\/Jenny_Polanco_Exhibit_Header-1.jpg?fit=650%2C400&ssl=1","datePublished":"2015-08-28T04:00:00+00:00","dateModified":"2022-11-10T14:43:56+00:00","description":"El pasado s\u00e1bado, 22 de agosto, La Fundaci\u00f3n Centro Cultural Altos de Chav\u00f3n inaugur\u00f3 en su galer\u00eda principal la exposici\u00f3n de la renombrada dise\u00f1adora de","breadcrumb":{"@id":"https:\/\/casadecampoliving.com\/es\/jenny-polanco-inaugura-nueva-exposicion\/#breadcrumb"},"inLanguage":"es","potentialAction":[{"@type":"ReadAction","target":["https:\/\/casadecampoliving.com\/es\/jenny-polanco-inaugura-nueva-exposicion\/"]}]},{"@type":"ImageObject","inLanguage":"es","@id":"https:\/\/casadecampoliving.com\/es\/jenny-polanco-inaugura-nueva-exposicion\/#primaryimage","url":"https:\/\/i0.wp.com\/casadecampoliving.com\/wp-content\/uploads\/2022\/10\/Jenny_Polanco_Exhibit_Header-1.jpg?fit=650%2C400&ssl=1","contentUrl":"https:\/\/i0.wp.com\/casadecampoliving.com\/wp-content\/uploads\/2022\/10\/Jenny_Polanco_Exhibit_Header-1.jpg?fit=650%2C400&ssl=1","width":650,"height":400,"caption":"Jenny Polanco Exhibit Header"},{"@type":"BreadcrumbList","@id":"https:\/\/casadecampoliving.com\/es\/jenny-polanco-inaugura-nueva-exposicion\/#breadcrumb","itemListElement":[{"@type":"ListItem","position":1,"name":"Home","item":"https:\/\/casadecampoliving.com\/es\/"},{"@type":"ListItem","position":2,"name":"Jenny Polanco inaugura exposici\u00f3n:\u00a0&#8220;El Dise\u00f1o como una expresi\u00f3n de Identidad&#8221;"}]},{"@type":"WebSite","@id":"https:\/\/casadecampoliving.com\/es\/#website","url":"https:\/\/casadecampoliving.com\/es\/","name":"Casa de Campo Living","description":"Resort community news and resources.","publisher":{"@id":"https:\/\/casadecampoliving.com\/es\/#organization"},"potentialAction":[{"@type":"SearchAction","target":{"@type":"EntryPoint","urlTemplate":"https:\/\/casadecampoliving.com\/es\/?s={search_term_string}"},"query-input":{"@type":"PropertyValueSpecification","valueRequired":true,"valueName":"search_term_string"}}],"inLanguage":"es"},{"@type":"Organization","@id":"https:\/\/casadecampoliving.com\/es\/#organization","name":"Casa de Campo Living","url":"https:\/\/casadecampoliving.com\/es\/","logo":{"@type":"ImageObject","inLanguage":"es","@id":"https:\/\/casadecampoliving.com\/es\/#\/schema\/logo\/image\/","url":"https:\/\/i0.wp.com\/casadecampoliving.com\/wp-content\/uploads\/2022\/07\/CDCLivingLogo_V1-white-sized.png?fit=800%2C214&ssl=1","contentUrl":"https:\/\/i0.wp.com\/casadecampoliving.com\/wp-content\/uploads\/2022\/07\/CDCLivingLogo_V1-white-sized.png?fit=800%2C214&ssl=1","width":800,"height":214,"caption":"Casa de Campo Living"},"image":{"@id":"https:\/\/casadecampoliving.com\/es\/#\/schema\/logo\/image\/"},"sameAs":["https:\/\/www.facebook.com\/casadecampoliving","https:\/\/x.com\/cdcliving"]},{"@type":"Person","@id":"https:\/\/casadecampoliving.com\/es\/#\/schema\/person\/0d45cfc6e376a2f15ac9a92421bd4451","name":"Felix Guerrero","image":{"@type":"ImageObject","inLanguage":"es","@id":"https:\/\/secure.gravatar.com\/avatar\/14a8050b9491854cab6ae2240dcb42ad0fad787b7fa453ad0991fd1262157df3?s=96&d=mm&r=g","url":"https:\/\/secure.gravatar.com\/avatar\/14a8050b9491854cab6ae2240dcb42ad0fad787b7fa453ad0991fd1262157df3?s=96&d=mm&r=g","contentUrl":"https:\/\/secure.gravatar.com\/avatar\/14a8050b9491854cab6ae2240dcb42ad0fad787b7fa453ad0991fd1262157df3?s=96&d=mm&r=g","caption":"Felix Guerrero"},"url":"https:\/\/casadecampoliving.com\/es\/author\/fguerrero\/"}]}},"parsely":{"version":"1.1.0","canonical_url":"https:\/\/casadecampoliving.com\/es\/jenny-polanco-inaugura-nueva-exposicion\/","smart_links":{"inbound":0,"outbound":0},"traffic_boost_suggestions_count":0,"meta":{"@context":"https:\/\/schema.org","@type":"NewsArticle","headline":"Jenny Polanco inaugura exposici\u00f3n:\u00a0\u00abEl Dise\u00f1o como una expresi\u00f3n de Identidad\u00bb","url":"http:\/\/casadecampoliving.com\/es\/jenny-polanco-inaugura-nueva-exposicion\/","mainEntityOfPage":{"@type":"WebPage","@id":"http:\/\/casadecampoliving.com\/es\/jenny-polanco-inaugura-nueva-exposicion\/"},"thumbnailUrl":"https:\/\/i0.wp.com\/casadecampoliving.com\/wp-content\/uploads\/2022\/10\/Jenny_Polanco_Exhibit_Header-1.jpg?resize=150%2C150&ssl=1","image":{"@type":"ImageObject","url":"https:\/\/i0.wp.com\/casadecampoliving.com\/wp-content\/uploads\/2022\/10\/Jenny_Polanco_Exhibit_Header-1.jpg?fit=650%2C400&ssl=1"},"articleSection":"Altos de Chavon @es","author":[{"@type":"Person","name":"Felix Guerrero"}],"creator":["Felix Guerrero"],"publisher":{"@type":"Organization","name":"Casa de Campo Living","logo":"https:\/\/casadecampoliving.com\/wp-content\/uploads\/2022\/07\/CDCLivingLogo_V1-white-sized.png"},"keywords":["altos de chavon","arte","exhibicion","exhibicion de arte","jenny polanco @es","la galeria"],"dateCreated":"2015-08-28T04:00:00Z","datePublished":"2015-08-28T04:00:00Z","dateModified":"2022-11-10T14:43:56Z"},"rendered":"<script type=\"application\/ld+json\" class=\"wp-parsely-metadata\">{\"@context\":\"https:\\\/\\\/schema.org\",\"@type\":\"NewsArticle\",\"headline\":\"Jenny Polanco inaugura exposici\\u00f3n:\\u00a0\\u00abEl Dise\\u00f1o como una expresi\\u00f3n de Identidad\\u00bb\",\"url\":\"http:\\\/\\\/casadecampoliving.com\\\/es\\\/jenny-polanco-inaugura-nueva-exposicion\\\/\",\"mainEntityOfPage\":{\"@type\":\"WebPage\",\"@id\":\"http:\\\/\\\/casadecampoliving.com\\\/es\\\/jenny-polanco-inaugura-nueva-exposicion\\\/\"},\"thumbnailUrl\":\"https:\\\/\\\/i0.wp.com\\\/casadecampoliving.com\\\/wp-content\\\/uploads\\\/2022\\\/10\\\/Jenny_Polanco_Exhibit_Header-1.jpg?resize=150%2C150&ssl=1\",\"image\":{\"@type\":\"ImageObject\",\"url\":\"https:\\\/\\\/i0.wp.com\\\/casadecampoliving.com\\\/wp-content\\\/uploads\\\/2022\\\/10\\\/Jenny_Polanco_Exhibit_Header-1.jpg?fit=650%2C400&ssl=1\"},\"articleSection\":\"Altos de Chavon @es\",\"author\":[{\"@type\":\"Person\",\"name\":\"Felix Guerrero\"}],\"creator\":[\"Felix Guerrero\"],\"publisher\":{\"@type\":\"Organization\",\"name\":\"Casa de Campo Living\",\"logo\":\"https:\\\/\\\/casadecampoliving.com\\\/wp-content\\\/uploads\\\/2022\\\/07\\\/CDCLivingLogo_V1-white-sized.png\"},\"keywords\":[\"altos de chavon\",\"arte\",\"exhibicion\",\"exhibicion de arte\",\"jenny polanco @es\",\"la galeria\"],\"dateCreated\":\"2015-08-28T04:00:00Z\",\"datePublished\":\"2015-08-28T04:00:00Z\",\"dateModified\":\"2022-11-10T14:43:56Z\"}<\/script>","tracker_url":"https:\/\/cdn.parsely.com\/keys\/casadecampoliving.com\/p.js"},"jetpack_publicize_connections":[],"jetpack_featured_media_url":"https:\/\/i0.wp.com\/casadecampoliving.com\/wp-content\/uploads\/2022\/10\/Jenny_Polanco_Exhibit_Header-1.jpg?fit=650%2C400&ssl=1","jetpack-related-posts":[{"id":347762,"url":"https:\/\/casadecampoliving.com\/es\/jenny-polanco-tiziano-de-stefano-presentan-el-diseno-como-muestra-de-identidad\/","url_meta":{"origin":348145,"position":0},"title":"Jenny Polanco &#038; Tiziano de Stefano presentan \u00abEl Dise\u00f1o Como Muestra de Identidad\u00bb","author":"Perkin Agramonte","date":"12 Jul, 2015","format":false,"excerpt":"La dise\u00f1adora de moda dominicana, defensora cultural y due\u00f1a de villa de Casa de Campo, Jenny Polanco, se encuentra muy activa. El s\u00e1bado 22 de agosto, Jenny Polanco invita a la inauguraci\u00f3n de su m\u00e1s reciente exposici\u00f3n de arte \u201cEl Dise\u00f1o Como Muestra de identidad\u201d, una colaboraci\u00f3n con el fot\u00f3grafo\u2026","rel":"","context":"En \u00abAltos de Chavon @es\u00bb","block_context":{"text":"Altos de Chavon @es","link":"https:\/\/casadecampoliving.com\/category\/altos-de-chavon-es\/"},"img":{"alt_text":"","src":"https:\/\/i0.wp.com\/casadecampoliving.com\/wp-content\/uploads\/2022\/10\/JennyPolanco-1.jpg?fit=800%2C554&ssl=1&resize=350%2C200","width":350,"height":200,"srcset":"https:\/\/i0.wp.com\/casadecampoliving.com\/wp-content\/uploads\/2022\/10\/JennyPolanco-1.jpg?fit=800%2C554&ssl=1&resize=350%2C200 1x, https:\/\/i0.wp.com\/casadecampoliving.com\/wp-content\/uploads\/2022\/10\/JennyPolanco-1.jpg?fit=800%2C554&ssl=1&resize=525%2C300 1.5x, https:\/\/i0.wp.com\/casadecampoliving.com\/wp-content\/uploads\/2022\/10\/JennyPolanco-1.jpg?fit=800%2C554&ssl=1&resize=700%2C400 2x"},"classes":[]},{"id":348372,"url":"https:\/\/casadecampoliving.com\/es\/exposicion-jenny-polanco-tiziano-de-stefano\/","url_meta":{"origin":348145,"position":1},"title":"Exposici\u00f3n de Jenny Polanco y Tiziano de Stefano en Santo Domingo ma\u00f1ana","author":"Felix Guerrero","date":"7 Oct, 2015","format":false,"excerpt":"Si no tuvo la oportunidad de visitar la colecci\u00f3n\u00a0\u201cEl Dise\u00f1o Como Muestra de Identidad\u201d de Tiziano De Stefano en la galer\u00eda de Chav\u00f3n en julio, todav\u00eda tiene la oportunidad de verla \u2013 esta vez, asociada con algunos de los propios dise\u00f1os de Jenny Polanco! Si est\u00e1\u00a0en Santo Domingo ma\u00f1ana por\u2026","rel":"","context":"En \u00abArte y cultura\u00bb","block_context":{"text":"Arte y cultura","link":"https:\/\/casadecampoliving.com\/category\/arte-y-cultura\/"},"img":{"alt_text":"Jenny Polanco modified","src":"https:\/\/i0.wp.com\/casadecampoliving.com\/wp-content\/uploads\/2022\/10\/Jenny-Polanco-modified-1.jpg?fit=650%2C400&ssl=1&resize=350%2C200","width":350,"height":200,"srcset":"https:\/\/i0.wp.com\/casadecampoliving.com\/wp-content\/uploads\/2022\/10\/Jenny-Polanco-modified-1.jpg?fit=650%2C400&ssl=1&resize=350%2C200 1x, https:\/\/i0.wp.com\/casadecampoliving.com\/wp-content\/uploads\/2022\/10\/Jenny-Polanco-modified-1.jpg?fit=650%2C400&ssl=1&resize=525%2C300 1.5x"},"classes":[]},{"id":339539,"url":"https:\/\/casadecampoliving.com\/es\/un-adelanto-de-la-exhibicion-buscando-esencias-presentada-por-jenny-polanco-y-emiliano-larizza\/","url_meta":{"origin":348145,"position":2},"title":"Un adelanto de la exhibici\u00f3n \u00abBuscando Esencias\u00bb presentada por Jenny Polanco y Emiliano Larizza","author":"","date":"10 Ago, 2012","format":false,"excerpt":"Con poca frecuencia se tiene la oportunidad de disfrutar\u00a0 una exhibici\u00f3n de arte que combine el talento de dos grandes artistas, por lo que hoy, a solo unas horas de la apertura de la nueva exhibici\u00f3n \"Buscando Esencias\", presentada por Jenny Polanco y Emiliano Larizza en la galer\u00eda de arte\u2026","rel":"","context":"En \u00abAltos de Chavon @es\u00bb","block_context":{"text":"Altos de Chavon @es","link":"https:\/\/casadecampoliving.com\/category\/altos-de-chavon-es\/"},"img":{"alt_text":"jenny polanco","src":"https:\/\/i0.wp.com\/casadecampoliving.com\/wp-content\/uploads\/2022\/10\/jenny_polanco-19.jpg?fit=650%2C433&ssl=1&resize=350%2C200","width":350,"height":200,"srcset":"https:\/\/i0.wp.com\/casadecampoliving.com\/wp-content\/uploads\/2022\/10\/jenny_polanco-19.jpg?fit=650%2C433&ssl=1&resize=350%2C200 1x, https:\/\/i0.wp.com\/casadecampoliving.com\/wp-content\/uploads\/2022\/10\/jenny_polanco-19.jpg?fit=650%2C433&ssl=1&resize=525%2C300 1.5x"},"classes":[]},{"id":433460,"url":"https:\/\/casadecampoliving.com\/es\/no-se-pierdan-el-increible-tributo-a-frank-sinatra-para-celebrar-el-40-aniversario-del-anfiteatro-altos-de-chavon\/","url_meta":{"origin":348145,"position":3},"title":"No se pierdan el incre\u00edble tributo a Frank Sinatra para celebrar el 40 aniversario del\u00a0Anfiteatro Altos de Chav\u00f3n","author":"Casa de Campo Living","date":"20 Oct, 2022","format":false,"excerpt":"Siendo uno de los escenarios m\u00e1s emblem\u00e1ticos del pa\u00eds, Casa de Campo Resort\u00ae & Villas celebra las cuatro d\u00e9cadas de aniversario de Altos de Chav\u00f3n con un tributo al gran Frank Sinatra, protagonizado por artistas invitados y una big band tal cual la que acompa\u00f1\u00f3 al artista hace 40 a\u00f1os\u2026","rel":"","context":"En \u00abUncategorized @es\u00bb","block_context":{"text":"Uncategorized @es","link":"https:\/\/casadecampoliving.com\/es\/category\/uncategorized-es\/"},"img":{"alt_text":"","src":"https:\/\/i0.wp.com\/casadecampoliving.com\/wp-content\/uploads\/2022\/10\/Tributo-Frank-Sinatra-Foto-Principal-Amaury-Sanchez-Danilo-Ginebra-Andres-Pichardo-y-Jose-Gabriel-Perez-.jpg?fit=1200%2C873&ssl=1&resize=350%2C200","width":350,"height":200,"srcset":"https:\/\/i0.wp.com\/casadecampoliving.com\/wp-content\/uploads\/2022\/10\/Tributo-Frank-Sinatra-Foto-Principal-Amaury-Sanchez-Danilo-Ginebra-Andres-Pichardo-y-Jose-Gabriel-Perez-.jpg?fit=1200%2C873&ssl=1&resize=350%2C200 1x, https:\/\/i0.wp.com\/casadecampoliving.com\/wp-content\/uploads\/2022\/10\/Tributo-Frank-Sinatra-Foto-Principal-Amaury-Sanchez-Danilo-Ginebra-Andres-Pichardo-y-Jose-Gabriel-Perez-.jpg?fit=1200%2C873&ssl=1&resize=525%2C300 1.5x, https:\/\/i0.wp.com\/casadecampoliving.com\/wp-content\/uploads\/2022\/10\/Tributo-Frank-Sinatra-Foto-Principal-Amaury-Sanchez-Danilo-Ginebra-Andres-Pichardo-y-Jose-Gabriel-Perez-.jpg?fit=1200%2C873&ssl=1&resize=700%2C400 2x, https:\/\/i0.wp.com\/casadecampoliving.com\/wp-content\/uploads\/2022\/10\/Tributo-Frank-Sinatra-Foto-Principal-Amaury-Sanchez-Danilo-Ginebra-Andres-Pichardo-y-Jose-Gabriel-Perez-.jpg?fit=1200%2C873&ssl=1&resize=1050%2C600 3x"},"classes":[]},{"id":348923,"url":"https:\/\/casadecampoliving.com\/es\/exhibicion-winter-selection-en-el-jenny-polanco-project-en-altos-de-chavon\/","url_meta":{"origin":348145,"position":4},"title":"Exhibici\u00f3n \u00abWinter Selection\u00bb en el Jenny Polanco Project en Altos de Chav\u00f3n","author":"Heather Lincoln","date":"29 Dic, 2015","format":false,"excerpt":"La exhibici\u00f3n m\u00e1s reciente de Casa Quien, Winter Selection (Selecci\u00f3n de Invierno), se encuentra disponible en el Jenny Polanco Project en Altos de Chav\u00f3n. Las obras que componen la exhibici\u00f3n son de diferentes tipos de arte, desde dibujos y esculturas hasta artwear, de un grupo de artistas entre los cuales\u2026","rel":"","context":"En \u00abAltos de Chavon @es\u00bb","block_context":{"text":"Altos de Chavon @es","link":"https:\/\/casadecampoliving.com\/category\/altos-de-chavon-es\/"},"img":{"alt_text":"Jenny Polanco Winter Selection 2","src":"https:\/\/i0.wp.com\/casadecampoliving.com\/wp-content\/uploads\/2022\/10\/Jenny-Polanco-Winter-Selection-2-1.jpg?fit=650%2C400&ssl=1&resize=350%2C200","width":350,"height":200,"srcset":"https:\/\/i0.wp.com\/casadecampoliving.com\/wp-content\/uploads\/2022\/10\/Jenny-Polanco-Winter-Selection-2-1.jpg?fit=650%2C400&ssl=1&resize=350%2C200 1x, https:\/\/i0.wp.com\/casadecampoliving.com\/wp-content\/uploads\/2022\/10\/Jenny-Polanco-Winter-Selection-2-1.jpg?fit=650%2C400&ssl=1&resize=525%2C300 1.5x"},"classes":[]},{"id":345087,"url":"https:\/\/casadecampoliving.com\/es\/jenny-polanco-y-yael-duval-presentan-good-bad-hair\/","url_meta":{"origin":348145,"position":5},"title":"Jenny Polanco y Yael Duval presentan \u00abGood&#8230;Bad Hair\u00bb","author":"Daniela Medina","date":"9 Ago, 2014","format":false,"excerpt":"La dise\u00f1adora de modas dominicana,\u00a0defensora cultural y due\u00f1a de villa de Casa de Campo, Jenny Polanco, lo hace de nuevo! Viernes 15 de agosto, Jenny Polanco les invita a la apertura de su ultima exhibici\u00f3n de arte \u201cGood\u2026Bad Hair\u201d una combinaci\u00f3n de arte, moda y fotograf\u00eda encantadora. Esta nueva exhibici\u00f3n,\u2026","rel":"","context":"En \u00abAltos de Chavon @es\u00bb","block_context":{"text":"Altos de Chavon @es","link":"https:\/\/casadecampoliving.com\/category\/altos-de-chavon-es\/"},"img":{"alt_text":"","src":"https:\/\/i0.wp.com\/casadecampoliving.com\/wp-content\/uploads\/2022\/10\/Jenny_Polanco_2-1.jpg?fit=650%2C464&ssl=1&resize=350%2C200","width":350,"height":200,"srcset":"https:\/\/i0.wp.com\/casadecampoliving.com\/wp-content\/uploads\/2022\/10\/Jenny_Polanco_2-1.jpg?fit=650%2C464&ssl=1&resize=350%2C200 1x, https:\/\/i0.wp.com\/casadecampoliving.com\/wp-content\/uploads\/2022\/10\/Jenny_Polanco_2-1.jpg?fit=650%2C464&ssl=1&resize=525%2C300 1.5x"},"classes":[]}],"jetpack_sharing_enabled":true,"_links":{"self":[{"href":"https:\/\/casadecampoliving.com\/es\/wp-json\/wp\/v2\/posts\/348145","targetHints":{"allow":["GET"]}}],"collection":[{"href":"https:\/\/casadecampoliving.com\/es\/wp-json\/wp\/v2\/posts"}],"about":[{"href":"https:\/\/casadecampoliving.com\/es\/wp-json\/wp\/v2\/types\/post"}],"author":[{"embeddable":true,"href":"https:\/\/casadecampoliving.com\/es\/wp-json\/wp\/v2\/users\/34707"}],"replies":[{"embeddable":true,"href":"https:\/\/casadecampoliving.com\/es\/wp-json\/wp\/v2\/comments?post=348145"}],"version-history":[{"count":2,"href":"https:\/\/casadecampoliving.com\/es\/wp-json\/wp\/v2\/posts\/348145\/revisions"}],"predecessor-version":[{"id":509674,"href":"https:\/\/casadecampoliving.com\/es\/wp-json\/wp\/v2\/posts\/348145\/revisions\/509674"}],"wp:featuredmedia":[{"embeddable":true,"href":"https:\/\/casadecampoliving.com\/es\/wp-json\/wp\/v2\/media\/285680"}],"wp:attachment":[{"href":"https:\/\/casadecampoliving.com\/es\/wp-json\/wp\/v2\/media?parent=348145"}],"wp:term":[{"taxonomy":"category","embeddable":true,"href":"https:\/\/casadecampoliving.com\/es\/wp-json\/wp\/v2\/categories?post=348145"},{"taxonomy":"post_tag","embeddable":true,"href":"https:\/\/casadecampoliving.com\/es\/wp-json\/wp\/v2\/tags?post=348145"},{"taxonomy":"newspack_spnsrs_tax","embeddable":true,"href":"https:\/\/casadecampoliving.com\/es\/wp-json\/wp\/v2\/newspack_spnsrs_tax?post=348145"}],"curies":[{"name":"wp","href":"https:\/\/api.w.org\/{rel}","templated":true}]}}