{"id":348032,"date":"2015-08-10T00:00:00","date_gmt":"2015-08-10T04:00:00","guid":{"rendered":"https:\/\/casadecampoliving.com\/una-noche-para-los-ninos-en-cafe-marietta\/"},"modified":"2022-10-21T18:56:24","modified_gmt":"2022-10-21T22:56:24","slug":"una-noche-para-los-ninos-en-cafe-marietta","status":"publish","type":"post","link":"https:\/\/casadecampoliving.com\/es\/una-noche-para-los-ninos-en-cafe-marietta\/","title":{"rendered":"Una noche para los NI\u00d1OS en Caf\u00e9 Marietta"},"content":{"rendered":"<div class=\"wp-block-image\">\n<figure class=\"aligncenter is-resized\"><img loading=\"lazy\" decoding=\"async\" src=\"https:\/\/i0.wp.com\/casadecampoliving.com\/wp-content\/uploads\/2022\/10\/Cafe_Marietta_Altos_de_Chavon_4.jpg?resize=650%2C366&amp;ssl=1\" alt=\"Caf\u00e9 Marietta, Altos de Chavon_4\" class=\"wp-image-105344\" height=\"366\" width=\"650\"\/><\/figure>\n<\/div>\n\n\n<p>\u00bfTodav\u00eda no has visitado Caf\u00e9 Marietta en Altos de Chav\u00f3n? \u00bfNo? Pues esta semana usted tiene una buena excusa para visitar uno de los lugares con mejor ambiente en las piedras de Altos de Chav\u00f3n; este mi\u00e9rcoles 12 de agosto de 6 a 8pm, Caf\u00e9 Marietta estar\u00e1 organizando una noche para los peque\u00f1ines del Hogar del Ni\u00f1o.<\/p>\n\n\n\n<!--more-->\n\n\n\n<p>Esta noche para los NI\u00d1OS&nbsp;consiste en disfrutar de un cigarro Vega Fina, dos copas de whisky Glenlivet y un aperitivo de su elecci\u00f3n por tan solo 1,200 pesos, todo esto en el ambiente acogedor y relajante de Caf\u00e9 Marietta con su vista impresionante al r\u00edo Chav\u00f3n. Pero lo mejor de todo es que al mismo tiempo estar\u00e1 colaborando con una buena causa ya que todos los fondos recaudados durante la noche ser\u00e1n destinados al Hogar del Ni\u00f1o, un centro educativo y guarder\u00eda ubicado en La Romana.<\/p>\n\n\n\n<p>Caf\u00e9 Marietta es un tratto-pub que abri\u00f3 sus puertas el 25 de diciembre de 2014 y desde entonces se ha convertido en el lugar ideal para comer una de las mejores pizzas en Casa de Campo.<\/p>\n\n\n\n<p>No pierda la oportunidad de disfrutar del acogedor ambiente de Caf\u00e9&nbsp;Marietta a la misma vez que apoya una buena causa.<\/p>\n\n\n\n<blockquote><h3>Una noche para los NI\u00d1OS en&nbsp;Caf\u00e9 Marietta<\/h3><p><strong>Fecha:<\/strong>&nbsp;Mi\u00e9rcoles, 12 de agosto, 6pm \u2013 8pm<\/p><p><strong>Lugar:<\/strong> Caf\u00e9 Marietta, Altos de Chav\u00f3n<\/p><p><strong>Costo:<\/strong> RD$1,200<\/p><p><strong>Incluye:<\/strong>&nbsp;Un cigarro Vega Fina, dos copas de whisky Glenlivet y un aperitivo de su elecci\u00f3n<\/p><figure><img decoding=\"async\" loading=\"lazy\" class=\"aligncenter wp-image-113124\" src=\"https:\/\/i0.wp.com\/casadecampoliving.com\/wp-content\/uploads\/2022\/10\/Cafe_Marietta.jpg?resize=620%2C620&amp;ssl=1\" alt=\"Cafe_Marietta\" width=\"620\" height=\"620\"><\/figure><\/blockquote>\n","protected":false},"excerpt":{"rendered":"<p>\u00bfTodav\u00eda no has visitado Caf\u00e9 Marietta en Altos de Chav\u00f3n? \u00bfNo? Pues esta semana usted tiene una buena excusa para visitar uno de los lugares con mejor ambiente en las piedras de Altos de Chav\u00f3n; este mi\u00e9rcoles 12 de agosto de 6 a 8pm, Caf\u00e9 Marietta estar\u00e1 organizando una noche para los peque\u00f1ines del Hogar [&hellip;]<\/p>\n","protected":false},"author":1097,"featured_media":283153,"comment_status":"closed","ping_status":"closed","sticky":false,"template":"","format":"standard","meta":{"newspack_ads_suppress_ads":false,"newspack_popups_has_disabled_popups":false,"newspack_sponsor_sponsorship_scope":"","newspack_sponsor_native_byline_display":"inherit","newspack_sponsor_native_category_display":"inherit","newspack_sponsor_underwriter_style":"inherit","newspack_sponsor_underwriter_placement":"inherit","_newspack_byline_active":false,"_newspack_byline":"","newspack_hide_updated_date":false,"newspack_show_updated_date":false,"newspack_content_restriction_is_exempt":false,"newspack_featured_image_position":"","newspack_post_subtitle":"","newspack_article_summary_title":"Overview:","newspack_article_summary":"","_jetpack_memberships_contains_paid_content":false,"footnotes":"","jetpack_publicize_message":"","jetpack_publicize_feature_enabled":true,"jetpack_social_post_already_shared":false,"jetpack_social_options":{"image_generator_settings":{"template":"highway","default_image_id":0,"font":"","enabled":false},"version":2},"_wpas_customize_per_network":false},"categories":[26819,26936,26951,2524,14631,2522,2514,2516,14625,14627,2521,26822],"tags":[11715,23815,8094,24387,6371,14876],"newspack_spnsrs_tax":[],"class_list":["post-348032","post","type-post","status-publish","format-standard","has-post-thumbnail","hentry","category-altos-de-chavon-es","category-casa-de-campo-living-es","category-ccl-presenta","category-destacados","category-estilo-de-vida","category-eventos-es","category-fundaciones-es","category-hogar-del-nino-es","category-noticias-locales","category-proximamente","category-republica-dominicana-2","category-resort-casa-de-campo","tag-cafe-marietta-es","tag-casa-de-campo-es-17","tag-casa-de-campo-community-es","tag-casa-de-campo-living-es","tag-casa-de-campo-resort-es","tag-hogar-del-nino-es","entry"],"yoast_head":"<!-- This site is optimized with the Yoast SEO plugin v27.5 - https:\/\/yoast.com\/product\/yoast-seo-wordpress\/ -->\n<title>Una noche para los NI\u00d1OS en Caf\u00e9 Marietta | Casa de Campo Living<\/title>\n<meta name=\"description\" content=\"\u00bfTodav\u00eda no has visitado Caf\u00e9 Marietta en Altos de Chav\u00f3n? \u00bfNo? Pues esta semana usted tiene una buena excusa para visitar uno de los lugares con mejor\" \/>\n<meta name=\"robots\" content=\"index, follow, max-snippet:-1, max-image-preview:large, max-video-preview:-1\" \/>\n<link rel=\"canonical\" href=\"https:\/\/casadecampoliving.com\/es\/una-noche-para-los-ninos-en-cafe-marietta\/\" \/>\n<meta property=\"og:locale\" content=\"es_ES\" \/>\n<meta property=\"og:type\" content=\"article\" \/>\n<meta property=\"og:title\" content=\"Una noche para los NI\u00d1OS en Caf\u00e9 Marietta | Casa de Campo Living\" \/>\n<meta property=\"og:description\" content=\"\u00bfTodav\u00eda no has visitado Caf\u00e9 Marietta en Altos de Chav\u00f3n? \u00bfNo? Pues esta semana usted tiene una buena excusa para visitar uno de los lugares con mejor\" \/>\n<meta property=\"og:url\" content=\"https:\/\/casadecampoliving.com\/es\/una-noche-para-los-ninos-en-cafe-marietta\/\" \/>\n<meta property=\"og:site_name\" content=\"Casa de Campo Living\" \/>\n<meta property=\"article:publisher\" content=\"https:\/\/www.facebook.com\/casadecampoliving\" \/>\n<meta property=\"article:published_time\" content=\"2015-08-10T04:00:00+00:00\" \/>\n<meta property=\"article:modified_time\" content=\"2022-10-21T22:56:24+00:00\" \/>\n<meta property=\"og:image\" content=\"https:\/\/i0.wp.com\/casadecampoliving.com\/wp-content\/uploads\/2022\/10\/Cafe_Marietta_Altos_de_Chavon_4-1.jpg?fit=650%2C366&ssl=1\" \/>\n\t<meta property=\"og:image:width\" content=\"650\" \/>\n\t<meta property=\"og:image:height\" content=\"366\" \/>\n\t<meta property=\"og:image:type\" content=\"image\/jpeg\" \/>\n<meta name=\"author\" content=\"Perkin Agramonte\" \/>\n<meta name=\"twitter:card\" content=\"summary_large_image\" \/>\n<meta name=\"twitter:creator\" content=\"@cdcliving\" \/>\n<meta name=\"twitter:site\" content=\"@cdcliving\" \/>\n<meta name=\"twitter:label1\" content=\"Escrito por\" \/>\n\t<meta name=\"twitter:data1\" content=\"Perkin Agramonte\" \/>\n\t<meta name=\"twitter:label2\" content=\"Tiempo de lectura\" \/>\n\t<meta name=\"twitter:data2\" content=\"1 minuto\" \/>\n<script type=\"application\/ld+json\" class=\"yoast-schema-graph\">{\"@context\":\"https:\\\/\\\/schema.org\",\"@graph\":[{\"@type\":\"Article\",\"@id\":\"https:\\\/\\\/casadecampoliving.com\\\/es\\\/una-noche-para-los-ninos-en-cafe-marietta\\\/#article\",\"isPartOf\":{\"@id\":\"https:\\\/\\\/casadecampoliving.com\\\/es\\\/una-noche-para-los-ninos-en-cafe-marietta\\\/\"},\"author\":{\"name\":\"Perkin Agramonte\",\"@id\":\"https:\\\/\\\/casadecampoliving.com\\\/es\\\/#\\\/schema\\\/person\\\/c8efa6049510554b7d5fea078d728f72\"},\"headline\":\"Una noche para los NI\u00d1OS en Caf\u00e9 Marietta\",\"datePublished\":\"2015-08-10T04:00:00+00:00\",\"dateModified\":\"2022-10-21T22:56:24+00:00\",\"mainEntityOfPage\":{\"@id\":\"https:\\\/\\\/casadecampoliving.com\\\/es\\\/una-noche-para-los-ninos-en-cafe-marietta\\\/\"},\"wordCount\":265,\"publisher\":{\"@id\":\"https:\\\/\\\/casadecampoliving.com\\\/es\\\/#organization\"},\"image\":{\"@id\":\"https:\\\/\\\/casadecampoliving.com\\\/es\\\/una-noche-para-los-ninos-en-cafe-marietta\\\/#primaryimage\"},\"thumbnailUrl\":\"https:\\\/\\\/i0.wp.com\\\/casadecampoliving.com\\\/wp-content\\\/uploads\\\/2022\\\/10\\\/Cafe_Marietta_Altos_de_Chavon_4-1.jpg?fit=650%2C366&ssl=1\",\"keywords\":[\"Caf\u00e9 Marietta @es\",\"Casa de Campo\",\"Casa de Campo Community @es\",\"Casa de Campo Living\",\"casa de campo resort @es\",\"hogar del nino\"],\"articleSection\":[\"Altos de Chavon @es\",\"Casa de Campo Living @es\",\"CCL presenta\",\"Destacados\",\"Estilo de Vida\",\"Eventos\",\"Fundaciones\",\"Hogar del Ni\u00f1o @es\",\"Noticias Locales\",\"Proximamente\",\"Rep\u00fablica Dominicana @es\",\"Resort Casa de Campo\"],\"inLanguage\":\"es\"},{\"@type\":\"WebPage\",\"@id\":\"https:\\\/\\\/casadecampoliving.com\\\/es\\\/una-noche-para-los-ninos-en-cafe-marietta\\\/\",\"url\":\"https:\\\/\\\/casadecampoliving.com\\\/es\\\/una-noche-para-los-ninos-en-cafe-marietta\\\/\",\"name\":\"Una noche para los NI\u00d1OS en Caf\u00e9 Marietta | Casa de Campo Living\",\"isPartOf\":{\"@id\":\"https:\\\/\\\/casadecampoliving.com\\\/es\\\/#website\"},\"primaryImageOfPage\":{\"@id\":\"https:\\\/\\\/casadecampoliving.com\\\/es\\\/una-noche-para-los-ninos-en-cafe-marietta\\\/#primaryimage\"},\"image\":{\"@id\":\"https:\\\/\\\/casadecampoliving.com\\\/es\\\/una-noche-para-los-ninos-en-cafe-marietta\\\/#primaryimage\"},\"thumbnailUrl\":\"https:\\\/\\\/i0.wp.com\\\/casadecampoliving.com\\\/wp-content\\\/uploads\\\/2022\\\/10\\\/Cafe_Marietta_Altos_de_Chavon_4-1.jpg?fit=650%2C366&ssl=1\",\"datePublished\":\"2015-08-10T04:00:00+00:00\",\"dateModified\":\"2022-10-21T22:56:24+00:00\",\"description\":\"\u00bfTodav\u00eda no has visitado Caf\u00e9 Marietta en Altos de Chav\u00f3n? \u00bfNo? Pues esta semana usted tiene una buena excusa para visitar uno de los lugares con mejor\",\"breadcrumb\":{\"@id\":\"https:\\\/\\\/casadecampoliving.com\\\/es\\\/una-noche-para-los-ninos-en-cafe-marietta\\\/#breadcrumb\"},\"inLanguage\":\"es\",\"potentialAction\":[{\"@type\":\"ReadAction\",\"target\":[\"https:\\\/\\\/casadecampoliving.com\\\/es\\\/una-noche-para-los-ninos-en-cafe-marietta\\\/\"]}]},{\"@type\":\"ImageObject\",\"inLanguage\":\"es\",\"@id\":\"https:\\\/\\\/casadecampoliving.com\\\/es\\\/una-noche-para-los-ninos-en-cafe-marietta\\\/#primaryimage\",\"url\":\"https:\\\/\\\/i0.wp.com\\\/casadecampoliving.com\\\/wp-content\\\/uploads\\\/2022\\\/10\\\/Cafe_Marietta_Altos_de_Chavon_4-1.jpg?fit=650%2C366&ssl=1\",\"contentUrl\":\"https:\\\/\\\/i0.wp.com\\\/casadecampoliving.com\\\/wp-content\\\/uploads\\\/2022\\\/10\\\/Cafe_Marietta_Altos_de_Chavon_4-1.jpg?fit=650%2C366&ssl=1\",\"width\":650,\"height\":366,\"caption\":\"Caf\u00e9 Marietta, Altos de Chavon_4\"},{\"@type\":\"BreadcrumbList\",\"@id\":\"https:\\\/\\\/casadecampoliving.com\\\/es\\\/una-noche-para-los-ninos-en-cafe-marietta\\\/#breadcrumb\",\"itemListElement\":[{\"@type\":\"ListItem\",\"position\":1,\"name\":\"Home\",\"item\":\"https:\\\/\\\/casadecampoliving.com\\\/es\\\/\"},{\"@type\":\"ListItem\",\"position\":2,\"name\":\"Una noche para los NI\u00d1OS en Caf\u00e9 Marietta\"}]},{\"@type\":\"WebSite\",\"@id\":\"https:\\\/\\\/casadecampoliving.com\\\/es\\\/#website\",\"url\":\"https:\\\/\\\/casadecampoliving.com\\\/es\\\/\",\"name\":\"Casa de Campo Living\",\"description\":\"Resort community news and resources.\",\"publisher\":{\"@id\":\"https:\\\/\\\/casadecampoliving.com\\\/es\\\/#organization\"},\"potentialAction\":[{\"@type\":\"SearchAction\",\"target\":{\"@type\":\"EntryPoint\",\"urlTemplate\":\"https:\\\/\\\/casadecampoliving.com\\\/es\\\/?s={search_term_string}\"},\"query-input\":{\"@type\":\"PropertyValueSpecification\",\"valueRequired\":true,\"valueName\":\"search_term_string\"}}],\"inLanguage\":\"es\"},{\"@type\":\"Organization\",\"@id\":\"https:\\\/\\\/casadecampoliving.com\\\/es\\\/#organization\",\"name\":\"Casa de Campo Living\",\"url\":\"https:\\\/\\\/casadecampoliving.com\\\/es\\\/\",\"logo\":{\"@type\":\"ImageObject\",\"inLanguage\":\"es\",\"@id\":\"https:\\\/\\\/casadecampoliving.com\\\/es\\\/#\\\/schema\\\/logo\\\/image\\\/\",\"url\":\"https:\\\/\\\/i0.wp.com\\\/casadecampoliving.com\\\/wp-content\\\/uploads\\\/2022\\\/07\\\/CDCLivingLogo_V1-white-sized.png?fit=800%2C214&ssl=1\",\"contentUrl\":\"https:\\\/\\\/i0.wp.com\\\/casadecampoliving.com\\\/wp-content\\\/uploads\\\/2022\\\/07\\\/CDCLivingLogo_V1-white-sized.png?fit=800%2C214&ssl=1\",\"width\":800,\"height\":214,\"caption\":\"Casa de Campo Living\"},\"image\":{\"@id\":\"https:\\\/\\\/casadecampoliving.com\\\/es\\\/#\\\/schema\\\/logo\\\/image\\\/\"},\"sameAs\":[\"https:\\\/\\\/www.facebook.com\\\/casadecampoliving\",\"https:\\\/\\\/x.com\\\/cdcliving\"]},{\"@type\":\"Person\",\"@id\":\"https:\\\/\\\/casadecampoliving.com\\\/es\\\/#\\\/schema\\\/person\\\/c8efa6049510554b7d5fea078d728f72\",\"name\":\"Perkin Agramonte\",\"image\":{\"@type\":\"ImageObject\",\"inLanguage\":\"es\",\"@id\":\"https:\\\/\\\/secure.gravatar.com\\\/avatar\\\/57bfdafcae55fb83dbb79a1585a9eab7f269b7720fb0b64cb9a4e0cd2962fa10?s=96&d=mm&r=g\",\"url\":\"https:\\\/\\\/secure.gravatar.com\\\/avatar\\\/57bfdafcae55fb83dbb79a1585a9eab7f269b7720fb0b64cb9a4e0cd2962fa10?s=96&d=mm&r=g\",\"contentUrl\":\"https:\\\/\\\/secure.gravatar.com\\\/avatar\\\/57bfdafcae55fb83dbb79a1585a9eab7f269b7720fb0b64cb9a4e0cd2962fa10?s=96&d=mm&r=g\",\"caption\":\"Perkin Agramonte\"},\"url\":\"https:\\\/\\\/casadecampoliving.com\\\/es\\\/author\\\/cagramonte\\\/\"}]}<\/script>\n<!-- \/ Yoast SEO plugin. -->","yoast_head_json":{"title":"Una noche para los NI\u00d1OS en Caf\u00e9 Marietta | Casa de Campo Living","description":"\u00bfTodav\u00eda no has visitado Caf\u00e9 Marietta en Altos de Chav\u00f3n? \u00bfNo? Pues esta semana usted tiene una buena excusa para visitar uno de los lugares con mejor","robots":{"index":"index","follow":"follow","max-snippet":"max-snippet:-1","max-image-preview":"max-image-preview:large","max-video-preview":"max-video-preview:-1"},"canonical":"https:\/\/casadecampoliving.com\/es\/una-noche-para-los-ninos-en-cafe-marietta\/","og_locale":"es_ES","og_type":"article","og_title":"Una noche para los NI\u00d1OS en Caf\u00e9 Marietta | Casa de Campo Living","og_description":"\u00bfTodav\u00eda no has visitado Caf\u00e9 Marietta en Altos de Chav\u00f3n? \u00bfNo? Pues esta semana usted tiene una buena excusa para visitar uno de los lugares con mejor","og_url":"https:\/\/casadecampoliving.com\/es\/una-noche-para-los-ninos-en-cafe-marietta\/","og_site_name":"Casa de Campo Living","article_publisher":"https:\/\/www.facebook.com\/casadecampoliving","article_published_time":"2015-08-10T04:00:00+00:00","article_modified_time":"2022-10-21T22:56:24+00:00","og_image":[{"width":650,"height":366,"url":"https:\/\/i0.wp.com\/casadecampoliving.com\/wp-content\/uploads\/2022\/10\/Cafe_Marietta_Altos_de_Chavon_4-1.jpg?fit=650%2C366&ssl=1","type":"image\/jpeg"}],"author":"Perkin Agramonte","twitter_card":"summary_large_image","twitter_creator":"@cdcliving","twitter_site":"@cdcliving","twitter_misc":{"Escrito por":"Perkin Agramonte","Tiempo de lectura":"1 minuto"},"schema":{"@context":"https:\/\/schema.org","@graph":[{"@type":"Article","@id":"https:\/\/casadecampoliving.com\/es\/una-noche-para-los-ninos-en-cafe-marietta\/#article","isPartOf":{"@id":"https:\/\/casadecampoliving.com\/es\/una-noche-para-los-ninos-en-cafe-marietta\/"},"author":{"name":"Perkin Agramonte","@id":"https:\/\/casadecampoliving.com\/es\/#\/schema\/person\/c8efa6049510554b7d5fea078d728f72"},"headline":"Una noche para los NI\u00d1OS en Caf\u00e9 Marietta","datePublished":"2015-08-10T04:00:00+00:00","dateModified":"2022-10-21T22:56:24+00:00","mainEntityOfPage":{"@id":"https:\/\/casadecampoliving.com\/es\/una-noche-para-los-ninos-en-cafe-marietta\/"},"wordCount":265,"publisher":{"@id":"https:\/\/casadecampoliving.com\/es\/#organization"},"image":{"@id":"https:\/\/casadecampoliving.com\/es\/una-noche-para-los-ninos-en-cafe-marietta\/#primaryimage"},"thumbnailUrl":"https:\/\/i0.wp.com\/casadecampoliving.com\/wp-content\/uploads\/2022\/10\/Cafe_Marietta_Altos_de_Chavon_4-1.jpg?fit=650%2C366&ssl=1","keywords":["Caf\u00e9 Marietta @es","Casa de Campo","Casa de Campo Community @es","Casa de Campo Living","casa de campo resort @es","hogar del nino"],"articleSection":["Altos de Chavon @es","Casa de Campo Living @es","CCL presenta","Destacados","Estilo de Vida","Eventos","Fundaciones","Hogar del Ni\u00f1o @es","Noticias Locales","Proximamente","Rep\u00fablica Dominicana @es","Resort Casa de Campo"],"inLanguage":"es"},{"@type":"WebPage","@id":"https:\/\/casadecampoliving.com\/es\/una-noche-para-los-ninos-en-cafe-marietta\/","url":"https:\/\/casadecampoliving.com\/es\/una-noche-para-los-ninos-en-cafe-marietta\/","name":"Una noche para los NI\u00d1OS en Caf\u00e9 Marietta | Casa de Campo Living","isPartOf":{"@id":"https:\/\/casadecampoliving.com\/es\/#website"},"primaryImageOfPage":{"@id":"https:\/\/casadecampoliving.com\/es\/una-noche-para-los-ninos-en-cafe-marietta\/#primaryimage"},"image":{"@id":"https:\/\/casadecampoliving.com\/es\/una-noche-para-los-ninos-en-cafe-marietta\/#primaryimage"},"thumbnailUrl":"https:\/\/i0.wp.com\/casadecampoliving.com\/wp-content\/uploads\/2022\/10\/Cafe_Marietta_Altos_de_Chavon_4-1.jpg?fit=650%2C366&ssl=1","datePublished":"2015-08-10T04:00:00+00:00","dateModified":"2022-10-21T22:56:24+00:00","description":"\u00bfTodav\u00eda no has visitado Caf\u00e9 Marietta en Altos de Chav\u00f3n? \u00bfNo? Pues esta semana usted tiene una buena excusa para visitar uno de los lugares con mejor","breadcrumb":{"@id":"https:\/\/casadecampoliving.com\/es\/una-noche-para-los-ninos-en-cafe-marietta\/#breadcrumb"},"inLanguage":"es","potentialAction":[{"@type":"ReadAction","target":["https:\/\/casadecampoliving.com\/es\/una-noche-para-los-ninos-en-cafe-marietta\/"]}]},{"@type":"ImageObject","inLanguage":"es","@id":"https:\/\/casadecampoliving.com\/es\/una-noche-para-los-ninos-en-cafe-marietta\/#primaryimage","url":"https:\/\/i0.wp.com\/casadecampoliving.com\/wp-content\/uploads\/2022\/10\/Cafe_Marietta_Altos_de_Chavon_4-1.jpg?fit=650%2C366&ssl=1","contentUrl":"https:\/\/i0.wp.com\/casadecampoliving.com\/wp-content\/uploads\/2022\/10\/Cafe_Marietta_Altos_de_Chavon_4-1.jpg?fit=650%2C366&ssl=1","width":650,"height":366,"caption":"Caf\u00e9 Marietta, Altos de Chavon_4"},{"@type":"BreadcrumbList","@id":"https:\/\/casadecampoliving.com\/es\/una-noche-para-los-ninos-en-cafe-marietta\/#breadcrumb","itemListElement":[{"@type":"ListItem","position":1,"name":"Home","item":"https:\/\/casadecampoliving.com\/es\/"},{"@type":"ListItem","position":2,"name":"Una noche para los NI\u00d1OS en Caf\u00e9 Marietta"}]},{"@type":"WebSite","@id":"https:\/\/casadecampoliving.com\/es\/#website","url":"https:\/\/casadecampoliving.com\/es\/","name":"Casa de Campo Living","description":"Resort community news and resources.","publisher":{"@id":"https:\/\/casadecampoliving.com\/es\/#organization"},"potentialAction":[{"@type":"SearchAction","target":{"@type":"EntryPoint","urlTemplate":"https:\/\/casadecampoliving.com\/es\/?s={search_term_string}"},"query-input":{"@type":"PropertyValueSpecification","valueRequired":true,"valueName":"search_term_string"}}],"inLanguage":"es"},{"@type":"Organization","@id":"https:\/\/casadecampoliving.com\/es\/#organization","name":"Casa de Campo Living","url":"https:\/\/casadecampoliving.com\/es\/","logo":{"@type":"ImageObject","inLanguage":"es","@id":"https:\/\/casadecampoliving.com\/es\/#\/schema\/logo\/image\/","url":"https:\/\/i0.wp.com\/casadecampoliving.com\/wp-content\/uploads\/2022\/07\/CDCLivingLogo_V1-white-sized.png?fit=800%2C214&ssl=1","contentUrl":"https:\/\/i0.wp.com\/casadecampoliving.com\/wp-content\/uploads\/2022\/07\/CDCLivingLogo_V1-white-sized.png?fit=800%2C214&ssl=1","width":800,"height":214,"caption":"Casa de Campo Living"},"image":{"@id":"https:\/\/casadecampoliving.com\/es\/#\/schema\/logo\/image\/"},"sameAs":["https:\/\/www.facebook.com\/casadecampoliving","https:\/\/x.com\/cdcliving"]},{"@type":"Person","@id":"https:\/\/casadecampoliving.com\/es\/#\/schema\/person\/c8efa6049510554b7d5fea078d728f72","name":"Perkin Agramonte","image":{"@type":"ImageObject","inLanguage":"es","@id":"https:\/\/secure.gravatar.com\/avatar\/57bfdafcae55fb83dbb79a1585a9eab7f269b7720fb0b64cb9a4e0cd2962fa10?s=96&d=mm&r=g","url":"https:\/\/secure.gravatar.com\/avatar\/57bfdafcae55fb83dbb79a1585a9eab7f269b7720fb0b64cb9a4e0cd2962fa10?s=96&d=mm&r=g","contentUrl":"https:\/\/secure.gravatar.com\/avatar\/57bfdafcae55fb83dbb79a1585a9eab7f269b7720fb0b64cb9a4e0cd2962fa10?s=96&d=mm&r=g","caption":"Perkin Agramonte"},"url":"https:\/\/casadecampoliving.com\/es\/author\/cagramonte\/"}]}},"parsely":{"version":"1.1.0","canonical_url":"https:\/\/casadecampoliving.com\/es\/una-noche-para-los-ninos-en-cafe-marietta\/","smart_links":{"inbound":0,"outbound":0},"traffic_boost_suggestions_count":0,"meta":{"@context":"https:\/\/schema.org","@type":"NewsArticle","headline":"Una noche para los NI\u00d1OS en Caf\u00e9 Marietta","url":"http:\/\/casadecampoliving.com\/es\/una-noche-para-los-ninos-en-cafe-marietta\/","mainEntityOfPage":{"@type":"WebPage","@id":"http:\/\/casadecampoliving.com\/es\/una-noche-para-los-ninos-en-cafe-marietta\/"},"thumbnailUrl":"https:\/\/i0.wp.com\/casadecampoliving.com\/wp-content\/uploads\/2022\/10\/Cafe_Marietta_Altos_de_Chavon_4-1.jpg?resize=150%2C150&ssl=1","image":{"@type":"ImageObject","url":"https:\/\/i0.wp.com\/casadecampoliving.com\/wp-content\/uploads\/2022\/10\/Cafe_Marietta_Altos_de_Chavon_4-1.jpg?fit=650%2C366&ssl=1"},"articleSection":"Altos de Chavon @es","author":[{"@type":"Person","name":"Perkin Agramonte"}],"creator":["Perkin Agramonte"],"publisher":{"@type":"Organization","name":"Casa de Campo Living","logo":"https:\/\/casadecampoliving.com\/wp-content\/uploads\/2022\/07\/CDCLivingLogo_V1-white-sized.png"},"keywords":["caf\u00e9 marietta @es","casa de campo","casa de campo community @es","casa de campo living","casa de campo resort @es","hogar del nino"],"dateCreated":"2015-08-10T04:00:00Z","datePublished":"2015-08-10T04:00:00Z","dateModified":"2022-10-21T22:56:24Z"},"rendered":"<script type=\"application\/ld+json\" class=\"wp-parsely-metadata\">{\"@context\":\"https:\\\/\\\/schema.org\",\"@type\":\"NewsArticle\",\"headline\":\"Una noche para los NI\\u00d1OS en Caf\\u00e9 Marietta\",\"url\":\"http:\\\/\\\/casadecampoliving.com\\\/es\\\/una-noche-para-los-ninos-en-cafe-marietta\\\/\",\"mainEntityOfPage\":{\"@type\":\"WebPage\",\"@id\":\"http:\\\/\\\/casadecampoliving.com\\\/es\\\/una-noche-para-los-ninos-en-cafe-marietta\\\/\"},\"thumbnailUrl\":\"https:\\\/\\\/i0.wp.com\\\/casadecampoliving.com\\\/wp-content\\\/uploads\\\/2022\\\/10\\\/Cafe_Marietta_Altos_de_Chavon_4-1.jpg?resize=150%2C150&ssl=1\",\"image\":{\"@type\":\"ImageObject\",\"url\":\"https:\\\/\\\/i0.wp.com\\\/casadecampoliving.com\\\/wp-content\\\/uploads\\\/2022\\\/10\\\/Cafe_Marietta_Altos_de_Chavon_4-1.jpg?fit=650%2C366&ssl=1\"},\"articleSection\":\"Altos de Chavon @es\",\"author\":[{\"@type\":\"Person\",\"name\":\"Perkin Agramonte\"}],\"creator\":[\"Perkin Agramonte\"],\"publisher\":{\"@type\":\"Organization\",\"name\":\"Casa de Campo Living\",\"logo\":\"https:\\\/\\\/casadecampoliving.com\\\/wp-content\\\/uploads\\\/2022\\\/07\\\/CDCLivingLogo_V1-white-sized.png\"},\"keywords\":[\"caf\\u00e9 marietta @es\",\"casa de campo\",\"casa de campo community @es\",\"casa de campo living\",\"casa de campo resort @es\",\"hogar del nino\"],\"dateCreated\":\"2015-08-10T04:00:00Z\",\"datePublished\":\"2015-08-10T04:00:00Z\",\"dateModified\":\"2022-10-21T22:56:24Z\"}<\/script>","tracker_url":"https:\/\/cdn.parsely.com\/keys\/casadecampoliving.com\/p.js"},"jetpack_publicize_connections":[],"jetpack_featured_media_url":"https:\/\/i0.wp.com\/casadecampoliving.com\/wp-content\/uploads\/2022\/10\/Cafe_Marietta_Altos_de_Chavon_4-1.jpg?fit=650%2C366&ssl=1","jetpack-related-posts":[{"id":348521,"url":"https:\/\/casadecampoliving.com\/es\/4o-edicion-del-evento-a-night-for-the-kids-en-cafe-marietta\/","url_meta":{"origin":348032,"position":0},"title":"4\u00ba edici\u00f3n de \u00abA Night for the Kids\u00bb en Caf\u00e9 Marietta","author":"Perkin Agramonte","date":"31 Oct, 2015","format":false,"excerpt":"La cuarta edici\u00f3n del evento mensual caritativo A Night for the Kids ser\u00e1 el mi\u00e9rcoles 11 de noviembre en Caf\u00e9 Marietta en Altos de Chav\u00f3n. A Night for the Kids ha venido a ser uno de los principales eventos filantropicos dentro de Casa. A diferencia del Caf\u00e9 de la Leche\u2026","rel":"","context":"En \u00abAltos de Chavon @es\u00bb","block_context":{"text":"Altos de Chavon @es","link":"https:\/\/casadecampoliving.com\/category\/altos-de-chavon-es\/"},"img":{"alt_text":"Caf\u00e9 Marietta, Altos de Chavon_4","src":"https:\/\/i0.wp.com\/casadecampoliving.com\/wp-content\/uploads\/2022\/10\/Cafe_Marietta_Altos_de_Chavon_4-1.jpg?fit=650%2C366&ssl=1&resize=350%2C200","width":350,"height":200,"srcset":"https:\/\/i0.wp.com\/casadecampoliving.com\/wp-content\/uploads\/2022\/10\/Cafe_Marietta_Altos_de_Chavon_4-1.jpg?fit=650%2C366&ssl=1&resize=350%2C200 1x, https:\/\/i0.wp.com\/casadecampoliving.com\/wp-content\/uploads\/2022\/10\/Cafe_Marietta_Altos_de_Chavon_4-1.jpg?fit=650%2C366&ssl=1&resize=525%2C300 1.5x"},"classes":[]},{"id":348106,"url":"https:\/\/casadecampoliving.com\/es\/whisky-y-cigarros-en-cafe-marietta\/","url_meta":{"origin":348032,"position":1},"title":"\u00a1Whisky y Cigarros \u00abPara los Ni\u00f1os\u00bb en Caf\u00e9 Marietta!","author":"Perkin Agramonte","date":"24 Ago, 2015","format":false,"excerpt":"No hay nada m\u00e1s satisfactorio que disfrutar los placeres de la vida y al mismo tiempo ayudar a\u00a0quienes lo necesitan... y eso es exactamente de lo que disfrut\u00f3 la comunidad de Casa de Campo el pasado mi\u00e9rcoles 12 de agosto en Caf\u00e9 Marietta en Altos de Chav\u00f3n. \"Una Noche Para\u2026","rel":"","context":"En \u00abAltos de Chavon @es\u00bb","block_context":{"text":"Altos de Chavon @es","link":"https:\/\/casadecampoliving.com\/category\/altos-de-chavon-es\/"},"img":{"alt_text":"","src":"https:\/\/i0.wp.com\/casadecampoliving.com\/wp-content\/uploads\/2022\/10\/Cafe_Marietta_Altos_de_Chavon-2.jpg?fit=1024%2C683&ssl=1&resize=350%2C200","width":350,"height":200,"srcset":"https:\/\/i0.wp.com\/casadecampoliving.com\/wp-content\/uploads\/2022\/10\/Cafe_Marietta_Altos_de_Chavon-2.jpg?fit=1024%2C683&ssl=1&resize=350%2C200 1x, https:\/\/i0.wp.com\/casadecampoliving.com\/wp-content\/uploads\/2022\/10\/Cafe_Marietta_Altos_de_Chavon-2.jpg?fit=1024%2C683&ssl=1&resize=525%2C300 1.5x, https:\/\/i0.wp.com\/casadecampoliving.com\/wp-content\/uploads\/2022\/10\/Cafe_Marietta_Altos_de_Chavon-2.jpg?fit=1024%2C683&ssl=1&resize=700%2C400 2x"},"classes":[]},{"id":348204,"url":"https:\/\/casadecampoliving.com\/es\/una-noche-para-los-ninos-con-dj-anthony-pisano\/","url_meta":{"origin":348032,"position":2},"title":"\u00a12\u00ba round! \u00abUna Noche Para Los Ni\u00f1os\u00bb con DJ Anthony Pisano","author":"Perkin Agramonte","date":"8 Sep, 2015","format":false,"excerpt":"Este viernes 11 de septiembre a partir de las 6pm ser\u00e1 la\u00a0segunda edici\u00f3n de \u201cUna Noche Para Los Ni\u00f1os\u201d ser\u00e1 celebrada en Caf\u00e9 Marietta, esta vez con un invitado especial desde la ciudad de Los Angeles, el Dj Anthony Pisano. Ven y comparte junto a viejos y nuevo amigos un\u2026","rel":"","context":"En \u00abAltos de Chavon @es\u00bb","block_context":{"text":"Altos de Chavon @es","link":"https:\/\/casadecampoliving.com\/category\/altos-de-chavon-es\/"},"img":{"alt_text":"","src":"https:\/\/i0.wp.com\/casadecampoliving.com\/wp-content\/uploads\/2022\/10\/Anthony_Pisano_a_night_for_the_kids-1.jpg?fit=1200%2C800&ssl=1&resize=350%2C200","width":350,"height":200,"srcset":"https:\/\/i0.wp.com\/casadecampoliving.com\/wp-content\/uploads\/2022\/10\/Anthony_Pisano_a_night_for_the_kids-1.jpg?fit=1200%2C800&ssl=1&resize=350%2C200 1x, https:\/\/i0.wp.com\/casadecampoliving.com\/wp-content\/uploads\/2022\/10\/Anthony_Pisano_a_night_for_the_kids-1.jpg?fit=1200%2C800&ssl=1&resize=525%2C300 1.5x, https:\/\/i0.wp.com\/casadecampoliving.com\/wp-content\/uploads\/2022\/10\/Anthony_Pisano_a_night_for_the_kids-1.jpg?fit=1200%2C800&ssl=1&resize=700%2C400 2x, https:\/\/i0.wp.com\/casadecampoliving.com\/wp-content\/uploads\/2022\/10\/Anthony_Pisano_a_night_for_the_kids-1.jpg?fit=1200%2C800&ssl=1&resize=1050%2C600 3x"},"classes":[]},{"id":348394,"url":"https:\/\/casadecampoliving.com\/es\/una-noche-para-los-ninos-este-viernes-en-marietta\/","url_meta":{"origin":348032,"position":3},"title":"Una Noche para los Ni\u00f1os este viernes en Marietta","author":"Felix Guerrero","date":"12 Oct, 2015","format":false,"excerpt":"\u00a1Este viernes por la noche todos disfrutaremos de buena comida, buenas bebidas y cigarros con clase porque celebraremos\u00a0la tercera edici\u00f3n de Una Noche para los Ni\u00f1os en Caf\u00e9 Marietta, en Altos de Chav\u00f3n! Las ediciones de\u00a0agosto y septiembre fueron todo un \u00e9xito y no tenemos ninguna duda de que \u00e9sta\u2026","rel":"","context":"En \u00abAltos de Chavon @es\u00bb","block_context":{"text":"Altos de Chavon @es","link":"https:\/\/casadecampoliving.com\/category\/altos-de-chavon-es\/"},"img":{"alt_text":"A Night for the Kids","src":"https:\/\/i0.wp.com\/casadecampoliving.com\/wp-content\/uploads\/2022\/10\/A-Night-for-the-Kids-1.jpg?fit=650%2C400&ssl=1&resize=350%2C200","width":350,"height":200,"srcset":"https:\/\/i0.wp.com\/casadecampoliving.com\/wp-content\/uploads\/2022\/10\/A-Night-for-the-Kids-1.jpg?fit=650%2C400&ssl=1&resize=350%2C200 1x, https:\/\/i0.wp.com\/casadecampoliving.com\/wp-content\/uploads\/2022\/10\/A-Night-for-the-Kids-1.jpg?fit=650%2C400&ssl=1&resize=525%2C300 1.5x"},"classes":[]},{"id":348458,"url":"https:\/\/casadecampoliving.com\/es\/una-noche-para-los-ninos-3\/","url_meta":{"origin":348032,"position":4},"title":"Cigarros, Ginebra &#038; Aperitivos en Una Noche Para los Ni\u00f1os","author":"Felix Guerrero","date":"24 Oct, 2015","format":false,"excerpt":"\"Una Noche Para los Ni\u00f1os\" se ha convertido en uno de nuestros eventos favoritos. Cada mes nos reunimos casualmente en Caf\u00e9 Marietta para divertirnos y disfrutar de grandes c\u00f3cteles y comida mientras los aficionados fuman algunos cigarros premium. Lo m\u00e1s importante es que lo hacemos Para\u00a0los Ni\u00f1os en el Hogar\u2026","rel":"","context":"En \u00abAltos de Chavon @es\u00bb","block_context":{"text":"Altos de Chavon @es","link":"https:\/\/casadecampoliving.com\/category\/altos-de-chavon-es\/"},"img":{"alt_text":"A Night for the Kids third edition","src":"https:\/\/i0.wp.com\/casadecampoliving.com\/wp-content\/uploads\/2022\/10\/A-Night-for-the-Kids-third-edition-1.jpg?fit=650%2C400&ssl=1&resize=350%2C200","width":350,"height":200,"srcset":"https:\/\/i0.wp.com\/casadecampoliving.com\/wp-content\/uploads\/2022\/10\/A-Night-for-the-Kids-third-edition-1.jpg?fit=650%2C400&ssl=1&resize=350%2C200 1x, https:\/\/i0.wp.com\/casadecampoliving.com\/wp-content\/uploads\/2022\/10\/A-Night-for-the-Kids-third-edition-1.jpg?fit=650%2C400&ssl=1&resize=525%2C300 1.5x"},"classes":[]},{"id":348268,"url":"https:\/\/casadecampoliving.com\/es\/espectacular-noche-para-los-ninos\/","url_meta":{"origin":348032,"position":5},"title":"\u00a1Una espectacular Noche Para Los Ni\u00f1os!","author":"Perkin Agramonte","date":"18 Sep, 2015","format":false,"excerpt":"La generosidad es algo que\u00a0la comunidad Casa de Campo siempre ha demostrado...\u00a0y la ocasi\u00f3n m\u00e1s reciente en que la comunidad se reuni\u00f3 y celebr\u00f3 otro evento filantr\u00f3pico fue \"Una noche para los Ni\u00f1os\" en beneficio del Hogar del Ni\u00f1o. Caf\u00e9 Marietta en colaboraci\u00f3n con el Hogar del Ni\u00f1o celebr\u00f3 el\u2026","rel":"","context":"En \u00abAltos de Chavon @es\u00bb","block_context":{"text":"Altos de Chavon @es","link":"https:\/\/casadecampoliving.com\/category\/altos-de-chavon-es\/"},"img":{"alt_text":"","src":"https:\/\/i0.wp.com\/casadecampoliving.com\/wp-content\/uploads\/2022\/10\/A_night_for_the_kids_2-1.jpg?fit=800%2C534&ssl=1&resize=350%2C200","width":350,"height":200,"srcset":"https:\/\/i0.wp.com\/casadecampoliving.com\/wp-content\/uploads\/2022\/10\/A_night_for_the_kids_2-1.jpg?fit=800%2C534&ssl=1&resize=350%2C200 1x, https:\/\/i0.wp.com\/casadecampoliving.com\/wp-content\/uploads\/2022\/10\/A_night_for_the_kids_2-1.jpg?fit=800%2C534&ssl=1&resize=525%2C300 1.5x, https:\/\/i0.wp.com\/casadecampoliving.com\/wp-content\/uploads\/2022\/10\/A_night_for_the_kids_2-1.jpg?fit=800%2C534&ssl=1&resize=700%2C400 2x"},"classes":[]}],"jetpack_sharing_enabled":true,"_links":{"self":[{"href":"https:\/\/casadecampoliving.com\/es\/wp-json\/wp\/v2\/posts\/348032","targetHints":{"allow":["GET"]}}],"collection":[{"href":"https:\/\/casadecampoliving.com\/es\/wp-json\/wp\/v2\/posts"}],"about":[{"href":"https:\/\/casadecampoliving.com\/es\/wp-json\/wp\/v2\/types\/post"}],"author":[{"embeddable":true,"href":"https:\/\/casadecampoliving.com\/es\/wp-json\/wp\/v2\/users\/1097"}],"replies":[{"embeddable":true,"href":"https:\/\/casadecampoliving.com\/es\/wp-json\/wp\/v2\/comments?post=348032"}],"version-history":[{"count":1,"href":"https:\/\/casadecampoliving.com\/es\/wp-json\/wp\/v2\/posts\/348032\/revisions"}],"predecessor-version":[{"id":348033,"href":"https:\/\/casadecampoliving.com\/es\/wp-json\/wp\/v2\/posts\/348032\/revisions\/348033"}],"wp:featuredmedia":[{"embeddable":true,"href":"https:\/\/casadecampoliving.com\/es\/wp-json\/wp\/v2\/media\/283153"}],"wp:attachment":[{"href":"https:\/\/casadecampoliving.com\/es\/wp-json\/wp\/v2\/media?parent=348032"}],"wp:term":[{"taxonomy":"category","embeddable":true,"href":"https:\/\/casadecampoliving.com\/es\/wp-json\/wp\/v2\/categories?post=348032"},{"taxonomy":"post_tag","embeddable":true,"href":"https:\/\/casadecampoliving.com\/es\/wp-json\/wp\/v2\/tags?post=348032"},{"taxonomy":"newspack_spnsrs_tax","embeddable":true,"href":"https:\/\/casadecampoliving.com\/es\/wp-json\/wp\/v2\/newspack_spnsrs_tax?post=348032"}],"curies":[{"name":"wp","href":"https:\/\/api.w.org\/{rel}","templated":true}]}}