{"id":347985,"date":"2015-08-04T00:00:00","date_gmt":"2015-08-04T04:00:00","guid":{"rendered":"https:\/\/casadecampoliving.com\/musica-en-vivo-en-la-cana-durante-agosto\/"},"modified":"2022-10-21T19:04:57","modified_gmt":"2022-10-21T23:04:57","slug":"musica-en-vivo-en-la-cana-durante-agosto","status":"publish","type":"post","link":"https:\/\/casadecampoliving.com\/es\/musica-en-vivo-en-la-cana-durante-agosto\/","title":{"rendered":"M\u00fasica en vivo en La Ca\u00f1a durante Agosto"},"content":{"rendered":"<div class=\"wp-block-image\">\n<figure class=\"aligncenter is-resized\"><img loading=\"lazy\" decoding=\"async\" src=\"https:\/\/i0.wp.com\/casadecampoliving.com\/wp-content\/uploads\/2022\/10\/La_Cana.jpg?resize=650%2C400&amp;ssl=1\" alt=\"La Ca\u00f1a by Il Circo\" class=\"wp-image-113013\" height=\"400\" width=\"650\"\/><\/figure>\n<\/div>\n\n\n<p>Adem\u00e1s de varios eventos m\u00e1s, todas las noches de Agosto, Casa de Campo le invita a disfrutar un programa cargado de m\u00fasica y baile en vivo en La Ca\u00f1a Restaurant and Loung<\/p>\n\n\n\n<!--more-->\n\n\n\n<p>El siguiente es el itinerario completo de&nbsp;entretenimiento y m\u00fasica en vivo en La Ca\u00f1a Restaurant and Lounge by Il Circo para Agosto 2015:<\/p>\n\n\n\n<blockquote><p><strong>Martes 4&nbsp;de Agosto<\/strong><\/p><ul>\n<li>8pm \u2013 11pm:&nbsp;Giovanni Lovison<\/li>\n<\/ul><p><strong>Mi\u00e9rcoles 5&nbsp;de Agosto<\/strong><\/p><ul>\n<li>8pm \u2013 11pm: &nbsp;Tr\u00edo Sam Castro<\/li>\n<\/ul><p><strong>Jueves 6&nbsp;de Agosto<\/strong><\/p><ul>\n<li>7pm \u2013 11pm:&nbsp;Victor Mitrov<\/li>\n<\/ul><p><strong>Viernes 7&nbsp;de Agosto<\/strong><\/p><ul>\n<li>8pm \u2013 12am: Tr\u00edo&nbsp;Internacional Koinonia<\/li>\n<\/ul><p><strong>S\u00e1bado 8&nbsp;de Agosto<\/strong><\/p><ul>\n<li>8pm \u2013 9pm: Tr\u00edo de Guitarras<\/li>\n<li>9pm \u2013 12am: Son en Casa<\/li>\n<\/ul><p><strong>Domingo 9&nbsp;de Agosto<\/strong><\/p><ul>\n<li>8pm \u2013 11pm: D\u00fao Ramon Tavarez<\/li>\n<\/ul><p><strong>Lunes 10&nbsp;de Agosto<\/strong><\/p><ul>\n<li>8pm \u2013 11pm: Tr\u00edo Ramon Tavarez<\/li>\n<\/ul><p><strong>Martes 11&nbsp;de Agosto<\/strong><\/p><ul>\n<li>8pm \u2013 11pm: Giovanni Lovison<\/li>\n<\/ul><p><b>Mi\u00e9rcoles 12&nbsp;<strong>de Agosto<\/strong><\/b><\/p><ul>\n<li>8pm- 11pm: Tr\u00edo Sam Castro<\/li>\n<\/ul><p><strong>Jueves 13&nbsp;de Agosto<\/strong><\/p><ul>\n<li>8pm- 11pm:&nbsp;Adriana Green<\/li>\n<\/ul><p><strong>Viernes 14&nbsp;de Agosto<\/strong><\/p><ul>\n<li>8pm- 11pm: Tr\u00edo&nbsp;Carlos Marcelo<\/li>\n<\/ul><p><strong>S\u00e1bado 15 de Agosto<\/strong><\/p><ul>\n<li>8pm \u2013 9pm: Tr\u00edo de Guitarras<\/li>\n<li>9pm \u2013 12am: Son en Casa<\/li>\n<\/ul><p><strong>Domingo 16 de Agosto<\/strong><\/p><ul>\n<li>8pm \u2013 11pm: Tr\u00edo&nbsp;Internacional Koinonia<\/li>\n<\/ul><p><strong>Lunes 17 de Agosto<\/strong><\/p><ul>\n<li>8pm \u2013 11pm:&nbsp;Gerardo Abate<\/li>\n<\/ul><p><strong>Martes 18 de Agosto<\/strong><\/p><ul>\n<li>8pm \u2013 11pm: Giovanni Lovison<\/li>\n<\/ul><p><b>Mi\u00e9rcoles 19&nbsp;<strong>de Agosto<\/strong><\/b><\/p><ul>\n<li>8pm- 11pm: Tr\u00edo&nbsp;Carlos Marcelo<\/li>\n<\/ul><p><strong>Jueves 20 de Agosto<\/strong><\/p><ul>\n<li>8pm- 11pm:&nbsp;Yudely Martinez<\/li>\n<\/ul><p><strong>Viernes 21 de Agosto<\/strong><\/p><ul>\n<li>8pm- 11pm: Tr\u00edo&nbsp;Ramon Tavarez<\/li>\n<\/ul><p><strong>S\u00e1bado 22 de Agosto<\/strong><\/p><ul>\n<li>8pm \u2013 9pm: Tr\u00edo de Guitarras<\/li>\n<li>9pm \u2013 12am:&nbsp;Quinteto Tropical Dos en la V\u00eda<\/li>\n<\/ul><p><strong>Domingo 23 de Agosto<\/strong><\/p><ul>\n<li>8pm \u2013 11pm:&nbsp;Noche de Jazz con Dos en la V\u00eda<\/li>\n<\/ul><p><strong>Lunes 24 de Agosto<\/strong><\/p><ul>\n<li>8pm \u2013 12pm:&nbsp;Noche Latina con Miguel y Jenny<\/li>\n<\/ul><p><strong>Martes 25 de Agosto<\/strong><\/p><ul>\n<li>8pm \u2013 12pm: Tr\u00edo&nbsp;Internacional Koinonia<\/li>\n<\/ul><p><b>Mi\u00e9rcoles 26&nbsp;<strong>de Agosto<\/strong><\/b><\/p><ul>\n<li>8pm- 11pm:&nbsp;Noche Internacional con Dos en la V\u00eda<\/li>\n<\/ul><p><strong>Jueves 27 de Agosto<\/strong><\/p><ul>\n<li>8pm- 11pm:&nbsp;Tr\u00edo Sam Castro<\/li>\n<\/ul><p><strong>Viernes 28 de Agosto<\/strong><\/p><ul>\n<li>8pm- 11pm:&nbsp;Yudely Martinez<\/li>\n<\/ul><p><strong>S\u00e1bado 29 de Agosto<\/strong><\/p><ul>\n<li>8pm \u2013 9pm: Tr\u00edo de Guitarras<\/li>\n<li>9pm \u2013 12am: Son en Casa<\/li>\n<\/ul><p><strong>Domingo 30 de Agosto<\/strong><\/p><ul>\n<li>8pm \u2013 11pm: Tr\u00edo Ramon Tavarez<\/li>\n<\/ul><p><strong>Lunes 31 de Agosto<\/strong><\/p><ul>\n<li>8pm- 11pm: Tr\u00edo&nbsp;Sam Castro<\/li>\n<\/ul><\/blockquote>\n\n\n\n<p><strong>Recuerde!<\/strong><\/p>\n\n\n\n<p>Para el itinerario completo de eventos y actividades, visite:&nbsp;<strong><a href=\"http:\/\/www.todo.fm\/es\">www.todo.fm\/es<\/a><\/strong><\/p>\n","protected":false},"excerpt":{"rendered":"<p>Adem\u00e1s de varios eventos m\u00e1s, todas las noches de Agosto, Casa de Campo le invita a disfrutar un programa cargado de m\u00fasica y baile en vivo en La Ca\u00f1a Restaurant and Loung<\/p>\n","protected":false},"author":34707,"featured_media":282042,"comment_status":"closed","ping_status":"closed","sticky":false,"template":"","format":"standard","meta":{"newspack_ads_suppress_ads":false,"newspack_popups_has_disabled_popups":false,"newspack_sponsor_sponsorship_scope":"","newspack_sponsor_native_byline_display":"inherit","newspack_sponsor_native_category_display":"inherit","newspack_sponsor_underwriter_style":"inherit","newspack_sponsor_underwriter_placement":"inherit","_newspack_byline_active":false,"_newspack_byline":"","newspack_hide_updated_date":false,"newspack_show_updated_date":false,"newspack_content_restriction_is_exempt":false,"newspack_featured_image_position":"","newspack_post_subtitle":"","newspack_article_summary_title":"Overview:","newspack_article_summary":"","_jetpack_memberships_contains_paid_content":false,"footnotes":"","jetpack_publicize_message":"","jetpack_publicize_feature_enabled":true,"jetpack_social_post_already_shared":false,"jetpack_social_options":{"image_generator_settings":{"template":"highway","default_image_id":0,"font":"","enabled":false},"version":2},"_wpas_customize_per_network":false},"categories":[26936,26951,2522,14625,14627,26822],"tags":[3626,24387,6371,8628,5751,4501],"newspack_spnsrs_tax":[],"class_list":["post-347985","post","type-post","status-publish","format-standard","has-post-thumbnail","hentry","category-casa-de-campo-living-es","category-ccl-presenta","category-eventos-es","category-noticias-locales","category-proximamente","category-resort-casa-de-campo","tag-casa-de-campo-es","tag-casa-de-campo-living-es","tag-casa-de-campo-resort-es","tag-la-cana-restaurant-es","tag-musica","tag-musica-en-vivo","entry"],"yoast_head":"<!-- This site is optimized with the Yoast SEO plugin v27.5 - https:\/\/yoast.com\/product\/yoast-seo-wordpress\/ -->\n<title>M\u00fasica en vivo en La Ca\u00f1a durante Agosto | Casa de Campo Living<\/title>\n<meta name=\"description\" content=\"Adem\u00e1s de varios eventos m\u00e1s, todas las noches de Agosto, Casa de Campo le invita a disfrutar un programa cargado de m\u00fasica y baile en vivo en La Ca\u00f1a\" \/>\n<meta name=\"robots\" content=\"index, follow, max-snippet:-1, max-image-preview:large, max-video-preview:-1\" \/>\n<link rel=\"canonical\" href=\"https:\/\/casadecampoliving.com\/es\/musica-en-vivo-en-la-cana-durante-agosto\/\" \/>\n<meta property=\"og:locale\" content=\"es_ES\" \/>\n<meta property=\"og:type\" content=\"article\" \/>\n<meta property=\"og:title\" content=\"M\u00fasica en vivo en La Ca\u00f1a durante Agosto | Casa de Campo Living\" \/>\n<meta property=\"og:description\" content=\"Adem\u00e1s de varios eventos m\u00e1s, todas las noches de Agosto, Casa de Campo le invita a disfrutar un programa cargado de m\u00fasica y baile en vivo en La Ca\u00f1a\" \/>\n<meta property=\"og:url\" content=\"https:\/\/casadecampoliving.com\/es\/musica-en-vivo-en-la-cana-durante-agosto\/\" \/>\n<meta property=\"og:site_name\" content=\"Casa de Campo Living\" \/>\n<meta property=\"article:publisher\" content=\"https:\/\/www.facebook.com\/casadecampoliving\" \/>\n<meta property=\"article:published_time\" content=\"2015-08-04T04:00:00+00:00\" \/>\n<meta property=\"article:modified_time\" content=\"2022-10-21T23:04:57+00:00\" \/>\n<meta property=\"og:image\" content=\"https:\/\/i0.wp.com\/casadecampoliving.com\/wp-content\/uploads\/2022\/10\/La_Cana-1.jpg?fit=650%2C400&ssl=1\" \/>\n\t<meta property=\"og:image:width\" content=\"650\" \/>\n\t<meta property=\"og:image:height\" content=\"400\" \/>\n\t<meta property=\"og:image:type\" content=\"image\/jpeg\" \/>\n<meta name=\"author\" content=\"Felix Guerrero\" \/>\n<meta name=\"twitter:card\" content=\"summary_large_image\" \/>\n<meta name=\"twitter:creator\" content=\"@cdcliving\" \/>\n<meta name=\"twitter:site\" content=\"@cdcliving\" \/>\n<meta name=\"twitter:label1\" content=\"Escrito por\" \/>\n\t<meta name=\"twitter:data1\" content=\"Felix Guerrero\" \/>\n\t<meta name=\"twitter:label2\" content=\"Tiempo de lectura\" \/>\n\t<meta name=\"twitter:data2\" content=\"2 minutos\" \/>\n<script type=\"application\/ld+json\" class=\"yoast-schema-graph\">{\"@context\":\"https:\\\/\\\/schema.org\",\"@graph\":[{\"@type\":\"Article\",\"@id\":\"https:\\\/\\\/casadecampoliving.com\\\/es\\\/musica-en-vivo-en-la-cana-durante-agosto\\\/#article\",\"isPartOf\":{\"@id\":\"https:\\\/\\\/casadecampoliving.com\\\/es\\\/musica-en-vivo-en-la-cana-durante-agosto\\\/\"},\"author\":{\"name\":\"Felix Guerrero\",\"@id\":\"https:\\\/\\\/casadecampoliving.com\\\/es\\\/#\\\/schema\\\/person\\\/0d45cfc6e376a2f15ac9a92421bd4451\"},\"headline\":\"M\u00fasica en vivo en La Ca\u00f1a durante Agosto\",\"datePublished\":\"2015-08-04T04:00:00+00:00\",\"dateModified\":\"2022-10-21T23:04:57+00:00\",\"mainEntityOfPage\":{\"@id\":\"https:\\\/\\\/casadecampoliving.com\\\/es\\\/musica-en-vivo-en-la-cana-durante-agosto\\\/\"},\"wordCount\":398,\"publisher\":{\"@id\":\"https:\\\/\\\/casadecampoliving.com\\\/es\\\/#organization\"},\"image\":{\"@id\":\"https:\\\/\\\/casadecampoliving.com\\\/es\\\/musica-en-vivo-en-la-cana-durante-agosto\\\/#primaryimage\"},\"thumbnailUrl\":\"https:\\\/\\\/i0.wp.com\\\/casadecampoliving.com\\\/wp-content\\\/uploads\\\/2022\\\/10\\\/La_Cana-1.jpg?fit=650%2C400&ssl=1\",\"keywords\":[\"casa de campo @es\",\"Casa de Campo Living\",\"casa de campo resort @es\",\"La Ca\u00f1a restaurant @es\",\"musica\",\"musica en vivo\"],\"articleSection\":[\"Casa de Campo Living @es\",\"CCL presenta\",\"Eventos\",\"Noticias Locales\",\"Proximamente\",\"Resort Casa de Campo\"],\"inLanguage\":\"es\"},{\"@type\":\"WebPage\",\"@id\":\"https:\\\/\\\/casadecampoliving.com\\\/es\\\/musica-en-vivo-en-la-cana-durante-agosto\\\/\",\"url\":\"https:\\\/\\\/casadecampoliving.com\\\/es\\\/musica-en-vivo-en-la-cana-durante-agosto\\\/\",\"name\":\"M\u00fasica en vivo en La Ca\u00f1a durante Agosto | Casa de Campo Living\",\"isPartOf\":{\"@id\":\"https:\\\/\\\/casadecampoliving.com\\\/es\\\/#website\"},\"primaryImageOfPage\":{\"@id\":\"https:\\\/\\\/casadecampoliving.com\\\/es\\\/musica-en-vivo-en-la-cana-durante-agosto\\\/#primaryimage\"},\"image\":{\"@id\":\"https:\\\/\\\/casadecampoliving.com\\\/es\\\/musica-en-vivo-en-la-cana-durante-agosto\\\/#primaryimage\"},\"thumbnailUrl\":\"https:\\\/\\\/i0.wp.com\\\/casadecampoliving.com\\\/wp-content\\\/uploads\\\/2022\\\/10\\\/La_Cana-1.jpg?fit=650%2C400&ssl=1\",\"datePublished\":\"2015-08-04T04:00:00+00:00\",\"dateModified\":\"2022-10-21T23:04:57+00:00\",\"description\":\"Adem\u00e1s de varios eventos m\u00e1s, todas las noches de Agosto, Casa de Campo le invita a disfrutar un programa cargado de m\u00fasica y baile en vivo en La Ca\u00f1a\",\"breadcrumb\":{\"@id\":\"https:\\\/\\\/casadecampoliving.com\\\/es\\\/musica-en-vivo-en-la-cana-durante-agosto\\\/#breadcrumb\"},\"inLanguage\":\"es\",\"potentialAction\":[{\"@type\":\"ReadAction\",\"target\":[\"https:\\\/\\\/casadecampoliving.com\\\/es\\\/musica-en-vivo-en-la-cana-durante-agosto\\\/\"]}]},{\"@type\":\"ImageObject\",\"inLanguage\":\"es\",\"@id\":\"https:\\\/\\\/casadecampoliving.com\\\/es\\\/musica-en-vivo-en-la-cana-durante-agosto\\\/#primaryimage\",\"url\":\"https:\\\/\\\/i0.wp.com\\\/casadecampoliving.com\\\/wp-content\\\/uploads\\\/2022\\\/10\\\/La_Cana-1.jpg?fit=650%2C400&ssl=1\",\"contentUrl\":\"https:\\\/\\\/i0.wp.com\\\/casadecampoliving.com\\\/wp-content\\\/uploads\\\/2022\\\/10\\\/La_Cana-1.jpg?fit=650%2C400&ssl=1\",\"width\":650,\"height\":400,\"caption\":\"La Ca\u00f1a by Il Circo\"},{\"@type\":\"BreadcrumbList\",\"@id\":\"https:\\\/\\\/casadecampoliving.com\\\/es\\\/musica-en-vivo-en-la-cana-durante-agosto\\\/#breadcrumb\",\"itemListElement\":[{\"@type\":\"ListItem\",\"position\":1,\"name\":\"Home\",\"item\":\"https:\\\/\\\/casadecampoliving.com\\\/es\\\/\"},{\"@type\":\"ListItem\",\"position\":2,\"name\":\"M\u00fasica en vivo en La Ca\u00f1a durante Agosto\"}]},{\"@type\":\"WebSite\",\"@id\":\"https:\\\/\\\/casadecampoliving.com\\\/es\\\/#website\",\"url\":\"https:\\\/\\\/casadecampoliving.com\\\/es\\\/\",\"name\":\"Casa de Campo Living\",\"description\":\"Resort community news and resources.\",\"publisher\":{\"@id\":\"https:\\\/\\\/casadecampoliving.com\\\/es\\\/#organization\"},\"potentialAction\":[{\"@type\":\"SearchAction\",\"target\":{\"@type\":\"EntryPoint\",\"urlTemplate\":\"https:\\\/\\\/casadecampoliving.com\\\/es\\\/?s={search_term_string}\"},\"query-input\":{\"@type\":\"PropertyValueSpecification\",\"valueRequired\":true,\"valueName\":\"search_term_string\"}}],\"inLanguage\":\"es\"},{\"@type\":\"Organization\",\"@id\":\"https:\\\/\\\/casadecampoliving.com\\\/es\\\/#organization\",\"name\":\"Casa de Campo Living\",\"url\":\"https:\\\/\\\/casadecampoliving.com\\\/es\\\/\",\"logo\":{\"@type\":\"ImageObject\",\"inLanguage\":\"es\",\"@id\":\"https:\\\/\\\/casadecampoliving.com\\\/es\\\/#\\\/schema\\\/logo\\\/image\\\/\",\"url\":\"https:\\\/\\\/i0.wp.com\\\/casadecampoliving.com\\\/wp-content\\\/uploads\\\/2022\\\/07\\\/CDCLivingLogo_V1-white-sized.png?fit=800%2C214&ssl=1\",\"contentUrl\":\"https:\\\/\\\/i0.wp.com\\\/casadecampoliving.com\\\/wp-content\\\/uploads\\\/2022\\\/07\\\/CDCLivingLogo_V1-white-sized.png?fit=800%2C214&ssl=1\",\"width\":800,\"height\":214,\"caption\":\"Casa de Campo Living\"},\"image\":{\"@id\":\"https:\\\/\\\/casadecampoliving.com\\\/es\\\/#\\\/schema\\\/logo\\\/image\\\/\"},\"sameAs\":[\"https:\\\/\\\/www.facebook.com\\\/casadecampoliving\",\"https:\\\/\\\/x.com\\\/cdcliving\"]},{\"@type\":\"Person\",\"@id\":\"https:\\\/\\\/casadecampoliving.com\\\/es\\\/#\\\/schema\\\/person\\\/0d45cfc6e376a2f15ac9a92421bd4451\",\"name\":\"Felix Guerrero\",\"image\":{\"@type\":\"ImageObject\",\"inLanguage\":\"es\",\"@id\":\"https:\\\/\\\/secure.gravatar.com\\\/avatar\\\/14a8050b9491854cab6ae2240dcb42ad0fad787b7fa453ad0991fd1262157df3?s=96&d=mm&r=g\",\"url\":\"https:\\\/\\\/secure.gravatar.com\\\/avatar\\\/14a8050b9491854cab6ae2240dcb42ad0fad787b7fa453ad0991fd1262157df3?s=96&d=mm&r=g\",\"contentUrl\":\"https:\\\/\\\/secure.gravatar.com\\\/avatar\\\/14a8050b9491854cab6ae2240dcb42ad0fad787b7fa453ad0991fd1262157df3?s=96&d=mm&r=g\",\"caption\":\"Felix Guerrero\"},\"url\":\"https:\\\/\\\/casadecampoliving.com\\\/es\\\/author\\\/fguerrero\\\/\"}]}<\/script>\n<!-- \/ Yoast SEO plugin. -->","yoast_head_json":{"title":"M\u00fasica en vivo en La Ca\u00f1a durante Agosto | Casa de Campo Living","description":"Adem\u00e1s de varios eventos m\u00e1s, todas las noches de Agosto, Casa de Campo le invita a disfrutar un programa cargado de m\u00fasica y baile en vivo en La Ca\u00f1a","robots":{"index":"index","follow":"follow","max-snippet":"max-snippet:-1","max-image-preview":"max-image-preview:large","max-video-preview":"max-video-preview:-1"},"canonical":"https:\/\/casadecampoliving.com\/es\/musica-en-vivo-en-la-cana-durante-agosto\/","og_locale":"es_ES","og_type":"article","og_title":"M\u00fasica en vivo en La Ca\u00f1a durante Agosto | Casa de Campo Living","og_description":"Adem\u00e1s de varios eventos m\u00e1s, todas las noches de Agosto, Casa de Campo le invita a disfrutar un programa cargado de m\u00fasica y baile en vivo en La Ca\u00f1a","og_url":"https:\/\/casadecampoliving.com\/es\/musica-en-vivo-en-la-cana-durante-agosto\/","og_site_name":"Casa de Campo Living","article_publisher":"https:\/\/www.facebook.com\/casadecampoliving","article_published_time":"2015-08-04T04:00:00+00:00","article_modified_time":"2022-10-21T23:04:57+00:00","og_image":[{"width":650,"height":400,"url":"https:\/\/i0.wp.com\/casadecampoliving.com\/wp-content\/uploads\/2022\/10\/La_Cana-1.jpg?fit=650%2C400&ssl=1","type":"image\/jpeg"}],"author":"Felix Guerrero","twitter_card":"summary_large_image","twitter_creator":"@cdcliving","twitter_site":"@cdcliving","twitter_misc":{"Escrito por":"Felix Guerrero","Tiempo de lectura":"2 minutos"},"schema":{"@context":"https:\/\/schema.org","@graph":[{"@type":"Article","@id":"https:\/\/casadecampoliving.com\/es\/musica-en-vivo-en-la-cana-durante-agosto\/#article","isPartOf":{"@id":"https:\/\/casadecampoliving.com\/es\/musica-en-vivo-en-la-cana-durante-agosto\/"},"author":{"name":"Felix Guerrero","@id":"https:\/\/casadecampoliving.com\/es\/#\/schema\/person\/0d45cfc6e376a2f15ac9a92421bd4451"},"headline":"M\u00fasica en vivo en La Ca\u00f1a durante Agosto","datePublished":"2015-08-04T04:00:00+00:00","dateModified":"2022-10-21T23:04:57+00:00","mainEntityOfPage":{"@id":"https:\/\/casadecampoliving.com\/es\/musica-en-vivo-en-la-cana-durante-agosto\/"},"wordCount":398,"publisher":{"@id":"https:\/\/casadecampoliving.com\/es\/#organization"},"image":{"@id":"https:\/\/casadecampoliving.com\/es\/musica-en-vivo-en-la-cana-durante-agosto\/#primaryimage"},"thumbnailUrl":"https:\/\/i0.wp.com\/casadecampoliving.com\/wp-content\/uploads\/2022\/10\/La_Cana-1.jpg?fit=650%2C400&ssl=1","keywords":["casa de campo @es","Casa de Campo Living","casa de campo resort @es","La Ca\u00f1a restaurant @es","musica","musica en vivo"],"articleSection":["Casa de Campo Living @es","CCL presenta","Eventos","Noticias Locales","Proximamente","Resort Casa de Campo"],"inLanguage":"es"},{"@type":"WebPage","@id":"https:\/\/casadecampoliving.com\/es\/musica-en-vivo-en-la-cana-durante-agosto\/","url":"https:\/\/casadecampoliving.com\/es\/musica-en-vivo-en-la-cana-durante-agosto\/","name":"M\u00fasica en vivo en La Ca\u00f1a durante Agosto | Casa de Campo Living","isPartOf":{"@id":"https:\/\/casadecampoliving.com\/es\/#website"},"primaryImageOfPage":{"@id":"https:\/\/casadecampoliving.com\/es\/musica-en-vivo-en-la-cana-durante-agosto\/#primaryimage"},"image":{"@id":"https:\/\/casadecampoliving.com\/es\/musica-en-vivo-en-la-cana-durante-agosto\/#primaryimage"},"thumbnailUrl":"https:\/\/i0.wp.com\/casadecampoliving.com\/wp-content\/uploads\/2022\/10\/La_Cana-1.jpg?fit=650%2C400&ssl=1","datePublished":"2015-08-04T04:00:00+00:00","dateModified":"2022-10-21T23:04:57+00:00","description":"Adem\u00e1s de varios eventos m\u00e1s, todas las noches de Agosto, Casa de Campo le invita a disfrutar un programa cargado de m\u00fasica y baile en vivo en La Ca\u00f1a","breadcrumb":{"@id":"https:\/\/casadecampoliving.com\/es\/musica-en-vivo-en-la-cana-durante-agosto\/#breadcrumb"},"inLanguage":"es","potentialAction":[{"@type":"ReadAction","target":["https:\/\/casadecampoliving.com\/es\/musica-en-vivo-en-la-cana-durante-agosto\/"]}]},{"@type":"ImageObject","inLanguage":"es","@id":"https:\/\/casadecampoliving.com\/es\/musica-en-vivo-en-la-cana-durante-agosto\/#primaryimage","url":"https:\/\/i0.wp.com\/casadecampoliving.com\/wp-content\/uploads\/2022\/10\/La_Cana-1.jpg?fit=650%2C400&ssl=1","contentUrl":"https:\/\/i0.wp.com\/casadecampoliving.com\/wp-content\/uploads\/2022\/10\/La_Cana-1.jpg?fit=650%2C400&ssl=1","width":650,"height":400,"caption":"La Ca\u00f1a by Il Circo"},{"@type":"BreadcrumbList","@id":"https:\/\/casadecampoliving.com\/es\/musica-en-vivo-en-la-cana-durante-agosto\/#breadcrumb","itemListElement":[{"@type":"ListItem","position":1,"name":"Home","item":"https:\/\/casadecampoliving.com\/es\/"},{"@type":"ListItem","position":2,"name":"M\u00fasica en vivo en La Ca\u00f1a durante Agosto"}]},{"@type":"WebSite","@id":"https:\/\/casadecampoliving.com\/es\/#website","url":"https:\/\/casadecampoliving.com\/es\/","name":"Casa de Campo Living","description":"Resort community news and resources.","publisher":{"@id":"https:\/\/casadecampoliving.com\/es\/#organization"},"potentialAction":[{"@type":"SearchAction","target":{"@type":"EntryPoint","urlTemplate":"https:\/\/casadecampoliving.com\/es\/?s={search_term_string}"},"query-input":{"@type":"PropertyValueSpecification","valueRequired":true,"valueName":"search_term_string"}}],"inLanguage":"es"},{"@type":"Organization","@id":"https:\/\/casadecampoliving.com\/es\/#organization","name":"Casa de Campo Living","url":"https:\/\/casadecampoliving.com\/es\/","logo":{"@type":"ImageObject","inLanguage":"es","@id":"https:\/\/casadecampoliving.com\/es\/#\/schema\/logo\/image\/","url":"https:\/\/i0.wp.com\/casadecampoliving.com\/wp-content\/uploads\/2022\/07\/CDCLivingLogo_V1-white-sized.png?fit=800%2C214&ssl=1","contentUrl":"https:\/\/i0.wp.com\/casadecampoliving.com\/wp-content\/uploads\/2022\/07\/CDCLivingLogo_V1-white-sized.png?fit=800%2C214&ssl=1","width":800,"height":214,"caption":"Casa de Campo Living"},"image":{"@id":"https:\/\/casadecampoliving.com\/es\/#\/schema\/logo\/image\/"},"sameAs":["https:\/\/www.facebook.com\/casadecampoliving","https:\/\/x.com\/cdcliving"]},{"@type":"Person","@id":"https:\/\/casadecampoliving.com\/es\/#\/schema\/person\/0d45cfc6e376a2f15ac9a92421bd4451","name":"Felix Guerrero","image":{"@type":"ImageObject","inLanguage":"es","@id":"https:\/\/secure.gravatar.com\/avatar\/14a8050b9491854cab6ae2240dcb42ad0fad787b7fa453ad0991fd1262157df3?s=96&d=mm&r=g","url":"https:\/\/secure.gravatar.com\/avatar\/14a8050b9491854cab6ae2240dcb42ad0fad787b7fa453ad0991fd1262157df3?s=96&d=mm&r=g","contentUrl":"https:\/\/secure.gravatar.com\/avatar\/14a8050b9491854cab6ae2240dcb42ad0fad787b7fa453ad0991fd1262157df3?s=96&d=mm&r=g","caption":"Felix Guerrero"},"url":"https:\/\/casadecampoliving.com\/es\/author\/fguerrero\/"}]}},"parsely":{"version":"1.1.0","canonical_url":"https:\/\/casadecampoliving.com\/es\/musica-en-vivo-en-la-cana-durante-agosto\/","smart_links":{"inbound":0,"outbound":0},"traffic_boost_suggestions_count":0,"meta":{"@context":"https:\/\/schema.org","@type":"NewsArticle","headline":"M\u00fasica en vivo en La Ca\u00f1a durante Agosto","url":"http:\/\/casadecampoliving.com\/es\/musica-en-vivo-en-la-cana-durante-agosto\/","mainEntityOfPage":{"@type":"WebPage","@id":"http:\/\/casadecampoliving.com\/es\/musica-en-vivo-en-la-cana-durante-agosto\/"},"thumbnailUrl":"https:\/\/i0.wp.com\/casadecampoliving.com\/wp-content\/uploads\/2022\/10\/La_Cana-1.jpg?resize=150%2C150&ssl=1","image":{"@type":"ImageObject","url":"https:\/\/i0.wp.com\/casadecampoliving.com\/wp-content\/uploads\/2022\/10\/La_Cana-1.jpg?fit=650%2C400&ssl=1"},"articleSection":"CCL presenta","author":[{"@type":"Person","name":"Felix Guerrero"}],"creator":["Felix Guerrero"],"publisher":{"@type":"Organization","name":"Casa de Campo Living","logo":"https:\/\/casadecampoliving.com\/wp-content\/uploads\/2022\/07\/CDCLivingLogo_V1-white-sized.png"},"keywords":["casa de campo @es","casa de campo living","casa de campo resort @es","la ca\u00f1a restaurant @es","musica","musica en vivo"],"dateCreated":"2015-08-04T04:00:00Z","datePublished":"2015-08-04T04:00:00Z","dateModified":"2022-10-21T23:04:57Z"},"rendered":"<script type=\"application\/ld+json\" class=\"wp-parsely-metadata\">{\"@context\":\"https:\\\/\\\/schema.org\",\"@type\":\"NewsArticle\",\"headline\":\"M\\u00fasica en vivo en La Ca\\u00f1a durante Agosto\",\"url\":\"http:\\\/\\\/casadecampoliving.com\\\/es\\\/musica-en-vivo-en-la-cana-durante-agosto\\\/\",\"mainEntityOfPage\":{\"@type\":\"WebPage\",\"@id\":\"http:\\\/\\\/casadecampoliving.com\\\/es\\\/musica-en-vivo-en-la-cana-durante-agosto\\\/\"},\"thumbnailUrl\":\"https:\\\/\\\/i0.wp.com\\\/casadecampoliving.com\\\/wp-content\\\/uploads\\\/2022\\\/10\\\/La_Cana-1.jpg?resize=150%2C150&ssl=1\",\"image\":{\"@type\":\"ImageObject\",\"url\":\"https:\\\/\\\/i0.wp.com\\\/casadecampoliving.com\\\/wp-content\\\/uploads\\\/2022\\\/10\\\/La_Cana-1.jpg?fit=650%2C400&ssl=1\"},\"articleSection\":\"CCL presenta\",\"author\":[{\"@type\":\"Person\",\"name\":\"Felix Guerrero\"}],\"creator\":[\"Felix Guerrero\"],\"publisher\":{\"@type\":\"Organization\",\"name\":\"Casa de Campo Living\",\"logo\":\"https:\\\/\\\/casadecampoliving.com\\\/wp-content\\\/uploads\\\/2022\\\/07\\\/CDCLivingLogo_V1-white-sized.png\"},\"keywords\":[\"casa de campo @es\",\"casa de campo living\",\"casa de campo resort @es\",\"la ca\\u00f1a restaurant @es\",\"musica\",\"musica en vivo\"],\"dateCreated\":\"2015-08-04T04:00:00Z\",\"datePublished\":\"2015-08-04T04:00:00Z\",\"dateModified\":\"2022-10-21T23:04:57Z\"}<\/script>","tracker_url":"https:\/\/cdn.parsely.com\/keys\/casadecampoliving.com\/p.js"},"jetpack_publicize_connections":[],"jetpack_featured_media_url":"https:\/\/i0.wp.com\/casadecampoliving.com\/wp-content\/uploads\/2022\/10\/La_Cana-1.jpg?fit=650%2C400&ssl=1","jetpack-related-posts":[{"id":344932,"url":"https:\/\/casadecampoliving.com\/es\/musica-en-vivo-en-la-cana-il-circo-para-agosto\/","url_meta":{"origin":347985,"position":0},"title":"\u00a1M\u00fasica en vivo en La Ca\u00f1a by Il Circo para Agosto!","author":"Katherine Calca\u00f1o","date":"26 Jul, 2014","format":false,"excerpt":"A lo largo del mes de agosto los fines de semanas\u00a0estar\u00e1n llenos de un asombroso entretenimiento. La Ca\u00f1a by Il Circo estar\u00e1 organizando muchas noches con m\u00fasica latina en vivo y bailarines profesionales. Perfecto para una cena, coctel o bailar! Lo siguiente es un horario completo de la m\u00fasica en\u2026","rel":"","context":"En \u00abCasa de Campo Living @es\u00bb","block_context":{"text":"Casa de Campo Living @es","link":"https:\/\/casadecampoliving.com\/category\/casa-de-campo-living-es\/"},"img":{"alt_text":"","src":"https:\/\/i0.wp.com\/casadecampoliving.com\/wp-content\/uploads\/2022\/10\/Trio-de-Guitarras-Bandoneon1-3.jpg?fit=650%2C308&ssl=1&resize=350%2C200","width":350,"height":200,"srcset":"https:\/\/i0.wp.com\/casadecampoliving.com\/wp-content\/uploads\/2022\/10\/Trio-de-Guitarras-Bandoneon1-3.jpg?fit=650%2C308&ssl=1&resize=350%2C200 1x, https:\/\/i0.wp.com\/casadecampoliving.com\/wp-content\/uploads\/2022\/10\/Trio-de-Guitarras-Bandoneon1-3.jpg?fit=650%2C308&ssl=1&resize=525%2C300 1.5x"},"classes":[]},{"id":350120,"url":"https:\/\/casadecampoliving.com\/es\/musica-en-vivo-julio-2016-la-cana\/","url_meta":{"origin":347985,"position":1},"title":"Itinerario de M\u00fasica en Vivo de Julio en La Ca\u00f1a Restaurant and Lounge by Il Circo","author":"Heather Lincoln","date":"4 Jul, 2016","format":false,"excerpt":"La Ca\u00f1a Restaurant and Lounge by Il Circo le da la bienvenida al mes de julio con\u00a0m\u00fasica en vivo todas las noches. Hoy, celebre la independencia de los Estados Unidos con el\u00a0D\u00fao Delgado a las 8pm. Recu\u00e9stese, disfrute\u00a0la velada con un rico coctel acompa\u00f1ado de m\u00fasica relajante. A continuaci\u00f3n el\u2026","rel":"","context":"En \u00abConciertos\u00bb","block_context":{"text":"Conciertos","link":"https:\/\/casadecampoliving.com\/es\/category\/conciertos-es\/"},"img":{"alt_text":"La Ca\u00f1a","src":"https:\/\/i0.wp.com\/casadecampoliving.com\/wp-content\/uploads\/2022\/10\/Featured-Image-La-Cana-by-Il-Circo-Casa-de-Campo.jpg?fit=1000%2C600&ssl=1&resize=350%2C200","width":350,"height":200,"srcset":"https:\/\/i0.wp.com\/casadecampoliving.com\/wp-content\/uploads\/2022\/10\/Featured-Image-La-Cana-by-Il-Circo-Casa-de-Campo.jpg?fit=1000%2C600&ssl=1&resize=350%2C200 1x, https:\/\/i0.wp.com\/casadecampoliving.com\/wp-content\/uploads\/2022\/10\/Featured-Image-La-Cana-by-Il-Circo-Casa-de-Campo.jpg?fit=1000%2C600&ssl=1&resize=525%2C300 1.5x, https:\/\/i0.wp.com\/casadecampoliving.com\/wp-content\/uploads\/2022\/10\/Featured-Image-La-Cana-by-Il-Circo-Casa-de-Campo.jpg?fit=1000%2C600&ssl=1&resize=700%2C400 2x"},"classes":[]},{"id":348206,"url":"https:\/\/casadecampoliving.com\/es\/musica-en-vivo-la-cana-septiembre\/","url_meta":{"origin":347985,"position":2},"title":"M\u00fasica en vivo en La Ca\u00f1a durante Septiembre","author":"Felix Guerrero","date":"9 Sep, 2015","format":false,"excerpt":"Adem\u00e1s de varios eventos m\u00e1s, todas las noches de Septiembre, Casa de Campo le invita a disfrutar un programa cargado de m\u00fasica y baile en vivo en La Ca\u00f1a Restaurant and Lounge by Il Circo. El siguiente es el itinerario completo de\u00a0entretenimiento y m\u00fasica en vivo en La Ca\u00f1a Restaurant\u2026","rel":"","context":"En \u00abCasa de Campo Living @es\u00bb","block_context":{"text":"Casa de Campo Living @es","link":"https:\/\/casadecampoliving.com\/category\/casa-de-campo-living-es\/"},"img":{"alt_text":"La Ca\u00f1a by Il Circo","src":"https:\/\/i0.wp.com\/casadecampoliving.com\/wp-content\/uploads\/2022\/10\/La_Cana-1.jpg?fit=650%2C400&ssl=1&resize=350%2C200","width":350,"height":200,"srcset":"https:\/\/i0.wp.com\/casadecampoliving.com\/wp-content\/uploads\/2022\/10\/La_Cana-1.jpg?fit=650%2C400&ssl=1&resize=350%2C200 1x, https:\/\/i0.wp.com\/casadecampoliving.com\/wp-content\/uploads\/2022\/10\/La_Cana-1.jpg?fit=650%2C400&ssl=1&resize=525%2C300 1.5x"},"classes":[]},{"id":342692,"url":"https:\/\/casadecampoliving.com\/es\/un-agosto-lleno-de-musica-en-vivo-en-la-cana-by-il-circo\/","url_meta":{"origin":347985,"position":3},"title":"Un agosto lleno de m\u00fasica en vivo en La Ca\u00f1a by Il Circo","author":"Eliana Alba","date":"17 Ago, 2013","format":false,"excerpt":"La Ca\u00f1a by Il Circo tiene excelente entretenimiento planeado para las noches de los fines de semana de este mes. Con una variedad que va desde m\u00fasica latina con bailarines profesionales hasta un trompetista profesional directemente desde la Sinf\u00f3nica Nacional Dominicana La Ca\u00f1a parece la antesala perfecta para una noche\u2026","rel":"","context":"En \u00abArte y cultura\u00bb","block_context":{"text":"Arte y cultura","link":"https:\/\/casadecampoliving.com\/category\/arte-y-cultura\/"},"img":{"alt_text":"Victor Mitrov ca\u00f1a bar","src":"https:\/\/i0.wp.com\/casadecampoliving.com\/wp-content\/uploads\/2022\/10\/Victor_Mitrov_la_cana-1.jpg?fit=955%2C493&ssl=1&resize=350%2C200","width":350,"height":200,"srcset":"https:\/\/i0.wp.com\/casadecampoliving.com\/wp-content\/uploads\/2022\/10\/Victor_Mitrov_la_cana-1.jpg?fit=955%2C493&ssl=1&resize=350%2C200 1x, https:\/\/i0.wp.com\/casadecampoliving.com\/wp-content\/uploads\/2022\/10\/Victor_Mitrov_la_cana-1.jpg?fit=955%2C493&ssl=1&resize=525%2C300 1.5x, https:\/\/i0.wp.com\/casadecampoliving.com\/wp-content\/uploads\/2022\/10\/Victor_Mitrov_la_cana-1.jpg?fit=955%2C493&ssl=1&resize=700%2C400 2x"},"classes":[]},{"id":347838,"url":"https:\/\/casadecampoliving.com\/es\/musica-en-vivo-en-la-cana-durante-el-mes-de-julio\/","url_meta":{"origin":347985,"position":4},"title":"M\u00fasica en vivo en La Ca\u00f1a durante el mes de julio","author":"Perkin Agramonte","date":"20 Jul, 2015","format":false,"excerpt":"Todas las noches de julio, adem\u00e1s de muchos eventos m\u00e1s, Casa de Campo le invita a disfrutar un programa cargado de diversi\u00f3n, baile y m\u00fasica en vivo en La Ca\u00f1a Restaurant and Loung by Il Circo. El siguiente es un itinerario completo de los eventos en vivo en\u00a0La Ca\u00f1a Restaurant\u2026","rel":"","context":"En \u00abCasa de Campo Living @es\u00bb","block_context":{"text":"Casa de Campo Living @es","link":"https:\/\/casadecampoliving.com\/category\/casa-de-campo-living-es\/"},"img":{"alt_text":"","src":"https:\/\/i0.wp.com\/casadecampoliving.com\/wp-content\/uploads\/2022\/10\/La_cana_by_il_circo-1.jpg?fit=800%2C534&ssl=1&resize=350%2C200","width":350,"height":200,"srcset":"https:\/\/i0.wp.com\/casadecampoliving.com\/wp-content\/uploads\/2022\/10\/La_cana_by_il_circo-1.jpg?fit=800%2C534&ssl=1&resize=350%2C200 1x, https:\/\/i0.wp.com\/casadecampoliving.com\/wp-content\/uploads\/2022\/10\/La_cana_by_il_circo-1.jpg?fit=800%2C534&ssl=1&resize=525%2C300 1.5x, https:\/\/i0.wp.com\/casadecampoliving.com\/wp-content\/uploads\/2022\/10\/La_cana_by_il_circo-1.jpg?fit=800%2C534&ssl=1&resize=700%2C400 2x"},"classes":[]},{"id":344539,"url":"https:\/\/casadecampoliving.com\/es\/musica-en-vivo-en-la-cana-il-circo-para-junio\/","url_meta":{"origin":347985,"position":5},"title":"\u00a1M\u00fasica en vivo en La Ca\u00f1a by Il Circo para Junio!","author":"Perkin Agramonte","date":"4 Jun, 2014","format":false,"excerpt":"A lo largo del mes de junio los fines de semanas\u00a0estar\u00e1n llenos de un asombroso entretenimiento. La Ca\u00f1a by Il Circo estar\u00e1 organizando muchas noches con m\u00fasica latina en vivo y bailarines profesionales. Perfecto para una cena, coctel o bailar! Lo siguiente es un horario completo de la m\u00fasica en\u2026","rel":"","context":"En \u00abCasa de Campo Living @es\u00bb","block_context":{"text":"Casa de Campo Living @es","link":"https:\/\/casadecampoliving.com\/category\/casa-de-campo-living-es\/"},"img":{"alt_text":"","src":"https:\/\/i0.wp.com\/casadecampoliving.com\/wp-content\/uploads\/2022\/10\/yohanna-almanzar2_ccl-1.jpg?fit=650%2C433&ssl=1&resize=350%2C200","width":350,"height":200,"srcset":"https:\/\/i0.wp.com\/casadecampoliving.com\/wp-content\/uploads\/2022\/10\/yohanna-almanzar2_ccl-1.jpg?fit=650%2C433&ssl=1&resize=350%2C200 1x, https:\/\/i0.wp.com\/casadecampoliving.com\/wp-content\/uploads\/2022\/10\/yohanna-almanzar2_ccl-1.jpg?fit=650%2C433&ssl=1&resize=525%2C300 1.5x"},"classes":[]}],"jetpack_sharing_enabled":true,"_links":{"self":[{"href":"https:\/\/casadecampoliving.com\/es\/wp-json\/wp\/v2\/posts\/347985","targetHints":{"allow":["GET"]}}],"collection":[{"href":"https:\/\/casadecampoliving.com\/es\/wp-json\/wp\/v2\/posts"}],"about":[{"href":"https:\/\/casadecampoliving.com\/es\/wp-json\/wp\/v2\/types\/post"}],"author":[{"embeddable":true,"href":"https:\/\/casadecampoliving.com\/es\/wp-json\/wp\/v2\/users\/34707"}],"replies":[{"embeddable":true,"href":"https:\/\/casadecampoliving.com\/es\/wp-json\/wp\/v2\/comments?post=347985"}],"version-history":[{"count":1,"href":"https:\/\/casadecampoliving.com\/es\/wp-json\/wp\/v2\/posts\/347985\/revisions"}],"predecessor-version":[{"id":347986,"href":"https:\/\/casadecampoliving.com\/es\/wp-json\/wp\/v2\/posts\/347985\/revisions\/347986"}],"wp:featuredmedia":[{"embeddable":true,"href":"https:\/\/casadecampoliving.com\/es\/wp-json\/wp\/v2\/media\/282042"}],"wp:attachment":[{"href":"https:\/\/casadecampoliving.com\/es\/wp-json\/wp\/v2\/media?parent=347985"}],"wp:term":[{"taxonomy":"category","embeddable":true,"href":"https:\/\/casadecampoliving.com\/es\/wp-json\/wp\/v2\/categories?post=347985"},{"taxonomy":"post_tag","embeddable":true,"href":"https:\/\/casadecampoliving.com\/es\/wp-json\/wp\/v2\/tags?post=347985"},{"taxonomy":"newspack_spnsrs_tax","embeddable":true,"href":"https:\/\/casadecampoliving.com\/es\/wp-json\/wp\/v2\/newspack_spnsrs_tax?post=347985"}],"curies":[{"name":"wp","href":"https:\/\/api.w.org\/{rel}","templated":true}]}}