{"id":347840,"date":"2015-07-17T00:00:00","date_gmt":"2015-07-17T04:00:00","guid":{"rendered":"https:\/\/casadecampoliving.com\/esta-semana-en-la-republica-dominicana-7-17-15\/"},"modified":"2022-10-21T19:00:35","modified_gmt":"2022-10-21T23:00:35","slug":"esta-semana-en-la-republica-dominicana-7-17-15","status":"publish","type":"post","link":"https:\/\/casadecampoliving.com\/es\/esta-semana-en-la-republica-dominicana-7-17-15\/","title":{"rendered":"Esta Semana en la Rep\u00fablica Dominicana: Millones en exportaciones de cigarros y capturan al mayor capo del este"},"content":{"rendered":"<div class=\"wp-block-image\">\n<figure class=\"aligncenter is-resized\"><a href=\"https:\/\/i0.wp.com\/casadecampoliving.com\/wp-content\/uploads\/2022\/10\/CCLEstaSemanaRDV1-2.jpg?ssl=1\"><img loading=\"lazy\" decoding=\"async\" src=\"https:\/\/i0.wp.com\/casadecampoliving.com\/wp-content\/uploads\/2022\/10\/CCLEstaSemanaRDV1-2.jpg?resize=650%2C400&amp;ssl=1\" alt=\"Esta Semana en RD 17\" class=\"wp-image-112668\" height=\"400\" width=\"650\"\/><\/a><\/figure>\n<\/div>\n\n\n<p>\u00a1Termin\u00f3 la semana! Les deseo a todos un gran fin de semana como el que voy a tener. Pero a penas es viernes, as\u00ed que para mantenerlo informado sobre algunas de las noticias m\u00e1s populares&nbsp;en circulaci\u00f3n esta semana, y para que tenga otro tema del que hablar cuando se junte con sus amigos, aqu\u00ed est\u00e1 nuestro resumen semanal de las noticias de fuera de Casa y al rededor del pa\u00eds,&nbsp;<em>Esta Semana en la Rep\u00fablica Dominicana<\/em>.<\/p>\n\n\n\n<p>Esta semana la DNCD hizo una gran captura apresando al que encabezaba la lista de los capos m\u00e1s buscados de la regi\u00f3n este del pa\u00eds y las exportaciones de cigarros premium generan ingresos millonarios.<\/p>\n\n\n\n<!--more-->\n\n\n\n<h3 class=\"wp-block-heading\">Rep\u00fablica Dominicana cuenta con m\u00e1s de 400,000&nbsp;negocios<\/h3>\n\n\n\n<p>La Oficina Nacional de Estad\u00edsticas (ONE) llev\u00f3 a cabo una encuesta de los negocios de la naci\u00f3n&nbsp;en las provincias de Peravia, La Romana y Espaillat como parte del Registro Nacional de&nbsp;Empresas. Dicha encuesta fue preparada por la oficina de Peque\u00f1as y Medianas empresas (Pymes) en el Ministerio de Industria y Comercio&nbsp;por el viceministro Ignacio Mendez y fue financiada por la UNDP y la&nbsp;Uni\u00f3n Europea. De acuerdo a los resultados arrojados, la Rep\u00fablica Dominicana cuenta con cerca de 410,000&nbsp;empresas incluyendo formales y informales.<\/p>\n\n\n\n<p>Los primeros resultados de la encuesta muestran que las tiendas al por menor y almacenes forman el 40% de las empresas entre las tres provincias. En La Romana, las firmas tur\u00edsticas forman el 11.4% de las empresas. Mientras que en Peravia y Espaillat, los salones de belleza y peluquer\u00edas est\u00e1n en segundo lugar con el 14.2% y 12.2% respectivamente.<\/p>\n\n\n\n<p>Los resultados de la encuesta completa a nivel nacional estar\u00e1n disponibles a final de este a\u00f1o, seg\u00fan la ONE.<\/p>\n\n\n\n<h3 class=\"wp-block-heading\">Exportaciones de cigarros generan US$650MM&nbsp;en 2015<\/h3>\n\n\n\n<p>El director del Instituto Dominicano del Tabaco (Intabaco), Juan Francisco Caraballo, dijo que de acuerdo a su reporte, la Rep\u00fablica Dominicana obtendr\u00e1 US$650MM de la exportaci\u00f3n de cigarros premium a los Estados Unidos, Espa\u00f1a, Francia, Alemania, China y Jap\u00f3n.<\/p>\n\n\n\n<p>Caraballo habl\u00f3 con la prensa durante la destrucci\u00f3n p\u00fablica de m\u00e1s de 100,000 cigarros falsos confiscados en las \u00e1reas tur\u00edsticas de Puerto Plata, Sos\u00faa, Cabarete, y Saman\u00e1, adem\u00e1s de Hig\u00fcey, B\u00e1varo y Punta Cana, y a\u00f1adi\u00f3 que&nbsp;<em><strong>\u201cRep\u00fablica Dominicana contin\u00faa siento el pa\u00eds l\u00edder en exportaciones de cigarros premium\u201d<\/strong><\/em>.<\/p>\n\n\n\n<h3 class=\"wp-block-heading\">Taiw\u00e1n dona&nbsp;US$1.4MM para un Centro de Inteligencia Tecnol\u00f3gica<\/h3>\n\n\n\n<p>El Ministerio de Relaciones Extranjeras (Mirex) anunci\u00f3 que reuni\u00f3 a un grupo de arquitectos de 11 escuelas del pa\u00eds para elegir una de sus propuestas para el dise\u00f1o del edificio del&nbsp;Centro de Inteligencia Tecnol\u00f3gica.<\/p>\n\n\n\n<p>El Gobierno de Taiw\u00e1n ha donado&nbsp;la edificaci\u00f3n que albergar\u00e1 el centro, como parte del marco del&nbsp;fortalecimiento institucional de los ministros extranjeros de los pa\u00edses del&nbsp;Sistema de Integraci\u00f3n Centroamericana (SICA).<\/p>\n\n\n\n<h3 class=\"wp-block-heading\">Agentes capturan&nbsp;capo Dominicano pr\u00f3fugo desde el 2014<\/h3>\n\n\n\n<p>Hoy, viernes 17 de julio, el&nbsp;capo, Gregory Vilorio P\u00e9rez, alias Dar\u00edo Gasolina, quien estaba siendo buscado desde finales del 2014 por cargos de contrabando de 516 kilos de coca\u00edna a los Estados Unidos v\u00eda Puerto Rico, fue capturado por agentes de la Direcci\u00f3n Nacional de Control de Drogas (DNCD). Varios equipos de la organizaci\u00f3n apresaron al acusado junto a dos hombres m\u00e1s en una SUV en un camino cera de Juanillo en la provincia Altagracia (este), despu\u00e9s de una investigaci\u00f3n que tard\u00f3 varios meses.<\/p>\n\n\n\n<p>La DNCD dijo que Vilorio encabezaba la lista de los m\u00e1s buscados del tr\u00e1fico de drogas en la regi\u00f3n este del pa\u00eds. A\u00f1adiendo que el detenido ten\u00eda m\u00e1s de US$100,000 en efectivo y RD$1.4MM en una cuenta de banco local.<\/p>\n\n\n\n<p>Tambi\u00e9n alegaron que Vilorio&nbsp;se resisiti\u00f3 al arresto cuando agentes de la organizaci\u00f3n decomisaron 516 kilos de coca\u00edna en el bote \u201cMarian II\u201d que&nbsp;se dirig\u00eda a Puerto Rico, y arrestaron al Colombiano Diego Osorio y a los Dominicanos Toribio Jim\u00e9nez y Bienvenido Gums P\u00e9rez (Busonuco).<\/p>\n","protected":false},"excerpt":{"rendered":"<p>\u00a1Termin\u00f3 la semana! Les deseo a todos un gran fin de semana como el que voy a tener. Pero a penas es viernes, as\u00ed que para mantenerlo informado sobre algunas de las noticias m\u00e1s populares&nbsp;en circulaci\u00f3n esta semana, y para que tenga otro tema del que hablar cuando se junte con sus amigos, aqu\u00ed est\u00e1 [&hellip;]<\/p>\n","protected":false},"author":34707,"featured_media":278540,"comment_status":"closed","ping_status":"closed","sticky":false,"template":"","format":"standard","meta":{"newspack_ads_suppress_ads":false,"newspack_popups_has_disabled_popups":false,"newspack_sponsor_sponsorship_scope":"","newspack_sponsor_native_byline_display":"inherit","newspack_sponsor_native_category_display":"inherit","newspack_sponsor_underwriter_style":"inherit","newspack_sponsor_underwriter_placement":"inherit","_newspack_byline_active":false,"_newspack_byline":"","newspack_hide_updated_date":false,"newspack_show_updated_date":false,"newspack_content_restriction_is_exempt":false,"newspack_featured_image_position":"","newspack_post_subtitle":"","newspack_article_summary_title":"Overview:","newspack_article_summary":"","_jetpack_memberships_contains_paid_content":false,"footnotes":"","jetpack_publicize_message":"","jetpack_publicize_feature_enabled":true,"jetpack_social_post_already_shared":false,"jetpack_social_options":{"image_generator_settings":{"template":"highway","default_image_id":0,"font":"","enabled":false},"version":2},"_wpas_customize_per_network":false},"categories":[2524,14631,2507,2506,14625,2521],"tags":[8365,8290,14777],"newspack_spnsrs_tax":[],"class_list":["post-347840","post","type-post","status-publish","format-standard","has-post-thumbnail","hentry","category-destacados","category-estilo-de-vida","category-la-romana-es","category-mas-alla-de-casa-es","category-noticias-locales","category-republica-dominicana-2","tag-esta-semana-en-la-republica-dominicana","tag-noticias","tag-republica-dominicana-es-18","entry"],"yoast_head":"<!-- This site is optimized with the Yoast SEO plugin v27.5 - https:\/\/yoast.com\/product\/yoast-seo-wordpress\/ -->\n<title>Esta Semana en la Rep\u00fablica Dominicana: Millones en exportaciones de cigarros y capturan al mayor capo del este | Casa de Campo Living<\/title>\n<meta name=\"description\" content=\"\u00a1Termin\u00f3 la semana! Les deseo a todos un gran fin de semana como el que voy a tener. Pero a penas es viernes, as\u00ed que para mantenerlo informado sobre\" \/>\n<meta name=\"robots\" content=\"index, follow, max-snippet:-1, max-image-preview:large, max-video-preview:-1\" \/>\n<link rel=\"canonical\" href=\"https:\/\/casadecampoliving.com\/es\/esta-semana-en-la-republica-dominicana-7-17-15\/\" \/>\n<meta property=\"og:locale\" content=\"es_ES\" \/>\n<meta property=\"og:type\" content=\"article\" \/>\n<meta property=\"og:title\" content=\"Esta Semana en la Rep\u00fablica Dominicana: Millones en exportaciones de cigarros y capturan al mayor capo del este | Casa de Campo Living\" \/>\n<meta property=\"og:description\" content=\"\u00a1Termin\u00f3 la semana! Les deseo a todos un gran fin de semana como el que voy a tener. Pero a penas es viernes, as\u00ed que para mantenerlo informado sobre\" \/>\n<meta property=\"og:url\" content=\"https:\/\/casadecampoliving.com\/es\/esta-semana-en-la-republica-dominicana-7-17-15\/\" \/>\n<meta property=\"og:site_name\" content=\"Casa de Campo Living\" \/>\n<meta property=\"article:publisher\" content=\"https:\/\/www.facebook.com\/casadecampoliving\" \/>\n<meta property=\"article:published_time\" content=\"2015-07-17T04:00:00+00:00\" \/>\n<meta property=\"article:modified_time\" content=\"2022-10-21T23:00:35+00:00\" \/>\n<meta property=\"og:image\" content=\"https:\/\/i0.wp.com\/casadecampoliving.com\/wp-content\/uploads\/2022\/10\/ThisWeek-1.jpg?fit=650%2C400&ssl=1\" \/>\n\t<meta property=\"og:image:width\" content=\"650\" \/>\n\t<meta property=\"og:image:height\" content=\"400\" \/>\n\t<meta property=\"og:image:type\" content=\"image\/jpeg\" \/>\n<meta name=\"author\" content=\"Felix Guerrero\" \/>\n<meta name=\"twitter:card\" content=\"summary_large_image\" \/>\n<meta name=\"twitter:creator\" content=\"@cdcliving\" \/>\n<meta name=\"twitter:site\" content=\"@cdcliving\" \/>\n<meta name=\"twitter:label1\" content=\"Escrito por\" \/>\n\t<meta name=\"twitter:data1\" content=\"Felix Guerrero\" \/>\n\t<meta name=\"twitter:label2\" content=\"Tiempo de lectura\" \/>\n\t<meta name=\"twitter:data2\" content=\"4 minutos\" \/>\n<script type=\"application\/ld+json\" class=\"yoast-schema-graph\">{\"@context\":\"https:\\\/\\\/schema.org\",\"@graph\":[{\"@type\":\"Article\",\"@id\":\"https:\\\/\\\/casadecampoliving.com\\\/es\\\/esta-semana-en-la-republica-dominicana-7-17-15\\\/#article\",\"isPartOf\":{\"@id\":\"https:\\\/\\\/casadecampoliving.com\\\/es\\\/esta-semana-en-la-republica-dominicana-7-17-15\\\/\"},\"author\":{\"name\":\"Felix Guerrero\",\"@id\":\"https:\\\/\\\/casadecampoliving.com\\\/es\\\/#\\\/schema\\\/person\\\/0d45cfc6e376a2f15ac9a92421bd4451\"},\"headline\":\"Esta Semana en la Rep\u00fablica Dominicana: Millones en exportaciones de cigarros y capturan al mayor capo del este\",\"datePublished\":\"2015-07-17T04:00:00+00:00\",\"dateModified\":\"2022-10-21T23:00:35+00:00\",\"mainEntityOfPage\":{\"@id\":\"https:\\\/\\\/casadecampoliving.com\\\/es\\\/esta-semana-en-la-republica-dominicana-7-17-15\\\/\"},\"wordCount\":731,\"publisher\":{\"@id\":\"https:\\\/\\\/casadecampoliving.com\\\/es\\\/#organization\"},\"image\":{\"@id\":\"https:\\\/\\\/casadecampoliving.com\\\/es\\\/esta-semana-en-la-republica-dominicana-7-17-15\\\/#primaryimage\"},\"thumbnailUrl\":\"https:\\\/\\\/i0.wp.com\\\/casadecampoliving.com\\\/wp-content\\\/uploads\\\/2022\\\/10\\\/ThisWeek-1.jpg?fit=650%2C400&ssl=1\",\"keywords\":[\"esta semana en la republica dominicana\",\"Noticias\",\"Republica Dominicana\"],\"articleSection\":[\"Destacados\",\"Estilo de Vida\",\"La Romana @es\",\"M\u00e1s all\u00e1 de Casa\",\"Noticias Locales\",\"Rep\u00fablica Dominicana @es\"],\"inLanguage\":\"es\"},{\"@type\":\"WebPage\",\"@id\":\"https:\\\/\\\/casadecampoliving.com\\\/es\\\/esta-semana-en-la-republica-dominicana-7-17-15\\\/\",\"url\":\"https:\\\/\\\/casadecampoliving.com\\\/es\\\/esta-semana-en-la-republica-dominicana-7-17-15\\\/\",\"name\":\"Esta Semana en la Rep\u00fablica Dominicana: Millones en exportaciones de cigarros y capturan al mayor capo del este | Casa de Campo Living\",\"isPartOf\":{\"@id\":\"https:\\\/\\\/casadecampoliving.com\\\/es\\\/#website\"},\"primaryImageOfPage\":{\"@id\":\"https:\\\/\\\/casadecampoliving.com\\\/es\\\/esta-semana-en-la-republica-dominicana-7-17-15\\\/#primaryimage\"},\"image\":{\"@id\":\"https:\\\/\\\/casadecampoliving.com\\\/es\\\/esta-semana-en-la-republica-dominicana-7-17-15\\\/#primaryimage\"},\"thumbnailUrl\":\"https:\\\/\\\/i0.wp.com\\\/casadecampoliving.com\\\/wp-content\\\/uploads\\\/2022\\\/10\\\/ThisWeek-1.jpg?fit=650%2C400&ssl=1\",\"datePublished\":\"2015-07-17T04:00:00+00:00\",\"dateModified\":\"2022-10-21T23:00:35+00:00\",\"description\":\"\u00a1Termin\u00f3 la semana! Les deseo a todos un gran fin de semana como el que voy a tener. Pero a penas es viernes, as\u00ed que para mantenerlo informado sobre\",\"breadcrumb\":{\"@id\":\"https:\\\/\\\/casadecampoliving.com\\\/es\\\/esta-semana-en-la-republica-dominicana-7-17-15\\\/#breadcrumb\"},\"inLanguage\":\"es\",\"potentialAction\":[{\"@type\":\"ReadAction\",\"target\":[\"https:\\\/\\\/casadecampoliving.com\\\/es\\\/esta-semana-en-la-republica-dominicana-7-17-15\\\/\"]}]},{\"@type\":\"ImageObject\",\"inLanguage\":\"es\",\"@id\":\"https:\\\/\\\/casadecampoliving.com\\\/es\\\/esta-semana-en-la-republica-dominicana-7-17-15\\\/#primaryimage\",\"url\":\"https:\\\/\\\/i0.wp.com\\\/casadecampoliving.com\\\/wp-content\\\/uploads\\\/2022\\\/10\\\/ThisWeek-1.jpg?fit=650%2C400&ssl=1\",\"contentUrl\":\"https:\\\/\\\/i0.wp.com\\\/casadecampoliving.com\\\/wp-content\\\/uploads\\\/2022\\\/10\\\/ThisWeek-1.jpg?fit=650%2C400&ssl=1\",\"width\":650,\"height\":400},{\"@type\":\"BreadcrumbList\",\"@id\":\"https:\\\/\\\/casadecampoliving.com\\\/es\\\/esta-semana-en-la-republica-dominicana-7-17-15\\\/#breadcrumb\",\"itemListElement\":[{\"@type\":\"ListItem\",\"position\":1,\"name\":\"Home\",\"item\":\"https:\\\/\\\/casadecampoliving.com\\\/es\\\/\"},{\"@type\":\"ListItem\",\"position\":2,\"name\":\"Esta Semana en la Rep\u00fablica Dominicana: Millones en exportaciones de cigarros y capturan al mayor capo del este\"}]},{\"@type\":\"WebSite\",\"@id\":\"https:\\\/\\\/casadecampoliving.com\\\/es\\\/#website\",\"url\":\"https:\\\/\\\/casadecampoliving.com\\\/es\\\/\",\"name\":\"Casa de Campo Living\",\"description\":\"Resort community news and resources.\",\"publisher\":{\"@id\":\"https:\\\/\\\/casadecampoliving.com\\\/es\\\/#organization\"},\"potentialAction\":[{\"@type\":\"SearchAction\",\"target\":{\"@type\":\"EntryPoint\",\"urlTemplate\":\"https:\\\/\\\/casadecampoliving.com\\\/es\\\/?s={search_term_string}\"},\"query-input\":{\"@type\":\"PropertyValueSpecification\",\"valueRequired\":true,\"valueName\":\"search_term_string\"}}],\"inLanguage\":\"es\"},{\"@type\":\"Organization\",\"@id\":\"https:\\\/\\\/casadecampoliving.com\\\/es\\\/#organization\",\"name\":\"Casa de Campo Living\",\"url\":\"https:\\\/\\\/casadecampoliving.com\\\/es\\\/\",\"logo\":{\"@type\":\"ImageObject\",\"inLanguage\":\"es\",\"@id\":\"https:\\\/\\\/casadecampoliving.com\\\/es\\\/#\\\/schema\\\/logo\\\/image\\\/\",\"url\":\"https:\\\/\\\/i0.wp.com\\\/casadecampoliving.com\\\/wp-content\\\/uploads\\\/2022\\\/07\\\/CDCLivingLogo_V1-white-sized.png?fit=800%2C214&ssl=1\",\"contentUrl\":\"https:\\\/\\\/i0.wp.com\\\/casadecampoliving.com\\\/wp-content\\\/uploads\\\/2022\\\/07\\\/CDCLivingLogo_V1-white-sized.png?fit=800%2C214&ssl=1\",\"width\":800,\"height\":214,\"caption\":\"Casa de Campo Living\"},\"image\":{\"@id\":\"https:\\\/\\\/casadecampoliving.com\\\/es\\\/#\\\/schema\\\/logo\\\/image\\\/\"},\"sameAs\":[\"https:\\\/\\\/www.facebook.com\\\/casadecampoliving\",\"https:\\\/\\\/x.com\\\/cdcliving\"]},{\"@type\":\"Person\",\"@id\":\"https:\\\/\\\/casadecampoliving.com\\\/es\\\/#\\\/schema\\\/person\\\/0d45cfc6e376a2f15ac9a92421bd4451\",\"name\":\"Felix Guerrero\",\"image\":{\"@type\":\"ImageObject\",\"inLanguage\":\"es\",\"@id\":\"https:\\\/\\\/secure.gravatar.com\\\/avatar\\\/14a8050b9491854cab6ae2240dcb42ad0fad787b7fa453ad0991fd1262157df3?s=96&d=mm&r=g\",\"url\":\"https:\\\/\\\/secure.gravatar.com\\\/avatar\\\/14a8050b9491854cab6ae2240dcb42ad0fad787b7fa453ad0991fd1262157df3?s=96&d=mm&r=g\",\"contentUrl\":\"https:\\\/\\\/secure.gravatar.com\\\/avatar\\\/14a8050b9491854cab6ae2240dcb42ad0fad787b7fa453ad0991fd1262157df3?s=96&d=mm&r=g\",\"caption\":\"Felix Guerrero\"},\"url\":\"https:\\\/\\\/casadecampoliving.com\\\/es\\\/author\\\/fguerrero\\\/\"}]}<\/script>\n<!-- \/ Yoast SEO plugin. -->","yoast_head_json":{"title":"Esta Semana en la Rep\u00fablica Dominicana: Millones en exportaciones de cigarros y capturan al mayor capo del este | Casa de Campo Living","description":"\u00a1Termin\u00f3 la semana! Les deseo a todos un gran fin de semana como el que voy a tener. Pero a penas es viernes, as\u00ed que para mantenerlo informado sobre","robots":{"index":"index","follow":"follow","max-snippet":"max-snippet:-1","max-image-preview":"max-image-preview:large","max-video-preview":"max-video-preview:-1"},"canonical":"https:\/\/casadecampoliving.com\/es\/esta-semana-en-la-republica-dominicana-7-17-15\/","og_locale":"es_ES","og_type":"article","og_title":"Esta Semana en la Rep\u00fablica Dominicana: Millones en exportaciones de cigarros y capturan al mayor capo del este | Casa de Campo Living","og_description":"\u00a1Termin\u00f3 la semana! Les deseo a todos un gran fin de semana como el que voy a tener. Pero a penas es viernes, as\u00ed que para mantenerlo informado sobre","og_url":"https:\/\/casadecampoliving.com\/es\/esta-semana-en-la-republica-dominicana-7-17-15\/","og_site_name":"Casa de Campo Living","article_publisher":"https:\/\/www.facebook.com\/casadecampoliving","article_published_time":"2015-07-17T04:00:00+00:00","article_modified_time":"2022-10-21T23:00:35+00:00","og_image":[{"width":650,"height":400,"url":"https:\/\/i0.wp.com\/casadecampoliving.com\/wp-content\/uploads\/2022\/10\/ThisWeek-1.jpg?fit=650%2C400&ssl=1","type":"image\/jpeg"}],"author":"Felix Guerrero","twitter_card":"summary_large_image","twitter_creator":"@cdcliving","twitter_site":"@cdcliving","twitter_misc":{"Escrito por":"Felix Guerrero","Tiempo de lectura":"4 minutos"},"schema":{"@context":"https:\/\/schema.org","@graph":[{"@type":"Article","@id":"https:\/\/casadecampoliving.com\/es\/esta-semana-en-la-republica-dominicana-7-17-15\/#article","isPartOf":{"@id":"https:\/\/casadecampoliving.com\/es\/esta-semana-en-la-republica-dominicana-7-17-15\/"},"author":{"name":"Felix Guerrero","@id":"https:\/\/casadecampoliving.com\/es\/#\/schema\/person\/0d45cfc6e376a2f15ac9a92421bd4451"},"headline":"Esta Semana en la Rep\u00fablica Dominicana: Millones en exportaciones de cigarros y capturan al mayor capo del este","datePublished":"2015-07-17T04:00:00+00:00","dateModified":"2022-10-21T23:00:35+00:00","mainEntityOfPage":{"@id":"https:\/\/casadecampoliving.com\/es\/esta-semana-en-la-republica-dominicana-7-17-15\/"},"wordCount":731,"publisher":{"@id":"https:\/\/casadecampoliving.com\/es\/#organization"},"image":{"@id":"https:\/\/casadecampoliving.com\/es\/esta-semana-en-la-republica-dominicana-7-17-15\/#primaryimage"},"thumbnailUrl":"https:\/\/i0.wp.com\/casadecampoliving.com\/wp-content\/uploads\/2022\/10\/ThisWeek-1.jpg?fit=650%2C400&ssl=1","keywords":["esta semana en la republica dominicana","Noticias","Republica Dominicana"],"articleSection":["Destacados","Estilo de Vida","La Romana @es","M\u00e1s all\u00e1 de Casa","Noticias Locales","Rep\u00fablica Dominicana @es"],"inLanguage":"es"},{"@type":"WebPage","@id":"https:\/\/casadecampoliving.com\/es\/esta-semana-en-la-republica-dominicana-7-17-15\/","url":"https:\/\/casadecampoliving.com\/es\/esta-semana-en-la-republica-dominicana-7-17-15\/","name":"Esta Semana en la Rep\u00fablica Dominicana: Millones en exportaciones de cigarros y capturan al mayor capo del este | Casa de Campo Living","isPartOf":{"@id":"https:\/\/casadecampoliving.com\/es\/#website"},"primaryImageOfPage":{"@id":"https:\/\/casadecampoliving.com\/es\/esta-semana-en-la-republica-dominicana-7-17-15\/#primaryimage"},"image":{"@id":"https:\/\/casadecampoliving.com\/es\/esta-semana-en-la-republica-dominicana-7-17-15\/#primaryimage"},"thumbnailUrl":"https:\/\/i0.wp.com\/casadecampoliving.com\/wp-content\/uploads\/2022\/10\/ThisWeek-1.jpg?fit=650%2C400&ssl=1","datePublished":"2015-07-17T04:00:00+00:00","dateModified":"2022-10-21T23:00:35+00:00","description":"\u00a1Termin\u00f3 la semana! Les deseo a todos un gran fin de semana como el que voy a tener. Pero a penas es viernes, as\u00ed que para mantenerlo informado sobre","breadcrumb":{"@id":"https:\/\/casadecampoliving.com\/es\/esta-semana-en-la-republica-dominicana-7-17-15\/#breadcrumb"},"inLanguage":"es","potentialAction":[{"@type":"ReadAction","target":["https:\/\/casadecampoliving.com\/es\/esta-semana-en-la-republica-dominicana-7-17-15\/"]}]},{"@type":"ImageObject","inLanguage":"es","@id":"https:\/\/casadecampoliving.com\/es\/esta-semana-en-la-republica-dominicana-7-17-15\/#primaryimage","url":"https:\/\/i0.wp.com\/casadecampoliving.com\/wp-content\/uploads\/2022\/10\/ThisWeek-1.jpg?fit=650%2C400&ssl=1","contentUrl":"https:\/\/i0.wp.com\/casadecampoliving.com\/wp-content\/uploads\/2022\/10\/ThisWeek-1.jpg?fit=650%2C400&ssl=1","width":650,"height":400},{"@type":"BreadcrumbList","@id":"https:\/\/casadecampoliving.com\/es\/esta-semana-en-la-republica-dominicana-7-17-15\/#breadcrumb","itemListElement":[{"@type":"ListItem","position":1,"name":"Home","item":"https:\/\/casadecampoliving.com\/es\/"},{"@type":"ListItem","position":2,"name":"Esta Semana en la Rep\u00fablica Dominicana: Millones en exportaciones de cigarros y capturan al mayor capo del este"}]},{"@type":"WebSite","@id":"https:\/\/casadecampoliving.com\/es\/#website","url":"https:\/\/casadecampoliving.com\/es\/","name":"Casa de Campo Living","description":"Resort community news and resources.","publisher":{"@id":"https:\/\/casadecampoliving.com\/es\/#organization"},"potentialAction":[{"@type":"SearchAction","target":{"@type":"EntryPoint","urlTemplate":"https:\/\/casadecampoliving.com\/es\/?s={search_term_string}"},"query-input":{"@type":"PropertyValueSpecification","valueRequired":true,"valueName":"search_term_string"}}],"inLanguage":"es"},{"@type":"Organization","@id":"https:\/\/casadecampoliving.com\/es\/#organization","name":"Casa de Campo Living","url":"https:\/\/casadecampoliving.com\/es\/","logo":{"@type":"ImageObject","inLanguage":"es","@id":"https:\/\/casadecampoliving.com\/es\/#\/schema\/logo\/image\/","url":"https:\/\/i0.wp.com\/casadecampoliving.com\/wp-content\/uploads\/2022\/07\/CDCLivingLogo_V1-white-sized.png?fit=800%2C214&ssl=1","contentUrl":"https:\/\/i0.wp.com\/casadecampoliving.com\/wp-content\/uploads\/2022\/07\/CDCLivingLogo_V1-white-sized.png?fit=800%2C214&ssl=1","width":800,"height":214,"caption":"Casa de Campo Living"},"image":{"@id":"https:\/\/casadecampoliving.com\/es\/#\/schema\/logo\/image\/"},"sameAs":["https:\/\/www.facebook.com\/casadecampoliving","https:\/\/x.com\/cdcliving"]},{"@type":"Person","@id":"https:\/\/casadecampoliving.com\/es\/#\/schema\/person\/0d45cfc6e376a2f15ac9a92421bd4451","name":"Felix Guerrero","image":{"@type":"ImageObject","inLanguage":"es","@id":"https:\/\/secure.gravatar.com\/avatar\/14a8050b9491854cab6ae2240dcb42ad0fad787b7fa453ad0991fd1262157df3?s=96&d=mm&r=g","url":"https:\/\/secure.gravatar.com\/avatar\/14a8050b9491854cab6ae2240dcb42ad0fad787b7fa453ad0991fd1262157df3?s=96&d=mm&r=g","contentUrl":"https:\/\/secure.gravatar.com\/avatar\/14a8050b9491854cab6ae2240dcb42ad0fad787b7fa453ad0991fd1262157df3?s=96&d=mm&r=g","caption":"Felix Guerrero"},"url":"https:\/\/casadecampoliving.com\/es\/author\/fguerrero\/"}]}},"parsely":{"version":"1.1.0","canonical_url":"https:\/\/casadecampoliving.com\/es\/esta-semana-en-la-republica-dominicana-7-17-15\/","smart_links":{"inbound":0,"outbound":0},"traffic_boost_suggestions_count":0,"meta":{"@context":"https:\/\/schema.org","@type":"NewsArticle","headline":"Esta Semana en la Rep\u00fablica Dominicana: Millones en exportaciones de cigarros y capturan al mayor capo del este","url":"http:\/\/casadecampoliving.com\/es\/esta-semana-en-la-republica-dominicana-7-17-15\/","mainEntityOfPage":{"@type":"WebPage","@id":"http:\/\/casadecampoliving.com\/es\/esta-semana-en-la-republica-dominicana-7-17-15\/"},"thumbnailUrl":"https:\/\/i0.wp.com\/casadecampoliving.com\/wp-content\/uploads\/2022\/10\/ThisWeek-1.jpg?resize=150%2C150&ssl=1","image":{"@type":"ImageObject","url":"https:\/\/i0.wp.com\/casadecampoliving.com\/wp-content\/uploads\/2022\/10\/ThisWeek-1.jpg?fit=650%2C400&ssl=1"},"articleSection":"Destacados","author":[{"@type":"Person","name":"Felix Guerrero"}],"creator":["Felix Guerrero"],"publisher":{"@type":"Organization","name":"Casa de Campo Living","logo":"https:\/\/casadecampoliving.com\/wp-content\/uploads\/2022\/07\/CDCLivingLogo_V1-white-sized.png"},"keywords":["esta semana en la republica dominicana","noticias","republica dominicana"],"dateCreated":"2015-07-17T04:00:00Z","datePublished":"2015-07-17T04:00:00Z","dateModified":"2022-10-21T23:00:35Z"},"rendered":"<script type=\"application\/ld+json\" class=\"wp-parsely-metadata\">{\"@context\":\"https:\\\/\\\/schema.org\",\"@type\":\"NewsArticle\",\"headline\":\"Esta Semana en la Rep\\u00fablica Dominicana: Millones en exportaciones de cigarros y capturan al mayor capo del este\",\"url\":\"http:\\\/\\\/casadecampoliving.com\\\/es\\\/esta-semana-en-la-republica-dominicana-7-17-15\\\/\",\"mainEntityOfPage\":{\"@type\":\"WebPage\",\"@id\":\"http:\\\/\\\/casadecampoliving.com\\\/es\\\/esta-semana-en-la-republica-dominicana-7-17-15\\\/\"},\"thumbnailUrl\":\"https:\\\/\\\/i0.wp.com\\\/casadecampoliving.com\\\/wp-content\\\/uploads\\\/2022\\\/10\\\/ThisWeek-1.jpg?resize=150%2C150&ssl=1\",\"image\":{\"@type\":\"ImageObject\",\"url\":\"https:\\\/\\\/i0.wp.com\\\/casadecampoliving.com\\\/wp-content\\\/uploads\\\/2022\\\/10\\\/ThisWeek-1.jpg?fit=650%2C400&ssl=1\"},\"articleSection\":\"Destacados\",\"author\":[{\"@type\":\"Person\",\"name\":\"Felix Guerrero\"}],\"creator\":[\"Felix Guerrero\"],\"publisher\":{\"@type\":\"Organization\",\"name\":\"Casa de Campo Living\",\"logo\":\"https:\\\/\\\/casadecampoliving.com\\\/wp-content\\\/uploads\\\/2022\\\/07\\\/CDCLivingLogo_V1-white-sized.png\"},\"keywords\":[\"esta semana en la republica dominicana\",\"noticias\",\"republica dominicana\"],\"dateCreated\":\"2015-07-17T04:00:00Z\",\"datePublished\":\"2015-07-17T04:00:00Z\",\"dateModified\":\"2022-10-21T23:00:35Z\"}<\/script>","tracker_url":"https:\/\/cdn.parsely.com\/keys\/casadecampoliving.com\/p.js"},"jetpack_publicize_connections":[],"jetpack_featured_media_url":"https:\/\/i0.wp.com\/casadecampoliving.com\/wp-content\/uploads\/2022\/10\/ThisWeek-1.jpg?fit=650%2C400&ssl=1","jetpack-related-posts":[{"id":433460,"url":"https:\/\/casadecampoliving.com\/es\/no-se-pierdan-el-increible-tributo-a-frank-sinatra-para-celebrar-el-40-aniversario-del-anfiteatro-altos-de-chavon\/","url_meta":{"origin":347840,"position":0},"title":"No se pierdan el incre\u00edble tributo a Frank Sinatra para celebrar el 40 aniversario del\u00a0Anfiteatro Altos de Chav\u00f3n","author":"Casa de Campo Living","date":"20 Oct, 2022","format":false,"excerpt":"Siendo uno de los escenarios m\u00e1s emblem\u00e1ticos del pa\u00eds, Casa de Campo Resort\u00ae & Villas celebra las cuatro d\u00e9cadas de aniversario de Altos de Chav\u00f3n con un tributo al gran Frank Sinatra, protagonizado por artistas invitados y una big band tal cual la que acompa\u00f1\u00f3 al artista hace 40 a\u00f1os\u2026","rel":"","context":"En \u00abUncategorized @es\u00bb","block_context":{"text":"Uncategorized @es","link":"https:\/\/casadecampoliving.com\/es\/category\/uncategorized-es\/"},"img":{"alt_text":"","src":"https:\/\/i0.wp.com\/casadecampoliving.com\/wp-content\/uploads\/2022\/10\/Tributo-Frank-Sinatra-Foto-Principal-Amaury-Sanchez-Danilo-Ginebra-Andres-Pichardo-y-Jose-Gabriel-Perez-.jpg?fit=1200%2C873&ssl=1&resize=350%2C200","width":350,"height":200,"srcset":"https:\/\/i0.wp.com\/casadecampoliving.com\/wp-content\/uploads\/2022\/10\/Tributo-Frank-Sinatra-Foto-Principal-Amaury-Sanchez-Danilo-Ginebra-Andres-Pichardo-y-Jose-Gabriel-Perez-.jpg?fit=1200%2C873&ssl=1&resize=350%2C200 1x, https:\/\/i0.wp.com\/casadecampoliving.com\/wp-content\/uploads\/2022\/10\/Tributo-Frank-Sinatra-Foto-Principal-Amaury-Sanchez-Danilo-Ginebra-Andres-Pichardo-y-Jose-Gabriel-Perez-.jpg?fit=1200%2C873&ssl=1&resize=525%2C300 1.5x, https:\/\/i0.wp.com\/casadecampoliving.com\/wp-content\/uploads\/2022\/10\/Tributo-Frank-Sinatra-Foto-Principal-Amaury-Sanchez-Danilo-Ginebra-Andres-Pichardo-y-Jose-Gabriel-Perez-.jpg?fit=1200%2C873&ssl=1&resize=700%2C400 2x, https:\/\/i0.wp.com\/casadecampoliving.com\/wp-content\/uploads\/2022\/10\/Tributo-Frank-Sinatra-Foto-Principal-Amaury-Sanchez-Danilo-Ginebra-Andres-Pichardo-y-Jose-Gabriel-Perez-.jpg?fit=1200%2C873&ssl=1&resize=1050%2C600 3x"},"classes":[]},{"id":343678,"url":"https:\/\/casadecampoliving.com\/es\/esta-semana-en-la-republica-dominicana\/","url_meta":{"origin":347840,"position":1},"title":"Esta semana en la Rep\u00fablica Dominicana: Hait\u00ed, guineos, turismo y ballenas jorobadas","author":"Perkin Agramonte","date":"10 Ene, 2014","format":false,"excerpt":"Vivir y vacacionar en Casa de Campo es indiscutiblemente una experiencia celestial, sin embargo, \u00bfQue es lo que ocurre m\u00e1s all\u00e1 de nuestro peque\u00f1o para\u00edso? para aquellos interesados en noticias de actualidad en toda Rep\u00fablica Dominicana, les traemos una nueva columna de noticias semanal \u201cEsta semana en la Rep\u00fablica Dominicana\u201d,\u2026","rel":"","context":"En \u00abCasa de Campo Living @es\u00bb","block_context":{"text":"Casa de Campo Living @es","link":"https:\/\/casadecampoliving.com\/category\/casa-de-campo-living-es\/"},"img":{"alt_text":"bananas Dominican Republic","src":"https:\/\/i0.wp.com\/casadecampoliving.com\/wp-content\/uploads\/2022\/10\/bananas_dominican_republic1-1.jpeg?fit=650%2C432&ssl=1&resize=350%2C200","width":350,"height":200,"srcset":"https:\/\/i0.wp.com\/casadecampoliving.com\/wp-content\/uploads\/2022\/10\/bananas_dominican_republic1-1.jpeg?fit=650%2C432&ssl=1&resize=350%2C200 1x, https:\/\/i0.wp.com\/casadecampoliving.com\/wp-content\/uploads\/2022\/10\/bananas_dominican_republic1-1.jpeg?fit=650%2C432&ssl=1&resize=525%2C300 1.5x"},"classes":[]},{"id":343920,"url":"https:\/\/casadecampoliving.com\/es\/esta-semana-en-la-republica-dominicana-rolando-gonzalez\/","url_meta":{"origin":347840,"position":2},"title":"Esta Semana en la Rep\u00fablica Dominicana: Rolando Gonzalez-Bunster empieza la construcci\u00f3n de una nueva estaci\u00f3n de gas natural","author":"Perkin Agramonte","date":"21 Feb, 2014","format":false,"excerpt":"En la presente entrega de \u201cesta Semana en la Rep\u00fablica Dominicana\u201d aprenderemos acerca del nuevo proyecto de gas natural en San Pedro, la inauguraci\u00f3n de 13 nuevas escuelas esta semana y el proyecto de una granja en el area del Lago Enriquillo. Empiezan trabajos para terminal de gas natural en\u2026","rel":"","context":"En \u00abCasa de Campo Living @es\u00bb","block_context":{"text":"Casa de Campo Living @es","link":"https:\/\/casadecampoliving.com\/category\/casa-de-campo-living-es\/"},"img":{"alt_text":"rolando gonzalez bunster","src":"https:\/\/i0.wp.com\/casadecampoliving.com\/wp-content\/uploads\/2022\/10\/rolando_gonzalez_bunster-2.jpg?fit=650%2C366&ssl=1&resize=350%2C200","width":350,"height":200,"srcset":"https:\/\/i0.wp.com\/casadecampoliving.com\/wp-content\/uploads\/2022\/10\/rolando_gonzalez_bunster-2.jpg?fit=650%2C366&ssl=1&resize=350%2C200 1x, https:\/\/i0.wp.com\/casadecampoliving.com\/wp-content\/uploads\/2022\/10\/rolando_gonzalez_bunster-2.jpg?fit=650%2C366&ssl=1&resize=525%2C300 1.5x"},"classes":[]},{"id":347973,"url":"https:\/\/casadecampoliving.com\/es\/esta-semana-en-la-republica-dominicana-5\/","url_meta":{"origin":347840,"position":3},"title":"Esta Semana en la Rep\u00fablica Dominicana: Exportaciones crecen y RD gana medalla de oro ol\u00edmpica","author":"Felix Guerrero","date":"31 Jul, 2015","format":false,"excerpt":"\u00daltimo d\u00eda de Julio, y \u00faltimo d\u00eda de la semana. \u00a1Hora de darle la bienvenida al fin de semana! Termine su semana con nnuestro resumen semanal de las noticias m\u00e1s relevantes del pa\u00eds,\u00a0Esta Semana en la Rep\u00fablica Dominicana. Esta semana, la Rep\u00fablica Dominicana obtuvo otra medalla de oro ol\u00edmpica, al\u2026","rel":"","context":"En \u00abCasa de Campo Living @es\u00bb","block_context":{"text":"Casa de Campo Living @es","link":"https:\/\/casadecampoliving.com\/category\/casa-de-campo-living-es\/"},"img":{"alt_text":"","src":"https:\/\/i0.wp.com\/casadecampoliving.com\/wp-content\/uploads\/2022\/10\/CCLThisWeekinDRV1-31-7-15-1.jpg?fit=650%2C400&ssl=1&resize=350%2C200","width":350,"height":200,"srcset":"https:\/\/i0.wp.com\/casadecampoliving.com\/wp-content\/uploads\/2022\/10\/CCLThisWeekinDRV1-31-7-15-1.jpg?fit=650%2C400&ssl=1&resize=350%2C200 1x, https:\/\/i0.wp.com\/casadecampoliving.com\/wp-content\/uploads\/2022\/10\/CCLThisWeekinDRV1-31-7-15-1.jpg?fit=650%2C400&ssl=1&resize=525%2C300 1.5x"},"classes":[]},{"id":348020,"url":"https:\/\/casadecampoliving.com\/es\/esta-semana-en-la-republica-dominicana-7-8-15\/","url_meta":{"origin":347840,"position":4},"title":"Esta Semana en la Rep\u00fablica Dominicana: El comercio sigue creciendo y se construye nueva planta e\u00f3lica","author":"Felix Guerrero","date":"10 Ago, 2015","format":false,"excerpt":"Parece que la Rep\u00fablica Dominicana est\u00e1 adoptando las medidas dadas por el Worldwatch Institute hace un par de semanas cuando hablaba del futuro de la energ\u00eda renovable en el pa\u00eds, ya que\u00a0la construcci\u00f3n del proyecto Larimar, la\u00a0segunda planta\u00a0e\u00f3lica m\u00e1s importante del pa\u00eds, acaba de empezar a principios de semana. Y\u2026","rel":"","context":"En \u00abDestacados\u00bb","block_context":{"text":"Destacados","link":"https:\/\/casadecampoliving.com\/es\/category\/destacados\/"},"img":{"alt_text":"","src":"https:\/\/i0.wp.com\/casadecampoliving.com\/wp-content\/uploads\/2022\/10\/CCLThisWeekinDRV1-7-8-15-1.jpg?fit=650%2C400&ssl=1&resize=350%2C200","width":350,"height":200,"srcset":"https:\/\/i0.wp.com\/casadecampoliving.com\/wp-content\/uploads\/2022\/10\/CCLThisWeekinDRV1-7-8-15-1.jpg?fit=650%2C400&ssl=1&resize=350%2C200 1x, https:\/\/i0.wp.com\/casadecampoliving.com\/wp-content\/uploads\/2022\/10\/CCLThisWeekinDRV1-7-8-15-1.jpg?fit=650%2C400&ssl=1&resize=525%2C300 1.5x"},"classes":[]},{"id":344105,"url":"https:\/\/casadecampoliving.com\/es\/esta-semana-en-la-republica-dominicana-tanda-extendida-en-educacion-entrara-en-funcion-en-agosto\/","url_meta":{"origin":347840,"position":5},"title":"Esta Semana en la Rep\u00fablica Dominicana: Tanda extendida en educaci\u00f3n entrar\u00e1 en funci\u00f3n en agosto","author":"Perkin Agramonte","date":"28 Mar, 2014","format":false,"excerpt":"En esta edici\u00f3n semanal de \u201cEsta Semana en la Rep\u00fablica Dominicana\u201d aprenderemos acerca de las operaciones militares en Ban\u00ed, conversaciones de alto nivel entre Hait\u00ed y la Rep\u00fablica Dominicana, y acerca del futuro de la educaci\u00f3n dominicana. Tandas extendidas para todos los estudiantes El Presidente de la Rep\u00fablica Dominicana, Danilo\u2026","rel":"","context":"En \u00abCasa de Campo Living @es\u00bb","block_context":{"text":"Casa de Campo Living @es","link":"https:\/\/casadecampoliving.com\/category\/casa-de-campo-living-es\/"},"img":{"alt_text":"Fundacion MIR escuela","src":"https:\/\/i0.wp.com\/casadecampoliving.com\/wp-content\/uploads\/2022\/10\/Fundacion_MIR_escuela-1.jpg?fit=650%2C428&ssl=1&resize=350%2C200","width":350,"height":200,"srcset":"https:\/\/i0.wp.com\/casadecampoliving.com\/wp-content\/uploads\/2022\/10\/Fundacion_MIR_escuela-1.jpg?fit=650%2C428&ssl=1&resize=350%2C200 1x, https:\/\/i0.wp.com\/casadecampoliving.com\/wp-content\/uploads\/2022\/10\/Fundacion_MIR_escuela-1.jpg?fit=650%2C428&ssl=1&resize=525%2C300 1.5x"},"classes":[]}],"jetpack_sharing_enabled":true,"_links":{"self":[{"href":"https:\/\/casadecampoliving.com\/es\/wp-json\/wp\/v2\/posts\/347840","targetHints":{"allow":["GET"]}}],"collection":[{"href":"https:\/\/casadecampoliving.com\/es\/wp-json\/wp\/v2\/posts"}],"about":[{"href":"https:\/\/casadecampoliving.com\/es\/wp-json\/wp\/v2\/types\/post"}],"author":[{"embeddable":true,"href":"https:\/\/casadecampoliving.com\/es\/wp-json\/wp\/v2\/users\/34707"}],"replies":[{"embeddable":true,"href":"https:\/\/casadecampoliving.com\/es\/wp-json\/wp\/v2\/comments?post=347840"}],"version-history":[{"count":1,"href":"https:\/\/casadecampoliving.com\/es\/wp-json\/wp\/v2\/posts\/347840\/revisions"}],"predecessor-version":[{"id":347843,"href":"https:\/\/casadecampoliving.com\/es\/wp-json\/wp\/v2\/posts\/347840\/revisions\/347843"}],"wp:featuredmedia":[{"embeddable":true,"href":"https:\/\/casadecampoliving.com\/es\/wp-json\/wp\/v2\/media\/278540"}],"wp:attachment":[{"href":"https:\/\/casadecampoliving.com\/es\/wp-json\/wp\/v2\/media?parent=347840"}],"wp:term":[{"taxonomy":"category","embeddable":true,"href":"https:\/\/casadecampoliving.com\/es\/wp-json\/wp\/v2\/categories?post=347840"},{"taxonomy":"post_tag","embeddable":true,"href":"https:\/\/casadecampoliving.com\/es\/wp-json\/wp\/v2\/tags?post=347840"},{"taxonomy":"newspack_spnsrs_tax","embeddable":true,"href":"https:\/\/casadecampoliving.com\/es\/wp-json\/wp\/v2\/newspack_spnsrs_tax?post=347840"}],"curies":[{"name":"wp","href":"https:\/\/api.w.org\/{rel}","templated":true}]}}