{"id":347764,"date":"2015-07-10T00:00:00","date_gmt":"2015-07-10T04:00:00","guid":{"rendered":"https:\/\/casadecampoliving.com\/reunion-con-los-duenos-de-villa-conozca-el-nuevo-programa-exclusivo-de-alquiler-por-cdcre\/"},"modified":"2022-10-21T18:58:33","modified_gmt":"2022-10-21T22:58:33","slug":"reunion-con-los-duenos-de-villa-conozca-el-nuevo-programa-exclusivo-de-alquiler-por-cdcre","status":"publish","type":"post","link":"https:\/\/casadecampoliving.com\/es\/reunion-con-los-duenos-de-villa-conozca-el-nuevo-programa-exclusivo-de-alquiler-por-cdcre\/","title":{"rendered":"Reuni\u00f3n con los due\u00f1os de villa: Conozca el nuevo Programa Exclusivo de Alquiler por CDCRE"},"content":{"rendered":"<div class=\"wp-block-image\">\n<figure class=\"aligncenter is-resized\"><img loading=\"lazy\" decoding=\"async\" src=\"https:\/\/i0.wp.com\/casadecampoliving.com\/wp-content\/uploads\/2022\/10\/Casa_de_Campo_villa.jpg?resize=640%2C427&amp;ssl=1\" alt=\"Casa de Campo villa\" class=\"wp-image-112430\" height=\"427\" width=\"640\"\/><\/figure>\n<\/div>\n\n\n<p>En el d\u00eda de hoy viernes 10 de julio, Casa de Campo Real Estate les invita (Due\u00f1os de Villa de Casa de Campo) a una reuni\u00f3n sobre su nuevo \u201cPrograma Exclusivo de Alquiler\u201d.<\/p>\n\n\n\n<!--more-->\n\n\n\n<p>El objetivo de esta reuni\u00f3n es familiarizar a los Due\u00f1os de Villa de Casa de Campo con el nuevo esquema para que puedan aprovechar este programa y usarlo para alquilar sus villas en Casa de Campo a trav\u00e9s de Casa de Campo Real Estate.<\/p>\n\n\n\n<p>A continuaci\u00f3n le presentamos un resumen de los temas a tratar, pero estamos seguros que si asiste a esta reuni\u00f3n podr\u00e1 entender mejor esta nueva tem\u00e1tica.<\/p>\n\n\n\n<p>La reuni\u00f3n ser\u00e1 en el Centro de Conferencia Casa de Campo en el sal\u00f3n \u00c1mbar a las 3pm este viernes 10 de julio. Por favor confirme su asistencia al (809) 523-8129\/ office@casadecampore.com<\/p>\n\n\n\n<h3 class=\"wp-block-heading\">Programa Exclusivo de Alquiler Casa de Campo Real Estate<\/h3>\n\n\n\n<p>Los Due\u00f1os de Villa de Casa de Campo tienen 2 opciones para unirse al Programa Exclusivo de Alquiler de Casa de Campo Real Estate, estas son:<\/p>\n\n\n\n<h3 class=\"wp-block-heading\">Opci\u00f3n 1: ASOCIACI\u00d3N EXCLUSIVA<\/h3>\n\n\n\n<p>En esta opci\u00f3n Casa de Campo alquilar\u00e1 su propiedad por una tasa fija, ya sea por 6 meses durante la \u201ctemporada alta\u201d o por un a\u00f1o. Casa de Campo, entonces, podr\u00e1 alquilar su propiedad a hu\u00e9spedes, pero a usted se le paga la misma cuota de alquiler pre-acordada, independientemente de si la propiedad se alquila o no.<\/p>\n\n\n\n<p><strong>Los detalles son los siguientes:<\/strong><\/p>\n\n\n\n<ul class=\"wp-block-list\"><li>Casa de Campo paga a los propietarios una tasa garantizada negociada durante 6 meses en temporada alta o durante 1 a\u00f1o, si los hu\u00e9spedes alquilan o no.<\/li><li>Casa de Campo controla el programa de alquiler durante la vigencia del contrato.<\/li><li>Casa de Campo paga por todos los servicios p\u00fablicos y las cuotas de asociaci\u00f3n durante la vigencia del contrato.<\/li><li>Casa de Campo suministra ropa de cama y toallas hasta el t\u00e9rmino del acuerdo<\/li><li>El propietario se compromete con el mantenimiento de la propiedad. El propietario puede optar por contratar equipo de mantenimiento de Casa de Campo para hacer el trabajo a un costo del Resort Casa de Campo.<\/li><li>Las comisiones de bienes ra\u00edces est\u00e1n incluidos en el acuerdo de asociaci\u00f3n.<\/li><\/ul>\n\n\n\n<h3 class=\"wp-block-heading\">Opci\u00f3n 2: FLEXIBILIDAD EXCLUSIVA<\/h3>\n\n\n\n<p>Esta opci\u00f3n permite que el due\u00f1o de villa en Casa de Campo controle cuando se alquila su villa. El due\u00f1o de villa pagar\u00e1 una comisi\u00f3n pre-acordada a Casa de Campo Real Estate por todos los alquileres (independientemente de quien trajo al cliente). La tasa de comisi\u00f3n se determinar\u00e1 para cada propiedad individualmente y depende de la tasa de la villa y las proyecciones, entre otros factores.<\/p>\n\n\n\n<p><strong>Los detalles son los siguientes:<\/strong><\/p>\n\n\n\n<ul class=\"wp-block-list\"><li>El propietario controla el calendario de disponibilidad de la propiedad al acordar el alquiler por cierta cantidad de tiempo m\u00ednima en un per\u00edodo de un a\u00f1o.<\/li><li>El propietario controla el calendario de alquiler, reservando el derecho de aprobar el plazo y tasa de cada contrato de arrendamiento.<\/li><li>El propietario paga una comisi\u00f3n en todos los alquileres generados por CDCRE y para todos los alquileres generados por su cuenta.<\/li><li>El propietario debe mantener la villa en los est\u00e1ndares m\u00e1s altos.<\/li><li>Los valores agregados del hotel estar\u00e1n disponibles para los inquilinos<\/li><\/ul>\n\n\n\n<blockquote><h3>Reuni\u00f3n Programa Exclusivo de Alquiler<\/h3><p><strong>Fecha:<\/strong> Viernes 10 de julio, 3pm<\/p><p><strong>Lugar:<\/strong>&nbsp;Centro&nbsp;de Conferencias Cacique, sal\u00f3n \u201cAmbar\u201d, Casa de Campo<\/p><p><strong>RSVP:&nbsp;<\/strong>(809) 523-8129 \/ office@casadecampore.com<\/p><\/blockquote>\n","protected":false},"excerpt":{"rendered":"<p>En el d\u00eda de hoy viernes 10 de julio, Casa de Campo Real Estate les invita (Due\u00f1os de Villa de Casa de Campo) a una reuni\u00f3n sobre su nuevo \u201cPrograma Exclusivo de Alquiler\u201d.<\/p>\n","protected":false},"author":1097,"featured_media":277550,"comment_status":"closed","ping_status":"closed","sticky":false,"template":"","format":"standard","meta":{"newspack_ads_suppress_ads":false,"newspack_popups_has_disabled_popups":false,"newspack_sponsor_sponsorship_scope":"","newspack_sponsor_native_byline_display":"inherit","newspack_sponsor_native_category_display":"inherit","newspack_sponsor_underwriter_style":"inherit","newspack_sponsor_underwriter_placement":"inherit","_newspack_byline_active":false,"_newspack_byline":"","newspack_hide_updated_date":false,"newspack_show_updated_date":false,"newspack_content_restriction_is_exempt":false,"newspack_featured_image_position":"","newspack_post_subtitle":"","newspack_article_summary_title":"Overview:","newspack_article_summary":"","_jetpack_memberships_contains_paid_content":false,"footnotes":"","jetpack_publicize_message":"","jetpack_publicize_feature_enabled":true,"jetpack_social_post_already_shared":false,"jetpack_social_options":{"image_generator_settings":{"template":"highway","default_image_id":0,"font":"","enabled":false},"version":2},"_wpas_customize_per_network":false},"categories":[2505,26936,26951,2524,14631,2522,14625,14627,2521,26822],"tags":[3576,23815,13827,366],"newspack_spnsrs_tax":[],"class_list":["post-347764","post","type-post","status-publish","format-standard","has-post-thumbnail","hentry","category-bienes-raices-casa-de-campo-es","category-casa-de-campo-living-es","category-ccl-presenta","category-destacados","category-estilo-de-vida","category-eventos-es","category-noticias-locales","category-proximamente","category-republica-dominicana-2","category-resort-casa-de-campo","tag-bienes-raices-casa-de-campo-2","tag-casa-de-campo-es-17","tag-casa-de-campo-living","tag-casa-de-campo-villa-owners","entry"],"yoast_head":"<!-- This site is optimized with the Yoast SEO plugin v27.5 - https:\/\/yoast.com\/product\/yoast-seo-wordpress\/ -->\n<title>Reuni\u00f3n con los due\u00f1os de villa: Conozca el nuevo Programa Exclusivo de Alquiler por CDCRE | Casa de Campo Living<\/title>\n<meta name=\"description\" content=\"En el d\u00eda de hoy viernes 10 de julio, Casa de Campo Real Estate les invita (Due\u00f1os de Villa de Casa de Campo) a una reuni\u00f3n sobre su nuevo \u201cPrograma\" \/>\n<meta name=\"robots\" content=\"index, follow, max-snippet:-1, max-image-preview:large, max-video-preview:-1\" \/>\n<link rel=\"canonical\" href=\"https:\/\/casadecampoliving.com\/es\/reunion-con-los-duenos-de-villa-conozca-el-nuevo-programa-exclusivo-de-alquiler-por-cdcre\/\" \/>\n<meta property=\"og:locale\" content=\"es_ES\" \/>\n<meta property=\"og:type\" content=\"article\" \/>\n<meta property=\"og:title\" content=\"Reuni\u00f3n con los due\u00f1os de villa: Conozca el nuevo Programa Exclusivo de Alquiler por CDCRE | Casa de Campo Living\" \/>\n<meta property=\"og:description\" content=\"En el d\u00eda de hoy viernes 10 de julio, Casa de Campo Real Estate les invita (Due\u00f1os de Villa de Casa de Campo) a una reuni\u00f3n sobre su nuevo \u201cPrograma\" \/>\n<meta property=\"og:url\" content=\"https:\/\/casadecampoliving.com\/es\/reunion-con-los-duenos-de-villa-conozca-el-nuevo-programa-exclusivo-de-alquiler-por-cdcre\/\" \/>\n<meta property=\"og:site_name\" content=\"Casa de Campo Living\" \/>\n<meta property=\"article:publisher\" content=\"https:\/\/www.facebook.com\/casadecampoliving\" \/>\n<meta property=\"article:published_time\" content=\"2015-07-10T04:00:00+00:00\" \/>\n<meta property=\"article:modified_time\" content=\"2022-10-21T22:58:33+00:00\" \/>\n<meta property=\"og:image\" content=\"https:\/\/i0.wp.com\/casadecampoliving.com\/wp-content\/uploads\/2022\/10\/Casa_de_Campo_villa-1.jpg?fit=565%2C340&ssl=1\" \/>\n\t<meta property=\"og:image:width\" content=\"565\" \/>\n\t<meta property=\"og:image:height\" content=\"340\" \/>\n\t<meta property=\"og:image:type\" content=\"image\/jpeg\" \/>\n<meta name=\"author\" content=\"Perkin Agramonte\" \/>\n<meta name=\"twitter:card\" content=\"summary_large_image\" \/>\n<meta name=\"twitter:creator\" content=\"@cdcliving\" \/>\n<meta name=\"twitter:site\" content=\"@cdcliving\" \/>\n<meta name=\"twitter:label1\" content=\"Escrito por\" \/>\n\t<meta name=\"twitter:data1\" content=\"Perkin Agramonte\" \/>\n\t<meta name=\"twitter:label2\" content=\"Tiempo de lectura\" \/>\n\t<meta name=\"twitter:data2\" content=\"3 minutos\" \/>\n<script type=\"application\/ld+json\" class=\"yoast-schema-graph\">{\"@context\":\"https:\\\/\\\/schema.org\",\"@graph\":[{\"@type\":\"Article\",\"@id\":\"https:\\\/\\\/casadecampoliving.com\\\/es\\\/reunion-con-los-duenos-de-villa-conozca-el-nuevo-programa-exclusivo-de-alquiler-por-cdcre\\\/#article\",\"isPartOf\":{\"@id\":\"https:\\\/\\\/casadecampoliving.com\\\/es\\\/reunion-con-los-duenos-de-villa-conozca-el-nuevo-programa-exclusivo-de-alquiler-por-cdcre\\\/\"},\"author\":{\"name\":\"Perkin Agramonte\",\"@id\":\"https:\\\/\\\/casadecampoliving.com\\\/es\\\/#\\\/schema\\\/person\\\/c8efa6049510554b7d5fea078d728f72\"},\"headline\":\"Reuni\u00f3n con los due\u00f1os de villa: Conozca el nuevo Programa Exclusivo de Alquiler por CDCRE\",\"datePublished\":\"2015-07-10T04:00:00+00:00\",\"dateModified\":\"2022-10-21T22:58:33+00:00\",\"mainEntityOfPage\":{\"@id\":\"https:\\\/\\\/casadecampoliving.com\\\/es\\\/reunion-con-los-duenos-de-villa-conozca-el-nuevo-programa-exclusivo-de-alquiler-por-cdcre\\\/\"},\"wordCount\":598,\"publisher\":{\"@id\":\"https:\\\/\\\/casadecampoliving.com\\\/es\\\/#organization\"},\"image\":{\"@id\":\"https:\\\/\\\/casadecampoliving.com\\\/es\\\/reunion-con-los-duenos-de-villa-conozca-el-nuevo-programa-exclusivo-de-alquiler-por-cdcre\\\/#primaryimage\"},\"thumbnailUrl\":\"https:\\\/\\\/i0.wp.com\\\/casadecampoliving.com\\\/wp-content\\\/uploads\\\/2022\\\/10\\\/Casa_de_Campo_villa-1.jpg?fit=565%2C340&ssl=1\",\"keywords\":[\"Bienes Raices Casa de Campo @es\",\"Casa de Campo\",\"Casa de Campo Living\",\"Casa de Campo Villa Owners\"],\"articleSection\":[\"Bienes raices Casa de Campo\",\"Casa de Campo Living @es\",\"CCL presenta\",\"Destacados\",\"Estilo de Vida\",\"Eventos\",\"Noticias Locales\",\"Proximamente\",\"Rep\u00fablica Dominicana @es\",\"Resort Casa de Campo\"],\"inLanguage\":\"es\"},{\"@type\":\"WebPage\",\"@id\":\"https:\\\/\\\/casadecampoliving.com\\\/es\\\/reunion-con-los-duenos-de-villa-conozca-el-nuevo-programa-exclusivo-de-alquiler-por-cdcre\\\/\",\"url\":\"https:\\\/\\\/casadecampoliving.com\\\/es\\\/reunion-con-los-duenos-de-villa-conozca-el-nuevo-programa-exclusivo-de-alquiler-por-cdcre\\\/\",\"name\":\"Reuni\u00f3n con los due\u00f1os de villa: Conozca el nuevo Programa Exclusivo de Alquiler por CDCRE | Casa de Campo Living\",\"isPartOf\":{\"@id\":\"https:\\\/\\\/casadecampoliving.com\\\/es\\\/#website\"},\"primaryImageOfPage\":{\"@id\":\"https:\\\/\\\/casadecampoliving.com\\\/es\\\/reunion-con-los-duenos-de-villa-conozca-el-nuevo-programa-exclusivo-de-alquiler-por-cdcre\\\/#primaryimage\"},\"image\":{\"@id\":\"https:\\\/\\\/casadecampoliving.com\\\/es\\\/reunion-con-los-duenos-de-villa-conozca-el-nuevo-programa-exclusivo-de-alquiler-por-cdcre\\\/#primaryimage\"},\"thumbnailUrl\":\"https:\\\/\\\/i0.wp.com\\\/casadecampoliving.com\\\/wp-content\\\/uploads\\\/2022\\\/10\\\/Casa_de_Campo_villa-1.jpg?fit=565%2C340&ssl=1\",\"datePublished\":\"2015-07-10T04:00:00+00:00\",\"dateModified\":\"2022-10-21T22:58:33+00:00\",\"description\":\"En el d\u00eda de hoy viernes 10 de julio, Casa de Campo Real Estate les invita (Due\u00f1os de Villa de Casa de Campo) a una reuni\u00f3n sobre su nuevo \u201cPrograma\",\"breadcrumb\":{\"@id\":\"https:\\\/\\\/casadecampoliving.com\\\/es\\\/reunion-con-los-duenos-de-villa-conozca-el-nuevo-programa-exclusivo-de-alquiler-por-cdcre\\\/#breadcrumb\"},\"inLanguage\":\"es\",\"potentialAction\":[{\"@type\":\"ReadAction\",\"target\":[\"https:\\\/\\\/casadecampoliving.com\\\/es\\\/reunion-con-los-duenos-de-villa-conozca-el-nuevo-programa-exclusivo-de-alquiler-por-cdcre\\\/\"]}]},{\"@type\":\"ImageObject\",\"inLanguage\":\"es\",\"@id\":\"https:\\\/\\\/casadecampoliving.com\\\/es\\\/reunion-con-los-duenos-de-villa-conozca-el-nuevo-programa-exclusivo-de-alquiler-por-cdcre\\\/#primaryimage\",\"url\":\"https:\\\/\\\/i0.wp.com\\\/casadecampoliving.com\\\/wp-content\\\/uploads\\\/2022\\\/10\\\/Casa_de_Campo_villa-1.jpg?fit=565%2C340&ssl=1\",\"contentUrl\":\"https:\\\/\\\/i0.wp.com\\\/casadecampoliving.com\\\/wp-content\\\/uploads\\\/2022\\\/10\\\/Casa_de_Campo_villa-1.jpg?fit=565%2C340&ssl=1\",\"width\":565,\"height\":340,\"caption\":\"Casa de Campo villa\"},{\"@type\":\"BreadcrumbList\",\"@id\":\"https:\\\/\\\/casadecampoliving.com\\\/es\\\/reunion-con-los-duenos-de-villa-conozca-el-nuevo-programa-exclusivo-de-alquiler-por-cdcre\\\/#breadcrumb\",\"itemListElement\":[{\"@type\":\"ListItem\",\"position\":1,\"name\":\"Home\",\"item\":\"https:\\\/\\\/casadecampoliving.com\\\/es\\\/\"},{\"@type\":\"ListItem\",\"position\":2,\"name\":\"Reuni\u00f3n con los due\u00f1os de villa: Conozca el nuevo Programa Exclusivo de Alquiler por CDCRE\"}]},{\"@type\":\"WebSite\",\"@id\":\"https:\\\/\\\/casadecampoliving.com\\\/es\\\/#website\",\"url\":\"https:\\\/\\\/casadecampoliving.com\\\/es\\\/\",\"name\":\"Casa de Campo Living\",\"description\":\"Resort community news and resources.\",\"publisher\":{\"@id\":\"https:\\\/\\\/casadecampoliving.com\\\/es\\\/#organization\"},\"potentialAction\":[{\"@type\":\"SearchAction\",\"target\":{\"@type\":\"EntryPoint\",\"urlTemplate\":\"https:\\\/\\\/casadecampoliving.com\\\/es\\\/?s={search_term_string}\"},\"query-input\":{\"@type\":\"PropertyValueSpecification\",\"valueRequired\":true,\"valueName\":\"search_term_string\"}}],\"inLanguage\":\"es\"},{\"@type\":\"Organization\",\"@id\":\"https:\\\/\\\/casadecampoliving.com\\\/es\\\/#organization\",\"name\":\"Casa de Campo Living\",\"url\":\"https:\\\/\\\/casadecampoliving.com\\\/es\\\/\",\"logo\":{\"@type\":\"ImageObject\",\"inLanguage\":\"es\",\"@id\":\"https:\\\/\\\/casadecampoliving.com\\\/es\\\/#\\\/schema\\\/logo\\\/image\\\/\",\"url\":\"https:\\\/\\\/i0.wp.com\\\/casadecampoliving.com\\\/wp-content\\\/uploads\\\/2022\\\/07\\\/CDCLivingLogo_V1-white-sized.png?fit=800%2C214&ssl=1\",\"contentUrl\":\"https:\\\/\\\/i0.wp.com\\\/casadecampoliving.com\\\/wp-content\\\/uploads\\\/2022\\\/07\\\/CDCLivingLogo_V1-white-sized.png?fit=800%2C214&ssl=1\",\"width\":800,\"height\":214,\"caption\":\"Casa de Campo Living\"},\"image\":{\"@id\":\"https:\\\/\\\/casadecampoliving.com\\\/es\\\/#\\\/schema\\\/logo\\\/image\\\/\"},\"sameAs\":[\"https:\\\/\\\/www.facebook.com\\\/casadecampoliving\",\"https:\\\/\\\/x.com\\\/cdcliving\"]},{\"@type\":\"Person\",\"@id\":\"https:\\\/\\\/casadecampoliving.com\\\/es\\\/#\\\/schema\\\/person\\\/c8efa6049510554b7d5fea078d728f72\",\"name\":\"Perkin Agramonte\",\"image\":{\"@type\":\"ImageObject\",\"inLanguage\":\"es\",\"@id\":\"https:\\\/\\\/secure.gravatar.com\\\/avatar\\\/57bfdafcae55fb83dbb79a1585a9eab7f269b7720fb0b64cb9a4e0cd2962fa10?s=96&d=mm&r=g\",\"url\":\"https:\\\/\\\/secure.gravatar.com\\\/avatar\\\/57bfdafcae55fb83dbb79a1585a9eab7f269b7720fb0b64cb9a4e0cd2962fa10?s=96&d=mm&r=g\",\"contentUrl\":\"https:\\\/\\\/secure.gravatar.com\\\/avatar\\\/57bfdafcae55fb83dbb79a1585a9eab7f269b7720fb0b64cb9a4e0cd2962fa10?s=96&d=mm&r=g\",\"caption\":\"Perkin Agramonte\"},\"url\":\"https:\\\/\\\/casadecampoliving.com\\\/es\\\/author\\\/cagramonte\\\/\"}]}<\/script>\n<!-- \/ Yoast SEO plugin. -->","yoast_head_json":{"title":"Reuni\u00f3n con los due\u00f1os de villa: Conozca el nuevo Programa Exclusivo de Alquiler por CDCRE | Casa de Campo Living","description":"En el d\u00eda de hoy viernes 10 de julio, Casa de Campo Real Estate les invita (Due\u00f1os de Villa de Casa de Campo) a una reuni\u00f3n sobre su nuevo \u201cPrograma","robots":{"index":"index","follow":"follow","max-snippet":"max-snippet:-1","max-image-preview":"max-image-preview:large","max-video-preview":"max-video-preview:-1"},"canonical":"https:\/\/casadecampoliving.com\/es\/reunion-con-los-duenos-de-villa-conozca-el-nuevo-programa-exclusivo-de-alquiler-por-cdcre\/","og_locale":"es_ES","og_type":"article","og_title":"Reuni\u00f3n con los due\u00f1os de villa: Conozca el nuevo Programa Exclusivo de Alquiler por CDCRE | Casa de Campo Living","og_description":"En el d\u00eda de hoy viernes 10 de julio, Casa de Campo Real Estate les invita (Due\u00f1os de Villa de Casa de Campo) a una reuni\u00f3n sobre su nuevo \u201cPrograma","og_url":"https:\/\/casadecampoliving.com\/es\/reunion-con-los-duenos-de-villa-conozca-el-nuevo-programa-exclusivo-de-alquiler-por-cdcre\/","og_site_name":"Casa de Campo Living","article_publisher":"https:\/\/www.facebook.com\/casadecampoliving","article_published_time":"2015-07-10T04:00:00+00:00","article_modified_time":"2022-10-21T22:58:33+00:00","og_image":[{"width":565,"height":340,"url":"https:\/\/i0.wp.com\/casadecampoliving.com\/wp-content\/uploads\/2022\/10\/Casa_de_Campo_villa-1.jpg?fit=565%2C340&ssl=1","type":"image\/jpeg"}],"author":"Perkin Agramonte","twitter_card":"summary_large_image","twitter_creator":"@cdcliving","twitter_site":"@cdcliving","twitter_misc":{"Escrito por":"Perkin Agramonte","Tiempo de lectura":"3 minutos"},"schema":{"@context":"https:\/\/schema.org","@graph":[{"@type":"Article","@id":"https:\/\/casadecampoliving.com\/es\/reunion-con-los-duenos-de-villa-conozca-el-nuevo-programa-exclusivo-de-alquiler-por-cdcre\/#article","isPartOf":{"@id":"https:\/\/casadecampoliving.com\/es\/reunion-con-los-duenos-de-villa-conozca-el-nuevo-programa-exclusivo-de-alquiler-por-cdcre\/"},"author":{"name":"Perkin Agramonte","@id":"https:\/\/casadecampoliving.com\/es\/#\/schema\/person\/c8efa6049510554b7d5fea078d728f72"},"headline":"Reuni\u00f3n con los due\u00f1os de villa: Conozca el nuevo Programa Exclusivo de Alquiler por CDCRE","datePublished":"2015-07-10T04:00:00+00:00","dateModified":"2022-10-21T22:58:33+00:00","mainEntityOfPage":{"@id":"https:\/\/casadecampoliving.com\/es\/reunion-con-los-duenos-de-villa-conozca-el-nuevo-programa-exclusivo-de-alquiler-por-cdcre\/"},"wordCount":598,"publisher":{"@id":"https:\/\/casadecampoliving.com\/es\/#organization"},"image":{"@id":"https:\/\/casadecampoliving.com\/es\/reunion-con-los-duenos-de-villa-conozca-el-nuevo-programa-exclusivo-de-alquiler-por-cdcre\/#primaryimage"},"thumbnailUrl":"https:\/\/i0.wp.com\/casadecampoliving.com\/wp-content\/uploads\/2022\/10\/Casa_de_Campo_villa-1.jpg?fit=565%2C340&ssl=1","keywords":["Bienes Raices Casa de Campo @es","Casa de Campo","Casa de Campo Living","Casa de Campo Villa Owners"],"articleSection":["Bienes raices Casa de Campo","Casa de Campo Living @es","CCL presenta","Destacados","Estilo de Vida","Eventos","Noticias Locales","Proximamente","Rep\u00fablica Dominicana @es","Resort Casa de Campo"],"inLanguage":"es"},{"@type":"WebPage","@id":"https:\/\/casadecampoliving.com\/es\/reunion-con-los-duenos-de-villa-conozca-el-nuevo-programa-exclusivo-de-alquiler-por-cdcre\/","url":"https:\/\/casadecampoliving.com\/es\/reunion-con-los-duenos-de-villa-conozca-el-nuevo-programa-exclusivo-de-alquiler-por-cdcre\/","name":"Reuni\u00f3n con los due\u00f1os de villa: Conozca el nuevo Programa Exclusivo de Alquiler por CDCRE | Casa de Campo Living","isPartOf":{"@id":"https:\/\/casadecampoliving.com\/es\/#website"},"primaryImageOfPage":{"@id":"https:\/\/casadecampoliving.com\/es\/reunion-con-los-duenos-de-villa-conozca-el-nuevo-programa-exclusivo-de-alquiler-por-cdcre\/#primaryimage"},"image":{"@id":"https:\/\/casadecampoliving.com\/es\/reunion-con-los-duenos-de-villa-conozca-el-nuevo-programa-exclusivo-de-alquiler-por-cdcre\/#primaryimage"},"thumbnailUrl":"https:\/\/i0.wp.com\/casadecampoliving.com\/wp-content\/uploads\/2022\/10\/Casa_de_Campo_villa-1.jpg?fit=565%2C340&ssl=1","datePublished":"2015-07-10T04:00:00+00:00","dateModified":"2022-10-21T22:58:33+00:00","description":"En el d\u00eda de hoy viernes 10 de julio, Casa de Campo Real Estate les invita (Due\u00f1os de Villa de Casa de Campo) a una reuni\u00f3n sobre su nuevo \u201cPrograma","breadcrumb":{"@id":"https:\/\/casadecampoliving.com\/es\/reunion-con-los-duenos-de-villa-conozca-el-nuevo-programa-exclusivo-de-alquiler-por-cdcre\/#breadcrumb"},"inLanguage":"es","potentialAction":[{"@type":"ReadAction","target":["https:\/\/casadecampoliving.com\/es\/reunion-con-los-duenos-de-villa-conozca-el-nuevo-programa-exclusivo-de-alquiler-por-cdcre\/"]}]},{"@type":"ImageObject","inLanguage":"es","@id":"https:\/\/casadecampoliving.com\/es\/reunion-con-los-duenos-de-villa-conozca-el-nuevo-programa-exclusivo-de-alquiler-por-cdcre\/#primaryimage","url":"https:\/\/i0.wp.com\/casadecampoliving.com\/wp-content\/uploads\/2022\/10\/Casa_de_Campo_villa-1.jpg?fit=565%2C340&ssl=1","contentUrl":"https:\/\/i0.wp.com\/casadecampoliving.com\/wp-content\/uploads\/2022\/10\/Casa_de_Campo_villa-1.jpg?fit=565%2C340&ssl=1","width":565,"height":340,"caption":"Casa de Campo villa"},{"@type":"BreadcrumbList","@id":"https:\/\/casadecampoliving.com\/es\/reunion-con-los-duenos-de-villa-conozca-el-nuevo-programa-exclusivo-de-alquiler-por-cdcre\/#breadcrumb","itemListElement":[{"@type":"ListItem","position":1,"name":"Home","item":"https:\/\/casadecampoliving.com\/es\/"},{"@type":"ListItem","position":2,"name":"Reuni\u00f3n con los due\u00f1os de villa: Conozca el nuevo Programa Exclusivo de Alquiler por CDCRE"}]},{"@type":"WebSite","@id":"https:\/\/casadecampoliving.com\/es\/#website","url":"https:\/\/casadecampoliving.com\/es\/","name":"Casa de Campo Living","description":"Resort community news and resources.","publisher":{"@id":"https:\/\/casadecampoliving.com\/es\/#organization"},"potentialAction":[{"@type":"SearchAction","target":{"@type":"EntryPoint","urlTemplate":"https:\/\/casadecampoliving.com\/es\/?s={search_term_string}"},"query-input":{"@type":"PropertyValueSpecification","valueRequired":true,"valueName":"search_term_string"}}],"inLanguage":"es"},{"@type":"Organization","@id":"https:\/\/casadecampoliving.com\/es\/#organization","name":"Casa de Campo Living","url":"https:\/\/casadecampoliving.com\/es\/","logo":{"@type":"ImageObject","inLanguage":"es","@id":"https:\/\/casadecampoliving.com\/es\/#\/schema\/logo\/image\/","url":"https:\/\/i0.wp.com\/casadecampoliving.com\/wp-content\/uploads\/2022\/07\/CDCLivingLogo_V1-white-sized.png?fit=800%2C214&ssl=1","contentUrl":"https:\/\/i0.wp.com\/casadecampoliving.com\/wp-content\/uploads\/2022\/07\/CDCLivingLogo_V1-white-sized.png?fit=800%2C214&ssl=1","width":800,"height":214,"caption":"Casa de Campo Living"},"image":{"@id":"https:\/\/casadecampoliving.com\/es\/#\/schema\/logo\/image\/"},"sameAs":["https:\/\/www.facebook.com\/casadecampoliving","https:\/\/x.com\/cdcliving"]},{"@type":"Person","@id":"https:\/\/casadecampoliving.com\/es\/#\/schema\/person\/c8efa6049510554b7d5fea078d728f72","name":"Perkin Agramonte","image":{"@type":"ImageObject","inLanguage":"es","@id":"https:\/\/secure.gravatar.com\/avatar\/57bfdafcae55fb83dbb79a1585a9eab7f269b7720fb0b64cb9a4e0cd2962fa10?s=96&d=mm&r=g","url":"https:\/\/secure.gravatar.com\/avatar\/57bfdafcae55fb83dbb79a1585a9eab7f269b7720fb0b64cb9a4e0cd2962fa10?s=96&d=mm&r=g","contentUrl":"https:\/\/secure.gravatar.com\/avatar\/57bfdafcae55fb83dbb79a1585a9eab7f269b7720fb0b64cb9a4e0cd2962fa10?s=96&d=mm&r=g","caption":"Perkin Agramonte"},"url":"https:\/\/casadecampoliving.com\/es\/author\/cagramonte\/"}]}},"parsely":{"version":"1.1.0","canonical_url":"https:\/\/casadecampoliving.com\/es\/reunion-con-los-duenos-de-villa-conozca-el-nuevo-programa-exclusivo-de-alquiler-por-cdcre\/","smart_links":{"inbound":0,"outbound":0},"traffic_boost_suggestions_count":0,"meta":{"@context":"https:\/\/schema.org","@type":"NewsArticle","headline":"Reuni\u00f3n con los due\u00f1os de villa: Conozca el nuevo Programa Exclusivo de Alquiler por CDCRE","url":"http:\/\/casadecampoliving.com\/es\/reunion-con-los-duenos-de-villa-conozca-el-nuevo-programa-exclusivo-de-alquiler-por-cdcre\/","mainEntityOfPage":{"@type":"WebPage","@id":"http:\/\/casadecampoliving.com\/es\/reunion-con-los-duenos-de-villa-conozca-el-nuevo-programa-exclusivo-de-alquiler-por-cdcre\/"},"thumbnailUrl":"https:\/\/i0.wp.com\/casadecampoliving.com\/wp-content\/uploads\/2022\/10\/Casa_de_Campo_villa-1.jpg?resize=150%2C150&ssl=1","image":{"@type":"ImageObject","url":"https:\/\/i0.wp.com\/casadecampoliving.com\/wp-content\/uploads\/2022\/10\/Casa_de_Campo_villa-1.jpg?fit=565%2C340&ssl=1"},"articleSection":"Bienes raices Casa de Campo","author":[{"@type":"Person","name":"Perkin Agramonte"}],"creator":["Perkin Agramonte"],"publisher":{"@type":"Organization","name":"Casa de Campo Living","logo":"https:\/\/casadecampoliving.com\/wp-content\/uploads\/2022\/07\/CDCLivingLogo_V1-white-sized.png"},"keywords":["bienes raices casa de campo @es","casa de campo","casa de campo living","casa de campo villa owners"],"dateCreated":"2015-07-10T04:00:00Z","datePublished":"2015-07-10T04:00:00Z","dateModified":"2022-10-21T22:58:33Z"},"rendered":"<script type=\"application\/ld+json\" class=\"wp-parsely-metadata\">{\"@context\":\"https:\\\/\\\/schema.org\",\"@type\":\"NewsArticle\",\"headline\":\"Reuni\\u00f3n con los due\\u00f1os de villa: Conozca el nuevo Programa Exclusivo de Alquiler por CDCRE\",\"url\":\"http:\\\/\\\/casadecampoliving.com\\\/es\\\/reunion-con-los-duenos-de-villa-conozca-el-nuevo-programa-exclusivo-de-alquiler-por-cdcre\\\/\",\"mainEntityOfPage\":{\"@type\":\"WebPage\",\"@id\":\"http:\\\/\\\/casadecampoliving.com\\\/es\\\/reunion-con-los-duenos-de-villa-conozca-el-nuevo-programa-exclusivo-de-alquiler-por-cdcre\\\/\"},\"thumbnailUrl\":\"https:\\\/\\\/i0.wp.com\\\/casadecampoliving.com\\\/wp-content\\\/uploads\\\/2022\\\/10\\\/Casa_de_Campo_villa-1.jpg?resize=150%2C150&ssl=1\",\"image\":{\"@type\":\"ImageObject\",\"url\":\"https:\\\/\\\/i0.wp.com\\\/casadecampoliving.com\\\/wp-content\\\/uploads\\\/2022\\\/10\\\/Casa_de_Campo_villa-1.jpg?fit=565%2C340&ssl=1\"},\"articleSection\":\"Bienes raices Casa de Campo\",\"author\":[{\"@type\":\"Person\",\"name\":\"Perkin Agramonte\"}],\"creator\":[\"Perkin Agramonte\"],\"publisher\":{\"@type\":\"Organization\",\"name\":\"Casa de Campo Living\",\"logo\":\"https:\\\/\\\/casadecampoliving.com\\\/wp-content\\\/uploads\\\/2022\\\/07\\\/CDCLivingLogo_V1-white-sized.png\"},\"keywords\":[\"bienes raices casa de campo @es\",\"casa de campo\",\"casa de campo living\",\"casa de campo villa owners\"],\"dateCreated\":\"2015-07-10T04:00:00Z\",\"datePublished\":\"2015-07-10T04:00:00Z\",\"dateModified\":\"2022-10-21T22:58:33Z\"}<\/script>","tracker_url":"https:\/\/cdn.parsely.com\/keys\/casadecampoliving.com\/p.js"},"jetpack_publicize_connections":[],"jetpack_featured_media_url":"https:\/\/i0.wp.com\/casadecampoliving.com\/wp-content\/uploads\/2022\/10\/Casa_de_Campo_villa-1.jpg?fit=565%2C340&ssl=1","jetpack-related-posts":[{"id":345163,"url":"https:\/\/casadecampoliving.com\/es\/las-compras-mas-inteligentes-de-bienes-raices-estan-en-casa-de-campo\/","url_meta":{"origin":347764,"position":0},"title":"Las compras m\u00e1s inteligentes de bienes ra\u00edces est\u00e1n en Casa de Campo","author":"Crista Ryan","date":"25 Ago, 2014","format":false,"excerpt":"Ya sea como una inversi\u00f3n o como un agradable hogar, Casa de Campo Real Estate posee una amplia variedad de oportunidades muy estimulantes. Casa de Campo tiene muchos vecindades y sectores, cada una con sus propias caracter\u00edsticas maravillosas. Algunas est\u00e1n cerca de la playa y Marina, otras cerca de los\u2026","rel":"","context":"En \u00abBienes raices Casa de Campo\u00bb","block_context":{"text":"Bienes raices Casa de Campo","link":"https:\/\/casadecampoliving.com\/es\/category\/bienes-raices-casa-de-campo-es\/"},"img":{"alt_text":"Casa de Campo Real Estate","src":"https:\/\/i0.wp.com\/casadecampoliving.com\/wp-content\/uploads\/2022\/10\/casa_de_campo_real_estate-5.jpg?fit=800%2C600&ssl=1&resize=350%2C200","width":350,"height":200,"srcset":"https:\/\/i0.wp.com\/casadecampoliving.com\/wp-content\/uploads\/2022\/10\/casa_de_campo_real_estate-5.jpg?fit=800%2C600&ssl=1&resize=350%2C200 1x, https:\/\/i0.wp.com\/casadecampoliving.com\/wp-content\/uploads\/2022\/10\/casa_de_campo_real_estate-5.jpg?fit=800%2C600&ssl=1&resize=525%2C300 1.5x, https:\/\/i0.wp.com\/casadecampoliving.com\/wp-content\/uploads\/2022\/10\/casa_de_campo_real_estate-5.jpg?fit=800%2C600&ssl=1&resize=700%2C400 2x"},"classes":[]},{"id":514217,"url":"https:\/\/casadecampoliving.com\/es\/la-oficina-del-club-de-duenos-de-casa-de-campo-se-muda-a-una-nueva-ubicacion\/","url_meta":{"origin":347764,"position":1},"title":"La oficina del Club de Due\u00f1os de Casa de Campo se muda a una nueva ubicaci\u00f3n","author":"Casa de Campo Living","date":"13 Feb, 2023","format":false,"excerpt":"Ya sea que sea un residente permanente o simplemente est\u00e9 de visita por unos d\u00edas, el Club de Propietarios de Villas de Casa de Campo est\u00e1 disponible para brindar varios servicios que facilitar\u00e1n su estad\u00eda aqu\u00ed en Casa de Campo. En sus esfuerzos por ofrecer un mejor servicio, Casa de\u2026","rel":"","context":"En \u00abNoticias Locales\u00bb","block_context":{"text":"Noticias Locales","link":"https:\/\/casadecampoliving.com\/es\/category\/noticias-locales\/"},"img":{"alt_text":"","src":"https:\/\/i0.wp.com\/casadecampoliving.com\/wp-content\/uploads\/2022\/10\/img_5345.jpg?fit=800%2C600&ssl=1&resize=350%2C200","width":350,"height":200,"srcset":"https:\/\/i0.wp.com\/casadecampoliving.com\/wp-content\/uploads\/2022\/10\/img_5345.jpg?fit=800%2C600&ssl=1&resize=350%2C200 1x, https:\/\/i0.wp.com\/casadecampoliving.com\/wp-content\/uploads\/2022\/10\/img_5345.jpg?fit=800%2C600&ssl=1&resize=525%2C300 1.5x, https:\/\/i0.wp.com\/casadecampoliving.com\/wp-content\/uploads\/2022\/10\/img_5345.jpg?fit=800%2C600&ssl=1&resize=700%2C400 2x"},"classes":[]},{"id":343058,"url":"https:\/\/casadecampoliving.com\/es\/las-2-principales-empresas-inmobiliarias-de-casa-de-campo-se-unen-para-formar-casa-de-campo-real-estate\/","url_meta":{"origin":347764,"position":2},"title":"Casa de Campo Real Estate operar\u00e1 el departamento de ventas de Costasur","author":"Lenny Castillo","date":"14 Oct, 2013","format":false,"excerpt":"Casa de Campo Real Estate, es la nueva empresa creada para operar en los t\u00e9rminos de ventas inmobiliarios de Costasur; actuando como el nuevo brazo de corredores\u00a0de Costasur. Fue una transici\u00f3n f\u00e1cil, ya que los principios de ambas empresas ten\u00edan objetivos muy atinados; un mejor negocio y brindar el mejor\u2026","rel":"","context":"En \u00abBienes raices Casa de Campo\u00bb","block_context":{"text":"Bienes raices Casa de Campo","link":"https:\/\/casadecampoliving.com\/es\/category\/bienes-raices-casa-de-campo-es\/"},"img":{"alt_text":"Casa de Campo villa Punta Aguila","src":"https:\/\/i0.wp.com\/casadecampoliving.com\/wp-content\/uploads\/2022\/10\/casa_de_campo_villa_punta_aguila2.jpg?fit=650%2C434&ssl=1&resize=350%2C200","width":350,"height":200,"srcset":"https:\/\/i0.wp.com\/casadecampoliving.com\/wp-content\/uploads\/2022\/10\/casa_de_campo_villa_punta_aguila2.jpg?fit=650%2C434&ssl=1&resize=350%2C200 1x, https:\/\/i0.wp.com\/casadecampoliving.com\/wp-content\/uploads\/2022\/10\/casa_de_campo_villa_punta_aguila2.jpg?fit=650%2C434&ssl=1&resize=525%2C300 1.5x"},"classes":[]},{"id":349938,"url":"https:\/\/casadecampoliving.com\/es\/crista-ryan-bienes-raices-casa-de-campo\/","url_meta":{"origin":347764,"position":3},"title":"Una Carta de Crista Ryan: Casa de Campo Real Estate contin\u00faan en ascenso","author":"Carla Campos","date":"6 Jun, 2016","format":false,"excerpt":"A medida que se acerca el verano, los eventos disminuyen un poco durante unos meses en Casa de Campo, todo el mundo disfruta de un poco de relajaci\u00f3n y la mayor\u00eda de nosotros tambi\u00e9n preparamos nuestro hogar para el\u00a0invierno. Aquellos que tiene casas de alquiler y los potenciales compradores aprovechan\u2026","rel":"","context":"En \u00abBienes raices Casa de Campo\u00bb","block_context":{"text":"Bienes raices Casa de Campo","link":"https:\/\/casadecampoliving.com\/es\/category\/bienes-raices-casa-de-campo-es\/"},"img":{"alt_text":"","src":"https:\/\/i0.wp.com\/casadecampoliving.com\/wp-content\/uploads\/2022\/10\/CDCRE-e1464968290550-1.jpg?fit=1000%2C667&ssl=1&resize=350%2C200","width":350,"height":200,"srcset":"https:\/\/i0.wp.com\/casadecampoliving.com\/wp-content\/uploads\/2022\/10\/CDCRE-e1464968290550-1.jpg?fit=1000%2C667&ssl=1&resize=350%2C200 1x, https:\/\/i0.wp.com\/casadecampoliving.com\/wp-content\/uploads\/2022\/10\/CDCRE-e1464968290550-1.jpg?fit=1000%2C667&ssl=1&resize=525%2C300 1.5x, https:\/\/i0.wp.com\/casadecampoliving.com\/wp-content\/uploads\/2022\/10\/CDCRE-e1464968290550-1.jpg?fit=1000%2C667&ssl=1&resize=700%2C400 2x"},"classes":[]},{"id":343632,"url":"https:\/\/casadecampoliving.com\/es\/loyalty-rewards-para-los-duenos-de-villas\/","url_meta":{"origin":347764,"position":4},"title":"Loyalty rewards para los Due\u00f1os de Villas","author":"Perkin Agramonte","date":"4 Ene, 2014","format":false,"excerpt":"Como uno de los m\u00e1s completos e impresionantes resorts en el mundo, Casa de Campo cuenta con la \u00faltima \u201cVida Deportiva\u201d, gracias a innumerables deportes y actividades sociales. Y ahora, Casa de Campo est\u00e1 ofreciendo a los Due\u00f1os de villas a\u00fan m\u00e1s con la nueva \u201cCasa Loyalty Rewards\u201d. \u00bfQue es\u2026","rel":"","context":"En \u00abSports\u00bb","block_context":{"text":"Sports","link":"https:\/\/casadecampoliving.com\/category\/sports\/"},"img":{"alt_text":"","src":"https:\/\/i0.wp.com\/casadecampoliving.com\/wp-content\/uploads\/2022\/10\/cutvBanner_SH_Web-VOC_Casa-Loyalty-Rewards-1.jpg?fit=586%2C365&ssl=1&resize=350%2C200","width":350,"height":200,"srcset":"https:\/\/i0.wp.com\/casadecampoliving.com\/wp-content\/uploads\/2022\/10\/cutvBanner_SH_Web-VOC_Casa-Loyalty-Rewards-1.jpg?fit=586%2C365&ssl=1&resize=350%2C200 1x, https:\/\/i0.wp.com\/casadecampoliving.com\/wp-content\/uploads\/2022\/10\/cutvBanner_SH_Web-VOC_Casa-Loyalty-Rewards-1.jpg?fit=586%2C365&ssl=1&resize=525%2C300 1.5x"},"classes":[]},{"id":343271,"url":"https:\/\/casadecampoliving.com\/es\/casa-de-campo-costasur-anuncian-barbacoa-argentina-para-duenos-2013\/","url_meta":{"origin":347764,"position":5},"title":"Casa de Campo &#038; Costasur anuncian celebraci\u00f3n de Due\u00f1os 2013 en playa Minitas","author":"Genesis Perdomo","date":"14 Nov, 2013","format":false,"excerpt":"Con Due\u00f1os 2013 programado para ser celebrado en un par de semanas (noviembre 22-23), Casa de Campo & Costasur anuncian su celebraci\u00f3n con una Barbacoa Argentina. La celebraci\u00f3n anual de Due\u00f1os organizada por Casa de Campo & Costasur, es una fabulosa reuni\u00f3n para todos los propietarios de villas en Casa\u2026","rel":"","context":"En \u00abCasa de Campo Living @es\u00bb","block_context":{"text":"Casa de Campo Living @es","link":"https:\/\/casadecampoliving.com\/category\/casa-de-campo-living-es\/"},"img":{"alt_text":"Minitas Beach Casa de Campo","src":"https:\/\/i0.wp.com\/casadecampoliving.com\/wp-content\/uploads\/2022\/10\/img_4334-1-scaled.jpg?fit=1200%2C900&ssl=1&resize=350%2C200","width":350,"height":200,"srcset":"https:\/\/i0.wp.com\/casadecampoliving.com\/wp-content\/uploads\/2022\/10\/img_4334-1-scaled.jpg?fit=1200%2C900&ssl=1&resize=350%2C200 1x, https:\/\/i0.wp.com\/casadecampoliving.com\/wp-content\/uploads\/2022\/10\/img_4334-1-scaled.jpg?fit=1200%2C900&ssl=1&resize=525%2C300 1.5x, https:\/\/i0.wp.com\/casadecampoliving.com\/wp-content\/uploads\/2022\/10\/img_4334-1-scaled.jpg?fit=1200%2C900&ssl=1&resize=700%2C400 2x, https:\/\/i0.wp.com\/casadecampoliving.com\/wp-content\/uploads\/2022\/10\/img_4334-1-scaled.jpg?fit=1200%2C900&ssl=1&resize=1050%2C600 3x"},"classes":[]}],"jetpack_sharing_enabled":true,"_links":{"self":[{"href":"https:\/\/casadecampoliving.com\/es\/wp-json\/wp\/v2\/posts\/347764","targetHints":{"allow":["GET"]}}],"collection":[{"href":"https:\/\/casadecampoliving.com\/es\/wp-json\/wp\/v2\/posts"}],"about":[{"href":"https:\/\/casadecampoliving.com\/es\/wp-json\/wp\/v2\/types\/post"}],"author":[{"embeddable":true,"href":"https:\/\/casadecampoliving.com\/es\/wp-json\/wp\/v2\/users\/1097"}],"replies":[{"embeddable":true,"href":"https:\/\/casadecampoliving.com\/es\/wp-json\/wp\/v2\/comments?post=347764"}],"version-history":[{"count":1,"href":"https:\/\/casadecampoliving.com\/es\/wp-json\/wp\/v2\/posts\/347764\/revisions"}],"predecessor-version":[{"id":347765,"href":"https:\/\/casadecampoliving.com\/es\/wp-json\/wp\/v2\/posts\/347764\/revisions\/347765"}],"wp:featuredmedia":[{"embeddable":true,"href":"https:\/\/casadecampoliving.com\/es\/wp-json\/wp\/v2\/media\/277550"}],"wp:attachment":[{"href":"https:\/\/casadecampoliving.com\/es\/wp-json\/wp\/v2\/media?parent=347764"}],"wp:term":[{"taxonomy":"category","embeddable":true,"href":"https:\/\/casadecampoliving.com\/es\/wp-json\/wp\/v2\/categories?post=347764"},{"taxonomy":"post_tag","embeddable":true,"href":"https:\/\/casadecampoliving.com\/es\/wp-json\/wp\/v2\/tags?post=347764"},{"taxonomy":"newspack_spnsrs_tax","embeddable":true,"href":"https:\/\/casadecampoliving.com\/es\/wp-json\/wp\/v2\/newspack_spnsrs_tax?post=347764"}],"curies":[{"name":"wp","href":"https:\/\/api.w.org\/{rel}","templated":true}]}}