{"id":347692,"date":"2015-07-06T00:00:00","date_gmt":"2015-07-06T04:00:00","guid":{"rendered":"https:\/\/casadecampoliving.com\/se-acerca-el-casa-de-campo-food-wine-festival\/"},"modified":"2022-10-21T18:57:10","modified_gmt":"2022-10-21T22:57:10","slug":"se-acerca-el-casa-de-campo-food-wine-festival","status":"publish","type":"post","link":"https:\/\/casadecampoliving.com\/es\/se-acerca-el-casa-de-campo-food-wine-festival\/","title":{"rendered":"Se acerca el Casa de Campo Food &#038; Wine Festival"},"content":{"rendered":"<div class=\"wp-block-image\">\n<figure class=\"aligncenter is-resized\"><img loading=\"lazy\" decoding=\"async\" src=\"https:\/\/i0.wp.com\/casadecampoliving.com\/wp-content\/uploads\/2022\/10\/Food_Wine_Festival_2015.jpg?resize=650%2C488&amp;ssl=1\" alt=\"Food_Wine_Festival_2015\" class=\"wp-image-112312\" height=\"488\" width=\"650\"\/><\/figure>\n<\/div>\n\n<div class=\"wp-block-image\">\n<figure class=\"alignright is-resized\"><img loading=\"lazy\" decoding=\"async\" src=\"https:\/\/i0.wp.com\/casadecampoliving.com\/wp-content\/uploads\/2022\/10\/Food_Wine_Festival_2015_1.jpg?resize=368%2C430&amp;ssl=1\" alt=\"Food_Wine_Festival_2015_1\" class=\"wp-image-112311\" height=\"430\" width=\"368\"\/><\/figure>\n<\/div>\n\n\n<p>El Resort Casa de Campo se prepara para su primer festival de vino y comida, el Casa de Campo Food &amp; Wine Festival 2015, y aqu\u00ed les traemos los detalles preliminares.<br>\n<br>\nEl Casa de Campo Food &amp; Wine Festival 2015 se llevar\u00e1 a cabo del 21 al 23 de agosto y reunir\u00e1 a reconocidos expertos en vinos y comidas de todo el mundo.<\/p>\n\n\n\n<!--more-->\n\n\n\n<p>Desarroll\u00e1ndose en los bares y restaurantes del resort, el Casa de Campo Food and Wine Festival ser\u00e1 realizado en los bares y restaurantes de este resort, y se ofrecer\u00e1n almuerzos, cenas de alta cocina, un brunch y degustaciones de c\u00f3cteles, cervezas y destilados premium.<\/p>\n\n\n\n<p><em><strong>\u201cPara nosotros es un gran honor ser la sede de un evento de esta naturaleza que reunir\u00e1 la presencia de prestigiosos profesionales de la gastronom\u00eda y tambi\u00e9n del mundo del vino\u201d<\/strong><\/em> dijo<a href=\"https:\/\/casadecampoliving.com\/es\/charles-keusters-casa-de-campo\/\"> Charles Keusters, director de alimentos y bebidas en Casa de Campo<\/a>. Tambi\u00e9n a\u00f1adi\u00f3 que con este festival Casa de Campo espera destacarse y demostrar las amplias ofertas culinarias del resort.<\/p>\n\n\n\n<p>Antes del gran evento, en preparaci\u00f3n y como un peque\u00f1o aperitivo, Casa de Campo acogi\u00f3 un evento previo al festival, la \u201cCena Cuatro Manos\u201d el pasado viernes 26 de junio. La cena tuvo lugar en La Piazzetta en Altos de Chav\u00f3n con un fino men\u00fa preparado por <a href=\"https:\/\/casadecampoliving.com\/es\/casa-de-campo-nombra-anthony-masas-como-chef-ejecutivo\/\">Anthony Masas, chef ejecutivo de Casa de Campo<\/a> y Erik Malmsten, chef y socio de los restaurantes de Santo Domingo, O. Livia, Trattor\u2019ia Francesco, Brasserie Julieta &nbsp;y el Bar La Posta.<\/p>\n\n\n<div class=\"wp-block-image\">\n<figure class=\"aligncenter is-resized\"><img loading=\"lazy\" decoding=\"async\" src=\"https:\/\/i0.wp.com\/casadecampoliving.com\/wp-content\/uploads\/2022\/10\/Food_Wine_Festival_2015_2.png?resize=650%2C656&amp;ssl=1\" alt=\"Food_Wine_Festival_2015_2\" class=\"wp-image-112310\" height=\"656\" width=\"650\"\/><\/figure>\n<\/div>\n\n\n<p>La Cena Cuatro Manos es solo uno de los numerosos eventos gastron\u00f3micos que Casa de Campo est\u00e1 planeando como antesala del Casa de Campo Food &amp; Wine Festival 2015, as\u00ed que est\u00e9n atentos al pr\u00f3ximo.<\/p>\n\n\n\n<blockquote><h3>Casa de Campo Food &amp; Wine Festival 2015<\/h3><p><strong>Fecha:<\/strong>&nbsp;21 \u2013 23 de agosto<\/p><p><strong>Lugar:<\/strong> Casa de Campo<\/p><figure><img decoding=\"async\" loading=\"lazy\" class=\"aligncenter wp-image-112309\" src=\"https:\/\/i0.wp.com\/casadecampoliving.com\/wp-content\/uploads\/2022\/10\/Food_Wine_Festival_2015_7-1024x785-2.jpg?resize=620%2C475&amp;ssl=1\" alt=\"Food_Wine_Festival_2015_7\" width=\"620\" height=\"475\"><\/figure><\/blockquote>\n","protected":false},"excerpt":{"rendered":"<p>El Resort Casa de Campo se prepara para su primer festival de vino y comida, el Casa de Campo Food &amp; Wine Festival 2015, y aqu\u00ed les traemos los detalles preliminares. El Casa de Campo Food &amp; Wine Festival 2015 se llevar\u00e1 a cabo del 21 al 23 de agosto y reunir\u00e1 a reconocidos expertos [&hellip;]<\/p>\n","protected":false},"author":31,"featured_media":276449,"comment_status":"closed","ping_status":"closed","sticky":false,"template":"","format":"standard","meta":{"newspack_ads_suppress_ads":false,"newspack_popups_has_disabled_popups":false,"newspack_sponsor_sponsorship_scope":"","newspack_sponsor_native_byline_display":"inherit","newspack_sponsor_native_category_display":"inherit","newspack_sponsor_underwriter_style":"inherit","newspack_sponsor_underwriter_placement":"inherit","_newspack_byline_active":false,"_newspack_byline":"","newspack_hide_updated_date":false,"newspack_show_updated_date":false,"newspack_content_restriction_is_exempt":false,"newspack_featured_image_position":"","newspack_post_subtitle":"","newspack_article_summary_title":"Overview:","newspack_article_summary":"","_jetpack_memberships_contains_paid_content":false,"footnotes":"","jetpack_publicize_message":"","jetpack_publicize_feature_enabled":true,"jetpack_social_post_already_shared":false,"jetpack_social_options":{"image_generator_settings":{"template":"highway","default_image_id":0,"font":"","enabled":false},"version":2},"_wpas_customize_per_network":false},"categories":[26819,26936,26951,14629,14631,2522,14625,14627,2521,26822,2520,2526],"tags":[3626,6371],"newspack_spnsrs_tax":[],"class_list":["post-347692","post","type-post","status-publish","format-standard","has-post-thumbnail","hentry","category-altos-de-chavon-es","category-casa-de-campo-living-es","category-ccl-presenta","category-comidas-bebidas","category-estilo-de-vida","category-eventos-es","category-noticias-locales","category-proximamente","category-republica-dominicana-2","category-resort-casa-de-campo","category-restaurantes-es","category-titulares-es","tag-casa-de-campo-es","tag-casa-de-campo-resort-es","entry"],"yoast_head":"<!-- This site is optimized with the Yoast SEO plugin v27.4 - https:\/\/yoast.com\/product\/yoast-seo-wordpress\/ -->\n<title>Se acerca el Casa de Campo Food &amp; Wine Festival | Casa de Campo Living<\/title>\n<meta name=\"description\" content=\"El Resort Casa de Campo se prepara para su primer festival de vino y comida, el Casa de Campo Food &amp; Wine Festival 2015, y aqu\u00ed les traemos los\" \/>\n<meta name=\"robots\" content=\"index, follow, max-snippet:-1, max-image-preview:large, max-video-preview:-1\" \/>\n<link rel=\"canonical\" href=\"https:\/\/casadecampoliving.com\/es\/se-acerca-el-casa-de-campo-food-wine-festival\/\" \/>\n<meta property=\"og:locale\" content=\"es_ES\" \/>\n<meta property=\"og:type\" content=\"article\" \/>\n<meta property=\"og:title\" content=\"Se acerca el Casa de Campo Food &amp; Wine Festival | Casa de Campo Living\" \/>\n<meta property=\"og:description\" content=\"El Resort Casa de Campo se prepara para su primer festival de vino y comida, el Casa de Campo Food &amp; Wine Festival 2015, y aqu\u00ed les traemos los\" \/>\n<meta property=\"og:url\" content=\"https:\/\/casadecampoliving.com\/es\/se-acerca-el-casa-de-campo-food-wine-festival\/\" \/>\n<meta property=\"og:site_name\" content=\"Casa de Campo Living\" \/>\n<meta property=\"article:publisher\" content=\"https:\/\/www.facebook.com\/casadecampoliving\" \/>\n<meta property=\"article:published_time\" content=\"2015-07-06T04:00:00+00:00\" \/>\n<meta property=\"article:modified_time\" content=\"2022-10-21T22:57:10+00:00\" \/>\n<meta property=\"og:image\" content=\"https:\/\/i0.wp.com\/casadecampoliving.com\/wp-content\/uploads\/2022\/10\/Food_Wine_Festival_2015-1.jpg?fit=800%2C600&ssl=1\" \/>\n\t<meta property=\"og:image:width\" content=\"800\" \/>\n\t<meta property=\"og:image:height\" content=\"600\" \/>\n\t<meta property=\"og:image:type\" content=\"image\/jpeg\" \/>\n<meta name=\"author\" content=\"Rebecca Silvestri\" \/>\n<meta name=\"twitter:card\" content=\"summary_large_image\" \/>\n<meta name=\"twitter:creator\" content=\"@cdcliving\" \/>\n<meta name=\"twitter:site\" content=\"@cdcliving\" \/>\n<meta name=\"twitter:label1\" content=\"Escrito por\" \/>\n\t<meta name=\"twitter:data1\" content=\"Rebecca Silvestri\" \/>\n\t<meta name=\"twitter:label2\" content=\"Tiempo de lectura\" \/>\n\t<meta name=\"twitter:data2\" content=\"2 minutos\" \/>\n<script type=\"application\/ld+json\" class=\"yoast-schema-graph\">{\"@context\":\"https:\\\/\\\/schema.org\",\"@graph\":[{\"@type\":\"Article\",\"@id\":\"https:\\\/\\\/casadecampoliving.com\\\/es\\\/se-acerca-el-casa-de-campo-food-wine-festival\\\/#article\",\"isPartOf\":{\"@id\":\"https:\\\/\\\/casadecampoliving.com\\\/es\\\/se-acerca-el-casa-de-campo-food-wine-festival\\\/\"},\"author\":{\"name\":\"Rebecca Silvestri\",\"@id\":\"https:\\\/\\\/casadecampoliving.com\\\/es\\\/#\\\/schema\\\/person\\\/2b2208f3175fa8761e25b272e096d718\"},\"headline\":\"Se acerca el Casa de Campo Food &#038; Wine Festival\",\"datePublished\":\"2015-07-06T04:00:00+00:00\",\"dateModified\":\"2022-10-21T22:57:10+00:00\",\"mainEntityOfPage\":{\"@id\":\"https:\\\/\\\/casadecampoliving.com\\\/es\\\/se-acerca-el-casa-de-campo-food-wine-festival\\\/\"},\"wordCount\":315,\"publisher\":{\"@id\":\"https:\\\/\\\/casadecampoliving.com\\\/es\\\/#organization\"},\"image\":{\"@id\":\"https:\\\/\\\/casadecampoliving.com\\\/es\\\/se-acerca-el-casa-de-campo-food-wine-festival\\\/#primaryimage\"},\"thumbnailUrl\":\"https:\\\/\\\/i0.wp.com\\\/casadecampoliving.com\\\/wp-content\\\/uploads\\\/2022\\\/10\\\/Food_Wine_Festival_2015-1.jpg?fit=800%2C600&ssl=1\",\"keywords\":[\"casa de campo @es\",\"casa de campo resort @es\"],\"articleSection\":[\"Altos de Chavon @es\",\"Casa de Campo Living @es\",\"CCL presenta\",\"Comidas &amp; Bebidas\",\"Estilo de Vida\",\"Eventos\",\"Noticias Locales\",\"Proximamente\",\"Rep\u00fablica Dominicana @es\",\"Resort Casa de Campo\",\"Restaurantes\",\"Titulares\"],\"inLanguage\":\"es\"},{\"@type\":\"WebPage\",\"@id\":\"https:\\\/\\\/casadecampoliving.com\\\/es\\\/se-acerca-el-casa-de-campo-food-wine-festival\\\/\",\"url\":\"https:\\\/\\\/casadecampoliving.com\\\/es\\\/se-acerca-el-casa-de-campo-food-wine-festival\\\/\",\"name\":\"Se acerca el Casa de Campo Food & Wine Festival | Casa de Campo Living\",\"isPartOf\":{\"@id\":\"https:\\\/\\\/casadecampoliving.com\\\/es\\\/#website\"},\"primaryImageOfPage\":{\"@id\":\"https:\\\/\\\/casadecampoliving.com\\\/es\\\/se-acerca-el-casa-de-campo-food-wine-festival\\\/#primaryimage\"},\"image\":{\"@id\":\"https:\\\/\\\/casadecampoliving.com\\\/es\\\/se-acerca-el-casa-de-campo-food-wine-festival\\\/#primaryimage\"},\"thumbnailUrl\":\"https:\\\/\\\/i0.wp.com\\\/casadecampoliving.com\\\/wp-content\\\/uploads\\\/2022\\\/10\\\/Food_Wine_Festival_2015-1.jpg?fit=800%2C600&ssl=1\",\"datePublished\":\"2015-07-06T04:00:00+00:00\",\"dateModified\":\"2022-10-21T22:57:10+00:00\",\"description\":\"El Resort Casa de Campo se prepara para su primer festival de vino y comida, el Casa de Campo Food &amp; Wine Festival 2015, y aqu\u00ed les traemos los\",\"breadcrumb\":{\"@id\":\"https:\\\/\\\/casadecampoliving.com\\\/es\\\/se-acerca-el-casa-de-campo-food-wine-festival\\\/#breadcrumb\"},\"inLanguage\":\"es\",\"potentialAction\":[{\"@type\":\"ReadAction\",\"target\":[\"https:\\\/\\\/casadecampoliving.com\\\/es\\\/se-acerca-el-casa-de-campo-food-wine-festival\\\/\"]}]},{\"@type\":\"ImageObject\",\"inLanguage\":\"es\",\"@id\":\"https:\\\/\\\/casadecampoliving.com\\\/es\\\/se-acerca-el-casa-de-campo-food-wine-festival\\\/#primaryimage\",\"url\":\"https:\\\/\\\/i0.wp.com\\\/casadecampoliving.com\\\/wp-content\\\/uploads\\\/2022\\\/10\\\/Food_Wine_Festival_2015-1.jpg?fit=800%2C600&ssl=1\",\"contentUrl\":\"https:\\\/\\\/i0.wp.com\\\/casadecampoliving.com\\\/wp-content\\\/uploads\\\/2022\\\/10\\\/Food_Wine_Festival_2015-1.jpg?fit=800%2C600&ssl=1\",\"width\":800,\"height\":600},{\"@type\":\"BreadcrumbList\",\"@id\":\"https:\\\/\\\/casadecampoliving.com\\\/es\\\/se-acerca-el-casa-de-campo-food-wine-festival\\\/#breadcrumb\",\"itemListElement\":[{\"@type\":\"ListItem\",\"position\":1,\"name\":\"Home\",\"item\":\"https:\\\/\\\/casadecampoliving.com\\\/es\\\/\"},{\"@type\":\"ListItem\",\"position\":2,\"name\":\"Se acerca el Casa de Campo Food &#038; Wine Festival\"}]},{\"@type\":\"WebSite\",\"@id\":\"https:\\\/\\\/casadecampoliving.com\\\/es\\\/#website\",\"url\":\"https:\\\/\\\/casadecampoliving.com\\\/es\\\/\",\"name\":\"Casa de Campo Living\",\"description\":\"Resort community news and resources.\",\"publisher\":{\"@id\":\"https:\\\/\\\/casadecampoliving.com\\\/es\\\/#organization\"},\"potentialAction\":[{\"@type\":\"SearchAction\",\"target\":{\"@type\":\"EntryPoint\",\"urlTemplate\":\"https:\\\/\\\/casadecampoliving.com\\\/es\\\/?s={search_term_string}\"},\"query-input\":{\"@type\":\"PropertyValueSpecification\",\"valueRequired\":true,\"valueName\":\"search_term_string\"}}],\"inLanguage\":\"es\"},{\"@type\":\"Organization\",\"@id\":\"https:\\\/\\\/casadecampoliving.com\\\/es\\\/#organization\",\"name\":\"Casa de Campo Living\",\"url\":\"https:\\\/\\\/casadecampoliving.com\\\/es\\\/\",\"logo\":{\"@type\":\"ImageObject\",\"inLanguage\":\"es\",\"@id\":\"https:\\\/\\\/casadecampoliving.com\\\/es\\\/#\\\/schema\\\/logo\\\/image\\\/\",\"url\":\"https:\\\/\\\/i0.wp.com\\\/casadecampoliving.com\\\/wp-content\\\/uploads\\\/2022\\\/07\\\/CDCLivingLogo_V1-white-sized.png?fit=800%2C214&ssl=1\",\"contentUrl\":\"https:\\\/\\\/i0.wp.com\\\/casadecampoliving.com\\\/wp-content\\\/uploads\\\/2022\\\/07\\\/CDCLivingLogo_V1-white-sized.png?fit=800%2C214&ssl=1\",\"width\":800,\"height\":214,\"caption\":\"Casa de Campo Living\"},\"image\":{\"@id\":\"https:\\\/\\\/casadecampoliving.com\\\/es\\\/#\\\/schema\\\/logo\\\/image\\\/\"},\"sameAs\":[\"https:\\\/\\\/www.facebook.com\\\/casadecampoliving\",\"https:\\\/\\\/x.com\\\/cdcliving\"]},{\"@type\":\"Person\",\"@id\":\"https:\\\/\\\/casadecampoliving.com\\\/es\\\/#\\\/schema\\\/person\\\/2b2208f3175fa8761e25b272e096d718\",\"name\":\"Rebecca Silvestri\",\"image\":{\"@type\":\"ImageObject\",\"inLanguage\":\"es\",\"@id\":\"https:\\\/\\\/secure.gravatar.com\\\/avatar\\\/2d937fd6c1769fb718dbf8dce9e82bf5f89e97bd028f9b3ea10b931dc7df95c6?s=96&d=mm&r=g\",\"url\":\"https:\\\/\\\/secure.gravatar.com\\\/avatar\\\/2d937fd6c1769fb718dbf8dce9e82bf5f89e97bd028f9b3ea10b931dc7df95c6?s=96&d=mm&r=g\",\"contentUrl\":\"https:\\\/\\\/secure.gravatar.com\\\/avatar\\\/2d937fd6c1769fb718dbf8dce9e82bf5f89e97bd028f9b3ea10b931dc7df95c6?s=96&d=mm&r=g\",\"caption\":\"Rebecca Silvestri\"},\"url\":\"https:\\\/\\\/casadecampoliving.com\\\/es\\\/author\\\/madamehuge\\\/\"}]}<\/script>\n<!-- \/ Yoast SEO plugin. -->","yoast_head_json":{"title":"Se acerca el Casa de Campo Food & Wine Festival | Casa de Campo Living","description":"El Resort Casa de Campo se prepara para su primer festival de vino y comida, el Casa de Campo Food &amp; Wine Festival 2015, y aqu\u00ed les traemos los","robots":{"index":"index","follow":"follow","max-snippet":"max-snippet:-1","max-image-preview":"max-image-preview:large","max-video-preview":"max-video-preview:-1"},"canonical":"https:\/\/casadecampoliving.com\/es\/se-acerca-el-casa-de-campo-food-wine-festival\/","og_locale":"es_ES","og_type":"article","og_title":"Se acerca el Casa de Campo Food & Wine Festival | Casa de Campo Living","og_description":"El Resort Casa de Campo se prepara para su primer festival de vino y comida, el Casa de Campo Food &amp; Wine Festival 2015, y aqu\u00ed les traemos los","og_url":"https:\/\/casadecampoliving.com\/es\/se-acerca-el-casa-de-campo-food-wine-festival\/","og_site_name":"Casa de Campo Living","article_publisher":"https:\/\/www.facebook.com\/casadecampoliving","article_published_time":"2015-07-06T04:00:00+00:00","article_modified_time":"2022-10-21T22:57:10+00:00","og_image":[{"width":800,"height":600,"url":"https:\/\/i0.wp.com\/casadecampoliving.com\/wp-content\/uploads\/2022\/10\/Food_Wine_Festival_2015-1.jpg?fit=800%2C600&ssl=1","type":"image\/jpeg"}],"author":"Rebecca Silvestri","twitter_card":"summary_large_image","twitter_creator":"@cdcliving","twitter_site":"@cdcliving","twitter_misc":{"Escrito por":"Rebecca Silvestri","Tiempo de lectura":"2 minutos"},"schema":{"@context":"https:\/\/schema.org","@graph":[{"@type":"Article","@id":"https:\/\/casadecampoliving.com\/es\/se-acerca-el-casa-de-campo-food-wine-festival\/#article","isPartOf":{"@id":"https:\/\/casadecampoliving.com\/es\/se-acerca-el-casa-de-campo-food-wine-festival\/"},"author":{"name":"Rebecca Silvestri","@id":"https:\/\/casadecampoliving.com\/es\/#\/schema\/person\/2b2208f3175fa8761e25b272e096d718"},"headline":"Se acerca el Casa de Campo Food &#038; Wine Festival","datePublished":"2015-07-06T04:00:00+00:00","dateModified":"2022-10-21T22:57:10+00:00","mainEntityOfPage":{"@id":"https:\/\/casadecampoliving.com\/es\/se-acerca-el-casa-de-campo-food-wine-festival\/"},"wordCount":315,"publisher":{"@id":"https:\/\/casadecampoliving.com\/es\/#organization"},"image":{"@id":"https:\/\/casadecampoliving.com\/es\/se-acerca-el-casa-de-campo-food-wine-festival\/#primaryimage"},"thumbnailUrl":"https:\/\/i0.wp.com\/casadecampoliving.com\/wp-content\/uploads\/2022\/10\/Food_Wine_Festival_2015-1.jpg?fit=800%2C600&ssl=1","keywords":["casa de campo @es","casa de campo resort @es"],"articleSection":["Altos de Chavon @es","Casa de Campo Living @es","CCL presenta","Comidas &amp; Bebidas","Estilo de Vida","Eventos","Noticias Locales","Proximamente","Rep\u00fablica Dominicana @es","Resort Casa de Campo","Restaurantes","Titulares"],"inLanguage":"es"},{"@type":"WebPage","@id":"https:\/\/casadecampoliving.com\/es\/se-acerca-el-casa-de-campo-food-wine-festival\/","url":"https:\/\/casadecampoliving.com\/es\/se-acerca-el-casa-de-campo-food-wine-festival\/","name":"Se acerca el Casa de Campo Food & Wine Festival | Casa de Campo Living","isPartOf":{"@id":"https:\/\/casadecampoliving.com\/es\/#website"},"primaryImageOfPage":{"@id":"https:\/\/casadecampoliving.com\/es\/se-acerca-el-casa-de-campo-food-wine-festival\/#primaryimage"},"image":{"@id":"https:\/\/casadecampoliving.com\/es\/se-acerca-el-casa-de-campo-food-wine-festival\/#primaryimage"},"thumbnailUrl":"https:\/\/i0.wp.com\/casadecampoliving.com\/wp-content\/uploads\/2022\/10\/Food_Wine_Festival_2015-1.jpg?fit=800%2C600&ssl=1","datePublished":"2015-07-06T04:00:00+00:00","dateModified":"2022-10-21T22:57:10+00:00","description":"El Resort Casa de Campo se prepara para su primer festival de vino y comida, el Casa de Campo Food &amp; Wine Festival 2015, y aqu\u00ed les traemos los","breadcrumb":{"@id":"https:\/\/casadecampoliving.com\/es\/se-acerca-el-casa-de-campo-food-wine-festival\/#breadcrumb"},"inLanguage":"es","potentialAction":[{"@type":"ReadAction","target":["https:\/\/casadecampoliving.com\/es\/se-acerca-el-casa-de-campo-food-wine-festival\/"]}]},{"@type":"ImageObject","inLanguage":"es","@id":"https:\/\/casadecampoliving.com\/es\/se-acerca-el-casa-de-campo-food-wine-festival\/#primaryimage","url":"https:\/\/i0.wp.com\/casadecampoliving.com\/wp-content\/uploads\/2022\/10\/Food_Wine_Festival_2015-1.jpg?fit=800%2C600&ssl=1","contentUrl":"https:\/\/i0.wp.com\/casadecampoliving.com\/wp-content\/uploads\/2022\/10\/Food_Wine_Festival_2015-1.jpg?fit=800%2C600&ssl=1","width":800,"height":600},{"@type":"BreadcrumbList","@id":"https:\/\/casadecampoliving.com\/es\/se-acerca-el-casa-de-campo-food-wine-festival\/#breadcrumb","itemListElement":[{"@type":"ListItem","position":1,"name":"Home","item":"https:\/\/casadecampoliving.com\/es\/"},{"@type":"ListItem","position":2,"name":"Se acerca el Casa de Campo Food &#038; Wine Festival"}]},{"@type":"WebSite","@id":"https:\/\/casadecampoliving.com\/es\/#website","url":"https:\/\/casadecampoliving.com\/es\/","name":"Casa de Campo Living","description":"Resort community news and resources.","publisher":{"@id":"https:\/\/casadecampoliving.com\/es\/#organization"},"potentialAction":[{"@type":"SearchAction","target":{"@type":"EntryPoint","urlTemplate":"https:\/\/casadecampoliving.com\/es\/?s={search_term_string}"},"query-input":{"@type":"PropertyValueSpecification","valueRequired":true,"valueName":"search_term_string"}}],"inLanguage":"es"},{"@type":"Organization","@id":"https:\/\/casadecampoliving.com\/es\/#organization","name":"Casa de Campo Living","url":"https:\/\/casadecampoliving.com\/es\/","logo":{"@type":"ImageObject","inLanguage":"es","@id":"https:\/\/casadecampoliving.com\/es\/#\/schema\/logo\/image\/","url":"https:\/\/i0.wp.com\/casadecampoliving.com\/wp-content\/uploads\/2022\/07\/CDCLivingLogo_V1-white-sized.png?fit=800%2C214&ssl=1","contentUrl":"https:\/\/i0.wp.com\/casadecampoliving.com\/wp-content\/uploads\/2022\/07\/CDCLivingLogo_V1-white-sized.png?fit=800%2C214&ssl=1","width":800,"height":214,"caption":"Casa de Campo Living"},"image":{"@id":"https:\/\/casadecampoliving.com\/es\/#\/schema\/logo\/image\/"},"sameAs":["https:\/\/www.facebook.com\/casadecampoliving","https:\/\/x.com\/cdcliving"]},{"@type":"Person","@id":"https:\/\/casadecampoliving.com\/es\/#\/schema\/person\/2b2208f3175fa8761e25b272e096d718","name":"Rebecca Silvestri","image":{"@type":"ImageObject","inLanguage":"es","@id":"https:\/\/secure.gravatar.com\/avatar\/2d937fd6c1769fb718dbf8dce9e82bf5f89e97bd028f9b3ea10b931dc7df95c6?s=96&d=mm&r=g","url":"https:\/\/secure.gravatar.com\/avatar\/2d937fd6c1769fb718dbf8dce9e82bf5f89e97bd028f9b3ea10b931dc7df95c6?s=96&d=mm&r=g","contentUrl":"https:\/\/secure.gravatar.com\/avatar\/2d937fd6c1769fb718dbf8dce9e82bf5f89e97bd028f9b3ea10b931dc7df95c6?s=96&d=mm&r=g","caption":"Rebecca Silvestri"},"url":"https:\/\/casadecampoliving.com\/es\/author\/madamehuge\/"}]}},"parsely":{"version":"1.1.0","canonical_url":"https:\/\/casadecampoliving.com\/es\/se-acerca-el-casa-de-campo-food-wine-festival\/","smart_links":{"inbound":0,"outbound":0},"traffic_boost_suggestions_count":0,"meta":{"@context":"https:\/\/schema.org","@type":"NewsArticle","headline":"Se acerca el Casa de Campo Food &#038; Wine Festival","url":"http:\/\/casadecampoliving.com\/es\/se-acerca-el-casa-de-campo-food-wine-festival\/","mainEntityOfPage":{"@type":"WebPage","@id":"http:\/\/casadecampoliving.com\/es\/se-acerca-el-casa-de-campo-food-wine-festival\/"},"thumbnailUrl":"https:\/\/i0.wp.com\/casadecampoliving.com\/wp-content\/uploads\/2022\/10\/Food_Wine_Festival_2015-1.jpg?resize=150%2C150&ssl=1","image":{"@type":"ImageObject","url":"https:\/\/i0.wp.com\/casadecampoliving.com\/wp-content\/uploads\/2022\/10\/Food_Wine_Festival_2015-1.jpg?fit=800%2C600&ssl=1"},"articleSection":"Altos de Chavon @es","author":[{"@type":"Person","name":"Rebecca Silvestri"}],"creator":["Rebecca Silvestri"],"publisher":{"@type":"Organization","name":"Casa de Campo Living","logo":"https:\/\/casadecampoliving.com\/wp-content\/uploads\/2022\/07\/CDCLivingLogo_V1-white-sized.png"},"keywords":["casa de campo @es","casa de campo resort @es"],"dateCreated":"2015-07-06T04:00:00Z","datePublished":"2015-07-06T04:00:00Z","dateModified":"2022-10-21T22:57:10Z"},"rendered":"<script type=\"application\/ld+json\" class=\"wp-parsely-metadata\">{\"@context\":\"https:\\\/\\\/schema.org\",\"@type\":\"NewsArticle\",\"headline\":\"Se acerca el Casa de Campo Food &#038; Wine Festival\",\"url\":\"http:\\\/\\\/casadecampoliving.com\\\/es\\\/se-acerca-el-casa-de-campo-food-wine-festival\\\/\",\"mainEntityOfPage\":{\"@type\":\"WebPage\",\"@id\":\"http:\\\/\\\/casadecampoliving.com\\\/es\\\/se-acerca-el-casa-de-campo-food-wine-festival\\\/\"},\"thumbnailUrl\":\"https:\\\/\\\/i0.wp.com\\\/casadecampoliving.com\\\/wp-content\\\/uploads\\\/2022\\\/10\\\/Food_Wine_Festival_2015-1.jpg?resize=150%2C150&ssl=1\",\"image\":{\"@type\":\"ImageObject\",\"url\":\"https:\\\/\\\/i0.wp.com\\\/casadecampoliving.com\\\/wp-content\\\/uploads\\\/2022\\\/10\\\/Food_Wine_Festival_2015-1.jpg?fit=800%2C600&ssl=1\"},\"articleSection\":\"Altos de Chavon @es\",\"author\":[{\"@type\":\"Person\",\"name\":\"Rebecca Silvestri\"}],\"creator\":[\"Rebecca Silvestri\"],\"publisher\":{\"@type\":\"Organization\",\"name\":\"Casa de Campo Living\",\"logo\":\"https:\\\/\\\/casadecampoliving.com\\\/wp-content\\\/uploads\\\/2022\\\/07\\\/CDCLivingLogo_V1-white-sized.png\"},\"keywords\":[\"casa de campo @es\",\"casa de campo resort @es\"],\"dateCreated\":\"2015-07-06T04:00:00Z\",\"datePublished\":\"2015-07-06T04:00:00Z\",\"dateModified\":\"2022-10-21T22:57:10Z\"}<\/script>","tracker_url":"https:\/\/cdn.parsely.com\/keys\/casadecampoliving.com\/p.js"},"jetpack_publicize_connections":[],"jetpack_featured_media_url":"https:\/\/i0.wp.com\/casadecampoliving.com\/wp-content\/uploads\/2022\/10\/Food_Wine_Festival_2015-1.jpg?fit=800%2C600&ssl=1","jetpack-related-posts":[{"id":532242,"url":"https:\/\/casadecampoliving.com\/es\/el-casa-de-campo-food-and-festival-regresa-con-tres-chefs-estrellas\/","url_meta":{"origin":347692,"position":0},"title":"El Casa de Campo Food and Festival regresa con tres chefs estrellas","author":"Casa de Campo Living","date":"21 Jul, 2024","format":false,"excerpt":"Casa de Campo Resort & Villas se prepara para celebrar la segunda edici\u00f3n del Casa de Campo Food and Wine del 10 al 12 de octubre de 2024. El evento contar\u00e1 con chefs renombrados como Scott Conant, Hubert Keller y Shawn McClain, ganador del James Beard Award, en colaboraci\u00f3n con\u2026","rel":"","context":"En \u00abCasa de Campo Resort &amp; Villas\u00bb","block_context":{"text":"Casa de Campo Resort &amp; Villas","link":"https:\/\/casadecampoliving.com\/es\/category\/casa-de-campo-resort-villas\/"},"img":{"alt_text":"","src":"https:\/\/i0.wp.com\/casadecampoliving.com\/wp-content\/uploads\/2024\/07\/Food-and-Wine-Festival-2023-EJ4B0651.jpg?fit=1200%2C787&ssl=1&resize=350%2C200","width":350,"height":200,"srcset":"https:\/\/i0.wp.com\/casadecampoliving.com\/wp-content\/uploads\/2024\/07\/Food-and-Wine-Festival-2023-EJ4B0651.jpg?fit=1200%2C787&ssl=1&resize=350%2C200 1x, https:\/\/i0.wp.com\/casadecampoliving.com\/wp-content\/uploads\/2024\/07\/Food-and-Wine-Festival-2023-EJ4B0651.jpg?fit=1200%2C787&ssl=1&resize=525%2C300 1.5x, https:\/\/i0.wp.com\/casadecampoliving.com\/wp-content\/uploads\/2024\/07\/Food-and-Wine-Festival-2023-EJ4B0651.jpg?fit=1200%2C787&ssl=1&resize=700%2C400 2x, https:\/\/i0.wp.com\/casadecampoliving.com\/wp-content\/uploads\/2024\/07\/Food-and-Wine-Festival-2023-EJ4B0651.jpg?fit=1200%2C787&ssl=1&resize=1050%2C600 3x"},"classes":[]},{"id":520133,"url":"https:\/\/casadecampoliving.com\/es\/casa-de-campo-resort-villas-presenta-planes-para-el-primer-festival-anual-de-comida-y-vino\/","url_meta":{"origin":347692,"position":1},"title":"Casa de Campo Resort &#038; Villas presenta planes para el primer Food and Wine Festival","author":"Casa de Campo Living","date":"24 Jul, 2023","format":false,"excerpt":"Casa de Campo Resort & Villas tiene excelentes noticias para todos los entusiastas de la gastronom\u00eda. El prestigioso resort acaba de anunciar planes para su primer Food and Wine Festival, que se llevar\u00e1 a cabo del 17 al 22 de octubre de 2023, en asociaci\u00f3n con Invited, una prestigiosa colecci\u00f3n\u2026","rel":"","context":"En \u00abCasa de Campo Resort &amp; Villas\u00bb","block_context":{"text":"Casa de Campo Resort &amp; Villas","link":"https:\/\/casadecampoliving.com\/es\/category\/casa-de-campo-resort-villas\/"},"img":{"alt_text":"","src":"https:\/\/i0.wp.com\/casadecampoliving.com\/wp-content\/uploads\/2022\/10\/A2_1529-1.jpg?fit=1200%2C800&ssl=1&resize=350%2C200","width":350,"height":200,"srcset":"https:\/\/i0.wp.com\/casadecampoliving.com\/wp-content\/uploads\/2022\/10\/A2_1529-1.jpg?fit=1200%2C800&ssl=1&resize=350%2C200 1x, https:\/\/i0.wp.com\/casadecampoliving.com\/wp-content\/uploads\/2022\/10\/A2_1529-1.jpg?fit=1200%2C800&ssl=1&resize=525%2C300 1.5x, https:\/\/i0.wp.com\/casadecampoliving.com\/wp-content\/uploads\/2022\/10\/A2_1529-1.jpg?fit=1200%2C800&ssl=1&resize=700%2C400 2x, https:\/\/i0.wp.com\/casadecampoliving.com\/wp-content\/uploads\/2022\/10\/A2_1529-1.jpg?fit=1200%2C800&ssl=1&resize=1050%2C600 3x"},"classes":[]},{"id":433460,"url":"https:\/\/casadecampoliving.com\/es\/no-se-pierdan-el-increible-tributo-a-frank-sinatra-para-celebrar-el-40-aniversario-del-anfiteatro-altos-de-chavon\/","url_meta":{"origin":347692,"position":2},"title":"No se pierdan el incre\u00edble tributo a Frank Sinatra para celebrar el 40 aniversario del\u00a0Anfiteatro Altos de Chav\u00f3n","author":"Casa de Campo Living","date":"20 Oct, 2022","format":false,"excerpt":"Siendo uno de los escenarios m\u00e1s emblem\u00e1ticos del pa\u00eds, Casa de Campo Resort\u00ae & Villas celebra las cuatro d\u00e9cadas de aniversario de Altos de Chav\u00f3n con un tributo al gran Frank Sinatra, protagonizado por artistas invitados y una big band tal cual la que acompa\u00f1\u00f3 al artista hace 40 a\u00f1os\u2026","rel":"","context":"En \u00abUncategorized @es\u00bb","block_context":{"text":"Uncategorized @es","link":"https:\/\/casadecampoliving.com\/es\/category\/uncategorized-es\/"},"img":{"alt_text":"","src":"https:\/\/i0.wp.com\/casadecampoliving.com\/wp-content\/uploads\/2022\/10\/Tributo-Frank-Sinatra-Foto-Principal-Amaury-Sanchez-Danilo-Ginebra-Andres-Pichardo-y-Jose-Gabriel-Perez-.jpg?fit=1200%2C873&ssl=1&resize=350%2C200","width":350,"height":200,"srcset":"https:\/\/i0.wp.com\/casadecampoliving.com\/wp-content\/uploads\/2022\/10\/Tributo-Frank-Sinatra-Foto-Principal-Amaury-Sanchez-Danilo-Ginebra-Andres-Pichardo-y-Jose-Gabriel-Perez-.jpg?fit=1200%2C873&ssl=1&resize=350%2C200 1x, https:\/\/i0.wp.com\/casadecampoliving.com\/wp-content\/uploads\/2022\/10\/Tributo-Frank-Sinatra-Foto-Principal-Amaury-Sanchez-Danilo-Ginebra-Andres-Pichardo-y-Jose-Gabriel-Perez-.jpg?fit=1200%2C873&ssl=1&resize=525%2C300 1.5x, https:\/\/i0.wp.com\/casadecampoliving.com\/wp-content\/uploads\/2022\/10\/Tributo-Frank-Sinatra-Foto-Principal-Amaury-Sanchez-Danilo-Ginebra-Andres-Pichardo-y-Jose-Gabriel-Perez-.jpg?fit=1200%2C873&ssl=1&resize=700%2C400 2x, https:\/\/i0.wp.com\/casadecampoliving.com\/wp-content\/uploads\/2022\/10\/Tributo-Frank-Sinatra-Foto-Principal-Amaury-Sanchez-Danilo-Ginebra-Andres-Pichardo-y-Jose-Gabriel-Perez-.jpg?fit=1200%2C873&ssl=1&resize=1050%2C600 3x"},"classes":[]},{"id":532464,"url":"https:\/\/casadecampoliving.com\/es\/chef-tita-se-une-al-festival-food-and-wine-de-casa-de-campo\/","url_meta":{"origin":347692,"position":3},"title":"Chef Tita se une al Festival Food and Wine de Casa de Campo","author":"Mairobi Herrera","date":"12 Ago, 2024","format":false,"excerpt":"Casa de Campo Resort informa que en la segunda entrega del Festival Food and Wine, que se llevar\u00e1 a cabo del 10 al 13 de octubre de 2024, la chef dominicana In\u00e9s P\u00e1ez, conocida como Chef Tita, ser\u00e1 la representante local destacada de este evento culinario que celebra lo mejor\u2026","rel":"","context":"En \u00abComidas &amp; Bebidas\u00bb","block_context":{"text":"Comidas &amp; Bebidas","link":"https:\/\/casadecampoliving.com\/es\/category\/comidas-bebidas\/"},"img":{"alt_text":"","src":"https:\/\/i0.wp.com\/casadecampoliving.com\/wp-content\/uploads\/2024\/08\/Copia-de-7-scaled.jpeg?fit=1200%2C800&ssl=1&resize=350%2C200","width":350,"height":200,"srcset":"https:\/\/i0.wp.com\/casadecampoliving.com\/wp-content\/uploads\/2024\/08\/Copia-de-7-scaled.jpeg?fit=1200%2C800&ssl=1&resize=350%2C200 1x, https:\/\/i0.wp.com\/casadecampoliving.com\/wp-content\/uploads\/2024\/08\/Copia-de-7-scaled.jpeg?fit=1200%2C800&ssl=1&resize=525%2C300 1.5x, https:\/\/i0.wp.com\/casadecampoliving.com\/wp-content\/uploads\/2024\/08\/Copia-de-7-scaled.jpeg?fit=1200%2C800&ssl=1&resize=700%2C400 2x, https:\/\/i0.wp.com\/casadecampoliving.com\/wp-content\/uploads\/2024\/08\/Copia-de-7-scaled.jpeg?fit=1200%2C800&ssl=1&resize=1050%2C600 3x"},"classes":[]},{"id":347996,"url":"https:\/\/casadecampoliving.com\/es\/casa-de-campo-anuncia-food-wine-festival-agosto\/","url_meta":{"origin":347692,"position":4},"title":"Casa de Campo anuncia su Food &#038; Wine Festival del 21 al 23 de Agosto","author":"Casa de Campo Resort","date":"10 Ago, 2015","format":false,"excerpt":"Casa de Campo, destino tur\u00edstico de lujo en La Romana, Rep\u00fablica Dominicana, anuncia la inauguraci\u00f3n del Casa de Campo Food & Wine Festival, los d\u00edas 21 al 23 agosto 2015, el cual considera experiencias culinarias de clase mundial en un paisaje inolvidable y actividades exclusivas en uno de los lugares\u2026","rel":"","context":"En \u00abCasa de Campo Living @es\u00bb","block_context":{"text":"Casa de Campo Living @es","link":"https:\/\/casadecampoliving.com\/category\/casa-de-campo-living-es\/"},"img":{"alt_text":"Pulpo a la brasa","src":"https:\/\/i0.wp.com\/casadecampoliving.com\/wp-content\/uploads\/2022\/10\/Pulpo-a-la-brasa1-1.jpg?fit=650%2C400&ssl=1&resize=350%2C200","width":350,"height":200,"srcset":"https:\/\/i0.wp.com\/casadecampoliving.com\/wp-content\/uploads\/2022\/10\/Pulpo-a-la-brasa1-1.jpg?fit=650%2C400&ssl=1&resize=350%2C200 1x, https:\/\/i0.wp.com\/casadecampoliving.com\/wp-content\/uploads\/2022\/10\/Pulpo-a-la-brasa1-1.jpg?fit=650%2C400&ssl=1&resize=525%2C300 1.5x"},"classes":[]},{"id":348139,"url":"https:\/\/casadecampoliving.com\/es\/resumen-casa-de-campo-food-wine-festival\/","url_meta":{"origin":347692,"position":5},"title":"\u00a1Resumen general! Casa de Campo Food &#038; Wine Festival","author":"Casa de Campo Resort","date":"26 Ago, 2015","format":false,"excerpt":"\u00a1Estamos muy emocionados de compartir con ustedes la primera serie de art\u00edculos sobre el Casa de Campo Food & Wine Festival celebrado el fin de semana pasado! \u00a1Tenemos much\u00edsimas fotos y revisiones de comidas que estaremos compartiendo muy pronto! Por ahora, disfrute un resumen proporcionado por el Resort Casa de\u2026","rel":"","context":"En \u00abAltos de Chavon @es\u00bb","block_context":{"text":"Altos de Chavon @es","link":"https:\/\/casadecampoliving.com\/category\/altos-de-chavon-es\/"},"img":{"alt_text":"Casa de Campo Food and Wine Festival","src":"https:\/\/i0.wp.com\/casadecampoliving.com\/wp-content\/uploads\/2022\/10\/Food_and_Wine_Festival-1.jpg?fit=800%2C534&ssl=1&resize=350%2C200","width":350,"height":200,"srcset":"https:\/\/i0.wp.com\/casadecampoliving.com\/wp-content\/uploads\/2022\/10\/Food_and_Wine_Festival-1.jpg?fit=800%2C534&ssl=1&resize=350%2C200 1x, https:\/\/i0.wp.com\/casadecampoliving.com\/wp-content\/uploads\/2022\/10\/Food_and_Wine_Festival-1.jpg?fit=800%2C534&ssl=1&resize=525%2C300 1.5x, https:\/\/i0.wp.com\/casadecampoliving.com\/wp-content\/uploads\/2022\/10\/Food_and_Wine_Festival-1.jpg?fit=800%2C534&ssl=1&resize=700%2C400 2x"},"classes":[]}],"jetpack_sharing_enabled":true,"_links":{"self":[{"href":"https:\/\/casadecampoliving.com\/es\/wp-json\/wp\/v2\/posts\/347692","targetHints":{"allow":["GET"]}}],"collection":[{"href":"https:\/\/casadecampoliving.com\/es\/wp-json\/wp\/v2\/posts"}],"about":[{"href":"https:\/\/casadecampoliving.com\/es\/wp-json\/wp\/v2\/types\/post"}],"author":[{"embeddable":true,"href":"https:\/\/casadecampoliving.com\/es\/wp-json\/wp\/v2\/users\/31"}],"replies":[{"embeddable":true,"href":"https:\/\/casadecampoliving.com\/es\/wp-json\/wp\/v2\/comments?post=347692"}],"version-history":[{"count":1,"href":"https:\/\/casadecampoliving.com\/es\/wp-json\/wp\/v2\/posts\/347692\/revisions"}],"predecessor-version":[{"id":347693,"href":"https:\/\/casadecampoliving.com\/es\/wp-json\/wp\/v2\/posts\/347692\/revisions\/347693"}],"wp:featuredmedia":[{"embeddable":true,"href":"https:\/\/casadecampoliving.com\/es\/wp-json\/wp\/v2\/media\/276449"}],"wp:attachment":[{"href":"https:\/\/casadecampoliving.com\/es\/wp-json\/wp\/v2\/media?parent=347692"}],"wp:term":[{"taxonomy":"category","embeddable":true,"href":"https:\/\/casadecampoliving.com\/es\/wp-json\/wp\/v2\/categories?post=347692"},{"taxonomy":"post_tag","embeddable":true,"href":"https:\/\/casadecampoliving.com\/es\/wp-json\/wp\/v2\/tags?post=347692"},{"taxonomy":"newspack_spnsrs_tax","embeddable":true,"href":"https:\/\/casadecampoliving.com\/es\/wp-json\/wp\/v2\/newspack_spnsrs_tax?post=347692"}],"curies":[{"name":"wp","href":"https:\/\/api.w.org\/{rel}","templated":true}]}}