{"id":347680,"date":"2015-07-04T00:00:00","date_gmt":"2015-07-04T04:00:00","guid":{"rendered":"https:\/\/casadecampoliving.com\/esta-semana-republica-dominicana-7-3-15\/"},"modified":"2022-10-21T18:56:51","modified_gmt":"2022-10-21T22:56:51","slug":"esta-semana-republica-dominicana-7-3-15","status":"publish","type":"post","link":"https:\/\/casadecampoliving.com\/es\/esta-semana-republica-dominicana-7-3-15\/","title":{"rendered":"Esta Semana en la Rep\u00fablica Dominicana: inversi\u00f3n en la frontera e incremento en importaciones"},"content":{"rendered":"<div class=\"wp-block-image\">\n<figure class=\"aligncenter is-resized\"><img loading=\"lazy\" decoding=\"async\" src=\"https:\/\/i0.wp.com\/casadecampoliving.com\/wp-content\/uploads\/2022\/10\/CCLESTASEMANARDV12-2.jpg?resize=650%2C400&amp;ssl=1\" alt=\"Esta Semana en RD 7-3-15\" class=\"wp-image-112308\" height=\"400\" width=\"650\"\/><\/figure>\n<\/div>\n\n\n<p>A menos que sea la madre de&nbsp;Jake Gyllenhaal la pel\u00edcula&nbsp;<em>\u201cChico de la Burbuja\u201d<\/em>, sabe que no es bueno vivir en una (para los&nbsp;que necesiten ayuda con la referencia a la pel\u00edcula, b\u00e1sicamente no es bueno estar encerrado en una burbuja y no saber mucho del mundo exterior). Por eso le traemos nuestro resumen semanal de las noticias m\u00e1s importantes fuera de Casa,&nbsp;<em>Esta Semana en la Rep\u00fablica Dominicana<\/em>, con el fin de mantenerlo actualizado sobre lo que pasa en el&nbsp;pa\u00eds.<\/p>\n\n\n\n<p>Esta semana estuvo&nbsp;bastante activa en cuanto a negocios se refiere; Brasil re-asegura su compromiso en cooperar con la Rep\u00fablica Dominicana, la preferencia de los Dominicanos por el&nbsp;<em>\u201cdinero pl\u00e1stico\u201d<\/em> crece, planes de inversi\u00f3n el frontera e incrementan las importaciones de alimentos al pa\u00eds.<\/p>\n\n\n\n<!--more-->\n\n\n\n<h3 class=\"wp-block-heading\"><strong>Brasil coopera con&nbsp;Rep\u00fablica Dominicana<\/strong><\/h3>\n\n\n\n<p>El gobierno de Brasil dice&nbsp;que la cooperaci\u00f3n con Rep\u00fablica Dominicana es una prioridad, re-asegurando su compromiso&nbsp;destinando&nbsp;fondos para m\u00e1s de 10 proyectos los cuales han concluido o est\u00e1n en marcha en cuanto a educaci\u00f3n, planificaci\u00f3n, salud, meteorolog\u00eda, seguridad y medio ambiente, y equipamiento para la industria textil iniciando desde el 24 de junio en Consuelo, San Pedro (este).<\/p>\n\n\n\n<p>El Director de la&nbsp;Agencia Brasile\u00f1a de Cooperaci\u00f3n (ABC), Fernando Marroni, se\u00f1al\u00f3&nbsp;la diversidad, el n\u00famero de instituciones involucradas en los proyectos y los resultados <em><strong>\u201cson un indicador de que brasil prioriza la cooperaci\u00f3n con Rep\u00fablica Dominicana\u201d<\/strong><\/em> y a\u00f1adi\u00f3 la conclusi\u00f3n de cuatro proyectos desde el 2013 al 2015.<\/p>\n\n\n\n<h3 class=\"wp-block-heading\"><strong>Iniciativa de inversi\u00f3n en la frontera Dominico-Haitiana<\/strong><\/h3>\n\n\n\n<p>El Consejo Econ\u00f3mico Binacional Quisqueya (CEBQ), est\u00e1 desarrollando un proyecto de inversi\u00f3n en la frontera Dominico-Haitiana cuyo lanzamiento es inminente.<\/p>\n\n\n\n<p>Los representantes de la Rep\u00fablica Dominicana, Juan B. Vicini y Fernando Chaplain, y el secretario de organizaci\u00f3n, Rafael Paz, dijeron que esperan que los proyectos que est\u00e1n en proceso tengan un impacto econ\u00f3mico en la regi\u00f3n fronteriza e invitaron a los empresarios a involucrarse.<\/p>\n\n\n\n<p>Tambi\u00e9n a\u00f1adieron que la iniciativa de desarrollo est\u00e1 centrada en cuatro puntos clavo de interconexi\u00f3n entre la Rep\u00fablica Dominicana y Hait\u00ed, con el objetivo de transformarlos en un eje de crecimiento econ\u00f3mico y fuente de empleo para ambos lados de la frontera. Las cuatro \u00e1reas de desarrollo son Fabricaci\u00f3n y Log\u00edstica; generadores de&nbsp;energ\u00eda hidroel\u00e9ctrica y e\u00f3lica; agricultura y ganado; y por \u00faltimo, turismo. <em><strong>\u201cPor todo esto, se han realizado estudios sobre el potencial y viabilidad para garantizar resultados tangibles de&nbsp;tres a cinco a\u00f1os\u201d<\/strong><\/em>, expres\u00f3 Rafael Paz.<\/p>\n\n\n\n<h3 class=\"wp-block-heading\"><strong>Importaciones de alimentos a la&nbsp;Rep\u00fablica Dominicana crecen&nbsp;17% en marzo<\/strong><\/h3>\n\n\n\n<p>En marzo,&nbsp;el pa\u00eds recibi\u00f3 230,400 toneladas de alimentos por un valor de US$220.5 millones desde 82 pa\u00edses, un incremento del 17% en comparaci\u00f3n con febrero.<\/p>\n\n\n\n<p>Tal como expresa&nbsp;la&nbsp;viceministro de Industria y Comercio, Anina M. Del Castillo, en el informe mensual de Comercio Interior, los pa\u00edses con el mayor n\u00famero de importaciones hacia nuestro territorio fueron los siguientes:<\/p>\n\n\n\n<ol class=\"wp-block-list\"><li><strong>Estados Unidos:<\/strong> 50.04% (RD$110.4MM) \u2013 ma\u00edz, trigo, aceite de soya, galletas, y otros derivados s\u00f3lidos de soya, como alimento para animales, y carne de vaca y cerdo.<\/li><li><strong>Colombia:<\/strong> 3.99% (US$8.8MM) \u2013 aceite crudo de palma, bebidas no alcoh\u00f3licas, dulces, galletas y pescado enlatado.<\/li><li><strong>M\u00e9xico:<\/strong>&nbsp;3.84% (US$8.4MM)&nbsp;\u2013 f\u00f3rmula de leche, galletas, dulces y cereales.<\/li><li><strong>Pa\u00edses Bajos:<\/strong> 3.05% (US$6.73MM) \u2013 f\u00f3rmula de leche, queso, leche en polvo, alimentos procesados, y papas procesadas.<\/li><li><strong style=\"line-height: 1.5;\">Noruega:<\/strong><span style=\"line-height: 1.5;\"> 2.79% (US$6.16MM) <\/span><span style=\"line-height: 1.5;\">\u2013<\/span><span style=\"line-height: 1.5;\">&nbsp;bacalao salado y salm\u00f3n.<\/span><\/li><\/ol>\n\n\n\n<h3 class=\"wp-block-heading\">Incrementa el uso de tarjetas de c\u0155edito por los Dominicanos<\/h3>\n\n\n\n<p>La Asociaci\u00f3n de Bancos Comerciales de la Rep\u00fablica Dominicana (ABA), expresa que el uso de las tarjetas de cr\u00e9dito tuvo&nbsp;un incremento de 20% para finales del 2014 (RD$227.32BB), o RD$38 billones m\u00e1s en comparaci\u00f3n con el 2013 (RD$188,59BB). <em><strong>\u201cEsto muestra un incremento en la preferencia del dinero pl\u00e1stico por los Dominicanos\u201d<\/strong><\/em>, dijo la asociaci\u00f3n.<\/p>\n","protected":false},"excerpt":{"rendered":"<p>A menos que sea la madre de&nbsp;Jake Gyllenhaal la pel\u00edcula&nbsp;\u201cChico de la Burbuja\u201d, sabe que no es bueno vivir en una (para los&nbsp;que necesiten ayuda con la referencia a la pel\u00edcula, b\u00e1sicamente no es bueno estar encerrado en una burbuja y no saber mucho del mundo exterior). Por eso le traemos nuestro resumen semanal de [&hellip;]<\/p>\n","protected":false},"author":34707,"featured_media":276560,"comment_status":"closed","ping_status":"closed","sticky":false,"template":"","format":"standard","meta":{"newspack_ads_suppress_ads":false,"newspack_popups_has_disabled_popups":false,"newspack_sponsor_sponsorship_scope":"","newspack_sponsor_native_byline_display":"inherit","newspack_sponsor_native_category_display":"inherit","newspack_sponsor_underwriter_style":"inherit","newspack_sponsor_underwriter_placement":"inherit","_newspack_byline_active":false,"_newspack_byline":"","newspack_hide_updated_date":false,"newspack_show_updated_date":false,"newspack_content_restriction_is_exempt":false,"newspack_featured_image_position":"","newspack_post_subtitle":"","newspack_article_summary_title":"Overview:","newspack_article_summary":"","_jetpack_memberships_contains_paid_content":false,"footnotes":"","jetpack_publicize_message":"","jetpack_publicize_feature_enabled":true,"jetpack_social_post_already_shared":false,"jetpack_social_options":{"image_generator_settings":{"template":"highway","default_image_id":0,"font":"","enabled":false},"version":2},"_wpas_customize_per_network":false},"categories":[6192,2524,14631,2506,14625,2521],"tags":[12732,7901,12701,14777,3763],"newspack_spnsrs_tax":[],"class_list":["post-347680","post","type-post","status-publish","format-standard","has-post-thumbnail","hentry","category-businesses","category-destacados","category-estilo-de-vida","category-mas-alla-de-casa-es","category-noticias-locales","category-republica-dominicana-2","tag-esta-semana","tag-haiti-es","tag-inversion","tag-republica-dominicana-es-18","tag-santo-domingo-es","entry"],"yoast_head":"<!-- This site is optimized with the Yoast SEO plugin v27.5 - https:\/\/yoast.com\/product\/yoast-seo-wordpress\/ -->\n<title>Esta Semana en la Rep\u00fablica Dominicana: inversi\u00f3n en la frontera e incremento en importaciones | Casa de Campo Living<\/title>\n<meta name=\"description\" content=\"A menos que sea la madre de&nbsp;Jake Gyllenhaal la pel\u00edcula&nbsp;\u201cChico de la Burbuja\u201d, sabe que no es bueno vivir en una (para los&nbsp;que necesiten\" \/>\n<meta name=\"robots\" content=\"index, follow, max-snippet:-1, max-image-preview:large, max-video-preview:-1\" \/>\n<link rel=\"canonical\" href=\"https:\/\/casadecampoliving.com\/es\/esta-semana-republica-dominicana-7-3-15\/\" \/>\n<meta property=\"og:locale\" content=\"es_ES\" \/>\n<meta property=\"og:type\" content=\"article\" \/>\n<meta property=\"og:title\" content=\"Esta Semana en la Rep\u00fablica Dominicana: inversi\u00f3n en la frontera e incremento en importaciones | Casa de Campo Living\" \/>\n<meta property=\"og:description\" content=\"A menos que sea la madre de&nbsp;Jake Gyllenhaal la pel\u00edcula&nbsp;\u201cChico de la Burbuja\u201d, sabe que no es bueno vivir en una (para los&nbsp;que necesiten\" \/>\n<meta property=\"og:url\" content=\"https:\/\/casadecampoliving.com\/es\/esta-semana-republica-dominicana-7-3-15\/\" \/>\n<meta property=\"og:site_name\" content=\"Casa de Campo Living\" \/>\n<meta property=\"article:publisher\" content=\"https:\/\/www.facebook.com\/casadecampoliving\" \/>\n<meta property=\"article:published_time\" content=\"2015-07-04T04:00:00+00:00\" \/>\n<meta property=\"article:modified_time\" content=\"2022-10-21T22:56:51+00:00\" \/>\n<meta property=\"og:image\" content=\"https:\/\/i0.wp.com\/casadecampoliving.com\/wp-content\/uploads\/2022\/10\/CCLThisWeekinDRV2-1.jpg?fit=650%2C400&ssl=1\" \/>\n\t<meta property=\"og:image:width\" content=\"650\" \/>\n\t<meta property=\"og:image:height\" content=\"400\" \/>\n\t<meta property=\"og:image:type\" content=\"image\/jpeg\" \/>\n<meta name=\"author\" content=\"Felix Guerrero\" \/>\n<meta name=\"twitter:card\" content=\"summary_large_image\" \/>\n<meta name=\"twitter:creator\" content=\"@cdcliving\" \/>\n<meta name=\"twitter:site\" content=\"@cdcliving\" \/>\n<meta name=\"twitter:label1\" content=\"Escrito por\" \/>\n\t<meta name=\"twitter:data1\" content=\"Felix Guerrero\" \/>\n\t<meta name=\"twitter:label2\" content=\"Tiempo de lectura\" \/>\n\t<meta name=\"twitter:data2\" content=\"3 minutos\" \/>\n<script type=\"application\/ld+json\" class=\"yoast-schema-graph\">{\"@context\":\"https:\\\/\\\/schema.org\",\"@graph\":[{\"@type\":\"Article\",\"@id\":\"https:\\\/\\\/casadecampoliving.com\\\/es\\\/esta-semana-republica-dominicana-7-3-15\\\/#article\",\"isPartOf\":{\"@id\":\"https:\\\/\\\/casadecampoliving.com\\\/es\\\/esta-semana-republica-dominicana-7-3-15\\\/\"},\"author\":{\"name\":\"Felix Guerrero\",\"@id\":\"https:\\\/\\\/casadecampoliving.com\\\/es\\\/#\\\/schema\\\/person\\\/0d45cfc6e376a2f15ac9a92421bd4451\"},\"headline\":\"Esta Semana en la Rep\u00fablica Dominicana: inversi\u00f3n en la frontera e incremento en importaciones\",\"datePublished\":\"2015-07-04T04:00:00+00:00\",\"dateModified\":\"2022-10-21T22:56:51+00:00\",\"mainEntityOfPage\":{\"@id\":\"https:\\\/\\\/casadecampoliving.com\\\/es\\\/esta-semana-republica-dominicana-7-3-15\\\/\"},\"wordCount\":709,\"publisher\":{\"@id\":\"https:\\\/\\\/casadecampoliving.com\\\/es\\\/#organization\"},\"image\":{\"@id\":\"https:\\\/\\\/casadecampoliving.com\\\/es\\\/esta-semana-republica-dominicana-7-3-15\\\/#primaryimage\"},\"thumbnailUrl\":\"https:\\\/\\\/i0.wp.com\\\/casadecampoliving.com\\\/wp-content\\\/uploads\\\/2022\\\/10\\\/CCLThisWeekinDRV2-1.jpg?fit=650%2C400&ssl=1\",\"keywords\":[\"Esta Semana\",\"haiti @es\",\"Inversi\u00f3n\",\"Republica Dominicana\",\"santo domingo @es\"],\"articleSection\":[\"businesses\",\"Destacados\",\"Estilo de Vida\",\"M\u00e1s all\u00e1 de Casa\",\"Noticias Locales\",\"Rep\u00fablica Dominicana @es\"],\"inLanguage\":\"es\"},{\"@type\":\"WebPage\",\"@id\":\"https:\\\/\\\/casadecampoliving.com\\\/es\\\/esta-semana-republica-dominicana-7-3-15\\\/\",\"url\":\"https:\\\/\\\/casadecampoliving.com\\\/es\\\/esta-semana-republica-dominicana-7-3-15\\\/\",\"name\":\"Esta Semana en la Rep\u00fablica Dominicana: inversi\u00f3n en la frontera e incremento en importaciones | Casa de Campo Living\",\"isPartOf\":{\"@id\":\"https:\\\/\\\/casadecampoliving.com\\\/es\\\/#website\"},\"primaryImageOfPage\":{\"@id\":\"https:\\\/\\\/casadecampoliving.com\\\/es\\\/esta-semana-republica-dominicana-7-3-15\\\/#primaryimage\"},\"image\":{\"@id\":\"https:\\\/\\\/casadecampoliving.com\\\/es\\\/esta-semana-republica-dominicana-7-3-15\\\/#primaryimage\"},\"thumbnailUrl\":\"https:\\\/\\\/i0.wp.com\\\/casadecampoliving.com\\\/wp-content\\\/uploads\\\/2022\\\/10\\\/CCLThisWeekinDRV2-1.jpg?fit=650%2C400&ssl=1\",\"datePublished\":\"2015-07-04T04:00:00+00:00\",\"dateModified\":\"2022-10-21T22:56:51+00:00\",\"description\":\"A menos que sea la madre de&nbsp;Jake Gyllenhaal la pel\u00edcula&nbsp;\u201cChico de la Burbuja\u201d, sabe que no es bueno vivir en una (para los&nbsp;que necesiten\",\"breadcrumb\":{\"@id\":\"https:\\\/\\\/casadecampoliving.com\\\/es\\\/esta-semana-republica-dominicana-7-3-15\\\/#breadcrumb\"},\"inLanguage\":\"es\",\"potentialAction\":[{\"@type\":\"ReadAction\",\"target\":[\"https:\\\/\\\/casadecampoliving.com\\\/es\\\/esta-semana-republica-dominicana-7-3-15\\\/\"]}]},{\"@type\":\"ImageObject\",\"inLanguage\":\"es\",\"@id\":\"https:\\\/\\\/casadecampoliving.com\\\/es\\\/esta-semana-republica-dominicana-7-3-15\\\/#primaryimage\",\"url\":\"https:\\\/\\\/i0.wp.com\\\/casadecampoliving.com\\\/wp-content\\\/uploads\\\/2022\\\/10\\\/CCLThisWeekinDRV2-1.jpg?fit=650%2C400&ssl=1\",\"contentUrl\":\"https:\\\/\\\/i0.wp.com\\\/casadecampoliving.com\\\/wp-content\\\/uploads\\\/2022\\\/10\\\/CCLThisWeekinDRV2-1.jpg?fit=650%2C400&ssl=1\",\"width\":650,\"height\":400},{\"@type\":\"BreadcrumbList\",\"@id\":\"https:\\\/\\\/casadecampoliving.com\\\/es\\\/esta-semana-republica-dominicana-7-3-15\\\/#breadcrumb\",\"itemListElement\":[{\"@type\":\"ListItem\",\"position\":1,\"name\":\"Home\",\"item\":\"https:\\\/\\\/casadecampoliving.com\\\/es\\\/\"},{\"@type\":\"ListItem\",\"position\":2,\"name\":\"Esta Semana en la Rep\u00fablica Dominicana: inversi\u00f3n en la frontera e incremento en importaciones\"}]},{\"@type\":\"WebSite\",\"@id\":\"https:\\\/\\\/casadecampoliving.com\\\/es\\\/#website\",\"url\":\"https:\\\/\\\/casadecampoliving.com\\\/es\\\/\",\"name\":\"Casa de Campo Living\",\"description\":\"Resort community news and resources.\",\"publisher\":{\"@id\":\"https:\\\/\\\/casadecampoliving.com\\\/es\\\/#organization\"},\"potentialAction\":[{\"@type\":\"SearchAction\",\"target\":{\"@type\":\"EntryPoint\",\"urlTemplate\":\"https:\\\/\\\/casadecampoliving.com\\\/es\\\/?s={search_term_string}\"},\"query-input\":{\"@type\":\"PropertyValueSpecification\",\"valueRequired\":true,\"valueName\":\"search_term_string\"}}],\"inLanguage\":\"es\"},{\"@type\":\"Organization\",\"@id\":\"https:\\\/\\\/casadecampoliving.com\\\/es\\\/#organization\",\"name\":\"Casa de Campo Living\",\"url\":\"https:\\\/\\\/casadecampoliving.com\\\/es\\\/\",\"logo\":{\"@type\":\"ImageObject\",\"inLanguage\":\"es\",\"@id\":\"https:\\\/\\\/casadecampoliving.com\\\/es\\\/#\\\/schema\\\/logo\\\/image\\\/\",\"url\":\"https:\\\/\\\/i0.wp.com\\\/casadecampoliving.com\\\/wp-content\\\/uploads\\\/2022\\\/07\\\/CDCLivingLogo_V1-white-sized.png?fit=800%2C214&ssl=1\",\"contentUrl\":\"https:\\\/\\\/i0.wp.com\\\/casadecampoliving.com\\\/wp-content\\\/uploads\\\/2022\\\/07\\\/CDCLivingLogo_V1-white-sized.png?fit=800%2C214&ssl=1\",\"width\":800,\"height\":214,\"caption\":\"Casa de Campo Living\"},\"image\":{\"@id\":\"https:\\\/\\\/casadecampoliving.com\\\/es\\\/#\\\/schema\\\/logo\\\/image\\\/\"},\"sameAs\":[\"https:\\\/\\\/www.facebook.com\\\/casadecampoliving\",\"https:\\\/\\\/x.com\\\/cdcliving\"]},{\"@type\":\"Person\",\"@id\":\"https:\\\/\\\/casadecampoliving.com\\\/es\\\/#\\\/schema\\\/person\\\/0d45cfc6e376a2f15ac9a92421bd4451\",\"name\":\"Felix Guerrero\",\"image\":{\"@type\":\"ImageObject\",\"inLanguage\":\"es\",\"@id\":\"https:\\\/\\\/secure.gravatar.com\\\/avatar\\\/14a8050b9491854cab6ae2240dcb42ad0fad787b7fa453ad0991fd1262157df3?s=96&d=mm&r=g\",\"url\":\"https:\\\/\\\/secure.gravatar.com\\\/avatar\\\/14a8050b9491854cab6ae2240dcb42ad0fad787b7fa453ad0991fd1262157df3?s=96&d=mm&r=g\",\"contentUrl\":\"https:\\\/\\\/secure.gravatar.com\\\/avatar\\\/14a8050b9491854cab6ae2240dcb42ad0fad787b7fa453ad0991fd1262157df3?s=96&d=mm&r=g\",\"caption\":\"Felix Guerrero\"},\"url\":\"https:\\\/\\\/casadecampoliving.com\\\/es\\\/author\\\/fguerrero\\\/\"}]}<\/script>\n<!-- \/ Yoast SEO plugin. -->","yoast_head_json":{"title":"Esta Semana en la Rep\u00fablica Dominicana: inversi\u00f3n en la frontera e incremento en importaciones | Casa de Campo Living","description":"A menos que sea la madre de&nbsp;Jake Gyllenhaal la pel\u00edcula&nbsp;\u201cChico de la Burbuja\u201d, sabe que no es bueno vivir en una (para los&nbsp;que necesiten","robots":{"index":"index","follow":"follow","max-snippet":"max-snippet:-1","max-image-preview":"max-image-preview:large","max-video-preview":"max-video-preview:-1"},"canonical":"https:\/\/casadecampoliving.com\/es\/esta-semana-republica-dominicana-7-3-15\/","og_locale":"es_ES","og_type":"article","og_title":"Esta Semana en la Rep\u00fablica Dominicana: inversi\u00f3n en la frontera e incremento en importaciones | Casa de Campo Living","og_description":"A menos que sea la madre de&nbsp;Jake Gyllenhaal la pel\u00edcula&nbsp;\u201cChico de la Burbuja\u201d, sabe que no es bueno vivir en una (para los&nbsp;que necesiten","og_url":"https:\/\/casadecampoliving.com\/es\/esta-semana-republica-dominicana-7-3-15\/","og_site_name":"Casa de Campo Living","article_publisher":"https:\/\/www.facebook.com\/casadecampoliving","article_published_time":"2015-07-04T04:00:00+00:00","article_modified_time":"2022-10-21T22:56:51+00:00","og_image":[{"width":650,"height":400,"url":"https:\/\/i0.wp.com\/casadecampoliving.com\/wp-content\/uploads\/2022\/10\/CCLThisWeekinDRV2-1.jpg?fit=650%2C400&ssl=1","type":"image\/jpeg"}],"author":"Felix Guerrero","twitter_card":"summary_large_image","twitter_creator":"@cdcliving","twitter_site":"@cdcliving","twitter_misc":{"Escrito por":"Felix Guerrero","Tiempo de lectura":"3 minutos"},"schema":{"@context":"https:\/\/schema.org","@graph":[{"@type":"Article","@id":"https:\/\/casadecampoliving.com\/es\/esta-semana-republica-dominicana-7-3-15\/#article","isPartOf":{"@id":"https:\/\/casadecampoliving.com\/es\/esta-semana-republica-dominicana-7-3-15\/"},"author":{"name":"Felix Guerrero","@id":"https:\/\/casadecampoliving.com\/es\/#\/schema\/person\/0d45cfc6e376a2f15ac9a92421bd4451"},"headline":"Esta Semana en la Rep\u00fablica Dominicana: inversi\u00f3n en la frontera e incremento en importaciones","datePublished":"2015-07-04T04:00:00+00:00","dateModified":"2022-10-21T22:56:51+00:00","mainEntityOfPage":{"@id":"https:\/\/casadecampoliving.com\/es\/esta-semana-republica-dominicana-7-3-15\/"},"wordCount":709,"publisher":{"@id":"https:\/\/casadecampoliving.com\/es\/#organization"},"image":{"@id":"https:\/\/casadecampoliving.com\/es\/esta-semana-republica-dominicana-7-3-15\/#primaryimage"},"thumbnailUrl":"https:\/\/i0.wp.com\/casadecampoliving.com\/wp-content\/uploads\/2022\/10\/CCLThisWeekinDRV2-1.jpg?fit=650%2C400&ssl=1","keywords":["Esta Semana","haiti @es","Inversi\u00f3n","Republica Dominicana","santo domingo @es"],"articleSection":["businesses","Destacados","Estilo de Vida","M\u00e1s all\u00e1 de Casa","Noticias Locales","Rep\u00fablica Dominicana @es"],"inLanguage":"es"},{"@type":"WebPage","@id":"https:\/\/casadecampoliving.com\/es\/esta-semana-republica-dominicana-7-3-15\/","url":"https:\/\/casadecampoliving.com\/es\/esta-semana-republica-dominicana-7-3-15\/","name":"Esta Semana en la Rep\u00fablica Dominicana: inversi\u00f3n en la frontera e incremento en importaciones | Casa de Campo Living","isPartOf":{"@id":"https:\/\/casadecampoliving.com\/es\/#website"},"primaryImageOfPage":{"@id":"https:\/\/casadecampoliving.com\/es\/esta-semana-republica-dominicana-7-3-15\/#primaryimage"},"image":{"@id":"https:\/\/casadecampoliving.com\/es\/esta-semana-republica-dominicana-7-3-15\/#primaryimage"},"thumbnailUrl":"https:\/\/i0.wp.com\/casadecampoliving.com\/wp-content\/uploads\/2022\/10\/CCLThisWeekinDRV2-1.jpg?fit=650%2C400&ssl=1","datePublished":"2015-07-04T04:00:00+00:00","dateModified":"2022-10-21T22:56:51+00:00","description":"A menos que sea la madre de&nbsp;Jake Gyllenhaal la pel\u00edcula&nbsp;\u201cChico de la Burbuja\u201d, sabe que no es bueno vivir en una (para los&nbsp;que necesiten","breadcrumb":{"@id":"https:\/\/casadecampoliving.com\/es\/esta-semana-republica-dominicana-7-3-15\/#breadcrumb"},"inLanguage":"es","potentialAction":[{"@type":"ReadAction","target":["https:\/\/casadecampoliving.com\/es\/esta-semana-republica-dominicana-7-3-15\/"]}]},{"@type":"ImageObject","inLanguage":"es","@id":"https:\/\/casadecampoliving.com\/es\/esta-semana-republica-dominicana-7-3-15\/#primaryimage","url":"https:\/\/i0.wp.com\/casadecampoliving.com\/wp-content\/uploads\/2022\/10\/CCLThisWeekinDRV2-1.jpg?fit=650%2C400&ssl=1","contentUrl":"https:\/\/i0.wp.com\/casadecampoliving.com\/wp-content\/uploads\/2022\/10\/CCLThisWeekinDRV2-1.jpg?fit=650%2C400&ssl=1","width":650,"height":400},{"@type":"BreadcrumbList","@id":"https:\/\/casadecampoliving.com\/es\/esta-semana-republica-dominicana-7-3-15\/#breadcrumb","itemListElement":[{"@type":"ListItem","position":1,"name":"Home","item":"https:\/\/casadecampoliving.com\/es\/"},{"@type":"ListItem","position":2,"name":"Esta Semana en la Rep\u00fablica Dominicana: inversi\u00f3n en la frontera e incremento en importaciones"}]},{"@type":"WebSite","@id":"https:\/\/casadecampoliving.com\/es\/#website","url":"https:\/\/casadecampoliving.com\/es\/","name":"Casa de Campo Living","description":"Resort community news and resources.","publisher":{"@id":"https:\/\/casadecampoliving.com\/es\/#organization"},"potentialAction":[{"@type":"SearchAction","target":{"@type":"EntryPoint","urlTemplate":"https:\/\/casadecampoliving.com\/es\/?s={search_term_string}"},"query-input":{"@type":"PropertyValueSpecification","valueRequired":true,"valueName":"search_term_string"}}],"inLanguage":"es"},{"@type":"Organization","@id":"https:\/\/casadecampoliving.com\/es\/#organization","name":"Casa de Campo Living","url":"https:\/\/casadecampoliving.com\/es\/","logo":{"@type":"ImageObject","inLanguage":"es","@id":"https:\/\/casadecampoliving.com\/es\/#\/schema\/logo\/image\/","url":"https:\/\/i0.wp.com\/casadecampoliving.com\/wp-content\/uploads\/2022\/07\/CDCLivingLogo_V1-white-sized.png?fit=800%2C214&ssl=1","contentUrl":"https:\/\/i0.wp.com\/casadecampoliving.com\/wp-content\/uploads\/2022\/07\/CDCLivingLogo_V1-white-sized.png?fit=800%2C214&ssl=1","width":800,"height":214,"caption":"Casa de Campo Living"},"image":{"@id":"https:\/\/casadecampoliving.com\/es\/#\/schema\/logo\/image\/"},"sameAs":["https:\/\/www.facebook.com\/casadecampoliving","https:\/\/x.com\/cdcliving"]},{"@type":"Person","@id":"https:\/\/casadecampoliving.com\/es\/#\/schema\/person\/0d45cfc6e376a2f15ac9a92421bd4451","name":"Felix Guerrero","image":{"@type":"ImageObject","inLanguage":"es","@id":"https:\/\/secure.gravatar.com\/avatar\/14a8050b9491854cab6ae2240dcb42ad0fad787b7fa453ad0991fd1262157df3?s=96&d=mm&r=g","url":"https:\/\/secure.gravatar.com\/avatar\/14a8050b9491854cab6ae2240dcb42ad0fad787b7fa453ad0991fd1262157df3?s=96&d=mm&r=g","contentUrl":"https:\/\/secure.gravatar.com\/avatar\/14a8050b9491854cab6ae2240dcb42ad0fad787b7fa453ad0991fd1262157df3?s=96&d=mm&r=g","caption":"Felix Guerrero"},"url":"https:\/\/casadecampoliving.com\/es\/author\/fguerrero\/"}]}},"parsely":{"version":"1.1.0","canonical_url":"https:\/\/casadecampoliving.com\/es\/esta-semana-republica-dominicana-7-3-15\/","smart_links":{"inbound":0,"outbound":0},"traffic_boost_suggestions_count":0,"meta":{"@context":"https:\/\/schema.org","@type":"NewsArticle","headline":"Esta Semana en la Rep\u00fablica Dominicana: inversi\u00f3n en la frontera e incremento en importaciones","url":"http:\/\/casadecampoliving.com\/es\/esta-semana-republica-dominicana-7-3-15\/","mainEntityOfPage":{"@type":"WebPage","@id":"http:\/\/casadecampoliving.com\/es\/esta-semana-republica-dominicana-7-3-15\/"},"thumbnailUrl":"https:\/\/i0.wp.com\/casadecampoliving.com\/wp-content\/uploads\/2022\/10\/CCLThisWeekinDRV2-1.jpg?resize=150%2C150&ssl=1","image":{"@type":"ImageObject","url":"https:\/\/i0.wp.com\/casadecampoliving.com\/wp-content\/uploads\/2022\/10\/CCLThisWeekinDRV2-1.jpg?fit=650%2C400&ssl=1"},"articleSection":"businesses","author":[{"@type":"Person","name":"Felix Guerrero"}],"creator":["Felix Guerrero"],"publisher":{"@type":"Organization","name":"Casa de Campo Living","logo":"https:\/\/casadecampoliving.com\/wp-content\/uploads\/2022\/07\/CDCLivingLogo_V1-white-sized.png"},"keywords":["esta semana","haiti @es","inversi\u00f3n","republica dominicana","santo domingo @es"],"dateCreated":"2015-07-04T04:00:00Z","datePublished":"2015-07-04T04:00:00Z","dateModified":"2022-10-21T22:56:51Z"},"rendered":"<script type=\"application\/ld+json\" class=\"wp-parsely-metadata\">{\"@context\":\"https:\\\/\\\/schema.org\",\"@type\":\"NewsArticle\",\"headline\":\"Esta Semana en la Rep\\u00fablica Dominicana: inversi\\u00f3n en la frontera e incremento en importaciones\",\"url\":\"http:\\\/\\\/casadecampoliving.com\\\/es\\\/esta-semana-republica-dominicana-7-3-15\\\/\",\"mainEntityOfPage\":{\"@type\":\"WebPage\",\"@id\":\"http:\\\/\\\/casadecampoliving.com\\\/es\\\/esta-semana-republica-dominicana-7-3-15\\\/\"},\"thumbnailUrl\":\"https:\\\/\\\/i0.wp.com\\\/casadecampoliving.com\\\/wp-content\\\/uploads\\\/2022\\\/10\\\/CCLThisWeekinDRV2-1.jpg?resize=150%2C150&ssl=1\",\"image\":{\"@type\":\"ImageObject\",\"url\":\"https:\\\/\\\/i0.wp.com\\\/casadecampoliving.com\\\/wp-content\\\/uploads\\\/2022\\\/10\\\/CCLThisWeekinDRV2-1.jpg?fit=650%2C400&ssl=1\"},\"articleSection\":\"businesses\",\"author\":[{\"@type\":\"Person\",\"name\":\"Felix Guerrero\"}],\"creator\":[\"Felix Guerrero\"],\"publisher\":{\"@type\":\"Organization\",\"name\":\"Casa de Campo Living\",\"logo\":\"https:\\\/\\\/casadecampoliving.com\\\/wp-content\\\/uploads\\\/2022\\\/07\\\/CDCLivingLogo_V1-white-sized.png\"},\"keywords\":[\"esta semana\",\"haiti @es\",\"inversi\\u00f3n\",\"republica dominicana\",\"santo domingo @es\"],\"dateCreated\":\"2015-07-04T04:00:00Z\",\"datePublished\":\"2015-07-04T04:00:00Z\",\"dateModified\":\"2022-10-21T22:56:51Z\"}<\/script>","tracker_url":"https:\/\/cdn.parsely.com\/keys\/casadecampoliving.com\/p.js"},"jetpack_publicize_connections":[],"jetpack_featured_media_url":"https:\/\/i0.wp.com\/casadecampoliving.com\/wp-content\/uploads\/2022\/10\/CCLThisWeekinDRV2-1.jpg?fit=650%2C400&ssl=1","jetpack-related-posts":[{"id":433460,"url":"https:\/\/casadecampoliving.com\/es\/no-se-pierdan-el-increible-tributo-a-frank-sinatra-para-celebrar-el-40-aniversario-del-anfiteatro-altos-de-chavon\/","url_meta":{"origin":347680,"position":0},"title":"No se pierdan el incre\u00edble tributo a Frank Sinatra para celebrar el 40 aniversario del\u00a0Anfiteatro Altos de Chav\u00f3n","author":"Casa de Campo Living","date":"20 Oct, 2022","format":false,"excerpt":"Siendo uno de los escenarios m\u00e1s emblem\u00e1ticos del pa\u00eds, Casa de Campo Resort\u00ae & Villas celebra las cuatro d\u00e9cadas de aniversario de Altos de Chav\u00f3n con un tributo al gran Frank Sinatra, protagonizado por artistas invitados y una big band tal cual la que acompa\u00f1\u00f3 al artista hace 40 a\u00f1os\u2026","rel":"","context":"En \u00abUncategorized @es\u00bb","block_context":{"text":"Uncategorized @es","link":"https:\/\/casadecampoliving.com\/es\/category\/uncategorized-es\/"},"img":{"alt_text":"","src":"https:\/\/i0.wp.com\/casadecampoliving.com\/wp-content\/uploads\/2022\/10\/Tributo-Frank-Sinatra-Foto-Principal-Amaury-Sanchez-Danilo-Ginebra-Andres-Pichardo-y-Jose-Gabriel-Perez-.jpg?fit=1200%2C873&ssl=1&resize=350%2C200","width":350,"height":200,"srcset":"https:\/\/i0.wp.com\/casadecampoliving.com\/wp-content\/uploads\/2022\/10\/Tributo-Frank-Sinatra-Foto-Principal-Amaury-Sanchez-Danilo-Ginebra-Andres-Pichardo-y-Jose-Gabriel-Perez-.jpg?fit=1200%2C873&ssl=1&resize=350%2C200 1x, https:\/\/i0.wp.com\/casadecampoliving.com\/wp-content\/uploads\/2022\/10\/Tributo-Frank-Sinatra-Foto-Principal-Amaury-Sanchez-Danilo-Ginebra-Andres-Pichardo-y-Jose-Gabriel-Perez-.jpg?fit=1200%2C873&ssl=1&resize=525%2C300 1.5x, https:\/\/i0.wp.com\/casadecampoliving.com\/wp-content\/uploads\/2022\/10\/Tributo-Frank-Sinatra-Foto-Principal-Amaury-Sanchez-Danilo-Ginebra-Andres-Pichardo-y-Jose-Gabriel-Perez-.jpg?fit=1200%2C873&ssl=1&resize=700%2C400 2x, https:\/\/i0.wp.com\/casadecampoliving.com\/wp-content\/uploads\/2022\/10\/Tributo-Frank-Sinatra-Foto-Principal-Amaury-Sanchez-Danilo-Ginebra-Andres-Pichardo-y-Jose-Gabriel-Perez-.jpg?fit=1200%2C873&ssl=1&resize=1050%2C600 3x"},"classes":[]},{"id":343920,"url":"https:\/\/casadecampoliving.com\/es\/esta-semana-en-la-republica-dominicana-rolando-gonzalez\/","url_meta":{"origin":347680,"position":1},"title":"Esta Semana en la Rep\u00fablica Dominicana: Rolando Gonzalez-Bunster empieza la construcci\u00f3n de una nueva estaci\u00f3n de gas natural","author":"Perkin Agramonte","date":"21 Feb, 2014","format":false,"excerpt":"En la presente entrega de \u201cesta Semana en la Rep\u00fablica Dominicana\u201d aprenderemos acerca del nuevo proyecto de gas natural en San Pedro, la inauguraci\u00f3n de 13 nuevas escuelas esta semana y el proyecto de una granja en el area del Lago Enriquillo. Empiezan trabajos para terminal de gas natural en\u2026","rel":"","context":"En \u00abCasa de Campo Living @es\u00bb","block_context":{"text":"Casa de Campo Living @es","link":"https:\/\/casadecampoliving.com\/category\/casa-de-campo-living-es\/"},"img":{"alt_text":"rolando gonzalez bunster","src":"https:\/\/i0.wp.com\/casadecampoliving.com\/wp-content\/uploads\/2022\/10\/rolando_gonzalez_bunster-2.jpg?fit=650%2C366&ssl=1&resize=350%2C200","width":350,"height":200,"srcset":"https:\/\/i0.wp.com\/casadecampoliving.com\/wp-content\/uploads\/2022\/10\/rolando_gonzalez_bunster-2.jpg?fit=650%2C366&ssl=1&resize=350%2C200 1x, https:\/\/i0.wp.com\/casadecampoliving.com\/wp-content\/uploads\/2022\/10\/rolando_gonzalez_bunster-2.jpg?fit=650%2C366&ssl=1&resize=525%2C300 1.5x"},"classes":[]},{"id":347973,"url":"https:\/\/casadecampoliving.com\/es\/esta-semana-en-la-republica-dominicana-5\/","url_meta":{"origin":347680,"position":2},"title":"Esta Semana en la Rep\u00fablica Dominicana: Exportaciones crecen y RD gana medalla de oro ol\u00edmpica","author":"Felix Guerrero","date":"31 Jul, 2015","format":false,"excerpt":"\u00daltimo d\u00eda de Julio, y \u00faltimo d\u00eda de la semana. \u00a1Hora de darle la bienvenida al fin de semana! Termine su semana con nnuestro resumen semanal de las noticias m\u00e1s relevantes del pa\u00eds,\u00a0Esta Semana en la Rep\u00fablica Dominicana. Esta semana, la Rep\u00fablica Dominicana obtuvo otra medalla de oro ol\u00edmpica, al\u2026","rel":"","context":"En \u00abCasa de Campo Living @es\u00bb","block_context":{"text":"Casa de Campo Living @es","link":"https:\/\/casadecampoliving.com\/category\/casa-de-campo-living-es\/"},"img":{"alt_text":"","src":"https:\/\/i0.wp.com\/casadecampoliving.com\/wp-content\/uploads\/2022\/10\/CCLThisWeekinDRV1-31-7-15-1.jpg?fit=650%2C400&ssl=1&resize=350%2C200","width":350,"height":200,"srcset":"https:\/\/i0.wp.com\/casadecampoliving.com\/wp-content\/uploads\/2022\/10\/CCLThisWeekinDRV1-31-7-15-1.jpg?fit=650%2C400&ssl=1&resize=350%2C200 1x, https:\/\/i0.wp.com\/casadecampoliving.com\/wp-content\/uploads\/2022\/10\/CCLThisWeekinDRV1-31-7-15-1.jpg?fit=650%2C400&ssl=1&resize=525%2C300 1.5x"},"classes":[]},{"id":343678,"url":"https:\/\/casadecampoliving.com\/es\/esta-semana-en-la-republica-dominicana\/","url_meta":{"origin":347680,"position":3},"title":"Esta semana en la Rep\u00fablica Dominicana: Hait\u00ed, guineos, turismo y ballenas jorobadas","author":"Perkin Agramonte","date":"10 Ene, 2014","format":false,"excerpt":"Vivir y vacacionar en Casa de Campo es indiscutiblemente una experiencia celestial, sin embargo, \u00bfQue es lo que ocurre m\u00e1s all\u00e1 de nuestro peque\u00f1o para\u00edso? para aquellos interesados en noticias de actualidad en toda Rep\u00fablica Dominicana, les traemos una nueva columna de noticias semanal \u201cEsta semana en la Rep\u00fablica Dominicana\u201d,\u2026","rel":"","context":"En \u00abCasa de Campo Living @es\u00bb","block_context":{"text":"Casa de Campo Living @es","link":"https:\/\/casadecampoliving.com\/category\/casa-de-campo-living-es\/"},"img":{"alt_text":"bananas Dominican Republic","src":"https:\/\/i0.wp.com\/casadecampoliving.com\/wp-content\/uploads\/2022\/10\/bananas_dominican_republic1-1.jpeg?fit=650%2C432&ssl=1&resize=350%2C200","width":350,"height":200,"srcset":"https:\/\/i0.wp.com\/casadecampoliving.com\/wp-content\/uploads\/2022\/10\/bananas_dominican_republic1-1.jpeg?fit=650%2C432&ssl=1&resize=350%2C200 1x, https:\/\/i0.wp.com\/casadecampoliving.com\/wp-content\/uploads\/2022\/10\/bananas_dominican_republic1-1.jpeg?fit=650%2C432&ssl=1&resize=525%2C300 1.5x"},"classes":[]},{"id":348531,"url":"https:\/\/casadecampoliving.com\/es\/cala-filmado-en-casa-de-campo-saldra-al-aire-hoy-cnn\/","url_meta":{"origin":347680,"position":4},"title":"El programa Cala, filmado en Casa de Campo saldr\u00e1 al aire HOY en CNN","author":"Carla Campos","date":"2 Nov, 2015","format":false,"excerpt":"\u00bfRecuerdan que\u00a0hace unas semanas Ismael Cala, de CNN en Espa\u00f1ol, estuvo en\u00a0Casa de Campo\u00a0filmando\u00a0un especial para su programa, \u201cCala\u201d? Bueno, \u00a1aseg\u00farense de sintonizar CNN En Espa\u00f1ol esta noche a las 9pm\u00a0para ver el primer episodio\u00a0de la serie de shows! A partir de hoy, lunes, 2 de noviembre, Cala sacar\u00e1 al\u2026","rel":"","context":"En \u00abAltos de Chavon @es\u00bb","block_context":{"text":"Altos de Chavon @es","link":"https:\/\/casadecampoliving.com\/category\/altos-de-chavon-es\/"},"img":{"alt_text":"Cala Rep\u00fablica Dominicana","src":"https:\/\/i0.wp.com\/casadecampoliving.com\/wp-content\/uploads\/2022\/10\/Cala-Republica-Dominicana-1.jpg?fit=650%2C277&ssl=1&resize=350%2C200","width":350,"height":200,"srcset":"https:\/\/i0.wp.com\/casadecampoliving.com\/wp-content\/uploads\/2022\/10\/Cala-Republica-Dominicana-1.jpg?fit=650%2C277&ssl=1&resize=350%2C200 1x, https:\/\/i0.wp.com\/casadecampoliving.com\/wp-content\/uploads\/2022\/10\/Cala-Republica-Dominicana-1.jpg?fit=650%2C277&ssl=1&resize=525%2C300 1.5x"},"classes":[]},{"id":354067,"url":"https:\/\/casadecampoliving.com\/es\/luces-camara-accion-sandra-bullock-y-channing-tatum-han-comenzado-a-filmar-la-ciudad-perdida-de-d-en-republica-dominicana\/","url_meta":{"origin":347680,"position":5},"title":"\u00a1Luces, Camara, Acci\u00f3n! Sandra Bullock y Channing Tatum han comenzado a filmar \u00abLa ciudad perdida de D\u00bb en Rep\u00fablica Dominicana","author":"Casa de Campo Living","date":"27 May, 2021","format":false,"excerpt":"\u00a1Es oficial! \u00a1Sandra Bullock y Channing Tatum han comenzado a filmar \u201cLa ciudad perdida de D\u201d en la Rep\u00fablica Dominicana! Esta ma\u00f1ana el popular actor Channing Tatum public\u00f3 esta divertida imagen en su cuenta de Instagram mostr\u00e1ndonos un poco de lo que trata la pel\u00edcula. La pel\u00edcula est\u00e1 programada para\u2026","rel":"","context":"En \u00abCelebridades\u00bb","block_context":{"text":"Celebridades","link":"https:\/\/casadecampoliving.com\/es\/category\/celebridades-es\/"},"img":{"alt_text":"","src":"https:\/\/i0.wp.com\/casadecampoliving.com\/wp-content\/uploads\/2022\/10\/191685327_502611224487241_1690579736503327712_n-1.jpg?fit=1080%2C719&ssl=1&resize=350%2C200","width":350,"height":200,"srcset":"https:\/\/i0.wp.com\/casadecampoliving.com\/wp-content\/uploads\/2022\/10\/191685327_502611224487241_1690579736503327712_n-1.jpg?fit=1080%2C719&ssl=1&resize=350%2C200 1x, https:\/\/i0.wp.com\/casadecampoliving.com\/wp-content\/uploads\/2022\/10\/191685327_502611224487241_1690579736503327712_n-1.jpg?fit=1080%2C719&ssl=1&resize=525%2C300 1.5x, https:\/\/i0.wp.com\/casadecampoliving.com\/wp-content\/uploads\/2022\/10\/191685327_502611224487241_1690579736503327712_n-1.jpg?fit=1080%2C719&ssl=1&resize=700%2C400 2x, https:\/\/i0.wp.com\/casadecampoliving.com\/wp-content\/uploads\/2022\/10\/191685327_502611224487241_1690579736503327712_n-1.jpg?fit=1080%2C719&ssl=1&resize=1050%2C600 3x"},"classes":[]}],"jetpack_sharing_enabled":true,"_links":{"self":[{"href":"https:\/\/casadecampoliving.com\/es\/wp-json\/wp\/v2\/posts\/347680","targetHints":{"allow":["GET"]}}],"collection":[{"href":"https:\/\/casadecampoliving.com\/es\/wp-json\/wp\/v2\/posts"}],"about":[{"href":"https:\/\/casadecampoliving.com\/es\/wp-json\/wp\/v2\/types\/post"}],"author":[{"embeddable":true,"href":"https:\/\/casadecampoliving.com\/es\/wp-json\/wp\/v2\/users\/34707"}],"replies":[{"embeddable":true,"href":"https:\/\/casadecampoliving.com\/es\/wp-json\/wp\/v2\/comments?post=347680"}],"version-history":[{"count":1,"href":"https:\/\/casadecampoliving.com\/es\/wp-json\/wp\/v2\/posts\/347680\/revisions"}],"predecessor-version":[{"id":347683,"href":"https:\/\/casadecampoliving.com\/es\/wp-json\/wp\/v2\/posts\/347680\/revisions\/347683"}],"wp:featuredmedia":[{"embeddable":true,"href":"https:\/\/casadecampoliving.com\/es\/wp-json\/wp\/v2\/media\/276560"}],"wp:attachment":[{"href":"https:\/\/casadecampoliving.com\/es\/wp-json\/wp\/v2\/media?parent=347680"}],"wp:term":[{"taxonomy":"category","embeddable":true,"href":"https:\/\/casadecampoliving.com\/es\/wp-json\/wp\/v2\/categories?post=347680"},{"taxonomy":"post_tag","embeddable":true,"href":"https:\/\/casadecampoliving.com\/es\/wp-json\/wp\/v2\/tags?post=347680"},{"taxonomy":"newspack_spnsrs_tax","embeddable":true,"href":"https:\/\/casadecampoliving.com\/es\/wp-json\/wp\/v2\/newspack_spnsrs_tax?post=347680"}],"curies":[{"name":"wp","href":"https:\/\/api.w.org\/{rel}","templated":true}]}}