{"id":347662,"date":"2015-07-11T00:00:00","date_gmt":"2015-07-11T04:00:00","guid":{"rendered":"https:\/\/casadecampoliving.com\/guarde-la-fecha-para-el-proximo-atardecer-con-sabor-a-musica\/"},"modified":"2022-10-21T18:56:05","modified_gmt":"2022-10-21T22:56:05","slug":"guarde-la-fecha-para-el-proximo-atardecer-con-sabor-a-musica","status":"publish","type":"post","link":"https:\/\/casadecampoliving.com\/es\/guarde-la-fecha-para-el-proximo-atardecer-con-sabor-a-musica\/","title":{"rendered":"Guarde la fecha para el pr\u00f3ximo Atardecer con Sabor a M\u00fasica"},"content":{"rendered":"<div class=\"wp-block-image\">\n<figure class=\"aligncenter is-resized\"><img loading=\"lazy\" decoding=\"async\" src=\"https:\/\/i0.wp.com\/casadecampoliving.com\/wp-content\/uploads\/2022\/10\/Sunset_Jazz_Night_2-2.jpg?resize=650%2C400&amp;ssl=1\" alt=\"Sunset_Jazz_Night_2\" class=\"wp-image-112448\" height=\"400\" width=\"650\"\/><\/figure>\n<\/div>\n\n\n<p>Luego del gran \u00e9xito de la m\u00e1s reciente celebraci\u00f3n del Atardecer con Sabor a M\u00fasica en Azimut Caf\u00e9, que aloj\u00f3 <a href=\"https:\/\/casadecampoliving.com\/es\/el-pasado-jueves-2-de-abril-iniciamos-la-semana-santa\/\">la pre-celebraci\u00f3n de las finales de la Casa de Campo Copa Semana Santa y tuvo como invitado especial a Andrea Bocelli<\/a>\u2026 nos acercamos al pr\u00f3ximo Atardecer con Sabor a M\u00fasica, el cual est\u00e1 programado para el&nbsp;viernes 14 de agosto.<\/p>\n\n\n\n<!--more-->\n\n\n<div class=\"wp-block-image\">\n<figure class=\"alignright is-resized\"><img loading=\"lazy\" decoding=\"async\" src=\"https:\/\/i0.wp.com\/casadecampoliving.com\/wp-content\/uploads\/2022\/10\/Sunset_Jazz_6.jpg?resize=234%2C420&amp;ssl=1\" alt=\"Sunset_Jazz_6\" class=\"wp-image-110635\" height=\"420\" width=\"234\"\/><\/figure>\n<\/div>\n\n\n<p>Los Atardeceres con Sabor a M\u00fasica, regularmente son organizados&nbsp;en el Azimut Caf\u00e9 en La Marina Casa de Campo por Mauro Caslini, Presidente y Director General de IB Nautica y su hija Alice Caslini de Moriconi, propietaria y Directora de Ventas y Marketing de IBI Yates. Este d\u00fao din\u00e1mico le invita a pasar una hermosa noche bajo las estrellas a la orilla del mar disfrutando de un concierto de jazz en vivo, con algunos de los mejores m\u00fasicos de jazz en la Rep\u00fablica Dominicana.<\/p>\n\n\n\n<p>Este es el momento de sacar sus agendas y anotar la fecha para el pr\u00f3ximo Atardecer con Sabor a M\u00fasica en Azimut Caf\u00e9 el viernes 14 de agosto, pero eso no es todo para ese fin de semana, porque al otro d\u00eda, <a href=\"https:\/\/casadecampoliving.com\/es\/anote-la-fecha-para-el-fin-de-semana-familiar-fundacion-mir\/\">s\u00e1bado 15 de agosto las celebraciones contin\u00faan dentro del resort Casa de Campo con el Fundaci\u00f3n MIR Family Weekend.<\/a><\/p>\n\n\n\n<p>Entonces, \u00bfqu\u00e9 podemos esperar? Una noche festiva, en la hermosa Marina Casa de Campo, con Jazz, champa\u00f1a y amistades, seguido de un d\u00eda lleno de diversi\u00f3n y generosidad en el resort Casa de Campo.<\/p>\n\n\n<div class=\"wp-block-image\">\n<figure class=\"aligncenter is-resized\"><img loading=\"lazy\" decoding=\"async\" src=\"https:\/\/i0.wp.com\/casadecampoliving.com\/wp-content\/uploads\/2022\/10\/Sunset-Jazz-Night-3-1024x683-2.jpg?resize=650%2C434&amp;ssl=1\" alt=\"Sunset Jazz Night\u00a0 3\" class=\"wp-image-112212\" height=\"434\" width=\"650\"\/><\/figure>\n<\/div>\n\n\n<blockquote class=\"wp-block-quote is-layout-flow wp-block-quote-is-layout-flow\"><p><span style=\"text-decoration: underline;\"><strong>Atardecer con Sabor a M\u00fasica en&nbsp;Azimut Caf\u00e9<\/strong><\/span><\/p><p><strong>Fecha: <\/strong>Viernes 14 de agosto, 6pm-9pm<\/p><p><strong>Lugar:<\/strong>&nbsp;Azimut Caf\u00e9, Paseo del Mar, Marina Casa de Campo<\/p><p><strong>Contacto: <\/strong>(<u>809)&nbsp;523 \u2013 2224<\/u><\/p><p>Para un calendario completo de actividades y eventos visite:<a href=\"http:\/\/todo.fm\/\"> www.TODO.fm&nbsp;<\/a><\/p><\/blockquote>\n","protected":false},"excerpt":{"rendered":"<p>Luego del gran \u00e9xito de la m\u00e1s reciente celebraci\u00f3n del Atardecer con Sabor a M\u00fasica en Azimut Caf\u00e9, que aloj\u00f3 la pre-celebraci\u00f3n de las finales de la Casa de Campo Copa Semana Santa y tuvo como invitado especial a Andrea Bocelli\u2026 nos acercamos al pr\u00f3ximo Atardecer con Sabor a M\u00fasica, el cual est\u00e1 programado para [&hellip;]<\/p>\n","protected":false},"author":1097,"featured_media":276194,"comment_status":"closed","ping_status":"closed","sticky":false,"template":"","format":"standard","meta":{"newspack_ads_suppress_ads":false,"newspack_popups_has_disabled_popups":false,"newspack_sponsor_sponsorship_scope":"","newspack_sponsor_native_byline_display":"inherit","newspack_sponsor_native_category_display":"inherit","newspack_sponsor_underwriter_style":"inherit","newspack_sponsor_underwriter_placement":"inherit","_newspack_byline_active":false,"_newspack_byline":"","newspack_hide_updated_date":false,"newspack_show_updated_date":false,"newspack_content_restriction_is_exempt":false,"newspack_featured_image_position":"","newspack_post_subtitle":"","newspack_article_summary_title":"Overview:","newspack_article_summary":"","_jetpack_memberships_contains_paid_content":false,"footnotes":"","jetpack_publicize_message":"","jetpack_publicize_feature_enabled":true,"jetpack_social_post_already_shared":false,"jetpack_social_options":{"image_generator_settings":{"template":"highway","default_image_id":0,"font":"","enabled":false},"version":2},"_wpas_customize_per_network":false},"categories":[26936,26951,2524,14631,2522,26581,14625,14627,2521,26822],"tags":[4680,3626,8094,24387,6371,3663],"newspack_spnsrs_tax":[],"class_list":["post-347662","post","type-post","status-publish","format-standard","has-post-thumbnail","hentry","category-casa-de-campo-living-es","category-ccl-presenta","category-destacados","category-estilo-de-vida","category-eventos-es","category-la-marina-casa-de-campo","category-noticias-locales","category-proximamente","category-republica-dominicana-2","category-resort-casa-de-campo","tag-atardecer-con-sabor-a-musica","tag-casa-de-campo-es","tag-casa-de-campo-community-es","tag-casa-de-campo-living-es","tag-casa-de-campo-resort-es","tag-la-marina-casa-de-campo-es-2","entry"],"yoast_head":"<!-- This site is optimized with the Yoast SEO plugin v27.5 - https:\/\/yoast.com\/product\/yoast-seo-wordpress\/ -->\n<title>Guarde la fecha para el pr\u00f3ximo Atardecer con Sabor a M\u00fasica | Casa de Campo Living<\/title>\n<meta name=\"description\" content=\"Luego del gran \u00e9xito de la m\u00e1s reciente celebraci\u00f3n del Atardecer con Sabor a M\u00fasica en Azimut Caf\u00e9, que aloj\u00f3 la pre-celebraci\u00f3n de las finales de la\" \/>\n<meta name=\"robots\" content=\"index, follow, max-snippet:-1, max-image-preview:large, max-video-preview:-1\" \/>\n<link rel=\"canonical\" href=\"https:\/\/casadecampoliving.com\/es\/guarde-la-fecha-para-el-proximo-atardecer-con-sabor-a-musica\/\" \/>\n<meta property=\"og:locale\" content=\"es_ES\" \/>\n<meta property=\"og:type\" content=\"article\" \/>\n<meta property=\"og:title\" content=\"Guarde la fecha para el pr\u00f3ximo Atardecer con Sabor a M\u00fasica | Casa de Campo Living\" \/>\n<meta property=\"og:description\" content=\"Luego del gran \u00e9xito de la m\u00e1s reciente celebraci\u00f3n del Atardecer con Sabor a M\u00fasica en Azimut Caf\u00e9, que aloj\u00f3 la pre-celebraci\u00f3n de las finales de la\" \/>\n<meta property=\"og:url\" content=\"https:\/\/casadecampoliving.com\/es\/guarde-la-fecha-para-el-proximo-atardecer-con-sabor-a-musica\/\" \/>\n<meta property=\"og:site_name\" content=\"Casa de Campo Living\" \/>\n<meta property=\"article:publisher\" content=\"https:\/\/www.facebook.com\/casadecampoliving\" \/>\n<meta property=\"article:published_time\" content=\"2015-07-11T04:00:00+00:00\" \/>\n<meta property=\"article:modified_time\" content=\"2022-10-21T22:56:05+00:00\" \/>\n<meta property=\"og:image\" content=\"https:\/\/i0.wp.com\/casadecampoliving.com\/wp-content\/uploads\/2022\/10\/Sunset_Jazz_Night_1-2.jpg?fit=650%2C400&ssl=1\" \/>\n\t<meta property=\"og:image:width\" content=\"650\" \/>\n\t<meta property=\"og:image:height\" content=\"400\" \/>\n\t<meta property=\"og:image:type\" content=\"image\/jpeg\" \/>\n<meta name=\"author\" content=\"Perkin Agramonte\" \/>\n<meta name=\"twitter:card\" content=\"summary_large_image\" \/>\n<meta name=\"twitter:creator\" content=\"@cdcliving\" \/>\n<meta name=\"twitter:site\" content=\"@cdcliving\" \/>\n<meta name=\"twitter:label1\" content=\"Escrito por\" \/>\n\t<meta name=\"twitter:data1\" content=\"Perkin Agramonte\" \/>\n\t<meta name=\"twitter:label2\" content=\"Tiempo de lectura\" \/>\n\t<meta name=\"twitter:data2\" content=\"1 minuto\" \/>\n<script type=\"application\/ld+json\" class=\"yoast-schema-graph\">{\"@context\":\"https:\\\/\\\/schema.org\",\"@graph\":[{\"@type\":\"Article\",\"@id\":\"https:\\\/\\\/casadecampoliving.com\\\/es\\\/guarde-la-fecha-para-el-proximo-atardecer-con-sabor-a-musica\\\/#article\",\"isPartOf\":{\"@id\":\"https:\\\/\\\/casadecampoliving.com\\\/es\\\/guarde-la-fecha-para-el-proximo-atardecer-con-sabor-a-musica\\\/\"},\"author\":{\"name\":\"Perkin Agramonte\",\"@id\":\"https:\\\/\\\/casadecampoliving.com\\\/es\\\/#\\\/schema\\\/person\\\/c8efa6049510554b7d5fea078d728f72\"},\"headline\":\"Guarde la fecha para el pr\u00f3ximo Atardecer con Sabor a M\u00fasica\",\"datePublished\":\"2015-07-11T04:00:00+00:00\",\"dateModified\":\"2022-10-21T22:56:05+00:00\",\"mainEntityOfPage\":{\"@id\":\"https:\\\/\\\/casadecampoliving.com\\\/es\\\/guarde-la-fecha-para-el-proximo-atardecer-con-sabor-a-musica\\\/\"},\"wordCount\":313,\"publisher\":{\"@id\":\"https:\\\/\\\/casadecampoliving.com\\\/es\\\/#organization\"},\"image\":{\"@id\":\"https:\\\/\\\/casadecampoliving.com\\\/es\\\/guarde-la-fecha-para-el-proximo-atardecer-con-sabor-a-musica\\\/#primaryimage\"},\"thumbnailUrl\":\"https:\\\/\\\/i0.wp.com\\\/casadecampoliving.com\\\/wp-content\\\/uploads\\\/2022\\\/10\\\/Sunset_Jazz_Night_1-2.jpg?fit=650%2C400&ssl=1\",\"keywords\":[\"atardecer con sabor a musica\",\"casa de campo @es\",\"Casa de Campo Community @es\",\"Casa de Campo Living\",\"casa de campo resort @es\",\"la marina casa de campo @es\"],\"articleSection\":[\"Casa de Campo Living @es\",\"CCL presenta\",\"Destacados\",\"Estilo de Vida\",\"Eventos\",\"La Marina Casa de Campo\",\"Noticias Locales\",\"Proximamente\",\"Rep\u00fablica Dominicana @es\",\"Resort Casa de Campo\"],\"inLanguage\":\"es\"},{\"@type\":\"WebPage\",\"@id\":\"https:\\\/\\\/casadecampoliving.com\\\/es\\\/guarde-la-fecha-para-el-proximo-atardecer-con-sabor-a-musica\\\/\",\"url\":\"https:\\\/\\\/casadecampoliving.com\\\/es\\\/guarde-la-fecha-para-el-proximo-atardecer-con-sabor-a-musica\\\/\",\"name\":\"Guarde la fecha para el pr\u00f3ximo Atardecer con Sabor a M\u00fasica | Casa de Campo Living\",\"isPartOf\":{\"@id\":\"https:\\\/\\\/casadecampoliving.com\\\/es\\\/#website\"},\"primaryImageOfPage\":{\"@id\":\"https:\\\/\\\/casadecampoliving.com\\\/es\\\/guarde-la-fecha-para-el-proximo-atardecer-con-sabor-a-musica\\\/#primaryimage\"},\"image\":{\"@id\":\"https:\\\/\\\/casadecampoliving.com\\\/es\\\/guarde-la-fecha-para-el-proximo-atardecer-con-sabor-a-musica\\\/#primaryimage\"},\"thumbnailUrl\":\"https:\\\/\\\/i0.wp.com\\\/casadecampoliving.com\\\/wp-content\\\/uploads\\\/2022\\\/10\\\/Sunset_Jazz_Night_1-2.jpg?fit=650%2C400&ssl=1\",\"datePublished\":\"2015-07-11T04:00:00+00:00\",\"dateModified\":\"2022-10-21T22:56:05+00:00\",\"description\":\"Luego del gran \u00e9xito de la m\u00e1s reciente celebraci\u00f3n del Atardecer con Sabor a M\u00fasica en Azimut Caf\u00e9, que aloj\u00f3 la pre-celebraci\u00f3n de las finales de la\",\"breadcrumb\":{\"@id\":\"https:\\\/\\\/casadecampoliving.com\\\/es\\\/guarde-la-fecha-para-el-proximo-atardecer-con-sabor-a-musica\\\/#breadcrumb\"},\"inLanguage\":\"es\",\"potentialAction\":[{\"@type\":\"ReadAction\",\"target\":[\"https:\\\/\\\/casadecampoliving.com\\\/es\\\/guarde-la-fecha-para-el-proximo-atardecer-con-sabor-a-musica\\\/\"]}]},{\"@type\":\"ImageObject\",\"inLanguage\":\"es\",\"@id\":\"https:\\\/\\\/casadecampoliving.com\\\/es\\\/guarde-la-fecha-para-el-proximo-atardecer-con-sabor-a-musica\\\/#primaryimage\",\"url\":\"https:\\\/\\\/i0.wp.com\\\/casadecampoliving.com\\\/wp-content\\\/uploads\\\/2022\\\/10\\\/Sunset_Jazz_Night_1-2.jpg?fit=650%2C400&ssl=1\",\"contentUrl\":\"https:\\\/\\\/i0.wp.com\\\/casadecampoliving.com\\\/wp-content\\\/uploads\\\/2022\\\/10\\\/Sunset_Jazz_Night_1-2.jpg?fit=650%2C400&ssl=1\",\"width\":650,\"height\":400},{\"@type\":\"BreadcrumbList\",\"@id\":\"https:\\\/\\\/casadecampoliving.com\\\/es\\\/guarde-la-fecha-para-el-proximo-atardecer-con-sabor-a-musica\\\/#breadcrumb\",\"itemListElement\":[{\"@type\":\"ListItem\",\"position\":1,\"name\":\"Home\",\"item\":\"https:\\\/\\\/casadecampoliving.com\\\/es\\\/\"},{\"@type\":\"ListItem\",\"position\":2,\"name\":\"Guarde la fecha para el pr\u00f3ximo Atardecer con Sabor a M\u00fasica\"}]},{\"@type\":\"WebSite\",\"@id\":\"https:\\\/\\\/casadecampoliving.com\\\/es\\\/#website\",\"url\":\"https:\\\/\\\/casadecampoliving.com\\\/es\\\/\",\"name\":\"Casa de Campo Living\",\"description\":\"Resort community news and resources.\",\"publisher\":{\"@id\":\"https:\\\/\\\/casadecampoliving.com\\\/es\\\/#organization\"},\"potentialAction\":[{\"@type\":\"SearchAction\",\"target\":{\"@type\":\"EntryPoint\",\"urlTemplate\":\"https:\\\/\\\/casadecampoliving.com\\\/es\\\/?s={search_term_string}\"},\"query-input\":{\"@type\":\"PropertyValueSpecification\",\"valueRequired\":true,\"valueName\":\"search_term_string\"}}],\"inLanguage\":\"es\"},{\"@type\":\"Organization\",\"@id\":\"https:\\\/\\\/casadecampoliving.com\\\/es\\\/#organization\",\"name\":\"Casa de Campo Living\",\"url\":\"https:\\\/\\\/casadecampoliving.com\\\/es\\\/\",\"logo\":{\"@type\":\"ImageObject\",\"inLanguage\":\"es\",\"@id\":\"https:\\\/\\\/casadecampoliving.com\\\/es\\\/#\\\/schema\\\/logo\\\/image\\\/\",\"url\":\"https:\\\/\\\/i0.wp.com\\\/casadecampoliving.com\\\/wp-content\\\/uploads\\\/2022\\\/07\\\/CDCLivingLogo_V1-white-sized.png?fit=800%2C214&ssl=1\",\"contentUrl\":\"https:\\\/\\\/i0.wp.com\\\/casadecampoliving.com\\\/wp-content\\\/uploads\\\/2022\\\/07\\\/CDCLivingLogo_V1-white-sized.png?fit=800%2C214&ssl=1\",\"width\":800,\"height\":214,\"caption\":\"Casa de Campo Living\"},\"image\":{\"@id\":\"https:\\\/\\\/casadecampoliving.com\\\/es\\\/#\\\/schema\\\/logo\\\/image\\\/\"},\"sameAs\":[\"https:\\\/\\\/www.facebook.com\\\/casadecampoliving\",\"https:\\\/\\\/x.com\\\/cdcliving\"]},{\"@type\":\"Person\",\"@id\":\"https:\\\/\\\/casadecampoliving.com\\\/es\\\/#\\\/schema\\\/person\\\/c8efa6049510554b7d5fea078d728f72\",\"name\":\"Perkin Agramonte\",\"image\":{\"@type\":\"ImageObject\",\"inLanguage\":\"es\",\"@id\":\"https:\\\/\\\/secure.gravatar.com\\\/avatar\\\/57bfdafcae55fb83dbb79a1585a9eab7f269b7720fb0b64cb9a4e0cd2962fa10?s=96&d=mm&r=g\",\"url\":\"https:\\\/\\\/secure.gravatar.com\\\/avatar\\\/57bfdafcae55fb83dbb79a1585a9eab7f269b7720fb0b64cb9a4e0cd2962fa10?s=96&d=mm&r=g\",\"contentUrl\":\"https:\\\/\\\/secure.gravatar.com\\\/avatar\\\/57bfdafcae55fb83dbb79a1585a9eab7f269b7720fb0b64cb9a4e0cd2962fa10?s=96&d=mm&r=g\",\"caption\":\"Perkin Agramonte\"},\"url\":\"https:\\\/\\\/casadecampoliving.com\\\/es\\\/author\\\/cagramonte\\\/\"}]}<\/script>\n<!-- \/ Yoast SEO plugin. -->","yoast_head_json":{"title":"Guarde la fecha para el pr\u00f3ximo Atardecer con Sabor a M\u00fasica | Casa de Campo Living","description":"Luego del gran \u00e9xito de la m\u00e1s reciente celebraci\u00f3n del Atardecer con Sabor a M\u00fasica en Azimut Caf\u00e9, que aloj\u00f3 la pre-celebraci\u00f3n de las finales de la","robots":{"index":"index","follow":"follow","max-snippet":"max-snippet:-1","max-image-preview":"max-image-preview:large","max-video-preview":"max-video-preview:-1"},"canonical":"https:\/\/casadecampoliving.com\/es\/guarde-la-fecha-para-el-proximo-atardecer-con-sabor-a-musica\/","og_locale":"es_ES","og_type":"article","og_title":"Guarde la fecha para el pr\u00f3ximo Atardecer con Sabor a M\u00fasica | Casa de Campo Living","og_description":"Luego del gran \u00e9xito de la m\u00e1s reciente celebraci\u00f3n del Atardecer con Sabor a M\u00fasica en Azimut Caf\u00e9, que aloj\u00f3 la pre-celebraci\u00f3n de las finales de la","og_url":"https:\/\/casadecampoliving.com\/es\/guarde-la-fecha-para-el-proximo-atardecer-con-sabor-a-musica\/","og_site_name":"Casa de Campo Living","article_publisher":"https:\/\/www.facebook.com\/casadecampoliving","article_published_time":"2015-07-11T04:00:00+00:00","article_modified_time":"2022-10-21T22:56:05+00:00","og_image":[{"width":650,"height":400,"url":"https:\/\/i0.wp.com\/casadecampoliving.com\/wp-content\/uploads\/2022\/10\/Sunset_Jazz_Night_1-2.jpg?fit=650%2C400&ssl=1","type":"image\/jpeg"}],"author":"Perkin Agramonte","twitter_card":"summary_large_image","twitter_creator":"@cdcliving","twitter_site":"@cdcliving","twitter_misc":{"Escrito por":"Perkin Agramonte","Tiempo de lectura":"1 minuto"},"schema":{"@context":"https:\/\/schema.org","@graph":[{"@type":"Article","@id":"https:\/\/casadecampoliving.com\/es\/guarde-la-fecha-para-el-proximo-atardecer-con-sabor-a-musica\/#article","isPartOf":{"@id":"https:\/\/casadecampoliving.com\/es\/guarde-la-fecha-para-el-proximo-atardecer-con-sabor-a-musica\/"},"author":{"name":"Perkin Agramonte","@id":"https:\/\/casadecampoliving.com\/es\/#\/schema\/person\/c8efa6049510554b7d5fea078d728f72"},"headline":"Guarde la fecha para el pr\u00f3ximo Atardecer con Sabor a M\u00fasica","datePublished":"2015-07-11T04:00:00+00:00","dateModified":"2022-10-21T22:56:05+00:00","mainEntityOfPage":{"@id":"https:\/\/casadecampoliving.com\/es\/guarde-la-fecha-para-el-proximo-atardecer-con-sabor-a-musica\/"},"wordCount":313,"publisher":{"@id":"https:\/\/casadecampoliving.com\/es\/#organization"},"image":{"@id":"https:\/\/casadecampoliving.com\/es\/guarde-la-fecha-para-el-proximo-atardecer-con-sabor-a-musica\/#primaryimage"},"thumbnailUrl":"https:\/\/i0.wp.com\/casadecampoliving.com\/wp-content\/uploads\/2022\/10\/Sunset_Jazz_Night_1-2.jpg?fit=650%2C400&ssl=1","keywords":["atardecer con sabor a musica","casa de campo @es","Casa de Campo Community @es","Casa de Campo Living","casa de campo resort @es","la marina casa de campo @es"],"articleSection":["Casa de Campo Living @es","CCL presenta","Destacados","Estilo de Vida","Eventos","La Marina Casa de Campo","Noticias Locales","Proximamente","Rep\u00fablica Dominicana @es","Resort Casa de Campo"],"inLanguage":"es"},{"@type":"WebPage","@id":"https:\/\/casadecampoliving.com\/es\/guarde-la-fecha-para-el-proximo-atardecer-con-sabor-a-musica\/","url":"https:\/\/casadecampoliving.com\/es\/guarde-la-fecha-para-el-proximo-atardecer-con-sabor-a-musica\/","name":"Guarde la fecha para el pr\u00f3ximo Atardecer con Sabor a M\u00fasica | Casa de Campo Living","isPartOf":{"@id":"https:\/\/casadecampoliving.com\/es\/#website"},"primaryImageOfPage":{"@id":"https:\/\/casadecampoliving.com\/es\/guarde-la-fecha-para-el-proximo-atardecer-con-sabor-a-musica\/#primaryimage"},"image":{"@id":"https:\/\/casadecampoliving.com\/es\/guarde-la-fecha-para-el-proximo-atardecer-con-sabor-a-musica\/#primaryimage"},"thumbnailUrl":"https:\/\/i0.wp.com\/casadecampoliving.com\/wp-content\/uploads\/2022\/10\/Sunset_Jazz_Night_1-2.jpg?fit=650%2C400&ssl=1","datePublished":"2015-07-11T04:00:00+00:00","dateModified":"2022-10-21T22:56:05+00:00","description":"Luego del gran \u00e9xito de la m\u00e1s reciente celebraci\u00f3n del Atardecer con Sabor a M\u00fasica en Azimut Caf\u00e9, que aloj\u00f3 la pre-celebraci\u00f3n de las finales de la","breadcrumb":{"@id":"https:\/\/casadecampoliving.com\/es\/guarde-la-fecha-para-el-proximo-atardecer-con-sabor-a-musica\/#breadcrumb"},"inLanguage":"es","potentialAction":[{"@type":"ReadAction","target":["https:\/\/casadecampoliving.com\/es\/guarde-la-fecha-para-el-proximo-atardecer-con-sabor-a-musica\/"]}]},{"@type":"ImageObject","inLanguage":"es","@id":"https:\/\/casadecampoliving.com\/es\/guarde-la-fecha-para-el-proximo-atardecer-con-sabor-a-musica\/#primaryimage","url":"https:\/\/i0.wp.com\/casadecampoliving.com\/wp-content\/uploads\/2022\/10\/Sunset_Jazz_Night_1-2.jpg?fit=650%2C400&ssl=1","contentUrl":"https:\/\/i0.wp.com\/casadecampoliving.com\/wp-content\/uploads\/2022\/10\/Sunset_Jazz_Night_1-2.jpg?fit=650%2C400&ssl=1","width":650,"height":400},{"@type":"BreadcrumbList","@id":"https:\/\/casadecampoliving.com\/es\/guarde-la-fecha-para-el-proximo-atardecer-con-sabor-a-musica\/#breadcrumb","itemListElement":[{"@type":"ListItem","position":1,"name":"Home","item":"https:\/\/casadecampoliving.com\/es\/"},{"@type":"ListItem","position":2,"name":"Guarde la fecha para el pr\u00f3ximo Atardecer con Sabor a M\u00fasica"}]},{"@type":"WebSite","@id":"https:\/\/casadecampoliving.com\/es\/#website","url":"https:\/\/casadecampoliving.com\/es\/","name":"Casa de Campo Living","description":"Resort community news and resources.","publisher":{"@id":"https:\/\/casadecampoliving.com\/es\/#organization"},"potentialAction":[{"@type":"SearchAction","target":{"@type":"EntryPoint","urlTemplate":"https:\/\/casadecampoliving.com\/es\/?s={search_term_string}"},"query-input":{"@type":"PropertyValueSpecification","valueRequired":true,"valueName":"search_term_string"}}],"inLanguage":"es"},{"@type":"Organization","@id":"https:\/\/casadecampoliving.com\/es\/#organization","name":"Casa de Campo Living","url":"https:\/\/casadecampoliving.com\/es\/","logo":{"@type":"ImageObject","inLanguage":"es","@id":"https:\/\/casadecampoliving.com\/es\/#\/schema\/logo\/image\/","url":"https:\/\/i0.wp.com\/casadecampoliving.com\/wp-content\/uploads\/2022\/07\/CDCLivingLogo_V1-white-sized.png?fit=800%2C214&ssl=1","contentUrl":"https:\/\/i0.wp.com\/casadecampoliving.com\/wp-content\/uploads\/2022\/07\/CDCLivingLogo_V1-white-sized.png?fit=800%2C214&ssl=1","width":800,"height":214,"caption":"Casa de Campo Living"},"image":{"@id":"https:\/\/casadecampoliving.com\/es\/#\/schema\/logo\/image\/"},"sameAs":["https:\/\/www.facebook.com\/casadecampoliving","https:\/\/x.com\/cdcliving"]},{"@type":"Person","@id":"https:\/\/casadecampoliving.com\/es\/#\/schema\/person\/c8efa6049510554b7d5fea078d728f72","name":"Perkin Agramonte","image":{"@type":"ImageObject","inLanguage":"es","@id":"https:\/\/secure.gravatar.com\/avatar\/57bfdafcae55fb83dbb79a1585a9eab7f269b7720fb0b64cb9a4e0cd2962fa10?s=96&d=mm&r=g","url":"https:\/\/secure.gravatar.com\/avatar\/57bfdafcae55fb83dbb79a1585a9eab7f269b7720fb0b64cb9a4e0cd2962fa10?s=96&d=mm&r=g","contentUrl":"https:\/\/secure.gravatar.com\/avatar\/57bfdafcae55fb83dbb79a1585a9eab7f269b7720fb0b64cb9a4e0cd2962fa10?s=96&d=mm&r=g","caption":"Perkin Agramonte"},"url":"https:\/\/casadecampoliving.com\/es\/author\/cagramonte\/"}]}},"parsely":{"version":"1.1.0","canonical_url":"https:\/\/casadecampoliving.com\/es\/guarde-la-fecha-para-el-proximo-atardecer-con-sabor-a-musica\/","smart_links":{"inbound":0,"outbound":0},"traffic_boost_suggestions_count":0,"meta":{"@context":"https:\/\/schema.org","@type":"NewsArticle","headline":"Guarde la fecha para el pr\u00f3ximo Atardecer con Sabor a M\u00fasica","url":"http:\/\/casadecampoliving.com\/es\/guarde-la-fecha-para-el-proximo-atardecer-con-sabor-a-musica\/","mainEntityOfPage":{"@type":"WebPage","@id":"http:\/\/casadecampoliving.com\/es\/guarde-la-fecha-para-el-proximo-atardecer-con-sabor-a-musica\/"},"thumbnailUrl":"https:\/\/i0.wp.com\/casadecampoliving.com\/wp-content\/uploads\/2022\/10\/Sunset_Jazz_Night_1-2.jpg?resize=150%2C150&ssl=1","image":{"@type":"ImageObject","url":"https:\/\/i0.wp.com\/casadecampoliving.com\/wp-content\/uploads\/2022\/10\/Sunset_Jazz_Night_1-2.jpg?fit=650%2C400&ssl=1"},"articleSection":"CCL presenta","author":[{"@type":"Person","name":"Perkin Agramonte"}],"creator":["Perkin Agramonte"],"publisher":{"@type":"Organization","name":"Casa de Campo Living","logo":"https:\/\/casadecampoliving.com\/wp-content\/uploads\/2022\/07\/CDCLivingLogo_V1-white-sized.png"},"keywords":["atardecer con sabor a musica","casa de campo @es","casa de campo community @es","casa de campo living","casa de campo resort @es","la marina casa de campo @es"],"dateCreated":"2015-07-11T04:00:00Z","datePublished":"2015-07-11T04:00:00Z","dateModified":"2022-10-21T22:56:05Z"},"rendered":"<script type=\"application\/ld+json\" class=\"wp-parsely-metadata\">{\"@context\":\"https:\\\/\\\/schema.org\",\"@type\":\"NewsArticle\",\"headline\":\"Guarde la fecha para el pr\\u00f3ximo Atardecer con Sabor a M\\u00fasica\",\"url\":\"http:\\\/\\\/casadecampoliving.com\\\/es\\\/guarde-la-fecha-para-el-proximo-atardecer-con-sabor-a-musica\\\/\",\"mainEntityOfPage\":{\"@type\":\"WebPage\",\"@id\":\"http:\\\/\\\/casadecampoliving.com\\\/es\\\/guarde-la-fecha-para-el-proximo-atardecer-con-sabor-a-musica\\\/\"},\"thumbnailUrl\":\"https:\\\/\\\/i0.wp.com\\\/casadecampoliving.com\\\/wp-content\\\/uploads\\\/2022\\\/10\\\/Sunset_Jazz_Night_1-2.jpg?resize=150%2C150&ssl=1\",\"image\":{\"@type\":\"ImageObject\",\"url\":\"https:\\\/\\\/i0.wp.com\\\/casadecampoliving.com\\\/wp-content\\\/uploads\\\/2022\\\/10\\\/Sunset_Jazz_Night_1-2.jpg?fit=650%2C400&ssl=1\"},\"articleSection\":\"CCL presenta\",\"author\":[{\"@type\":\"Person\",\"name\":\"Perkin Agramonte\"}],\"creator\":[\"Perkin Agramonte\"],\"publisher\":{\"@type\":\"Organization\",\"name\":\"Casa de Campo Living\",\"logo\":\"https:\\\/\\\/casadecampoliving.com\\\/wp-content\\\/uploads\\\/2022\\\/07\\\/CDCLivingLogo_V1-white-sized.png\"},\"keywords\":[\"atardecer con sabor a musica\",\"casa de campo @es\",\"casa de campo community @es\",\"casa de campo living\",\"casa de campo resort @es\",\"la marina casa de campo @es\"],\"dateCreated\":\"2015-07-11T04:00:00Z\",\"datePublished\":\"2015-07-11T04:00:00Z\",\"dateModified\":\"2022-10-21T22:56:05Z\"}<\/script>","tracker_url":"https:\/\/cdn.parsely.com\/keys\/casadecampoliving.com\/p.js"},"jetpack_publicize_connections":[],"jetpack_featured_media_url":"https:\/\/i0.wp.com\/casadecampoliving.com\/wp-content\/uploads\/2022\/10\/Sunset_Jazz_Night_1-2.jpg?fit=650%2C400&ssl=1","jetpack-related-posts":[{"id":339537,"url":"https:\/\/casadecampoliving.com\/es\/reserve-la-fecha-el-proximo-atardecer-con-sabor-a-musica-en-el-azimut-cafe-es-el-domingo-19-de-agosto\/","url_meta":{"origin":347662,"position":0},"title":"Reserve la fecha! El pr\u00f3ximo \u00abAtardecer con Sabor a M\u00fasica\u00bb en el Azimut Caf\u00e9 es el domingo 19 de agosto!","author":"","date":"8 Ago, 2012","format":false,"excerpt":"Reserven la fecha! El pr\u00f3ximo evento mensual del \u201cAtardecer con Sabor a M\u00fasica\u201d, en el Azimut Caf\u00e9 est\u00e1 programado para celebrarse el domingo 19 de agosto! El evento, ahora en su tercera edici\u00f3n, es patrocinado por Silgon Inc., en conjunto con Casa de Campo Living y promete ser otra velada\u2026","rel":"","context":"En \u00abCasa de Campo Living @es\u00bb","block_context":{"text":"Casa de Campo Living @es","link":"https:\/\/casadecampoliving.com\/category\/casa-de-campo-living-es\/"},"img":{"alt_text":"marina casa de campo","src":"https:\/\/i0.wp.com\/casadecampoliving.com\/wp-content\/uploads\/2022\/10\/marina_casa_de_campo1-15.jpg?fit=650%2C256&ssl=1&resize=350%2C200","width":350,"height":200,"srcset":"https:\/\/i0.wp.com\/casadecampoliving.com\/wp-content\/uploads\/2022\/10\/marina_casa_de_campo1-15.jpg?fit=650%2C256&ssl=1&resize=350%2C200 1x, https:\/\/i0.wp.com\/casadecampoliving.com\/wp-content\/uploads\/2022\/10\/marina_casa_de_campo1-15.jpg?fit=650%2C256&ssl=1&resize=525%2C300 1.5x"},"classes":[]},{"id":348519,"url":"https:\/\/casadecampoliving.com\/es\/atardecer-con-sabor-a-musica-marina-casa-de-campo\/","url_meta":{"origin":347662,"position":1},"title":"\u00a1Reserve la fecha para el pr\u00f3ximo Atardecer con Sabor a M\u00fasica en la Marina Casa de Campo!","author":"Felix Guerrero","date":"30 Oct, 2015","format":false,"excerpt":"Ha pasado mucho tiempo desde el\u00a0\u00faltimo Atardecer con Sabor a M\u00fasica en\u00a0Azimut Caf\u00e9, pero volvemos a tener nuevamente la oportunidad de reunirnos\u00a0para uno de los eventos m\u00e1s maravillosos en la Marina Casa de Campo. Este pr\u00f3ximo viernes, 20 de noviembre, SILGON\u00a0y Azimut Caf\u00e9 te\u00a0invitan a dejarte envolver por las hermosas\u2026","rel":"","context":"En \u00abCasa de Campo Living @es\u00bb","block_context":{"text":"Casa de Campo Living @es","link":"https:\/\/casadecampoliving.com\/category\/casa-de-campo-living-es\/"},"img":{"alt_text":"Sunset Jazz Night November","src":"https:\/\/i0.wp.com\/casadecampoliving.com\/wp-content\/uploads\/2022\/10\/Sunset-Jazz-Night-November-1.jpg?fit=650%2C299&ssl=1&resize=350%2C200","width":350,"height":200,"srcset":"https:\/\/i0.wp.com\/casadecampoliving.com\/wp-content\/uploads\/2022\/10\/Sunset-Jazz-Night-November-1.jpg?fit=650%2C299&ssl=1&resize=350%2C200 1x, https:\/\/i0.wp.com\/casadecampoliving.com\/wp-content\/uploads\/2022\/10\/Sunset-Jazz-Night-November-1.jpg?fit=650%2C299&ssl=1&resize=525%2C300 1.5x"},"classes":[]},{"id":344328,"url":"https:\/\/casadecampoliving.com\/es\/celebra-la-llegada-del-verano-con-el-proximo-atardecer-con-sabor-musica\/","url_meta":{"origin":347662,"position":2},"title":"Celebra la llegada del verano con el pr\u00f3ximo Atardecer con Sabor a M\u00fasica","author":"Perkin Agramonte","date":"7 May, 2014","format":false,"excerpt":"\u00a1Anote la fecha! Porque se acerca otro Atardecer con Sabor a M\u00fasica en Azimut Caf\u00e9 planeado a efectuarse el s\u00e1bado 24 de mayo, y es la excusa perfecta para disfrutar un par de c\u00f3cteles al atardecer, a la misma vez que celebramos el inicio del verano. \u00bfEstas listo para el\u2026","rel":"","context":"En \u00abCasa de Campo Living @es\u00bb","block_context":{"text":"Casa de Campo Living @es","link":"https:\/\/casadecampoliving.com\/category\/casa-de-campo-living-es\/"},"img":{"alt_text":"","src":"https:\/\/i0.wp.com\/casadecampoliving.com\/wp-content\/uploads\/2022\/10\/SUNSET_JAZZ_Azimut-1.jpg?fit=648%2C432&ssl=1&resize=350%2C200","width":350,"height":200,"srcset":"https:\/\/i0.wp.com\/casadecampoliving.com\/wp-content\/uploads\/2022\/10\/SUNSET_JAZZ_Azimut-1.jpg?fit=648%2C432&ssl=1&resize=350%2C200 1x, https:\/\/i0.wp.com\/casadecampoliving.com\/wp-content\/uploads\/2022\/10\/SUNSET_JAZZ_Azimut-1.jpg?fit=648%2C432&ssl=1&resize=525%2C300 1.5x"},"classes":[]},{"id":341807,"url":"https:\/\/casadecampoliving.com\/es\/reserve-las-fechas-atardecer-con-sabor-a-musica-en-el-azimut-cafe-sabado-27-de-julio-y-el-viernes-16-de-agosto\/","url_meta":{"origin":347662,"position":3},"title":"\u00a1Reserve las fechas! Atardecer con Sabor a M\u00fasica en el Azimut Caf\u00e9 \u2013 \u00a1s\u00e1bado 27 de julio y el viernes 16 de agosto!","author":"Mairobi Herrera","date":"8 Jun, 2013","format":false,"excerpt":"Pr\u00f3ximamente se aproxima en la Marina Casa de Campo el Atardecer con Sabor a M\u00fasica en el Azimut Caf\u00e9, patrocinado por\u00a0Silgon Inc., Empresa de Marketing, Desarrollo Web y Servicios Publicitarios. Esta es una actividad tan regular y tan popular para la comunidad y hu\u00e9spedes de Casa de Campo que la\u2026","rel":"","context":"En \u00abComidas &amp; Bebidas\u00bb","block_context":{"text":"Comidas &amp; Bebidas","link":"https:\/\/casadecampoliving.com\/es\/category\/comidas-bebidas\/"},"img":{"alt_text":"azimut julio agosto 2013","src":"https:\/\/i0.wp.com\/casadecampoliving.com\/wp-content\/uploads\/2022\/10\/azimut_Julio_-Agosto_2013-1.jpg?fit=650%2C402&ssl=1&resize=350%2C200","width":350,"height":200,"srcset":"https:\/\/i0.wp.com\/casadecampoliving.com\/wp-content\/uploads\/2022\/10\/azimut_Julio_-Agosto_2013-1.jpg?fit=650%2C402&ssl=1&resize=350%2C200 1x, https:\/\/i0.wp.com\/casadecampoliving.com\/wp-content\/uploads\/2022\/10\/azimut_Julio_-Agosto_2013-1.jpg?fit=650%2C402&ssl=1&resize=525%2C300 1.5x"},"classes":[]},{"id":345159,"url":"https:\/\/casadecampoliving.com\/es\/marina-de-casa-de-campo-disfruta-otro-atardecer-con-sabor-musica\/","url_meta":{"origin":347662,"position":4},"title":"\u00a1Marina de Casa de Campo disfruta otro Atardecer con Sabor a M\u00fasica!","author":"Maria Isabel B\u00e1ez","date":"5 Sep, 2014","format":false,"excerpt":"El pasado Viernes 15 de Agosto, La Marina Casa de Campo disfrut\u00f3 de otro exitoso Atardecer con Sabor a M\u00fasica. El Atardecer con Sabor a M\u00fasica, organizado por el Azimut Caf\u00e9, fue patrocinado por SILGON, con su sitio web Casa de Campo Living, al igual que el whiskey favorito de\u2026","rel":"","context":"En \u00abbusinesses\u00bb","block_context":{"text":"businesses","link":"https:\/\/casadecampoliving.com\/es\/category\/businesses\/"},"img":{"alt_text":"","src":"https:\/\/i0.wp.com\/casadecampoliving.com\/wp-content\/uploads\/2022\/10\/DSC_0120-1.jpg?fit=800%2C533&ssl=1&resize=350%2C200","width":350,"height":200,"srcset":"https:\/\/i0.wp.com\/casadecampoliving.com\/wp-content\/uploads\/2022\/10\/DSC_0120-1.jpg?fit=800%2C533&ssl=1&resize=350%2C200 1x, https:\/\/i0.wp.com\/casadecampoliving.com\/wp-content\/uploads\/2022\/10\/DSC_0120-1.jpg?fit=800%2C533&ssl=1&resize=525%2C300 1.5x, https:\/\/i0.wp.com\/casadecampoliving.com\/wp-content\/uploads\/2022\/10\/DSC_0120-1.jpg?fit=800%2C533&ssl=1&resize=700%2C400 2x"},"classes":[]},{"id":340386,"url":"https:\/\/casadecampoliving.com\/es\/reserve-la-fecha-atardecer-con-sabor-a-musica-en-el-azimut-cafe-viernes-4-de-enero\/","url_meta":{"origin":347662,"position":5},"title":"Reserve la fecha! Atardecer con Sabor a M\u00fasica en el Azimut Caf\u00e9 &#8211; viernes 4 de enero!","author":"","date":"26 Dic, 2012","format":false,"excerpt":"Reserve la fecha! Uno de los primeros eventos festivos del nuevo a\u00f1o ser\u00e1 el Atardecer con Sabor a M\u00fasica en el Azimut Caf\u00e9 de la Marina Casa de Campo \u2013 el pr\u00f3ximo viernes 4 de enero de 2013. El Atardecer con Sabor a M\u00fasica, del Azimut Caf\u00e9, auspiciado por Silgon\u2026","rel":"","context":"En \u00abDestacados\u00bb","block_context":{"text":"Destacados","link":"https:\/\/casadecampoliving.com\/es\/category\/destacados\/"},"img":{"alt_text":"jazz night azimut cafe","src":"https:\/\/i0.wp.com\/casadecampoliving.com\/wp-content\/uploads\/2022\/10\/jazz_night_azimut-1.jpg?fit=650%2C496&ssl=1&resize=350%2C200","width":350,"height":200,"srcset":"https:\/\/i0.wp.com\/casadecampoliving.com\/wp-content\/uploads\/2022\/10\/jazz_night_azimut-1.jpg?fit=650%2C496&ssl=1&resize=350%2C200 1x, https:\/\/i0.wp.com\/casadecampoliving.com\/wp-content\/uploads\/2022\/10\/jazz_night_azimut-1.jpg?fit=650%2C496&ssl=1&resize=525%2C300 1.5x"},"classes":[]}],"jetpack_sharing_enabled":true,"_links":{"self":[{"href":"https:\/\/casadecampoliving.com\/es\/wp-json\/wp\/v2\/posts\/347662","targetHints":{"allow":["GET"]}}],"collection":[{"href":"https:\/\/casadecampoliving.com\/es\/wp-json\/wp\/v2\/posts"}],"about":[{"href":"https:\/\/casadecampoliving.com\/es\/wp-json\/wp\/v2\/types\/post"}],"author":[{"embeddable":true,"href":"https:\/\/casadecampoliving.com\/es\/wp-json\/wp\/v2\/users\/1097"}],"replies":[{"embeddable":true,"href":"https:\/\/casadecampoliving.com\/es\/wp-json\/wp\/v2\/comments?post=347662"}],"version-history":[{"count":1,"href":"https:\/\/casadecampoliving.com\/es\/wp-json\/wp\/v2\/posts\/347662\/revisions"}],"predecessor-version":[{"id":347665,"href":"https:\/\/casadecampoliving.com\/es\/wp-json\/wp\/v2\/posts\/347662\/revisions\/347665"}],"wp:featuredmedia":[{"embeddable":true,"href":"https:\/\/casadecampoliving.com\/es\/wp-json\/wp\/v2\/media\/276194"}],"wp:attachment":[{"href":"https:\/\/casadecampoliving.com\/es\/wp-json\/wp\/v2\/media?parent=347662"}],"wp:term":[{"taxonomy":"category","embeddable":true,"href":"https:\/\/casadecampoliving.com\/es\/wp-json\/wp\/v2\/categories?post=347662"},{"taxonomy":"post_tag","embeddable":true,"href":"https:\/\/casadecampoliving.com\/es\/wp-json\/wp\/v2\/tags?post=347662"},{"taxonomy":"newspack_spnsrs_tax","embeddable":true,"href":"https:\/\/casadecampoliving.com\/es\/wp-json\/wp\/v2\/newspack_spnsrs_tax?post=347662"}],"curies":[{"name":"wp","href":"https:\/\/api.w.org\/{rel}","templated":true}]}}