{"id":347628,"date":"2015-06-29T00:00:00","date_gmt":"2015-06-29T04:00:00","guid":{"rendered":"https:\/\/casadecampoliving.com\/cafe-en-casa\/"},"modified":"2022-10-21T19:04:07","modified_gmt":"2022-10-21T23:04:07","slug":"cafe-en-casa","status":"publish","type":"post","link":"https:\/\/casadecampoliving.com\/es\/cafe-en-casa\/","title":{"rendered":"Caf\u00e9 en Casa: en b\u00fasqueda de la taza perfecta"},"content":{"rendered":"<div class=\"wp-block-image\">\n<figure class=\"aligncenter is-resized\"><img loading=\"lazy\" decoding=\"async\" src=\"https:\/\/i0.wp.com\/casadecampoliving.com\/wp-content\/uploads\/2022\/10\/CCLHeaderCafeenCasaV1-29-6-15-2.jpg?resize=650%2C400&amp;ssl=1\" alt=\"CCLHeaderCafeenCasaV1-29-6-15\" class=\"wp-image-112134\" height=\"400\" width=\"650\"\/><\/figure>\n<\/div>\n\n\n<p>\u00a1Hay algo en una buena taza de caf\u00e9 que nos hace hace pensar de manera m\u00e1s positiva y nos ilumina&nbsp;durante el d\u00eda!<\/p>\n\n\n\n<!--more-->\n\n\n\n<p>Aunque algunas personas necesitan su taza de caf\u00e9 para empezar el d\u00eda de&nbsp;buen animo, \u00e9sta no es la raz\u00f3n por la cual&nbsp;tom\u00f3 caf\u00e9. Para m\u00ed el caf\u00e9 es combustible para mi alma. El cortadito perfecto, en un sill\u00f3n c\u00f3modo, con buena m\u00fasica de fondo y una excelente vista\u2026 ESA es la taza de caf\u00e9 perfecta para m\u00ed. Debido a que las vistas hermosas y sillones c\u00f3modos&nbsp;nunca faltan en Casa de Campo, me embarqu\u00e9 en una misi\u00f3n para encontrar la perfecci\u00f3n del Caf\u00e9 en Casa.<\/p>\n\n\n\n<p>Tom\u00e9 esta tarea muy seriamente, dise\u00f1\u00e9 un sistema de puntuaci\u00f3n personal, hice una lista de los lugares que quer\u00eda visitar y estandaric\u00e9 mi proceso de evaluaci\u00f3n. Decid\u00ed evaluar&nbsp;un cortadito sencillo, con un poco de az\u00facar crema y nada m\u00e1s. Sencillo, \u00bfverdad? \u00a1Bueno no tanto! Descubr\u00ed que hab\u00edan muchos lugares que deb\u00eda visitar, y m\u00faltiples factores que necesitaba tomar en cuenta basada en mi definici\u00f3n de \u201cperfecto\u201d (como los sillones c\u00f3modos, m\u00fasica y vistas de los que tanto hablo). Tambi\u00e9n me di cuenta que la definici\u00f3n &nbsp;de una \u201ctaza de caf\u00e9 perfecta\u201d es diferente para cada quien y que solo ser\u00eda justo darle a ustedes, nuestros lectores, la oportunidad de decidir por ustedes mismos lo que consideran como la \u201ctaza de caf\u00e9 perfecta\u201d. Considerando todo esto, a la mitad de mi investigaci\u00f3n decid\u00ed olvidarme del sistema de puntuaci\u00f3n y dedicar&nbsp;este art\u00edculo a contarles sobre mi experiencia con cada taza.<\/p>\n\n\n\n<p>Dado a que en Casa de Campo cuenta con muchos lugares en donde se puede disfrutar de una buena taza de caf\u00e9, en este art\u00edculo presento unas rese\u00f1as de los primeros sitios que visit\u00e9 y prometo continuar visitando m\u00e1s lugares pronto.<\/p>\n\n\n\n<h3 class=\"wp-block-heading\">La Cantina<\/h3>\n\n\n\n<p>\u00a1El cortadito de La Cantina es tan bueno que lo tomo casi a diario! (Ayuda que est\u00e1 solo a unos&nbsp;pasos de la oficina de SILGON.) Me gusta tanto que incluso tengo&nbsp;una cuenta de \u201cdebito de caf\u00e9\u201d all\u00ed. Sirven un espresso italiano fenomenal, y la vista a la Iglesia San Estanislao y al R\u00edo Chav\u00f3n hacen que uno se lo disfrute a\u00fan mas. La Cantina tiene un espacio interior con aire acondicionado, lo cual es una excelente opci\u00f3n para relajarse y adelantar algo de trabajo durante un d\u00eda c\u00e1lido de verano, mientras disfruta su tacita de caf\u00e9.<\/p>\n\n\n\n<blockquote class=\"instagram-media\" style=\"background: #FFF; border: 0; border-radius: 3px; box-shadow: 0 0 1px 0 rgba(0,0,0,0.5),0 1px 10px 0 rgba(0,0,0,0.15); margin: 1px; max-width: 658px; padding: 0; width: calc(100% - 2px);\" data-instgrm-captioned=\"\" data-instgrm-version=\"4\"><div style=\"padding: 8px;\">\n<div style=\"background: #F8F8F8; line-height: 0; margin-top: 40px; padding: 50% 0; text-align: center; width: 100%;\"><\/div>\n<p style=\"margin: 8px 0 0 0; padding: 0 4px;\"><a style=\"color: #000; font-family: Arial,sans-serif; font-size: 14px; font-style: normal; font-weight: normal; line-height: 17px; text-decoration: none; word-wrap: break-word;\" href=\"https:\/\/instagram.com\/p\/3HRdksNtIi\/\" target=\"_top\" rel=\"noopener\">#mycafecito with a view \u2615\ufe0f at @LaCantinaSocialClub #CoffeeinCasa #cdcliving #coffee #cortadito<\/a><\/p>\n<\/div><\/blockquote>\n\n\n\n<p><script src=\"\/\/platform.instagram.com\/en_US\/embeds.js\" async=\"\" defer=\"defer\"><\/script><\/p>\n\n\n\n<h3 class=\"wp-block-heading\">Fresh Fresh Chav\u00f3n<\/h3>\n\n\n\n<p>Si le gusta el caf\u00e9 tradicional dominicano, Fresh Fresh Chav\u00f3n es el lugar para usted. Cuelan caf\u00e9 tradicional y espressos. Siendo el sitio de comida saludable en Casa, y considerando que su men\u00fa tiene amplias opciones vegetarianas y veganas, Fresh Fresh es tambi\u00e9n el sitio donde he encontrado leche de soya y de almendra para mi cortadito (nos deja saber si ha encontrado esta opci\u00f3n en otras establecimientos de Casa de Campo). Durante las ma\u00f1anas de los fines de semana encontrar\u00e1 a otros amantes del caf\u00e9 con&nbsp;una taza mientras que disfrutan del&nbsp;<em>brunch<\/em>&nbsp;o de conversaciones con sus amistades. <\/p>\n\n\n\n<blockquote class=\"instagram-media\" style=\"background: #FFF; border: 0; border-radius: 3px; box-shadow: 0 0 1px 0 rgba(0,0,0,0.5),0 1px 10px 0 rgba(0,0,0,0.15); margin: 1px; max-width: 658px; padding: 0; width: calc(100% - 2px);\" data-instgrm-captioned=\"\" data-instgrm-version=\"4\"><div style=\"padding: 8px;\">\n<div style=\"background: #F8F8F8; line-height: 0; margin-top: 40px; padding: 50% 0; text-align: center; width: 100%;\"><\/div>\n<p><a style=\"color: #000; font-family: Arial,sans-serif; font-size: 14px; font-style: normal; font-weight: normal; line-height: 17px; text-decoration: none; word-wrap: break-word;\" href=\"https:\/\/instagram.com\/p\/29CyiONtEV\/\" target=\"_top\" rel=\"noopener\">Afternoon #cortadito at @FreshFreshChavon #peace #CoffeeinCasa #cdcliving<\/a>\n<\/p><\/div><\/blockquote>\n\n\n\n<p><script src=\"\/\/platform.instagram.com\/en_US\/embeds.js\" async=\"\" defer=\"defer\"><\/script><\/p>\n\n\n\n<h3 class=\"wp-block-heading\">La Ca\u00f1a by Il Circo<\/h3>\n\n\n\n<p>La Ca\u00f1a by Il Circo, ubicado en el lobby principal del hotel, es el sitio perfecto para invitar a un cliente o colega a tomar una taza de caf\u00e9 durante una reuni\u00f3n de negocios informal en la terraza o en el bar. En La Ca\u00f1a no tan solo encontrar\u00e1&nbsp;un menu variado de bebidas, si no que tambi\u00e9n sirven caf\u00e9 Nespresso lo cual siempre es agradable. Al lado de su taza le sirven tres galletitas peque\u00f1itas, lo cual&nbsp;hace que cualquiera sonr\u00eda cuando le traen su taza a la mesa. Para una reuni\u00f3n de negocios casual, o un \u201cshot\u201d de caf\u00e9 energizante en la tarde, La Ca\u00f1a es el lugar que debe visitar si busca una&nbsp;taza de caf\u00e9 bien elaborada y presentada. (Para los amantes del T\u00e9: les interesar\u00e1&nbsp;saber que la selecci\u00f3n y presentaci\u00f3n de los t\u00e9s de La Ca\u00f1a son fenomenales tambi\u00e9n)<\/p>\n\n\n\n<blockquote class=\"instagram-media\" style=\"background: #FFF; border: 0; border-radius: 3px; box-shadow: 0 0 1px 0 rgba(0,0,0,0.5),0 1px 10px 0 rgba(0,0,0,0.15); margin: 1px; max-width: 658px; padding: 0; width: calc(100% - 2px);\" data-instgrm-captioned=\"\" data-instgrm-version=\"4\"><div style=\"padding: 8px;\">\n<div style=\"background: #F8F8F8; line-height: 0; margin-top: 40px; padding: 50% 0; text-align: center; width: 100%;\"><\/div>\n<p>&nbsp;<\/p>\n<p><a style=\"color: #000; font-family: Arial,sans-serif; font-size: 14px; font-style: normal; font-weight: normal; line-height: 17px; text-decoration: none; word-wrap: break-word;\" href=\"https:\/\/instagram.com\/p\/4hKjUBttDU\/\" target=\"_top\" rel=\"noopener\">#CoffeeLover problem #54: getting too excited with drinking your coffee before remembering to take a picture of the pretty cup. #LaCa\u00f1a #CoffeeinCasa #cdcliving #coffee #cortadito<\/a><\/p>\n<\/div><\/blockquote>\n\n\n\n<p><script src=\"\/\/platform.instagram.com\/en_US\/embeds.js\" async=\"\" defer=\"defer\"><\/script><\/p>\n\n\n\n<h3 class=\"wp-block-heading\"><script src=\"\/\/platform.instagram.com\/en_US\/embeds.js\" async=\"\" defer=\"defer\"><\/script>La Casita Marina<\/h3>\n\n\n\n<p><em>Mientras que se pone el sol en la tarde, la brisa comienza a soplar un poco mas fuerte, los colores del agua de mar en La Marina se encienden con los colores c\u00e1lidos de las luces de La Casita. Se toma su taza de caf\u00e9 tranquilamente a la orilla de la terraza del restaurante, mientras que escucha jazz de fondo y ve los barcos atracar luego de un d\u00eda de pesca\u2026<\/em><\/p>\n\n\n\n<p>Cuando mencion\u00e9 que para mi el caf\u00e9 es \u201calimento para el alma\u201d, a ESTO me refer\u00eda. No me mal interprete, el caf\u00e9 de La Casita es robusto y preparado a la perfecci\u00f3n cada vez, pero el ambiente hace que la experiencia sea a\u00fan mejor. Comience con un cortadito y entradas para compartir para luego probar un buen vino\u2026o qu\u00e9dese tomando mas caf\u00e9! De todos modos, le prometo que La Casita no le defraudar\u00e1.<\/p>\n\n\n\n<blockquote class=\"instagram-media\" style=\"background: #FFF; border: 0; border-radius: 3px; box-shadow: 0 0 1px 0 rgba(0,0,0,0.5),0 1px 10px 0 rgba(0,0,0,0.15); margin: 1px; max-width: 658px; padding: 0; width: calc(100% - 2px);\" data-instgrm-captioned=\"\" data-instgrm-version=\"4\"><div style=\"padding: 8px;\">\n<div style=\"background: #F8F8F8; line-height: 0; margin-top: 40px; padding: 50% 0; text-align: center; width: 100%;\"><\/div>\n<p>&nbsp;<\/p>\n<p><a style=\"color: #000; font-family: Arial,sans-serif; font-size: 14px; font-style: normal; font-weight: normal; line-height: 17px; text-decoration: none; word-wrap: break-word;\" href=\"https:\/\/instagram.com\/p\/4ftEaAttF8\/\" target=\"_top\" rel=\"noopener\">One #cortadito please! With a side of a view, good music, and ocean breeze, if possible. #mycafecito #LaCasita #CoffeeinCasa #coffeelover<\/a><\/p>\n<\/div><\/blockquote>\n\n\n\n<p><script src=\"\/\/platform.instagram.com\/en_US\/embeds.js\" async=\"\" defer=\"defer\"><\/script><\/p>\n\n\n\n<p>Ahi lo tienen Damas y Caballeros de Casa\u2026 mis primeras rese\u00f1as de&nbsp;<em>Caf\u00e9 en Casa.&nbsp;<\/em>Si se est\u00e1n preguntando a quien le pertenece la cuenta de Instagram de @mycafecito, \u00a1les cuento que es de esta servidora! \u00danase a mi misi\u00f3n de encontrar la taza de caf\u00e9 perfecta en Casa de Campo utilizando #CoffeeinCasa y #cdcliving en las redes sociales para que juntos intercambiemos nuestras aventuras. \u00a1Me encantar\u00eda incluir<a href=\"https:\/\/i0.wp.com\/casadecampoliving.com\/wp-content\/uploads\/2022\/10\/CCLHeaderCafeenCasaV1-29-6-15-2.jpg?ssl=1\"><img decoding=\"async\" loading=\"lazy\" class=\"alignnone size-large wp-image-112128\" src=\"https:\/\/i0.wp.com\/casadecampoliving.com\/wp-content\/uploads\/2022\/10\/CCLHeaderCafeenCasaV1-29-6-15-2.jpg?resize=1%2C1&amp;ssl=1\" alt=\"CCLHeaderCafeenCasaV1-29-6-15\" width=\"1\" height=\"1\"><\/a>&nbsp;una de sus fotos en el pr\u00f3ximo art\u00edculo de&nbsp;<em>Caf\u00e9 en Casa<\/em>!<\/p>\n","protected":false},"excerpt":{"rendered":"<p>\u00a1Hay algo en una buena taza de caf\u00e9 que nos hace hace pensar de manera m\u00e1s positiva y nos ilumina&nbsp;durante el d\u00eda!<\/p>\n","protected":false},"author":36672,"featured_media":275792,"comment_status":"closed","ping_status":"closed","sticky":false,"template":"","format":"standard","meta":{"newspack_ads_suppress_ads":false,"newspack_popups_has_disabled_popups":false,"newspack_sponsor_sponsorship_scope":"","newspack_sponsor_native_byline_display":"inherit","newspack_sponsor_native_category_display":"inherit","newspack_sponsor_underwriter_style":"inherit","newspack_sponsor_underwriter_placement":"inherit","_newspack_byline_active":false,"_newspack_byline":"","newspack_hide_updated_date":false,"newspack_show_updated_date":false,"newspack_content_restriction_is_exempt":false,"newspack_featured_image_position":"","newspack_post_subtitle":"","newspack_article_summary_title":"Overview:","newspack_article_summary":"","_jetpack_memberships_contains_paid_content":false,"footnotes":"","jetpack_publicize_message":"","jetpack_publicize_feature_enabled":true,"jetpack_social_post_already_shared":false,"jetpack_social_options":{"image_generator_settings":{"template":"highway","default_image_id":0,"font":"","enabled":false},"version":2},"_wpas_customize_per_network":false},"categories":[26819,6192,14629,2524,26581,14625,26822,2520],"tags":[4886,12555,3626,8094,6371,7099,3697,7185],"newspack_spnsrs_tax":[],"class_list":["post-347628","post","type-post","status-publish","format-standard","has-post-thumbnail","hentry","category-altos-de-chavon-es","category-businesses","category-comidas-bebidas","category-destacados","category-la-marina-casa-de-campo","category-noticias-locales","category-resort-casa-de-campo","category-restaurantes-es","tag-azimut-cafe-es","tag-carla-campos-es","tag-casa-de-campo-es","tag-casa-de-campo-community-es","tag-casa-de-campo-resort-es","tag-la-cana-by-il-circo-es","tag-la-cantina-es","tag-la-casita-es","entry"],"yoast_head":"<!-- This site is optimized with the Yoast SEO plugin v27.4 - https:\/\/yoast.com\/product\/yoast-seo-wordpress\/ -->\n<title>Caf\u00e9 en Casa: en b\u00fasqueda de la taza perfecta | Casa de Campo Living<\/title>\n<meta name=\"description\" content=\"\u00a1Hay algo en una buena taza de caf\u00e9 que nos hace hace pensar de manera m\u00e1s positiva y nos ilumina&nbsp;durante el d\u00eda! Aunque algunas personas necesitan\" \/>\n<meta name=\"robots\" content=\"index, follow, max-snippet:-1, max-image-preview:large, max-video-preview:-1\" \/>\n<link rel=\"canonical\" href=\"https:\/\/casadecampoliving.com\/es\/cafe-en-casa\/\" \/>\n<meta property=\"og:locale\" content=\"es_ES\" \/>\n<meta property=\"og:type\" content=\"article\" \/>\n<meta property=\"og:title\" content=\"Caf\u00e9 en Casa: en b\u00fasqueda de la taza perfecta | Casa de Campo Living\" \/>\n<meta property=\"og:description\" content=\"\u00a1Hay algo en una buena taza de caf\u00e9 que nos hace hace pensar de manera m\u00e1s positiva y nos ilumina&nbsp;durante el d\u00eda! Aunque algunas personas necesitan\" \/>\n<meta property=\"og:url\" content=\"https:\/\/casadecampoliving.com\/es\/cafe-en-casa\/\" \/>\n<meta property=\"og:site_name\" content=\"Casa de Campo Living\" \/>\n<meta property=\"article:publisher\" content=\"https:\/\/www.facebook.com\/casadecampoliving\" \/>\n<meta property=\"article:published_time\" content=\"2015-06-29T04:00:00+00:00\" \/>\n<meta property=\"article:modified_time\" content=\"2022-10-21T23:04:07+00:00\" \/>\n<meta property=\"og:image\" content=\"https:\/\/i0.wp.com\/casadecampoliving.com\/wp-content\/uploads\/2022\/10\/CCLHeaderCoffeinCasaV1-29-6-15-1.jpg?fit=650%2C400&ssl=1\" \/>\n\t<meta property=\"og:image:width\" content=\"650\" \/>\n\t<meta property=\"og:image:height\" content=\"400\" \/>\n\t<meta property=\"og:image:type\" content=\"image\/jpeg\" \/>\n<meta name=\"author\" content=\"Carla Campos\" \/>\n<meta name=\"twitter:card\" content=\"summary_large_image\" \/>\n<meta name=\"twitter:creator\" content=\"@cdcliving\" \/>\n<meta name=\"twitter:site\" content=\"@cdcliving\" \/>\n<meta name=\"twitter:label1\" content=\"Escrito por\" \/>\n\t<meta name=\"twitter:data1\" content=\"Carla Campos\" \/>\n\t<meta name=\"twitter:label2\" content=\"Tiempo de lectura\" \/>\n\t<meta name=\"twitter:data2\" content=\"5 minutos\" \/>\n<script type=\"application\/ld+json\" class=\"yoast-schema-graph\">{\"@context\":\"https:\\\/\\\/schema.org\",\"@graph\":[{\"@type\":\"Article\",\"@id\":\"https:\\\/\\\/casadecampoliving.com\\\/es\\\/cafe-en-casa\\\/#article\",\"isPartOf\":{\"@id\":\"https:\\\/\\\/casadecampoliving.com\\\/es\\\/cafe-en-casa\\\/\"},\"author\":{\"name\":\"Carla Campos\",\"@id\":\"https:\\\/\\\/casadecampoliving.com\\\/es\\\/#\\\/schema\\\/person\\\/31e9c79dd1ae5946a5bc1d006945aad1\"},\"headline\":\"Caf\u00e9 en Casa: en b\u00fasqueda de la taza perfecta\",\"datePublished\":\"2015-06-29T04:00:00+00:00\",\"dateModified\":\"2022-10-21T23:04:07+00:00\",\"mainEntityOfPage\":{\"@id\":\"https:\\\/\\\/casadecampoliving.com\\\/es\\\/cafe-en-casa\\\/\"},\"wordCount\":1043,\"publisher\":{\"@id\":\"https:\\\/\\\/casadecampoliving.com\\\/es\\\/#organization\"},\"image\":{\"@id\":\"https:\\\/\\\/casadecampoliving.com\\\/es\\\/cafe-en-casa\\\/#primaryimage\"},\"thumbnailUrl\":\"https:\\\/\\\/i0.wp.com\\\/casadecampoliving.com\\\/wp-content\\\/uploads\\\/2022\\\/10\\\/CCLHeaderCoffeinCasaV1-29-6-15-1.jpg?fit=650%2C400&ssl=1\",\"keywords\":[\"azimut cafe @es\",\"Carla Campos @es\",\"casa de campo @es\",\"Casa de Campo Community @es\",\"casa de campo resort @es\",\"la cana by il circo @es\",\"La Cantina @es\",\"la casita @es\"],\"articleSection\":[\"Altos de Chavon @es\",\"businesses\",\"Comidas &amp; Bebidas\",\"Destacados\",\"La Marina Casa de Campo\",\"Noticias Locales\",\"Resort Casa de Campo\",\"Restaurantes\"],\"inLanguage\":\"es\"},{\"@type\":\"WebPage\",\"@id\":\"https:\\\/\\\/casadecampoliving.com\\\/es\\\/cafe-en-casa\\\/\",\"url\":\"https:\\\/\\\/casadecampoliving.com\\\/es\\\/cafe-en-casa\\\/\",\"name\":\"Caf\u00e9 en Casa: en b\u00fasqueda de la taza perfecta | Casa de Campo Living\",\"isPartOf\":{\"@id\":\"https:\\\/\\\/casadecampoliving.com\\\/es\\\/#website\"},\"primaryImageOfPage\":{\"@id\":\"https:\\\/\\\/casadecampoliving.com\\\/es\\\/cafe-en-casa\\\/#primaryimage\"},\"image\":{\"@id\":\"https:\\\/\\\/casadecampoliving.com\\\/es\\\/cafe-en-casa\\\/#primaryimage\"},\"thumbnailUrl\":\"https:\\\/\\\/i0.wp.com\\\/casadecampoliving.com\\\/wp-content\\\/uploads\\\/2022\\\/10\\\/CCLHeaderCoffeinCasaV1-29-6-15-1.jpg?fit=650%2C400&ssl=1\",\"datePublished\":\"2015-06-29T04:00:00+00:00\",\"dateModified\":\"2022-10-21T23:04:07+00:00\",\"description\":\"\u00a1Hay algo en una buena taza de caf\u00e9 que nos hace hace pensar de manera m\u00e1s positiva y nos ilumina&nbsp;durante el d\u00eda! Aunque algunas personas necesitan\",\"breadcrumb\":{\"@id\":\"https:\\\/\\\/casadecampoliving.com\\\/es\\\/cafe-en-casa\\\/#breadcrumb\"},\"inLanguage\":\"es\",\"potentialAction\":[{\"@type\":\"ReadAction\",\"target\":[\"https:\\\/\\\/casadecampoliving.com\\\/es\\\/cafe-en-casa\\\/\"]}]},{\"@type\":\"ImageObject\",\"inLanguage\":\"es\",\"@id\":\"https:\\\/\\\/casadecampoliving.com\\\/es\\\/cafe-en-casa\\\/#primaryimage\",\"url\":\"https:\\\/\\\/i0.wp.com\\\/casadecampoliving.com\\\/wp-content\\\/uploads\\\/2022\\\/10\\\/CCLHeaderCoffeinCasaV1-29-6-15-1.jpg?fit=650%2C400&ssl=1\",\"contentUrl\":\"https:\\\/\\\/i0.wp.com\\\/casadecampoliving.com\\\/wp-content\\\/uploads\\\/2022\\\/10\\\/CCLHeaderCoffeinCasaV1-29-6-15-1.jpg?fit=650%2C400&ssl=1\",\"width\":650,\"height\":400},{\"@type\":\"BreadcrumbList\",\"@id\":\"https:\\\/\\\/casadecampoliving.com\\\/es\\\/cafe-en-casa\\\/#breadcrumb\",\"itemListElement\":[{\"@type\":\"ListItem\",\"position\":1,\"name\":\"Home\",\"item\":\"https:\\\/\\\/casadecampoliving.com\\\/es\\\/\"},{\"@type\":\"ListItem\",\"position\":2,\"name\":\"Caf\u00e9 en Casa: en b\u00fasqueda de la taza perfecta\"}]},{\"@type\":\"WebSite\",\"@id\":\"https:\\\/\\\/casadecampoliving.com\\\/es\\\/#website\",\"url\":\"https:\\\/\\\/casadecampoliving.com\\\/es\\\/\",\"name\":\"Casa de Campo Living\",\"description\":\"Resort community news and resources.\",\"publisher\":{\"@id\":\"https:\\\/\\\/casadecampoliving.com\\\/es\\\/#organization\"},\"potentialAction\":[{\"@type\":\"SearchAction\",\"target\":{\"@type\":\"EntryPoint\",\"urlTemplate\":\"https:\\\/\\\/casadecampoliving.com\\\/es\\\/?s={search_term_string}\"},\"query-input\":{\"@type\":\"PropertyValueSpecification\",\"valueRequired\":true,\"valueName\":\"search_term_string\"}}],\"inLanguage\":\"es\"},{\"@type\":\"Organization\",\"@id\":\"https:\\\/\\\/casadecampoliving.com\\\/es\\\/#organization\",\"name\":\"Casa de Campo Living\",\"url\":\"https:\\\/\\\/casadecampoliving.com\\\/es\\\/\",\"logo\":{\"@type\":\"ImageObject\",\"inLanguage\":\"es\",\"@id\":\"https:\\\/\\\/casadecampoliving.com\\\/es\\\/#\\\/schema\\\/logo\\\/image\\\/\",\"url\":\"https:\\\/\\\/i0.wp.com\\\/casadecampoliving.com\\\/wp-content\\\/uploads\\\/2022\\\/07\\\/CDCLivingLogo_V1-white-sized.png?fit=800%2C214&ssl=1\",\"contentUrl\":\"https:\\\/\\\/i0.wp.com\\\/casadecampoliving.com\\\/wp-content\\\/uploads\\\/2022\\\/07\\\/CDCLivingLogo_V1-white-sized.png?fit=800%2C214&ssl=1\",\"width\":800,\"height\":214,\"caption\":\"Casa de Campo Living\"},\"image\":{\"@id\":\"https:\\\/\\\/casadecampoliving.com\\\/es\\\/#\\\/schema\\\/logo\\\/image\\\/\"},\"sameAs\":[\"https:\\\/\\\/www.facebook.com\\\/casadecampoliving\",\"https:\\\/\\\/x.com\\\/cdcliving\"]},{\"@type\":\"Person\",\"@id\":\"https:\\\/\\\/casadecampoliving.com\\\/es\\\/#\\\/schema\\\/person\\\/31e9c79dd1ae5946a5bc1d006945aad1\",\"name\":\"Carla Campos\",\"image\":{\"@type\":\"ImageObject\",\"inLanguage\":\"es\",\"@id\":\"https:\\\/\\\/secure.gravatar.com\\\/avatar\\\/73cf86e3450dfb9b46e1fdb84b1d556861d8ff8c40e6925be3e987154c3b5772?s=96&d=mm&r=g\",\"url\":\"https:\\\/\\\/secure.gravatar.com\\\/avatar\\\/73cf86e3450dfb9b46e1fdb84b1d556861d8ff8c40e6925be3e987154c3b5772?s=96&d=mm&r=g\",\"contentUrl\":\"https:\\\/\\\/secure.gravatar.com\\\/avatar\\\/73cf86e3450dfb9b46e1fdb84b1d556861d8ff8c40e6925be3e987154c3b5772?s=96&d=mm&r=g\",\"caption\":\"Carla Campos\"},\"url\":\"https:\\\/\\\/casadecampoliving.com\\\/es\\\/author\\\/ccampos\\\/\"}]}<\/script>\n<!-- \/ Yoast SEO plugin. -->","yoast_head_json":{"title":"Caf\u00e9 en Casa: en b\u00fasqueda de la taza perfecta | Casa de Campo Living","description":"\u00a1Hay algo en una buena taza de caf\u00e9 que nos hace hace pensar de manera m\u00e1s positiva y nos ilumina&nbsp;durante el d\u00eda! Aunque algunas personas necesitan","robots":{"index":"index","follow":"follow","max-snippet":"max-snippet:-1","max-image-preview":"max-image-preview:large","max-video-preview":"max-video-preview:-1"},"canonical":"https:\/\/casadecampoliving.com\/es\/cafe-en-casa\/","og_locale":"es_ES","og_type":"article","og_title":"Caf\u00e9 en Casa: en b\u00fasqueda de la taza perfecta | Casa de Campo Living","og_description":"\u00a1Hay algo en una buena taza de caf\u00e9 que nos hace hace pensar de manera m\u00e1s positiva y nos ilumina&nbsp;durante el d\u00eda! Aunque algunas personas necesitan","og_url":"https:\/\/casadecampoliving.com\/es\/cafe-en-casa\/","og_site_name":"Casa de Campo Living","article_publisher":"https:\/\/www.facebook.com\/casadecampoliving","article_published_time":"2015-06-29T04:00:00+00:00","article_modified_time":"2022-10-21T23:04:07+00:00","og_image":[{"width":650,"height":400,"url":"https:\/\/i0.wp.com\/casadecampoliving.com\/wp-content\/uploads\/2022\/10\/CCLHeaderCoffeinCasaV1-29-6-15-1.jpg?fit=650%2C400&ssl=1","type":"image\/jpeg"}],"author":"Carla Campos","twitter_card":"summary_large_image","twitter_creator":"@cdcliving","twitter_site":"@cdcliving","twitter_misc":{"Escrito por":"Carla Campos","Tiempo de lectura":"5 minutos"},"schema":{"@context":"https:\/\/schema.org","@graph":[{"@type":"Article","@id":"https:\/\/casadecampoliving.com\/es\/cafe-en-casa\/#article","isPartOf":{"@id":"https:\/\/casadecampoliving.com\/es\/cafe-en-casa\/"},"author":{"name":"Carla Campos","@id":"https:\/\/casadecampoliving.com\/es\/#\/schema\/person\/31e9c79dd1ae5946a5bc1d006945aad1"},"headline":"Caf\u00e9 en Casa: en b\u00fasqueda de la taza perfecta","datePublished":"2015-06-29T04:00:00+00:00","dateModified":"2022-10-21T23:04:07+00:00","mainEntityOfPage":{"@id":"https:\/\/casadecampoliving.com\/es\/cafe-en-casa\/"},"wordCount":1043,"publisher":{"@id":"https:\/\/casadecampoliving.com\/es\/#organization"},"image":{"@id":"https:\/\/casadecampoliving.com\/es\/cafe-en-casa\/#primaryimage"},"thumbnailUrl":"https:\/\/i0.wp.com\/casadecampoliving.com\/wp-content\/uploads\/2022\/10\/CCLHeaderCoffeinCasaV1-29-6-15-1.jpg?fit=650%2C400&ssl=1","keywords":["azimut cafe @es","Carla Campos @es","casa de campo @es","Casa de Campo Community @es","casa de campo resort @es","la cana by il circo @es","La Cantina @es","la casita @es"],"articleSection":["Altos de Chavon @es","businesses","Comidas &amp; Bebidas","Destacados","La Marina Casa de Campo","Noticias Locales","Resort Casa de Campo","Restaurantes"],"inLanguage":"es"},{"@type":"WebPage","@id":"https:\/\/casadecampoliving.com\/es\/cafe-en-casa\/","url":"https:\/\/casadecampoliving.com\/es\/cafe-en-casa\/","name":"Caf\u00e9 en Casa: en b\u00fasqueda de la taza perfecta | Casa de Campo Living","isPartOf":{"@id":"https:\/\/casadecampoliving.com\/es\/#website"},"primaryImageOfPage":{"@id":"https:\/\/casadecampoliving.com\/es\/cafe-en-casa\/#primaryimage"},"image":{"@id":"https:\/\/casadecampoliving.com\/es\/cafe-en-casa\/#primaryimage"},"thumbnailUrl":"https:\/\/i0.wp.com\/casadecampoliving.com\/wp-content\/uploads\/2022\/10\/CCLHeaderCoffeinCasaV1-29-6-15-1.jpg?fit=650%2C400&ssl=1","datePublished":"2015-06-29T04:00:00+00:00","dateModified":"2022-10-21T23:04:07+00:00","description":"\u00a1Hay algo en una buena taza de caf\u00e9 que nos hace hace pensar de manera m\u00e1s positiva y nos ilumina&nbsp;durante el d\u00eda! Aunque algunas personas necesitan","breadcrumb":{"@id":"https:\/\/casadecampoliving.com\/es\/cafe-en-casa\/#breadcrumb"},"inLanguage":"es","potentialAction":[{"@type":"ReadAction","target":["https:\/\/casadecampoliving.com\/es\/cafe-en-casa\/"]}]},{"@type":"ImageObject","inLanguage":"es","@id":"https:\/\/casadecampoliving.com\/es\/cafe-en-casa\/#primaryimage","url":"https:\/\/i0.wp.com\/casadecampoliving.com\/wp-content\/uploads\/2022\/10\/CCLHeaderCoffeinCasaV1-29-6-15-1.jpg?fit=650%2C400&ssl=1","contentUrl":"https:\/\/i0.wp.com\/casadecampoliving.com\/wp-content\/uploads\/2022\/10\/CCLHeaderCoffeinCasaV1-29-6-15-1.jpg?fit=650%2C400&ssl=1","width":650,"height":400},{"@type":"BreadcrumbList","@id":"https:\/\/casadecampoliving.com\/es\/cafe-en-casa\/#breadcrumb","itemListElement":[{"@type":"ListItem","position":1,"name":"Home","item":"https:\/\/casadecampoliving.com\/es\/"},{"@type":"ListItem","position":2,"name":"Caf\u00e9 en Casa: en b\u00fasqueda de la taza perfecta"}]},{"@type":"WebSite","@id":"https:\/\/casadecampoliving.com\/es\/#website","url":"https:\/\/casadecampoliving.com\/es\/","name":"Casa de Campo Living","description":"Resort community news and resources.","publisher":{"@id":"https:\/\/casadecampoliving.com\/es\/#organization"},"potentialAction":[{"@type":"SearchAction","target":{"@type":"EntryPoint","urlTemplate":"https:\/\/casadecampoliving.com\/es\/?s={search_term_string}"},"query-input":{"@type":"PropertyValueSpecification","valueRequired":true,"valueName":"search_term_string"}}],"inLanguage":"es"},{"@type":"Organization","@id":"https:\/\/casadecampoliving.com\/es\/#organization","name":"Casa de Campo Living","url":"https:\/\/casadecampoliving.com\/es\/","logo":{"@type":"ImageObject","inLanguage":"es","@id":"https:\/\/casadecampoliving.com\/es\/#\/schema\/logo\/image\/","url":"https:\/\/i0.wp.com\/casadecampoliving.com\/wp-content\/uploads\/2022\/07\/CDCLivingLogo_V1-white-sized.png?fit=800%2C214&ssl=1","contentUrl":"https:\/\/i0.wp.com\/casadecampoliving.com\/wp-content\/uploads\/2022\/07\/CDCLivingLogo_V1-white-sized.png?fit=800%2C214&ssl=1","width":800,"height":214,"caption":"Casa de Campo Living"},"image":{"@id":"https:\/\/casadecampoliving.com\/es\/#\/schema\/logo\/image\/"},"sameAs":["https:\/\/www.facebook.com\/casadecampoliving","https:\/\/x.com\/cdcliving"]},{"@type":"Person","@id":"https:\/\/casadecampoliving.com\/es\/#\/schema\/person\/31e9c79dd1ae5946a5bc1d006945aad1","name":"Carla Campos","image":{"@type":"ImageObject","inLanguage":"es","@id":"https:\/\/secure.gravatar.com\/avatar\/73cf86e3450dfb9b46e1fdb84b1d556861d8ff8c40e6925be3e987154c3b5772?s=96&d=mm&r=g","url":"https:\/\/secure.gravatar.com\/avatar\/73cf86e3450dfb9b46e1fdb84b1d556861d8ff8c40e6925be3e987154c3b5772?s=96&d=mm&r=g","contentUrl":"https:\/\/secure.gravatar.com\/avatar\/73cf86e3450dfb9b46e1fdb84b1d556861d8ff8c40e6925be3e987154c3b5772?s=96&d=mm&r=g","caption":"Carla Campos"},"url":"https:\/\/casadecampoliving.com\/es\/author\/ccampos\/"}]}},"parsely":{"version":"1.1.0","canonical_url":"https:\/\/casadecampoliving.com\/es\/cafe-en-casa\/","smart_links":{"inbound":0,"outbound":0},"traffic_boost_suggestions_count":0,"meta":{"@context":"https:\/\/schema.org","@type":"NewsArticle","headline":"Caf\u00e9 en Casa: en b\u00fasqueda de la taza perfecta","url":"http:\/\/casadecampoliving.com\/es\/cafe-en-casa\/","mainEntityOfPage":{"@type":"WebPage","@id":"http:\/\/casadecampoliving.com\/es\/cafe-en-casa\/"},"thumbnailUrl":"https:\/\/i0.wp.com\/casadecampoliving.com\/wp-content\/uploads\/2022\/10\/CCLHeaderCoffeinCasaV1-29-6-15-1.jpg?resize=150%2C150&ssl=1","image":{"@type":"ImageObject","url":"https:\/\/i0.wp.com\/casadecampoliving.com\/wp-content\/uploads\/2022\/10\/CCLHeaderCoffeinCasaV1-29-6-15-1.jpg?fit=650%2C400&ssl=1"},"articleSection":"Altos de Chavon @es","author":[{"@type":"Person","name":"Carla Campos"}],"creator":["Carla Campos"],"publisher":{"@type":"Organization","name":"Casa de Campo Living","logo":"https:\/\/casadecampoliving.com\/wp-content\/uploads\/2022\/07\/CDCLivingLogo_V1-white-sized.png"},"keywords":["azimut cafe @es","carla campos @es","casa de campo @es","casa de campo community @es","casa de campo resort @es","la cana by il circo @es","la cantina @es","la casita @es"],"dateCreated":"2015-06-29T04:00:00Z","datePublished":"2015-06-29T04:00:00Z","dateModified":"2022-10-21T23:04:07Z"},"rendered":"<script type=\"application\/ld+json\" class=\"wp-parsely-metadata\">{\"@context\":\"https:\\\/\\\/schema.org\",\"@type\":\"NewsArticle\",\"headline\":\"Caf\\u00e9 en Casa: en b\\u00fasqueda de la taza perfecta\",\"url\":\"http:\\\/\\\/casadecampoliving.com\\\/es\\\/cafe-en-casa\\\/\",\"mainEntityOfPage\":{\"@type\":\"WebPage\",\"@id\":\"http:\\\/\\\/casadecampoliving.com\\\/es\\\/cafe-en-casa\\\/\"},\"thumbnailUrl\":\"https:\\\/\\\/i0.wp.com\\\/casadecampoliving.com\\\/wp-content\\\/uploads\\\/2022\\\/10\\\/CCLHeaderCoffeinCasaV1-29-6-15-1.jpg?resize=150%2C150&ssl=1\",\"image\":{\"@type\":\"ImageObject\",\"url\":\"https:\\\/\\\/i0.wp.com\\\/casadecampoliving.com\\\/wp-content\\\/uploads\\\/2022\\\/10\\\/CCLHeaderCoffeinCasaV1-29-6-15-1.jpg?fit=650%2C400&ssl=1\"},\"articleSection\":\"Altos de Chavon @es\",\"author\":[{\"@type\":\"Person\",\"name\":\"Carla Campos\"}],\"creator\":[\"Carla Campos\"],\"publisher\":{\"@type\":\"Organization\",\"name\":\"Casa de Campo Living\",\"logo\":\"https:\\\/\\\/casadecampoliving.com\\\/wp-content\\\/uploads\\\/2022\\\/07\\\/CDCLivingLogo_V1-white-sized.png\"},\"keywords\":[\"azimut cafe @es\",\"carla campos @es\",\"casa de campo @es\",\"casa de campo community @es\",\"casa de campo resort @es\",\"la cana by il circo @es\",\"la cantina @es\",\"la casita @es\"],\"dateCreated\":\"2015-06-29T04:00:00Z\",\"datePublished\":\"2015-06-29T04:00:00Z\",\"dateModified\":\"2022-10-21T23:04:07Z\"}<\/script>","tracker_url":"https:\/\/cdn.parsely.com\/keys\/casadecampoliving.com\/p.js"},"jetpack_publicize_connections":[],"jetpack_featured_media_url":"https:\/\/i0.wp.com\/casadecampoliving.com\/wp-content\/uploads\/2022\/10\/CCLHeaderCoffeinCasaV1-29-6-15-1.jpg?fit=650%2C400&ssl=1","jetpack-related-posts":[{"id":433460,"url":"https:\/\/casadecampoliving.com\/es\/no-se-pierdan-el-increible-tributo-a-frank-sinatra-para-celebrar-el-40-aniversario-del-anfiteatro-altos-de-chavon\/","url_meta":{"origin":347628,"position":0},"title":"No se pierdan el incre\u00edble tributo a Frank Sinatra para celebrar el 40 aniversario del\u00a0Anfiteatro Altos de Chav\u00f3n","author":"Casa de Campo Living","date":"20 Oct, 2022","format":false,"excerpt":"Siendo uno de los escenarios m\u00e1s emblem\u00e1ticos del pa\u00eds, Casa de Campo Resort\u00ae & Villas celebra las cuatro d\u00e9cadas de aniversario de Altos de Chav\u00f3n con un tributo al gran Frank Sinatra, protagonizado por artistas invitados y una big band tal cual la que acompa\u00f1\u00f3 al artista hace 40 a\u00f1os\u2026","rel":"","context":"En \u00abUncategorized @es\u00bb","block_context":{"text":"Uncategorized @es","link":"https:\/\/casadecampoliving.com\/es\/category\/uncategorized-es\/"},"img":{"alt_text":"","src":"https:\/\/i0.wp.com\/casadecampoliving.com\/wp-content\/uploads\/2022\/10\/Tributo-Frank-Sinatra-Foto-Principal-Amaury-Sanchez-Danilo-Ginebra-Andres-Pichardo-y-Jose-Gabriel-Perez-.jpg?fit=1200%2C873&ssl=1&resize=350%2C200","width":350,"height":200,"srcset":"https:\/\/i0.wp.com\/casadecampoliving.com\/wp-content\/uploads\/2022\/10\/Tributo-Frank-Sinatra-Foto-Principal-Amaury-Sanchez-Danilo-Ginebra-Andres-Pichardo-y-Jose-Gabriel-Perez-.jpg?fit=1200%2C873&ssl=1&resize=350%2C200 1x, https:\/\/i0.wp.com\/casadecampoliving.com\/wp-content\/uploads\/2022\/10\/Tributo-Frank-Sinatra-Foto-Principal-Amaury-Sanchez-Danilo-Ginebra-Andres-Pichardo-y-Jose-Gabriel-Perez-.jpg?fit=1200%2C873&ssl=1&resize=525%2C300 1.5x, https:\/\/i0.wp.com\/casadecampoliving.com\/wp-content\/uploads\/2022\/10\/Tributo-Frank-Sinatra-Foto-Principal-Amaury-Sanchez-Danilo-Ginebra-Andres-Pichardo-y-Jose-Gabriel-Perez-.jpg?fit=1200%2C873&ssl=1&resize=700%2C400 2x, https:\/\/i0.wp.com\/casadecampoliving.com\/wp-content\/uploads\/2022\/10\/Tributo-Frank-Sinatra-Foto-Principal-Amaury-Sanchez-Danilo-Ginebra-Andres-Pichardo-y-Jose-Gabriel-Perez-.jpg?fit=1200%2C873&ssl=1&resize=1050%2C600 3x"},"classes":[]},{"id":344682,"url":"https:\/\/casadecampoliving.com\/es\/cafe-beneficioso-o-danino\/","url_meta":{"origin":347628,"position":1},"title":"Caf\u00e9, \u00bfbeneficioso o perjudicial?","author":"Jacqueline Banks","date":"26 Jun, 2014","format":false,"excerpt":"Por mucho tiempo el caf\u00e9 ha sido elogiado por sus incre\u00edbles beneficios pero a la misma vez satanizado por perjudicar nuestra salud. Entonces, \u00bfcu\u00e1l es la verdadera historia del caf\u00e9? \u00bfDeber\u00edamos tomarlo o deshacernos del caf\u00e9? He aqu\u00ed algunas respuestas para ayudarle a decidir si es adecuado o no para\u2026","rel":"","context":"En \u00abCasa de Campo Living @es\u00bb","block_context":{"text":"Casa de Campo Living @es","link":"https:\/\/casadecampoliving.com\/category\/casa-de-campo-living-es\/"},"img":{"alt_text":"","src":"https:\/\/i0.wp.com\/casadecampoliving.com\/wp-content\/uploads\/2022\/10\/Coffe_header-1.jpg?fit=1200%2C800&ssl=1&resize=350%2C200","width":350,"height":200,"srcset":"https:\/\/i0.wp.com\/casadecampoliving.com\/wp-content\/uploads\/2022\/10\/Coffe_header-1.jpg?fit=1200%2C800&ssl=1&resize=350%2C200 1x, https:\/\/i0.wp.com\/casadecampoliving.com\/wp-content\/uploads\/2022\/10\/Coffe_header-1.jpg?fit=1200%2C800&ssl=1&resize=525%2C300 1.5x, https:\/\/i0.wp.com\/casadecampoliving.com\/wp-content\/uploads\/2022\/10\/Coffe_header-1.jpg?fit=1200%2C800&ssl=1&resize=700%2C400 2x, https:\/\/i0.wp.com\/casadecampoliving.com\/wp-content\/uploads\/2022\/10\/Coffe_header-1.jpg?fit=1200%2C800&ssl=1&resize=1050%2C600 3x"},"classes":[]},{"id":348246,"url":"https:\/\/casadecampoliving.com\/es\/cafe-de-paris-abrio-otra-vez\/","url_meta":{"origin":347628,"position":2},"title":"\u00a1Cafe de Paris ABRI\u00d3 OTRA VEZ!","author":"Carla Campos","date":"14 Sep, 2015","format":false,"excerpt":"\u00a1Noticia de \u00daltimo Minuto! Caf\u00e9 de Par\u00eds ubicado en Altos de Chav\u00f3n se encuentra\u00a0ABIERTO y estamos seguros que muy pronto\u00a0ser\u00e1 su lugar favorito para pasar el rato! \u00a0Este negocio ahora\u00a0pertenece a Rosario y Lucy, una pareja Italo-Colombiana que han vivido en Paris por los \u00faltimos 13 a\u00f1os. Caf\u00e9 de Par\u00eds\u2026","rel":"","context":"En \u00abAltos de Chavon @es\u00bb","block_context":{"text":"Altos de Chavon @es","link":"https:\/\/casadecampoliving.com\/category\/altos-de-chavon-es\/"},"img":{"alt_text":"","src":"https:\/\/i0.wp.com\/casadecampoliving.com\/wp-content\/uploads\/2022\/10\/Cafe_de_Paris_2-1.jpg?fit=800%2C600&ssl=1&resize=350%2C200","width":350,"height":200,"srcset":"https:\/\/i0.wp.com\/casadecampoliving.com\/wp-content\/uploads\/2022\/10\/Cafe_de_Paris_2-1.jpg?fit=800%2C600&ssl=1&resize=350%2C200 1x, https:\/\/i0.wp.com\/casadecampoliving.com\/wp-content\/uploads\/2022\/10\/Cafe_de_Paris_2-1.jpg?fit=800%2C600&ssl=1&resize=525%2C300 1.5x, https:\/\/i0.wp.com\/casadecampoliving.com\/wp-content\/uploads\/2022\/10\/Cafe_de_Paris_2-1.jpg?fit=800%2C600&ssl=1&resize=700%2C400 2x"},"classes":[]},{"id":353866,"url":"https:\/\/casadecampoliving.com\/es\/dia-internacional-del-cafe-republica-dominicana-un-pais-amante-del-cafe\/","url_meta":{"origin":347628,"position":3},"title":"D\u00eda Internacional del Caf\u00e9: Rep\u00fablica Dominicana, un pa\u00eds amante del caf\u00e9","author":"Casa de Campo Living","date":"1 Oct, 2020","format":false,"excerpt":"El D\u00eda Internacional del Caf\u00e9 tiene lugar el 1 de octubre de cada a\u00f1o. Este d\u00eda est\u00e1 dedicado a continuar promoviendo y celebrando el caf\u00e9 como una de las bebidas m\u00e1s queridas del mundo. Tambi\u00e9n es una oportunidad para promover pr\u00e1cticas cafeteras sostenibles y crear conciencia sobre la dif\u00edcil situaci\u00f3n\u2026","rel":"","context":"En \u00abCasa de Campo Living @es\u00bb","block_context":{"text":"Casa de Campo Living @es","link":"https:\/\/casadecampoliving.com\/category\/casa-de-campo-living-es\/"},"img":{"alt_text":"","src":"https:\/\/i0.wp.com\/casadecampoliving.com\/wp-content\/uploads\/2022\/10\/coffee-1209090_1920-1.jpg?fit=1000%2C667&ssl=1&resize=350%2C200","width":350,"height":200,"srcset":"https:\/\/i0.wp.com\/casadecampoliving.com\/wp-content\/uploads\/2022\/10\/coffee-1209090_1920-1.jpg?fit=1000%2C667&ssl=1&resize=350%2C200 1x, https:\/\/i0.wp.com\/casadecampoliving.com\/wp-content\/uploads\/2022\/10\/coffee-1209090_1920-1.jpg?fit=1000%2C667&ssl=1&resize=525%2C300 1.5x, https:\/\/i0.wp.com\/casadecampoliving.com\/wp-content\/uploads\/2022\/10\/coffee-1209090_1920-1.jpg?fit=1000%2C667&ssl=1&resize=700%2C400 2x"},"classes":[]},{"id":346769,"url":"https:\/\/casadecampoliving.com\/es\/cafe-de-la-leche-en-el-spa-casa-de-campo\/","url_meta":{"origin":347628,"position":4},"title":"Caf\u00e9 de la Leche en el Spa Casa de Campo","author":"Rebecca Silvestri","date":"25 Feb, 2015","format":false,"excerpt":"\u00a1Buenas noticas, se\u00f1oras! Justo cuando toda la comunidad de Casa de Campo comparte su pasi\u00f3n por todas las cosas saludables y hol\u00edsticas, nos complace anunciar que el pr\u00f3ximo Caf\u00e9 de la Leche ser\u00e1 celebrado en el Spa de Casa de Campo \u2013 y no todo se trata de mimos e\u2026","rel":"","context":"En \u00abDeportes\u00bb","block_context":{"text":"Deportes","link":"https:\/\/casadecampoliving.com\/es\/category\/golf-deportes-es\/"},"img":{"alt_text":"Casa de Campo Spa","src":"https:\/\/i0.wp.com\/casadecampoliving.com\/wp-content\/uploads\/2022\/10\/Casa_de_Campo_Spa.png?fit=640%2C425&ssl=1&resize=350%2C200","width":350,"height":200,"srcset":"https:\/\/i0.wp.com\/casadecampoliving.com\/wp-content\/uploads\/2022\/10\/Casa_de_Campo_Spa.png?fit=640%2C425&ssl=1&resize=350%2C200 1x, https:\/\/i0.wp.com\/casadecampoliving.com\/wp-content\/uploads\/2022\/10\/Casa_de_Campo_Spa.png?fit=640%2C425&ssl=1&resize=525%2C300 1.5x"},"classes":[]},{"id":344574,"url":"https:\/\/casadecampoliving.com\/es\/una-nueva-adicion-la-gastronomia-de-altos-de-chavon\/","url_meta":{"origin":347628,"position":5},"title":"\u00a1Una nueva adici\u00f3n a la gastronom\u00eda de Altos de Chav\u00f3n!","author":"Eliana Alba","date":"10 Jun, 2014","format":false,"excerpt":"Aqu\u00ed en Casa de Campo, nos encanta probar cosas nuevas y nos encanta todav\u00eda m\u00e1s cuando abre un nuevo restaurante para explorar y disfrutar. Caf\u00e9 del R\u00edo, un restaurante cuyo nombre es una combinaci\u00f3n inspirada de dos antiguos restaurantes muy populares \u2013 Caf\u00e9 del Sol y Casa del R\u00edo \u2013\u2026","rel":"","context":"En \u00abAltos de Chavon @es\u00bb","block_context":{"text":"Altos de Chavon @es","link":"https:\/\/casadecampoliving.com\/category\/altos-de-chavon-es\/"},"img":{"alt_text":"","src":"https:\/\/i0.wp.com\/casadecampoliving.com\/wp-content\/uploads\/2022\/10\/IMG_9939-e1402431223817-1.jpg?fit=650%2C433&ssl=1&resize=350%2C200","width":350,"height":200,"srcset":"https:\/\/i0.wp.com\/casadecampoliving.com\/wp-content\/uploads\/2022\/10\/IMG_9939-e1402431223817-1.jpg?fit=650%2C433&ssl=1&resize=350%2C200 1x, https:\/\/i0.wp.com\/casadecampoliving.com\/wp-content\/uploads\/2022\/10\/IMG_9939-e1402431223817-1.jpg?fit=650%2C433&ssl=1&resize=525%2C300 1.5x"},"classes":[]}],"jetpack_sharing_enabled":true,"_links":{"self":[{"href":"https:\/\/casadecampoliving.com\/es\/wp-json\/wp\/v2\/posts\/347628","targetHints":{"allow":["GET"]}}],"collection":[{"href":"https:\/\/casadecampoliving.com\/es\/wp-json\/wp\/v2\/posts"}],"about":[{"href":"https:\/\/casadecampoliving.com\/es\/wp-json\/wp\/v2\/types\/post"}],"author":[{"embeddable":true,"href":"https:\/\/casadecampoliving.com\/es\/wp-json\/wp\/v2\/users\/36672"}],"replies":[{"embeddable":true,"href":"https:\/\/casadecampoliving.com\/es\/wp-json\/wp\/v2\/comments?post=347628"}],"version-history":[{"count":1,"href":"https:\/\/casadecampoliving.com\/es\/wp-json\/wp\/v2\/posts\/347628\/revisions"}],"predecessor-version":[{"id":347631,"href":"https:\/\/casadecampoliving.com\/es\/wp-json\/wp\/v2\/posts\/347628\/revisions\/347631"}],"wp:featuredmedia":[{"embeddable":true,"href":"https:\/\/casadecampoliving.com\/es\/wp-json\/wp\/v2\/media\/275792"}],"wp:attachment":[{"href":"https:\/\/casadecampoliving.com\/es\/wp-json\/wp\/v2\/media?parent=347628"}],"wp:term":[{"taxonomy":"category","embeddable":true,"href":"https:\/\/casadecampoliving.com\/es\/wp-json\/wp\/v2\/categories?post=347628"},{"taxonomy":"post_tag","embeddable":true,"href":"https:\/\/casadecampoliving.com\/es\/wp-json\/wp\/v2\/tags?post=347628"},{"taxonomy":"newspack_spnsrs_tax","embeddable":true,"href":"https:\/\/casadecampoliving.com\/es\/wp-json\/wp\/v2\/newspack_spnsrs_tax?post=347628"}],"curies":[{"name":"wp","href":"https:\/\/api.w.org\/{rel}","templated":true}]}}