{"id":347610,"date":"2015-06-26T00:00:00","date_gmt":"2015-06-26T04:00:00","guid":{"rendered":"https:\/\/casadecampoliving.com\/fin-de-semana-en-casa-juan-luis-guerra\/"},"modified":"2022-10-21T19:03:40","modified_gmt":"2022-10-21T23:03:40","slug":"fin-de-semana-en-casa-juan-luis-guerra","status":"publish","type":"post","link":"https:\/\/casadecampoliving.com\/es\/fin-de-semana-en-casa-juan-luis-guerra\/","title":{"rendered":"Planifique su fin de semana en Casa: Juan Luis Guerra y m\u00e1s"},"content":{"rendered":"<div class=\"wp-block-image\">\n<figure class=\"aligncenter is-resized\"><a href=\"https:\/\/i0.wp.com\/casadecampoliving-wp.s3-accelerate.amazonaws.com\/2015\/06\/Plan_your_weekend_in_casa.jpg?ssl=1\"><img loading=\"lazy\" decoding=\"async\" src=\"https:\/\/i0.wp.com\/casadecampoliving.com\/wp-content\/uploads\/2022\/10\/HeaderCCLPlanweekendV4-27-15-2.jpg?resize=650%2C400&amp;ssl=1\" alt=\"HeaderCCLPlanweekendV4-27-15\" class=\"wp-image-112083\" height=\"400\" width=\"650\"\/><\/a><\/figure>\n<\/div>\n\n\n<p>Seguramente se est\u00e1 preparando para pasar un fin de semana en Casa de Campo junto a sus amistades y familia. Si aun no ha llegado, no dudamos que viene en&nbsp;camino pues no&nbsp;querr\u00e1 perderse un fin de semana de buena m\u00fasica&nbsp;y comida&nbsp;\u00bfo si? En este articulo le brindamos nuestras principales recomendaciones&nbsp;para disfrutar de este fin de semana en Casa, donde tendremos como invitado especial a&nbsp;Juan Luis Guerra y la 440 en concierto.<\/p>\n\n\n\n<!--more-->\n\n\n\n<h3 class=\"wp-block-heading\">1. Juan Luis Guerra y la 440<\/h3>\n\n\n\n<p><a href=\"https:\/\/casadecampoliving.com\/es\/se-agotaron-las-boletas-para-juan-luis-guerra\/\">Juan Luis Guerra regresa al anfiteatro Altos de Chav\u00f3n luego de 15 a\u00f1os de ausencia<\/a>&nbsp;y&nbsp;viene con su banda 440. Las boletas ya se han agotado y se palpa la emoci\u00f3n en el ambiente\u2026 este ser\u00e1 el concierto del verano! Comparta sus fotos con nosotros usando #cdcliving y #JLGontherocks por una oportunidad de presentar sus fotos en&nbsp;nuestro pr\u00f3ximo art\u00edculo y redes sociales.<\/p>\n\n\n<div class=\"wp-block-image\">\n<figure class=\"aligncenter is-resized\"><img loading=\"lazy\" decoding=\"async\" src=\"https:\/\/i0.wp.com\/casadecampoliving.com\/wp-content\/uploads\/2022\/10\/Juan_Luis_Guerra_Altos_de_Chavon.jpg?resize=650%2C412&amp;ssl=1\" alt=\"Juan_Luis_Guerra_Altos_de_Chavon\" class=\"wp-image-111436\" height=\"412\" width=\"650\"\/><\/figure>\n<\/div>\n\n\n<h3 class=\"wp-block-heading\">2. Cena Cuatro Manos<\/h3>\n\n\n\n<p>El nuevo Chef Ejecutivo, Anthony Masas, har\u00e1 su debut formal ante&nbsp;nuestra comunidad y lo acompa\u00f1ar\u00e1 su invitado especial, Eric Malmstead, Chef del restaurante&nbsp;O.Livia en Santo Domingo, para colaborar junto a \u00e9l en Cena Cuatro Manos. Esta cena fant\u00e1stica de 5 platos en La Piazzetta se llevar\u00e1 a cabo ESTA NOCHE (viernes, 26 de junio). Para m\u00e1s detalles e informaci\u00f3n de reservaciones, lea nuestro art\u00edculo: <a href=\"https:\/\/casadecampoliving.com\/es\/cena-cuatro-manos\/\">Chefs Masas y Malmsten invitan a Cena Cuatro Manos<\/a><\/p>\n\n\n<div class=\"wp-block-image\">\n<figure class=\"aligncenter is-resized\"><img loading=\"lazy\" decoding=\"async\" src=\"https:\/\/i0.wp.com\/casadecampoliving.com\/wp-content\/uploads\/2022\/10\/Masas-and-Malmsten1.jpg?resize=650%2C352&amp;ssl=1\" alt=\"Masas and Malmsten\" class=\"wp-image-112013\" height=\"352\" width=\"650\"\/><\/figure>\n<\/div>\n\n\n<h3 class=\"wp-block-heading\">3. Caja China en Fogo do Brazil<\/h3>\n\n\n\n<p>Si, como nosotros, no consigui\u00f3&nbsp;boletas para el concierto antes de que se agotaran, un buen plan ser\u00eda invitar sus amigos a <a href=\"https:\/\/casadecampoliving.com\/es\/nuevo-restaurante-brasileno-en-la-marina\/\">Fogo do Brazil <\/a>a jugar Foosball, Ping Pong y Dardos mientras que por RD$500 disfruta de manera ilimitada de un&nbsp;Cerdo Asado en Caja China. Para reservaciones marqu\u00e9 (809) 523-2323<\/p>\n\n\n<div class=\"wp-block-image\">\n<figure class=\"aligncenter is-resized\"><img loading=\"lazy\" decoding=\"async\" src=\"https:\/\/i0.wp.com\/casadecampoliving.com\/wp-content\/uploads\/2022\/10\/Fogo_Do_Brazil.jpg?resize=650%2C434&amp;ssl=1\" alt=\"Fogo_Do_Brazil\" class=\"wp-image-112076\" height=\"434\" width=\"650\"\/><\/figure>\n<\/div>\n\n\n<h3 class=\"wp-block-heading\">4. After-Party del concierto en Onno\u2019s<\/h3>\n\n\n\n<p>El s\u00e1bado en la noche, luego de bailar en el concierto de Juan Luis Guerra, aseg\u00farese hacer una parada en <a href=\"https:\/\/casadecampoliving.com\/es\/onnos-lanza-nuevo-menu\/\">Onno\u2019s Bar<\/a>, ya que el bar\/restaurant est\u00e1 organizando un&nbsp;after-party del concierto con DJ Mackenzie.<\/p>\n\n\n<div class=\"wp-block-image\">\n<figure class=\"aligncenter is-resized\"><img loading=\"lazy\" decoding=\"async\" src=\"https:\/\/i0.wp.com\/casadecampoliving.com\/wp-content\/uploads\/2022\/10\/Onnos_bar_1-1024x679-2.jpg?resize=650%2C431&amp;ssl=1\" alt=\"Onno's_bar_1\" class=\"wp-image-112077\" height=\"431\" width=\"650\"\/><\/figure>\n<\/div>\n\n\n<h3 class=\"wp-block-heading\">5. Brunch en Fresh Fresh<\/h3>\n\n\n\n<p>Imagine esto: Se levanta un poco tarde el domingo (mas o menos &nbsp;a las 10:00 am)&nbsp;luego de una gran noche y todav\u00eda tienes un d\u00eda completo por delante para&nbsp;disfrutar en Casa antes de que llegue el&nbsp;temido LUNES y toda una semana de trabajo.&nbsp;Usted quiere relajarse y simplemente disfrutar de un caf\u00e9, una batida de frutas o un delicioso <em>brunch<\/em> en un ambiente acogedor. \u00bfA d\u00f3nde ir\u00eda? A <a href=\"https:\/\/casadecampoliving.com\/es\/fresh-fresh-abrio-sus-puertas\/\">FRESH FRESH Chav\u00f3n<\/a> por supuesto\u2026 \u00a1nuestro lugar favorito para relajarnos y disfrutar de comida saludable! Aproveche&nbsp;este fin de semana un 10% de descuento especial en todos sus men\u00fas el cual tienen disponible pensando en nuestros lectores de CCL, por lo que no se olvide visitarles.<\/p>\n\n\n\n<blockquote class=\"instagram-media\" style=\"background: #FFF; border: 0; border-radius: 3px; box-shadow: 0 0 1px 0 rgba(0,0,0,0.5),0 1px 10px 0 rgba(0,0,0,0.15); margin: 1px; max-width: 658px; padding: 0; width: calc(100% - 2px);\" data-instgrm-captioned=\"\" data-instgrm-version=\"4\"><div style=\"padding: 8px;\">\n<div style=\"background: #F8F8F8; line-height: 0; margin-top: 40px; padding: 50% 0; text-align: center; width: 100%;\"><\/div>\n<p style=\"margin: 8px 0 0 0; padding: 0 4px;\"><a style=\"color: #000; font-family: Arial,sans-serif; font-size: 14px; font-style: normal; font-weight: normal; line-height: 17px; text-decoration: none; word-wrap: break-word;\" href=\"https:\/\/instagram.com\/p\/0lrSxrkwKl\/\" target=\"_top\" rel=\"noopener\">Live the healthy experience at Fresh Fresh Chavon\ud83c\udf43<\/a><\/p>\n<p style=\"color: #c9c8cd; font-family: Arial,sans-serif; font-size: 14px; line-height: 17px; margin-bottom: 0; margin-top: 8px; overflow: hidden; padding: 8px 0 7px; text-align: center; text-overflow: ellipsis; white-space: nowrap;\">A photo posted by Fresh Fresh Chavon (@freshfreshchavon) on <time style=\"font-family: Arial,sans-serif; font-size: 14px; line-height: 17px;\" datetime=\"2015-03-23T23:29:43+00:00\">Mar 23, 2015 at 4:29pm PDT<\/time><\/p>\n<\/div><\/blockquote>\n\n\n\n<p><script src=\"\/\/platform.instagram.com\/en_US\/embeds.js\" async=\"\" defer=\"defer\"><\/script><\/p>\n\n\n\n<h3 class=\"wp-block-heading\">6. Descanse&nbsp;en el Ki-Ra Holistic Living Spa<\/h3>\n\n\n\n<p>Si siente que necesita relajarse, desintoxicarse y descansar este fin de semana, le recomendamos visitar <a href=\"https:\/\/casadecampoliving.com\/es\/ki-ra-spa-casa-de-campo-nuevo-concepto-holistico-natural\/\">Ki-Ra Holistic Living Spa<\/a>. No existe otro lugar en Casa de Campo que transmita la&nbsp;paz y tranquilidad que se siente en el Spa. No solo tienen disponibles&nbsp;precios muy razonables en&nbsp;paquetes de due\u00f1os de villas, sino que tambi\u00e9n la misma Kyra ha habilitado una oferta especial que incluye consultas de Salud y Bienestar para aquellas personas que reserven un paquete de 10 clases de yoga (el cual puedes usar en cualquier momento). Con esta incre\u00edble oferta y todo lo que puede descubrir en el Spa, no hay excusa para no mimarse este fin de semana.<\/p>\n\n\n<div class=\"wp-block-image\">\n<figure class=\"aligncenter is-resized\"><img loading=\"lazy\" decoding=\"async\" src=\"https:\/\/i0.wp.com\/casadecampoliving.com\/wp-content\/uploads\/2022\/10\/Dominican-Republic-Punta-Cana-Casa-de-Campo-Cygalle-healing-spa.jpg?resize=650%2C422&amp;ssl=1\" alt=\"Dominican-Republic-Punta-Cana-Casa-de-Campo-Cygalle-healing-spa\" class=\"wp-image-104605\" height=\"422\" width=\"650\"\/><\/figure>\n<\/div>\n\n\n<h3 class=\"wp-block-heading\">7. Escuela Tecnica&nbsp;FCBEscola para los ni\u00f1os<\/h3>\n\n\n\n<p>\u00a1No nos hemos olvidado de los ni\u00f1os! Sabemos que ellos ya est\u00e1n de vacaciones y de seguro usted est\u00e1 buscando que ellos hagan algo inolvidable en este fin de semana mientras usted se dirige al Spa o alguno de los restaurantes del complejo. \u00a1<a href=\"https:\/\/casadecampoliving.com\/es\/todo-lo-que-necesita-saber-sobre-los-campamentos-fcbescola-casa-de-campo\/\">Las cl\u00ednicas de soccer de FCBEscola<\/a>&nbsp;son&nbsp;precisamente lo que usted est\u00e1 buscando! Las cl\u00ednicas son impartidas en las Canchas de Polo entre las 3pm y 4:30pm. Lea nuestro art\u00edculo sobre <a href=\"https:\/\/casadecampoliving.com\/es\/todo-lo-que-necesita-saber-sobre-los-campamentos-fcbescola-casa-de-campo\/\">Todo lo que necesita saber acerca de FCBEscola <\/a>y llame a Telecomunicaciones para m\u00e1s informaci\u00f3n.<\/p>\n\n\n<div class=\"wp-block-image\">\n<figure class=\"aligncenter is-resized\"><img loading=\"lazy\" decoding=\"async\" src=\"https:\/\/i0.wp.com\/casadecampoliving.com\/wp-content\/uploads\/2022\/10\/Casa_de_Campo_FCBEscola_soccer.jpg?resize=650%2C431&amp;ssl=1\" alt=\"Casa de Campo FCBEscola soccer\" class=\"wp-image-110946\" height=\"431\" width=\"650\"\/><\/figure>\n<\/div>\n\n\n<p>Ciertamente no tenemos escasez de cosas que&nbsp;hacer o lugares para visitar en este fin de semana. \u00a1No es un fin de semana largo, pero si ser\u00e1 uno muy divertido en Casa! Recuerde compartir sus aventuras en Casa con el #cdcliving.<\/p>\n","protected":false},"excerpt":{"rendered":"<p>Seguramente se est\u00e1 preparando para pasar un fin de semana en Casa de Campo junto a sus amistades y familia. Si aun no ha llegado, no dudamos que viene en&nbsp;camino pues no&nbsp;querr\u00e1 perderse un fin de semana de buena m\u00fasica&nbsp;y comida&nbsp;\u00bfo si? En este articulo le brindamos nuestras principales recomendaciones&nbsp;para disfrutar de este fin de [&hellip;]<\/p>\n","protected":false},"author":1097,"featured_media":275684,"comment_status":"closed","ping_status":"closed","sticky":false,"template":"","format":"standard","meta":{"newspack_ads_suppress_ads":false,"newspack_popups_has_disabled_popups":false,"newspack_sponsor_sponsorship_scope":"","newspack_sponsor_native_byline_display":"inherit","newspack_sponsor_native_category_display":"inherit","newspack_sponsor_underwriter_style":"inherit","newspack_sponsor_underwriter_placement":"inherit","_newspack_byline_active":false,"_newspack_byline":"","newspack_hide_updated_date":false,"newspack_show_updated_date":false,"newspack_content_restriction_is_exempt":false,"newspack_featured_image_position":"","newspack_post_subtitle":"","newspack_article_summary_title":"Overview:","newspack_article_summary":"","_jetpack_memberships_contains_paid_content":false,"footnotes":"","jetpack_publicize_message":"","jetpack_publicize_feature_enabled":true,"jetpack_social_post_already_shared":false,"jetpack_social_options":{"image_generator_settings":{"template":"highway","default_image_id":0,"font":"","enabled":false},"version":2},"_wpas_customize_per_network":false},"categories":[26936,26951,14631,2522,14625,14627,2521,26822,2526],"tags":[3626,8094,24387,6371,12716,12550],"newspack_spnsrs_tax":[],"class_list":["post-347610","post","type-post","status-publish","format-standard","has-post-thumbnail","hentry","category-casa-de-campo-living-es","category-ccl-presenta","category-estilo-de-vida","category-eventos-es","category-noticias-locales","category-proximamente","category-republica-dominicana-2","category-resort-casa-de-campo","category-titulares-es","tag-casa-de-campo-es","tag-casa-de-campo-community-es","tag-casa-de-campo-living-es","tag-casa-de-campo-resort-es","tag-cena-cuatro-manos","tag-juan-luis-guerra-es","entry"],"yoast_head":"<!-- This site is optimized with the Yoast SEO plugin v27.4 - https:\/\/yoast.com\/product\/yoast-seo-wordpress\/ -->\n<title>Planifique su fin de semana en Casa: Juan Luis Guerra y m\u00e1s | Casa de Campo Living<\/title>\n<meta name=\"description\" content=\"Seguramente se est\u00e1 preparando para pasar un fin de semana en Casa de Campo junto a sus amistades y familia. Si aun no ha llegado, no dudamos que viene\" \/>\n<meta name=\"robots\" content=\"index, follow, max-snippet:-1, max-image-preview:large, max-video-preview:-1\" \/>\n<link rel=\"canonical\" href=\"https:\/\/casadecampoliving.com\/es\/fin-de-semana-en-casa-juan-luis-guerra\/\" \/>\n<meta property=\"og:locale\" content=\"es_ES\" \/>\n<meta property=\"og:type\" content=\"article\" \/>\n<meta property=\"og:title\" content=\"Planifique su fin de semana en Casa: Juan Luis Guerra y m\u00e1s | Casa de Campo Living\" \/>\n<meta property=\"og:description\" content=\"Seguramente se est\u00e1 preparando para pasar un fin de semana en Casa de Campo junto a sus amistades y familia. Si aun no ha llegado, no dudamos que viene\" \/>\n<meta property=\"og:url\" content=\"https:\/\/casadecampoliving.com\/es\/fin-de-semana-en-casa-juan-luis-guerra\/\" \/>\n<meta property=\"og:site_name\" content=\"Casa de Campo Living\" \/>\n<meta property=\"article:publisher\" content=\"https:\/\/www.facebook.com\/casadecampoliving\" \/>\n<meta property=\"article:published_time\" content=\"2015-06-26T04:00:00+00:00\" \/>\n<meta property=\"article:modified_time\" content=\"2022-10-21T23:03:40+00:00\" \/>\n<meta property=\"og:image\" content=\"https:\/\/i0.wp.com\/casadecampoliving.com\/wp-content\/uploads\/2022\/10\/HeaderCCLPlanweekendV1-27-15-1.jpg?fit=650%2C400&ssl=1\" \/>\n\t<meta property=\"og:image:width\" content=\"650\" \/>\n\t<meta property=\"og:image:height\" content=\"400\" \/>\n\t<meta property=\"og:image:type\" content=\"image\/jpeg\" \/>\n<meta name=\"author\" content=\"Perkin Agramonte\" \/>\n<meta name=\"twitter:card\" content=\"summary_large_image\" \/>\n<meta name=\"twitter:creator\" content=\"@cdcliving\" \/>\n<meta name=\"twitter:site\" content=\"@cdcliving\" \/>\n<meta name=\"twitter:label1\" content=\"Escrito por\" \/>\n\t<meta name=\"twitter:data1\" content=\"Perkin Agramonte\" \/>\n\t<meta name=\"twitter:label2\" content=\"Tiempo de lectura\" \/>\n\t<meta name=\"twitter:data2\" content=\"4 minutos\" \/>\n<script type=\"application\/ld+json\" class=\"yoast-schema-graph\">{\"@context\":\"https:\\\/\\\/schema.org\",\"@graph\":[{\"@type\":\"Article\",\"@id\":\"https:\\\/\\\/casadecampoliving.com\\\/es\\\/fin-de-semana-en-casa-juan-luis-guerra\\\/#article\",\"isPartOf\":{\"@id\":\"https:\\\/\\\/casadecampoliving.com\\\/es\\\/fin-de-semana-en-casa-juan-luis-guerra\\\/\"},\"author\":{\"name\":\"Perkin Agramonte\",\"@id\":\"https:\\\/\\\/casadecampoliving.com\\\/es\\\/#\\\/schema\\\/person\\\/c8efa6049510554b7d5fea078d728f72\"},\"headline\":\"Planifique su fin de semana en Casa: Juan Luis Guerra y m\u00e1s\",\"datePublished\":\"2015-06-26T04:00:00+00:00\",\"dateModified\":\"2022-10-21T23:03:40+00:00\",\"mainEntityOfPage\":{\"@id\":\"https:\\\/\\\/casadecampoliving.com\\\/es\\\/fin-de-semana-en-casa-juan-luis-guerra\\\/\"},\"wordCount\":786,\"publisher\":{\"@id\":\"https:\\\/\\\/casadecampoliving.com\\\/es\\\/#organization\"},\"image\":{\"@id\":\"https:\\\/\\\/casadecampoliving.com\\\/es\\\/fin-de-semana-en-casa-juan-luis-guerra\\\/#primaryimage\"},\"thumbnailUrl\":\"https:\\\/\\\/i0.wp.com\\\/casadecampoliving.com\\\/wp-content\\\/uploads\\\/2022\\\/10\\\/HeaderCCLPlanweekendV1-27-15-1.jpg?fit=650%2C400&ssl=1\",\"keywords\":[\"casa de campo @es\",\"Casa de Campo Community @es\",\"Casa de Campo Living\",\"casa de campo resort @es\",\"Cena Cuatro Manos\",\"Juan Luis Guerra @es\"],\"articleSection\":[\"Casa de Campo Living @es\",\"CCL presenta\",\"Estilo de Vida\",\"Eventos\",\"Noticias Locales\",\"Proximamente\",\"Rep\u00fablica Dominicana @es\",\"Resort Casa de Campo\",\"Titulares\"],\"inLanguage\":\"es\"},{\"@type\":\"WebPage\",\"@id\":\"https:\\\/\\\/casadecampoliving.com\\\/es\\\/fin-de-semana-en-casa-juan-luis-guerra\\\/\",\"url\":\"https:\\\/\\\/casadecampoliving.com\\\/es\\\/fin-de-semana-en-casa-juan-luis-guerra\\\/\",\"name\":\"Planifique su fin de semana en Casa: Juan Luis Guerra y m\u00e1s | Casa de Campo Living\",\"isPartOf\":{\"@id\":\"https:\\\/\\\/casadecampoliving.com\\\/es\\\/#website\"},\"primaryImageOfPage\":{\"@id\":\"https:\\\/\\\/casadecampoliving.com\\\/es\\\/fin-de-semana-en-casa-juan-luis-guerra\\\/#primaryimage\"},\"image\":{\"@id\":\"https:\\\/\\\/casadecampoliving.com\\\/es\\\/fin-de-semana-en-casa-juan-luis-guerra\\\/#primaryimage\"},\"thumbnailUrl\":\"https:\\\/\\\/i0.wp.com\\\/casadecampoliving.com\\\/wp-content\\\/uploads\\\/2022\\\/10\\\/HeaderCCLPlanweekendV1-27-15-1.jpg?fit=650%2C400&ssl=1\",\"datePublished\":\"2015-06-26T04:00:00+00:00\",\"dateModified\":\"2022-10-21T23:03:40+00:00\",\"description\":\"Seguramente se est\u00e1 preparando para pasar un fin de semana en Casa de Campo junto a sus amistades y familia. Si aun no ha llegado, no dudamos que viene\",\"breadcrumb\":{\"@id\":\"https:\\\/\\\/casadecampoliving.com\\\/es\\\/fin-de-semana-en-casa-juan-luis-guerra\\\/#breadcrumb\"},\"inLanguage\":\"es\",\"potentialAction\":[{\"@type\":\"ReadAction\",\"target\":[\"https:\\\/\\\/casadecampoliving.com\\\/es\\\/fin-de-semana-en-casa-juan-luis-guerra\\\/\"]}]},{\"@type\":\"ImageObject\",\"inLanguage\":\"es\",\"@id\":\"https:\\\/\\\/casadecampoliving.com\\\/es\\\/fin-de-semana-en-casa-juan-luis-guerra\\\/#primaryimage\",\"url\":\"https:\\\/\\\/i0.wp.com\\\/casadecampoliving.com\\\/wp-content\\\/uploads\\\/2022\\\/10\\\/HeaderCCLPlanweekendV1-27-15-1.jpg?fit=650%2C400&ssl=1\",\"contentUrl\":\"https:\\\/\\\/i0.wp.com\\\/casadecampoliving.com\\\/wp-content\\\/uploads\\\/2022\\\/10\\\/HeaderCCLPlanweekendV1-27-15-1.jpg?fit=650%2C400&ssl=1\",\"width\":650,\"height\":400},{\"@type\":\"BreadcrumbList\",\"@id\":\"https:\\\/\\\/casadecampoliving.com\\\/es\\\/fin-de-semana-en-casa-juan-luis-guerra\\\/#breadcrumb\",\"itemListElement\":[{\"@type\":\"ListItem\",\"position\":1,\"name\":\"Home\",\"item\":\"https:\\\/\\\/casadecampoliving.com\\\/es\\\/\"},{\"@type\":\"ListItem\",\"position\":2,\"name\":\"Planifique su fin de semana en Casa: Juan Luis Guerra y m\u00e1s\"}]},{\"@type\":\"WebSite\",\"@id\":\"https:\\\/\\\/casadecampoliving.com\\\/es\\\/#website\",\"url\":\"https:\\\/\\\/casadecampoliving.com\\\/es\\\/\",\"name\":\"Casa de Campo Living\",\"description\":\"Resort community news and resources.\",\"publisher\":{\"@id\":\"https:\\\/\\\/casadecampoliving.com\\\/es\\\/#organization\"},\"potentialAction\":[{\"@type\":\"SearchAction\",\"target\":{\"@type\":\"EntryPoint\",\"urlTemplate\":\"https:\\\/\\\/casadecampoliving.com\\\/es\\\/?s={search_term_string}\"},\"query-input\":{\"@type\":\"PropertyValueSpecification\",\"valueRequired\":true,\"valueName\":\"search_term_string\"}}],\"inLanguage\":\"es\"},{\"@type\":\"Organization\",\"@id\":\"https:\\\/\\\/casadecampoliving.com\\\/es\\\/#organization\",\"name\":\"Casa de Campo Living\",\"url\":\"https:\\\/\\\/casadecampoliving.com\\\/es\\\/\",\"logo\":{\"@type\":\"ImageObject\",\"inLanguage\":\"es\",\"@id\":\"https:\\\/\\\/casadecampoliving.com\\\/es\\\/#\\\/schema\\\/logo\\\/image\\\/\",\"url\":\"https:\\\/\\\/i0.wp.com\\\/casadecampoliving.com\\\/wp-content\\\/uploads\\\/2022\\\/07\\\/CDCLivingLogo_V1-white-sized.png?fit=800%2C214&ssl=1\",\"contentUrl\":\"https:\\\/\\\/i0.wp.com\\\/casadecampoliving.com\\\/wp-content\\\/uploads\\\/2022\\\/07\\\/CDCLivingLogo_V1-white-sized.png?fit=800%2C214&ssl=1\",\"width\":800,\"height\":214,\"caption\":\"Casa de Campo Living\"},\"image\":{\"@id\":\"https:\\\/\\\/casadecampoliving.com\\\/es\\\/#\\\/schema\\\/logo\\\/image\\\/\"},\"sameAs\":[\"https:\\\/\\\/www.facebook.com\\\/casadecampoliving\",\"https:\\\/\\\/x.com\\\/cdcliving\"]},{\"@type\":\"Person\",\"@id\":\"https:\\\/\\\/casadecampoliving.com\\\/es\\\/#\\\/schema\\\/person\\\/c8efa6049510554b7d5fea078d728f72\",\"name\":\"Perkin Agramonte\",\"image\":{\"@type\":\"ImageObject\",\"inLanguage\":\"es\",\"@id\":\"https:\\\/\\\/secure.gravatar.com\\\/avatar\\\/57bfdafcae55fb83dbb79a1585a9eab7f269b7720fb0b64cb9a4e0cd2962fa10?s=96&d=mm&r=g\",\"url\":\"https:\\\/\\\/secure.gravatar.com\\\/avatar\\\/57bfdafcae55fb83dbb79a1585a9eab7f269b7720fb0b64cb9a4e0cd2962fa10?s=96&d=mm&r=g\",\"contentUrl\":\"https:\\\/\\\/secure.gravatar.com\\\/avatar\\\/57bfdafcae55fb83dbb79a1585a9eab7f269b7720fb0b64cb9a4e0cd2962fa10?s=96&d=mm&r=g\",\"caption\":\"Perkin Agramonte\"},\"url\":\"https:\\\/\\\/casadecampoliving.com\\\/es\\\/author\\\/cagramonte\\\/\"}]}<\/script>\n<!-- \/ Yoast SEO plugin. -->","yoast_head_json":{"title":"Planifique su fin de semana en Casa: Juan Luis Guerra y m\u00e1s | Casa de Campo Living","description":"Seguramente se est\u00e1 preparando para pasar un fin de semana en Casa de Campo junto a sus amistades y familia. Si aun no ha llegado, no dudamos que viene","robots":{"index":"index","follow":"follow","max-snippet":"max-snippet:-1","max-image-preview":"max-image-preview:large","max-video-preview":"max-video-preview:-1"},"canonical":"https:\/\/casadecampoliving.com\/es\/fin-de-semana-en-casa-juan-luis-guerra\/","og_locale":"es_ES","og_type":"article","og_title":"Planifique su fin de semana en Casa: Juan Luis Guerra y m\u00e1s | Casa de Campo Living","og_description":"Seguramente se est\u00e1 preparando para pasar un fin de semana en Casa de Campo junto a sus amistades y familia. Si aun no ha llegado, no dudamos que viene","og_url":"https:\/\/casadecampoliving.com\/es\/fin-de-semana-en-casa-juan-luis-guerra\/","og_site_name":"Casa de Campo Living","article_publisher":"https:\/\/www.facebook.com\/casadecampoliving","article_published_time":"2015-06-26T04:00:00+00:00","article_modified_time":"2022-10-21T23:03:40+00:00","og_image":[{"width":650,"height":400,"url":"https:\/\/i0.wp.com\/casadecampoliving.com\/wp-content\/uploads\/2022\/10\/HeaderCCLPlanweekendV1-27-15-1.jpg?fit=650%2C400&ssl=1","type":"image\/jpeg"}],"author":"Perkin Agramonte","twitter_card":"summary_large_image","twitter_creator":"@cdcliving","twitter_site":"@cdcliving","twitter_misc":{"Escrito por":"Perkin Agramonte","Tiempo de lectura":"4 minutos"},"schema":{"@context":"https:\/\/schema.org","@graph":[{"@type":"Article","@id":"https:\/\/casadecampoliving.com\/es\/fin-de-semana-en-casa-juan-luis-guerra\/#article","isPartOf":{"@id":"https:\/\/casadecampoliving.com\/es\/fin-de-semana-en-casa-juan-luis-guerra\/"},"author":{"name":"Perkin Agramonte","@id":"https:\/\/casadecampoliving.com\/es\/#\/schema\/person\/c8efa6049510554b7d5fea078d728f72"},"headline":"Planifique su fin de semana en Casa: Juan Luis Guerra y m\u00e1s","datePublished":"2015-06-26T04:00:00+00:00","dateModified":"2022-10-21T23:03:40+00:00","mainEntityOfPage":{"@id":"https:\/\/casadecampoliving.com\/es\/fin-de-semana-en-casa-juan-luis-guerra\/"},"wordCount":786,"publisher":{"@id":"https:\/\/casadecampoliving.com\/es\/#organization"},"image":{"@id":"https:\/\/casadecampoliving.com\/es\/fin-de-semana-en-casa-juan-luis-guerra\/#primaryimage"},"thumbnailUrl":"https:\/\/i0.wp.com\/casadecampoliving.com\/wp-content\/uploads\/2022\/10\/HeaderCCLPlanweekendV1-27-15-1.jpg?fit=650%2C400&ssl=1","keywords":["casa de campo @es","Casa de Campo Community @es","Casa de Campo Living","casa de campo resort @es","Cena Cuatro Manos","Juan Luis Guerra @es"],"articleSection":["Casa de Campo Living @es","CCL presenta","Estilo de Vida","Eventos","Noticias Locales","Proximamente","Rep\u00fablica Dominicana @es","Resort Casa de Campo","Titulares"],"inLanguage":"es"},{"@type":"WebPage","@id":"https:\/\/casadecampoliving.com\/es\/fin-de-semana-en-casa-juan-luis-guerra\/","url":"https:\/\/casadecampoliving.com\/es\/fin-de-semana-en-casa-juan-luis-guerra\/","name":"Planifique su fin de semana en Casa: Juan Luis Guerra y m\u00e1s | Casa de Campo Living","isPartOf":{"@id":"https:\/\/casadecampoliving.com\/es\/#website"},"primaryImageOfPage":{"@id":"https:\/\/casadecampoliving.com\/es\/fin-de-semana-en-casa-juan-luis-guerra\/#primaryimage"},"image":{"@id":"https:\/\/casadecampoliving.com\/es\/fin-de-semana-en-casa-juan-luis-guerra\/#primaryimage"},"thumbnailUrl":"https:\/\/i0.wp.com\/casadecampoliving.com\/wp-content\/uploads\/2022\/10\/HeaderCCLPlanweekendV1-27-15-1.jpg?fit=650%2C400&ssl=1","datePublished":"2015-06-26T04:00:00+00:00","dateModified":"2022-10-21T23:03:40+00:00","description":"Seguramente se est\u00e1 preparando para pasar un fin de semana en Casa de Campo junto a sus amistades y familia. Si aun no ha llegado, no dudamos que viene","breadcrumb":{"@id":"https:\/\/casadecampoliving.com\/es\/fin-de-semana-en-casa-juan-luis-guerra\/#breadcrumb"},"inLanguage":"es","potentialAction":[{"@type":"ReadAction","target":["https:\/\/casadecampoliving.com\/es\/fin-de-semana-en-casa-juan-luis-guerra\/"]}]},{"@type":"ImageObject","inLanguage":"es","@id":"https:\/\/casadecampoliving.com\/es\/fin-de-semana-en-casa-juan-luis-guerra\/#primaryimage","url":"https:\/\/i0.wp.com\/casadecampoliving.com\/wp-content\/uploads\/2022\/10\/HeaderCCLPlanweekendV1-27-15-1.jpg?fit=650%2C400&ssl=1","contentUrl":"https:\/\/i0.wp.com\/casadecampoliving.com\/wp-content\/uploads\/2022\/10\/HeaderCCLPlanweekendV1-27-15-1.jpg?fit=650%2C400&ssl=1","width":650,"height":400},{"@type":"BreadcrumbList","@id":"https:\/\/casadecampoliving.com\/es\/fin-de-semana-en-casa-juan-luis-guerra\/#breadcrumb","itemListElement":[{"@type":"ListItem","position":1,"name":"Home","item":"https:\/\/casadecampoliving.com\/es\/"},{"@type":"ListItem","position":2,"name":"Planifique su fin de semana en Casa: Juan Luis Guerra y m\u00e1s"}]},{"@type":"WebSite","@id":"https:\/\/casadecampoliving.com\/es\/#website","url":"https:\/\/casadecampoliving.com\/es\/","name":"Casa de Campo Living","description":"Resort community news and resources.","publisher":{"@id":"https:\/\/casadecampoliving.com\/es\/#organization"},"potentialAction":[{"@type":"SearchAction","target":{"@type":"EntryPoint","urlTemplate":"https:\/\/casadecampoliving.com\/es\/?s={search_term_string}"},"query-input":{"@type":"PropertyValueSpecification","valueRequired":true,"valueName":"search_term_string"}}],"inLanguage":"es"},{"@type":"Organization","@id":"https:\/\/casadecampoliving.com\/es\/#organization","name":"Casa de Campo Living","url":"https:\/\/casadecampoliving.com\/es\/","logo":{"@type":"ImageObject","inLanguage":"es","@id":"https:\/\/casadecampoliving.com\/es\/#\/schema\/logo\/image\/","url":"https:\/\/i0.wp.com\/casadecampoliving.com\/wp-content\/uploads\/2022\/07\/CDCLivingLogo_V1-white-sized.png?fit=800%2C214&ssl=1","contentUrl":"https:\/\/i0.wp.com\/casadecampoliving.com\/wp-content\/uploads\/2022\/07\/CDCLivingLogo_V1-white-sized.png?fit=800%2C214&ssl=1","width":800,"height":214,"caption":"Casa de Campo Living"},"image":{"@id":"https:\/\/casadecampoliving.com\/es\/#\/schema\/logo\/image\/"},"sameAs":["https:\/\/www.facebook.com\/casadecampoliving","https:\/\/x.com\/cdcliving"]},{"@type":"Person","@id":"https:\/\/casadecampoliving.com\/es\/#\/schema\/person\/c8efa6049510554b7d5fea078d728f72","name":"Perkin Agramonte","image":{"@type":"ImageObject","inLanguage":"es","@id":"https:\/\/secure.gravatar.com\/avatar\/57bfdafcae55fb83dbb79a1585a9eab7f269b7720fb0b64cb9a4e0cd2962fa10?s=96&d=mm&r=g","url":"https:\/\/secure.gravatar.com\/avatar\/57bfdafcae55fb83dbb79a1585a9eab7f269b7720fb0b64cb9a4e0cd2962fa10?s=96&d=mm&r=g","contentUrl":"https:\/\/secure.gravatar.com\/avatar\/57bfdafcae55fb83dbb79a1585a9eab7f269b7720fb0b64cb9a4e0cd2962fa10?s=96&d=mm&r=g","caption":"Perkin Agramonte"},"url":"https:\/\/casadecampoliving.com\/es\/author\/cagramonte\/"}]}},"parsely":{"version":"1.1.0","canonical_url":"https:\/\/casadecampoliving.com\/es\/fin-de-semana-en-casa-juan-luis-guerra\/","smart_links":{"inbound":0,"outbound":0},"traffic_boost_suggestions_count":0,"meta":{"@context":"https:\/\/schema.org","@type":"NewsArticle","headline":"Planifique su fin de semana en Casa: Juan Luis Guerra y m\u00e1s","url":"http:\/\/casadecampoliving.com\/es\/fin-de-semana-en-casa-juan-luis-guerra\/","mainEntityOfPage":{"@type":"WebPage","@id":"http:\/\/casadecampoliving.com\/es\/fin-de-semana-en-casa-juan-luis-guerra\/"},"thumbnailUrl":"https:\/\/i0.wp.com\/casadecampoliving.com\/wp-content\/uploads\/2022\/10\/HeaderCCLPlanweekendV1-27-15-1.jpg?resize=150%2C150&ssl=1","image":{"@type":"ImageObject","url":"https:\/\/i0.wp.com\/casadecampoliving.com\/wp-content\/uploads\/2022\/10\/HeaderCCLPlanweekendV1-27-15-1.jpg?fit=650%2C400&ssl=1"},"articleSection":"CCL presenta","author":[{"@type":"Person","name":"Perkin Agramonte"}],"creator":["Perkin Agramonte"],"publisher":{"@type":"Organization","name":"Casa de Campo Living","logo":"https:\/\/casadecampoliving.com\/wp-content\/uploads\/2022\/07\/CDCLivingLogo_V1-white-sized.png"},"keywords":["casa de campo @es","casa de campo community @es","casa de campo living","casa de campo resort @es","cena cuatro manos","juan luis guerra @es"],"dateCreated":"2015-06-26T04:00:00Z","datePublished":"2015-06-26T04:00:00Z","dateModified":"2022-10-21T23:03:40Z"},"rendered":"<script type=\"application\/ld+json\" class=\"wp-parsely-metadata\">{\"@context\":\"https:\\\/\\\/schema.org\",\"@type\":\"NewsArticle\",\"headline\":\"Planifique su fin de semana en Casa: Juan Luis Guerra y m\\u00e1s\",\"url\":\"http:\\\/\\\/casadecampoliving.com\\\/es\\\/fin-de-semana-en-casa-juan-luis-guerra\\\/\",\"mainEntityOfPage\":{\"@type\":\"WebPage\",\"@id\":\"http:\\\/\\\/casadecampoliving.com\\\/es\\\/fin-de-semana-en-casa-juan-luis-guerra\\\/\"},\"thumbnailUrl\":\"https:\\\/\\\/i0.wp.com\\\/casadecampoliving.com\\\/wp-content\\\/uploads\\\/2022\\\/10\\\/HeaderCCLPlanweekendV1-27-15-1.jpg?resize=150%2C150&ssl=1\",\"image\":{\"@type\":\"ImageObject\",\"url\":\"https:\\\/\\\/i0.wp.com\\\/casadecampoliving.com\\\/wp-content\\\/uploads\\\/2022\\\/10\\\/HeaderCCLPlanweekendV1-27-15-1.jpg?fit=650%2C400&ssl=1\"},\"articleSection\":\"CCL presenta\",\"author\":[{\"@type\":\"Person\",\"name\":\"Perkin Agramonte\"}],\"creator\":[\"Perkin Agramonte\"],\"publisher\":{\"@type\":\"Organization\",\"name\":\"Casa de Campo Living\",\"logo\":\"https:\\\/\\\/casadecampoliving.com\\\/wp-content\\\/uploads\\\/2022\\\/07\\\/CDCLivingLogo_V1-white-sized.png\"},\"keywords\":[\"casa de campo @es\",\"casa de campo community @es\",\"casa de campo living\",\"casa de campo resort @es\",\"cena cuatro manos\",\"juan luis guerra @es\"],\"dateCreated\":\"2015-06-26T04:00:00Z\",\"datePublished\":\"2015-06-26T04:00:00Z\",\"dateModified\":\"2022-10-21T23:03:40Z\"}<\/script>","tracker_url":"https:\/\/cdn.parsely.com\/keys\/casadecampoliving.com\/p.js"},"jetpack_publicize_connections":[],"jetpack_featured_media_url":"https:\/\/i0.wp.com\/casadecampoliving.com\/wp-content\/uploads\/2022\/10\/HeaderCCLPlanweekendV1-27-15-1.jpg?fit=650%2C400&ssl=1","jetpack-related-posts":[{"id":348753,"url":"https:\/\/casadecampoliving.com\/es\/boletas-disponibles-para-el-concierto-de-juan-luis-guerra\/","url_meta":{"origin":347610,"position":0},"title":"\u00a1Boletas disponibles para el concierto de Juan Luis Guerra!","author":"Perkin Agramonte","date":"7 Dic, 2015","format":false,"excerpt":"El concierto de Juan Luis Guerra & 440 en Altos de Chav\u00f3n el 30 de diciembre es el evento de fin de a\u00f1o que usted no se puede perder. Escuchamos que\u00a0los boletos se est\u00e1n vendiendo r\u00e1pidamente, as\u00ed que aqu\u00ed les estamos motivando para comprar sus entradas antes de que se\u2026","rel":"","context":"En \u00abAltos de Chavon @es\u00bb","block_context":{"text":"Altos de Chavon @es","link":"https:\/\/casadecampoliving.com\/category\/altos-de-chavon-es\/"},"img":{"alt_text":"","src":"https:\/\/i0.wp.com\/casadecampoliving.com\/wp-content\/uploads\/2022\/10\/Juan_Luis_Guerra_Altos_de_Chavon-1.jpg?fit=650%2C412&ssl=1&resize=350%2C200","width":350,"height":200,"srcset":"https:\/\/i0.wp.com\/casadecampoliving.com\/wp-content\/uploads\/2022\/10\/Juan_Luis_Guerra_Altos_de_Chavon-1.jpg?fit=650%2C412&ssl=1&resize=350%2C200 1x, https:\/\/i0.wp.com\/casadecampoliving.com\/wp-content\/uploads\/2022\/10\/Juan_Luis_Guerra_Altos_de_Chavon-1.jpg?fit=650%2C412&ssl=1&resize=525%2C300 1.5x"},"classes":[]},{"id":348487,"url":"https:\/\/casadecampoliving.com\/es\/2016-altos-de-chavon-ricky-martin-chris-brown-juan-luis-guerra\/","url_meta":{"origin":347610,"position":1},"title":"2016 en Altos de Chav\u00f3n: Ricky Martin, Chris Brown y Juan Luis Guerra","author":"Carla Campos","date":"27 Oct, 2015","format":false,"excerpt":"\u00a1Ricky Martin, Chris Brown y Juan Luis Guerra vendr\u00e1n\u00a0al Anfiteatro de Altos de Chav\u00f3n! Gamal Hach\u00e9, co-productor del concierto de Enrique Iglesias programado para el pr\u00f3ximo s\u00e1bado, 7 de noviembre, ha confirmado que los tres artistas han reservado fecha para el 2016 a trav\u00e9s de su cuenta de Twitter. Casa\u2026","rel":"","context":"En \u00abAltos de Chavon @es\u00bb","block_context":{"text":"Altos de Chavon @es","link":"https:\/\/casadecampoliving.com\/category\/altos-de-chavon-es\/"},"img":{"alt_text":"concerts chavon 2016","src":"https:\/\/i0.wp.com\/casadecampoliving.com\/wp-content\/uploads\/2022\/10\/20125TourCCLV1-1.jpg?fit=650%2C450&ssl=1&resize=350%2C200","width":350,"height":200,"srcset":"https:\/\/i0.wp.com\/casadecampoliving.com\/wp-content\/uploads\/2022\/10\/20125TourCCLV1-1.jpg?fit=650%2C450&ssl=1&resize=350%2C200 1x, https:\/\/i0.wp.com\/casadecampoliving.com\/wp-content\/uploads\/2022\/10\/20125TourCCLV1-1.jpg?fit=650%2C450&ssl=1&resize=525%2C300 1.5x"},"classes":[]},{"id":348937,"url":"https:\/\/casadecampoliving.com\/es\/rumor-marc-anthony-junto-a-juan-luis-guerra-en-concierto-de-esta-noche\/","url_meta":{"origin":347610,"position":2},"title":"\u00a1Rumor! Marc Anthony junto a Juan Luis Guerra en concierto de esta noche!","author":"Perkin Agramonte","date":"30 Dic, 2015","format":false,"excerpt":"\u00bfHas o\u00eddo los rumores? Seg\u00fan elnuevodiario.com\u00a0el famoso salsero y due\u00f1o de villa en Casa de Campo, Marc Anthony est\u00e1 programado para hacer una aparici\u00f3n sorpresa en el concierto de Juan Luis Guerra esta noche en Altos de Chav\u00f3n! \u00a1Que interesante! As\u00ed que esta noche a las 8 pm, vamos a\u2026","rel":"","context":"En \u00abAltos de Chavon @es\u00bb","block_context":{"text":"Altos de Chavon @es","link":"https:\/\/casadecampoliving.com\/category\/altos-de-chavon-es\/"},"img":{"alt_text":"Marc Anthony Casa de Campo","src":"https:\/\/i0.wp.com\/casadecampoliving.com\/wp-content\/uploads\/2022\/10\/marc_anthony_casa_de_campo-1.jpg?fit=650%2C361&ssl=1&resize=350%2C200","width":350,"height":200,"srcset":"https:\/\/i0.wp.com\/casadecampoliving.com\/wp-content\/uploads\/2022\/10\/marc_anthony_casa_de_campo-1.jpg?fit=650%2C361&ssl=1&resize=350%2C200 1x, https:\/\/i0.wp.com\/casadecampoliving.com\/wp-content\/uploads\/2022\/10\/marc_anthony_casa_de_campo-1.jpg?fit=650%2C361&ssl=1&resize=525%2C300 1.5x"},"classes":[]},{"id":433460,"url":"https:\/\/casadecampoliving.com\/es\/no-se-pierdan-el-increible-tributo-a-frank-sinatra-para-celebrar-el-40-aniversario-del-anfiteatro-altos-de-chavon\/","url_meta":{"origin":347610,"position":3},"title":"No se pierdan el incre\u00edble tributo a Frank Sinatra para celebrar el 40 aniversario del\u00a0Anfiteatro Altos de Chav\u00f3n","author":"Casa de Campo Living","date":"20 Oct, 2022","format":false,"excerpt":"Siendo uno de los escenarios m\u00e1s emblem\u00e1ticos del pa\u00eds, Casa de Campo Resort\u00ae & Villas celebra las cuatro d\u00e9cadas de aniversario de Altos de Chav\u00f3n con un tributo al gran Frank Sinatra, protagonizado por artistas invitados y una big band tal cual la que acompa\u00f1\u00f3 al artista hace 40 a\u00f1os\u2026","rel":"","context":"En \u00abUncategorized @es\u00bb","block_context":{"text":"Uncategorized @es","link":"https:\/\/casadecampoliving.com\/es\/category\/uncategorized-es\/"},"img":{"alt_text":"","src":"https:\/\/i0.wp.com\/casadecampoliving.com\/wp-content\/uploads\/2022\/10\/Tributo-Frank-Sinatra-Foto-Principal-Amaury-Sanchez-Danilo-Ginebra-Andres-Pichardo-y-Jose-Gabriel-Perez-.jpg?fit=1200%2C873&ssl=1&resize=350%2C200","width":350,"height":200,"srcset":"https:\/\/i0.wp.com\/casadecampoliving.com\/wp-content\/uploads\/2022\/10\/Tributo-Frank-Sinatra-Foto-Principal-Amaury-Sanchez-Danilo-Ginebra-Andres-Pichardo-y-Jose-Gabriel-Perez-.jpg?fit=1200%2C873&ssl=1&resize=350%2C200 1x, https:\/\/i0.wp.com\/casadecampoliving.com\/wp-content\/uploads\/2022\/10\/Tributo-Frank-Sinatra-Foto-Principal-Amaury-Sanchez-Danilo-Ginebra-Andres-Pichardo-y-Jose-Gabriel-Perez-.jpg?fit=1200%2C873&ssl=1&resize=525%2C300 1.5x, https:\/\/i0.wp.com\/casadecampoliving.com\/wp-content\/uploads\/2022\/10\/Tributo-Frank-Sinatra-Foto-Principal-Amaury-Sanchez-Danilo-Ginebra-Andres-Pichardo-y-Jose-Gabriel-Perez-.jpg?fit=1200%2C873&ssl=1&resize=700%2C400 2x, https:\/\/i0.wp.com\/casadecampoliving.com\/wp-content\/uploads\/2022\/10\/Tributo-Frank-Sinatra-Foto-Principal-Amaury-Sanchez-Danilo-Ginebra-Andres-Pichardo-y-Jose-Gabriel-Perez-.jpg?fit=1200%2C873&ssl=1&resize=1050%2C600 3x"},"classes":[]},{"id":347421,"url":"https:\/\/casadecampoliving.com\/es\/juan-luis-guerra-en-el-anfiteatro-altos-de-chavon\/","url_meta":{"origin":347610,"position":4},"title":"Juan Luis Guerra en el Anfiteatro Altos de Chav\u00f3n","author":"Perkin Agramonte","date":"21 May, 2015","format":false,"excerpt":"\u00a1Wow, esta si que es una buena noticia para los amantes de la buena m\u00fasica!\u00a0Casa de Campo Resort anuncia la presentaci\u00f3n del legendario cantautor dominicano Juan Luis Guerra en un concierto \u00fanico el s\u00e1bado 27 de Junio, en una producci\u00f3n especial que lo trae de regreso al Anfiteatro de Altos\u2026","rel":"","context":"En \u00abAltos de Chavon @es\u00bb","block_context":{"text":"Altos de Chavon @es","link":"https:\/\/casadecampoliving.com\/category\/altos-de-chavon-es\/"},"img":{"alt_text":"","src":"https:\/\/i0.wp.com\/casadecampoliving.com\/wp-content\/uploads\/2022\/10\/Juan_Luis_Guerra_Altos_de_Chavon-1.jpg?fit=650%2C412&ssl=1&resize=350%2C200","width":350,"height":200,"srcset":"https:\/\/i0.wp.com\/casadecampoliving.com\/wp-content\/uploads\/2022\/10\/Juan_Luis_Guerra_Altos_de_Chavon-1.jpg?fit=650%2C412&ssl=1&resize=350%2C200 1x, https:\/\/i0.wp.com\/casadecampoliving.com\/wp-content\/uploads\/2022\/10\/Juan_Luis_Guerra_Altos_de_Chavon-1.jpg?fit=650%2C412&ssl=1&resize=525%2C300 1.5x"},"classes":[]},{"id":546689,"url":"https:\/\/casadecampoliving.com\/es\/juan-luis-guerra-se-presentara-en-gala-benefica-en-casa-de-campo\/","url_meta":{"origin":347610,"position":5},"title":"Juan Luis Guerra Se Presentar\u00e1 en Gala Ben\u00e9fica en Casa de Campo","author":"Casa de Campo Living","date":"18 Ago, 2025","format":false,"excerpt":"Casa de Campo Resort & Villas ser\u00e1 sede de una cena y baile ben\u00e9ficos especiales el 20 de septiembre de 2025, a las 8 p.m. Organizado junto a George Nader, el evento recaudar\u00e1 fondos para Casa Esther y la Unidad de Quemados Pedi\u00e1tricos del Hospital Robert Reid Cabral, en Santo\u2026","rel":"","context":"En \u00abCasa de Campo Resort &amp; Villas\u00bb","block_context":{"text":"Casa de Campo Resort &amp; Villas","link":"https:\/\/casadecampoliving.com\/es\/category\/casa-de-campo-resort-villas\/"},"img":{"alt_text":"","src":"https:\/\/i0.wp.com\/casadecampoliving.com\/wp-content\/uploads\/2025\/08\/Untitled-2000-x-1333-px-3.png?fit=1200%2C800&ssl=1&resize=350%2C200","width":350,"height":200,"srcset":"https:\/\/i0.wp.com\/casadecampoliving.com\/wp-content\/uploads\/2025\/08\/Untitled-2000-x-1333-px-3.png?fit=1200%2C800&ssl=1&resize=350%2C200 1x, https:\/\/i0.wp.com\/casadecampoliving.com\/wp-content\/uploads\/2025\/08\/Untitled-2000-x-1333-px-3.png?fit=1200%2C800&ssl=1&resize=525%2C300 1.5x, https:\/\/i0.wp.com\/casadecampoliving.com\/wp-content\/uploads\/2025\/08\/Untitled-2000-x-1333-px-3.png?fit=1200%2C800&ssl=1&resize=700%2C400 2x, https:\/\/i0.wp.com\/casadecampoliving.com\/wp-content\/uploads\/2025\/08\/Untitled-2000-x-1333-px-3.png?fit=1200%2C800&ssl=1&resize=1050%2C600 3x"},"classes":[]}],"jetpack_sharing_enabled":true,"_links":{"self":[{"href":"https:\/\/casadecampoliving.com\/es\/wp-json\/wp\/v2\/posts\/347610","targetHints":{"allow":["GET"]}}],"collection":[{"href":"https:\/\/casadecampoliving.com\/es\/wp-json\/wp\/v2\/posts"}],"about":[{"href":"https:\/\/casadecampoliving.com\/es\/wp-json\/wp\/v2\/types\/post"}],"author":[{"embeddable":true,"href":"https:\/\/casadecampoliving.com\/es\/wp-json\/wp\/v2\/users\/1097"}],"replies":[{"embeddable":true,"href":"https:\/\/casadecampoliving.com\/es\/wp-json\/wp\/v2\/comments?post=347610"}],"version-history":[{"count":1,"href":"https:\/\/casadecampoliving.com\/es\/wp-json\/wp\/v2\/posts\/347610\/revisions"}],"predecessor-version":[{"id":347613,"href":"https:\/\/casadecampoliving.com\/es\/wp-json\/wp\/v2\/posts\/347610\/revisions\/347613"}],"wp:featuredmedia":[{"embeddable":true,"href":"https:\/\/casadecampoliving.com\/es\/wp-json\/wp\/v2\/media\/275684"}],"wp:attachment":[{"href":"https:\/\/casadecampoliving.com\/es\/wp-json\/wp\/v2\/media?parent=347610"}],"wp:term":[{"taxonomy":"category","embeddable":true,"href":"https:\/\/casadecampoliving.com\/es\/wp-json\/wp\/v2\/categories?post=347610"},{"taxonomy":"post_tag","embeddable":true,"href":"https:\/\/casadecampoliving.com\/es\/wp-json\/wp\/v2\/tags?post=347610"},{"taxonomy":"newspack_spnsrs_tax","embeddable":true,"href":"https:\/\/casadecampoliving.com\/es\/wp-json\/wp\/v2\/newspack_spnsrs_tax?post=347610"}],"curies":[{"name":"wp","href":"https:\/\/api.w.org\/{rel}","templated":true}]}}