{"id":347602,"date":"2015-06-25T00:00:00","date_gmt":"2015-06-25T04:00:00","guid":{"rendered":"https:\/\/casadecampoliving.com\/rapida-y-deliciosa-pasta-de-verano\/"},"modified":"2022-10-21T19:03:30","modified_gmt":"2022-10-21T23:03:30","slug":"rapida-y-deliciosa-pasta-de-verano","status":"publish","type":"post","link":"https:\/\/casadecampoliving.com\/es\/rapida-y-deliciosa-pasta-de-verano\/","title":{"rendered":"R\u00e1pida y deliciosa pasta de verano"},"content":{"rendered":"<div class=\"wp-block-image\">\n<figure class=\"aligncenter is-resized\"><img loading=\"lazy\" decoding=\"async\" src=\"https:\/\/i0.wp.com\/casadecampoliving.com\/wp-content\/uploads\/2022\/10\/CCLheaderJBV2-24-6-15-2.jpg?resize=650%2C500&amp;ssl=1\" alt=\"Jacqueline Banks Pasta de Verano\" class=\"wp-image-112058\" height=\"500\" width=\"650\"\/><\/figure>\n<\/div>\n\n\n<p class=\"wp-block-paragraph\">\u00a1Por fin lleg\u00f3 el verano! Y con temperaturas tan altas, lo \u00faltimo que desear\u00eda hacer es estar esclavizado frente a una estufa caliente en la noche. As\u00ed que hoy decid\u00ed compartir una de mis recetas favoritas; una r\u00e1pida y deliciosa pasta&nbsp;de verano. \u00a1No podr\u00eda ser m\u00e1s f\u00e1cil de preparar!<\/p>\n\n\n\n<!--more-->\n\n\n\n<p class=\"wp-block-paragraph\">Desear\u00eda poder decir que la receta es de mi autor\u00eda, pero no lo es. Recientemente adquir\u00ed un libro de cocina incre\u00edble con el cual estoy obsesionada: <a href=\"http:\/\/www.realsimple.com\/food-recipes\/recipe-collections-favorites\/easy-delicious-home-cooking\" target=\"_blank\" rel=\"noopener\">Real Simple easy, delicious home cooking (Simples y deliciosos platos caseros)<\/a>. Est\u00e1 dividido en temporadas en vez de cursos, lo cual hace que comer por temporada m\u00e1s sencillo. Cuando comes de acuerdo a la temporada, aseguras de que los alimentos que est\u00e9s comiendo est\u00e9n en su punto en vez de estar comiendo algo en verano que s\u00f3lo crece en invierno y tuvo que ser cultivado antes de que llegase a su completa madurez para que llegara a tiempo hasta su localidad y ser servido en un plato.<\/p>\n\n\n\n<p class=\"wp-block-paragraph\">Aqu\u00ed est\u00e1 la deliciosa receta; \u00a1Espero que la disfrute tanto como mi familia!<\/p>\n\n\n\n<p class=\"wp-block-paragraph\"><strong>Pappardelle con acelga suiza, cebollas y queso de cabra:<\/strong><\/p>\n\n\n\n<ul class=\"wp-block-list\"><li>3\/4lbs de pappardelle (preferiblemente sin gluten, espaguetis de arroz)<\/li><li>2 cucharaditas de aceite de oliva<\/li><li>1 peque\u00f1a cebolla roja, cortada en trozos finos<\/li><li>2 manojos de acelga, remueva los tallos y c\u00f3rtelas en tiras de una pulgada (a veces uso col rizada y espinaca)<\/li><li>Sal kosher y pimienta negra<\/li><li>4 onzas de queso de cabra fresco<\/li><\/ul>\n\n\n\n<p class=\"wp-block-paragraph\"><strong>Instrucciones:<\/strong><\/p>\n\n\n\n<ol class=\"wp-block-list\"><li>Cocine la pasta, guarde una taza del agua en la que la prepar\u00f3, remueva el agua de la pasta e introd\u00fazcala en la olla&nbsp;nuevamente.<\/li><li>Mientras la pasta se est\u00e9 cocinando, caliente el aceite en una sart\u00e9n a fuego medio. A\u00f1ada cebolla y ajo y mu\u00e9valo hasta que la cebolla est\u00e9 suave.<\/li><li>Luego, a\u00f1ada las verduras y \u00bc cucharadita de sal y otra de pimienta a la sart\u00e9n y cocine removi\u00e9ndolos con frecuencia hasta que est\u00e9n tiernos.<\/li><li>A\u00f1ada la mezcla de acelga, 3 onzas de queso de cabra, \u00be taza del agua de la pasta que guard\u00f3, y \u00bd cucharadita de sal a la pasta y remu\u00e9vala hasta que el queso se derrita. (A\u00f1ada m\u00e1s del agua que guard\u00f3 si la pasta se ve muy seca).<\/li><li>Sirva espolvoreada con la onza restante de queso de cabra.<\/li><\/ol>\n\n\n\n<p class=\"wp-block-paragraph\">* Tambi\u00e9n me gusta a\u00f1adir un poco de pimienta roja molida a las verduras.<\/p>\n\n\n\n<blockquote><figure><img decoding=\"async\" loading=\"lazy\" class=\"alignright wp-image-109781\" src=\"https:\/\/i0.wp.com\/casadecampoliving.com\/wp-content\/uploads\/2022\/10\/jacqueline_silvestri_banks-199x300-2.jpg?resize=120%2C181&amp;ssl=1\" alt=\"jacqueline silvestri banks\" width=\"120\" height=\"181\"><\/figure><p><strong>Jacqueline Banks<\/strong>, creci\u00f3 en Casa de Campo y es consejera de salud integral y una madre muy ocupada.<\/p><p>Su enfoque es ayudar a otras madres ocupadas en todas las etapas de la maternidad manteniendo a sus familias y a s\u00ed mismas felices y saludables. Utilizando soluciones naturales y org\u00e1nicas para resolver los diversos problemas de salud &nbsp;y promover una vida sana.<\/p><p>Visite su sitio web en:&nbsp;<a href=\"http:\/\/jacquelinebanks.com\/\" target=\"_blank\" rel=\"noopener\">www.jacquelinebanks.com<\/a><\/p><\/blockquote>\n","protected":false},"excerpt":{"rendered":"<p>\u00a1Por fin lleg\u00f3 el verano! Y con temperaturas tan altas, lo \u00faltimo que desear\u00eda hacer es estar esclavizado frente a una estufa caliente en la noche. As\u00ed que hoy decid\u00ed compartir una de mis recetas favoritas; una r\u00e1pida y deliciosa pasta&nbsp;de verano. \u00a1No podr\u00eda ser m\u00e1s f\u00e1cil de preparar!<\/p>\n","protected":false},"author":34707,"featured_media":275636,"comment_status":"closed","ping_status":"closed","sticky":false,"template":"","format":"standard","meta":{"newspack_ads_suppress_ads":false,"newspack_popups_has_disabled_popups":false,"newspack_sponsor_sponsorship_scope":"","newspack_sponsor_native_byline_display":"inherit","newspack_sponsor_native_category_display":"inherit","newspack_sponsor_underwriter_style":"inherit","newspack_sponsor_underwriter_placement":"inherit","_newspack_byline_active":false,"_newspack_byline":"","newspack_hide_updated_date":false,"newspack_show_updated_date":false,"newspack_featured_image_position":"","newspack_post_subtitle":"","newspack_article_summary_title":"Overview:","newspack_article_summary":"","_jetpack_memberships_contains_paid_content":false,"footnotes":"","jetpack_publicize_message":"{title}\n\n{excerpt}\n\n{url}","jetpack_publicize_feature_enabled":true,"jetpack_social_post_already_shared":false,"jetpack_social_options":{"image_generator_settings":{"template":"highway","default_image_id":0,"font":"","enabled":false},"version":2},"_wpas_customize_per_network":false},"categories":[12568,44,72],"tags":[5687,11045,8441,11057,3891,9469],"newspack_spnsrs_tax":[],"class_list":["post-347602","post","type-post","status-publish","format-standard","has-post-thumbnail","hentry","category-sports","category-featured","category-health","tag-comida","tag-comida-saludable","tag-jacqueline-banks-es","tag-pasta-es","tag-salud-2","tag-verano","entry"],"yoast_head":"<!-- This site is optimized with the Yoast SEO plugin v28.4 - https:\/\/yoast.com\/product\/yoast-seo-wordpress\/ -->\n<title>R\u00e1pida y deliciosa pasta de verano | Casa de Campo Living<\/title>\n<meta name=\"description\" content=\"\u00a1Por fin lleg\u00f3 el verano! Y con temperaturas tan altas, lo \u00faltimo que desear\u00eda hacer es estar esclavizado frente a una estufa caliente en la noche. As\u00ed\" \/>\n<meta name=\"robots\" content=\"index, follow, max-snippet:-1, max-image-preview:large, max-video-preview:-1\" \/>\n<link rel=\"canonical\" href=\"https:\/\/casadecampoliving.com\/es\/rapida-y-deliciosa-pasta-de-verano\/\" \/>\n<meta property=\"og:locale\" content=\"es_ES\" \/>\n<meta property=\"og:type\" content=\"article\" \/>\n<meta property=\"og:title\" content=\"R\u00e1pida y deliciosa pasta de verano | Casa de Campo Living\" \/>\n<meta property=\"og:description\" content=\"\u00a1Por fin lleg\u00f3 el verano! Y con temperaturas tan altas, lo \u00faltimo que desear\u00eda hacer es estar esclavizado frente a una estufa caliente en la noche. As\u00ed\" \/>\n<meta property=\"og:url\" content=\"https:\/\/casadecampoliving.com\/es\/rapida-y-deliciosa-pasta-de-verano\/\" \/>\n<meta property=\"og:site_name\" content=\"Casa de Campo Living\" \/>\n<meta property=\"article:publisher\" content=\"https:\/\/www.facebook.com\/casadecampoliving\" \/>\n<meta property=\"article:published_time\" content=\"2015-06-25T04:00:00+00:00\" \/>\n<meta property=\"article:modified_time\" content=\"2022-10-21T23:03:30+00:00\" \/>\n<meta property=\"og:image\" content=\"https:\/\/i0.wp.com\/casadecampoliving.com\/wp-content\/uploads\/2022\/10\/CCLheaderJBV1-24-6-15-1.jpg?fit=650%2C500&ssl=1\" \/>\n\t<meta property=\"og:image:width\" content=\"650\" \/>\n\t<meta property=\"og:image:height\" content=\"500\" \/>\n\t<meta property=\"og:image:type\" content=\"image\/jpeg\" \/>\n<meta name=\"author\" content=\"Felix Guerrero\" \/>\n<meta name=\"twitter:card\" content=\"summary_large_image\" \/>\n<meta name=\"twitter:creator\" content=\"@cdcliving\" \/>\n<meta name=\"twitter:site\" content=\"@cdcliving\" \/>\n<meta name=\"twitter:label1\" content=\"Escrito por\" \/>\n\t<meta name=\"twitter:data1\" content=\"Felix Guerrero\" \/>\n\t<meta name=\"twitter:label2\" content=\"Tiempo de lectura\" \/>\n\t<meta name=\"twitter:data2\" content=\"2 minutos\" \/>\n<script type=\"application\/ld+json\" class=\"yoast-schema-graph\">{\"@context\":\"https:\\\/\\\/schema.org\",\"@graph\":[{\"@type\":\"Article\",\"@id\":\"https:\\\/\\\/casadecampoliving.com\\\/es\\\/rapida-y-deliciosa-pasta-de-verano\\\/#article\",\"isPartOf\":{\"@id\":\"https:\\\/\\\/casadecampoliving.com\\\/es\\\/rapida-y-deliciosa-pasta-de-verano\\\/\"},\"author\":{\"name\":\"Felix Guerrero\",\"@id\":\"https:\\\/\\\/casadecampoliving.com\\\/es\\\/#\\\/schema\\\/person\\\/0d45cfc6e376a2f15ac9a92421bd4451\"},\"headline\":\"R\u00e1pida y deliciosa pasta de verano\",\"datePublished\":\"2015-06-25T04:00:00+00:00\",\"dateModified\":\"2022-10-21T23:03:30+00:00\",\"mainEntityOfPage\":{\"@id\":\"https:\\\/\\\/casadecampoliving.com\\\/es\\\/rapida-y-deliciosa-pasta-de-verano\\\/\"},\"wordCount\":492,\"publisher\":{\"@id\":\"https:\\\/\\\/casadecampoliving.com\\\/es\\\/#organization\"},\"image\":{\"@id\":\"https:\\\/\\\/casadecampoliving.com\\\/es\\\/rapida-y-deliciosa-pasta-de-verano\\\/#primaryimage\"},\"thumbnailUrl\":\"https:\\\/\\\/i0.wp.com\\\/casadecampoliving.com\\\/wp-content\\\/uploads\\\/2022\\\/10\\\/CCLheaderJBV1-24-6-15-1.jpg?fit=650%2C500&ssl=1\",\"keywords\":[\"comida\",\"comida saludable\",\"Jacqueline Banks @es\",\"pasta @es\",\"salud\",\"Verano\"],\"articleSection\":[\"Sports\",\"Featured\",\"Health\"],\"inLanguage\":\"es\"},{\"@type\":\"WebPage\",\"@id\":\"https:\\\/\\\/casadecampoliving.com\\\/es\\\/rapida-y-deliciosa-pasta-de-verano\\\/\",\"url\":\"https:\\\/\\\/casadecampoliving.com\\\/es\\\/rapida-y-deliciosa-pasta-de-verano\\\/\",\"name\":\"R\u00e1pida y deliciosa pasta de verano | Casa de Campo Living\",\"isPartOf\":{\"@id\":\"https:\\\/\\\/casadecampoliving.com\\\/es\\\/#website\"},\"primaryImageOfPage\":{\"@id\":\"https:\\\/\\\/casadecampoliving.com\\\/es\\\/rapida-y-deliciosa-pasta-de-verano\\\/#primaryimage\"},\"image\":{\"@id\":\"https:\\\/\\\/casadecampoliving.com\\\/es\\\/rapida-y-deliciosa-pasta-de-verano\\\/#primaryimage\"},\"thumbnailUrl\":\"https:\\\/\\\/i0.wp.com\\\/casadecampoliving.com\\\/wp-content\\\/uploads\\\/2022\\\/10\\\/CCLheaderJBV1-24-6-15-1.jpg?fit=650%2C500&ssl=1\",\"datePublished\":\"2015-06-25T04:00:00+00:00\",\"dateModified\":\"2022-10-21T23:03:30+00:00\",\"description\":\"\u00a1Por fin lleg\u00f3 el verano! Y con temperaturas tan altas, lo \u00faltimo que desear\u00eda hacer es estar esclavizado frente a una estufa caliente en la noche. As\u00ed\",\"breadcrumb\":{\"@id\":\"https:\\\/\\\/casadecampoliving.com\\\/es\\\/rapida-y-deliciosa-pasta-de-verano\\\/#breadcrumb\"},\"inLanguage\":\"es\",\"potentialAction\":[{\"@type\":\"ReadAction\",\"target\":[\"https:\\\/\\\/casadecampoliving.com\\\/es\\\/rapida-y-deliciosa-pasta-de-verano\\\/\"]}]},{\"@type\":\"ImageObject\",\"inLanguage\":\"es\",\"@id\":\"https:\\\/\\\/casadecampoliving.com\\\/es\\\/rapida-y-deliciosa-pasta-de-verano\\\/#primaryimage\",\"url\":\"https:\\\/\\\/i0.wp.com\\\/casadecampoliving.com\\\/wp-content\\\/uploads\\\/2022\\\/10\\\/CCLheaderJBV1-24-6-15-1.jpg?fit=650%2C500&ssl=1\",\"contentUrl\":\"https:\\\/\\\/i0.wp.com\\\/casadecampoliving.com\\\/wp-content\\\/uploads\\\/2022\\\/10\\\/CCLheaderJBV1-24-6-15-1.jpg?fit=650%2C500&ssl=1\",\"width\":650,\"height\":500},{\"@type\":\"BreadcrumbList\",\"@id\":\"https:\\\/\\\/casadecampoliving.com\\\/es\\\/rapida-y-deliciosa-pasta-de-verano\\\/#breadcrumb\",\"itemListElement\":[{\"@type\":\"ListItem\",\"position\":1,\"name\":\"Home\",\"item\":\"https:\\\/\\\/casadecampoliving.com\\\/es\\\/\"},{\"@type\":\"ListItem\",\"position\":2,\"name\":\"R\u00e1pida y deliciosa pasta de verano\"}]},{\"@type\":\"WebSite\",\"@id\":\"https:\\\/\\\/casadecampoliving.com\\\/es\\\/#website\",\"url\":\"https:\\\/\\\/casadecampoliving.com\\\/es\\\/\",\"name\":\"Casa de Campo Living\",\"description\":\"Resort community news and resources.\",\"publisher\":{\"@id\":\"https:\\\/\\\/casadecampoliving.com\\\/es\\\/#organization\"},\"potentialAction\":[{\"@type\":\"SearchAction\",\"target\":{\"@type\":\"EntryPoint\",\"urlTemplate\":\"https:\\\/\\\/casadecampoliving.com\\\/es\\\/?s={search_term_string}\"},\"query-input\":{\"@type\":\"PropertyValueSpecification\",\"valueRequired\":true,\"valueName\":\"search_term_string\"}}],\"inLanguage\":\"es\"},{\"@type\":\"Organization\",\"@id\":\"https:\\\/\\\/casadecampoliving.com\\\/es\\\/#organization\",\"name\":\"Casa de Campo Living\",\"url\":\"https:\\\/\\\/casadecampoliving.com\\\/es\\\/\",\"logo\":{\"@type\":\"ImageObject\",\"inLanguage\":\"es\",\"@id\":\"https:\\\/\\\/casadecampoliving.com\\\/es\\\/#\\\/schema\\\/logo\\\/image\\\/\",\"url\":\"https:\\\/\\\/i0.wp.com\\\/casadecampoliving.com\\\/wp-content\\\/uploads\\\/2022\\\/07\\\/CDCLivingLogo_V1-white-sized.png?fit=800%2C214&ssl=1\",\"contentUrl\":\"https:\\\/\\\/i0.wp.com\\\/casadecampoliving.com\\\/wp-content\\\/uploads\\\/2022\\\/07\\\/CDCLivingLogo_V1-white-sized.png?fit=800%2C214&ssl=1\",\"width\":800,\"height\":214,\"caption\":\"Casa de Campo Living\"},\"image\":{\"@id\":\"https:\\\/\\\/casadecampoliving.com\\\/es\\\/#\\\/schema\\\/logo\\\/image\\\/\"},\"sameAs\":[\"https:\\\/\\\/www.facebook.com\\\/casadecampoliving\",\"https:\\\/\\\/x.com\\\/cdcliving\"]},{\"@type\":\"Person\",\"@id\":\"https:\\\/\\\/casadecampoliving.com\\\/es\\\/#\\\/schema\\\/person\\\/0d45cfc6e376a2f15ac9a92421bd4451\",\"name\":\"Felix Guerrero\",\"image\":{\"@type\":\"ImageObject\",\"inLanguage\":\"es\",\"@id\":\"https:\\\/\\\/secure.gravatar.com\\\/avatar\\\/14a8050b9491854cab6ae2240dcb42ad0fad787b7fa453ad0991fd1262157df3?s=96&d=mm&r=g\",\"url\":\"https:\\\/\\\/secure.gravatar.com\\\/avatar\\\/14a8050b9491854cab6ae2240dcb42ad0fad787b7fa453ad0991fd1262157df3?s=96&d=mm&r=g\",\"contentUrl\":\"https:\\\/\\\/secure.gravatar.com\\\/avatar\\\/14a8050b9491854cab6ae2240dcb42ad0fad787b7fa453ad0991fd1262157df3?s=96&d=mm&r=g\",\"caption\":\"Felix Guerrero\"},\"url\":\"https:\\\/\\\/casadecampoliving.com\\\/es\\\/author\\\/fguerrero\\\/\"}]}<\/script>\n<!-- \/ Yoast SEO plugin. -->","yoast_head_json":{"title":"R\u00e1pida y deliciosa pasta de verano | Casa de Campo Living","description":"\u00a1Por fin lleg\u00f3 el verano! Y con temperaturas tan altas, lo \u00faltimo que desear\u00eda hacer es estar esclavizado frente a una estufa caliente en la noche. As\u00ed","robots":{"index":"index","follow":"follow","max-snippet":"max-snippet:-1","max-image-preview":"max-image-preview:large","max-video-preview":"max-video-preview:-1"},"canonical":"https:\/\/casadecampoliving.com\/es\/rapida-y-deliciosa-pasta-de-verano\/","og_locale":"es_ES","og_type":"article","og_title":"R\u00e1pida y deliciosa pasta de verano | Casa de Campo Living","og_description":"\u00a1Por fin lleg\u00f3 el verano! Y con temperaturas tan altas, lo \u00faltimo que desear\u00eda hacer es estar esclavizado frente a una estufa caliente en la noche. As\u00ed","og_url":"https:\/\/casadecampoliving.com\/es\/rapida-y-deliciosa-pasta-de-verano\/","og_site_name":"Casa de Campo Living","article_publisher":"https:\/\/www.facebook.com\/casadecampoliving","article_published_time":"2015-06-25T04:00:00+00:00","article_modified_time":"2022-10-21T23:03:30+00:00","og_image":[{"width":650,"height":500,"url":"https:\/\/i0.wp.com\/casadecampoliving.com\/wp-content\/uploads\/2022\/10\/CCLheaderJBV1-24-6-15-1.jpg?fit=650%2C500&ssl=1","type":"image\/jpeg"}],"author":"Felix Guerrero","twitter_card":"summary_large_image","twitter_creator":"@cdcliving","twitter_site":"@cdcliving","twitter_misc":{"Escrito por":"Felix Guerrero","Tiempo de lectura":"2 minutos"},"schema":{"@context":"https:\/\/schema.org","@graph":[{"@type":"Article","@id":"https:\/\/casadecampoliving.com\/es\/rapida-y-deliciosa-pasta-de-verano\/#article","isPartOf":{"@id":"https:\/\/casadecampoliving.com\/es\/rapida-y-deliciosa-pasta-de-verano\/"},"author":{"name":"Felix Guerrero","@id":"https:\/\/casadecampoliving.com\/es\/#\/schema\/person\/0d45cfc6e376a2f15ac9a92421bd4451"},"headline":"R\u00e1pida y deliciosa pasta de verano","datePublished":"2015-06-25T04:00:00+00:00","dateModified":"2022-10-21T23:03:30+00:00","mainEntityOfPage":{"@id":"https:\/\/casadecampoliving.com\/es\/rapida-y-deliciosa-pasta-de-verano\/"},"wordCount":492,"publisher":{"@id":"https:\/\/casadecampoliving.com\/es\/#organization"},"image":{"@id":"https:\/\/casadecampoliving.com\/es\/rapida-y-deliciosa-pasta-de-verano\/#primaryimage"},"thumbnailUrl":"https:\/\/i0.wp.com\/casadecampoliving.com\/wp-content\/uploads\/2022\/10\/CCLheaderJBV1-24-6-15-1.jpg?fit=650%2C500&ssl=1","keywords":["comida","comida saludable","Jacqueline Banks @es","pasta @es","salud","Verano"],"articleSection":["Sports","Featured","Health"],"inLanguage":"es"},{"@type":"WebPage","@id":"https:\/\/casadecampoliving.com\/es\/rapida-y-deliciosa-pasta-de-verano\/","url":"https:\/\/casadecampoliving.com\/es\/rapida-y-deliciosa-pasta-de-verano\/","name":"R\u00e1pida y deliciosa pasta de verano | Casa de Campo Living","isPartOf":{"@id":"https:\/\/casadecampoliving.com\/es\/#website"},"primaryImageOfPage":{"@id":"https:\/\/casadecampoliving.com\/es\/rapida-y-deliciosa-pasta-de-verano\/#primaryimage"},"image":{"@id":"https:\/\/casadecampoliving.com\/es\/rapida-y-deliciosa-pasta-de-verano\/#primaryimage"},"thumbnailUrl":"https:\/\/i0.wp.com\/casadecampoliving.com\/wp-content\/uploads\/2022\/10\/CCLheaderJBV1-24-6-15-1.jpg?fit=650%2C500&ssl=1","datePublished":"2015-06-25T04:00:00+00:00","dateModified":"2022-10-21T23:03:30+00:00","description":"\u00a1Por fin lleg\u00f3 el verano! Y con temperaturas tan altas, lo \u00faltimo que desear\u00eda hacer es estar esclavizado frente a una estufa caliente en la noche. As\u00ed","breadcrumb":{"@id":"https:\/\/casadecampoliving.com\/es\/rapida-y-deliciosa-pasta-de-verano\/#breadcrumb"},"inLanguage":"es","potentialAction":[{"@type":"ReadAction","target":["https:\/\/casadecampoliving.com\/es\/rapida-y-deliciosa-pasta-de-verano\/"]}]},{"@type":"ImageObject","inLanguage":"es","@id":"https:\/\/casadecampoliving.com\/es\/rapida-y-deliciosa-pasta-de-verano\/#primaryimage","url":"https:\/\/i0.wp.com\/casadecampoliving.com\/wp-content\/uploads\/2022\/10\/CCLheaderJBV1-24-6-15-1.jpg?fit=650%2C500&ssl=1","contentUrl":"https:\/\/i0.wp.com\/casadecampoliving.com\/wp-content\/uploads\/2022\/10\/CCLheaderJBV1-24-6-15-1.jpg?fit=650%2C500&ssl=1","width":650,"height":500},{"@type":"BreadcrumbList","@id":"https:\/\/casadecampoliving.com\/es\/rapida-y-deliciosa-pasta-de-verano\/#breadcrumb","itemListElement":[{"@type":"ListItem","position":1,"name":"Home","item":"https:\/\/casadecampoliving.com\/es\/"},{"@type":"ListItem","position":2,"name":"R\u00e1pida y deliciosa pasta de verano"}]},{"@type":"WebSite","@id":"https:\/\/casadecampoliving.com\/es\/#website","url":"https:\/\/casadecampoliving.com\/es\/","name":"Casa de Campo Living","description":"Resort community news and resources.","publisher":{"@id":"https:\/\/casadecampoliving.com\/es\/#organization"},"potentialAction":[{"@type":"SearchAction","target":{"@type":"EntryPoint","urlTemplate":"https:\/\/casadecampoliving.com\/es\/?s={search_term_string}"},"query-input":{"@type":"PropertyValueSpecification","valueRequired":true,"valueName":"search_term_string"}}],"inLanguage":"es"},{"@type":"Organization","@id":"https:\/\/casadecampoliving.com\/es\/#organization","name":"Casa de Campo Living","url":"https:\/\/casadecampoliving.com\/es\/","logo":{"@type":"ImageObject","inLanguage":"es","@id":"https:\/\/casadecampoliving.com\/es\/#\/schema\/logo\/image\/","url":"https:\/\/i0.wp.com\/casadecampoliving.com\/wp-content\/uploads\/2022\/07\/CDCLivingLogo_V1-white-sized.png?fit=800%2C214&ssl=1","contentUrl":"https:\/\/i0.wp.com\/casadecampoliving.com\/wp-content\/uploads\/2022\/07\/CDCLivingLogo_V1-white-sized.png?fit=800%2C214&ssl=1","width":800,"height":214,"caption":"Casa de Campo Living"},"image":{"@id":"https:\/\/casadecampoliving.com\/es\/#\/schema\/logo\/image\/"},"sameAs":["https:\/\/www.facebook.com\/casadecampoliving","https:\/\/x.com\/cdcliving"]},{"@type":"Person","@id":"https:\/\/casadecampoliving.com\/es\/#\/schema\/person\/0d45cfc6e376a2f15ac9a92421bd4451","name":"Felix Guerrero","image":{"@type":"ImageObject","inLanguage":"es","@id":"https:\/\/secure.gravatar.com\/avatar\/14a8050b9491854cab6ae2240dcb42ad0fad787b7fa453ad0991fd1262157df3?s=96&d=mm&r=g","url":"https:\/\/secure.gravatar.com\/avatar\/14a8050b9491854cab6ae2240dcb42ad0fad787b7fa453ad0991fd1262157df3?s=96&d=mm&r=g","contentUrl":"https:\/\/secure.gravatar.com\/avatar\/14a8050b9491854cab6ae2240dcb42ad0fad787b7fa453ad0991fd1262157df3?s=96&d=mm&r=g","caption":"Felix Guerrero"},"url":"https:\/\/casadecampoliving.com\/es\/author\/fguerrero\/"}]}},"parsely":{"version":"1.1.0","canonical_url":"https:\/\/casadecampoliving.com\/es\/rapida-y-deliciosa-pasta-de-verano\/","smart_links":{"inbound":0,"outbound":0},"traffic_boost_suggestions_count":0,"meta":{"@context":"https:\/\/schema.org","@type":"NewsArticle","headline":"R\u00e1pida y deliciosa pasta de verano","url":"http:\/\/casadecampoliving.com\/es\/rapida-y-deliciosa-pasta-de-verano\/","mainEntityOfPage":{"@type":"WebPage","@id":"http:\/\/casadecampoliving.com\/es\/rapida-y-deliciosa-pasta-de-verano\/"},"thumbnailUrl":"https:\/\/i0.wp.com\/casadecampoliving.com\/wp-content\/uploads\/2022\/10\/CCLheaderJBV1-24-6-15-1.jpg?resize=150%2C150&ssl=1","image":{"@type":"ImageObject","url":"https:\/\/i0.wp.com\/casadecampoliving.com\/wp-content\/uploads\/2022\/10\/CCLheaderJBV1-24-6-15-1.jpg?fit=650%2C500&ssl=1"},"articleSection":"Sports","author":[{"@type":"Person","name":"Felix Guerrero"}],"creator":["Felix Guerrero"],"publisher":{"@type":"Organization","name":"Casa de Campo Living","logo":"https:\/\/casadecampoliving.com\/wp-content\/uploads\/2022\/07\/CDCLivingLogo_V1-white-sized.png"},"keywords":["comida","comida saludable","jacqueline banks @es","pasta @es","salud","verano"],"dateCreated":"2015-06-25T04:00:00Z","datePublished":"2015-06-25T04:00:00Z","dateModified":"2022-10-21T23:03:30Z"},"rendered":"<meta name=\"parsely-title\" content=\"R\u00e1pida y deliciosa pasta de verano\" \/>\n<meta name=\"parsely-link\" content=\"http:\/\/casadecampoliving.com\/es\/rapida-y-deliciosa-pasta-de-verano\/\" \/>\n<meta name=\"parsely-type\" content=\"post\" \/>\n<meta name=\"parsely-image-url\" content=\"https:\/\/i0.wp.com\/casadecampoliving.com\/wp-content\/uploads\/2022\/10\/CCLheaderJBV1-24-6-15-1.jpg?resize=150%2C150&amp;ssl=1\" \/>\n<meta name=\"parsely-pub-date\" content=\"2015-06-25T04:00:00Z\" \/>\n<meta name=\"parsely-section\" content=\"Sports\" \/>\n<meta name=\"parsely-tags\" content=\"comida,comida saludable,jacqueline banks @es,pasta @es,salud,verano\" \/>\n<meta name=\"parsely-author\" content=\"Felix Guerrero\" \/>","tracker_url":"https:\/\/cdn.parsely.com\/keys\/casadecampoliving.com\/p.js"},"jetpack_publicize_connections":[],"jetpack-related-posts":[{"id":344785,"url":"https:\/\/casadecampoliving.com\/es\/top-ten-tuesdays-diez-fantasticas-recetas-de-verano\/","url_meta":{"origin":347602,"position":0},"title":"Top Ten Tuesdays &#8211; Diez Fant\u00e1sticas Recetas de Verano","author":"Emil Mella","date":"15 Jul, 2014","format":false,"excerpt":"Ya estamos en pleno verano, damas y caballeros \u2013 y, \u00a0\u00bfqu\u00e9 mejor manera de relajarse y disfrutarlo que con algunos deliciosos bocadillos para usted y sus hijos? Ay, el verano\u2026 El sol est\u00e1 brillando, los ni\u00f1os salen a jugar, mam\u00e1 y pap\u00e1 pueden descansar un poco m\u00e1s\u2026 \u00a1Es fant\u00e1stico! Todav\u00eda\u2026","rel":"","context":"En \u00abCasa de Campo Living @es\u00bb","block_context":{"text":"Casa de Campo Living @es","link":"https:\/\/casadecampoliving.com\/category\/casa-de-campo-living-es\/"},"img":{"alt_text":"Monster Cookies","src":"https:\/\/i0.wp.com\/casadecampoliving.com\/wp-content\/uploads\/2022\/10\/Monster_Cookies-1.jpg?fit=600%2C399&ssl=1&resize=350%2C200","width":350,"height":200,"srcset":"https:\/\/i0.wp.com\/casadecampoliving.com\/wp-content\/uploads\/2022\/10\/Monster_Cookies-1.jpg?fit=600%2C399&ssl=1&resize=350%2C200 1x, https:\/\/i0.wp.com\/casadecampoliving.com\/wp-content\/uploads\/2022\/10\/Monster_Cookies-1.jpg?fit=600%2C399&ssl=1&resize=525%2C300 1.5x"},"classes":[]},{"id":349984,"url":"https:\/\/casadecampoliving.com\/es\/reto-buenos-habitos-de-martinaturally\/","url_meta":{"origin":347602,"position":1},"title":"\u00a1\u00danete hoy al reto de buenos h\u00e1bitos de Martinaturally por 2 semanas!","author":"Martina Avanzini","date":"15 Jun, 2016","format":false,"excerpt":"El verano trae consigo tanta diversi\u00f3n\u2026 t\u00e9 helado, excursiones en familia, y por supuesto, \u00a1ropa m\u00e1s fresca! Si bien es posible que no se sienta listo para nadar, \u00a1no es ninguna raz\u00f3n para no disfrutar del verano! Para ayudarnos a sentirnos mejor este verano, Martinaturally est\u00e1 realizando un desaf\u00edo de\u2026","rel":"","context":"En \u00abComidas &amp; Bebidas\u00bb","block_context":{"text":"Comidas &amp; Bebidas","link":"https:\/\/casadecampoliving.com\/es\/category\/comidas-bebidas\/"},"img":{"alt_text":"","src":"https:\/\/i0.wp.com\/casadecampoliving.com\/wp-content\/uploads\/2022\/10\/Featured-Image-Martineaturally-Cleanse.jpg?fit=1000%2C600&ssl=1&resize=350%2C200","width":350,"height":200,"srcset":"https:\/\/i0.wp.com\/casadecampoliving.com\/wp-content\/uploads\/2022\/10\/Featured-Image-Martineaturally-Cleanse.jpg?fit=1000%2C600&ssl=1&resize=350%2C200 1x, https:\/\/i0.wp.com\/casadecampoliving.com\/wp-content\/uploads\/2022\/10\/Featured-Image-Martineaturally-Cleanse.jpg?fit=1000%2C600&ssl=1&resize=525%2C300 1.5x, https:\/\/i0.wp.com\/casadecampoliving.com\/wp-content\/uploads\/2022\/10\/Featured-Image-Martineaturally-Cleanse.jpg?fit=1000%2C600&ssl=1&resize=700%2C400 2x"},"classes":[]},{"id":344837,"url":"https:\/\/casadecampoliving.com\/es\/mis-recetas-favoritas-de-jacqueline-silvestri-banks\/","url_meta":{"origin":347602,"position":2},"title":"Mis recetas favoritas de Jacqueline Silvestri Banks","author":"Perkin Agramonte","date":"13 Jul, 2014","format":false,"excerpt":"Durante las \u00faltimas semanas les he tra\u00eddo, una selecci\u00f3n de mis favoritas, deliciosas y saludables recetas;\u00a0Hamburguesas de Quinua Crujientes,\u00a0Pancakes libre de gluten con salsa de chinola,\u00a0Panes de harina de linaza,\u00a0Curry de garbanzos y mi delicioso\u00a0Chocolate de aceite de coco, pero ahora que mi inspiraci\u00f3n se ha quedado corta, aqu\u00ed les\u2026","rel":"","context":"En \u00abCasa de Campo Living @es\u00bb","block_context":{"text":"Casa de Campo Living @es","link":"https:\/\/casadecampoliving.com\/category\/casa-de-campo-living-es\/"},"img":{"alt_text":"Annabelle Banks","src":"https:\/\/i0.wp.com\/casadecampoliving.com\/wp-content\/uploads\/2022\/10\/annabelle_banks-1.jpg?fit=650%2C562&ssl=1&resize=350%2C200","width":350,"height":200,"srcset":"https:\/\/i0.wp.com\/casadecampoliving.com\/wp-content\/uploads\/2022\/10\/annabelle_banks-1.jpg?fit=650%2C562&ssl=1&resize=350%2C200 1x, https:\/\/i0.wp.com\/casadecampoliving.com\/wp-content\/uploads\/2022\/10\/annabelle_banks-1.jpg?fit=650%2C562&ssl=1&resize=525%2C300 1.5x"},"classes":[]},{"id":337255,"url":"https:\/\/casadecampoliving.com\/es\/ginos-restaurante-abre-sus-puertas-nuevamente-en-altos-de-chavon\/","url_meta":{"origin":347602,"position":3},"title":"Gino&#8217;s Restaurante abre sus puertas nuevamente en Altos de Chav\u00f3n","author":"","date":"13 Nov, 2011","format":false,"excerpt":"Gino\u2019s Restaurant y Pizzer\u00eda\u00a0en Altos de Chav\u00f3n, que estuvo cerrado durante el verano, ha reabierto sus puertas para ofrecer lo mejor de la comida Italiana. \u00a0 Con una confortante terraza y una vista impresionante del\u00a0R\u00edo\u00a0Chav\u00f3n, el restaurante es adminsitrado por Christine, una sommelier con una rica experiencia en el\u00a0\u00e1rea,\u00a0acompa\u00f1ada\u00a0de su\u2026","rel":"","context":"En \u00abAltos de Chavon @es\u00bb","block_context":{"text":"Altos de Chavon @es","link":"https:\/\/casadecampoliving.com\/category\/altos-de-chavon-es\/"},"img":{"alt_text":"ginos altos de chavon","src":"https:\/\/i0.wp.com\/casadecampoliving.com\/wp-content\/uploads\/2022\/10\/ginos_altos_de_chavon-1.jpg?fit=650%2C301&ssl=1&resize=350%2C200","width":350,"height":200,"srcset":"https:\/\/i0.wp.com\/casadecampoliving.com\/wp-content\/uploads\/2022\/10\/ginos_altos_de_chavon-1.jpg?fit=650%2C301&ssl=1&resize=350%2C200 1x, https:\/\/i0.wp.com\/casadecampoliving.com\/wp-content\/uploads\/2022\/10\/ginos_altos_de_chavon-1.jpg?fit=650%2C301&ssl=1&resize=525%2C300 1.5x"},"classes":[]},{"id":348008,"url":"https:\/\/casadecampoliving.com\/es\/coma-fresco-este-verano\/","url_meta":{"origin":347602,"position":4},"title":"Coma para mantenerse fresco este verano","author":"Jacqueline Banks","date":"6 Ago, 2015","format":false,"excerpt":"Cada vez hace\u00a0m\u00e1s y m\u00e1s\u00a0calor, y\u00a0la comida que est\u00e1 comiendo podr\u00eda hacer el calor a\u00fan m\u00e1s insoportable. La forma m\u00e1s f\u00e1cil de evitar esto es comiendo\u00a0\u201cestacionalmente\u201d (de acuerdo a las estaciones del a\u00f1o).\u00a0Hay alimentos especialmente dise\u00f1ados por la naturaleza para ayudarnos a mantenernos refrescado\u00a0durante estos\u00a0meses de sofocante calor. Los alimentos\u2026","rel":"","context":"En \u00abSports\u00bb","block_context":{"text":"Sports","link":"https:\/\/casadecampoliving.com\/category\/sports\/"},"img":{"alt_text":"","src":"https:\/\/i0.wp.com\/casadecampoliving.com\/wp-content\/uploads\/2022\/10\/JBCCLEnV1-6-8-15-1.jpg?fit=650%2C400&ssl=1&resize=350%2C200","width":350,"height":200,"srcset":"https:\/\/i0.wp.com\/casadecampoliving.com\/wp-content\/uploads\/2022\/10\/JBCCLEnV1-6-8-15-1.jpg?fit=650%2C400&ssl=1&resize=350%2C200 1x, https:\/\/i0.wp.com\/casadecampoliving.com\/wp-content\/uploads\/2022\/10\/JBCCLEnV1-6-8-15-1.jpg?fit=650%2C400&ssl=1&resize=525%2C300 1.5x"},"classes":[]},{"id":353735,"url":"https:\/\/casadecampoliving.com\/es\/recetas-simples-que-nos-encantan-y-que-puedes-probar-en-casa\/","url_meta":{"origin":347602,"position":5},"title":"Recetas simples que nos encantan y que puedes probar en casa","author":"Casa de Campo Living","date":"13 Abr, 2020","format":false,"excerpt":"\u00a1Esperamos que est\u00e9s sano y salvo en casa! Con tanto tiempo disponible, cocinar se ha convertido en una de esas cosas que todo el mundo est\u00e1 dispuesto a probar, desde simples galletas de tres ingredientes hasta intentar hornear pan casero e incluso recetas m\u00e1s complejas. \u00a1Hoy hemos reunido algunas de\u2026","rel":"","context":"En \u00abCasa de Campo Living @es\u00bb","block_context":{"text":"Casa de Campo Living @es","link":"https:\/\/casadecampoliving.com\/category\/casa-de-campo-living-es\/"},"img":{"alt_text":"","src":"https:\/\/i0.wp.com\/casadecampoliving.com\/wp-content\/uploads\/2022\/10\/jeff-sheldon-6MT4_Ut8a3Y-unsplash.jpg?fit=1000%2C600&ssl=1&resize=350%2C200","width":350,"height":200,"srcset":"https:\/\/i0.wp.com\/casadecampoliving.com\/wp-content\/uploads\/2022\/10\/jeff-sheldon-6MT4_Ut8a3Y-unsplash.jpg?fit=1000%2C600&ssl=1&resize=350%2C200 1x, https:\/\/i0.wp.com\/casadecampoliving.com\/wp-content\/uploads\/2022\/10\/jeff-sheldon-6MT4_Ut8a3Y-unsplash.jpg?fit=1000%2C600&ssl=1&resize=525%2C300 1.5x, https:\/\/i0.wp.com\/casadecampoliving.com\/wp-content\/uploads\/2022\/10\/jeff-sheldon-6MT4_Ut8a3Y-unsplash.jpg?fit=1000%2C600&ssl=1&resize=700%2C400 2x"},"classes":[]}],"jetpack_sharing_enabled":true,"jetpack_featured_media_url":"https:\/\/i0.wp.com\/casadecampoliving.com\/wp-content\/uploads\/2022\/10\/CCLheaderJBV1-24-6-15-1.jpg?fit=650%2C500&ssl=1","_links":{"self":[{"href":"https:\/\/casadecampoliving.com\/es\/wp-json\/wp\/v2\/posts\/347602","targetHints":{"allow":["GET"]}}],"collection":[{"href":"https:\/\/casadecampoliving.com\/es\/wp-json\/wp\/v2\/posts"}],"about":[{"href":"https:\/\/casadecampoliving.com\/es\/wp-json\/wp\/v2\/types\/post"}],"author":[{"embeddable":true,"href":"https:\/\/casadecampoliving.com\/es\/wp-json\/wp\/v2\/users\/34707"}],"replies":[{"embeddable":true,"href":"https:\/\/casadecampoliving.com\/es\/wp-json\/wp\/v2\/comments?post=347602"}],"version-history":[{"count":1,"href":"https:\/\/casadecampoliving.com\/es\/wp-json\/wp\/v2\/posts\/347602\/revisions"}],"predecessor-version":[{"id":347605,"href":"https:\/\/casadecampoliving.com\/es\/wp-json\/wp\/v2\/posts\/347602\/revisions\/347605"}],"wp:featuredmedia":[{"embeddable":true,"href":"https:\/\/casadecampoliving.com\/es\/wp-json\/wp\/v2\/media\/275636"}],"wp:attachment":[{"href":"https:\/\/casadecampoliving.com\/es\/wp-json\/wp\/v2\/media?parent=347602"}],"wp:term":[{"taxonomy":"category","embeddable":true,"href":"https:\/\/casadecampoliving.com\/es\/wp-json\/wp\/v2\/categories?post=347602"},{"taxonomy":"post_tag","embeddable":true,"href":"https:\/\/casadecampoliving.com\/es\/wp-json\/wp\/v2\/tags?post=347602"},{"taxonomy":"newspack_spnsrs_tax","embeddable":true,"href":"https:\/\/casadecampoliving.com\/es\/wp-json\/wp\/v2\/newspack_spnsrs_tax?post=347602"}],"curies":[{"name":"wp","href":"https:\/\/api.w.org\/{rel}","templated":true}]}}