{"id":347588,"date":"2015-06-23T00:00:00","date_gmt":"2015-06-23T04:00:00","guid":{"rendered":"https:\/\/casadecampoliving.com\/cena-cuatro-manos\/"},"modified":"2022-10-21T19:03:06","modified_gmt":"2022-10-21T23:03:06","slug":"cena-cuatro-manos","status":"publish","type":"post","link":"https:\/\/casadecampoliving.com\/es\/cena-cuatro-manos\/","title":{"rendered":"Chefs Masas y Malmsten le invitan a Cena Cuatro Manos"},"content":{"rendered":"<div class=\"wp-block-image\">\n<figure class=\"aligncenter is-resized\"><img loading=\"lazy\" decoding=\"async\" src=\"https:\/\/i0.wp.com\/casadecampoliving.com\/wp-content\/uploads\/2022\/10\/Cuatro_MAnos-2.jpg?resize=650%2C385&amp;ssl=1\" alt=\"Cuatro_MAnos\" class=\"wp-image-112005\" height=\"385\" width=\"650\"\/><\/figure>\n<\/div>\n\n\n<p>Desde que el Chef Anthony Masas fue nombrado Chef Ejecutivo de Casa de Campo en el mes de abril (<a href=\"https:\/\/casadecampoliving.com\/es\/casa-de-campo-nombra-anthony-masas-como-chef-ejecutivo\/\">clic aqu\u00ed para la historia completa<\/a>), est\u00e1bamos ansiosos de tener la oportunidad de probar su cocina. Nuestra espera ha finalizado y todos tenemos cita (\u00a1usted est\u00e1 incluido!) para asistir a la <strong>Cena Cuatro Manos<\/strong> este viernes en La Piazzetta, donde el Chef Masas estar\u00e1 acompa\u00f1ado por su invitado especial, Erik Malmsten, del restaurante O.Livia en Santo Domingo, &nbsp;para brindarnos&nbsp;una experiencia culinaria de primera.<\/p>\n\n\n\n<p>Este es el primero de varios eventos que el complejo&nbsp;est\u00e1 organizando previo al Casa de Campo Food and Wine Festival (del 21 al 23 de agosto) y al parecer nuestra comunidad est\u00e1 tan entusiasmada como nosotros, pues&nbsp;el 50% de las reservaciones ya han sido apartadas.<\/p>\n\n\n\n<!--more-->\n\n\n\n<p>Aunque todav\u00eda no ha sido publicado el men\u00fa de platos y maridaje, Charles Keusters, Director de Alimentos y Bebidas, nos inform\u00f3 que \u201cesta cena es una colaboraci\u00f3n fant\u00e1stica entre nuestro Chef Anthony Masas y su invitado, Chef Erik Malmsten. Ser\u00e1 un menu de 5 platos exquisito.\u201d<\/p>\n\n\n\n<p>Charles tambi\u00e9n nos adelant\u00f3 sobre el&nbsp;orden de los platos para despertar nuestro apetito y que todos se motiven a hacer sus reservaciones. La cena comenzar\u00e1 con una entrada fr\u00eda por el Chef Malmsten y una entrada caliente por el Chef Masas. Luego la cena incluye un plato fuerte de pescado por Erik y uno de cordero por Anthony. Finalmente el Chef repostero de Casa de Campo traer\u00e1 los postres para finalizar la cena.<\/p>\n\n\n\n<p>Entre las cosas que mas nos gustan de la propuesta del men\u00fa, es que el mismo refleja las personalidades y herencia de ambos Chefs (Anthony Masas es espa\u00f1ol y Erik Malmsten es sueco), mientras que ha su vez se palpa una infusi\u00f3n del sabor tropical de nuestra isla caribe\u00f1a.<\/p>\n\n\n\n<p>Anthony lleva varias semanas trabajando un plato principal con toques de sorrel; una hoja con sabores a lim\u00f3n y c\u00edtricos que ir\u00e1 muy bien con el cordero. Por su parte, Erik se est\u00e1 inspirando&nbsp;en sus ra\u00edces N\u00f3rdicas al preparar una entrada fr\u00eda de vieras con cebollas, macadamia y pur\u00e9 de guisantes.<\/p>\n\n\n\n<p>No queremos arruinar todas las sorpresas que el Chef Anthony y Chef Erik nos tienen para este viernes en la noche, por lo que les exhortamos a degustar todos estos platos usted mismo y dejarnos saber que opina!<\/p>\n\n\n\n<p>Finalmente, sabemos que el Chef Masas lleva trabajando \u201ctras bastidores\u201d con Charles en emocionantes cambios y mejoras a la experiencia gastron\u00f3mica de los restaurantes de Casa de Campo y sus respectivos men\u00fas. Mientras que nos han adelantado algunas pistas de lo que podemos esperar en el futuro MUY cercano, les mantendr\u00e9 en suspenso por el momento mientras que coordinamos con ellos mi pr\u00f3ximo art\u00edculo sobre la nueva experiencia gastron\u00f3mica en Casa. Por el momento les dir\u00e9 que <strong>Cena Cuatro Manos<\/strong>&nbsp;es una antesala a muchas cosas buenas que se aproximan y que \u00a1espero verlos all\u00ed!<\/p>\n\n\n\n<blockquote><h3>CENA CUATRO MANOS<\/h3><p><strong>Fecha:<\/strong>&nbsp;Viernes, 26 de junio<\/p><p><strong>Hora:<\/strong> 8:00pm<\/p><p><strong>Lugar:<\/strong> La Piazzetta Restaurant, Altos de Chav\u00f3n, Casa de Campo<\/p><p><strong>Precio:<\/strong> USD$95.00+ 28%&nbsp;impuestos<\/p><p><strong>Para reservaciones:<\/strong> 809-523-3333 ext. 5339<\/p><\/blockquote>\n\n\n\n<blockquote><h3>Sobre los Chefs:<\/h3><p>Anthony Masas es un chef espa\u00f1ol con gran experiencia internacional en prestigiosos restaurantes y ha sido formado por reconocidos maestros de la cocina como Mart\u00edn Berasategui, Carmen Ruscalleda y Ferr\u00e1n Adri\u00e1, mientras que Erik Malmsten, de origen sueco, tiene una larga trayectoria en el mundo de la gastronom\u00eda, laborando en restaurantes de 1, 2 y 3 estrellas Michelin en Europa y Estados Unidos, y actualmente es chef &nbsp;y socio de los restaurantes O.Livia, Trattoria Francesco, Brasserie Julieta y Bar La Posta.<\/p><\/blockquote>\n","protected":false},"excerpt":{"rendered":"<p>Desde que el Chef Anthony Masas fue nombrado Chef Ejecutivo de Casa de Campo en el mes de abril (clic aqu\u00ed para la historia completa), est\u00e1bamos ansiosos de tener la oportunidad de probar su cocina. Nuestra espera ha finalizado y todos tenemos cita (\u00a1usted est\u00e1 incluido!) para asistir a la Cena Cuatro Manos este viernes [&hellip;]<\/p>\n","protected":false},"author":36672,"featured_media":306138,"comment_status":"closed","ping_status":"closed","sticky":false,"template":"","format":"standard","meta":{"newspack_ads_suppress_ads":false,"newspack_popups_has_disabled_popups":false,"newspack_sponsor_sponsorship_scope":"","newspack_sponsor_native_byline_display":"inherit","newspack_sponsor_native_category_display":"inherit","newspack_sponsor_underwriter_style":"inherit","newspack_sponsor_underwriter_placement":"inherit","_newspack_byline_active":false,"_newspack_byline":"","newspack_hide_updated_date":false,"newspack_show_updated_date":false,"newspack_content_restriction_is_exempt":false,"newspack_featured_image_position":"","newspack_post_subtitle":"","newspack_article_summary_title":"Overview:","newspack_article_summary":"","_jetpack_memberships_contains_paid_content":false,"footnotes":"","jetpack_publicize_message":"","jetpack_publicize_feature_enabled":true,"jetpack_social_post_already_shared":false,"jetpack_social_options":{"image_generator_settings":{"template":"highway","default_image_id":0,"font":"","enabled":false},"version":2},"_wpas_customize_per_network":false},"categories":[14629,2522,14625,14627,26822,2520,2526],"tags":[12715,8094,24387,6371,12716,12717],"newspack_spnsrs_tax":[],"class_list":["post-347588","post","type-post","status-publish","format-standard","has-post-thumbnail","hentry","category-comidas-bebidas","category-eventos-es","category-noticias-locales","category-proximamente","category-resort-casa-de-campo","category-restaurantes-es","category-titulares-es","tag-anthony-masas-es","tag-casa-de-campo-community-es","tag-casa-de-campo-living-es","tag-casa-de-campo-resort-es","tag-cena-cuatro-manos","tag-erik-malmsten","entry"],"yoast_head":"<!-- This site is optimized with the Yoast SEO plugin v27.5 - https:\/\/yoast.com\/product\/yoast-seo-wordpress\/ -->\n<title>Chefs Masas y Malmsten le invitan a Cena Cuatro Manos | Casa de Campo Living<\/title>\n<meta name=\"description\" content=\"Desde que el Chef Anthony Masas fue nombrado Chef Ejecutivo de Casa de Campo en el mes de abril (clic aqu\u00ed para la historia completa), est\u00e1bamos ansiosos\" \/>\n<meta name=\"robots\" content=\"index, follow, max-snippet:-1, max-image-preview:large, max-video-preview:-1\" \/>\n<link rel=\"canonical\" href=\"https:\/\/casadecampoliving.com\/es\/cena-cuatro-manos\/\" \/>\n<meta property=\"og:locale\" content=\"es_ES\" \/>\n<meta property=\"og:type\" content=\"article\" \/>\n<meta property=\"og:title\" content=\"Chefs Masas y Malmsten le invitan a Cena Cuatro Manos | Casa de Campo Living\" \/>\n<meta property=\"og:description\" content=\"Desde que el Chef Anthony Masas fue nombrado Chef Ejecutivo de Casa de Campo en el mes de abril (clic aqu\u00ed para la historia completa), est\u00e1bamos ansiosos\" \/>\n<meta property=\"og:url\" content=\"https:\/\/casadecampoliving.com\/es\/cena-cuatro-manos\/\" \/>\n<meta property=\"og:site_name\" content=\"Casa de Campo Living\" \/>\n<meta property=\"article:publisher\" content=\"https:\/\/www.facebook.com\/casadecampoliving\" \/>\n<meta property=\"article:published_time\" content=\"2015-06-23T04:00:00+00:00\" \/>\n<meta property=\"article:modified_time\" content=\"2022-10-21T23:03:06+00:00\" \/>\n<meta property=\"og:image\" content=\"https:\/\/i0.wp.com\/casadecampoliving.com\/wp-content\/uploads\/2022\/10\/Masas-and-Malmsten1-1.jpg?fit=935%2C506&ssl=1\" \/>\n\t<meta property=\"og:image:width\" content=\"935\" \/>\n\t<meta property=\"og:image:height\" content=\"506\" \/>\n\t<meta property=\"og:image:type\" content=\"image\/jpeg\" \/>\n<meta name=\"author\" content=\"Carla Campos\" \/>\n<meta name=\"twitter:card\" content=\"summary_large_image\" \/>\n<meta name=\"twitter:creator\" content=\"@cdcliving\" \/>\n<meta name=\"twitter:site\" content=\"@cdcliving\" \/>\n<meta name=\"twitter:label1\" content=\"Escrito por\" \/>\n\t<meta name=\"twitter:data1\" content=\"Carla Campos\" \/>\n\t<meta name=\"twitter:label2\" content=\"Tiempo de lectura\" \/>\n\t<meta name=\"twitter:data2\" content=\"3 minutos\" \/>\n<script type=\"application\/ld+json\" class=\"yoast-schema-graph\">{\"@context\":\"https:\\\/\\\/schema.org\",\"@graph\":[{\"@type\":\"Article\",\"@id\":\"https:\\\/\\\/casadecampoliving.com\\\/es\\\/cena-cuatro-manos\\\/#article\",\"isPartOf\":{\"@id\":\"https:\\\/\\\/casadecampoliving.com\\\/es\\\/cena-cuatro-manos\\\/\"},\"author\":{\"name\":\"Carla Campos\",\"@id\":\"https:\\\/\\\/casadecampoliving.com\\\/es\\\/#\\\/schema\\\/person\\\/31e9c79dd1ae5946a5bc1d006945aad1\"},\"headline\":\"Chefs Masas y Malmsten le invitan a Cena Cuatro Manos\",\"datePublished\":\"2015-06-23T04:00:00+00:00\",\"dateModified\":\"2022-10-21T23:03:06+00:00\",\"mainEntityOfPage\":{\"@id\":\"https:\\\/\\\/casadecampoliving.com\\\/es\\\/cena-cuatro-manos\\\/\"},\"wordCount\":635,\"publisher\":{\"@id\":\"https:\\\/\\\/casadecampoliving.com\\\/es\\\/#organization\"},\"image\":{\"@id\":\"https:\\\/\\\/casadecampoliving.com\\\/es\\\/cena-cuatro-manos\\\/#primaryimage\"},\"thumbnailUrl\":\"https:\\\/\\\/i0.wp.com\\\/casadecampoliving.com\\\/wp-content\\\/uploads\\\/2022\\\/10\\\/Masas-and-Malmsten1-1.jpg?fit=935%2C506&ssl=1\",\"keywords\":[\"Anthony Masas @es\",\"Casa de Campo Community @es\",\"Casa de Campo Living\",\"casa de campo resort @es\",\"Cena Cuatro Manos\",\"Erik Malmsten\"],\"articleSection\":[\"Comidas &amp; Bebidas\",\"Eventos\",\"Noticias Locales\",\"Proximamente\",\"Resort Casa de Campo\",\"Restaurantes\",\"Titulares\"],\"inLanguage\":\"es\"},{\"@type\":\"WebPage\",\"@id\":\"https:\\\/\\\/casadecampoliving.com\\\/es\\\/cena-cuatro-manos\\\/\",\"url\":\"https:\\\/\\\/casadecampoliving.com\\\/es\\\/cena-cuatro-manos\\\/\",\"name\":\"Chefs Masas y Malmsten le invitan a Cena Cuatro Manos | Casa de Campo Living\",\"isPartOf\":{\"@id\":\"https:\\\/\\\/casadecampoliving.com\\\/es\\\/#website\"},\"primaryImageOfPage\":{\"@id\":\"https:\\\/\\\/casadecampoliving.com\\\/es\\\/cena-cuatro-manos\\\/#primaryimage\"},\"image\":{\"@id\":\"https:\\\/\\\/casadecampoliving.com\\\/es\\\/cena-cuatro-manos\\\/#primaryimage\"},\"thumbnailUrl\":\"https:\\\/\\\/i0.wp.com\\\/casadecampoliving.com\\\/wp-content\\\/uploads\\\/2022\\\/10\\\/Masas-and-Malmsten1-1.jpg?fit=935%2C506&ssl=1\",\"datePublished\":\"2015-06-23T04:00:00+00:00\",\"dateModified\":\"2022-10-21T23:03:06+00:00\",\"description\":\"Desde que el Chef Anthony Masas fue nombrado Chef Ejecutivo de Casa de Campo en el mes de abril (clic aqu\u00ed para la historia completa), est\u00e1bamos ansiosos\",\"breadcrumb\":{\"@id\":\"https:\\\/\\\/casadecampoliving.com\\\/es\\\/cena-cuatro-manos\\\/#breadcrumb\"},\"inLanguage\":\"es\",\"potentialAction\":[{\"@type\":\"ReadAction\",\"target\":[\"https:\\\/\\\/casadecampoliving.com\\\/es\\\/cena-cuatro-manos\\\/\"]}]},{\"@type\":\"ImageObject\",\"inLanguage\":\"es\",\"@id\":\"https:\\\/\\\/casadecampoliving.com\\\/es\\\/cena-cuatro-manos\\\/#primaryimage\",\"url\":\"https:\\\/\\\/i0.wp.com\\\/casadecampoliving.com\\\/wp-content\\\/uploads\\\/2022\\\/10\\\/Masas-and-Malmsten1-1.jpg?fit=935%2C506&ssl=1\",\"contentUrl\":\"https:\\\/\\\/i0.wp.com\\\/casadecampoliving.com\\\/wp-content\\\/uploads\\\/2022\\\/10\\\/Masas-and-Malmsten1-1.jpg?fit=935%2C506&ssl=1\",\"width\":935,\"height\":506},{\"@type\":\"BreadcrumbList\",\"@id\":\"https:\\\/\\\/casadecampoliving.com\\\/es\\\/cena-cuatro-manos\\\/#breadcrumb\",\"itemListElement\":[{\"@type\":\"ListItem\",\"position\":1,\"name\":\"Home\",\"item\":\"https:\\\/\\\/casadecampoliving.com\\\/es\\\/\"},{\"@type\":\"ListItem\",\"position\":2,\"name\":\"Chefs Masas y Malmsten le invitan a Cena Cuatro Manos\"}]},{\"@type\":\"WebSite\",\"@id\":\"https:\\\/\\\/casadecampoliving.com\\\/es\\\/#website\",\"url\":\"https:\\\/\\\/casadecampoliving.com\\\/es\\\/\",\"name\":\"Casa de Campo Living\",\"description\":\"Resort community news and resources.\",\"publisher\":{\"@id\":\"https:\\\/\\\/casadecampoliving.com\\\/es\\\/#organization\"},\"potentialAction\":[{\"@type\":\"SearchAction\",\"target\":{\"@type\":\"EntryPoint\",\"urlTemplate\":\"https:\\\/\\\/casadecampoliving.com\\\/es\\\/?s={search_term_string}\"},\"query-input\":{\"@type\":\"PropertyValueSpecification\",\"valueRequired\":true,\"valueName\":\"search_term_string\"}}],\"inLanguage\":\"es\"},{\"@type\":\"Organization\",\"@id\":\"https:\\\/\\\/casadecampoliving.com\\\/es\\\/#organization\",\"name\":\"Casa de Campo Living\",\"url\":\"https:\\\/\\\/casadecampoliving.com\\\/es\\\/\",\"logo\":{\"@type\":\"ImageObject\",\"inLanguage\":\"es\",\"@id\":\"https:\\\/\\\/casadecampoliving.com\\\/es\\\/#\\\/schema\\\/logo\\\/image\\\/\",\"url\":\"https:\\\/\\\/i0.wp.com\\\/casadecampoliving.com\\\/wp-content\\\/uploads\\\/2022\\\/07\\\/CDCLivingLogo_V1-white-sized.png?fit=800%2C214&ssl=1\",\"contentUrl\":\"https:\\\/\\\/i0.wp.com\\\/casadecampoliving.com\\\/wp-content\\\/uploads\\\/2022\\\/07\\\/CDCLivingLogo_V1-white-sized.png?fit=800%2C214&ssl=1\",\"width\":800,\"height\":214,\"caption\":\"Casa de Campo Living\"},\"image\":{\"@id\":\"https:\\\/\\\/casadecampoliving.com\\\/es\\\/#\\\/schema\\\/logo\\\/image\\\/\"},\"sameAs\":[\"https:\\\/\\\/www.facebook.com\\\/casadecampoliving\",\"https:\\\/\\\/x.com\\\/cdcliving\"]},{\"@type\":\"Person\",\"@id\":\"https:\\\/\\\/casadecampoliving.com\\\/es\\\/#\\\/schema\\\/person\\\/31e9c79dd1ae5946a5bc1d006945aad1\",\"name\":\"Carla Campos\",\"image\":{\"@type\":\"ImageObject\",\"inLanguage\":\"es\",\"@id\":\"https:\\\/\\\/secure.gravatar.com\\\/avatar\\\/73cf86e3450dfb9b46e1fdb84b1d556861d8ff8c40e6925be3e987154c3b5772?s=96&d=mm&r=g\",\"url\":\"https:\\\/\\\/secure.gravatar.com\\\/avatar\\\/73cf86e3450dfb9b46e1fdb84b1d556861d8ff8c40e6925be3e987154c3b5772?s=96&d=mm&r=g\",\"contentUrl\":\"https:\\\/\\\/secure.gravatar.com\\\/avatar\\\/73cf86e3450dfb9b46e1fdb84b1d556861d8ff8c40e6925be3e987154c3b5772?s=96&d=mm&r=g\",\"caption\":\"Carla Campos\"},\"url\":\"https:\\\/\\\/casadecampoliving.com\\\/es\\\/author\\\/ccampos\\\/\"}]}<\/script>\n<!-- \/ Yoast SEO plugin. -->","yoast_head_json":{"title":"Chefs Masas y Malmsten le invitan a Cena Cuatro Manos | Casa de Campo Living","description":"Desde que el Chef Anthony Masas fue nombrado Chef Ejecutivo de Casa de Campo en el mes de abril (clic aqu\u00ed para la historia completa), est\u00e1bamos ansiosos","robots":{"index":"index","follow":"follow","max-snippet":"max-snippet:-1","max-image-preview":"max-image-preview:large","max-video-preview":"max-video-preview:-1"},"canonical":"https:\/\/casadecampoliving.com\/es\/cena-cuatro-manos\/","og_locale":"es_ES","og_type":"article","og_title":"Chefs Masas y Malmsten le invitan a Cena Cuatro Manos | Casa de Campo Living","og_description":"Desde que el Chef Anthony Masas fue nombrado Chef Ejecutivo de Casa de Campo en el mes de abril (clic aqu\u00ed para la historia completa), est\u00e1bamos ansiosos","og_url":"https:\/\/casadecampoliving.com\/es\/cena-cuatro-manos\/","og_site_name":"Casa de Campo Living","article_publisher":"https:\/\/www.facebook.com\/casadecampoliving","article_published_time":"2015-06-23T04:00:00+00:00","article_modified_time":"2022-10-21T23:03:06+00:00","og_image":[{"width":935,"height":506,"url":"https:\/\/i0.wp.com\/casadecampoliving.com\/wp-content\/uploads\/2022\/10\/Masas-and-Malmsten1-1.jpg?fit=935%2C506&ssl=1","type":"image\/jpeg"}],"author":"Carla Campos","twitter_card":"summary_large_image","twitter_creator":"@cdcliving","twitter_site":"@cdcliving","twitter_misc":{"Escrito por":"Carla Campos","Tiempo de lectura":"3 minutos"},"schema":{"@context":"https:\/\/schema.org","@graph":[{"@type":"Article","@id":"https:\/\/casadecampoliving.com\/es\/cena-cuatro-manos\/#article","isPartOf":{"@id":"https:\/\/casadecampoliving.com\/es\/cena-cuatro-manos\/"},"author":{"name":"Carla Campos","@id":"https:\/\/casadecampoliving.com\/es\/#\/schema\/person\/31e9c79dd1ae5946a5bc1d006945aad1"},"headline":"Chefs Masas y Malmsten le invitan a Cena Cuatro Manos","datePublished":"2015-06-23T04:00:00+00:00","dateModified":"2022-10-21T23:03:06+00:00","mainEntityOfPage":{"@id":"https:\/\/casadecampoliving.com\/es\/cena-cuatro-manos\/"},"wordCount":635,"publisher":{"@id":"https:\/\/casadecampoliving.com\/es\/#organization"},"image":{"@id":"https:\/\/casadecampoliving.com\/es\/cena-cuatro-manos\/#primaryimage"},"thumbnailUrl":"https:\/\/i0.wp.com\/casadecampoliving.com\/wp-content\/uploads\/2022\/10\/Masas-and-Malmsten1-1.jpg?fit=935%2C506&ssl=1","keywords":["Anthony Masas @es","Casa de Campo Community @es","Casa de Campo Living","casa de campo resort @es","Cena Cuatro Manos","Erik Malmsten"],"articleSection":["Comidas &amp; Bebidas","Eventos","Noticias Locales","Proximamente","Resort Casa de Campo","Restaurantes","Titulares"],"inLanguage":"es"},{"@type":"WebPage","@id":"https:\/\/casadecampoliving.com\/es\/cena-cuatro-manos\/","url":"https:\/\/casadecampoliving.com\/es\/cena-cuatro-manos\/","name":"Chefs Masas y Malmsten le invitan a Cena Cuatro Manos | Casa de Campo Living","isPartOf":{"@id":"https:\/\/casadecampoliving.com\/es\/#website"},"primaryImageOfPage":{"@id":"https:\/\/casadecampoliving.com\/es\/cena-cuatro-manos\/#primaryimage"},"image":{"@id":"https:\/\/casadecampoliving.com\/es\/cena-cuatro-manos\/#primaryimage"},"thumbnailUrl":"https:\/\/i0.wp.com\/casadecampoliving.com\/wp-content\/uploads\/2022\/10\/Masas-and-Malmsten1-1.jpg?fit=935%2C506&ssl=1","datePublished":"2015-06-23T04:00:00+00:00","dateModified":"2022-10-21T23:03:06+00:00","description":"Desde que el Chef Anthony Masas fue nombrado Chef Ejecutivo de Casa de Campo en el mes de abril (clic aqu\u00ed para la historia completa), est\u00e1bamos ansiosos","breadcrumb":{"@id":"https:\/\/casadecampoliving.com\/es\/cena-cuatro-manos\/#breadcrumb"},"inLanguage":"es","potentialAction":[{"@type":"ReadAction","target":["https:\/\/casadecampoliving.com\/es\/cena-cuatro-manos\/"]}]},{"@type":"ImageObject","inLanguage":"es","@id":"https:\/\/casadecampoliving.com\/es\/cena-cuatro-manos\/#primaryimage","url":"https:\/\/i0.wp.com\/casadecampoliving.com\/wp-content\/uploads\/2022\/10\/Masas-and-Malmsten1-1.jpg?fit=935%2C506&ssl=1","contentUrl":"https:\/\/i0.wp.com\/casadecampoliving.com\/wp-content\/uploads\/2022\/10\/Masas-and-Malmsten1-1.jpg?fit=935%2C506&ssl=1","width":935,"height":506},{"@type":"BreadcrumbList","@id":"https:\/\/casadecampoliving.com\/es\/cena-cuatro-manos\/#breadcrumb","itemListElement":[{"@type":"ListItem","position":1,"name":"Home","item":"https:\/\/casadecampoliving.com\/es\/"},{"@type":"ListItem","position":2,"name":"Chefs Masas y Malmsten le invitan a Cena Cuatro Manos"}]},{"@type":"WebSite","@id":"https:\/\/casadecampoliving.com\/es\/#website","url":"https:\/\/casadecampoliving.com\/es\/","name":"Casa de Campo Living","description":"Resort community news and resources.","publisher":{"@id":"https:\/\/casadecampoliving.com\/es\/#organization"},"potentialAction":[{"@type":"SearchAction","target":{"@type":"EntryPoint","urlTemplate":"https:\/\/casadecampoliving.com\/es\/?s={search_term_string}"},"query-input":{"@type":"PropertyValueSpecification","valueRequired":true,"valueName":"search_term_string"}}],"inLanguage":"es"},{"@type":"Organization","@id":"https:\/\/casadecampoliving.com\/es\/#organization","name":"Casa de Campo Living","url":"https:\/\/casadecampoliving.com\/es\/","logo":{"@type":"ImageObject","inLanguage":"es","@id":"https:\/\/casadecampoliving.com\/es\/#\/schema\/logo\/image\/","url":"https:\/\/i0.wp.com\/casadecampoliving.com\/wp-content\/uploads\/2022\/07\/CDCLivingLogo_V1-white-sized.png?fit=800%2C214&ssl=1","contentUrl":"https:\/\/i0.wp.com\/casadecampoliving.com\/wp-content\/uploads\/2022\/07\/CDCLivingLogo_V1-white-sized.png?fit=800%2C214&ssl=1","width":800,"height":214,"caption":"Casa de Campo Living"},"image":{"@id":"https:\/\/casadecampoliving.com\/es\/#\/schema\/logo\/image\/"},"sameAs":["https:\/\/www.facebook.com\/casadecampoliving","https:\/\/x.com\/cdcliving"]},{"@type":"Person","@id":"https:\/\/casadecampoliving.com\/es\/#\/schema\/person\/31e9c79dd1ae5946a5bc1d006945aad1","name":"Carla Campos","image":{"@type":"ImageObject","inLanguage":"es","@id":"https:\/\/secure.gravatar.com\/avatar\/73cf86e3450dfb9b46e1fdb84b1d556861d8ff8c40e6925be3e987154c3b5772?s=96&d=mm&r=g","url":"https:\/\/secure.gravatar.com\/avatar\/73cf86e3450dfb9b46e1fdb84b1d556861d8ff8c40e6925be3e987154c3b5772?s=96&d=mm&r=g","contentUrl":"https:\/\/secure.gravatar.com\/avatar\/73cf86e3450dfb9b46e1fdb84b1d556861d8ff8c40e6925be3e987154c3b5772?s=96&d=mm&r=g","caption":"Carla Campos"},"url":"https:\/\/casadecampoliving.com\/es\/author\/ccampos\/"}]}},"parsely":{"version":"1.1.0","canonical_url":"https:\/\/casadecampoliving.com\/es\/cena-cuatro-manos\/","smart_links":{"inbound":0,"outbound":0},"traffic_boost_suggestions_count":0,"meta":{"@context":"https:\/\/schema.org","@type":"NewsArticle","headline":"Chefs Masas y Malmsten le invitan a Cena Cuatro Manos","url":"http:\/\/casadecampoliving.com\/es\/cena-cuatro-manos\/","mainEntityOfPage":{"@type":"WebPage","@id":"http:\/\/casadecampoliving.com\/es\/cena-cuatro-manos\/"},"thumbnailUrl":"https:\/\/i0.wp.com\/casadecampoliving.com\/wp-content\/uploads\/2022\/10\/Masas-and-Malmsten1-1.jpg?resize=150%2C150&ssl=1","image":{"@type":"ImageObject","url":"https:\/\/i0.wp.com\/casadecampoliving.com\/wp-content\/uploads\/2022\/10\/Masas-and-Malmsten1-1.jpg?fit=935%2C506&ssl=1"},"articleSection":"Comidas &amp; Bebidas","author":[{"@type":"Person","name":"Carla Campos"}],"creator":["Carla Campos"],"publisher":{"@type":"Organization","name":"Casa de Campo Living","logo":"https:\/\/casadecampoliving.com\/wp-content\/uploads\/2022\/07\/CDCLivingLogo_V1-white-sized.png"},"keywords":["anthony masas @es","casa de campo community @es","casa de campo living","casa de campo resort @es","cena cuatro manos","erik malmsten"],"dateCreated":"2015-06-23T04:00:00Z","datePublished":"2015-06-23T04:00:00Z","dateModified":"2022-10-21T23:03:06Z"},"rendered":"<script type=\"application\/ld+json\" class=\"wp-parsely-metadata\">{\"@context\":\"https:\\\/\\\/schema.org\",\"@type\":\"NewsArticle\",\"headline\":\"Chefs Masas y Malmsten le invitan a Cena Cuatro Manos\",\"url\":\"http:\\\/\\\/casadecampoliving.com\\\/es\\\/cena-cuatro-manos\\\/\",\"mainEntityOfPage\":{\"@type\":\"WebPage\",\"@id\":\"http:\\\/\\\/casadecampoliving.com\\\/es\\\/cena-cuatro-manos\\\/\"},\"thumbnailUrl\":\"https:\\\/\\\/i0.wp.com\\\/casadecampoliving.com\\\/wp-content\\\/uploads\\\/2022\\\/10\\\/Masas-and-Malmsten1-1.jpg?resize=150%2C150&ssl=1\",\"image\":{\"@type\":\"ImageObject\",\"url\":\"https:\\\/\\\/i0.wp.com\\\/casadecampoliving.com\\\/wp-content\\\/uploads\\\/2022\\\/10\\\/Masas-and-Malmsten1-1.jpg?fit=935%2C506&ssl=1\"},\"articleSection\":\"Comidas &amp; Bebidas\",\"author\":[{\"@type\":\"Person\",\"name\":\"Carla Campos\"}],\"creator\":[\"Carla Campos\"],\"publisher\":{\"@type\":\"Organization\",\"name\":\"Casa de Campo Living\",\"logo\":\"https:\\\/\\\/casadecampoliving.com\\\/wp-content\\\/uploads\\\/2022\\\/07\\\/CDCLivingLogo_V1-white-sized.png\"},\"keywords\":[\"anthony masas @es\",\"casa de campo community @es\",\"casa de campo living\",\"casa de campo resort @es\",\"cena cuatro manos\",\"erik malmsten\"],\"dateCreated\":\"2015-06-23T04:00:00Z\",\"datePublished\":\"2015-06-23T04:00:00Z\",\"dateModified\":\"2022-10-21T23:03:06Z\"}<\/script>","tracker_url":"https:\/\/cdn.parsely.com\/keys\/casadecampoliving.com\/p.js"},"jetpack_publicize_connections":[],"jetpack_featured_media_url":"https:\/\/i0.wp.com\/casadecampoliving.com\/wp-content\/uploads\/2022\/10\/Masas-and-Malmsten1-1.jpg?fit=935%2C506&ssl=1","jetpack-related-posts":[{"id":325931,"url":"https:\/\/casadecampoliving.com\/masa-and-malmsten-cena-cuatro-manos\/","url_meta":{"origin":347588,"position":0},"title":"Chefs Masas and Malmsten host Cena Cuatro Manos","author":"Carla Campos","date":"23 Jun, 2015","format":false,"excerpt":"Ever since he was named Casa de Campo\u2019s new Executive Chef back in April (click here to read the full story), we have been anxiously waiting for an opportunity to try some of Chef Anthony Masas\u2019 cuisine. Our wait is finally over as we all have a date (you included!)\u2026","rel":"","context":"En \u00abCasa de Campo Resort\u00bb","block_context":{"text":"Casa de Campo Resort","link":"https:\/\/casadecampoliving.com\/category\/casa-de-campo-resort\/"},"img":{"alt_text":"","src":"https:\/\/i0.wp.com\/casadecampoliving.com\/wp-content\/uploads\/2022\/10\/Masas-and-Malmsten1-1.jpg?fit=935%2C506&ssl=1&resize=350%2C200","width":350,"height":200,"srcset":"https:\/\/i0.wp.com\/casadecampoliving.com\/wp-content\/uploads\/2022\/10\/Masas-and-Malmsten1-1.jpg?fit=935%2C506&ssl=1&resize=350%2C200 1x, https:\/\/i0.wp.com\/casadecampoliving.com\/wp-content\/uploads\/2022\/10\/Masas-and-Malmsten1-1.jpg?fit=935%2C506&ssl=1&resize=525%2C300 1.5x, https:\/\/i0.wp.com\/casadecampoliving.com\/wp-content\/uploads\/2022\/10\/Masas-and-Malmsten1-1.jpg?fit=935%2C506&ssl=1&resize=700%2C400 2x"},"classes":[]},{"id":349722,"url":"https:\/\/casadecampoliving.com\/es\/proximamente-cata-cena-y-maridaje-con-los-mejores-chefs-de-rd\/","url_meta":{"origin":347588,"position":1},"title":"El sue\u00f1o gastron\u00f3mico hecho realidad est\u00e1 por suceder ma\u00f1ana: \u00a1Cata, Cena y Maridaje con los mejores chefs de RD!","author":"Anna Pavilsova","date":"4 May, 2016","format":false,"excerpt":"\u00a1Buenas noticias amigos y amantes de la cocina de Casa de Campo! \u00a1Abran un espacio en sus agendas para la cena de ma\u00f1ana! Nuestro chef ejecutivo de Casa de Campo, Anthony Masas, junto con Joaqu\u00edn Renovales el chef ejecutivo del restaurante Grupo SBG y Erik Malmsten el chef ejecutivo del\u2026","rel":"","context":"En \u00abAltos de Chavon @es\u00bb","block_context":{"text":"Altos de Chavon @es","link":"https:\/\/casadecampoliving.com\/category\/altos-de-chavon-es\/"},"img":{"alt_text":"Featured Image Tasting and Pairing Dinner","src":"https:\/\/i0.wp.com\/casadecampoliving.com\/wp-content\/uploads\/2022\/10\/Featured-Image-Tasting-and-Pairing-Dinner.jpg?fit=1000%2C600&ssl=1&resize=350%2C200","width":350,"height":200,"srcset":"https:\/\/i0.wp.com\/casadecampoliving.com\/wp-content\/uploads\/2022\/10\/Featured-Image-Tasting-and-Pairing-Dinner.jpg?fit=1000%2C600&ssl=1&resize=350%2C200 1x, https:\/\/i0.wp.com\/casadecampoliving.com\/wp-content\/uploads\/2022\/10\/Featured-Image-Tasting-and-Pairing-Dinner.jpg?fit=1000%2C600&ssl=1&resize=525%2C300 1.5x, https:\/\/i0.wp.com\/casadecampoliving.com\/wp-content\/uploads\/2022\/10\/Featured-Image-Tasting-and-Pairing-Dinner.jpg?fit=1000%2C600&ssl=1&resize=700%2C400 2x"},"classes":[]},{"id":347710,"url":"https:\/\/casadecampoliving.com\/es\/casa-de-campo-cena-cuatro-manos\/","url_meta":{"origin":347588,"position":2},"title":"Casa de Campo presenta \u00abCena Cuatro Manos\u00bb&#8230; una probada de lo que viene","author":"Felix Guerrero","date":"7 Jul, 2015","format":false,"excerpt":"Dentro del marco de las actividades previas al Casa de Campo Food & Wine Festival, pautado para el mes de\u00a0agosto, el pasado viernes 3 de julio, en La Piazzetta, Altos de Chav\u00f3n, se llev\u00f3 a cabo\u00a0una actividad gastron\u00f3mica diferente, una Cena Cuatro Manos, con dos j\u00f3venes chefs que est\u00e1n revolucionando\u00a0la\u2026","rel":"","context":"En \u00abAltos de Chavon @es\u00bb","block_context":{"text":"Altos de Chavon @es","link":"https:\/\/casadecampoliving.com\/category\/altos-de-chavon-es\/"},"img":{"alt_text":"Halibut con mejillones, chantarelle ahumado, papas y caldo c\u00edtrico","src":"https:\/\/i0.wp.com\/casadecampoliving.com\/wp-content\/uploads\/2022\/10\/Halibut-con-mejillones-chantarelle-ahumado-papas-y-caldo-citrico.-L-1.jpg?fit=800%2C534&ssl=1&resize=350%2C200","width":350,"height":200,"srcset":"https:\/\/i0.wp.com\/casadecampoliving.com\/wp-content\/uploads\/2022\/10\/Halibut-con-mejillones-chantarelle-ahumado-papas-y-caldo-citrico.-L-1.jpg?fit=800%2C534&ssl=1&resize=350%2C200 1x, https:\/\/i0.wp.com\/casadecampoliving.com\/wp-content\/uploads\/2022\/10\/Halibut-con-mejillones-chantarelle-ahumado-papas-y-caldo-citrico.-L-1.jpg?fit=800%2C534&ssl=1&resize=525%2C300 1.5x, https:\/\/i0.wp.com\/casadecampoliving.com\/wp-content\/uploads\/2022\/10\/Halibut-con-mejillones-chantarelle-ahumado-papas-y-caldo-citrico.-L-1.jpg?fit=800%2C534&ssl=1&resize=700%2C400 2x"},"classes":[]},{"id":326020,"url":"https:\/\/casadecampoliving.com\/casa-de-campo-cena-cuatro-manos-2\/","url_meta":{"origin":347588,"position":3},"title":"Casa de Campo presents \u00abCena Cuatro Manos\u00bb&#8230; a taste of what&#8217;s to come","author":"Felix Guerrero","date":"7 Jul, 2015","format":false,"excerpt":"In the build up to Casa de Campo's first ever\u00a0Casa de Campo Food & Wine Festival taking place across the resort from the 21st to the 23rd of August, a very special dinner,\u00a0Cena Cuatro Manos,\u00a0was celebrated at\u00a0La Piazzetta in Altos de Chav\u00f3n, presented by two young chefs that are revolutionizing\u00a0Haute\u2026","rel":"","context":"En \u00abAltos de Chavon\u00bb","block_context":{"text":"Altos de Chavon","link":"https:\/\/casadecampoliving.com\/category\/altos-de-chavon\/"},"img":{"alt_text":"Halibut con mejillones, chantarelle ahumado, papas y caldo c\u00edtrico","src":"https:\/\/i0.wp.com\/casadecampoliving.com\/wp-content\/uploads\/2022\/10\/Halibut-con-mejillones-chantarelle-ahumado-papas-y-caldo-citrico.-L-1.jpg?fit=800%2C534&ssl=1&resize=350%2C200","width":350,"height":200,"srcset":"https:\/\/i0.wp.com\/casadecampoliving.com\/wp-content\/uploads\/2022\/10\/Halibut-con-mejillones-chantarelle-ahumado-papas-y-caldo-citrico.-L-1.jpg?fit=800%2C534&ssl=1&resize=350%2C200 1x, https:\/\/i0.wp.com\/casadecampoliving.com\/wp-content\/uploads\/2022\/10\/Halibut-con-mejillones-chantarelle-ahumado-papas-y-caldo-citrico.-L-1.jpg?fit=800%2C534&ssl=1&resize=525%2C300 1.5x, https:\/\/i0.wp.com\/casadecampoliving.com\/wp-content\/uploads\/2022\/10\/Halibut-con-mejillones-chantarelle-ahumado-papas-y-caldo-citrico.-L-1.jpg?fit=800%2C534&ssl=1&resize=700%2C400 2x"},"classes":[]},{"id":327376,"url":"https:\/\/casadecampoliving.com\/upcoming-tasting-pairing-dinner-drs-best-chefs\/","url_meta":{"origin":347588,"position":4},"title":"The gastronomic dream-come-true is happening tomorrow: Tasting &#038; Pairing Dinner with the DR\u2019s best chefs!","author":"Anna Pavilsova","date":"4 May, 2016","format":false,"excerpt":"Good news fellow Casa De Campo foodies! Clear your dinner plans for tomorrow! Our own Anthony Masas the Executive Chef of Casa de Campo along with Joaquin Renovales the Executive Chef of Restaurant Group SBG and Erik Malmsten the Executive Chef of Restaurant Olivia are coming together in Piazzetta in\u2026","rel":"","context":"En \u00abAltos de Chavon\u00bb","block_context":{"text":"Altos de Chavon","link":"https:\/\/casadecampoliving.com\/category\/altos-de-chavon\/"},"img":{"alt_text":"Featured Image Tasting and Pairing Dinner","src":"https:\/\/i0.wp.com\/casadecampoliving.com\/wp-content\/uploads\/2022\/10\/Featured-Image-Tasting-and-Pairing-Dinner.jpg?fit=1000%2C600&ssl=1&resize=350%2C200","width":350,"height":200,"srcset":"https:\/\/i0.wp.com\/casadecampoliving.com\/wp-content\/uploads\/2022\/10\/Featured-Image-Tasting-and-Pairing-Dinner.jpg?fit=1000%2C600&ssl=1&resize=350%2C200 1x, https:\/\/i0.wp.com\/casadecampoliving.com\/wp-content\/uploads\/2022\/10\/Featured-Image-Tasting-and-Pairing-Dinner.jpg?fit=1000%2C600&ssl=1&resize=525%2C300 1.5x, https:\/\/i0.wp.com\/casadecampoliving.com\/wp-content\/uploads\/2022\/10\/Featured-Image-Tasting-and-Pairing-Dinner.jpg?fit=1000%2C600&ssl=1&resize=700%2C400 2x"},"classes":[]},{"id":347692,"url":"https:\/\/casadecampoliving.com\/es\/se-acerca-el-casa-de-campo-food-wine-festival\/","url_meta":{"origin":347588,"position":5},"title":"Se acerca el Casa de Campo Food &#038; Wine Festival","author":"Rebecca Silvestri","date":"6 Jul, 2015","format":false,"excerpt":"El Resort Casa de Campo se prepara para su primer festival de vino y comida, el Casa de Campo Food & Wine Festival 2015, y aqu\u00ed les traemos los detalles preliminares. El Casa de Campo Food & Wine Festival 2015 se llevar\u00e1 a cabo del 21 al 23 de agosto\u2026","rel":"","context":"En \u00abAltos de Chavon @es\u00bb","block_context":{"text":"Altos de Chavon @es","link":"https:\/\/casadecampoliving.com\/category\/altos-de-chavon-es\/"},"img":{"alt_text":"","src":"https:\/\/i0.wp.com\/casadecampoliving.com\/wp-content\/uploads\/2022\/10\/Food_Wine_Festival_2015-1.jpg?fit=800%2C600&ssl=1&resize=350%2C200","width":350,"height":200,"srcset":"https:\/\/i0.wp.com\/casadecampoliving.com\/wp-content\/uploads\/2022\/10\/Food_Wine_Festival_2015-1.jpg?fit=800%2C600&ssl=1&resize=350%2C200 1x, https:\/\/i0.wp.com\/casadecampoliving.com\/wp-content\/uploads\/2022\/10\/Food_Wine_Festival_2015-1.jpg?fit=800%2C600&ssl=1&resize=525%2C300 1.5x, https:\/\/i0.wp.com\/casadecampoliving.com\/wp-content\/uploads\/2022\/10\/Food_Wine_Festival_2015-1.jpg?fit=800%2C600&ssl=1&resize=700%2C400 2x"},"classes":[]}],"jetpack_sharing_enabled":true,"_links":{"self":[{"href":"https:\/\/casadecampoliving.com\/es\/wp-json\/wp\/v2\/posts\/347588","targetHints":{"allow":["GET"]}}],"collection":[{"href":"https:\/\/casadecampoliving.com\/es\/wp-json\/wp\/v2\/posts"}],"about":[{"href":"https:\/\/casadecampoliving.com\/es\/wp-json\/wp\/v2\/types\/post"}],"author":[{"embeddable":true,"href":"https:\/\/casadecampoliving.com\/es\/wp-json\/wp\/v2\/users\/36672"}],"replies":[{"embeddable":true,"href":"https:\/\/casadecampoliving.com\/es\/wp-json\/wp\/v2\/comments?post=347588"}],"version-history":[{"count":1,"href":"https:\/\/casadecampoliving.com\/es\/wp-json\/wp\/v2\/posts\/347588\/revisions"}],"predecessor-version":[{"id":347591,"href":"https:\/\/casadecampoliving.com\/es\/wp-json\/wp\/v2\/posts\/347588\/revisions\/347591"}],"wp:featuredmedia":[{"embeddable":true,"href":"https:\/\/casadecampoliving.com\/es\/wp-json\/wp\/v2\/media\/306138"}],"wp:attachment":[{"href":"https:\/\/casadecampoliving.com\/es\/wp-json\/wp\/v2\/media?parent=347588"}],"wp:term":[{"taxonomy":"category","embeddable":true,"href":"https:\/\/casadecampoliving.com\/es\/wp-json\/wp\/v2\/categories?post=347588"},{"taxonomy":"post_tag","embeddable":true,"href":"https:\/\/casadecampoliving.com\/es\/wp-json\/wp\/v2\/tags?post=347588"},{"taxonomy":"newspack_spnsrs_tax","embeddable":true,"href":"https:\/\/casadecampoliving.com\/es\/wp-json\/wp\/v2\/newspack_spnsrs_tax?post=347588"}],"curies":[{"name":"wp","href":"https:\/\/api.w.org\/{rel}","templated":true}]}}