{"id":347570,"date":"2015-06-19T00:00:00","date_gmt":"2015-06-19T04:00:00","guid":{"rendered":"https:\/\/casadecampoliving.com\/ya-esta-aqui-la-edicion-de-verano-de-todo-casa-de-campo\/"},"modified":"2022-10-21T19:02:28","modified_gmt":"2022-10-21T23:02:28","slug":"ya-esta-aqui-la-edicion-de-verano-de-todo-casa-de-campo","status":"publish","type":"post","link":"https:\/\/casadecampoliving.com\/es\/ya-esta-aqui-la-edicion-de-verano-de-todo-casa-de-campo\/","title":{"rendered":"\u00a1Ya est\u00e1 aqu\u00ed la edici\u00f3n de verano de TODO Casa de Campo!"},"content":{"rendered":"<div class=\"wp-block-image\">\n<figure class=\"aligncenter is-resized\"><img loading=\"lazy\" decoding=\"async\" src=\"https:\/\/i0.wp.com\/casadecampoliving.com\/wp-content\/uploads\/2022\/10\/TODO_14_header.jpg?resize=650%2C398&amp;ssl=1\" alt=\"TODO 14 Header\" class=\"wp-image-111948\" height=\"398\" width=\"650\"\/><\/figure>\n<\/div>\n\n\n<p>Este domingo 21 de junio, marca el inicio oficial del verano. Y justo a tiempo, como de costumbre, nosotros, el equipo de SILGON, le traemos a todos los integrantes de nuestra&nbsp;comunidad la nueva edici\u00f3n de verano de TODO Casa de Campo, \u00a1la gu\u00eda por excelencia de TODO lo que puede hacer dentro Casa de Campo!&nbsp;<\/p>\n\n\n\n<!--more-->\n\n\n\n<p><strong>TODO Casa de Campo<\/strong> es el instrumento esencial&nbsp;para sacarle el mayo provecho a su tiempo en el para\u00edso y disfrutar de TODO, ya sea que venga como turista, sea un visitante regular, residente o due\u00f1o&nbsp;de villa de Casa de Campo.<\/p>\n\n\n\n<p>Nosotros, SILGON, adem\u00e1s las revistas CasaLife, Casa de Campo Living e INMORTALES, somos los encargados de producir <strong>TODO&nbsp;Casa de Campo<\/strong>,&nbsp;y en ella ofrecemos a los visitantes y due\u00f1os de villa de&nbsp;Casa de Campo lo mejor que hay por hacer dentro&nbsp;y alrededor del resort Casa de Campo.<\/p>\n\n\n\n<p>En esta edici\u00f3n le traemos <strong>Diversi\u00f3n con los ni\u00f1os en Casa<\/strong>, y le ayudaremos a que su verano aqu\u00ed&nbsp;sea inolvidable. Le explicaremos&nbsp;paso por paso a disfrutar del verano en Casa con sus peque\u00f1ines y asegurarse de que disfrute toda la familia. Para los golfistas, traemos&nbsp;los <strong>Golf Tips<\/strong> por&nbsp;Eric Lillibridge, para los entusiastas del deporte en general, La columna <strong>The Sporting Life<\/strong> por Calixto Garc\u00eda-V\u00e9lez, y no puede faltar&nbsp;<strong>Good Times in Casa<\/strong>, nuestra cobertura de los momentos m\u00e1s divertidos en Casa de Campo, sin olvidar, por supuesto, <strong>El arte m\u00e1s all\u00e1 de las piedras<\/strong>,<strong>&nbsp;<\/strong>en esta edici\u00f3n por Emil Mella, habl\u00e1ndonos del arte olvidado de la Serigraf\u00eda, que a\u00fan vive en&nbsp;Altos de Chav\u00f3n, una labor intensiva de puro amor.<\/p>\n\n\n<div class=\"wp-block-image\">\n<figure class=\"aligncenter is-resized\"><img loading=\"lazy\" decoding=\"async\" src=\"https:\/\/i0.wp.com\/casadecampoliving.com\/wp-content\/uploads\/2022\/10\/TODO_14_spread2.jpg?resize=650%2C398&amp;ssl=1\" alt=\"TODO 14 Spread body\" class=\"wp-image-111944\" height=\"398\" width=\"650\"\/><\/figure>\n<\/div>\n\n\n<p>Tambi\u00e9n&nbsp;le mostramos Casa de Campo a trav\u00e9s del lente de Instagram como lo comparten los miembros de nuestra maravillosa comunidad.<\/p>\n\n\n<div class=\"wp-block-image\">\n<figure class=\"aligncenter is-resized\"><img loading=\"lazy\" decoding=\"async\" src=\"https:\/\/i0.wp.com\/casadecampoliving.com\/wp-content\/uploads\/2022\/10\/TODO_14_spread1.jpg?resize=650%2C398&amp;ssl=1\" alt=\"TODO 14 Spread bottom\" class=\"wp-image-111946\" height=\"398\" width=\"650\"\/><\/figure>\n<\/div>\n\n\n<p>En esta y todas las ediciones de <strong>TODO Casa de Campo<\/strong>&nbsp;encontrar\u00e1 el calendario de los pr\u00f3ximos eventos, gu\u00eda de servicios, mapas, las&nbsp;tarifas&nbsp;de las actividades y deportes, directorio telef\u00f3nico, as\u00ed como numerosos art\u00edculos y secciones divertidas y entretenidas.<\/p>\n\n\n\n<p><strong>TODO Casa de Campo<\/strong> ser\u00e1 entregado a las villas de Casa de Campo y distribuido por todo el complejo de Casa de Campo; el hotel Casa de Campo, la Marina Casa de Campo y Altos de Chav\u00f3n.<\/p>\n\n\n\n<p><strong>\u00bfRecibe usted TODO y CasaLife?<\/strong><\/p>\n\n\n\n<p>Si usted no recibi\u00f3&nbsp;la edici\u00f3n anterior de <strong>TODO Casa de Campo<\/strong> en su villa, es posible que no tengamos su contacto actualizado\u2026&nbsp;<a href=\"https:\/\/docs.google.com\/a\/silgon.net\/spreadsheet\/viewform?formkey=dFQ4NDYtZ1FKUTMwUFExMzA5TGYzVXc6MQ\"><strong>\u00a1POR FAVOR HAGA CLIC AQU\u00cd Y LLENE ESTE SIMPLE FORMULARIO PARA ASEGURARNOS DE CONTACTARLOS!<\/strong><\/a><\/p>\n","protected":false},"excerpt":{"rendered":"<p>Este domingo 21 de junio, marca el inicio oficial del verano. Y justo a tiempo, como de costumbre, nosotros, el equipo de SILGON, le traemos a todos los integrantes de nuestra&nbsp;comunidad la nueva edici\u00f3n de verano de TODO Casa de Campo, \u00a1la gu\u00eda por excelencia de TODO lo que puede hacer dentro Casa de Campo!&nbsp;<\/p>\n","protected":false},"author":34707,"featured_media":305744,"comment_status":"closed","ping_status":"closed","sticky":false,"template":"","format":"standard","meta":{"newspack_ads_suppress_ads":false,"newspack_popups_has_disabled_popups":false,"newspack_sponsor_sponsorship_scope":"","newspack_sponsor_native_byline_display":"inherit","newspack_sponsor_native_category_display":"inherit","newspack_sponsor_underwriter_style":"inherit","newspack_sponsor_underwriter_placement":"inherit","_newspack_byline_active":false,"_newspack_byline":"","newspack_hide_updated_date":false,"newspack_show_updated_date":false,"newspack_content_restriction_is_exempt":false,"newspack_featured_image_position":"","newspack_post_subtitle":"","newspack_article_summary_title":"Overview:","newspack_article_summary":"","_jetpack_memberships_contains_paid_content":false,"footnotes":"","jetpack_publicize_message":"","jetpack_publicize_feature_enabled":true,"jetpack_social_post_already_shared":false,"jetpack_social_options":{"image_generator_settings":{"template":"highway","default_image_id":0,"font":"","enabled":false},"version":2},"_wpas_customize_per_network":false},"categories":[26936,26824,26951,14625,26822,2526,6738],"tags":[3626,6371,7502,6176,5413],"newspack_spnsrs_tax":[],"class_list":["post-347570","post","type-post","status-publish","format-standard","has-post-thumbnail","hentry","category-casa-de-campo-living-es","category-casa-de-campo-living-magazine","category-ccl-presenta","category-noticias-locales","category-resort-casa-de-campo","category-titulares-es","category-todo-magazine-2","tag-casa-de-campo-es","tag-casa-de-campo-resort-es","tag-silgon-es","tag-todo-es","tag-todo-casa-de-campo-es","entry"],"yoast_head":"<!-- This site is optimized with the Yoast SEO plugin v27.4 - https:\/\/yoast.com\/product\/yoast-seo-wordpress\/ -->\n<title>\u00a1Ya est\u00e1 aqu\u00ed la edici\u00f3n de verano de TODO Casa de Campo! | Casa de Campo Living<\/title>\n<meta name=\"description\" content=\"Este domingo 21 de junio, marca el inicio oficial del verano. Y justo a tiempo, como de costumbre, nosotros, el equipo de SILGON, le traemos a todos los\" \/>\n<meta name=\"robots\" content=\"index, follow, max-snippet:-1, max-image-preview:large, max-video-preview:-1\" \/>\n<link rel=\"canonical\" href=\"https:\/\/casadecampoliving.com\/es\/ya-esta-aqui-la-edicion-de-verano-de-todo-casa-de-campo\/\" \/>\n<meta property=\"og:locale\" content=\"es_ES\" \/>\n<meta property=\"og:type\" content=\"article\" \/>\n<meta property=\"og:title\" content=\"\u00a1Ya est\u00e1 aqu\u00ed la edici\u00f3n de verano de TODO Casa de Campo! | Casa de Campo Living\" \/>\n<meta property=\"og:description\" content=\"Este domingo 21 de junio, marca el inicio oficial del verano. Y justo a tiempo, como de costumbre, nosotros, el equipo de SILGON, le traemos a todos los\" \/>\n<meta property=\"og:url\" content=\"https:\/\/casadecampoliving.com\/es\/ya-esta-aqui-la-edicion-de-verano-de-todo-casa-de-campo\/\" \/>\n<meta property=\"og:site_name\" content=\"Casa de Campo Living\" \/>\n<meta property=\"article:publisher\" content=\"https:\/\/www.facebook.com\/casadecampoliving\" \/>\n<meta property=\"article:published_time\" content=\"2015-06-19T04:00:00+00:00\" \/>\n<meta property=\"article:modified_time\" content=\"2022-10-21T23:02:28+00:00\" \/>\n<meta property=\"og:image\" content=\"https:\/\/i0.wp.com\/casadecampoliving.com\/wp-content\/uploads\/2022\/10\/TODO_14_header-1.jpg?fit=650%2C398&ssl=1\" \/>\n\t<meta property=\"og:image:width\" content=\"650\" \/>\n\t<meta property=\"og:image:height\" content=\"398\" \/>\n\t<meta property=\"og:image:type\" content=\"image\/jpeg\" \/>\n<meta name=\"author\" content=\"Felix Guerrero\" \/>\n<meta name=\"twitter:card\" content=\"summary_large_image\" \/>\n<meta name=\"twitter:creator\" content=\"@cdcliving\" \/>\n<meta name=\"twitter:site\" content=\"@cdcliving\" \/>\n<meta name=\"twitter:label1\" content=\"Escrito por\" \/>\n\t<meta name=\"twitter:data1\" content=\"Felix Guerrero\" \/>\n\t<meta name=\"twitter:label2\" content=\"Tiempo de lectura\" \/>\n\t<meta name=\"twitter:data2\" content=\"2 minutos\" \/>\n<script type=\"application\/ld+json\" class=\"yoast-schema-graph\">{\"@context\":\"https:\\\/\\\/schema.org\",\"@graph\":[{\"@type\":\"Article\",\"@id\":\"https:\\\/\\\/casadecampoliving.com\\\/es\\\/ya-esta-aqui-la-edicion-de-verano-de-todo-casa-de-campo\\\/#article\",\"isPartOf\":{\"@id\":\"https:\\\/\\\/casadecampoliving.com\\\/es\\\/ya-esta-aqui-la-edicion-de-verano-de-todo-casa-de-campo\\\/\"},\"author\":{\"name\":\"Felix Guerrero\",\"@id\":\"https:\\\/\\\/casadecampoliving.com\\\/es\\\/#\\\/schema\\\/person\\\/0d45cfc6e376a2f15ac9a92421bd4451\"},\"headline\":\"\u00a1Ya est\u00e1 aqu\u00ed la edici\u00f3n de verano de TODO Casa de Campo!\",\"datePublished\":\"2015-06-19T04:00:00+00:00\",\"dateModified\":\"2022-10-21T23:02:28+00:00\",\"mainEntityOfPage\":{\"@id\":\"https:\\\/\\\/casadecampoliving.com\\\/es\\\/ya-esta-aqui-la-edicion-de-verano-de-todo-casa-de-campo\\\/\"},\"wordCount\":472,\"publisher\":{\"@id\":\"https:\\\/\\\/casadecampoliving.com\\\/es\\\/#organization\"},\"image\":{\"@id\":\"https:\\\/\\\/casadecampoliving.com\\\/es\\\/ya-esta-aqui-la-edicion-de-verano-de-todo-casa-de-campo\\\/#primaryimage\"},\"thumbnailUrl\":\"https:\\\/\\\/i0.wp.com\\\/casadecampoliving.com\\\/wp-content\\\/uploads\\\/2022\\\/10\\\/TODO_14_header-1.jpg?fit=650%2C398&ssl=1\",\"keywords\":[\"casa de campo @es\",\"casa de campo resort @es\",\"SILGON @es\",\"TODO @es\",\"todo casa de campo @es\"],\"articleSection\":[\"Casa de Campo Living @es\",\"Casa de Campo Living magazine\",\"CCL presenta\",\"Noticias Locales\",\"Resort Casa de Campo\",\"Titulares\",\"TODO magazine\"],\"inLanguage\":\"es\"},{\"@type\":\"WebPage\",\"@id\":\"https:\\\/\\\/casadecampoliving.com\\\/es\\\/ya-esta-aqui-la-edicion-de-verano-de-todo-casa-de-campo\\\/\",\"url\":\"https:\\\/\\\/casadecampoliving.com\\\/es\\\/ya-esta-aqui-la-edicion-de-verano-de-todo-casa-de-campo\\\/\",\"name\":\"\u00a1Ya est\u00e1 aqu\u00ed la edici\u00f3n de verano de TODO Casa de Campo! | Casa de Campo Living\",\"isPartOf\":{\"@id\":\"https:\\\/\\\/casadecampoliving.com\\\/es\\\/#website\"},\"primaryImageOfPage\":{\"@id\":\"https:\\\/\\\/casadecampoliving.com\\\/es\\\/ya-esta-aqui-la-edicion-de-verano-de-todo-casa-de-campo\\\/#primaryimage\"},\"image\":{\"@id\":\"https:\\\/\\\/casadecampoliving.com\\\/es\\\/ya-esta-aqui-la-edicion-de-verano-de-todo-casa-de-campo\\\/#primaryimage\"},\"thumbnailUrl\":\"https:\\\/\\\/i0.wp.com\\\/casadecampoliving.com\\\/wp-content\\\/uploads\\\/2022\\\/10\\\/TODO_14_header-1.jpg?fit=650%2C398&ssl=1\",\"datePublished\":\"2015-06-19T04:00:00+00:00\",\"dateModified\":\"2022-10-21T23:02:28+00:00\",\"description\":\"Este domingo 21 de junio, marca el inicio oficial del verano. Y justo a tiempo, como de costumbre, nosotros, el equipo de SILGON, le traemos a todos los\",\"breadcrumb\":{\"@id\":\"https:\\\/\\\/casadecampoliving.com\\\/es\\\/ya-esta-aqui-la-edicion-de-verano-de-todo-casa-de-campo\\\/#breadcrumb\"},\"inLanguage\":\"es\",\"potentialAction\":[{\"@type\":\"ReadAction\",\"target\":[\"https:\\\/\\\/casadecampoliving.com\\\/es\\\/ya-esta-aqui-la-edicion-de-verano-de-todo-casa-de-campo\\\/\"]}]},{\"@type\":\"ImageObject\",\"inLanguage\":\"es\",\"@id\":\"https:\\\/\\\/casadecampoliving.com\\\/es\\\/ya-esta-aqui-la-edicion-de-verano-de-todo-casa-de-campo\\\/#primaryimage\",\"url\":\"https:\\\/\\\/i0.wp.com\\\/casadecampoliving.com\\\/wp-content\\\/uploads\\\/2022\\\/10\\\/TODO_14_header-1.jpg?fit=650%2C398&ssl=1\",\"contentUrl\":\"https:\\\/\\\/i0.wp.com\\\/casadecampoliving.com\\\/wp-content\\\/uploads\\\/2022\\\/10\\\/TODO_14_header-1.jpg?fit=650%2C398&ssl=1\",\"width\":650,\"height\":398,\"caption\":\"TODO 14 Header\"},{\"@type\":\"BreadcrumbList\",\"@id\":\"https:\\\/\\\/casadecampoliving.com\\\/es\\\/ya-esta-aqui-la-edicion-de-verano-de-todo-casa-de-campo\\\/#breadcrumb\",\"itemListElement\":[{\"@type\":\"ListItem\",\"position\":1,\"name\":\"Home\",\"item\":\"https:\\\/\\\/casadecampoliving.com\\\/es\\\/\"},{\"@type\":\"ListItem\",\"position\":2,\"name\":\"\u00a1Ya est\u00e1 aqu\u00ed la edici\u00f3n de verano de TODO Casa de Campo!\"}]},{\"@type\":\"WebSite\",\"@id\":\"https:\\\/\\\/casadecampoliving.com\\\/es\\\/#website\",\"url\":\"https:\\\/\\\/casadecampoliving.com\\\/es\\\/\",\"name\":\"Casa de Campo Living\",\"description\":\"Resort community news and resources.\",\"publisher\":{\"@id\":\"https:\\\/\\\/casadecampoliving.com\\\/es\\\/#organization\"},\"potentialAction\":[{\"@type\":\"SearchAction\",\"target\":{\"@type\":\"EntryPoint\",\"urlTemplate\":\"https:\\\/\\\/casadecampoliving.com\\\/es\\\/?s={search_term_string}\"},\"query-input\":{\"@type\":\"PropertyValueSpecification\",\"valueRequired\":true,\"valueName\":\"search_term_string\"}}],\"inLanguage\":\"es\"},{\"@type\":\"Organization\",\"@id\":\"https:\\\/\\\/casadecampoliving.com\\\/es\\\/#organization\",\"name\":\"Casa de Campo Living\",\"url\":\"https:\\\/\\\/casadecampoliving.com\\\/es\\\/\",\"logo\":{\"@type\":\"ImageObject\",\"inLanguage\":\"es\",\"@id\":\"https:\\\/\\\/casadecampoliving.com\\\/es\\\/#\\\/schema\\\/logo\\\/image\\\/\",\"url\":\"https:\\\/\\\/i0.wp.com\\\/casadecampoliving.com\\\/wp-content\\\/uploads\\\/2022\\\/07\\\/CDCLivingLogo_V1-white-sized.png?fit=800%2C214&ssl=1\",\"contentUrl\":\"https:\\\/\\\/i0.wp.com\\\/casadecampoliving.com\\\/wp-content\\\/uploads\\\/2022\\\/07\\\/CDCLivingLogo_V1-white-sized.png?fit=800%2C214&ssl=1\",\"width\":800,\"height\":214,\"caption\":\"Casa de Campo Living\"},\"image\":{\"@id\":\"https:\\\/\\\/casadecampoliving.com\\\/es\\\/#\\\/schema\\\/logo\\\/image\\\/\"},\"sameAs\":[\"https:\\\/\\\/www.facebook.com\\\/casadecampoliving\",\"https:\\\/\\\/x.com\\\/cdcliving\"]},{\"@type\":\"Person\",\"@id\":\"https:\\\/\\\/casadecampoliving.com\\\/es\\\/#\\\/schema\\\/person\\\/0d45cfc6e376a2f15ac9a92421bd4451\",\"name\":\"Felix Guerrero\",\"image\":{\"@type\":\"ImageObject\",\"inLanguage\":\"es\",\"@id\":\"https:\\\/\\\/secure.gravatar.com\\\/avatar\\\/14a8050b9491854cab6ae2240dcb42ad0fad787b7fa453ad0991fd1262157df3?s=96&d=mm&r=g\",\"url\":\"https:\\\/\\\/secure.gravatar.com\\\/avatar\\\/14a8050b9491854cab6ae2240dcb42ad0fad787b7fa453ad0991fd1262157df3?s=96&d=mm&r=g\",\"contentUrl\":\"https:\\\/\\\/secure.gravatar.com\\\/avatar\\\/14a8050b9491854cab6ae2240dcb42ad0fad787b7fa453ad0991fd1262157df3?s=96&d=mm&r=g\",\"caption\":\"Felix Guerrero\"},\"url\":\"https:\\\/\\\/casadecampoliving.com\\\/es\\\/author\\\/fguerrero\\\/\"}]}<\/script>\n<!-- \/ Yoast SEO plugin. -->","yoast_head_json":{"title":"\u00a1Ya est\u00e1 aqu\u00ed la edici\u00f3n de verano de TODO Casa de Campo! | Casa de Campo Living","description":"Este domingo 21 de junio, marca el inicio oficial del verano. Y justo a tiempo, como de costumbre, nosotros, el equipo de SILGON, le traemos a todos los","robots":{"index":"index","follow":"follow","max-snippet":"max-snippet:-1","max-image-preview":"max-image-preview:large","max-video-preview":"max-video-preview:-1"},"canonical":"https:\/\/casadecampoliving.com\/es\/ya-esta-aqui-la-edicion-de-verano-de-todo-casa-de-campo\/","og_locale":"es_ES","og_type":"article","og_title":"\u00a1Ya est\u00e1 aqu\u00ed la edici\u00f3n de verano de TODO Casa de Campo! | Casa de Campo Living","og_description":"Este domingo 21 de junio, marca el inicio oficial del verano. Y justo a tiempo, como de costumbre, nosotros, el equipo de SILGON, le traemos a todos los","og_url":"https:\/\/casadecampoliving.com\/es\/ya-esta-aqui-la-edicion-de-verano-de-todo-casa-de-campo\/","og_site_name":"Casa de Campo Living","article_publisher":"https:\/\/www.facebook.com\/casadecampoliving","article_published_time":"2015-06-19T04:00:00+00:00","article_modified_time":"2022-10-21T23:02:28+00:00","og_image":[{"width":650,"height":398,"url":"https:\/\/i0.wp.com\/casadecampoliving.com\/wp-content\/uploads\/2022\/10\/TODO_14_header-1.jpg?fit=650%2C398&ssl=1","type":"image\/jpeg"}],"author":"Felix Guerrero","twitter_card":"summary_large_image","twitter_creator":"@cdcliving","twitter_site":"@cdcliving","twitter_misc":{"Escrito por":"Felix Guerrero","Tiempo de lectura":"2 minutos"},"schema":{"@context":"https:\/\/schema.org","@graph":[{"@type":"Article","@id":"https:\/\/casadecampoliving.com\/es\/ya-esta-aqui-la-edicion-de-verano-de-todo-casa-de-campo\/#article","isPartOf":{"@id":"https:\/\/casadecampoliving.com\/es\/ya-esta-aqui-la-edicion-de-verano-de-todo-casa-de-campo\/"},"author":{"name":"Felix Guerrero","@id":"https:\/\/casadecampoliving.com\/es\/#\/schema\/person\/0d45cfc6e376a2f15ac9a92421bd4451"},"headline":"\u00a1Ya est\u00e1 aqu\u00ed la edici\u00f3n de verano de TODO Casa de Campo!","datePublished":"2015-06-19T04:00:00+00:00","dateModified":"2022-10-21T23:02:28+00:00","mainEntityOfPage":{"@id":"https:\/\/casadecampoliving.com\/es\/ya-esta-aqui-la-edicion-de-verano-de-todo-casa-de-campo\/"},"wordCount":472,"publisher":{"@id":"https:\/\/casadecampoliving.com\/es\/#organization"},"image":{"@id":"https:\/\/casadecampoliving.com\/es\/ya-esta-aqui-la-edicion-de-verano-de-todo-casa-de-campo\/#primaryimage"},"thumbnailUrl":"https:\/\/i0.wp.com\/casadecampoliving.com\/wp-content\/uploads\/2022\/10\/TODO_14_header-1.jpg?fit=650%2C398&ssl=1","keywords":["casa de campo @es","casa de campo resort @es","SILGON @es","TODO @es","todo casa de campo @es"],"articleSection":["Casa de Campo Living @es","Casa de Campo Living magazine","CCL presenta","Noticias Locales","Resort Casa de Campo","Titulares","TODO magazine"],"inLanguage":"es"},{"@type":"WebPage","@id":"https:\/\/casadecampoliving.com\/es\/ya-esta-aqui-la-edicion-de-verano-de-todo-casa-de-campo\/","url":"https:\/\/casadecampoliving.com\/es\/ya-esta-aqui-la-edicion-de-verano-de-todo-casa-de-campo\/","name":"\u00a1Ya est\u00e1 aqu\u00ed la edici\u00f3n de verano de TODO Casa de Campo! | Casa de Campo Living","isPartOf":{"@id":"https:\/\/casadecampoliving.com\/es\/#website"},"primaryImageOfPage":{"@id":"https:\/\/casadecampoliving.com\/es\/ya-esta-aqui-la-edicion-de-verano-de-todo-casa-de-campo\/#primaryimage"},"image":{"@id":"https:\/\/casadecampoliving.com\/es\/ya-esta-aqui-la-edicion-de-verano-de-todo-casa-de-campo\/#primaryimage"},"thumbnailUrl":"https:\/\/i0.wp.com\/casadecampoliving.com\/wp-content\/uploads\/2022\/10\/TODO_14_header-1.jpg?fit=650%2C398&ssl=1","datePublished":"2015-06-19T04:00:00+00:00","dateModified":"2022-10-21T23:02:28+00:00","description":"Este domingo 21 de junio, marca el inicio oficial del verano. Y justo a tiempo, como de costumbre, nosotros, el equipo de SILGON, le traemos a todos los","breadcrumb":{"@id":"https:\/\/casadecampoliving.com\/es\/ya-esta-aqui-la-edicion-de-verano-de-todo-casa-de-campo\/#breadcrumb"},"inLanguage":"es","potentialAction":[{"@type":"ReadAction","target":["https:\/\/casadecampoliving.com\/es\/ya-esta-aqui-la-edicion-de-verano-de-todo-casa-de-campo\/"]}]},{"@type":"ImageObject","inLanguage":"es","@id":"https:\/\/casadecampoliving.com\/es\/ya-esta-aqui-la-edicion-de-verano-de-todo-casa-de-campo\/#primaryimage","url":"https:\/\/i0.wp.com\/casadecampoliving.com\/wp-content\/uploads\/2022\/10\/TODO_14_header-1.jpg?fit=650%2C398&ssl=1","contentUrl":"https:\/\/i0.wp.com\/casadecampoliving.com\/wp-content\/uploads\/2022\/10\/TODO_14_header-1.jpg?fit=650%2C398&ssl=1","width":650,"height":398,"caption":"TODO 14 Header"},{"@type":"BreadcrumbList","@id":"https:\/\/casadecampoliving.com\/es\/ya-esta-aqui-la-edicion-de-verano-de-todo-casa-de-campo\/#breadcrumb","itemListElement":[{"@type":"ListItem","position":1,"name":"Home","item":"https:\/\/casadecampoliving.com\/es\/"},{"@type":"ListItem","position":2,"name":"\u00a1Ya est\u00e1 aqu\u00ed la edici\u00f3n de verano de TODO Casa de Campo!"}]},{"@type":"WebSite","@id":"https:\/\/casadecampoliving.com\/es\/#website","url":"https:\/\/casadecampoliving.com\/es\/","name":"Casa de Campo Living","description":"Resort community news and resources.","publisher":{"@id":"https:\/\/casadecampoliving.com\/es\/#organization"},"potentialAction":[{"@type":"SearchAction","target":{"@type":"EntryPoint","urlTemplate":"https:\/\/casadecampoliving.com\/es\/?s={search_term_string}"},"query-input":{"@type":"PropertyValueSpecification","valueRequired":true,"valueName":"search_term_string"}}],"inLanguage":"es"},{"@type":"Organization","@id":"https:\/\/casadecampoliving.com\/es\/#organization","name":"Casa de Campo Living","url":"https:\/\/casadecampoliving.com\/es\/","logo":{"@type":"ImageObject","inLanguage":"es","@id":"https:\/\/casadecampoliving.com\/es\/#\/schema\/logo\/image\/","url":"https:\/\/i0.wp.com\/casadecampoliving.com\/wp-content\/uploads\/2022\/07\/CDCLivingLogo_V1-white-sized.png?fit=800%2C214&ssl=1","contentUrl":"https:\/\/i0.wp.com\/casadecampoliving.com\/wp-content\/uploads\/2022\/07\/CDCLivingLogo_V1-white-sized.png?fit=800%2C214&ssl=1","width":800,"height":214,"caption":"Casa de Campo Living"},"image":{"@id":"https:\/\/casadecampoliving.com\/es\/#\/schema\/logo\/image\/"},"sameAs":["https:\/\/www.facebook.com\/casadecampoliving","https:\/\/x.com\/cdcliving"]},{"@type":"Person","@id":"https:\/\/casadecampoliving.com\/es\/#\/schema\/person\/0d45cfc6e376a2f15ac9a92421bd4451","name":"Felix Guerrero","image":{"@type":"ImageObject","inLanguage":"es","@id":"https:\/\/secure.gravatar.com\/avatar\/14a8050b9491854cab6ae2240dcb42ad0fad787b7fa453ad0991fd1262157df3?s=96&d=mm&r=g","url":"https:\/\/secure.gravatar.com\/avatar\/14a8050b9491854cab6ae2240dcb42ad0fad787b7fa453ad0991fd1262157df3?s=96&d=mm&r=g","contentUrl":"https:\/\/secure.gravatar.com\/avatar\/14a8050b9491854cab6ae2240dcb42ad0fad787b7fa453ad0991fd1262157df3?s=96&d=mm&r=g","caption":"Felix Guerrero"},"url":"https:\/\/casadecampoliving.com\/es\/author\/fguerrero\/"}]}},"parsely":{"version":"1.1.0","canonical_url":"https:\/\/casadecampoliving.com\/es\/ya-esta-aqui-la-edicion-de-verano-de-todo-casa-de-campo\/","smart_links":{"inbound":0,"outbound":0},"traffic_boost_suggestions_count":0,"meta":{"@context":"https:\/\/schema.org","@type":"NewsArticle","headline":"\u00a1Ya est\u00e1 aqu\u00ed la edici\u00f3n de verano de TODO Casa de Campo!","url":"http:\/\/casadecampoliving.com\/es\/ya-esta-aqui-la-edicion-de-verano-de-todo-casa-de-campo\/","mainEntityOfPage":{"@type":"WebPage","@id":"http:\/\/casadecampoliving.com\/es\/ya-esta-aqui-la-edicion-de-verano-de-todo-casa-de-campo\/"},"thumbnailUrl":"https:\/\/i0.wp.com\/casadecampoliving.com\/wp-content\/uploads\/2022\/10\/TODO_14_header-1.jpg?resize=150%2C150&ssl=1","image":{"@type":"ImageObject","url":"https:\/\/i0.wp.com\/casadecampoliving.com\/wp-content\/uploads\/2022\/10\/TODO_14_header-1.jpg?fit=650%2C398&ssl=1"},"articleSection":"Casa de Campo Living magazine","author":[{"@type":"Person","name":"Felix Guerrero"}],"creator":["Felix Guerrero"],"publisher":{"@type":"Organization","name":"Casa de Campo Living","logo":"https:\/\/casadecampoliving.com\/wp-content\/uploads\/2022\/07\/CDCLivingLogo_V1-white-sized.png"},"keywords":["casa de campo @es","casa de campo resort @es","silgon @es","todo @es","todo casa de campo @es"],"dateCreated":"2015-06-19T04:00:00Z","datePublished":"2015-06-19T04:00:00Z","dateModified":"2022-10-21T23:02:28Z"},"rendered":"<script type=\"application\/ld+json\" class=\"wp-parsely-metadata\">{\"@context\":\"https:\\\/\\\/schema.org\",\"@type\":\"NewsArticle\",\"headline\":\"\\u00a1Ya est\\u00e1 aqu\\u00ed la edici\\u00f3n de verano de TODO Casa de Campo!\",\"url\":\"http:\\\/\\\/casadecampoliving.com\\\/es\\\/ya-esta-aqui-la-edicion-de-verano-de-todo-casa-de-campo\\\/\",\"mainEntityOfPage\":{\"@type\":\"WebPage\",\"@id\":\"http:\\\/\\\/casadecampoliving.com\\\/es\\\/ya-esta-aqui-la-edicion-de-verano-de-todo-casa-de-campo\\\/\"},\"thumbnailUrl\":\"https:\\\/\\\/i0.wp.com\\\/casadecampoliving.com\\\/wp-content\\\/uploads\\\/2022\\\/10\\\/TODO_14_header-1.jpg?resize=150%2C150&ssl=1\",\"image\":{\"@type\":\"ImageObject\",\"url\":\"https:\\\/\\\/i0.wp.com\\\/casadecampoliving.com\\\/wp-content\\\/uploads\\\/2022\\\/10\\\/TODO_14_header-1.jpg?fit=650%2C398&ssl=1\"},\"articleSection\":\"Casa de Campo Living magazine\",\"author\":[{\"@type\":\"Person\",\"name\":\"Felix Guerrero\"}],\"creator\":[\"Felix Guerrero\"],\"publisher\":{\"@type\":\"Organization\",\"name\":\"Casa de Campo Living\",\"logo\":\"https:\\\/\\\/casadecampoliving.com\\\/wp-content\\\/uploads\\\/2022\\\/07\\\/CDCLivingLogo_V1-white-sized.png\"},\"keywords\":[\"casa de campo @es\",\"casa de campo resort @es\",\"silgon @es\",\"todo @es\",\"todo casa de campo @es\"],\"dateCreated\":\"2015-06-19T04:00:00Z\",\"datePublished\":\"2015-06-19T04:00:00Z\",\"dateModified\":\"2022-10-21T23:02:28Z\"}<\/script>","tracker_url":"https:\/\/cdn.parsely.com\/keys\/casadecampoliving.com\/p.js"},"jetpack_publicize_connections":[],"jetpack_featured_media_url":"https:\/\/i0.wp.com\/casadecampoliving.com\/wp-content\/uploads\/2022\/10\/TODO_14_header-1.jpg?fit=650%2C398&ssl=1","jetpack-related-posts":[{"id":350062,"url":"https:\/\/casadecampoliving.com\/es\/la-edicion-de-verano-de-todo-casa-de-campo-esta-aqui\/","url_meta":{"origin":347570,"position":0},"title":"\u00a1TODO Casa de Campo llega justo a tiempo para planificar toda la diversi\u00f3n de este verano!","author":"Marlenys Guzm\u00e1n Casta\u00f1os","date":"27 Jun, 2016","format":false,"excerpt":"Los ni\u00f1os ya salieron de la escuela, el sol brilla \u00a1y Casa de Campo est\u00e1 lleno de opciones para la diversi\u00f3n del verano! Si usted se est\u00e1 preguntando lo que usted y sus hijos pueden hacer en Casa, le tenemos la soluci\u00f3n\u2026 \u00a1La edici\u00f3n m\u00e1s reciente de TODO Casa de\u2026","rel":"","context":"En \u00abAltos de Chavon @es\u00bb","block_context":{"text":"Altos de Chavon @es","link":"https:\/\/casadecampoliving.com\/category\/altos-de-chavon-es\/"},"img":{"alt_text":"","src":"https:\/\/i0.wp.com\/casadecampoliving.com\/wp-content\/uploads\/2022\/10\/TODO18Cover-e1467053281771-1.png?fit=1000%2C529&ssl=1&resize=350%2C200","width":350,"height":200,"srcset":"https:\/\/i0.wp.com\/casadecampoliving.com\/wp-content\/uploads\/2022\/10\/TODO18Cover-e1467053281771-1.png?fit=1000%2C529&ssl=1&resize=350%2C200 1x, https:\/\/i0.wp.com\/casadecampoliving.com\/wp-content\/uploads\/2022\/10\/TODO18Cover-e1467053281771-1.png?fit=1000%2C529&ssl=1&resize=525%2C300 1.5x, https:\/\/i0.wp.com\/casadecampoliving.com\/wp-content\/uploads\/2022\/10\/TODO18Cover-e1467053281771-1.png?fit=1000%2C529&ssl=1&resize=700%2C400 2x"},"classes":[]},{"id":344795,"url":"https:\/\/casadecampoliving.com\/es\/todo-casa-de-campo-celebra-los-40-anos-del-resort-casa-de-campo\/","url_meta":{"origin":347570,"position":1},"title":"TODO Casa de Campo celebra los 40 a\u00f1os de Casa","author":"Perkin Agramonte","date":"9 Jul, 2014","format":false,"excerpt":"Acaba de llegar la edici\u00f3n de verano de la revista TODO Casa de Campo, y en esta, nuestra d\u00e9cima edici\u00f3n de la gu\u00eda m\u00e1s completa del Casa de Campo, celebramos con orgullo el 40\u00ba aniversario de nuestro querido resort. Este verano, el resort Casa de Campo celebra de manera oficial\u2026","rel":"","context":"En \u00abCasa de Campo Living @es\u00bb","block_context":{"text":"Casa de Campo Living @es","link":"https:\/\/casadecampoliving.com\/category\/casa-de-campo-living-es\/"},"img":{"alt_text":"TODO Casa de Campo","src":"https:\/\/i0.wp.com\/casadecampoliving.com\/wp-content\/uploads\/2022\/10\/TODO_Casa_de_Campo-1.jpg?fit=503%2C536&ssl=1&resize=350%2C200","width":350,"height":200},"classes":[]},{"id":342200,"url":"https:\/\/casadecampoliving.com\/es\/todo-casa-de-campo-numero-6-ha-llegado\/","url_meta":{"origin":347570,"position":2},"title":"\u00a1TODO Casa de Campo n\u00famero 6 ha llegado!","author":"Mairobi Herrera","date":"3 Jul, 2013","format":false,"excerpt":"\u00a1La n\u00famero seis ha llegado!\u00a0TODO Casa de Campo,\u00a0la revista-gu\u00eda para el resort Casa de Campo - es su herramienta invaluable para convertir la mayor\u00eda de su tiempo en un para\u00edso y disfrutar de\u00a0TO DO\u00a0lo que hay que hacer, sea usted un turista, visitante regular, residente o due\u00f1o de villa en\u2026","rel":"","context":"En \u00abTitulares\u00bb","block_context":{"text":"Titulares","link":"https:\/\/casadecampoliving.com\/es\/category\/titulares-es\/"},"img":{"alt_text":"TODO Casa de Campo","src":"https:\/\/i0.wp.com\/casadecampoliving.com\/wp-content\/uploads\/2022\/10\/todo_casa_de_campo-1.jpg?fit=503%2C536&ssl=1&resize=350%2C200","width":350,"height":200},"classes":[]},{"id":344171,"url":"https:\/\/casadecampoliving.com\/es\/todo-casa-de-campo-9-ha-llegado-para-la-semana-santa\/","url_meta":{"origin":347570,"position":3},"title":"TODO Casa de Campo #9 ha llegado a tiempo para Semana Santa","author":"Perkin Agramonte","date":"11 Abr, 2014","format":false,"excerpt":"\u00bfHas pensando en TODO lo que tienes por hacer esta Semana Santa en Casa de Campo? Pues no hay de que preocuparse porque la m\u00e1s reciente edici\u00f3n de TODO Casa de Campo ha llegado para ayudarte a decidir. Acabadita de salir del horno, la 9\u00ba edici\u00f3n de la gu\u00eda oficial\u2026","rel":"","context":"En \u00abAltos de Chavon @es\u00bb","block_context":{"text":"Altos de Chavon @es","link":"https:\/\/casadecampoliving.com\/category\/altos-de-chavon-es\/"},"img":{"alt_text":"TODO Casa de Campo","src":"https:\/\/i0.wp.com\/casadecampoliving.com\/wp-content\/uploads\/2022\/10\/unnamed-1-5.jpg?fit=650%2C397&ssl=1&resize=350%2C200","width":350,"height":200,"srcset":"https:\/\/i0.wp.com\/casadecampoliving.com\/wp-content\/uploads\/2022\/10\/unnamed-1-5.jpg?fit=650%2C397&ssl=1&resize=350%2C200 1x, https:\/\/i0.wp.com\/casadecampoliving.com\/wp-content\/uploads\/2022\/10\/unnamed-1-5.jpg?fit=650%2C397&ssl=1&resize=525%2C300 1.5x"},"classes":[]},{"id":342954,"url":"https:\/\/casadecampoliving.com\/es\/la-revista-todo-casa-de-campo-edicion-7-ya-esta-en-circulacion\/","url_meta":{"origin":347570,"position":4},"title":"La revista TODO Casa de Campo edici\u00f3n #7 ya esta en circulaci\u00f3n","author":"Lenny Castillo","date":"25 Sep, 2013","format":false,"excerpt":"La versi\u00f3n mas reciente de la revista gu\u00eda TODO Casa de Campo para el Resort Casa de Campo ya est\u00e1\u00a0en\u00a0circulaci\u00f3n. TODO Casa de Campo es producido por Silgon (creadores de CasaLife, revista Inmortales y Casa de Campo Living ), ofrece a los visitantes de Casa de Campo y los propietarios\u2026","rel":"","context":"En \u00abM\u00e1s all\u00e1 de Casa\u00bb","block_context":{"text":"M\u00e1s all\u00e1 de Casa","link":"https:\/\/casadecampoliving.com\/es\/category\/mas-alla-de-casa-es\/"},"img":{"alt_text":"TODO Casa de Campo","src":"https:\/\/i0.wp.com\/casadecampoliving.com\/wp-content\/uploads\/2022\/10\/TODO_casa_de_campo_1-1.jpg?fit=650%2C300&ssl=1&resize=350%2C200","width":350,"height":200,"srcset":"https:\/\/i0.wp.com\/casadecampoliving.com\/wp-content\/uploads\/2022\/10\/TODO_casa_de_campo_1-1.jpg?fit=650%2C300&ssl=1&resize=350%2C200 1x, https:\/\/i0.wp.com\/casadecampoliving.com\/wp-content\/uploads\/2022\/10\/TODO_casa_de_campo_1-1.jpg?fit=650%2C300&ssl=1&resize=525%2C300 1.5x"},"classes":[]},{"id":346297,"url":"https:\/\/casadecampoliving.com\/es\/edicion-navidena-de-todo-casa-de-campo-esta-aqui\/","url_meta":{"origin":347570,"position":5},"title":"\u00a1Edici\u00f3n Navide\u00f1a de TODO Casa de Campo est\u00e1 aqu\u00ed!","author":"Rebecca Hughes","date":"15 Dic, 2014","format":false,"excerpt":"La edici\u00f3n m\u00e1s reciente edici\u00f3n de la\u00a0revista-gu\u00eda\u00a0TODO Casa de Campo para el resort Casa de Campo se encuentra actualmente en circulaci\u00f3n y ser\u00e1 entregada por peque\u00f1os ayudantes de Santa a las villas de Casa de Campo en los pr\u00f3ximos d\u00edas. TODO Casa de Campo es su herramienta de incalculable valor\u2026","rel":"","context":"En \u00abCasa de Campo Living magazine\u00bb","block_context":{"text":"Casa de Campo Living magazine","link":"https:\/\/casadecampoliving.com\/category\/casa-de-campo-living-magazine\/"},"img":{"alt_text":"TODO Casa de Campo","src":"https:\/\/i0.wp.com\/casadecampoliving.com\/wp-content\/uploads\/2022\/10\/TODO_Casa_de_Campo2-1.jpg?fit=650%2C397&ssl=1&resize=350%2C200","width":350,"height":200,"srcset":"https:\/\/i0.wp.com\/casadecampoliving.com\/wp-content\/uploads\/2022\/10\/TODO_Casa_de_Campo2-1.jpg?fit=650%2C397&ssl=1&resize=350%2C200 1x, https:\/\/i0.wp.com\/casadecampoliving.com\/wp-content\/uploads\/2022\/10\/TODO_Casa_de_Campo2-1.jpg?fit=650%2C397&ssl=1&resize=525%2C300 1.5x"},"classes":[]}],"jetpack_sharing_enabled":true,"_links":{"self":[{"href":"https:\/\/casadecampoliving.com\/es\/wp-json\/wp\/v2\/posts\/347570","targetHints":{"allow":["GET"]}}],"collection":[{"href":"https:\/\/casadecampoliving.com\/es\/wp-json\/wp\/v2\/posts"}],"about":[{"href":"https:\/\/casadecampoliving.com\/es\/wp-json\/wp\/v2\/types\/post"}],"author":[{"embeddable":true,"href":"https:\/\/casadecampoliving.com\/es\/wp-json\/wp\/v2\/users\/34707"}],"replies":[{"embeddable":true,"href":"https:\/\/casadecampoliving.com\/es\/wp-json\/wp\/v2\/comments?post=347570"}],"version-history":[{"count":1,"href":"https:\/\/casadecampoliving.com\/es\/wp-json\/wp\/v2\/posts\/347570\/revisions"}],"predecessor-version":[{"id":347571,"href":"https:\/\/casadecampoliving.com\/es\/wp-json\/wp\/v2\/posts\/347570\/revisions\/347571"}],"wp:featuredmedia":[{"embeddable":true,"href":"https:\/\/casadecampoliving.com\/es\/wp-json\/wp\/v2\/media\/305744"}],"wp:attachment":[{"href":"https:\/\/casadecampoliving.com\/es\/wp-json\/wp\/v2\/media?parent=347570"}],"wp:term":[{"taxonomy":"category","embeddable":true,"href":"https:\/\/casadecampoliving.com\/es\/wp-json\/wp\/v2\/categories?post=347570"},{"taxonomy":"post_tag","embeddable":true,"href":"https:\/\/casadecampoliving.com\/es\/wp-json\/wp\/v2\/tags?post=347570"},{"taxonomy":"newspack_spnsrs_tax","embeddable":true,"href":"https:\/\/casadecampoliving.com\/es\/wp-json\/wp\/v2\/newspack_spnsrs_tax?post=347570"}],"curies":[{"name":"wp","href":"https:\/\/api.w.org\/{rel}","templated":true}]}}