{"id":347494,"date":"2015-06-06T00:00:00","date_gmt":"2015-06-06T04:00:00","guid":{"rendered":"https:\/\/casadecampoliving.com\/altos-de-chavon-anuncia-cursos-de-arte-para-el-verano\/"},"modified":"2022-11-10T10:44:58","modified_gmt":"2022-11-10T14:44:58","slug":"altos-de-chavon-anuncia-cursos-de-arte-para-el-verano","status":"publish","type":"post","link":"https:\/\/casadecampoliving.com\/es\/altos-de-chavon-anuncia-cursos-de-arte-para-el-verano\/","title":{"rendered":"Altos de Chav\u00f3n anuncia cursos de arte para el verano"},"content":{"rendered":"<img data-recalc-dims=\"1\" loading=\"lazy\" decoding=\"async\" class=\"aligncenter wp-image-111728\" src=\"https:\/\/i0.wp.com\/casadecampoliving.com\/wp-content\/uploads\/2022\/10\/Escuela_de_diseno_altos_de_chavon-1024x683-1.jpg?resize=650%2C434&#038;ssl=1\" alt=\"Escuela_de_dise\u00f1o_altos_de_chavon\" width=\"650\" height=\"434\" \/>\u00bfEres apasionado al arte y dise\u00f1o? Pues no quites tus ojos de la pantalla porque la\u00a0Escuela de Arte y Dise\u00f1o Altos de Chav\u00f3n te ofrece la oportunidad de adentrarte en el mundo del arte, con los cursos de verano que ofrecen aqu\u00ed en Casa!\n\n<!--more-->\n\nQueremos motivar a\u00a0todos los amantes del arte de la comunidad Casa de Campo o p\u00fablico en general a unirse a estos cursos que ser\u00e1n impartidos durante el verano, desde el 29 de junio al <del>31 de julio<\/del> 21 de agosto. Los cursos de \u00abVerano Internacional\u00bb de la Escuela de Dise\u00f1o Altos de Chav\u00f3n ofrecen la oportunidad de capacitarse en el campo del Dibujo, Fotograf\u00eda, Dise\u00f1o de Modas, Ilustraci\u00f3n Editorial, Dise\u00f1o de Interiores, Arte Terapia, Cine, Guiones, Pintura y Escultura entre otros.\n\n<img data-recalc-dims=\"1\" loading=\"lazy\" decoding=\"async\" class=\"aligncenter wp-image-111727\" src=\"https:\/\/i0.wp.com\/casadecampoliving.com\/wp-content\/uploads\/2022\/10\/Escuela_de_diseno_altos_de_chavon_1.jpg?resize=650%2C434&#038;ssl=1\" alt=\"Escuela_de_dise\u00f1o_altos_de_chavon_1\" width=\"650\" height=\"434\" \/>\n\nEl programa se centran en proporcionar instrucci\u00f3n en habilidades espec\u00edficas o habilidades generales relacionadas con el arte y el dise\u00f1o. Sin importar lo que haces, o lo que eres, hay una opci\u00f3n para todos los gustos!Otro buen punto es que estos curso le ayudar\u00e1n a crear un portafolio o mejorar el que ya tenga si est\u00e1 planeando ingresar a la Escuela de Arte y Dise\u00f1o Altos de Chav\u00f3n.\n\n<img data-recalc-dims=\"1\" loading=\"lazy\" decoding=\"async\" class=\"aligncenter wp-image-111726\" src=\"https:\/\/i0.wp.com\/casadecampoliving.com\/wp-content\/uploads\/2022\/10\/Escuela_de_diseno_altos_de_chavon_2.jpg?resize=650%2C434&#038;ssl=1\" alt=\"Escuela_de_dise\u00f1o_altos_de_chavon_2\" width=\"650\" height=\"434\" \/>\n\nNo existe un mejor lugar donde descubrir el artista que lleva dentro que Altos de Chav\u00f3n, \u00bfPor qu\u00e9? Simple, \u00abel arte est\u00e1 en el aire\u00bb.\u00a0Y si necesitas m\u00e1s motivaci\u00f3n para levantar el telefono e inscribirte hoy mismo, echa un vistazo a este video promocional:\n\n<iframe loading=\"lazy\" src=\"https:\/\/www.youtube.com\/embed\/zmsRNu4KVH8\" width=\"640\" height=\"360\" frameborder=\"0\" allowfullscreen=\"allowfullscreen\"><\/iframe>\n<blockquote>\n<h3><b>Verano Internacional<\/b><\/h3>\nHay una variedad de opciones de cursos entre el 29 de junio y el <del>31 de julio<\/del>\u00a021 de agosto, por favor haga clic en la imagen de abajo para verlos todos.\u00a0<strong>\n<figure class=\"wp-block-gallery has-nested-images columns-default is-cropped wp-block-gallery-1 is-layout-flex wp-block-gallery-is-layout-flex\">\n<figure class=\"wp-block-image size-large\"><img data-recalc-dims=\"1\" loading=\"lazy\" decoding=\"async\" width=\"1024\" height=\"2560\" data-id=\"481813\" src=\"https:\/\/i0.wp.com\/casadecampoliving.com\/wp-content\/uploads\/2022\/10\/verano2015_emailing-scaled.jpg?resize=1024%2C2560&#038;ssl=1\" alt=\"\" class=\"wp-image-481813\" srcset=\"https:\/\/i0.wp.com\/casadecampoliving.com\/wp-content\/uploads\/2022\/10\/verano2015_emailing-scaled.jpg?w=1024&amp;ssl=1 1024w, https:\/\/i0.wp.com\/casadecampoliving.com\/wp-content\/uploads\/2022\/10\/verano2015_emailing-scaled.jpg?resize=120%2C300&amp;ssl=1 120w, https:\/\/i0.wp.com\/casadecampoliving.com\/wp-content\/uploads\/2022\/10\/verano2015_emailing-scaled.jpg?resize=410%2C1024&amp;ssl=1 410w, https:\/\/i0.wp.com\/casadecampoliving.com\/wp-content\/uploads\/2022\/10\/verano2015_emailing-scaled.jpg?resize=768%2C1920&amp;ssl=1 768w, https:\/\/i0.wp.com\/casadecampoliving.com\/wp-content\/uploads\/2022\/10\/verano2015_emailing-scaled.jpg?resize=614%2C1536&amp;ssl=1 614w, https:\/\/i0.wp.com\/casadecampoliving.com\/wp-content\/uploads\/2022\/10\/verano2015_emailing-scaled.jpg?resize=819%2C2048&amp;ssl=1 819w, https:\/\/i0.wp.com\/casadecampoliving.com\/wp-content\/uploads\/2022\/10\/verano2015_emailing-scaled.jpg?resize=1200%2C3000&amp;ssl=1 1200w, https:\/\/i0.wp.com\/casadecampoliving.com\/wp-content\/uploads\/2022\/10\/verano2015_emailing-scaled.jpg?resize=1568%2C3920&amp;ssl=1 1568w, https:\/\/i0.wp.com\/casadecampoliving.com\/wp-content\/uploads\/2022\/10\/verano2015_emailing-scaled.jpg?resize=400%2C1000&amp;ssl=1 400w, https:\/\/i0.wp.com\/casadecampoliving.com\/wp-content\/uploads\/2022\/10\/verano2015_emailing-scaled.jpg?resize=706%2C1765&amp;ssl=1 706w, https:\/\/i0.wp.com\/casadecampoliving.com\/wp-content\/uploads\/2022\/10\/verano2015_emailing-scaled.jpg?resize=150%2C375&amp;ssl=1 150w, https:\/\/i0.wp.com\/casadecampoliving.com\/wp-content\/uploads\/2022\/10\/verano2015_emailing-scaled.jpg?w=370&amp;ssl=1 370w\" sizes=\"auto, (max-width: 1000px) 100vw, 1000px\" \/><\/figure>\n<\/figure>\n<\/strong>\n\n<strong>Fecha:<\/strong>\u00a0Del 29 de junio al <del>31 de julio<\/del> 21 de agosto\n\n<b>Costo:\u00a0<\/b>\n<ul>\n\t<li><strong>Dominicanos<\/strong> &#8211; RD$13,000<\/li>\n\t<li><strong>Extranjeros<\/strong>\u00a0&#8211; US$600<\/li>\n<\/ul>\n<p style=\"padding-left: 30px;\"><strong>*Nota<\/strong>: <em>El precio de cada curso var\u00eda dependiendo de la duraci\u00f3n y el tipo de programa.<\/em><\/p>\n<strong>Lugar:\u00a0<\/strong>Altos de Chav\u00f3n\n\n<strong>Tel:<\/strong> (809) 563-2802<\/blockquote>","protected":false},"excerpt":{"rendered":"<p>\u00bfEres apasionado al arte y dise\u00f1o? Pues no quites tus ojos de la pantalla porque la\u00a0Escuela de Arte y Dise\u00f1o Altos de Chav\u00f3n te ofrece la oportunidad de adentrarte en el mundo del arte, con los cursos de verano que ofrecen aqu\u00ed en Casa!<\/p>\n","protected":false},"author":1097,"featured_media":303802,"comment_status":"closed","ping_status":"closed","sticky":false,"template":"","format":"standard","meta":{"newspack_ads_suppress_ads":false,"newspack_popups_has_disabled_popups":false,"newspack_sponsor_sponsorship_scope":"","newspack_sponsor_native_byline_display":"inherit","newspack_sponsor_native_category_display":"inherit","newspack_sponsor_underwriter_style":"inherit","newspack_sponsor_underwriter_placement":"inherit","_newspack_byline_active":false,"_newspack_byline":"","newspack_content_restriction_is_exempt":false,"newspack_featured_image_position":"","newspack_post_subtitle":"","newspack_article_summary_title":"Overview:","newspack_article_summary":"","newspack_hide_updated_date":false,"newspack_show_updated_date":false,"_jetpack_memberships_contains_paid_content":false,"footnotes":"","jetpack_publicize_message":"","jetpack_publicize_feature_enabled":true,"jetpack_social_post_already_shared":false,"jetpack_social_options":{"image_generator_settings":{"template":"highway","default_image_id":0,"font":"","enabled":false},"version":2},"_wpas_customize_per_network":false},"categories":[26819,26823,26936,26951,2521,2522,2526,14631,14625,26822,14627],"tags":[15387,2536,23815,3626,6371,4095,12637],"newspack_spnsrs_tax":[],"class_list":["post-347494","post","type-post","status-publish","format-standard","has-post-thumbnail","hentry","category-altos-de-chavon-es","category-arte-y-cultura","category-casa-de-campo-living-es","category-ccl-presenta","category-republica-dominicana-2","category-eventos-es","category-titulares-es","category-estilo-de-vida","category-noticias-locales","category-resort-casa-de-campo","category-proximamente","tag-altos-de-chavon-es","tag-arte","tag-casa-de-campo-es-17","tag-casa-de-campo-es","tag-casa-de-campo-resort-es","tag-escuela-de-arte-y-diseno-altos-de-chavon","tag-verano-internacional","entry"],"yoast_head":"<!-- This site is optimized with the Yoast SEO plugin v27.3 - https:\/\/yoast.com\/product\/yoast-seo-wordpress\/ -->\n<title>Altos de Chav\u00f3n anuncia cursos de arte para el verano | Casa de Campo Living<\/title>\n<meta name=\"description\" content=\"\u00bfEres apasionado al arte y dise\u00f1o? Pues no quites tus ojos de la pantalla porque la\u00a0Escuela de Arte y Dise\u00f1o Altos de Chav\u00f3n te ofrece la oportunidad de\" \/>\n<meta name=\"robots\" content=\"index, follow, max-snippet:-1, max-image-preview:large, max-video-preview:-1\" \/>\n<link rel=\"canonical\" href=\"https:\/\/casadecampoliving.com\/es\/altos-de-chavon-anuncia-cursos-de-arte-para-el-verano\/\" \/>\n<meta property=\"og:locale\" content=\"es_ES\" \/>\n<meta property=\"og:type\" content=\"article\" \/>\n<meta property=\"og:title\" content=\"Altos de Chav\u00f3n anuncia cursos de arte para el verano | Casa de Campo Living\" \/>\n<meta property=\"og:description\" content=\"\u00bfEres apasionado al arte y dise\u00f1o? Pues no quites tus ojos de la pantalla porque la\u00a0Escuela de Arte y Dise\u00f1o Altos de Chav\u00f3n te ofrece la oportunidad de\" \/>\n<meta property=\"og:url\" content=\"https:\/\/casadecampoliving.com\/es\/altos-de-chavon-anuncia-cursos-de-arte-para-el-verano\/\" \/>\n<meta property=\"og:site_name\" content=\"Casa de Campo Living\" \/>\n<meta property=\"article:publisher\" content=\"https:\/\/www.facebook.com\/casadecampoliving\" \/>\n<meta property=\"article:published_time\" content=\"2015-06-06T04:00:00+00:00\" \/>\n<meta property=\"article:modified_time\" content=\"2022-11-10T14:44:58+00:00\" \/>\n<meta property=\"og:image\" content=\"https:\/\/i0.wp.com\/casadecampoliving.com\/wp-content\/uploads\/2022\/10\/Escuela_de_diseno_altos_de_chavon.jpg?fit=1024%2C683&ssl=1\" \/>\n\t<meta property=\"og:image:width\" content=\"1024\" \/>\n\t<meta property=\"og:image:height\" content=\"683\" \/>\n\t<meta property=\"og:image:type\" content=\"image\/jpeg\" \/>\n<meta name=\"author\" content=\"Perkin Agramonte\" \/>\n<meta name=\"twitter:card\" content=\"summary_large_image\" \/>\n<meta name=\"twitter:creator\" content=\"@cdcliving\" \/>\n<meta name=\"twitter:site\" content=\"@cdcliving\" \/>\n<meta name=\"twitter:label1\" content=\"Escrito por\" \/>\n\t<meta name=\"twitter:data1\" content=\"Perkin Agramonte\" \/>\n\t<meta name=\"twitter:label2\" content=\"Tiempo de lectura\" \/>\n\t<meta name=\"twitter:data2\" content=\"2 minutos\" \/>\n<script type=\"application\/ld+json\" class=\"yoast-schema-graph\">{\"@context\":\"https:\\\/\\\/schema.org\",\"@graph\":[{\"@type\":\"Article\",\"@id\":\"https:\\\/\\\/casadecampoliving.com\\\/es\\\/altos-de-chavon-anuncia-cursos-de-arte-para-el-verano\\\/#article\",\"isPartOf\":{\"@id\":\"https:\\\/\\\/casadecampoliving.com\\\/es\\\/altos-de-chavon-anuncia-cursos-de-arte-para-el-verano\\\/\"},\"author\":{\"name\":\"Perkin Agramonte\",\"@id\":\"https:\\\/\\\/casadecampoliving.com\\\/es\\\/#\\\/schema\\\/person\\\/c8efa6049510554b7d5fea078d728f72\"},\"headline\":\"Altos de Chav\u00f3n anuncia cursos de arte para el verano\",\"datePublished\":\"2015-06-06T04:00:00+00:00\",\"dateModified\":\"2022-11-10T14:44:58+00:00\",\"mainEntityOfPage\":{\"@id\":\"https:\\\/\\\/casadecampoliving.com\\\/es\\\/altos-de-chavon-anuncia-cursos-de-arte-para-el-verano\\\/\"},\"wordCount\":342,\"publisher\":{\"@id\":\"https:\\\/\\\/casadecampoliving.com\\\/es\\\/#organization\"},\"image\":{\"@id\":\"https:\\\/\\\/casadecampoliving.com\\\/es\\\/altos-de-chavon-anuncia-cursos-de-arte-para-el-verano\\\/#primaryimage\"},\"thumbnailUrl\":\"https:\\\/\\\/i0.wp.com\\\/casadecampoliving.com\\\/wp-content\\\/uploads\\\/2022\\\/10\\\/Escuela_de_diseno_altos_de_chavon.jpg?fit=1024%2C683&ssl=1\",\"keywords\":[\"Altos de Chavon\",\"arte\",\"Casa de Campo\",\"casa de campo @es\",\"casa de campo resort @es\",\"escuela de arte y diseno altos de chavon\",\"Verano Internacional\"],\"articleSection\":[\"Altos de Chavon @es\",\"Arte y cultura\",\"Casa de Campo Living @es\",\"CCL presenta\",\"Rep\u00fablica Dominicana @es\",\"Eventos\",\"Titulares\",\"Estilo de Vida\",\"Noticias Locales\",\"Resort Casa de Campo\",\"Proximamente\"],\"inLanguage\":\"es\"},{\"@type\":\"WebPage\",\"@id\":\"https:\\\/\\\/casadecampoliving.com\\\/es\\\/altos-de-chavon-anuncia-cursos-de-arte-para-el-verano\\\/\",\"url\":\"https:\\\/\\\/casadecampoliving.com\\\/es\\\/altos-de-chavon-anuncia-cursos-de-arte-para-el-verano\\\/\",\"name\":\"Altos de Chav\u00f3n anuncia cursos de arte para el verano | Casa de Campo Living\",\"isPartOf\":{\"@id\":\"https:\\\/\\\/casadecampoliving.com\\\/es\\\/#website\"},\"primaryImageOfPage\":{\"@id\":\"https:\\\/\\\/casadecampoliving.com\\\/es\\\/altos-de-chavon-anuncia-cursos-de-arte-para-el-verano\\\/#primaryimage\"},\"image\":{\"@id\":\"https:\\\/\\\/casadecampoliving.com\\\/es\\\/altos-de-chavon-anuncia-cursos-de-arte-para-el-verano\\\/#primaryimage\"},\"thumbnailUrl\":\"https:\\\/\\\/i0.wp.com\\\/casadecampoliving.com\\\/wp-content\\\/uploads\\\/2022\\\/10\\\/Escuela_de_diseno_altos_de_chavon.jpg?fit=1024%2C683&ssl=1\",\"datePublished\":\"2015-06-06T04:00:00+00:00\",\"dateModified\":\"2022-11-10T14:44:58+00:00\",\"description\":\"\u00bfEres apasionado al arte y dise\u00f1o? Pues no quites tus ojos de la pantalla porque la\u00a0Escuela de Arte y Dise\u00f1o Altos de Chav\u00f3n te ofrece la oportunidad de\",\"breadcrumb\":{\"@id\":\"https:\\\/\\\/casadecampoliving.com\\\/es\\\/altos-de-chavon-anuncia-cursos-de-arte-para-el-verano\\\/#breadcrumb\"},\"inLanguage\":\"es\",\"potentialAction\":[{\"@type\":\"ReadAction\",\"target\":[\"https:\\\/\\\/casadecampoliving.com\\\/es\\\/altos-de-chavon-anuncia-cursos-de-arte-para-el-verano\\\/\"]}]},{\"@type\":\"ImageObject\",\"inLanguage\":\"es\",\"@id\":\"https:\\\/\\\/casadecampoliving.com\\\/es\\\/altos-de-chavon-anuncia-cursos-de-arte-para-el-verano\\\/#primaryimage\",\"url\":\"https:\\\/\\\/i0.wp.com\\\/casadecampoliving.com\\\/wp-content\\\/uploads\\\/2022\\\/10\\\/Escuela_de_diseno_altos_de_chavon.jpg?fit=1024%2C683&ssl=1\",\"contentUrl\":\"https:\\\/\\\/i0.wp.com\\\/casadecampoliving.com\\\/wp-content\\\/uploads\\\/2022\\\/10\\\/Escuela_de_diseno_altos_de_chavon.jpg?fit=1024%2C683&ssl=1\",\"width\":1024,\"height\":683},{\"@type\":\"BreadcrumbList\",\"@id\":\"https:\\\/\\\/casadecampoliving.com\\\/es\\\/altos-de-chavon-anuncia-cursos-de-arte-para-el-verano\\\/#breadcrumb\",\"itemListElement\":[{\"@type\":\"ListItem\",\"position\":1,\"name\":\"Home\",\"item\":\"https:\\\/\\\/casadecampoliving.com\\\/es\\\/\"},{\"@type\":\"ListItem\",\"position\":2,\"name\":\"Altos de Chav\u00f3n anuncia cursos de arte para el verano\"}]},{\"@type\":\"WebSite\",\"@id\":\"https:\\\/\\\/casadecampoliving.com\\\/es\\\/#website\",\"url\":\"https:\\\/\\\/casadecampoliving.com\\\/es\\\/\",\"name\":\"Casa de Campo Living\",\"description\":\"Resort community news and resources.\",\"publisher\":{\"@id\":\"https:\\\/\\\/casadecampoliving.com\\\/es\\\/#organization\"},\"potentialAction\":[{\"@type\":\"SearchAction\",\"target\":{\"@type\":\"EntryPoint\",\"urlTemplate\":\"https:\\\/\\\/casadecampoliving.com\\\/es\\\/?s={search_term_string}\"},\"query-input\":{\"@type\":\"PropertyValueSpecification\",\"valueRequired\":true,\"valueName\":\"search_term_string\"}}],\"inLanguage\":\"es\"},{\"@type\":\"Organization\",\"@id\":\"https:\\\/\\\/casadecampoliving.com\\\/es\\\/#organization\",\"name\":\"Casa de Campo Living\",\"url\":\"https:\\\/\\\/casadecampoliving.com\\\/es\\\/\",\"logo\":{\"@type\":\"ImageObject\",\"inLanguage\":\"es\",\"@id\":\"https:\\\/\\\/casadecampoliving.com\\\/es\\\/#\\\/schema\\\/logo\\\/image\\\/\",\"url\":\"https:\\\/\\\/i0.wp.com\\\/casadecampoliving.com\\\/wp-content\\\/uploads\\\/2022\\\/07\\\/CDCLivingLogo_V1-white-sized.png?fit=800%2C214&ssl=1\",\"contentUrl\":\"https:\\\/\\\/i0.wp.com\\\/casadecampoliving.com\\\/wp-content\\\/uploads\\\/2022\\\/07\\\/CDCLivingLogo_V1-white-sized.png?fit=800%2C214&ssl=1\",\"width\":800,\"height\":214,\"caption\":\"Casa de Campo Living\"},\"image\":{\"@id\":\"https:\\\/\\\/casadecampoliving.com\\\/es\\\/#\\\/schema\\\/logo\\\/image\\\/\"},\"sameAs\":[\"https:\\\/\\\/www.facebook.com\\\/casadecampoliving\",\"https:\\\/\\\/x.com\\\/cdcliving\"]},{\"@type\":\"Person\",\"@id\":\"https:\\\/\\\/casadecampoliving.com\\\/es\\\/#\\\/schema\\\/person\\\/c8efa6049510554b7d5fea078d728f72\",\"name\":\"Perkin Agramonte\",\"image\":{\"@type\":\"ImageObject\",\"inLanguage\":\"es\",\"@id\":\"https:\\\/\\\/secure.gravatar.com\\\/avatar\\\/57bfdafcae55fb83dbb79a1585a9eab7f269b7720fb0b64cb9a4e0cd2962fa10?s=96&d=mm&r=g\",\"url\":\"https:\\\/\\\/secure.gravatar.com\\\/avatar\\\/57bfdafcae55fb83dbb79a1585a9eab7f269b7720fb0b64cb9a4e0cd2962fa10?s=96&d=mm&r=g\",\"contentUrl\":\"https:\\\/\\\/secure.gravatar.com\\\/avatar\\\/57bfdafcae55fb83dbb79a1585a9eab7f269b7720fb0b64cb9a4e0cd2962fa10?s=96&d=mm&r=g\",\"caption\":\"Perkin Agramonte\"},\"url\":\"https:\\\/\\\/casadecampoliving.com\\\/es\\\/author\\\/cagramonte\\\/\"}]}<\/script>\n<!-- \/ Yoast SEO plugin. -->","yoast_head_json":{"title":"Altos de Chav\u00f3n anuncia cursos de arte para el verano | Casa de Campo Living","description":"\u00bfEres apasionado al arte y dise\u00f1o? Pues no quites tus ojos de la pantalla porque la\u00a0Escuela de Arte y Dise\u00f1o Altos de Chav\u00f3n te ofrece la oportunidad de","robots":{"index":"index","follow":"follow","max-snippet":"max-snippet:-1","max-image-preview":"max-image-preview:large","max-video-preview":"max-video-preview:-1"},"canonical":"https:\/\/casadecampoliving.com\/es\/altos-de-chavon-anuncia-cursos-de-arte-para-el-verano\/","og_locale":"es_ES","og_type":"article","og_title":"Altos de Chav\u00f3n anuncia cursos de arte para el verano | Casa de Campo Living","og_description":"\u00bfEres apasionado al arte y dise\u00f1o? Pues no quites tus ojos de la pantalla porque la\u00a0Escuela de Arte y Dise\u00f1o Altos de Chav\u00f3n te ofrece la oportunidad de","og_url":"https:\/\/casadecampoliving.com\/es\/altos-de-chavon-anuncia-cursos-de-arte-para-el-verano\/","og_site_name":"Casa de Campo Living","article_publisher":"https:\/\/www.facebook.com\/casadecampoliving","article_published_time":"2015-06-06T04:00:00+00:00","article_modified_time":"2022-11-10T14:44:58+00:00","og_image":[{"width":1024,"height":683,"url":"https:\/\/i0.wp.com\/casadecampoliving.com\/wp-content\/uploads\/2022\/10\/Escuela_de_diseno_altos_de_chavon.jpg?fit=1024%2C683&ssl=1","type":"image\/jpeg"}],"author":"Perkin Agramonte","twitter_card":"summary_large_image","twitter_creator":"@cdcliving","twitter_site":"@cdcliving","twitter_misc":{"Escrito por":"Perkin Agramonte","Tiempo de lectura":"2 minutos"},"schema":{"@context":"https:\/\/schema.org","@graph":[{"@type":"Article","@id":"https:\/\/casadecampoliving.com\/es\/altos-de-chavon-anuncia-cursos-de-arte-para-el-verano\/#article","isPartOf":{"@id":"https:\/\/casadecampoliving.com\/es\/altos-de-chavon-anuncia-cursos-de-arte-para-el-verano\/"},"author":{"name":"Perkin Agramonte","@id":"https:\/\/casadecampoliving.com\/es\/#\/schema\/person\/c8efa6049510554b7d5fea078d728f72"},"headline":"Altos de Chav\u00f3n anuncia cursos de arte para el verano","datePublished":"2015-06-06T04:00:00+00:00","dateModified":"2022-11-10T14:44:58+00:00","mainEntityOfPage":{"@id":"https:\/\/casadecampoliving.com\/es\/altos-de-chavon-anuncia-cursos-de-arte-para-el-verano\/"},"wordCount":342,"publisher":{"@id":"https:\/\/casadecampoliving.com\/es\/#organization"},"image":{"@id":"https:\/\/casadecampoliving.com\/es\/altos-de-chavon-anuncia-cursos-de-arte-para-el-verano\/#primaryimage"},"thumbnailUrl":"https:\/\/i0.wp.com\/casadecampoliving.com\/wp-content\/uploads\/2022\/10\/Escuela_de_diseno_altos_de_chavon.jpg?fit=1024%2C683&ssl=1","keywords":["Altos de Chavon","arte","Casa de Campo","casa de campo @es","casa de campo resort @es","escuela de arte y diseno altos de chavon","Verano Internacional"],"articleSection":["Altos de Chavon @es","Arte y cultura","Casa de Campo Living @es","CCL presenta","Rep\u00fablica Dominicana @es","Eventos","Titulares","Estilo de Vida","Noticias Locales","Resort Casa de Campo","Proximamente"],"inLanguage":"es"},{"@type":"WebPage","@id":"https:\/\/casadecampoliving.com\/es\/altos-de-chavon-anuncia-cursos-de-arte-para-el-verano\/","url":"https:\/\/casadecampoliving.com\/es\/altos-de-chavon-anuncia-cursos-de-arte-para-el-verano\/","name":"Altos de Chav\u00f3n anuncia cursos de arte para el verano | Casa de Campo Living","isPartOf":{"@id":"https:\/\/casadecampoliving.com\/es\/#website"},"primaryImageOfPage":{"@id":"https:\/\/casadecampoliving.com\/es\/altos-de-chavon-anuncia-cursos-de-arte-para-el-verano\/#primaryimage"},"image":{"@id":"https:\/\/casadecampoliving.com\/es\/altos-de-chavon-anuncia-cursos-de-arte-para-el-verano\/#primaryimage"},"thumbnailUrl":"https:\/\/i0.wp.com\/casadecampoliving.com\/wp-content\/uploads\/2022\/10\/Escuela_de_diseno_altos_de_chavon.jpg?fit=1024%2C683&ssl=1","datePublished":"2015-06-06T04:00:00+00:00","dateModified":"2022-11-10T14:44:58+00:00","description":"\u00bfEres apasionado al arte y dise\u00f1o? Pues no quites tus ojos de la pantalla porque la\u00a0Escuela de Arte y Dise\u00f1o Altos de Chav\u00f3n te ofrece la oportunidad de","breadcrumb":{"@id":"https:\/\/casadecampoliving.com\/es\/altos-de-chavon-anuncia-cursos-de-arte-para-el-verano\/#breadcrumb"},"inLanguage":"es","potentialAction":[{"@type":"ReadAction","target":["https:\/\/casadecampoliving.com\/es\/altos-de-chavon-anuncia-cursos-de-arte-para-el-verano\/"]}]},{"@type":"ImageObject","inLanguage":"es","@id":"https:\/\/casadecampoliving.com\/es\/altos-de-chavon-anuncia-cursos-de-arte-para-el-verano\/#primaryimage","url":"https:\/\/i0.wp.com\/casadecampoliving.com\/wp-content\/uploads\/2022\/10\/Escuela_de_diseno_altos_de_chavon.jpg?fit=1024%2C683&ssl=1","contentUrl":"https:\/\/i0.wp.com\/casadecampoliving.com\/wp-content\/uploads\/2022\/10\/Escuela_de_diseno_altos_de_chavon.jpg?fit=1024%2C683&ssl=1","width":1024,"height":683},{"@type":"BreadcrumbList","@id":"https:\/\/casadecampoliving.com\/es\/altos-de-chavon-anuncia-cursos-de-arte-para-el-verano\/#breadcrumb","itemListElement":[{"@type":"ListItem","position":1,"name":"Home","item":"https:\/\/casadecampoliving.com\/es\/"},{"@type":"ListItem","position":2,"name":"Altos de Chav\u00f3n anuncia cursos de arte para el verano"}]},{"@type":"WebSite","@id":"https:\/\/casadecampoliving.com\/es\/#website","url":"https:\/\/casadecampoliving.com\/es\/","name":"Casa de Campo Living","description":"Resort community news and resources.","publisher":{"@id":"https:\/\/casadecampoliving.com\/es\/#organization"},"potentialAction":[{"@type":"SearchAction","target":{"@type":"EntryPoint","urlTemplate":"https:\/\/casadecampoliving.com\/es\/?s={search_term_string}"},"query-input":{"@type":"PropertyValueSpecification","valueRequired":true,"valueName":"search_term_string"}}],"inLanguage":"es"},{"@type":"Organization","@id":"https:\/\/casadecampoliving.com\/es\/#organization","name":"Casa de Campo Living","url":"https:\/\/casadecampoliving.com\/es\/","logo":{"@type":"ImageObject","inLanguage":"es","@id":"https:\/\/casadecampoliving.com\/es\/#\/schema\/logo\/image\/","url":"https:\/\/i0.wp.com\/casadecampoliving.com\/wp-content\/uploads\/2022\/07\/CDCLivingLogo_V1-white-sized.png?fit=800%2C214&ssl=1","contentUrl":"https:\/\/i0.wp.com\/casadecampoliving.com\/wp-content\/uploads\/2022\/07\/CDCLivingLogo_V1-white-sized.png?fit=800%2C214&ssl=1","width":800,"height":214,"caption":"Casa de Campo Living"},"image":{"@id":"https:\/\/casadecampoliving.com\/es\/#\/schema\/logo\/image\/"},"sameAs":["https:\/\/www.facebook.com\/casadecampoliving","https:\/\/x.com\/cdcliving"]},{"@type":"Person","@id":"https:\/\/casadecampoliving.com\/es\/#\/schema\/person\/c8efa6049510554b7d5fea078d728f72","name":"Perkin Agramonte","image":{"@type":"ImageObject","inLanguage":"es","@id":"https:\/\/secure.gravatar.com\/avatar\/57bfdafcae55fb83dbb79a1585a9eab7f269b7720fb0b64cb9a4e0cd2962fa10?s=96&d=mm&r=g","url":"https:\/\/secure.gravatar.com\/avatar\/57bfdafcae55fb83dbb79a1585a9eab7f269b7720fb0b64cb9a4e0cd2962fa10?s=96&d=mm&r=g","contentUrl":"https:\/\/secure.gravatar.com\/avatar\/57bfdafcae55fb83dbb79a1585a9eab7f269b7720fb0b64cb9a4e0cd2962fa10?s=96&d=mm&r=g","caption":"Perkin Agramonte"},"url":"https:\/\/casadecampoliving.com\/es\/author\/cagramonte\/"}]}},"parsely":{"version":"1.1.0","canonical_url":"https:\/\/casadecampoliving.com\/es\/altos-de-chavon-anuncia-cursos-de-arte-para-el-verano\/","smart_links":{"inbound":0,"outbound":0},"traffic_boost_suggestions_count":0,"meta":{"@context":"https:\/\/schema.org","@type":"NewsArticle","headline":"Altos de Chav\u00f3n anuncia cursos de arte para el verano","url":"http:\/\/casadecampoliving.com\/es\/altos-de-chavon-anuncia-cursos-de-arte-para-el-verano\/","mainEntityOfPage":{"@type":"WebPage","@id":"http:\/\/casadecampoliving.com\/es\/altos-de-chavon-anuncia-cursos-de-arte-para-el-verano\/"},"thumbnailUrl":"https:\/\/i0.wp.com\/casadecampoliving.com\/wp-content\/uploads\/2022\/10\/Escuela_de_diseno_altos_de_chavon.jpg?resize=150%2C150&ssl=1","image":{"@type":"ImageObject","url":"https:\/\/i0.wp.com\/casadecampoliving.com\/wp-content\/uploads\/2022\/10\/Escuela_de_diseno_altos_de_chavon.jpg?fit=1024%2C683&ssl=1"},"articleSection":"Altos de Chavon @es","author":[{"@type":"Person","name":"Perkin Agramonte"}],"creator":["Perkin Agramonte"],"publisher":{"@type":"Organization","name":"Casa de Campo Living","logo":"https:\/\/casadecampoliving.com\/wp-content\/uploads\/2022\/07\/CDCLivingLogo_V1-white-sized.png"},"keywords":["altos de chavon","arte","casa de campo","casa de campo @es","casa de campo resort @es","escuela de arte y diseno altos de chavon","verano internacional"],"dateCreated":"2015-06-06T04:00:00Z","datePublished":"2015-06-06T04:00:00Z","dateModified":"2022-11-10T14:44:58Z"},"rendered":"<script type=\"application\/ld+json\" class=\"wp-parsely-metadata\">{\"@context\":\"https:\\\/\\\/schema.org\",\"@type\":\"NewsArticle\",\"headline\":\"Altos de Chav\\u00f3n anuncia cursos de arte para el verano\",\"url\":\"http:\\\/\\\/casadecampoliving.com\\\/es\\\/altos-de-chavon-anuncia-cursos-de-arte-para-el-verano\\\/\",\"mainEntityOfPage\":{\"@type\":\"WebPage\",\"@id\":\"http:\\\/\\\/casadecampoliving.com\\\/es\\\/altos-de-chavon-anuncia-cursos-de-arte-para-el-verano\\\/\"},\"thumbnailUrl\":\"https:\\\/\\\/i0.wp.com\\\/casadecampoliving.com\\\/wp-content\\\/uploads\\\/2022\\\/10\\\/Escuela_de_diseno_altos_de_chavon.jpg?resize=150%2C150&ssl=1\",\"image\":{\"@type\":\"ImageObject\",\"url\":\"https:\\\/\\\/i0.wp.com\\\/casadecampoliving.com\\\/wp-content\\\/uploads\\\/2022\\\/10\\\/Escuela_de_diseno_altos_de_chavon.jpg?fit=1024%2C683&ssl=1\"},\"articleSection\":\"Altos de Chavon @es\",\"author\":[{\"@type\":\"Person\",\"name\":\"Perkin Agramonte\"}],\"creator\":[\"Perkin Agramonte\"],\"publisher\":{\"@type\":\"Organization\",\"name\":\"Casa de Campo Living\",\"logo\":\"https:\\\/\\\/casadecampoliving.com\\\/wp-content\\\/uploads\\\/2022\\\/07\\\/CDCLivingLogo_V1-white-sized.png\"},\"keywords\":[\"altos de chavon\",\"arte\",\"casa de campo\",\"casa de campo @es\",\"casa de campo resort @es\",\"escuela de arte y diseno altos de chavon\",\"verano internacional\"],\"dateCreated\":\"2015-06-06T04:00:00Z\",\"datePublished\":\"2015-06-06T04:00:00Z\",\"dateModified\":\"2022-11-10T14:44:58Z\"}<\/script>","tracker_url":"https:\/\/cdn.parsely.com\/keys\/casadecampoliving.com\/p.js"},"jetpack_publicize_connections":[],"jetpack_featured_media_url":"https:\/\/i0.wp.com\/casadecampoliving.com\/wp-content\/uploads\/2022\/10\/Escuela_de_diseno_altos_de_chavon.jpg?fit=1024%2C683&ssl=1","jetpack-related-posts":[{"id":433460,"url":"https:\/\/casadecampoliving.com\/es\/no-se-pierdan-el-increible-tributo-a-frank-sinatra-para-celebrar-el-40-aniversario-del-anfiteatro-altos-de-chavon\/","url_meta":{"origin":347494,"position":0},"title":"No se pierdan el incre\u00edble tributo a Frank Sinatra para celebrar el 40 aniversario del\u00a0Anfiteatro Altos de Chav\u00f3n","author":"Casa de Campo Living","date":"20 Oct, 2022","format":false,"excerpt":"Siendo uno de los escenarios m\u00e1s emblem\u00e1ticos del pa\u00eds, Casa de Campo Resort\u00ae & Villas celebra las cuatro d\u00e9cadas de aniversario de Altos de Chav\u00f3n con un tributo al gran Frank Sinatra, protagonizado por artistas invitados y una big band tal cual la que acompa\u00f1\u00f3 al artista hace 40 a\u00f1os\u2026","rel":"","context":"En \u00abUncategorized @es\u00bb","block_context":{"text":"Uncategorized @es","link":"https:\/\/casadecampoliving.com\/es\/category\/uncategorized-es\/"},"img":{"alt_text":"","src":"https:\/\/i0.wp.com\/casadecampoliving.com\/wp-content\/uploads\/2022\/10\/Tributo-Frank-Sinatra-Foto-Principal-Amaury-Sanchez-Danilo-Ginebra-Andres-Pichardo-y-Jose-Gabriel-Perez-.jpg?fit=1200%2C873&ssl=1&resize=350%2C200","width":350,"height":200,"srcset":"https:\/\/i0.wp.com\/casadecampoliving.com\/wp-content\/uploads\/2022\/10\/Tributo-Frank-Sinatra-Foto-Principal-Amaury-Sanchez-Danilo-Ginebra-Andres-Pichardo-y-Jose-Gabriel-Perez-.jpg?fit=1200%2C873&ssl=1&resize=350%2C200 1x, https:\/\/i0.wp.com\/casadecampoliving.com\/wp-content\/uploads\/2022\/10\/Tributo-Frank-Sinatra-Foto-Principal-Amaury-Sanchez-Danilo-Ginebra-Andres-Pichardo-y-Jose-Gabriel-Perez-.jpg?fit=1200%2C873&ssl=1&resize=525%2C300 1.5x, https:\/\/i0.wp.com\/casadecampoliving.com\/wp-content\/uploads\/2022\/10\/Tributo-Frank-Sinatra-Foto-Principal-Amaury-Sanchez-Danilo-Ginebra-Andres-Pichardo-y-Jose-Gabriel-Perez-.jpg?fit=1200%2C873&ssl=1&resize=700%2C400 2x, https:\/\/i0.wp.com\/casadecampoliving.com\/wp-content\/uploads\/2022\/10\/Tributo-Frank-Sinatra-Foto-Principal-Amaury-Sanchez-Danilo-Ginebra-Andres-Pichardo-y-Jose-Gabriel-Perez-.jpg?fit=1200%2C873&ssl=1&resize=1050%2C600 3x"},"classes":[]},{"id":347622,"url":"https:\/\/casadecampoliving.com\/es\/verano-internacional-en-chavon\/","url_meta":{"origin":347494,"position":1},"title":"\u00a1Ya inici\u00f3 el Verano Internacional en Chav\u00f3n!","author":"Carla Campos","date":"29 Jun, 2015","format":false,"excerpt":"Desempolve su c\u00e1mara, saque su cuaderno de dibujo, y busque el maniqu\u00ed que tiene en su armario porque el programa intensivo \"Verano Internacional\" de la Escuela de Dise\u00f1o Altos de Chav\u00f3n comienza hoy. Sea usted un verdadero artista o ya sea que est\u00e9 en proceso de descubrir el artista que\u2026","rel":"","context":"En \u00abAltos de Chavon @es\u00bb","block_context":{"text":"Altos de Chavon @es","link":"https:\/\/casadecampoliving.com\/category\/altos-de-chavon-es\/"},"img":{"alt_text":"","src":"https:\/\/i0.wp.com\/casadecampoliving.com\/wp-content\/uploads\/2022\/10\/Altos_Chavon_School_of_Design_1.jpg?fit=1024%2C683&ssl=1&resize=350%2C200","width":350,"height":200,"srcset":"https:\/\/i0.wp.com\/casadecampoliving.com\/wp-content\/uploads\/2022\/10\/Altos_Chavon_School_of_Design_1.jpg?fit=1024%2C683&ssl=1&resize=350%2C200 1x, https:\/\/i0.wp.com\/casadecampoliving.com\/wp-content\/uploads\/2022\/10\/Altos_Chavon_School_of_Design_1.jpg?fit=1024%2C683&ssl=1&resize=525%2C300 1.5x, https:\/\/i0.wp.com\/casadecampoliving.com\/wp-content\/uploads\/2022\/10\/Altos_Chavon_School_of_Design_1.jpg?fit=1024%2C683&ssl=1&resize=700%2C400 2x"},"classes":[]},{"id":342240,"url":"https:\/\/casadecampoliving.com\/es\/los-cursos-del-verano-internacional-altos-de-chavon-ya-comenzaron\/","url_meta":{"origin":347494,"position":2},"title":"\u00a1Los cursos del Verano Internacional Altos de Chav\u00f3n ya comenzaron!","author":"Mairobi Herrera","date":"5 Jul, 2013","format":false,"excerpt":"No se olvide en este verano los cursos que imparte la\u00a0Escuela de Dise\u00f1o de Altos de Chav\u00f3n, los cuales est\u00e1n disponibles desde este momento y durar\u00e1n hasta el mes de agosto. A los cursos del Verano internacional Altos de Chav\u00f3n se ha unido la escuela de arte New York Academy\u2026","rel":"","context":"En \u00abAltos de Chavon @es\u00bb","block_context":{"text":"Altos de Chavon @es","link":"https:\/\/casadecampoliving.com\/category\/altos-de-chavon-es\/"},"img":{"alt_text":"verano internacional escuela chavon","src":"https:\/\/i0.wp.com\/casadecampoliving.com\/wp-content\/uploads\/2022\/10\/verano_internacional_escuela_chavon-1.jpg?fit=650%2C417&ssl=1&resize=350%2C200","width":350,"height":200,"srcset":"https:\/\/i0.wp.com\/casadecampoliving.com\/wp-content\/uploads\/2022\/10\/verano_internacional_escuela_chavon-1.jpg?fit=650%2C417&ssl=1&resize=350%2C200 1x, https:\/\/i0.wp.com\/casadecampoliving.com\/wp-content\/uploads\/2022\/10\/verano_internacional_escuela_chavon-1.jpg?fit=650%2C417&ssl=1&resize=525%2C300 1.5x"},"classes":[]},{"id":342474,"url":"https:\/\/casadecampoliving.com\/es\/clases-grabado-y-pintura-al-oleo-en-el-verano-internacional-altos-de-chavon-en-agosto\/","url_meta":{"origin":347494,"position":3},"title":"Clases Grabado y Pintura al Oleo en el \u00abVerano Internacional Altos de Chav\u00f3n\u00bb en agosto","author":"Mairobi Herrera","date":"21 Jul, 2013","format":false,"excerpt":"La escuela de Arte y Dise\u00f1o Altos de Chav\u00f3n uni\u00f3 con la prestigiosa New York Academy of Art para ofrecer cursos avanzados en Bellas Artes en este verano como parte de sus programaci\u00f3n de clases \u201cVerano Internacional Altos de Chav\u00f3n\u201d. Esta es una excelente oportunidad para que los amantes y\u2026","rel":"","context":"En \u00abAltos de Chavon @es\u00bb","block_context":{"text":"Altos de Chavon @es","link":"https:\/\/casadecampoliving.com\/category\/altos-de-chavon-es\/"},"img":{"alt_text":"","src":"https:\/\/i0.wp.com\/casadecampoliving.com\/wp-content\/uploads\/2022\/10\/verano_internacional_altos_chavon1-1.jpg?fit=650%2C333&ssl=1&resize=350%2C200","width":350,"height":200,"srcset":"https:\/\/i0.wp.com\/casadecampoliving.com\/wp-content\/uploads\/2022\/10\/verano_internacional_altos_chavon1-1.jpg?fit=650%2C333&ssl=1&resize=350%2C200 1x, https:\/\/i0.wp.com\/casadecampoliving.com\/wp-content\/uploads\/2022\/10\/verano_internacional_altos_chavon1-1.jpg?fit=650%2C333&ssl=1&resize=525%2C300 1.5x"},"classes":[]},{"id":350102,"url":"https:\/\/casadecampoliving.com\/es\/verano-internacional-chavon\/","url_meta":{"origin":347494,"position":4},"title":"\u00a1Los cursos Verano Internacional de Chav\u00f3n comenzar\u00e1n la pr\u00f3xima semana!","author":"Marlenys Guzm\u00e1n Casta\u00f1os","date":"1 Jul, 2016","format":false,"excerpt":"\u00bfBusca algo divertido y enriquecedor que\u00a0hacer este verano? Pues no busque m\u00e1s, la Escuela de Dise\u00f1o de Altos de Chav\u00f3n nos invita a participar en un gran n\u00famero de cursos que se estar\u00e1n realizando durante todo el verano. Los cursos de arte y dise\u00f1o \u201cVerano Internacional\u201d cubrir\u00e1n \u00e1reas de dise\u00f1o\u2026","rel":"","context":"En \u00abAltos de Chavon @es\u00bb","block_context":{"text":"Altos de Chavon @es","link":"https:\/\/casadecampoliving.com\/category\/altos-de-chavon-es\/"},"img":{"alt_text":"Featured Image Chavon International Summer","src":"https:\/\/i0.wp.com\/casadecampoliving.com\/wp-content\/uploads\/2022\/10\/Featured-Image-Chavon-International-Summer-2.jpg?fit=1000%2C600&ssl=1&resize=350%2C200","width":350,"height":200,"srcset":"https:\/\/i0.wp.com\/casadecampoliving.com\/wp-content\/uploads\/2022\/10\/Featured-Image-Chavon-International-Summer-2.jpg?fit=1000%2C600&ssl=1&resize=350%2C200 1x, https:\/\/i0.wp.com\/casadecampoliving.com\/wp-content\/uploads\/2022\/10\/Featured-Image-Chavon-International-Summer-2.jpg?fit=1000%2C600&ssl=1&resize=525%2C300 1.5x, https:\/\/i0.wp.com\/casadecampoliving.com\/wp-content\/uploads\/2022\/10\/Featured-Image-Chavon-International-Summer-2.jpg?fit=1000%2C600&ssl=1&resize=700%2C400 2x"},"classes":[]},{"id":351557,"url":"https:\/\/casadecampoliving.com\/es\/los-talleres-de-verano-internacional-de-chavon-escuela-de-diseno-comienzan-en-julio\/","url_meta":{"origin":347494,"position":5},"title":"\u00a1Los talleres de Verano Internacional de Chav\u00f3n Escuela de Dise\u00f1o comienzan en julio!","author":"Marlenys Guzm\u00e1n Casta\u00f1os","date":"31 May, 2017","format":false,"excerpt":"\u00a1La Escuela de Dise\u00f1o Altos de Chav\u00f3n abre de nuevo sus puertas para todos los que quieran explorar su creatividad este verano! Los cursos se desarrollan durante todo el verano, con el primero comenzando el 26 de junio y el \u00faltimo la primera semana de agosto. Una amplia gama de\u2026","rel":"","context":"En \u00abAltos de Chavon @es\u00bb","block_context":{"text":"Altos de Chavon @es","link":"https:\/\/casadecampoliving.com\/category\/altos-de-chavon-es\/"},"img":{"alt_text":"","src":"https:\/\/i0.wp.com\/casadecampoliving.com\/wp-content\/uploads\/2022\/10\/IMG_5212-e1496248980460.jpg?fit=1000%2C667&ssl=1&resize=350%2C200","width":350,"height":200,"srcset":"https:\/\/i0.wp.com\/casadecampoliving.com\/wp-content\/uploads\/2022\/10\/IMG_5212-e1496248980460.jpg?fit=1000%2C667&ssl=1&resize=350%2C200 1x, https:\/\/i0.wp.com\/casadecampoliving.com\/wp-content\/uploads\/2022\/10\/IMG_5212-e1496248980460.jpg?fit=1000%2C667&ssl=1&resize=525%2C300 1.5x, https:\/\/i0.wp.com\/casadecampoliving.com\/wp-content\/uploads\/2022\/10\/IMG_5212-e1496248980460.jpg?fit=1000%2C667&ssl=1&resize=700%2C400 2x"},"classes":[]}],"jetpack_sharing_enabled":true,"_links":{"self":[{"href":"https:\/\/casadecampoliving.com\/es\/wp-json\/wp\/v2\/posts\/347494","targetHints":{"allow":["GET"]}}],"collection":[{"href":"https:\/\/casadecampoliving.com\/es\/wp-json\/wp\/v2\/posts"}],"about":[{"href":"https:\/\/casadecampoliving.com\/es\/wp-json\/wp\/v2\/types\/post"}],"author":[{"embeddable":true,"href":"https:\/\/casadecampoliving.com\/es\/wp-json\/wp\/v2\/users\/1097"}],"replies":[{"embeddable":true,"href":"https:\/\/casadecampoliving.com\/es\/wp-json\/wp\/v2\/comments?post=347494"}],"version-history":[{"count":2,"href":"https:\/\/casadecampoliving.com\/es\/wp-json\/wp\/v2\/posts\/347494\/revisions"}],"predecessor-version":[{"id":509866,"href":"https:\/\/casadecampoliving.com\/es\/wp-json\/wp\/v2\/posts\/347494\/revisions\/509866"}],"wp:featuredmedia":[{"embeddable":true,"href":"https:\/\/casadecampoliving.com\/es\/wp-json\/wp\/v2\/media\/303802"}],"wp:attachment":[{"href":"https:\/\/casadecampoliving.com\/es\/wp-json\/wp\/v2\/media?parent=347494"}],"wp:term":[{"taxonomy":"category","embeddable":true,"href":"https:\/\/casadecampoliving.com\/es\/wp-json\/wp\/v2\/categories?post=347494"},{"taxonomy":"post_tag","embeddable":true,"href":"https:\/\/casadecampoliving.com\/es\/wp-json\/wp\/v2\/tags?post=347494"},{"taxonomy":"newspack_spnsrs_tax","embeddable":true,"href":"https:\/\/casadecampoliving.com\/es\/wp-json\/wp\/v2\/newspack_spnsrs_tax?post=347494"}],"curies":[{"name":"wp","href":"https:\/\/api.w.org\/{rel}","templated":true}]}}