{"id":347476,"date":"2015-05-30T00:00:00","date_gmt":"2015-05-30T04:00:00","guid":{"rendered":"https:\/\/casadecampoliving.com\/casa-de-campo-desfile-moda-ferragamo-food-wine-festival\/"},"modified":"2022-11-10T10:45:04","modified_gmt":"2022-11-10T14:45:04","slug":"casa-de-campo-desfile-moda-ferragamo-food-wine-festival","status":"publish","type":"post","link":"https:\/\/casadecampoliving.com\/es\/casa-de-campo-desfile-moda-ferragamo-food-wine-festival\/","title":{"rendered":"\u00a1Desfile de moda Ferragamo, Food &#038; Wine festival y mucho m\u00e1s!"},"content":{"rendered":"<img data-recalc-dims=\"1\" loading=\"lazy\" decoding=\"async\" class=\"aligncenter wp-image-111643\" src=\"https:\/\/i0.wp.com\/casadecampoliving.com\/wp-content\/uploads\/2022\/10\/Steak-tartar-Casa_de_Campo-1024x676-2.jpg?resize=650%2C429&#038;ssl=1\" alt=\"Steak tartar, Casa de Campo\" width=\"650\" height=\"429\" \/>Durante una fiesta de c\u00f3ctel celebrada en JW Marriott de Santo Domingo, el resort Casa de Campo anunci\u00f3 un gran n\u00famero de proyectos, especiales y eventos muy emocionantes\n\n<!--more-->\n\n<img data-recalc-dims=\"1\" loading=\"lazy\" decoding=\"async\" class=\"alignright size-full wp-image-111644\" src=\"https:\/\/i0.wp.com\/casadecampoliving.com\/wp-content\/uploads\/2022\/10\/Salvatorre_Ferragamo_Casa_de_Campo.jpg?resize=320%2C440&#038;ssl=1\" alt=\"Salvatorre Ferragamo, Casa de Campo\" width=\"320\" height=\"440\" \/>Sin embargo los anuncios que causaron m\u00e1s emoci\u00f3n durante la noche fueron los eventos que Casa de Campo ha planeado para el verano, los cuales son, el<strong> torneo de golf Casa de Campo DR Open<\/strong> (del 1 al 7 de junio), <strong>Juan Luis Guerra en concierto<\/strong> (27 de junio) en el anfiteatro Altos de Chav\u00f3n, los <strong>Campamentos de Verano FCBEscola<\/strong> (del 29 de junio al 7 de agosto), un <strong>Food &amp; Wine festival<\/strong>\u00a0(del 21 al 23 de agosto), un <strong>desfile de moda por Salvatore Ferragamo<\/strong> (del 4 al 7 de septiembre) y el <strong>Torneo de Tenis Internacional Casa de Campo<\/strong> (del 3 al 6 de septiembre). Vea los detalles de todos estos eventos m\u00e1s abajo.\n\nMientras que adem\u00e1s de la apertura reciente de la segunda entrada principal de Casa de Campo y la nueva carretera, Avenida Rey Juan Carlos I, fue anunciado que Casa de Campo abrir\u00e1 <strong>una nueva oficina en el distrito comercial de Piantini en Santo Domingo<\/strong>. El proposito de establecer esta nueva oficina es brindar un mejor servicio a los due\u00f1os de villa y visitantes de Casa de Campo basados en Santo Domingo.\n\nEn esta reuni\u00f3n estuvieron presentes, Rafael Torres, Presidente de Casa de Campo, junto a Daniel Hern\u00e1ndez, Gerente General del Hotel Casa de Campo y Leandro Cruz, vice presidente de ventas, quienes anunciaron los detalles de estos nuevos proyectos y promociones para la temporada de verano (espere pronto m\u00e1s detalles).\n<p style=\"text-align: left;\">Las siguientes fotos fueron tomadas durante el c\u00f3ctel celebrado en JW Marriott en Santo Domingo:\u00a0<strong>\n<figure class=\"wp-block-gallery has-nested-images columns-default is-cropped wp-block-gallery-1 is-layout-flex wp-block-gallery-is-layout-flex\">\n<figure class=\"wp-block-image size-large\"><img data-recalc-dims=\"1\" loading=\"lazy\" decoding=\"async\" width=\"531\" height=\"800\" data-id=\"480637\" src=\"https:\/\/i0.wp.com\/casadecampoliving.com\/wp-content\/uploads\/2022\/10\/dsc_0008-1.jpg?resize=531%2C800&#038;ssl=1\" alt=\"\" class=\"wp-image-480637\" srcset=\"https:\/\/i0.wp.com\/casadecampoliving.com\/wp-content\/uploads\/2022\/10\/dsc_0008-1.jpg?w=531&amp;ssl=1 531w, https:\/\/i0.wp.com\/casadecampoliving.com\/wp-content\/uploads\/2022\/10\/dsc_0008-1.jpg?resize=199%2C300&amp;ssl=1 199w, https:\/\/i0.wp.com\/casadecampoliving.com\/wp-content\/uploads\/2022\/10\/dsc_0008-1.jpg?resize=400%2C603&amp;ssl=1 400w, https:\/\/i0.wp.com\/casadecampoliving.com\/wp-content\/uploads\/2022\/10\/dsc_0008-1.jpg?resize=150%2C226&amp;ssl=1 150w, https:\/\/i0.wp.com\/casadecampoliving.com\/wp-content\/uploads\/2022\/10\/dsc_0008-1.jpg?w=370&amp;ssl=1 370w\" sizes=\"auto, (max-width: 531px) 100vw, 531px\" \/><\/figure>\n\n\n\n<figure class=\"wp-block-image size-large\"><img data-recalc-dims=\"1\" loading=\"lazy\" decoding=\"async\" width=\"531\" height=\"800\" data-id=\"480651\" src=\"https:\/\/i0.wp.com\/casadecampoliving.com\/wp-content\/uploads\/2022\/10\/dsc_0013-2.jpg?resize=531%2C800&#038;ssl=1\" alt=\"\" class=\"wp-image-480651\" srcset=\"https:\/\/i0.wp.com\/casadecampoliving.com\/wp-content\/uploads\/2022\/10\/dsc_0013-2.jpg?w=531&amp;ssl=1 531w, https:\/\/i0.wp.com\/casadecampoliving.com\/wp-content\/uploads\/2022\/10\/dsc_0013-2.jpg?resize=199%2C300&amp;ssl=1 199w, https:\/\/i0.wp.com\/casadecampoliving.com\/wp-content\/uploads\/2022\/10\/dsc_0013-2.jpg?resize=400%2C603&amp;ssl=1 400w, https:\/\/i0.wp.com\/casadecampoliving.com\/wp-content\/uploads\/2022\/10\/dsc_0013-2.jpg?resize=150%2C226&amp;ssl=1 150w, https:\/\/i0.wp.com\/casadecampoliving.com\/wp-content\/uploads\/2022\/10\/dsc_0013-2.jpg?w=370&amp;ssl=1 370w\" sizes=\"auto, (max-width: 531px) 100vw, 531px\" \/><\/figure>\n\n\n\n<figure class=\"wp-block-image size-large\"><img data-recalc-dims=\"1\" loading=\"lazy\" decoding=\"async\" width=\"531\" height=\"800\" data-id=\"480669\" src=\"https:\/\/i0.wp.com\/casadecampoliving.com\/wp-content\/uploads\/2022\/10\/dsc_0020-9.jpg?resize=531%2C800&#038;ssl=1\" alt=\"\" class=\"wp-image-480669\" srcset=\"https:\/\/i0.wp.com\/casadecampoliving.com\/wp-content\/uploads\/2022\/10\/dsc_0020-9.jpg?w=531&amp;ssl=1 531w, https:\/\/i0.wp.com\/casadecampoliving.com\/wp-content\/uploads\/2022\/10\/dsc_0020-9.jpg?resize=199%2C300&amp;ssl=1 199w, https:\/\/i0.wp.com\/casadecampoliving.com\/wp-content\/uploads\/2022\/10\/dsc_0020-9.jpg?resize=400%2C603&amp;ssl=1 400w, https:\/\/i0.wp.com\/casadecampoliving.com\/wp-content\/uploads\/2022\/10\/dsc_0020-9.jpg?resize=150%2C226&amp;ssl=1 150w, https:\/\/i0.wp.com\/casadecampoliving.com\/wp-content\/uploads\/2022\/10\/dsc_0020-9.jpg?w=370&amp;ssl=1 370w\" sizes=\"auto, (max-width: 531px) 100vw, 531px\" \/><\/figure>\n\n\n\n<figure class=\"wp-block-image size-large\"><img data-recalc-dims=\"1\" loading=\"lazy\" decoding=\"async\" width=\"695\" height=\"800\" data-id=\"480688\" src=\"https:\/\/i0.wp.com\/casadecampoliving.com\/wp-content\/uploads\/2022\/10\/dsc_0025-10.jpg?resize=695%2C800&#038;ssl=1\" alt=\"\" class=\"wp-image-480688\" srcset=\"https:\/\/i0.wp.com\/casadecampoliving.com\/wp-content\/uploads\/2022\/10\/dsc_0025-10.jpg?w=695&amp;ssl=1 695w, https:\/\/i0.wp.com\/casadecampoliving.com\/wp-content\/uploads\/2022\/10\/dsc_0025-10.jpg?resize=261%2C300&amp;ssl=1 261w, https:\/\/i0.wp.com\/casadecampoliving.com\/wp-content\/uploads\/2022\/10\/dsc_0025-10.jpg?resize=400%2C460&amp;ssl=1 400w, https:\/\/i0.wp.com\/casadecampoliving.com\/wp-content\/uploads\/2022\/10\/dsc_0025-10.jpg?resize=150%2C173&amp;ssl=1 150w, https:\/\/i0.wp.com\/casadecampoliving.com\/wp-content\/uploads\/2022\/10\/dsc_0025-10.jpg?w=370&amp;ssl=1 370w\" sizes=\"auto, (max-width: 695px) 100vw, 695px\" \/><\/figure>\n\n\n\n<figure class=\"wp-block-image size-large\"><img data-recalc-dims=\"1\" loading=\"lazy\" decoding=\"async\" width=\"800\" height=\"531\" data-id=\"480707\" src=\"https:\/\/i0.wp.com\/casadecampoliving.com\/wp-content\/uploads\/2022\/10\/dsc_0026-8.jpg?resize=800%2C531&#038;ssl=1\" alt=\"\" class=\"wp-image-480707\" srcset=\"https:\/\/i0.wp.com\/casadecampoliving.com\/wp-content\/uploads\/2022\/10\/dsc_0026-8.jpg?w=800&amp;ssl=1 800w, https:\/\/i0.wp.com\/casadecampoliving.com\/wp-content\/uploads\/2022\/10\/dsc_0026-8.jpg?resize=300%2C199&amp;ssl=1 300w, https:\/\/i0.wp.com\/casadecampoliving.com\/wp-content\/uploads\/2022\/10\/dsc_0026-8.jpg?resize=768%2C510&amp;ssl=1 768w, https:\/\/i0.wp.com\/casadecampoliving.com\/wp-content\/uploads\/2022\/10\/dsc_0026-8.jpg?resize=400%2C266&amp;ssl=1 400w, https:\/\/i0.wp.com\/casadecampoliving.com\/wp-content\/uploads\/2022\/10\/dsc_0026-8.jpg?resize=706%2C469&amp;ssl=1 706w, https:\/\/i0.wp.com\/casadecampoliving.com\/wp-content\/uploads\/2022\/10\/dsc_0026-8.jpg?resize=150%2C100&amp;ssl=1 150w, https:\/\/i0.wp.com\/casadecampoliving.com\/wp-content\/uploads\/2022\/10\/dsc_0026-8.jpg?w=370&amp;ssl=1 370w\" sizes=\"auto, (max-width: 800px) 100vw, 800px\" \/><\/figure>\n\n\n\n<figure class=\"wp-block-image size-large\"><img data-recalc-dims=\"1\" loading=\"lazy\" decoding=\"async\" width=\"800\" height=\"531\" data-id=\"480727\" src=\"https:\/\/i0.wp.com\/casadecampoliving.com\/wp-content\/uploads\/2022\/10\/dsc_0036-10.jpg?resize=800%2C531&#038;ssl=1\" alt=\"\" class=\"wp-image-480727\" srcset=\"https:\/\/i0.wp.com\/casadecampoliving.com\/wp-content\/uploads\/2022\/10\/dsc_0036-10.jpg?w=800&amp;ssl=1 800w, https:\/\/i0.wp.com\/casadecampoliving.com\/wp-content\/uploads\/2022\/10\/dsc_0036-10.jpg?resize=300%2C199&amp;ssl=1 300w, https:\/\/i0.wp.com\/casadecampoliving.com\/wp-content\/uploads\/2022\/10\/dsc_0036-10.jpg?resize=768%2C510&amp;ssl=1 768w, https:\/\/i0.wp.com\/casadecampoliving.com\/wp-content\/uploads\/2022\/10\/dsc_0036-10.jpg?resize=400%2C266&amp;ssl=1 400w, https:\/\/i0.wp.com\/casadecampoliving.com\/wp-content\/uploads\/2022\/10\/dsc_0036-10.jpg?resize=706%2C469&amp;ssl=1 706w, https:\/\/i0.wp.com\/casadecampoliving.com\/wp-content\/uploads\/2022\/10\/dsc_0036-10.jpg?resize=150%2C100&amp;ssl=1 150w, https:\/\/i0.wp.com\/casadecampoliving.com\/wp-content\/uploads\/2022\/10\/dsc_0036-10.jpg?w=370&amp;ssl=1 370w\" sizes=\"auto, (max-width: 800px) 100vw, 800px\" \/><\/figure>\n\n\n\n<figure class=\"wp-block-image size-large\"><img data-recalc-dims=\"1\" loading=\"lazy\" decoding=\"async\" width=\"800\" height=\"531\" data-id=\"480745\" src=\"https:\/\/i0.wp.com\/casadecampoliving.com\/wp-content\/uploads\/2022\/10\/dsc_0039-7.jpg?resize=800%2C531&#038;ssl=1\" alt=\"\" class=\"wp-image-480745\" srcset=\"https:\/\/i0.wp.com\/casadecampoliving.com\/wp-content\/uploads\/2022\/10\/dsc_0039-7.jpg?w=800&amp;ssl=1 800w, https:\/\/i0.wp.com\/casadecampoliving.com\/wp-content\/uploads\/2022\/10\/dsc_0039-7.jpg?resize=300%2C199&amp;ssl=1 300w, https:\/\/i0.wp.com\/casadecampoliving.com\/wp-content\/uploads\/2022\/10\/dsc_0039-7.jpg?resize=768%2C510&amp;ssl=1 768w, https:\/\/i0.wp.com\/casadecampoliving.com\/wp-content\/uploads\/2022\/10\/dsc_0039-7.jpg?resize=400%2C266&amp;ssl=1 400w, https:\/\/i0.wp.com\/casadecampoliving.com\/wp-content\/uploads\/2022\/10\/dsc_0039-7.jpg?resize=706%2C469&amp;ssl=1 706w, https:\/\/i0.wp.com\/casadecampoliving.com\/wp-content\/uploads\/2022\/10\/dsc_0039-7.jpg?resize=150%2C100&amp;ssl=1 150w, https:\/\/i0.wp.com\/casadecampoliving.com\/wp-content\/uploads\/2022\/10\/dsc_0039-7.jpg?w=370&amp;ssl=1 370w\" sizes=\"auto, (max-width: 800px) 100vw, 800px\" \/><\/figure>\n\n\n\n<figure class=\"wp-block-image size-large\"><img data-recalc-dims=\"1\" loading=\"lazy\" decoding=\"async\" width=\"531\" height=\"800\" data-id=\"480761\" src=\"https:\/\/i0.wp.com\/casadecampoliving.com\/wp-content\/uploads\/2022\/10\/dsc_0072-7.jpg?resize=531%2C800&#038;ssl=1\" alt=\"\" class=\"wp-image-480761\" srcset=\"https:\/\/i0.wp.com\/casadecampoliving.com\/wp-content\/uploads\/2022\/10\/dsc_0072-7.jpg?w=531&amp;ssl=1 531w, https:\/\/i0.wp.com\/casadecampoliving.com\/wp-content\/uploads\/2022\/10\/dsc_0072-7.jpg?resize=199%2C300&amp;ssl=1 199w, https:\/\/i0.wp.com\/casadecampoliving.com\/wp-content\/uploads\/2022\/10\/dsc_0072-7.jpg?resize=400%2C603&amp;ssl=1 400w, https:\/\/i0.wp.com\/casadecampoliving.com\/wp-content\/uploads\/2022\/10\/dsc_0072-7.jpg?resize=150%2C226&amp;ssl=1 150w, https:\/\/i0.wp.com\/casadecampoliving.com\/wp-content\/uploads\/2022\/10\/dsc_0072-7.jpg?w=370&amp;ssl=1 370w\" sizes=\"auto, (max-width: 531px) 100vw, 531px\" \/><\/figure>\n\n\n\n<figure class=\"wp-block-image size-large\"><img data-recalc-dims=\"1\" loading=\"lazy\" decoding=\"async\" width=\"800\" height=\"531\" data-id=\"480780\" src=\"https:\/\/i0.wp.com\/casadecampoliving.com\/wp-content\/uploads\/2022\/10\/dsc_0084-8.jpg?resize=800%2C531&#038;ssl=1\" alt=\"\" class=\"wp-image-480780\" srcset=\"https:\/\/i0.wp.com\/casadecampoliving.com\/wp-content\/uploads\/2022\/10\/dsc_0084-8.jpg?w=800&amp;ssl=1 800w, https:\/\/i0.wp.com\/casadecampoliving.com\/wp-content\/uploads\/2022\/10\/dsc_0084-8.jpg?resize=300%2C199&amp;ssl=1 300w, https:\/\/i0.wp.com\/casadecampoliving.com\/wp-content\/uploads\/2022\/10\/dsc_0084-8.jpg?resize=768%2C510&amp;ssl=1 768w, https:\/\/i0.wp.com\/casadecampoliving.com\/wp-content\/uploads\/2022\/10\/dsc_0084-8.jpg?resize=400%2C266&amp;ssl=1 400w, https:\/\/i0.wp.com\/casadecampoliving.com\/wp-content\/uploads\/2022\/10\/dsc_0084-8.jpg?resize=706%2C469&amp;ssl=1 706w, https:\/\/i0.wp.com\/casadecampoliving.com\/wp-content\/uploads\/2022\/10\/dsc_0084-8.jpg?resize=150%2C100&amp;ssl=1 150w, https:\/\/i0.wp.com\/casadecampoliving.com\/wp-content\/uploads\/2022\/10\/dsc_0084-8.jpg?w=370&amp;ssl=1 370w\" sizes=\"auto, (max-width: 800px) 100vw, 800px\" \/><\/figure>\n\n\n\n<figure class=\"wp-block-image size-large\"><img data-recalc-dims=\"1\" loading=\"lazy\" decoding=\"async\" width=\"800\" height=\"531\" data-id=\"480803\" src=\"https:\/\/i0.wp.com\/casadecampoliving.com\/wp-content\/uploads\/2022\/10\/dsc_0090-1.jpg?resize=800%2C531&#038;ssl=1\" alt=\"\" class=\"wp-image-480803\" srcset=\"https:\/\/i0.wp.com\/casadecampoliving.com\/wp-content\/uploads\/2022\/10\/dsc_0090-1.jpg?w=800&amp;ssl=1 800w, https:\/\/i0.wp.com\/casadecampoliving.com\/wp-content\/uploads\/2022\/10\/dsc_0090-1.jpg?resize=300%2C199&amp;ssl=1 300w, https:\/\/i0.wp.com\/casadecampoliving.com\/wp-content\/uploads\/2022\/10\/dsc_0090-1.jpg?resize=768%2C510&amp;ssl=1 768w, https:\/\/i0.wp.com\/casadecampoliving.com\/wp-content\/uploads\/2022\/10\/dsc_0090-1.jpg?resize=400%2C266&amp;ssl=1 400w, https:\/\/i0.wp.com\/casadecampoliving.com\/wp-content\/uploads\/2022\/10\/dsc_0090-1.jpg?resize=706%2C469&amp;ssl=1 706w, https:\/\/i0.wp.com\/casadecampoliving.com\/wp-content\/uploads\/2022\/10\/dsc_0090-1.jpg?resize=150%2C100&amp;ssl=1 150w, https:\/\/i0.wp.com\/casadecampoliving.com\/wp-content\/uploads\/2022\/10\/dsc_0090-1.jpg?w=370&amp;ssl=1 370w\" sizes=\"auto, (max-width: 800px) 100vw, 800px\" \/><\/figure>\n\n\n\n<figure class=\"wp-block-image size-large\"><img data-recalc-dims=\"1\" loading=\"lazy\" decoding=\"async\" width=\"800\" height=\"531\" data-id=\"480819\" src=\"https:\/\/i0.wp.com\/casadecampoliving.com\/wp-content\/uploads\/2022\/10\/dsc_0093-8.jpg?resize=800%2C531&#038;ssl=1\" alt=\"\" class=\"wp-image-480819\" srcset=\"https:\/\/i0.wp.com\/casadecampoliving.com\/wp-content\/uploads\/2022\/10\/dsc_0093-8.jpg?w=800&amp;ssl=1 800w, https:\/\/i0.wp.com\/casadecampoliving.com\/wp-content\/uploads\/2022\/10\/dsc_0093-8.jpg?resize=300%2C199&amp;ssl=1 300w, https:\/\/i0.wp.com\/casadecampoliving.com\/wp-content\/uploads\/2022\/10\/dsc_0093-8.jpg?resize=768%2C510&amp;ssl=1 768w, https:\/\/i0.wp.com\/casadecampoliving.com\/wp-content\/uploads\/2022\/10\/dsc_0093-8.jpg?resize=400%2C266&amp;ssl=1 400w, https:\/\/i0.wp.com\/casadecampoliving.com\/wp-content\/uploads\/2022\/10\/dsc_0093-8.jpg?resize=706%2C469&amp;ssl=1 706w, https:\/\/i0.wp.com\/casadecampoliving.com\/wp-content\/uploads\/2022\/10\/dsc_0093-8.jpg?resize=150%2C100&amp;ssl=1 150w, https:\/\/i0.wp.com\/casadecampoliving.com\/wp-content\/uploads\/2022\/10\/dsc_0093-8.jpg?w=370&amp;ssl=1 370w\" sizes=\"auto, (max-width: 800px) 100vw, 800px\" \/><\/figure>\n\n\n\n<figure class=\"wp-block-image size-large\"><img data-recalc-dims=\"1\" loading=\"lazy\" decoding=\"async\" width=\"800\" height=\"531\" data-id=\"480837\" src=\"https:\/\/i0.wp.com\/casadecampoliving.com\/wp-content\/uploads\/2022\/10\/dsc_0095-4.jpg?resize=800%2C531&#038;ssl=1\" alt=\"\" class=\"wp-image-480837\" srcset=\"https:\/\/i0.wp.com\/casadecampoliving.com\/wp-content\/uploads\/2022\/10\/dsc_0095-4.jpg?w=800&amp;ssl=1 800w, https:\/\/i0.wp.com\/casadecampoliving.com\/wp-content\/uploads\/2022\/10\/dsc_0095-4.jpg?resize=300%2C199&amp;ssl=1 300w, https:\/\/i0.wp.com\/casadecampoliving.com\/wp-content\/uploads\/2022\/10\/dsc_0095-4.jpg?resize=768%2C510&amp;ssl=1 768w, https:\/\/i0.wp.com\/casadecampoliving.com\/wp-content\/uploads\/2022\/10\/dsc_0095-4.jpg?resize=400%2C266&amp;ssl=1 400w, https:\/\/i0.wp.com\/casadecampoliving.com\/wp-content\/uploads\/2022\/10\/dsc_0095-4.jpg?resize=706%2C469&amp;ssl=1 706w, https:\/\/i0.wp.com\/casadecampoliving.com\/wp-content\/uploads\/2022\/10\/dsc_0095-4.jpg?resize=150%2C100&amp;ssl=1 150w, https:\/\/i0.wp.com\/casadecampoliving.com\/wp-content\/uploads\/2022\/10\/dsc_0095-4.jpg?w=370&amp;ssl=1 370w\" sizes=\"auto, (max-width: 800px) 100vw, 800px\" \/><\/figure>\n\n\n\n<figure class=\"wp-block-image size-large\"><img data-recalc-dims=\"1\" loading=\"lazy\" decoding=\"async\" width=\"800\" height=\"531\" data-id=\"480852\" src=\"https:\/\/i0.wp.com\/casadecampoliving.com\/wp-content\/uploads\/2022\/10\/dsc_0096-2.jpg?resize=800%2C531&#038;ssl=1\" alt=\"\" class=\"wp-image-480852\" srcset=\"https:\/\/i0.wp.com\/casadecampoliving.com\/wp-content\/uploads\/2022\/10\/dsc_0096-2.jpg?w=800&amp;ssl=1 800w, https:\/\/i0.wp.com\/casadecampoliving.com\/wp-content\/uploads\/2022\/10\/dsc_0096-2.jpg?resize=300%2C199&amp;ssl=1 300w, https:\/\/i0.wp.com\/casadecampoliving.com\/wp-content\/uploads\/2022\/10\/dsc_0096-2.jpg?resize=768%2C510&amp;ssl=1 768w, https:\/\/i0.wp.com\/casadecampoliving.com\/wp-content\/uploads\/2022\/10\/dsc_0096-2.jpg?resize=400%2C266&amp;ssl=1 400w, https:\/\/i0.wp.com\/casadecampoliving.com\/wp-content\/uploads\/2022\/10\/dsc_0096-2.jpg?resize=706%2C469&amp;ssl=1 706w, https:\/\/i0.wp.com\/casadecampoliving.com\/wp-content\/uploads\/2022\/10\/dsc_0096-2.jpg?resize=150%2C100&amp;ssl=1 150w, https:\/\/i0.wp.com\/casadecampoliving.com\/wp-content\/uploads\/2022\/10\/dsc_0096-2.jpg?w=370&amp;ssl=1 370w\" sizes=\"auto, (max-width: 800px) 100vw, 800px\" \/><\/figure>\n\n\n\n<figure class=\"wp-block-image size-large\"><img data-recalc-dims=\"1\" loading=\"lazy\" decoding=\"async\" width=\"531\" height=\"800\" data-id=\"480873\" src=\"https:\/\/i0.wp.com\/casadecampoliving.com\/wp-content\/uploads\/2022\/10\/dsc_0101-12.jpg?resize=531%2C800&#038;ssl=1\" alt=\"\" class=\"wp-image-480873\" srcset=\"https:\/\/i0.wp.com\/casadecampoliving.com\/wp-content\/uploads\/2022\/10\/dsc_0101-12.jpg?w=531&amp;ssl=1 531w, https:\/\/i0.wp.com\/casadecampoliving.com\/wp-content\/uploads\/2022\/10\/dsc_0101-12.jpg?resize=199%2C300&amp;ssl=1 199w, https:\/\/i0.wp.com\/casadecampoliving.com\/wp-content\/uploads\/2022\/10\/dsc_0101-12.jpg?resize=400%2C603&amp;ssl=1 400w, https:\/\/i0.wp.com\/casadecampoliving.com\/wp-content\/uploads\/2022\/10\/dsc_0101-12.jpg?resize=150%2C226&amp;ssl=1 150w, https:\/\/i0.wp.com\/casadecampoliving.com\/wp-content\/uploads\/2022\/10\/dsc_0101-12.jpg?w=370&amp;ssl=1 370w\" sizes=\"auto, (max-width: 531px) 100vw, 531px\" \/><\/figure>\n\n\n\n<figure class=\"wp-block-image size-large\"><img data-recalc-dims=\"1\" loading=\"lazy\" decoding=\"async\" width=\"531\" height=\"800\" data-id=\"480893\" src=\"https:\/\/i0.wp.com\/casadecampoliving.com\/wp-content\/uploads\/2022\/10\/dsc_0105-5.jpg?resize=531%2C800&#038;ssl=1\" alt=\"\" class=\"wp-image-480893\" srcset=\"https:\/\/i0.wp.com\/casadecampoliving.com\/wp-content\/uploads\/2022\/10\/dsc_0105-5.jpg?w=531&amp;ssl=1 531w, https:\/\/i0.wp.com\/casadecampoliving.com\/wp-content\/uploads\/2022\/10\/dsc_0105-5.jpg?resize=199%2C300&amp;ssl=1 199w, https:\/\/i0.wp.com\/casadecampoliving.com\/wp-content\/uploads\/2022\/10\/dsc_0105-5.jpg?resize=400%2C603&amp;ssl=1 400w, https:\/\/i0.wp.com\/casadecampoliving.com\/wp-content\/uploads\/2022\/10\/dsc_0105-5.jpg?resize=150%2C226&amp;ssl=1 150w, https:\/\/i0.wp.com\/casadecampoliving.com\/wp-content\/uploads\/2022\/10\/dsc_0105-5.jpg?w=370&amp;ssl=1 370w\" sizes=\"auto, (max-width: 531px) 100vw, 531px\" \/><\/figure>\n\n\n\n<figure class=\"wp-block-image size-large\"><img data-recalc-dims=\"1\" loading=\"lazy\" decoding=\"async\" width=\"531\" height=\"800\" data-id=\"480910\" src=\"https:\/\/i0.wp.com\/casadecampoliving.com\/wp-content\/uploads\/2022\/10\/dsc_0107-1.jpg?resize=531%2C800&#038;ssl=1\" alt=\"\" class=\"wp-image-480910\" srcset=\"https:\/\/i0.wp.com\/casadecampoliving.com\/wp-content\/uploads\/2022\/10\/dsc_0107-1.jpg?w=531&amp;ssl=1 531w, https:\/\/i0.wp.com\/casadecampoliving.com\/wp-content\/uploads\/2022\/10\/dsc_0107-1.jpg?resize=199%2C300&amp;ssl=1 199w, https:\/\/i0.wp.com\/casadecampoliving.com\/wp-content\/uploads\/2022\/10\/dsc_0107-1.jpg?resize=400%2C603&amp;ssl=1 400w, https:\/\/i0.wp.com\/casadecampoliving.com\/wp-content\/uploads\/2022\/10\/dsc_0107-1.jpg?resize=150%2C226&amp;ssl=1 150w, https:\/\/i0.wp.com\/casadecampoliving.com\/wp-content\/uploads\/2022\/10\/dsc_0107-1.jpg?w=370&amp;ssl=1 370w\" sizes=\"auto, (max-width: 531px) 100vw, 531px\" \/><\/figure>\n\n\n\n<figure class=\"wp-block-image size-large\"><img data-recalc-dims=\"1\" loading=\"lazy\" decoding=\"async\" width=\"800\" height=\"531\" data-id=\"480934\" src=\"https:\/\/i0.wp.com\/casadecampoliving.com\/wp-content\/uploads\/2022\/10\/leandro-cruz-vicepresidente-ventas-casa-de-campo.jpg?resize=800%2C531&#038;ssl=1\" alt=\"\" class=\"wp-image-480934\" srcset=\"https:\/\/i0.wp.com\/casadecampoliving.com\/wp-content\/uploads\/2022\/10\/leandro-cruz-vicepresidente-ventas-casa-de-campo.jpg?w=800&amp;ssl=1 800w, https:\/\/i0.wp.com\/casadecampoliving.com\/wp-content\/uploads\/2022\/10\/leandro-cruz-vicepresidente-ventas-casa-de-campo.jpg?resize=300%2C199&amp;ssl=1 300w, https:\/\/i0.wp.com\/casadecampoliving.com\/wp-content\/uploads\/2022\/10\/leandro-cruz-vicepresidente-ventas-casa-de-campo.jpg?resize=768%2C510&amp;ssl=1 768w, https:\/\/i0.wp.com\/casadecampoliving.com\/wp-content\/uploads\/2022\/10\/leandro-cruz-vicepresidente-ventas-casa-de-campo.jpg?resize=400%2C266&amp;ssl=1 400w, https:\/\/i0.wp.com\/casadecampoliving.com\/wp-content\/uploads\/2022\/10\/leandro-cruz-vicepresidente-ventas-casa-de-campo.jpg?resize=706%2C469&amp;ssl=1 706w, https:\/\/i0.wp.com\/casadecampoliving.com\/wp-content\/uploads\/2022\/10\/leandro-cruz-vicepresidente-ventas-casa-de-campo.jpg?resize=150%2C100&amp;ssl=1 150w, https:\/\/i0.wp.com\/casadecampoliving.com\/wp-content\/uploads\/2022\/10\/leandro-cruz-vicepresidente-ventas-casa-de-campo.jpg?w=370&amp;ssl=1 370w\" sizes=\"auto, (max-width: 800px) 100vw, 800px\" \/><\/figure>\n\n\n\n<figure class=\"wp-block-image size-large\"><img data-recalc-dims=\"1\" loading=\"lazy\" decoding=\"async\" width=\"800\" height=\"558\" data-id=\"480954\" src=\"https:\/\/i0.wp.com\/casadecampoliving.com\/wp-content\/uploads\/2022\/10\/rafael-torres-presidente-casa-de-campo.jpg?resize=800%2C558&#038;ssl=1\" alt=\"\" class=\"wp-image-480954\" srcset=\"https:\/\/i0.wp.com\/casadecampoliving.com\/wp-content\/uploads\/2022\/10\/rafael-torres-presidente-casa-de-campo.jpg?w=800&amp;ssl=1 800w, https:\/\/i0.wp.com\/casadecampoliving.com\/wp-content\/uploads\/2022\/10\/rafael-torres-presidente-casa-de-campo.jpg?resize=300%2C209&amp;ssl=1 300w, https:\/\/i0.wp.com\/casadecampoliving.com\/wp-content\/uploads\/2022\/10\/rafael-torres-presidente-casa-de-campo.jpg?resize=768%2C536&amp;ssl=1 768w, https:\/\/i0.wp.com\/casadecampoliving.com\/wp-content\/uploads\/2022\/10\/rafael-torres-presidente-casa-de-campo.jpg?resize=400%2C279&amp;ssl=1 400w, https:\/\/i0.wp.com\/casadecampoliving.com\/wp-content\/uploads\/2022\/10\/rafael-torres-presidente-casa-de-campo.jpg?resize=706%2C492&amp;ssl=1 706w, https:\/\/i0.wp.com\/casadecampoliving.com\/wp-content\/uploads\/2022\/10\/rafael-torres-presidente-casa-de-campo.jpg?resize=150%2C105&amp;ssl=1 150w, https:\/\/i0.wp.com\/casadecampoliving.com\/wp-content\/uploads\/2022\/10\/rafael-torres-presidente-casa-de-campo.jpg?w=370&amp;ssl=1 370w\" sizes=\"auto, (max-width: 800px) 100vw, 800px\" \/><\/figure>\n<\/figure>\n<\/strong><\/p>\n\u00a1A continuaci\u00f3n les traemos m\u00e1s detalles de los pr\u00f3ximos eventos, de los cuales estoy seguro est\u00e1n intrigados por conocer! Tan pronto tengamos m\u00e1s informaciones les haremos saber.\n<h3>El torneo de golf Casa de Campo Dominican Republic Open<\/h3>\nEste torneo, parte del PGATOUR Latinoam\u00e9rica, ser\u00e1 jugado en el Teeth of the Dog, en Casa de Campo, del 1ro al 7 de junio, con la participaci\u00f3n de m\u00e1s de 140 jugadores profesionales latinoamericanos. Como parte de este evento habr\u00e1 un torneo ProAm, el cual se jugar\u00e1 el mi\u00e9rcules 3 de junio, <a href=\"https:\/\/casadecampoliving.com\/es\/casa-de-campo-dr-open-proam-en-teeth-of-the-dog\/\">haga click aqu\u00ed para m\u00e1s detalles.<\/a>\n\n<strong>Fecha:<\/strong> 1ro &#8211; 7 de junio\n<strong>Ubicaci\u00f3n:<\/strong> Teeth of the Dog\n<h3>Juan Luis Guerra en concierto<\/h3>\n\u00a1Present\u00e1ndose a beneficio de la Fundaci\u00f3n Juan Luis Guerra, esta leyenda dominicana vuelve a las piedras de Altos de Chav\u00f3n por primera vez en 15 a\u00f1os!\n\n<strong>Fecha:<\/strong> S\u00e1bado 27 de Junio, 8:30 P.M.\n<strong>Ubicaci\u00f3n:<\/strong> Anfiteatro de Altos de Chav\u00f3n\n<strong>Tickets:<\/strong>\n<strong>Entrada General:<\/strong> RD$3,210 \/ US$72\n<strong>VIP:<\/strong> RD$7,490 \/ US$167\n<strong>Special Guest:<\/strong> RD$15,750 \/ US$350\n<h3>Campamento de f\u00fatbol de la FCBEscola<\/h3>\nEl f\u00fatbol con la FCBEscola es la nueva adici\u00f3n a la \u201cThe Sporting Life\u201d de Casa de Campo. Los ni\u00f1os no s\u00f3lo mejorar\u00e1n sus habilidades y t\u00e9cnica, sino que tambi\u00e9n se les inculcaran los valores del \u201cBar\u00e7a\u201d (Barcelona Football Club); tolerancia, respeto, solidaridad, compa\u00f1erismo, ciudadan\u00eda, integraci\u00f3n y felicidad.\n\n<strong>Fecha:<\/strong> 1 week camps between June 29th and August 7th\n<strong>Horarios:<\/strong> Lunes &#8211; Viernes, 9am &#8211; 5pm\n<strong>Edades:<\/strong> 6-17 a\u00f1os\n<strong>Contacto:<\/strong> (809) 523-2080, <a href=\"mailto:d.tifa@ccampo.com.do\">d.tifa@ccampo.com.do<\/a>\n<h3>Food &amp; Wine festival<\/h3>\nEste evento de 3 d\u00edas, del 21 al 23 de agosto, est\u00e1 dise\u00f1ado para lanzar Casa de Campo como un destino l\u00edder en gastronom\u00eda en el caribe. Aunque los detalles oficiales a\u00fan no han sido anunciados, el evento incluir\u00e1 un c\u00f3ctel inaugural en la Plaza Portofino en la Marina Casa de Campo, adem\u00e1s de maridaje de vinos con la comida, una cata de cerveza y alcohol, y un taller de cocteler\u00eda. Adem\u00e1s, durante el Festival de Comida y Vino, todos los restaurantes de Casa de Campo ofrecer\u00e1n un men\u00fa especial de acuerdo al festival.\n\n<strong>Fecha:<\/strong> 21 &#8211; 23 de agosto\n<strong>Ubicaci\u00f3n:<\/strong> Casa de Campo\n<h3>El torneo Internacional de tenis de Casa de Campo<\/h3>\nEste a\u00f1o, celebrando su 38o edici\u00f3n, el torneo ser\u00e1 celebrado en memoria de Enzo Mastrolilli, fundador del evento en 1977, quien falleci\u00f3 el a\u00f1o pasado.\n\n<strong>Fecha:<\/strong> 3 &#8211; 6 de septiembre\n<strong>Ubicaci\u00f3n:<\/strong> La Terraza Tennis Club, Casa de Campo\n<h3>Un fin de semana m\u00e1gico en Casa de Campo con Salvatore Ferragamo<\/h3>\nAunque a\u00fan falta anunciar el definido programa sido dise\u00f1ado para este evento, la celebraci\u00f3n incluir\u00e1 maridaje de vinos y comida, un show de moda de hombres y mujeres por Salvatore Ferragamo y un torneo de golf.\n\n<strong>Fecha:<\/strong>\u00a04 al 7 de septiembre\n<strong>Ubicaci\u00f3n:<\/strong> Casa de Campo","protected":false},"excerpt":{"rendered":"<p>Durante una fiesta de c\u00f3ctel celebrada en JW Marriott de Santo Domingo, el resort Casa de Campo anunci\u00f3 un gran n\u00famero de proyectos, especiales y eventos muy emocionantes<\/p>\n","protected":false},"author":1097,"featured_media":303251,"comment_status":"closed","ping_status":"closed","sticky":false,"template":"","format":"standard","meta":{"newspack_ads_suppress_ads":false,"newspack_popups_has_disabled_popups":false,"newspack_sponsor_sponsorship_scope":"","newspack_sponsor_native_byline_display":"inherit","newspack_sponsor_native_category_display":"inherit","newspack_sponsor_underwriter_style":"inherit","newspack_sponsor_underwriter_placement":"inherit","_newspack_byline_active":false,"_newspack_byline":"","newspack_hide_updated_date":false,"newspack_show_updated_date":false,"newspack_content_restriction_is_exempt":false,"newspack_featured_image_position":"","newspack_post_subtitle":"","newspack_article_summary_title":"Overview:","newspack_article_summary":"","_jetpack_memberships_contains_paid_content":false,"footnotes":"","jetpack_publicize_message":"","jetpack_publicize_feature_enabled":true,"jetpack_social_post_already_shared":false,"jetpack_social_options":{"image_generator_settings":{"template":"highway","default_image_id":0,"font":"","enabled":false},"version":2},"_wpas_customize_per_network":false},"categories":[2506,26936,26951,2521,2522,2526,14631,14625,26822,14627],"tags":[23815,3626,6371,12216,10711],"newspack_spnsrs_tax":[],"class_list":["post-347476","post","type-post","status-publish","format-standard","has-post-thumbnail","hentry","category-mas-alla-de-casa-es","category-casa-de-campo-living-es","category-ccl-presenta","category-republica-dominicana-2","category-eventos-es","category-titulares-es","category-estilo-de-vida","category-noticias-locales","category-resort-casa-de-campo","category-proximamente","tag-casa-de-campo-es-17","tag-casa-de-campo-es","tag-casa-de-campo-resort-es","tag-jw-marriott-es","tag-rafael-torres-es","entry"],"yoast_head":"<!-- This site is optimized with the Yoast SEO plugin v27.5 - https:\/\/yoast.com\/product\/yoast-seo-wordpress\/ -->\n<title>\u00a1Desfile de moda Ferragamo, Food &amp; Wine festival y mucho m\u00e1s! | Casa de Campo Living<\/title>\n<meta name=\"description\" content=\"Durante una fiesta de c\u00f3ctel celebrada en JW Marriott de Santo Domingo, el resort Casa de Campo anunci\u00f3 un gran n\u00famero de proyectos, especiales y eventos\" \/>\n<meta name=\"robots\" content=\"index, follow, max-snippet:-1, max-image-preview:large, max-video-preview:-1\" \/>\n<link rel=\"canonical\" href=\"https:\/\/casadecampoliving.com\/es\/casa-de-campo-desfile-moda-ferragamo-food-wine-festival\/\" \/>\n<meta property=\"og:locale\" content=\"es_ES\" \/>\n<meta property=\"og:type\" content=\"article\" \/>\n<meta property=\"og:title\" content=\"\u00a1Desfile de moda Ferragamo, Food &amp; Wine festival y mucho m\u00e1s! | Casa de Campo Living\" \/>\n<meta property=\"og:description\" content=\"Durante una fiesta de c\u00f3ctel celebrada en JW Marriott de Santo Domingo, el resort Casa de Campo anunci\u00f3 un gran n\u00famero de proyectos, especiales y eventos\" \/>\n<meta property=\"og:url\" content=\"https:\/\/casadecampoliving.com\/es\/casa-de-campo-desfile-moda-ferragamo-food-wine-festival\/\" \/>\n<meta property=\"og:site_name\" content=\"Casa de Campo Living\" \/>\n<meta property=\"article:publisher\" content=\"https:\/\/www.facebook.com\/casadecampoliving\" \/>\n<meta property=\"article:published_time\" content=\"2015-05-30T04:00:00+00:00\" \/>\n<meta property=\"article:modified_time\" content=\"2022-11-10T14:45:04+00:00\" \/>\n<meta property=\"og:image\" content=\"https:\/\/i0.wp.com\/casadecampoliving.com\/wp-content\/uploads\/2022\/10\/Steak-tartar-Casa_de_Campo-1.jpg?fit=1200%2C792&ssl=1\" \/>\n\t<meta property=\"og:image:width\" content=\"1200\" \/>\n\t<meta property=\"og:image:height\" content=\"792\" \/>\n\t<meta property=\"og:image:type\" content=\"image\/jpeg\" \/>\n<meta name=\"author\" content=\"Perkin Agramonte\" \/>\n<meta name=\"twitter:card\" content=\"summary_large_image\" \/>\n<meta name=\"twitter:creator\" content=\"@cdcliving\" \/>\n<meta name=\"twitter:site\" content=\"@cdcliving\" \/>\n<meta name=\"twitter:label1\" content=\"Escrito por\" \/>\n\t<meta name=\"twitter:data1\" content=\"Perkin Agramonte\" \/>\n\t<meta name=\"twitter:label2\" content=\"Tiempo de lectura\" \/>\n\t<meta name=\"twitter:data2\" content=\"4 minutos\" \/>\n<script type=\"application\/ld+json\" class=\"yoast-schema-graph\">{\"@context\":\"https:\\\/\\\/schema.org\",\"@graph\":[{\"@type\":\"Article\",\"@id\":\"https:\\\/\\\/casadecampoliving.com\\\/es\\\/casa-de-campo-desfile-moda-ferragamo-food-wine-festival\\\/#article\",\"isPartOf\":{\"@id\":\"https:\\\/\\\/casadecampoliving.com\\\/es\\\/casa-de-campo-desfile-moda-ferragamo-food-wine-festival\\\/\"},\"author\":{\"name\":\"Perkin Agramonte\",\"@id\":\"https:\\\/\\\/casadecampoliving.com\\\/es\\\/#\\\/schema\\\/person\\\/c8efa6049510554b7d5fea078d728f72\"},\"headline\":\"\u00a1Desfile de moda Ferragamo, Food &#038; Wine festival y mucho m\u00e1s!\",\"datePublished\":\"2015-05-30T04:00:00+00:00\",\"dateModified\":\"2022-11-10T14:45:04+00:00\",\"mainEntityOfPage\":{\"@id\":\"https:\\\/\\\/casadecampoliving.com\\\/es\\\/casa-de-campo-desfile-moda-ferragamo-food-wine-festival\\\/\"},\"wordCount\":782,\"publisher\":{\"@id\":\"https:\\\/\\\/casadecampoliving.com\\\/es\\\/#organization\"},\"image\":{\"@id\":\"https:\\\/\\\/casadecampoliving.com\\\/es\\\/casa-de-campo-desfile-moda-ferragamo-food-wine-festival\\\/#primaryimage\"},\"thumbnailUrl\":\"https:\\\/\\\/i0.wp.com\\\/casadecampoliving.com\\\/wp-content\\\/uploads\\\/2022\\\/10\\\/Steak-tartar-Casa_de_Campo-1.jpg?fit=1200%2C792&ssl=1\",\"keywords\":[\"Casa de Campo\",\"casa de campo @es\",\"casa de campo resort @es\",\"JW Marriott @es\",\"Rafael Torres @es\"],\"articleSection\":[\"M\u00e1s all\u00e1 de Casa\",\"Casa de Campo Living @es\",\"CCL presenta\",\"Rep\u00fablica Dominicana @es\",\"Eventos\",\"Titulares\",\"Estilo de Vida\",\"Noticias Locales\",\"Resort Casa de Campo\",\"Proximamente\"],\"inLanguage\":\"es\"},{\"@type\":\"WebPage\",\"@id\":\"https:\\\/\\\/casadecampoliving.com\\\/es\\\/casa-de-campo-desfile-moda-ferragamo-food-wine-festival\\\/\",\"url\":\"https:\\\/\\\/casadecampoliving.com\\\/es\\\/casa-de-campo-desfile-moda-ferragamo-food-wine-festival\\\/\",\"name\":\"\u00a1Desfile de moda Ferragamo, Food & Wine festival y mucho m\u00e1s! | Casa de Campo Living\",\"isPartOf\":{\"@id\":\"https:\\\/\\\/casadecampoliving.com\\\/es\\\/#website\"},\"primaryImageOfPage\":{\"@id\":\"https:\\\/\\\/casadecampoliving.com\\\/es\\\/casa-de-campo-desfile-moda-ferragamo-food-wine-festival\\\/#primaryimage\"},\"image\":{\"@id\":\"https:\\\/\\\/casadecampoliving.com\\\/es\\\/casa-de-campo-desfile-moda-ferragamo-food-wine-festival\\\/#primaryimage\"},\"thumbnailUrl\":\"https:\\\/\\\/i0.wp.com\\\/casadecampoliving.com\\\/wp-content\\\/uploads\\\/2022\\\/10\\\/Steak-tartar-Casa_de_Campo-1.jpg?fit=1200%2C792&ssl=1\",\"datePublished\":\"2015-05-30T04:00:00+00:00\",\"dateModified\":\"2022-11-10T14:45:04+00:00\",\"description\":\"Durante una fiesta de c\u00f3ctel celebrada en JW Marriott de Santo Domingo, el resort Casa de Campo anunci\u00f3 un gran n\u00famero de proyectos, especiales y eventos\",\"breadcrumb\":{\"@id\":\"https:\\\/\\\/casadecampoliving.com\\\/es\\\/casa-de-campo-desfile-moda-ferragamo-food-wine-festival\\\/#breadcrumb\"},\"inLanguage\":\"es\",\"potentialAction\":[{\"@type\":\"ReadAction\",\"target\":[\"https:\\\/\\\/casadecampoliving.com\\\/es\\\/casa-de-campo-desfile-moda-ferragamo-food-wine-festival\\\/\"]}]},{\"@type\":\"ImageObject\",\"inLanguage\":\"es\",\"@id\":\"https:\\\/\\\/casadecampoliving.com\\\/es\\\/casa-de-campo-desfile-moda-ferragamo-food-wine-festival\\\/#primaryimage\",\"url\":\"https:\\\/\\\/i0.wp.com\\\/casadecampoliving.com\\\/wp-content\\\/uploads\\\/2022\\\/10\\\/Steak-tartar-Casa_de_Campo-1.jpg?fit=1200%2C792&ssl=1\",\"contentUrl\":\"https:\\\/\\\/i0.wp.com\\\/casadecampoliving.com\\\/wp-content\\\/uploads\\\/2022\\\/10\\\/Steak-tartar-Casa_de_Campo-1.jpg?fit=1200%2C792&ssl=1\",\"width\":1200,\"height\":792,\"caption\":\"Steak tartar, Casa de Campo\"},{\"@type\":\"BreadcrumbList\",\"@id\":\"https:\\\/\\\/casadecampoliving.com\\\/es\\\/casa-de-campo-desfile-moda-ferragamo-food-wine-festival\\\/#breadcrumb\",\"itemListElement\":[{\"@type\":\"ListItem\",\"position\":1,\"name\":\"Home\",\"item\":\"https:\\\/\\\/casadecampoliving.com\\\/es\\\/\"},{\"@type\":\"ListItem\",\"position\":2,\"name\":\"\u00a1Desfile de moda Ferragamo, Food &#038; Wine festival y mucho m\u00e1s!\"}]},{\"@type\":\"WebSite\",\"@id\":\"https:\\\/\\\/casadecampoliving.com\\\/es\\\/#website\",\"url\":\"https:\\\/\\\/casadecampoliving.com\\\/es\\\/\",\"name\":\"Casa de Campo Living\",\"description\":\"Resort community news and resources.\",\"publisher\":{\"@id\":\"https:\\\/\\\/casadecampoliving.com\\\/es\\\/#organization\"},\"potentialAction\":[{\"@type\":\"SearchAction\",\"target\":{\"@type\":\"EntryPoint\",\"urlTemplate\":\"https:\\\/\\\/casadecampoliving.com\\\/es\\\/?s={search_term_string}\"},\"query-input\":{\"@type\":\"PropertyValueSpecification\",\"valueRequired\":true,\"valueName\":\"search_term_string\"}}],\"inLanguage\":\"es\"},{\"@type\":\"Organization\",\"@id\":\"https:\\\/\\\/casadecampoliving.com\\\/es\\\/#organization\",\"name\":\"Casa de Campo Living\",\"url\":\"https:\\\/\\\/casadecampoliving.com\\\/es\\\/\",\"logo\":{\"@type\":\"ImageObject\",\"inLanguage\":\"es\",\"@id\":\"https:\\\/\\\/casadecampoliving.com\\\/es\\\/#\\\/schema\\\/logo\\\/image\\\/\",\"url\":\"https:\\\/\\\/i0.wp.com\\\/casadecampoliving.com\\\/wp-content\\\/uploads\\\/2022\\\/07\\\/CDCLivingLogo_V1-white-sized.png?fit=800%2C214&ssl=1\",\"contentUrl\":\"https:\\\/\\\/i0.wp.com\\\/casadecampoliving.com\\\/wp-content\\\/uploads\\\/2022\\\/07\\\/CDCLivingLogo_V1-white-sized.png?fit=800%2C214&ssl=1\",\"width\":800,\"height\":214,\"caption\":\"Casa de Campo Living\"},\"image\":{\"@id\":\"https:\\\/\\\/casadecampoliving.com\\\/es\\\/#\\\/schema\\\/logo\\\/image\\\/\"},\"sameAs\":[\"https:\\\/\\\/www.facebook.com\\\/casadecampoliving\",\"https:\\\/\\\/x.com\\\/cdcliving\"]},{\"@type\":\"Person\",\"@id\":\"https:\\\/\\\/casadecampoliving.com\\\/es\\\/#\\\/schema\\\/person\\\/c8efa6049510554b7d5fea078d728f72\",\"name\":\"Perkin Agramonte\",\"image\":{\"@type\":\"ImageObject\",\"inLanguage\":\"es\",\"@id\":\"https:\\\/\\\/secure.gravatar.com\\\/avatar\\\/57bfdafcae55fb83dbb79a1585a9eab7f269b7720fb0b64cb9a4e0cd2962fa10?s=96&d=mm&r=g\",\"url\":\"https:\\\/\\\/secure.gravatar.com\\\/avatar\\\/57bfdafcae55fb83dbb79a1585a9eab7f269b7720fb0b64cb9a4e0cd2962fa10?s=96&d=mm&r=g\",\"contentUrl\":\"https:\\\/\\\/secure.gravatar.com\\\/avatar\\\/57bfdafcae55fb83dbb79a1585a9eab7f269b7720fb0b64cb9a4e0cd2962fa10?s=96&d=mm&r=g\",\"caption\":\"Perkin Agramonte\"},\"url\":\"https:\\\/\\\/casadecampoliving.com\\\/es\\\/author\\\/cagramonte\\\/\"}]}<\/script>\n<!-- \/ Yoast SEO plugin. -->","yoast_head_json":{"title":"\u00a1Desfile de moda Ferragamo, Food & Wine festival y mucho m\u00e1s! | Casa de Campo Living","description":"Durante una fiesta de c\u00f3ctel celebrada en JW Marriott de Santo Domingo, el resort Casa de Campo anunci\u00f3 un gran n\u00famero de proyectos, especiales y eventos","robots":{"index":"index","follow":"follow","max-snippet":"max-snippet:-1","max-image-preview":"max-image-preview:large","max-video-preview":"max-video-preview:-1"},"canonical":"https:\/\/casadecampoliving.com\/es\/casa-de-campo-desfile-moda-ferragamo-food-wine-festival\/","og_locale":"es_ES","og_type":"article","og_title":"\u00a1Desfile de moda Ferragamo, Food & Wine festival y mucho m\u00e1s! | Casa de Campo Living","og_description":"Durante una fiesta de c\u00f3ctel celebrada en JW Marriott de Santo Domingo, el resort Casa de Campo anunci\u00f3 un gran n\u00famero de proyectos, especiales y eventos","og_url":"https:\/\/casadecampoliving.com\/es\/casa-de-campo-desfile-moda-ferragamo-food-wine-festival\/","og_site_name":"Casa de Campo Living","article_publisher":"https:\/\/www.facebook.com\/casadecampoliving","article_published_time":"2015-05-30T04:00:00+00:00","article_modified_time":"2022-11-10T14:45:04+00:00","og_image":[{"width":1200,"height":792,"url":"https:\/\/i0.wp.com\/casadecampoliving.com\/wp-content\/uploads\/2022\/10\/Steak-tartar-Casa_de_Campo-1.jpg?fit=1200%2C792&ssl=1","type":"image\/jpeg"}],"author":"Perkin Agramonte","twitter_card":"summary_large_image","twitter_creator":"@cdcliving","twitter_site":"@cdcliving","twitter_misc":{"Escrito por":"Perkin Agramonte","Tiempo de lectura":"4 minutos"},"schema":{"@context":"https:\/\/schema.org","@graph":[{"@type":"Article","@id":"https:\/\/casadecampoliving.com\/es\/casa-de-campo-desfile-moda-ferragamo-food-wine-festival\/#article","isPartOf":{"@id":"https:\/\/casadecampoliving.com\/es\/casa-de-campo-desfile-moda-ferragamo-food-wine-festival\/"},"author":{"name":"Perkin Agramonte","@id":"https:\/\/casadecampoliving.com\/es\/#\/schema\/person\/c8efa6049510554b7d5fea078d728f72"},"headline":"\u00a1Desfile de moda Ferragamo, Food &#038; Wine festival y mucho m\u00e1s!","datePublished":"2015-05-30T04:00:00+00:00","dateModified":"2022-11-10T14:45:04+00:00","mainEntityOfPage":{"@id":"https:\/\/casadecampoliving.com\/es\/casa-de-campo-desfile-moda-ferragamo-food-wine-festival\/"},"wordCount":782,"publisher":{"@id":"https:\/\/casadecampoliving.com\/es\/#organization"},"image":{"@id":"https:\/\/casadecampoliving.com\/es\/casa-de-campo-desfile-moda-ferragamo-food-wine-festival\/#primaryimage"},"thumbnailUrl":"https:\/\/i0.wp.com\/casadecampoliving.com\/wp-content\/uploads\/2022\/10\/Steak-tartar-Casa_de_Campo-1.jpg?fit=1200%2C792&ssl=1","keywords":["Casa de Campo","casa de campo @es","casa de campo resort @es","JW Marriott @es","Rafael Torres @es"],"articleSection":["M\u00e1s all\u00e1 de Casa","Casa de Campo Living @es","CCL presenta","Rep\u00fablica Dominicana @es","Eventos","Titulares","Estilo de Vida","Noticias Locales","Resort Casa de Campo","Proximamente"],"inLanguage":"es"},{"@type":"WebPage","@id":"https:\/\/casadecampoliving.com\/es\/casa-de-campo-desfile-moda-ferragamo-food-wine-festival\/","url":"https:\/\/casadecampoliving.com\/es\/casa-de-campo-desfile-moda-ferragamo-food-wine-festival\/","name":"\u00a1Desfile de moda Ferragamo, Food & Wine festival y mucho m\u00e1s! | Casa de Campo Living","isPartOf":{"@id":"https:\/\/casadecampoliving.com\/es\/#website"},"primaryImageOfPage":{"@id":"https:\/\/casadecampoliving.com\/es\/casa-de-campo-desfile-moda-ferragamo-food-wine-festival\/#primaryimage"},"image":{"@id":"https:\/\/casadecampoliving.com\/es\/casa-de-campo-desfile-moda-ferragamo-food-wine-festival\/#primaryimage"},"thumbnailUrl":"https:\/\/i0.wp.com\/casadecampoliving.com\/wp-content\/uploads\/2022\/10\/Steak-tartar-Casa_de_Campo-1.jpg?fit=1200%2C792&ssl=1","datePublished":"2015-05-30T04:00:00+00:00","dateModified":"2022-11-10T14:45:04+00:00","description":"Durante una fiesta de c\u00f3ctel celebrada en JW Marriott de Santo Domingo, el resort Casa de Campo anunci\u00f3 un gran n\u00famero de proyectos, especiales y eventos","breadcrumb":{"@id":"https:\/\/casadecampoliving.com\/es\/casa-de-campo-desfile-moda-ferragamo-food-wine-festival\/#breadcrumb"},"inLanguage":"es","potentialAction":[{"@type":"ReadAction","target":["https:\/\/casadecampoliving.com\/es\/casa-de-campo-desfile-moda-ferragamo-food-wine-festival\/"]}]},{"@type":"ImageObject","inLanguage":"es","@id":"https:\/\/casadecampoliving.com\/es\/casa-de-campo-desfile-moda-ferragamo-food-wine-festival\/#primaryimage","url":"https:\/\/i0.wp.com\/casadecampoliving.com\/wp-content\/uploads\/2022\/10\/Steak-tartar-Casa_de_Campo-1.jpg?fit=1200%2C792&ssl=1","contentUrl":"https:\/\/i0.wp.com\/casadecampoliving.com\/wp-content\/uploads\/2022\/10\/Steak-tartar-Casa_de_Campo-1.jpg?fit=1200%2C792&ssl=1","width":1200,"height":792,"caption":"Steak tartar, Casa de Campo"},{"@type":"BreadcrumbList","@id":"https:\/\/casadecampoliving.com\/es\/casa-de-campo-desfile-moda-ferragamo-food-wine-festival\/#breadcrumb","itemListElement":[{"@type":"ListItem","position":1,"name":"Home","item":"https:\/\/casadecampoliving.com\/es\/"},{"@type":"ListItem","position":2,"name":"\u00a1Desfile de moda Ferragamo, Food &#038; Wine festival y mucho m\u00e1s!"}]},{"@type":"WebSite","@id":"https:\/\/casadecampoliving.com\/es\/#website","url":"https:\/\/casadecampoliving.com\/es\/","name":"Casa de Campo Living","description":"Resort community news and resources.","publisher":{"@id":"https:\/\/casadecampoliving.com\/es\/#organization"},"potentialAction":[{"@type":"SearchAction","target":{"@type":"EntryPoint","urlTemplate":"https:\/\/casadecampoliving.com\/es\/?s={search_term_string}"},"query-input":{"@type":"PropertyValueSpecification","valueRequired":true,"valueName":"search_term_string"}}],"inLanguage":"es"},{"@type":"Organization","@id":"https:\/\/casadecampoliving.com\/es\/#organization","name":"Casa de Campo Living","url":"https:\/\/casadecampoliving.com\/es\/","logo":{"@type":"ImageObject","inLanguage":"es","@id":"https:\/\/casadecampoliving.com\/es\/#\/schema\/logo\/image\/","url":"https:\/\/i0.wp.com\/casadecampoliving.com\/wp-content\/uploads\/2022\/07\/CDCLivingLogo_V1-white-sized.png?fit=800%2C214&ssl=1","contentUrl":"https:\/\/i0.wp.com\/casadecampoliving.com\/wp-content\/uploads\/2022\/07\/CDCLivingLogo_V1-white-sized.png?fit=800%2C214&ssl=1","width":800,"height":214,"caption":"Casa de Campo Living"},"image":{"@id":"https:\/\/casadecampoliving.com\/es\/#\/schema\/logo\/image\/"},"sameAs":["https:\/\/www.facebook.com\/casadecampoliving","https:\/\/x.com\/cdcliving"]},{"@type":"Person","@id":"https:\/\/casadecampoliving.com\/es\/#\/schema\/person\/c8efa6049510554b7d5fea078d728f72","name":"Perkin Agramonte","image":{"@type":"ImageObject","inLanguage":"es","@id":"https:\/\/secure.gravatar.com\/avatar\/57bfdafcae55fb83dbb79a1585a9eab7f269b7720fb0b64cb9a4e0cd2962fa10?s=96&d=mm&r=g","url":"https:\/\/secure.gravatar.com\/avatar\/57bfdafcae55fb83dbb79a1585a9eab7f269b7720fb0b64cb9a4e0cd2962fa10?s=96&d=mm&r=g","contentUrl":"https:\/\/secure.gravatar.com\/avatar\/57bfdafcae55fb83dbb79a1585a9eab7f269b7720fb0b64cb9a4e0cd2962fa10?s=96&d=mm&r=g","caption":"Perkin Agramonte"},"url":"https:\/\/casadecampoliving.com\/es\/author\/cagramonte\/"}]}},"parsely":{"version":"1.1.0","canonical_url":"https:\/\/casadecampoliving.com\/es\/casa-de-campo-desfile-moda-ferragamo-food-wine-festival\/","smart_links":{"inbound":0,"outbound":0},"traffic_boost_suggestions_count":0,"meta":{"@context":"https:\/\/schema.org","@type":"NewsArticle","headline":"\u00a1Desfile de moda Ferragamo, Food &#038; Wine festival y mucho m\u00e1s!","url":"http:\/\/casadecampoliving.com\/es\/casa-de-campo-desfile-moda-ferragamo-food-wine-festival\/","mainEntityOfPage":{"@type":"WebPage","@id":"http:\/\/casadecampoliving.com\/es\/casa-de-campo-desfile-moda-ferragamo-food-wine-festival\/"},"thumbnailUrl":"https:\/\/i0.wp.com\/casadecampoliving.com\/wp-content\/uploads\/2022\/10\/Steak-tartar-Casa_de_Campo-1.jpg?resize=150%2C150&ssl=1","image":{"@type":"ImageObject","url":"https:\/\/i0.wp.com\/casadecampoliving.com\/wp-content\/uploads\/2022\/10\/Steak-tartar-Casa_de_Campo-1.jpg?fit=1200%2C792&ssl=1"},"articleSection":"M\u00e1s all\u00e1 de Casa","author":[{"@type":"Person","name":"Perkin Agramonte"}],"creator":["Perkin Agramonte"],"publisher":{"@type":"Organization","name":"Casa de Campo Living","logo":"https:\/\/casadecampoliving.com\/wp-content\/uploads\/2022\/07\/CDCLivingLogo_V1-white-sized.png"},"keywords":["casa de campo","casa de campo @es","casa de campo resort @es","jw marriott @es","rafael torres @es"],"dateCreated":"2015-05-30T04:00:00Z","datePublished":"2015-05-30T04:00:00Z","dateModified":"2022-11-10T14:45:04Z"},"rendered":"<script type=\"application\/ld+json\" class=\"wp-parsely-metadata\">{\"@context\":\"https:\\\/\\\/schema.org\",\"@type\":\"NewsArticle\",\"headline\":\"\\u00a1Desfile de moda Ferragamo, Food &#038; Wine festival y mucho m\\u00e1s!\",\"url\":\"http:\\\/\\\/casadecampoliving.com\\\/es\\\/casa-de-campo-desfile-moda-ferragamo-food-wine-festival\\\/\",\"mainEntityOfPage\":{\"@type\":\"WebPage\",\"@id\":\"http:\\\/\\\/casadecampoliving.com\\\/es\\\/casa-de-campo-desfile-moda-ferragamo-food-wine-festival\\\/\"},\"thumbnailUrl\":\"https:\\\/\\\/i0.wp.com\\\/casadecampoliving.com\\\/wp-content\\\/uploads\\\/2022\\\/10\\\/Steak-tartar-Casa_de_Campo-1.jpg?resize=150%2C150&ssl=1\",\"image\":{\"@type\":\"ImageObject\",\"url\":\"https:\\\/\\\/i0.wp.com\\\/casadecampoliving.com\\\/wp-content\\\/uploads\\\/2022\\\/10\\\/Steak-tartar-Casa_de_Campo-1.jpg?fit=1200%2C792&ssl=1\"},\"articleSection\":\"M\\u00e1s all\\u00e1 de Casa\",\"author\":[{\"@type\":\"Person\",\"name\":\"Perkin Agramonte\"}],\"creator\":[\"Perkin Agramonte\"],\"publisher\":{\"@type\":\"Organization\",\"name\":\"Casa de Campo Living\",\"logo\":\"https:\\\/\\\/casadecampoliving.com\\\/wp-content\\\/uploads\\\/2022\\\/07\\\/CDCLivingLogo_V1-white-sized.png\"},\"keywords\":[\"casa de campo\",\"casa de campo @es\",\"casa de campo resort @es\",\"jw marriott @es\",\"rafael torres @es\"],\"dateCreated\":\"2015-05-30T04:00:00Z\",\"datePublished\":\"2015-05-30T04:00:00Z\",\"dateModified\":\"2022-11-10T14:45:04Z\"}<\/script>","tracker_url":"https:\/\/cdn.parsely.com\/keys\/casadecampoliving.com\/p.js"},"jetpack_publicize_connections":[],"jetpack_featured_media_url":"https:\/\/i0.wp.com\/casadecampoliving.com\/wp-content\/uploads\/2022\/10\/Steak-tartar-Casa_de_Campo-1.jpg?fit=1200%2C792&ssl=1","jetpack-related-posts":[{"id":433460,"url":"https:\/\/casadecampoliving.com\/es\/no-se-pierdan-el-increible-tributo-a-frank-sinatra-para-celebrar-el-40-aniversario-del-anfiteatro-altos-de-chavon\/","url_meta":{"origin":347476,"position":0},"title":"No se pierdan el incre\u00edble tributo a Frank Sinatra para celebrar el 40 aniversario del\u00a0Anfiteatro Altos de Chav\u00f3n","author":"Casa de Campo Living","date":"20 Oct, 2022","format":false,"excerpt":"Siendo uno de los escenarios m\u00e1s emblem\u00e1ticos del pa\u00eds, Casa de Campo Resort\u00ae & Villas celebra las cuatro d\u00e9cadas de aniversario de Altos de Chav\u00f3n con un tributo al gran Frank Sinatra, protagonizado por artistas invitados y una big band tal cual la que acompa\u00f1\u00f3 al artista hace 40 a\u00f1os\u2026","rel":"","context":"En \u00abUncategorized @es\u00bb","block_context":{"text":"Uncategorized @es","link":"https:\/\/casadecampoliving.com\/es\/category\/uncategorized-es\/"},"img":{"alt_text":"","src":"https:\/\/i0.wp.com\/casadecampoliving.com\/wp-content\/uploads\/2022\/10\/Tributo-Frank-Sinatra-Foto-Principal-Amaury-Sanchez-Danilo-Ginebra-Andres-Pichardo-y-Jose-Gabriel-Perez-.jpg?fit=1200%2C873&ssl=1&resize=350%2C200","width":350,"height":200,"srcset":"https:\/\/i0.wp.com\/casadecampoliving.com\/wp-content\/uploads\/2022\/10\/Tributo-Frank-Sinatra-Foto-Principal-Amaury-Sanchez-Danilo-Ginebra-Andres-Pichardo-y-Jose-Gabriel-Perez-.jpg?fit=1200%2C873&ssl=1&resize=350%2C200 1x, https:\/\/i0.wp.com\/casadecampoliving.com\/wp-content\/uploads\/2022\/10\/Tributo-Frank-Sinatra-Foto-Principal-Amaury-Sanchez-Danilo-Ginebra-Andres-Pichardo-y-Jose-Gabriel-Perez-.jpg?fit=1200%2C873&ssl=1&resize=525%2C300 1.5x, https:\/\/i0.wp.com\/casadecampoliving.com\/wp-content\/uploads\/2022\/10\/Tributo-Frank-Sinatra-Foto-Principal-Amaury-Sanchez-Danilo-Ginebra-Andres-Pichardo-y-Jose-Gabriel-Perez-.jpg?fit=1200%2C873&ssl=1&resize=700%2C400 2x, https:\/\/i0.wp.com\/casadecampoliving.com\/wp-content\/uploads\/2022\/10\/Tributo-Frank-Sinatra-Foto-Principal-Amaury-Sanchez-Danilo-Ginebra-Andres-Pichardo-y-Jose-Gabriel-Perez-.jpg?fit=1200%2C873&ssl=1&resize=1050%2C600 3x"},"classes":[]},{"id":346968,"url":"https:\/\/casadecampoliving.com\/es\/jw-marriott-construira-220-habitaciones-en-santo-domingo\/","url_meta":{"origin":347476,"position":1},"title":"JW Marriott construir\u00e1 220 habitaciones en Santo Domingo","author":"Perkin Agramonte","date":"19 Mar, 2015","format":false,"excerpt":"Como sabemos que nuestra comunidad Casa de Campo se interesa en todo lo que acontece en la Rep\u00fablica Dominicana, pensamos que le interesar\u00eda saber que el lujoso Hotel JW Marriott en Santo Domingo est\u00e1 expandiendo sus servicios de hospitalidad y para eso est\u00e1 construyendo 220 habitaciones adicionales. El nuevo y\u2026","rel":"","context":"En \u00abCasa de Campo Living @es\u00bb","block_context":{"text":"Casa de Campo Living @es","link":"https:\/\/casadecampoliving.com\/category\/casa-de-campo-living-es\/"},"img":{"alt_text":"JW Marriot, Santo Domingo","src":"https:\/\/i0.wp.com\/casadecampoliving.com\/wp-content\/uploads\/2022\/10\/JW_Marriot_Santo_Domingo-1.jpg?fit=960%2C638&ssl=1&resize=350%2C200","width":350,"height":200,"srcset":"https:\/\/i0.wp.com\/casadecampoliving.com\/wp-content\/uploads\/2022\/10\/JW_Marriot_Santo_Domingo-1.jpg?fit=960%2C638&ssl=1&resize=350%2C200 1x, https:\/\/i0.wp.com\/casadecampoliving.com\/wp-content\/uploads\/2022\/10\/JW_Marriot_Santo_Domingo-1.jpg?fit=960%2C638&ssl=1&resize=525%2C300 1.5x, https:\/\/i0.wp.com\/casadecampoliving.com\/wp-content\/uploads\/2022\/10\/JW_Marriot_Santo_Domingo-1.jpg?fit=960%2C638&ssl=1&resize=700%2C400 2x"},"classes":[]},{"id":347692,"url":"https:\/\/casadecampoliving.com\/es\/se-acerca-el-casa-de-campo-food-wine-festival\/","url_meta":{"origin":347476,"position":2},"title":"Se acerca el Casa de Campo Food &#038; Wine Festival","author":"Rebecca Silvestri","date":"6 Jul, 2015","format":false,"excerpt":"El Resort Casa de Campo se prepara para su primer festival de vino y comida, el Casa de Campo Food & Wine Festival 2015, y aqu\u00ed les traemos los detalles preliminares. El Casa de Campo Food & Wine Festival 2015 se llevar\u00e1 a cabo del 21 al 23 de agosto\u2026","rel":"","context":"En \u00abAltos de Chavon @es\u00bb","block_context":{"text":"Altos de Chavon @es","link":"https:\/\/casadecampoliving.com\/category\/altos-de-chavon-es\/"},"img":{"alt_text":"","src":"https:\/\/i0.wp.com\/casadecampoliving.com\/wp-content\/uploads\/2022\/10\/Food_Wine_Festival_2015-1.jpg?fit=800%2C600&ssl=1&resize=350%2C200","width":350,"height":200,"srcset":"https:\/\/i0.wp.com\/casadecampoliving.com\/wp-content\/uploads\/2022\/10\/Food_Wine_Festival_2015-1.jpg?fit=800%2C600&ssl=1&resize=350%2C200 1x, https:\/\/i0.wp.com\/casadecampoliving.com\/wp-content\/uploads\/2022\/10\/Food_Wine_Festival_2015-1.jpg?fit=800%2C600&ssl=1&resize=525%2C300 1.5x, https:\/\/i0.wp.com\/casadecampoliving.com\/wp-content\/uploads\/2022\/10\/Food_Wine_Festival_2015-1.jpg?fit=800%2C600&ssl=1&resize=700%2C400 2x"},"classes":[]},{"id":349910,"url":"https:\/\/casadecampoliving.com\/es\/casa-de-campo-comparte-sus-planes-verano-2016\/","url_meta":{"origin":347476,"position":3},"title":"Casa de Campo cuenta sus planes para el verano a los Due\u00f1os de Villa durante un coctel en Plaza Chav\u00f3n","author":"Felix Guerrero","date":"1 Jun, 2016","format":false,"excerpt":"El pasado jueves 26 de mayo, se celebr\u00f3 un coctel en la Plaza Chav\u00f3n en el que Casa de Campo anunci\u00f3 todas las actividades y planes que tienen para este verano. En resumidas cuentas, fue una noche agradable con un clima bastante placentero, y para sorpresa de todos, \u00a1no llovi\u00f3!\u2026","rel":"","context":"En \u00abAltos de Chavon @es\u00bb","block_context":{"text":"Altos de Chavon @es","link":"https:\/\/casadecampoliving.com\/category\/altos-de-chavon-es\/"},"img":{"alt_text":"Casa de Campo Due\u00f1os Cocktail Summer Program Announcement","src":"https:\/\/i0.wp.com\/casadecampoliving.com\/wp-content\/uploads\/2022\/10\/DSC_0423.jpg?fit=1000%2C667&ssl=1&resize=350%2C200","width":350,"height":200,"srcset":"https:\/\/i0.wp.com\/casadecampoliving.com\/wp-content\/uploads\/2022\/10\/DSC_0423.jpg?fit=1000%2C667&ssl=1&resize=350%2C200 1x, https:\/\/i0.wp.com\/casadecampoliving.com\/wp-content\/uploads\/2022\/10\/DSC_0423.jpg?fit=1000%2C667&ssl=1&resize=525%2C300 1.5x, https:\/\/i0.wp.com\/casadecampoliving.com\/wp-content\/uploads\/2022\/10\/DSC_0423.jpg?fit=1000%2C667&ssl=1&resize=700%2C400 2x"},"classes":[]},{"id":325841,"url":"https:\/\/casadecampoliving.com\/casa-de-campo-ferragamo-fashion-show-food-wine\/","url_meta":{"origin":347476,"position":4},"title":"Ferragamo fashion show, Food &#038; Wine festival and more!","author":"Rebecca Silvestri","date":"30 May, 2015","format":false,"excerpt":"During a cocktail party celebrated at the JW Marriott in Santo Domingo, the Casa de Campo resort announced a number of very exciting upcoming projects, specials and events. Perhaps the most exciting announcements of the evening came in the form of the planned events for this summer in Casa de\u2026","rel":"","context":"En \u00abArt and Culture\u00bb","block_context":{"text":"Art and Culture","link":"https:\/\/casadecampoliving.com\/category\/art-and-culture\/"},"img":{"alt_text":"Steak tartar, Casa de Campo","src":"https:\/\/i0.wp.com\/casadecampoliving.com\/wp-content\/uploads\/2022\/10\/Steak-tartar-Casa_de_Campo-1.jpg?fit=1200%2C792&ssl=1&resize=350%2C200","width":350,"height":200,"srcset":"https:\/\/i0.wp.com\/casadecampoliving.com\/wp-content\/uploads\/2022\/10\/Steak-tartar-Casa_de_Campo-1.jpg?fit=1200%2C792&ssl=1&resize=350%2C200 1x, https:\/\/i0.wp.com\/casadecampoliving.com\/wp-content\/uploads\/2022\/10\/Steak-tartar-Casa_de_Campo-1.jpg?fit=1200%2C792&ssl=1&resize=525%2C300 1.5x, https:\/\/i0.wp.com\/casadecampoliving.com\/wp-content\/uploads\/2022\/10\/Steak-tartar-Casa_de_Campo-1.jpg?fit=1200%2C792&ssl=1&resize=700%2C400 2x, https:\/\/i0.wp.com\/casadecampoliving.com\/wp-content\/uploads\/2022\/10\/Steak-tartar-Casa_de_Campo-1.jpg?fit=1200%2C792&ssl=1&resize=1050%2C600 3x"},"classes":[]},{"id":344582,"url":"https:\/\/casadecampoliving.com\/es\/campamento-de-verano-casa-de-campo-2014-del-23-de-junio-al-1ro-de-agosto\/","url_meta":{"origin":347476,"position":5},"title":"Campamento de Verano Casa de Campo 2014: del 23 de junio al 1ro de Agosto","author":"Perkin Agramonte","date":"13 Jun, 2014","format":false,"excerpt":"Si no sabes que hacer con los m\u00e1s peque\u00f1os este verano, el Campamento de Verano Casa de Campo 2014, es la mejor opci\u00f3n de sumergir a tus ni\u00f1os en una aventura llena de diversion para hacer este un verano inolvidable. El \u201cCampamento de Verano Casa de Campo 2014\u201d este a\u00f1o\u2026","rel":"","context":"En \u00abCasa de Campo Living @es\u00bb","block_context":{"text":"Casa de Campo Living @es","link":"https:\/\/casadecampoliving.com\/category\/casa-de-campo-living-es\/"},"img":{"alt_text":"","src":"https:\/\/i0.wp.com\/casadecampoliving.com\/wp-content\/uploads\/2022\/10\/Casa_de_Campo_summer_camp.jpg?fit=650%2C397&ssl=1&resize=350%2C200","width":350,"height":200,"srcset":"https:\/\/i0.wp.com\/casadecampoliving.com\/wp-content\/uploads\/2022\/10\/Casa_de_Campo_summer_camp.jpg?fit=650%2C397&ssl=1&resize=350%2C200 1x, https:\/\/i0.wp.com\/casadecampoliving.com\/wp-content\/uploads\/2022\/10\/Casa_de_Campo_summer_camp.jpg?fit=650%2C397&ssl=1&resize=525%2C300 1.5x"},"classes":[]}],"jetpack_sharing_enabled":true,"_links":{"self":[{"href":"https:\/\/casadecampoliving.com\/es\/wp-json\/wp\/v2\/posts\/347476","targetHints":{"allow":["GET"]}}],"collection":[{"href":"https:\/\/casadecampoliving.com\/es\/wp-json\/wp\/v2\/posts"}],"about":[{"href":"https:\/\/casadecampoliving.com\/es\/wp-json\/wp\/v2\/types\/post"}],"author":[{"embeddable":true,"href":"https:\/\/casadecampoliving.com\/es\/wp-json\/wp\/v2\/users\/1097"}],"replies":[{"embeddable":true,"href":"https:\/\/casadecampoliving.com\/es\/wp-json\/wp\/v2\/comments?post=347476"}],"version-history":[{"count":2,"href":"https:\/\/casadecampoliving.com\/es\/wp-json\/wp\/v2\/posts\/347476\/revisions"}],"predecessor-version":[{"id":509885,"href":"https:\/\/casadecampoliving.com\/es\/wp-json\/wp\/v2\/posts\/347476\/revisions\/509885"}],"wp:featuredmedia":[{"embeddable":true,"href":"https:\/\/casadecampoliving.com\/es\/wp-json\/wp\/v2\/media\/303251"}],"wp:attachment":[{"href":"https:\/\/casadecampoliving.com\/es\/wp-json\/wp\/v2\/media?parent=347476"}],"wp:term":[{"taxonomy":"category","embeddable":true,"href":"https:\/\/casadecampoliving.com\/es\/wp-json\/wp\/v2\/categories?post=347476"},{"taxonomy":"post_tag","embeddable":true,"href":"https:\/\/casadecampoliving.com\/es\/wp-json\/wp\/v2\/tags?post=347476"},{"taxonomy":"newspack_spnsrs_tax","embeddable":true,"href":"https:\/\/casadecampoliving.com\/es\/wp-json\/wp\/v2\/newspack_spnsrs_tax?post=347476"}],"curies":[{"name":"wp","href":"https:\/\/api.w.org\/{rel}","templated":true}]}}