{"id":347421,"date":"2015-05-21T00:00:00","date_gmt":"2015-05-21T04:00:00","guid":{"rendered":"https:\/\/casadecampoliving.com\/juan-luis-guerra-en-el-anfiteatro-altos-de-chavon\/"},"modified":"2022-10-21T18:57:16","modified_gmt":"2022-10-21T22:57:16","slug":"juan-luis-guerra-en-el-anfiteatro-altos-de-chavon","status":"publish","type":"post","link":"https:\/\/casadecampoliving.com\/es\/juan-luis-guerra-en-el-anfiteatro-altos-de-chavon\/","title":{"rendered":"Juan Luis Guerra en el Anfiteatro Altos de Chav\u00f3n"},"content":{"rendered":"<div class=\"wp-block-image\">\n<figure class=\"aligncenter is-resized\"><img loading=\"lazy\" decoding=\"async\" src=\"https:\/\/i0.wp.com\/casadecampoliving.com\/wp-content\/uploads\/2022\/10\/Juan_Luis_Guerra_Altos_de_Chavon.jpg?resize=650%2C412&amp;ssl=1\" alt=\"Juan_Luis_Guerra_Altos_de_Chavon\" class=\"wp-image-111436\" height=\"412\" width=\"650\"\/><\/figure>\n<\/div>\n\n\n<p>\u00a1Wow, esta si que es una buena noticia para los amantes de la buena m\u00fasica!&nbsp;Casa de Campo Resort anuncia la presentaci\u00f3n del legendario cantautor dominicano Juan Luis Guerra en un concierto \u00fanico el s\u00e1bado 27 de Junio, en una producci\u00f3n especial que lo trae de regreso al Anfiteatro de Altos de Chav\u00f3n.<\/p>\n\n\n\n<p><\/p>\n\n\n\n<!--more-->\n\n\n<div class=\"wp-block-image\">\n<figure class=\"alignright is-resized\"><img loading=\"lazy\" decoding=\"async\" src=\"https:\/\/i0.wp.com\/casadecampoliving.com\/wp-content\/uploads\/2022\/10\/Juan_Luis_Guerra_Altos_de_Chavon_1.jpg?resize=350%2C413&amp;ssl=1\" alt=\"Juan_Luis_Guerra_Altos_de_Chavon_1\" class=\"wp-image-111435\" height=\"413\" width=\"350\"\/><\/figure>\n<\/div>\n\n\n<p id=\"E71\"><span id=\"E72\" class=\"qowt-font3-Arial\">Juan Luis Guerra es considerado e<\/span><span id=\"E77\" class=\"qowt-font3-Arial\">l mayor exponente de la m\u00fasica latina contempor\u00e1nea, int\u00e9rprete de \u00e9xitos como<\/span><span id=\"E78\" class=\"qowt-font3-Arial\"> \u201cLa Bilurribina\u201d, \u201cOjal\u00e1 Que llueva Caf\u00e9\u201d, y su hit m\u00e1s reciente \u201cTus Besos\u201d, vuelve a encontrarse con el p\u00fablico dominicano en un concierto que har\u00e1 historia.&nbsp;Han pasado 15 a\u00f1os desde la \u00faltima vez que Juan Luis Guerra y su banda 440 se presentaron en el exclusivo anfiteatro Altos de Chav\u00f3n, sobre cuyo escenario estuvo recientemente Andrea Bocelli.<a href=\"https:\/\/casadecampoliving.com\/es\/andrea-bocelli-ilumina-altos-de-chavon\/\">&nbsp;[Clic aqu\u00ed para ver fotos y la cobertura de este majestuoso concierto].<\/a><\/span><\/p>\n\n\n\n<p><span id=\"E78\" class=\"qowt-font3-Arial\">Juan Luis Guerra lleva m\u00e1s de 30 a\u00f1os de carrera musical. Junto a su grupo 440 ha editado 12 \u00e1lbumes de estudio, ha sido galardonado con cientos de premios en la industria del entretenimiento, entre ellos 3 Grammy norteamericanos, 15 Grammy Latinos, y 2 Premios Billboards, entre muchos otros. Y para este concierto Juan Luis Guerra cuenta con&nbsp;<\/span><span id=\"E87\" class=\"qowt-font3-Arial\">un amplio repertorio de canciones rom\u00e1nticas y de corte social que har\u00e1 de este concierto una noche inolvidable a ritmo de merengue, bachata, salsa y son para todos los asistentes en Altos de Chav\u00f3n.<\/span><\/p>\n\n\n\n<p id=\"E92\"><span id=\"E93\" class=\"qowt-font3-Arial\"><em><strong>\u201cNuestros conciertos en Altos de Chav\u00f3n siempre han sido especiales. Recordamos con mucho cari\u00f1o cada entrega y prometemos que \u00e9ste ser\u00e1 memorable\u201d. El evento ser\u00e1 a beneficio de la Fundaci\u00f3n Juan Luis Guerra. \u201cComo dice la Palabra: \u2018hay m\u00e1s dicha en dar que en recibir\u2019 y con este show a favor de nuestra fundaci\u00f3n seremos bendecidos con el apoyo de todos ustedes\u201d<\/strong><\/em>&nbsp;expres\u00f3 Juan Luis Guerra.<\/span><\/p>\n\n\n<div class=\"wp-block-image\">\n<figure class=\"aligncenter is-resized\"><img loading=\"lazy\" decoding=\"async\" src=\"https:\/\/i0.wp.com\/casadecampoliving.com\/wp-content\/uploads\/2022\/10\/Altos_de_Chavon_amphitheater.jpg?resize=650%2C502&amp;ssl=1\" alt=\"Altos_de_Chavon_amphitheater\" class=\"wp-image-111437\" height=\"502\" width=\"650\"\/><\/figure>\n<\/div>\n\n\n<p id=\"E95\"><span id=\"E96\" class=\"qowt-font3-Arial\">De su lado, Rafael Torres, Presidente de Casa de Campo, dijo que<em><strong> \u201cpara nuestro Resort es un inmenso placer traer de regreso a Juan Luis Guerra, uno de los artistas latinos m\u00e1s reconocidos y admirados en todo el mundo, y que su m\u00fasica podr\u00e1 ser disfrutada nuevamente en un escenario con tanta historia y prestigio como lo es Altos de Chav\u00f3n\u201d<\/strong><\/em>.<\/span><\/p>\n\n\n\n<p>Este es el segundo artista de una serie de conciertos que tiene Casa de Campo programado durante el 2015. El resort Casa de Campo se siente orgulloso de alojar a Juan Luis Guerra, un artista que ha vendido m\u00e1s de 30 millones de discos en toda su carrera. Los precios de las boletas son los siguientes;&nbsp;RD$3,210 entradas general, RD$7,490 VIP y RD$15,750 Front Stage.<\/p>\n\n\n\n<blockquote><h3><strong>Concierto de Juan Luis Guerra en Altos de Chav\u00f3n<\/strong><\/h3><p><strong>Fecha:<\/strong> S\u00e1bado,27 de junio, 8:30 P.M.<\/p><p><strong>Lugar:<\/strong> Anfiteatro Altos de Chav\u00f3n<\/p><p><strong>Boletas:<\/strong><\/p><ul>\n<li><strong>Entrada general:<\/strong>&nbsp;US$ 72 \/&nbsp;RD$3,210<\/li>\n<li><strong>VIP:<\/strong>&nbsp;US$ 167 \/ RD$7,490<\/li>\n<li><strong>Special Guest:<\/strong> US$ 350 \/&nbsp;RD$15,750<\/li>\n<\/ul><p><strong>M\u00e1s info:<\/strong> (809) 523-8698 y&nbsp;<a id=\"E113\" class=\"qowt-field qowt-field-hyperlink\" contenteditable=\"false\" href=\"http:\/\/www.casadecampo.com.do\/\" target=\"_blank\" rel=\"noopener\"><span id=\"E114\" class=\"qowt-font3-Arial qowt-stl-Hyperlink\">www.casadecampo.com.do<\/span><\/a><\/p><\/blockquote>\n","protected":false},"excerpt":{"rendered":"<p>\u00a1Wow, esta si que es una buena noticia para los amantes de la buena m\u00fasica!&nbsp;Casa de Campo Resort anuncia la presentaci\u00f3n del legendario cantautor dominicano Juan Luis Guerra en un concierto \u00fanico el s\u00e1bado 27 de Junio, en una producci\u00f3n especial que lo trae de regreso al Anfiteatro de Altos de Chav\u00f3n.<\/p>\n","protected":false},"author":1097,"featured_media":301385,"comment_status":"closed","ping_status":"closed","sticky":false,"template":"","format":"standard","meta":{"newspack_ads_suppress_ads":false,"newspack_popups_has_disabled_popups":false,"newspack_sponsor_sponsorship_scope":"","newspack_sponsor_native_byline_display":"inherit","newspack_sponsor_native_category_display":"inherit","newspack_sponsor_underwriter_style":"inherit","newspack_sponsor_underwriter_placement":"inherit","_newspack_byline_active":false,"_newspack_byline":"","newspack_hide_updated_date":false,"newspack_show_updated_date":false,"newspack_content_restriction_is_exempt":false,"newspack_featured_image_position":"","newspack_post_subtitle":"","newspack_article_summary_title":"Overview:","newspack_article_summary":"","_jetpack_memberships_contains_paid_content":false,"footnotes":"","jetpack_publicize_message":"","jetpack_publicize_feature_enabled":true,"jetpack_social_post_already_shared":false,"jetpack_social_options":{"image_generator_settings":{"template":"highway","default_image_id":0,"font":"","enabled":false},"version":2},"_wpas_customize_per_network":false},"categories":[26819,26823,26936,26951,2513,14631,2522,2514,14625,14627,2521,26822,2526],"tags":[15387,3626,8094,24387,6371,12550],"newspack_spnsrs_tax":[],"class_list":["post-347421","post","type-post","status-publish","format-standard","has-post-thumbnail","hentry","category-altos-de-chavon-es","category-arte-y-cultura","category-casa-de-campo-living-es","category-ccl-presenta","category-celebridades-es","category-estilo-de-vida","category-eventos-es","category-fundaciones-es","category-noticias-locales","category-proximamente","category-republica-dominicana-2","category-resort-casa-de-campo","category-titulares-es","tag-altos-de-chavon-es","tag-casa-de-campo-es","tag-casa-de-campo-community-es","tag-casa-de-campo-living-es","tag-casa-de-campo-resort-es","tag-juan-luis-guerra-es","entry"],"yoast_head":"<!-- This site is optimized with the Yoast SEO plugin v27.4 - https:\/\/yoast.com\/product\/yoast-seo-wordpress\/ -->\n<title>Juan Luis Guerra en el Anfiteatro Altos de Chav\u00f3n | Casa de Campo Living<\/title>\n<meta name=\"description\" content=\"\u00a1Wow, esta si que es una buena noticia para los amantes de la buena m\u00fasica!&nbsp;Casa de Campo Resort anuncia la presentaci\u00f3n del legendario cantautor\" \/>\n<meta name=\"robots\" content=\"index, follow, max-snippet:-1, max-image-preview:large, max-video-preview:-1\" \/>\n<link rel=\"canonical\" href=\"https:\/\/casadecampoliving.com\/es\/juan-luis-guerra-en-el-anfiteatro-altos-de-chavon\/\" \/>\n<meta property=\"og:locale\" content=\"es_ES\" \/>\n<meta property=\"og:type\" content=\"article\" \/>\n<meta property=\"og:title\" content=\"Juan Luis Guerra en el Anfiteatro Altos de Chav\u00f3n | Casa de Campo Living\" \/>\n<meta property=\"og:description\" content=\"\u00a1Wow, esta si que es una buena noticia para los amantes de la buena m\u00fasica!&nbsp;Casa de Campo Resort anuncia la presentaci\u00f3n del legendario cantautor\" \/>\n<meta property=\"og:url\" content=\"https:\/\/casadecampoliving.com\/es\/juan-luis-guerra-en-el-anfiteatro-altos-de-chavon\/\" \/>\n<meta property=\"og:site_name\" content=\"Casa de Campo Living\" \/>\n<meta property=\"article:publisher\" content=\"https:\/\/www.facebook.com\/casadecampoliving\" \/>\n<meta property=\"article:published_time\" content=\"2015-05-21T04:00:00+00:00\" \/>\n<meta property=\"article:modified_time\" content=\"2022-10-21T22:57:16+00:00\" \/>\n<meta property=\"og:image\" content=\"https:\/\/i0.wp.com\/casadecampoliving.com\/wp-content\/uploads\/2022\/10\/Juan_Luis_Guerra_Altos_de_Chavon-1.jpg?fit=650%2C412&ssl=1\" \/>\n\t<meta property=\"og:image:width\" content=\"650\" \/>\n\t<meta property=\"og:image:height\" content=\"412\" \/>\n\t<meta property=\"og:image:type\" content=\"image\/jpeg\" \/>\n<meta name=\"author\" content=\"Perkin Agramonte\" \/>\n<meta name=\"twitter:card\" content=\"summary_large_image\" \/>\n<meta name=\"twitter:creator\" content=\"@cdcliving\" \/>\n<meta name=\"twitter:site\" content=\"@cdcliving\" \/>\n<meta name=\"twitter:label1\" content=\"Escrito por\" \/>\n\t<meta name=\"twitter:data1\" content=\"Perkin Agramonte\" \/>\n\t<meta name=\"twitter:label2\" content=\"Tiempo de lectura\" \/>\n\t<meta name=\"twitter:data2\" content=\"2 minutos\" \/>\n<script type=\"application\/ld+json\" class=\"yoast-schema-graph\">{\"@context\":\"https:\\\/\\\/schema.org\",\"@graph\":[{\"@type\":\"Article\",\"@id\":\"https:\\\/\\\/casadecampoliving.com\\\/es\\\/juan-luis-guerra-en-el-anfiteatro-altos-de-chavon\\\/#article\",\"isPartOf\":{\"@id\":\"https:\\\/\\\/casadecampoliving.com\\\/es\\\/juan-luis-guerra-en-el-anfiteatro-altos-de-chavon\\\/\"},\"author\":{\"name\":\"Perkin Agramonte\",\"@id\":\"https:\\\/\\\/casadecampoliving.com\\\/es\\\/#\\\/schema\\\/person\\\/c8efa6049510554b7d5fea078d728f72\"},\"headline\":\"Juan Luis Guerra en el Anfiteatro Altos de Chav\u00f3n\",\"datePublished\":\"2015-05-21T04:00:00+00:00\",\"dateModified\":\"2022-10-21T22:57:16+00:00\",\"mainEntityOfPage\":{\"@id\":\"https:\\\/\\\/casadecampoliving.com\\\/es\\\/juan-luis-guerra-en-el-anfiteatro-altos-de-chavon\\\/\"},\"wordCount\":504,\"publisher\":{\"@id\":\"https:\\\/\\\/casadecampoliving.com\\\/es\\\/#organization\"},\"image\":{\"@id\":\"https:\\\/\\\/casadecampoliving.com\\\/es\\\/juan-luis-guerra-en-el-anfiteatro-altos-de-chavon\\\/#primaryimage\"},\"thumbnailUrl\":\"https:\\\/\\\/i0.wp.com\\\/casadecampoliving.com\\\/wp-content\\\/uploads\\\/2022\\\/10\\\/Juan_Luis_Guerra_Altos_de_Chavon-1.jpg?fit=650%2C412&ssl=1\",\"keywords\":[\"Altos de Chavon\",\"casa de campo @es\",\"Casa de Campo Community @es\",\"Casa de Campo Living\",\"casa de campo resort @es\",\"Juan Luis Guerra @es\"],\"articleSection\":[\"Altos de Chavon @es\",\"Arte y cultura\",\"Casa de Campo Living @es\",\"CCL presenta\",\"Celebridades\",\"Estilo de Vida\",\"Eventos\",\"Fundaciones\",\"Noticias Locales\",\"Proximamente\",\"Rep\u00fablica Dominicana @es\",\"Resort Casa de Campo\",\"Titulares\"],\"inLanguage\":\"es\"},{\"@type\":\"WebPage\",\"@id\":\"https:\\\/\\\/casadecampoliving.com\\\/es\\\/juan-luis-guerra-en-el-anfiteatro-altos-de-chavon\\\/\",\"url\":\"https:\\\/\\\/casadecampoliving.com\\\/es\\\/juan-luis-guerra-en-el-anfiteatro-altos-de-chavon\\\/\",\"name\":\"Juan Luis Guerra en el Anfiteatro Altos de Chav\u00f3n | Casa de Campo Living\",\"isPartOf\":{\"@id\":\"https:\\\/\\\/casadecampoliving.com\\\/es\\\/#website\"},\"primaryImageOfPage\":{\"@id\":\"https:\\\/\\\/casadecampoliving.com\\\/es\\\/juan-luis-guerra-en-el-anfiteatro-altos-de-chavon\\\/#primaryimage\"},\"image\":{\"@id\":\"https:\\\/\\\/casadecampoliving.com\\\/es\\\/juan-luis-guerra-en-el-anfiteatro-altos-de-chavon\\\/#primaryimage\"},\"thumbnailUrl\":\"https:\\\/\\\/i0.wp.com\\\/casadecampoliving.com\\\/wp-content\\\/uploads\\\/2022\\\/10\\\/Juan_Luis_Guerra_Altos_de_Chavon-1.jpg?fit=650%2C412&ssl=1\",\"datePublished\":\"2015-05-21T04:00:00+00:00\",\"dateModified\":\"2022-10-21T22:57:16+00:00\",\"description\":\"\u00a1Wow, esta si que es una buena noticia para los amantes de la buena m\u00fasica!&nbsp;Casa de Campo Resort anuncia la presentaci\u00f3n del legendario cantautor\",\"breadcrumb\":{\"@id\":\"https:\\\/\\\/casadecampoliving.com\\\/es\\\/juan-luis-guerra-en-el-anfiteatro-altos-de-chavon\\\/#breadcrumb\"},\"inLanguage\":\"es\",\"potentialAction\":[{\"@type\":\"ReadAction\",\"target\":[\"https:\\\/\\\/casadecampoliving.com\\\/es\\\/juan-luis-guerra-en-el-anfiteatro-altos-de-chavon\\\/\"]}]},{\"@type\":\"ImageObject\",\"inLanguage\":\"es\",\"@id\":\"https:\\\/\\\/casadecampoliving.com\\\/es\\\/juan-luis-guerra-en-el-anfiteatro-altos-de-chavon\\\/#primaryimage\",\"url\":\"https:\\\/\\\/i0.wp.com\\\/casadecampoliving.com\\\/wp-content\\\/uploads\\\/2022\\\/10\\\/Juan_Luis_Guerra_Altos_de_Chavon-1.jpg?fit=650%2C412&ssl=1\",\"contentUrl\":\"https:\\\/\\\/i0.wp.com\\\/casadecampoliving.com\\\/wp-content\\\/uploads\\\/2022\\\/10\\\/Juan_Luis_Guerra_Altos_de_Chavon-1.jpg?fit=650%2C412&ssl=1\",\"width\":650,\"height\":412},{\"@type\":\"BreadcrumbList\",\"@id\":\"https:\\\/\\\/casadecampoliving.com\\\/es\\\/juan-luis-guerra-en-el-anfiteatro-altos-de-chavon\\\/#breadcrumb\",\"itemListElement\":[{\"@type\":\"ListItem\",\"position\":1,\"name\":\"Home\",\"item\":\"https:\\\/\\\/casadecampoliving.com\\\/es\\\/\"},{\"@type\":\"ListItem\",\"position\":2,\"name\":\"Juan Luis Guerra en el Anfiteatro Altos de Chav\u00f3n\"}]},{\"@type\":\"WebSite\",\"@id\":\"https:\\\/\\\/casadecampoliving.com\\\/es\\\/#website\",\"url\":\"https:\\\/\\\/casadecampoliving.com\\\/es\\\/\",\"name\":\"Casa de Campo Living\",\"description\":\"Resort community news and resources.\",\"publisher\":{\"@id\":\"https:\\\/\\\/casadecampoliving.com\\\/es\\\/#organization\"},\"potentialAction\":[{\"@type\":\"SearchAction\",\"target\":{\"@type\":\"EntryPoint\",\"urlTemplate\":\"https:\\\/\\\/casadecampoliving.com\\\/es\\\/?s={search_term_string}\"},\"query-input\":{\"@type\":\"PropertyValueSpecification\",\"valueRequired\":true,\"valueName\":\"search_term_string\"}}],\"inLanguage\":\"es\"},{\"@type\":\"Organization\",\"@id\":\"https:\\\/\\\/casadecampoliving.com\\\/es\\\/#organization\",\"name\":\"Casa de Campo Living\",\"url\":\"https:\\\/\\\/casadecampoliving.com\\\/es\\\/\",\"logo\":{\"@type\":\"ImageObject\",\"inLanguage\":\"es\",\"@id\":\"https:\\\/\\\/casadecampoliving.com\\\/es\\\/#\\\/schema\\\/logo\\\/image\\\/\",\"url\":\"https:\\\/\\\/i0.wp.com\\\/casadecampoliving.com\\\/wp-content\\\/uploads\\\/2022\\\/07\\\/CDCLivingLogo_V1-white-sized.png?fit=800%2C214&ssl=1\",\"contentUrl\":\"https:\\\/\\\/i0.wp.com\\\/casadecampoliving.com\\\/wp-content\\\/uploads\\\/2022\\\/07\\\/CDCLivingLogo_V1-white-sized.png?fit=800%2C214&ssl=1\",\"width\":800,\"height\":214,\"caption\":\"Casa de Campo Living\"},\"image\":{\"@id\":\"https:\\\/\\\/casadecampoliving.com\\\/es\\\/#\\\/schema\\\/logo\\\/image\\\/\"},\"sameAs\":[\"https:\\\/\\\/www.facebook.com\\\/casadecampoliving\",\"https:\\\/\\\/x.com\\\/cdcliving\"]},{\"@type\":\"Person\",\"@id\":\"https:\\\/\\\/casadecampoliving.com\\\/es\\\/#\\\/schema\\\/person\\\/c8efa6049510554b7d5fea078d728f72\",\"name\":\"Perkin Agramonte\",\"image\":{\"@type\":\"ImageObject\",\"inLanguage\":\"es\",\"@id\":\"https:\\\/\\\/secure.gravatar.com\\\/avatar\\\/57bfdafcae55fb83dbb79a1585a9eab7f269b7720fb0b64cb9a4e0cd2962fa10?s=96&d=mm&r=g\",\"url\":\"https:\\\/\\\/secure.gravatar.com\\\/avatar\\\/57bfdafcae55fb83dbb79a1585a9eab7f269b7720fb0b64cb9a4e0cd2962fa10?s=96&d=mm&r=g\",\"contentUrl\":\"https:\\\/\\\/secure.gravatar.com\\\/avatar\\\/57bfdafcae55fb83dbb79a1585a9eab7f269b7720fb0b64cb9a4e0cd2962fa10?s=96&d=mm&r=g\",\"caption\":\"Perkin Agramonte\"},\"url\":\"https:\\\/\\\/casadecampoliving.com\\\/es\\\/author\\\/cagramonte\\\/\"}]}<\/script>\n<!-- \/ Yoast SEO plugin. -->","yoast_head_json":{"title":"Juan Luis Guerra en el Anfiteatro Altos de Chav\u00f3n | Casa de Campo Living","description":"\u00a1Wow, esta si que es una buena noticia para los amantes de la buena m\u00fasica!&nbsp;Casa de Campo Resort anuncia la presentaci\u00f3n del legendario cantautor","robots":{"index":"index","follow":"follow","max-snippet":"max-snippet:-1","max-image-preview":"max-image-preview:large","max-video-preview":"max-video-preview:-1"},"canonical":"https:\/\/casadecampoliving.com\/es\/juan-luis-guerra-en-el-anfiteatro-altos-de-chavon\/","og_locale":"es_ES","og_type":"article","og_title":"Juan Luis Guerra en el Anfiteatro Altos de Chav\u00f3n | Casa de Campo Living","og_description":"\u00a1Wow, esta si que es una buena noticia para los amantes de la buena m\u00fasica!&nbsp;Casa de Campo Resort anuncia la presentaci\u00f3n del legendario cantautor","og_url":"https:\/\/casadecampoliving.com\/es\/juan-luis-guerra-en-el-anfiteatro-altos-de-chavon\/","og_site_name":"Casa de Campo Living","article_publisher":"https:\/\/www.facebook.com\/casadecampoliving","article_published_time":"2015-05-21T04:00:00+00:00","article_modified_time":"2022-10-21T22:57:16+00:00","og_image":[{"width":650,"height":412,"url":"https:\/\/i0.wp.com\/casadecampoliving.com\/wp-content\/uploads\/2022\/10\/Juan_Luis_Guerra_Altos_de_Chavon-1.jpg?fit=650%2C412&ssl=1","type":"image\/jpeg"}],"author":"Perkin Agramonte","twitter_card":"summary_large_image","twitter_creator":"@cdcliving","twitter_site":"@cdcliving","twitter_misc":{"Escrito por":"Perkin Agramonte","Tiempo de lectura":"2 minutos"},"schema":{"@context":"https:\/\/schema.org","@graph":[{"@type":"Article","@id":"https:\/\/casadecampoliving.com\/es\/juan-luis-guerra-en-el-anfiteatro-altos-de-chavon\/#article","isPartOf":{"@id":"https:\/\/casadecampoliving.com\/es\/juan-luis-guerra-en-el-anfiteatro-altos-de-chavon\/"},"author":{"name":"Perkin Agramonte","@id":"https:\/\/casadecampoliving.com\/es\/#\/schema\/person\/c8efa6049510554b7d5fea078d728f72"},"headline":"Juan Luis Guerra en el Anfiteatro Altos de Chav\u00f3n","datePublished":"2015-05-21T04:00:00+00:00","dateModified":"2022-10-21T22:57:16+00:00","mainEntityOfPage":{"@id":"https:\/\/casadecampoliving.com\/es\/juan-luis-guerra-en-el-anfiteatro-altos-de-chavon\/"},"wordCount":504,"publisher":{"@id":"https:\/\/casadecampoliving.com\/es\/#organization"},"image":{"@id":"https:\/\/casadecampoliving.com\/es\/juan-luis-guerra-en-el-anfiteatro-altos-de-chavon\/#primaryimage"},"thumbnailUrl":"https:\/\/i0.wp.com\/casadecampoliving.com\/wp-content\/uploads\/2022\/10\/Juan_Luis_Guerra_Altos_de_Chavon-1.jpg?fit=650%2C412&ssl=1","keywords":["Altos de Chavon","casa de campo @es","Casa de Campo Community @es","Casa de Campo Living","casa de campo resort @es","Juan Luis Guerra @es"],"articleSection":["Altos de Chavon @es","Arte y cultura","Casa de Campo Living @es","CCL presenta","Celebridades","Estilo de Vida","Eventos","Fundaciones","Noticias Locales","Proximamente","Rep\u00fablica Dominicana @es","Resort Casa de Campo","Titulares"],"inLanguage":"es"},{"@type":"WebPage","@id":"https:\/\/casadecampoliving.com\/es\/juan-luis-guerra-en-el-anfiteatro-altos-de-chavon\/","url":"https:\/\/casadecampoliving.com\/es\/juan-luis-guerra-en-el-anfiteatro-altos-de-chavon\/","name":"Juan Luis Guerra en el Anfiteatro Altos de Chav\u00f3n | Casa de Campo Living","isPartOf":{"@id":"https:\/\/casadecampoliving.com\/es\/#website"},"primaryImageOfPage":{"@id":"https:\/\/casadecampoliving.com\/es\/juan-luis-guerra-en-el-anfiteatro-altos-de-chavon\/#primaryimage"},"image":{"@id":"https:\/\/casadecampoliving.com\/es\/juan-luis-guerra-en-el-anfiteatro-altos-de-chavon\/#primaryimage"},"thumbnailUrl":"https:\/\/i0.wp.com\/casadecampoliving.com\/wp-content\/uploads\/2022\/10\/Juan_Luis_Guerra_Altos_de_Chavon-1.jpg?fit=650%2C412&ssl=1","datePublished":"2015-05-21T04:00:00+00:00","dateModified":"2022-10-21T22:57:16+00:00","description":"\u00a1Wow, esta si que es una buena noticia para los amantes de la buena m\u00fasica!&nbsp;Casa de Campo Resort anuncia la presentaci\u00f3n del legendario cantautor","breadcrumb":{"@id":"https:\/\/casadecampoliving.com\/es\/juan-luis-guerra-en-el-anfiteatro-altos-de-chavon\/#breadcrumb"},"inLanguage":"es","potentialAction":[{"@type":"ReadAction","target":["https:\/\/casadecampoliving.com\/es\/juan-luis-guerra-en-el-anfiteatro-altos-de-chavon\/"]}]},{"@type":"ImageObject","inLanguage":"es","@id":"https:\/\/casadecampoliving.com\/es\/juan-luis-guerra-en-el-anfiteatro-altos-de-chavon\/#primaryimage","url":"https:\/\/i0.wp.com\/casadecampoliving.com\/wp-content\/uploads\/2022\/10\/Juan_Luis_Guerra_Altos_de_Chavon-1.jpg?fit=650%2C412&ssl=1","contentUrl":"https:\/\/i0.wp.com\/casadecampoliving.com\/wp-content\/uploads\/2022\/10\/Juan_Luis_Guerra_Altos_de_Chavon-1.jpg?fit=650%2C412&ssl=1","width":650,"height":412},{"@type":"BreadcrumbList","@id":"https:\/\/casadecampoliving.com\/es\/juan-luis-guerra-en-el-anfiteatro-altos-de-chavon\/#breadcrumb","itemListElement":[{"@type":"ListItem","position":1,"name":"Home","item":"https:\/\/casadecampoliving.com\/es\/"},{"@type":"ListItem","position":2,"name":"Juan Luis Guerra en el Anfiteatro Altos de Chav\u00f3n"}]},{"@type":"WebSite","@id":"https:\/\/casadecampoliving.com\/es\/#website","url":"https:\/\/casadecampoliving.com\/es\/","name":"Casa de Campo Living","description":"Resort community news and resources.","publisher":{"@id":"https:\/\/casadecampoliving.com\/es\/#organization"},"potentialAction":[{"@type":"SearchAction","target":{"@type":"EntryPoint","urlTemplate":"https:\/\/casadecampoliving.com\/es\/?s={search_term_string}"},"query-input":{"@type":"PropertyValueSpecification","valueRequired":true,"valueName":"search_term_string"}}],"inLanguage":"es"},{"@type":"Organization","@id":"https:\/\/casadecampoliving.com\/es\/#organization","name":"Casa de Campo Living","url":"https:\/\/casadecampoliving.com\/es\/","logo":{"@type":"ImageObject","inLanguage":"es","@id":"https:\/\/casadecampoliving.com\/es\/#\/schema\/logo\/image\/","url":"https:\/\/i0.wp.com\/casadecampoliving.com\/wp-content\/uploads\/2022\/07\/CDCLivingLogo_V1-white-sized.png?fit=800%2C214&ssl=1","contentUrl":"https:\/\/i0.wp.com\/casadecampoliving.com\/wp-content\/uploads\/2022\/07\/CDCLivingLogo_V1-white-sized.png?fit=800%2C214&ssl=1","width":800,"height":214,"caption":"Casa de Campo Living"},"image":{"@id":"https:\/\/casadecampoliving.com\/es\/#\/schema\/logo\/image\/"},"sameAs":["https:\/\/www.facebook.com\/casadecampoliving","https:\/\/x.com\/cdcliving"]},{"@type":"Person","@id":"https:\/\/casadecampoliving.com\/es\/#\/schema\/person\/c8efa6049510554b7d5fea078d728f72","name":"Perkin Agramonte","image":{"@type":"ImageObject","inLanguage":"es","@id":"https:\/\/secure.gravatar.com\/avatar\/57bfdafcae55fb83dbb79a1585a9eab7f269b7720fb0b64cb9a4e0cd2962fa10?s=96&d=mm&r=g","url":"https:\/\/secure.gravatar.com\/avatar\/57bfdafcae55fb83dbb79a1585a9eab7f269b7720fb0b64cb9a4e0cd2962fa10?s=96&d=mm&r=g","contentUrl":"https:\/\/secure.gravatar.com\/avatar\/57bfdafcae55fb83dbb79a1585a9eab7f269b7720fb0b64cb9a4e0cd2962fa10?s=96&d=mm&r=g","caption":"Perkin Agramonte"},"url":"https:\/\/casadecampoliving.com\/es\/author\/cagramonte\/"}]}},"parsely":{"version":"1.1.0","canonical_url":"https:\/\/casadecampoliving.com\/es\/juan-luis-guerra-en-el-anfiteatro-altos-de-chavon\/","smart_links":{"inbound":0,"outbound":0},"traffic_boost_suggestions_count":0,"meta":{"@context":"https:\/\/schema.org","@type":"NewsArticle","headline":"Juan Luis Guerra en el Anfiteatro Altos de Chav\u00f3n","url":"http:\/\/casadecampoliving.com\/es\/juan-luis-guerra-en-el-anfiteatro-altos-de-chavon\/","mainEntityOfPage":{"@type":"WebPage","@id":"http:\/\/casadecampoliving.com\/es\/juan-luis-guerra-en-el-anfiteatro-altos-de-chavon\/"},"thumbnailUrl":"https:\/\/i0.wp.com\/casadecampoliving.com\/wp-content\/uploads\/2022\/10\/Juan_Luis_Guerra_Altos_de_Chavon-1.jpg?resize=150%2C150&ssl=1","image":{"@type":"ImageObject","url":"https:\/\/i0.wp.com\/casadecampoliving.com\/wp-content\/uploads\/2022\/10\/Juan_Luis_Guerra_Altos_de_Chavon-1.jpg?fit=650%2C412&ssl=1"},"articleSection":"Altos de Chavon @es","author":[{"@type":"Person","name":"Perkin Agramonte"}],"creator":["Perkin Agramonte"],"publisher":{"@type":"Organization","name":"Casa de Campo Living","logo":"https:\/\/casadecampoliving.com\/wp-content\/uploads\/2022\/07\/CDCLivingLogo_V1-white-sized.png"},"keywords":["altos de chavon","casa de campo @es","casa de campo community @es","casa de campo living","casa de campo resort @es","juan luis guerra @es"],"dateCreated":"2015-05-21T04:00:00Z","datePublished":"2015-05-21T04:00:00Z","dateModified":"2022-10-21T22:57:16Z"},"rendered":"<script type=\"application\/ld+json\" class=\"wp-parsely-metadata\">{\"@context\":\"https:\\\/\\\/schema.org\",\"@type\":\"NewsArticle\",\"headline\":\"Juan Luis Guerra en el Anfiteatro Altos de Chav\\u00f3n\",\"url\":\"http:\\\/\\\/casadecampoliving.com\\\/es\\\/juan-luis-guerra-en-el-anfiteatro-altos-de-chavon\\\/\",\"mainEntityOfPage\":{\"@type\":\"WebPage\",\"@id\":\"http:\\\/\\\/casadecampoliving.com\\\/es\\\/juan-luis-guerra-en-el-anfiteatro-altos-de-chavon\\\/\"},\"thumbnailUrl\":\"https:\\\/\\\/i0.wp.com\\\/casadecampoliving.com\\\/wp-content\\\/uploads\\\/2022\\\/10\\\/Juan_Luis_Guerra_Altos_de_Chavon-1.jpg?resize=150%2C150&ssl=1\",\"image\":{\"@type\":\"ImageObject\",\"url\":\"https:\\\/\\\/i0.wp.com\\\/casadecampoliving.com\\\/wp-content\\\/uploads\\\/2022\\\/10\\\/Juan_Luis_Guerra_Altos_de_Chavon-1.jpg?fit=650%2C412&ssl=1\"},\"articleSection\":\"Altos de Chavon @es\",\"author\":[{\"@type\":\"Person\",\"name\":\"Perkin Agramonte\"}],\"creator\":[\"Perkin Agramonte\"],\"publisher\":{\"@type\":\"Organization\",\"name\":\"Casa de Campo Living\",\"logo\":\"https:\\\/\\\/casadecampoliving.com\\\/wp-content\\\/uploads\\\/2022\\\/07\\\/CDCLivingLogo_V1-white-sized.png\"},\"keywords\":[\"altos de chavon\",\"casa de campo @es\",\"casa de campo community @es\",\"casa de campo living\",\"casa de campo resort @es\",\"juan luis guerra @es\"],\"dateCreated\":\"2015-05-21T04:00:00Z\",\"datePublished\":\"2015-05-21T04:00:00Z\",\"dateModified\":\"2022-10-21T22:57:16Z\"}<\/script>","tracker_url":"https:\/\/cdn.parsely.com\/keys\/casadecampoliving.com\/p.js"},"jetpack_publicize_connections":[],"jetpack_featured_media_url":"https:\/\/i0.wp.com\/casadecampoliving.com\/wp-content\/uploads\/2022\/10\/Juan_Luis_Guerra_Altos_de_Chavon-1.jpg?fit=650%2C412&ssl=1","jetpack-related-posts":[{"id":433460,"url":"https:\/\/casadecampoliving.com\/es\/no-se-pierdan-el-increible-tributo-a-frank-sinatra-para-celebrar-el-40-aniversario-del-anfiteatro-altos-de-chavon\/","url_meta":{"origin":347421,"position":0},"title":"No se pierdan el incre\u00edble tributo a Frank Sinatra para celebrar el 40 aniversario del\u00a0Anfiteatro Altos de Chav\u00f3n","author":"Casa de Campo Living","date":"20 Oct, 2022","format":false,"excerpt":"Siendo uno de los escenarios m\u00e1s emblem\u00e1ticos del pa\u00eds, Casa de Campo Resort\u00ae & Villas celebra las cuatro d\u00e9cadas de aniversario de Altos de Chav\u00f3n con un tributo al gran Frank Sinatra, protagonizado por artistas invitados y una big band tal cual la que acompa\u00f1\u00f3 al artista hace 40 a\u00f1os\u2026","rel":"","context":"En \u00abUncategorized @es\u00bb","block_context":{"text":"Uncategorized @es","link":"https:\/\/casadecampoliving.com\/es\/category\/uncategorized-es\/"},"img":{"alt_text":"","src":"https:\/\/i0.wp.com\/casadecampoliving.com\/wp-content\/uploads\/2022\/10\/Tributo-Frank-Sinatra-Foto-Principal-Amaury-Sanchez-Danilo-Ginebra-Andres-Pichardo-y-Jose-Gabriel-Perez-.jpg?fit=1200%2C873&ssl=1&resize=350%2C200","width":350,"height":200,"srcset":"https:\/\/i0.wp.com\/casadecampoliving.com\/wp-content\/uploads\/2022\/10\/Tributo-Frank-Sinatra-Foto-Principal-Amaury-Sanchez-Danilo-Ginebra-Andres-Pichardo-y-Jose-Gabriel-Perez-.jpg?fit=1200%2C873&ssl=1&resize=350%2C200 1x, https:\/\/i0.wp.com\/casadecampoliving.com\/wp-content\/uploads\/2022\/10\/Tributo-Frank-Sinatra-Foto-Principal-Amaury-Sanchez-Danilo-Ginebra-Andres-Pichardo-y-Jose-Gabriel-Perez-.jpg?fit=1200%2C873&ssl=1&resize=525%2C300 1.5x, https:\/\/i0.wp.com\/casadecampoliving.com\/wp-content\/uploads\/2022\/10\/Tributo-Frank-Sinatra-Foto-Principal-Amaury-Sanchez-Danilo-Ginebra-Andres-Pichardo-y-Jose-Gabriel-Perez-.jpg?fit=1200%2C873&ssl=1&resize=700%2C400 2x, https:\/\/i0.wp.com\/casadecampoliving.com\/wp-content\/uploads\/2022\/10\/Tributo-Frank-Sinatra-Foto-Principal-Amaury-Sanchez-Danilo-Ginebra-Andres-Pichardo-y-Jose-Gabriel-Perez-.jpg?fit=1200%2C873&ssl=1&resize=1050%2C600 3x"},"classes":[]},{"id":348487,"url":"https:\/\/casadecampoliving.com\/es\/2016-altos-de-chavon-ricky-martin-chris-brown-juan-luis-guerra\/","url_meta":{"origin":347421,"position":1},"title":"2016 en Altos de Chav\u00f3n: Ricky Martin, Chris Brown y Juan Luis Guerra","author":"Carla Campos","date":"27 Oct, 2015","format":false,"excerpt":"\u00a1Ricky Martin, Chris Brown y Juan Luis Guerra vendr\u00e1n\u00a0al Anfiteatro de Altos de Chav\u00f3n! Gamal Hach\u00e9, co-productor del concierto de Enrique Iglesias programado para el pr\u00f3ximo s\u00e1bado, 7 de noviembre, ha confirmado que los tres artistas han reservado fecha para el 2016 a trav\u00e9s de su cuenta de Twitter. Casa\u2026","rel":"","context":"En \u00abAltos de Chavon @es\u00bb","block_context":{"text":"Altos de Chavon @es","link":"https:\/\/casadecampoliving.com\/category\/altos-de-chavon-es\/"},"img":{"alt_text":"concerts chavon 2016","src":"https:\/\/i0.wp.com\/casadecampoliving.com\/wp-content\/uploads\/2022\/10\/20125TourCCLV1-1.jpg?fit=650%2C450&ssl=1&resize=350%2C200","width":350,"height":200,"srcset":"https:\/\/i0.wp.com\/casadecampoliving.com\/wp-content\/uploads\/2022\/10\/20125TourCCLV1-1.jpg?fit=650%2C450&ssl=1&resize=350%2C200 1x, https:\/\/i0.wp.com\/casadecampoliving.com\/wp-content\/uploads\/2022\/10\/20125TourCCLV1-1.jpg?fit=650%2C450&ssl=1&resize=525%2C300 1.5x"},"classes":[]},{"id":348937,"url":"https:\/\/casadecampoliving.com\/es\/rumor-marc-anthony-junto-a-juan-luis-guerra-en-concierto-de-esta-noche\/","url_meta":{"origin":347421,"position":2},"title":"\u00a1Rumor! Marc Anthony junto a Juan Luis Guerra en concierto de esta noche!","author":"Perkin Agramonte","date":"30 Dic, 2015","format":false,"excerpt":"\u00bfHas o\u00eddo los rumores? Seg\u00fan elnuevodiario.com\u00a0el famoso salsero y due\u00f1o de villa en Casa de Campo, Marc Anthony est\u00e1 programado para hacer una aparici\u00f3n sorpresa en el concierto de Juan Luis Guerra esta noche en Altos de Chav\u00f3n! \u00a1Que interesante! As\u00ed que esta noche a las 8 pm, vamos a\u2026","rel":"","context":"En \u00abAltos de Chavon @es\u00bb","block_context":{"text":"Altos de Chavon @es","link":"https:\/\/casadecampoliving.com\/category\/altos-de-chavon-es\/"},"img":{"alt_text":"Marc Anthony Casa de Campo","src":"https:\/\/i0.wp.com\/casadecampoliving.com\/wp-content\/uploads\/2022\/10\/marc_anthony_casa_de_campo-1.jpg?fit=650%2C361&ssl=1&resize=350%2C200","width":350,"height":200,"srcset":"https:\/\/i0.wp.com\/casadecampoliving.com\/wp-content\/uploads\/2022\/10\/marc_anthony_casa_de_campo-1.jpg?fit=650%2C361&ssl=1&resize=350%2C200 1x, https:\/\/i0.wp.com\/casadecampoliving.com\/wp-content\/uploads\/2022\/10\/marc_anthony_casa_de_campo-1.jpg?fit=650%2C361&ssl=1&resize=525%2C300 1.5x"},"classes":[]},{"id":348977,"url":"https:\/\/casadecampoliving.com\/es\/fotos-juan-luis-guerra-altos-de-chavon\/","url_meta":{"origin":347421,"position":3},"title":"*FOTOS* Juan Lu\u00eds Guerra &#038; La 4.40 en Altos de Chav\u00f3n","author":"Felix Guerrero","date":"8 Ene, 2016","format":false,"excerpt":"Habiendo sido el 2015 un a\u00f1o tan maravilloso en todos los sentidos de la palabra, hab\u00eda que despedirlo de la manera correcta, y sin lugar a dudas esto fue lo que ocurri\u00f3 el pasado jueves 30 de diciembre, cuando\u00a0Juan Luis Guerra & la 4.40 trajeron su distintivo e inconfundible sonido\u2026","rel":"","context":"En \u00abAltos de Chavon @es\u00bb","block_context":{"text":"Altos de Chavon @es","link":"https:\/\/casadecampoliving.com\/category\/altos-de-chavon-es\/"},"img":{"alt_text":"Juan Luis Guerra AOD","src":"https:\/\/i0.wp.com\/casadecampoliving.com\/wp-content\/uploads\/2022\/10\/Juan-Luis-Guerra-AOD-1.jpg?fit=650%2C400&ssl=1&resize=350%2C200","width":350,"height":200,"srcset":"https:\/\/i0.wp.com\/casadecampoliving.com\/wp-content\/uploads\/2022\/10\/Juan-Luis-Guerra-AOD-1.jpg?fit=650%2C400&ssl=1&resize=350%2C200 1x, https:\/\/i0.wp.com\/casadecampoliving.com\/wp-content\/uploads\/2022\/10\/Juan-Luis-Guerra-AOD-1.jpg?fit=650%2C400&ssl=1&resize=525%2C300 1.5x"},"classes":[]},{"id":347560,"url":"https:\/\/casadecampoliving.com\/es\/se-agotaron-las-boletas-para-juan-luis-guerra\/","url_meta":{"origin":347421,"position":4},"title":"\u00a1Se agotaron las boletas para Juan Luis Guerra!","author":"Felix Guerrero","date":"19 Jun, 2015","format":false,"excerpt":"Terribles noticias para quienes no han podido comprar sus boletas para uno de los conciertos m\u00e1s esperados de Altos de Chav\u00f3n, Juan Luis Guerra y la 440. \u00a1Se han agotado las boletas! En un abrir y cerrar de ojos, se agotaron todas las boletas para la presentaci\u00f3n del cantautor y\u2026","rel":"","context":"En \u00abAltos de Chavon @es\u00bb","block_context":{"text":"Altos de Chavon @es","link":"https:\/\/casadecampoliving.com\/category\/altos-de-chavon-es\/"},"img":{"alt_text":"Juan Luis Guerra Sold Out","src":"https:\/\/i0.wp.com\/casadecampoliving.com\/wp-content\/uploads\/2022\/10\/Untitled-1-5.jpg?fit=650%2C640&ssl=1&resize=350%2C200","width":350,"height":200,"srcset":"https:\/\/i0.wp.com\/casadecampoliving.com\/wp-content\/uploads\/2022\/10\/Untitled-1-5.jpg?fit=650%2C640&ssl=1&resize=350%2C200 1x, https:\/\/i0.wp.com\/casadecampoliving.com\/wp-content\/uploads\/2022\/10\/Untitled-1-5.jpg?fit=650%2C640&ssl=1&resize=525%2C300 1.5x"},"classes":[]},{"id":347624,"url":"https:\/\/casadecampoliving.com\/es\/extraordinario-juan-luis-guerra\/","url_meta":{"origin":347421,"position":5},"title":"Extraordinario concierto de Juan Luis Guerra y la 440 en el Anfiteatro","author":"Carla Campos","date":"29 Jun, 2015","format":false,"excerpt":"A las 9:00pm en punto las luces se apagaron, empez\u00f3 a escucharse la guira y a retumbar la tambora; la multitud se estremeci\u00f3 mientras Juan Luis Guerra hac\u00eda su entrada al escenario y daba inicio a su primer concierto luego de 15 a\u00f1os de ausencia del Anfiteatro de Altos de\u2026","rel":"","context":"En \u00abAltos de Chavon @es\u00bb","block_context":{"text":"Altos de Chavon @es","link":"https:\/\/casadecampoliving.com\/category\/altos-de-chavon-es\/"},"img":{"alt_text":"Juan Luis Guerra Header","src":"https:\/\/i0.wp.com\/casadecampoliving.com\/wp-content\/uploads\/2022\/10\/DSC_0153-1-scaled.jpg?fit=1200%2C797&ssl=1&resize=350%2C200","width":350,"height":200,"srcset":"https:\/\/i0.wp.com\/casadecampoliving.com\/wp-content\/uploads\/2022\/10\/DSC_0153-1-scaled.jpg?fit=1200%2C797&ssl=1&resize=350%2C200 1x, https:\/\/i0.wp.com\/casadecampoliving.com\/wp-content\/uploads\/2022\/10\/DSC_0153-1-scaled.jpg?fit=1200%2C797&ssl=1&resize=525%2C300 1.5x, https:\/\/i0.wp.com\/casadecampoliving.com\/wp-content\/uploads\/2022\/10\/DSC_0153-1-scaled.jpg?fit=1200%2C797&ssl=1&resize=700%2C400 2x, https:\/\/i0.wp.com\/casadecampoliving.com\/wp-content\/uploads\/2022\/10\/DSC_0153-1-scaled.jpg?fit=1200%2C797&ssl=1&resize=1050%2C600 3x"},"classes":[]}],"jetpack_sharing_enabled":true,"_links":{"self":[{"href":"https:\/\/casadecampoliving.com\/es\/wp-json\/wp\/v2\/posts\/347421","targetHints":{"allow":["GET"]}}],"collection":[{"href":"https:\/\/casadecampoliving.com\/es\/wp-json\/wp\/v2\/posts"}],"about":[{"href":"https:\/\/casadecampoliving.com\/es\/wp-json\/wp\/v2\/types\/post"}],"author":[{"embeddable":true,"href":"https:\/\/casadecampoliving.com\/es\/wp-json\/wp\/v2\/users\/1097"}],"replies":[{"embeddable":true,"href":"https:\/\/casadecampoliving.com\/es\/wp-json\/wp\/v2\/comments?post=347421"}],"version-history":[{"count":1,"href":"https:\/\/casadecampoliving.com\/es\/wp-json\/wp\/v2\/posts\/347421\/revisions"}],"predecessor-version":[{"id":347422,"href":"https:\/\/casadecampoliving.com\/es\/wp-json\/wp\/v2\/posts\/347421\/revisions\/347422"}],"wp:featuredmedia":[{"embeddable":true,"href":"https:\/\/casadecampoliving.com\/es\/wp-json\/wp\/v2\/media\/301385"}],"wp:attachment":[{"href":"https:\/\/casadecampoliving.com\/es\/wp-json\/wp\/v2\/media?parent=347421"}],"wp:term":[{"taxonomy":"category","embeddable":true,"href":"https:\/\/casadecampoliving.com\/es\/wp-json\/wp\/v2\/categories?post=347421"},{"taxonomy":"post_tag","embeddable":true,"href":"https:\/\/casadecampoliving.com\/es\/wp-json\/wp\/v2\/tags?post=347421"},{"taxonomy":"newspack_spnsrs_tax","embeddable":true,"href":"https:\/\/casadecampoliving.com\/es\/wp-json\/wp\/v2\/newspack_spnsrs_tax?post=347421"}],"curies":[{"name":"wp","href":"https:\/\/api.w.org\/{rel}","templated":true}]}}