{"id":347325,"date":"2015-05-06T00:00:00","date_gmt":"2015-05-06T04:00:00","guid":{"rendered":"https:\/\/casadecampoliving.com\/recordatorio-1ra-caminata-por-la-educacion-de-la-fundacion-mir-este-sabado\/"},"modified":"2022-10-21T19:02:44","modified_gmt":"2022-10-21T23:02:44","slug":"recordatorio-1ra-caminata-por-la-educacion-de-la-fundacion-mir-este-sabado","status":"publish","type":"post","link":"https:\/\/casadecampoliving.com\/es\/recordatorio-1ra-caminata-por-la-educacion-de-la-fundacion-mir-este-sabado\/","title":{"rendered":"\u00a1Recordatorio! 1ra \u00abCaminata por la Educaci\u00f3n\u00bb de la Fundaci\u00f3n MIR este s\u00e1bado!"},"content":{"rendered":"<div class=\"wp-block-image\">\n<figure class=\"aligncenter is-resized\"><img loading=\"lazy\" decoding=\"async\" src=\"https:\/\/i0.wp.com\/casadecampoliving.com\/wp-content\/uploads\/2022\/10\/Fundacion_MIR_La_Romana_caminata.jpg?resize=650%2C468&amp;ssl=1\" alt=\"Fundacion_MIR_La_Romana_caminata\" class=\"wp-image-110815\" height=\"468\" width=\"650\"\/><\/figure>\n<\/div>\n\n\n<p>No olvide la primera \u201cCaminata por la Educaci\u00f3n\u201d de la Fundaci\u00f3n MIR este s\u00e1bado!<\/p>\n\n\n\n<!--more-->\n\n\n\n<p><a href=\"https:\/\/casadecampoliving.com\/es\/es-tiempo-de-la-1o-caminata-por-la-educacion-de-fundacion-mir\/\">Como le hab\u00edamos dicho antes<\/a>, este pr\u00f3ximo s\u00e1bado 9 de mayo, la Fundaci\u00f3n MIR celebrar\u00e1 su primera \u201cCaminata por la Educaci\u00f3n\u201d con el fin de recaudar fondos para continuar brindando educaci\u00f3n a los ni\u00f1os que asisten a sus 3 escuelas en La Romana.<\/p>\n\n\n\n<p>La Caminata iniciar\u00e1 a las 8am en el parque central Juan Pablo Duarte en La Romana, terminando en el Campo Nueva Esperanza, la escuela de ni\u00f1os de la Fundaci\u00f3n MIR en Buena Vista Norte. (Vea el mapa debajo) \u2013 La cuota de participaci\u00f3n es de RD$350 e incluye una camiseta.<\/p>\n\n\n\n<p>\u00a1Pero no termina ah\u00ed! Una vez que llegue a las instalaciones de la escuela Campo Nueva Esperanza, toda la familia tiene la oportunidad de relajarse y divertirse ya que habr\u00e1 una gran variedad de alimentos y bebidas a la venta.<\/p>\n\n\n\n<p>La Caminata por la Educaci\u00f3n es el primer evento de su tipo celebrado por la Fundaci\u00f3n MIR, y todos los fondos recaudados ser\u00e1n destinados a la clase de 2015, ya que ellos est\u00e1n organizando la actividad.<\/p>\n\n\n\n<p>Y puede que no sea oficialmente verano, pero como sabr\u00e1, aqu\u00ed en nuestro para\u00edso tropical tenemos un verano interminable \u00a1As\u00ed que no olvide de su gorra y bloqueador solar!<\/p>\n\n\n\n<p>\u00a1Esper\u00e1mos verlos all\u00e1!<\/p>\n\n\n\n<blockquote><p><strong>Caminata Por La Educaci\u00f3n Fundaci\u00f3n MIR<\/strong><\/p><p><strong>Fecha:<\/strong> S\u00e1bado, 9 de mayo, 8am<\/p><p><strong>Costo:<\/strong> RD$350<\/p><p><strong> Ruta:<br>\n<\/strong><\/p><figure><img decoding=\"async\" loading=\"lazy\" class=\"aligncenter size-full wp-image-110814\" src=\"https:\/\/i0.wp.com\/casadecampoliving.com\/wp-content\/uploads\/2022\/10\/undacion_MIR.jpg?resize=447%2C609&amp;ssl=1\" alt=\"undaci\u00f3n_MIR\" width=\"447\" height=\"609\"><\/figure><p><strong>Contacto:<\/strong> Fundaci\u00f3n MIR (809)-523-8270<\/p><\/blockquote>\n","protected":false},"excerpt":{"rendered":"<p>No olvide la primera \u201cCaminata por la Educaci\u00f3n\u201d de la Fundaci\u00f3n MIR este s\u00e1bado!<\/p>\n","protected":false},"author":34707,"featured_media":293888,"comment_status":"closed","ping_status":"closed","sticky":false,"template":"","format":"standard","meta":{"newspack_ads_suppress_ads":false,"newspack_popups_has_disabled_popups":false,"newspack_sponsor_sponsorship_scope":"","newspack_sponsor_native_byline_display":"inherit","newspack_sponsor_native_category_display":"inherit","newspack_sponsor_underwriter_style":"inherit","newspack_sponsor_underwriter_placement":"inherit","_newspack_byline_active":false,"_newspack_byline":"","newspack_hide_updated_date":false,"newspack_show_updated_date":false,"newspack_content_restriction_is_exempt":false,"newspack_featured_image_position":"","newspack_post_subtitle":"","newspack_article_summary_title":"Overview:","newspack_article_summary":"","_jetpack_memberships_contains_paid_content":false,"footnotes":"","jetpack_publicize_message":"","jetpack_publicize_feature_enabled":true,"jetpack_social_post_already_shared":false,"jetpack_social_options":{"image_generator_settings":{"template":"highway","default_image_id":0,"font":"","enabled":false},"version":2},"_wpas_customize_per_network":false},"categories":[2524,14631,2522,2515,2514,2507,2506,14625,14627],"tags":[12404,9439,7623,24715,18932],"newspack_spnsrs_tax":[],"class_list":["post-347325","post","type-post","status-publish","format-standard","has-post-thumbnail","hentry","category-destacados","category-estilo-de-vida","category-eventos-es","category-fundacion-mir-es","category-fundaciones-es","category-la-romana-es","category-mas-alla-de-casa-es","category-noticias-locales","category-proximamente","tag-caminata-por-la-educacion","tag-campo-nueva-esperanza-es","tag-caridad","tag-fundacion-mir-es","tag-la-romana-es-4","entry"],"yoast_head":"<!-- This site is optimized with the Yoast SEO plugin v27.5 - https:\/\/yoast.com\/product\/yoast-seo-wordpress\/ -->\n<title>\u00a1Recordatorio! 1ra &quot;Caminata por la Educaci\u00f3n&quot; de la Fundaci\u00f3n MIR este s\u00e1bado! | Casa de Campo Living<\/title>\n<meta name=\"description\" content=\"No olvide la primera \u201cCaminata por la Educaci\u00f3n\u201d de la Fundaci\u00f3n MIR este s\u00e1bado! Como le hab\u00edamos dicho antes, este pr\u00f3ximo s\u00e1bado 9 de mayo, la\" \/>\n<meta name=\"robots\" content=\"index, follow, max-snippet:-1, max-image-preview:large, max-video-preview:-1\" \/>\n<link rel=\"canonical\" href=\"https:\/\/casadecampoliving.com\/es\/recordatorio-1ra-caminata-por-la-educacion-de-la-fundacion-mir-este-sabado\/\" \/>\n<meta property=\"og:locale\" content=\"es_ES\" \/>\n<meta property=\"og:type\" content=\"article\" \/>\n<meta property=\"og:title\" content=\"\u00a1Recordatorio! 1ra &quot;Caminata por la Educaci\u00f3n&quot; de la Fundaci\u00f3n MIR este s\u00e1bado! | Casa de Campo Living\" \/>\n<meta property=\"og:description\" content=\"No olvide la primera \u201cCaminata por la Educaci\u00f3n\u201d de la Fundaci\u00f3n MIR este s\u00e1bado! Como le hab\u00edamos dicho antes, este pr\u00f3ximo s\u00e1bado 9 de mayo, la\" \/>\n<meta property=\"og:url\" content=\"https:\/\/casadecampoliving.com\/es\/recordatorio-1ra-caminata-por-la-educacion-de-la-fundacion-mir-este-sabado\/\" \/>\n<meta property=\"og:site_name\" content=\"Casa de Campo Living\" \/>\n<meta property=\"article:publisher\" content=\"https:\/\/www.facebook.com\/casadecampoliving\" \/>\n<meta property=\"article:published_time\" content=\"2015-05-06T04:00:00+00:00\" \/>\n<meta property=\"article:modified_time\" content=\"2022-10-21T23:02:44+00:00\" \/>\n<meta property=\"og:image\" content=\"https:\/\/i0.wp.com\/casadecampoliving.com\/wp-content\/uploads\/2022\/10\/Fundacion_MIR_La_Romana_caminata-1.jpg?fit=650%2C468&ssl=1\" \/>\n\t<meta property=\"og:image:width\" content=\"650\" \/>\n\t<meta property=\"og:image:height\" content=\"468\" \/>\n\t<meta property=\"og:image:type\" content=\"image\/jpeg\" \/>\n<meta name=\"author\" content=\"Felix Guerrero\" \/>\n<meta name=\"twitter:card\" content=\"summary_large_image\" \/>\n<meta name=\"twitter:creator\" content=\"@cdcliving\" \/>\n<meta name=\"twitter:site\" content=\"@cdcliving\" \/>\n<meta name=\"twitter:label1\" content=\"Escrito por\" \/>\n\t<meta name=\"twitter:data1\" content=\"Felix Guerrero\" \/>\n\t<meta name=\"twitter:label2\" content=\"Tiempo de lectura\" \/>\n\t<meta name=\"twitter:data2\" content=\"1 minuto\" \/>\n<script type=\"application\/ld+json\" class=\"yoast-schema-graph\">{\"@context\":\"https:\\\/\\\/schema.org\",\"@graph\":[{\"@type\":\"Article\",\"@id\":\"https:\\\/\\\/casadecampoliving.com\\\/es\\\/recordatorio-1ra-caminata-por-la-educacion-de-la-fundacion-mir-este-sabado\\\/#article\",\"isPartOf\":{\"@id\":\"https:\\\/\\\/casadecampoliving.com\\\/es\\\/recordatorio-1ra-caminata-por-la-educacion-de-la-fundacion-mir-este-sabado\\\/\"},\"author\":{\"name\":\"Felix Guerrero\",\"@id\":\"https:\\\/\\\/casadecampoliving.com\\\/es\\\/#\\\/schema\\\/person\\\/0d45cfc6e376a2f15ac9a92421bd4451\"},\"headline\":\"\u00a1Recordatorio! 1ra \u00abCaminata por la Educaci\u00f3n\u00bb de la Fundaci\u00f3n MIR este s\u00e1bado!\",\"datePublished\":\"2015-05-06T04:00:00+00:00\",\"dateModified\":\"2022-10-21T23:02:44+00:00\",\"mainEntityOfPage\":{\"@id\":\"https:\\\/\\\/casadecampoliving.com\\\/es\\\/recordatorio-1ra-caminata-por-la-educacion-de-la-fundacion-mir-este-sabado\\\/\"},\"wordCount\":268,\"publisher\":{\"@id\":\"https:\\\/\\\/casadecampoliving.com\\\/es\\\/#organization\"},\"image\":{\"@id\":\"https:\\\/\\\/casadecampoliving.com\\\/es\\\/recordatorio-1ra-caminata-por-la-educacion-de-la-fundacion-mir-este-sabado\\\/#primaryimage\"},\"thumbnailUrl\":\"https:\\\/\\\/i0.wp.com\\\/casadecampoliving.com\\\/wp-content\\\/uploads\\\/2022\\\/10\\\/Fundacion_MIR_La_Romana_caminata-1.jpg?fit=650%2C468&ssl=1\",\"keywords\":[\"Caminata por la Educaci\u00f3n\",\"campo nueva esperanza @es\",\"caridad\",\"Fundacion MIR\",\"La Romana\"],\"articleSection\":[\"Destacados\",\"Estilo de Vida\",\"Eventos\",\"Fundaci\u00f3n MIR @es\",\"Fundaciones\",\"La Romana @es\",\"M\u00e1s all\u00e1 de Casa\",\"Noticias Locales\",\"Proximamente\"],\"inLanguage\":\"es\"},{\"@type\":\"WebPage\",\"@id\":\"https:\\\/\\\/casadecampoliving.com\\\/es\\\/recordatorio-1ra-caminata-por-la-educacion-de-la-fundacion-mir-este-sabado\\\/\",\"url\":\"https:\\\/\\\/casadecampoliving.com\\\/es\\\/recordatorio-1ra-caminata-por-la-educacion-de-la-fundacion-mir-este-sabado\\\/\",\"name\":\"\u00a1Recordatorio! 1ra \\\"Caminata por la Educaci\u00f3n\\\" de la Fundaci\u00f3n MIR este s\u00e1bado! | Casa de Campo Living\",\"isPartOf\":{\"@id\":\"https:\\\/\\\/casadecampoliving.com\\\/es\\\/#website\"},\"primaryImageOfPage\":{\"@id\":\"https:\\\/\\\/casadecampoliving.com\\\/es\\\/recordatorio-1ra-caminata-por-la-educacion-de-la-fundacion-mir-este-sabado\\\/#primaryimage\"},\"image\":{\"@id\":\"https:\\\/\\\/casadecampoliving.com\\\/es\\\/recordatorio-1ra-caminata-por-la-educacion-de-la-fundacion-mir-este-sabado\\\/#primaryimage\"},\"thumbnailUrl\":\"https:\\\/\\\/i0.wp.com\\\/casadecampoliving.com\\\/wp-content\\\/uploads\\\/2022\\\/10\\\/Fundacion_MIR_La_Romana_caminata-1.jpg?fit=650%2C468&ssl=1\",\"datePublished\":\"2015-05-06T04:00:00+00:00\",\"dateModified\":\"2022-10-21T23:02:44+00:00\",\"description\":\"No olvide la primera \u201cCaminata por la Educaci\u00f3n\u201d de la Fundaci\u00f3n MIR este s\u00e1bado! Como le hab\u00edamos dicho antes, este pr\u00f3ximo s\u00e1bado 9 de mayo, la\",\"breadcrumb\":{\"@id\":\"https:\\\/\\\/casadecampoliving.com\\\/es\\\/recordatorio-1ra-caminata-por-la-educacion-de-la-fundacion-mir-este-sabado\\\/#breadcrumb\"},\"inLanguage\":\"es\",\"potentialAction\":[{\"@type\":\"ReadAction\",\"target\":[\"https:\\\/\\\/casadecampoliving.com\\\/es\\\/recordatorio-1ra-caminata-por-la-educacion-de-la-fundacion-mir-este-sabado\\\/\"]}]},{\"@type\":\"ImageObject\",\"inLanguage\":\"es\",\"@id\":\"https:\\\/\\\/casadecampoliving.com\\\/es\\\/recordatorio-1ra-caminata-por-la-educacion-de-la-fundacion-mir-este-sabado\\\/#primaryimage\",\"url\":\"https:\\\/\\\/i0.wp.com\\\/casadecampoliving.com\\\/wp-content\\\/uploads\\\/2022\\\/10\\\/Fundacion_MIR_La_Romana_caminata-1.jpg?fit=650%2C468&ssl=1\",\"contentUrl\":\"https:\\\/\\\/i0.wp.com\\\/casadecampoliving.com\\\/wp-content\\\/uploads\\\/2022\\\/10\\\/Fundacion_MIR_La_Romana_caminata-1.jpg?fit=650%2C468&ssl=1\",\"width\":650,\"height\":468},{\"@type\":\"BreadcrumbList\",\"@id\":\"https:\\\/\\\/casadecampoliving.com\\\/es\\\/recordatorio-1ra-caminata-por-la-educacion-de-la-fundacion-mir-este-sabado\\\/#breadcrumb\",\"itemListElement\":[{\"@type\":\"ListItem\",\"position\":1,\"name\":\"Home\",\"item\":\"https:\\\/\\\/casadecampoliving.com\\\/es\\\/\"},{\"@type\":\"ListItem\",\"position\":2,\"name\":\"\u00a1Recordatorio! 1ra &#8220;Caminata por la Educaci\u00f3n&#8221; de la Fundaci\u00f3n MIR este s\u00e1bado!\"}]},{\"@type\":\"WebSite\",\"@id\":\"https:\\\/\\\/casadecampoliving.com\\\/es\\\/#website\",\"url\":\"https:\\\/\\\/casadecampoliving.com\\\/es\\\/\",\"name\":\"Casa de Campo Living\",\"description\":\"Resort community news and resources.\",\"publisher\":{\"@id\":\"https:\\\/\\\/casadecampoliving.com\\\/es\\\/#organization\"},\"potentialAction\":[{\"@type\":\"SearchAction\",\"target\":{\"@type\":\"EntryPoint\",\"urlTemplate\":\"https:\\\/\\\/casadecampoliving.com\\\/es\\\/?s={search_term_string}\"},\"query-input\":{\"@type\":\"PropertyValueSpecification\",\"valueRequired\":true,\"valueName\":\"search_term_string\"}}],\"inLanguage\":\"es\"},{\"@type\":\"Organization\",\"@id\":\"https:\\\/\\\/casadecampoliving.com\\\/es\\\/#organization\",\"name\":\"Casa de Campo Living\",\"url\":\"https:\\\/\\\/casadecampoliving.com\\\/es\\\/\",\"logo\":{\"@type\":\"ImageObject\",\"inLanguage\":\"es\",\"@id\":\"https:\\\/\\\/casadecampoliving.com\\\/es\\\/#\\\/schema\\\/logo\\\/image\\\/\",\"url\":\"https:\\\/\\\/i0.wp.com\\\/casadecampoliving.com\\\/wp-content\\\/uploads\\\/2022\\\/07\\\/CDCLivingLogo_V1-white-sized.png?fit=800%2C214&ssl=1\",\"contentUrl\":\"https:\\\/\\\/i0.wp.com\\\/casadecampoliving.com\\\/wp-content\\\/uploads\\\/2022\\\/07\\\/CDCLivingLogo_V1-white-sized.png?fit=800%2C214&ssl=1\",\"width\":800,\"height\":214,\"caption\":\"Casa de Campo Living\"},\"image\":{\"@id\":\"https:\\\/\\\/casadecampoliving.com\\\/es\\\/#\\\/schema\\\/logo\\\/image\\\/\"},\"sameAs\":[\"https:\\\/\\\/www.facebook.com\\\/casadecampoliving\",\"https:\\\/\\\/x.com\\\/cdcliving\"]},{\"@type\":\"Person\",\"@id\":\"https:\\\/\\\/casadecampoliving.com\\\/es\\\/#\\\/schema\\\/person\\\/0d45cfc6e376a2f15ac9a92421bd4451\",\"name\":\"Felix Guerrero\",\"image\":{\"@type\":\"ImageObject\",\"inLanguage\":\"es\",\"@id\":\"https:\\\/\\\/secure.gravatar.com\\\/avatar\\\/14a8050b9491854cab6ae2240dcb42ad0fad787b7fa453ad0991fd1262157df3?s=96&d=mm&r=g\",\"url\":\"https:\\\/\\\/secure.gravatar.com\\\/avatar\\\/14a8050b9491854cab6ae2240dcb42ad0fad787b7fa453ad0991fd1262157df3?s=96&d=mm&r=g\",\"contentUrl\":\"https:\\\/\\\/secure.gravatar.com\\\/avatar\\\/14a8050b9491854cab6ae2240dcb42ad0fad787b7fa453ad0991fd1262157df3?s=96&d=mm&r=g\",\"caption\":\"Felix Guerrero\"},\"url\":\"https:\\\/\\\/casadecampoliving.com\\\/es\\\/author\\\/fguerrero\\\/\"}]}<\/script>\n<!-- \/ Yoast SEO plugin. -->","yoast_head_json":{"title":"\u00a1Recordatorio! 1ra \"Caminata por la Educaci\u00f3n\" de la Fundaci\u00f3n MIR este s\u00e1bado! | Casa de Campo Living","description":"No olvide la primera \u201cCaminata por la Educaci\u00f3n\u201d de la Fundaci\u00f3n MIR este s\u00e1bado! Como le hab\u00edamos dicho antes, este pr\u00f3ximo s\u00e1bado 9 de mayo, la","robots":{"index":"index","follow":"follow","max-snippet":"max-snippet:-1","max-image-preview":"max-image-preview:large","max-video-preview":"max-video-preview:-1"},"canonical":"https:\/\/casadecampoliving.com\/es\/recordatorio-1ra-caminata-por-la-educacion-de-la-fundacion-mir-este-sabado\/","og_locale":"es_ES","og_type":"article","og_title":"\u00a1Recordatorio! 1ra \"Caminata por la Educaci\u00f3n\" de la Fundaci\u00f3n MIR este s\u00e1bado! | Casa de Campo Living","og_description":"No olvide la primera \u201cCaminata por la Educaci\u00f3n\u201d de la Fundaci\u00f3n MIR este s\u00e1bado! Como le hab\u00edamos dicho antes, este pr\u00f3ximo s\u00e1bado 9 de mayo, la","og_url":"https:\/\/casadecampoliving.com\/es\/recordatorio-1ra-caminata-por-la-educacion-de-la-fundacion-mir-este-sabado\/","og_site_name":"Casa de Campo Living","article_publisher":"https:\/\/www.facebook.com\/casadecampoliving","article_published_time":"2015-05-06T04:00:00+00:00","article_modified_time":"2022-10-21T23:02:44+00:00","og_image":[{"width":650,"height":468,"url":"https:\/\/i0.wp.com\/casadecampoliving.com\/wp-content\/uploads\/2022\/10\/Fundacion_MIR_La_Romana_caminata-1.jpg?fit=650%2C468&ssl=1","type":"image\/jpeg"}],"author":"Felix Guerrero","twitter_card":"summary_large_image","twitter_creator":"@cdcliving","twitter_site":"@cdcliving","twitter_misc":{"Escrito por":"Felix Guerrero","Tiempo de lectura":"1 minuto"},"schema":{"@context":"https:\/\/schema.org","@graph":[{"@type":"Article","@id":"https:\/\/casadecampoliving.com\/es\/recordatorio-1ra-caminata-por-la-educacion-de-la-fundacion-mir-este-sabado\/#article","isPartOf":{"@id":"https:\/\/casadecampoliving.com\/es\/recordatorio-1ra-caminata-por-la-educacion-de-la-fundacion-mir-este-sabado\/"},"author":{"name":"Felix Guerrero","@id":"https:\/\/casadecampoliving.com\/es\/#\/schema\/person\/0d45cfc6e376a2f15ac9a92421bd4451"},"headline":"\u00a1Recordatorio! 1ra \u00abCaminata por la Educaci\u00f3n\u00bb de la Fundaci\u00f3n MIR este s\u00e1bado!","datePublished":"2015-05-06T04:00:00+00:00","dateModified":"2022-10-21T23:02:44+00:00","mainEntityOfPage":{"@id":"https:\/\/casadecampoliving.com\/es\/recordatorio-1ra-caminata-por-la-educacion-de-la-fundacion-mir-este-sabado\/"},"wordCount":268,"publisher":{"@id":"https:\/\/casadecampoliving.com\/es\/#organization"},"image":{"@id":"https:\/\/casadecampoliving.com\/es\/recordatorio-1ra-caminata-por-la-educacion-de-la-fundacion-mir-este-sabado\/#primaryimage"},"thumbnailUrl":"https:\/\/i0.wp.com\/casadecampoliving.com\/wp-content\/uploads\/2022\/10\/Fundacion_MIR_La_Romana_caminata-1.jpg?fit=650%2C468&ssl=1","keywords":["Caminata por la Educaci\u00f3n","campo nueva esperanza @es","caridad","Fundacion MIR","La Romana"],"articleSection":["Destacados","Estilo de Vida","Eventos","Fundaci\u00f3n MIR @es","Fundaciones","La Romana @es","M\u00e1s all\u00e1 de Casa","Noticias Locales","Proximamente"],"inLanguage":"es"},{"@type":"WebPage","@id":"https:\/\/casadecampoliving.com\/es\/recordatorio-1ra-caminata-por-la-educacion-de-la-fundacion-mir-este-sabado\/","url":"https:\/\/casadecampoliving.com\/es\/recordatorio-1ra-caminata-por-la-educacion-de-la-fundacion-mir-este-sabado\/","name":"\u00a1Recordatorio! 1ra \"Caminata por la Educaci\u00f3n\" de la Fundaci\u00f3n MIR este s\u00e1bado! | Casa de Campo Living","isPartOf":{"@id":"https:\/\/casadecampoliving.com\/es\/#website"},"primaryImageOfPage":{"@id":"https:\/\/casadecampoliving.com\/es\/recordatorio-1ra-caminata-por-la-educacion-de-la-fundacion-mir-este-sabado\/#primaryimage"},"image":{"@id":"https:\/\/casadecampoliving.com\/es\/recordatorio-1ra-caminata-por-la-educacion-de-la-fundacion-mir-este-sabado\/#primaryimage"},"thumbnailUrl":"https:\/\/i0.wp.com\/casadecampoliving.com\/wp-content\/uploads\/2022\/10\/Fundacion_MIR_La_Romana_caminata-1.jpg?fit=650%2C468&ssl=1","datePublished":"2015-05-06T04:00:00+00:00","dateModified":"2022-10-21T23:02:44+00:00","description":"No olvide la primera \u201cCaminata por la Educaci\u00f3n\u201d de la Fundaci\u00f3n MIR este s\u00e1bado! Como le hab\u00edamos dicho antes, este pr\u00f3ximo s\u00e1bado 9 de mayo, la","breadcrumb":{"@id":"https:\/\/casadecampoliving.com\/es\/recordatorio-1ra-caminata-por-la-educacion-de-la-fundacion-mir-este-sabado\/#breadcrumb"},"inLanguage":"es","potentialAction":[{"@type":"ReadAction","target":["https:\/\/casadecampoliving.com\/es\/recordatorio-1ra-caminata-por-la-educacion-de-la-fundacion-mir-este-sabado\/"]}]},{"@type":"ImageObject","inLanguage":"es","@id":"https:\/\/casadecampoliving.com\/es\/recordatorio-1ra-caminata-por-la-educacion-de-la-fundacion-mir-este-sabado\/#primaryimage","url":"https:\/\/i0.wp.com\/casadecampoliving.com\/wp-content\/uploads\/2022\/10\/Fundacion_MIR_La_Romana_caminata-1.jpg?fit=650%2C468&ssl=1","contentUrl":"https:\/\/i0.wp.com\/casadecampoliving.com\/wp-content\/uploads\/2022\/10\/Fundacion_MIR_La_Romana_caminata-1.jpg?fit=650%2C468&ssl=1","width":650,"height":468},{"@type":"BreadcrumbList","@id":"https:\/\/casadecampoliving.com\/es\/recordatorio-1ra-caminata-por-la-educacion-de-la-fundacion-mir-este-sabado\/#breadcrumb","itemListElement":[{"@type":"ListItem","position":1,"name":"Home","item":"https:\/\/casadecampoliving.com\/es\/"},{"@type":"ListItem","position":2,"name":"\u00a1Recordatorio! 1ra &#8220;Caminata por la Educaci\u00f3n&#8221; de la Fundaci\u00f3n MIR este s\u00e1bado!"}]},{"@type":"WebSite","@id":"https:\/\/casadecampoliving.com\/es\/#website","url":"https:\/\/casadecampoliving.com\/es\/","name":"Casa de Campo Living","description":"Resort community news and resources.","publisher":{"@id":"https:\/\/casadecampoliving.com\/es\/#organization"},"potentialAction":[{"@type":"SearchAction","target":{"@type":"EntryPoint","urlTemplate":"https:\/\/casadecampoliving.com\/es\/?s={search_term_string}"},"query-input":{"@type":"PropertyValueSpecification","valueRequired":true,"valueName":"search_term_string"}}],"inLanguage":"es"},{"@type":"Organization","@id":"https:\/\/casadecampoliving.com\/es\/#organization","name":"Casa de Campo Living","url":"https:\/\/casadecampoliving.com\/es\/","logo":{"@type":"ImageObject","inLanguage":"es","@id":"https:\/\/casadecampoliving.com\/es\/#\/schema\/logo\/image\/","url":"https:\/\/i0.wp.com\/casadecampoliving.com\/wp-content\/uploads\/2022\/07\/CDCLivingLogo_V1-white-sized.png?fit=800%2C214&ssl=1","contentUrl":"https:\/\/i0.wp.com\/casadecampoliving.com\/wp-content\/uploads\/2022\/07\/CDCLivingLogo_V1-white-sized.png?fit=800%2C214&ssl=1","width":800,"height":214,"caption":"Casa de Campo Living"},"image":{"@id":"https:\/\/casadecampoliving.com\/es\/#\/schema\/logo\/image\/"},"sameAs":["https:\/\/www.facebook.com\/casadecampoliving","https:\/\/x.com\/cdcliving"]},{"@type":"Person","@id":"https:\/\/casadecampoliving.com\/es\/#\/schema\/person\/0d45cfc6e376a2f15ac9a92421bd4451","name":"Felix Guerrero","image":{"@type":"ImageObject","inLanguage":"es","@id":"https:\/\/secure.gravatar.com\/avatar\/14a8050b9491854cab6ae2240dcb42ad0fad787b7fa453ad0991fd1262157df3?s=96&d=mm&r=g","url":"https:\/\/secure.gravatar.com\/avatar\/14a8050b9491854cab6ae2240dcb42ad0fad787b7fa453ad0991fd1262157df3?s=96&d=mm&r=g","contentUrl":"https:\/\/secure.gravatar.com\/avatar\/14a8050b9491854cab6ae2240dcb42ad0fad787b7fa453ad0991fd1262157df3?s=96&d=mm&r=g","caption":"Felix Guerrero"},"url":"https:\/\/casadecampoliving.com\/es\/author\/fguerrero\/"}]}},"parsely":{"version":"1.1.0","canonical_url":"https:\/\/casadecampoliving.com\/es\/recordatorio-1ra-caminata-por-la-educacion-de-la-fundacion-mir-este-sabado\/","smart_links":{"inbound":0,"outbound":0},"traffic_boost_suggestions_count":0,"meta":{"@context":"https:\/\/schema.org","@type":"NewsArticle","headline":"\u00a1Recordatorio! 1ra \u00abCaminata por la Educaci\u00f3n\u00bb de la Fundaci\u00f3n MIR este s\u00e1bado!","url":"http:\/\/casadecampoliving.com\/es\/recordatorio-1ra-caminata-por-la-educacion-de-la-fundacion-mir-este-sabado\/","mainEntityOfPage":{"@type":"WebPage","@id":"http:\/\/casadecampoliving.com\/es\/recordatorio-1ra-caminata-por-la-educacion-de-la-fundacion-mir-este-sabado\/"},"thumbnailUrl":"https:\/\/i0.wp.com\/casadecampoliving.com\/wp-content\/uploads\/2022\/10\/Fundacion_MIR_La_Romana_caminata-1.jpg?resize=150%2C150&ssl=1","image":{"@type":"ImageObject","url":"https:\/\/i0.wp.com\/casadecampoliving.com\/wp-content\/uploads\/2022\/10\/Fundacion_MIR_La_Romana_caminata-1.jpg?fit=650%2C468&ssl=1"},"articleSection":"Destacados","author":[{"@type":"Person","name":"Felix Guerrero"}],"creator":["Felix Guerrero"],"publisher":{"@type":"Organization","name":"Casa de Campo Living","logo":"https:\/\/casadecampoliving.com\/wp-content\/uploads\/2022\/07\/CDCLivingLogo_V1-white-sized.png"},"keywords":["caminata por la educaci\u00f3n","campo nueva esperanza @es","caridad","fundacion mir","la romana"],"dateCreated":"2015-05-06T04:00:00Z","datePublished":"2015-05-06T04:00:00Z","dateModified":"2022-10-21T23:02:44Z"},"rendered":"<script type=\"application\/ld+json\" class=\"wp-parsely-metadata\">{\"@context\":\"https:\\\/\\\/schema.org\",\"@type\":\"NewsArticle\",\"headline\":\"\\u00a1Recordatorio! 1ra \\u00abCaminata por la Educaci\\u00f3n\\u00bb de la Fundaci\\u00f3n MIR este s\\u00e1bado!\",\"url\":\"http:\\\/\\\/casadecampoliving.com\\\/es\\\/recordatorio-1ra-caminata-por-la-educacion-de-la-fundacion-mir-este-sabado\\\/\",\"mainEntityOfPage\":{\"@type\":\"WebPage\",\"@id\":\"http:\\\/\\\/casadecampoliving.com\\\/es\\\/recordatorio-1ra-caminata-por-la-educacion-de-la-fundacion-mir-este-sabado\\\/\"},\"thumbnailUrl\":\"https:\\\/\\\/i0.wp.com\\\/casadecampoliving.com\\\/wp-content\\\/uploads\\\/2022\\\/10\\\/Fundacion_MIR_La_Romana_caminata-1.jpg?resize=150%2C150&ssl=1\",\"image\":{\"@type\":\"ImageObject\",\"url\":\"https:\\\/\\\/i0.wp.com\\\/casadecampoliving.com\\\/wp-content\\\/uploads\\\/2022\\\/10\\\/Fundacion_MIR_La_Romana_caminata-1.jpg?fit=650%2C468&ssl=1\"},\"articleSection\":\"Destacados\",\"author\":[{\"@type\":\"Person\",\"name\":\"Felix Guerrero\"}],\"creator\":[\"Felix Guerrero\"],\"publisher\":{\"@type\":\"Organization\",\"name\":\"Casa de Campo Living\",\"logo\":\"https:\\\/\\\/casadecampoliving.com\\\/wp-content\\\/uploads\\\/2022\\\/07\\\/CDCLivingLogo_V1-white-sized.png\"},\"keywords\":[\"caminata por la educaci\\u00f3n\",\"campo nueva esperanza @es\",\"caridad\",\"fundacion mir\",\"la romana\"],\"dateCreated\":\"2015-05-06T04:00:00Z\",\"datePublished\":\"2015-05-06T04:00:00Z\",\"dateModified\":\"2022-10-21T23:02:44Z\"}<\/script>","tracker_url":"https:\/\/cdn.parsely.com\/keys\/casadecampoliving.com\/p.js"},"jetpack_publicize_connections":[],"jetpack_featured_media_url":"https:\/\/i0.wp.com\/casadecampoliving.com\/wp-content\/uploads\/2022\/10\/Fundacion_MIR_La_Romana_caminata-1.jpg?fit=650%2C468&ssl=1","jetpack-related-posts":[{"id":347247,"url":"https:\/\/casadecampoliving.com\/es\/es-tiempo-de-la-1o-caminata-por-la-educacion-de-fundacion-mir\/","url_meta":{"origin":347325,"position":0},"title":"Es tiempo de la 1\u00ba Caminata por la Educaci\u00f3n de Fundaci\u00f3n MIR","author":"Perkin Agramonte","date":"21 Abr, 2015","format":false,"excerpt":"\u00a1Mas vale que tengan listas sus zapatillas deportivas para la Caminata por la Educaci\u00f3n de Fundaci\u00f3n MIR! Para el s\u00e1bado 9 de mayo Fundaci\u00f3n MIR est\u00e1 organizando una caminata\u00a0con el fin de recaudar fondos para continuar los programas que ofrecen para los ni\u00f1os que asisten a sus 3 escuelas en\u2026","rel":"","context":"En \u00abCasa de Campo Living @es\u00bb","block_context":{"text":"Casa de Campo Living @es","link":"https:\/\/casadecampoliving.com\/category\/casa-de-campo-living-es\/"},"img":{"alt_text":"","src":"https:\/\/i0.wp.com\/casadecampoliving.com\/wp-content\/uploads\/2022\/10\/Fundacion_MIR_La_Romana_caminata-1.jpg?fit=650%2C468&ssl=1&resize=350%2C200","width":350,"height":200,"srcset":"https:\/\/i0.wp.com\/casadecampoliving.com\/wp-content\/uploads\/2022\/10\/Fundacion_MIR_La_Romana_caminata-1.jpg?fit=650%2C468&ssl=1&resize=350%2C200 1x, https:\/\/i0.wp.com\/casadecampoliving.com\/wp-content\/uploads\/2022\/10\/Fundacion_MIR_La_Romana_caminata-1.jpg?fit=650%2C468&ssl=1&resize=525%2C300 1.5x"},"classes":[]},{"id":347401,"url":"https:\/\/casadecampoliving.com\/es\/caminan-por-la-educacion-junto-a-la-fundacion-mir\/","url_meta":{"origin":347325,"position":1},"title":"600 personas caminan por la educaci\u00f3n junto a la Fundaci\u00f3n MIR","author":"Felix Guerrero","date":"16 May, 2015","format":false,"excerpt":"El pasado s\u00e1bado 9 de mayo, la Fundaci\u00f3n MIR celebr\u00f3 su primera \u201cCaminata por la Educaci\u00f3n\u201d \u00a1a la cual asistieron 600 personas! Anunciamos el evento por primera vez el martes 21 de abril e hicimos un recordatorio el mi\u00e9rcoles 6 de mayo, justamente 3 d\u00edas antes de que se llevase\u2026","rel":"","context":"En \u00abM\u00e1s all\u00e1 de Casa\u00bb","block_context":{"text":"M\u00e1s all\u00e1 de Casa","link":"https:\/\/casadecampoliving.com\/es\/category\/mas-alla-de-casa-es\/"},"img":{"alt_text":"Fundaci\u00f3n Mir Fun Run header","src":"https:\/\/i0.wp.com\/casadecampoliving.com\/wp-content\/uploads\/2022\/10\/Fundacion_Mir_Fun_Run_17.jpg?fit=1200%2C857&ssl=1&resize=350%2C200","width":350,"height":200,"srcset":"https:\/\/i0.wp.com\/casadecampoliving.com\/wp-content\/uploads\/2022\/10\/Fundacion_Mir_Fun_Run_17.jpg?fit=1200%2C857&ssl=1&resize=350%2C200 1x, https:\/\/i0.wp.com\/casadecampoliving.com\/wp-content\/uploads\/2022\/10\/Fundacion_Mir_Fun_Run_17.jpg?fit=1200%2C857&ssl=1&resize=525%2C300 1.5x, https:\/\/i0.wp.com\/casadecampoliving.com\/wp-content\/uploads\/2022\/10\/Fundacion_Mir_Fun_Run_17.jpg?fit=1200%2C857&ssl=1&resize=700%2C400 2x, https:\/\/i0.wp.com\/casadecampoliving.com\/wp-content\/uploads\/2022\/10\/Fundacion_Mir_Fun_Run_17.jpg?fit=1200%2C857&ssl=1&resize=1050%2C600 3x"},"classes":[]},{"id":348689,"url":"https:\/\/casadecampoliving.com\/es\/agradecimiento-una-mirada-retrospectiva-a-mir\/","url_meta":{"origin":347325,"position":2},"title":"Acci\u00f3n de Gracias: una mirada retrospectiva a MIR","author":"Perkin Agramonte","date":"26 Nov, 2015","format":false,"excerpt":"Este ha sido un a\u00f1o fabuloso; la comunidad ha apoyado muchas\u00a0obras de caridad y ha donado su tiempo y energ\u00eda para retribuir y ayudar a los necesitados. Analizando\u00a0los \u00faltimos meses, Fundaci\u00f3n MIR celebr\u00f3 su 25\u00ba Retiro Espiritual Anual, se benefici\u00f3 con el Fin de Semana Familiar Fundaci\u00f3n MIR, reuni\u00f3\u00a0600 personas\u2026","rel":"","context":"En \u00abAltos de Chavon @es\u00bb","block_context":{"text":"Altos de Chavon @es","link":"https:\/\/casadecampoliving.com\/category\/altos-de-chavon-es\/"},"img":{"alt_text":"MIR THANKSGIVING","src":"https:\/\/i0.wp.com\/casadecampoliving.com\/wp-content\/uploads\/2022\/10\/CARD-THANKSGIVING-SPANISH-copy.jpg?fit=1046%2C912&ssl=1&resize=350%2C200","width":350,"height":200,"srcset":"https:\/\/i0.wp.com\/casadecampoliving.com\/wp-content\/uploads\/2022\/10\/CARD-THANKSGIVING-SPANISH-copy.jpg?fit=1046%2C912&ssl=1&resize=350%2C200 1x, https:\/\/i0.wp.com\/casadecampoliving.com\/wp-content\/uploads\/2022\/10\/CARD-THANKSGIVING-SPANISH-copy.jpg?fit=1046%2C912&ssl=1&resize=525%2C300 1.5x, https:\/\/i0.wp.com\/casadecampoliving.com\/wp-content\/uploads\/2022\/10\/CARD-THANKSGIVING-SPANISH-copy.jpg?fit=1046%2C912&ssl=1&resize=700%2C400 2x"},"classes":[]},{"id":525809,"url":"https:\/\/casadecampoliving.com\/es\/unase-este-sabado-al-evento-golf-por-la-educacion-de-la-fundacion-mir\/","url_meta":{"origin":347325,"position":3},"title":"\u00a1\u00danase este s\u00e1bado al evento Golf por la educaci\u00f3n de la Fundaci\u00f3n MIR!","author":"Casa de Campo Living","date":"8 Ene, 2024","format":false,"excerpt":"\u00a1Este s\u00e1bado 13 de enero es el gran d\u00eda para el evento Golf por la educaci\u00f3n de la Fundaci\u00f3n MIR en La Romana Country Club! No se trata solo de una partida de golf, sino de una oportunidad para marcar una verdadera diferencia. Desde 1990, la Fundaci\u00f3n MIR, fundada por\u2026","rel":"","context":"En \u00abCountry Club La Romana\u00bb","block_context":{"text":"Country Club La Romana","link":"https:\/\/casadecampoliving.com\/es\/category\/country-club-la-romana-es\/"},"img":{"alt_text":"","src":"https:\/\/i0.wp.com\/casadecampoliving.com\/wp-content\/uploads\/2023\/01\/2023-Magical-Splendor-MIR-Golf-9.png?fit=1200%2C800&ssl=1&resize=350%2C200","width":350,"height":200,"srcset":"https:\/\/i0.wp.com\/casadecampoliving.com\/wp-content\/uploads\/2023\/01\/2023-Magical-Splendor-MIR-Golf-9.png?fit=1200%2C800&ssl=1&resize=350%2C200 1x, https:\/\/i0.wp.com\/casadecampoliving.com\/wp-content\/uploads\/2023\/01\/2023-Magical-Splendor-MIR-Golf-9.png?fit=1200%2C800&ssl=1&resize=525%2C300 1.5x, https:\/\/i0.wp.com\/casadecampoliving.com\/wp-content\/uploads\/2023\/01\/2023-Magical-Splendor-MIR-Golf-9.png?fit=1200%2C800&ssl=1&resize=700%2C400 2x, https:\/\/i0.wp.com\/casadecampoliving.com\/wp-content\/uploads\/2023\/01\/2023-Magical-Splendor-MIR-Golf-9.png?fit=1200%2C800&ssl=1&resize=1050%2C600 3x"},"classes":[]},{"id":536262,"url":"https:\/\/casadecampoliving.com\/es\/juega-por-la-educacion-en-el-torneo-anual-de-golf-de-la-fundacion-mir\/","url_meta":{"origin":347325,"position":4},"title":"Juega por la Educaci\u00f3n en el Torneo Anual de Golf de la Fundaci\u00f3n MIR","author":"Casa de Campo Living","date":"14 Ene, 2025","format":false,"excerpt":"Los entusiastas del golf y fil\u00e1ntropos se reunir\u00e1n en el La Romana Country Club el s\u00e1bado 18 de enero de 2025 para el evento anual Golf for Education de la Fundaci\u00f3n MIR. Esta esperada ocasi\u00f3n combina el amor por el deporte con la misi\u00f3n de proporcionar apoyo vital a las\u2026","rel":"","context":"En \u00abDeportes\u00bb","block_context":{"text":"Deportes","link":"https:\/\/casadecampoliving.com\/es\/category\/golf-deportes-es\/"},"img":{"alt_text":"","src":"https:\/\/i0.wp.com\/casadecampoliving.com\/wp-content\/uploads\/2024\/03\/2024-MIR-Splendor-Gala-Golf-48.jpg?fit=1200%2C800&ssl=1&resize=350%2C200","width":350,"height":200,"srcset":"https:\/\/i0.wp.com\/casadecampoliving.com\/wp-content\/uploads\/2024\/03\/2024-MIR-Splendor-Gala-Golf-48.jpg?fit=1200%2C800&ssl=1&resize=350%2C200 1x, https:\/\/i0.wp.com\/casadecampoliving.com\/wp-content\/uploads\/2024\/03\/2024-MIR-Splendor-Gala-Golf-48.jpg?fit=1200%2C800&ssl=1&resize=525%2C300 1.5x, https:\/\/i0.wp.com\/casadecampoliving.com\/wp-content\/uploads\/2024\/03\/2024-MIR-Splendor-Gala-Golf-48.jpg?fit=1200%2C800&ssl=1&resize=700%2C400 2x, https:\/\/i0.wp.com\/casadecampoliving.com\/wp-content\/uploads\/2024\/03\/2024-MIR-Splendor-Gala-Golf-48.jpg?fit=1200%2C800&ssl=1&resize=1050%2C600 3x"},"classes":[]},{"id":354243,"url":"https:\/\/casadecampoliving.com\/es\/golf-para-la-educacion-2022-de-la-fundacion-mir-este-sabado-no-olvide-registrarse\/","url_meta":{"origin":347325,"position":5},"title":"\u00a1Golf para la educaci\u00f3n 2022 de la Fundaci\u00f3n MIR ESTE s\u00e1bado! \u00a1No olvide registrarse!","author":"Casa de Campo Living","date":"10 Ene, 2022","format":false,"excerpt":"Como la mayor\u00eda de ustedes ya habr\u00e1n notado, \u00a1el golf en Casa de Campo nunca se detiene! \u00a1Aqu\u00ed en Casa de Campo, AMAMOS el golf! \u00bfPor qu\u00e9? Pues tenemos 5 campos de golf dise\u00f1ados por el legendario Pete Dye, incluido el Teeth of the Dog (\u00a1reconocido mundialmente!), \u00a1que no est\u00e1\u2026","rel":"","context":"En \u00abCasa de Campo Living @es\u00bb","block_context":{"text":"Casa de Campo Living @es","link":"https:\/\/casadecampoliving.com\/category\/casa-de-campo-living-es\/"},"img":{"alt_text":"","src":"https:\/\/i0.wp.com\/casadecampoliving.com\/wp-content\/uploads\/2022\/10\/Alejandro-Alorda-Cristina-Gonzalez-Carlos-Duran-2.jpg?fit=1000%2C667&ssl=1&resize=350%2C200","width":350,"height":200,"srcset":"https:\/\/i0.wp.com\/casadecampoliving.com\/wp-content\/uploads\/2022\/10\/Alejandro-Alorda-Cristina-Gonzalez-Carlos-Duran-2.jpg?fit=1000%2C667&ssl=1&resize=350%2C200 1x, https:\/\/i0.wp.com\/casadecampoliving.com\/wp-content\/uploads\/2022\/10\/Alejandro-Alorda-Cristina-Gonzalez-Carlos-Duran-2.jpg?fit=1000%2C667&ssl=1&resize=525%2C300 1.5x, https:\/\/i0.wp.com\/casadecampoliving.com\/wp-content\/uploads\/2022\/10\/Alejandro-Alorda-Cristina-Gonzalez-Carlos-Duran-2.jpg?fit=1000%2C667&ssl=1&resize=700%2C400 2x"},"classes":[]}],"jetpack_sharing_enabled":true,"_links":{"self":[{"href":"https:\/\/casadecampoliving.com\/es\/wp-json\/wp\/v2\/posts\/347325","targetHints":{"allow":["GET"]}}],"collection":[{"href":"https:\/\/casadecampoliving.com\/es\/wp-json\/wp\/v2\/posts"}],"about":[{"href":"https:\/\/casadecampoliving.com\/es\/wp-json\/wp\/v2\/types\/post"}],"author":[{"embeddable":true,"href":"https:\/\/casadecampoliving.com\/es\/wp-json\/wp\/v2\/users\/34707"}],"replies":[{"embeddable":true,"href":"https:\/\/casadecampoliving.com\/es\/wp-json\/wp\/v2\/comments?post=347325"}],"version-history":[{"count":1,"href":"https:\/\/casadecampoliving.com\/es\/wp-json\/wp\/v2\/posts\/347325\/revisions"}],"predecessor-version":[{"id":347326,"href":"https:\/\/casadecampoliving.com\/es\/wp-json\/wp\/v2\/posts\/347325\/revisions\/347326"}],"wp:featuredmedia":[{"embeddable":true,"href":"https:\/\/casadecampoliving.com\/es\/wp-json\/wp\/v2\/media\/293888"}],"wp:attachment":[{"href":"https:\/\/casadecampoliving.com\/es\/wp-json\/wp\/v2\/media?parent=347325"}],"wp:term":[{"taxonomy":"category","embeddable":true,"href":"https:\/\/casadecampoliving.com\/es\/wp-json\/wp\/v2\/categories?post=347325"},{"taxonomy":"post_tag","embeddable":true,"href":"https:\/\/casadecampoliving.com\/es\/wp-json\/wp\/v2\/tags?post=347325"},{"taxonomy":"newspack_spnsrs_tax","embeddable":true,"href":"https:\/\/casadecampoliving.com\/es\/wp-json\/wp\/v2\/newspack_spnsrs_tax?post=347325"}],"curies":[{"name":"wp","href":"https:\/\/api.w.org\/{rel}","templated":true}]}}