{"id":347313,"date":"2015-05-01T00:00:00","date_gmt":"2015-05-01T04:00:00","guid":{"rendered":"https:\/\/casadecampoliving.com\/el-cafe-de-la-leche-zarpa-a-la-casita-marina-casa-de-campo\/"},"modified":"2022-10-21T19:02:05","modified_gmt":"2022-10-21T23:02:05","slug":"el-cafe-de-la-leche-zarpa-a-la-casita-marina-casa-de-campo","status":"publish","type":"post","link":"https:\/\/casadecampoliving.com\/es\/el-cafe-de-la-leche-zarpa-a-la-casita-marina-casa-de-campo\/","title":{"rendered":"El Caf\u00e9 de la Leche zarpa a La Casita Marina Casa de Campo"},"content":{"rendered":"<div class=\"wp-block-image\">\n<figure class=\"aligncenter is-resized\"><img loading=\"lazy\" decoding=\"async\" src=\"https:\/\/i0.wp.com\/casadecampoliving.com\/wp-content\/uploads\/2022\/10\/La_Casita_Marina_Casa_de_Campo-2.jpg?resize=650%2C488&amp;ssl=1\" alt=\"La_Casita_Marina_Casa_de_Campo\" class=\"wp-image-111027\" height=\"488\" width=\"650\"\/><\/figure>\n<\/div>\n\n\n<p>\u00a1Hola marineros! Buenas noticias, el&nbsp;pr\u00f3ximo Caf\u00e9 de la Leche ya est\u00e1 programado y se llevar\u00e1 a cabo el viernes 8 de mayo en el Restaurante La Casita ubicado en La Marina Casa de Campo.<\/p>\n\n\n\n<!--more-->\n\n\n\n<p>Con Julia Mart\u00ednez como nuestra elegante anfitriona, y La Casita Marina como punto de reuni\u00f3n&nbsp;no cabe&nbsp;ninguna duda de que este Caf\u00e9 de la Leche ser\u00e1 un verdadero regalo.<\/p>\n\n\n<div class=\"wp-block-image\">\n<figure class=\"alignright is-resized\"><img loading=\"lazy\" decoding=\"async\" src=\"https:\/\/i0.wp.com\/casadecampoliving.com\/wp-content\/uploads\/2022\/10\/Cafe_de_la_leche-4.jpg?resize=300%2C388&amp;ssl=1\" alt=\"Cafe_de_la_leche\" class=\"wp-image-111026\" height=\"388\" width=\"300\"\/><\/figure>\n<\/div>\n\n\n<p>Este popular&nbsp;restaurante de Casa de Campo, que&nbsp;abri\u00f3 sus puertas hace 15 a\u00f1os&nbsp;desde que fue inaugurada La Marina Casa de Campo, con su ubicaci\u00f3n privilegiada en el borde del agua hace que cualquier evento sea&nbsp;una experiencia m\u00e1gica. Y ya que el Caf\u00e9 de la Leche va a coincidir con el atardecer, todos los asistentes no s\u00f3lo podr\u00e1n disfrutar de una excelente compa\u00f1\u00eda, buena comida y bebidas, sino que tambi\u00e9n debe estar preparado para ver la maravillosa puesta de sol en la Marina Casa de Campo. \u00a1No hay nada mejor que esto!<\/p>\n\n\n\n<p>Est\u00e1 claro que&nbsp;con tantos a\u00f1os en el negocio y como miembro de la comunidad Casa de Campo, esta no es el primer Caf\u00e9 de la Leche de Julia. Por supuesto que no, de hecho, ha sido anfitriona de&nbsp;unos pocos en los \u00faltimos a\u00f1os, tanto en La Casita en la Marina de Casa de Campo y en La Cantina en Altos de Chav\u00f3n, y todos ellos han sido encantadores. Haga clic en los enlaces en la parte inferior de la p\u00e1gina para recordar y disfrutar de las \u00faltimas reuniones organizadas por Julia Mart\u00ednez.<\/p>\n\n\n\n<p>Y no olvide, el Caf\u00e9 de la Leche no se trata s\u00f3lo de los buenos tiempos, vestidos y c\u00f3cteles, el objetivo es reunir los suministros de leche para la sala cuna del Hogar del Ni\u00f1o, donde se sirven m\u00e1s de 800 botellas todos los d\u00edas para los 200 ni\u00f1os de la guarder\u00eda. Eso es un mont\u00f3n de leche, as\u00ed que recuerde su donaci\u00f3n, traiga a sus amigos y corra la voz.<\/p>\n\n\n\n<p><strong>See you there!<\/strong><\/p>\n\n\n\n<blockquote><h3><strong>Caf\u00e9 de la Leche&nbsp;<\/strong><\/h3><p><strong>Fecha:<\/strong>&nbsp;Viernes 8 de mayo, 5pm \u2013 7pm<\/p><p><strong>Lugar:<\/strong>&nbsp;La Casita, Marina Casa de Campo<\/p><p><strong>Contribuci\u00f3n<\/strong>: Leche, formula, cereales o RD$750<\/p><p><strong>Info:<\/strong>&nbsp;809-523-8901,&nbsp;info@pbo.org.do<\/p><\/blockquote>\n\n\n\n<p>Estos son los eventos pasados:<\/p>\n\n\n\n<blockquote class=\"wp-block-quote is-layout-flow wp-block-quote-is-layout-flow\"><p style=\"text-align: center;\"><strong>Cafe de la Leche en La Casita!<br>\n<img decoding=\"async\" src=\"https:\/\/i0.wp.com\/casadecampoliving.com\/wp-content\/uploads\/2022\/10\/cafe_de_la_leche_marina_casa_de_campo_la_casita.jpg?ssl=1\" alt=\"\"><br>\n<\/strong><\/p><p style=\"text-align: left;\">Este mes Julia Martinez fue la anfitriona&nbsp;del evento mensual, el Caf\u00e9 de la Leche,&nbsp;el cual se realiz\u00f3 en su restuarante \u2018La Casita\u2019 en la Marina Casa de Campo, donde los invitados disfrutaron un brindis de champan con picaderas y deliciosos dulces.<\/p><p style=\"text-align: left;\"><a href=\"http:\/\/wp.me\/p1kvEy-9UG\"><strong>\u00a1Clic aqu\u00ed para leer la historia completa!<\/strong><\/a><\/p><\/blockquote>\n\n\n\n<blockquote class=\"wp-block-quote is-layout-flow wp-block-quote-is-layout-flow\"><p style=\"text-align: center;\"><strong>Celebraci\u00f3n del evento Caf\u00e9 de la Leche el viernes 13 de septiembre<br>\n<img decoding=\"async\" src=\"https:\/\/i0.wp.com\/casadecampoliving.com\/wp-content\/uploads\/2022\/10\/cafe_de_la_leche_xiomara_matos.jpg?ssl=1\" alt=\"Caf\u00e9 de la Leche Xiomara Matos\"><br>\n<\/strong><\/p><p style=\"text-align: left;\">El pasado&nbsp;viernes&nbsp;13 de septiembre, fecha que&nbsp;seg\u00fan&nbsp;creencias populares es de mala suerte, se convirti\u00f3 en el d\u00eda ideal para la celebraci\u00f3n de Caf\u00e9 de la Leche en la Cantina Altos de&nbsp;Chav\u00f3n.<\/p><p style=\"text-align: left;\"><a href=\"http:\/\/wp.me\/p1kvEy-kgq\"><strong>\u00a1Clic aqu\u00ed para leer la historia completa!<\/strong><\/a><\/p><\/blockquote>\n","protected":false},"excerpt":{"rendered":"<p>\u00a1Hola marineros! Buenas noticias, el&nbsp;pr\u00f3ximo Caf\u00e9 de la Leche ya est\u00e1 programado y se llevar\u00e1 a cabo el viernes 8 de mayo en el Restaurante La Casita ubicado en La Marina Casa de Campo.<\/p>\n","protected":false},"author":1097,"featured_media":296641,"comment_status":"closed","ping_status":"closed","sticky":false,"template":"","format":"standard","meta":{"newspack_ads_suppress_ads":false,"newspack_popups_has_disabled_popups":false,"newspack_sponsor_sponsorship_scope":"","newspack_sponsor_native_byline_display":"inherit","newspack_sponsor_native_category_display":"inherit","newspack_sponsor_underwriter_style":"inherit","newspack_sponsor_underwriter_placement":"inherit","_newspack_byline_active":false,"_newspack_byline":"","newspack_hide_updated_date":false,"newspack_show_updated_date":false,"newspack_content_restriction_is_exempt":false,"newspack_featured_image_position":"","newspack_post_subtitle":"","newspack_article_summary_title":"Overview:","newspack_article_summary":"","_jetpack_memberships_contains_paid_content":false,"footnotes":"","jetpack_publicize_message":"","jetpack_publicize_feature_enabled":true,"jetpack_social_post_already_shared":false,"jetpack_social_options":{"image_generator_settings":{"template":"highway","default_image_id":0,"font":"","enabled":false},"version":2},"_wpas_customize_per_network":false},"categories":[26819,26936,26951,2524,14631,2522,2514,2516,26581,14625,14627,2521,26822],"tags":[5744,3626,8094,6371,3663],"newspack_spnsrs_tax":[],"class_list":["post-347313","post","type-post","status-publish","format-standard","has-post-thumbnail","hentry","category-altos-de-chavon-es","category-casa-de-campo-living-es","category-ccl-presenta","category-destacados","category-estilo-de-vida","category-eventos-es","category-fundaciones-es","category-hogar-del-nino-es","category-la-marina-casa-de-campo","category-noticias-locales","category-proximamente","category-republica-dominicana-2","category-resort-casa-de-campo","tag-cafe-de-la-leche-es","tag-casa-de-campo-es","tag-casa-de-campo-community-es","tag-casa-de-campo-resort-es","tag-la-marina-casa-de-campo-es-2","entry"],"yoast_head":"<!-- This site is optimized with the Yoast SEO plugin v27.5 - https:\/\/yoast.com\/product\/yoast-seo-wordpress\/ -->\n<title>El Caf\u00e9 de la Leche zarpa a La Casita Marina Casa de Campo | Casa de Campo Living<\/title>\n<meta name=\"description\" content=\"\u00a1Hola marineros! Buenas noticias, el&nbsp;pr\u00f3ximo Caf\u00e9 de la Leche ya est\u00e1 programado y se llevar\u00e1 a cabo el viernes 8 de mayo en el Restaurante La Casita\" \/>\n<meta name=\"robots\" content=\"index, follow, max-snippet:-1, max-image-preview:large, max-video-preview:-1\" \/>\n<link rel=\"canonical\" href=\"https:\/\/casadecampoliving.com\/es\/el-cafe-de-la-leche-zarpa-a-la-casita-marina-casa-de-campo\/\" \/>\n<meta property=\"og:locale\" content=\"es_ES\" \/>\n<meta property=\"og:type\" content=\"article\" \/>\n<meta property=\"og:title\" content=\"El Caf\u00e9 de la Leche zarpa a La Casita Marina Casa de Campo | Casa de Campo Living\" \/>\n<meta property=\"og:description\" content=\"\u00a1Hola marineros! Buenas noticias, el&nbsp;pr\u00f3ximo Caf\u00e9 de la Leche ya est\u00e1 programado y se llevar\u00e1 a cabo el viernes 8 de mayo en el Restaurante La Casita\" \/>\n<meta property=\"og:url\" content=\"https:\/\/casadecampoliving.com\/es\/el-cafe-de-la-leche-zarpa-a-la-casita-marina-casa-de-campo\/\" \/>\n<meta property=\"og:site_name\" content=\"Casa de Campo Living\" \/>\n<meta property=\"article:publisher\" content=\"https:\/\/www.facebook.com\/casadecampoliving\" \/>\n<meta property=\"article:published_time\" content=\"2015-05-01T04:00:00+00:00\" \/>\n<meta property=\"article:modified_time\" content=\"2022-10-21T23:02:05+00:00\" \/>\n<meta property=\"og:image\" content=\"https:\/\/i0.wp.com\/casadecampoliving.com\/wp-content\/uploads\/2022\/10\/La_Casita_Marina_Casa_de_Campo-3.jpg?fit=800%2C600&ssl=1\" \/>\n\t<meta property=\"og:image:width\" content=\"800\" \/>\n\t<meta property=\"og:image:height\" content=\"600\" \/>\n\t<meta property=\"og:image:type\" content=\"image\/jpeg\" \/>\n<meta name=\"author\" content=\"Perkin Agramonte\" \/>\n<meta name=\"twitter:card\" content=\"summary_large_image\" \/>\n<meta name=\"twitter:creator\" content=\"@cdcliving\" \/>\n<meta name=\"twitter:site\" content=\"@cdcliving\" \/>\n<meta name=\"twitter:label1\" content=\"Escrito por\" \/>\n\t<meta name=\"twitter:data1\" content=\"Perkin Agramonte\" \/>\n\t<meta name=\"twitter:label2\" content=\"Tiempo de lectura\" \/>\n\t<meta name=\"twitter:data2\" content=\"3 minutos\" \/>\n<script type=\"application\/ld+json\" class=\"yoast-schema-graph\">{\"@context\":\"https:\\\/\\\/schema.org\",\"@graph\":[{\"@type\":\"Article\",\"@id\":\"https:\\\/\\\/casadecampoliving.com\\\/es\\\/el-cafe-de-la-leche-zarpa-a-la-casita-marina-casa-de-campo\\\/#article\",\"isPartOf\":{\"@id\":\"https:\\\/\\\/casadecampoliving.com\\\/es\\\/el-cafe-de-la-leche-zarpa-a-la-casita-marina-casa-de-campo\\\/\"},\"author\":{\"name\":\"Perkin Agramonte\",\"@id\":\"https:\\\/\\\/casadecampoliving.com\\\/es\\\/#\\\/schema\\\/person\\\/c8efa6049510554b7d5fea078d728f72\"},\"headline\":\"El Caf\u00e9 de la Leche zarpa a La Casita Marina Casa de Campo\",\"datePublished\":\"2015-05-01T04:00:00+00:00\",\"dateModified\":\"2022-10-21T23:02:05+00:00\",\"mainEntityOfPage\":{\"@id\":\"https:\\\/\\\/casadecampoliving.com\\\/es\\\/el-cafe-de-la-leche-zarpa-a-la-casita-marina-casa-de-campo\\\/\"},\"wordCount\":531,\"publisher\":{\"@id\":\"https:\\\/\\\/casadecampoliving.com\\\/es\\\/#organization\"},\"image\":{\"@id\":\"https:\\\/\\\/casadecampoliving.com\\\/es\\\/el-cafe-de-la-leche-zarpa-a-la-casita-marina-casa-de-campo\\\/#primaryimage\"},\"thumbnailUrl\":\"https:\\\/\\\/i0.wp.com\\\/casadecampoliving.com\\\/wp-content\\\/uploads\\\/2022\\\/10\\\/La_Casita_Marina_Casa_de_Campo-3.jpg?fit=800%2C600&ssl=1\",\"keywords\":[\"cafe de la leche @es\",\"casa de campo @es\",\"Casa de Campo Community @es\",\"casa de campo resort @es\",\"la marina casa de campo @es\"],\"articleSection\":[\"Altos de Chavon @es\",\"Casa de Campo Living @es\",\"CCL presenta\",\"Destacados\",\"Estilo de Vida\",\"Eventos\",\"Fundaciones\",\"Hogar del Ni\u00f1o @es\",\"La Marina Casa de Campo\",\"Noticias Locales\",\"Proximamente\",\"Rep\u00fablica Dominicana @es\",\"Resort Casa de Campo\"],\"inLanguage\":\"es\"},{\"@type\":\"WebPage\",\"@id\":\"https:\\\/\\\/casadecampoliving.com\\\/es\\\/el-cafe-de-la-leche-zarpa-a-la-casita-marina-casa-de-campo\\\/\",\"url\":\"https:\\\/\\\/casadecampoliving.com\\\/es\\\/el-cafe-de-la-leche-zarpa-a-la-casita-marina-casa-de-campo\\\/\",\"name\":\"El Caf\u00e9 de la Leche zarpa a La Casita Marina Casa de Campo | Casa de Campo Living\",\"isPartOf\":{\"@id\":\"https:\\\/\\\/casadecampoliving.com\\\/es\\\/#website\"},\"primaryImageOfPage\":{\"@id\":\"https:\\\/\\\/casadecampoliving.com\\\/es\\\/el-cafe-de-la-leche-zarpa-a-la-casita-marina-casa-de-campo\\\/#primaryimage\"},\"image\":{\"@id\":\"https:\\\/\\\/casadecampoliving.com\\\/es\\\/el-cafe-de-la-leche-zarpa-a-la-casita-marina-casa-de-campo\\\/#primaryimage\"},\"thumbnailUrl\":\"https:\\\/\\\/i0.wp.com\\\/casadecampoliving.com\\\/wp-content\\\/uploads\\\/2022\\\/10\\\/La_Casita_Marina_Casa_de_Campo-3.jpg?fit=800%2C600&ssl=1\",\"datePublished\":\"2015-05-01T04:00:00+00:00\",\"dateModified\":\"2022-10-21T23:02:05+00:00\",\"description\":\"\u00a1Hola marineros! Buenas noticias, el&nbsp;pr\u00f3ximo Caf\u00e9 de la Leche ya est\u00e1 programado y se llevar\u00e1 a cabo el viernes 8 de mayo en el Restaurante La Casita\",\"breadcrumb\":{\"@id\":\"https:\\\/\\\/casadecampoliving.com\\\/es\\\/el-cafe-de-la-leche-zarpa-a-la-casita-marina-casa-de-campo\\\/#breadcrumb\"},\"inLanguage\":\"es\",\"potentialAction\":[{\"@type\":\"ReadAction\",\"target\":[\"https:\\\/\\\/casadecampoliving.com\\\/es\\\/el-cafe-de-la-leche-zarpa-a-la-casita-marina-casa-de-campo\\\/\"]}]},{\"@type\":\"ImageObject\",\"inLanguage\":\"es\",\"@id\":\"https:\\\/\\\/casadecampoliving.com\\\/es\\\/el-cafe-de-la-leche-zarpa-a-la-casita-marina-casa-de-campo\\\/#primaryimage\",\"url\":\"https:\\\/\\\/i0.wp.com\\\/casadecampoliving.com\\\/wp-content\\\/uploads\\\/2022\\\/10\\\/La_Casita_Marina_Casa_de_Campo-3.jpg?fit=800%2C600&ssl=1\",\"contentUrl\":\"https:\\\/\\\/i0.wp.com\\\/casadecampoliving.com\\\/wp-content\\\/uploads\\\/2022\\\/10\\\/La_Casita_Marina_Casa_de_Campo-3.jpg?fit=800%2C600&ssl=1\",\"width\":800,\"height\":600},{\"@type\":\"BreadcrumbList\",\"@id\":\"https:\\\/\\\/casadecampoliving.com\\\/es\\\/el-cafe-de-la-leche-zarpa-a-la-casita-marina-casa-de-campo\\\/#breadcrumb\",\"itemListElement\":[{\"@type\":\"ListItem\",\"position\":1,\"name\":\"Home\",\"item\":\"https:\\\/\\\/casadecampoliving.com\\\/es\\\/\"},{\"@type\":\"ListItem\",\"position\":2,\"name\":\"El Caf\u00e9 de la Leche zarpa a La Casita Marina Casa de Campo\"}]},{\"@type\":\"WebSite\",\"@id\":\"https:\\\/\\\/casadecampoliving.com\\\/es\\\/#website\",\"url\":\"https:\\\/\\\/casadecampoliving.com\\\/es\\\/\",\"name\":\"Casa de Campo Living\",\"description\":\"Resort community news and resources.\",\"publisher\":{\"@id\":\"https:\\\/\\\/casadecampoliving.com\\\/es\\\/#organization\"},\"potentialAction\":[{\"@type\":\"SearchAction\",\"target\":{\"@type\":\"EntryPoint\",\"urlTemplate\":\"https:\\\/\\\/casadecampoliving.com\\\/es\\\/?s={search_term_string}\"},\"query-input\":{\"@type\":\"PropertyValueSpecification\",\"valueRequired\":true,\"valueName\":\"search_term_string\"}}],\"inLanguage\":\"es\"},{\"@type\":\"Organization\",\"@id\":\"https:\\\/\\\/casadecampoliving.com\\\/es\\\/#organization\",\"name\":\"Casa de Campo Living\",\"url\":\"https:\\\/\\\/casadecampoliving.com\\\/es\\\/\",\"logo\":{\"@type\":\"ImageObject\",\"inLanguage\":\"es\",\"@id\":\"https:\\\/\\\/casadecampoliving.com\\\/es\\\/#\\\/schema\\\/logo\\\/image\\\/\",\"url\":\"https:\\\/\\\/i0.wp.com\\\/casadecampoliving.com\\\/wp-content\\\/uploads\\\/2022\\\/07\\\/CDCLivingLogo_V1-white-sized.png?fit=800%2C214&ssl=1\",\"contentUrl\":\"https:\\\/\\\/i0.wp.com\\\/casadecampoliving.com\\\/wp-content\\\/uploads\\\/2022\\\/07\\\/CDCLivingLogo_V1-white-sized.png?fit=800%2C214&ssl=1\",\"width\":800,\"height\":214,\"caption\":\"Casa de Campo Living\"},\"image\":{\"@id\":\"https:\\\/\\\/casadecampoliving.com\\\/es\\\/#\\\/schema\\\/logo\\\/image\\\/\"},\"sameAs\":[\"https:\\\/\\\/www.facebook.com\\\/casadecampoliving\",\"https:\\\/\\\/x.com\\\/cdcliving\"]},{\"@type\":\"Person\",\"@id\":\"https:\\\/\\\/casadecampoliving.com\\\/es\\\/#\\\/schema\\\/person\\\/c8efa6049510554b7d5fea078d728f72\",\"name\":\"Perkin Agramonte\",\"image\":{\"@type\":\"ImageObject\",\"inLanguage\":\"es\",\"@id\":\"https:\\\/\\\/secure.gravatar.com\\\/avatar\\\/57bfdafcae55fb83dbb79a1585a9eab7f269b7720fb0b64cb9a4e0cd2962fa10?s=96&d=mm&r=g\",\"url\":\"https:\\\/\\\/secure.gravatar.com\\\/avatar\\\/57bfdafcae55fb83dbb79a1585a9eab7f269b7720fb0b64cb9a4e0cd2962fa10?s=96&d=mm&r=g\",\"contentUrl\":\"https:\\\/\\\/secure.gravatar.com\\\/avatar\\\/57bfdafcae55fb83dbb79a1585a9eab7f269b7720fb0b64cb9a4e0cd2962fa10?s=96&d=mm&r=g\",\"caption\":\"Perkin Agramonte\"},\"url\":\"https:\\\/\\\/casadecampoliving.com\\\/es\\\/author\\\/cagramonte\\\/\"}]}<\/script>\n<!-- \/ Yoast SEO plugin. -->","yoast_head_json":{"title":"El Caf\u00e9 de la Leche zarpa a La Casita Marina Casa de Campo | Casa de Campo Living","description":"\u00a1Hola marineros! Buenas noticias, el&nbsp;pr\u00f3ximo Caf\u00e9 de la Leche ya est\u00e1 programado y se llevar\u00e1 a cabo el viernes 8 de mayo en el Restaurante La Casita","robots":{"index":"index","follow":"follow","max-snippet":"max-snippet:-1","max-image-preview":"max-image-preview:large","max-video-preview":"max-video-preview:-1"},"canonical":"https:\/\/casadecampoliving.com\/es\/el-cafe-de-la-leche-zarpa-a-la-casita-marina-casa-de-campo\/","og_locale":"es_ES","og_type":"article","og_title":"El Caf\u00e9 de la Leche zarpa a La Casita Marina Casa de Campo | Casa de Campo Living","og_description":"\u00a1Hola marineros! Buenas noticias, el&nbsp;pr\u00f3ximo Caf\u00e9 de la Leche ya est\u00e1 programado y se llevar\u00e1 a cabo el viernes 8 de mayo en el Restaurante La Casita","og_url":"https:\/\/casadecampoliving.com\/es\/el-cafe-de-la-leche-zarpa-a-la-casita-marina-casa-de-campo\/","og_site_name":"Casa de Campo Living","article_publisher":"https:\/\/www.facebook.com\/casadecampoliving","article_published_time":"2015-05-01T04:00:00+00:00","article_modified_time":"2022-10-21T23:02:05+00:00","og_image":[{"width":800,"height":600,"url":"https:\/\/i0.wp.com\/casadecampoliving.com\/wp-content\/uploads\/2022\/10\/La_Casita_Marina_Casa_de_Campo-3.jpg?fit=800%2C600&ssl=1","type":"image\/jpeg"}],"author":"Perkin Agramonte","twitter_card":"summary_large_image","twitter_creator":"@cdcliving","twitter_site":"@cdcliving","twitter_misc":{"Escrito por":"Perkin Agramonte","Tiempo de lectura":"3 minutos"},"schema":{"@context":"https:\/\/schema.org","@graph":[{"@type":"Article","@id":"https:\/\/casadecampoliving.com\/es\/el-cafe-de-la-leche-zarpa-a-la-casita-marina-casa-de-campo\/#article","isPartOf":{"@id":"https:\/\/casadecampoliving.com\/es\/el-cafe-de-la-leche-zarpa-a-la-casita-marina-casa-de-campo\/"},"author":{"name":"Perkin Agramonte","@id":"https:\/\/casadecampoliving.com\/es\/#\/schema\/person\/c8efa6049510554b7d5fea078d728f72"},"headline":"El Caf\u00e9 de la Leche zarpa a La Casita Marina Casa de Campo","datePublished":"2015-05-01T04:00:00+00:00","dateModified":"2022-10-21T23:02:05+00:00","mainEntityOfPage":{"@id":"https:\/\/casadecampoliving.com\/es\/el-cafe-de-la-leche-zarpa-a-la-casita-marina-casa-de-campo\/"},"wordCount":531,"publisher":{"@id":"https:\/\/casadecampoliving.com\/es\/#organization"},"image":{"@id":"https:\/\/casadecampoliving.com\/es\/el-cafe-de-la-leche-zarpa-a-la-casita-marina-casa-de-campo\/#primaryimage"},"thumbnailUrl":"https:\/\/i0.wp.com\/casadecampoliving.com\/wp-content\/uploads\/2022\/10\/La_Casita_Marina_Casa_de_Campo-3.jpg?fit=800%2C600&ssl=1","keywords":["cafe de la leche @es","casa de campo @es","Casa de Campo Community @es","casa de campo resort @es","la marina casa de campo @es"],"articleSection":["Altos de Chavon @es","Casa de Campo Living @es","CCL presenta","Destacados","Estilo de Vida","Eventos","Fundaciones","Hogar del Ni\u00f1o @es","La Marina Casa de Campo","Noticias Locales","Proximamente","Rep\u00fablica Dominicana @es","Resort Casa de Campo"],"inLanguage":"es"},{"@type":"WebPage","@id":"https:\/\/casadecampoliving.com\/es\/el-cafe-de-la-leche-zarpa-a-la-casita-marina-casa-de-campo\/","url":"https:\/\/casadecampoliving.com\/es\/el-cafe-de-la-leche-zarpa-a-la-casita-marina-casa-de-campo\/","name":"El Caf\u00e9 de la Leche zarpa a La Casita Marina Casa de Campo | Casa de Campo Living","isPartOf":{"@id":"https:\/\/casadecampoliving.com\/es\/#website"},"primaryImageOfPage":{"@id":"https:\/\/casadecampoliving.com\/es\/el-cafe-de-la-leche-zarpa-a-la-casita-marina-casa-de-campo\/#primaryimage"},"image":{"@id":"https:\/\/casadecampoliving.com\/es\/el-cafe-de-la-leche-zarpa-a-la-casita-marina-casa-de-campo\/#primaryimage"},"thumbnailUrl":"https:\/\/i0.wp.com\/casadecampoliving.com\/wp-content\/uploads\/2022\/10\/La_Casita_Marina_Casa_de_Campo-3.jpg?fit=800%2C600&ssl=1","datePublished":"2015-05-01T04:00:00+00:00","dateModified":"2022-10-21T23:02:05+00:00","description":"\u00a1Hola marineros! Buenas noticias, el&nbsp;pr\u00f3ximo Caf\u00e9 de la Leche ya est\u00e1 programado y se llevar\u00e1 a cabo el viernes 8 de mayo en el Restaurante La Casita","breadcrumb":{"@id":"https:\/\/casadecampoliving.com\/es\/el-cafe-de-la-leche-zarpa-a-la-casita-marina-casa-de-campo\/#breadcrumb"},"inLanguage":"es","potentialAction":[{"@type":"ReadAction","target":["https:\/\/casadecampoliving.com\/es\/el-cafe-de-la-leche-zarpa-a-la-casita-marina-casa-de-campo\/"]}]},{"@type":"ImageObject","inLanguage":"es","@id":"https:\/\/casadecampoliving.com\/es\/el-cafe-de-la-leche-zarpa-a-la-casita-marina-casa-de-campo\/#primaryimage","url":"https:\/\/i0.wp.com\/casadecampoliving.com\/wp-content\/uploads\/2022\/10\/La_Casita_Marina_Casa_de_Campo-3.jpg?fit=800%2C600&ssl=1","contentUrl":"https:\/\/i0.wp.com\/casadecampoliving.com\/wp-content\/uploads\/2022\/10\/La_Casita_Marina_Casa_de_Campo-3.jpg?fit=800%2C600&ssl=1","width":800,"height":600},{"@type":"BreadcrumbList","@id":"https:\/\/casadecampoliving.com\/es\/el-cafe-de-la-leche-zarpa-a-la-casita-marina-casa-de-campo\/#breadcrumb","itemListElement":[{"@type":"ListItem","position":1,"name":"Home","item":"https:\/\/casadecampoliving.com\/es\/"},{"@type":"ListItem","position":2,"name":"El Caf\u00e9 de la Leche zarpa a La Casita Marina Casa de Campo"}]},{"@type":"WebSite","@id":"https:\/\/casadecampoliving.com\/es\/#website","url":"https:\/\/casadecampoliving.com\/es\/","name":"Casa de Campo Living","description":"Resort community news and resources.","publisher":{"@id":"https:\/\/casadecampoliving.com\/es\/#organization"},"potentialAction":[{"@type":"SearchAction","target":{"@type":"EntryPoint","urlTemplate":"https:\/\/casadecampoliving.com\/es\/?s={search_term_string}"},"query-input":{"@type":"PropertyValueSpecification","valueRequired":true,"valueName":"search_term_string"}}],"inLanguage":"es"},{"@type":"Organization","@id":"https:\/\/casadecampoliving.com\/es\/#organization","name":"Casa de Campo Living","url":"https:\/\/casadecampoliving.com\/es\/","logo":{"@type":"ImageObject","inLanguage":"es","@id":"https:\/\/casadecampoliving.com\/es\/#\/schema\/logo\/image\/","url":"https:\/\/i0.wp.com\/casadecampoliving.com\/wp-content\/uploads\/2022\/07\/CDCLivingLogo_V1-white-sized.png?fit=800%2C214&ssl=1","contentUrl":"https:\/\/i0.wp.com\/casadecampoliving.com\/wp-content\/uploads\/2022\/07\/CDCLivingLogo_V1-white-sized.png?fit=800%2C214&ssl=1","width":800,"height":214,"caption":"Casa de Campo Living"},"image":{"@id":"https:\/\/casadecampoliving.com\/es\/#\/schema\/logo\/image\/"},"sameAs":["https:\/\/www.facebook.com\/casadecampoliving","https:\/\/x.com\/cdcliving"]},{"@type":"Person","@id":"https:\/\/casadecampoliving.com\/es\/#\/schema\/person\/c8efa6049510554b7d5fea078d728f72","name":"Perkin Agramonte","image":{"@type":"ImageObject","inLanguage":"es","@id":"https:\/\/secure.gravatar.com\/avatar\/57bfdafcae55fb83dbb79a1585a9eab7f269b7720fb0b64cb9a4e0cd2962fa10?s=96&d=mm&r=g","url":"https:\/\/secure.gravatar.com\/avatar\/57bfdafcae55fb83dbb79a1585a9eab7f269b7720fb0b64cb9a4e0cd2962fa10?s=96&d=mm&r=g","contentUrl":"https:\/\/secure.gravatar.com\/avatar\/57bfdafcae55fb83dbb79a1585a9eab7f269b7720fb0b64cb9a4e0cd2962fa10?s=96&d=mm&r=g","caption":"Perkin Agramonte"},"url":"https:\/\/casadecampoliving.com\/es\/author\/cagramonte\/"}]}},"parsely":{"version":"1.1.0","canonical_url":"https:\/\/casadecampoliving.com\/es\/el-cafe-de-la-leche-zarpa-a-la-casita-marina-casa-de-campo\/","smart_links":{"inbound":0,"outbound":0},"traffic_boost_suggestions_count":0,"meta":{"@context":"https:\/\/schema.org","@type":"NewsArticle","headline":"El Caf\u00e9 de la Leche zarpa a La Casita Marina Casa de Campo","url":"http:\/\/casadecampoliving.com\/es\/el-cafe-de-la-leche-zarpa-a-la-casita-marina-casa-de-campo\/","mainEntityOfPage":{"@type":"WebPage","@id":"http:\/\/casadecampoliving.com\/es\/el-cafe-de-la-leche-zarpa-a-la-casita-marina-casa-de-campo\/"},"thumbnailUrl":"https:\/\/i0.wp.com\/casadecampoliving.com\/wp-content\/uploads\/2022\/10\/La_Casita_Marina_Casa_de_Campo-3.jpg?resize=150%2C150&ssl=1","image":{"@type":"ImageObject","url":"https:\/\/i0.wp.com\/casadecampoliving.com\/wp-content\/uploads\/2022\/10\/La_Casita_Marina_Casa_de_Campo-3.jpg?fit=800%2C600&ssl=1"},"articleSection":"Altos de Chavon @es","author":[{"@type":"Person","name":"Perkin Agramonte"}],"creator":["Perkin Agramonte"],"publisher":{"@type":"Organization","name":"Casa de Campo Living","logo":"https:\/\/casadecampoliving.com\/wp-content\/uploads\/2022\/07\/CDCLivingLogo_V1-white-sized.png"},"keywords":["cafe de la leche @es","casa de campo @es","casa de campo community @es","casa de campo resort @es","la marina casa de campo @es"],"dateCreated":"2015-05-01T04:00:00Z","datePublished":"2015-05-01T04:00:00Z","dateModified":"2022-10-21T23:02:05Z"},"rendered":"<script type=\"application\/ld+json\" class=\"wp-parsely-metadata\">{\"@context\":\"https:\\\/\\\/schema.org\",\"@type\":\"NewsArticle\",\"headline\":\"El Caf\\u00e9 de la Leche zarpa a La Casita Marina Casa de Campo\",\"url\":\"http:\\\/\\\/casadecampoliving.com\\\/es\\\/el-cafe-de-la-leche-zarpa-a-la-casita-marina-casa-de-campo\\\/\",\"mainEntityOfPage\":{\"@type\":\"WebPage\",\"@id\":\"http:\\\/\\\/casadecampoliving.com\\\/es\\\/el-cafe-de-la-leche-zarpa-a-la-casita-marina-casa-de-campo\\\/\"},\"thumbnailUrl\":\"https:\\\/\\\/i0.wp.com\\\/casadecampoliving.com\\\/wp-content\\\/uploads\\\/2022\\\/10\\\/La_Casita_Marina_Casa_de_Campo-3.jpg?resize=150%2C150&ssl=1\",\"image\":{\"@type\":\"ImageObject\",\"url\":\"https:\\\/\\\/i0.wp.com\\\/casadecampoliving.com\\\/wp-content\\\/uploads\\\/2022\\\/10\\\/La_Casita_Marina_Casa_de_Campo-3.jpg?fit=800%2C600&ssl=1\"},\"articleSection\":\"Altos de Chavon @es\",\"author\":[{\"@type\":\"Person\",\"name\":\"Perkin Agramonte\"}],\"creator\":[\"Perkin Agramonte\"],\"publisher\":{\"@type\":\"Organization\",\"name\":\"Casa de Campo Living\",\"logo\":\"https:\\\/\\\/casadecampoliving.com\\\/wp-content\\\/uploads\\\/2022\\\/07\\\/CDCLivingLogo_V1-white-sized.png\"},\"keywords\":[\"cafe de la leche @es\",\"casa de campo @es\",\"casa de campo community @es\",\"casa de campo resort @es\",\"la marina casa de campo @es\"],\"dateCreated\":\"2015-05-01T04:00:00Z\",\"datePublished\":\"2015-05-01T04:00:00Z\",\"dateModified\":\"2022-10-21T23:02:05Z\"}<\/script>","tracker_url":"https:\/\/cdn.parsely.com\/keys\/casadecampoliving.com\/p.js"},"jetpack_publicize_connections":[],"jetpack_featured_media_url":"https:\/\/i0.wp.com\/casadecampoliving.com\/wp-content\/uploads\/2022\/10\/La_Casita_Marina_Casa_de_Campo-3.jpg?fit=800%2C600&ssl=1","jetpack-related-posts":[{"id":347393,"url":"https:\/\/casadecampoliving.com\/es\/proximo-cafe-de-la-leche-en-el-casa-de-campo-yacht-club\/","url_meta":{"origin":347313,"position":0},"title":"Pr\u00f3ximo Caf\u00e9 de la Leche en el Casa de Campo Yacht Club","author":"Perkin Agramonte","date":"15 May, 2015","format":false,"excerpt":"\u00a1El n\u00famero seis est\u00e1 a la vuelta de la esquina! El viernes 11 de junio, marca el sexto Caf\u00e9 de la Leche del a\u00f1o. Lo cual significa que los miembros de la comunidad Casa de Campo, tendr\u00e1n la oportunidad de pasar un grandioso tiempo, a la misma vez que apoyan\u2026","rel":"","context":"En \u00abCasa de Campo Living @es\u00bb","block_context":{"text":"Casa de Campo Living @es","link":"https:\/\/casadecampoliving.com\/category\/casa-de-campo-living-es\/"},"img":{"alt_text":"","src":"https:\/\/i0.wp.com\/casadecampoliving.com\/wp-content\/uploads\/2022\/10\/Casa_de_Campo_Yacht_Club-1.jpg?fit=800%2C534&ssl=1&resize=350%2C200","width":350,"height":200,"srcset":"https:\/\/i0.wp.com\/casadecampoliving.com\/wp-content\/uploads\/2022\/10\/Casa_de_Campo_Yacht_Club-1.jpg?fit=800%2C534&ssl=1&resize=350%2C200 1x, https:\/\/i0.wp.com\/casadecampoliving.com\/wp-content\/uploads\/2022\/10\/Casa_de_Campo_Yacht_Club-1.jpg?fit=800%2C534&ssl=1&resize=525%2C300 1.5x, https:\/\/i0.wp.com\/casadecampoliving.com\/wp-content\/uploads\/2022\/10\/Casa_de_Campo_Yacht_Club-1.jpg?fit=800%2C534&ssl=1&resize=700%2C400 2x"},"classes":[]},{"id":337447,"url":"https:\/\/casadecampoliving.com\/es\/cafe-de-la-leche-en-la-casita\/","url_meta":{"origin":347313,"position":1},"title":"Cafe de la Leche en La Casita!","author":"Rebecca Silvestri","date":"10 Ago, 2011","format":false,"excerpt":"Este mes Julia Martinez fue la anfitriona\u00a0del evento mensual, el Caf\u00e9 de la Leche,\u00a0el cual se realiz\u00f3 en su restuarante 'La Casita' en la Marina Casa de Campo, donde los invitados disfrutaron un brindis de champan con picaderas y deliciosos dulces. To read this article in English, click here!\u00a0 Relajando\u00a0al\u2026","rel":"","context":"En \u00abRestaurantes\u00bb","block_context":{"text":"Restaurantes","link":"https:\/\/casadecampoliving.com\/es\/category\/restaurantes-es\/"},"img":{"alt_text":"","src":"https:\/\/i0.wp.com\/casadecampoliving.com\/wp-content\/uploads\/2022\/10\/cafe_de_la_leche_marina_casa_de_campo_la_casita-1.jpg?fit=565%2C388&ssl=1&resize=350%2C200","width":350,"height":200,"srcset":"https:\/\/i0.wp.com\/casadecampoliving.com\/wp-content\/uploads\/2022\/10\/cafe_de_la_leche_marina_casa_de_campo_la_casita-1.jpg?fit=565%2C388&ssl=1&resize=350%2C200 1x, https:\/\/i0.wp.com\/casadecampoliving.com\/wp-content\/uploads\/2022\/10\/cafe_de_la_leche_marina_casa_de_campo_la_casita-1.jpg?fit=565%2C388&ssl=1&resize=525%2C300 1.5x"},"classes":[]},{"id":347367,"url":"https:\/\/casadecampoliving.com\/es\/cafe-de-la-leche-en-la-casita-2\/","url_meta":{"origin":347313,"position":2},"title":"Caf\u00e9 de la Leche en La Casita","author":"Perkin Agramonte","date":"13 May, 2015","format":false,"excerpt":"\u00bfQui\u00e9n dijo que las cosas han disminuido en Casa de Campo? Ah si fui yo... \u00a1Bueno, est\u00e1 bien me equivoqu\u00e9!\u00a0Resulta que s\u00f3lo era un per\u00edodo de calma durante unas semanas y ahora los eventos est\u00e1n fluyendo de nuevo y volvemos a disfrutar de la emocionante vida social de Casa de\u2026","rel":"","context":"En \u00abCasa de Campo Living @es\u00bb","block_context":{"text":"Casa de Campo Living @es","link":"https:\/\/casadecampoliving.com\/category\/casa-de-campo-living-es\/"},"img":{"alt_text":"","src":"https:\/\/i0.wp.com\/casadecampoliving.com\/wp-content\/uploads\/2022\/10\/Cafe_de_la_leche-5.jpg?fit=800%2C534&ssl=1&resize=350%2C200","width":350,"height":200,"srcset":"https:\/\/i0.wp.com\/casadecampoliving.com\/wp-content\/uploads\/2022\/10\/Cafe_de_la_leche-5.jpg?fit=800%2C534&ssl=1&resize=350%2C200 1x, https:\/\/i0.wp.com\/casadecampoliving.com\/wp-content\/uploads\/2022\/10\/Cafe_de_la_leche-5.jpg?fit=800%2C534&ssl=1&resize=525%2C300 1.5x, https:\/\/i0.wp.com\/casadecampoliving.com\/wp-content\/uploads\/2022\/10\/Cafe_de_la_leche-5.jpg?fit=800%2C534&ssl=1&resize=700%2C400 2x"},"classes":[]},{"id":336929,"url":"https:\/\/casadecampoliving.com\/es\/cafe-de-la-leche-en-la-casita-viernes-5-de-agosto\/","url_meta":{"origin":347313,"position":3},"title":"Cafe de la Leche en La Casita: Viernes 5 de Agosto!","author":"Rebecca Silvestri","date":"1 Ago, 2011","format":false,"excerpt":"UPDATE:\u00a0Debido a los acontecimientos con la tormenta Emily, se ha tomado la decisi\u00f3n de trasladar el Caf\u00e9 de la Leche al pr\u00f3ximo viernes 12 de Agosto. Este viernes el 5 de agosto el \u2018Cafe de la Leche\u2019 un evento mensual para beneficiar al Hogar del Ni\u00f1o tendr\u00e1 lugar en la\u2026","rel":"","context":"En \u00abEventos\u00bb","block_context":{"text":"Eventos","link":"https:\/\/casadecampoliving.com\/es\/category\/eventos-es\/"},"img":{"alt_text":"","src":"https:\/\/i0.wp.com\/casadecampoliving.com\/wp-content\/uploads\/2022\/10\/cafe_de_la_leche_casa_de_campo_marina_casita.jpg?resize=350%2C200&ssl=1","width":350,"height":200,"srcset":"https:\/\/i0.wp.com\/casadecampoliving.com\/wp-content\/uploads\/2022\/10\/cafe_de_la_leche_casa_de_campo_marina_casita.jpg?resize=350%2C200&ssl=1 1x, https:\/\/i0.wp.com\/casadecampoliving.com\/wp-content\/uploads\/2022\/10\/cafe_de_la_leche_casa_de_campo_marina_casita.jpg?resize=525%2C300&ssl=1 1.5x"},"classes":[]},{"id":346663,"url":"https:\/\/casadecampoliving.com\/es\/proximo-cafe-de-la-leche-en-il-limoncello\/","url_meta":{"origin":347313,"position":4},"title":"\u00a1Pr\u00f3ximo Caf\u00e9 de la Leche en Il Limoncello!","author":"Perkin Agramonte","date":"3 Feb, 2015","format":false,"excerpt":"Buenas\u00a0noticia para los filantr\u00f3picos, Caf\u00e9 de la Leche, y para los amantes de la pizza de la comunidad Casa de Campo \u2026 el pr\u00f3ximo Caf\u00e9 de la Leche est\u00e1 programado para llevarse a cabo en el restaurante Il Limoncello en La Marina Casa de Campo. Aunque, no podemos prometer que\u2026","rel":"","context":"En \u00abCasa de Campo Living @es\u00bb","block_context":{"text":"Casa de Campo Living @es","link":"https:\/\/casadecampoliving.com\/category\/casa-de-campo-living-es\/"},"img":{"alt_text":"pizza limoncello","src":"https:\/\/i0.wp.com\/casadecampoliving.com\/wp-content\/uploads\/2022\/10\/pizza_limoncello-1.jpg?fit=650%2C434&ssl=1&resize=350%2C200","width":350,"height":200,"srcset":"https:\/\/i0.wp.com\/casadecampoliving.com\/wp-content\/uploads\/2022\/10\/pizza_limoncello-1.jpg?fit=650%2C434&ssl=1&resize=350%2C200 1x, https:\/\/i0.wp.com\/casadecampoliving.com\/wp-content\/uploads\/2022\/10\/pizza_limoncello-1.jpg?fit=650%2C434&ssl=1&resize=525%2C300 1.5x"},"classes":[]},{"id":352754,"url":"https:\/\/casadecampoliving.com\/es\/no-dejen-de-asistir-al-cafe-de-la-leche-con-julia-martinez-en-la-casita-este-viernes\/","url_meta":{"origin":347313,"position":5},"title":"\u00a1No dejen de asistir al Caf\u00e9 de la Leche con Julia Mart\u00ednez en La Casita ESTE viernes!","author":"Marlenys Guzm\u00e1n Casta\u00f1os","date":"3 Jul, 2018","format":false,"excerpt":"Les tenemos noticias: \u00a1El pr\u00f3ximo Caf\u00e9 de la Leche est\u00e1 planificado y se llevar\u00e1 a cabo ESTE viernes, 6 de julio en La Casita en la Marina Casa de Campo! Con Julia Mart\u00ednez como nuestra elegante anfitriona y La Casita Marina como su ubicaci\u00f3n, \u00a1no hay duda de que nos\u2026","rel":"","context":"En \u00abEstilo de Vida\u00bb","block_context":{"text":"Estilo de Vida","link":"https:\/\/casadecampoliving.com\/es\/category\/estilo-de-vida\/"},"img":{"alt_text":"","src":"https:\/\/i0.wp.com\/casadecampoliving.com\/wp-content\/uploads\/2018\/07\/IMG_00671.jpg?resize=350%2C200&ssl=1","width":350,"height":200,"srcset":"https:\/\/i0.wp.com\/casadecampoliving.com\/wp-content\/uploads\/2018\/07\/IMG_00671.jpg?resize=350%2C200&ssl=1 1x, https:\/\/i0.wp.com\/casadecampoliving.com\/wp-content\/uploads\/2018\/07\/IMG_00671.jpg?resize=525%2C300&ssl=1 1.5x, https:\/\/i0.wp.com\/casadecampoliving.com\/wp-content\/uploads\/2018\/07\/IMG_00671.jpg?resize=700%2C400&ssl=1 2x"},"classes":[]}],"jetpack_sharing_enabled":true,"_links":{"self":[{"href":"https:\/\/casadecampoliving.com\/es\/wp-json\/wp\/v2\/posts\/347313","targetHints":{"allow":["GET"]}}],"collection":[{"href":"https:\/\/casadecampoliving.com\/es\/wp-json\/wp\/v2\/posts"}],"about":[{"href":"https:\/\/casadecampoliving.com\/es\/wp-json\/wp\/v2\/types\/post"}],"author":[{"embeddable":true,"href":"https:\/\/casadecampoliving.com\/es\/wp-json\/wp\/v2\/users\/1097"}],"replies":[{"embeddable":true,"href":"https:\/\/casadecampoliving.com\/es\/wp-json\/wp\/v2\/comments?post=347313"}],"version-history":[{"count":1,"href":"https:\/\/casadecampoliving.com\/es\/wp-json\/wp\/v2\/posts\/347313\/revisions"}],"predecessor-version":[{"id":347314,"href":"https:\/\/casadecampoliving.com\/es\/wp-json\/wp\/v2\/posts\/347313\/revisions\/347314"}],"wp:featuredmedia":[{"embeddable":true,"href":"https:\/\/casadecampoliving.com\/es\/wp-json\/wp\/v2\/media\/296641"}],"wp:attachment":[{"href":"https:\/\/casadecampoliving.com\/es\/wp-json\/wp\/v2\/media?parent=347313"}],"wp:term":[{"taxonomy":"category","embeddable":true,"href":"https:\/\/casadecampoliving.com\/es\/wp-json\/wp\/v2\/categories?post=347313"},{"taxonomy":"post_tag","embeddable":true,"href":"https:\/\/casadecampoliving.com\/es\/wp-json\/wp\/v2\/tags?post=347313"},{"taxonomy":"newspack_spnsrs_tax","embeddable":true,"href":"https:\/\/casadecampoliving.com\/es\/wp-json\/wp\/v2\/newspack_spnsrs_tax?post=347313"}],"curies":[{"name":"wp","href":"https:\/\/api.w.org\/{rel}","templated":true}]}}