{"id":347309,"date":"2015-04-30T00:00:00","date_gmt":"2015-04-30T04:00:00","guid":{"rendered":"https:\/\/casadecampoliving.com\/campeonatos-nacionales-de-golf-empiezan-en-el-dye-fore\/"},"modified":"2022-10-21T19:01:55","modified_gmt":"2022-10-21T23:01:55","slug":"campeonatos-nacionales-de-golf-empiezan-en-el-dye-fore","status":"publish","type":"post","link":"https:\/\/casadecampoliving.com\/es\/campeonatos-nacionales-de-golf-empiezan-en-el-dye-fore\/","title":{"rendered":"Campeonatos Nacionales de Golf empiezan en el Dye Fore"},"content":{"rendered":"<div class=\"wp-block-image\">\n<figure class=\"aligncenter is-resized\"><img loading=\"lazy\" decoding=\"async\" src=\"https:\/\/i0.wp.com\/casadecampoliving.com\/wp-content\/uploads\/2022\/10\/Foto-1-Campo-de-Golf-Dye-Fore.jpg?resize=640%2C316&amp;ssl=1\" alt=\"Foto 1 Campo de Golf Dye Fore\" class=\"wp-image-111018\" height=\"316\" width=\"640\"\/><\/figure>\n<\/div>\n\n\n<p class=\"wp-block-paragraph\">A partir de ma\u00f1ana viernes 1\u00ba de mayo hasta el lunes 4 de mayo, se llevar\u00e1 a cabo en el campo de golf Dye Fore, la 48\u00ba edici\u00f3n anual de los&nbsp;Campeonatos Nacionales de Golf organizado por la Federaci\u00f3n Dominicana de golf.<\/p>\n\n\n\n<!--more-->\n\n\n\n<p class=\"wp-block-paragraph\">M\u00e1s de 110 golfistas participar\u00e1n en este torneo que ser\u00e1 jugado en el formato \u201cjuego por golpe\u201d. Este a\u00f1o el torneo organizado por FEDOGOLF (Federaci\u00f3n Dominicana de Golf) cuenta con el patrocinio de la Asociaci\u00f3n La Nacional de Ahorros y Prestamos y ser\u00e1 jugado en&nbsp;los 18 hoyos principales del dise\u00f1o de Pete Dye ubicado sobre el R\u00edo Chav\u00f3n.<\/p>\n\n\n\n<p class=\"wp-block-paragraph\">El evento final del Tour Nacional de los Campeonatos Nacionales, es uno de los m\u00e1s grandes e importantes eventos de golf en la Rep\u00fablica Dominicana \u2013 &nbsp;en el cual todos los participantes reciben el rank de golf oficial de la Rep\u00fablica Dominicana y los ganadores de las diversas categor\u00edas, son reconocidos con una serie de premios y trofeos, ofreciendo a los sobresalientes, la oportunidad de representar al pa\u00eds en el Campeonato \u201cCaribbean Amateur Golf Championships\u201d.<\/p>\n\n\n\n<p class=\"wp-block-paragraph\">Los golfistas en las categor\u00edas A, AA, Mid-Amateur, Senior A, Super Senior y Damas A, durante cuatro d\u00edas (72 hoyos), mientras que las categor\u00edas generales competir\u00e1n en 54 hoyos. En ambos casos, los participantes buscar\u00e1n convertirse en Campe\u00f3n y Sub-campe\u00f3n de sus respectivas divisiones\u201d.<\/p>\n\n\n\n<p class=\"wp-block-paragraph\">En las categor\u00edas A estar\u00e1n compitiendo 75 atletas, mientras que las generales, compuestas por las divisiones Masculino B, C y D, Senior B y C y Damas B, y C competir\u00e1n 35 jugadores. En la Categor\u00eda A se disputar\u00e1 un puesto para participar en el evento \u201cCasa de Campo Rep\u00fablica Dominicana Open 2015\u201d a celebrarse del 4 al 7 de junio en el campo de golf Teeth of the Dog en Casa de Campo.<a href=\"https:\/\/casadecampoliving.com\/es\/la-6ta-edicion-del-dr-open-sera-jugada-en-casa-de-campo\/\"> (Clic aqu\u00ed para m\u00e1s informaci\u00f3n sobre el&nbsp;\u201cCasa de Campo Rep\u00fablica Dominicana Open 2015\u201d).<\/a><\/p>\n\n\n\n<blockquote class=\"wp-block-quote is-layout-flow wp-block-quote-is-layout-flow\"><p><strong>Campeonatos Nacionales de Golf<\/strong><\/p><p><strong>Fecha:<\/strong>&nbsp;Del&nbsp;viernes 1\u00ba de mayo al lunes 4 de mayo<\/p><p><strong>Lugar:<\/strong>&nbsp;Campo de golf Dye Fore, Casa de Campo<\/p><\/blockquote>\n","protected":false},"excerpt":{"rendered":"<p>A partir de ma\u00f1ana viernes 1\u00ba de mayo hasta el lunes 4 de mayo, se llevar\u00e1 a cabo en el campo de golf Dye Fore, la 48\u00ba edici\u00f3n anual de los&nbsp;Campeonatos Nacionales de Golf organizado por la Federaci\u00f3n Dominicana de golf.<\/p>\n","protected":false},"author":1097,"featured_media":296392,"comment_status":"closed","ping_status":"closed","sticky":false,"template":"","format":"standard","meta":{"newspack_ads_suppress_ads":false,"newspack_popups_has_disabled_popups":false,"newspack_sponsor_sponsorship_scope":"","newspack_sponsor_native_byline_display":"inherit","newspack_sponsor_native_category_display":"inherit","newspack_sponsor_underwriter_style":"inherit","newspack_sponsor_underwriter_placement":"inherit","_newspack_byline_active":false,"_newspack_byline":"","newspack_hide_updated_date":false,"newspack_show_updated_date":false,"newspack_featured_image_position":"","newspack_post_subtitle":"","newspack_article_summary_title":"Overview:","newspack_article_summary":"","_jetpack_memberships_contains_paid_content":false,"footnotes":"","jetpack_publicize_message":"{title}\n\n{excerpt}\n\n{url}","jetpack_publicize_feature_enabled":true,"jetpack_social_post_already_shared":false,"jetpack_social_options":{"image_generator_settings":{"template":"highway","default_image_id":0,"font":"","enabled":false},"version":2},"_wpas_customize_per_network":false},"categories":[26819,2525,2524,14631,2522,14625,14627,2521,26822,2526],"tags":[15387,3626,24387,6371,3801],"newspack_spnsrs_tax":[],"class_list":["post-347309","post","type-post","status-publish","format-standard","has-post-thumbnail","hentry","category-altos-de-chavon-es","category-golf-deportes-es","category-destacados","category-estilo-de-vida","category-eventos-es","category-noticias-locales","category-proximamente","category-republica-dominicana-2","category-resort-casa-de-campo","category-titulares-es","tag-altos-de-chavon-es","tag-casa-de-campo-es","tag-casa-de-campo-living-es","tag-casa-de-campo-resort-es","tag-dye-fore-es","entry"],"yoast_head":"<!-- This site is optimized with the Yoast SEO plugin v28.3 - https:\/\/yoast.com\/product\/yoast-seo-wordpress\/ -->\n<title>Campeonatos Nacionales de Golf empiezan en el Dye Fore | Casa de Campo Living<\/title>\n<meta name=\"description\" content=\"A partir de ma\u00f1ana viernes 1\u00ba de mayo hasta el lunes 4 de mayo, se llevar\u00e1 a cabo en el campo de golf Dye Fore, la 48\u00ba edici\u00f3n anual de\" \/>\n<meta name=\"robots\" content=\"index, follow, max-snippet:-1, max-image-preview:large, max-video-preview:-1\" \/>\n<link rel=\"canonical\" href=\"https:\/\/casadecampoliving.com\/es\/campeonatos-nacionales-de-golf-empiezan-en-el-dye-fore\/\" \/>\n<meta property=\"og:locale\" content=\"es_ES\" \/>\n<meta property=\"og:type\" content=\"article\" \/>\n<meta property=\"og:title\" content=\"Campeonatos Nacionales de Golf empiezan en el Dye Fore | Casa de Campo Living\" \/>\n<meta property=\"og:description\" content=\"A partir de ma\u00f1ana viernes 1\u00ba de mayo hasta el lunes 4 de mayo, se llevar\u00e1 a cabo en el campo de golf Dye Fore, la 48\u00ba edici\u00f3n anual de\" \/>\n<meta property=\"og:url\" content=\"https:\/\/casadecampoliving.com\/es\/campeonatos-nacionales-de-golf-empiezan-en-el-dye-fore\/\" \/>\n<meta property=\"og:site_name\" content=\"Casa de Campo Living\" \/>\n<meta property=\"article:publisher\" content=\"https:\/\/www.facebook.com\/casadecampoliving\" \/>\n<meta property=\"article:published_time\" content=\"2015-04-30T04:00:00+00:00\" \/>\n<meta property=\"article:modified_time\" content=\"2022-10-21T23:01:55+00:00\" \/>\n<meta property=\"og:image\" content=\"https:\/\/i0.wp.com\/casadecampoliving.com\/wp-content\/uploads\/2022\/10\/Foto-1-Campo-de-Golf-Dye-Fore-1.jpg?fit=730%2C360&ssl=1\" \/>\n\t<meta property=\"og:image:width\" content=\"730\" \/>\n\t<meta property=\"og:image:height\" content=\"360\" \/>\n\t<meta property=\"og:image:type\" content=\"image\/jpeg\" \/>\n<meta name=\"author\" content=\"Perkin Agramonte\" \/>\n<meta name=\"twitter:card\" content=\"summary_large_image\" \/>\n<meta name=\"twitter:creator\" content=\"@cdcliving\" \/>\n<meta name=\"twitter:site\" content=\"@cdcliving\" \/>\n<meta name=\"twitter:label1\" content=\"Escrito por\" \/>\n\t<meta name=\"twitter:data1\" content=\"Perkin Agramonte\" \/>\n\t<meta name=\"twitter:label2\" content=\"Tiempo de lectura\" \/>\n\t<meta name=\"twitter:data2\" content=\"2 minutos\" \/>\n<script type=\"application\/ld+json\" class=\"yoast-schema-graph\">{\"@context\":\"https:\\\/\\\/schema.org\",\"@graph\":[{\"@type\":\"Article\",\"@id\":\"https:\\\/\\\/casadecampoliving.com\\\/es\\\/campeonatos-nacionales-de-golf-empiezan-en-el-dye-fore\\\/#article\",\"isPartOf\":{\"@id\":\"https:\\\/\\\/casadecampoliving.com\\\/es\\\/campeonatos-nacionales-de-golf-empiezan-en-el-dye-fore\\\/\"},\"author\":{\"name\":\"Perkin Agramonte\",\"@id\":\"https:\\\/\\\/casadecampoliving.com\\\/es\\\/#\\\/schema\\\/person\\\/c8efa6049510554b7d5fea078d728f72\"},\"headline\":\"Campeonatos Nacionales de Golf empiezan en el Dye Fore\",\"datePublished\":\"2015-04-30T04:00:00+00:00\",\"dateModified\":\"2022-10-21T23:01:55+00:00\",\"mainEntityOfPage\":{\"@id\":\"https:\\\/\\\/casadecampoliving.com\\\/es\\\/campeonatos-nacionales-de-golf-empiezan-en-el-dye-fore\\\/\"},\"wordCount\":363,\"publisher\":{\"@id\":\"https:\\\/\\\/casadecampoliving.com\\\/es\\\/#organization\"},\"image\":{\"@id\":\"https:\\\/\\\/casadecampoliving.com\\\/es\\\/campeonatos-nacionales-de-golf-empiezan-en-el-dye-fore\\\/#primaryimage\"},\"thumbnailUrl\":\"https:\\\/\\\/i0.wp.com\\\/casadecampoliving.com\\\/wp-content\\\/uploads\\\/2022\\\/10\\\/Foto-1-Campo-de-Golf-Dye-Fore-1.jpg?fit=730%2C360&ssl=1\",\"keywords\":[\"Altos de Chavon\",\"casa de campo @es\",\"Casa de Campo Living\",\"casa de campo resort @es\",\"dye fore @es\"],\"articleSection\":[\"Altos de Chavon @es\",\"Deportes\",\"Destacados\",\"Estilo de Vida\",\"Eventos\",\"Noticias Locales\",\"Proximamente\",\"Rep\u00fablica Dominicana @es\",\"Resort Casa de Campo\",\"Titulares\"],\"inLanguage\":\"es\"},{\"@type\":\"WebPage\",\"@id\":\"https:\\\/\\\/casadecampoliving.com\\\/es\\\/campeonatos-nacionales-de-golf-empiezan-en-el-dye-fore\\\/\",\"url\":\"https:\\\/\\\/casadecampoliving.com\\\/es\\\/campeonatos-nacionales-de-golf-empiezan-en-el-dye-fore\\\/\",\"name\":\"Campeonatos Nacionales de Golf empiezan en el Dye Fore | Casa de Campo Living\",\"isPartOf\":{\"@id\":\"https:\\\/\\\/casadecampoliving.com\\\/es\\\/#website\"},\"primaryImageOfPage\":{\"@id\":\"https:\\\/\\\/casadecampoliving.com\\\/es\\\/campeonatos-nacionales-de-golf-empiezan-en-el-dye-fore\\\/#primaryimage\"},\"image\":{\"@id\":\"https:\\\/\\\/casadecampoliving.com\\\/es\\\/campeonatos-nacionales-de-golf-empiezan-en-el-dye-fore\\\/#primaryimage\"},\"thumbnailUrl\":\"https:\\\/\\\/i0.wp.com\\\/casadecampoliving.com\\\/wp-content\\\/uploads\\\/2022\\\/10\\\/Foto-1-Campo-de-Golf-Dye-Fore-1.jpg?fit=730%2C360&ssl=1\",\"datePublished\":\"2015-04-30T04:00:00+00:00\",\"dateModified\":\"2022-10-21T23:01:55+00:00\",\"description\":\"A partir de ma\u00f1ana viernes 1\u00ba de mayo hasta el lunes 4 de mayo, se llevar\u00e1 a cabo en el campo de golf Dye Fore, la 48\u00ba edici\u00f3n anual de\",\"breadcrumb\":{\"@id\":\"https:\\\/\\\/casadecampoliving.com\\\/es\\\/campeonatos-nacionales-de-golf-empiezan-en-el-dye-fore\\\/#breadcrumb\"},\"inLanguage\":\"es\",\"potentialAction\":[{\"@type\":\"ReadAction\",\"target\":[\"https:\\\/\\\/casadecampoliving.com\\\/es\\\/campeonatos-nacionales-de-golf-empiezan-en-el-dye-fore\\\/\"]}]},{\"@type\":\"ImageObject\",\"inLanguage\":\"es\",\"@id\":\"https:\\\/\\\/casadecampoliving.com\\\/es\\\/campeonatos-nacionales-de-golf-empiezan-en-el-dye-fore\\\/#primaryimage\",\"url\":\"https:\\\/\\\/i0.wp.com\\\/casadecampoliving.com\\\/wp-content\\\/uploads\\\/2022\\\/10\\\/Foto-1-Campo-de-Golf-Dye-Fore-1.jpg?fit=730%2C360&ssl=1\",\"contentUrl\":\"https:\\\/\\\/i0.wp.com\\\/casadecampoliving.com\\\/wp-content\\\/uploads\\\/2022\\\/10\\\/Foto-1-Campo-de-Golf-Dye-Fore-1.jpg?fit=730%2C360&ssl=1\",\"width\":730,\"height\":360,\"caption\":\"Campo de Golf Dye Fore\"},{\"@type\":\"BreadcrumbList\",\"@id\":\"https:\\\/\\\/casadecampoliving.com\\\/es\\\/campeonatos-nacionales-de-golf-empiezan-en-el-dye-fore\\\/#breadcrumb\",\"itemListElement\":[{\"@type\":\"ListItem\",\"position\":1,\"name\":\"Home\",\"item\":\"https:\\\/\\\/casadecampoliving.com\\\/es\\\/\"},{\"@type\":\"ListItem\",\"position\":2,\"name\":\"Campeonatos Nacionales de Golf empiezan en el Dye Fore\"}]},{\"@type\":\"WebSite\",\"@id\":\"https:\\\/\\\/casadecampoliving.com\\\/es\\\/#website\",\"url\":\"https:\\\/\\\/casadecampoliving.com\\\/es\\\/\",\"name\":\"Casa de Campo Living\",\"description\":\"Resort community news and resources.\",\"publisher\":{\"@id\":\"https:\\\/\\\/casadecampoliving.com\\\/es\\\/#organization\"},\"potentialAction\":[{\"@type\":\"SearchAction\",\"target\":{\"@type\":\"EntryPoint\",\"urlTemplate\":\"https:\\\/\\\/casadecampoliving.com\\\/es\\\/?s={search_term_string}\"},\"query-input\":{\"@type\":\"PropertyValueSpecification\",\"valueRequired\":true,\"valueName\":\"search_term_string\"}}],\"inLanguage\":\"es\"},{\"@type\":\"Organization\",\"@id\":\"https:\\\/\\\/casadecampoliving.com\\\/es\\\/#organization\",\"name\":\"Casa de Campo Living\",\"url\":\"https:\\\/\\\/casadecampoliving.com\\\/es\\\/\",\"logo\":{\"@type\":\"ImageObject\",\"inLanguage\":\"es\",\"@id\":\"https:\\\/\\\/casadecampoliving.com\\\/es\\\/#\\\/schema\\\/logo\\\/image\\\/\",\"url\":\"https:\\\/\\\/i0.wp.com\\\/casadecampoliving.com\\\/wp-content\\\/uploads\\\/2022\\\/07\\\/CDCLivingLogo_V1-white-sized.png?fit=800%2C214&ssl=1\",\"contentUrl\":\"https:\\\/\\\/i0.wp.com\\\/casadecampoliving.com\\\/wp-content\\\/uploads\\\/2022\\\/07\\\/CDCLivingLogo_V1-white-sized.png?fit=800%2C214&ssl=1\",\"width\":800,\"height\":214,\"caption\":\"Casa de Campo Living\"},\"image\":{\"@id\":\"https:\\\/\\\/casadecampoliving.com\\\/es\\\/#\\\/schema\\\/logo\\\/image\\\/\"},\"sameAs\":[\"https:\\\/\\\/www.facebook.com\\\/casadecampoliving\",\"https:\\\/\\\/x.com\\\/cdcliving\"]},{\"@type\":\"Person\",\"@id\":\"https:\\\/\\\/casadecampoliving.com\\\/es\\\/#\\\/schema\\\/person\\\/c8efa6049510554b7d5fea078d728f72\",\"name\":\"Perkin Agramonte\",\"image\":{\"@type\":\"ImageObject\",\"inLanguage\":\"es\",\"@id\":\"https:\\\/\\\/secure.gravatar.com\\\/avatar\\\/57bfdafcae55fb83dbb79a1585a9eab7f269b7720fb0b64cb9a4e0cd2962fa10?s=96&d=mm&r=g\",\"url\":\"https:\\\/\\\/secure.gravatar.com\\\/avatar\\\/57bfdafcae55fb83dbb79a1585a9eab7f269b7720fb0b64cb9a4e0cd2962fa10?s=96&d=mm&r=g\",\"contentUrl\":\"https:\\\/\\\/secure.gravatar.com\\\/avatar\\\/57bfdafcae55fb83dbb79a1585a9eab7f269b7720fb0b64cb9a4e0cd2962fa10?s=96&d=mm&r=g\",\"caption\":\"Perkin Agramonte\"},\"url\":\"https:\\\/\\\/casadecampoliving.com\\\/es\\\/author\\\/cagramonte\\\/\"}]}<\/script>\n<!-- \/ Yoast SEO plugin. -->","yoast_head_json":{"title":"Campeonatos Nacionales de Golf empiezan en el Dye Fore | Casa de Campo Living","description":"A partir de ma\u00f1ana viernes 1\u00ba de mayo hasta el lunes 4 de mayo, se llevar\u00e1 a cabo en el campo de golf Dye Fore, la 48\u00ba edici\u00f3n anual de","robots":{"index":"index","follow":"follow","max-snippet":"max-snippet:-1","max-image-preview":"max-image-preview:large","max-video-preview":"max-video-preview:-1"},"canonical":"https:\/\/casadecampoliving.com\/es\/campeonatos-nacionales-de-golf-empiezan-en-el-dye-fore\/","og_locale":"es_ES","og_type":"article","og_title":"Campeonatos Nacionales de Golf empiezan en el Dye Fore | Casa de Campo Living","og_description":"A partir de ma\u00f1ana viernes 1\u00ba de mayo hasta el lunes 4 de mayo, se llevar\u00e1 a cabo en el campo de golf Dye Fore, la 48\u00ba edici\u00f3n anual de","og_url":"https:\/\/casadecampoliving.com\/es\/campeonatos-nacionales-de-golf-empiezan-en-el-dye-fore\/","og_site_name":"Casa de Campo Living","article_publisher":"https:\/\/www.facebook.com\/casadecampoliving","article_published_time":"2015-04-30T04:00:00+00:00","article_modified_time":"2022-10-21T23:01:55+00:00","og_image":[{"width":730,"height":360,"url":"https:\/\/i0.wp.com\/casadecampoliving.com\/wp-content\/uploads\/2022\/10\/Foto-1-Campo-de-Golf-Dye-Fore-1.jpg?fit=730%2C360&ssl=1","type":"image\/jpeg"}],"author":"Perkin Agramonte","twitter_card":"summary_large_image","twitter_creator":"@cdcliving","twitter_site":"@cdcliving","twitter_misc":{"Escrito por":"Perkin Agramonte","Tiempo de lectura":"2 minutos"},"schema":{"@context":"https:\/\/schema.org","@graph":[{"@type":"Article","@id":"https:\/\/casadecampoliving.com\/es\/campeonatos-nacionales-de-golf-empiezan-en-el-dye-fore\/#article","isPartOf":{"@id":"https:\/\/casadecampoliving.com\/es\/campeonatos-nacionales-de-golf-empiezan-en-el-dye-fore\/"},"author":{"name":"Perkin Agramonte","@id":"https:\/\/casadecampoliving.com\/es\/#\/schema\/person\/c8efa6049510554b7d5fea078d728f72"},"headline":"Campeonatos Nacionales de Golf empiezan en el Dye Fore","datePublished":"2015-04-30T04:00:00+00:00","dateModified":"2022-10-21T23:01:55+00:00","mainEntityOfPage":{"@id":"https:\/\/casadecampoliving.com\/es\/campeonatos-nacionales-de-golf-empiezan-en-el-dye-fore\/"},"wordCount":363,"publisher":{"@id":"https:\/\/casadecampoliving.com\/es\/#organization"},"image":{"@id":"https:\/\/casadecampoliving.com\/es\/campeonatos-nacionales-de-golf-empiezan-en-el-dye-fore\/#primaryimage"},"thumbnailUrl":"https:\/\/i0.wp.com\/casadecampoliving.com\/wp-content\/uploads\/2022\/10\/Foto-1-Campo-de-Golf-Dye-Fore-1.jpg?fit=730%2C360&ssl=1","keywords":["Altos de Chavon","casa de campo @es","Casa de Campo Living","casa de campo resort @es","dye fore @es"],"articleSection":["Altos de Chavon @es","Deportes","Destacados","Estilo de Vida","Eventos","Noticias Locales","Proximamente","Rep\u00fablica Dominicana @es","Resort Casa de Campo","Titulares"],"inLanguage":"es"},{"@type":"WebPage","@id":"https:\/\/casadecampoliving.com\/es\/campeonatos-nacionales-de-golf-empiezan-en-el-dye-fore\/","url":"https:\/\/casadecampoliving.com\/es\/campeonatos-nacionales-de-golf-empiezan-en-el-dye-fore\/","name":"Campeonatos Nacionales de Golf empiezan en el Dye Fore | Casa de Campo Living","isPartOf":{"@id":"https:\/\/casadecampoliving.com\/es\/#website"},"primaryImageOfPage":{"@id":"https:\/\/casadecampoliving.com\/es\/campeonatos-nacionales-de-golf-empiezan-en-el-dye-fore\/#primaryimage"},"image":{"@id":"https:\/\/casadecampoliving.com\/es\/campeonatos-nacionales-de-golf-empiezan-en-el-dye-fore\/#primaryimage"},"thumbnailUrl":"https:\/\/i0.wp.com\/casadecampoliving.com\/wp-content\/uploads\/2022\/10\/Foto-1-Campo-de-Golf-Dye-Fore-1.jpg?fit=730%2C360&ssl=1","datePublished":"2015-04-30T04:00:00+00:00","dateModified":"2022-10-21T23:01:55+00:00","description":"A partir de ma\u00f1ana viernes 1\u00ba de mayo hasta el lunes 4 de mayo, se llevar\u00e1 a cabo en el campo de golf Dye Fore, la 48\u00ba edici\u00f3n anual de","breadcrumb":{"@id":"https:\/\/casadecampoliving.com\/es\/campeonatos-nacionales-de-golf-empiezan-en-el-dye-fore\/#breadcrumb"},"inLanguage":"es","potentialAction":[{"@type":"ReadAction","target":["https:\/\/casadecampoliving.com\/es\/campeonatos-nacionales-de-golf-empiezan-en-el-dye-fore\/"]}]},{"@type":"ImageObject","inLanguage":"es","@id":"https:\/\/casadecampoliving.com\/es\/campeonatos-nacionales-de-golf-empiezan-en-el-dye-fore\/#primaryimage","url":"https:\/\/i0.wp.com\/casadecampoliving.com\/wp-content\/uploads\/2022\/10\/Foto-1-Campo-de-Golf-Dye-Fore-1.jpg?fit=730%2C360&ssl=1","contentUrl":"https:\/\/i0.wp.com\/casadecampoliving.com\/wp-content\/uploads\/2022\/10\/Foto-1-Campo-de-Golf-Dye-Fore-1.jpg?fit=730%2C360&ssl=1","width":730,"height":360,"caption":"Campo de Golf Dye Fore"},{"@type":"BreadcrumbList","@id":"https:\/\/casadecampoliving.com\/es\/campeonatos-nacionales-de-golf-empiezan-en-el-dye-fore\/#breadcrumb","itemListElement":[{"@type":"ListItem","position":1,"name":"Home","item":"https:\/\/casadecampoliving.com\/es\/"},{"@type":"ListItem","position":2,"name":"Campeonatos Nacionales de Golf empiezan en el Dye Fore"}]},{"@type":"WebSite","@id":"https:\/\/casadecampoliving.com\/es\/#website","url":"https:\/\/casadecampoliving.com\/es\/","name":"Casa de Campo Living","description":"Resort community news and resources.","publisher":{"@id":"https:\/\/casadecampoliving.com\/es\/#organization"},"potentialAction":[{"@type":"SearchAction","target":{"@type":"EntryPoint","urlTemplate":"https:\/\/casadecampoliving.com\/es\/?s={search_term_string}"},"query-input":{"@type":"PropertyValueSpecification","valueRequired":true,"valueName":"search_term_string"}}],"inLanguage":"es"},{"@type":"Organization","@id":"https:\/\/casadecampoliving.com\/es\/#organization","name":"Casa de Campo Living","url":"https:\/\/casadecampoliving.com\/es\/","logo":{"@type":"ImageObject","inLanguage":"es","@id":"https:\/\/casadecampoliving.com\/es\/#\/schema\/logo\/image\/","url":"https:\/\/i0.wp.com\/casadecampoliving.com\/wp-content\/uploads\/2022\/07\/CDCLivingLogo_V1-white-sized.png?fit=800%2C214&ssl=1","contentUrl":"https:\/\/i0.wp.com\/casadecampoliving.com\/wp-content\/uploads\/2022\/07\/CDCLivingLogo_V1-white-sized.png?fit=800%2C214&ssl=1","width":800,"height":214,"caption":"Casa de Campo Living"},"image":{"@id":"https:\/\/casadecampoliving.com\/es\/#\/schema\/logo\/image\/"},"sameAs":["https:\/\/www.facebook.com\/casadecampoliving","https:\/\/x.com\/cdcliving"]},{"@type":"Person","@id":"https:\/\/casadecampoliving.com\/es\/#\/schema\/person\/c8efa6049510554b7d5fea078d728f72","name":"Perkin Agramonte","image":{"@type":"ImageObject","inLanguage":"es","@id":"https:\/\/secure.gravatar.com\/avatar\/57bfdafcae55fb83dbb79a1585a9eab7f269b7720fb0b64cb9a4e0cd2962fa10?s=96&d=mm&r=g","url":"https:\/\/secure.gravatar.com\/avatar\/57bfdafcae55fb83dbb79a1585a9eab7f269b7720fb0b64cb9a4e0cd2962fa10?s=96&d=mm&r=g","contentUrl":"https:\/\/secure.gravatar.com\/avatar\/57bfdafcae55fb83dbb79a1585a9eab7f269b7720fb0b64cb9a4e0cd2962fa10?s=96&d=mm&r=g","caption":"Perkin Agramonte"},"url":"https:\/\/casadecampoliving.com\/es\/author\/cagramonte\/"}]}},"parsely":{"version":"1.1.0","canonical_url":"https:\/\/casadecampoliving.com\/es\/campeonatos-nacionales-de-golf-empiezan-en-el-dye-fore\/","smart_links":{"inbound":0,"outbound":0},"traffic_boost_suggestions_count":0,"meta":{"@context":"https:\/\/schema.org","@type":"NewsArticle","headline":"Campeonatos Nacionales de Golf empiezan en el Dye Fore","url":"http:\/\/casadecampoliving.com\/es\/campeonatos-nacionales-de-golf-empiezan-en-el-dye-fore\/","mainEntityOfPage":{"@type":"WebPage","@id":"http:\/\/casadecampoliving.com\/es\/campeonatos-nacionales-de-golf-empiezan-en-el-dye-fore\/"},"thumbnailUrl":"https:\/\/i0.wp.com\/casadecampoliving.com\/wp-content\/uploads\/2022\/10\/Foto-1-Campo-de-Golf-Dye-Fore-1.jpg?resize=150%2C150&ssl=1","image":{"@type":"ImageObject","url":"https:\/\/i0.wp.com\/casadecampoliving.com\/wp-content\/uploads\/2022\/10\/Foto-1-Campo-de-Golf-Dye-Fore-1.jpg?fit=730%2C360&ssl=1"},"articleSection":"Altos de Chavon @es","author":[{"@type":"Person","name":"Perkin Agramonte"}],"creator":["Perkin Agramonte"],"publisher":{"@type":"Organization","name":"Casa de Campo Living","logo":"https:\/\/casadecampoliving.com\/wp-content\/uploads\/2022\/07\/CDCLivingLogo_V1-white-sized.png"},"keywords":["altos de chavon","casa de campo @es","casa de campo living","casa de campo resort @es","dye fore @es"],"dateCreated":"2015-04-30T04:00:00Z","datePublished":"2015-04-30T04:00:00Z","dateModified":"2022-10-21T23:01:55Z"},"rendered":"<meta name=\"parsely-title\" content=\"Campeonatos Nacionales de Golf empiezan en el Dye Fore\" \/>\n<meta name=\"parsely-link\" content=\"http:\/\/casadecampoliving.com\/es\/campeonatos-nacionales-de-golf-empiezan-en-el-dye-fore\/\" \/>\n<meta name=\"parsely-type\" content=\"post\" \/>\n<meta name=\"parsely-image-url\" content=\"https:\/\/i0.wp.com\/casadecampoliving.com\/wp-content\/uploads\/2022\/10\/Foto-1-Campo-de-Golf-Dye-Fore-1.jpg?resize=150%2C150&amp;ssl=1\" \/>\n<meta name=\"parsely-pub-date\" content=\"2015-04-30T04:00:00Z\" \/>\n<meta name=\"parsely-section\" content=\"Altos de Chavon @es\" \/>\n<meta name=\"parsely-tags\" content=\"altos de chavon,casa de campo @es,casa de campo living,casa de campo resort @es,dye fore @es\" \/>\n<meta name=\"parsely-author\" content=\"Perkin Agramonte\" \/>","tracker_url":"https:\/\/cdn.parsely.com\/keys\/casadecampoliving.com\/p.js"},"jetpack_publicize_connections":[],"jetpack-related-posts":[{"id":339019,"url":"https:\/\/casadecampoliving.com\/es\/los-campeonatos-nacionales-de-golf-2012-a-celebrarse-en-la-estancia-golf-resort\/","url_meta":{"origin":347309,"position":0},"title":"Los Campeonatos Nacionales de Golf 2012 a celebrarse en La Estancia Golf Resort!","author":"","date":"17 May, 2012","format":false,"excerpt":"El Campeonato Nacional de Golf, realizado en la Rep\u00fablica Dominicana, conocido tambi\u00e9n como la \u201cCopa Orange\u201d, que fuera jugado el a\u00f1o pasado en Casa de Campo, este a\u00f1o ser\u00e1 jugado en La Estancia Golf Resort en La Romana del d\u00eda 7 al 10 de junio. \u00a0 El evento final del\u2026","rel":"","context":"En \u00abUncategorized @es\u00bb","block_context":{"text":"Uncategorized @es","link":"https:\/\/casadecampoliving.com\/es\/category\/uncategorized-es\/"},"img":{"alt_text":"","src":"https:\/\/i0.wp.com\/casadecampoliving.com\/wp-content\/uploads\/2022\/10\/laestancia_golf-1.jpg?fit=565%2C378&ssl=1&resize=350%2C200","width":350,"height":200,"srcset":"https:\/\/i0.wp.com\/casadecampoliving.com\/wp-content\/uploads\/2022\/10\/laestancia_golf-1.jpg?fit=565%2C378&ssl=1&resize=350%2C200 1x, https:\/\/i0.wp.com\/casadecampoliving.com\/wp-content\/uploads\/2022\/10\/laestancia_golf-1.jpg?fit=565%2C378&ssl=1&resize=525%2C300 1.5x"},"classes":[]},{"id":339021,"url":"https:\/\/casadecampoliving.com\/es\/en-honor-a-pete-dye-un-coctel-con-orange-dominicana\/","url_meta":{"origin":347309,"position":1},"title":"En honor a Pete Dye: Un c\u00f3ctel con Orange Dominicana","author":"","date":"30 Jun, 2011","format":false,"excerpt":"El pasado s\u00e1bado 25 de junio, como parte de los Campeonatos Nacionales \"Copa Orange\", Orange Dominicana, el patrocinador oficial del evento, realiz\u00f3 un c\u00f3ctel en honor a Pete Dye, el hombre detr\u00e1s del \"Teeth of the Dog\", \"Dye Fore\" y \"Links\", los campos de golf m\u00e1s famosos de Casa de\u2026","rel":"","context":"En \u00abEventos\u00bb","block_context":{"text":"Eventos","link":"https:\/\/casadecampoliving.com\/es\/category\/eventos-es\/"},"img":{"alt_text":"","src":"https:\/\/i0.wp.com\/casadecampoliving.com\/wp-content\/uploads\/2022\/10\/casa_de_campo_pete_dye_pb_dye_golf_dye_fore-1.jpg?fit=565%2C313&ssl=1&resize=350%2C200","width":350,"height":200,"srcset":"https:\/\/i0.wp.com\/casadecampoliving.com\/wp-content\/uploads\/2022\/10\/casa_de_campo_pete_dye_pb_dye_golf_dye_fore-1.jpg?fit=565%2C313&ssl=1&resize=350%2C200 1x, https:\/\/i0.wp.com\/casadecampoliving.com\/wp-content\/uploads\/2022\/10\/casa_de_campo_pete_dye_pb_dye_golf_dye_fore-1.jpg?fit=565%2C313&ssl=1&resize=525%2C300 1.5x"},"classes":[]},{"id":354385,"url":"https:\/\/casadecampoliving.com\/es\/casa-de-campo-sera-sede-del-lv-campeonato-nacional-stroke-play-organizado-por-fedogolf\/","url_meta":{"origin":347309,"position":2},"title":"Casa de Campo ser\u00e1 sede del LV Campeonato Nacional Stroke Play organizado por Fedogolf","author":"Casa de Campo Living","date":"23 May, 2022","format":false,"excerpt":"La Federaci\u00f3n Dominicana de Golf (Fedogolf), anunci\u00f3 la celebraci\u00f3n del LV Campeonato Nacional Stroke Play, a realizarse del 16 al 19 de junio, en los campos de golf Teeth of the Dog, Dye Fore y The Links de Casa de Campo. El Campeonato Nacional es el m\u00e1ximo evento competitivo local\u2026","rel":"","context":"En \u00abCasa de Campo Living @es\u00bb","block_context":{"text":"Casa de Campo Living @es","link":"https:\/\/casadecampoliving.com\/category\/casa-de-campo-living-es\/"},"img":{"alt_text":"","src":"https:\/\/i0.wp.com\/casadecampoliving.com\/wp-content\/uploads\/2022\/10\/LV-National-Stroke-Play-Championships-1.jpg?fit=1000%2C655&ssl=1&resize=350%2C200","width":350,"height":200,"srcset":"https:\/\/i0.wp.com\/casadecampoliving.com\/wp-content\/uploads\/2022\/10\/LV-National-Stroke-Play-Championships-1.jpg?fit=1000%2C655&ssl=1&resize=350%2C200 1x, https:\/\/i0.wp.com\/casadecampoliving.com\/wp-content\/uploads\/2022\/10\/LV-National-Stroke-Play-Championships-1.jpg?fit=1000%2C655&ssl=1&resize=525%2C300 1.5x, https:\/\/i0.wp.com\/casadecampoliving.com\/wp-content\/uploads\/2022\/10\/LV-National-Stroke-Play-Championships-1.jpg?fit=1000%2C655&ssl=1&resize=700%2C400 2x"},"classes":[]},{"id":344322,"url":"https:\/\/casadecampoliving.com\/es\/pete-dye-sera-inducido-al-salon-de-la-fama-del-golf-dominicano\/","url_meta":{"origin":347309,"position":3},"title":"Pete Dye ser\u00e1 inducido al Sal\u00f3n de la Fama del Golf Dominicano","author":"Perkin Agramonte","date":"4 May, 2014","format":false,"excerpt":"Pete Dye, uno de los m\u00e1s exitosos e influyentes dise\u00f1adores de campos de golf en el mundo, quien fue el dise\u00f1ador de todos los campos de golf de fama mundial basados en Casa de Campo: Teeth of the Dog, Links, Dye Fore y La Romana Country Club, ser\u00e1 inducido al\u2026","rel":"","context":"En \u00abCasa de Campo Living @es\u00bb","block_context":{"text":"Casa de Campo Living @es","link":"https:\/\/casadecampoliving.com\/category\/casa-de-campo-living-es\/"},"img":{"alt_text":"Pete Dye","src":"https:\/\/i0.wp.com\/casadecampoliving.com\/wp-content\/uploads\/2022\/10\/pete_dye-1.jpg?fit=650%2C605&ssl=1&resize=350%2C200","width":350,"height":200,"srcset":"https:\/\/i0.wp.com\/casadecampoliving.com\/wp-content\/uploads\/2022\/10\/pete_dye-1.jpg?fit=650%2C605&ssl=1&resize=350%2C200 1x, https:\/\/i0.wp.com\/casadecampoliving.com\/wp-content\/uploads\/2022\/10\/pete_dye-1.jpg?fit=650%2C605&ssl=1&resize=525%2C300 1.5x"},"classes":[]},{"id":339075,"url":"https:\/\/casadecampoliving.com\/es\/casa-de-campo-celebra-el-xvii-torneo-de-golf-caribbean-classic\/","url_meta":{"origin":347309,"position":4},"title":"Casa de Campo celebra el XVII Torneo de golf \u00abCaribbean Classic\u00bb","author":"","date":"25 May, 2012","format":false,"excerpt":"Ayer, 24 de marzo de 2012, el XVII Torneo de Golf \u201cCaribbean Classic\u201d dio inicio en Casa de Campo con jugadores saliendo a los campos de golf Dye Fore y los Links.\u00a0 El XVII Torneo de Golf \u201cCaribbean Classic\u201d, organizado por la Federaci\u00f3n Dominicana de Golf (FEDOGOLF) y conducida por\u2026","rel":"","context":"En \u00abDeportes\u00bb","block_context":{"text":"Deportes","link":"https:\/\/casadecampoliving.com\/es\/category\/golf-deportes-es\/"},"img":{"alt_text":"","src":"https:\/\/i0.wp.com\/casadecampoliving.com\/wp-content\/uploads\/2022\/10\/casa-de-campo-shoot-out-golf-tournament-casa-de-campo-living-1.jpg?fit=575%2C368&ssl=1&resize=350%2C200","width":350,"height":200,"srcset":"https:\/\/i0.wp.com\/casadecampoliving.com\/wp-content\/uploads\/2022\/10\/casa-de-campo-shoot-out-golf-tournament-casa-de-campo-living-1.jpg?fit=575%2C368&ssl=1&resize=350%2C200 1x, https:\/\/i0.wp.com\/casadecampoliving.com\/wp-content\/uploads\/2022\/10\/casa-de-campo-shoot-out-golf-tournament-casa-de-campo-living-1.jpg?fit=575%2C368&ssl=1&resize=525%2C300 1.5x"},"classes":[]},{"id":337243,"url":"https:\/\/casadecampoliving.com\/es\/el-2do-torneo-anual-dr-open-se-esta-realizando-en-casa-de-campo-y-la-estancia\/","url_meta":{"origin":347309,"position":5},"title":"El 2do torneo anual \u00abDR Open\u00bb se est\u00e1 realizando en Casa de Campo y La Estancia","author":"","date":"11 Nov, 2011","format":false,"excerpt":"El segundo torneo de golf anual \u201cDR Open\u201d organizado por la\u00a0Federaci\u00f3n\u00a0Dominicana de Golf (FEDOGOLF) se est\u00e1\u00a0realizando en los distintos campos de golf de Casa de Campo y La Estancia. El programa del evento dio inicio oficialmente el lunes 7 de noviembre con la llegada de jugadores extranjeros y de distintas\u2026","rel":"","context":"En \u00abDeportes\u00bb","block_context":{"text":"Deportes","link":"https:\/\/casadecampoliving.com\/es\/category\/golf-deportes-es\/"},"img":{"alt_text":"dr open golf casa de campo","src":"https:\/\/i0.wp.com\/casadecampoliving.com\/wp-content\/uploads\/2022\/10\/dr_open_casa_de_campo-1.jpg?fit=650%2C300&ssl=1&resize=350%2C200","width":350,"height":200,"srcset":"https:\/\/i0.wp.com\/casadecampoliving.com\/wp-content\/uploads\/2022\/10\/dr_open_casa_de_campo-1.jpg?fit=650%2C300&ssl=1&resize=350%2C200 1x, https:\/\/i0.wp.com\/casadecampoliving.com\/wp-content\/uploads\/2022\/10\/dr_open_casa_de_campo-1.jpg?fit=650%2C300&ssl=1&resize=525%2C300 1.5x"},"classes":[]}],"jetpack_sharing_enabled":true,"jetpack_featured_media_url":"https:\/\/i0.wp.com\/casadecampoliving.com\/wp-content\/uploads\/2022\/10\/Foto-1-Campo-de-Golf-Dye-Fore-1.jpg?fit=730%2C360&ssl=1","_links":{"self":[{"href":"https:\/\/casadecampoliving.com\/es\/wp-json\/wp\/v2\/posts\/347309","targetHints":{"allow":["GET"]}}],"collection":[{"href":"https:\/\/casadecampoliving.com\/es\/wp-json\/wp\/v2\/posts"}],"about":[{"href":"https:\/\/casadecampoliving.com\/es\/wp-json\/wp\/v2\/types\/post"}],"author":[{"embeddable":true,"href":"https:\/\/casadecampoliving.com\/es\/wp-json\/wp\/v2\/users\/1097"}],"replies":[{"embeddable":true,"href":"https:\/\/casadecampoliving.com\/es\/wp-json\/wp\/v2\/comments?post=347309"}],"version-history":[{"count":1,"href":"https:\/\/casadecampoliving.com\/es\/wp-json\/wp\/v2\/posts\/347309\/revisions"}],"predecessor-version":[{"id":347310,"href":"https:\/\/casadecampoliving.com\/es\/wp-json\/wp\/v2\/posts\/347309\/revisions\/347310"}],"wp:featuredmedia":[{"embeddable":true,"href":"https:\/\/casadecampoliving.com\/es\/wp-json\/wp\/v2\/media\/296392"}],"wp:attachment":[{"href":"https:\/\/casadecampoliving.com\/es\/wp-json\/wp\/v2\/media?parent=347309"}],"wp:term":[{"taxonomy":"category","embeddable":true,"href":"https:\/\/casadecampoliving.com\/es\/wp-json\/wp\/v2\/categories?post=347309"},{"taxonomy":"post_tag","embeddable":true,"href":"https:\/\/casadecampoliving.com\/es\/wp-json\/wp\/v2\/tags?post=347309"},{"taxonomy":"newspack_spnsrs_tax","embeddable":true,"href":"https:\/\/casadecampoliving.com\/es\/wp-json\/wp\/v2\/newspack_spnsrs_tax?post=347309"}],"curies":[{"name":"wp","href":"https:\/\/api.w.org\/{rel}","templated":true}]}}