{"id":347303,"date":"2015-05-01T00:00:00","date_gmt":"2015-05-01T04:00:00","guid":{"rendered":"https:\/\/casadecampoliving.com\/casa-de-campo-nombra-anthony-masas-como-chef-ejecutivo\/"},"modified":"2022-10-21T19:01:38","modified_gmt":"2022-10-21T23:01:38","slug":"casa-de-campo-nombra-anthony-masas-como-chef-ejecutivo","status":"publish","type":"post","link":"https:\/\/casadecampoliving.com\/es\/casa-de-campo-nombra-anthony-masas-como-chef-ejecutivo\/","title":{"rendered":"Casa de Campo nombra a Anthony Masas como Chef Ejecutivo"},"content":{"rendered":"<div class=\"wp-block-image\">\n<figure class=\"aligncenter is-resized\"><img loading=\"lazy\" decoding=\"async\" src=\"https:\/\/i0.wp.com\/casadecampoliving.com\/wp-content\/uploads\/2022\/10\/CDC_Chef_02-1024x980-2.jpg?resize=640%2C612&amp;ssl=1\" alt=\"Anthony Masas Executive chef Casa de Campo\" class=\"wp-image-110999\" height=\"612\" width=\"640\"\/><\/figure>\n<\/div>\n\n\n<p>La administraci\u00f3n de Casa de Campo nombr\u00f3 a Anthony Masas D\u00edaz como su nuevo chef ejecutivo.<\/p>\n\n\n\n<!--more-->\n\n\n\n<p>Anthony Masas tendr\u00e1 la responsabilidad de enriquecer el concepto gastron\u00f3mico del resort, innovando en la carta de cada uno de los 6 restaurantes que posee Casa de Campo, para los cuales crear\u00e1 nuevos platos para ofrecerle a los hu\u00e9spedes una experiencia exquisita para el paladar.<\/p>\n\n\n\n<p>El anuncio de su nombramiento fue hecho por el Director de Alimentos y Bebidas de Casa de Campo, Charles Keusters. <b><i>\u201cNos complace informar a nuestro p\u00fablico la designaci\u00f3n de Anthony Masas, quien con su vasta experiencia, amplios conocimientos, entusiasmo y creatividad nos ayudar\u00e1 a transformar la oferta gastron\u00f3mica de Casa de Campo y lograr que el resort sea un referente gastron\u00f3mico en el Caribe. Seguimos trabajando para dar a los due\u00f1o de villas, residentes y visitantes de Casa de Campo una experiencia que no podr\u00e1n encontrar en ning\u00fan otro lugar\u201d<\/i><\/b>.<\/p>\n\n\n\n<p><b><i>\u201cPara m\u00ed es un gran honor sumar mi experiencia a un proyecto de tan gran prestigio y renombre internacional como Casa de Campo, donde hemos planificado reorientar la visi\u00f3n del resort en el \u00e1rea de alimentos y bebidas, lo cual es un reto importante que en lo personal y junto a todo el equipo del departamento se ha asumido con mucha pasi\u00f3n y compromiso\u201d<\/i><\/b>. Expres\u00f3 por su parte, Anthony Masas.<\/p>\n\n\n\n<p>El chef Masas tiene a\u00f1os de experiencia y ha trabajado en destinos como M\u00f3naco, Barcelona e Ibiza bajo formaci\u00f3n formado de renombrados chefs internacionales como Mart\u00edn Berasategu\u00ed, Carmen Ruscalleda y Ferr\u00e1n Adri\u00e1, entre otros.<\/p>\n\n\n\n<p>Casa de Campo cuenta con seis restaurantes: \u201cLa Ca\u00f1a by Il Circo\u201d (mariscos, carnes y vinos), \u201cThe Beach Club by Le Cirque\u201d (elegante restaurante frente al mar), \u201cLa Piazzetta\u201d (comida gourmet italiana), \u201cChinois Bistro\u201d (comida canton\u00e9s y sushi), \u201cLa Casita Marina\u201d (mariscos y tapas en La Marina), y \u201cLago Grill\u201d (comidas informales).<\/p>\n","protected":false},"excerpt":{"rendered":"<p>La administraci\u00f3n de Casa de Campo nombr\u00f3 a Anthony Masas D\u00edaz como su nuevo chef ejecutivo.<\/p>\n","protected":false},"author":34707,"featured_media":296095,"comment_status":"closed","ping_status":"closed","sticky":false,"template":"","format":"standard","meta":{"newspack_ads_suppress_ads":false,"newspack_popups_has_disabled_popups":false,"newspack_sponsor_sponsorship_scope":"","newspack_sponsor_native_byline_display":"inherit","newspack_sponsor_native_category_display":"inherit","newspack_sponsor_underwriter_style":"inherit","newspack_sponsor_underwriter_placement":"inherit","_newspack_byline_active":false,"_newspack_byline":"","newspack_hide_updated_date":false,"newspack_show_updated_date":false,"newspack_content_restriction_is_exempt":false,"newspack_featured_image_position":"","newspack_post_subtitle":"","newspack_article_summary_title":"Overview:","newspack_article_summary":"","_jetpack_memberships_contains_paid_content":false,"footnotes":"","jetpack_publicize_message":"","jetpack_publicize_feature_enabled":true,"jetpack_social_post_already_shared":false,"jetpack_social_options":{"image_generator_settings":{"template":"highway","default_image_id":0,"font":"","enabled":false},"version":2},"_wpas_customize_per_network":false},"categories":[14629,26581,14625,26822,2520,2526],"tags":[3626,2731,12450,12449,5687,3663,2561,2772],"newspack_spnsrs_tax":[],"class_list":["post-347303","post","type-post","status-publish","format-standard","has-post-thumbnail","hentry","category-comidas-bebidas","category-la-marina-casa-de-campo","category-noticias-locales","category-resort-casa-de-campo","category-restaurantes-es","category-titulares-es","tag-casa-de-campo-es","tag-cena","tag-chef-es","tag-cocina","tag-comida","tag-la-marina-casa-de-campo-es-2","tag-resort-casa-de-campo","tag-restaurantes","entry"],"yoast_head":"<!-- This site is optimized with the Yoast SEO plugin v27.5 - https:\/\/yoast.com\/product\/yoast-seo-wordpress\/ -->\n<title>Casa de Campo nombra a Anthony Masas como Chef Ejecutivo | Casa de Campo Living<\/title>\n<meta name=\"description\" content=\"La administraci\u00f3n de Casa de Campo nombr\u00f3 a Anthony Masas D\u00edaz como su nuevo chef ejecutivo. Anthony Masas tendr\u00e1 la responsabilidad de enriquecer el\" \/>\n<meta name=\"robots\" content=\"index, follow, max-snippet:-1, max-image-preview:large, max-video-preview:-1\" \/>\n<link rel=\"canonical\" href=\"https:\/\/casadecampoliving.com\/es\/casa-de-campo-nombra-anthony-masas-como-chef-ejecutivo\/\" \/>\n<meta property=\"og:locale\" content=\"es_ES\" \/>\n<meta property=\"og:type\" content=\"article\" \/>\n<meta property=\"og:title\" content=\"Casa de Campo nombra a Anthony Masas como Chef Ejecutivo | Casa de Campo Living\" \/>\n<meta property=\"og:description\" content=\"La administraci\u00f3n de Casa de Campo nombr\u00f3 a Anthony Masas D\u00edaz como su nuevo chef ejecutivo. Anthony Masas tendr\u00e1 la responsabilidad de enriquecer el\" \/>\n<meta property=\"og:url\" content=\"https:\/\/casadecampoliving.com\/es\/casa-de-campo-nombra-anthony-masas-como-chef-ejecutivo\/\" \/>\n<meta property=\"og:site_name\" content=\"Casa de Campo Living\" \/>\n<meta property=\"article:publisher\" content=\"https:\/\/www.facebook.com\/casadecampoliving\" \/>\n<meta property=\"article:published_time\" content=\"2015-05-01T04:00:00+00:00\" \/>\n<meta property=\"article:modified_time\" content=\"2022-10-21T23:01:38+00:00\" \/>\n<meta property=\"og:image\" content=\"https:\/\/i0.wp.com\/casadecampoliving.com\/wp-content\/uploads\/2022\/10\/Anthony_Masas_Executive_chef_Casa_de_Campo.jpg?fit=650%2C439&ssl=1\" \/>\n\t<meta property=\"og:image:width\" content=\"650\" \/>\n\t<meta property=\"og:image:height\" content=\"439\" \/>\n\t<meta property=\"og:image:type\" content=\"image\/jpeg\" \/>\n<meta name=\"author\" content=\"Felix Guerrero\" \/>\n<meta name=\"twitter:card\" content=\"summary_large_image\" \/>\n<meta name=\"twitter:creator\" content=\"@cdcliving\" \/>\n<meta name=\"twitter:site\" content=\"@cdcliving\" \/>\n<meta name=\"twitter:label1\" content=\"Escrito por\" \/>\n\t<meta name=\"twitter:data1\" content=\"Felix Guerrero\" \/>\n\t<meta name=\"twitter:label2\" content=\"Tiempo de lectura\" \/>\n\t<meta name=\"twitter:data2\" content=\"2 minutos\" \/>\n<script type=\"application\/ld+json\" class=\"yoast-schema-graph\">{\"@context\":\"https:\\\/\\\/schema.org\",\"@graph\":[{\"@type\":\"Article\",\"@id\":\"https:\\\/\\\/casadecampoliving.com\\\/es\\\/casa-de-campo-nombra-anthony-masas-como-chef-ejecutivo\\\/#article\",\"isPartOf\":{\"@id\":\"https:\\\/\\\/casadecampoliving.com\\\/es\\\/casa-de-campo-nombra-anthony-masas-como-chef-ejecutivo\\\/\"},\"author\":{\"name\":\"Felix Guerrero\",\"@id\":\"https:\\\/\\\/casadecampoliving.com\\\/es\\\/#\\\/schema\\\/person\\\/0d45cfc6e376a2f15ac9a92421bd4451\"},\"headline\":\"Casa de Campo nombra a Anthony Masas como Chef Ejecutivo\",\"datePublished\":\"2015-05-01T04:00:00+00:00\",\"dateModified\":\"2022-10-21T23:01:38+00:00\",\"mainEntityOfPage\":{\"@id\":\"https:\\\/\\\/casadecampoliving.com\\\/es\\\/casa-de-campo-nombra-anthony-masas-como-chef-ejecutivo\\\/\"},\"wordCount\":336,\"publisher\":{\"@id\":\"https:\\\/\\\/casadecampoliving.com\\\/es\\\/#organization\"},\"image\":{\"@id\":\"https:\\\/\\\/casadecampoliving.com\\\/es\\\/casa-de-campo-nombra-anthony-masas-como-chef-ejecutivo\\\/#primaryimage\"},\"thumbnailUrl\":\"https:\\\/\\\/i0.wp.com\\\/casadecampoliving.com\\\/wp-content\\\/uploads\\\/2022\\\/10\\\/Anthony_Masas_Executive_chef_Casa_de_Campo.jpg?fit=650%2C439&ssl=1\",\"keywords\":[\"casa de campo @es\",\"cena\",\"Chef @es\",\"Cocina\",\"comida\",\"la marina casa de campo @es\",\"resort casa de campo\",\"restaurantes\"],\"articleSection\":[\"Comidas &amp; Bebidas\",\"La Marina Casa de Campo\",\"Noticias Locales\",\"Resort Casa de Campo\",\"Restaurantes\",\"Titulares\"],\"inLanguage\":\"es\"},{\"@type\":\"WebPage\",\"@id\":\"https:\\\/\\\/casadecampoliving.com\\\/es\\\/casa-de-campo-nombra-anthony-masas-como-chef-ejecutivo\\\/\",\"url\":\"https:\\\/\\\/casadecampoliving.com\\\/es\\\/casa-de-campo-nombra-anthony-masas-como-chef-ejecutivo\\\/\",\"name\":\"Casa de Campo nombra a Anthony Masas como Chef Ejecutivo | Casa de Campo Living\",\"isPartOf\":{\"@id\":\"https:\\\/\\\/casadecampoliving.com\\\/es\\\/#website\"},\"primaryImageOfPage\":{\"@id\":\"https:\\\/\\\/casadecampoliving.com\\\/es\\\/casa-de-campo-nombra-anthony-masas-como-chef-ejecutivo\\\/#primaryimage\"},\"image\":{\"@id\":\"https:\\\/\\\/casadecampoliving.com\\\/es\\\/casa-de-campo-nombra-anthony-masas-como-chef-ejecutivo\\\/#primaryimage\"},\"thumbnailUrl\":\"https:\\\/\\\/i0.wp.com\\\/casadecampoliving.com\\\/wp-content\\\/uploads\\\/2022\\\/10\\\/Anthony_Masas_Executive_chef_Casa_de_Campo.jpg?fit=650%2C439&ssl=1\",\"datePublished\":\"2015-05-01T04:00:00+00:00\",\"dateModified\":\"2022-10-21T23:01:38+00:00\",\"description\":\"La administraci\u00f3n de Casa de Campo nombr\u00f3 a Anthony Masas D\u00edaz como su nuevo chef ejecutivo. Anthony Masas tendr\u00e1 la responsabilidad de enriquecer el\",\"breadcrumb\":{\"@id\":\"https:\\\/\\\/casadecampoliving.com\\\/es\\\/casa-de-campo-nombra-anthony-masas-como-chef-ejecutivo\\\/#breadcrumb\"},\"inLanguage\":\"es\",\"potentialAction\":[{\"@type\":\"ReadAction\",\"target\":[\"https:\\\/\\\/casadecampoliving.com\\\/es\\\/casa-de-campo-nombra-anthony-masas-como-chef-ejecutivo\\\/\"]}]},{\"@type\":\"ImageObject\",\"inLanguage\":\"es\",\"@id\":\"https:\\\/\\\/casadecampoliving.com\\\/es\\\/casa-de-campo-nombra-anthony-masas-como-chef-ejecutivo\\\/#primaryimage\",\"url\":\"https:\\\/\\\/i0.wp.com\\\/casadecampoliving.com\\\/wp-content\\\/uploads\\\/2022\\\/10\\\/Anthony_Masas_Executive_chef_Casa_de_Campo.jpg?fit=650%2C439&ssl=1\",\"contentUrl\":\"https:\\\/\\\/i0.wp.com\\\/casadecampoliving.com\\\/wp-content\\\/uploads\\\/2022\\\/10\\\/Anthony_Masas_Executive_chef_Casa_de_Campo.jpg?fit=650%2C439&ssl=1\",\"width\":650,\"height\":439,\"caption\":\"Anthony Masas Executive chef Casa de Campo\"},{\"@type\":\"BreadcrumbList\",\"@id\":\"https:\\\/\\\/casadecampoliving.com\\\/es\\\/casa-de-campo-nombra-anthony-masas-como-chef-ejecutivo\\\/#breadcrumb\",\"itemListElement\":[{\"@type\":\"ListItem\",\"position\":1,\"name\":\"Home\",\"item\":\"https:\\\/\\\/casadecampoliving.com\\\/es\\\/\"},{\"@type\":\"ListItem\",\"position\":2,\"name\":\"Casa de Campo nombra a Anthony Masas como Chef Ejecutivo\"}]},{\"@type\":\"WebSite\",\"@id\":\"https:\\\/\\\/casadecampoliving.com\\\/es\\\/#website\",\"url\":\"https:\\\/\\\/casadecampoliving.com\\\/es\\\/\",\"name\":\"Casa de Campo Living\",\"description\":\"Resort community news and resources.\",\"publisher\":{\"@id\":\"https:\\\/\\\/casadecampoliving.com\\\/es\\\/#organization\"},\"potentialAction\":[{\"@type\":\"SearchAction\",\"target\":{\"@type\":\"EntryPoint\",\"urlTemplate\":\"https:\\\/\\\/casadecampoliving.com\\\/es\\\/?s={search_term_string}\"},\"query-input\":{\"@type\":\"PropertyValueSpecification\",\"valueRequired\":true,\"valueName\":\"search_term_string\"}}],\"inLanguage\":\"es\"},{\"@type\":\"Organization\",\"@id\":\"https:\\\/\\\/casadecampoliving.com\\\/es\\\/#organization\",\"name\":\"Casa de Campo Living\",\"url\":\"https:\\\/\\\/casadecampoliving.com\\\/es\\\/\",\"logo\":{\"@type\":\"ImageObject\",\"inLanguage\":\"es\",\"@id\":\"https:\\\/\\\/casadecampoliving.com\\\/es\\\/#\\\/schema\\\/logo\\\/image\\\/\",\"url\":\"https:\\\/\\\/i0.wp.com\\\/casadecampoliving.com\\\/wp-content\\\/uploads\\\/2022\\\/07\\\/CDCLivingLogo_V1-white-sized.png?fit=800%2C214&ssl=1\",\"contentUrl\":\"https:\\\/\\\/i0.wp.com\\\/casadecampoliving.com\\\/wp-content\\\/uploads\\\/2022\\\/07\\\/CDCLivingLogo_V1-white-sized.png?fit=800%2C214&ssl=1\",\"width\":800,\"height\":214,\"caption\":\"Casa de Campo Living\"},\"image\":{\"@id\":\"https:\\\/\\\/casadecampoliving.com\\\/es\\\/#\\\/schema\\\/logo\\\/image\\\/\"},\"sameAs\":[\"https:\\\/\\\/www.facebook.com\\\/casadecampoliving\",\"https:\\\/\\\/x.com\\\/cdcliving\"]},{\"@type\":\"Person\",\"@id\":\"https:\\\/\\\/casadecampoliving.com\\\/es\\\/#\\\/schema\\\/person\\\/0d45cfc6e376a2f15ac9a92421bd4451\",\"name\":\"Felix Guerrero\",\"image\":{\"@type\":\"ImageObject\",\"inLanguage\":\"es\",\"@id\":\"https:\\\/\\\/secure.gravatar.com\\\/avatar\\\/14a8050b9491854cab6ae2240dcb42ad0fad787b7fa453ad0991fd1262157df3?s=96&d=mm&r=g\",\"url\":\"https:\\\/\\\/secure.gravatar.com\\\/avatar\\\/14a8050b9491854cab6ae2240dcb42ad0fad787b7fa453ad0991fd1262157df3?s=96&d=mm&r=g\",\"contentUrl\":\"https:\\\/\\\/secure.gravatar.com\\\/avatar\\\/14a8050b9491854cab6ae2240dcb42ad0fad787b7fa453ad0991fd1262157df3?s=96&d=mm&r=g\",\"caption\":\"Felix Guerrero\"},\"url\":\"https:\\\/\\\/casadecampoliving.com\\\/es\\\/author\\\/fguerrero\\\/\"}]}<\/script>\n<!-- \/ Yoast SEO plugin. -->","yoast_head_json":{"title":"Casa de Campo nombra a Anthony Masas como Chef Ejecutivo | Casa de Campo Living","description":"La administraci\u00f3n de Casa de Campo nombr\u00f3 a Anthony Masas D\u00edaz como su nuevo chef ejecutivo. Anthony Masas tendr\u00e1 la responsabilidad de enriquecer el","robots":{"index":"index","follow":"follow","max-snippet":"max-snippet:-1","max-image-preview":"max-image-preview:large","max-video-preview":"max-video-preview:-1"},"canonical":"https:\/\/casadecampoliving.com\/es\/casa-de-campo-nombra-anthony-masas-como-chef-ejecutivo\/","og_locale":"es_ES","og_type":"article","og_title":"Casa de Campo nombra a Anthony Masas como Chef Ejecutivo | Casa de Campo Living","og_description":"La administraci\u00f3n de Casa de Campo nombr\u00f3 a Anthony Masas D\u00edaz como su nuevo chef ejecutivo. Anthony Masas tendr\u00e1 la responsabilidad de enriquecer el","og_url":"https:\/\/casadecampoliving.com\/es\/casa-de-campo-nombra-anthony-masas-como-chef-ejecutivo\/","og_site_name":"Casa de Campo Living","article_publisher":"https:\/\/www.facebook.com\/casadecampoliving","article_published_time":"2015-05-01T04:00:00+00:00","article_modified_time":"2022-10-21T23:01:38+00:00","og_image":[{"width":650,"height":439,"url":"https:\/\/i0.wp.com\/casadecampoliving.com\/wp-content\/uploads\/2022\/10\/Anthony_Masas_Executive_chef_Casa_de_Campo.jpg?fit=650%2C439&ssl=1","type":"image\/jpeg"}],"author":"Felix Guerrero","twitter_card":"summary_large_image","twitter_creator":"@cdcliving","twitter_site":"@cdcliving","twitter_misc":{"Escrito por":"Felix Guerrero","Tiempo de lectura":"2 minutos"},"schema":{"@context":"https:\/\/schema.org","@graph":[{"@type":"Article","@id":"https:\/\/casadecampoliving.com\/es\/casa-de-campo-nombra-anthony-masas-como-chef-ejecutivo\/#article","isPartOf":{"@id":"https:\/\/casadecampoliving.com\/es\/casa-de-campo-nombra-anthony-masas-como-chef-ejecutivo\/"},"author":{"name":"Felix Guerrero","@id":"https:\/\/casadecampoliving.com\/es\/#\/schema\/person\/0d45cfc6e376a2f15ac9a92421bd4451"},"headline":"Casa de Campo nombra a Anthony Masas como Chef Ejecutivo","datePublished":"2015-05-01T04:00:00+00:00","dateModified":"2022-10-21T23:01:38+00:00","mainEntityOfPage":{"@id":"https:\/\/casadecampoliving.com\/es\/casa-de-campo-nombra-anthony-masas-como-chef-ejecutivo\/"},"wordCount":336,"publisher":{"@id":"https:\/\/casadecampoliving.com\/es\/#organization"},"image":{"@id":"https:\/\/casadecampoliving.com\/es\/casa-de-campo-nombra-anthony-masas-como-chef-ejecutivo\/#primaryimage"},"thumbnailUrl":"https:\/\/i0.wp.com\/casadecampoliving.com\/wp-content\/uploads\/2022\/10\/Anthony_Masas_Executive_chef_Casa_de_Campo.jpg?fit=650%2C439&ssl=1","keywords":["casa de campo @es","cena","Chef @es","Cocina","comida","la marina casa de campo @es","resort casa de campo","restaurantes"],"articleSection":["Comidas &amp; Bebidas","La Marina Casa de Campo","Noticias Locales","Resort Casa de Campo","Restaurantes","Titulares"],"inLanguage":"es"},{"@type":"WebPage","@id":"https:\/\/casadecampoliving.com\/es\/casa-de-campo-nombra-anthony-masas-como-chef-ejecutivo\/","url":"https:\/\/casadecampoliving.com\/es\/casa-de-campo-nombra-anthony-masas-como-chef-ejecutivo\/","name":"Casa de Campo nombra a Anthony Masas como Chef Ejecutivo | Casa de Campo Living","isPartOf":{"@id":"https:\/\/casadecampoliving.com\/es\/#website"},"primaryImageOfPage":{"@id":"https:\/\/casadecampoliving.com\/es\/casa-de-campo-nombra-anthony-masas-como-chef-ejecutivo\/#primaryimage"},"image":{"@id":"https:\/\/casadecampoliving.com\/es\/casa-de-campo-nombra-anthony-masas-como-chef-ejecutivo\/#primaryimage"},"thumbnailUrl":"https:\/\/i0.wp.com\/casadecampoliving.com\/wp-content\/uploads\/2022\/10\/Anthony_Masas_Executive_chef_Casa_de_Campo.jpg?fit=650%2C439&ssl=1","datePublished":"2015-05-01T04:00:00+00:00","dateModified":"2022-10-21T23:01:38+00:00","description":"La administraci\u00f3n de Casa de Campo nombr\u00f3 a Anthony Masas D\u00edaz como su nuevo chef ejecutivo. Anthony Masas tendr\u00e1 la responsabilidad de enriquecer el","breadcrumb":{"@id":"https:\/\/casadecampoliving.com\/es\/casa-de-campo-nombra-anthony-masas-como-chef-ejecutivo\/#breadcrumb"},"inLanguage":"es","potentialAction":[{"@type":"ReadAction","target":["https:\/\/casadecampoliving.com\/es\/casa-de-campo-nombra-anthony-masas-como-chef-ejecutivo\/"]}]},{"@type":"ImageObject","inLanguage":"es","@id":"https:\/\/casadecampoliving.com\/es\/casa-de-campo-nombra-anthony-masas-como-chef-ejecutivo\/#primaryimage","url":"https:\/\/i0.wp.com\/casadecampoliving.com\/wp-content\/uploads\/2022\/10\/Anthony_Masas_Executive_chef_Casa_de_Campo.jpg?fit=650%2C439&ssl=1","contentUrl":"https:\/\/i0.wp.com\/casadecampoliving.com\/wp-content\/uploads\/2022\/10\/Anthony_Masas_Executive_chef_Casa_de_Campo.jpg?fit=650%2C439&ssl=1","width":650,"height":439,"caption":"Anthony Masas Executive chef Casa de Campo"},{"@type":"BreadcrumbList","@id":"https:\/\/casadecampoliving.com\/es\/casa-de-campo-nombra-anthony-masas-como-chef-ejecutivo\/#breadcrumb","itemListElement":[{"@type":"ListItem","position":1,"name":"Home","item":"https:\/\/casadecampoliving.com\/es\/"},{"@type":"ListItem","position":2,"name":"Casa de Campo nombra a Anthony Masas como Chef Ejecutivo"}]},{"@type":"WebSite","@id":"https:\/\/casadecampoliving.com\/es\/#website","url":"https:\/\/casadecampoliving.com\/es\/","name":"Casa de Campo Living","description":"Resort community news and resources.","publisher":{"@id":"https:\/\/casadecampoliving.com\/es\/#organization"},"potentialAction":[{"@type":"SearchAction","target":{"@type":"EntryPoint","urlTemplate":"https:\/\/casadecampoliving.com\/es\/?s={search_term_string}"},"query-input":{"@type":"PropertyValueSpecification","valueRequired":true,"valueName":"search_term_string"}}],"inLanguage":"es"},{"@type":"Organization","@id":"https:\/\/casadecampoliving.com\/es\/#organization","name":"Casa de Campo Living","url":"https:\/\/casadecampoliving.com\/es\/","logo":{"@type":"ImageObject","inLanguage":"es","@id":"https:\/\/casadecampoliving.com\/es\/#\/schema\/logo\/image\/","url":"https:\/\/i0.wp.com\/casadecampoliving.com\/wp-content\/uploads\/2022\/07\/CDCLivingLogo_V1-white-sized.png?fit=800%2C214&ssl=1","contentUrl":"https:\/\/i0.wp.com\/casadecampoliving.com\/wp-content\/uploads\/2022\/07\/CDCLivingLogo_V1-white-sized.png?fit=800%2C214&ssl=1","width":800,"height":214,"caption":"Casa de Campo Living"},"image":{"@id":"https:\/\/casadecampoliving.com\/es\/#\/schema\/logo\/image\/"},"sameAs":["https:\/\/www.facebook.com\/casadecampoliving","https:\/\/x.com\/cdcliving"]},{"@type":"Person","@id":"https:\/\/casadecampoliving.com\/es\/#\/schema\/person\/0d45cfc6e376a2f15ac9a92421bd4451","name":"Felix Guerrero","image":{"@type":"ImageObject","inLanguage":"es","@id":"https:\/\/secure.gravatar.com\/avatar\/14a8050b9491854cab6ae2240dcb42ad0fad787b7fa453ad0991fd1262157df3?s=96&d=mm&r=g","url":"https:\/\/secure.gravatar.com\/avatar\/14a8050b9491854cab6ae2240dcb42ad0fad787b7fa453ad0991fd1262157df3?s=96&d=mm&r=g","contentUrl":"https:\/\/secure.gravatar.com\/avatar\/14a8050b9491854cab6ae2240dcb42ad0fad787b7fa453ad0991fd1262157df3?s=96&d=mm&r=g","caption":"Felix Guerrero"},"url":"https:\/\/casadecampoliving.com\/es\/author\/fguerrero\/"}]}},"parsely":{"version":"1.1.0","canonical_url":"https:\/\/casadecampoliving.com\/es\/casa-de-campo-nombra-anthony-masas-como-chef-ejecutivo\/","smart_links":{"inbound":0,"outbound":0},"traffic_boost_suggestions_count":0,"meta":{"@context":"https:\/\/schema.org","@type":"NewsArticle","headline":"Casa de Campo nombra a Anthony Masas como Chef Ejecutivo","url":"http:\/\/casadecampoliving.com\/es\/casa-de-campo-nombra-anthony-masas-como-chef-ejecutivo\/","mainEntityOfPage":{"@type":"WebPage","@id":"http:\/\/casadecampoliving.com\/es\/casa-de-campo-nombra-anthony-masas-como-chef-ejecutivo\/"},"thumbnailUrl":"https:\/\/i0.wp.com\/casadecampoliving.com\/wp-content\/uploads\/2022\/10\/Anthony_Masas_Executive_chef_Casa_de_Campo.jpg?resize=150%2C150&ssl=1","image":{"@type":"ImageObject","url":"https:\/\/i0.wp.com\/casadecampoliving.com\/wp-content\/uploads\/2022\/10\/Anthony_Masas_Executive_chef_Casa_de_Campo.jpg?fit=650%2C439&ssl=1"},"articleSection":"Comidas &amp; Bebidas","author":[{"@type":"Person","name":"Felix Guerrero"}],"creator":["Felix Guerrero"],"publisher":{"@type":"Organization","name":"Casa de Campo Living","logo":"https:\/\/casadecampoliving.com\/wp-content\/uploads\/2022\/07\/CDCLivingLogo_V1-white-sized.png"},"keywords":["casa de campo @es","cena","chef @es","cocina","comida","la marina casa de campo @es","resort casa de campo","restaurantes"],"dateCreated":"2015-05-01T04:00:00Z","datePublished":"2015-05-01T04:00:00Z","dateModified":"2022-10-21T23:01:38Z"},"rendered":"<script type=\"application\/ld+json\" class=\"wp-parsely-metadata\">{\"@context\":\"https:\\\/\\\/schema.org\",\"@type\":\"NewsArticle\",\"headline\":\"Casa de Campo nombra a Anthony Masas como Chef Ejecutivo\",\"url\":\"http:\\\/\\\/casadecampoliving.com\\\/es\\\/casa-de-campo-nombra-anthony-masas-como-chef-ejecutivo\\\/\",\"mainEntityOfPage\":{\"@type\":\"WebPage\",\"@id\":\"http:\\\/\\\/casadecampoliving.com\\\/es\\\/casa-de-campo-nombra-anthony-masas-como-chef-ejecutivo\\\/\"},\"thumbnailUrl\":\"https:\\\/\\\/i0.wp.com\\\/casadecampoliving.com\\\/wp-content\\\/uploads\\\/2022\\\/10\\\/Anthony_Masas_Executive_chef_Casa_de_Campo.jpg?resize=150%2C150&ssl=1\",\"image\":{\"@type\":\"ImageObject\",\"url\":\"https:\\\/\\\/i0.wp.com\\\/casadecampoliving.com\\\/wp-content\\\/uploads\\\/2022\\\/10\\\/Anthony_Masas_Executive_chef_Casa_de_Campo.jpg?fit=650%2C439&ssl=1\"},\"articleSection\":\"Comidas &amp; Bebidas\",\"author\":[{\"@type\":\"Person\",\"name\":\"Felix Guerrero\"}],\"creator\":[\"Felix Guerrero\"],\"publisher\":{\"@type\":\"Organization\",\"name\":\"Casa de Campo Living\",\"logo\":\"https:\\\/\\\/casadecampoliving.com\\\/wp-content\\\/uploads\\\/2022\\\/07\\\/CDCLivingLogo_V1-white-sized.png\"},\"keywords\":[\"casa de campo @es\",\"cena\",\"chef @es\",\"cocina\",\"comida\",\"la marina casa de campo @es\",\"resort casa de campo\",\"restaurantes\"],\"dateCreated\":\"2015-05-01T04:00:00Z\",\"datePublished\":\"2015-05-01T04:00:00Z\",\"dateModified\":\"2022-10-21T23:01:38Z\"}<\/script>","tracker_url":"https:\/\/cdn.parsely.com\/keys\/casadecampoliving.com\/p.js"},"jetpack_publicize_connections":[],"jetpack_featured_media_url":"https:\/\/i0.wp.com\/casadecampoliving.com\/wp-content\/uploads\/2022\/10\/Anthony_Masas_Executive_chef_Casa_de_Campo.jpg?fit=650%2C439&ssl=1","jetpack-related-posts":[{"id":347938,"url":"https:\/\/casadecampoliving.com\/es\/chef-anthony-masas-nuevo-menu-del-beach-club\/","url_meta":{"origin":347303,"position":0},"title":"\u00a1V\u00cdDEO! Chef Anthony Masas presenta nuevo men\u00fa del Beach Club","author":"Rebecca Silvestri","date":"30 Jul, 2015","format":false,"excerpt":"La nueva administraci\u00f3n de Casa de Campo est\u00e1 enfocada en crear la mejor experiencia y destino gastron\u00f3mico del Caribe. Apuntando hacia ello, el complejo ha lanzado un nuevo \u00a0y mejorado men\u00fa en el Beach Club by Le Cirque en Playa Minitas. Anthony Masas, Chef Ejecutivo de Casa de Campo, nos\u2026","rel":"","context":"En \u00abComidas &amp; Bebidas\u00bb","block_context":{"text":"Comidas &amp; Bebidas","link":"https:\/\/casadecampoliving.com\/es\/category\/comidas-bebidas\/"},"img":{"alt_text":"Beach Club by Le Cirque Casa de Campo","src":"https:\/\/i0.wp.com\/casadecampoliving.com\/wp-content\/uploads\/2022\/10\/Beach_Club_by_Le_Cirque_Casa_de_Campo-1.jpg?fit=800%2C600&ssl=1&resize=350%2C200","width":350,"height":200,"srcset":"https:\/\/i0.wp.com\/casadecampoliving.com\/wp-content\/uploads\/2022\/10\/Beach_Club_by_Le_Cirque_Casa_de_Campo-1.jpg?fit=800%2C600&ssl=1&resize=350%2C200 1x, https:\/\/i0.wp.com\/casadecampoliving.com\/wp-content\/uploads\/2022\/10\/Beach_Club_by_Le_Cirque_Casa_de_Campo-1.jpg?fit=800%2C600&ssl=1&resize=525%2C300 1.5x, https:\/\/i0.wp.com\/casadecampoliving.com\/wp-content\/uploads\/2022\/10\/Beach_Club_by_Le_Cirque_Casa_de_Campo-1.jpg?fit=800%2C600&ssl=1&resize=700%2C400 2x"},"classes":[]},{"id":347588,"url":"https:\/\/casadecampoliving.com\/es\/cena-cuatro-manos\/","url_meta":{"origin":347303,"position":1},"title":"Chefs Masas y Malmsten le invitan a Cena Cuatro Manos","author":"Carla Campos","date":"23 Jun, 2015","format":false,"excerpt":"Desde que el Chef Anthony Masas fue nombrado Chef Ejecutivo de Casa de Campo en el mes de abril (clic aqu\u00ed para la historia completa), est\u00e1bamos ansiosos de tener la oportunidad de probar su cocina. Nuestra espera ha finalizado y todos tenemos cita (\u00a1usted est\u00e1 incluido!) para asistir a la\u2026","rel":"","context":"En \u00abComidas &amp; Bebidas\u00bb","block_context":{"text":"Comidas &amp; Bebidas","link":"https:\/\/casadecampoliving.com\/es\/category\/comidas-bebidas\/"},"img":{"alt_text":"","src":"https:\/\/i0.wp.com\/casadecampoliving.com\/wp-content\/uploads\/2022\/10\/Masas-and-Malmsten1-1.jpg?fit=935%2C506&ssl=1&resize=350%2C200","width":350,"height":200,"srcset":"https:\/\/i0.wp.com\/casadecampoliving.com\/wp-content\/uploads\/2022\/10\/Masas-and-Malmsten1-1.jpg?fit=935%2C506&ssl=1&resize=350%2C200 1x, https:\/\/i0.wp.com\/casadecampoliving.com\/wp-content\/uploads\/2022\/10\/Masas-and-Malmsten1-1.jpg?fit=935%2C506&ssl=1&resize=525%2C300 1.5x, https:\/\/i0.wp.com\/casadecampoliving.com\/wp-content\/uploads\/2022\/10\/Masas-and-Malmsten1-1.jpg?fit=935%2C506&ssl=1&resize=700%2C400 2x"},"classes":[]},{"id":348139,"url":"https:\/\/casadecampoliving.com\/es\/resumen-casa-de-campo-food-wine-festival\/","url_meta":{"origin":347303,"position":2},"title":"\u00a1Resumen general! Casa de Campo Food &#038; Wine Festival","author":"Casa de Campo Resort","date":"26 Ago, 2015","format":false,"excerpt":"\u00a1Estamos muy emocionados de compartir con ustedes la primera serie de art\u00edculos sobre el Casa de Campo Food & Wine Festival celebrado el fin de semana pasado! \u00a1Tenemos much\u00edsimas fotos y revisiones de comidas que estaremos compartiendo muy pronto! Por ahora, disfrute un resumen proporcionado por el Resort Casa de\u2026","rel":"","context":"En \u00abAltos de Chavon @es\u00bb","block_context":{"text":"Altos de Chavon @es","link":"https:\/\/casadecampoliving.com\/category\/altos-de-chavon-es\/"},"img":{"alt_text":"Casa de Campo Food and Wine Festival","src":"https:\/\/i0.wp.com\/casadecampoliving.com\/wp-content\/uploads\/2022\/10\/Food_and_Wine_Festival-1.jpg?fit=800%2C534&ssl=1&resize=350%2C200","width":350,"height":200,"srcset":"https:\/\/i0.wp.com\/casadecampoliving.com\/wp-content\/uploads\/2022\/10\/Food_and_Wine_Festival-1.jpg?fit=800%2C534&ssl=1&resize=350%2C200 1x, https:\/\/i0.wp.com\/casadecampoliving.com\/wp-content\/uploads\/2022\/10\/Food_and_Wine_Festival-1.jpg?fit=800%2C534&ssl=1&resize=525%2C300 1.5x, https:\/\/i0.wp.com\/casadecampoliving.com\/wp-content\/uploads\/2022\/10\/Food_and_Wine_Festival-1.jpg?fit=800%2C534&ssl=1&resize=700%2C400 2x"},"classes":[]},{"id":347692,"url":"https:\/\/casadecampoliving.com\/es\/se-acerca-el-casa-de-campo-food-wine-festival\/","url_meta":{"origin":347303,"position":3},"title":"Se acerca el Casa de Campo Food &#038; Wine Festival","author":"Rebecca Silvestri","date":"6 Jul, 2015","format":false,"excerpt":"El Resort Casa de Campo se prepara para su primer festival de vino y comida, el Casa de Campo Food & Wine Festival 2015, y aqu\u00ed les traemos los detalles preliminares. El Casa de Campo Food & Wine Festival 2015 se llevar\u00e1 a cabo del 21 al 23 de agosto\u2026","rel":"","context":"En \u00abAltos de Chavon @es\u00bb","block_context":{"text":"Altos de Chavon @es","link":"https:\/\/casadecampoliving.com\/category\/altos-de-chavon-es\/"},"img":{"alt_text":"","src":"https:\/\/i0.wp.com\/casadecampoliving.com\/wp-content\/uploads\/2022\/10\/Food_Wine_Festival_2015-1.jpg?fit=800%2C600&ssl=1&resize=350%2C200","width":350,"height":200,"srcset":"https:\/\/i0.wp.com\/casadecampoliving.com\/wp-content\/uploads\/2022\/10\/Food_Wine_Festival_2015-1.jpg?fit=800%2C600&ssl=1&resize=350%2C200 1x, https:\/\/i0.wp.com\/casadecampoliving.com\/wp-content\/uploads\/2022\/10\/Food_Wine_Festival_2015-1.jpg?fit=800%2C600&ssl=1&resize=525%2C300 1.5x, https:\/\/i0.wp.com\/casadecampoliving.com\/wp-content\/uploads\/2022\/10\/Food_Wine_Festival_2015-1.jpg?fit=800%2C600&ssl=1&resize=700%2C400 2x"},"classes":[]},{"id":353166,"url":"https:\/\/casadecampoliving.com\/es\/menu-de-maridaje-de-trufas-negras-por-el-director-culinario-chef-anthony-masas\/","url_meta":{"origin":347303,"position":4},"title":"Men\u00fa de maridaje de trufas negras por el director culinario Chef Anthony Masas","author":"Casa de Campo Living","date":"1 Feb, 2019","format":false,"excerpt":"\u00a1Hola, adictos a la Casa! Todos est\u00e1n cordialmente invitados a disfrutar de una cena de 6 platos a cargo de nuestro propio director culinario, el chef Anthony Masas, esta noche. El men\u00fa de maridaje de trufa negra dise\u00f1ado por Masas se llevar\u00e1 a cabo el viernes 1 de febrero y\u2026","rel":"","context":"En \u00abComidas &amp; Bebidas\u00bb","block_context":{"text":"Comidas &amp; Bebidas","link":"https:\/\/casadecampoliving.com\/es\/category\/comidas-bebidas\/"},"img":{"alt_text":"","src":"https:\/\/i0.wp.com\/casadecampoliving.com\/wp-content\/uploads\/2022\/10\/560A9563_2.jpg?fit=1000%2C667&ssl=1&resize=350%2C200","width":350,"height":200,"srcset":"https:\/\/i0.wp.com\/casadecampoliving.com\/wp-content\/uploads\/2022\/10\/560A9563_2.jpg?fit=1000%2C667&ssl=1&resize=350%2C200 1x, https:\/\/i0.wp.com\/casadecampoliving.com\/wp-content\/uploads\/2022\/10\/560A9563_2.jpg?fit=1000%2C667&ssl=1&resize=525%2C300 1.5x, https:\/\/i0.wp.com\/casadecampoliving.com\/wp-content\/uploads\/2022\/10\/560A9563_2.jpg?fit=1000%2C667&ssl=1&resize=700%2C400 2x"},"classes":[]},{"id":350096,"url":"https:\/\/casadecampoliving.com\/es\/flavors-world-chef-jose-mendin\/","url_meta":{"origin":347303,"position":5},"title":"El tercer evento de \u00abFlavors of the World\u00bb trae la extraordinaria cocina de Miami","author":"Marlenys Guzm\u00e1n Casta\u00f1os","date":"30 Jun, 2016","format":false,"excerpt":"\u00a1Buenas noticias amantes de la comida! La semana pasada tuvimos muy rico \u201cFlavors of the World\u201d\u00a0con tres de los mejores chefs de Santo Domingo y en tan s\u00f3lo dos semanas habr\u00e1 una nueva edici\u00f3n en Casa de Campo \u201cFlavors of the World Miami\u201d donde disfrutaremos de las comidas preparadas por\u2026","rel":"","context":"En \u00abComidas &amp; Bebidas\u00bb","block_context":{"text":"Comidas &amp; Bebidas","link":"https:\/\/casadecampoliving.com\/es\/category\/comidas-bebidas\/"},"img":{"alt_text":"Featured Image Pubbelly Flavors of the World Chef Jose Mendin","src":"https:\/\/i0.wp.com\/casadecampoliving.com\/wp-content\/uploads\/2022\/10\/Featured-Image-Pubbelly-Flavors-of-the-World-Chef-Jose-Mendin.jpg?fit=1000%2C600&ssl=1&resize=350%2C200","width":350,"height":200,"srcset":"https:\/\/i0.wp.com\/casadecampoliving.com\/wp-content\/uploads\/2022\/10\/Featured-Image-Pubbelly-Flavors-of-the-World-Chef-Jose-Mendin.jpg?fit=1000%2C600&ssl=1&resize=350%2C200 1x, https:\/\/i0.wp.com\/casadecampoliving.com\/wp-content\/uploads\/2022\/10\/Featured-Image-Pubbelly-Flavors-of-the-World-Chef-Jose-Mendin.jpg?fit=1000%2C600&ssl=1&resize=525%2C300 1.5x, https:\/\/i0.wp.com\/casadecampoliving.com\/wp-content\/uploads\/2022\/10\/Featured-Image-Pubbelly-Flavors-of-the-World-Chef-Jose-Mendin.jpg?fit=1000%2C600&ssl=1&resize=700%2C400 2x"},"classes":[]}],"jetpack_sharing_enabled":true,"_links":{"self":[{"href":"https:\/\/casadecampoliving.com\/es\/wp-json\/wp\/v2\/posts\/347303","targetHints":{"allow":["GET"]}}],"collection":[{"href":"https:\/\/casadecampoliving.com\/es\/wp-json\/wp\/v2\/posts"}],"about":[{"href":"https:\/\/casadecampoliving.com\/es\/wp-json\/wp\/v2\/types\/post"}],"author":[{"embeddable":true,"href":"https:\/\/casadecampoliving.com\/es\/wp-json\/wp\/v2\/users\/34707"}],"replies":[{"embeddable":true,"href":"https:\/\/casadecampoliving.com\/es\/wp-json\/wp\/v2\/comments?post=347303"}],"version-history":[{"count":1,"href":"https:\/\/casadecampoliving.com\/es\/wp-json\/wp\/v2\/posts\/347303\/revisions"}],"predecessor-version":[{"id":347304,"href":"https:\/\/casadecampoliving.com\/es\/wp-json\/wp\/v2\/posts\/347303\/revisions\/347304"}],"wp:featuredmedia":[{"embeddable":true,"href":"https:\/\/casadecampoliving.com\/es\/wp-json\/wp\/v2\/media\/296095"}],"wp:attachment":[{"href":"https:\/\/casadecampoliving.com\/es\/wp-json\/wp\/v2\/media?parent=347303"}],"wp:term":[{"taxonomy":"category","embeddable":true,"href":"https:\/\/casadecampoliving.com\/es\/wp-json\/wp\/v2\/categories?post=347303"},{"taxonomy":"post_tag","embeddable":true,"href":"https:\/\/casadecampoliving.com\/es\/wp-json\/wp\/v2\/tags?post=347303"},{"taxonomy":"newspack_spnsrs_tax","embeddable":true,"href":"https:\/\/casadecampoliving.com\/es\/wp-json\/wp\/v2\/newspack_spnsrs_tax?post=347303"}],"curies":[{"name":"wp","href":"https:\/\/api.w.org\/{rel}","templated":true}]}}