{"id":347299,"date":"2015-04-30T00:00:00","date_gmt":"2015-04-30T04:00:00","guid":{"rendered":"https:\/\/casadecampoliving.com\/marina-casa-de-campo-cartelera-de-cine-30-de-abr-6-de-mayo\/"},"modified":"2022-10-21T19:01:28","modified_gmt":"2022-10-21T23:01:28","slug":"marina-casa-de-campo-cartelera-de-cine-30-de-abr-6-de-mayo","status":"publish","type":"post","link":"https:\/\/casadecampoliving.com\/es\/marina-casa-de-campo-cartelera-de-cine-30-de-abr-6-de-mayo\/","title":{"rendered":"Marina Casa de Campo cartelera de cine: 30 de abr. &#8211; 6 de mayo"},"content":{"rendered":"<div class=\"wp-block-image\">\n<figure class=\"aligncenter is-resized\"><img loading=\"lazy\" decoding=\"async\" src=\"https:\/\/i0.wp.com\/casadecampoliving.com\/wp-content\/uploads\/2022\/10\/Cartelera_Abr30.jpg?resize=640%2C278&amp;ssl=1\" alt=\"Cartelera Abril 30\" class=\"wp-image-110983\" height=\"278\" width=\"640\"\/><\/figure>\n<\/div>\n\n\n<p>Para esta semana el cine de la Marina Casa de Campo nos trae en cartelera dos&nbsp;nuevas pel\u00edculas:&nbsp;<strong>\u201cVengadores: La Era de Ultr\u00f3n\u201d<\/strong>&nbsp;y&nbsp;<strong>\u201cCaza al Asesino\u201d<\/strong>&nbsp;adem\u00e1s de la opera&nbsp;<strong>\u201cCavallleria Rusticana\/Pagliacci<\/strong><strong>\u201c<\/strong>.<strong>&nbsp;<\/strong>Mientras todav\u00eda en sala tenemos: <strong>\u201cMortdecai\u201d<\/strong>,<strong>&nbsp;<\/strong>y<strong>&nbsp;\u201cHome: Hogar dulce hogar\u201d<\/strong>.<\/p>\n\n\n\n<!--more-->\n\n\n\n<blockquote><h3><strong>\u201cVengadores: La Era de Ultr\u00f3n\u201d<\/strong><\/h3><p><strong>Proyecciones:<\/strong><\/p><ul>\n<li>Lunes \u2013 Viernes, 6:25pm &amp; 9:30pm<\/li>\n<li>S\u00e1bado \u2013&nbsp;Domingo, 3:50pm, 6:25pm &amp; 9:30pm<\/li>\n<li>Lunes \u2013 Domingo, 8:00pm<\/li>\n<\/ul><p style=\"text-align: left;\"><strong><strong><strong><strong>Sinopsis:&nbsp;<\/strong><\/strong><\/strong><\/strong><em>Marvel Studios presenta \u2018Vengadores: La era de Ultr\u00f3n\u2019, la \u00e9pica continuaci\u00f3n de la pel\u00edcula de s\u00faperh\u00e9roes m\u00e1s grande de todos los tiempos. Cuando Tony Stark intenta impulsar un programa con el objetivo de mantener la paz, las cosas comienzan a complicarse y los h\u00e9roes m\u00e1s poderosos de la Tierra, incluyendo a Iron Man, Capit\u00e1n Am\u00e9rica, Thor, El Incre\u00edble Hulk, Viuda Negra y Ojo de Halc\u00f3n, se ver\u00e1n ante la prueba definitiva cuando el destino del planeta se ponga en juego. Cuando el villano Ultron emerge, le corresponder\u00e1 a Los Vengadores detener sus terribles planes, que junto a inc\u00f3modas alianzas llevar\u00e1n a una inesperada acci\u00f3n que allanar\u00e1 el camino para una \u00e9pica y \u00fanica aventura.<\/em><\/p><p style=\"text-align: left;\"><strong>Trailer:<\/strong><\/p><p><iframe loading=\"lazy\" src=\"http:\/\/trailers.elseptimoarte.es\/player\/embed_player.php?vid=3596&amp;width=576&amp;height=324&amp;autoplay=no\" width=\"576\" height=\"324\" frameborder=\"0\" allowfullscreen=\"allowfullscreen\"><\/iframe><\/p><\/blockquote>\n\n\n\n<blockquote><h3><strong>\u201cCaza al Asesino\u201d<\/strong><\/h3><p><strong>Proyecciones:<\/strong><\/p><ul>\n<li>Lunes \u2013&nbsp;Domingo, 9:20pm<\/li>\n<\/ul><p style=\"text-align: left;\"><strong><strong><strong><strong>Sinopsis:&nbsp;<\/strong><\/strong><\/strong><\/strong><em>El francotirador Jim Terrier (Sean Penn), miembro de un equipo de mercenarios asesinos, mata al Ministro de Minas del Congo. A causa de este disparo, Terrier se ve obligado a huir y esconderse para proteger a los miembros de su equipo. A\u00f1os despu\u00e9s, en su regreso al Congo, Terrier descubrir\u00e1 que esta vez \u00e9l es el blanco de un escuadr\u00f3n asesino.<\/em><\/p><p style=\"text-align: left;\"><strong>Trailer:<\/strong><\/p><p><iframe loading=\"lazy\" src=\"https:\/\/www.youtube.com\/embed\/ZrUVEca2AuA\" width=\"640\" height=\"360\" frameborder=\"0\" allowfullscreen=\"allowfullscreen\"><\/iframe><\/p><\/blockquote>\n\n\n\n<blockquote><h3><strong>\u201cMortdecai\u201d<\/strong><\/h3><p><strong>Proyecciones:<\/strong><\/p><ul>\n<li>Lunes \u2013 Viernes, 6:55pm<\/li>\n<li>S\u00e1bado \u2013&nbsp;Domingo, 4:30pm &amp; 6:55pm<\/li>\n<\/ul><p style=\"text-align: left;\"><strong><strong><strong><strong>Sinopsis:&nbsp;<\/strong><\/strong><\/strong><\/strong><em>Mientras sortea a unos rusos cabreados, al Mi5 brit\u00e1nico, a su esposa de piernas imposibles y a un terrorista internacional, el elegante marchante de arte y granuja a tiempo parcial, Charlie Mortdecai (Johnny Depp), deber\u00e1 cruzar el globo armado \u00fanicamente con su elegancia y su encanto especial en una carrera para recuperar una pintura robada que, se rumorea, contiene el c\u00f3digo de cuenta de un banco perdido lleno de oro Nazi.<\/em><\/p><p style=\"text-align: left;\"><strong>Trailer:<\/strong><\/p><p><iframe loading=\"lazy\" src=\"https:\/\/www.youtube.com\/embed\/PxrZYqBNSig\" width=\"640\" height=\"360\" frameborder=\"0\" allowfullscreen=\"allowfullscreen\"><\/iframe><\/p><\/blockquote>\n\n\n\n<blockquote><h3><strong>\u201cHome: Hogar dulce hogar\u201d<\/strong><\/h3><p><strong>Proyecciones:<\/strong><\/p><ul>\n<li>Lunes&nbsp;\u2013&nbsp;Domingo, 4:50pm (Espa\u00f1ol)<\/li>\n<\/ul><p style=\"text-align: left;\"><strong><strong><strong><strong>Sinopsis:&nbsp;<\/strong><\/strong><\/strong><\/strong><em>Cuando Oh, un adorable inadaptado procedente de otro planeta, aterriza en la Tierra y se encuentra huyendo de su propia especie, entabla una improbable amistad con una muchacha aventurera llamada Tip, que anda metida en una b\u00fasqueda exclusivamente suya. A trav\u00e9s de una serie de c\u00f3micas aventuras junto a Tip, Oh llega a entender que ser diferente y cometer errores forma, todo ello, parte del ser humano y juntos descubren el verdadero significado de la palabra HOGAR.<\/em><\/p><p style=\"text-align: left;\"><strong>Trailer:<\/strong><\/p><p><iframe loading=\"lazy\" src=\"https:\/\/www.youtube.com\/embed\/b_ShuUsPzNQ\" width=\"640\" height=\"360\" frameborder=\"0\" allowfullscreen=\"allowfullscreen\"><\/iframe><\/p><\/blockquote>\n\n\n\n<blockquote><h3><strong>Presentaci\u00f3n Adicional: \u201cCavalleria Rusticana\/Pagliacci\u201d<\/strong><\/h3><p><strong>Proyecciones:<\/strong><\/p><ul>\n<li>S\u00e1bado 2 de mayo, 3:30pm<\/li>\n<\/ul><p style=\"text-align: left;\"><strong>Entradas:<\/strong> RD$900<\/p><p style=\"text-align: left;\"><strong><strong><strong><strong>Sinopsis:&nbsp;<\/strong><\/strong><\/strong><\/strong>Cavalleria Rusticana\/Pagliacci&nbsp;es un&nbsp;melodrama en un acto con m\u00fasica de Pietro Mascagni y libreto en italiano de Giovanni Targioni-Tozzetti y Guido Menasci, basado en un relato del novelista Giovanni Verga.&nbsp;La doble sesi\u00f3n tr\u00e1gica m\u00e1s duradera de la opera regresa en un nueva producci\u00f3n de Sir David McVicar (Giulio Cesare, Mar\u00eda Stuarda, Il Trovatore), quien desarrolla la acci\u00f3n verista en dos per\u00edodos de tiempo pero en el mismo escenario Siciliano.<\/p><p style=\"text-align: left;\"><strong>Trailer:<\/strong><\/p><p><object id=\"flashObj\" width=\"480\" height=\"270\" classid=\"clsid:D27CDB6E-AE6D-11cf-96B8-444553540000\" codebase=\"http:\/\/download.macromedia.com\/pub\/shockwave\/cabs\/flash\/swflash.cab#version=9,0,47,0\"><param name=\"movie\" value=\"http:\/\/c.brightcove.com\/services\/viewer\/federated_f9?isVid=1&amp;isUI=1\"><param name=\"bgcolor\" value=\"#FFFFFF\"><param name=\"flashVars\" value=\"videoId=3188537221001&amp;playerID=610237632001&amp;playerKey=AQ~~,AAAAjh5TC7k~,K2aUOQDXqSqeu2vT4WaBxU4_8mDdKF-p&amp;domain=embed&amp;dynamicStreaming=true\"><param name=\"base\" value=\"http:\/\/admin.brightcove.com\"><param name=\"seamlesstabbing\" value=\"false\"><param name=\"allowFullScreen\" value=\"true\"><param name=\"swLiveConnect\" value=\"true\"><param name=\"allowScriptAccess\" value=\"always\"><\/object><\/p><\/blockquote>\n\n\n\n<blockquote class=\"wp-block-quote is-layout-flow wp-block-quote-is-layout-flow\"><p><strong>NOTA:<\/strong>&nbsp;Publicamos los nuevos horarios de pel\u00edculas tan pronto como las recibimos \u2013 normalmente los mi\u00e9rcoles por la tarde.<\/p><\/blockquote>\n","protected":false},"excerpt":{"rendered":"<p>Para esta semana el cine de la Marina Casa de Campo nos trae en cartelera dos&nbsp;nuevas pel\u00edculas:&nbsp;\u201cVengadores: La Era de Ultr\u00f3n\u201d&nbsp;y&nbsp;\u201cCaza al Asesino\u201d&nbsp;adem\u00e1s de la opera&nbsp;\u201cCavallleria Rusticana\/Pagliacci\u201c.&nbsp;Mientras todav\u00eda en sala tenemos: \u201cMortdecai\u201d,&nbsp;y&nbsp;\u201cHome: Hogar dulce hogar\u201d.<\/p>\n","protected":false},"author":34707,"featured_media":295945,"comment_status":"closed","ping_status":"closed","sticky":false,"template":"","format":"standard","meta":{"newspack_ads_suppress_ads":false,"newspack_popups_has_disabled_popups":false,"newspack_sponsor_sponsorship_scope":"","newspack_sponsor_native_byline_display":"inherit","newspack_sponsor_native_category_display":"inherit","newspack_sponsor_underwriter_style":"inherit","newspack_sponsor_underwriter_placement":"inherit","_newspack_byline_active":false,"_newspack_byline":"","newspack_hide_updated_date":false,"newspack_show_updated_date":false,"newspack_content_restriction_is_exempt":false,"newspack_featured_image_position":"","newspack_post_subtitle":"","newspack_article_summary_title":"Overview:","newspack_article_summary":"","_jetpack_memberships_contains_paid_content":false,"footnotes":"","jetpack_publicize_message":"","jetpack_publicize_feature_enabled":true,"jetpack_social_post_already_shared":false,"jetpack_social_options":{"image_generator_settings":{"template":"highway","default_image_id":0,"font":"","enabled":false},"version":2},"_wpas_customize_per_network":false},"categories":[26823,3126,26581,14625],"tags":[2780,2559,3573],"newspack_spnsrs_tax":[],"class_list":["post-347299","post","type-post","status-publish","format-standard","has-post-thumbnail","hentry","category-arte-y-cultura","category-cine-3","category-la-marina-casa-de-campo","category-noticias-locales","tag-cartelera","tag-cine","tag-marina-casa-de-campo-es","entry"],"yoast_head":"<!-- This site is optimized with the Yoast SEO plugin v27.4 - https:\/\/yoast.com\/product\/yoast-seo-wordpress\/ -->\n<title>Marina Casa de Campo cartelera de cine: 30 de abr. - 6 de mayo | Casa de Campo Living<\/title>\n<meta name=\"description\" content=\"Para esta semana el cine de la Marina Casa de Campo nos trae en cartelera dos&nbsp;nuevas pel\u00edculas:&nbsp;\u201cVengadores: La Era de Ultr\u00f3n\u201d&nbsp;y&nbsp;\u201cCaza\" \/>\n<meta name=\"robots\" content=\"index, follow, max-snippet:-1, max-image-preview:large, max-video-preview:-1\" \/>\n<link rel=\"canonical\" href=\"https:\/\/casadecampoliving.com\/es\/marina-casa-de-campo-cartelera-de-cine-30-de-abr-6-de-mayo\/\" \/>\n<meta property=\"og:locale\" content=\"es_ES\" \/>\n<meta property=\"og:type\" content=\"article\" \/>\n<meta property=\"og:title\" content=\"Marina Casa de Campo cartelera de cine: 30 de abr. - 6 de mayo | Casa de Campo Living\" \/>\n<meta property=\"og:description\" content=\"Para esta semana el cine de la Marina Casa de Campo nos trae en cartelera dos&nbsp;nuevas pel\u00edculas:&nbsp;\u201cVengadores: La Era de Ultr\u00f3n\u201d&nbsp;y&nbsp;\u201cCaza\" \/>\n<meta property=\"og:url\" content=\"https:\/\/casadecampoliving.com\/es\/marina-casa-de-campo-cartelera-de-cine-30-de-abr-6-de-mayo\/\" \/>\n<meta property=\"og:site_name\" content=\"Casa de Campo Living\" \/>\n<meta property=\"article:publisher\" content=\"https:\/\/www.facebook.com\/casadecampoliving\" \/>\n<meta property=\"article:published_time\" content=\"2015-04-30T04:00:00+00:00\" \/>\n<meta property=\"article:modified_time\" content=\"2022-10-21T23:01:28+00:00\" \/>\n<meta property=\"og:image\" content=\"https:\/\/i0.wp.com\/casadecampoliving.com\/wp-content\/uploads\/2022\/10\/Cartelera_Abr30-1.jpg?fit=800%2C348&ssl=1\" \/>\n\t<meta property=\"og:image:width\" content=\"800\" \/>\n\t<meta property=\"og:image:height\" content=\"348\" \/>\n\t<meta property=\"og:image:type\" content=\"image\/jpeg\" \/>\n<meta name=\"author\" content=\"Felix Guerrero\" \/>\n<meta name=\"twitter:card\" content=\"summary_large_image\" \/>\n<meta name=\"twitter:creator\" content=\"@cdcliving\" \/>\n<meta name=\"twitter:site\" content=\"@cdcliving\" \/>\n<meta name=\"twitter:label1\" content=\"Escrito por\" \/>\n\t<meta name=\"twitter:data1\" content=\"Felix Guerrero\" \/>\n\t<meta name=\"twitter:label2\" content=\"Tiempo de lectura\" \/>\n\t<meta name=\"twitter:data2\" content=\"3 minutos\" \/>\n<script type=\"application\/ld+json\" class=\"yoast-schema-graph\">{\"@context\":\"https:\\\/\\\/schema.org\",\"@graph\":[{\"@type\":\"Article\",\"@id\":\"https:\\\/\\\/casadecampoliving.com\\\/es\\\/marina-casa-de-campo-cartelera-de-cine-30-de-abr-6-de-mayo\\\/#article\",\"isPartOf\":{\"@id\":\"https:\\\/\\\/casadecampoliving.com\\\/es\\\/marina-casa-de-campo-cartelera-de-cine-30-de-abr-6-de-mayo\\\/\"},\"author\":{\"name\":\"Felix Guerrero\",\"@id\":\"https:\\\/\\\/casadecampoliving.com\\\/es\\\/#\\\/schema\\\/person\\\/0d45cfc6e376a2f15ac9a92421bd4451\"},\"headline\":\"Marina Casa de Campo cartelera de cine: 30 de abr. &#8211; 6 de mayo\",\"datePublished\":\"2015-04-30T04:00:00+00:00\",\"dateModified\":\"2022-10-21T23:01:28+00:00\",\"mainEntityOfPage\":{\"@id\":\"https:\\\/\\\/casadecampoliving.com\\\/es\\\/marina-casa-de-campo-cartelera-de-cine-30-de-abr-6-de-mayo\\\/\"},\"wordCount\":605,\"publisher\":{\"@id\":\"https:\\\/\\\/casadecampoliving.com\\\/es\\\/#organization\"},\"image\":{\"@id\":\"https:\\\/\\\/casadecampoliving.com\\\/es\\\/marina-casa-de-campo-cartelera-de-cine-30-de-abr-6-de-mayo\\\/#primaryimage\"},\"thumbnailUrl\":\"https:\\\/\\\/i0.wp.com\\\/casadecampoliving.com\\\/wp-content\\\/uploads\\\/2022\\\/10\\\/Cartelera_Abr30-1.jpg?fit=800%2C348&ssl=1\",\"keywords\":[\"cartelera\",\"cine\",\"Marina Casa de Campo @es\"],\"articleSection\":[\"Arte y cultura\",\"Cine @es\",\"La Marina Casa de Campo\",\"Noticias Locales\"],\"inLanguage\":\"es\"},{\"@type\":\"WebPage\",\"@id\":\"https:\\\/\\\/casadecampoliving.com\\\/es\\\/marina-casa-de-campo-cartelera-de-cine-30-de-abr-6-de-mayo\\\/\",\"url\":\"https:\\\/\\\/casadecampoliving.com\\\/es\\\/marina-casa-de-campo-cartelera-de-cine-30-de-abr-6-de-mayo\\\/\",\"name\":\"Marina Casa de Campo cartelera de cine: 30 de abr. - 6 de mayo | Casa de Campo Living\",\"isPartOf\":{\"@id\":\"https:\\\/\\\/casadecampoliving.com\\\/es\\\/#website\"},\"primaryImageOfPage\":{\"@id\":\"https:\\\/\\\/casadecampoliving.com\\\/es\\\/marina-casa-de-campo-cartelera-de-cine-30-de-abr-6-de-mayo\\\/#primaryimage\"},\"image\":{\"@id\":\"https:\\\/\\\/casadecampoliving.com\\\/es\\\/marina-casa-de-campo-cartelera-de-cine-30-de-abr-6-de-mayo\\\/#primaryimage\"},\"thumbnailUrl\":\"https:\\\/\\\/i0.wp.com\\\/casadecampoliving.com\\\/wp-content\\\/uploads\\\/2022\\\/10\\\/Cartelera_Abr30-1.jpg?fit=800%2C348&ssl=1\",\"datePublished\":\"2015-04-30T04:00:00+00:00\",\"dateModified\":\"2022-10-21T23:01:28+00:00\",\"description\":\"Para esta semana el cine de la Marina Casa de Campo nos trae en cartelera dos&nbsp;nuevas pel\u00edculas:&nbsp;\u201cVengadores: La Era de Ultr\u00f3n\u201d&nbsp;y&nbsp;\u201cCaza\",\"breadcrumb\":{\"@id\":\"https:\\\/\\\/casadecampoliving.com\\\/es\\\/marina-casa-de-campo-cartelera-de-cine-30-de-abr-6-de-mayo\\\/#breadcrumb\"},\"inLanguage\":\"es\",\"potentialAction\":[{\"@type\":\"ReadAction\",\"target\":[\"https:\\\/\\\/casadecampoliving.com\\\/es\\\/marina-casa-de-campo-cartelera-de-cine-30-de-abr-6-de-mayo\\\/\"]}]},{\"@type\":\"ImageObject\",\"inLanguage\":\"es\",\"@id\":\"https:\\\/\\\/casadecampoliving.com\\\/es\\\/marina-casa-de-campo-cartelera-de-cine-30-de-abr-6-de-mayo\\\/#primaryimage\",\"url\":\"https:\\\/\\\/i0.wp.com\\\/casadecampoliving.com\\\/wp-content\\\/uploads\\\/2022\\\/10\\\/Cartelera_Abr30-1.jpg?fit=800%2C348&ssl=1\",\"contentUrl\":\"https:\\\/\\\/i0.wp.com\\\/casadecampoliving.com\\\/wp-content\\\/uploads\\\/2022\\\/10\\\/Cartelera_Abr30-1.jpg?fit=800%2C348&ssl=1\",\"width\":800,\"height\":348,\"caption\":\"Cartelera Abril 30\"},{\"@type\":\"BreadcrumbList\",\"@id\":\"https:\\\/\\\/casadecampoliving.com\\\/es\\\/marina-casa-de-campo-cartelera-de-cine-30-de-abr-6-de-mayo\\\/#breadcrumb\",\"itemListElement\":[{\"@type\":\"ListItem\",\"position\":1,\"name\":\"Home\",\"item\":\"https:\\\/\\\/casadecampoliving.com\\\/es\\\/\"},{\"@type\":\"ListItem\",\"position\":2,\"name\":\"Marina Casa de Campo cartelera de cine: 30 de abr. &#8211; 6 de mayo\"}]},{\"@type\":\"WebSite\",\"@id\":\"https:\\\/\\\/casadecampoliving.com\\\/es\\\/#website\",\"url\":\"https:\\\/\\\/casadecampoliving.com\\\/es\\\/\",\"name\":\"Casa de Campo Living\",\"description\":\"Resort community news and resources.\",\"publisher\":{\"@id\":\"https:\\\/\\\/casadecampoliving.com\\\/es\\\/#organization\"},\"potentialAction\":[{\"@type\":\"SearchAction\",\"target\":{\"@type\":\"EntryPoint\",\"urlTemplate\":\"https:\\\/\\\/casadecampoliving.com\\\/es\\\/?s={search_term_string}\"},\"query-input\":{\"@type\":\"PropertyValueSpecification\",\"valueRequired\":true,\"valueName\":\"search_term_string\"}}],\"inLanguage\":\"es\"},{\"@type\":\"Organization\",\"@id\":\"https:\\\/\\\/casadecampoliving.com\\\/es\\\/#organization\",\"name\":\"Casa de Campo Living\",\"url\":\"https:\\\/\\\/casadecampoliving.com\\\/es\\\/\",\"logo\":{\"@type\":\"ImageObject\",\"inLanguage\":\"es\",\"@id\":\"https:\\\/\\\/casadecampoliving.com\\\/es\\\/#\\\/schema\\\/logo\\\/image\\\/\",\"url\":\"https:\\\/\\\/i0.wp.com\\\/casadecampoliving.com\\\/wp-content\\\/uploads\\\/2022\\\/07\\\/CDCLivingLogo_V1-white-sized.png?fit=800%2C214&ssl=1\",\"contentUrl\":\"https:\\\/\\\/i0.wp.com\\\/casadecampoliving.com\\\/wp-content\\\/uploads\\\/2022\\\/07\\\/CDCLivingLogo_V1-white-sized.png?fit=800%2C214&ssl=1\",\"width\":800,\"height\":214,\"caption\":\"Casa de Campo Living\"},\"image\":{\"@id\":\"https:\\\/\\\/casadecampoliving.com\\\/es\\\/#\\\/schema\\\/logo\\\/image\\\/\"},\"sameAs\":[\"https:\\\/\\\/www.facebook.com\\\/casadecampoliving\",\"https:\\\/\\\/x.com\\\/cdcliving\"]},{\"@type\":\"Person\",\"@id\":\"https:\\\/\\\/casadecampoliving.com\\\/es\\\/#\\\/schema\\\/person\\\/0d45cfc6e376a2f15ac9a92421bd4451\",\"name\":\"Felix Guerrero\",\"image\":{\"@type\":\"ImageObject\",\"inLanguage\":\"es\",\"@id\":\"https:\\\/\\\/secure.gravatar.com\\\/avatar\\\/14a8050b9491854cab6ae2240dcb42ad0fad787b7fa453ad0991fd1262157df3?s=96&d=mm&r=g\",\"url\":\"https:\\\/\\\/secure.gravatar.com\\\/avatar\\\/14a8050b9491854cab6ae2240dcb42ad0fad787b7fa453ad0991fd1262157df3?s=96&d=mm&r=g\",\"contentUrl\":\"https:\\\/\\\/secure.gravatar.com\\\/avatar\\\/14a8050b9491854cab6ae2240dcb42ad0fad787b7fa453ad0991fd1262157df3?s=96&d=mm&r=g\",\"caption\":\"Felix Guerrero\"},\"url\":\"https:\\\/\\\/casadecampoliving.com\\\/es\\\/author\\\/fguerrero\\\/\"}]}<\/script>\n<!-- \/ Yoast SEO plugin. -->","yoast_head_json":{"title":"Marina Casa de Campo cartelera de cine: 30 de abr. - 6 de mayo | Casa de Campo Living","description":"Para esta semana el cine de la Marina Casa de Campo nos trae en cartelera dos&nbsp;nuevas pel\u00edculas:&nbsp;\u201cVengadores: La Era de Ultr\u00f3n\u201d&nbsp;y&nbsp;\u201cCaza","robots":{"index":"index","follow":"follow","max-snippet":"max-snippet:-1","max-image-preview":"max-image-preview:large","max-video-preview":"max-video-preview:-1"},"canonical":"https:\/\/casadecampoliving.com\/es\/marina-casa-de-campo-cartelera-de-cine-30-de-abr-6-de-mayo\/","og_locale":"es_ES","og_type":"article","og_title":"Marina Casa de Campo cartelera de cine: 30 de abr. - 6 de mayo | Casa de Campo Living","og_description":"Para esta semana el cine de la Marina Casa de Campo nos trae en cartelera dos&nbsp;nuevas pel\u00edculas:&nbsp;\u201cVengadores: La Era de Ultr\u00f3n\u201d&nbsp;y&nbsp;\u201cCaza","og_url":"https:\/\/casadecampoliving.com\/es\/marina-casa-de-campo-cartelera-de-cine-30-de-abr-6-de-mayo\/","og_site_name":"Casa de Campo Living","article_publisher":"https:\/\/www.facebook.com\/casadecampoliving","article_published_time":"2015-04-30T04:00:00+00:00","article_modified_time":"2022-10-21T23:01:28+00:00","og_image":[{"width":800,"height":348,"url":"https:\/\/i0.wp.com\/casadecampoliving.com\/wp-content\/uploads\/2022\/10\/Cartelera_Abr30-1.jpg?fit=800%2C348&ssl=1","type":"image\/jpeg"}],"author":"Felix Guerrero","twitter_card":"summary_large_image","twitter_creator":"@cdcliving","twitter_site":"@cdcliving","twitter_misc":{"Escrito por":"Felix Guerrero","Tiempo de lectura":"3 minutos"},"schema":{"@context":"https:\/\/schema.org","@graph":[{"@type":"Article","@id":"https:\/\/casadecampoliving.com\/es\/marina-casa-de-campo-cartelera-de-cine-30-de-abr-6-de-mayo\/#article","isPartOf":{"@id":"https:\/\/casadecampoliving.com\/es\/marina-casa-de-campo-cartelera-de-cine-30-de-abr-6-de-mayo\/"},"author":{"name":"Felix Guerrero","@id":"https:\/\/casadecampoliving.com\/es\/#\/schema\/person\/0d45cfc6e376a2f15ac9a92421bd4451"},"headline":"Marina Casa de Campo cartelera de cine: 30 de abr. &#8211; 6 de mayo","datePublished":"2015-04-30T04:00:00+00:00","dateModified":"2022-10-21T23:01:28+00:00","mainEntityOfPage":{"@id":"https:\/\/casadecampoliving.com\/es\/marina-casa-de-campo-cartelera-de-cine-30-de-abr-6-de-mayo\/"},"wordCount":605,"publisher":{"@id":"https:\/\/casadecampoliving.com\/es\/#organization"},"image":{"@id":"https:\/\/casadecampoliving.com\/es\/marina-casa-de-campo-cartelera-de-cine-30-de-abr-6-de-mayo\/#primaryimage"},"thumbnailUrl":"https:\/\/i0.wp.com\/casadecampoliving.com\/wp-content\/uploads\/2022\/10\/Cartelera_Abr30-1.jpg?fit=800%2C348&ssl=1","keywords":["cartelera","cine","Marina Casa de Campo @es"],"articleSection":["Arte y cultura","Cine @es","La Marina Casa de Campo","Noticias Locales"],"inLanguage":"es"},{"@type":"WebPage","@id":"https:\/\/casadecampoliving.com\/es\/marina-casa-de-campo-cartelera-de-cine-30-de-abr-6-de-mayo\/","url":"https:\/\/casadecampoliving.com\/es\/marina-casa-de-campo-cartelera-de-cine-30-de-abr-6-de-mayo\/","name":"Marina Casa de Campo cartelera de cine: 30 de abr. - 6 de mayo | Casa de Campo Living","isPartOf":{"@id":"https:\/\/casadecampoliving.com\/es\/#website"},"primaryImageOfPage":{"@id":"https:\/\/casadecampoliving.com\/es\/marina-casa-de-campo-cartelera-de-cine-30-de-abr-6-de-mayo\/#primaryimage"},"image":{"@id":"https:\/\/casadecampoliving.com\/es\/marina-casa-de-campo-cartelera-de-cine-30-de-abr-6-de-mayo\/#primaryimage"},"thumbnailUrl":"https:\/\/i0.wp.com\/casadecampoliving.com\/wp-content\/uploads\/2022\/10\/Cartelera_Abr30-1.jpg?fit=800%2C348&ssl=1","datePublished":"2015-04-30T04:00:00+00:00","dateModified":"2022-10-21T23:01:28+00:00","description":"Para esta semana el cine de la Marina Casa de Campo nos trae en cartelera dos&nbsp;nuevas pel\u00edculas:&nbsp;\u201cVengadores: La Era de Ultr\u00f3n\u201d&nbsp;y&nbsp;\u201cCaza","breadcrumb":{"@id":"https:\/\/casadecampoliving.com\/es\/marina-casa-de-campo-cartelera-de-cine-30-de-abr-6-de-mayo\/#breadcrumb"},"inLanguage":"es","potentialAction":[{"@type":"ReadAction","target":["https:\/\/casadecampoliving.com\/es\/marina-casa-de-campo-cartelera-de-cine-30-de-abr-6-de-mayo\/"]}]},{"@type":"ImageObject","inLanguage":"es","@id":"https:\/\/casadecampoliving.com\/es\/marina-casa-de-campo-cartelera-de-cine-30-de-abr-6-de-mayo\/#primaryimage","url":"https:\/\/i0.wp.com\/casadecampoliving.com\/wp-content\/uploads\/2022\/10\/Cartelera_Abr30-1.jpg?fit=800%2C348&ssl=1","contentUrl":"https:\/\/i0.wp.com\/casadecampoliving.com\/wp-content\/uploads\/2022\/10\/Cartelera_Abr30-1.jpg?fit=800%2C348&ssl=1","width":800,"height":348,"caption":"Cartelera Abril 30"},{"@type":"BreadcrumbList","@id":"https:\/\/casadecampoliving.com\/es\/marina-casa-de-campo-cartelera-de-cine-30-de-abr-6-de-mayo\/#breadcrumb","itemListElement":[{"@type":"ListItem","position":1,"name":"Home","item":"https:\/\/casadecampoliving.com\/es\/"},{"@type":"ListItem","position":2,"name":"Marina Casa de Campo cartelera de cine: 30 de abr. &#8211; 6 de mayo"}]},{"@type":"WebSite","@id":"https:\/\/casadecampoliving.com\/es\/#website","url":"https:\/\/casadecampoliving.com\/es\/","name":"Casa de Campo Living","description":"Resort community news and resources.","publisher":{"@id":"https:\/\/casadecampoliving.com\/es\/#organization"},"potentialAction":[{"@type":"SearchAction","target":{"@type":"EntryPoint","urlTemplate":"https:\/\/casadecampoliving.com\/es\/?s={search_term_string}"},"query-input":{"@type":"PropertyValueSpecification","valueRequired":true,"valueName":"search_term_string"}}],"inLanguage":"es"},{"@type":"Organization","@id":"https:\/\/casadecampoliving.com\/es\/#organization","name":"Casa de Campo Living","url":"https:\/\/casadecampoliving.com\/es\/","logo":{"@type":"ImageObject","inLanguage":"es","@id":"https:\/\/casadecampoliving.com\/es\/#\/schema\/logo\/image\/","url":"https:\/\/i0.wp.com\/casadecampoliving.com\/wp-content\/uploads\/2022\/07\/CDCLivingLogo_V1-white-sized.png?fit=800%2C214&ssl=1","contentUrl":"https:\/\/i0.wp.com\/casadecampoliving.com\/wp-content\/uploads\/2022\/07\/CDCLivingLogo_V1-white-sized.png?fit=800%2C214&ssl=1","width":800,"height":214,"caption":"Casa de Campo Living"},"image":{"@id":"https:\/\/casadecampoliving.com\/es\/#\/schema\/logo\/image\/"},"sameAs":["https:\/\/www.facebook.com\/casadecampoliving","https:\/\/x.com\/cdcliving"]},{"@type":"Person","@id":"https:\/\/casadecampoliving.com\/es\/#\/schema\/person\/0d45cfc6e376a2f15ac9a92421bd4451","name":"Felix Guerrero","image":{"@type":"ImageObject","inLanguage":"es","@id":"https:\/\/secure.gravatar.com\/avatar\/14a8050b9491854cab6ae2240dcb42ad0fad787b7fa453ad0991fd1262157df3?s=96&d=mm&r=g","url":"https:\/\/secure.gravatar.com\/avatar\/14a8050b9491854cab6ae2240dcb42ad0fad787b7fa453ad0991fd1262157df3?s=96&d=mm&r=g","contentUrl":"https:\/\/secure.gravatar.com\/avatar\/14a8050b9491854cab6ae2240dcb42ad0fad787b7fa453ad0991fd1262157df3?s=96&d=mm&r=g","caption":"Felix Guerrero"},"url":"https:\/\/casadecampoliving.com\/es\/author\/fguerrero\/"}]}},"parsely":{"version":"1.1.0","canonical_url":"https:\/\/casadecampoliving.com\/es\/marina-casa-de-campo-cartelera-de-cine-30-de-abr-6-de-mayo\/","smart_links":{"inbound":0,"outbound":0},"traffic_boost_suggestions_count":0,"meta":{"@context":"https:\/\/schema.org","@type":"NewsArticle","headline":"Marina Casa de Campo cartelera de cine: 30 de abr. &#8211; 6 de mayo","url":"http:\/\/casadecampoliving.com\/es\/marina-casa-de-campo-cartelera-de-cine-30-de-abr-6-de-mayo\/","mainEntityOfPage":{"@type":"WebPage","@id":"http:\/\/casadecampoliving.com\/es\/marina-casa-de-campo-cartelera-de-cine-30-de-abr-6-de-mayo\/"},"thumbnailUrl":"https:\/\/i0.wp.com\/casadecampoliving.com\/wp-content\/uploads\/2022\/10\/Cartelera_Abr30-1.jpg?resize=150%2C150&ssl=1","image":{"@type":"ImageObject","url":"https:\/\/i0.wp.com\/casadecampoliving.com\/wp-content\/uploads\/2022\/10\/Cartelera_Abr30-1.jpg?fit=800%2C348&ssl=1"},"articleSection":"Arte y cultura","author":[{"@type":"Person","name":"Felix Guerrero"}],"creator":["Felix Guerrero"],"publisher":{"@type":"Organization","name":"Casa de Campo Living","logo":"https:\/\/casadecampoliving.com\/wp-content\/uploads\/2022\/07\/CDCLivingLogo_V1-white-sized.png"},"keywords":["cartelera","cine","marina casa de campo @es"],"dateCreated":"2015-04-30T04:00:00Z","datePublished":"2015-04-30T04:00:00Z","dateModified":"2022-10-21T23:01:28Z"},"rendered":"<script type=\"application\/ld+json\" class=\"wp-parsely-metadata\">{\"@context\":\"https:\\\/\\\/schema.org\",\"@type\":\"NewsArticle\",\"headline\":\"Marina Casa de Campo cartelera de cine: 30 de abr. &#8211; 6 de mayo\",\"url\":\"http:\\\/\\\/casadecampoliving.com\\\/es\\\/marina-casa-de-campo-cartelera-de-cine-30-de-abr-6-de-mayo\\\/\",\"mainEntityOfPage\":{\"@type\":\"WebPage\",\"@id\":\"http:\\\/\\\/casadecampoliving.com\\\/es\\\/marina-casa-de-campo-cartelera-de-cine-30-de-abr-6-de-mayo\\\/\"},\"thumbnailUrl\":\"https:\\\/\\\/i0.wp.com\\\/casadecampoliving.com\\\/wp-content\\\/uploads\\\/2022\\\/10\\\/Cartelera_Abr30-1.jpg?resize=150%2C150&ssl=1\",\"image\":{\"@type\":\"ImageObject\",\"url\":\"https:\\\/\\\/i0.wp.com\\\/casadecampoliving.com\\\/wp-content\\\/uploads\\\/2022\\\/10\\\/Cartelera_Abr30-1.jpg?fit=800%2C348&ssl=1\"},\"articleSection\":\"Arte y cultura\",\"author\":[{\"@type\":\"Person\",\"name\":\"Felix Guerrero\"}],\"creator\":[\"Felix Guerrero\"],\"publisher\":{\"@type\":\"Organization\",\"name\":\"Casa de Campo Living\",\"logo\":\"https:\\\/\\\/casadecampoliving.com\\\/wp-content\\\/uploads\\\/2022\\\/07\\\/CDCLivingLogo_V1-white-sized.png\"},\"keywords\":[\"cartelera\",\"cine\",\"marina casa de campo @es\"],\"dateCreated\":\"2015-04-30T04:00:00Z\",\"datePublished\":\"2015-04-30T04:00:00Z\",\"dateModified\":\"2022-10-21T23:01:28Z\"}<\/script>","tracker_url":"https:\/\/cdn.parsely.com\/keys\/casadecampoliving.com\/p.js"},"jetpack_publicize_connections":[],"jetpack_featured_media_url":"https:\/\/i0.wp.com\/casadecampoliving.com\/wp-content\/uploads\/2022\/10\/Cartelera_Abr30-1.jpg?fit=800%2C348&ssl=1","jetpack-related-posts":[{"id":347331,"url":"https:\/\/casadecampoliving.com\/es\/marina-casa-de-campo-cartelera-de-cine-7-de-mayo-13-de-mayo\/","url_meta":{"origin":347299,"position":0},"title":"Marina Casa de Campo cartelera de cine: 7 de mayo &#8211; 13 de mayo","author":"Felix Guerrero","date":"7 May, 2015","format":false,"excerpt":"Para esta semana el cine de la Marina Casa de Campo nos trae en cartelera una\u00a0nueva pel\u00edcula:\u00a0\u201cCoraz\u00f3n de Le\u00f3n\u201d.\u00a0Mientras todav\u00eda en sala tenemos: \u201cVengadores: La Era de Ultr\u00f3n\u201d,\u00a0\u201cCaza al Asesino\u201d\u00a0y\u00a0\u201cHome: Hogar dulce hogar\u201d. \u201cCoraz\u00f3n de Le\u00f3n\u201dProyecciones: Lunes \u2013\u00a0Domingo,\u00a09:20pm Sinopsis:\u00a0Ivana Cornejo es abogada de \u00e9xito dedicada a litigios de familia. Desde\u2026","rel":"","context":"En \u00abArte y cultura\u00bb","block_context":{"text":"Arte y cultura","link":"https:\/\/casadecampoliving.com\/category\/arte-y-cultura\/"},"img":{"alt_text":"Cartelera Mayo 7","src":"https:\/\/i0.wp.com\/casadecampoliving.com\/wp-content\/uploads\/2022\/10\/Cartelera_May07-1.jpg?fit=800%2C348&ssl=1&resize=350%2C200","width":350,"height":200,"srcset":"https:\/\/i0.wp.com\/casadecampoliving.com\/wp-content\/uploads\/2022\/10\/Cartelera_May07-1.jpg?fit=800%2C348&ssl=1&resize=350%2C200 1x, https:\/\/i0.wp.com\/casadecampoliving.com\/wp-content\/uploads\/2022\/10\/Cartelera_May07-1.jpg?fit=800%2C348&ssl=1&resize=525%2C300 1.5x, https:\/\/i0.wp.com\/casadecampoliving.com\/wp-content\/uploads\/2022\/10\/Cartelera_May07-1.jpg?fit=800%2C348&ssl=1&resize=700%2C400 2x"},"classes":[]},{"id":347375,"url":"https:\/\/casadecampoliving.com\/es\/marina-casa-de-campo-cartelera-de-cine-14-20-de-mayo\/","url_meta":{"origin":347299,"position":1},"title":"Marina Casa de Campo cartelera de cine: 14 &#8211; 20 de Mayo","author":"Felix Guerrero","date":"14 May, 2015","format":false,"excerpt":"Para esta semana el cine de la Marina Casa de Campo nos trae en tres\u00a0nuevas pel\u00edculas: \u201cMad Max\u201d,\u00a0\u201cLa Casa de la M\u00e1gica\u201d\u00a0y\u00a0\u201cBegin Again\u201d.\u00a0Mientras todav\u00eda en sala tenemos: \u201cVengadores: La Era de Ultr\u00f3n\u201d. \u201cMad Max\u201dProyecciones: Lunes \u2013 Viernes, 6:55pm & 9:35pm S\u00e1bado \u2013 Domingo, 4:10pm, 6:55pm & 9:35pm Sinopsis:\u00a0Perseguido por su\u2026","rel":"","context":"En \u00abArte y cultura\u00bb","block_context":{"text":"Arte y cultura","link":"https:\/\/casadecampoliving.com\/category\/arte-y-cultura\/"},"img":{"alt_text":"Cartelera Mayo 14","src":"https:\/\/i0.wp.com\/casadecampoliving.com\/wp-content\/uploads\/2022\/10\/Cartelera_May14-1.jpg?fit=800%2C348&ssl=1&resize=350%2C200","width":350,"height":200,"srcset":"https:\/\/i0.wp.com\/casadecampoliving.com\/wp-content\/uploads\/2022\/10\/Cartelera_May14-1.jpg?fit=800%2C348&ssl=1&resize=350%2C200 1x, https:\/\/i0.wp.com\/casadecampoliving.com\/wp-content\/uploads\/2022\/10\/Cartelera_May14-1.jpg?fit=800%2C348&ssl=1&resize=525%2C300 1.5x, https:\/\/i0.wp.com\/casadecampoliving.com\/wp-content\/uploads\/2022\/10\/Cartelera_May14-1.jpg?fit=800%2C348&ssl=1&resize=700%2C400 2x"},"classes":[]},{"id":338909,"url":"https:\/\/casadecampoliving.com\/es\/marina-casa-de-campo-cartelera-de-cine-3-9-de-mayo\/","url_meta":{"origin":347299,"position":2},"title":"Marina Casa de Campo Cartelera de Cine: 3 &#8211; 9 de Mayo","author":"Rebecca Silvestri","date":"3 May, 2012","format":false,"excerpt":"Esta semana, el cine de La Marina Casa de Campo nos trae una nuevas pel\u00edcula; \u201c21 Jump Street\u201d. A\u00fan en las salas\u00a0\u201cLos Vengadores\u201d\u00a0y\u00a0\u201cOne Day\u201d. Los vengadores\u00a0[ver trailer,\u00a0leer cr\u00edtica] Cuando un enemigo inesperado amenaza con poner en peligro la seguridad mundial, Nick Fury, Director de la agencia internacional para el mantenimiento\u2026","rel":"","context":"En \u00abArte y cultura\u00bb","block_context":{"text":"Arte y cultura","link":"https:\/\/casadecampoliving.com\/category\/arte-y-cultura\/"},"img":{"alt_text":"marina cine","src":"https:\/\/i0.wp.com\/casadecampoliving.com\/wp-content\/uploads\/2022\/10\/marina_cine-1.jpg?fit=650%2C279&ssl=1&resize=350%2C200","width":350,"height":200,"srcset":"https:\/\/i0.wp.com\/casadecampoliving.com\/wp-content\/uploads\/2022\/10\/marina_cine-1.jpg?fit=650%2C279&ssl=1&resize=350%2C200 1x, https:\/\/i0.wp.com\/casadecampoliving.com\/wp-content\/uploads\/2022\/10\/marina_cine-1.jpg?fit=650%2C279&ssl=1&resize=525%2C300 1.5x"},"classes":[]},{"id":338957,"url":"https:\/\/casadecampoliving.com\/es\/cartelera-de-cine-10-16-de-mayo\/","url_meta":{"origin":347299,"position":3},"title":"Cartelera de Cine: 10 &#8211; 16 de mayo!","author":"","date":"10 May, 2012","format":false,"excerpt":"Esta semana, el cine de La Marina Casa de Campo nos trae dos nuevas pel\u00edculas;\u00a0\u201cGone\u201d y \u201cBattleship\u201c. A\u00fan en las salas\u00a0\u201c21 Jump Street\u201d y \u201cLos Vengadores\u201d. Battleship (Batalla Naval)\u00a0[ver trailer,\u00a0\u00a0leer cr\u00edtica] Aventura de acci\u00f3n que transcurre en el mar, el cielo y la tierra, en la que nuestro planeta lucha\u2026","rel":"","context":"En \u00abArte y cultura\u00bb","block_context":{"text":"Arte y cultura","link":"https:\/\/casadecampoliving.com\/category\/arte-y-cultura\/"},"img":{"alt_text":"","src":"https:\/\/i0.wp.com\/casadecampoliving.com\/wp-content\/uploads\/2022\/10\/mcdc-movies.jpg?fit=637%2C273&ssl=1&resize=350%2C200","width":350,"height":200,"srcset":"https:\/\/i0.wp.com\/casadecampoliving.com\/wp-content\/uploads\/2022\/10\/mcdc-movies.jpg?fit=637%2C273&ssl=1&resize=350%2C200 1x, https:\/\/i0.wp.com\/casadecampoliving.com\/wp-content\/uploads\/2022\/10\/mcdc-movies.jpg?fit=637%2C273&ssl=1&resize=525%2C300 1.5x"},"classes":[]},{"id":339027,"url":"https:\/\/casadecampoliving.com\/es\/cartelera-de-cine-17-23-de-mayo\/","url_meta":{"origin":347299,"position":4},"title":"Cartelera de Cine: 17 &#8211; 23 de mayo!","author":"","date":"17 May, 2012","format":false,"excerpt":"Esta semana, el cine de La Marina Casa de Campo nos trae una nueva pel\u00edcula;\u00a0\u201cLa Deuda\u201d (The Debt).\u00a0A\u00fan en las salas\u00a0\u201cBatalla Naval\u201d y \u201cLos Vengadores\u201d. Battleship (Batalla Naval)\u00a0[ver trailer,\u00a0\u00a0leer cr\u00edtica] Aventura de acci\u00f3n que transcurre en el mar, el cielo y la tierra, en la que nuestro planeta lucha por\u2026","rel":"","context":"En \u00abArte y cultura\u00bb","block_context":{"text":"Arte y cultura","link":"https:\/\/casadecampoliving.com\/category\/arte-y-cultura\/"},"img":{"alt_text":"marina cine","src":"https:\/\/i0.wp.com\/casadecampoliving.com\/wp-content\/uploads\/2022\/10\/marina_cine1-1.jpg?fit=650%2C280&ssl=1&resize=350%2C200","width":350,"height":200,"srcset":"https:\/\/i0.wp.com\/casadecampoliving.com\/wp-content\/uploads\/2022\/10\/marina_cine1-1.jpg?fit=650%2C280&ssl=1&resize=350%2C200 1x, https:\/\/i0.wp.com\/casadecampoliving.com\/wp-content\/uploads\/2022\/10\/marina_cine1-1.jpg?fit=650%2C280&ssl=1&resize=525%2C300 1.5x"},"classes":[]},{"id":338873,"url":"https:\/\/casadecampoliving.com\/es\/cartelera-de-cine-abril-26-mayo-3\/","url_meta":{"origin":347299,"position":5},"title":"Cartelera de Cine: Abril 26 &#8211; Mayo 3!","author":"","date":"26 Abr, 2012","format":false,"excerpt":"Esta semana, el cine de La Marina Casa de Campo nos trae dos nuevas pel\u00edculas; \u201cLos Vengadores\u201d y \u201d \u201c.\u00a0A\u00fan en las salas\u00a0\u00a0\u201cTodos los d\u00edas de mi vida\u201dy \u201cTan fuerte, tan cerca\u201d! Los vengadores\u00a0[ver trailer,\u00a0leer cr\u00edtica] Cuando un enemigo inesperado amenaza con poner en peligro la seguridad mundial, Nick Fury,\u2026","rel":"","context":"En \u00abArte y cultura\u00bb","block_context":{"text":"Arte y cultura","link":"https:\/\/casadecampoliving.com\/category\/arte-y-cultura\/"},"img":{"alt_text":"","src":"https:\/\/i0.wp.com\/casadecampoliving.com\/wp-content\/uploads\/2022\/10\/cdc-movies-and-times-1.jpg?fit=800%2C347&ssl=1&resize=350%2C200","width":350,"height":200,"srcset":"https:\/\/i0.wp.com\/casadecampoliving.com\/wp-content\/uploads\/2022\/10\/cdc-movies-and-times-1.jpg?fit=800%2C347&ssl=1&resize=350%2C200 1x, https:\/\/i0.wp.com\/casadecampoliving.com\/wp-content\/uploads\/2022\/10\/cdc-movies-and-times-1.jpg?fit=800%2C347&ssl=1&resize=525%2C300 1.5x, https:\/\/i0.wp.com\/casadecampoliving.com\/wp-content\/uploads\/2022\/10\/cdc-movies-and-times-1.jpg?fit=800%2C347&ssl=1&resize=700%2C400 2x"},"classes":[]}],"jetpack_sharing_enabled":true,"_links":{"self":[{"href":"https:\/\/casadecampoliving.com\/es\/wp-json\/wp\/v2\/posts\/347299","targetHints":{"allow":["GET"]}}],"collection":[{"href":"https:\/\/casadecampoliving.com\/es\/wp-json\/wp\/v2\/posts"}],"about":[{"href":"https:\/\/casadecampoliving.com\/es\/wp-json\/wp\/v2\/types\/post"}],"author":[{"embeddable":true,"href":"https:\/\/casadecampoliving.com\/es\/wp-json\/wp\/v2\/users\/34707"}],"replies":[{"embeddable":true,"href":"https:\/\/casadecampoliving.com\/es\/wp-json\/wp\/v2\/comments?post=347299"}],"version-history":[{"count":1,"href":"https:\/\/casadecampoliving.com\/es\/wp-json\/wp\/v2\/posts\/347299\/revisions"}],"predecessor-version":[{"id":347300,"href":"https:\/\/casadecampoliving.com\/es\/wp-json\/wp\/v2\/posts\/347299\/revisions\/347300"}],"wp:featuredmedia":[{"embeddable":true,"href":"https:\/\/casadecampoliving.com\/es\/wp-json\/wp\/v2\/media\/295945"}],"wp:attachment":[{"href":"https:\/\/casadecampoliving.com\/es\/wp-json\/wp\/v2\/media?parent=347299"}],"wp:term":[{"taxonomy":"category","embeddable":true,"href":"https:\/\/casadecampoliving.com\/es\/wp-json\/wp\/v2\/categories?post=347299"},{"taxonomy":"post_tag","embeddable":true,"href":"https:\/\/casadecampoliving.com\/es\/wp-json\/wp\/v2\/tags?post=347299"},{"taxonomy":"newspack_spnsrs_tax","embeddable":true,"href":"https:\/\/casadecampoliving.com\/es\/wp-json\/wp\/v2\/newspack_spnsrs_tax?post=347299"}],"curies":[{"name":"wp","href":"https:\/\/api.w.org\/{rel}","templated":true}]}}