{"id":347271,"date":"2015-05-07T00:00:00","date_gmt":"2015-05-07T04:00:00","guid":{"rendered":"https:\/\/casadecampoliving.com\/mene-santana-regresa-un-chavonero-prodigo\/"},"modified":"2022-10-21T19:00:17","modified_gmt":"2022-10-21T23:00:17","slug":"mene-santana-regresa-un-chavonero-prodigo","status":"publish","type":"post","link":"https:\/\/casadecampoliving.com\/es\/mene-santana-regresa-un-chavonero-prodigo\/","title":{"rendered":"Mene Santana: Regresa un Chavonero pr\u00f3digo"},"content":{"rendered":"<div class=\"wp-block-image\">\n<figure class=\"aligncenter is-resized\"><img loading=\"lazy\" decoding=\"async\" src=\"https:\/\/i0.wp.com\/casadecampoliving.com\/wp-content\/uploads\/2022\/10\/Mene_Santana.jpg?resize=600%2C638&amp;ssl=1\" alt=\"Mene_Santana\" class=\"wp-image-111077\" height=\"638\" width=\"600\"\/><\/figure>\n<\/div>\n\n\n<p>Larguirucho, sonriente, y encantador como siempre, Mene Santana luce igual en muchos aspectos desde su &nbsp;juventud, cuando estudi\u00f3 en Chav\u00f3n hace unos 30 a\u00f1os.<\/p>\n\n\n\n<!--more-->\n\n\n\n<p>Pero las apariencias enga\u00f1an, \u00e9l ahora vive en Silver Spring Maryland, en una casa de la era de Gatsby meticulosamente restaurada, con su esposa e hija. Cuando fue candidato para continuar sus estudios en Dise\u00f1o de Comunicaciones en Parsons ya graduado Chav\u00f3n en 1985, mi esposa y yo viajamos a Benerito, a la casa de la abuela de Mene, donde viv\u00eda antes de venir a Chav\u00f3n. Era una casa sencilla con piso de tierra. Su abuela ten\u00eda el anafe, el brasero de carb\u00f3n, encendi\u00f3 el fuego&nbsp;y prepar\u00f3 un caf\u00e9 para todos utilizando como filtro un calcetin. El caf\u00e9 ten\u00eda nuez moscada rallada dentro.<\/p>\n\n\n\n<p>La semana pasada Mene volvi\u00f3 a la escuela y a visitar a su madre en Romana. No era su primer viaje de regreso a la isla. Pero si la primera vez solo solo, ya que su esposa e hija se quedaron en Estados Unidos, fue capaz de tomar tiempo para disfrutar de la vida estudiantil de Chav\u00f3n y notar los cambios en su pa\u00eds.<\/p>\n\n\n\n<p><strong>\u00bfQu\u00e9 te parece la escuela?<\/strong><\/p>\n\n\n\n<p>Me sorprendi\u00f3 la calidad del trabajo de los estudiantes. La exposici\u00f3n presente en la galer\u00eda realmente me tom\u00f3 por sorpresa. Hay mucho talento, habilidad y trabajo duro visible en cada pieza.<\/p>\n\n\n\n<p><strong>\u00bfPudiste&nbsp;visitar los salones de clase:<\/strong><\/p>\n\n\n\n<p>S\u00ed, la biblioteca es un tesoro, todos los estudiantes luc\u00edan tan motivados, tan contentos de estar en un entorno tan hermoso, tranquilo e inspirador. Son felices. El lugar es relajado.<\/p>\n\n\n\n<p><strong>\u00bfQu\u00e9 crees que ha cambiado?<\/strong><\/p>\n\n\n\n<p>La tecnolog\u00eda, como estudiante de dise\u00f1o gr\u00e1fico que estaba dibujando tipo o utilizando el tipo de transferencia. Ahora las computadoras son los instrumentos contempor\u00e1neos y altamente sofisticados. Pero debajo de todo est\u00e1 el talento y el trabajo duro de los estudiantes.<\/p>\n\n\n\n<p><strong>Trabajaste&nbsp;para J.Crew y Disney, \u00bfqu\u00e9 te permiti\u00f3 conseguir tu primer empleo?<\/strong><\/p>\n\n\n\n<p>El entusiasmo y la apertura para resolver los problemas que se me presentan. B\u00e1sicamente soy mi positivo, con actitud y capacidad de inspirarme incluso en la cara de las asignaciones que son intr\u00ednsecamente aburridas.<\/p>\n\n\n\n<p><strong>\u00bfCu\u00e1l fue un momento crucial o tu mejor experiencia como estudiante en Chav\u00f3n?<\/strong><\/p>\n\n\n\n<p>Mi \u00faltimo a\u00f1o estuvo lleno de profesores visitantes, Oscar de la Renta, Al Greenberg (presidente Parsons Dise\u00f1o de Comunicaciones, el dise\u00f1ador italiano Armando Milani, y m\u00e1s tarde el director de arte hist\u00f3rico Henry Wolf y me acuerdo de los artistas en residencia, Ken Tisa y otros , recuerdo Aurelio Grisanty haciendo&nbsp;los&nbsp;murales grandes de la discoteca. Entre mi primer y segundo a\u00f1o visit\u00e9 Nueva York en un programa de Parsons. fue entonces cuando me di cuenta que aprender Ingl\u00e9s fue la clave.<\/p>\n\n\n\n<p><strong>&nbsp;\u00bfAlg\u00fan consejo para los graduados de este a\u00f1o?<\/strong><\/p>\n\n\n\n<p>Mant\u00e9nganse inspirados, mant\u00e9nganse fuertes. Crean en ustedes mismos y proyectense!<\/p>\n\n\n\n<blockquote><figure><img decoding=\"async\" loading=\"lazy\" class=\" alignright\" title=\"stephen_kaplan\" src=\"https:\/\/i0.wp.com\/casadecampoliving.com\/wp-content\/uploads\/2022\/10\/stephen_kaplan1.jpg?resize=97%2C122&amp;ssl=1\" alt=\"stephen kaplan\" width=\"97\" height=\"122\"><\/figure><p><strong>Articulo contribuido por Stephen Kaplan<\/strong><\/p><p>Stephen Kaplan<br>\nRector de la Escuela de Arte y Dise\u00f1o en Altos de Chav\u00f3n<\/p><\/blockquote>\n","protected":false},"excerpt":{"rendered":"<p>Larguirucho, sonriente, y encantador como siempre, Mene Santana luce igual en muchos aspectos desde su &nbsp;juventud, cuando estudi\u00f3 en Chav\u00f3n hace unos 30 a\u00f1os.<\/p>\n","protected":false},"author":1097,"featured_media":294578,"comment_status":"closed","ping_status":"closed","sticky":false,"template":"","format":"standard","meta":{"newspack_ads_suppress_ads":false,"newspack_popups_has_disabled_popups":false,"newspack_sponsor_sponsorship_scope":"","newspack_sponsor_native_byline_display":"inherit","newspack_sponsor_native_category_display":"inherit","newspack_sponsor_underwriter_style":"inherit","newspack_sponsor_underwriter_placement":"inherit","_newspack_byline_active":false,"_newspack_byline":"","newspack_hide_updated_date":false,"newspack_show_updated_date":false,"newspack_content_restriction_is_exempt":false,"newspack_featured_image_position":"","newspack_post_subtitle":"","newspack_article_summary_title":"Overview:","newspack_article_summary":"","_jetpack_memberships_contains_paid_content":false,"footnotes":"","jetpack_publicize_message":"","jetpack_publicize_feature_enabled":true,"jetpack_social_post_already_shared":false,"jetpack_social_options":{"image_generator_settings":{"template":"highway","default_image_id":0,"font":"","enabled":false},"version":2},"_wpas_customize_per_network":false},"categories":[26819,26823,26936,26951,2524,14631,2514,14625,2521,26822],"tags":[15387,3626,8094,12351,6371],"newspack_spnsrs_tax":[],"class_list":["post-347271","post","type-post","status-publish","format-standard","has-post-thumbnail","hentry","category-altos-de-chavon-es","category-arte-y-cultura","category-casa-de-campo-living-es","category-ccl-presenta","category-destacados","category-estilo-de-vida","category-fundaciones-es","category-noticias-locales","category-republica-dominicana-2","category-resort-casa-de-campo","tag-altos-de-chavon-es","tag-casa-de-campo-es","tag-casa-de-campo-community-es","tag-casa-de-campo-livng-es","tag-casa-de-campo-resort-es","entry"],"yoast_head":"<!-- This site is optimized with the Yoast SEO plugin v27.5 - https:\/\/yoast.com\/product\/yoast-seo-wordpress\/ -->\n<title>Mene Santana: Regresa un Chavonero pr\u00f3digo | Casa de Campo Living<\/title>\n<meta name=\"description\" content=\"Larguirucho, sonriente, y encantador como siempre, Mene Santana luce igual en muchos aspectos desde su &nbsp;juventud, cuando estudi\u00f3 en Chav\u00f3n hace unos\" \/>\n<meta name=\"robots\" content=\"index, follow, max-snippet:-1, max-image-preview:large, max-video-preview:-1\" \/>\n<link rel=\"canonical\" href=\"https:\/\/casadecampoliving.com\/es\/mene-santana-regresa-un-chavonero-prodigo\/\" \/>\n<meta property=\"og:locale\" content=\"es_ES\" \/>\n<meta property=\"og:type\" content=\"article\" \/>\n<meta property=\"og:title\" content=\"Mene Santana: Regresa un Chavonero pr\u00f3digo | Casa de Campo Living\" \/>\n<meta property=\"og:description\" content=\"Larguirucho, sonriente, y encantador como siempre, Mene Santana luce igual en muchos aspectos desde su &nbsp;juventud, cuando estudi\u00f3 en Chav\u00f3n hace unos\" \/>\n<meta property=\"og:url\" content=\"https:\/\/casadecampoliving.com\/es\/mene-santana-regresa-un-chavonero-prodigo\/\" \/>\n<meta property=\"og:site_name\" content=\"Casa de Campo Living\" \/>\n<meta property=\"article:publisher\" content=\"https:\/\/www.facebook.com\/casadecampoliving\" \/>\n<meta property=\"article:published_time\" content=\"2015-05-07T04:00:00+00:00\" \/>\n<meta property=\"article:modified_time\" content=\"2022-10-21T23:00:17+00:00\" \/>\n<meta property=\"og:image\" content=\"https:\/\/i0.wp.com\/casadecampoliving.com\/wp-content\/uploads\/2022\/10\/Mene_Santana1.jpg?fit=650%2C532&ssl=1\" \/>\n\t<meta property=\"og:image:width\" content=\"650\" \/>\n\t<meta property=\"og:image:height\" content=\"532\" \/>\n\t<meta property=\"og:image:type\" content=\"image\/jpeg\" \/>\n<meta name=\"author\" content=\"Perkin Agramonte\" \/>\n<meta name=\"twitter:card\" content=\"summary_large_image\" \/>\n<meta name=\"twitter:creator\" content=\"@cdcliving\" \/>\n<meta name=\"twitter:site\" content=\"@cdcliving\" \/>\n<meta name=\"twitter:label1\" content=\"Escrito por\" \/>\n\t<meta name=\"twitter:data1\" content=\"Perkin Agramonte\" \/>\n\t<meta name=\"twitter:label2\" content=\"Tiempo de lectura\" \/>\n\t<meta name=\"twitter:data2\" content=\"3 minutos\" \/>\n<script type=\"application\/ld+json\" class=\"yoast-schema-graph\">{\"@context\":\"https:\\\/\\\/schema.org\",\"@graph\":[{\"@type\":\"Article\",\"@id\":\"https:\\\/\\\/casadecampoliving.com\\\/es\\\/mene-santana-regresa-un-chavonero-prodigo\\\/#article\",\"isPartOf\":{\"@id\":\"https:\\\/\\\/casadecampoliving.com\\\/es\\\/mene-santana-regresa-un-chavonero-prodigo\\\/\"},\"author\":{\"name\":\"Perkin Agramonte\",\"@id\":\"https:\\\/\\\/casadecampoliving.com\\\/es\\\/#\\\/schema\\\/person\\\/c8efa6049510554b7d5fea078d728f72\"},\"headline\":\"Mene Santana: Regresa un Chavonero pr\u00f3digo\",\"datePublished\":\"2015-05-07T04:00:00+00:00\",\"dateModified\":\"2022-10-21T23:00:17+00:00\",\"mainEntityOfPage\":{\"@id\":\"https:\\\/\\\/casadecampoliving.com\\\/es\\\/mene-santana-regresa-un-chavonero-prodigo\\\/\"},\"wordCount\":537,\"publisher\":{\"@id\":\"https:\\\/\\\/casadecampoliving.com\\\/es\\\/#organization\"},\"image\":{\"@id\":\"https:\\\/\\\/casadecampoliving.com\\\/es\\\/mene-santana-regresa-un-chavonero-prodigo\\\/#primaryimage\"},\"thumbnailUrl\":\"https:\\\/\\\/i0.wp.com\\\/casadecampoliving.com\\\/wp-content\\\/uploads\\\/2022\\\/10\\\/Mene_Santana1.jpg?fit=650%2C532&ssl=1\",\"keywords\":[\"Altos de Chavon\",\"casa de campo @es\",\"Casa de Campo Community @es\",\"Casa de Campo Livng @es\",\"casa de campo resort @es\"],\"articleSection\":[\"Altos de Chavon @es\",\"Arte y cultura\",\"Casa de Campo Living @es\",\"CCL presenta\",\"Destacados\",\"Estilo de Vida\",\"Fundaciones\",\"Noticias Locales\",\"Rep\u00fablica Dominicana @es\",\"Resort Casa de Campo\"],\"inLanguage\":\"es\"},{\"@type\":\"WebPage\",\"@id\":\"https:\\\/\\\/casadecampoliving.com\\\/es\\\/mene-santana-regresa-un-chavonero-prodigo\\\/\",\"url\":\"https:\\\/\\\/casadecampoliving.com\\\/es\\\/mene-santana-regresa-un-chavonero-prodigo\\\/\",\"name\":\"Mene Santana: Regresa un Chavonero pr\u00f3digo | Casa de Campo Living\",\"isPartOf\":{\"@id\":\"https:\\\/\\\/casadecampoliving.com\\\/es\\\/#website\"},\"primaryImageOfPage\":{\"@id\":\"https:\\\/\\\/casadecampoliving.com\\\/es\\\/mene-santana-regresa-un-chavonero-prodigo\\\/#primaryimage\"},\"image\":{\"@id\":\"https:\\\/\\\/casadecampoliving.com\\\/es\\\/mene-santana-regresa-un-chavonero-prodigo\\\/#primaryimage\"},\"thumbnailUrl\":\"https:\\\/\\\/i0.wp.com\\\/casadecampoliving.com\\\/wp-content\\\/uploads\\\/2022\\\/10\\\/Mene_Santana1.jpg?fit=650%2C532&ssl=1\",\"datePublished\":\"2015-05-07T04:00:00+00:00\",\"dateModified\":\"2022-10-21T23:00:17+00:00\",\"description\":\"Larguirucho, sonriente, y encantador como siempre, Mene Santana luce igual en muchos aspectos desde su &nbsp;juventud, cuando estudi\u00f3 en Chav\u00f3n hace unos\",\"breadcrumb\":{\"@id\":\"https:\\\/\\\/casadecampoliving.com\\\/es\\\/mene-santana-regresa-un-chavonero-prodigo\\\/#breadcrumb\"},\"inLanguage\":\"es\",\"potentialAction\":[{\"@type\":\"ReadAction\",\"target\":[\"https:\\\/\\\/casadecampoliving.com\\\/es\\\/mene-santana-regresa-un-chavonero-prodigo\\\/\"]}]},{\"@type\":\"ImageObject\",\"inLanguage\":\"es\",\"@id\":\"https:\\\/\\\/casadecampoliving.com\\\/es\\\/mene-santana-regresa-un-chavonero-prodigo\\\/#primaryimage\",\"url\":\"https:\\\/\\\/i0.wp.com\\\/casadecampoliving.com\\\/wp-content\\\/uploads\\\/2022\\\/10\\\/Mene_Santana1.jpg?fit=650%2C532&ssl=1\",\"contentUrl\":\"https:\\\/\\\/i0.wp.com\\\/casadecampoliving.com\\\/wp-content\\\/uploads\\\/2022\\\/10\\\/Mene_Santana1.jpg?fit=650%2C532&ssl=1\",\"width\":650,\"height\":532,\"caption\":\"Mene Santana\"},{\"@type\":\"BreadcrumbList\",\"@id\":\"https:\\\/\\\/casadecampoliving.com\\\/es\\\/mene-santana-regresa-un-chavonero-prodigo\\\/#breadcrumb\",\"itemListElement\":[{\"@type\":\"ListItem\",\"position\":1,\"name\":\"Home\",\"item\":\"https:\\\/\\\/casadecampoliving.com\\\/es\\\/\"},{\"@type\":\"ListItem\",\"position\":2,\"name\":\"Mene Santana: Regresa un Chavonero pr\u00f3digo\"}]},{\"@type\":\"WebSite\",\"@id\":\"https:\\\/\\\/casadecampoliving.com\\\/es\\\/#website\",\"url\":\"https:\\\/\\\/casadecampoliving.com\\\/es\\\/\",\"name\":\"Casa de Campo Living\",\"description\":\"Resort community news and resources.\",\"publisher\":{\"@id\":\"https:\\\/\\\/casadecampoliving.com\\\/es\\\/#organization\"},\"potentialAction\":[{\"@type\":\"SearchAction\",\"target\":{\"@type\":\"EntryPoint\",\"urlTemplate\":\"https:\\\/\\\/casadecampoliving.com\\\/es\\\/?s={search_term_string}\"},\"query-input\":{\"@type\":\"PropertyValueSpecification\",\"valueRequired\":true,\"valueName\":\"search_term_string\"}}],\"inLanguage\":\"es\"},{\"@type\":\"Organization\",\"@id\":\"https:\\\/\\\/casadecampoliving.com\\\/es\\\/#organization\",\"name\":\"Casa de Campo Living\",\"url\":\"https:\\\/\\\/casadecampoliving.com\\\/es\\\/\",\"logo\":{\"@type\":\"ImageObject\",\"inLanguage\":\"es\",\"@id\":\"https:\\\/\\\/casadecampoliving.com\\\/es\\\/#\\\/schema\\\/logo\\\/image\\\/\",\"url\":\"https:\\\/\\\/i0.wp.com\\\/casadecampoliving.com\\\/wp-content\\\/uploads\\\/2022\\\/07\\\/CDCLivingLogo_V1-white-sized.png?fit=800%2C214&ssl=1\",\"contentUrl\":\"https:\\\/\\\/i0.wp.com\\\/casadecampoliving.com\\\/wp-content\\\/uploads\\\/2022\\\/07\\\/CDCLivingLogo_V1-white-sized.png?fit=800%2C214&ssl=1\",\"width\":800,\"height\":214,\"caption\":\"Casa de Campo Living\"},\"image\":{\"@id\":\"https:\\\/\\\/casadecampoliving.com\\\/es\\\/#\\\/schema\\\/logo\\\/image\\\/\"},\"sameAs\":[\"https:\\\/\\\/www.facebook.com\\\/casadecampoliving\",\"https:\\\/\\\/x.com\\\/cdcliving\"]},{\"@type\":\"Person\",\"@id\":\"https:\\\/\\\/casadecampoliving.com\\\/es\\\/#\\\/schema\\\/person\\\/c8efa6049510554b7d5fea078d728f72\",\"name\":\"Perkin Agramonte\",\"image\":{\"@type\":\"ImageObject\",\"inLanguage\":\"es\",\"@id\":\"https:\\\/\\\/secure.gravatar.com\\\/avatar\\\/57bfdafcae55fb83dbb79a1585a9eab7f269b7720fb0b64cb9a4e0cd2962fa10?s=96&d=mm&r=g\",\"url\":\"https:\\\/\\\/secure.gravatar.com\\\/avatar\\\/57bfdafcae55fb83dbb79a1585a9eab7f269b7720fb0b64cb9a4e0cd2962fa10?s=96&d=mm&r=g\",\"contentUrl\":\"https:\\\/\\\/secure.gravatar.com\\\/avatar\\\/57bfdafcae55fb83dbb79a1585a9eab7f269b7720fb0b64cb9a4e0cd2962fa10?s=96&d=mm&r=g\",\"caption\":\"Perkin Agramonte\"},\"url\":\"https:\\\/\\\/casadecampoliving.com\\\/es\\\/author\\\/cagramonte\\\/\"}]}<\/script>\n<!-- \/ Yoast SEO plugin. -->","yoast_head_json":{"title":"Mene Santana: Regresa un Chavonero pr\u00f3digo | Casa de Campo Living","description":"Larguirucho, sonriente, y encantador como siempre, Mene Santana luce igual en muchos aspectos desde su &nbsp;juventud, cuando estudi\u00f3 en Chav\u00f3n hace unos","robots":{"index":"index","follow":"follow","max-snippet":"max-snippet:-1","max-image-preview":"max-image-preview:large","max-video-preview":"max-video-preview:-1"},"canonical":"https:\/\/casadecampoliving.com\/es\/mene-santana-regresa-un-chavonero-prodigo\/","og_locale":"es_ES","og_type":"article","og_title":"Mene Santana: Regresa un Chavonero pr\u00f3digo | Casa de Campo Living","og_description":"Larguirucho, sonriente, y encantador como siempre, Mene Santana luce igual en muchos aspectos desde su &nbsp;juventud, cuando estudi\u00f3 en Chav\u00f3n hace unos","og_url":"https:\/\/casadecampoliving.com\/es\/mene-santana-regresa-un-chavonero-prodigo\/","og_site_name":"Casa de Campo Living","article_publisher":"https:\/\/www.facebook.com\/casadecampoliving","article_published_time":"2015-05-07T04:00:00+00:00","article_modified_time":"2022-10-21T23:00:17+00:00","og_image":[{"width":650,"height":532,"url":"https:\/\/i0.wp.com\/casadecampoliving.com\/wp-content\/uploads\/2022\/10\/Mene_Santana1.jpg?fit=650%2C532&ssl=1","type":"image\/jpeg"}],"author":"Perkin Agramonte","twitter_card":"summary_large_image","twitter_creator":"@cdcliving","twitter_site":"@cdcliving","twitter_misc":{"Escrito por":"Perkin Agramonte","Tiempo de lectura":"3 minutos"},"schema":{"@context":"https:\/\/schema.org","@graph":[{"@type":"Article","@id":"https:\/\/casadecampoliving.com\/es\/mene-santana-regresa-un-chavonero-prodigo\/#article","isPartOf":{"@id":"https:\/\/casadecampoliving.com\/es\/mene-santana-regresa-un-chavonero-prodigo\/"},"author":{"name":"Perkin Agramonte","@id":"https:\/\/casadecampoliving.com\/es\/#\/schema\/person\/c8efa6049510554b7d5fea078d728f72"},"headline":"Mene Santana: Regresa un Chavonero pr\u00f3digo","datePublished":"2015-05-07T04:00:00+00:00","dateModified":"2022-10-21T23:00:17+00:00","mainEntityOfPage":{"@id":"https:\/\/casadecampoliving.com\/es\/mene-santana-regresa-un-chavonero-prodigo\/"},"wordCount":537,"publisher":{"@id":"https:\/\/casadecampoliving.com\/es\/#organization"},"image":{"@id":"https:\/\/casadecampoliving.com\/es\/mene-santana-regresa-un-chavonero-prodigo\/#primaryimage"},"thumbnailUrl":"https:\/\/i0.wp.com\/casadecampoliving.com\/wp-content\/uploads\/2022\/10\/Mene_Santana1.jpg?fit=650%2C532&ssl=1","keywords":["Altos de Chavon","casa de campo @es","Casa de Campo Community @es","Casa de Campo Livng @es","casa de campo resort @es"],"articleSection":["Altos de Chavon @es","Arte y cultura","Casa de Campo Living @es","CCL presenta","Destacados","Estilo de Vida","Fundaciones","Noticias Locales","Rep\u00fablica Dominicana @es","Resort Casa de Campo"],"inLanguage":"es"},{"@type":"WebPage","@id":"https:\/\/casadecampoliving.com\/es\/mene-santana-regresa-un-chavonero-prodigo\/","url":"https:\/\/casadecampoliving.com\/es\/mene-santana-regresa-un-chavonero-prodigo\/","name":"Mene Santana: Regresa un Chavonero pr\u00f3digo | Casa de Campo Living","isPartOf":{"@id":"https:\/\/casadecampoliving.com\/es\/#website"},"primaryImageOfPage":{"@id":"https:\/\/casadecampoliving.com\/es\/mene-santana-regresa-un-chavonero-prodigo\/#primaryimage"},"image":{"@id":"https:\/\/casadecampoliving.com\/es\/mene-santana-regresa-un-chavonero-prodigo\/#primaryimage"},"thumbnailUrl":"https:\/\/i0.wp.com\/casadecampoliving.com\/wp-content\/uploads\/2022\/10\/Mene_Santana1.jpg?fit=650%2C532&ssl=1","datePublished":"2015-05-07T04:00:00+00:00","dateModified":"2022-10-21T23:00:17+00:00","description":"Larguirucho, sonriente, y encantador como siempre, Mene Santana luce igual en muchos aspectos desde su &nbsp;juventud, cuando estudi\u00f3 en Chav\u00f3n hace unos","breadcrumb":{"@id":"https:\/\/casadecampoliving.com\/es\/mene-santana-regresa-un-chavonero-prodigo\/#breadcrumb"},"inLanguage":"es","potentialAction":[{"@type":"ReadAction","target":["https:\/\/casadecampoliving.com\/es\/mene-santana-regresa-un-chavonero-prodigo\/"]}]},{"@type":"ImageObject","inLanguage":"es","@id":"https:\/\/casadecampoliving.com\/es\/mene-santana-regresa-un-chavonero-prodigo\/#primaryimage","url":"https:\/\/i0.wp.com\/casadecampoliving.com\/wp-content\/uploads\/2022\/10\/Mene_Santana1.jpg?fit=650%2C532&ssl=1","contentUrl":"https:\/\/i0.wp.com\/casadecampoliving.com\/wp-content\/uploads\/2022\/10\/Mene_Santana1.jpg?fit=650%2C532&ssl=1","width":650,"height":532,"caption":"Mene Santana"},{"@type":"BreadcrumbList","@id":"https:\/\/casadecampoliving.com\/es\/mene-santana-regresa-un-chavonero-prodigo\/#breadcrumb","itemListElement":[{"@type":"ListItem","position":1,"name":"Home","item":"https:\/\/casadecampoliving.com\/es\/"},{"@type":"ListItem","position":2,"name":"Mene Santana: Regresa un Chavonero pr\u00f3digo"}]},{"@type":"WebSite","@id":"https:\/\/casadecampoliving.com\/es\/#website","url":"https:\/\/casadecampoliving.com\/es\/","name":"Casa de Campo Living","description":"Resort community news and resources.","publisher":{"@id":"https:\/\/casadecampoliving.com\/es\/#organization"},"potentialAction":[{"@type":"SearchAction","target":{"@type":"EntryPoint","urlTemplate":"https:\/\/casadecampoliving.com\/es\/?s={search_term_string}"},"query-input":{"@type":"PropertyValueSpecification","valueRequired":true,"valueName":"search_term_string"}}],"inLanguage":"es"},{"@type":"Organization","@id":"https:\/\/casadecampoliving.com\/es\/#organization","name":"Casa de Campo Living","url":"https:\/\/casadecampoliving.com\/es\/","logo":{"@type":"ImageObject","inLanguage":"es","@id":"https:\/\/casadecampoliving.com\/es\/#\/schema\/logo\/image\/","url":"https:\/\/i0.wp.com\/casadecampoliving.com\/wp-content\/uploads\/2022\/07\/CDCLivingLogo_V1-white-sized.png?fit=800%2C214&ssl=1","contentUrl":"https:\/\/i0.wp.com\/casadecampoliving.com\/wp-content\/uploads\/2022\/07\/CDCLivingLogo_V1-white-sized.png?fit=800%2C214&ssl=1","width":800,"height":214,"caption":"Casa de Campo Living"},"image":{"@id":"https:\/\/casadecampoliving.com\/es\/#\/schema\/logo\/image\/"},"sameAs":["https:\/\/www.facebook.com\/casadecampoliving","https:\/\/x.com\/cdcliving"]},{"@type":"Person","@id":"https:\/\/casadecampoliving.com\/es\/#\/schema\/person\/c8efa6049510554b7d5fea078d728f72","name":"Perkin Agramonte","image":{"@type":"ImageObject","inLanguage":"es","@id":"https:\/\/secure.gravatar.com\/avatar\/57bfdafcae55fb83dbb79a1585a9eab7f269b7720fb0b64cb9a4e0cd2962fa10?s=96&d=mm&r=g","url":"https:\/\/secure.gravatar.com\/avatar\/57bfdafcae55fb83dbb79a1585a9eab7f269b7720fb0b64cb9a4e0cd2962fa10?s=96&d=mm&r=g","contentUrl":"https:\/\/secure.gravatar.com\/avatar\/57bfdafcae55fb83dbb79a1585a9eab7f269b7720fb0b64cb9a4e0cd2962fa10?s=96&d=mm&r=g","caption":"Perkin Agramonte"},"url":"https:\/\/casadecampoliving.com\/es\/author\/cagramonte\/"}]}},"parsely":{"version":"1.1.0","canonical_url":"https:\/\/casadecampoliving.com\/es\/mene-santana-regresa-un-chavonero-prodigo\/","smart_links":{"inbound":0,"outbound":0},"traffic_boost_suggestions_count":0,"meta":{"@context":"https:\/\/schema.org","@type":"NewsArticle","headline":"Mene Santana: Regresa un Chavonero pr\u00f3digo","url":"http:\/\/casadecampoliving.com\/es\/mene-santana-regresa-un-chavonero-prodigo\/","mainEntityOfPage":{"@type":"WebPage","@id":"http:\/\/casadecampoliving.com\/es\/mene-santana-regresa-un-chavonero-prodigo\/"},"thumbnailUrl":"https:\/\/i0.wp.com\/casadecampoliving.com\/wp-content\/uploads\/2022\/10\/Mene_Santana1.jpg?resize=150%2C150&ssl=1","image":{"@type":"ImageObject","url":"https:\/\/i0.wp.com\/casadecampoliving.com\/wp-content\/uploads\/2022\/10\/Mene_Santana1.jpg?fit=650%2C532&ssl=1"},"articleSection":"Altos de Chavon @es","author":[{"@type":"Person","name":"Perkin Agramonte"}],"creator":["Perkin Agramonte"],"publisher":{"@type":"Organization","name":"Casa de Campo Living","logo":"https:\/\/casadecampoliving.com\/wp-content\/uploads\/2022\/07\/CDCLivingLogo_V1-white-sized.png"},"keywords":["altos de chavon","casa de campo @es","casa de campo community @es","casa de campo livng @es","casa de campo resort @es"],"dateCreated":"2015-05-07T04:00:00Z","datePublished":"2015-05-07T04:00:00Z","dateModified":"2022-10-21T23:00:17Z"},"rendered":"<script type=\"application\/ld+json\" class=\"wp-parsely-metadata\">{\"@context\":\"https:\\\/\\\/schema.org\",\"@type\":\"NewsArticle\",\"headline\":\"Mene Santana: Regresa un Chavonero pr\\u00f3digo\",\"url\":\"http:\\\/\\\/casadecampoliving.com\\\/es\\\/mene-santana-regresa-un-chavonero-prodigo\\\/\",\"mainEntityOfPage\":{\"@type\":\"WebPage\",\"@id\":\"http:\\\/\\\/casadecampoliving.com\\\/es\\\/mene-santana-regresa-un-chavonero-prodigo\\\/\"},\"thumbnailUrl\":\"https:\\\/\\\/i0.wp.com\\\/casadecampoliving.com\\\/wp-content\\\/uploads\\\/2022\\\/10\\\/Mene_Santana1.jpg?resize=150%2C150&ssl=1\",\"image\":{\"@type\":\"ImageObject\",\"url\":\"https:\\\/\\\/i0.wp.com\\\/casadecampoliving.com\\\/wp-content\\\/uploads\\\/2022\\\/10\\\/Mene_Santana1.jpg?fit=650%2C532&ssl=1\"},\"articleSection\":\"Altos de Chavon @es\",\"author\":[{\"@type\":\"Person\",\"name\":\"Perkin Agramonte\"}],\"creator\":[\"Perkin Agramonte\"],\"publisher\":{\"@type\":\"Organization\",\"name\":\"Casa de Campo Living\",\"logo\":\"https:\\\/\\\/casadecampoliving.com\\\/wp-content\\\/uploads\\\/2022\\\/07\\\/CDCLivingLogo_V1-white-sized.png\"},\"keywords\":[\"altos de chavon\",\"casa de campo @es\",\"casa de campo community @es\",\"casa de campo livng @es\",\"casa de campo resort @es\"],\"dateCreated\":\"2015-05-07T04:00:00Z\",\"datePublished\":\"2015-05-07T04:00:00Z\",\"dateModified\":\"2022-10-21T23:00:17Z\"}<\/script>","tracker_url":"https:\/\/cdn.parsely.com\/keys\/casadecampoliving.com\/p.js"},"jetpack_publicize_connections":[],"jetpack_featured_media_url":"https:\/\/i0.wp.com\/casadecampoliving.com\/wp-content\/uploads\/2022\/10\/Mene_Santana1.jpg?fit=650%2C532&ssl=1","jetpack-related-posts":[{"id":433460,"url":"https:\/\/casadecampoliving.com\/es\/no-se-pierdan-el-increible-tributo-a-frank-sinatra-para-celebrar-el-40-aniversario-del-anfiteatro-altos-de-chavon\/","url_meta":{"origin":347271,"position":0},"title":"No se pierdan el incre\u00edble tributo a Frank Sinatra para celebrar el 40 aniversario del\u00a0Anfiteatro Altos de Chav\u00f3n","author":"Casa de Campo Living","date":"20 Oct, 2022","format":false,"excerpt":"Siendo uno de los escenarios m\u00e1s emblem\u00e1ticos del pa\u00eds, Casa de Campo Resort\u00ae & Villas celebra las cuatro d\u00e9cadas de aniversario de Altos de Chav\u00f3n con un tributo al gran Frank Sinatra, protagonizado por artistas invitados y una big band tal cual la que acompa\u00f1\u00f3 al artista hace 40 a\u00f1os\u2026","rel":"","context":"En \u00abUncategorized @es\u00bb","block_context":{"text":"Uncategorized @es","link":"https:\/\/casadecampoliving.com\/es\/category\/uncategorized-es\/"},"img":{"alt_text":"","src":"https:\/\/i0.wp.com\/casadecampoliving.com\/wp-content\/uploads\/2022\/10\/Tributo-Frank-Sinatra-Foto-Principal-Amaury-Sanchez-Danilo-Ginebra-Andres-Pichardo-y-Jose-Gabriel-Perez-.jpg?fit=1200%2C873&ssl=1&resize=350%2C200","width":350,"height":200,"srcset":"https:\/\/i0.wp.com\/casadecampoliving.com\/wp-content\/uploads\/2022\/10\/Tributo-Frank-Sinatra-Foto-Principal-Amaury-Sanchez-Danilo-Ginebra-Andres-Pichardo-y-Jose-Gabriel-Perez-.jpg?fit=1200%2C873&ssl=1&resize=350%2C200 1x, https:\/\/i0.wp.com\/casadecampoliving.com\/wp-content\/uploads\/2022\/10\/Tributo-Frank-Sinatra-Foto-Principal-Amaury-Sanchez-Danilo-Ginebra-Andres-Pichardo-y-Jose-Gabriel-Perez-.jpg?fit=1200%2C873&ssl=1&resize=525%2C300 1.5x, https:\/\/i0.wp.com\/casadecampoliving.com\/wp-content\/uploads\/2022\/10\/Tributo-Frank-Sinatra-Foto-Principal-Amaury-Sanchez-Danilo-Ginebra-Andres-Pichardo-y-Jose-Gabriel-Perez-.jpg?fit=1200%2C873&ssl=1&resize=700%2C400 2x, https:\/\/i0.wp.com\/casadecampoliving.com\/wp-content\/uploads\/2022\/10\/Tributo-Frank-Sinatra-Foto-Principal-Amaury-Sanchez-Danilo-Ginebra-Andres-Pichardo-y-Jose-Gabriel-Perez-.jpg?fit=1200%2C873&ssl=1&resize=1050%2C600 3x"},"classes":[]},{"id":325659,"url":"https:\/\/casadecampoliving.com\/mene-santana-a-prodigal-chavonero-returns\/","url_meta":{"origin":347271,"position":1},"title":"Mene Santana: A Prodigal Chavonero Returns","author":"Stephen Kaplan","date":"7 May, 2015","format":false,"excerpt":"Lanky, quick to smile, and charming as ever, Mene Santana in many ways seems unchanged from the youth I remember studying in Altos de Chav\u00f3n some 30 years ago. It is however deceptive, he now lives in Silver Spring Maryland, in the Gatsby era home he\u2019s meticulously restored, with his\u2026","rel":"","context":"En \u00abAltos de Chavon\u00bb","block_context":{"text":"Altos de Chavon","link":"https:\/\/casadecampoliving.com\/category\/altos-de-chavon\/"},"img":{"alt_text":"Mene Santana","src":"https:\/\/i0.wp.com\/casadecampoliving.com\/wp-content\/uploads\/2022\/10\/Mene_Santana1.jpg?fit=650%2C532&ssl=1&resize=350%2C200","width":350,"height":200,"srcset":"https:\/\/i0.wp.com\/casadecampoliving.com\/wp-content\/uploads\/2022\/10\/Mene_Santana1.jpg?fit=650%2C532&ssl=1&resize=350%2C200 1x, https:\/\/i0.wp.com\/casadecampoliving.com\/wp-content\/uploads\/2022\/10\/Mene_Santana1.jpg?fit=650%2C532&ssl=1&resize=525%2C300 1.5x"},"classes":[]},{"id":353500,"url":"https:\/\/casadecampoliving.com\/es\/bill-clinton-realiza-recorrido-cultural-por-altos-de-chavon-durante-su-visita-a-casa-de-campo-resort\/","url_meta":{"origin":347271,"position":2},"title":"Bill Clinton realiza recorrido cultural por Altos de Chavon, durante su visita a Casa de Campo Resort","author":"Casa de Campo Resort","date":"19 Jul, 2019","format":false,"excerpt":"El ex-presidente de los Estados Unidos Bill Clinton, visit\u00f3 en la tarde de hoy las instalaciones de Altos de Chav\u00f3n, realizando un recorrido cultural por el Museo Arqueol\u00f3gico Regional, Iglesia Altos de Chav\u00f3n, Museo del Ambar, La Tienda y los talleres artesanales de cer\u00e1mica, serigraf\u00eda y tejidos. Clinton quien estuvo\u2026","rel":"","context":"En \u00abAltos de Chavon @es\u00bb","block_context":{"text":"Altos de Chavon @es","link":"https:\/\/casadecampoliving.com\/category\/altos-de-chavon-es\/"},"img":{"alt_text":"","src":"https:\/\/i0.wp.com\/casadecampoliving.com\/wp-content\/uploads\/2022\/10\/P1144796.jpg?fit=1000%2C600&ssl=1&resize=350%2C200","width":350,"height":200,"srcset":"https:\/\/i0.wp.com\/casadecampoliving.com\/wp-content\/uploads\/2022\/10\/P1144796.jpg?fit=1000%2C600&ssl=1&resize=350%2C200 1x, https:\/\/i0.wp.com\/casadecampoliving.com\/wp-content\/uploads\/2022\/10\/P1144796.jpg?fit=1000%2C600&ssl=1&resize=525%2C300 1.5x, https:\/\/i0.wp.com\/casadecampoliving.com\/wp-content\/uploads\/2022\/10\/P1144796.jpg?fit=1000%2C600&ssl=1&resize=700%2C400 2x"},"classes":[]},{"id":348487,"url":"https:\/\/casadecampoliving.com\/es\/2016-altos-de-chavon-ricky-martin-chris-brown-juan-luis-guerra\/","url_meta":{"origin":347271,"position":3},"title":"2016 en Altos de Chav\u00f3n: Ricky Martin, Chris Brown y Juan Luis Guerra","author":"Carla Campos","date":"27 Oct, 2015","format":false,"excerpt":"\u00a1Ricky Martin, Chris Brown y Juan Luis Guerra vendr\u00e1n\u00a0al Anfiteatro de Altos de Chav\u00f3n! Gamal Hach\u00e9, co-productor del concierto de Enrique Iglesias programado para el pr\u00f3ximo s\u00e1bado, 7 de noviembre, ha confirmado que los tres artistas han reservado fecha para el 2016 a trav\u00e9s de su cuenta de Twitter. Casa\u2026","rel":"","context":"En \u00abAltos de Chavon @es\u00bb","block_context":{"text":"Altos de Chavon @es","link":"https:\/\/casadecampoliving.com\/category\/altos-de-chavon-es\/"},"img":{"alt_text":"concerts chavon 2016","src":"https:\/\/i0.wp.com\/casadecampoliving.com\/wp-content\/uploads\/2022\/10\/20125TourCCLV1-1.jpg?fit=650%2C450&ssl=1&resize=350%2C200","width":350,"height":200,"srcset":"https:\/\/i0.wp.com\/casadecampoliving.com\/wp-content\/uploads\/2022\/10\/20125TourCCLV1-1.jpg?fit=650%2C450&ssl=1&resize=350%2C200 1x, https:\/\/i0.wp.com\/casadecampoliving.com\/wp-content\/uploads\/2022\/10\/20125TourCCLV1-1.jpg?fit=650%2C450&ssl=1&resize=525%2C300 1.5x"},"classes":[]},{"id":346609,"url":"https:\/\/casadecampoliving.com\/es\/anote-la-fecha-art-chavon-2015\/","url_meta":{"origin":347271,"position":4},"title":"Art Chav\u00f3n 2015, \u00a1c\u00f3ctel, musica &#038; arte extravagante!","author":"Perkin Agramonte","date":"25 Ene, 2015","format":false,"excerpt":"Guarde la fecha para el viernes 13 de marzo, para la 3era celebraci\u00f3n anual de Art Chav\u00f3n 2015, una gran celebraci\u00f3n del arte dominicano que muestra el gran talento de los estudiantes de la Escuela de Arte y Dise\u00f1o Altos de Chav\u00f3n, a la vez que se recauda fondos para\u2026","rel":"","context":"En \u00abAltos de Chavon @es\u00bb","block_context":{"text":"Altos de Chavon @es","link":"https:\/\/casadecampoliving.com\/category\/altos-de-chavon-es\/"},"img":{"alt_text":"danessa santana art chavon 2","src":"https:\/\/i0.wp.com\/casadecampoliving.com\/wp-content\/uploads\/2022\/10\/danessa_santana_art_chavon_2-1.jpg?fit=650%2C520&ssl=1&resize=350%2C200","width":350,"height":200,"srcset":"https:\/\/i0.wp.com\/casadecampoliving.com\/wp-content\/uploads\/2022\/10\/danessa_santana_art_chavon_2-1.jpg?fit=650%2C520&ssl=1&resize=350%2C200 1x, https:\/\/i0.wp.com\/casadecampoliving.com\/wp-content\/uploads\/2022\/10\/danessa_santana_art_chavon_2-1.jpg?fit=650%2C520&ssl=1&resize=525%2C300 1.5x"},"classes":[]},{"id":347848,"url":"https:\/\/casadecampoliving.com\/es\/las-puertas-del-infinito-en-altos-de-chavon\/","url_meta":{"origin":347271,"position":5},"title":"Exhibici\u00f3n \u00abLas Puertas del Infinito\u00bb en Altos de Chav\u00f3n","author":"Perkin Agramonte","date":"20 Jul, 2015","format":false,"excerpt":"Este s\u00e1bado 25 de julio, la dise\u00f1adora dominicana y due\u00f1a de villa en Casa de Campo, Jenny Polanco, les invita a la apertura de la exhibici\u00f3n de arte \u201cLas\u00a0Puertas del Infinito\u201d presentada por la artista Paulette Nee. Tendr\u00e1 lugar en el Jenny Polanco Project en Altos de Chav\u00f3n, la exhibici\u00f3n\u00a0\u201cLas\u00a0Puertas\u2026","rel":"","context":"En \u00abAltos de Chavon @es\u00bb","block_context":{"text":"Altos de Chavon @es","link":"https:\/\/casadecampoliving.com\/category\/altos-de-chavon-es\/"},"img":{"alt_text":"","src":"https:\/\/i0.wp.com\/casadecampoliving.com\/wp-content\/uploads\/2022\/10\/Doors_to_Infinity_Paulette_Nee_2-1.png?fit=650%2C450&ssl=1&resize=350%2C200","width":350,"height":200,"srcset":"https:\/\/i0.wp.com\/casadecampoliving.com\/wp-content\/uploads\/2022\/10\/Doors_to_Infinity_Paulette_Nee_2-1.png?fit=650%2C450&ssl=1&resize=350%2C200 1x, https:\/\/i0.wp.com\/casadecampoliving.com\/wp-content\/uploads\/2022\/10\/Doors_to_Infinity_Paulette_Nee_2-1.png?fit=650%2C450&ssl=1&resize=525%2C300 1.5x"},"classes":[]}],"jetpack_sharing_enabled":true,"_links":{"self":[{"href":"https:\/\/casadecampoliving.com\/es\/wp-json\/wp\/v2\/posts\/347271","targetHints":{"allow":["GET"]}}],"collection":[{"href":"https:\/\/casadecampoliving.com\/es\/wp-json\/wp\/v2\/posts"}],"about":[{"href":"https:\/\/casadecampoliving.com\/es\/wp-json\/wp\/v2\/types\/post"}],"author":[{"embeddable":true,"href":"https:\/\/casadecampoliving.com\/es\/wp-json\/wp\/v2\/users\/1097"}],"replies":[{"embeddable":true,"href":"https:\/\/casadecampoliving.com\/es\/wp-json\/wp\/v2\/comments?post=347271"}],"version-history":[{"count":1,"href":"https:\/\/casadecampoliving.com\/es\/wp-json\/wp\/v2\/posts\/347271\/revisions"}],"predecessor-version":[{"id":347272,"href":"https:\/\/casadecampoliving.com\/es\/wp-json\/wp\/v2\/posts\/347271\/revisions\/347272"}],"wp:featuredmedia":[{"embeddable":true,"href":"https:\/\/casadecampoliving.com\/es\/wp-json\/wp\/v2\/media\/294578"}],"wp:attachment":[{"href":"https:\/\/casadecampoliving.com\/es\/wp-json\/wp\/v2\/media?parent=347271"}],"wp:term":[{"taxonomy":"category","embeddable":true,"href":"https:\/\/casadecampoliving.com\/es\/wp-json\/wp\/v2\/categories?post=347271"},{"taxonomy":"post_tag","embeddable":true,"href":"https:\/\/casadecampoliving.com\/es\/wp-json\/wp\/v2\/tags?post=347271"},{"taxonomy":"newspack_spnsrs_tax","embeddable":true,"href":"https:\/\/casadecampoliving.com\/es\/wp-json\/wp\/v2\/newspack_spnsrs_tax?post=347271"}],"curies":[{"name":"wp","href":"https:\/\/api.w.org\/{rel}","templated":true}]}}