{"id":347269,"date":"2015-06-02T00:00:00","date_gmt":"2015-06-02T04:00:00","guid":{"rendered":"https:\/\/casadecampoliving.com\/todo-lo-que-necesita-saber-sobre-los-campamentos-fcbescola-casa-de-campo\/"},"modified":"2022-10-21T19:00:11","modified_gmt":"2022-10-21T23:00:11","slug":"todo-lo-que-necesita-saber-sobre-los-campamentos-fcbescola-casa-de-campo","status":"publish","type":"post","link":"https:\/\/casadecampoliving.com\/es\/todo-lo-que-necesita-saber-sobre-los-campamentos-fcbescola-casa-de-campo\/","title":{"rendered":"Todo lo que necesita saber sobre los Campamentos FCBEscola Casa de Campo"},"content":{"rendered":"<div class=\"wp-block-image\">\n<figure class=\"aligncenter is-resized\"><img loading=\"lazy\" decoding=\"async\" src=\"https:\/\/i0.wp.com\/casadecampoliving.com\/wp-content\/uploads\/2022\/10\/FCBEscola_Casa-de-Campo_3.jpg?resize=650%2C432&amp;ssl=1\" alt=\"FCBEscola Casa de Campo\" class=\"wp-image-110940\" height=\"432\" width=\"650\"\/><\/figure>\n<\/div>\n\n\n<p>\u00a1Hola a todos los miembros de la comunidad Casa de Campo y publico en general! Bueno, gracias a la alianza entre el resort Casa de Campo y FCBEscola, este verano sus hijos tendr\u00e1n la oportunidad de jugar soccer como los jugadores&nbsp;del FC Barcelona.<\/p>\n\n\n\n<!--more-->\n\n\n\n<p>Luego de haber inaugurado con mucho exito y entusiasmo la experiencia FCBEscola en Casa de Campo con el inico de las clinicas de soccer semanales <a href=\"http:\/\/wp.me\/p1kvEy-sRi\">(clic aqu\u00ed para ver las fotos)<\/a>, pensamos que le interesar\u00eda saber los detalles de los Campamentos de Verano FCBEscola Casa de Campo, los cuales se llevar\u00e1n a cabo desde finales de junio hasta principios de agosto.<\/p>\n\n\n\n<p>En el campamento de verano de la FCBEscola Casa de Campo, los ni\u00f1os y ni\u00f1as no s\u00f3lo disfrutar\u00e1n de una gran experiencia&nbsp;aprendiendo a jugar al f\u00fatbol como sus \u00eddolos, sino que adem\u00e1s, compartir\u00e1n los valores por los que el Bar\u00e7a es conocido en todo el mundo: tolerancia, respeto, solidaridad, compa\u00f1erismo, civismo, integraci\u00f3n, felicidad.<\/p>\n\n\n<div class=\"wp-block-image\">\n<figure class=\"aligncenter is-resized\"><img loading=\"lazy\" decoding=\"async\" src=\"https:\/\/i0.wp.com\/casadecampoliving.com\/wp-content\/uploads\/2022\/10\/FCBEscola-Casa-de-Campo_7.jpg?resize=650%2C433&amp;ssl=1\" alt=\"FCBEscola Casa de Campo_7\" class=\"wp-image-110891\" height=\"433\" width=\"650\"\/><\/figure>\n<\/div>\n\n\n<p>A continuaci\u00f3n algunos detalles esenciales sobre los objetivos, los entrenadores, horarios y programas diarios:<\/p>\n\n\n\n<h3 class=\"wp-block-heading\">1. Objetivos:<\/h3>\n\n\n\n<ul class=\"wp-block-list\"><li>Descubrir la filosof\u00eda y la metodolog\u00eda de entrenamiento del FC Barcelona.<\/li><li>Aprender, mejorar y perfeccionar los principales aspectos t\u00e9cnicos y t\u00e1cticos del f\u00fatbol.<\/li><li>Profundizar en el conocimiento del FC Barcelona y sus instalaciones en la FCBEscola Casa de Campo.<\/li><li>Convivir con otros jugadores de su edad y disfrutar de las actividades propuestas.<\/li><\/ul>\n\n\n\n<h3 class=\"wp-block-heading\"><img decoding=\"async\" loading=\"lazy\" class=\" wp-image-110886 aligncenter\" src=\"https:\/\/i0.wp.com\/casadecampoliving.com\/wp-content\/uploads\/2022\/10\/FCBEscola-Casa-de-Campo_1-1024x637-2.jpg?resize=650%2C404&amp;ssl=1\" alt=\"FCBEscola Casa de Campo_1\" width=\"650\" height=\"404\"><\/h3>\n\n\n\n<h3 class=\"wp-block-heading\"><strong>2. Entrenadores FCBEscola<\/strong><\/h3>\n\n\n\n<p>El Campamento de Verano&nbsp;es responsabilidad de la direcci\u00f3n de la FCBEscola, que aporta los t\u00e9cnicos, el programa de trabajo y marca las directrices que se tienen que seguir en los entrenamientos.<\/p>\n\n\n\n<p><strong>El equipo del campamento est\u00e1 compuesto por:<\/strong><\/p>\n\n\n\n<ul class=\"wp-block-list\"><li>Director del programa<\/li><li>Entrenador Oficial del FC Barcelona cada 12 jugadores<\/li><li>Entrenador de Porteros<\/li><li>Fisioterapeuta<\/li><li>Nutricionista<\/li><\/ul>\n\n\n<div class=\"wp-block-image\">\n<figure class=\"aligncenter is-resized\"><img loading=\"lazy\" decoding=\"async\" src=\"https:\/\/i0.wp.com\/casadecampoliving.com\/wp-content\/uploads\/2022\/10\/FCBEscola-Casa-de-Campo_6.jpg?resize=650%2C433&amp;ssl=1\" alt=\"FCBEscola Casa de Campo_6\" class=\"wp-image-110890\" height=\"433\" width=\"650\"\/><\/figure>\n<\/div>\n\n\n<h3 class=\"wp-block-heading\"><strong>3.&nbsp;\u00bfQuienes pueden participar?<\/strong><\/h3>\n\n\n\n<p>Destinado a jugadores entre 6 a 17 a\u00f1os, interesados en desarrollar sus habilidades t\u00e9cnicas y t\u00e1cticas, convertirse en mejores jugadores y vivir una experiencia futbol\u00edstica y de vida inolvidables.<\/p>\n\n\n\n<h3 class=\"wp-block-heading\"><strong>4.&nbsp;Cupos<\/strong><\/h3>\n\n\n\n<p>Cupo Limitado por orden de llegada. Reserva con tiempo!<\/p>\n\n\n\n<h3 class=\"wp-block-heading\"><strong>5. Idioma<\/strong><\/h3>\n\n\n\n<p>Programa biling\u00fce Espa\u00f1ol\u2013Ingl\u00e9s. Los entrenadores de la FCBEscola Casa de Campo garantizan la ejecuci\u00f3n y trabajo de estas exclusivas sesiones de entrenamiento, el mismo m\u00e9todo de entrenamiento que aplican a las categor\u00edas inferiores del FCBarcelona.<\/p>\n\n\n\n<p>Todos los entrenadores, personal y monitores hablan Espa\u00f1ol e Ingl\u00e9s.<\/p>\n\n\n<div class=\"wp-block-image\">\n<figure class=\"aligncenter is-resized\"><img loading=\"lazy\" decoding=\"async\" src=\"https:\/\/i0.wp.com\/casadecampoliving.com\/wp-content\/uploads\/2022\/10\/FCBEscola-Casa-de-Campo_3.jpg?resize=650%2C433&amp;ssl=1\" alt=\"FCBEscola Casa de Campo_3\" class=\"wp-image-110888\" height=\"433\" width=\"650\"\/><\/figure>\n<\/div>\n\n\n<h3 class=\"wp-block-heading\"><strong>6. Fechas<\/strong><\/h3>\n\n\n\n<p>Camp 1: 29 de Junio \u2013 03 de Julio 2015<\/p>\n\n\n\n<p>Camp 2: 06 de Julio \u2013 10 de Julio 2015<\/p>\n\n\n\n<p>Camp 3: 13 de Julio \u2013 17 de Julio 2015<\/p>\n\n\n\n<p>Camp 4: 20 de Julio \u2013 24 de Julio 2015<\/p>\n\n\n\n<p>Camp 5: 27 de Julio \u2013 31 de Julio 2015<\/p>\n\n\n\n<p>Camp 6: 3 de Agosto \u2013 7 de Agosto 2015<\/p>\n\n\n\n<h3 class=\"wp-block-heading\"><strong>7. Horario de lunes a viernes<\/strong><\/h3>\n\n\n\n<p><strong>HORA &nbsp;<\/strong>&nbsp; &nbsp; &nbsp; &nbsp; &nbsp; &nbsp; &nbsp; &nbsp; &nbsp; &nbsp; &nbsp; &nbsp; &nbsp; &nbsp; &nbsp; &nbsp; &nbsp; &nbsp;<strong>&nbsp;PROGRAMA<\/strong><\/p>\n\n\n\n<p><strong>9:00h \u2013 10:30h &nbsp;<\/strong> &nbsp; &nbsp; &nbsp; &nbsp; &nbsp; &nbsp; &nbsp; &nbsp;&nbsp;Entrenamiento 1 \u2013 Contenido T\u00e9cnico<\/p>\n\n\n\n<p><strong>10:30h \u2013 11:00h &nbsp; &nbsp;<\/strong> &nbsp; &nbsp; &nbsp; &nbsp; &nbsp; &nbsp; &nbsp; Descanso<\/p>\n\n\n\n<p><strong>11:00 \u2013 12:30h &nbsp; &nbsp;<\/strong> &nbsp; &nbsp; &nbsp; &nbsp; &nbsp; &nbsp; &nbsp; &nbsp; &nbsp;Entrenamiento 2 \u2013 Contenido T\u00e1ctico y de sistema<\/p>\n\n\n\n<p><strong>12:30h \u2013 15:30h<\/strong> &nbsp; &nbsp; &nbsp; &nbsp; &nbsp; &nbsp; &nbsp; &nbsp; &nbsp; &nbsp;Lunch Break y actividades did\u00e1cticas en aula<\/p>\n\n\n\n<p><strong>15:30h \u2013 17:00h<\/strong> &nbsp; &nbsp; &nbsp; &nbsp; &nbsp; &nbsp; &nbsp; &nbsp; &nbsp;&nbsp;Simulaci\u00f3n de partidos: 3v3, 5v5, 7v7 \u2013 Competici\u00f3n<\/p>\n\n\n\n<p><strong>Nota:<\/strong> Merienda e hidrataci\u00f3n incluida<\/p>\n\n\n<div class=\"wp-block-image\">\n<figure class=\"aligncenter is-resized\"><img loading=\"lazy\" decoding=\"async\" src=\"https:\/\/i0.wp.com\/casadecampoliving.com\/wp-content\/uploads\/2022\/10\/FCBEscola-Casa-de-Campo_2.jpg?resize=650%2C433&amp;ssl=1\" alt=\"FCBEscola Casa de Campo_2\" class=\"wp-image-110887\" height=\"433\" width=\"650\"\/><\/figure>\n<\/div>\n\n\n<h3 class=\"wp-block-heading\"><strong>8. Detalle de Programa por D\u00eda<\/strong><\/h3>\n\n\n\n<p><strong>Lunes:<\/strong><\/p>\n\n\n\n<p>\u2022 Contenido t\u00e9cnico: Control y Pass \/ Interceptaci\u00f3n<br>\n\u2022 Contenido de juego: Amplitud y profundidad \/ Bloque estrecho y corto<br>\n\u2022 Contenido de sistema: Posicionamiento ofensivo b\u00e1sico del 1-3-2-1<br>\n\u2022 Simulaci\u00f3n de juego real: Aplicaci\u00f3n de los contenidos trabajados durante el d\u00eda en juego reducido 3\u00d73 (S\u00f3lo Day Camp)<\/p>\n\n\n\n<p><strong> Martes:<\/strong><\/p>\n\n\n\n<p>\u2022 Contenido t\u00e9cnico: Conducci\u00f3n del bal\u00f3n \/ Entrada (Tackle)<br>\n\u2022 Contenido de juego: Circulaci\u00f3n de bal\u00f3n \/ velocidad adecuada del juego<br>\n\u2022 Contenido de sistema: Posicionamiento defensivo b\u00e1sico del 1-3-2-1<br>\n\u2022 Simulaci\u00f3n de juego real: Aplicaci\u00f3n de los contenidos trabajados durante el d\u00eda en juego reducido 5\u00d75 (S\u00f3lo Day Camp)<\/p>\n\n\n\n<p><strong> Mi\u00e9rcoles:<\/strong><\/p>\n\n\n\n<p>\u2022 Contenido t\u00e9cnico: Regate \/ Entrada (Tackle)<br>\n\u2022 Contenido de juego: Desmarques \/ Marcaje<br>\n\u2022 Contenido de sistema: Funciones ofensivas b\u00e1sicas del 1-3-2-1<br>\n\u2022 Simulaci\u00f3n de juego real: Aplicaci\u00f3n de los contenidos trabajados durante el d\u00eda en juego real 7\u00d77 (S\u00f3lo Day Camp)<\/p>\n\n\n\n<p><strong> Jueves:<\/strong><\/p>\n\n\n\n<p>\u2022 Contenido t\u00e9cnico: Tiro \/ Finalizaci\u00f3n<br>\n\u2022 Contenido de juego: Terminar situaciones ofensivas<br>\n\u2022 Contenido de sistema: Funciones defensivas b\u00e1sicas del 1-3-2-1<br>\n\u2022 Simulaci\u00f3n de juego real: Aplicaci\u00f3n de los contenidos trabajados durante el d\u00eda en juego real 7\u00d77 (S\u00f3lo Day Camp)<\/p>\n\n\n\n<p><strong> Viernes:<\/strong><\/p>\n\n\n\n<p>\u2022 Contenido t\u00e9cnico: Repaso<br>\n\u2022 Contenido de juego: Repaso<br>\n\u2022 Contenido de sistema: Repaso<br>\n\u2022 Simulaci\u00f3n de juego real: Repaso de los contenidos trabajados durante la semana en juego real 7\u00d77.:<\/p>\n\n\n\n<p>Si necesita m\u00e1s motivaci\u00f3n para inscribir sus hijos en el campamento de verano de la FCBEscola Casa de Campo, eche un vistazo al siguiente v\u00eddeo:<\/p>\n\n\n\n<p><iframe loading=\"lazy\" src=\"https:\/\/www.youtube.com\/embed\/K05NDOmh4Gs\" width=\"640\" height=\"360\" frameborder=\"0\" allowfullscreen=\"allowfullscreen\"><\/iframe><\/p>\n\n\n\n<blockquote><h3><b>Campamento de Verano Casa de Campo FCBEscola<\/b><\/h3><p><strong>Lugar:<\/strong>&nbsp;Campos de polo Casa de Campo<\/p><p><strong>Fecha:&nbsp;<\/strong><\/p><ul>\n<li>Camp 1: 29 de Junio \u2013 03 de Julio 2015<\/li>\n<li>Camp 2: 06 de Julio \u2013 10 de Julio 2015<\/li>\n<li>Camp 3: 13 de Julio \u2013 17 de Julio 2015<\/li>\n<li>Camp 4: 20 de Julio \u2013 24 de Julio 2015<\/li>\n<li>Camp 5: 27 de Julio \u2013 31 de Julio 2015<\/li>\n<li>Camp 6: 3 de Agosto \u2013 7 de Agosto 2015<\/li>\n<\/ul><p><strong>Contact:<\/strong>&nbsp;:&nbsp;Dubraska Tifa, (809) 523-2080,&nbsp;D.tifa@ccampo.com.do<\/p><\/blockquote>\n","protected":false},"excerpt":{"rendered":"<p>\u00a1Hola a todos los miembros de la comunidad Casa de Campo y publico en general! Bueno, gracias a la alianza entre el resort Casa de Campo y FCBEscola, este verano sus hijos tendr\u00e1n la oportunidad de jugar soccer como los jugadores&nbsp;del FC Barcelona.<\/p>\n","protected":false},"author":1097,"featured_media":294411,"comment_status":"closed","ping_status":"closed","sticky":false,"template":"","format":"standard","meta":{"newspack_ads_suppress_ads":false,"newspack_popups_has_disabled_popups":false,"newspack_sponsor_sponsorship_scope":"","newspack_sponsor_native_byline_display":"inherit","newspack_sponsor_native_category_display":"inherit","newspack_sponsor_underwriter_style":"inherit","newspack_sponsor_underwriter_placement":"inherit","_newspack_byline_active":false,"_newspack_byline":"","newspack_hide_updated_date":false,"newspack_show_updated_date":false,"newspack_content_restriction_is_exempt":false,"newspack_featured_image_position":"","newspack_post_subtitle":"","newspack_article_summary_title":"Overview:","newspack_article_summary":"","_jetpack_memberships_contains_paid_content":false,"footnotes":"","jetpack_publicize_message":"","jetpack_publicize_feature_enabled":true,"jetpack_social_post_already_shared":false,"jetpack_social_options":{"image_generator_settings":{"template":"highway","default_image_id":0,"font":"","enabled":false},"version":2},"_wpas_customize_per_network":false},"categories":[26936,26951,2525,2524,14631,2522,14625,14627,2521,26822],"tags":[6606,3626,8094,24387,6371],"newspack_spnsrs_tax":[],"class_list":["post-347269","post","type-post","status-publish","format-standard","has-post-thumbnail","hentry","category-casa-de-campo-living-es","category-ccl-presenta","category-golf-deportes-es","category-destacados","category-estilo-de-vida","category-eventos-es","category-noticias-locales","category-proximamente","category-republica-dominicana-2","category-resort-casa-de-campo","tag-campamentos-de-verano","tag-casa-de-campo-es","tag-casa-de-campo-community-es","tag-casa-de-campo-living-es","tag-casa-de-campo-resort-es","entry"],"yoast_head":"<!-- This site is optimized with the Yoast SEO plugin v27.4 - https:\/\/yoast.com\/product\/yoast-seo-wordpress\/ -->\n<title>Todo lo que necesita saber sobre los Campamentos FCBEscola Casa de Campo | Casa de Campo Living<\/title>\n<meta name=\"description\" content=\"\u00a1Hola a todos los miembros de la comunidad Casa de Campo y publico en general! Bueno, gracias a la alianza entre el resort Casa de Campo y FCBEscola, este\" \/>\n<meta name=\"robots\" content=\"index, follow, max-snippet:-1, max-image-preview:large, max-video-preview:-1\" \/>\n<link rel=\"canonical\" href=\"https:\/\/casadecampoliving.com\/es\/todo-lo-que-necesita-saber-sobre-los-campamentos-fcbescola-casa-de-campo\/\" \/>\n<meta property=\"og:locale\" content=\"es_ES\" \/>\n<meta property=\"og:type\" content=\"article\" \/>\n<meta property=\"og:title\" content=\"Todo lo que necesita saber sobre los Campamentos FCBEscola Casa de Campo | Casa de Campo Living\" \/>\n<meta property=\"og:description\" content=\"\u00a1Hola a todos los miembros de la comunidad Casa de Campo y publico en general! Bueno, gracias a la alianza entre el resort Casa de Campo y FCBEscola, este\" \/>\n<meta property=\"og:url\" content=\"https:\/\/casadecampoliving.com\/es\/todo-lo-que-necesita-saber-sobre-los-campamentos-fcbescola-casa-de-campo\/\" \/>\n<meta property=\"og:site_name\" content=\"Casa de Campo Living\" \/>\n<meta property=\"article:publisher\" content=\"https:\/\/www.facebook.com\/casadecampoliving\" \/>\n<meta property=\"article:published_time\" content=\"2015-06-02T04:00:00+00:00\" \/>\n<meta property=\"article:modified_time\" content=\"2022-10-21T23:00:11+00:00\" \/>\n<meta property=\"og:image\" content=\"https:\/\/i0.wp.com\/casadecampoliving.com\/wp-content\/uploads\/2022\/10\/FCBEscola_Casa_de_Campo_1.jpg?fit=800%2C564&ssl=1\" \/>\n\t<meta property=\"og:image:width\" content=\"800\" \/>\n\t<meta property=\"og:image:height\" content=\"564\" \/>\n\t<meta property=\"og:image:type\" content=\"image\/jpeg\" \/>\n<meta name=\"author\" content=\"Perkin Agramonte\" \/>\n<meta name=\"twitter:card\" content=\"summary_large_image\" \/>\n<meta name=\"twitter:creator\" content=\"@cdcliving\" \/>\n<meta name=\"twitter:site\" content=\"@cdcliving\" \/>\n<meta name=\"twitter:label1\" content=\"Escrito por\" \/>\n\t<meta name=\"twitter:data1\" content=\"Perkin Agramonte\" \/>\n\t<meta name=\"twitter:label2\" content=\"Tiempo de lectura\" \/>\n\t<meta name=\"twitter:data2\" content=\"4 minutos\" \/>\n<script type=\"application\/ld+json\" class=\"yoast-schema-graph\">{\"@context\":\"https:\\\/\\\/schema.org\",\"@graph\":[{\"@type\":\"Article\",\"@id\":\"https:\\\/\\\/casadecampoliving.com\\\/es\\\/todo-lo-que-necesita-saber-sobre-los-campamentos-fcbescola-casa-de-campo\\\/#article\",\"isPartOf\":{\"@id\":\"https:\\\/\\\/casadecampoliving.com\\\/es\\\/todo-lo-que-necesita-saber-sobre-los-campamentos-fcbescola-casa-de-campo\\\/\"},\"author\":{\"name\":\"Perkin Agramonte\",\"@id\":\"https:\\\/\\\/casadecampoliving.com\\\/es\\\/#\\\/schema\\\/person\\\/c8efa6049510554b7d5fea078d728f72\"},\"headline\":\"Todo lo que necesita saber sobre los Campamentos FCBEscola Casa de Campo\",\"datePublished\":\"2015-06-02T04:00:00+00:00\",\"dateModified\":\"2022-10-21T23:00:11+00:00\",\"mainEntityOfPage\":{\"@id\":\"https:\\\/\\\/casadecampoliving.com\\\/es\\\/todo-lo-que-necesita-saber-sobre-los-campamentos-fcbescola-casa-de-campo\\\/\"},\"wordCount\":893,\"publisher\":{\"@id\":\"https:\\\/\\\/casadecampoliving.com\\\/es\\\/#organization\"},\"image\":{\"@id\":\"https:\\\/\\\/casadecampoliving.com\\\/es\\\/todo-lo-que-necesita-saber-sobre-los-campamentos-fcbescola-casa-de-campo\\\/#primaryimage\"},\"thumbnailUrl\":\"https:\\\/\\\/i0.wp.com\\\/casadecampoliving.com\\\/wp-content\\\/uploads\\\/2022\\\/10\\\/FCBEscola_Casa_de_Campo_1.jpg?fit=800%2C564&ssl=1\",\"keywords\":[\"campamentos de verano\",\"casa de campo @es\",\"Casa de Campo Community @es\",\"Casa de Campo Living\",\"casa de campo resort @es\"],\"articleSection\":[\"Casa de Campo Living @es\",\"CCL presenta\",\"Deportes\",\"Destacados\",\"Estilo de Vida\",\"Eventos\",\"Noticias Locales\",\"Proximamente\",\"Rep\u00fablica Dominicana @es\",\"Resort Casa de Campo\"],\"inLanguage\":\"es\"},{\"@type\":\"WebPage\",\"@id\":\"https:\\\/\\\/casadecampoliving.com\\\/es\\\/todo-lo-que-necesita-saber-sobre-los-campamentos-fcbescola-casa-de-campo\\\/\",\"url\":\"https:\\\/\\\/casadecampoliving.com\\\/es\\\/todo-lo-que-necesita-saber-sobre-los-campamentos-fcbescola-casa-de-campo\\\/\",\"name\":\"Todo lo que necesita saber sobre los Campamentos FCBEscola Casa de Campo | Casa de Campo Living\",\"isPartOf\":{\"@id\":\"https:\\\/\\\/casadecampoliving.com\\\/es\\\/#website\"},\"primaryImageOfPage\":{\"@id\":\"https:\\\/\\\/casadecampoliving.com\\\/es\\\/todo-lo-que-necesita-saber-sobre-los-campamentos-fcbescola-casa-de-campo\\\/#primaryimage\"},\"image\":{\"@id\":\"https:\\\/\\\/casadecampoliving.com\\\/es\\\/todo-lo-que-necesita-saber-sobre-los-campamentos-fcbescola-casa-de-campo\\\/#primaryimage\"},\"thumbnailUrl\":\"https:\\\/\\\/i0.wp.com\\\/casadecampoliving.com\\\/wp-content\\\/uploads\\\/2022\\\/10\\\/FCBEscola_Casa_de_Campo_1.jpg?fit=800%2C564&ssl=1\",\"datePublished\":\"2015-06-02T04:00:00+00:00\",\"dateModified\":\"2022-10-21T23:00:11+00:00\",\"description\":\"\u00a1Hola a todos los miembros de la comunidad Casa de Campo y publico en general! Bueno, gracias a la alianza entre el resort Casa de Campo y FCBEscola, este\",\"breadcrumb\":{\"@id\":\"https:\\\/\\\/casadecampoliving.com\\\/es\\\/todo-lo-que-necesita-saber-sobre-los-campamentos-fcbescola-casa-de-campo\\\/#breadcrumb\"},\"inLanguage\":\"es\",\"potentialAction\":[{\"@type\":\"ReadAction\",\"target\":[\"https:\\\/\\\/casadecampoliving.com\\\/es\\\/todo-lo-que-necesita-saber-sobre-los-campamentos-fcbescola-casa-de-campo\\\/\"]}]},{\"@type\":\"ImageObject\",\"inLanguage\":\"es\",\"@id\":\"https:\\\/\\\/casadecampoliving.com\\\/es\\\/todo-lo-que-necesita-saber-sobre-los-campamentos-fcbescola-casa-de-campo\\\/#primaryimage\",\"url\":\"https:\\\/\\\/i0.wp.com\\\/casadecampoliving.com\\\/wp-content\\\/uploads\\\/2022\\\/10\\\/FCBEscola_Casa_de_Campo_1.jpg?fit=800%2C564&ssl=1\",\"contentUrl\":\"https:\\\/\\\/i0.wp.com\\\/casadecampoliving.com\\\/wp-content\\\/uploads\\\/2022\\\/10\\\/FCBEscola_Casa_de_Campo_1.jpg?fit=800%2C564&ssl=1\",\"width\":800,\"height\":564,\"caption\":\"FCBEscola Casa de Campo\"},{\"@type\":\"BreadcrumbList\",\"@id\":\"https:\\\/\\\/casadecampoliving.com\\\/es\\\/todo-lo-que-necesita-saber-sobre-los-campamentos-fcbescola-casa-de-campo\\\/#breadcrumb\",\"itemListElement\":[{\"@type\":\"ListItem\",\"position\":1,\"name\":\"Home\",\"item\":\"https:\\\/\\\/casadecampoliving.com\\\/es\\\/\"},{\"@type\":\"ListItem\",\"position\":2,\"name\":\"Todo lo que necesita saber sobre los Campamentos FCBEscola Casa de Campo\"}]},{\"@type\":\"WebSite\",\"@id\":\"https:\\\/\\\/casadecampoliving.com\\\/es\\\/#website\",\"url\":\"https:\\\/\\\/casadecampoliving.com\\\/es\\\/\",\"name\":\"Casa de Campo Living\",\"description\":\"Resort community news and resources.\",\"publisher\":{\"@id\":\"https:\\\/\\\/casadecampoliving.com\\\/es\\\/#organization\"},\"potentialAction\":[{\"@type\":\"SearchAction\",\"target\":{\"@type\":\"EntryPoint\",\"urlTemplate\":\"https:\\\/\\\/casadecampoliving.com\\\/es\\\/?s={search_term_string}\"},\"query-input\":{\"@type\":\"PropertyValueSpecification\",\"valueRequired\":true,\"valueName\":\"search_term_string\"}}],\"inLanguage\":\"es\"},{\"@type\":\"Organization\",\"@id\":\"https:\\\/\\\/casadecampoliving.com\\\/es\\\/#organization\",\"name\":\"Casa de Campo Living\",\"url\":\"https:\\\/\\\/casadecampoliving.com\\\/es\\\/\",\"logo\":{\"@type\":\"ImageObject\",\"inLanguage\":\"es\",\"@id\":\"https:\\\/\\\/casadecampoliving.com\\\/es\\\/#\\\/schema\\\/logo\\\/image\\\/\",\"url\":\"https:\\\/\\\/i0.wp.com\\\/casadecampoliving.com\\\/wp-content\\\/uploads\\\/2022\\\/07\\\/CDCLivingLogo_V1-white-sized.png?fit=800%2C214&ssl=1\",\"contentUrl\":\"https:\\\/\\\/i0.wp.com\\\/casadecampoliving.com\\\/wp-content\\\/uploads\\\/2022\\\/07\\\/CDCLivingLogo_V1-white-sized.png?fit=800%2C214&ssl=1\",\"width\":800,\"height\":214,\"caption\":\"Casa de Campo Living\"},\"image\":{\"@id\":\"https:\\\/\\\/casadecampoliving.com\\\/es\\\/#\\\/schema\\\/logo\\\/image\\\/\"},\"sameAs\":[\"https:\\\/\\\/www.facebook.com\\\/casadecampoliving\",\"https:\\\/\\\/x.com\\\/cdcliving\"]},{\"@type\":\"Person\",\"@id\":\"https:\\\/\\\/casadecampoliving.com\\\/es\\\/#\\\/schema\\\/person\\\/c8efa6049510554b7d5fea078d728f72\",\"name\":\"Perkin Agramonte\",\"image\":{\"@type\":\"ImageObject\",\"inLanguage\":\"es\",\"@id\":\"https:\\\/\\\/secure.gravatar.com\\\/avatar\\\/57bfdafcae55fb83dbb79a1585a9eab7f269b7720fb0b64cb9a4e0cd2962fa10?s=96&d=mm&r=g\",\"url\":\"https:\\\/\\\/secure.gravatar.com\\\/avatar\\\/57bfdafcae55fb83dbb79a1585a9eab7f269b7720fb0b64cb9a4e0cd2962fa10?s=96&d=mm&r=g\",\"contentUrl\":\"https:\\\/\\\/secure.gravatar.com\\\/avatar\\\/57bfdafcae55fb83dbb79a1585a9eab7f269b7720fb0b64cb9a4e0cd2962fa10?s=96&d=mm&r=g\",\"caption\":\"Perkin Agramonte\"},\"url\":\"https:\\\/\\\/casadecampoliving.com\\\/es\\\/author\\\/cagramonte\\\/\"}]}<\/script>\n<!-- \/ Yoast SEO plugin. -->","yoast_head_json":{"title":"Todo lo que necesita saber sobre los Campamentos FCBEscola Casa de Campo | Casa de Campo Living","description":"\u00a1Hola a todos los miembros de la comunidad Casa de Campo y publico en general! Bueno, gracias a la alianza entre el resort Casa de Campo y FCBEscola, este","robots":{"index":"index","follow":"follow","max-snippet":"max-snippet:-1","max-image-preview":"max-image-preview:large","max-video-preview":"max-video-preview:-1"},"canonical":"https:\/\/casadecampoliving.com\/es\/todo-lo-que-necesita-saber-sobre-los-campamentos-fcbescola-casa-de-campo\/","og_locale":"es_ES","og_type":"article","og_title":"Todo lo que necesita saber sobre los Campamentos FCBEscola Casa de Campo | Casa de Campo Living","og_description":"\u00a1Hola a todos los miembros de la comunidad Casa de Campo y publico en general! Bueno, gracias a la alianza entre el resort Casa de Campo y FCBEscola, este","og_url":"https:\/\/casadecampoliving.com\/es\/todo-lo-que-necesita-saber-sobre-los-campamentos-fcbescola-casa-de-campo\/","og_site_name":"Casa de Campo Living","article_publisher":"https:\/\/www.facebook.com\/casadecampoliving","article_published_time":"2015-06-02T04:00:00+00:00","article_modified_time":"2022-10-21T23:00:11+00:00","og_image":[{"width":800,"height":564,"url":"https:\/\/i0.wp.com\/casadecampoliving.com\/wp-content\/uploads\/2022\/10\/FCBEscola_Casa_de_Campo_1.jpg?fit=800%2C564&ssl=1","type":"image\/jpeg"}],"author":"Perkin Agramonte","twitter_card":"summary_large_image","twitter_creator":"@cdcliving","twitter_site":"@cdcliving","twitter_misc":{"Escrito por":"Perkin Agramonte","Tiempo de lectura":"4 minutos"},"schema":{"@context":"https:\/\/schema.org","@graph":[{"@type":"Article","@id":"https:\/\/casadecampoliving.com\/es\/todo-lo-que-necesita-saber-sobre-los-campamentos-fcbescola-casa-de-campo\/#article","isPartOf":{"@id":"https:\/\/casadecampoliving.com\/es\/todo-lo-que-necesita-saber-sobre-los-campamentos-fcbescola-casa-de-campo\/"},"author":{"name":"Perkin Agramonte","@id":"https:\/\/casadecampoliving.com\/es\/#\/schema\/person\/c8efa6049510554b7d5fea078d728f72"},"headline":"Todo lo que necesita saber sobre los Campamentos FCBEscola Casa de Campo","datePublished":"2015-06-02T04:00:00+00:00","dateModified":"2022-10-21T23:00:11+00:00","mainEntityOfPage":{"@id":"https:\/\/casadecampoliving.com\/es\/todo-lo-que-necesita-saber-sobre-los-campamentos-fcbescola-casa-de-campo\/"},"wordCount":893,"publisher":{"@id":"https:\/\/casadecampoliving.com\/es\/#organization"},"image":{"@id":"https:\/\/casadecampoliving.com\/es\/todo-lo-que-necesita-saber-sobre-los-campamentos-fcbescola-casa-de-campo\/#primaryimage"},"thumbnailUrl":"https:\/\/i0.wp.com\/casadecampoliving.com\/wp-content\/uploads\/2022\/10\/FCBEscola_Casa_de_Campo_1.jpg?fit=800%2C564&ssl=1","keywords":["campamentos de verano","casa de campo @es","Casa de Campo Community @es","Casa de Campo Living","casa de campo resort @es"],"articleSection":["Casa de Campo Living @es","CCL presenta","Deportes","Destacados","Estilo de Vida","Eventos","Noticias Locales","Proximamente","Rep\u00fablica Dominicana @es","Resort Casa de Campo"],"inLanguage":"es"},{"@type":"WebPage","@id":"https:\/\/casadecampoliving.com\/es\/todo-lo-que-necesita-saber-sobre-los-campamentos-fcbescola-casa-de-campo\/","url":"https:\/\/casadecampoliving.com\/es\/todo-lo-que-necesita-saber-sobre-los-campamentos-fcbescola-casa-de-campo\/","name":"Todo lo que necesita saber sobre los Campamentos FCBEscola Casa de Campo | Casa de Campo Living","isPartOf":{"@id":"https:\/\/casadecampoliving.com\/es\/#website"},"primaryImageOfPage":{"@id":"https:\/\/casadecampoliving.com\/es\/todo-lo-que-necesita-saber-sobre-los-campamentos-fcbescola-casa-de-campo\/#primaryimage"},"image":{"@id":"https:\/\/casadecampoliving.com\/es\/todo-lo-que-necesita-saber-sobre-los-campamentos-fcbescola-casa-de-campo\/#primaryimage"},"thumbnailUrl":"https:\/\/i0.wp.com\/casadecampoliving.com\/wp-content\/uploads\/2022\/10\/FCBEscola_Casa_de_Campo_1.jpg?fit=800%2C564&ssl=1","datePublished":"2015-06-02T04:00:00+00:00","dateModified":"2022-10-21T23:00:11+00:00","description":"\u00a1Hola a todos los miembros de la comunidad Casa de Campo y publico en general! Bueno, gracias a la alianza entre el resort Casa de Campo y FCBEscola, este","breadcrumb":{"@id":"https:\/\/casadecampoliving.com\/es\/todo-lo-que-necesita-saber-sobre-los-campamentos-fcbescola-casa-de-campo\/#breadcrumb"},"inLanguage":"es","potentialAction":[{"@type":"ReadAction","target":["https:\/\/casadecampoliving.com\/es\/todo-lo-que-necesita-saber-sobre-los-campamentos-fcbescola-casa-de-campo\/"]}]},{"@type":"ImageObject","inLanguage":"es","@id":"https:\/\/casadecampoliving.com\/es\/todo-lo-que-necesita-saber-sobre-los-campamentos-fcbescola-casa-de-campo\/#primaryimage","url":"https:\/\/i0.wp.com\/casadecampoliving.com\/wp-content\/uploads\/2022\/10\/FCBEscola_Casa_de_Campo_1.jpg?fit=800%2C564&ssl=1","contentUrl":"https:\/\/i0.wp.com\/casadecampoliving.com\/wp-content\/uploads\/2022\/10\/FCBEscola_Casa_de_Campo_1.jpg?fit=800%2C564&ssl=1","width":800,"height":564,"caption":"FCBEscola Casa de Campo"},{"@type":"BreadcrumbList","@id":"https:\/\/casadecampoliving.com\/es\/todo-lo-que-necesita-saber-sobre-los-campamentos-fcbescola-casa-de-campo\/#breadcrumb","itemListElement":[{"@type":"ListItem","position":1,"name":"Home","item":"https:\/\/casadecampoliving.com\/es\/"},{"@type":"ListItem","position":2,"name":"Todo lo que necesita saber sobre los Campamentos FCBEscola Casa de Campo"}]},{"@type":"WebSite","@id":"https:\/\/casadecampoliving.com\/es\/#website","url":"https:\/\/casadecampoliving.com\/es\/","name":"Casa de Campo Living","description":"Resort community news and resources.","publisher":{"@id":"https:\/\/casadecampoliving.com\/es\/#organization"},"potentialAction":[{"@type":"SearchAction","target":{"@type":"EntryPoint","urlTemplate":"https:\/\/casadecampoliving.com\/es\/?s={search_term_string}"},"query-input":{"@type":"PropertyValueSpecification","valueRequired":true,"valueName":"search_term_string"}}],"inLanguage":"es"},{"@type":"Organization","@id":"https:\/\/casadecampoliving.com\/es\/#organization","name":"Casa de Campo Living","url":"https:\/\/casadecampoliving.com\/es\/","logo":{"@type":"ImageObject","inLanguage":"es","@id":"https:\/\/casadecampoliving.com\/es\/#\/schema\/logo\/image\/","url":"https:\/\/i0.wp.com\/casadecampoliving.com\/wp-content\/uploads\/2022\/07\/CDCLivingLogo_V1-white-sized.png?fit=800%2C214&ssl=1","contentUrl":"https:\/\/i0.wp.com\/casadecampoliving.com\/wp-content\/uploads\/2022\/07\/CDCLivingLogo_V1-white-sized.png?fit=800%2C214&ssl=1","width":800,"height":214,"caption":"Casa de Campo Living"},"image":{"@id":"https:\/\/casadecampoliving.com\/es\/#\/schema\/logo\/image\/"},"sameAs":["https:\/\/www.facebook.com\/casadecampoliving","https:\/\/x.com\/cdcliving"]},{"@type":"Person","@id":"https:\/\/casadecampoliving.com\/es\/#\/schema\/person\/c8efa6049510554b7d5fea078d728f72","name":"Perkin Agramonte","image":{"@type":"ImageObject","inLanguage":"es","@id":"https:\/\/secure.gravatar.com\/avatar\/57bfdafcae55fb83dbb79a1585a9eab7f269b7720fb0b64cb9a4e0cd2962fa10?s=96&d=mm&r=g","url":"https:\/\/secure.gravatar.com\/avatar\/57bfdafcae55fb83dbb79a1585a9eab7f269b7720fb0b64cb9a4e0cd2962fa10?s=96&d=mm&r=g","contentUrl":"https:\/\/secure.gravatar.com\/avatar\/57bfdafcae55fb83dbb79a1585a9eab7f269b7720fb0b64cb9a4e0cd2962fa10?s=96&d=mm&r=g","caption":"Perkin Agramonte"},"url":"https:\/\/casadecampoliving.com\/es\/author\/cagramonte\/"}]}},"parsely":{"version":"1.1.0","canonical_url":"https:\/\/casadecampoliving.com\/es\/todo-lo-que-necesita-saber-sobre-los-campamentos-fcbescola-casa-de-campo\/","smart_links":{"inbound":0,"outbound":0},"traffic_boost_suggestions_count":0,"meta":{"@context":"https:\/\/schema.org","@type":"NewsArticle","headline":"Todo lo que necesita saber sobre los Campamentos FCBEscola Casa de Campo","url":"http:\/\/casadecampoliving.com\/es\/todo-lo-que-necesita-saber-sobre-los-campamentos-fcbescola-casa-de-campo\/","mainEntityOfPage":{"@type":"WebPage","@id":"http:\/\/casadecampoliving.com\/es\/todo-lo-que-necesita-saber-sobre-los-campamentos-fcbescola-casa-de-campo\/"},"thumbnailUrl":"https:\/\/i0.wp.com\/casadecampoliving.com\/wp-content\/uploads\/2022\/10\/FCBEscola_Casa_de_Campo_1.jpg?resize=150%2C150&ssl=1","image":{"@type":"ImageObject","url":"https:\/\/i0.wp.com\/casadecampoliving.com\/wp-content\/uploads\/2022\/10\/FCBEscola_Casa_de_Campo_1.jpg?fit=800%2C564&ssl=1"},"articleSection":"CCL presenta","author":[{"@type":"Person","name":"Perkin Agramonte"}],"creator":["Perkin Agramonte"],"publisher":{"@type":"Organization","name":"Casa de Campo Living","logo":"https:\/\/casadecampoliving.com\/wp-content\/uploads\/2022\/07\/CDCLivingLogo_V1-white-sized.png"},"keywords":["campamentos de verano","casa de campo @es","casa de campo community @es","casa de campo living","casa de campo resort @es"],"dateCreated":"2015-06-02T04:00:00Z","datePublished":"2015-06-02T04:00:00Z","dateModified":"2022-10-21T23:00:11Z"},"rendered":"<script type=\"application\/ld+json\" class=\"wp-parsely-metadata\">{\"@context\":\"https:\\\/\\\/schema.org\",\"@type\":\"NewsArticle\",\"headline\":\"Todo lo que necesita saber sobre los Campamentos FCBEscola Casa de Campo\",\"url\":\"http:\\\/\\\/casadecampoliving.com\\\/es\\\/todo-lo-que-necesita-saber-sobre-los-campamentos-fcbescola-casa-de-campo\\\/\",\"mainEntityOfPage\":{\"@type\":\"WebPage\",\"@id\":\"http:\\\/\\\/casadecampoliving.com\\\/es\\\/todo-lo-que-necesita-saber-sobre-los-campamentos-fcbescola-casa-de-campo\\\/\"},\"thumbnailUrl\":\"https:\\\/\\\/i0.wp.com\\\/casadecampoliving.com\\\/wp-content\\\/uploads\\\/2022\\\/10\\\/FCBEscola_Casa_de_Campo_1.jpg?resize=150%2C150&ssl=1\",\"image\":{\"@type\":\"ImageObject\",\"url\":\"https:\\\/\\\/i0.wp.com\\\/casadecampoliving.com\\\/wp-content\\\/uploads\\\/2022\\\/10\\\/FCBEscola_Casa_de_Campo_1.jpg?fit=800%2C564&ssl=1\"},\"articleSection\":\"CCL presenta\",\"author\":[{\"@type\":\"Person\",\"name\":\"Perkin Agramonte\"}],\"creator\":[\"Perkin Agramonte\"],\"publisher\":{\"@type\":\"Organization\",\"name\":\"Casa de Campo Living\",\"logo\":\"https:\\\/\\\/casadecampoliving.com\\\/wp-content\\\/uploads\\\/2022\\\/07\\\/CDCLivingLogo_V1-white-sized.png\"},\"keywords\":[\"campamentos de verano\",\"casa de campo @es\",\"casa de campo community @es\",\"casa de campo living\",\"casa de campo resort @es\"],\"dateCreated\":\"2015-06-02T04:00:00Z\",\"datePublished\":\"2015-06-02T04:00:00Z\",\"dateModified\":\"2022-10-21T23:00:11Z\"}<\/script>","tracker_url":"https:\/\/cdn.parsely.com\/keys\/casadecampoliving.com\/p.js"},"jetpack_publicize_connections":[],"jetpack_featured_media_url":"https:\/\/i0.wp.com\/casadecampoliving.com\/wp-content\/uploads\/2022\/10\/FCBEscola_Casa_de_Campo_1.jpg?fit=800%2C564&ssl=1","jetpack-related-posts":[{"id":347774,"url":"https:\/\/casadecampoliving.com\/es\/emocionante-inicio-de-la-escuela-de-futbol-de-la-fcbescola\/","url_meta":{"origin":347269,"position":0},"title":"\u00a1Emocionante inicio de la escuela de f\u00fatbol de la FCBEScola!","author":"Felix Guerrero","date":"14 Jul, 2015","format":false,"excerpt":"Desde\u00a0que se anunci\u00f3 la alianza de Casa de Campo con la FCBEscola en mayo,\u00a0toda la comunidad de Casa de Campo estuvo bastante emocionada sobre esta nueva adici\u00f3n al repertorio deportivo de Casa de Campo. Y ahora que el campamento de verano de f\u00fatbol est\u00e1 en marcha, \u00a1cre\u00edmos que era el\u2026","rel":"","context":"En \u00abCasa de Campo Living @es\u00bb","block_context":{"text":"Casa de Campo Living @es","link":"https:\/\/casadecampoliving.com\/category\/casa-de-campo-living-es\/"},"img":{"alt_text":"FCBEscola1","src":"https:\/\/i0.wp.com\/casadecampoliving.com\/wp-content\/uploads\/2022\/10\/FCBEscola-1.jpg?fit=800%2C532&ssl=1&resize=350%2C200","width":350,"height":200,"srcset":"https:\/\/i0.wp.com\/casadecampoliving.com\/wp-content\/uploads\/2022\/10\/FCBEscola-1.jpg?fit=800%2C532&ssl=1&resize=350%2C200 1x, https:\/\/i0.wp.com\/casadecampoliving.com\/wp-content\/uploads\/2022\/10\/FCBEscola-1.jpg?fit=800%2C532&ssl=1&resize=525%2C300 1.5x, https:\/\/i0.wp.com\/casadecampoliving.com\/wp-content\/uploads\/2022\/10\/FCBEscola-1.jpg?fit=800%2C532&ssl=1&resize=700%2C400 2x"},"classes":[]},{"id":349932,"url":"https:\/\/casadecampoliving.com\/es\/gran-ano-fcbescola\/","url_meta":{"origin":347269,"position":1},"title":"\u00a1Que gran a\u00f1o para la FCBEscola y quieren celebrarlo con todos nosotros!","author":"Marlenys Guzm\u00e1n Casta\u00f1os","date":"3 Jun, 2016","format":false,"excerpt":"\u00a1Este ha sido un incre\u00edble primer a\u00f1o de la FCBEscola aqu\u00ed en Casa de Campo! Los ni\u00f1os lo han disfrutado mucho y absorben todo el conocimiento que les proporcionan el excelente grupo de instructores de esta escuela. \u00a1FCBEscola quiere celebrar el final de este a\u00f1o invit\u00e1ndonos a todos a su\u2026","rel":"","context":"En \u00abDeportes\u00bb","block_context":{"text":"Deportes","link":"https:\/\/casadecampoliving.com\/es\/category\/golf-deportes-es\/"},"img":{"alt_text":"","src":"https:\/\/i0.wp.com\/casadecampoliving.com\/wp-content\/uploads\/2022\/10\/Grupo-Completo-FCBEscola-1.jpg?fit=1000%2C600&ssl=1&resize=350%2C200","width":350,"height":200,"srcset":"https:\/\/i0.wp.com\/casadecampoliving.com\/wp-content\/uploads\/2022\/10\/Grupo-Completo-FCBEscola-1.jpg?fit=1000%2C600&ssl=1&resize=350%2C200 1x, https:\/\/i0.wp.com\/casadecampoliving.com\/wp-content\/uploads\/2022\/10\/Grupo-Completo-FCBEscola-1.jpg?fit=1000%2C600&ssl=1&resize=525%2C300 1.5x, https:\/\/i0.wp.com\/casadecampoliving.com\/wp-content\/uploads\/2022\/10\/Grupo-Completo-FCBEscola-1.jpg?fit=1000%2C600&ssl=1&resize=700%2C400 2x"},"classes":[]},{"id":349910,"url":"https:\/\/casadecampoliving.com\/es\/casa-de-campo-comparte-sus-planes-verano-2016\/","url_meta":{"origin":347269,"position":2},"title":"Casa de Campo cuenta sus planes para el verano a los Due\u00f1os de Villa durante un coctel en Plaza Chav\u00f3n","author":"Felix Guerrero","date":"1 Jun, 2016","format":false,"excerpt":"El pasado jueves 26 de mayo, se celebr\u00f3 un coctel en la Plaza Chav\u00f3n en el que Casa de Campo anunci\u00f3 todas las actividades y planes que tienen para este verano. En resumidas cuentas, fue una noche agradable con un clima bastante placentero, y para sorpresa de todos, \u00a1no llovi\u00f3!\u2026","rel":"","context":"En \u00abAltos de Chavon @es\u00bb","block_context":{"text":"Altos de Chavon @es","link":"https:\/\/casadecampoliving.com\/category\/altos-de-chavon-es\/"},"img":{"alt_text":"Casa de Campo Due\u00f1os Cocktail Summer Program Announcement","src":"https:\/\/i0.wp.com\/casadecampoliving.com\/wp-content\/uploads\/2022\/10\/DSC_0423.jpg?fit=1000%2C667&ssl=1&resize=350%2C200","width":350,"height":200,"srcset":"https:\/\/i0.wp.com\/casadecampoliving.com\/wp-content\/uploads\/2022\/10\/DSC_0423.jpg?fit=1000%2C667&ssl=1&resize=350%2C200 1x, https:\/\/i0.wp.com\/casadecampoliving.com\/wp-content\/uploads\/2022\/10\/DSC_0423.jpg?fit=1000%2C667&ssl=1&resize=525%2C300 1.5x, https:\/\/i0.wp.com\/casadecampoliving.com\/wp-content\/uploads\/2022\/10\/DSC_0423.jpg?fit=1000%2C667&ssl=1&resize=700%2C400 2x"},"classes":[]},{"id":349902,"url":"https:\/\/casadecampoliving.com\/es\/campamento-verano-fcbescola-2016\/","url_meta":{"origin":347269,"position":3},"title":"Tenemos una gran opci\u00f3n para los padres con amantes del f\u00fatbol: \u00a1El Campamento de Verano FCBEscola 2016!","author":"Marlenys Guzm\u00e1n Casta\u00f1os","date":"31 May, 2016","format":false,"excerpt":"\u00a1El Campamento de Verano FCBEscola est\u00e1 de vuelta! Por segundo a\u00f1o consecutivo, Casa de Campo sera sede de este increible campamento de verano interactivo para los fan\u00e1ticos del f\u00fatbol del 18-29 de julio. \u00a1Sus hijos aprender\u00e1n de los mejores, consejos y t\u00e9cnicas para jugar como los jugadores del FC Barcelona!\u2026","rel":"","context":"En \u00abDeportes\u00bb","block_context":{"text":"Deportes","link":"https:\/\/casadecampoliving.com\/es\/category\/golf-deportes-es\/"},"img":{"alt_text":"Featured Image FCBEscola Summer Camp 2016","src":"https:\/\/i0.wp.com\/casadecampoliving.com\/wp-content\/uploads\/2022\/10\/Featured-Image-FCBEscola-Summer-Camp-2016.jpg?fit=1000%2C600&ssl=1&resize=350%2C200","width":350,"height":200,"srcset":"https:\/\/i0.wp.com\/casadecampoliving.com\/wp-content\/uploads\/2022\/10\/Featured-Image-FCBEscola-Summer-Camp-2016.jpg?fit=1000%2C600&ssl=1&resize=350%2C200 1x, https:\/\/i0.wp.com\/casadecampoliving.com\/wp-content\/uploads\/2022\/10\/Featured-Image-FCBEscola-Summer-Camp-2016.jpg?fit=1000%2C600&ssl=1&resize=525%2C300 1.5x, https:\/\/i0.wp.com\/casadecampoliving.com\/wp-content\/uploads\/2022\/10\/Featured-Image-FCBEscola-Summer-Camp-2016.jpg?fit=1000%2C600&ssl=1&resize=700%2C400 2x"},"classes":[]},{"id":347157,"url":"https:\/\/casadecampoliving.com\/es\/es-tiempo-de-futbol-en-casa-de-campo\/","url_meta":{"origin":347269,"position":4},"title":"\u00a1El f\u00fatbol llega Casa de Campo!","author":"Felix Guerrero","date":"9 Abr, 2015","format":false,"excerpt":"\u201cThe Sporting Life\u201d (La Vida Deportiva) en Casa de Campo acaba de recibir un peque\u00f1o empuj\u00f3n. Y ya que nuestra temporada de polo finaliz\u00f3 con un sensacional cierre el pasado s\u00e1bado 4 de abril con las finales de la Casa de Campo Copa Semana Santa. Tenemos la\u00a0vista fijada en otro\u2026","rel":"","context":"En \u00abCasa de Campo Living @es\u00bb","block_context":{"text":"Casa de Campo Living @es","link":"https:\/\/casadecampoliving.com\/category\/casa-de-campo-living-es\/"},"img":{"alt_text":"FCBEscola Santo Domingo","src":"https:\/\/i0.wp.com\/casadecampoliving.com\/wp-content\/uploads\/2022\/10\/FCBEscola_Santo_Domingo-1.jpg?fit=650%2C433&ssl=1&resize=350%2C200","width":350,"height":200,"srcset":"https:\/\/i0.wp.com\/casadecampoliving.com\/wp-content\/uploads\/2022\/10\/FCBEscola_Santo_Domingo-1.jpg?fit=650%2C433&ssl=1&resize=350%2C200 1x, https:\/\/i0.wp.com\/casadecampoliving.com\/wp-content\/uploads\/2022\/10\/FCBEscola_Santo_Domingo-1.jpg?fit=650%2C433&ssl=1&resize=525%2C300 1.5x"},"classes":[]},{"id":348208,"url":"https:\/\/casadecampoliving.com\/es\/gol-inauguracion-de-la-escuela-de-entrenamiento-de-la-fcbescola\/","url_meta":{"origin":347269,"position":5},"title":"\u00a1GOL! Inauguraci\u00f3n de la escuela de entrenamiento de la FCBEscola","author":"Felix Guerrero","date":"8 Sep, 2015","format":false,"excerpt":"FCBEscola abrir\u00e1 una escuela de entrenamiento oficial en Casa de Campo HOY! Despu\u00e9s de\u00a0que nuestros peque\u00f1os\u00a0jugadores de f\u00fatbol tuvieron la oportunidad de jugar durante todo el verano con entrenadores certificados de la FCBEscola, ahora tendr\u00e1n\u00a0acceso a una ubicaci\u00f3n permanente FCBEscola en Casa. Todos estamos invitados al evento de lanzamiento, que\u2026","rel":"","context":"En \u00abDeportes\u00bb","block_context":{"text":"Deportes","link":"https:\/\/casadecampoliving.com\/es\/category\/golf-deportes-es\/"},"img":{"alt_text":"FCBEscola CDC Capacitacion Header","src":"https:\/\/i0.wp.com\/casadecampoliving.com\/wp-content\/uploads\/2022\/10\/FCBEscola_Capacitacion_02-1-1.jpg?fit=650%2C400&ssl=1&resize=350%2C200","width":350,"height":200,"srcset":"https:\/\/i0.wp.com\/casadecampoliving.com\/wp-content\/uploads\/2022\/10\/FCBEscola_Capacitacion_02-1-1.jpg?fit=650%2C400&ssl=1&resize=350%2C200 1x, https:\/\/i0.wp.com\/casadecampoliving.com\/wp-content\/uploads\/2022\/10\/FCBEscola_Capacitacion_02-1-1.jpg?fit=650%2C400&ssl=1&resize=525%2C300 1.5x"},"classes":[]}],"jetpack_sharing_enabled":true,"_links":{"self":[{"href":"https:\/\/casadecampoliving.com\/es\/wp-json\/wp\/v2\/posts\/347269","targetHints":{"allow":["GET"]}}],"collection":[{"href":"https:\/\/casadecampoliving.com\/es\/wp-json\/wp\/v2\/posts"}],"about":[{"href":"https:\/\/casadecampoliving.com\/es\/wp-json\/wp\/v2\/types\/post"}],"author":[{"embeddable":true,"href":"https:\/\/casadecampoliving.com\/es\/wp-json\/wp\/v2\/users\/1097"}],"replies":[{"embeddable":true,"href":"https:\/\/casadecampoliving.com\/es\/wp-json\/wp\/v2\/comments?post=347269"}],"version-history":[{"count":1,"href":"https:\/\/casadecampoliving.com\/es\/wp-json\/wp\/v2\/posts\/347269\/revisions"}],"predecessor-version":[{"id":347270,"href":"https:\/\/casadecampoliving.com\/es\/wp-json\/wp\/v2\/posts\/347269\/revisions\/347270"}],"wp:featuredmedia":[{"embeddable":true,"href":"https:\/\/casadecampoliving.com\/es\/wp-json\/wp\/v2\/media\/294411"}],"wp:attachment":[{"href":"https:\/\/casadecampoliving.com\/es\/wp-json\/wp\/v2\/media?parent=347269"}],"wp:term":[{"taxonomy":"category","embeddable":true,"href":"https:\/\/casadecampoliving.com\/es\/wp-json\/wp\/v2\/categories?post=347269"},{"taxonomy":"post_tag","embeddable":true,"href":"https:\/\/casadecampoliving.com\/es\/wp-json\/wp\/v2\/tags?post=347269"},{"taxonomy":"newspack_spnsrs_tax","embeddable":true,"href":"https:\/\/casadecampoliving.com\/es\/wp-json\/wp\/v2\/newspack_spnsrs_tax?post=347269"}],"curies":[{"name":"wp","href":"https:\/\/api.w.org\/{rel}","templated":true}]}}