{"id":347241,"date":"2015-04-20T00:00:00","date_gmt":"2015-04-20T04:00:00","guid":{"rendered":"https:\/\/casadecampoliving.com\/ballet-de-israel-en-la-aldea-cultural-santa-rosa-de-lima\/"},"modified":"2022-10-21T18:58:56","modified_gmt":"2022-10-21T22:58:56","slug":"ballet-de-israel-en-la-aldea-cultural-santa-rosa-de-lima","status":"publish","type":"post","link":"https:\/\/casadecampoliving.com\/es\/ballet-de-israel-en-la-aldea-cultural-santa-rosa-de-lima\/","title":{"rendered":"Ballet de Israel en la Aldea Cultural Santa Rosa de Lima"},"content":{"rendered":"<div class=\"wp-block-image\">\n<figure class=\"aligncenter is-resized\"><img loading=\"lazy\" decoding=\"async\" src=\"https:\/\/i0.wp.com\/casadecampoliving.com\/wp-content\/uploads\/2022\/10\/Untitled-design-3.png?resize=650%2C545&amp;ssl=1\" alt=\"Untitled design\" class=\"wp-image-110778\" height=\"545\" width=\"650\"\/><\/figure>\n<\/div>\n\n\n<p>Este domingo 26 de abril de 2015, la Aldea Cultural Santa&nbsp;Rosa de Lima continuar\u00e1 con su serie de presentaciones patrocinadas por el Ministerio de Cultura de la Rep\u00fablica Dominicana, y en esta ocasi\u00f3n nos invitan a una funci\u00f3n m\u00e1gica de ballet, donde todo el mundo podr\u00e1 disfrutar de una amplia gama de espect\u00e1culos llevados a cabo por el grupo tradicional de danza de Israel \u201cMhoal Ha Medbar\u201d.<\/p>\n\n\n\n<!--more-->\n\n\n\n<p>Esta actividad es realizada por el Ministerio de Cultura de la Rep\u00fablica Dominicana y la comunidad judia de Sosua con motivo del 75\u00ba aniversario de la migraci\u00f3n de jud\u00edos a la Rep\u00fablica Dominicana.<\/p>\n\n\n\n<p>Este es un evento para toda la familia y la mejor opci\u00f3n para apreciar y conmemorar la cultura jud\u00eda y por eso queremos motivar tanto a la comunidad de La Romana como a la comunidad de Casa de Campo a que apoyen esta actividad cultural.<\/p>\n\n\n\n<p>La entrada a este evento es gratis&nbsp;\u2013 por favor corra la voz y vaya con todos sus familiares y amigos a disfrutar de una noche maravillosa en la Aldea Cultural Santa Rosa de Lima en La Romana.<\/p>\n\n\n\n<blockquote class=\"wp-block-quote is-layout-flow wp-block-quote-is-layout-flow\"><p><span style=\"text-decoration: underline;\"><strong>Ballet de Israel en la Aldea Cultural Santa Rosa de Lima<\/strong><\/span><\/p><p><strong>Fecha<\/strong>: Domingo 26 de Abril, 6:00pm<\/p><p><strong>Lugar:<\/strong> Aldea Cultural Santa Rosa de Lima<\/p><p>La Aldea Cultural Santa Rosa de Lima esta a la derecha inmediatamente como si cruzar\u00e1s el puente sobre el rio Salao entrando a La Romana. Es una construcci\u00f3n blanca que se asemeja un poco a una fortaleza (con un nombre \u2013 La Fortaleza).Tienes que estar en el lado de la carretera que conduce desde La Romana con direcci\u00f3n a Casa de Campo, antes de cruzar el puente, gire a la derecha y cruce la v\u00eda f\u00e9rrea.<\/p><p><strong>Costo<\/strong>: \u00a1Gratis!<\/p><p><strong>\u00a1Esperamos verlos a todos por all\u00e1!<\/strong><\/p><\/blockquote>\n","protected":false},"excerpt":{"rendered":"<p>Este domingo 26 de abril de 2015, la Aldea Cultural Santa&nbsp;Rosa de Lima continuar\u00e1 con su serie de presentaciones patrocinadas por el Ministerio de Cultura de la Rep\u00fablica Dominicana, y en esta ocasi\u00f3n nos invitan a una funci\u00f3n m\u00e1gica de ballet, donde todo el mundo podr\u00e1 disfrutar de una amplia gama de espect\u00e1culos llevados a [&hellip;]<\/p>\n","protected":false},"author":1097,"featured_media":293613,"comment_status":"closed","ping_status":"closed","sticky":false,"template":"","format":"standard","meta":{"newspack_ads_suppress_ads":false,"newspack_popups_has_disabled_popups":false,"newspack_sponsor_sponsorship_scope":"","newspack_sponsor_native_byline_display":"inherit","newspack_sponsor_native_category_display":"inherit","newspack_sponsor_underwriter_style":"inherit","newspack_sponsor_underwriter_placement":"inherit","_newspack_byline_active":false,"_newspack_byline":"","newspack_hide_updated_date":false,"newspack_show_updated_date":false,"newspack_content_restriction_is_exempt":false,"newspack_featured_image_position":"","newspack_post_subtitle":"","newspack_article_summary_title":"Overview:","newspack_article_summary":"","_jetpack_memberships_contains_paid_content":false,"footnotes":"","jetpack_publicize_message":"","jetpack_publicize_feature_enabled":true,"jetpack_social_post_already_shared":false,"jetpack_social_options":{"image_generator_settings":{"template":"highway","default_image_id":0,"font":"","enabled":false},"version":2},"_wpas_customize_per_network":false},"categories":[26823,26936,26951,2524,14631,2522,2507,2506,14625,14627,2521,26822],"tags":[9952,3626,8094,24387,6371],"newspack_spnsrs_tax":[],"class_list":["post-347241","post","type-post","status-publish","format-standard","has-post-thumbnail","hentry","category-arte-y-cultura","category-casa-de-campo-living-es","category-ccl-presenta","category-destacados","category-estilo-de-vida","category-eventos-es","category-la-romana-es","category-mas-alla-de-casa-es","category-noticias-locales","category-proximamente","category-republica-dominicana-2","category-resort-casa-de-campo","tag-aldea-cultural-santa-rosa-de-lima-es","tag-casa-de-campo-es","tag-casa-de-campo-community-es","tag-casa-de-campo-living-es","tag-casa-de-campo-resort-es","entry"],"yoast_head":"<!-- This site is optimized with the Yoast SEO plugin v27.5 - https:\/\/yoast.com\/product\/yoast-seo-wordpress\/ -->\n<title>Ballet de Israel en la Aldea Cultural Santa Rosa de Lima | Casa de Campo Living<\/title>\n<meta name=\"description\" content=\"Este domingo 26 de abril de 2015, la Aldea Cultural Santa&nbsp;Rosa de Lima continuar\u00e1 con su serie de presentaciones patrocinadas por el Ministerio de\" \/>\n<meta name=\"robots\" content=\"index, follow, max-snippet:-1, max-image-preview:large, max-video-preview:-1\" \/>\n<link rel=\"canonical\" href=\"https:\/\/casadecampoliving.com\/es\/ballet-de-israel-en-la-aldea-cultural-santa-rosa-de-lima\/\" \/>\n<meta property=\"og:locale\" content=\"es_ES\" \/>\n<meta property=\"og:type\" content=\"article\" \/>\n<meta property=\"og:title\" content=\"Ballet de Israel en la Aldea Cultural Santa Rosa de Lima | Casa de Campo Living\" \/>\n<meta property=\"og:description\" content=\"Este domingo 26 de abril de 2015, la Aldea Cultural Santa&nbsp;Rosa de Lima continuar\u00e1 con su serie de presentaciones patrocinadas por el Ministerio de\" \/>\n<meta property=\"og:url\" content=\"https:\/\/casadecampoliving.com\/es\/ballet-de-israel-en-la-aldea-cultural-santa-rosa-de-lima\/\" \/>\n<meta property=\"og:site_name\" content=\"Casa de Campo Living\" \/>\n<meta property=\"article:publisher\" content=\"https:\/\/www.facebook.com\/casadecampoliving\" \/>\n<meta property=\"article:published_time\" content=\"2015-04-20T04:00:00+00:00\" \/>\n<meta property=\"article:modified_time\" content=\"2022-10-21T22:58:56+00:00\" \/>\n<meta property=\"og:image\" content=\"https:\/\/i0.wp.com\/casadecampoliving.com\/wp-content\/uploads\/2022\/10\/Untitled-design-5.png?fit=940%2C788&ssl=1\" \/>\n\t<meta property=\"og:image:width\" content=\"940\" \/>\n\t<meta property=\"og:image:height\" content=\"788\" \/>\n\t<meta property=\"og:image:type\" content=\"image\/png\" \/>\n<meta name=\"author\" content=\"Perkin Agramonte\" \/>\n<meta name=\"twitter:card\" content=\"summary_large_image\" \/>\n<meta name=\"twitter:creator\" content=\"@cdcliving\" \/>\n<meta name=\"twitter:site\" content=\"@cdcliving\" \/>\n<meta name=\"twitter:label1\" content=\"Escrito por\" \/>\n\t<meta name=\"twitter:data1\" content=\"Perkin Agramonte\" \/>\n\t<meta name=\"twitter:label2\" content=\"Tiempo de lectura\" \/>\n\t<meta name=\"twitter:data2\" content=\"2 minutos\" \/>\n<script type=\"application\/ld+json\" class=\"yoast-schema-graph\">{\"@context\":\"https:\\\/\\\/schema.org\",\"@graph\":[{\"@type\":\"Article\",\"@id\":\"https:\\\/\\\/casadecampoliving.com\\\/es\\\/ballet-de-israel-en-la-aldea-cultural-santa-rosa-de-lima\\\/#article\",\"isPartOf\":{\"@id\":\"https:\\\/\\\/casadecampoliving.com\\\/es\\\/ballet-de-israel-en-la-aldea-cultural-santa-rosa-de-lima\\\/\"},\"author\":{\"name\":\"Perkin Agramonte\",\"@id\":\"https:\\\/\\\/casadecampoliving.com\\\/es\\\/#\\\/schema\\\/person\\\/c8efa6049510554b7d5fea078d728f72\"},\"headline\":\"Ballet de Israel en la Aldea Cultural Santa Rosa de Lima\",\"datePublished\":\"2015-04-20T04:00:00+00:00\",\"dateModified\":\"2022-10-21T22:58:56+00:00\",\"mainEntityOfPage\":{\"@id\":\"https:\\\/\\\/casadecampoliving.com\\\/es\\\/ballet-de-israel-en-la-aldea-cultural-santa-rosa-de-lima\\\/\"},\"wordCount\":316,\"publisher\":{\"@id\":\"https:\\\/\\\/casadecampoliving.com\\\/es\\\/#organization\"},\"image\":{\"@id\":\"https:\\\/\\\/casadecampoliving.com\\\/es\\\/ballet-de-israel-en-la-aldea-cultural-santa-rosa-de-lima\\\/#primaryimage\"},\"thumbnailUrl\":\"https:\\\/\\\/i0.wp.com\\\/casadecampoliving.com\\\/wp-content\\\/uploads\\\/2022\\\/10\\\/Untitled-design-5.png?fit=940%2C788&ssl=1\",\"keywords\":[\"Aldea Cultural Santa Rosa de Lima @es\",\"casa de campo @es\",\"Casa de Campo Community @es\",\"Casa de Campo Living\",\"casa de campo resort @es\"],\"articleSection\":[\"Arte y cultura\",\"Casa de Campo Living @es\",\"CCL presenta\",\"Destacados\",\"Estilo de Vida\",\"Eventos\",\"La Romana @es\",\"M\u00e1s all\u00e1 de Casa\",\"Noticias Locales\",\"Proximamente\",\"Rep\u00fablica Dominicana @es\",\"Resort Casa de Campo\"],\"inLanguage\":\"es\"},{\"@type\":\"WebPage\",\"@id\":\"https:\\\/\\\/casadecampoliving.com\\\/es\\\/ballet-de-israel-en-la-aldea-cultural-santa-rosa-de-lima\\\/\",\"url\":\"https:\\\/\\\/casadecampoliving.com\\\/es\\\/ballet-de-israel-en-la-aldea-cultural-santa-rosa-de-lima\\\/\",\"name\":\"Ballet de Israel en la Aldea Cultural Santa Rosa de Lima | Casa de Campo Living\",\"isPartOf\":{\"@id\":\"https:\\\/\\\/casadecampoliving.com\\\/es\\\/#website\"},\"primaryImageOfPage\":{\"@id\":\"https:\\\/\\\/casadecampoliving.com\\\/es\\\/ballet-de-israel-en-la-aldea-cultural-santa-rosa-de-lima\\\/#primaryimage\"},\"image\":{\"@id\":\"https:\\\/\\\/casadecampoliving.com\\\/es\\\/ballet-de-israel-en-la-aldea-cultural-santa-rosa-de-lima\\\/#primaryimage\"},\"thumbnailUrl\":\"https:\\\/\\\/i0.wp.com\\\/casadecampoliving.com\\\/wp-content\\\/uploads\\\/2022\\\/10\\\/Untitled-design-5.png?fit=940%2C788&ssl=1\",\"datePublished\":\"2015-04-20T04:00:00+00:00\",\"dateModified\":\"2022-10-21T22:58:56+00:00\",\"description\":\"Este domingo 26 de abril de 2015, la Aldea Cultural Santa&nbsp;Rosa de Lima continuar\u00e1 con su serie de presentaciones patrocinadas por el Ministerio de\",\"breadcrumb\":{\"@id\":\"https:\\\/\\\/casadecampoliving.com\\\/es\\\/ballet-de-israel-en-la-aldea-cultural-santa-rosa-de-lima\\\/#breadcrumb\"},\"inLanguage\":\"es\",\"potentialAction\":[{\"@type\":\"ReadAction\",\"target\":[\"https:\\\/\\\/casadecampoliving.com\\\/es\\\/ballet-de-israel-en-la-aldea-cultural-santa-rosa-de-lima\\\/\"]}]},{\"@type\":\"ImageObject\",\"inLanguage\":\"es\",\"@id\":\"https:\\\/\\\/casadecampoliving.com\\\/es\\\/ballet-de-israel-en-la-aldea-cultural-santa-rosa-de-lima\\\/#primaryimage\",\"url\":\"https:\\\/\\\/i0.wp.com\\\/casadecampoliving.com\\\/wp-content\\\/uploads\\\/2022\\\/10\\\/Untitled-design-5.png?fit=940%2C788&ssl=1\",\"contentUrl\":\"https:\\\/\\\/i0.wp.com\\\/casadecampoliving.com\\\/wp-content\\\/uploads\\\/2022\\\/10\\\/Untitled-design-5.png?fit=940%2C788&ssl=1\",\"width\":940,\"height\":788},{\"@type\":\"BreadcrumbList\",\"@id\":\"https:\\\/\\\/casadecampoliving.com\\\/es\\\/ballet-de-israel-en-la-aldea-cultural-santa-rosa-de-lima\\\/#breadcrumb\",\"itemListElement\":[{\"@type\":\"ListItem\",\"position\":1,\"name\":\"Home\",\"item\":\"https:\\\/\\\/casadecampoliving.com\\\/es\\\/\"},{\"@type\":\"ListItem\",\"position\":2,\"name\":\"Ballet de Israel en la Aldea Cultural Santa Rosa de Lima\"}]},{\"@type\":\"WebSite\",\"@id\":\"https:\\\/\\\/casadecampoliving.com\\\/es\\\/#website\",\"url\":\"https:\\\/\\\/casadecampoliving.com\\\/es\\\/\",\"name\":\"Casa de Campo Living\",\"description\":\"Resort community news and resources.\",\"publisher\":{\"@id\":\"https:\\\/\\\/casadecampoliving.com\\\/es\\\/#organization\"},\"potentialAction\":[{\"@type\":\"SearchAction\",\"target\":{\"@type\":\"EntryPoint\",\"urlTemplate\":\"https:\\\/\\\/casadecampoliving.com\\\/es\\\/?s={search_term_string}\"},\"query-input\":{\"@type\":\"PropertyValueSpecification\",\"valueRequired\":true,\"valueName\":\"search_term_string\"}}],\"inLanguage\":\"es\"},{\"@type\":\"Organization\",\"@id\":\"https:\\\/\\\/casadecampoliving.com\\\/es\\\/#organization\",\"name\":\"Casa de Campo Living\",\"url\":\"https:\\\/\\\/casadecampoliving.com\\\/es\\\/\",\"logo\":{\"@type\":\"ImageObject\",\"inLanguage\":\"es\",\"@id\":\"https:\\\/\\\/casadecampoliving.com\\\/es\\\/#\\\/schema\\\/logo\\\/image\\\/\",\"url\":\"https:\\\/\\\/i0.wp.com\\\/casadecampoliving.com\\\/wp-content\\\/uploads\\\/2022\\\/07\\\/CDCLivingLogo_V1-white-sized.png?fit=800%2C214&ssl=1\",\"contentUrl\":\"https:\\\/\\\/i0.wp.com\\\/casadecampoliving.com\\\/wp-content\\\/uploads\\\/2022\\\/07\\\/CDCLivingLogo_V1-white-sized.png?fit=800%2C214&ssl=1\",\"width\":800,\"height\":214,\"caption\":\"Casa de Campo Living\"},\"image\":{\"@id\":\"https:\\\/\\\/casadecampoliving.com\\\/es\\\/#\\\/schema\\\/logo\\\/image\\\/\"},\"sameAs\":[\"https:\\\/\\\/www.facebook.com\\\/casadecampoliving\",\"https:\\\/\\\/x.com\\\/cdcliving\"]},{\"@type\":\"Person\",\"@id\":\"https:\\\/\\\/casadecampoliving.com\\\/es\\\/#\\\/schema\\\/person\\\/c8efa6049510554b7d5fea078d728f72\",\"name\":\"Perkin Agramonte\",\"image\":{\"@type\":\"ImageObject\",\"inLanguage\":\"es\",\"@id\":\"https:\\\/\\\/secure.gravatar.com\\\/avatar\\\/57bfdafcae55fb83dbb79a1585a9eab7f269b7720fb0b64cb9a4e0cd2962fa10?s=96&d=mm&r=g\",\"url\":\"https:\\\/\\\/secure.gravatar.com\\\/avatar\\\/57bfdafcae55fb83dbb79a1585a9eab7f269b7720fb0b64cb9a4e0cd2962fa10?s=96&d=mm&r=g\",\"contentUrl\":\"https:\\\/\\\/secure.gravatar.com\\\/avatar\\\/57bfdafcae55fb83dbb79a1585a9eab7f269b7720fb0b64cb9a4e0cd2962fa10?s=96&d=mm&r=g\",\"caption\":\"Perkin Agramonte\"},\"url\":\"https:\\\/\\\/casadecampoliving.com\\\/es\\\/author\\\/cagramonte\\\/\"}]}<\/script>\n<!-- \/ Yoast SEO plugin. -->","yoast_head_json":{"title":"Ballet de Israel en la Aldea Cultural Santa Rosa de Lima | Casa de Campo Living","description":"Este domingo 26 de abril de 2015, la Aldea Cultural Santa&nbsp;Rosa de Lima continuar\u00e1 con su serie de presentaciones patrocinadas por el Ministerio de","robots":{"index":"index","follow":"follow","max-snippet":"max-snippet:-1","max-image-preview":"max-image-preview:large","max-video-preview":"max-video-preview:-1"},"canonical":"https:\/\/casadecampoliving.com\/es\/ballet-de-israel-en-la-aldea-cultural-santa-rosa-de-lima\/","og_locale":"es_ES","og_type":"article","og_title":"Ballet de Israel en la Aldea Cultural Santa Rosa de Lima | Casa de Campo Living","og_description":"Este domingo 26 de abril de 2015, la Aldea Cultural Santa&nbsp;Rosa de Lima continuar\u00e1 con su serie de presentaciones patrocinadas por el Ministerio de","og_url":"https:\/\/casadecampoliving.com\/es\/ballet-de-israel-en-la-aldea-cultural-santa-rosa-de-lima\/","og_site_name":"Casa de Campo Living","article_publisher":"https:\/\/www.facebook.com\/casadecampoliving","article_published_time":"2015-04-20T04:00:00+00:00","article_modified_time":"2022-10-21T22:58:56+00:00","og_image":[{"width":940,"height":788,"url":"https:\/\/i0.wp.com\/casadecampoliving.com\/wp-content\/uploads\/2022\/10\/Untitled-design-5.png?fit=940%2C788&ssl=1","type":"image\/png"}],"author":"Perkin Agramonte","twitter_card":"summary_large_image","twitter_creator":"@cdcliving","twitter_site":"@cdcliving","twitter_misc":{"Escrito por":"Perkin Agramonte","Tiempo de lectura":"2 minutos"},"schema":{"@context":"https:\/\/schema.org","@graph":[{"@type":"Article","@id":"https:\/\/casadecampoliving.com\/es\/ballet-de-israel-en-la-aldea-cultural-santa-rosa-de-lima\/#article","isPartOf":{"@id":"https:\/\/casadecampoliving.com\/es\/ballet-de-israel-en-la-aldea-cultural-santa-rosa-de-lima\/"},"author":{"name":"Perkin Agramonte","@id":"https:\/\/casadecampoliving.com\/es\/#\/schema\/person\/c8efa6049510554b7d5fea078d728f72"},"headline":"Ballet de Israel en la Aldea Cultural Santa Rosa de Lima","datePublished":"2015-04-20T04:00:00+00:00","dateModified":"2022-10-21T22:58:56+00:00","mainEntityOfPage":{"@id":"https:\/\/casadecampoliving.com\/es\/ballet-de-israel-en-la-aldea-cultural-santa-rosa-de-lima\/"},"wordCount":316,"publisher":{"@id":"https:\/\/casadecampoliving.com\/es\/#organization"},"image":{"@id":"https:\/\/casadecampoliving.com\/es\/ballet-de-israel-en-la-aldea-cultural-santa-rosa-de-lima\/#primaryimage"},"thumbnailUrl":"https:\/\/i0.wp.com\/casadecampoliving.com\/wp-content\/uploads\/2022\/10\/Untitled-design-5.png?fit=940%2C788&ssl=1","keywords":["Aldea Cultural Santa Rosa de Lima @es","casa de campo @es","Casa de Campo Community @es","Casa de Campo Living","casa de campo resort @es"],"articleSection":["Arte y cultura","Casa de Campo Living @es","CCL presenta","Destacados","Estilo de Vida","Eventos","La Romana @es","M\u00e1s all\u00e1 de Casa","Noticias Locales","Proximamente","Rep\u00fablica Dominicana @es","Resort Casa de Campo"],"inLanguage":"es"},{"@type":"WebPage","@id":"https:\/\/casadecampoliving.com\/es\/ballet-de-israel-en-la-aldea-cultural-santa-rosa-de-lima\/","url":"https:\/\/casadecampoliving.com\/es\/ballet-de-israel-en-la-aldea-cultural-santa-rosa-de-lima\/","name":"Ballet de Israel en la Aldea Cultural Santa Rosa de Lima | Casa de Campo Living","isPartOf":{"@id":"https:\/\/casadecampoliving.com\/es\/#website"},"primaryImageOfPage":{"@id":"https:\/\/casadecampoliving.com\/es\/ballet-de-israel-en-la-aldea-cultural-santa-rosa-de-lima\/#primaryimage"},"image":{"@id":"https:\/\/casadecampoliving.com\/es\/ballet-de-israel-en-la-aldea-cultural-santa-rosa-de-lima\/#primaryimage"},"thumbnailUrl":"https:\/\/i0.wp.com\/casadecampoliving.com\/wp-content\/uploads\/2022\/10\/Untitled-design-5.png?fit=940%2C788&ssl=1","datePublished":"2015-04-20T04:00:00+00:00","dateModified":"2022-10-21T22:58:56+00:00","description":"Este domingo 26 de abril de 2015, la Aldea Cultural Santa&nbsp;Rosa de Lima continuar\u00e1 con su serie de presentaciones patrocinadas por el Ministerio de","breadcrumb":{"@id":"https:\/\/casadecampoliving.com\/es\/ballet-de-israel-en-la-aldea-cultural-santa-rosa-de-lima\/#breadcrumb"},"inLanguage":"es","potentialAction":[{"@type":"ReadAction","target":["https:\/\/casadecampoliving.com\/es\/ballet-de-israel-en-la-aldea-cultural-santa-rosa-de-lima\/"]}]},{"@type":"ImageObject","inLanguage":"es","@id":"https:\/\/casadecampoliving.com\/es\/ballet-de-israel-en-la-aldea-cultural-santa-rosa-de-lima\/#primaryimage","url":"https:\/\/i0.wp.com\/casadecampoliving.com\/wp-content\/uploads\/2022\/10\/Untitled-design-5.png?fit=940%2C788&ssl=1","contentUrl":"https:\/\/i0.wp.com\/casadecampoliving.com\/wp-content\/uploads\/2022\/10\/Untitled-design-5.png?fit=940%2C788&ssl=1","width":940,"height":788},{"@type":"BreadcrumbList","@id":"https:\/\/casadecampoliving.com\/es\/ballet-de-israel-en-la-aldea-cultural-santa-rosa-de-lima\/#breadcrumb","itemListElement":[{"@type":"ListItem","position":1,"name":"Home","item":"https:\/\/casadecampoliving.com\/es\/"},{"@type":"ListItem","position":2,"name":"Ballet de Israel en la Aldea Cultural Santa Rosa de Lima"}]},{"@type":"WebSite","@id":"https:\/\/casadecampoliving.com\/es\/#website","url":"https:\/\/casadecampoliving.com\/es\/","name":"Casa de Campo Living","description":"Resort community news and resources.","publisher":{"@id":"https:\/\/casadecampoliving.com\/es\/#organization"},"potentialAction":[{"@type":"SearchAction","target":{"@type":"EntryPoint","urlTemplate":"https:\/\/casadecampoliving.com\/es\/?s={search_term_string}"},"query-input":{"@type":"PropertyValueSpecification","valueRequired":true,"valueName":"search_term_string"}}],"inLanguage":"es"},{"@type":"Organization","@id":"https:\/\/casadecampoliving.com\/es\/#organization","name":"Casa de Campo Living","url":"https:\/\/casadecampoliving.com\/es\/","logo":{"@type":"ImageObject","inLanguage":"es","@id":"https:\/\/casadecampoliving.com\/es\/#\/schema\/logo\/image\/","url":"https:\/\/i0.wp.com\/casadecampoliving.com\/wp-content\/uploads\/2022\/07\/CDCLivingLogo_V1-white-sized.png?fit=800%2C214&ssl=1","contentUrl":"https:\/\/i0.wp.com\/casadecampoliving.com\/wp-content\/uploads\/2022\/07\/CDCLivingLogo_V1-white-sized.png?fit=800%2C214&ssl=1","width":800,"height":214,"caption":"Casa de Campo Living"},"image":{"@id":"https:\/\/casadecampoliving.com\/es\/#\/schema\/logo\/image\/"},"sameAs":["https:\/\/www.facebook.com\/casadecampoliving","https:\/\/x.com\/cdcliving"]},{"@type":"Person","@id":"https:\/\/casadecampoliving.com\/es\/#\/schema\/person\/c8efa6049510554b7d5fea078d728f72","name":"Perkin Agramonte","image":{"@type":"ImageObject","inLanguage":"es","@id":"https:\/\/secure.gravatar.com\/avatar\/57bfdafcae55fb83dbb79a1585a9eab7f269b7720fb0b64cb9a4e0cd2962fa10?s=96&d=mm&r=g","url":"https:\/\/secure.gravatar.com\/avatar\/57bfdafcae55fb83dbb79a1585a9eab7f269b7720fb0b64cb9a4e0cd2962fa10?s=96&d=mm&r=g","contentUrl":"https:\/\/secure.gravatar.com\/avatar\/57bfdafcae55fb83dbb79a1585a9eab7f269b7720fb0b64cb9a4e0cd2962fa10?s=96&d=mm&r=g","caption":"Perkin Agramonte"},"url":"https:\/\/casadecampoliving.com\/es\/author\/cagramonte\/"}]}},"parsely":{"version":"1.1.0","canonical_url":"https:\/\/casadecampoliving.com\/es\/ballet-de-israel-en-la-aldea-cultural-santa-rosa-de-lima\/","smart_links":{"inbound":0,"outbound":0},"traffic_boost_suggestions_count":0,"meta":{"@context":"https:\/\/schema.org","@type":"NewsArticle","headline":"Ballet de Israel en la Aldea Cultural Santa Rosa de Lima","url":"http:\/\/casadecampoliving.com\/es\/ballet-de-israel-en-la-aldea-cultural-santa-rosa-de-lima\/","mainEntityOfPage":{"@type":"WebPage","@id":"http:\/\/casadecampoliving.com\/es\/ballet-de-israel-en-la-aldea-cultural-santa-rosa-de-lima\/"},"thumbnailUrl":"https:\/\/i0.wp.com\/casadecampoliving.com\/wp-content\/uploads\/2022\/10\/Untitled-design-5.png?resize=150%2C150&ssl=1","image":{"@type":"ImageObject","url":"https:\/\/i0.wp.com\/casadecampoliving.com\/wp-content\/uploads\/2022\/10\/Untitled-design-5.png?fit=940%2C788&ssl=1"},"articleSection":"Arte y cultura","author":[{"@type":"Person","name":"Perkin Agramonte"}],"creator":["Perkin Agramonte"],"publisher":{"@type":"Organization","name":"Casa de Campo Living","logo":"https:\/\/casadecampoliving.com\/wp-content\/uploads\/2022\/07\/CDCLivingLogo_V1-white-sized.png"},"keywords":["aldea cultural santa rosa de lima @es","casa de campo @es","casa de campo community @es","casa de campo living","casa de campo resort @es"],"dateCreated":"2015-04-20T04:00:00Z","datePublished":"2015-04-20T04:00:00Z","dateModified":"2022-10-21T22:58:56Z"},"rendered":"<script type=\"application\/ld+json\" class=\"wp-parsely-metadata\">{\"@context\":\"https:\\\/\\\/schema.org\",\"@type\":\"NewsArticle\",\"headline\":\"Ballet de Israel en la Aldea Cultural Santa Rosa de Lima\",\"url\":\"http:\\\/\\\/casadecampoliving.com\\\/es\\\/ballet-de-israel-en-la-aldea-cultural-santa-rosa-de-lima\\\/\",\"mainEntityOfPage\":{\"@type\":\"WebPage\",\"@id\":\"http:\\\/\\\/casadecampoliving.com\\\/es\\\/ballet-de-israel-en-la-aldea-cultural-santa-rosa-de-lima\\\/\"},\"thumbnailUrl\":\"https:\\\/\\\/i0.wp.com\\\/casadecampoliving.com\\\/wp-content\\\/uploads\\\/2022\\\/10\\\/Untitled-design-5.png?resize=150%2C150&ssl=1\",\"image\":{\"@type\":\"ImageObject\",\"url\":\"https:\\\/\\\/i0.wp.com\\\/casadecampoliving.com\\\/wp-content\\\/uploads\\\/2022\\\/10\\\/Untitled-design-5.png?fit=940%2C788&ssl=1\"},\"articleSection\":\"Arte y cultura\",\"author\":[{\"@type\":\"Person\",\"name\":\"Perkin Agramonte\"}],\"creator\":[\"Perkin Agramonte\"],\"publisher\":{\"@type\":\"Organization\",\"name\":\"Casa de Campo Living\",\"logo\":\"https:\\\/\\\/casadecampoliving.com\\\/wp-content\\\/uploads\\\/2022\\\/07\\\/CDCLivingLogo_V1-white-sized.png\"},\"keywords\":[\"aldea cultural santa rosa de lima @es\",\"casa de campo @es\",\"casa de campo community @es\",\"casa de campo living\",\"casa de campo resort @es\"],\"dateCreated\":\"2015-04-20T04:00:00Z\",\"datePublished\":\"2015-04-20T04:00:00Z\",\"dateModified\":\"2022-10-21T22:58:56Z\"}<\/script>","tracker_url":"https:\/\/cdn.parsely.com\/keys\/casadecampoliving.com\/p.js"},"jetpack_publicize_connections":[],"jetpack_featured_media_url":"https:\/\/i0.wp.com\/casadecampoliving.com\/wp-content\/uploads\/2022\/10\/Untitled-design-5.png?fit=940%2C788&ssl=1","jetpack-related-posts":[{"id":346899,"url":"https:\/\/casadecampoliving.com\/es\/ballet-nacional-dominicano-en-la-aldea-cultural-santa-rosa-de-lima\/","url_meta":{"origin":347241,"position":0},"title":"Ballet Nacional Dominicano en la Aldea Cultural Santa Rosa de Lima","author":"Perkin Agramonte","date":"7 Mar, 2015","format":false,"excerpt":"El pr\u00f3ximo s\u00e1bado 14 de marzo de 2015, la Aldea Santa Cultural Rosa de Lima y el Ministerio de Cultura de la Rep\u00fablica Dominicana le invitan a una funci\u00f3n m\u00e1gica de ballet en la Aldea Cultural Santa Rosa de Lima en La Romana, donde todo el mundo podr\u00e1 disfrutar de\u2026","rel":"","context":"En \u00abArte y cultura\u00bb","block_context":{"text":"Arte y cultura","link":"https:\/\/casadecampoliving.com\/category\/arte-y-cultura\/"},"img":{"alt_text":"","src":"https:\/\/i0.wp.com\/casadecampoliving.com\/wp-content\/uploads\/2022\/10\/Dominican_National_Ballet-1.jpg?fit=650%2C407&ssl=1&resize=350%2C200","width":350,"height":200,"srcset":"https:\/\/i0.wp.com\/casadecampoliving.com\/wp-content\/uploads\/2022\/10\/Dominican_National_Ballet-1.jpg?fit=650%2C407&ssl=1&resize=350%2C200 1x, https:\/\/i0.wp.com\/casadecampoliving.com\/wp-content\/uploads\/2022\/10\/Dominican_National_Ballet-1.jpg?fit=650%2C407&ssl=1&resize=525%2C300 1.5x"},"classes":[]},{"id":349176,"url":"https:\/\/casadecampoliving.com\/es\/propulsion-en-la-aldea-cultural-santa-rosa-de-lima\/","url_meta":{"origin":347241,"position":1},"title":"Propulsi\u00f3n en la Aldea Cultural Santa Rosa de Lima","author":"Perkin Agramonte","date":"11 Feb, 2016","format":false,"excerpt":"La Compa\u00f1\u00eda Nacional de Danza Contempor\u00e1nea (CNDC) del Ministerio de Cultura de Rep\u00fablica Dominicana presentar\u00e1 este s\u00e1bado, 13 de febrero en la Aldea Cultural Santa Rosa de Lima la obra llamada \u201cPropulsi\u00f3n\u201d . \u2018Propulsi\u00f3n\u2019 reflexiona sobre la circularidad natural de la vida, versus la ilusi\u00f3n de linealidad, entendida como progresi\u00f3n\u2026","rel":"","context":"En \u00abArte y cultura\u00bb","block_context":{"text":"Arte y cultura","link":"https:\/\/casadecampoliving.com\/category\/arte-y-cultura\/"},"img":{"alt_text":"","src":"https:\/\/i0.wp.com\/casadecampoliving.com\/wp-content\/uploads\/2022\/10\/PROPULSION-1-750x400-1.jpg?fit=750%2C400&ssl=1&resize=350%2C200","width":350,"height":200,"srcset":"https:\/\/i0.wp.com\/casadecampoliving.com\/wp-content\/uploads\/2022\/10\/PROPULSION-1-750x400-1.jpg?fit=750%2C400&ssl=1&resize=350%2C200 1x, https:\/\/i0.wp.com\/casadecampoliving.com\/wp-content\/uploads\/2022\/10\/PROPULSION-1-750x400-1.jpg?fit=750%2C400&ssl=1&resize=525%2C300 1.5x, https:\/\/i0.wp.com\/casadecampoliving.com\/wp-content\/uploads\/2022\/10\/PROPULSION-1-750x400-1.jpg?fit=750%2C400&ssl=1&resize=700%2C400 2x"},"classes":[]},{"id":346607,"url":"https:\/\/casadecampoliving.com\/es\/cultural-celebration-la-aldea-cultural-santa-rosa-de-lima\/","url_meta":{"origin":347241,"position":2},"title":"Celebraci\u00f3n cultural en \u00abLa Aldea Cultural Santa Rosa de Lima\u00bb","author":"Perkin Agramonte","date":"23 Ene, 2015","format":false,"excerpt":"Ma\u00f1ana s\u00e1bado 24 de enero, el Ministerio de Cultura de la Rep\u00fablica Dominicana invita cordialmente a disfrutar del verdadero sabor de la cultura dominicana en la Aldea Cultural Santa Rosa de Lima. La Aldea Cultural Santa Rosa de Lima en colaboraci\u00f3n con El Museo Altagraciano, se une a la Celebraci\u00f3n\u2026","rel":"","context":"En \u00abArte y cultura\u00bb","block_context":{"text":"Arte y cultura","link":"https:\/\/casadecampoliving.com\/category\/arte-y-cultura\/"},"img":{"alt_text":"","src":"https:\/\/i0.wp.com\/casadecampoliving.com\/wp-content\/uploads\/2022\/10\/Frank-Luna-1.png?fit=650%2C450&ssl=1&resize=350%2C200","width":350,"height":200,"srcset":"https:\/\/i0.wp.com\/casadecampoliving.com\/wp-content\/uploads\/2022\/10\/Frank-Luna-1.png?fit=650%2C450&ssl=1&resize=350%2C200 1x, https:\/\/i0.wp.com\/casadecampoliving.com\/wp-content\/uploads\/2022\/10\/Frank-Luna-1.png?fit=650%2C450&ssl=1&resize=525%2C300 1.5x"},"classes":[]},{"id":344966,"url":"https:\/\/casadecampoliving.com\/es\/aldea-cultural-santa-rosa-de-lima-se-abrira\/","url_meta":{"origin":347241,"position":3},"title":"Apertura de la Aldea Cultural Santa Rosa de Lima","author":"Katherine Calca\u00f1o","date":"25 Jul, 2014","format":false,"excerpt":"En Febrero del 2013, se dieron los primeros pasos\u00a0para transformar la vieja prisi\u00f3n \u201cLa Fortaleza\u201d a orillas del r\u00edo Salao en La Romana, en la Aldea Cultural Santa Rosa de Lima. Hoy, finalmente este sue\u00f1o se est\u00e1 convirtiendo en realidad. La Aldea Cultural Santa Rosa de Lima sera oficialmente inaugurada\u2026","rel":"","context":"En \u00abArte y cultura\u00bb","block_context":{"text":"Arte y cultura","link":"https:\/\/casadecampoliving.com\/category\/arte-y-cultura\/"},"img":{"alt_text":"aldea cultural sant rosa de lima","src":"https:\/\/i0.wp.com\/casadecampoliving.com\/wp-content\/uploads\/2022\/10\/aldea_cultural_santa_rosa_lima_la_romana-1.jpg?fit=650%2C335&ssl=1&resize=350%2C200","width":350,"height":200,"srcset":"https:\/\/i0.wp.com\/casadecampoliving.com\/wp-content\/uploads\/2022\/10\/aldea_cultural_santa_rosa_lima_la_romana-1.jpg?fit=650%2C335&ssl=1&resize=350%2C200 1x, https:\/\/i0.wp.com\/casadecampoliving.com\/wp-content\/uploads\/2022\/10\/aldea_cultural_santa_rosa_lima_la_romana-1.jpg?fit=650%2C335&ssl=1&resize=525%2C300 1.5x"},"classes":[]},{"id":345604,"url":"https:\/\/casadecampoliving.com\/es\/bailar-la-fiesta-de-baile-y-musica-folclorica-de-la-aldea-cultural-santa-rosa-de-lima\/","url_meta":{"origin":347241,"position":4},"title":"\u00a1A BAILAR! \u00a1La fiesta de baile y m\u00fasica folcl\u00f3rica de la Aldea Cultural Santa Rosa de Lima!","author":"Daniela Medina","date":"10 Oct, 2014","format":false,"excerpt":"La Aldea Cultural Santa Rosa de Lima les invita cordialmente y con mucho entusiasmo a la gran fiesta de apertura de la \u201cEscuela de Danzas y M\u00fasica Folcl\u00f3rica Dominicana\u201d dirigida por la Maestra Celeste Cruz, este s\u00e1bado 11 de Octubre a las 4:30 pm en la Aldea Cultural Santa Rosa\u2026","rel":"","context":"En \u00abArte y cultura\u00bb","block_context":{"text":"Arte y cultura","link":"https:\/\/casadecampoliving.com\/category\/arte-y-cultura\/"},"img":{"alt_text":"","src":"https:\/\/i0.wp.com\/casadecampoliving.com\/wp-content\/uploads\/2022\/10\/aldea-cultural-santa-rosa-de-lima-1.jpg?fit=800%2C534&ssl=1&resize=350%2C200","width":350,"height":200,"srcset":"https:\/\/i0.wp.com\/casadecampoliving.com\/wp-content\/uploads\/2022\/10\/aldea-cultural-santa-rosa-de-lima-1.jpg?fit=800%2C534&ssl=1&resize=350%2C200 1x, https:\/\/i0.wp.com\/casadecampoliving.com\/wp-content\/uploads\/2022\/10\/aldea-cultural-santa-rosa-de-lima-1.jpg?fit=800%2C534&ssl=1&resize=525%2C300 1.5x, https:\/\/i0.wp.com\/casadecampoliving.com\/wp-content\/uploads\/2022\/10\/aldea-cultural-santa-rosa-de-lima-1.jpg?fit=800%2C534&ssl=1&resize=700%2C400 2x"},"classes":[]},{"id":344982,"url":"https:\/\/casadecampoliving.com\/es\/aldea-cultural-santa-rosa-de-lima-2\/","url_meta":{"origin":347241,"position":5},"title":"Concierto Inaugural de la Aldea Cultural Santa Rosa de Lima","author":"Daniela Medina","date":"28 Jul, 2014","format":false,"excerpt":"La semana pasada les trajimos la emocionante\u00a0noticia de la inminente apertura\u00a0de la Aldea Cultural Santa Rosa de Lima, una nueva aldea cultural en el coraz\u00f3n de La Romana. Hoy les traemos noticias del concierto y exhibici\u00f3n de apertura, a los cuales todos estan cordialmente invitados a compartir en esta celebracion!\u2026","rel":"","context":"En \u00abArte y cultura\u00bb","block_context":{"text":"Arte y cultura","link":"https:\/\/casadecampoliving.com\/category\/arte-y-cultura\/"},"img":{"alt_text":"Aldea Cultural Santa Rosa de Lima","src":"https:\/\/i0.wp.com\/casadecampoliving.com\/wp-content\/uploads\/2022\/10\/Aldea_Cultural_Santa_Rosa_de_Lima-1.jpg?fit=1200%2C444&ssl=1&resize=350%2C200","width":350,"height":200,"srcset":"https:\/\/i0.wp.com\/casadecampoliving.com\/wp-content\/uploads\/2022\/10\/Aldea_Cultural_Santa_Rosa_de_Lima-1.jpg?fit=1200%2C444&ssl=1&resize=350%2C200 1x, https:\/\/i0.wp.com\/casadecampoliving.com\/wp-content\/uploads\/2022\/10\/Aldea_Cultural_Santa_Rosa_de_Lima-1.jpg?fit=1200%2C444&ssl=1&resize=525%2C300 1.5x, https:\/\/i0.wp.com\/casadecampoliving.com\/wp-content\/uploads\/2022\/10\/Aldea_Cultural_Santa_Rosa_de_Lima-1.jpg?fit=1200%2C444&ssl=1&resize=700%2C400 2x, https:\/\/i0.wp.com\/casadecampoliving.com\/wp-content\/uploads\/2022\/10\/Aldea_Cultural_Santa_Rosa_de_Lima-1.jpg?fit=1200%2C444&ssl=1&resize=1050%2C600 3x"},"classes":[]}],"jetpack_sharing_enabled":true,"_links":{"self":[{"href":"https:\/\/casadecampoliving.com\/es\/wp-json\/wp\/v2\/posts\/347241","targetHints":{"allow":["GET"]}}],"collection":[{"href":"https:\/\/casadecampoliving.com\/es\/wp-json\/wp\/v2\/posts"}],"about":[{"href":"https:\/\/casadecampoliving.com\/es\/wp-json\/wp\/v2\/types\/post"}],"author":[{"embeddable":true,"href":"https:\/\/casadecampoliving.com\/es\/wp-json\/wp\/v2\/users\/1097"}],"replies":[{"embeddable":true,"href":"https:\/\/casadecampoliving.com\/es\/wp-json\/wp\/v2\/comments?post=347241"}],"version-history":[{"count":1,"href":"https:\/\/casadecampoliving.com\/es\/wp-json\/wp\/v2\/posts\/347241\/revisions"}],"predecessor-version":[{"id":347242,"href":"https:\/\/casadecampoliving.com\/es\/wp-json\/wp\/v2\/posts\/347241\/revisions\/347242"}],"wp:featuredmedia":[{"embeddable":true,"href":"https:\/\/casadecampoliving.com\/es\/wp-json\/wp\/v2\/media\/293613"}],"wp:attachment":[{"href":"https:\/\/casadecampoliving.com\/es\/wp-json\/wp\/v2\/media?parent=347241"}],"wp:term":[{"taxonomy":"category","embeddable":true,"href":"https:\/\/casadecampoliving.com\/es\/wp-json\/wp\/v2\/categories?post=347241"},{"taxonomy":"post_tag","embeddable":true,"href":"https:\/\/casadecampoliving.com\/es\/wp-json\/wp\/v2\/tags?post=347241"},{"taxonomy":"newspack_spnsrs_tax","embeddable":true,"href":"https:\/\/casadecampoliving.com\/es\/wp-json\/wp\/v2\/newspack_spnsrs_tax?post=347241"}],"curies":[{"name":"wp","href":"https:\/\/api.w.org\/{rel}","templated":true}]}}