{"id":347235,"date":"2015-04-18T00:00:00","date_gmt":"2015-04-18T04:00:00","guid":{"rendered":"https:\/\/casadecampoliving.com\/anote-la-fecha-para-el-fin-de-semana-familiar-fundacion-mir\/"},"modified":"2022-10-21T18:58:45","modified_gmt":"2022-10-21T22:58:45","slug":"anote-la-fecha-para-el-fin-de-semana-familiar-fundacion-mir","status":"publish","type":"post","link":"https:\/\/casadecampoliving.com\/es\/anote-la-fecha-para-el-fin-de-semana-familiar-fundacion-mir\/","title":{"rendered":"Anote la fecha para el Fin de Semana Familiar Fundaci\u00f3n MIR"},"content":{"rendered":"<div class=\"wp-block-image\">\n<figure class=\"aligncenter is-resized\"><img loading=\"lazy\" decoding=\"async\" src=\"https:\/\/i0.wp.com\/casadecampoliving.com\/wp-content\/uploads\/2022\/10\/Fundacion_MIR_Family_weekend_ESP-2.jpg?resize=650%2C464&amp;ssl=1\" alt=\"Fundacion_MIR_Family_weekend_ESP\" class=\"wp-image-110767\" height=\"464\" width=\"650\"\/><\/figure>\n<\/div>\n\n\n<p><strong>\u00a1Reserve la fecha! <\/strong>Unase a nosotros para uno de los eventos m\u00e1s espectaculares;&nbsp;el \u201cFin de Semana Familiar de la Fundaci\u00f3n MIR\u201d. Este a\u00f1o esta gran celebraci\u00f3n para toda la familia tendr\u00e1 lugar el s\u00e1bado 15 de agosto de 2015.<\/p>\n\n\n\n<!--more-->\n\n\n\n<p><em><strong>\u201cEducation, the gift that keeps on giving\u201d&nbsp;<\/strong><\/em>(La educaci\u00f3n, el regalo que sigue dando), es el lema de la Fundaci\u00f3n MIR, cuya caridad hace que funcione 3 colegios en La Romana, con m\u00e1s de 1.000 alumnos \u2013 y por lo tanto cuando se asiste a Fin de Semana Familiar de la Fundaci\u00f3n MIR para la vida de este verano (15 de agosto) su donaci\u00f3n contribuir\u00e1 al \u00e9xito futuro de estos ni\u00f1os prometedores y con talento.<\/p>\n\n\n<div class=\"wp-block-image\">\n<figure class=\"aligncenter is-resized\"><img loading=\"lazy\" decoding=\"async\" src=\"https:\/\/i0.wp.com\/casadecampoliving.com\/wp-content\/uploads\/2022\/10\/Fundacion_MIR_La_Romana1.jpg?resize=650%2C432&amp;ssl=1\" alt=\"Fundacion MIR, La Romana\" class=\"wp-image-105307\" height=\"432\" width=\"650\"\/><\/figure>\n<\/div>\n\n\n<p>El fin de semana para la vida de la Fundaci\u00f3n MIR es una gran oportunidad &nbsp;no s\u00f3lo para contribuir con esta causa, sino tambi\u00e9n para pasar un buen rato con su familia y amigos en la Casa de Campo -, donde los residentes, visitantes y due\u00f1os de villa disfrutaran un fabuloso d\u00eda de golf en La Romana Country Club, un torneo de tenis en el Club de Tenis La Terraza, as\u00ed como de la cena de gala \u201cDanza por la vida\u201d.<\/p>\n\n\n<div class=\"wp-block-image\">\n<figure class=\"aligncenter is-resized\"><img loading=\"lazy\" decoding=\"async\" src=\"https:\/\/i0.wp.com\/casadecampoliving.com\/wp-content\/uploads\/2022\/10\/fundacion_MIR-41.jpg?resize=650%2C434&amp;ssl=1\" alt=\"Fundacion MIR\" class=\"wp-image-96831\" height=\"434\" width=\"650\"\/><\/figure>\n<\/div>\n\n\n<p>Este a\u00f1o, los residentes, visitantes y due\u00f1os de villas de Casa de Campo podr\u00e1n disfrutar de una fabulosa &nbsp;premiaci\u00f3n de los torneos durante una espectacular Cena y Baile a celebrarse en la Playa Minitas.<\/p>\n\n\n\n<blockquote class=\"wp-block-quote is-layout-flow wp-block-quote-is-layout-flow\"><p style=\"text-align: left;\"><strong>Anote la Fecha! Fundaci\u00f3n MIR Fin de Semana Familiar por la Vida<\/strong><\/p><p style=\"text-align: left;\"><strong>Fecha:<\/strong> S\u00e1bado 15 de agosto, 2015<\/p><p style=\"text-align: left;\"><strong>Lugar:<\/strong> Casa de Campo Resort, La Romana<\/p><p style=\"text-align: left;\"><strong>Actividades:<\/strong> Torneos de golf y tenis, as\u00ed como una ceremonia de premiaci\u00f3n, durante la Cena de Gala.<\/p><p style=\"text-align: left;\"><strong>Contactos:<\/strong>&nbsp;(809)-523-8270 (DR), (561)-366-5095 (USA)<\/p><\/blockquote>\n\n\n\n<p>Tenemos muy buenos recuerdos del fin de semana familiar por la vida de la Fundaci\u00f3n MIR &nbsp;2014! Haga clic en los enlaces de abajo para ver las fotos y recordar los buenos tiempos!<\/p>\n\n\n\n<blockquote><p><a href=\"http:\/\/wp.me\/p1kvEy-oTD\"><strong>\u00a1Un fabuloso Fin de Semana Familiar con la Fundaci\u00f3n MIR!<\/strong><\/a><\/p><figure><img decoding=\"async\" loading=\"lazy\" class=\"aligncenter size-full wp-image-95728\" src=\"https:\/\/i0.wp.com\/casadecampoliving.com\/wp-content\/uploads\/2022\/10\/Fundacion_MIR_Family_Weekend.jpg?resize=650%2C433&amp;ssl=1\" alt=\"Fundacion MIR Family Weekend\" width=\"650\" height=\"433\"><\/figure><p style=\"text-align: left;\">El s\u00e1bado 16 de Agosto, no s\u00f3lo celebramos el D\u00eda de la Restauraci\u00f3n (Haga clic aqu\u00ed para ver en qu\u00e9 consiste)&nbsp;aqu\u00ed en Rep\u00fablica Dominicana, pero tambi\u00e9n disfrutamos del Fin de Semana familiar anual de Fundaci\u00f3n MIR!<\/p><p><a href=\"http:\/\/wp.me\/p1kvEy-oTD\"><em><strong>\u00a1Haga clic aqu\u00ed para las fotos y la historia completa!<\/strong><\/em><\/a><\/p><\/blockquote>\n\n\n\n<blockquote><p><strong><a href=\"https:\/\/casadecampoliving.com\/the-fundacion-mir\/\">La Fundaci\u00f3n&nbsp;MIR<\/a><\/strong><\/p><figure><img decoding=\"async\" loading=\"lazy\" class=\"aligncenter size-full wp-image-69394\" title=\"fundacion_MIR\" src=\"https:\/\/i0.wp.com\/casadecampoliving.com\/wp-content\/uploads\/2022\/10\/fundacion_MIR2-2.jpg?resize=620%2C311&amp;ssl=1\" alt=\"fundacion MIR\" width=\"620\" height=\"311\"><\/figure><figure><img decoding=\"async\" loading=\"lazy\" class=\"alignright\" title=\"fundacion_MIR\" src=\"https:\/\/i0.wp.com\/casadecampoliving.com\/wp-content\/uploads\/2022\/10\/fundacion_MIR.jpg?resize=144%2C138&amp;ssl=1\" alt=\"\" width=\"144\" height=\"138\"><\/figure><p>La&nbsp;<a href=\"https:\/\/casadecampoliving.com\/the-fundacion-mir\/\">Fundaci\u00f3n MIR&nbsp;<\/a>&nbsp;es una organizac\u00f3n sin fines de lucro que trabaja para proveerle educaci\u00f3n a los ni\u00f1os m\u00e1s necesitados de La Romana. Ellos dirigen tres escuelas; MIR Esperanza (escuela vocacional de ni\u00f1os), la Escuela Tecnica Vocacional&nbsp;Fundaci\u00f3n&nbsp;MIR (escuela vocacional de ni\u00f1as) y la&nbsp;<a href=\"https:\/\/casadecampoliving.com\/the-fundacion-mir\/\">Primaria MIR&nbsp;<\/a>(escuela infantil).<\/p><p>Para m\u00e1s informaci\u00f3n sobre la Fundaci\u00f3n MIR y para hacer una donaci\u00f3n, favor visitar la p\u00e1gina web:&nbsp;<a href=\"http:\/\/www.mirinternational.org\/\">www.FundacionMIR.org<\/a><\/p><p>Para hacer una donaci\u00f3n contacte la oficina MIR en Casa de Campo(809-523-8270) o en West Palm Beach (561-366-5095). \u00a1Donaciones para los ciudadanos de Estados Unidos son deducibles de impuestos!<\/p><p><em><strong><a href=\"https:\/\/casadecampoliving.com\/the-fundacion-mir\/\">Para descrubir m\u00e1s y leer art\u00edculos sobre otros eventos organizados por la Fundaci\u00f3n MIR \u2013 \u00a1cliquee aqu\u00ed!<\/a><\/strong><\/em><\/p><\/blockquote>\n","protected":false},"excerpt":{"rendered":"<p>\u00a1Reserve la fecha! Unase a nosotros para uno de los eventos m\u00e1s espectaculares;&nbsp;el \u201cFin de Semana Familiar de la Fundaci\u00f3n MIR\u201d. Este a\u00f1o esta gran celebraci\u00f3n para toda la familia tendr\u00e1 lugar el s\u00e1bado 15 de agosto de 2015.<\/p>\n","protected":false},"author":1097,"featured_media":293542,"comment_status":"closed","ping_status":"closed","sticky":false,"template":"","format":"standard","meta":{"newspack_ads_suppress_ads":false,"newspack_popups_has_disabled_popups":false,"newspack_sponsor_sponsorship_scope":"","newspack_sponsor_native_byline_display":"inherit","newspack_sponsor_native_category_display":"inherit","newspack_sponsor_underwriter_style":"inherit","newspack_sponsor_underwriter_placement":"inherit","_newspack_byline_active":false,"_newspack_byline":"","newspack_hide_updated_date":false,"newspack_show_updated_date":false,"newspack_content_restriction_is_exempt":false,"newspack_featured_image_position":"","newspack_post_subtitle":"","newspack_article_summary_title":"Overview:","newspack_article_summary":"","_jetpack_memberships_contains_paid_content":false,"footnotes":"","jetpack_publicize_message":"","jetpack_publicize_feature_enabled":true,"jetpack_social_post_already_shared":false,"jetpack_social_options":{"image_generator_settings":{"template":"highway","default_image_id":0,"font":"","enabled":false},"version":2},"_wpas_customize_per_network":false},"categories":[26936,26951,2524,2522,2515,2514,14625,14627,26822],"tags":[3626,8094,24387,6371,24715],"newspack_spnsrs_tax":[],"class_list":["post-347235","post","type-post","status-publish","format-standard","has-post-thumbnail","hentry","category-casa-de-campo-living-es","category-ccl-presenta","category-destacados","category-eventos-es","category-fundacion-mir-es","category-fundaciones-es","category-noticias-locales","category-proximamente","category-resort-casa-de-campo","tag-casa-de-campo-es","tag-casa-de-campo-community-es","tag-casa-de-campo-living-es","tag-casa-de-campo-resort-es","tag-fundacion-mir-es","entry"],"yoast_head":"<!-- This site is optimized with the Yoast SEO plugin v27.5 - https:\/\/yoast.com\/product\/yoast-seo-wordpress\/ -->\n<title>Anote la fecha para el Fin de Semana Familiar Fundaci\u00f3n MIR | Casa de Campo Living<\/title>\n<meta name=\"description\" content=\"\u00a1Reserve la fecha! Unase a nosotros para uno de los eventos m\u00e1s espectaculares;&nbsp;el \u201cFin de Semana Familiar de la Fundaci\u00f3n MIR\u201d. Este a\u00f1o esta gran\" \/>\n<meta name=\"robots\" content=\"index, follow, max-snippet:-1, max-image-preview:large, max-video-preview:-1\" \/>\n<link rel=\"canonical\" href=\"https:\/\/casadecampoliving.com\/es\/anote-la-fecha-para-el-fin-de-semana-familiar-fundacion-mir\/\" \/>\n<meta property=\"og:locale\" content=\"es_ES\" \/>\n<meta property=\"og:type\" content=\"article\" \/>\n<meta property=\"og:title\" content=\"Anote la fecha para el Fin de Semana Familiar Fundaci\u00f3n MIR | Casa de Campo Living\" \/>\n<meta property=\"og:description\" content=\"\u00a1Reserve la fecha! Unase a nosotros para uno de los eventos m\u00e1s espectaculares;&nbsp;el \u201cFin de Semana Familiar de la Fundaci\u00f3n MIR\u201d. Este a\u00f1o esta gran\" \/>\n<meta property=\"og:url\" content=\"https:\/\/casadecampoliving.com\/es\/anote-la-fecha-para-el-fin-de-semana-familiar-fundacion-mir\/\" \/>\n<meta property=\"og:site_name\" content=\"Casa de Campo Living\" \/>\n<meta property=\"article:publisher\" content=\"https:\/\/www.facebook.com\/casadecampoliving\" \/>\n<meta property=\"article:published_time\" content=\"2015-04-18T04:00:00+00:00\" \/>\n<meta property=\"article:modified_time\" content=\"2022-10-21T22:58:45+00:00\" \/>\n<meta property=\"og:image\" content=\"https:\/\/i0.wp.com\/casadecampoliving.com\/wp-content\/uploads\/2022\/10\/Fundacion_MIR_Family_Weekend-2.jpg?fit=960%2C685&ssl=1\" \/>\n\t<meta property=\"og:image:width\" content=\"960\" \/>\n\t<meta property=\"og:image:height\" content=\"685\" \/>\n\t<meta property=\"og:image:type\" content=\"image\/jpeg\" \/>\n<meta name=\"author\" content=\"Perkin Agramonte\" \/>\n<meta name=\"twitter:card\" content=\"summary_large_image\" \/>\n<meta name=\"twitter:creator\" content=\"@cdcliving\" \/>\n<meta name=\"twitter:site\" content=\"@cdcliving\" \/>\n<meta name=\"twitter:label1\" content=\"Escrito por\" \/>\n\t<meta name=\"twitter:data1\" content=\"Perkin Agramonte\" \/>\n\t<meta name=\"twitter:label2\" content=\"Tiempo de lectura\" \/>\n\t<meta name=\"twitter:data2\" content=\"3 minutos\" \/>\n<script type=\"application\/ld+json\" class=\"yoast-schema-graph\">{\"@context\":\"https:\\\/\\\/schema.org\",\"@graph\":[{\"@type\":\"Article\",\"@id\":\"https:\\\/\\\/casadecampoliving.com\\\/es\\\/anote-la-fecha-para-el-fin-de-semana-familiar-fundacion-mir\\\/#article\",\"isPartOf\":{\"@id\":\"https:\\\/\\\/casadecampoliving.com\\\/es\\\/anote-la-fecha-para-el-fin-de-semana-familiar-fundacion-mir\\\/\"},\"author\":{\"name\":\"Perkin Agramonte\",\"@id\":\"https:\\\/\\\/casadecampoliving.com\\\/es\\\/#\\\/schema\\\/person\\\/c8efa6049510554b7d5fea078d728f72\"},\"headline\":\"Anote la fecha para el Fin de Semana Familiar Fundaci\u00f3n MIR\",\"datePublished\":\"2015-04-18T04:00:00+00:00\",\"dateModified\":\"2022-10-21T22:58:45+00:00\",\"mainEntityOfPage\":{\"@id\":\"https:\\\/\\\/casadecampoliving.com\\\/es\\\/anote-la-fecha-para-el-fin-de-semana-familiar-fundacion-mir\\\/\"},\"wordCount\":557,\"publisher\":{\"@id\":\"https:\\\/\\\/casadecampoliving.com\\\/es\\\/#organization\"},\"image\":{\"@id\":\"https:\\\/\\\/casadecampoliving.com\\\/es\\\/anote-la-fecha-para-el-fin-de-semana-familiar-fundacion-mir\\\/#primaryimage\"},\"thumbnailUrl\":\"https:\\\/\\\/i0.wp.com\\\/casadecampoliving.com\\\/wp-content\\\/uploads\\\/2022\\\/10\\\/Fundacion_MIR_Family_Weekend-2.jpg?fit=960%2C685&ssl=1\",\"keywords\":[\"casa de campo @es\",\"Casa de Campo Community @es\",\"Casa de Campo Living\",\"casa de campo resort @es\",\"Fundacion MIR\"],\"articleSection\":[\"Casa de Campo Living @es\",\"CCL presenta\",\"Destacados\",\"Eventos\",\"Fundaci\u00f3n MIR @es\",\"Fundaciones\",\"Noticias Locales\",\"Proximamente\",\"Resort Casa de Campo\"],\"inLanguage\":\"es\"},{\"@type\":\"WebPage\",\"@id\":\"https:\\\/\\\/casadecampoliving.com\\\/es\\\/anote-la-fecha-para-el-fin-de-semana-familiar-fundacion-mir\\\/\",\"url\":\"https:\\\/\\\/casadecampoliving.com\\\/es\\\/anote-la-fecha-para-el-fin-de-semana-familiar-fundacion-mir\\\/\",\"name\":\"Anote la fecha para el Fin de Semana Familiar Fundaci\u00f3n MIR | Casa de Campo Living\",\"isPartOf\":{\"@id\":\"https:\\\/\\\/casadecampoliving.com\\\/es\\\/#website\"},\"primaryImageOfPage\":{\"@id\":\"https:\\\/\\\/casadecampoliving.com\\\/es\\\/anote-la-fecha-para-el-fin-de-semana-familiar-fundacion-mir\\\/#primaryimage\"},\"image\":{\"@id\":\"https:\\\/\\\/casadecampoliving.com\\\/es\\\/anote-la-fecha-para-el-fin-de-semana-familiar-fundacion-mir\\\/#primaryimage\"},\"thumbnailUrl\":\"https:\\\/\\\/i0.wp.com\\\/casadecampoliving.com\\\/wp-content\\\/uploads\\\/2022\\\/10\\\/Fundacion_MIR_Family_Weekend-2.jpg?fit=960%2C685&ssl=1\",\"datePublished\":\"2015-04-18T04:00:00+00:00\",\"dateModified\":\"2022-10-21T22:58:45+00:00\",\"description\":\"\u00a1Reserve la fecha! Unase a nosotros para uno de los eventos m\u00e1s espectaculares;&nbsp;el \u201cFin de Semana Familiar de la Fundaci\u00f3n MIR\u201d. Este a\u00f1o esta gran\",\"breadcrumb\":{\"@id\":\"https:\\\/\\\/casadecampoliving.com\\\/es\\\/anote-la-fecha-para-el-fin-de-semana-familiar-fundacion-mir\\\/#breadcrumb\"},\"inLanguage\":\"es\",\"potentialAction\":[{\"@type\":\"ReadAction\",\"target\":[\"https:\\\/\\\/casadecampoliving.com\\\/es\\\/anote-la-fecha-para-el-fin-de-semana-familiar-fundacion-mir\\\/\"]}]},{\"@type\":\"ImageObject\",\"inLanguage\":\"es\",\"@id\":\"https:\\\/\\\/casadecampoliving.com\\\/es\\\/anote-la-fecha-para-el-fin-de-semana-familiar-fundacion-mir\\\/#primaryimage\",\"url\":\"https:\\\/\\\/i0.wp.com\\\/casadecampoliving.com\\\/wp-content\\\/uploads\\\/2022\\\/10\\\/Fundacion_MIR_Family_Weekend-2.jpg?fit=960%2C685&ssl=1\",\"contentUrl\":\"https:\\\/\\\/i0.wp.com\\\/casadecampoliving.com\\\/wp-content\\\/uploads\\\/2022\\\/10\\\/Fundacion_MIR_Family_Weekend-2.jpg?fit=960%2C685&ssl=1\",\"width\":960,\"height\":685},{\"@type\":\"BreadcrumbList\",\"@id\":\"https:\\\/\\\/casadecampoliving.com\\\/es\\\/anote-la-fecha-para-el-fin-de-semana-familiar-fundacion-mir\\\/#breadcrumb\",\"itemListElement\":[{\"@type\":\"ListItem\",\"position\":1,\"name\":\"Home\",\"item\":\"https:\\\/\\\/casadecampoliving.com\\\/es\\\/\"},{\"@type\":\"ListItem\",\"position\":2,\"name\":\"Anote la fecha para el Fin de Semana Familiar Fundaci\u00f3n MIR\"}]},{\"@type\":\"WebSite\",\"@id\":\"https:\\\/\\\/casadecampoliving.com\\\/es\\\/#website\",\"url\":\"https:\\\/\\\/casadecampoliving.com\\\/es\\\/\",\"name\":\"Casa de Campo Living\",\"description\":\"Resort community news and resources.\",\"publisher\":{\"@id\":\"https:\\\/\\\/casadecampoliving.com\\\/es\\\/#organization\"},\"potentialAction\":[{\"@type\":\"SearchAction\",\"target\":{\"@type\":\"EntryPoint\",\"urlTemplate\":\"https:\\\/\\\/casadecampoliving.com\\\/es\\\/?s={search_term_string}\"},\"query-input\":{\"@type\":\"PropertyValueSpecification\",\"valueRequired\":true,\"valueName\":\"search_term_string\"}}],\"inLanguage\":\"es\"},{\"@type\":\"Organization\",\"@id\":\"https:\\\/\\\/casadecampoliving.com\\\/es\\\/#organization\",\"name\":\"Casa de Campo Living\",\"url\":\"https:\\\/\\\/casadecampoliving.com\\\/es\\\/\",\"logo\":{\"@type\":\"ImageObject\",\"inLanguage\":\"es\",\"@id\":\"https:\\\/\\\/casadecampoliving.com\\\/es\\\/#\\\/schema\\\/logo\\\/image\\\/\",\"url\":\"https:\\\/\\\/i0.wp.com\\\/casadecampoliving.com\\\/wp-content\\\/uploads\\\/2022\\\/07\\\/CDCLivingLogo_V1-white-sized.png?fit=800%2C214&ssl=1\",\"contentUrl\":\"https:\\\/\\\/i0.wp.com\\\/casadecampoliving.com\\\/wp-content\\\/uploads\\\/2022\\\/07\\\/CDCLivingLogo_V1-white-sized.png?fit=800%2C214&ssl=1\",\"width\":800,\"height\":214,\"caption\":\"Casa de Campo Living\"},\"image\":{\"@id\":\"https:\\\/\\\/casadecampoliving.com\\\/es\\\/#\\\/schema\\\/logo\\\/image\\\/\"},\"sameAs\":[\"https:\\\/\\\/www.facebook.com\\\/casadecampoliving\",\"https:\\\/\\\/x.com\\\/cdcliving\"]},{\"@type\":\"Person\",\"@id\":\"https:\\\/\\\/casadecampoliving.com\\\/es\\\/#\\\/schema\\\/person\\\/c8efa6049510554b7d5fea078d728f72\",\"name\":\"Perkin Agramonte\",\"image\":{\"@type\":\"ImageObject\",\"inLanguage\":\"es\",\"@id\":\"https:\\\/\\\/secure.gravatar.com\\\/avatar\\\/57bfdafcae55fb83dbb79a1585a9eab7f269b7720fb0b64cb9a4e0cd2962fa10?s=96&d=mm&r=g\",\"url\":\"https:\\\/\\\/secure.gravatar.com\\\/avatar\\\/57bfdafcae55fb83dbb79a1585a9eab7f269b7720fb0b64cb9a4e0cd2962fa10?s=96&d=mm&r=g\",\"contentUrl\":\"https:\\\/\\\/secure.gravatar.com\\\/avatar\\\/57bfdafcae55fb83dbb79a1585a9eab7f269b7720fb0b64cb9a4e0cd2962fa10?s=96&d=mm&r=g\",\"caption\":\"Perkin Agramonte\"},\"url\":\"https:\\\/\\\/casadecampoliving.com\\\/es\\\/author\\\/cagramonte\\\/\"}]}<\/script>\n<!-- \/ Yoast SEO plugin. -->","yoast_head_json":{"title":"Anote la fecha para el Fin de Semana Familiar Fundaci\u00f3n MIR | Casa de Campo Living","description":"\u00a1Reserve la fecha! Unase a nosotros para uno de los eventos m\u00e1s espectaculares;&nbsp;el \u201cFin de Semana Familiar de la Fundaci\u00f3n MIR\u201d. Este a\u00f1o esta gran","robots":{"index":"index","follow":"follow","max-snippet":"max-snippet:-1","max-image-preview":"max-image-preview:large","max-video-preview":"max-video-preview:-1"},"canonical":"https:\/\/casadecampoliving.com\/es\/anote-la-fecha-para-el-fin-de-semana-familiar-fundacion-mir\/","og_locale":"es_ES","og_type":"article","og_title":"Anote la fecha para el Fin de Semana Familiar Fundaci\u00f3n MIR | Casa de Campo Living","og_description":"\u00a1Reserve la fecha! Unase a nosotros para uno de los eventos m\u00e1s espectaculares;&nbsp;el \u201cFin de Semana Familiar de la Fundaci\u00f3n MIR\u201d. Este a\u00f1o esta gran","og_url":"https:\/\/casadecampoliving.com\/es\/anote-la-fecha-para-el-fin-de-semana-familiar-fundacion-mir\/","og_site_name":"Casa de Campo Living","article_publisher":"https:\/\/www.facebook.com\/casadecampoliving","article_published_time":"2015-04-18T04:00:00+00:00","article_modified_time":"2022-10-21T22:58:45+00:00","og_image":[{"width":960,"height":685,"url":"https:\/\/i0.wp.com\/casadecampoliving.com\/wp-content\/uploads\/2022\/10\/Fundacion_MIR_Family_Weekend-2.jpg?fit=960%2C685&ssl=1","type":"image\/jpeg"}],"author":"Perkin Agramonte","twitter_card":"summary_large_image","twitter_creator":"@cdcliving","twitter_site":"@cdcliving","twitter_misc":{"Escrito por":"Perkin Agramonte","Tiempo de lectura":"3 minutos"},"schema":{"@context":"https:\/\/schema.org","@graph":[{"@type":"Article","@id":"https:\/\/casadecampoliving.com\/es\/anote-la-fecha-para-el-fin-de-semana-familiar-fundacion-mir\/#article","isPartOf":{"@id":"https:\/\/casadecampoliving.com\/es\/anote-la-fecha-para-el-fin-de-semana-familiar-fundacion-mir\/"},"author":{"name":"Perkin Agramonte","@id":"https:\/\/casadecampoliving.com\/es\/#\/schema\/person\/c8efa6049510554b7d5fea078d728f72"},"headline":"Anote la fecha para el Fin de Semana Familiar Fundaci\u00f3n MIR","datePublished":"2015-04-18T04:00:00+00:00","dateModified":"2022-10-21T22:58:45+00:00","mainEntityOfPage":{"@id":"https:\/\/casadecampoliving.com\/es\/anote-la-fecha-para-el-fin-de-semana-familiar-fundacion-mir\/"},"wordCount":557,"publisher":{"@id":"https:\/\/casadecampoliving.com\/es\/#organization"},"image":{"@id":"https:\/\/casadecampoliving.com\/es\/anote-la-fecha-para-el-fin-de-semana-familiar-fundacion-mir\/#primaryimage"},"thumbnailUrl":"https:\/\/i0.wp.com\/casadecampoliving.com\/wp-content\/uploads\/2022\/10\/Fundacion_MIR_Family_Weekend-2.jpg?fit=960%2C685&ssl=1","keywords":["casa de campo @es","Casa de Campo Community @es","Casa de Campo Living","casa de campo resort @es","Fundacion MIR"],"articleSection":["Casa de Campo Living @es","CCL presenta","Destacados","Eventos","Fundaci\u00f3n MIR @es","Fundaciones","Noticias Locales","Proximamente","Resort Casa de Campo"],"inLanguage":"es"},{"@type":"WebPage","@id":"https:\/\/casadecampoliving.com\/es\/anote-la-fecha-para-el-fin-de-semana-familiar-fundacion-mir\/","url":"https:\/\/casadecampoliving.com\/es\/anote-la-fecha-para-el-fin-de-semana-familiar-fundacion-mir\/","name":"Anote la fecha para el Fin de Semana Familiar Fundaci\u00f3n MIR | Casa de Campo Living","isPartOf":{"@id":"https:\/\/casadecampoliving.com\/es\/#website"},"primaryImageOfPage":{"@id":"https:\/\/casadecampoliving.com\/es\/anote-la-fecha-para-el-fin-de-semana-familiar-fundacion-mir\/#primaryimage"},"image":{"@id":"https:\/\/casadecampoliving.com\/es\/anote-la-fecha-para-el-fin-de-semana-familiar-fundacion-mir\/#primaryimage"},"thumbnailUrl":"https:\/\/i0.wp.com\/casadecampoliving.com\/wp-content\/uploads\/2022\/10\/Fundacion_MIR_Family_Weekend-2.jpg?fit=960%2C685&ssl=1","datePublished":"2015-04-18T04:00:00+00:00","dateModified":"2022-10-21T22:58:45+00:00","description":"\u00a1Reserve la fecha! Unase a nosotros para uno de los eventos m\u00e1s espectaculares;&nbsp;el \u201cFin de Semana Familiar de la Fundaci\u00f3n MIR\u201d. Este a\u00f1o esta gran","breadcrumb":{"@id":"https:\/\/casadecampoliving.com\/es\/anote-la-fecha-para-el-fin-de-semana-familiar-fundacion-mir\/#breadcrumb"},"inLanguage":"es","potentialAction":[{"@type":"ReadAction","target":["https:\/\/casadecampoliving.com\/es\/anote-la-fecha-para-el-fin-de-semana-familiar-fundacion-mir\/"]}]},{"@type":"ImageObject","inLanguage":"es","@id":"https:\/\/casadecampoliving.com\/es\/anote-la-fecha-para-el-fin-de-semana-familiar-fundacion-mir\/#primaryimage","url":"https:\/\/i0.wp.com\/casadecampoliving.com\/wp-content\/uploads\/2022\/10\/Fundacion_MIR_Family_Weekend-2.jpg?fit=960%2C685&ssl=1","contentUrl":"https:\/\/i0.wp.com\/casadecampoliving.com\/wp-content\/uploads\/2022\/10\/Fundacion_MIR_Family_Weekend-2.jpg?fit=960%2C685&ssl=1","width":960,"height":685},{"@type":"BreadcrumbList","@id":"https:\/\/casadecampoliving.com\/es\/anote-la-fecha-para-el-fin-de-semana-familiar-fundacion-mir\/#breadcrumb","itemListElement":[{"@type":"ListItem","position":1,"name":"Home","item":"https:\/\/casadecampoliving.com\/es\/"},{"@type":"ListItem","position":2,"name":"Anote la fecha para el Fin de Semana Familiar Fundaci\u00f3n MIR"}]},{"@type":"WebSite","@id":"https:\/\/casadecampoliving.com\/es\/#website","url":"https:\/\/casadecampoliving.com\/es\/","name":"Casa de Campo Living","description":"Resort community news and resources.","publisher":{"@id":"https:\/\/casadecampoliving.com\/es\/#organization"},"potentialAction":[{"@type":"SearchAction","target":{"@type":"EntryPoint","urlTemplate":"https:\/\/casadecampoliving.com\/es\/?s={search_term_string}"},"query-input":{"@type":"PropertyValueSpecification","valueRequired":true,"valueName":"search_term_string"}}],"inLanguage":"es"},{"@type":"Organization","@id":"https:\/\/casadecampoliving.com\/es\/#organization","name":"Casa de Campo Living","url":"https:\/\/casadecampoliving.com\/es\/","logo":{"@type":"ImageObject","inLanguage":"es","@id":"https:\/\/casadecampoliving.com\/es\/#\/schema\/logo\/image\/","url":"https:\/\/i0.wp.com\/casadecampoliving.com\/wp-content\/uploads\/2022\/07\/CDCLivingLogo_V1-white-sized.png?fit=800%2C214&ssl=1","contentUrl":"https:\/\/i0.wp.com\/casadecampoliving.com\/wp-content\/uploads\/2022\/07\/CDCLivingLogo_V1-white-sized.png?fit=800%2C214&ssl=1","width":800,"height":214,"caption":"Casa de Campo Living"},"image":{"@id":"https:\/\/casadecampoliving.com\/es\/#\/schema\/logo\/image\/"},"sameAs":["https:\/\/www.facebook.com\/casadecampoliving","https:\/\/x.com\/cdcliving"]},{"@type":"Person","@id":"https:\/\/casadecampoliving.com\/es\/#\/schema\/person\/c8efa6049510554b7d5fea078d728f72","name":"Perkin Agramonte","image":{"@type":"ImageObject","inLanguage":"es","@id":"https:\/\/secure.gravatar.com\/avatar\/57bfdafcae55fb83dbb79a1585a9eab7f269b7720fb0b64cb9a4e0cd2962fa10?s=96&d=mm&r=g","url":"https:\/\/secure.gravatar.com\/avatar\/57bfdafcae55fb83dbb79a1585a9eab7f269b7720fb0b64cb9a4e0cd2962fa10?s=96&d=mm&r=g","contentUrl":"https:\/\/secure.gravatar.com\/avatar\/57bfdafcae55fb83dbb79a1585a9eab7f269b7720fb0b64cb9a4e0cd2962fa10?s=96&d=mm&r=g","caption":"Perkin Agramonte"},"url":"https:\/\/casadecampoliving.com\/es\/author\/cagramonte\/"}]}},"parsely":{"version":"1.1.0","canonical_url":"https:\/\/casadecampoliving.com\/es\/anote-la-fecha-para-el-fin-de-semana-familiar-fundacion-mir\/","smart_links":{"inbound":0,"outbound":0},"traffic_boost_suggestions_count":0,"meta":{"@context":"https:\/\/schema.org","@type":"NewsArticle","headline":"Anote la fecha para el Fin de Semana Familiar Fundaci\u00f3n MIR","url":"http:\/\/casadecampoliving.com\/es\/anote-la-fecha-para-el-fin-de-semana-familiar-fundacion-mir\/","mainEntityOfPage":{"@type":"WebPage","@id":"http:\/\/casadecampoliving.com\/es\/anote-la-fecha-para-el-fin-de-semana-familiar-fundacion-mir\/"},"thumbnailUrl":"https:\/\/i0.wp.com\/casadecampoliving.com\/wp-content\/uploads\/2022\/10\/Fundacion_MIR_Family_Weekend-2.jpg?resize=150%2C150&ssl=1","image":{"@type":"ImageObject","url":"https:\/\/i0.wp.com\/casadecampoliving.com\/wp-content\/uploads\/2022\/10\/Fundacion_MIR_Family_Weekend-2.jpg?fit=960%2C685&ssl=1"},"articleSection":"CCL presenta","author":[{"@type":"Person","name":"Perkin Agramonte"}],"creator":["Perkin Agramonte"],"publisher":{"@type":"Organization","name":"Casa de Campo Living","logo":"https:\/\/casadecampoliving.com\/wp-content\/uploads\/2022\/07\/CDCLivingLogo_V1-white-sized.png"},"keywords":["casa de campo @es","casa de campo community @es","casa de campo living","casa de campo resort @es","fundacion mir"],"dateCreated":"2015-04-18T04:00:00Z","datePublished":"2015-04-18T04:00:00Z","dateModified":"2022-10-21T22:58:45Z"},"rendered":"<script type=\"application\/ld+json\" class=\"wp-parsely-metadata\">{\"@context\":\"https:\\\/\\\/schema.org\",\"@type\":\"NewsArticle\",\"headline\":\"Anote la fecha para el Fin de Semana Familiar Fundaci\\u00f3n MIR\",\"url\":\"http:\\\/\\\/casadecampoliving.com\\\/es\\\/anote-la-fecha-para-el-fin-de-semana-familiar-fundacion-mir\\\/\",\"mainEntityOfPage\":{\"@type\":\"WebPage\",\"@id\":\"http:\\\/\\\/casadecampoliving.com\\\/es\\\/anote-la-fecha-para-el-fin-de-semana-familiar-fundacion-mir\\\/\"},\"thumbnailUrl\":\"https:\\\/\\\/i0.wp.com\\\/casadecampoliving.com\\\/wp-content\\\/uploads\\\/2022\\\/10\\\/Fundacion_MIR_Family_Weekend-2.jpg?resize=150%2C150&ssl=1\",\"image\":{\"@type\":\"ImageObject\",\"url\":\"https:\\\/\\\/i0.wp.com\\\/casadecampoliving.com\\\/wp-content\\\/uploads\\\/2022\\\/10\\\/Fundacion_MIR_Family_Weekend-2.jpg?fit=960%2C685&ssl=1\"},\"articleSection\":\"CCL presenta\",\"author\":[{\"@type\":\"Person\",\"name\":\"Perkin Agramonte\"}],\"creator\":[\"Perkin Agramonte\"],\"publisher\":{\"@type\":\"Organization\",\"name\":\"Casa de Campo Living\",\"logo\":\"https:\\\/\\\/casadecampoliving.com\\\/wp-content\\\/uploads\\\/2022\\\/07\\\/CDCLivingLogo_V1-white-sized.png\"},\"keywords\":[\"casa de campo @es\",\"casa de campo community @es\",\"casa de campo living\",\"casa de campo resort @es\",\"fundacion mir\"],\"dateCreated\":\"2015-04-18T04:00:00Z\",\"datePublished\":\"2015-04-18T04:00:00Z\",\"dateModified\":\"2022-10-21T22:58:45Z\"}<\/script>","tracker_url":"https:\/\/cdn.parsely.com\/keys\/casadecampoliving.com\/p.js"},"jetpack_publicize_connections":[],"jetpack_featured_media_url":"https:\/\/i0.wp.com\/casadecampoliving.com\/wp-content\/uploads\/2022\/10\/Fundacion_MIR_Family_Weekend-2.jpg?fit=960%2C685&ssl=1","jetpack-related-posts":[{"id":353432,"url":"https:\/\/casadecampoliving.com\/es\/reserve-la-fecha-para-el-fin-de-semana-familiar-fundacion-mir-2019\/","url_meta":{"origin":347235,"position":0},"title":"\u00a1Reserve la fecha para el Fin de Semana Familiar Fundaci\u00f3n MIR 2019!","author":"Casa de Campo Living","date":"13 May, 2019","format":false,"excerpt":"Como siempre este es uno de los eventos m\u00e1s esperados del verano, \u00a1pronto se llevar\u00e1 a cabo el Fin de Semana Familiar MIR de este a\u00f1o! El 12 y 13 de agosto celebraremos la labor realizada por Mission International Rescue (MIR) y sus iniciativas para ofrecer educaci\u00f3n, salud y vivienda\u2026","rel":"","context":"En \u00abCountry Club La Romana\u00bb","block_context":{"text":"Country Club La Romana","link":"https:\/\/casadecampoliving.com\/es\/category\/country-club-la-romana-es\/"},"img":{"alt_text":"","src":"https:\/\/i0.wp.com\/casadecampoliving.com\/wp-content\/uploads\/2022\/10\/DSC_7042.jpg?fit=1000%2C609&ssl=1&resize=350%2C200","width":350,"height":200,"srcset":"https:\/\/i0.wp.com\/casadecampoliving.com\/wp-content\/uploads\/2022\/10\/DSC_7042.jpg?fit=1000%2C609&ssl=1&resize=350%2C200 1x, https:\/\/i0.wp.com\/casadecampoliving.com\/wp-content\/uploads\/2022\/10\/DSC_7042.jpg?fit=1000%2C609&ssl=1&resize=525%2C300 1.5x, https:\/\/i0.wp.com\/casadecampoliving.com\/wp-content\/uploads\/2022\/10\/DSC_7042.jpg?fit=1000%2C609&ssl=1&resize=700%2C400 2x"},"classes":[]},{"id":352653,"url":"https:\/\/casadecampoliving.com\/es\/reserve-la-fecha-para-el-fin-de-semana-familiar-fundacion-mir-de-este-ano\/","url_meta":{"origin":347235,"position":1},"title":"\u00a1Reserve la fecha para el Fin de Semana Familiar Fundaci\u00f3n MIR de este a\u00f1o!","author":"Marlenys Guzm\u00e1n Casta\u00f1os","date":"14 May, 2018","format":false,"excerpt":"\u00a1Reserven la fecha! \u00a1El Fin de Semana Familiar Fundaci\u00f3n MIR 2018 est\u00e1 a dos meses de distancia y est\u00e1 llena de actividades que no querr\u00e1 perderse! Lo que tendr\u00e1 lugar los d\u00edas 17 y 18 de agosto contar\u00e1 con el apoyo de cientos de miembros de la comunidad e invitados\u2026","rel":"","context":"En \u00abEstilo de Vida\u00bb","block_context":{"text":"Estilo de Vida","link":"https:\/\/casadecampoliving.com\/es\/category\/estilo-de-vida\/"},"img":{"alt_text":"","src":"https:\/\/i0.wp.com\/casadecampoliving.com\/wp-content\/uploads\/2022\/10\/fundacion_MIR2-8.jpg?fit=620%2C311&ssl=1&resize=350%2C200","width":350,"height":200,"srcset":"https:\/\/i0.wp.com\/casadecampoliving.com\/wp-content\/uploads\/2022\/10\/fundacion_MIR2-8.jpg?fit=620%2C311&ssl=1&resize=350%2C200 1x, https:\/\/i0.wp.com\/casadecampoliving.com\/wp-content\/uploads\/2022\/10\/fundacion_MIR2-8.jpg?fit=620%2C311&ssl=1&resize=525%2C300 1.5x"},"classes":[]},{"id":347958,"url":"https:\/\/casadecampoliving.com\/es\/el-fin-de-semana-familiar-fundacion-mir\/","url_meta":{"origin":347235,"position":2},"title":"\u00a1El Fin de Semana Familiar Fundaci\u00f3n MIR esta al doblar la esquina!","author":"Perkin Agramonte","date":"29 Jul, 2015","format":false,"excerpt":"Ya estamos a menos de un mes para celebrar uno de los eventos mas esperados del verano, el Fin de Semana Familiar Fundaci\u00f3n MIR, el cual se llevara a cabo por todo el resort Casa de Campo el s\u00e1bado 15 de agosto. El Fin de Semana Familiar de Fundaci\u00f3n MIR\u2026","rel":"","context":"En \u00abCasa de Campo Living @es\u00bb","block_context":{"text":"Casa de Campo Living @es","link":"https:\/\/casadecampoliving.com\/category\/casa-de-campo-living-es\/"},"img":{"alt_text":"","src":"https:\/\/i0.wp.com\/casadecampoliving.com\/wp-content\/uploads\/2022\/10\/Family_Weekend_1-1.jpg?fit=880%2C609&ssl=1&resize=350%2C200","width":350,"height":200,"srcset":"https:\/\/i0.wp.com\/casadecampoliving.com\/wp-content\/uploads\/2022\/10\/Family_Weekend_1-1.jpg?fit=880%2C609&ssl=1&resize=350%2C200 1x, https:\/\/i0.wp.com\/casadecampoliving.com\/wp-content\/uploads\/2022\/10\/Family_Weekend_1-1.jpg?fit=880%2C609&ssl=1&resize=525%2C300 1.5x, https:\/\/i0.wp.com\/casadecampoliving.com\/wp-content\/uploads\/2022\/10\/Family_Weekend_1-1.jpg?fit=880%2C609&ssl=1&resize=700%2C400 2x"},"classes":[]},{"id":353484,"url":"https:\/\/casadecampoliving.com\/es\/recordatorio-fin-de-semana-familiar-de-fundacion-mir-2019\/","url_meta":{"origin":347235,"position":3},"title":"Recordatorio: \u00a1El fin de semana familiar de Fundaci\u00f3n MIR 2019 est\u00e1 a tan s\u00f3lo un mes de distancia!","author":"Casa de Campo Living","date":"9 Jul, 2019","format":false,"excerpt":"\u00bfSabes lo que viene en el calendario, damas y caballeros? \u00a1Fin de semana familiar de la Fundaci\u00f3n MIR para la vida, por supuesto! Como si pudiera olvidarlo, la fiesta anual que viene con una variedad de torneos beneficia a los ni\u00f1os necesitados de La Romana que asisten a las escuelas\u2026","rel":"","context":"En \u00abCountry Club La Romana\u00bb","block_context":{"text":"Country Club La Romana","link":"https:\/\/casadecampoliving.com\/es\/category\/country-club-la-romana-es\/"},"img":{"alt_text":"","src":"https:\/\/i0.wp.com\/casadecampoliving.com\/wp-content\/uploads\/2022\/10\/IMG_0856.jpg?fit=1000%2C561&ssl=1&resize=350%2C200","width":350,"height":200,"srcset":"https:\/\/i0.wp.com\/casadecampoliving.com\/wp-content\/uploads\/2022\/10\/IMG_0856.jpg?fit=1000%2C561&ssl=1&resize=350%2C200 1x, https:\/\/i0.wp.com\/casadecampoliving.com\/wp-content\/uploads\/2022\/10\/IMG_0856.jpg?fit=1000%2C561&ssl=1&resize=525%2C300 1.5x, https:\/\/i0.wp.com\/casadecampoliving.com\/wp-content\/uploads\/2022\/10\/IMG_0856.jpg?fit=1000%2C561&ssl=1&resize=700%2C400 2x"},"classes":[]},{"id":338813,"url":"https:\/\/casadecampoliving.com\/es\/reserve-la-fecha-fin-de-semana-familiar-de-la-fundacion-mir-sabado-11-de-agosto\/","url_meta":{"origin":347235,"position":4},"title":"Reserve la fecha: Fin de Semana Familiar de la Fundaci\u00f3n MIR, s\u00e1bado 11 de agosto!","author":"","date":"21 Abr, 2012","format":false,"excerpt":"Reserve la fecha! Se aproxima uno de los eventos m\u00e1s glamurosos del a\u00f1o, el Fin de Semana Familiar de la Fundaci\u00f3n MIR, el pr\u00f3ximo s\u00e1bado 11 de agosto! Participe y divi\u00e9rtase junto a su familia y amigos en los glamurosos torneos de tenis y golf a realizarse con motivo del\u2026","rel":"","context":"En \u00abEventos\u00bb","block_context":{"text":"Eventos","link":"https:\/\/casadecampoliving.com\/es\/category\/eventos-es\/"},"img":{"alt_text":"fundacion MIR","src":"https:\/\/i0.wp.com\/casadecampoliving.com\/wp-content\/uploads\/2022\/10\/fundacion_mir-1.jpg?fit=650%2C315&ssl=1&resize=350%2C200","width":350,"height":200,"srcset":"https:\/\/i0.wp.com\/casadecampoliving.com\/wp-content\/uploads\/2022\/10\/fundacion_mir-1.jpg?fit=650%2C315&ssl=1&resize=350%2C200 1x, https:\/\/i0.wp.com\/casadecampoliving.com\/wp-content\/uploads\/2022\/10\/fundacion_mir-1.jpg?fit=650%2C315&ssl=1&resize=525%2C300 1.5x"},"classes":[]},{"id":344157,"url":"https:\/\/casadecampoliving.com\/es\/anote-la-fecha-fin-de-semana-familiar-fundacion-mir-16-de-agosto\/","url_meta":{"origin":347235,"position":5},"title":"Anote la fecha: Fin de Semana Familiar Fundaci\u00f3n MIR &#8211; 16 de agosto","author":"Perkin Agramonte","date":"5 May, 2014","format":false,"excerpt":"\u00a1Reserve la fecha! Y \u00fanase a nosotros para una celebraci\u00f3n maravillosa por una causa a\u00fan m\u00e1s maravillosa \u2013 el \u201cFin de Semana Familiar por la Vida\u201d de la Fundaci\u00f3n MIR. Este a\u00f1o esta gran celebraci\u00f3n para toda la familia tendr\u00e1 lugar el s\u00e1bado 16 de agosto de 2014 \u2013 y\u2026","rel":"","context":"En \u00abCountry Club La Romana\u00bb","block_context":{"text":"Country Club La Romana","link":"https:\/\/casadecampoliving.com\/es\/category\/country-club-la-romana-es\/"},"img":{"alt_text":"","src":"https:\/\/i0.wp.com\/casadecampoliving.com\/wp-content\/uploads\/2022\/10\/Fundacion_MIR1-1.jpg?fit=650%2C473&ssl=1&resize=350%2C200","width":350,"height":200,"srcset":"https:\/\/i0.wp.com\/casadecampoliving.com\/wp-content\/uploads\/2022\/10\/Fundacion_MIR1-1.jpg?fit=650%2C473&ssl=1&resize=350%2C200 1x, https:\/\/i0.wp.com\/casadecampoliving.com\/wp-content\/uploads\/2022\/10\/Fundacion_MIR1-1.jpg?fit=650%2C473&ssl=1&resize=525%2C300 1.5x"},"classes":[]}],"jetpack_sharing_enabled":true,"_links":{"self":[{"href":"https:\/\/casadecampoliving.com\/es\/wp-json\/wp\/v2\/posts\/347235","targetHints":{"allow":["GET"]}}],"collection":[{"href":"https:\/\/casadecampoliving.com\/es\/wp-json\/wp\/v2\/posts"}],"about":[{"href":"https:\/\/casadecampoliving.com\/es\/wp-json\/wp\/v2\/types\/post"}],"author":[{"embeddable":true,"href":"https:\/\/casadecampoliving.com\/es\/wp-json\/wp\/v2\/users\/1097"}],"replies":[{"embeddable":true,"href":"https:\/\/casadecampoliving.com\/es\/wp-json\/wp\/v2\/comments?post=347235"}],"version-history":[{"count":1,"href":"https:\/\/casadecampoliving.com\/es\/wp-json\/wp\/v2\/posts\/347235\/revisions"}],"predecessor-version":[{"id":347238,"href":"https:\/\/casadecampoliving.com\/es\/wp-json\/wp\/v2\/posts\/347235\/revisions\/347238"}],"wp:featuredmedia":[{"embeddable":true,"href":"https:\/\/casadecampoliving.com\/es\/wp-json\/wp\/v2\/media\/293542"}],"wp:attachment":[{"href":"https:\/\/casadecampoliving.com\/es\/wp-json\/wp\/v2\/media?parent=347235"}],"wp:term":[{"taxonomy":"category","embeddable":true,"href":"https:\/\/casadecampoliving.com\/es\/wp-json\/wp\/v2\/categories?post=347235"},{"taxonomy":"post_tag","embeddable":true,"href":"https:\/\/casadecampoliving.com\/es\/wp-json\/wp\/v2\/tags?post=347235"},{"taxonomy":"newspack_spnsrs_tax","embeddable":true,"href":"https:\/\/casadecampoliving.com\/es\/wp-json\/wp\/v2\/newspack_spnsrs_tax?post=347235"}],"curies":[{"name":"wp","href":"https:\/\/api.w.org\/{rel}","templated":true}]}}