{"id":347217,"date":"2015-04-14T00:00:00","date_gmt":"2015-04-14T04:00:00","guid":{"rendered":"https:\/\/casadecampoliving.com\/venta-de-arte-permanente-en-punta-minitas-34\/"},"modified":"2022-10-21T18:58:02","modified_gmt":"2022-10-21T22:58:02","slug":"venta-de-arte-permanente-en-punta-minitas-34","status":"publish","type":"post","link":"https:\/\/casadecampoliving.com\/es\/venta-de-arte-permanente-en-punta-minitas-34\/","title":{"rendered":"Venta de arte permanente en Punta Minitas 34"},"content":{"rendered":"<div class=\"wp-block-image\">\n<figure class=\"aligncenter is-resized\"><img loading=\"lazy\" decoding=\"async\" src=\"https:\/\/i0.wp.com\/casadecampoliving.com\/wp-content\/uploads\/2022\/10\/candido_Bido.jpg?resize=650%2C488&amp;ssl=1\" alt=\"Candido Bido\" class=\"wp-image-110661\" height=\"488\" width=\"650\"\/><\/figure>\n<\/div>\n\n\n<p>En los \u00faltimos meses se han estado llevando a cabo ventas ocasionales de obras de arte en Punta Minitas 34&nbsp;en beneficio de la Escuela de&nbsp;Dise\u00f1o de Altos de Chav\u00f3n\u2026 pero ahora la venta de arte estar\u00e1 disponible diariamente \u2013 y si le gustar\u00eda ir a ver, solo debe llamar y hacer&nbsp;una cita.<\/p>\n\n\n<div class=\"wp-block-image\">\n<figure class=\"alignright is-resized\"><img loading=\"lazy\" decoding=\"async\" src=\"https:\/\/i0.wp.com\/casadecampoliving.com\/wp-content\/uploads\/2022\/10\/candido_Bido1.jpg?resize=300%2C400&amp;ssl=1\" alt=\"Candido Bido\" class=\"wp-image-110662\" height=\"400\" width=\"300\"\/><\/figure>\n<\/div>\n\n\n<!--more-->\n\n\n\n<p>La venta ofrece trabajos de importantes artistas dominicanos incluyendo a C\u00e1ndido Bid\u00f3, Antonio Prats-Vent\u00f3s, y Guillo P\u00e9rez. Los amantes del arte y la artesan\u00eda encontrar\u00e1n art\u00edculos coleccionables de muchas naciones al rededor del mundo: alfombras ecuatorianas estilo kilim tej\u00eddas a mano; esculturas de Nueva Guinea; m\u00e1scaras y tapices de estilo africano; tallados en madera de Asia y Nueva Zelanda; y mucho m\u00e1s. Tambi\u00e9n habr\u00e1 una mezcla ecl\u00e9ctica de mobiliario&nbsp;como objetos artesanales para colgar en la pared y fundas de almohadas bordadas.<\/p>\n\n\n\n<p>Entre los art\u00edculos encontrar\u00e1 alfombras navajo, batik de Nigeria, tocados nepaleses, y figuras indias del nativo americano, y mucho m\u00e1s!<\/p>\n\n\n\n<p>Una porci\u00f3n&nbsp;de las ganancias ser\u00e1n destinadas a la Escuela e Dise\u00f1o de Altos de Chav\u00f3n, que desde 1983 ha sido un importante recurso nacional en educaci\u00f3n de arte y dise\u00f1o.<\/p>\n\n\n\n<blockquote><h3><strong>Venta de Arte permanente en Punta Minitas 34<\/strong><\/h3><p><strong>Fecha<\/strong>: Disponible diariamente&nbsp;(solo llame y haga su cita)<\/p><p><strong>Ubicaci\u00f3n:<\/strong>&nbsp;Punta Minitas 34, Casa de Campo<\/p><p><strong>Contacto: <\/strong>Casa de Campo concierge,&nbsp;ext. 8540<\/p><\/blockquote>\n","protected":false},"excerpt":{"rendered":"<p>En los \u00faltimos meses se han estado llevando a cabo ventas ocasionales de obras de arte en Punta Minitas 34&nbsp;en beneficio de la Escuela de&nbsp;Dise\u00f1o de Altos de Chav\u00f3n\u2026 pero ahora la venta de arte estar\u00e1 disponible diariamente \u2013 y si le gustar\u00eda ir a ver, solo debe llamar y hacer&nbsp;una cita.<\/p>\n","protected":false},"author":1097,"featured_media":292374,"comment_status":"closed","ping_status":"closed","sticky":false,"template":"","format":"standard","meta":{"newspack_ads_suppress_ads":false,"newspack_popups_has_disabled_popups":false,"newspack_sponsor_sponsorship_scope":"","newspack_sponsor_native_byline_display":"inherit","newspack_sponsor_native_category_display":"inherit","newspack_sponsor_underwriter_style":"inherit","newspack_sponsor_underwriter_placement":"inherit","_newspack_byline_active":false,"_newspack_byline":"","newspack_hide_updated_date":false,"newspack_show_updated_date":false,"newspack_content_restriction_is_exempt":false,"newspack_featured_image_position":"","newspack_post_subtitle":"","newspack_article_summary_title":"Overview:","newspack_article_summary":"","_jetpack_memberships_contains_paid_content":false,"footnotes":"","jetpack_publicize_message":"","jetpack_publicize_feature_enabled":true,"jetpack_social_post_already_shared":false,"jetpack_social_options":{"image_generator_settings":{"template":"highway","default_image_id":0,"font":"","enabled":false},"version":2},"_wpas_customize_per_network":false},"categories":[26823,26936,26951,14631,2514,14625,2521,26822],"tags":[3626,8094,24387,6371,6282,12214],"newspack_spnsrs_tax":[],"class_list":["post-347217","post","type-post","status-publish","format-standard","has-post-thumbnail","hentry","category-arte-y-cultura","category-casa-de-campo-living-es","category-ccl-presenta","category-estilo-de-vida","category-fundaciones-es","category-noticias-locales","category-republica-dominicana-2","category-resort-casa-de-campo","tag-casa-de-campo-es","tag-casa-de-campo-community-es","tag-casa-de-campo-living-es","tag-casa-de-campo-resort-es","tag-punta-minitas-34-es","tag-venta-de-arte","entry"],"yoast_head":"<!-- This site is optimized with the Yoast SEO plugin v27.5 - https:\/\/yoast.com\/product\/yoast-seo-wordpress\/ -->\n<title>Venta de arte permanente en Punta Minitas 34 | Casa de Campo Living<\/title>\n<meta name=\"description\" content=\"En los \u00faltimos meses se han estado llevando a cabo ventas ocasionales de obras de arte en Punta Minitas 34&nbsp;en beneficio de la Escuela de&nbsp;Dise\u00f1o\" \/>\n<meta name=\"robots\" content=\"index, follow, max-snippet:-1, max-image-preview:large, max-video-preview:-1\" \/>\n<link rel=\"canonical\" href=\"https:\/\/casadecampoliving.com\/es\/venta-de-arte-permanente-en-punta-minitas-34\/\" \/>\n<meta property=\"og:locale\" content=\"es_ES\" \/>\n<meta property=\"og:type\" content=\"article\" \/>\n<meta property=\"og:title\" content=\"Venta de arte permanente en Punta Minitas 34 | Casa de Campo Living\" \/>\n<meta property=\"og:description\" content=\"En los \u00faltimos meses se han estado llevando a cabo ventas ocasionales de obras de arte en Punta Minitas 34&nbsp;en beneficio de la Escuela de&nbsp;Dise\u00f1o\" \/>\n<meta property=\"og:url\" content=\"https:\/\/casadecampoliving.com\/es\/venta-de-arte-permanente-en-punta-minitas-34\/\" \/>\n<meta property=\"og:site_name\" content=\"Casa de Campo Living\" \/>\n<meta property=\"article:publisher\" content=\"https:\/\/www.facebook.com\/casadecampoliving\" \/>\n<meta property=\"article:published_time\" content=\"2015-04-14T04:00:00+00:00\" \/>\n<meta property=\"article:modified_time\" content=\"2022-10-21T22:58:02+00:00\" \/>\n<meta property=\"og:image\" content=\"https:\/\/i0.wp.com\/casadecampoliving.com\/wp-content\/uploads\/2022\/10\/candido_Bido-1.jpg?fit=250%2C350&ssl=1\" \/>\n\t<meta property=\"og:image:width\" content=\"250\" \/>\n\t<meta property=\"og:image:height\" content=\"350\" \/>\n\t<meta property=\"og:image:type\" content=\"image\/jpeg\" \/>\n<meta name=\"author\" content=\"Perkin Agramonte\" \/>\n<meta name=\"twitter:card\" content=\"summary_large_image\" \/>\n<meta name=\"twitter:creator\" content=\"@cdcliving\" \/>\n<meta name=\"twitter:site\" content=\"@cdcliving\" \/>\n<meta name=\"twitter:label1\" content=\"Escrito por\" \/>\n\t<meta name=\"twitter:data1\" content=\"Perkin Agramonte\" \/>\n\t<meta name=\"twitter:label2\" content=\"Tiempo de lectura\" \/>\n\t<meta name=\"twitter:data2\" content=\"1 minuto\" \/>\n<script type=\"application\/ld+json\" class=\"yoast-schema-graph\">{\"@context\":\"https:\\\/\\\/schema.org\",\"@graph\":[{\"@type\":\"Article\",\"@id\":\"https:\\\/\\\/casadecampoliving.com\\\/es\\\/venta-de-arte-permanente-en-punta-minitas-34\\\/#article\",\"isPartOf\":{\"@id\":\"https:\\\/\\\/casadecampoliving.com\\\/es\\\/venta-de-arte-permanente-en-punta-minitas-34\\\/\"},\"author\":{\"name\":\"Perkin Agramonte\",\"@id\":\"https:\\\/\\\/casadecampoliving.com\\\/es\\\/#\\\/schema\\\/person\\\/c8efa6049510554b7d5fea078d728f72\"},\"headline\":\"Venta de arte permanente en Punta Minitas 34\",\"datePublished\":\"2015-04-14T04:00:00+00:00\",\"dateModified\":\"2022-10-21T22:58:02+00:00\",\"mainEntityOfPage\":{\"@id\":\"https:\\\/\\\/casadecampoliving.com\\\/es\\\/venta-de-arte-permanente-en-punta-minitas-34\\\/\"},\"wordCount\":251,\"publisher\":{\"@id\":\"https:\\\/\\\/casadecampoliving.com\\\/es\\\/#organization\"},\"image\":{\"@id\":\"https:\\\/\\\/casadecampoliving.com\\\/es\\\/venta-de-arte-permanente-en-punta-minitas-34\\\/#primaryimage\"},\"thumbnailUrl\":\"https:\\\/\\\/i0.wp.com\\\/casadecampoliving.com\\\/wp-content\\\/uploads\\\/2022\\\/10\\\/candido_Bido-1.jpg?fit=250%2C350&ssl=1\",\"keywords\":[\"casa de campo @es\",\"Casa de Campo Community @es\",\"Casa de Campo Living\",\"casa de campo resort @es\",\"punta minitas 34 @es\",\"Venta de Arte\"],\"articleSection\":[\"Arte y cultura\",\"Casa de Campo Living @es\",\"CCL presenta\",\"Estilo de Vida\",\"Fundaciones\",\"Noticias Locales\",\"Rep\u00fablica Dominicana @es\",\"Resort Casa de Campo\"],\"inLanguage\":\"es\"},{\"@type\":\"WebPage\",\"@id\":\"https:\\\/\\\/casadecampoliving.com\\\/es\\\/venta-de-arte-permanente-en-punta-minitas-34\\\/\",\"url\":\"https:\\\/\\\/casadecampoliving.com\\\/es\\\/venta-de-arte-permanente-en-punta-minitas-34\\\/\",\"name\":\"Venta de arte permanente en Punta Minitas 34 | Casa de Campo Living\",\"isPartOf\":{\"@id\":\"https:\\\/\\\/casadecampoliving.com\\\/es\\\/#website\"},\"primaryImageOfPage\":{\"@id\":\"https:\\\/\\\/casadecampoliving.com\\\/es\\\/venta-de-arte-permanente-en-punta-minitas-34\\\/#primaryimage\"},\"image\":{\"@id\":\"https:\\\/\\\/casadecampoliving.com\\\/es\\\/venta-de-arte-permanente-en-punta-minitas-34\\\/#primaryimage\"},\"thumbnailUrl\":\"https:\\\/\\\/i0.wp.com\\\/casadecampoliving.com\\\/wp-content\\\/uploads\\\/2022\\\/10\\\/candido_Bido-1.jpg?fit=250%2C350&ssl=1\",\"datePublished\":\"2015-04-14T04:00:00+00:00\",\"dateModified\":\"2022-10-21T22:58:02+00:00\",\"description\":\"En los \u00faltimos meses se han estado llevando a cabo ventas ocasionales de obras de arte en Punta Minitas 34&nbsp;en beneficio de la Escuela de&nbsp;Dise\u00f1o\",\"breadcrumb\":{\"@id\":\"https:\\\/\\\/casadecampoliving.com\\\/es\\\/venta-de-arte-permanente-en-punta-minitas-34\\\/#breadcrumb\"},\"inLanguage\":\"es\",\"potentialAction\":[{\"@type\":\"ReadAction\",\"target\":[\"https:\\\/\\\/casadecampoliving.com\\\/es\\\/venta-de-arte-permanente-en-punta-minitas-34\\\/\"]}]},{\"@type\":\"ImageObject\",\"inLanguage\":\"es\",\"@id\":\"https:\\\/\\\/casadecampoliving.com\\\/es\\\/venta-de-arte-permanente-en-punta-minitas-34\\\/#primaryimage\",\"url\":\"https:\\\/\\\/i0.wp.com\\\/casadecampoliving.com\\\/wp-content\\\/uploads\\\/2022\\\/10\\\/candido_Bido-1.jpg?fit=250%2C350&ssl=1\",\"contentUrl\":\"https:\\\/\\\/i0.wp.com\\\/casadecampoliving.com\\\/wp-content\\\/uploads\\\/2022\\\/10\\\/candido_Bido-1.jpg?fit=250%2C350&ssl=1\",\"width\":250,\"height\":350,\"caption\":\"Candido Bido\"},{\"@type\":\"BreadcrumbList\",\"@id\":\"https:\\\/\\\/casadecampoliving.com\\\/es\\\/venta-de-arte-permanente-en-punta-minitas-34\\\/#breadcrumb\",\"itemListElement\":[{\"@type\":\"ListItem\",\"position\":1,\"name\":\"Home\",\"item\":\"https:\\\/\\\/casadecampoliving.com\\\/es\\\/\"},{\"@type\":\"ListItem\",\"position\":2,\"name\":\"Venta de arte permanente en Punta Minitas 34\"}]},{\"@type\":\"WebSite\",\"@id\":\"https:\\\/\\\/casadecampoliving.com\\\/es\\\/#website\",\"url\":\"https:\\\/\\\/casadecampoliving.com\\\/es\\\/\",\"name\":\"Casa de Campo Living\",\"description\":\"Resort community news and resources.\",\"publisher\":{\"@id\":\"https:\\\/\\\/casadecampoliving.com\\\/es\\\/#organization\"},\"potentialAction\":[{\"@type\":\"SearchAction\",\"target\":{\"@type\":\"EntryPoint\",\"urlTemplate\":\"https:\\\/\\\/casadecampoliving.com\\\/es\\\/?s={search_term_string}\"},\"query-input\":{\"@type\":\"PropertyValueSpecification\",\"valueRequired\":true,\"valueName\":\"search_term_string\"}}],\"inLanguage\":\"es\"},{\"@type\":\"Organization\",\"@id\":\"https:\\\/\\\/casadecampoliving.com\\\/es\\\/#organization\",\"name\":\"Casa de Campo Living\",\"url\":\"https:\\\/\\\/casadecampoliving.com\\\/es\\\/\",\"logo\":{\"@type\":\"ImageObject\",\"inLanguage\":\"es\",\"@id\":\"https:\\\/\\\/casadecampoliving.com\\\/es\\\/#\\\/schema\\\/logo\\\/image\\\/\",\"url\":\"https:\\\/\\\/i0.wp.com\\\/casadecampoliving.com\\\/wp-content\\\/uploads\\\/2022\\\/07\\\/CDCLivingLogo_V1-white-sized.png?fit=800%2C214&ssl=1\",\"contentUrl\":\"https:\\\/\\\/i0.wp.com\\\/casadecampoliving.com\\\/wp-content\\\/uploads\\\/2022\\\/07\\\/CDCLivingLogo_V1-white-sized.png?fit=800%2C214&ssl=1\",\"width\":800,\"height\":214,\"caption\":\"Casa de Campo Living\"},\"image\":{\"@id\":\"https:\\\/\\\/casadecampoliving.com\\\/es\\\/#\\\/schema\\\/logo\\\/image\\\/\"},\"sameAs\":[\"https:\\\/\\\/www.facebook.com\\\/casadecampoliving\",\"https:\\\/\\\/x.com\\\/cdcliving\"]},{\"@type\":\"Person\",\"@id\":\"https:\\\/\\\/casadecampoliving.com\\\/es\\\/#\\\/schema\\\/person\\\/c8efa6049510554b7d5fea078d728f72\",\"name\":\"Perkin Agramonte\",\"image\":{\"@type\":\"ImageObject\",\"inLanguage\":\"es\",\"@id\":\"https:\\\/\\\/secure.gravatar.com\\\/avatar\\\/57bfdafcae55fb83dbb79a1585a9eab7f269b7720fb0b64cb9a4e0cd2962fa10?s=96&d=mm&r=g\",\"url\":\"https:\\\/\\\/secure.gravatar.com\\\/avatar\\\/57bfdafcae55fb83dbb79a1585a9eab7f269b7720fb0b64cb9a4e0cd2962fa10?s=96&d=mm&r=g\",\"contentUrl\":\"https:\\\/\\\/secure.gravatar.com\\\/avatar\\\/57bfdafcae55fb83dbb79a1585a9eab7f269b7720fb0b64cb9a4e0cd2962fa10?s=96&d=mm&r=g\",\"caption\":\"Perkin Agramonte\"},\"url\":\"https:\\\/\\\/casadecampoliving.com\\\/es\\\/author\\\/cagramonte\\\/\"}]}<\/script>\n<!-- \/ Yoast SEO plugin. -->","yoast_head_json":{"title":"Venta de arte permanente en Punta Minitas 34 | Casa de Campo Living","description":"En los \u00faltimos meses se han estado llevando a cabo ventas ocasionales de obras de arte en Punta Minitas 34&nbsp;en beneficio de la Escuela de&nbsp;Dise\u00f1o","robots":{"index":"index","follow":"follow","max-snippet":"max-snippet:-1","max-image-preview":"max-image-preview:large","max-video-preview":"max-video-preview:-1"},"canonical":"https:\/\/casadecampoliving.com\/es\/venta-de-arte-permanente-en-punta-minitas-34\/","og_locale":"es_ES","og_type":"article","og_title":"Venta de arte permanente en Punta Minitas 34 | Casa de Campo Living","og_description":"En los \u00faltimos meses se han estado llevando a cabo ventas ocasionales de obras de arte en Punta Minitas 34&nbsp;en beneficio de la Escuela de&nbsp;Dise\u00f1o","og_url":"https:\/\/casadecampoliving.com\/es\/venta-de-arte-permanente-en-punta-minitas-34\/","og_site_name":"Casa de Campo Living","article_publisher":"https:\/\/www.facebook.com\/casadecampoliving","article_published_time":"2015-04-14T04:00:00+00:00","article_modified_time":"2022-10-21T22:58:02+00:00","og_image":[{"width":250,"height":350,"url":"https:\/\/i0.wp.com\/casadecampoliving.com\/wp-content\/uploads\/2022\/10\/candido_Bido-1.jpg?fit=250%2C350&ssl=1","type":"image\/jpeg"}],"author":"Perkin Agramonte","twitter_card":"summary_large_image","twitter_creator":"@cdcliving","twitter_site":"@cdcliving","twitter_misc":{"Escrito por":"Perkin Agramonte","Tiempo de lectura":"1 minuto"},"schema":{"@context":"https:\/\/schema.org","@graph":[{"@type":"Article","@id":"https:\/\/casadecampoliving.com\/es\/venta-de-arte-permanente-en-punta-minitas-34\/#article","isPartOf":{"@id":"https:\/\/casadecampoliving.com\/es\/venta-de-arte-permanente-en-punta-minitas-34\/"},"author":{"name":"Perkin Agramonte","@id":"https:\/\/casadecampoliving.com\/es\/#\/schema\/person\/c8efa6049510554b7d5fea078d728f72"},"headline":"Venta de arte permanente en Punta Minitas 34","datePublished":"2015-04-14T04:00:00+00:00","dateModified":"2022-10-21T22:58:02+00:00","mainEntityOfPage":{"@id":"https:\/\/casadecampoliving.com\/es\/venta-de-arte-permanente-en-punta-minitas-34\/"},"wordCount":251,"publisher":{"@id":"https:\/\/casadecampoliving.com\/es\/#organization"},"image":{"@id":"https:\/\/casadecampoliving.com\/es\/venta-de-arte-permanente-en-punta-minitas-34\/#primaryimage"},"thumbnailUrl":"https:\/\/i0.wp.com\/casadecampoliving.com\/wp-content\/uploads\/2022\/10\/candido_Bido-1.jpg?fit=250%2C350&ssl=1","keywords":["casa de campo @es","Casa de Campo Community @es","Casa de Campo Living","casa de campo resort @es","punta minitas 34 @es","Venta de Arte"],"articleSection":["Arte y cultura","Casa de Campo Living @es","CCL presenta","Estilo de Vida","Fundaciones","Noticias Locales","Rep\u00fablica Dominicana @es","Resort Casa de Campo"],"inLanguage":"es"},{"@type":"WebPage","@id":"https:\/\/casadecampoliving.com\/es\/venta-de-arte-permanente-en-punta-minitas-34\/","url":"https:\/\/casadecampoliving.com\/es\/venta-de-arte-permanente-en-punta-minitas-34\/","name":"Venta de arte permanente en Punta Minitas 34 | Casa de Campo Living","isPartOf":{"@id":"https:\/\/casadecampoliving.com\/es\/#website"},"primaryImageOfPage":{"@id":"https:\/\/casadecampoliving.com\/es\/venta-de-arte-permanente-en-punta-minitas-34\/#primaryimage"},"image":{"@id":"https:\/\/casadecampoliving.com\/es\/venta-de-arte-permanente-en-punta-minitas-34\/#primaryimage"},"thumbnailUrl":"https:\/\/i0.wp.com\/casadecampoliving.com\/wp-content\/uploads\/2022\/10\/candido_Bido-1.jpg?fit=250%2C350&ssl=1","datePublished":"2015-04-14T04:00:00+00:00","dateModified":"2022-10-21T22:58:02+00:00","description":"En los \u00faltimos meses se han estado llevando a cabo ventas ocasionales de obras de arte en Punta Minitas 34&nbsp;en beneficio de la Escuela de&nbsp;Dise\u00f1o","breadcrumb":{"@id":"https:\/\/casadecampoliving.com\/es\/venta-de-arte-permanente-en-punta-minitas-34\/#breadcrumb"},"inLanguage":"es","potentialAction":[{"@type":"ReadAction","target":["https:\/\/casadecampoliving.com\/es\/venta-de-arte-permanente-en-punta-minitas-34\/"]}]},{"@type":"ImageObject","inLanguage":"es","@id":"https:\/\/casadecampoliving.com\/es\/venta-de-arte-permanente-en-punta-minitas-34\/#primaryimage","url":"https:\/\/i0.wp.com\/casadecampoliving.com\/wp-content\/uploads\/2022\/10\/candido_Bido-1.jpg?fit=250%2C350&ssl=1","contentUrl":"https:\/\/i0.wp.com\/casadecampoliving.com\/wp-content\/uploads\/2022\/10\/candido_Bido-1.jpg?fit=250%2C350&ssl=1","width":250,"height":350,"caption":"Candido Bido"},{"@type":"BreadcrumbList","@id":"https:\/\/casadecampoliving.com\/es\/venta-de-arte-permanente-en-punta-minitas-34\/#breadcrumb","itemListElement":[{"@type":"ListItem","position":1,"name":"Home","item":"https:\/\/casadecampoliving.com\/es\/"},{"@type":"ListItem","position":2,"name":"Venta de arte permanente en Punta Minitas 34"}]},{"@type":"WebSite","@id":"https:\/\/casadecampoliving.com\/es\/#website","url":"https:\/\/casadecampoliving.com\/es\/","name":"Casa de Campo Living","description":"Resort community news and resources.","publisher":{"@id":"https:\/\/casadecampoliving.com\/es\/#organization"},"potentialAction":[{"@type":"SearchAction","target":{"@type":"EntryPoint","urlTemplate":"https:\/\/casadecampoliving.com\/es\/?s={search_term_string}"},"query-input":{"@type":"PropertyValueSpecification","valueRequired":true,"valueName":"search_term_string"}}],"inLanguage":"es"},{"@type":"Organization","@id":"https:\/\/casadecampoliving.com\/es\/#organization","name":"Casa de Campo Living","url":"https:\/\/casadecampoliving.com\/es\/","logo":{"@type":"ImageObject","inLanguage":"es","@id":"https:\/\/casadecampoliving.com\/es\/#\/schema\/logo\/image\/","url":"https:\/\/i0.wp.com\/casadecampoliving.com\/wp-content\/uploads\/2022\/07\/CDCLivingLogo_V1-white-sized.png?fit=800%2C214&ssl=1","contentUrl":"https:\/\/i0.wp.com\/casadecampoliving.com\/wp-content\/uploads\/2022\/07\/CDCLivingLogo_V1-white-sized.png?fit=800%2C214&ssl=1","width":800,"height":214,"caption":"Casa de Campo Living"},"image":{"@id":"https:\/\/casadecampoliving.com\/es\/#\/schema\/logo\/image\/"},"sameAs":["https:\/\/www.facebook.com\/casadecampoliving","https:\/\/x.com\/cdcliving"]},{"@type":"Person","@id":"https:\/\/casadecampoliving.com\/es\/#\/schema\/person\/c8efa6049510554b7d5fea078d728f72","name":"Perkin Agramonte","image":{"@type":"ImageObject","inLanguage":"es","@id":"https:\/\/secure.gravatar.com\/avatar\/57bfdafcae55fb83dbb79a1585a9eab7f269b7720fb0b64cb9a4e0cd2962fa10?s=96&d=mm&r=g","url":"https:\/\/secure.gravatar.com\/avatar\/57bfdafcae55fb83dbb79a1585a9eab7f269b7720fb0b64cb9a4e0cd2962fa10?s=96&d=mm&r=g","contentUrl":"https:\/\/secure.gravatar.com\/avatar\/57bfdafcae55fb83dbb79a1585a9eab7f269b7720fb0b64cb9a4e0cd2962fa10?s=96&d=mm&r=g","caption":"Perkin Agramonte"},"url":"https:\/\/casadecampoliving.com\/es\/author\/cagramonte\/"}]}},"parsely":{"version":"1.1.0","canonical_url":"https:\/\/casadecampoliving.com\/es\/venta-de-arte-permanente-en-punta-minitas-34\/","smart_links":{"inbound":0,"outbound":0},"traffic_boost_suggestions_count":0,"meta":{"@context":"https:\/\/schema.org","@type":"NewsArticle","headline":"Venta de arte permanente en Punta Minitas 34","url":"http:\/\/casadecampoliving.com\/es\/venta-de-arte-permanente-en-punta-minitas-34\/","mainEntityOfPage":{"@type":"WebPage","@id":"http:\/\/casadecampoliving.com\/es\/venta-de-arte-permanente-en-punta-minitas-34\/"},"thumbnailUrl":"https:\/\/i0.wp.com\/casadecampoliving.com\/wp-content\/uploads\/2022\/10\/candido_Bido-1.jpg?resize=150%2C150&ssl=1","image":{"@type":"ImageObject","url":"https:\/\/i0.wp.com\/casadecampoliving.com\/wp-content\/uploads\/2022\/10\/candido_Bido-1.jpg?fit=250%2C350&ssl=1"},"articleSection":"Arte y cultura","author":[{"@type":"Person","name":"Perkin Agramonte"}],"creator":["Perkin Agramonte"],"publisher":{"@type":"Organization","name":"Casa de Campo Living","logo":"https:\/\/casadecampoliving.com\/wp-content\/uploads\/2022\/07\/CDCLivingLogo_V1-white-sized.png"},"keywords":["casa de campo @es","casa de campo community @es","casa de campo living","casa de campo resort @es","punta minitas 34 @es","venta de arte"],"dateCreated":"2015-04-14T04:00:00Z","datePublished":"2015-04-14T04:00:00Z","dateModified":"2022-10-21T22:58:02Z"},"rendered":"<script type=\"application\/ld+json\" class=\"wp-parsely-metadata\">{\"@context\":\"https:\\\/\\\/schema.org\",\"@type\":\"NewsArticle\",\"headline\":\"Venta de arte permanente en Punta Minitas 34\",\"url\":\"http:\\\/\\\/casadecampoliving.com\\\/es\\\/venta-de-arte-permanente-en-punta-minitas-34\\\/\",\"mainEntityOfPage\":{\"@type\":\"WebPage\",\"@id\":\"http:\\\/\\\/casadecampoliving.com\\\/es\\\/venta-de-arte-permanente-en-punta-minitas-34\\\/\"},\"thumbnailUrl\":\"https:\\\/\\\/i0.wp.com\\\/casadecampoliving.com\\\/wp-content\\\/uploads\\\/2022\\\/10\\\/candido_Bido-1.jpg?resize=150%2C150&ssl=1\",\"image\":{\"@type\":\"ImageObject\",\"url\":\"https:\\\/\\\/i0.wp.com\\\/casadecampoliving.com\\\/wp-content\\\/uploads\\\/2022\\\/10\\\/candido_Bido-1.jpg?fit=250%2C350&ssl=1\"},\"articleSection\":\"Arte y cultura\",\"author\":[{\"@type\":\"Person\",\"name\":\"Perkin Agramonte\"}],\"creator\":[\"Perkin Agramonte\"],\"publisher\":{\"@type\":\"Organization\",\"name\":\"Casa de Campo Living\",\"logo\":\"https:\\\/\\\/casadecampoliving.com\\\/wp-content\\\/uploads\\\/2022\\\/07\\\/CDCLivingLogo_V1-white-sized.png\"},\"keywords\":[\"casa de campo @es\",\"casa de campo community @es\",\"casa de campo living\",\"casa de campo resort @es\",\"punta minitas 34 @es\",\"venta de arte\"],\"dateCreated\":\"2015-04-14T04:00:00Z\",\"datePublished\":\"2015-04-14T04:00:00Z\",\"dateModified\":\"2022-10-21T22:58:02Z\"}<\/script>","tracker_url":"https:\/\/cdn.parsely.com\/keys\/casadecampoliving.com\/p.js"},"jetpack_publicize_connections":[],"jetpack_featured_media_url":"https:\/\/i0.wp.com\/casadecampoliving.com\/wp-content\/uploads\/2022\/10\/candido_Bido-1.jpg?fit=250%2C350&ssl=1","jetpack-related-posts":[{"id":346966,"url":"https:\/\/casadecampoliving.com\/es\/venta-de-arte-benefica-punta-minitas-34\/","url_meta":{"origin":347217,"position":0},"title":"Venta de arte ben\u00e9fica este viernes y domingo en Punta Minitas #34","author":"Rebecca Silvestri","date":"17 Mar, 2015","format":false,"excerpt":"Justo acabando de disfrutar el magnifico evento Art Chav\u00f3n el viernes pasado en beneficio de La Escuela de Dise\u00f1o de Altos de Chav\u00f3n, le traemos otra oportunidad para ayudar a La Escuela y para mejorar su colecci\u00f3n de arte. Una venta de arte en beneficio de la Escuela de\u00a0Dise\u00f1o de\u2026","rel":"","context":"En \u00abAltos de Chavon @es\u00bb","block_context":{"text":"Altos de Chavon @es","link":"https:\/\/casadecampoliving.com\/category\/altos-de-chavon-es\/"},"img":{"alt_text":"Punta Minitas 34 Casa de Campo","src":"https:\/\/i0.wp.com\/casadecampoliving.com\/wp-content\/uploads\/2022\/10\/Punta_Minitas_34_Casa_de_Campo-1.jpg?fit=630%2C420&ssl=1&resize=350%2C200","width":350,"height":200,"srcset":"https:\/\/i0.wp.com\/casadecampoliving.com\/wp-content\/uploads\/2022\/10\/Punta_Minitas_34_Casa_de_Campo-1.jpg?fit=630%2C420&ssl=1&resize=350%2C200 1x, https:\/\/i0.wp.com\/casadecampoliving.com\/wp-content\/uploads\/2022\/10\/Punta_Minitas_34_Casa_de_Campo-1.jpg?fit=630%2C420&ssl=1&resize=525%2C300 1.5x"},"classes":[]},{"id":347193,"url":"https:\/\/casadecampoliving.com\/es\/venta-de-arte-benefica-este-domingo-en-punta-minitas-34\/","url_meta":{"origin":347217,"position":1},"title":"Venta de arte ben\u00e9fica este domingo en Punta Minitas 34","author":"Rebecca Silvestri","date":"10 Abr, 2015","format":false,"excerpt":"Este domingo 12 de abril les invitamos a una venta de arte en beneficio de la Escuela de\u00a0Dise\u00f1o de Altos de Chav\u00f3n en una de las villas m\u00e1s extraordinarias de Casa de Campo \u2013 Punta Minitas #34. La venta ofrece trabajos de importantes artistas dominicanos incluyendo a C\u00e1ndido Bid\u00f3, Antonio\u2026","rel":"","context":"En \u00abAltos de Chavon @es\u00bb","block_context":{"text":"Altos de Chavon @es","link":"https:\/\/casadecampoliving.com\/category\/altos-de-chavon-es\/"},"img":{"alt_text":"Candido Bido","src":"https:\/\/i0.wp.com\/casadecampoliving.com\/wp-content\/uploads\/2022\/10\/candido_Bido2.jpg?fit=650%2C489&ssl=1&resize=350%2C200","width":350,"height":200,"srcset":"https:\/\/i0.wp.com\/casadecampoliving.com\/wp-content\/uploads\/2022\/10\/candido_Bido2.jpg?fit=650%2C489&ssl=1&resize=350%2C200 1x, https:\/\/i0.wp.com\/casadecampoliving.com\/wp-content\/uploads\/2022\/10\/candido_Bido2.jpg?fit=650%2C489&ssl=1&resize=525%2C300 1.5x"},"classes":[]},{"id":346861,"url":"https:\/\/casadecampoliving.com\/es\/venta-de-arte-punta-minitas-escuela-de-diseno-altos-de-chavon\/","url_meta":{"origin":347217,"position":2},"title":"Venta de arte en Punta Minitas a beneficio de la Escuela de Dise\u00f1o de Altos de Chav\u00f3n","author":"Rebecca Silvestri","date":"2 Mar, 2015","format":false,"excerpt":"Atenci\u00f3n aficionados al arte: complazcan su pasi\u00f3n este domingo 8 de marzo, en una venta de arte que beneficia a La Escuela de Dise\u00f1o de Altos de Chav\u00f3n. La venta, en la villa Punta Minitas 34, Casa de Campo, ofrece obras de artistas dominicanos importantes, incluyendo \u00a0C\u00e1ndido Bid\u00f3, Antonio Prats-Ventos\u2026","rel":"","context":"En \u00abAltos de Chavon @es\u00bb","block_context":{"text":"Altos de Chavon @es","link":"https:\/\/casadecampoliving.com\/category\/altos-de-chavon-es\/"},"img":{"alt_text":"punta minitas 34","src":"https:\/\/i0.wp.com\/casadecampoliving.com\/wp-content\/uploads\/2022\/10\/punta_minitas_34-1.jpg?fit=650%2C406&ssl=1&resize=350%2C200","width":350,"height":200,"srcset":"https:\/\/i0.wp.com\/casadecampoliving.com\/wp-content\/uploads\/2022\/10\/punta_minitas_34-1.jpg?fit=650%2C406&ssl=1&resize=350%2C200 1x, https:\/\/i0.wp.com\/casadecampoliving.com\/wp-content\/uploads\/2022\/10\/punta_minitas_34-1.jpg?fit=650%2C406&ssl=1&resize=525%2C300 1.5x"},"classes":[]},{"id":347151,"url":"https:\/\/casadecampoliving.com\/es\/punta-minitas-34-cafe-de-la-leche\/","url_meta":{"origin":347217,"position":3},"title":"Caf\u00e9 de la Leche y Venta de Arte en Punta Minitas 34","author":"Rebecca Silvestri","date":"7 Abr, 2015","format":false,"excerpt":"\u00a1Damas y caballeros, les tenemos una\u00a0nueva invitaci\u00f3n! No solamente\u00a0el Caf\u00e9 de la Leche se celebrar\u00e1\u00a0el 10 de abril, sino que tambi\u00e9n ser\u00e1 en una de las villas m\u00e1s incre\u00edbles de Casa de Campo - \u00a1Punta Minitas 34! Y para aquellos de ustedes que piensan que ya han visto Punta Minitas\u2026","rel":"","context":"En \u00abM\u00e1s all\u00e1 de Casa\u00bb","block_context":{"text":"M\u00e1s all\u00e1 de Casa","link":"https:\/\/casadecampoliving.com\/es\/category\/mas-alla-de-casa-es\/"},"img":{"alt_text":"Caf\u00e9 de la Leche Punta Minitas 34 Headrer","src":"https:\/\/i0.wp.com\/casadecampoliving.com\/wp-content\/uploads\/2022\/10\/Cafe_de_la_Leche_Punta_Minitas_10-1.jpg?fit=650%2C433&ssl=1&resize=350%2C200","width":350,"height":200,"srcset":"https:\/\/i0.wp.com\/casadecampoliving.com\/wp-content\/uploads\/2022\/10\/Cafe_de_la_Leche_Punta_Minitas_10-1.jpg?fit=650%2C433&ssl=1&resize=350%2C200 1x, https:\/\/i0.wp.com\/casadecampoliving.com\/wp-content\/uploads\/2022\/10\/Cafe_de_la_Leche_Punta_Minitas_10-1.jpg?fit=650%2C433&ssl=1&resize=525%2C300 1.5x"},"classes":[]},{"id":342035,"url":"https:\/\/casadecampoliving.com\/es\/punta-minitas-34-la-primera-propiedad-dominicana-que-aparece-en-la-portada-de-la-revista-christies\/","url_meta":{"origin":347217,"position":4},"title":"Punta Minitas 34, la primera propiedad dominicana que aparece en la portada de la revista Christie\u00b4s","author":"Mairobi Herrera","date":"21 Jun, 2013","format":false,"excerpt":"Felicitaciones a Punta Minitas #34, una preciosa villa con vista al oc\u00e9ano en Casa de Campo, que acaba de convertirse en la primera propiedad dominicana en aparecer en la portada de la revista inmobiliaria internacional Christie\u00b4s. Punta Minitas # 34, es catalogada como una \u201cun lugar palaciego en la Rep\u00fablica\u2026","rel":"","context":"En \u00abArte y cultura\u00bb","block_context":{"text":"Arte y cultura","link":"https:\/\/casadecampoliving.com\/category\/arte-y-cultura\/"},"img":{"alt_text":"punta minitas 34","src":"https:\/\/i0.wp.com\/casadecampoliving.com\/wp-content\/uploads\/2022\/10\/punta_minitas_34-4.jpg?fit=650%2C367&ssl=1&resize=350%2C200","width":350,"height":200,"srcset":"https:\/\/i0.wp.com\/casadecampoliving.com\/wp-content\/uploads\/2022\/10\/punta_minitas_34-4.jpg?fit=650%2C367&ssl=1&resize=350%2C200 1x, https:\/\/i0.wp.com\/casadecampoliving.com\/wp-content\/uploads\/2022\/10\/punta_minitas_34-4.jpg?fit=650%2C367&ssl=1&resize=525%2C300 1.5x"},"classes":[]},{"id":347030,"url":"https:\/\/casadecampoliving.com\/es\/open-house-en-punta-minitas-34-este-fin-de-semana\/","url_meta":{"origin":347217,"position":5},"title":"Open House en Punta Minitas 34 este fin de semana","author":"Perkin Agramonte","date":"26 Mar, 2015","format":false,"excerpt":"Est\u00e1n cordialmente invitados a un evento Open House de Bienes Ra\u00edces en la villa de Casa de Campo, la legendaria Punta Minitas #34, el s\u00e1bado 28 y el domingo 29 de marzo del 2015, desde las 10am hasta las 5pm. Esta extraordinaria\u00a0villa frente al mar de Casa de Campo, la\u2026","rel":"","context":"En \u00abBienes raices Casa de Campo\u00bb","block_context":{"text":"Bienes raices Casa de Campo","link":"https:\/\/casadecampoliving.com\/es\/category\/bienes-raices-casa-de-campo-es\/"},"img":{"alt_text":"Punta Minitas 34, Casa de Campo","src":"https:\/\/i0.wp.com\/casadecampoliving.com\/wp-content\/uploads\/2022\/10\/Punta_Minitas_34_Casa_de_Campo-3.jpg?fit=1024%2C682&ssl=1&resize=350%2C200","width":350,"height":200,"srcset":"https:\/\/i0.wp.com\/casadecampoliving.com\/wp-content\/uploads\/2022\/10\/Punta_Minitas_34_Casa_de_Campo-3.jpg?fit=1024%2C682&ssl=1&resize=350%2C200 1x, https:\/\/i0.wp.com\/casadecampoliving.com\/wp-content\/uploads\/2022\/10\/Punta_Minitas_34_Casa_de_Campo-3.jpg?fit=1024%2C682&ssl=1&resize=525%2C300 1.5x, https:\/\/i0.wp.com\/casadecampoliving.com\/wp-content\/uploads\/2022\/10\/Punta_Minitas_34_Casa_de_Campo-3.jpg?fit=1024%2C682&ssl=1&resize=700%2C400 2x"},"classes":[]}],"jetpack_sharing_enabled":true,"_links":{"self":[{"href":"https:\/\/casadecampoliving.com\/es\/wp-json\/wp\/v2\/posts\/347217","targetHints":{"allow":["GET"]}}],"collection":[{"href":"https:\/\/casadecampoliving.com\/es\/wp-json\/wp\/v2\/posts"}],"about":[{"href":"https:\/\/casadecampoliving.com\/es\/wp-json\/wp\/v2\/types\/post"}],"author":[{"embeddable":true,"href":"https:\/\/casadecampoliving.com\/es\/wp-json\/wp\/v2\/users\/1097"}],"replies":[{"embeddable":true,"href":"https:\/\/casadecampoliving.com\/es\/wp-json\/wp\/v2\/comments?post=347217"}],"version-history":[{"count":1,"href":"https:\/\/casadecampoliving.com\/es\/wp-json\/wp\/v2\/posts\/347217\/revisions"}],"predecessor-version":[{"id":347218,"href":"https:\/\/casadecampoliving.com\/es\/wp-json\/wp\/v2\/posts\/347217\/revisions\/347218"}],"wp:featuredmedia":[{"embeddable":true,"href":"https:\/\/casadecampoliving.com\/es\/wp-json\/wp\/v2\/media\/292374"}],"wp:attachment":[{"href":"https:\/\/casadecampoliving.com\/es\/wp-json\/wp\/v2\/media?parent=347217"}],"wp:term":[{"taxonomy":"category","embeddable":true,"href":"https:\/\/casadecampoliving.com\/es\/wp-json\/wp\/v2\/categories?post=347217"},{"taxonomy":"post_tag","embeddable":true,"href":"https:\/\/casadecampoliving.com\/es\/wp-json\/wp\/v2\/tags?post=347217"},{"taxonomy":"newspack_spnsrs_tax","embeddable":true,"href":"https:\/\/casadecampoliving.com\/es\/wp-json\/wp\/v2\/newspack_spnsrs_tax?post=347217"}],"curies":[{"name":"wp","href":"https:\/\/api.w.org\/{rel}","templated":true}]}}